{"id":59998,"date":"2024-02-29T14:13:55","date_gmt":"2024-02-29T13:13:55","guid":{"rendered":"https:\/\/dorogimedence.hu\/?p=59998"},"modified":"2024-02-29T14:13:55","modified_gmt":"2024-02-29T13:13:55","slug":"rendkivuli-kemiaoran-vettek-reszt-a-zrinyi-iskolasok","status":"publish","type":"post","link":"https:\/\/dorogimedence.hu\/index.php\/2024\/02\/29\/rendkivuli-kemiaoran-vettek-reszt-a-zrinyi-iskolasok\/","title":{"rendered":"Rendk\u00edv\u00fcli k\u00e9mia\u00f3r\u00e1n vettek r\u00e9szt a Zr\u00ednyi iskol\u00e1sok"},"content":{"rendered":"<p><strong>Febru\u00e1r 27-\u00e9n l\u00e1tv\u00e1nyos k\u00e9miai k\u00eds\u00e9rletek r\u00e9sztvev\u0151i \u00e9s szemtan\u00fai lehettek a dorogi Zr\u00ednyi iskola 1.b oszt\u00e1ly\u00e1nak kisdi\u00e1kjai. A k\u00e9mia\u00f3r\u00e1t ez\u00fattal Pilling D\u00e1vid, a Richter Gedeon Nyrt. dorogi gy\u00e1regys\u00e9g\u00e9nek \u00fczemvezet\u0151-helyettese tartotta.<\/strong><\/p>\n<p><img fetchpriority=\"high\" decoding=\"async\" class=\"alignnone size-full wp-image-60000\" src=\"https:\/\/dorogimedence.hu\/wp-content\/uploads\/2024\/02\/IMG_7525.jpg\" alt=\"\" width=\"1920\" height=\"1280\" srcset=\"https:\/\/dorogimedence.hu\/wp-content\/uploads\/2024\/02\/IMG_7525.jpg 1920w, https:\/\/dorogimedence.hu\/wp-content\/uploads\/2024\/02\/IMG_7525-600x400.jpg 600w, https:\/\/dorogimedence.hu\/wp-content\/uploads\/2024\/02\/IMG_7525-768x512.jpg 768w, https:\/\/dorogimedence.hu\/wp-content\/uploads\/2024\/02\/IMG_7525-1536x1024.jpg 1536w, https:\/\/dorogimedence.hu\/wp-content\/uploads\/2024\/02\/IMG_7525-150x100.jpg 150w, https:\/\/dorogimedence.hu\/wp-content\/uploads\/2024\/02\/IMG_7525-450x300.jpg 450w, https:\/\/dorogimedence.hu\/wp-content\/uploads\/2024\/02\/IMG_7525-1200x800.jpg 1200w, https:\/\/dorogimedence.hu\/wp-content\/uploads\/2024\/02\/IMG_7525-272x182.jpg 272w\" sizes=\"(max-width: 1920px) 100vw, 1920px\" \/><\/p>\n<p>Az oszt\u00e1lyt vezet\u0151 pedag\u00f3gus, Kov\u00e1cs Kl\u00e1ra azzal a k\u00e9r\u00e9ssel fordult a Richter dorogi gy\u00e1r\u00e1nak vezet\u00e9s\u00e9hez, hogy m\u0171k\u00f6djenek egy\u00fctt egy rendk\u00edv\u00fcli k\u00e9mia\u00f3ra megtart\u00e1s\u00e1ban, ami \u00e1ltal a kisiskol\u00e1sok megismerkedhetnek a term\u00e9szettudom\u00e1nyok \u00e9s a k\u00e9mia var\u00e1szlatos vil\u00e1g\u00e1val.<\/p>\n<p><img decoding=\"async\" class=\"alignnone size-full wp-image-60001\" src=\"https:\/\/dorogimedence.hu\/wp-content\/uploads\/2024\/02\/IMG_7539.jpg\" alt=\"\" width=\"1920\" height=\"1280\" srcset=\"https:\/\/dorogimedence.hu\/wp-content\/uploads\/2024\/02\/IMG_7539.jpg 1920w, https:\/\/dorogimedence.hu\/wp-content\/uploads\/2024\/02\/IMG_7539-600x400.jpg 600w, https:\/\/dorogimedence.hu\/wp-content\/uploads\/2024\/02\/IMG_7539-768x512.jpg 768w, https:\/\/dorogimedence.hu\/wp-content\/uploads\/2024\/02\/IMG_7539-1536x1024.jpg 1536w, https:\/\/dorogimedence.hu\/wp-content\/uploads\/2024\/02\/IMG_7539-150x100.jpg 150w, https:\/\/dorogimedence.hu\/wp-content\/uploads\/2024\/02\/IMG_7539-450x300.jpg 450w, https:\/\/dorogimedence.hu\/wp-content\/uploads\/2024\/02\/IMG_7539-1200x800.jpg 1200w, https:\/\/dorogimedence.hu\/wp-content\/uploads\/2024\/02\/IMG_7539-272x182.jpg 272w\" sizes=\"(max-width: 1920px) 100vw, 1920px\" \/><\/p>\n<p>A Pilling D\u00e1vid vegy\u00e9szm\u00e9rn\u00f6k \u00e1ltal bemutatott, mes\u00e9k \u00e9s filmek ismert mot\u00edvumaira \u00e9p\u00fcl\u0151 k\u00eds\u00e9rletekben a gyerekek is k\u00f6zrem\u0171k\u00f6dtek. A bemutat\u00f3 sor\u00e1n a hirtelen sz\u00ednv\u00e1ltoz\u00e1sokt\u00f3l a l\u00e1ngokon \u00e1t a g\u0151zfelh\u0151kig \u00e9s hangeffektusokig a k\u00e9mia minden l\u00e1tv\u00e1nyos eleme felvonult. A rendk\u00edv\u00fcli produkci\u00f3t a kisdi\u00e1kok tapssal, csillog\u00f3 szemekkel \u00e9s \u00f6r\u00f6mki\u00e1lt\u00e1sokkal honor\u00e1lt\u00e1k. Az \u00f3ra v\u00e9g\u00e9n a Richter vezet\u0151je \u00e1ltal feltett k\u00e9rd\u00e9sre, miszerint \u201e<em>Ki szeretne vegy\u00e9sz lenni?<\/em>\u201d, a kisdi\u00e1kok nagy t\u00f6bbs\u00e9ge jelentkez\u00e9ssel v\u00e1laszolt.<\/p>\n<p><img decoding=\"async\" class=\"alignnone size-full wp-image-60002\" src=\"https:\/\/dorogimedence.hu\/wp-content\/uploads\/2024\/02\/IMG_7543.jpg\" alt=\"\" width=\"1920\" height=\"1280\" srcset=\"https:\/\/dorogimedence.hu\/wp-content\/uploads\/2024\/02\/IMG_7543.jpg 1920w, https:\/\/dorogimedence.hu\/wp-content\/uploads\/2024\/02\/IMG_7543-600x400.jpg 600w, https:\/\/dorogimedence.hu\/wp-content\/uploads\/2024\/02\/IMG_7543-768x512.jpg 768w, https:\/\/dorogimedence.hu\/wp-content\/uploads\/2024\/02\/IMG_7543-1536x1024.jpg 1536w, https:\/\/dorogimedence.hu\/wp-content\/uploads\/2024\/02\/IMG_7543-150x100.jpg 150w, https:\/\/dorogimedence.hu\/wp-content\/uploads\/2024\/02\/IMG_7543-450x300.jpg 450w, https:\/\/dorogimedence.hu\/wp-content\/uploads\/2024\/02\/IMG_7543-1200x800.jpg 1200w, https:\/\/dorogimedence.hu\/wp-content\/uploads\/2024\/02\/IMG_7543-272x182.jpg 272w\" sizes=\"(max-width: 1920px) 100vw, 1920px\" \/><\/p>\n<p>A k\u00f6vetkez\u0151, rendk\u00edv\u00fcli k\u00e9mia\u00f3r\u00e1ra az dorogi E\u00f6tv\u00f6s iskol\u00e1ban ker\u00fcl sor. A Richter dorogi gy\u00e1regys\u00e9g\u00e9nek vezet\u00e9se \u2013 lehet\u0151s\u00e9geihez m\u00e9rten \u2013 minden hasonl\u00f3 k\u00e9r\u00e9snek igyekszik eleget tenni a t\u00e9rs\u00e9g iskol\u00e1iban.<\/p>\n<p><img loading=\"lazy\" decoding=\"async\" class=\"alignnone size-full wp-image-60003\" src=\"https:\/\/dorogimedence.hu\/wp-content\/uploads\/2024\/02\/IMG_7522.jpg\" alt=\"\" width=\"1920\" height=\"1280\" srcset=\"https:\/\/dorogimedence.hu\/wp-content\/uploads\/2024\/02\/IMG_7522.jpg 1920w, https:\/\/dorogimedence.hu\/wp-content\/uploads\/2024\/02\/IMG_7522-600x400.jpg 600w, https:\/\/dorogimedence.hu\/wp-content\/uploads\/2024\/02\/IMG_7522-768x512.jpg 768w, https:\/\/dorogimedence.hu\/wp-content\/uploads\/2024\/02\/IMG_7522-1536x1024.jpg 1536w, https:\/\/dorogimedence.hu\/wp-content\/uploads\/2024\/02\/IMG_7522-150x100.jpg 150w, https:\/\/dorogimedence.hu\/wp-content\/uploads\/2024\/02\/IMG_7522-450x300.jpg 450w, https:\/\/dorogimedence.hu\/wp-content\/uploads\/2024\/02\/IMG_7522-1200x800.jpg 1200w, https:\/\/dorogimedence.hu\/wp-content\/uploads\/2024\/02\/IMG_7522-272x182.jpg 272w\" sizes=\"(max-width: 1920px) 100vw, 1920px\" \/><\/p>\n","protected":false},"excerpt":{"rendered":"<p>Febru\u00e1r 27-\u00e9n l\u00e1tv\u00e1nyos k\u00e9miai k\u00eds\u00e9rletek r\u00e9sztvev\u0151i \u00e9s szemtan\u00fai lehettek a dorogi Zr\u00ednyi iskola 1.b oszt\u00e1ly\u00e1nak kisdi\u00e1kjai. A k\u00e9mia\u00f3r\u00e1t ez\u00fattal Pilling D\u00e1vid, a Richter Gedeon Nyrt. dorogi gy\u00e1regys\u00e9g\u00e9nek \u00fczemvezet\u0151-helyettese tartotta. Az oszt\u00e1lyt vezet\u0151 pedag\u00f3gus, Kov\u00e1cs Kl\u00e1ra azzal a k\u00e9r\u00e9ssel fordult a Richter dorogi gy\u00e1r\u00e1nak vezet\u00e9s\u00e9hez, hogy m\u0171k\u00f6djenek egy\u00fctt egy rendk\u00edv\u00fcli k\u00e9mia\u00f3ra megtart\u00e1s\u00e1ban, ami \u00e1ltal a kisiskol\u00e1sok<\/p>\n","protected":false},"author":1,"featured_media":59999,"comment_status":"closed","ping_status":"closed","sticky":false,"template":"","format":"standard","meta":{"ngg_post_thumbnail":0,"footnotes":""},"categories":[2,3],"tags":[2050,5624,7726,7725,4060,417,1002],"class_list":{"0":"post-59998","1":"post","2":"type-post","3":"status-publish","4":"format-standard","5":"has-post-thumbnail","7":"category-dorog","8":"category-hirek","9":"tag-diakok","10":"tag-featured","11":"tag-kemia-ora","12":"tag-kiserlet","13":"tag-richter","14":"tag-richter-gedeon","15":"tag-zrinyi-iskola"},"yoast_head":"<!-- This site is optimized with the Yoast SEO plugin v27.4 - https:\/\/yoast.com\/product\/yoast-seo-wordpress\/ -->\n<title>Rendk\u00edv\u00fcli k\u00e9mia\u00f3r\u00e1n vettek r\u00e9szt a Zr\u00ednyi iskol\u00e1sok<\/title>\n<meta name=\"robots\" content=\"index, follow, max-snippet:-1, max-image-preview:large, max-video-preview:-1\" \/>\n<link rel=\"canonical\" href=\"https:\/\/dorogimedence.hu\/index.php\/2024\/02\/29\/rendkivuli-kemiaoran-vettek-reszt-a-zrinyi-iskolasok\/\" class=\"yoast-seo-meta-tag\" \/>\n<meta property=\"og:locale\" content=\"hu_HU\" class=\"yoast-seo-meta-tag\" \/>\n<meta property=\"og:type\" content=\"article\" class=\"yoast-seo-meta-tag\" \/>\n<meta property=\"og:title\" content=\"Rendk\u00edv\u00fcli k\u00e9mia\u00f3r\u00e1n vettek r\u00e9szt a Zr\u00ednyi iskol\u00e1sok\" class=\"yoast-seo-meta-tag\" \/>\n<meta property=\"og:description\" content=\"Febru\u00e1r 27-\u00e9n l\u00e1tv\u00e1nyos k\u00e9miai k\u00eds\u00e9rletek r\u00e9sztvev\u0151i \u00e9s szemtan\u00fai lehettek a dorogi Zr\u00ednyi iskola 1.b oszt\u00e1ly\u00e1nak kisdi\u00e1kjai. A k\u00e9mia\u00f3r\u00e1t ez\u00fattal Pilling D\u00e1vid, a Richter Gedeon Nyrt. dorogi gy\u00e1regys\u00e9g\u00e9nek \u00fczemvezet\u0151-helyettese tartotta. Az oszt\u00e1lyt vezet\u0151 pedag\u00f3gus, Kov\u00e1cs Kl\u00e1ra azzal a k\u00e9r\u00e9ssel fordult a Richter dorogi gy\u00e1r\u00e1nak vezet\u00e9s\u00e9hez, hogy m\u0171k\u00f6djenek egy\u00fctt egy rendk\u00edv\u00fcli k\u00e9mia\u00f3ra megtart\u00e1s\u00e1ban, ami \u00e1ltal a kisiskol\u00e1sok\" class=\"yoast-seo-meta-tag\" \/>\n<meta property=\"og:url\" content=\"https:\/\/dorogimedence.hu\/index.php\/2024\/02\/29\/rendkivuli-kemiaoran-vettek-reszt-a-zrinyi-iskolasok\/\" class=\"yoast-seo-meta-tag\" \/>\n<meta property=\"og:site_name\" content=\"Dorogi-medence Region\u00e1lis H\u00edrport\u00e1l\" class=\"yoast-seo-meta-tag\" \/>\n<meta property=\"article:publisher\" content=\"https:\/\/www.facebook.com\/dorogimedence\/\" class=\"yoast-seo-meta-tag\" \/>\n<meta property=\"article:published_time\" content=\"2024-02-29T13:13:55+00:00\" class=\"yoast-seo-meta-tag\" \/>\n<meta property=\"og:image\" content=\"https:\/\/dorogimedence.hu\/wp-content\/uploads\/2024\/02\/IMG_7532.jpg\" class=\"yoast-seo-meta-tag\" \/>\n\t<meta property=\"og:image:width\" content=\"1920\" class=\"yoast-seo-meta-tag\" \/>\n\t<meta property=\"og:image:height\" content=\"1280\" class=\"yoast-seo-meta-tag\" \/>\n\t<meta property=\"og:image:type\" content=\"image\/jpeg\" class=\"yoast-seo-meta-tag\" \/>\n<meta name=\"author\" content=\"dorogimedence.hu\" class=\"yoast-seo-meta-tag\" \/>\n<meta name=\"twitter:card\" content=\"summary_large_image\" class=\"yoast-seo-meta-tag\" \/>\n<meta name=\"twitter:label1\" content=\"Szerz\u0151:\" class=\"yoast-seo-meta-tag\" \/>\n\t<meta name=\"twitter:data1\" content=\"dorogimedence.hu\" class=\"yoast-seo-meta-tag\" \/>\n\t<meta name=\"twitter:label2\" content=\"Becs\u00fclt olvas\u00e1si id\u0151\" class=\"yoast-seo-meta-tag\" \/>\n\t<meta name=\"twitter:data2\" content=\"1 perc\" class=\"yoast-seo-meta-tag\" \/>\n<script type=\"application\/ld+json\" class=\"yoast-schema-graph\">{\"@context\":\"https:\\\/\\\/schema.org\",\"@graph\":[{\"@type\":\"Article\",\"@id\":\"https:\\\/\\\/dorogimedence.hu\\\/index.php\\\/2024\\\/02\\\/29\\\/rendkivuli-kemiaoran-vettek-reszt-a-zrinyi-iskolasok\\\/#article\",\"isPartOf\":{\"@id\":\"https:\\\/\\\/dorogimedence.hu\\\/index.php\\\/2024\\\/02\\\/29\\\/rendkivuli-kemiaoran-vettek-reszt-a-zrinyi-iskolasok\\\/\"},\"author\":{\"name\":\"dorogimedence.hu\",\"@id\":\"https:\\\/\\\/dorogimedence.hu\\\/#\\\/schema\\\/person\\\/ce6091eeb7e95ecdc87890d6aa8e0fd4\"},\"headline\":\"Rendk\u00edv\u00fcli k\u00e9mia\u00f3r\u00e1n vettek r\u00e9szt a Zr\u00ednyi iskol\u00e1sok\",\"datePublished\":\"2024-02-29T13:13:55+00:00\",\"mainEntityOfPage\":{\"@id\":\"https:\\\/\\\/dorogimedence.hu\\\/index.php\\\/2024\\\/02\\\/29\\\/rendkivuli-kemiaoran-vettek-reszt-a-zrinyi-iskolasok\\\/\"},\"wordCount\":285,\"publisher\":{\"@id\":\"https:\\\/\\\/dorogimedence.hu\\\/#organization\"},\"image\":{\"@id\":\"https:\\\/\\\/dorogimedence.hu\\\/index.php\\\/2024\\\/02\\\/29\\\/rendkivuli-kemiaoran-vettek-reszt-a-zrinyi-iskolasok\\\/#primaryimage\"},\"thumbnailUrl\":\"https:\\\/\\\/dorogimedence.hu\\\/wp-content\\\/uploads\\\/2024\\\/02\\\/IMG_7532.jpg\",\"keywords\":[\"di\u00e1kok\",\"featured\",\"k\u00e9mia \u00f3ra\",\"k\u00eds\u00e9rlet\",\"richter\",\"Richter Gedeon\",\"Zr\u00ednyi iskola\"],\"articleSection\":[\"Dorog\",\"H\u00edrek\"],\"inLanguage\":\"hu\"},{\"@type\":\"WebPage\",\"@id\":\"https:\\\/\\\/dorogimedence.hu\\\/index.php\\\/2024\\\/02\\\/29\\\/rendkivuli-kemiaoran-vettek-reszt-a-zrinyi-iskolasok\\\/\",\"url\":\"https:\\\/\\\/dorogimedence.hu\\\/index.php\\\/2024\\\/02\\\/29\\\/rendkivuli-kemiaoran-vettek-reszt-a-zrinyi-iskolasok\\\/\",\"name\":\"Rendk\u00edv\u00fcli k\u00e9mia\u00f3r\u00e1n vettek r\u00e9szt a Zr\u00ednyi iskol\u00e1sok\",\"isPartOf\":{\"@id\":\"https:\\\/\\\/dorogimedence.hu\\\/#website\"},\"primaryImageOfPage\":{\"@id\":\"https:\\\/\\\/dorogimedence.hu\\\/index.php\\\/2024\\\/02\\\/29\\\/rendkivuli-kemiaoran-vettek-reszt-a-zrinyi-iskolasok\\\/#primaryimage\"},\"image\":{\"@id\":\"https:\\\/\\\/dorogimedence.hu\\\/index.php\\\/2024\\\/02\\\/29\\\/rendkivuli-kemiaoran-vettek-reszt-a-zrinyi-iskolasok\\\/#primaryimage\"},\"thumbnailUrl\":\"https:\\\/\\\/dorogimedence.hu\\\/wp-content\\\/uploads\\\/2024\\\/02\\\/IMG_7532.jpg\",\"datePublished\":\"2024-02-29T13:13:55+00:00\",\"breadcrumb\":{\"@id\":\"https:\\\/\\\/dorogimedence.hu\\\/index.php\\\/2024\\\/02\\\/29\\\/rendkivuli-kemiaoran-vettek-reszt-a-zrinyi-iskolasok\\\/#breadcrumb\"},\"inLanguage\":\"hu\",\"potentialAction\":[{\"@type\":\"ReadAction\",\"target\":[\"https:\\\/\\\/dorogimedence.hu\\\/index.php\\\/2024\\\/02\\\/29\\\/rendkivuli-kemiaoran-vettek-reszt-a-zrinyi-iskolasok\\\/\"]}]},{\"@type\":\"ImageObject\",\"inLanguage\":\"hu\",\"@id\":\"https:\\\/\\\/dorogimedence.hu\\\/index.php\\\/2024\\\/02\\\/29\\\/rendkivuli-kemiaoran-vettek-reszt-a-zrinyi-iskolasok\\\/#primaryimage\",\"url\":\"https:\\\/\\\/dorogimedence.hu\\\/wp-content\\\/uploads\\\/2024\\\/02\\\/IMG_7532.jpg\",\"contentUrl\":\"https:\\\/\\\/dorogimedence.hu\\\/wp-content\\\/uploads\\\/2024\\\/02\\\/IMG_7532.jpg\",\"width\":1920,\"height\":1280},{\"@type\":\"BreadcrumbList\",\"@id\":\"https:\\\/\\\/dorogimedence.hu\\\/index.php\\\/2024\\\/02\\\/29\\\/rendkivuli-kemiaoran-vettek-reszt-a-zrinyi-iskolasok\\\/#breadcrumb\",\"itemListElement\":[{\"@type\":\"ListItem\",\"position\":1,\"name\":\"Kezd\u0151lap\",\"item\":\"https:\\\/\\\/dorogimedence.hu\\\/\"},{\"@type\":\"ListItem\",\"position\":2,\"name\":\"Rendk\u00edv\u00fcli k\u00e9mia\u00f3r\u00e1n vettek r\u00e9szt a Zr\u00ednyi iskol\u00e1sok\"}]},{\"@type\":\"WebSite\",\"@id\":\"https:\\\/\\\/dorogimedence.hu\\\/#website\",\"url\":\"https:\\\/\\\/dorogimedence.hu\\\/\",\"name\":\"Dorogi-medence Region\u00e1lis H\u00edrport\u00e1l\",\"description\":\"Dorog, Keszt\u00f6lc, Le\u00e1nyv\u00e1r, Piliscs\u00e9v, Tokod, Tokodalt\u00e1r\u00f3, Csolnok, Esztergom-kertv\u00e1ros: h\u00edrek, programok\",\"publisher\":{\"@id\":\"https:\\\/\\\/dorogimedence.hu\\\/#organization\"},\"potentialAction\":[{\"@type\":\"SearchAction\",\"target\":{\"@type\":\"EntryPoint\",\"urlTemplate\":\"https:\\\/\\\/dorogimedence.hu\\\/?s={search_term_string}\"},\"query-input\":{\"@type\":\"PropertyValueSpecification\",\"valueRequired\":true,\"valueName\":\"search_term_string\"}}],\"inLanguage\":\"hu\"},{\"@type\":\"Organization\",\"@id\":\"https:\\\/\\\/dorogimedence.hu\\\/#organization\",\"name\":\"Dorogi-medence Region\u00e1lis H\u00edrport\u00e1l\",\"url\":\"https:\\\/\\\/dorogimedence.hu\\\/\",\"logo\":{\"@type\":\"ImageObject\",\"inLanguage\":\"hu\",\"@id\":\"https:\\\/\\\/dorogimedence.hu\\\/#\\\/schema\\\/logo\\\/image\\\/\",\"url\":\"https:\\\/\\\/dorogimedence.hu\\\/wp-content\\\/uploads\\\/2021\\\/04\\\/logo-feher-600.png\",\"contentUrl\":\"https:\\\/\\\/dorogimedence.hu\\\/wp-content\\\/uploads\\\/2021\\\/04\\\/logo-feher-600.png\",\"width\":600,\"height\":100,\"caption\":\"Dorogi-medence Region\u00e1lis H\u00edrport\u00e1l\"},\"image\":{\"@id\":\"https:\\\/\\\/dorogimedence.hu\\\/#\\\/schema\\\/logo\\\/image\\\/\"},\"sameAs\":[\"https:\\\/\\\/www.facebook.com\\\/dorogimedence\\\/\"]},{\"@type\":\"Person\",\"@id\":\"https:\\\/\\\/dorogimedence.hu\\\/#\\\/schema\\\/person\\\/ce6091eeb7e95ecdc87890d6aa8e0fd4\",\"name\":\"dorogimedence.hu\",\"image\":{\"@type\":\"ImageObject\",\"inLanguage\":\"hu\",\"@id\":\"\\\/\\\/www.gravatar.com\\\/avatar\\\/d8d45f8901aadff40a4af72c0b826f1d?s=96&#038;r=g&#038;d=mm\",\"url\":\"\\\/\\\/www.gravatar.com\\\/avatar\\\/d8d45f8901aadff40a4af72c0b826f1d?s=96&#038;r=g&#038;d=mm\",\"contentUrl\":\"\\\/\\\/www.gravatar.com\\\/avatar\\\/d8d45f8901aadff40a4af72c0b826f1d?s=96&#038;r=g&#038;d=mm\",\"caption\":\"dorogimedence.hu\"}}]}<\/script>\n<!-- \/ Yoast SEO plugin. -->","yoast_head_json":{"title":"Rendk\u00edv\u00fcli k\u00e9mia\u00f3r\u00e1n vettek r\u00e9szt a Zr\u00ednyi iskol\u00e1sok","robots":{"index":"index","follow":"follow","max-snippet":"max-snippet:-1","max-image-preview":"max-image-preview:large","max-video-preview":"max-video-preview:-1"},"canonical":"https:\/\/dorogimedence.hu\/index.php\/2024\/02\/29\/rendkivuli-kemiaoran-vettek-reszt-a-zrinyi-iskolasok\/","og_locale":"hu_HU","og_type":"article","og_title":"Rendk\u00edv\u00fcli k\u00e9mia\u00f3r\u00e1n vettek r\u00e9szt a Zr\u00ednyi iskol\u00e1sok","og_description":"Febru\u00e1r 27-\u00e9n l\u00e1tv\u00e1nyos k\u00e9miai k\u00eds\u00e9rletek r\u00e9sztvev\u0151i \u00e9s szemtan\u00fai lehettek a dorogi Zr\u00ednyi iskola 1.b oszt\u00e1ly\u00e1nak kisdi\u00e1kjai. A k\u00e9mia\u00f3r\u00e1t ez\u00fattal Pilling D\u00e1vid, a Richter Gedeon Nyrt. dorogi gy\u00e1regys\u00e9g\u00e9nek \u00fczemvezet\u0151-helyettese tartotta. Az oszt\u00e1lyt vezet\u0151 pedag\u00f3gus, Kov\u00e1cs Kl\u00e1ra azzal a k\u00e9r\u00e9ssel fordult a Richter dorogi gy\u00e1r\u00e1nak vezet\u00e9s\u00e9hez, hogy m\u0171k\u00f6djenek egy\u00fctt egy rendk\u00edv\u00fcli k\u00e9mia\u00f3ra megtart\u00e1s\u00e1ban, ami \u00e1ltal a kisiskol\u00e1sok","og_url":"https:\/\/dorogimedence.hu\/index.php\/2024\/02\/29\/rendkivuli-kemiaoran-vettek-reszt-a-zrinyi-iskolasok\/","og_site_name":"Dorogi-medence Region\u00e1lis H\u00edrport\u00e1l","article_publisher":"https:\/\/www.facebook.com\/dorogimedence\/","article_published_time":"2024-02-29T13:13:55+00:00","og_image":[{"width":1920,"height":1280,"url":"https:\/\/dorogimedence.hu\/wp-content\/uploads\/2024\/02\/IMG_7532.jpg","type":"image\/jpeg"}],"author":"dorogimedence.hu","twitter_card":"summary_large_image","twitter_misc":{"Szerz\u0151:":"dorogimedence.hu","Becs\u00fclt olvas\u00e1si id\u0151":"1 perc"},"schema":{"@context":"https:\/\/schema.org","@graph":[{"@type":"Article","@id":"https:\/\/dorogimedence.hu\/index.php\/2024\/02\/29\/rendkivuli-kemiaoran-vettek-reszt-a-zrinyi-iskolasok\/#article","isPartOf":{"@id":"https:\/\/dorogimedence.hu\/index.php\/2024\/02\/29\/rendkivuli-kemiaoran-vettek-reszt-a-zrinyi-iskolasok\/"},"author":{"name":"dorogimedence.hu","@id":"https:\/\/dorogimedence.hu\/#\/schema\/person\/ce6091eeb7e95ecdc87890d6aa8e0fd4"},"headline":"Rendk\u00edv\u00fcli k\u00e9mia\u00f3r\u00e1n vettek r\u00e9szt a Zr\u00ednyi iskol\u00e1sok","datePublished":"2024-02-29T13:13:55+00:00","mainEntityOfPage":{"@id":"https:\/\/dorogimedence.hu\/index.php\/2024\/02\/29\/rendkivuli-kemiaoran-vettek-reszt-a-zrinyi-iskolasok\/"},"wordCount":285,"publisher":{"@id":"https:\/\/dorogimedence.hu\/#organization"},"image":{"@id":"https:\/\/dorogimedence.hu\/index.php\/2024\/02\/29\/rendkivuli-kemiaoran-vettek-reszt-a-zrinyi-iskolasok\/#primaryimage"},"thumbnailUrl":"https:\/\/dorogimedence.hu\/wp-content\/uploads\/2024\/02\/IMG_7532.jpg","keywords":["di\u00e1kok","featured","k\u00e9mia \u00f3ra","k\u00eds\u00e9rlet","richter","Richter Gedeon","Zr\u00ednyi iskola"],"articleSection":["Dorog","H\u00edrek"],"inLanguage":"hu"},{"@type":"WebPage","@id":"https:\/\/dorogimedence.hu\/index.php\/2024\/02\/29\/rendkivuli-kemiaoran-vettek-reszt-a-zrinyi-iskolasok\/","url":"https:\/\/dorogimedence.hu\/index.php\/2024\/02\/29\/rendkivuli-kemiaoran-vettek-reszt-a-zrinyi-iskolasok\/","name":"Rendk\u00edv\u00fcli k\u00e9mia\u00f3r\u00e1n vettek r\u00e9szt a Zr\u00ednyi iskol\u00e1sok","isPartOf":{"@id":"https:\/\/dorogimedence.hu\/#website"},"primaryImageOfPage":{"@id":"https:\/\/dorogimedence.hu\/index.php\/2024\/02\/29\/rendkivuli-kemiaoran-vettek-reszt-a-zrinyi-iskolasok\/#primaryimage"},"image":{"@id":"https:\/\/dorogimedence.hu\/index.php\/2024\/02\/29\/rendkivuli-kemiaoran-vettek-reszt-a-zrinyi-iskolasok\/#primaryimage"},"thumbnailUrl":"https:\/\/dorogimedence.hu\/wp-content\/uploads\/2024\/02\/IMG_7532.jpg","datePublished":"2024-02-29T13:13:55+00:00","breadcrumb":{"@id":"https:\/\/dorogimedence.hu\/index.php\/2024\/02\/29\/rendkivuli-kemiaoran-vettek-reszt-a-zrinyi-iskolasok\/#breadcrumb"},"inLanguage":"hu","potentialAction":[{"@type":"ReadAction","target":["https:\/\/dorogimedence.hu\/index.php\/2024\/02\/29\/rendkivuli-kemiaoran-vettek-reszt-a-zrinyi-iskolasok\/"]}]},{"@type":"ImageObject","inLanguage":"hu","@id":"https:\/\/dorogimedence.hu\/index.php\/2024\/02\/29\/rendkivuli-kemiaoran-vettek-reszt-a-zrinyi-iskolasok\/#primaryimage","url":"https:\/\/dorogimedence.hu\/wp-content\/uploads\/2024\/02\/IMG_7532.jpg","contentUrl":"https:\/\/dorogimedence.hu\/wp-content\/uploads\/2024\/02\/IMG_7532.jpg","width":1920,"height":1280},{"@type":"BreadcrumbList","@id":"https:\/\/dorogimedence.hu\/index.php\/2024\/02\/29\/rendkivuli-kemiaoran-vettek-reszt-a-zrinyi-iskolasok\/#breadcrumb","itemListElement":[{"@type":"ListItem","position":1,"name":"Kezd\u0151lap","item":"https:\/\/dorogimedence.hu\/"},{"@type":"ListItem","position":2,"name":"Rendk\u00edv\u00fcli k\u00e9mia\u00f3r\u00e1n vettek r\u00e9szt a Zr\u00ednyi iskol\u00e1sok"}]},{"@type":"WebSite","@id":"https:\/\/dorogimedence.hu\/#website","url":"https:\/\/dorogimedence.hu\/","name":"Dorogi-medence Region\u00e1lis H\u00edrport\u00e1l","description":"Dorog, Keszt\u00f6lc, Le\u00e1nyv\u00e1r, Piliscs\u00e9v, Tokod, Tokodalt\u00e1r\u00f3, Csolnok, Esztergom-kertv\u00e1ros: h\u00edrek, programok","publisher":{"@id":"https:\/\/dorogimedence.hu\/#organization"},"potentialAction":[{"@type":"SearchAction","target":{"@type":"EntryPoint","urlTemplate":"https:\/\/dorogimedence.hu\/?s={search_term_string}"},"query-input":{"@type":"PropertyValueSpecification","valueRequired":true,"valueName":"search_term_string"}}],"inLanguage":"hu"},{"@type":"Organization","@id":"https:\/\/dorogimedence.hu\/#organization","name":"Dorogi-medence Region\u00e1lis H\u00edrport\u00e1l","url":"https:\/\/dorogimedence.hu\/","logo":{"@type":"ImageObject","inLanguage":"hu","@id":"https:\/\/dorogimedence.hu\/#\/schema\/logo\/image\/","url":"https:\/\/dorogimedence.hu\/wp-content\/uploads\/2021\/04\/logo-feher-600.png","contentUrl":"https:\/\/dorogimedence.hu\/wp-content\/uploads\/2021\/04\/logo-feher-600.png","width":600,"height":100,"caption":"Dorogi-medence Region\u00e1lis H\u00edrport\u00e1l"},"image":{"@id":"https:\/\/dorogimedence.hu\/#\/schema\/logo\/image\/"},"sameAs":["https:\/\/www.facebook.com\/dorogimedence\/"]},{"@type":"Person","@id":"https:\/\/dorogimedence.hu\/#\/schema\/person\/ce6091eeb7e95ecdc87890d6aa8e0fd4","name":"dorogimedence.hu","image":{"@type":"ImageObject","inLanguage":"hu","@id":"\/\/www.gravatar.com\/avatar\/d8d45f8901aadff40a4af72c0b826f1d?s=96&#038;r=g&#038;d=mm","url":"\/\/www.gravatar.com\/avatar\/d8d45f8901aadff40a4af72c0b826f1d?s=96&#038;r=g&#038;d=mm","contentUrl":"\/\/www.gravatar.com\/avatar\/d8d45f8901aadff40a4af72c0b826f1d?s=96&#038;r=g&#038;d=mm","caption":"dorogimedence.hu"}}]}},"_links":{"self":[{"href":"https:\/\/dorogimedence.hu\/index.php\/wp-json\/wp\/v2\/posts\/59998","targetHints":{"allow":["GET"]}}],"collection":[{"href":"https:\/\/dorogimedence.hu\/index.php\/wp-json\/wp\/v2\/posts"}],"about":[{"href":"https:\/\/dorogimedence.hu\/index.php\/wp-json\/wp\/v2\/types\/post"}],"author":[{"embeddable":true,"href":"https:\/\/dorogimedence.hu\/index.php\/wp-json\/wp\/v2\/users\/1"}],"replies":[{"embeddable":true,"href":"https:\/\/dorogimedence.hu\/index.php\/wp-json\/wp\/v2\/comments?post=59998"}],"version-history":[{"count":0,"href":"https:\/\/dorogimedence.hu\/index.php\/wp-json\/wp\/v2\/posts\/59998\/revisions"}],"wp:featuredmedia":[{"embeddable":true,"href":"https:\/\/dorogimedence.hu\/index.php\/wp-json\/wp\/v2\/media\/59999"}],"wp:attachment":[{"href":"https:\/\/dorogimedence.hu\/index.php\/wp-json\/wp\/v2\/media?parent=59998"}],"wp:term":[{"taxonomy":"category","embeddable":true,"href":"https:\/\/dorogimedence.hu\/index.php\/wp-json\/wp\/v2\/categories?post=59998"},{"taxonomy":"post_tag","embeddable":true,"href":"https:\/\/dorogimedence.hu\/index.php\/wp-json\/wp\/v2\/tags?post=59998"}],"curies":[{"name":"wp","href":"https:\/\/api.w.org\/{rel}","templated":true}]}}