{"id":59952,"date":"2024-02-28T11:32:24","date_gmt":"2024-02-28T10:32:24","guid":{"rendered":"https:\/\/dorogimedence.hu\/?p=59952"},"modified":"2024-02-28T11:32:24","modified_gmt":"2024-02-28T10:32:24","slug":"64-milliard-forintbol-gazdalkodik-iden-a-nyergesujfalui-onkormanyzat","status":"publish","type":"post","link":"https:\/\/dorogimedence.hu\/index.php\/2024\/02\/28\/64-milliard-forintbol-gazdalkodik-iden-a-nyergesujfalui-onkormanyzat\/","title":{"rendered":"6,4 milli\u00e1rd forintb\u00f3l gazd\u00e1lkodik id\u00e9n a nyerges\u00fajfalui \u00f6nkorm\u00e1nyzat"},"content":{"rendered":"<p><strong>Nyerges\u00fajfalu \u00f6nkorm\u00e1nyzati k\u00e9pvisel\u0151-test\u00fclete febru\u00e1rban hagyta j\u00f3v\u00e1 a v\u00e1ros 2024. \u00e9vi k\u00f6lts\u00e9gvet\u00e9si rendelet\u00e9t.<\/strong><\/p>\n<p>Nyerges\u00fajfalu V\u00e1ros \u00d6nkorm\u00e1nyzata \u00f6sszes\u00edtett k\u00f6lts\u00e9gvet\u00e9s\u00e9nek bev\u00e9teli \u00e9s kiad\u00e1si f\u0151\u00f6sszege k\u00f6zel 6,4 milli\u00e1rd, pontosan 6 417 744 603 forint. A tervezett ipar\u0171z\u00e9si ad\u00f3bev\u00e9tel a kor\u00e1bbi \u00e9vekhez viszony\u00edtva alacsony, 950 milli\u00f3 forint, m\u00edg az el\u0151z\u0151 \u00e9vn\u00e9l j\u00f3val magasabb, 510 milli\u00f3 forint a szolidarit\u00e1si hozz\u00e1j\u00e1rul\u00e1s, a telep\u00fcl\u00e9sek es\u00e9lyegyenl\u0151s\u00e9g\u00e9nek biztos\u00edt\u00e1s\u00e1ra hivatott ad\u00f3, ami az \u00e1tlagosn\u00e1l jobb ad\u00f3er\u0151-k\u00e9pess\u00e9gnek megfelel\u0151en s\u00fajtja a telep\u00fcl\u00e9st. Ezt jogszab\u00e1ly szerint, az el\u0151z\u0151 \u00e9vi ipar\u0171z\u00e9si ad\u00f3bev\u00e9tel alapj\u00e1n, lakoss\u00e1gsz\u00e1m-ar\u00e1nyosan \u00e1llap\u00edtj\u00e1k meg. T\u00f6bb f\u00f3rumon jelezt\u00e9k, hogy a tavalyi ad\u00f3 alapj\u00e1n kisz\u00e1molva \u2013 a v\u00e1ls\u00e1g okozta bev\u00e9tel-kies\u00e9s miatt \u2013 az idei ad\u00f3val \u00f6sszevetve m\u00e9lt\u00e1nytalanul magas az \u00f6sszeg, ami sok \u201egazdagabb\u201d v\u00e1rost hasonl\u00f3an \u00e9rint.<\/p>\n<h3>2024-re tervezett fontosabb beruh\u00e1z\u00e1sok, fel\u00faj\u00edt\u00e1sok, beszerz\u00e9sek<\/h3>\n<ul>\n<li>Eterniti szennyv\u00edz-telep \u2013 tanulm\u00e1ny \u00e9s eng.terv k\u00e9sz\u00edt\u00e9s<\/li>\n<li>\u00c1rv\u00edzv\u00e9delmi koncepci\u00f3terv (Baj\u00f3ti-patak torkolati m\u0171t\u00e1rgy; ez a baj\u00f3ti t\u00e1roz\u00f3 meg\u00e9p\u00fcl\u00e9se miatt v\u00e1lhat megval\u00f3s\u00edthat\u00f3v\u00e1, mivel ott megfoghat\u00f3 a Gerecs\u00e9b\u0151l \u00e9rkez\u0151 vill\u00e1m\u00e1rv\u00edz dunai \u00e1rv\u00edz eset\u00e9n)<\/li>\n<li>G\u00f6rpark tervez\u00e9se (2023. \u00e9vr\u0151l \u00e1th\u00faz\u00f3d\u00f3; beton g\u00f6rp\u00e1lya)<\/li>\n<li>Szabadid\u0151park kivitelez\u00e9s\u00e9nek jelenlegi \u00fcteme<\/li>\n<li>Ady Endre M\u0171vel\u0151d\u00e9si K\u00f6zpont \u00e9s K\u00f6nyvt\u00e1r m\u00f6g\u00f6tti ter\u00fcleten aszfaltos grundp\u00e1lya kialak\u00edt\u00e1sa<\/li>\n<li>Vas\u00fati peron megemel\u00e9se<\/li>\n<li>T\u00e9rfigyel\u0151 kamer\u00e1k elhelyez\u00e9se (mobil \u00e9s \u00e1lland\u00f3, szabadid\u0151park)<\/li>\n<li>Erkel Ferenc utca 7. t\u00e1rsash\u00e1z csapad\u00e9kv\u00edz-elvezet\u00e9s kivitelez\u00e9se<\/li>\n<li>Munk\u00e1csy Mih\u00e1ly liget \u2013 Kossuth Lajos utca sarok \u2013 fel\u00faj\u00edt\u00e1s<\/li>\n<li>Baj\u00f3ti \u00fat melletti 091 hrsz-\u00fa \u00fat 50 m\u00e9teres szakasz\u00e1nak slipperez\u00e9se<\/li>\n<li>T\u00f3 utca II. \u00fctem (\u00cdj\u00e1sz u. \u2013 Hajnal Tam\u00e1s Sportcentrum) ledes napelemes k\u00f6zvil\u00e1g\u00edt\u00e1s kivitelez\u00e9se<\/li>\n<li>Ker\u00e9kp\u00e1r\u00fat mellett (Baj\u00f3t fel\u00e9 halad\u00f3) \u00e9s a pinc\u00e9k fel\u00e9 ledes napelemes k\u00f6zvil\u00e1g\u00edt\u00e1s<\/li>\n<li>R\u00f3zsadomb 2-4. kapubej\u00e1r\u00f3 szil\u00e1rd burkol\u00e1sa<\/li>\n<li>Szabads\u00e1g-dombon murv\u00e1s parkol\u00f3 szeg\u00e9llyel<\/li>\n<li>\u00daj temet\u0151ben d\u00edszs\u00edrokn\u00e1l \u00e9s temet\u0151 el\u0151tt j\u00e1rda\u00e9p\u00edt\u00e9s (t\u00e9rk\u00f6ves)<\/li>\n<li>Benedek \u00d3voda csapad\u00e9k-v\u00edzelvezet\u00e9s<\/li>\n<li>G\u00f6rpark megval\u00f3s\u00edt\u00e1sa (\u00f6nr\u00e9sz, 50 %)<\/li>\n<li>Z\u00f6ld v\u00e1ros-szabadid\u0151park v\u00edzbek\u00f6t\u00e9se<\/li>\n<li>Aradi utca: csapad\u00e9kv\u00edz-elvezet\u00e9s terve<\/li>\n<li>Bart\u00f3k B\u00e9la utca 13. csapad\u00e9kv\u00edz-elvezet\u00e9s tervez\u00e9se<\/li>\n<li>Cs\u0151 utcai szennyv\u00edz mag\u00e1ningatlanr\u00f3l kiv\u00e1lt\u00e1s megtervez\u00e9se, v\u00edzjogi enged\u00e9lyez\u00e9si terv<\/li>\n<li>Angyalbab\u00e1k eml\u00e9khely\u00e9nek kialak\u00edt\u00e1sa<\/li>\n<li>Babits Mih\u00e1ly utcai iskolai \u00e9tkez\u0151be b\u00fator, polc, fogasok<\/li>\n<li>Tanuszod\u00e1hoz hajsz\u00e1r\u00edt\u00f3k beszerz\u00e9se<\/li>\n<li>V\u00e1rosgazd\u00e1lkod\u00e1si feladatell\u00e1t\u00e1shoz kapcsol\u00f3d\u00f3 kis \u00e9rt\u00e9k\u0171 eszk\u00f6zbeszerz\u00e9s<\/li>\n<li>Unimogra tol\u00f3lap v\u00e1s\u00e1rl\u00e1sa<\/li>\n<li>Megfigyel\u0151 mobil kamer\u00e1k (vadkamer\u00e1k) 5 db<\/li>\n<li>Int\u00e9zm\u00e9nyekbe \u2013 kiemelten a m\u0171vel\u0151d\u00e9si h\u00e1z \u2013 b\u00fatorbeszerz\u00e9sek<\/li>\n<li>Int\u00e9zm\u00e9nyekben fel\u00faj\u00edt\u00e1sok<\/li>\n<li>K\u00f6zm\u0171-kiv\u00e1lt\u00e1sok<\/li>\n<\/ul>\n<p>A k\u00f6lts\u00e9gvet\u00e9sben tervezetteken fel\u00fcl nem v\u00e1llalhatnak \u00faj feladatot, kiv\u00e9ve, ha k\u00f6zvetlen balesetvesz\u00e9lyt, vagyonbiztons\u00e1got \u00e9rint. Nem minden \u00f6nkorm\u00e1nyzatnak van lehet\u0151s\u00e9ge \u2013 vagy nem sz\u00edv\u00fcgye \u2013 a nem l\u00e1that\u00f3 fejleszt\u00e9sek t\u00e1mogat\u00e1s\u00e1ra jelent\u0151s \u00f6sszegeket ford\u00edtani. \u00dajabban a v\u00e1ros m\u0171k\u00f6dtet\u00e9s\u00e9nek tal\u00e1n legfontosabb feladata a k\u00f6zm\u0171vek, els\u0151sorban az \u00f6nkorm\u00e1nyzati vagyon r\u00e9sz\u00e9t k\u00e9pez\u0151 iv\u00f3v\u00edzvezet\u00e9kek, csapad\u00e9kv\u00edz-elvezet\u0151 rendszerek, szennyv\u00edzrendszerek folyamatos cser\u00e9je.<\/p>\n<p>A <em>\u201eNyerges\u00fajfalu V\u00e1ros \u00d6nkorm\u00e1nyzata K\u00e9pvisel\u0151-test\u00fclet\u00e9nek 4\/2024. (II. 14.) \u00f6nkorm\u00e1nyzati rendelete az \u00f6nkorm\u00e1nyzat 2024. \u00e9vi k\u00f6lts\u00e9gvet\u00e9s\u00e9r\u0151l \u00e9s a k\u00f6lts\u00e9gvet\u00e9s v\u00e9grehajt\u00e1s\u00e1nak szab\u00e1lyair\u00f3l\u201d<\/em> alkotott rendeletet \u00e9s mell\u00e9kleteit a v\u00e1rosi honlapon \u00e9s a Nemzeti Jogszab\u00e1lyt\u00e1rban tal\u00e1lja meg a tisztelt Olvas\u00f3.<\/p>\n<p class=\"szoveg-jobbra-felkover\"><a href=\"https:\/\/nyergesi.nyergesujfalu.hu\/aktualis\/hirek\/varosi-hirek\/elkeszult-az-onkormanyzati-koltsegvetes\/\" target=\"_blank\" rel=\"noopener\"><span style=\"text-decoration: underline; color: #0000ff;\">Tov\u00e1bbi r\u00e9szletek&gt;&gt;<\/span><\/a><\/p>\n<p><em>Forr\u00e1s: Mihelik Magdolna \/ nyergesujfalu.hu<br \/>\nBor\u00edt\u00f3k\u00e9p: Google<\/em><\/p>\n","protected":false},"excerpt":{"rendered":"<p>Nyerges\u00fajfalu \u00f6nkorm\u00e1nyzati k\u00e9pvisel\u0151-test\u00fclete febru\u00e1rban hagyta j\u00f3v\u00e1 a v\u00e1ros 2024. \u00e9vi k\u00f6lts\u00e9gvet\u00e9si rendelet\u00e9t. Nyerges\u00fajfalu V\u00e1ros \u00d6nkorm\u00e1nyzata \u00f6sszes\u00edtett k\u00f6lts\u00e9gvet\u00e9s\u00e9nek bev\u00e9teli \u00e9s kiad\u00e1si f\u0151\u00f6sszege k\u00f6zel 6,4 milli\u00e1rd, pontosan 6 417 744 603 forint. A tervezett ipar\u0171z\u00e9si ad\u00f3bev\u00e9tel a kor\u00e1bbi \u00e9vekhez viszony\u00edtva alacsony, 950 milli\u00f3 forint, m\u00edg az el\u0151z\u0151 \u00e9vn\u00e9l j\u00f3val magasabb, 510 milli\u00f3 forint a szolidarit\u00e1si hozz\u00e1j\u00e1rul\u00e1s, a<\/p>\n","protected":false},"author":1,"featured_media":59953,"comment_status":"closed","ping_status":"closed","sticky":false,"template":"","format":"standard","meta":{"ngg_post_thumbnail":0,"footnotes":""},"categories":[3,1390],"tags":[254,140],"class_list":{"0":"post-59952","1":"post","2":"type-post","3":"status-publish","4":"format-standard","5":"has-post-thumbnail","7":"category-hirek","8":"category-nyergesujfalu","9":"tag-koltsegvetes","10":"tag-nyergesujfalu"},"yoast_head":"<!-- This site is optimized with the Yoast SEO plugin v27.4 - https:\/\/yoast.com\/product\/yoast-seo-wordpress\/ -->\n<title>6,4 milli\u00e1rd forintb\u00f3l gazd\u00e1lkodik id\u00e9n a nyerges\u00fajfalui \u00f6nkorm\u00e1nyzat<\/title>\n<meta name=\"robots\" content=\"index, follow, max-snippet:-1, max-image-preview:large, max-video-preview:-1\" \/>\n<link rel=\"canonical\" href=\"https:\/\/dorogimedence.hu\/index.php\/2024\/02\/28\/64-milliard-forintbol-gazdalkodik-iden-a-nyergesujfalui-onkormanyzat\/\" class=\"yoast-seo-meta-tag\" \/>\n<meta property=\"og:locale\" content=\"hu_HU\" class=\"yoast-seo-meta-tag\" \/>\n<meta property=\"og:type\" content=\"article\" class=\"yoast-seo-meta-tag\" \/>\n<meta property=\"og:title\" content=\"6,4 milli\u00e1rd forintb\u00f3l gazd\u00e1lkodik id\u00e9n a nyerges\u00fajfalui \u00f6nkorm\u00e1nyzat\" class=\"yoast-seo-meta-tag\" \/>\n<meta property=\"og:description\" content=\"Nyerges\u00fajfalu \u00f6nkorm\u00e1nyzati k\u00e9pvisel\u0151-test\u00fclete febru\u00e1rban hagyta j\u00f3v\u00e1 a v\u00e1ros 2024. \u00e9vi k\u00f6lts\u00e9gvet\u00e9si rendelet\u00e9t. Nyerges\u00fajfalu V\u00e1ros \u00d6nkorm\u00e1nyzata \u00f6sszes\u00edtett k\u00f6lts\u00e9gvet\u00e9s\u00e9nek bev\u00e9teli \u00e9s kiad\u00e1si f\u0151\u00f6sszege k\u00f6zel 6,4 milli\u00e1rd, pontosan 6 417 744 603 forint. A tervezett ipar\u0171z\u00e9si ad\u00f3bev\u00e9tel a kor\u00e1bbi \u00e9vekhez viszony\u00edtva alacsony, 950 milli\u00f3 forint, m\u00edg az el\u0151z\u0151 \u00e9vn\u00e9l j\u00f3val magasabb, 510 milli\u00f3 forint a szolidarit\u00e1si hozz\u00e1j\u00e1rul\u00e1s, a\" class=\"yoast-seo-meta-tag\" \/>\n<meta property=\"og:url\" content=\"https:\/\/dorogimedence.hu\/index.php\/2024\/02\/28\/64-milliard-forintbol-gazdalkodik-iden-a-nyergesujfalui-onkormanyzat\/\" class=\"yoast-seo-meta-tag\" \/>\n<meta property=\"og:site_name\" content=\"Dorogi-medence Region\u00e1lis H\u00edrport\u00e1l\" class=\"yoast-seo-meta-tag\" \/>\n<meta property=\"article:publisher\" content=\"https:\/\/www.facebook.com\/dorogimedence\/\" class=\"yoast-seo-meta-tag\" \/>\n<meta property=\"article:published_time\" content=\"2024-02-28T10:32:24+00:00\" class=\"yoast-seo-meta-tag\" \/>\n<meta property=\"og:image\" content=\"https:\/\/dorogimedence.hu\/wp-content\/uploads\/2024\/02\/nyergesujfalu-hivatal.jpg\" class=\"yoast-seo-meta-tag\" \/>\n\t<meta property=\"og:image:width\" content=\"1920\" class=\"yoast-seo-meta-tag\" \/>\n\t<meta property=\"og:image:height\" content=\"970\" class=\"yoast-seo-meta-tag\" \/>\n\t<meta property=\"og:image:type\" content=\"image\/jpeg\" class=\"yoast-seo-meta-tag\" \/>\n<meta name=\"author\" content=\"dorogimedence.hu\" class=\"yoast-seo-meta-tag\" \/>\n<meta name=\"twitter:card\" content=\"summary_large_image\" class=\"yoast-seo-meta-tag\" \/>\n<meta name=\"twitter:label1\" content=\"Szerz\u0151:\" class=\"yoast-seo-meta-tag\" \/>\n\t<meta name=\"twitter:data1\" content=\"dorogimedence.hu\" class=\"yoast-seo-meta-tag\" \/>\n\t<meta name=\"twitter:label2\" content=\"Becs\u00fclt olvas\u00e1si id\u0151\" class=\"yoast-seo-meta-tag\" \/>\n\t<meta name=\"twitter:data2\" content=\"4 perc\" class=\"yoast-seo-meta-tag\" \/>\n<script type=\"application\/ld+json\" class=\"yoast-schema-graph\">{\"@context\":\"https:\\\/\\\/schema.org\",\"@graph\":[{\"@type\":\"Article\",\"@id\":\"https:\\\/\\\/dorogimedence.hu\\\/index.php\\\/2024\\\/02\\\/28\\\/64-milliard-forintbol-gazdalkodik-iden-a-nyergesujfalui-onkormanyzat\\\/#article\",\"isPartOf\":{\"@id\":\"https:\\\/\\\/dorogimedence.hu\\\/index.php\\\/2024\\\/02\\\/28\\\/64-milliard-forintbol-gazdalkodik-iden-a-nyergesujfalui-onkormanyzat\\\/\"},\"author\":{\"name\":\"dorogimedence.hu\",\"@id\":\"https:\\\/\\\/dorogimedence.hu\\\/#\\\/schema\\\/person\\\/ce6091eeb7e95ecdc87890d6aa8e0fd4\"},\"headline\":\"6,4 milli\u00e1rd forintb\u00f3l gazd\u00e1lkodik id\u00e9n a nyerges\u00fajfalui \u00f6nkorm\u00e1nyzat\",\"datePublished\":\"2024-02-28T10:32:24+00:00\",\"mainEntityOfPage\":{\"@id\":\"https:\\\/\\\/dorogimedence.hu\\\/index.php\\\/2024\\\/02\\\/28\\\/64-milliard-forintbol-gazdalkodik-iden-a-nyergesujfalui-onkormanyzat\\\/\"},\"wordCount\":748,\"publisher\":{\"@id\":\"https:\\\/\\\/dorogimedence.hu\\\/#organization\"},\"image\":{\"@id\":\"https:\\\/\\\/dorogimedence.hu\\\/index.php\\\/2024\\\/02\\\/28\\\/64-milliard-forintbol-gazdalkodik-iden-a-nyergesujfalui-onkormanyzat\\\/#primaryimage\"},\"thumbnailUrl\":\"https:\\\/\\\/dorogimedence.hu\\\/wp-content\\\/uploads\\\/2024\\\/02\\\/nyergesujfalu-hivatal.jpg\",\"keywords\":[\"k\u00f6lts\u00e9gvet\u00e9s\",\"Nyerges\u00fajfalu\"],\"articleSection\":[\"H\u00edrek\",\"Nyerges\u00fajfalu\"],\"inLanguage\":\"hu\"},{\"@type\":\"WebPage\",\"@id\":\"https:\\\/\\\/dorogimedence.hu\\\/index.php\\\/2024\\\/02\\\/28\\\/64-milliard-forintbol-gazdalkodik-iden-a-nyergesujfalui-onkormanyzat\\\/\",\"url\":\"https:\\\/\\\/dorogimedence.hu\\\/index.php\\\/2024\\\/02\\\/28\\\/64-milliard-forintbol-gazdalkodik-iden-a-nyergesujfalui-onkormanyzat\\\/\",\"name\":\"6,4 milli\u00e1rd forintb\u00f3l gazd\u00e1lkodik id\u00e9n a nyerges\u00fajfalui \u00f6nkorm\u00e1nyzat\",\"isPartOf\":{\"@id\":\"https:\\\/\\\/dorogimedence.hu\\\/#website\"},\"primaryImageOfPage\":{\"@id\":\"https:\\\/\\\/dorogimedence.hu\\\/index.php\\\/2024\\\/02\\\/28\\\/64-milliard-forintbol-gazdalkodik-iden-a-nyergesujfalui-onkormanyzat\\\/#primaryimage\"},\"image\":{\"@id\":\"https:\\\/\\\/dorogimedence.hu\\\/index.php\\\/2024\\\/02\\\/28\\\/64-milliard-forintbol-gazdalkodik-iden-a-nyergesujfalui-onkormanyzat\\\/#primaryimage\"},\"thumbnailUrl\":\"https:\\\/\\\/dorogimedence.hu\\\/wp-content\\\/uploads\\\/2024\\\/02\\\/nyergesujfalu-hivatal.jpg\",\"datePublished\":\"2024-02-28T10:32:24+00:00\",\"breadcrumb\":{\"@id\":\"https:\\\/\\\/dorogimedence.hu\\\/index.php\\\/2024\\\/02\\\/28\\\/64-milliard-forintbol-gazdalkodik-iden-a-nyergesujfalui-onkormanyzat\\\/#breadcrumb\"},\"inLanguage\":\"hu\",\"potentialAction\":[{\"@type\":\"ReadAction\",\"target\":[\"https:\\\/\\\/dorogimedence.hu\\\/index.php\\\/2024\\\/02\\\/28\\\/64-milliard-forintbol-gazdalkodik-iden-a-nyergesujfalui-onkormanyzat\\\/\"]}]},{\"@type\":\"ImageObject\",\"inLanguage\":\"hu\",\"@id\":\"https:\\\/\\\/dorogimedence.hu\\\/index.php\\\/2024\\\/02\\\/28\\\/64-milliard-forintbol-gazdalkodik-iden-a-nyergesujfalui-onkormanyzat\\\/#primaryimage\",\"url\":\"https:\\\/\\\/dorogimedence.hu\\\/wp-content\\\/uploads\\\/2024\\\/02\\\/nyergesujfalu-hivatal.jpg\",\"contentUrl\":\"https:\\\/\\\/dorogimedence.hu\\\/wp-content\\\/uploads\\\/2024\\\/02\\\/nyergesujfalu-hivatal.jpg\",\"width\":1920,\"height\":970},{\"@type\":\"BreadcrumbList\",\"@id\":\"https:\\\/\\\/dorogimedence.hu\\\/index.php\\\/2024\\\/02\\\/28\\\/64-milliard-forintbol-gazdalkodik-iden-a-nyergesujfalui-onkormanyzat\\\/#breadcrumb\",\"itemListElement\":[{\"@type\":\"ListItem\",\"position\":1,\"name\":\"Kezd\u0151lap\",\"item\":\"https:\\\/\\\/dorogimedence.hu\\\/\"},{\"@type\":\"ListItem\",\"position\":2,\"name\":\"6,4 milli\u00e1rd forintb\u00f3l gazd\u00e1lkodik id\u00e9n a nyerges\u00fajfalui \u00f6nkorm\u00e1nyzat\"}]},{\"@type\":\"WebSite\",\"@id\":\"https:\\\/\\\/dorogimedence.hu\\\/#website\",\"url\":\"https:\\\/\\\/dorogimedence.hu\\\/\",\"name\":\"Dorogi-medence Region\u00e1lis H\u00edrport\u00e1l\",\"description\":\"Dorog, Keszt\u00f6lc, Le\u00e1nyv\u00e1r, Piliscs\u00e9v, Tokod, Tokodalt\u00e1r\u00f3, Csolnok, Esztergom-kertv\u00e1ros: h\u00edrek, programok\",\"publisher\":{\"@id\":\"https:\\\/\\\/dorogimedence.hu\\\/#organization\"},\"potentialAction\":[{\"@type\":\"SearchAction\",\"target\":{\"@type\":\"EntryPoint\",\"urlTemplate\":\"https:\\\/\\\/dorogimedence.hu\\\/?s={search_term_string}\"},\"query-input\":{\"@type\":\"PropertyValueSpecification\",\"valueRequired\":true,\"valueName\":\"search_term_string\"}}],\"inLanguage\":\"hu\"},{\"@type\":\"Organization\",\"@id\":\"https:\\\/\\\/dorogimedence.hu\\\/#organization\",\"name\":\"Dorogi-medence Region\u00e1lis H\u00edrport\u00e1l\",\"url\":\"https:\\\/\\\/dorogimedence.hu\\\/\",\"logo\":{\"@type\":\"ImageObject\",\"inLanguage\":\"hu\",\"@id\":\"https:\\\/\\\/dorogimedence.hu\\\/#\\\/schema\\\/logo\\\/image\\\/\",\"url\":\"https:\\\/\\\/dorogimedence.hu\\\/wp-content\\\/uploads\\\/2021\\\/04\\\/logo-feher-600.png\",\"contentUrl\":\"https:\\\/\\\/dorogimedence.hu\\\/wp-content\\\/uploads\\\/2021\\\/04\\\/logo-feher-600.png\",\"width\":600,\"height\":100,\"caption\":\"Dorogi-medence Region\u00e1lis H\u00edrport\u00e1l\"},\"image\":{\"@id\":\"https:\\\/\\\/dorogimedence.hu\\\/#\\\/schema\\\/logo\\\/image\\\/\"},\"sameAs\":[\"https:\\\/\\\/www.facebook.com\\\/dorogimedence\\\/\"]},{\"@type\":\"Person\",\"@id\":\"https:\\\/\\\/dorogimedence.hu\\\/#\\\/schema\\\/person\\\/ce6091eeb7e95ecdc87890d6aa8e0fd4\",\"name\":\"dorogimedence.hu\",\"image\":{\"@type\":\"ImageObject\",\"inLanguage\":\"hu\",\"@id\":\"\\\/\\\/www.gravatar.com\\\/avatar\\\/d8d45f8901aadff40a4af72c0b826f1d?s=96&#038;r=g&#038;d=mm\",\"url\":\"\\\/\\\/www.gravatar.com\\\/avatar\\\/d8d45f8901aadff40a4af72c0b826f1d?s=96&#038;r=g&#038;d=mm\",\"contentUrl\":\"\\\/\\\/www.gravatar.com\\\/avatar\\\/d8d45f8901aadff40a4af72c0b826f1d?s=96&#038;r=g&#038;d=mm\",\"caption\":\"dorogimedence.hu\"}}]}<\/script>\n<!-- \/ Yoast SEO plugin. -->","yoast_head_json":{"title":"6,4 milli\u00e1rd forintb\u00f3l gazd\u00e1lkodik id\u00e9n a nyerges\u00fajfalui \u00f6nkorm\u00e1nyzat","robots":{"index":"index","follow":"follow","max-snippet":"max-snippet:-1","max-image-preview":"max-image-preview:large","max-video-preview":"max-video-preview:-1"},"canonical":"https:\/\/dorogimedence.hu\/index.php\/2024\/02\/28\/64-milliard-forintbol-gazdalkodik-iden-a-nyergesujfalui-onkormanyzat\/","og_locale":"hu_HU","og_type":"article","og_title":"6,4 milli\u00e1rd forintb\u00f3l gazd\u00e1lkodik id\u00e9n a nyerges\u00fajfalui \u00f6nkorm\u00e1nyzat","og_description":"Nyerges\u00fajfalu \u00f6nkorm\u00e1nyzati k\u00e9pvisel\u0151-test\u00fclete febru\u00e1rban hagyta j\u00f3v\u00e1 a v\u00e1ros 2024. \u00e9vi k\u00f6lts\u00e9gvet\u00e9si rendelet\u00e9t. Nyerges\u00fajfalu V\u00e1ros \u00d6nkorm\u00e1nyzata \u00f6sszes\u00edtett k\u00f6lts\u00e9gvet\u00e9s\u00e9nek bev\u00e9teli \u00e9s kiad\u00e1si f\u0151\u00f6sszege k\u00f6zel 6,4 milli\u00e1rd, pontosan 6 417 744 603 forint. A tervezett ipar\u0171z\u00e9si ad\u00f3bev\u00e9tel a kor\u00e1bbi \u00e9vekhez viszony\u00edtva alacsony, 950 milli\u00f3 forint, m\u00edg az el\u0151z\u0151 \u00e9vn\u00e9l j\u00f3val magasabb, 510 milli\u00f3 forint a szolidarit\u00e1si hozz\u00e1j\u00e1rul\u00e1s, a","og_url":"https:\/\/dorogimedence.hu\/index.php\/2024\/02\/28\/64-milliard-forintbol-gazdalkodik-iden-a-nyergesujfalui-onkormanyzat\/","og_site_name":"Dorogi-medence Region\u00e1lis H\u00edrport\u00e1l","article_publisher":"https:\/\/www.facebook.com\/dorogimedence\/","article_published_time":"2024-02-28T10:32:24+00:00","og_image":[{"width":1920,"height":970,"url":"https:\/\/dorogimedence.hu\/wp-content\/uploads\/2024\/02\/nyergesujfalu-hivatal.jpg","type":"image\/jpeg"}],"author":"dorogimedence.hu","twitter_card":"summary_large_image","twitter_misc":{"Szerz\u0151:":"dorogimedence.hu","Becs\u00fclt olvas\u00e1si id\u0151":"4 perc"},"schema":{"@context":"https:\/\/schema.org","@graph":[{"@type":"Article","@id":"https:\/\/dorogimedence.hu\/index.php\/2024\/02\/28\/64-milliard-forintbol-gazdalkodik-iden-a-nyergesujfalui-onkormanyzat\/#article","isPartOf":{"@id":"https:\/\/dorogimedence.hu\/index.php\/2024\/02\/28\/64-milliard-forintbol-gazdalkodik-iden-a-nyergesujfalui-onkormanyzat\/"},"author":{"name":"dorogimedence.hu","@id":"https:\/\/dorogimedence.hu\/#\/schema\/person\/ce6091eeb7e95ecdc87890d6aa8e0fd4"},"headline":"6,4 milli\u00e1rd forintb\u00f3l gazd\u00e1lkodik id\u00e9n a nyerges\u00fajfalui \u00f6nkorm\u00e1nyzat","datePublished":"2024-02-28T10:32:24+00:00","mainEntityOfPage":{"@id":"https:\/\/dorogimedence.hu\/index.php\/2024\/02\/28\/64-milliard-forintbol-gazdalkodik-iden-a-nyergesujfalui-onkormanyzat\/"},"wordCount":748,"publisher":{"@id":"https:\/\/dorogimedence.hu\/#organization"},"image":{"@id":"https:\/\/dorogimedence.hu\/index.php\/2024\/02\/28\/64-milliard-forintbol-gazdalkodik-iden-a-nyergesujfalui-onkormanyzat\/#primaryimage"},"thumbnailUrl":"https:\/\/dorogimedence.hu\/wp-content\/uploads\/2024\/02\/nyergesujfalu-hivatal.jpg","keywords":["k\u00f6lts\u00e9gvet\u00e9s","Nyerges\u00fajfalu"],"articleSection":["H\u00edrek","Nyerges\u00fajfalu"],"inLanguage":"hu"},{"@type":"WebPage","@id":"https:\/\/dorogimedence.hu\/index.php\/2024\/02\/28\/64-milliard-forintbol-gazdalkodik-iden-a-nyergesujfalui-onkormanyzat\/","url":"https:\/\/dorogimedence.hu\/index.php\/2024\/02\/28\/64-milliard-forintbol-gazdalkodik-iden-a-nyergesujfalui-onkormanyzat\/","name":"6,4 milli\u00e1rd forintb\u00f3l gazd\u00e1lkodik id\u00e9n a nyerges\u00fajfalui \u00f6nkorm\u00e1nyzat","isPartOf":{"@id":"https:\/\/dorogimedence.hu\/#website"},"primaryImageOfPage":{"@id":"https:\/\/dorogimedence.hu\/index.php\/2024\/02\/28\/64-milliard-forintbol-gazdalkodik-iden-a-nyergesujfalui-onkormanyzat\/#primaryimage"},"image":{"@id":"https:\/\/dorogimedence.hu\/index.php\/2024\/02\/28\/64-milliard-forintbol-gazdalkodik-iden-a-nyergesujfalui-onkormanyzat\/#primaryimage"},"thumbnailUrl":"https:\/\/dorogimedence.hu\/wp-content\/uploads\/2024\/02\/nyergesujfalu-hivatal.jpg","datePublished":"2024-02-28T10:32:24+00:00","breadcrumb":{"@id":"https:\/\/dorogimedence.hu\/index.php\/2024\/02\/28\/64-milliard-forintbol-gazdalkodik-iden-a-nyergesujfalui-onkormanyzat\/#breadcrumb"},"inLanguage":"hu","potentialAction":[{"@type":"ReadAction","target":["https:\/\/dorogimedence.hu\/index.php\/2024\/02\/28\/64-milliard-forintbol-gazdalkodik-iden-a-nyergesujfalui-onkormanyzat\/"]}]},{"@type":"ImageObject","inLanguage":"hu","@id":"https:\/\/dorogimedence.hu\/index.php\/2024\/02\/28\/64-milliard-forintbol-gazdalkodik-iden-a-nyergesujfalui-onkormanyzat\/#primaryimage","url":"https:\/\/dorogimedence.hu\/wp-content\/uploads\/2024\/02\/nyergesujfalu-hivatal.jpg","contentUrl":"https:\/\/dorogimedence.hu\/wp-content\/uploads\/2024\/02\/nyergesujfalu-hivatal.jpg","width":1920,"height":970},{"@type":"BreadcrumbList","@id":"https:\/\/dorogimedence.hu\/index.php\/2024\/02\/28\/64-milliard-forintbol-gazdalkodik-iden-a-nyergesujfalui-onkormanyzat\/#breadcrumb","itemListElement":[{"@type":"ListItem","position":1,"name":"Kezd\u0151lap","item":"https:\/\/dorogimedence.hu\/"},{"@type":"ListItem","position":2,"name":"6,4 milli\u00e1rd forintb\u00f3l gazd\u00e1lkodik id\u00e9n a nyerges\u00fajfalui \u00f6nkorm\u00e1nyzat"}]},{"@type":"WebSite","@id":"https:\/\/dorogimedence.hu\/#website","url":"https:\/\/dorogimedence.hu\/","name":"Dorogi-medence Region\u00e1lis H\u00edrport\u00e1l","description":"Dorog, Keszt\u00f6lc, Le\u00e1nyv\u00e1r, Piliscs\u00e9v, Tokod, Tokodalt\u00e1r\u00f3, Csolnok, Esztergom-kertv\u00e1ros: h\u00edrek, programok","publisher":{"@id":"https:\/\/dorogimedence.hu\/#organization"},"potentialAction":[{"@type":"SearchAction","target":{"@type":"EntryPoint","urlTemplate":"https:\/\/dorogimedence.hu\/?s={search_term_string}"},"query-input":{"@type":"PropertyValueSpecification","valueRequired":true,"valueName":"search_term_string"}}],"inLanguage":"hu"},{"@type":"Organization","@id":"https:\/\/dorogimedence.hu\/#organization","name":"Dorogi-medence Region\u00e1lis H\u00edrport\u00e1l","url":"https:\/\/dorogimedence.hu\/","logo":{"@type":"ImageObject","inLanguage":"hu","@id":"https:\/\/dorogimedence.hu\/#\/schema\/logo\/image\/","url":"https:\/\/dorogimedence.hu\/wp-content\/uploads\/2021\/04\/logo-feher-600.png","contentUrl":"https:\/\/dorogimedence.hu\/wp-content\/uploads\/2021\/04\/logo-feher-600.png","width":600,"height":100,"caption":"Dorogi-medence Region\u00e1lis H\u00edrport\u00e1l"},"image":{"@id":"https:\/\/dorogimedence.hu\/#\/schema\/logo\/image\/"},"sameAs":["https:\/\/www.facebook.com\/dorogimedence\/"]},{"@type":"Person","@id":"https:\/\/dorogimedence.hu\/#\/schema\/person\/ce6091eeb7e95ecdc87890d6aa8e0fd4","name":"dorogimedence.hu","image":{"@type":"ImageObject","inLanguage":"hu","@id":"\/\/www.gravatar.com\/avatar\/d8d45f8901aadff40a4af72c0b826f1d?s=96&#038;r=g&#038;d=mm","url":"\/\/www.gravatar.com\/avatar\/d8d45f8901aadff40a4af72c0b826f1d?s=96&#038;r=g&#038;d=mm","contentUrl":"\/\/www.gravatar.com\/avatar\/d8d45f8901aadff40a4af72c0b826f1d?s=96&#038;r=g&#038;d=mm","caption":"dorogimedence.hu"}}]}},"_links":{"self":[{"href":"https:\/\/dorogimedence.hu\/index.php\/wp-json\/wp\/v2\/posts\/59952","targetHints":{"allow":["GET"]}}],"collection":[{"href":"https:\/\/dorogimedence.hu\/index.php\/wp-json\/wp\/v2\/posts"}],"about":[{"href":"https:\/\/dorogimedence.hu\/index.php\/wp-json\/wp\/v2\/types\/post"}],"author":[{"embeddable":true,"href":"https:\/\/dorogimedence.hu\/index.php\/wp-json\/wp\/v2\/users\/1"}],"replies":[{"embeddable":true,"href":"https:\/\/dorogimedence.hu\/index.php\/wp-json\/wp\/v2\/comments?post=59952"}],"version-history":[{"count":0,"href":"https:\/\/dorogimedence.hu\/index.php\/wp-json\/wp\/v2\/posts\/59952\/revisions"}],"wp:featuredmedia":[{"embeddable":true,"href":"https:\/\/dorogimedence.hu\/index.php\/wp-json\/wp\/v2\/media\/59953"}],"wp:attachment":[{"href":"https:\/\/dorogimedence.hu\/index.php\/wp-json\/wp\/v2\/media?parent=59952"}],"wp:term":[{"taxonomy":"category","embeddable":true,"href":"https:\/\/dorogimedence.hu\/index.php\/wp-json\/wp\/v2\/categories?post=59952"},{"taxonomy":"post_tag","embeddable":true,"href":"https:\/\/dorogimedence.hu\/index.php\/wp-json\/wp\/v2\/tags?post=59952"}],"curies":[{"name":"wp","href":"https:\/\/api.w.org\/{rel}","templated":true}]}}