{"id":5975,"date":"2017-10-01T09:04:40","date_gmt":"2017-10-01T07:04:40","guid":{"rendered":"http:\/\/dorogimedence.hu\/?p=5975"},"modified":"2017-10-01T09:04:40","modified_gmt":"2017-10-01T07:04:40","slug":"elso-magyarkent-ert-celba-az-esztergomi-futo","status":"publish","type":"post","link":"https:\/\/dorogimedence.hu\/index.php\/2017\/10\/01\/elso-magyarkent-ert-celba-az-esztergomi-futo\/","title":{"rendered":"Els\u0151 magyark\u00e9nt \u00e9rt c\u00e9lba az esztergomi fut\u00f3"},"content":{"rendered":"<p><strong>Mar\u00e1z Zsuzsanna, az Esztergomi Fut\u00f3m\u0171vek Amat\u0151r Sportegyes\u00fclet tagja m\u00e1sodszor is c\u00e9lba \u00e9rt az embert pr\u00f3b\u00e1l\u00f3, 246 km hossz\u00fa, Ath\u00e9nt\u00f3l Sp\u00e1rt\u00e1ig tart\u00f3 Spartathlon ultrafut\u00f3versenyen.<\/strong><\/p>\n<p>Els\u0151 magyark\u00e9nt &#8211; abszol\u00fat 10. helyezettk\u00e9nt \u00e9s m\u00e1sodikk\u00e9nt a n\u0151k k\u00f6z\u00f6tt &#8211; \u00e9rintette meg Leonid\u00e1sz kir\u00e1ly szobr\u00e1t, k\u00f6zel k\u00e9t \u00f3r\u00e1t jav\u00edtva tavalyi eredm\u00e9ny\u00e9n. <em><strong>Ideje: 25 \u00f3ra 42 perc 33 m\u00e1sodperc.<\/strong><\/em><\/p>\n<p><em>Forr\u00e1s: igom.hu<\/em><br \/>\n<em>Fot\u00f3: Sparthan photography Club<\/em><\/p>\n","protected":false},"excerpt":{"rendered":"<p>Mar\u00e1z Zsuzsanna, az Esztergomi Fut\u00f3m\u0171vek Amat\u0151r Sportegyes\u00fclet tagja m\u00e1sodszor is c\u00e9lba \u00e9rt az embert pr\u00f3b\u00e1l\u00f3, 246 km hossz\u00fa, Ath\u00e9nt\u00f3l Sp\u00e1rt\u00e1ig tart\u00f3 Spartathlon ultrafut\u00f3versenyen. Els\u0151 magyark\u00e9nt &#8211; abszol\u00fat 10. helyezettk\u00e9nt \u00e9s m\u00e1sodikk\u00e9nt a n\u0151k k\u00f6z\u00f6tt &#8211; \u00e9rintette meg Leonid\u00e1sz kir\u00e1ly szobr\u00e1t, k\u00f6zel k\u00e9t \u00f3r\u00e1t jav\u00edtva tavalyi eredm\u00e9ny\u00e9n. Ideje: 25 \u00f3ra 42 perc 33 m\u00e1sodperc. Forr\u00e1s: igom.hu<\/p>\n","protected":false},"author":1,"featured_media":5976,"comment_status":"closed","ping_status":"closed","sticky":false,"template":"","format":"standard","meta":{"ngg_post_thumbnail":0,"footnotes":""},"categories":[38,3,5],"tags":[42,287,1597,16],"class_list":{"0":"post-5975","1":"post","2":"type-post","3":"status-publish","4":"format-standard","5":"has-post-thumbnail","7":"category-esztergom","8":"category-hirek","9":"category-sport","10":"tag-esztergom","11":"tag-futas","12":"tag-maraz-zsuzsanna","13":"tag-sport"},"yoast_head":"<!-- This site is optimized with the Yoast SEO plugin v27.5 - https:\/\/yoast.com\/product\/yoast-seo-wordpress\/ -->\n<title>Els\u0151 magyark\u00e9nt \u00e9rt c\u00e9lba az esztergomi fut\u00f3<\/title>\n<meta name=\"robots\" content=\"index, follow, max-snippet:-1, max-image-preview:large, max-video-preview:-1\" \/>\n<link rel=\"canonical\" href=\"https:\/\/dorogimedence.hu\/index.php\/2017\/10\/01\/elso-magyarkent-ert-celba-az-esztergomi-futo\/\" class=\"yoast-seo-meta-tag\" \/>\n<meta property=\"og:locale\" content=\"hu_HU\" class=\"yoast-seo-meta-tag\" \/>\n<meta property=\"og:type\" content=\"article\" class=\"yoast-seo-meta-tag\" \/>\n<meta property=\"og:title\" content=\"Els\u0151 magyark\u00e9nt \u00e9rt c\u00e9lba az esztergomi fut\u00f3\" class=\"yoast-seo-meta-tag\" \/>\n<meta property=\"og:description\" content=\"Mar\u00e1z Zsuzsanna, az Esztergomi Fut\u00f3m\u0171vek Amat\u0151r Sportegyes\u00fclet tagja m\u00e1sodszor is c\u00e9lba \u00e9rt az embert pr\u00f3b\u00e1l\u00f3, 246 km hossz\u00fa, Ath\u00e9nt\u00f3l Sp\u00e1rt\u00e1ig tart\u00f3 Spartathlon ultrafut\u00f3versenyen. Els\u0151 magyark\u00e9nt &#8211; abszol\u00fat 10. helyezettk\u00e9nt \u00e9s m\u00e1sodikk\u00e9nt a n\u0151k k\u00f6z\u00f6tt &#8211; \u00e9rintette meg Leonid\u00e1sz kir\u00e1ly szobr\u00e1t, k\u00f6zel k\u00e9t \u00f3r\u00e1t jav\u00edtva tavalyi eredm\u00e9ny\u00e9n. Ideje: 25 \u00f3ra 42 perc 33 m\u00e1sodperc. Forr\u00e1s: igom.hu\" class=\"yoast-seo-meta-tag\" \/>\n<meta property=\"og:url\" content=\"https:\/\/dorogimedence.hu\/index.php\/2017\/10\/01\/elso-magyarkent-ert-celba-az-esztergomi-futo\/\" class=\"yoast-seo-meta-tag\" \/>\n<meta property=\"og:site_name\" content=\"Dorogi-medence Region\u00e1lis H\u00edrport\u00e1l\" class=\"yoast-seo-meta-tag\" \/>\n<meta property=\"article:publisher\" content=\"https:\/\/www.facebook.com\/dorogimedence\/\" class=\"yoast-seo-meta-tag\" \/>\n<meta property=\"article:published_time\" content=\"2017-10-01T07:04:40+00:00\" class=\"yoast-seo-meta-tag\" \/>\n<meta property=\"og:image\" content=\"https:\/\/i0.wp.com\/dorogimedence.hu\/wp-content\/uploads\/2017\/10\/maraz-01.jpg?fit=670%2C365&ssl=1\" class=\"yoast-seo-meta-tag\" \/>\n\t<meta property=\"og:image:width\" content=\"670\" class=\"yoast-seo-meta-tag\" \/>\n\t<meta property=\"og:image:height\" content=\"365\" class=\"yoast-seo-meta-tag\" \/>\n\t<meta property=\"og:image:type\" content=\"image\/jpeg\" class=\"yoast-seo-meta-tag\" \/>\n<meta name=\"author\" content=\"dorogimedence.hu\" class=\"yoast-seo-meta-tag\" \/>\n<meta name=\"twitter:card\" content=\"summary_large_image\" class=\"yoast-seo-meta-tag\" \/>\n<meta name=\"twitter:label1\" content=\"Szerz\u0151:\" class=\"yoast-seo-meta-tag\" \/>\n\t<meta name=\"twitter:data1\" content=\"dorogimedence.hu\" class=\"yoast-seo-meta-tag\" \/>\n<script type=\"application\/ld+json\" class=\"yoast-schema-graph\">{\"@context\":\"https:\\\/\\\/schema.org\",\"@graph\":[{\"@type\":\"Article\",\"@id\":\"https:\\\/\\\/dorogimedence.hu\\\/index.php\\\/2017\\\/10\\\/01\\\/elso-magyarkent-ert-celba-az-esztergomi-futo\\\/#article\",\"isPartOf\":{\"@id\":\"https:\\\/\\\/dorogimedence.hu\\\/index.php\\\/2017\\\/10\\\/01\\\/elso-magyarkent-ert-celba-az-esztergomi-futo\\\/\"},\"author\":{\"name\":\"dorogimedence.hu\",\"@id\":\"https:\\\/\\\/dorogimedence.hu\\\/#\\\/schema\\\/person\\\/ce6091eeb7e95ecdc87890d6aa8e0fd4\"},\"headline\":\"Els\u0151 magyark\u00e9nt \u00e9rt c\u00e9lba az esztergomi fut\u00f3\",\"datePublished\":\"2017-10-01T07:04:40+00:00\",\"mainEntityOfPage\":{\"@id\":\"https:\\\/\\\/dorogimedence.hu\\\/index.php\\\/2017\\\/10\\\/01\\\/elso-magyarkent-ert-celba-az-esztergomi-futo\\\/\"},\"wordCount\":97,\"publisher\":{\"@id\":\"https:\\\/\\\/dorogimedence.hu\\\/#organization\"},\"image\":{\"@id\":\"https:\\\/\\\/dorogimedence.hu\\\/index.php\\\/2017\\\/10\\\/01\\\/elso-magyarkent-ert-celba-az-esztergomi-futo\\\/#primaryimage\"},\"thumbnailUrl\":\"https:\\\/\\\/dorogimedence.hu\\\/wp-content\\\/uploads\\\/2017\\\/10\\\/maraz-01.jpg\",\"keywords\":[\"esztergom\",\"fut\u00e1s\",\"Mar\u00e1z Zsuzsanna\",\"sport\"],\"articleSection\":[\"Esztergom\",\"H\u00edrek\",\"Sport\"],\"inLanguage\":\"hu\"},{\"@type\":\"WebPage\",\"@id\":\"https:\\\/\\\/dorogimedence.hu\\\/index.php\\\/2017\\\/10\\\/01\\\/elso-magyarkent-ert-celba-az-esztergomi-futo\\\/\",\"url\":\"https:\\\/\\\/dorogimedence.hu\\\/index.php\\\/2017\\\/10\\\/01\\\/elso-magyarkent-ert-celba-az-esztergomi-futo\\\/\",\"name\":\"Els\u0151 magyark\u00e9nt \u00e9rt c\u00e9lba az esztergomi fut\u00f3\",\"isPartOf\":{\"@id\":\"https:\\\/\\\/dorogimedence.hu\\\/#website\"},\"primaryImageOfPage\":{\"@id\":\"https:\\\/\\\/dorogimedence.hu\\\/index.php\\\/2017\\\/10\\\/01\\\/elso-magyarkent-ert-celba-az-esztergomi-futo\\\/#primaryimage\"},\"image\":{\"@id\":\"https:\\\/\\\/dorogimedence.hu\\\/index.php\\\/2017\\\/10\\\/01\\\/elso-magyarkent-ert-celba-az-esztergomi-futo\\\/#primaryimage\"},\"thumbnailUrl\":\"https:\\\/\\\/dorogimedence.hu\\\/wp-content\\\/uploads\\\/2017\\\/10\\\/maraz-01.jpg\",\"datePublished\":\"2017-10-01T07:04:40+00:00\",\"breadcrumb\":{\"@id\":\"https:\\\/\\\/dorogimedence.hu\\\/index.php\\\/2017\\\/10\\\/01\\\/elso-magyarkent-ert-celba-az-esztergomi-futo\\\/#breadcrumb\"},\"inLanguage\":\"hu\",\"potentialAction\":[{\"@type\":\"ReadAction\",\"target\":[\"https:\\\/\\\/dorogimedence.hu\\\/index.php\\\/2017\\\/10\\\/01\\\/elso-magyarkent-ert-celba-az-esztergomi-futo\\\/\"]}]},{\"@type\":\"ImageObject\",\"inLanguage\":\"hu\",\"@id\":\"https:\\\/\\\/dorogimedence.hu\\\/index.php\\\/2017\\\/10\\\/01\\\/elso-magyarkent-ert-celba-az-esztergomi-futo\\\/#primaryimage\",\"url\":\"https:\\\/\\\/dorogimedence.hu\\\/wp-content\\\/uploads\\\/2017\\\/10\\\/maraz-01.jpg\",\"contentUrl\":\"https:\\\/\\\/dorogimedence.hu\\\/wp-content\\\/uploads\\\/2017\\\/10\\\/maraz-01.jpg\",\"width\":670,\"height\":365},{\"@type\":\"BreadcrumbList\",\"@id\":\"https:\\\/\\\/dorogimedence.hu\\\/index.php\\\/2017\\\/10\\\/01\\\/elso-magyarkent-ert-celba-az-esztergomi-futo\\\/#breadcrumb\",\"itemListElement\":[{\"@type\":\"ListItem\",\"position\":1,\"name\":\"Kezd\u0151lap\",\"item\":\"https:\\\/\\\/dorogimedence.hu\\\/\"},{\"@type\":\"ListItem\",\"position\":2,\"name\":\"Els\u0151 magyark\u00e9nt \u00e9rt c\u00e9lba az esztergomi fut\u00f3\"}]},{\"@type\":\"WebSite\",\"@id\":\"https:\\\/\\\/dorogimedence.hu\\\/#website\",\"url\":\"https:\\\/\\\/dorogimedence.hu\\\/\",\"name\":\"Dorogi-medence Region\u00e1lis H\u00edrport\u00e1l\",\"description\":\"Dorog, Keszt\u00f6lc, Le\u00e1nyv\u00e1r, Piliscs\u00e9v, Tokod, Tokodalt\u00e1r\u00f3, Csolnok, Esztergom-kertv\u00e1ros: h\u00edrek, programok\",\"publisher\":{\"@id\":\"https:\\\/\\\/dorogimedence.hu\\\/#organization\"},\"potentialAction\":[{\"@type\":\"SearchAction\",\"target\":{\"@type\":\"EntryPoint\",\"urlTemplate\":\"https:\\\/\\\/dorogimedence.hu\\\/?s={search_term_string}\"},\"query-input\":{\"@type\":\"PropertyValueSpecification\",\"valueRequired\":true,\"valueName\":\"search_term_string\"}}],\"inLanguage\":\"hu\"},{\"@type\":\"Organization\",\"@id\":\"https:\\\/\\\/dorogimedence.hu\\\/#organization\",\"name\":\"Dorogi-medence Region\u00e1lis H\u00edrport\u00e1l\",\"url\":\"https:\\\/\\\/dorogimedence.hu\\\/\",\"logo\":{\"@type\":\"ImageObject\",\"inLanguage\":\"hu\",\"@id\":\"https:\\\/\\\/dorogimedence.hu\\\/#\\\/schema\\\/logo\\\/image\\\/\",\"url\":\"https:\\\/\\\/dorogimedence.hu\\\/wp-content\\\/uploads\\\/2021\\\/04\\\/logo-feher-600.png\",\"contentUrl\":\"https:\\\/\\\/dorogimedence.hu\\\/wp-content\\\/uploads\\\/2021\\\/04\\\/logo-feher-600.png\",\"width\":600,\"height\":100,\"caption\":\"Dorogi-medence Region\u00e1lis H\u00edrport\u00e1l\"},\"image\":{\"@id\":\"https:\\\/\\\/dorogimedence.hu\\\/#\\\/schema\\\/logo\\\/image\\\/\"},\"sameAs\":[\"https:\\\/\\\/www.facebook.com\\\/dorogimedence\\\/\"]},{\"@type\":\"Person\",\"@id\":\"https:\\\/\\\/dorogimedence.hu\\\/#\\\/schema\\\/person\\\/ce6091eeb7e95ecdc87890d6aa8e0fd4\",\"name\":\"dorogimedence.hu\",\"image\":{\"@type\":\"ImageObject\",\"inLanguage\":\"hu\",\"@id\":\"\\\/\\\/www.gravatar.com\\\/avatar\\\/d8d45f8901aadff40a4af72c0b826f1d?s=96&#038;r=g&#038;d=mm\",\"url\":\"\\\/\\\/www.gravatar.com\\\/avatar\\\/d8d45f8901aadff40a4af72c0b826f1d?s=96&#038;r=g&#038;d=mm\",\"contentUrl\":\"\\\/\\\/www.gravatar.com\\\/avatar\\\/d8d45f8901aadff40a4af72c0b826f1d?s=96&#038;r=g&#038;d=mm\",\"caption\":\"dorogimedence.hu\"}}]}<\/script>\n<!-- \/ Yoast SEO plugin. -->","yoast_head_json":{"title":"Els\u0151 magyark\u00e9nt \u00e9rt c\u00e9lba az esztergomi fut\u00f3","robots":{"index":"index","follow":"follow","max-snippet":"max-snippet:-1","max-image-preview":"max-image-preview:large","max-video-preview":"max-video-preview:-1"},"canonical":"https:\/\/dorogimedence.hu\/index.php\/2017\/10\/01\/elso-magyarkent-ert-celba-az-esztergomi-futo\/","og_locale":"hu_HU","og_type":"article","og_title":"Els\u0151 magyark\u00e9nt \u00e9rt c\u00e9lba az esztergomi fut\u00f3","og_description":"Mar\u00e1z Zsuzsanna, az Esztergomi Fut\u00f3m\u0171vek Amat\u0151r Sportegyes\u00fclet tagja m\u00e1sodszor is c\u00e9lba \u00e9rt az embert pr\u00f3b\u00e1l\u00f3, 246 km hossz\u00fa, Ath\u00e9nt\u00f3l Sp\u00e1rt\u00e1ig tart\u00f3 Spartathlon ultrafut\u00f3versenyen. Els\u0151 magyark\u00e9nt &#8211; abszol\u00fat 10. helyezettk\u00e9nt \u00e9s m\u00e1sodikk\u00e9nt a n\u0151k k\u00f6z\u00f6tt &#8211; \u00e9rintette meg Leonid\u00e1sz kir\u00e1ly szobr\u00e1t, k\u00f6zel k\u00e9t \u00f3r\u00e1t jav\u00edtva tavalyi eredm\u00e9ny\u00e9n. Ideje: 25 \u00f3ra 42 perc 33 m\u00e1sodperc. Forr\u00e1s: igom.hu","og_url":"https:\/\/dorogimedence.hu\/index.php\/2017\/10\/01\/elso-magyarkent-ert-celba-az-esztergomi-futo\/","og_site_name":"Dorogi-medence Region\u00e1lis H\u00edrport\u00e1l","article_publisher":"https:\/\/www.facebook.com\/dorogimedence\/","article_published_time":"2017-10-01T07:04:40+00:00","og_image":[{"width":670,"height":365,"url":"https:\/\/i0.wp.com\/dorogimedence.hu\/wp-content\/uploads\/2017\/10\/maraz-01.jpg?fit=670%2C365&ssl=1","type":"image\/jpeg"}],"author":"dorogimedence.hu","twitter_card":"summary_large_image","twitter_misc":{"Szerz\u0151:":"dorogimedence.hu"},"schema":{"@context":"https:\/\/schema.org","@graph":[{"@type":"Article","@id":"https:\/\/dorogimedence.hu\/index.php\/2017\/10\/01\/elso-magyarkent-ert-celba-az-esztergomi-futo\/#article","isPartOf":{"@id":"https:\/\/dorogimedence.hu\/index.php\/2017\/10\/01\/elso-magyarkent-ert-celba-az-esztergomi-futo\/"},"author":{"name":"dorogimedence.hu","@id":"https:\/\/dorogimedence.hu\/#\/schema\/person\/ce6091eeb7e95ecdc87890d6aa8e0fd4"},"headline":"Els\u0151 magyark\u00e9nt \u00e9rt c\u00e9lba az esztergomi fut\u00f3","datePublished":"2017-10-01T07:04:40+00:00","mainEntityOfPage":{"@id":"https:\/\/dorogimedence.hu\/index.php\/2017\/10\/01\/elso-magyarkent-ert-celba-az-esztergomi-futo\/"},"wordCount":97,"publisher":{"@id":"https:\/\/dorogimedence.hu\/#organization"},"image":{"@id":"https:\/\/dorogimedence.hu\/index.php\/2017\/10\/01\/elso-magyarkent-ert-celba-az-esztergomi-futo\/#primaryimage"},"thumbnailUrl":"https:\/\/dorogimedence.hu\/wp-content\/uploads\/2017\/10\/maraz-01.jpg","keywords":["esztergom","fut\u00e1s","Mar\u00e1z Zsuzsanna","sport"],"articleSection":["Esztergom","H\u00edrek","Sport"],"inLanguage":"hu"},{"@type":"WebPage","@id":"https:\/\/dorogimedence.hu\/index.php\/2017\/10\/01\/elso-magyarkent-ert-celba-az-esztergomi-futo\/","url":"https:\/\/dorogimedence.hu\/index.php\/2017\/10\/01\/elso-magyarkent-ert-celba-az-esztergomi-futo\/","name":"Els\u0151 magyark\u00e9nt \u00e9rt c\u00e9lba az esztergomi fut\u00f3","isPartOf":{"@id":"https:\/\/dorogimedence.hu\/#website"},"primaryImageOfPage":{"@id":"https:\/\/dorogimedence.hu\/index.php\/2017\/10\/01\/elso-magyarkent-ert-celba-az-esztergomi-futo\/#primaryimage"},"image":{"@id":"https:\/\/dorogimedence.hu\/index.php\/2017\/10\/01\/elso-magyarkent-ert-celba-az-esztergomi-futo\/#primaryimage"},"thumbnailUrl":"https:\/\/dorogimedence.hu\/wp-content\/uploads\/2017\/10\/maraz-01.jpg","datePublished":"2017-10-01T07:04:40+00:00","breadcrumb":{"@id":"https:\/\/dorogimedence.hu\/index.php\/2017\/10\/01\/elso-magyarkent-ert-celba-az-esztergomi-futo\/#breadcrumb"},"inLanguage":"hu","potentialAction":[{"@type":"ReadAction","target":["https:\/\/dorogimedence.hu\/index.php\/2017\/10\/01\/elso-magyarkent-ert-celba-az-esztergomi-futo\/"]}]},{"@type":"ImageObject","inLanguage":"hu","@id":"https:\/\/dorogimedence.hu\/index.php\/2017\/10\/01\/elso-magyarkent-ert-celba-az-esztergomi-futo\/#primaryimage","url":"https:\/\/dorogimedence.hu\/wp-content\/uploads\/2017\/10\/maraz-01.jpg","contentUrl":"https:\/\/dorogimedence.hu\/wp-content\/uploads\/2017\/10\/maraz-01.jpg","width":670,"height":365},{"@type":"BreadcrumbList","@id":"https:\/\/dorogimedence.hu\/index.php\/2017\/10\/01\/elso-magyarkent-ert-celba-az-esztergomi-futo\/#breadcrumb","itemListElement":[{"@type":"ListItem","position":1,"name":"Kezd\u0151lap","item":"https:\/\/dorogimedence.hu\/"},{"@type":"ListItem","position":2,"name":"Els\u0151 magyark\u00e9nt \u00e9rt c\u00e9lba az esztergomi fut\u00f3"}]},{"@type":"WebSite","@id":"https:\/\/dorogimedence.hu\/#website","url":"https:\/\/dorogimedence.hu\/","name":"Dorogi-medence Region\u00e1lis H\u00edrport\u00e1l","description":"Dorog, Keszt\u00f6lc, Le\u00e1nyv\u00e1r, Piliscs\u00e9v, Tokod, Tokodalt\u00e1r\u00f3, Csolnok, Esztergom-kertv\u00e1ros: h\u00edrek, programok","publisher":{"@id":"https:\/\/dorogimedence.hu\/#organization"},"potentialAction":[{"@type":"SearchAction","target":{"@type":"EntryPoint","urlTemplate":"https:\/\/dorogimedence.hu\/?s={search_term_string}"},"query-input":{"@type":"PropertyValueSpecification","valueRequired":true,"valueName":"search_term_string"}}],"inLanguage":"hu"},{"@type":"Organization","@id":"https:\/\/dorogimedence.hu\/#organization","name":"Dorogi-medence Region\u00e1lis H\u00edrport\u00e1l","url":"https:\/\/dorogimedence.hu\/","logo":{"@type":"ImageObject","inLanguage":"hu","@id":"https:\/\/dorogimedence.hu\/#\/schema\/logo\/image\/","url":"https:\/\/dorogimedence.hu\/wp-content\/uploads\/2021\/04\/logo-feher-600.png","contentUrl":"https:\/\/dorogimedence.hu\/wp-content\/uploads\/2021\/04\/logo-feher-600.png","width":600,"height":100,"caption":"Dorogi-medence Region\u00e1lis H\u00edrport\u00e1l"},"image":{"@id":"https:\/\/dorogimedence.hu\/#\/schema\/logo\/image\/"},"sameAs":["https:\/\/www.facebook.com\/dorogimedence\/"]},{"@type":"Person","@id":"https:\/\/dorogimedence.hu\/#\/schema\/person\/ce6091eeb7e95ecdc87890d6aa8e0fd4","name":"dorogimedence.hu","image":{"@type":"ImageObject","inLanguage":"hu","@id":"\/\/www.gravatar.com\/avatar\/d8d45f8901aadff40a4af72c0b826f1d?s=96&#038;r=g&#038;d=mm","url":"\/\/www.gravatar.com\/avatar\/d8d45f8901aadff40a4af72c0b826f1d?s=96&#038;r=g&#038;d=mm","contentUrl":"\/\/www.gravatar.com\/avatar\/d8d45f8901aadff40a4af72c0b826f1d?s=96&#038;r=g&#038;d=mm","caption":"dorogimedence.hu"}}]}},"_links":{"self":[{"href":"https:\/\/dorogimedence.hu\/index.php\/wp-json\/wp\/v2\/posts\/5975","targetHints":{"allow":["GET"]}}],"collection":[{"href":"https:\/\/dorogimedence.hu\/index.php\/wp-json\/wp\/v2\/posts"}],"about":[{"href":"https:\/\/dorogimedence.hu\/index.php\/wp-json\/wp\/v2\/types\/post"}],"author":[{"embeddable":true,"href":"https:\/\/dorogimedence.hu\/index.php\/wp-json\/wp\/v2\/users\/1"}],"replies":[{"embeddable":true,"href":"https:\/\/dorogimedence.hu\/index.php\/wp-json\/wp\/v2\/comments?post=5975"}],"version-history":[{"count":0,"href":"https:\/\/dorogimedence.hu\/index.php\/wp-json\/wp\/v2\/posts\/5975\/revisions"}],"wp:featuredmedia":[{"embeddable":true,"href":"https:\/\/dorogimedence.hu\/index.php\/wp-json\/wp\/v2\/media\/5976"}],"wp:attachment":[{"href":"https:\/\/dorogimedence.hu\/index.php\/wp-json\/wp\/v2\/media?parent=5975"}],"wp:term":[{"taxonomy":"category","embeddable":true,"href":"https:\/\/dorogimedence.hu\/index.php\/wp-json\/wp\/v2\/categories?post=5975"},{"taxonomy":"post_tag","embeddable":true,"href":"https:\/\/dorogimedence.hu\/index.php\/wp-json\/wp\/v2\/tags?post=5975"}],"curies":[{"name":"wp","href":"https:\/\/api.w.org\/{rel}","templated":true}]}}