{"id":5972,"date":"2017-10-01T08:43:30","date_gmt":"2017-10-01T06:43:30","guid":{"rendered":"http:\/\/dorogimedence.hu\/?p=5972"},"modified":"2017-10-01T08:43:30","modified_gmt":"2017-10-01T06:43:30","slug":"szent-istvan-dijjal-tuntettek-ki-a-duna-televiziot-esztergomban","status":"publish","type":"post","link":"https:\/\/dorogimedence.hu\/index.php\/2017\/10\/01\/szent-istvan-dijjal-tuntettek-ki-a-duna-televiziot-esztergomban\/","title":{"rendered":"Szent Istv\u00e1n-d\u00edjjal t\u00fcntett\u00e9k ki a Duna Telev\u00edzi\u00f3t Esztergomban"},"content":{"rendered":"<p><strong>Szent Istv\u00e1n-d\u00edjat vett \u00e1t a Duna M\u00e9diaszolg\u00e1ltat\u00f3 Nonprofit Zrt. vez\u00e9rigazgat\u00f3ja, Dobos Menyh\u00e9rt szombaton az esztergomi V\u00e1rm\u00fazeum lovagterm\u00e9ben.<\/strong><\/p>\n<p>A Szent Istv\u00e1n-eml\u00e9k\u00e9remmel Ilosvai G\u00e1bort, az orsz\u00e1gos m\u00e9diatest\u00fclet tagj\u00e1t t\u00fcntett\u00e9k ki, a d\u00edjat oda\u00edt\u00e9l\u0151 alap\u00edtv\u00e1ny l\u00e9trehoz\u00e1s\u00e1ban szerzett \u00e9rdemei\u00e9rt.<\/p>\n<p>A Duna Telev\u00edzi\u00f3nak k\u00f6sz\u00f6nhet\u0151en &#8222;t\u00f6bbet tudunk \u00f6nmagunkr\u00f3l, mint 25 \u00e9vvel ezel\u0151tt&#8221;. Az ad\u00e1s \u00f6sszek\u00f6ti a vil\u00e1g magyars\u00e1g\u00e1t, sz\u00e1mot ad a vel\u00fcnk t\u00f6rt\u00e9nt esem\u00e9ny\u00e9r\u0151l, ezzel k\u00fcldet\u00e9se p\u00f3tolhatatlan &#8211; mondta az elismer\u00e9s \u00e1tad\u00e1sa el\u0151tt Farkas Iv\u00e1n, a szlov\u00e1kiai Magyar K\u00f6z\u00f6ss\u00e9g P\u00e1rtj\u00e1nak aleln\u00f6ke.<\/p>\n<p>A rendezv\u00e9nyen felolvast\u00e1k Orb\u00e1n Viktor minisztereln\u00f6k k\u00f6sz\u00f6nt\u0151j\u00e9t. Ebben kiemelte, hogy &#8222;a Duna Telev\u00edzi\u00f3 \u00e9letre h\u00edv\u00e1sa az anyaorsz\u00e1gi \u00e9s a hat\u00e1ron t\u00fali magyars\u00e1g k\u00f6z\u00f6tti kapcsolat \u00e1pol\u00e1s\u00e1\u00e9rt, az \u00f6sszetartoz\u00e1s felel\u0151ss\u00e9g\u00e9nek \u00e9s v\u00e9delm\u00e9nek meger\u0151s\u00edt\u00e9s\u00e9\u00e9rt ind\u00edtott kezdem\u00e9nyez\u00e9s gy\u00fcm\u00f6lcse, melynek ind\u00edttat\u00e1sa \u00e9s c\u00e9lja egy a Szent Istv\u00e1n-d\u00edj megalap\u00edt\u00e1s\u00e1val&#8221;.<br \/>\nT\u0151k\u00e9s L\u00e1szl\u00f3 p\u00fcsp\u00f6k szint\u00e9n lev\u00e9lben k\u00f6sz\u00f6nt\u00f6tte a d\u00edjazottat. Szavai szerint &#8222;a Duna Telev\u00edzi\u00f3 arra a korszakos feladatra v\u00e1llalkozott, hogy az Illy\u00e9s Gyula-i haz\u00e1t a magasb\u00f3l a f\u00f6ldre hozza&#8221;. Ebben el\u00e9v\u00fclhetetlen \u00e9rdemei vannak S\u00e1ra S\u00e1ndornak, az int\u00e9zm\u00e9ny els\u0151 vezet\u0151j\u00e9nek &#8211; tette hozz\u00e1.<\/p>\n<p>Jankovics Marcell, az alap\u00edtv\u00e1ny eln\u00f6ke felid\u00e9zte, azzal a k\u00fcldet\u00e9ssel indult a m\u0171sorfolyam, hogy &#8222;helyre\u00e1ll\u00edtson valamit, ami visszavonhatatlanul s\u00e9r\u00fclt, helyrebillentsen egy \u00f6nmag\u00e1b\u00f3l kifordult vil\u00e1got&#8221;.<\/p>\n<p>A Szent Istv\u00e1n-eml\u00e9k\u00e9rmet Lovass Tibor, a Helyi Telev\u00edzi\u00f3sok Orsz\u00e1gos Egyes\u00fclet\u00e9nek eln\u00f6ke adta \u00e1t Ilosvai G\u00e1bor \u00fcgyv\u00e9dnek a Szent Istv\u00e1n-d\u00edj Alap\u00edtv\u00e1ny l\u00e9trehoz\u00e1s\u00e1ban szerzett \u00e9rdemei\u00e9rt.<br \/>\nLovass Tibor elmondta, a K\u00f6rzeti Telev\u00edzi\u00f3 Esztergom a Kom\u00e1rom-Esztergom megye egyetlen sug\u00e1rz\u00f3 telev\u00edzi\u00f3ja. Az ad\u00f3 \u00f6t \u00e9ve sug\u00e1rozza a p\u00e1rk\u00e1nyi m\u0171sork\u00e9sz\u00edt\u0151k m\u0171sorait \u00e9s a m\u00e9diahat\u00f3s\u00e1gok enged\u00e9lyeivel hamarosan megt\u00edzszerezi teljes\u00edtm\u00e9ny\u00e9t.<\/p>\n<p>A 2017-ben XV. alkalommal \u00e1tadott Szent Istv\u00e1n-d\u00edjat jelk\u00e9pez\u0151 szobor Melocco Mikl\u00f3s alkot\u00e1sa; a kir\u00e1lyt \u00e1br\u00e1zolja, amint a keresztet mindk\u00e9t kez\u00e9vel magasba emeli nemzete el\u0151tt. A d\u00edjazottakat minden \u00e9vben k\u00f6zv\u00e9lem\u00e9ny-kutat\u00e1s \u00e9s internetes szavaz\u00e1s ut\u00e1n v\u00e1lasztja ki az alap\u00edtv\u00e1ny kurat\u00f3riuma.<\/p>\n<p>A Szent Istv\u00e1n-d\u00edj Alap\u00edtv\u00e1nyt Bihari Antal, a K\u00f6rzeti Telev\u00edzi\u00f3 Esztergom vezet\u0151je 2001-ben hozta l\u00e9tre az \u00f6sszmagyars\u00e1g kultur\u00e1lis \u00e9let\u00e9nek seg\u00edt\u00e9s\u00e9re, a kultur\u00e1lis \u00f6r\u00f6ks\u00e9g v\u00e9delm\u00e9re. A d\u00edjjal els\u0151k\u00e9nt Orb\u00e1n Viktor minisztereln\u00f6k\u00f6t t\u00fcntett\u00e9k ki, de birtokosai k\u00f6z\u00f6tt van Nemesk\u00fcrty Istv\u00e1n, Makovecz Imre, a P\u00fcski h\u00e1zasp\u00e1r, T\u0151k\u00e9s L\u00e1szl\u00f3 \u00e9s Kall\u00f3s Zolt\u00e1n.<\/p>\n<p><em>Forr\u00e1s: MTI<\/em><br \/>\n<em><span id=\"ctl05_lbLead4\"> MTI Fot\u00f3: Kov\u00e1cs Attila<\/span><\/em><\/p>\n","protected":false},"excerpt":{"rendered":"<p>Szent Istv\u00e1n-d\u00edjat vett \u00e1t a Duna M\u00e9diaszolg\u00e1ltat\u00f3 Nonprofit Zrt. vez\u00e9rigazgat\u00f3ja, Dobos Menyh\u00e9rt szombaton az esztergomi V\u00e1rm\u00fazeum lovagterm\u00e9ben. A Szent Istv\u00e1n-eml\u00e9k\u00e9remmel Ilosvai G\u00e1bort, az orsz\u00e1gos m\u00e9diatest\u00fclet tagj\u00e1t t\u00fcntett\u00e9k ki, a d\u00edjat oda\u00edt\u00e9l\u0151 alap\u00edtv\u00e1ny l\u00e9trehoz\u00e1s\u00e1ban szerzett \u00e9rdemei\u00e9rt. A Duna Telev\u00edzi\u00f3nak k\u00f6sz\u00f6nhet\u0151en &#8222;t\u00f6bbet tudunk \u00f6nmagunkr\u00f3l, mint 25 \u00e9vvel ezel\u0151tt&#8221;. Az ad\u00e1s \u00f6sszek\u00f6ti a vil\u00e1g magyars\u00e1g\u00e1t, sz\u00e1mot ad a<\/p>\n","protected":false},"author":1,"featured_media":5973,"comment_status":"closed","ping_status":"closed","sticky":false,"template":"","format":"standard","meta":{"ngg_post_thumbnail":0,"footnotes":""},"categories":[38,3],"tags":[553,42,1635],"class_list":{"0":"post-5972","1":"post","2":"type-post","3":"status-publish","4":"format-standard","5":"has-post-thumbnail","7":"category-esztergom","8":"category-hirek","9":"tag-duna-tv","10":"tag-esztergom","11":"tag-szent-istvan-dij"},"yoast_head":"<!-- This site is optimized with the Yoast SEO plugin v27.4 - https:\/\/yoast.com\/product\/yoast-seo-wordpress\/ -->\n<title>Szent Istv\u00e1n-d\u00edjjal t\u00fcntett\u00e9k ki a Duna Telev\u00edzi\u00f3t Esztergomban<\/title>\n<meta name=\"robots\" content=\"index, follow, max-snippet:-1, max-image-preview:large, max-video-preview:-1\" \/>\n<link rel=\"canonical\" href=\"https:\/\/dorogimedence.hu\/index.php\/2017\/10\/01\/szent-istvan-dijjal-tuntettek-ki-a-duna-televiziot-esztergomban\/\" class=\"yoast-seo-meta-tag\" \/>\n<meta property=\"og:locale\" content=\"hu_HU\" class=\"yoast-seo-meta-tag\" \/>\n<meta property=\"og:type\" content=\"article\" class=\"yoast-seo-meta-tag\" \/>\n<meta property=\"og:title\" content=\"Szent Istv\u00e1n-d\u00edjjal t\u00fcntett\u00e9k ki a Duna Telev\u00edzi\u00f3t Esztergomban\" class=\"yoast-seo-meta-tag\" \/>\n<meta property=\"og:description\" content=\"Szent Istv\u00e1n-d\u00edjat vett \u00e1t a Duna M\u00e9diaszolg\u00e1ltat\u00f3 Nonprofit Zrt. vez\u00e9rigazgat\u00f3ja, Dobos Menyh\u00e9rt szombaton az esztergomi V\u00e1rm\u00fazeum lovagterm\u00e9ben. A Szent Istv\u00e1n-eml\u00e9k\u00e9remmel Ilosvai G\u00e1bort, az orsz\u00e1gos m\u00e9diatest\u00fclet tagj\u00e1t t\u00fcntett\u00e9k ki, a d\u00edjat oda\u00edt\u00e9l\u0151 alap\u00edtv\u00e1ny l\u00e9trehoz\u00e1s\u00e1ban szerzett \u00e9rdemei\u00e9rt. A Duna Telev\u00edzi\u00f3nak k\u00f6sz\u00f6nhet\u0151en &#8222;t\u00f6bbet tudunk \u00f6nmagunkr\u00f3l, mint 25 \u00e9vvel ezel\u0151tt&#8221;. Az ad\u00e1s \u00f6sszek\u00f6ti a vil\u00e1g magyars\u00e1g\u00e1t, sz\u00e1mot ad a\" class=\"yoast-seo-meta-tag\" \/>\n<meta property=\"og:url\" content=\"https:\/\/dorogimedence.hu\/index.php\/2017\/10\/01\/szent-istvan-dijjal-tuntettek-ki-a-duna-televiziot-esztergomban\/\" class=\"yoast-seo-meta-tag\" \/>\n<meta property=\"og:site_name\" content=\"Dorogi-medence Region\u00e1lis H\u00edrport\u00e1l\" class=\"yoast-seo-meta-tag\" \/>\n<meta property=\"article:publisher\" content=\"https:\/\/www.facebook.com\/dorogimedence\/\" class=\"yoast-seo-meta-tag\" \/>\n<meta property=\"article:published_time\" content=\"2017-10-01T06:43:30+00:00\" class=\"yoast-seo-meta-tag\" \/>\n<meta property=\"og:image\" content=\"https:\/\/i0.wp.com\/dorogimedence.hu\/wp-content\/uploads\/2017\/10\/dunatv-dij.jpg?fit=670%2C365&ssl=1\" class=\"yoast-seo-meta-tag\" \/>\n\t<meta property=\"og:image:width\" content=\"670\" class=\"yoast-seo-meta-tag\" \/>\n\t<meta property=\"og:image:height\" content=\"365\" class=\"yoast-seo-meta-tag\" \/>\n\t<meta property=\"og:image:type\" content=\"image\/jpeg\" class=\"yoast-seo-meta-tag\" \/>\n<meta name=\"author\" content=\"dorogimedence.hu\" class=\"yoast-seo-meta-tag\" \/>\n<meta name=\"twitter:card\" content=\"summary_large_image\" class=\"yoast-seo-meta-tag\" \/>\n<meta name=\"twitter:label1\" content=\"Szerz\u0151:\" class=\"yoast-seo-meta-tag\" \/>\n\t<meta name=\"twitter:data1\" content=\"dorogimedence.hu\" class=\"yoast-seo-meta-tag\" \/>\n\t<meta name=\"twitter:label2\" content=\"Becs\u00fclt olvas\u00e1si id\u0151\" class=\"yoast-seo-meta-tag\" \/>\n\t<meta name=\"twitter:data2\" content=\"3 perc\" class=\"yoast-seo-meta-tag\" \/>\n<script type=\"application\/ld+json\" class=\"yoast-schema-graph\">{\"@context\":\"https:\\\/\\\/schema.org\",\"@graph\":[{\"@type\":\"Article\",\"@id\":\"https:\\\/\\\/dorogimedence.hu\\\/index.php\\\/2017\\\/10\\\/01\\\/szent-istvan-dijjal-tuntettek-ki-a-duna-televiziot-esztergomban\\\/#article\",\"isPartOf\":{\"@id\":\"https:\\\/\\\/dorogimedence.hu\\\/index.php\\\/2017\\\/10\\\/01\\\/szent-istvan-dijjal-tuntettek-ki-a-duna-televiziot-esztergomban\\\/\"},\"author\":{\"name\":\"dorogimedence.hu\",\"@id\":\"https:\\\/\\\/dorogimedence.hu\\\/#\\\/schema\\\/person\\\/ce6091eeb7e95ecdc87890d6aa8e0fd4\"},\"headline\":\"Szent Istv\u00e1n-d\u00edjjal t\u00fcntett\u00e9k ki a Duna Telev\u00edzi\u00f3t Esztergomban\",\"datePublished\":\"2017-10-01T06:43:30+00:00\",\"mainEntityOfPage\":{\"@id\":\"https:\\\/\\\/dorogimedence.hu\\\/index.php\\\/2017\\\/10\\\/01\\\/szent-istvan-dijjal-tuntettek-ki-a-duna-televiziot-esztergomban\\\/\"},\"wordCount\":585,\"publisher\":{\"@id\":\"https:\\\/\\\/dorogimedence.hu\\\/#organization\"},\"image\":{\"@id\":\"https:\\\/\\\/dorogimedence.hu\\\/index.php\\\/2017\\\/10\\\/01\\\/szent-istvan-dijjal-tuntettek-ki-a-duna-televiziot-esztergomban\\\/#primaryimage\"},\"thumbnailUrl\":\"https:\\\/\\\/dorogimedence.hu\\\/wp-content\\\/uploads\\\/2017\\\/10\\\/dunatv-dij.jpg\",\"keywords\":[\"Duna TV\",\"esztergom\",\"Szent Istv\u00e1n-d\u00edj\"],\"articleSection\":[\"Esztergom\",\"H\u00edrek\"],\"inLanguage\":\"hu\"},{\"@type\":\"WebPage\",\"@id\":\"https:\\\/\\\/dorogimedence.hu\\\/index.php\\\/2017\\\/10\\\/01\\\/szent-istvan-dijjal-tuntettek-ki-a-duna-televiziot-esztergomban\\\/\",\"url\":\"https:\\\/\\\/dorogimedence.hu\\\/index.php\\\/2017\\\/10\\\/01\\\/szent-istvan-dijjal-tuntettek-ki-a-duna-televiziot-esztergomban\\\/\",\"name\":\"Szent Istv\u00e1n-d\u00edjjal t\u00fcntett\u00e9k ki a Duna Telev\u00edzi\u00f3t Esztergomban\",\"isPartOf\":{\"@id\":\"https:\\\/\\\/dorogimedence.hu\\\/#website\"},\"primaryImageOfPage\":{\"@id\":\"https:\\\/\\\/dorogimedence.hu\\\/index.php\\\/2017\\\/10\\\/01\\\/szent-istvan-dijjal-tuntettek-ki-a-duna-televiziot-esztergomban\\\/#primaryimage\"},\"image\":{\"@id\":\"https:\\\/\\\/dorogimedence.hu\\\/index.php\\\/2017\\\/10\\\/01\\\/szent-istvan-dijjal-tuntettek-ki-a-duna-televiziot-esztergomban\\\/#primaryimage\"},\"thumbnailUrl\":\"https:\\\/\\\/dorogimedence.hu\\\/wp-content\\\/uploads\\\/2017\\\/10\\\/dunatv-dij.jpg\",\"datePublished\":\"2017-10-01T06:43:30+00:00\",\"breadcrumb\":{\"@id\":\"https:\\\/\\\/dorogimedence.hu\\\/index.php\\\/2017\\\/10\\\/01\\\/szent-istvan-dijjal-tuntettek-ki-a-duna-televiziot-esztergomban\\\/#breadcrumb\"},\"inLanguage\":\"hu\",\"potentialAction\":[{\"@type\":\"ReadAction\",\"target\":[\"https:\\\/\\\/dorogimedence.hu\\\/index.php\\\/2017\\\/10\\\/01\\\/szent-istvan-dijjal-tuntettek-ki-a-duna-televiziot-esztergomban\\\/\"]}]},{\"@type\":\"ImageObject\",\"inLanguage\":\"hu\",\"@id\":\"https:\\\/\\\/dorogimedence.hu\\\/index.php\\\/2017\\\/10\\\/01\\\/szent-istvan-dijjal-tuntettek-ki-a-duna-televiziot-esztergomban\\\/#primaryimage\",\"url\":\"https:\\\/\\\/dorogimedence.hu\\\/wp-content\\\/uploads\\\/2017\\\/10\\\/dunatv-dij.jpg\",\"contentUrl\":\"https:\\\/\\\/dorogimedence.hu\\\/wp-content\\\/uploads\\\/2017\\\/10\\\/dunatv-dij.jpg\",\"width\":670,\"height\":365},{\"@type\":\"BreadcrumbList\",\"@id\":\"https:\\\/\\\/dorogimedence.hu\\\/index.php\\\/2017\\\/10\\\/01\\\/szent-istvan-dijjal-tuntettek-ki-a-duna-televiziot-esztergomban\\\/#breadcrumb\",\"itemListElement\":[{\"@type\":\"ListItem\",\"position\":1,\"name\":\"Kezd\u0151lap\",\"item\":\"https:\\\/\\\/dorogimedence.hu\\\/\"},{\"@type\":\"ListItem\",\"position\":2,\"name\":\"Szent Istv\u00e1n-d\u00edjjal t\u00fcntett\u00e9k ki a Duna Telev\u00edzi\u00f3t Esztergomban\"}]},{\"@type\":\"WebSite\",\"@id\":\"https:\\\/\\\/dorogimedence.hu\\\/#website\",\"url\":\"https:\\\/\\\/dorogimedence.hu\\\/\",\"name\":\"Dorogi-medence Region\u00e1lis H\u00edrport\u00e1l\",\"description\":\"Dorog, Keszt\u00f6lc, Le\u00e1nyv\u00e1r, Piliscs\u00e9v, Tokod, Tokodalt\u00e1r\u00f3, Csolnok, Esztergom-kertv\u00e1ros: h\u00edrek, programok\",\"publisher\":{\"@id\":\"https:\\\/\\\/dorogimedence.hu\\\/#organization\"},\"potentialAction\":[{\"@type\":\"SearchAction\",\"target\":{\"@type\":\"EntryPoint\",\"urlTemplate\":\"https:\\\/\\\/dorogimedence.hu\\\/?s={search_term_string}\"},\"query-input\":{\"@type\":\"PropertyValueSpecification\",\"valueRequired\":true,\"valueName\":\"search_term_string\"}}],\"inLanguage\":\"hu\"},{\"@type\":\"Organization\",\"@id\":\"https:\\\/\\\/dorogimedence.hu\\\/#organization\",\"name\":\"Dorogi-medence Region\u00e1lis H\u00edrport\u00e1l\",\"url\":\"https:\\\/\\\/dorogimedence.hu\\\/\",\"logo\":{\"@type\":\"ImageObject\",\"inLanguage\":\"hu\",\"@id\":\"https:\\\/\\\/dorogimedence.hu\\\/#\\\/schema\\\/logo\\\/image\\\/\",\"url\":\"https:\\\/\\\/dorogimedence.hu\\\/wp-content\\\/uploads\\\/2021\\\/04\\\/logo-feher-600.png\",\"contentUrl\":\"https:\\\/\\\/dorogimedence.hu\\\/wp-content\\\/uploads\\\/2021\\\/04\\\/logo-feher-600.png\",\"width\":600,\"height\":100,\"caption\":\"Dorogi-medence Region\u00e1lis H\u00edrport\u00e1l\"},\"image\":{\"@id\":\"https:\\\/\\\/dorogimedence.hu\\\/#\\\/schema\\\/logo\\\/image\\\/\"},\"sameAs\":[\"https:\\\/\\\/www.facebook.com\\\/dorogimedence\\\/\"]},{\"@type\":\"Person\",\"@id\":\"https:\\\/\\\/dorogimedence.hu\\\/#\\\/schema\\\/person\\\/ce6091eeb7e95ecdc87890d6aa8e0fd4\",\"name\":\"dorogimedence.hu\",\"image\":{\"@type\":\"ImageObject\",\"inLanguage\":\"hu\",\"@id\":\"\\\/\\\/www.gravatar.com\\\/avatar\\\/d8d45f8901aadff40a4af72c0b826f1d?s=96&#038;r=g&#038;d=mm\",\"url\":\"\\\/\\\/www.gravatar.com\\\/avatar\\\/d8d45f8901aadff40a4af72c0b826f1d?s=96&#038;r=g&#038;d=mm\",\"contentUrl\":\"\\\/\\\/www.gravatar.com\\\/avatar\\\/d8d45f8901aadff40a4af72c0b826f1d?s=96&#038;r=g&#038;d=mm\",\"caption\":\"dorogimedence.hu\"}}]}<\/script>\n<!-- \/ Yoast SEO plugin. -->","yoast_head_json":{"title":"Szent Istv\u00e1n-d\u00edjjal t\u00fcntett\u00e9k ki a Duna Telev\u00edzi\u00f3t Esztergomban","robots":{"index":"index","follow":"follow","max-snippet":"max-snippet:-1","max-image-preview":"max-image-preview:large","max-video-preview":"max-video-preview:-1"},"canonical":"https:\/\/dorogimedence.hu\/index.php\/2017\/10\/01\/szent-istvan-dijjal-tuntettek-ki-a-duna-televiziot-esztergomban\/","og_locale":"hu_HU","og_type":"article","og_title":"Szent Istv\u00e1n-d\u00edjjal t\u00fcntett\u00e9k ki a Duna Telev\u00edzi\u00f3t Esztergomban","og_description":"Szent Istv\u00e1n-d\u00edjat vett \u00e1t a Duna M\u00e9diaszolg\u00e1ltat\u00f3 Nonprofit Zrt. vez\u00e9rigazgat\u00f3ja, Dobos Menyh\u00e9rt szombaton az esztergomi V\u00e1rm\u00fazeum lovagterm\u00e9ben. A Szent Istv\u00e1n-eml\u00e9k\u00e9remmel Ilosvai G\u00e1bort, az orsz\u00e1gos m\u00e9diatest\u00fclet tagj\u00e1t t\u00fcntett\u00e9k ki, a d\u00edjat oda\u00edt\u00e9l\u0151 alap\u00edtv\u00e1ny l\u00e9trehoz\u00e1s\u00e1ban szerzett \u00e9rdemei\u00e9rt. A Duna Telev\u00edzi\u00f3nak k\u00f6sz\u00f6nhet\u0151en &#8222;t\u00f6bbet tudunk \u00f6nmagunkr\u00f3l, mint 25 \u00e9vvel ezel\u0151tt&#8221;. Az ad\u00e1s \u00f6sszek\u00f6ti a vil\u00e1g magyars\u00e1g\u00e1t, sz\u00e1mot ad a","og_url":"https:\/\/dorogimedence.hu\/index.php\/2017\/10\/01\/szent-istvan-dijjal-tuntettek-ki-a-duna-televiziot-esztergomban\/","og_site_name":"Dorogi-medence Region\u00e1lis H\u00edrport\u00e1l","article_publisher":"https:\/\/www.facebook.com\/dorogimedence\/","article_published_time":"2017-10-01T06:43:30+00:00","og_image":[{"width":670,"height":365,"url":"https:\/\/i0.wp.com\/dorogimedence.hu\/wp-content\/uploads\/2017\/10\/dunatv-dij.jpg?fit=670%2C365&ssl=1","type":"image\/jpeg"}],"author":"dorogimedence.hu","twitter_card":"summary_large_image","twitter_misc":{"Szerz\u0151:":"dorogimedence.hu","Becs\u00fclt olvas\u00e1si id\u0151":"3 perc"},"schema":{"@context":"https:\/\/schema.org","@graph":[{"@type":"Article","@id":"https:\/\/dorogimedence.hu\/index.php\/2017\/10\/01\/szent-istvan-dijjal-tuntettek-ki-a-duna-televiziot-esztergomban\/#article","isPartOf":{"@id":"https:\/\/dorogimedence.hu\/index.php\/2017\/10\/01\/szent-istvan-dijjal-tuntettek-ki-a-duna-televiziot-esztergomban\/"},"author":{"name":"dorogimedence.hu","@id":"https:\/\/dorogimedence.hu\/#\/schema\/person\/ce6091eeb7e95ecdc87890d6aa8e0fd4"},"headline":"Szent Istv\u00e1n-d\u00edjjal t\u00fcntett\u00e9k ki a Duna Telev\u00edzi\u00f3t Esztergomban","datePublished":"2017-10-01T06:43:30+00:00","mainEntityOfPage":{"@id":"https:\/\/dorogimedence.hu\/index.php\/2017\/10\/01\/szent-istvan-dijjal-tuntettek-ki-a-duna-televiziot-esztergomban\/"},"wordCount":585,"publisher":{"@id":"https:\/\/dorogimedence.hu\/#organization"},"image":{"@id":"https:\/\/dorogimedence.hu\/index.php\/2017\/10\/01\/szent-istvan-dijjal-tuntettek-ki-a-duna-televiziot-esztergomban\/#primaryimage"},"thumbnailUrl":"https:\/\/dorogimedence.hu\/wp-content\/uploads\/2017\/10\/dunatv-dij.jpg","keywords":["Duna TV","esztergom","Szent Istv\u00e1n-d\u00edj"],"articleSection":["Esztergom","H\u00edrek"],"inLanguage":"hu"},{"@type":"WebPage","@id":"https:\/\/dorogimedence.hu\/index.php\/2017\/10\/01\/szent-istvan-dijjal-tuntettek-ki-a-duna-televiziot-esztergomban\/","url":"https:\/\/dorogimedence.hu\/index.php\/2017\/10\/01\/szent-istvan-dijjal-tuntettek-ki-a-duna-televiziot-esztergomban\/","name":"Szent Istv\u00e1n-d\u00edjjal t\u00fcntett\u00e9k ki a Duna Telev\u00edzi\u00f3t Esztergomban","isPartOf":{"@id":"https:\/\/dorogimedence.hu\/#website"},"primaryImageOfPage":{"@id":"https:\/\/dorogimedence.hu\/index.php\/2017\/10\/01\/szent-istvan-dijjal-tuntettek-ki-a-duna-televiziot-esztergomban\/#primaryimage"},"image":{"@id":"https:\/\/dorogimedence.hu\/index.php\/2017\/10\/01\/szent-istvan-dijjal-tuntettek-ki-a-duna-televiziot-esztergomban\/#primaryimage"},"thumbnailUrl":"https:\/\/dorogimedence.hu\/wp-content\/uploads\/2017\/10\/dunatv-dij.jpg","datePublished":"2017-10-01T06:43:30+00:00","breadcrumb":{"@id":"https:\/\/dorogimedence.hu\/index.php\/2017\/10\/01\/szent-istvan-dijjal-tuntettek-ki-a-duna-televiziot-esztergomban\/#breadcrumb"},"inLanguage":"hu","potentialAction":[{"@type":"ReadAction","target":["https:\/\/dorogimedence.hu\/index.php\/2017\/10\/01\/szent-istvan-dijjal-tuntettek-ki-a-duna-televiziot-esztergomban\/"]}]},{"@type":"ImageObject","inLanguage":"hu","@id":"https:\/\/dorogimedence.hu\/index.php\/2017\/10\/01\/szent-istvan-dijjal-tuntettek-ki-a-duna-televiziot-esztergomban\/#primaryimage","url":"https:\/\/dorogimedence.hu\/wp-content\/uploads\/2017\/10\/dunatv-dij.jpg","contentUrl":"https:\/\/dorogimedence.hu\/wp-content\/uploads\/2017\/10\/dunatv-dij.jpg","width":670,"height":365},{"@type":"BreadcrumbList","@id":"https:\/\/dorogimedence.hu\/index.php\/2017\/10\/01\/szent-istvan-dijjal-tuntettek-ki-a-duna-televiziot-esztergomban\/#breadcrumb","itemListElement":[{"@type":"ListItem","position":1,"name":"Kezd\u0151lap","item":"https:\/\/dorogimedence.hu\/"},{"@type":"ListItem","position":2,"name":"Szent Istv\u00e1n-d\u00edjjal t\u00fcntett\u00e9k ki a Duna Telev\u00edzi\u00f3t Esztergomban"}]},{"@type":"WebSite","@id":"https:\/\/dorogimedence.hu\/#website","url":"https:\/\/dorogimedence.hu\/","name":"Dorogi-medence Region\u00e1lis H\u00edrport\u00e1l","description":"Dorog, Keszt\u00f6lc, Le\u00e1nyv\u00e1r, Piliscs\u00e9v, Tokod, Tokodalt\u00e1r\u00f3, Csolnok, Esztergom-kertv\u00e1ros: h\u00edrek, programok","publisher":{"@id":"https:\/\/dorogimedence.hu\/#organization"},"potentialAction":[{"@type":"SearchAction","target":{"@type":"EntryPoint","urlTemplate":"https:\/\/dorogimedence.hu\/?s={search_term_string}"},"query-input":{"@type":"PropertyValueSpecification","valueRequired":true,"valueName":"search_term_string"}}],"inLanguage":"hu"},{"@type":"Organization","@id":"https:\/\/dorogimedence.hu\/#organization","name":"Dorogi-medence Region\u00e1lis H\u00edrport\u00e1l","url":"https:\/\/dorogimedence.hu\/","logo":{"@type":"ImageObject","inLanguage":"hu","@id":"https:\/\/dorogimedence.hu\/#\/schema\/logo\/image\/","url":"https:\/\/dorogimedence.hu\/wp-content\/uploads\/2021\/04\/logo-feher-600.png","contentUrl":"https:\/\/dorogimedence.hu\/wp-content\/uploads\/2021\/04\/logo-feher-600.png","width":600,"height":100,"caption":"Dorogi-medence Region\u00e1lis H\u00edrport\u00e1l"},"image":{"@id":"https:\/\/dorogimedence.hu\/#\/schema\/logo\/image\/"},"sameAs":["https:\/\/www.facebook.com\/dorogimedence\/"]},{"@type":"Person","@id":"https:\/\/dorogimedence.hu\/#\/schema\/person\/ce6091eeb7e95ecdc87890d6aa8e0fd4","name":"dorogimedence.hu","image":{"@type":"ImageObject","inLanguage":"hu","@id":"\/\/www.gravatar.com\/avatar\/d8d45f8901aadff40a4af72c0b826f1d?s=96&#038;r=g&#038;d=mm","url":"\/\/www.gravatar.com\/avatar\/d8d45f8901aadff40a4af72c0b826f1d?s=96&#038;r=g&#038;d=mm","contentUrl":"\/\/www.gravatar.com\/avatar\/d8d45f8901aadff40a4af72c0b826f1d?s=96&#038;r=g&#038;d=mm","caption":"dorogimedence.hu"}}]}},"_links":{"self":[{"href":"https:\/\/dorogimedence.hu\/index.php\/wp-json\/wp\/v2\/posts\/5972","targetHints":{"allow":["GET"]}}],"collection":[{"href":"https:\/\/dorogimedence.hu\/index.php\/wp-json\/wp\/v2\/posts"}],"about":[{"href":"https:\/\/dorogimedence.hu\/index.php\/wp-json\/wp\/v2\/types\/post"}],"author":[{"embeddable":true,"href":"https:\/\/dorogimedence.hu\/index.php\/wp-json\/wp\/v2\/users\/1"}],"replies":[{"embeddable":true,"href":"https:\/\/dorogimedence.hu\/index.php\/wp-json\/wp\/v2\/comments?post=5972"}],"version-history":[{"count":0,"href":"https:\/\/dorogimedence.hu\/index.php\/wp-json\/wp\/v2\/posts\/5972\/revisions"}],"wp:featuredmedia":[{"embeddable":true,"href":"https:\/\/dorogimedence.hu\/index.php\/wp-json\/wp\/v2\/media\/5973"}],"wp:attachment":[{"href":"https:\/\/dorogimedence.hu\/index.php\/wp-json\/wp\/v2\/media?parent=5972"}],"wp:term":[{"taxonomy":"category","embeddable":true,"href":"https:\/\/dorogimedence.hu\/index.php\/wp-json\/wp\/v2\/categories?post=5972"},{"taxonomy":"post_tag","embeddable":true,"href":"https:\/\/dorogimedence.hu\/index.php\/wp-json\/wp\/v2\/tags?post=5972"}],"curies":[{"name":"wp","href":"https:\/\/api.w.org\/{rel}","templated":true}]}}