{"id":59700,"date":"2024-02-15T14:09:06","date_gmt":"2024-02-15T13:09:06","guid":{"rendered":"https:\/\/dorogimedence.hu\/?p=59700"},"modified":"2024-02-15T14:09:06","modified_gmt":"2024-02-15T13:09:06","slug":"richter-anna-dij-elindult-a-kozonsegszavazas","status":"publish","type":"post","link":"https:\/\/dorogimedence.hu\/index.php\/2024\/02\/15\/richter-anna-dij-elindult-a-kozonsegszavazas\/","title":{"rendered":"Richter Anna D\u00edj: Elindult a k\u00f6z\u00f6ns\u00e9gszavaz\u00e1s"},"content":{"rendered":"<p><strong>Elindult a k\u00f6z\u00f6ns\u00e9gszavaz\u00e1s: huszonn\u00e9gy milli\u00f3 forintb\u00f3l val\u00f3sulnak meg innovat\u00edv \u00f6tletek a Richter Anna D\u00edjnak k\u00f6sz\u00f6nhet\u0151en.<\/strong><\/p>\n<p>A Richter Gedeon Nyrt. hatodszor hirdette meg egyre nagyobb n\u00e9pszer\u0171s\u00e9gnek \u00f6rvend\u0151, hi\u00e1nyp\u00f3tl\u00f3 p\u00e1ly\u00e1zat\u00e1t, melyre tavaly \u00f3ta m\u00e1r k\u00f6z\u00e9piskol\u00e1sok is k\u00fcldhetnek be \u00f6tleteket. Haz\u00e1nk egyik legkiemelked\u0151bb gy\u00f3gyszerc\u00e9ge a Richter Anna D\u00edj p\u00e1ly\u00e1zat ki\u00edr\u00e1s\u00e1val \u0151rzi \u00e9s tov\u00e1bbviszi az alap\u00edt\u00f3csal\u00e1d szellemis\u00e9g\u00e9t, az innov\u00e1ci\u00f3ba, folyamatos fejleszt\u00e9sbe vetett hit\u00e9t.<\/p>\n<p>A zs\u0171ri tagjai, Beke Zsuzsa a Richter Gedeon Nyrt. kommunik\u00e1ci\u00f3s vezet\u0151je, Szily N\u00f3ra \u00fajs\u00e1g\u00edr\u00f3, pszichol\u00f3gus, R\u00fazsa Magdi M\u00e1t\u00e9 P\u00e9ter-d\u00edjas \u00e9nekesn\u0151, Polg\u00e1r Judit sakknagymester, Kert\u00e9sz \u00c9va a 21 N\u0151 az Eg\u00e9szs\u00e9g\u00fcgy\u00e9rt Alap\u00edtv\u00e1ny \u00fcgyvezet\u0151je \u00e9s Dr. Barna Istv\u00e1n belgy\u00f3gy\u00e1sz, a Semmelweis Egyetem docense nagy izgalommal v\u00e1rt\u00e1k az \u00fajszer\u0171, kreat\u00edv \u00f6tleteket tartalmaz\u00f3 p\u00e1ly\u00e1zatokat. A d\u00f6nt\u0151s projekt\u00f6tleteket febru\u00e1r 12-t\u0151l lehet megtekinteni a <a href=\"http:\/\/www.richterannadij.hu\/\" target=\"_blank\" rel=\"noopener\"><span style=\"text-decoration: underline; color: #0000ff;\">www.richterannadij.hu<\/span> <\/a>weboldalon, ahol <strong>a nagyk\u00f6z\u00f6ns\u00e9g szavaz\u00e1ssal d\u00f6nthet majd arr\u00f3l, hogy a zs\u0171ri \u00e1ltal kiv\u00e1lasztott 5 csapat mellett ki legyen a 6. d\u00edjazott.<\/strong><\/p>\n<p>Ismerj\u00fck meg, milyen t\u00e9m\u00e1k ker\u00fcltek id\u00e9n a Richter Anna D\u00edj d\u00f6nt\u0151j\u00e9be!<\/p>\n<h3>F\u00f3kuszban a prevenci\u00f3 \u00e9s az eduk\u00e1ci\u00f3 a ment\u00e1lis \u00e9s testi j\u00f3ll\u00e9t\u00e9rt<\/h3>\n<p>Ki\u00e9g\u00e9s, elh\u00edz\u00e1s, szorong\u00e1s, depresszi\u00f3, magasv\u00e9rnyom\u00e1s-betegs\u00e9g, mozg\u00e1sszeg\u00e9ny \u00e9letm\u00f3d. Ez csak n\u00e9h\u00e1ny olyan probl\u00e9ma, amivel egyre t\u00f6bb magyar k\u00fczd, az eg\u00e9szs\u00e9g\u00fcgyi statisztik\u00e1k aggaszt\u00f3ak. Ezek az eg\u00e9szs\u00e9g\u00fcgyi probl\u00e9m\u00e1k a gyerekeket sem k\u00edm\u00e9lik. Az eur\u00f3pai r\u00e9gi\u00f3ban a feln\u0151ttek 2\/3-a \u00e9s minden harmadik \u00e1ltal\u00e1nosiskol\u00e1s-kor\u00fa gyermek t\u00fals\u00fallyal vagy elh\u00edz\u00e1ssal \u00e9l. Az elm\u00falt \u00e9vekben pedig a ment\u00e1lis zavarok el\u0151fordul\u00e1sa is drasztikusan megn\u0151tt a 8-18 \u00e9ves di\u00e1kok k\u00f6r\u00e9ben: a WHO adatai szerint ez a probl\u00e9ma a vil\u00e1gon minden 7. gyermeket \u00e9rint!<\/p>\n<p>Nem meglep\u0151, hogy a p\u00e1ly\u00e1zatok jelent\u0151s r\u00e9sze is a lakoss\u00e1g ment\u00e1lis \u00e9s testi j\u00f3ll\u00e9t\u00e9\u00e9rt szeretne tenni.&nbsp;<\/p>\n<p>Az <strong>orvos kateg\u00f3ria p\u00e1ly\u00e1z\u00f3i<\/strong> k\u00f6z\u00fcl a H\u00e1zi Gyermekorvosok Egyes\u00fclet\u00e9nek csapata a korai elh\u00edz\u00e1ssal szeretn\u00e9 felvenni a harcot, mert azt vallj\u00e1k: \u201enem elh\u00edzni k\u00f6nnyebb, mint lefogyni\u201d. A B\u00e1cs-Kiskun V\u00e1rmegyei Oktat\u00f3k\u00f3rh\u00e1z pszichi\u00e1tere \u00e9s koll\u00e9g\u00e1i a ment\u00e1lis betegs\u00e9ggel \u00e9l\u0151k sz\u00e9lesebb k\u00f6r\u00e9ben k\u00edv\u00e1nj\u00e1k a mindennapos testmozg\u00e1s kult\u00far\u00e1j\u00e1t elterjeszteni, mert kutat\u00e1sok bizony\u00edtj\u00e1k, hogy a rendszeres sport a ment\u00e1lis eg\u00e9szs\u00e9g meg\u0151rz\u00e9s\u00e9nek egyik alappill\u00e9re. A kateg\u00f3ria harmadik d\u00f6nt\u0151se, egy elhivatott orvosn\u0151 a m\u0171v\u00e9szet \u00e9s p\u00e9lda\u00e9rt\u00e9k\u0171 ismert emberek seg\u00edts\u00e9g\u00e9vel k\u00edv\u00e1nja megsz\u00f3l\u00edtani azokat, akik betegs\u00e9g\u00fck miatt rem\u00e9nyvesztettnek \u00e9rzik magukat. Az eg\u00e9szs\u00e9g\u00fcgyi int\u00e9zm\u00e9nyekben dolgoz\u00f3k fizikai-ment\u00e1lis-lelki t\u00falterhel\u00e9se ki\u00e9g\u00e9s szindr\u00f3m\u00e1hoz vezethet, amely r\u00e1nyomhatja b\u00e9lyeg\u00e9t a betegell\u00e1t\u00e1s sz\u00ednvonal\u00e1ra is.<\/p>\n<p>A megel\u0151z\u00e9s a c\u00e9lja <strong>az eg\u00e9szs\u00e9g\u00fcgyi szakdolgoz\u00f3 kateg\u00f3ri\u00e1ban<\/strong> annak a szegedi pszichol\u00f3gusnak, aki az eg\u00e9szs\u00e9g\u00fcgyben dolgoz\u00f3k ki\u00e9g\u00e9s\u00e9r\u0151l sz\u00f3l\u00f3 k\u00f6nyvet \u00edrna, \u00e9s tenn\u00e9 el\u00e9rhet\u0151v\u00e9 szakemberek, valamint \u00e9rintettek sz\u00e1m\u00e1ra a d\u00edj elnyer\u00e9se eset\u00e9n.<\/p>\n<p>A prevenci\u00f3hoz kapcsol\u00f3d\u00f3 d\u00f6nt\u0151s csapatok k\u00f6z\u00f6tt vannak elhivatott <strong>pedag\u00f3gusok <\/strong>is, akik telep\u00fcl\u00e9s\u00fck di\u00e1kjainak ny\u00fajtan\u00e1nak seg\u00edt\u0151 kezet, illetve akik orsz\u00e1gos szinten eduk\u00e1ln\u00e1k koll\u00e9g\u00e1ikat. A Bajai Szakk\u00e9pz\u00e9si Centrum Jelky Andr\u00e1s Technikum \u00e9s Szakk\u00e9pz\u0151 Iskola igazgat\u00f3helyettese olyan sz\u00e9lesk\u00f6r\u0171 ment\u00e1lhigi\u00e9n\u00e9s k\u00f6zpont l\u00e9trehoz\u00e1s\u00e1t t\u0171zte ki c\u00e9lul a v\u00e1ros k\u00f6z\u00e9piskol\u00e1s koroszt\u00e1lya sz\u00e1m\u00e1ra, mely seg\u00edti \u0151ket az \u00e9rzelmi \u00e9s ment\u00e1lis eg\u00e9szs\u00e9gtudatoss\u00e1g kialak\u00edt\u00e1s\u00e1ban, meg\u0151rz\u00e9s\u00e9ben. A K\u00f3rh\u00e1zsuli Alap\u00edtv\u00e1ny az \u00daj Szent J\u00e1nos K\u00f3rh\u00e1z Gyermek \u00e9s Ifj\u00fas\u00e1gpszichi\u00e1triai rehabilit\u00e1ci\u00f3s oszt\u00e1ly szakembereinek k\u00f6zrem\u0171k\u00f6d\u00e9s\u00e9vel a pedag\u00f3gust\u00e1rsadalmat szeretn\u00e9 felk\u00e9sz\u00edteni az egyre n\u00f6vekv\u0151 sz\u00e1m\u00fa ment\u00e1lisan beteg di\u00e1k megfelel\u0151 t\u00e1mogat\u00e1s\u00e1ra, k\u00f6z\u00f6ss\u00e9gben tart\u00e1s\u00e1ra, \u00e9s az \u0151ket k\u00f6r\u00fclvev\u0151 oszt\u00e1lyt\u00e1rsak inkluz\u00edv nevel\u00e9s\u00e9re, egy orsz\u00e1gos roadshow-val budapesti \u00e9s vid\u00e9ki oktat\u00e1si int\u00e9zm\u00e9nyek tantest\u00fcletei r\u00e9sz\u00e9re.&nbsp;<\/p>\n<h1>Sokoldal\u00fa gy\u00f3gyszer\u00e9szek<\/h1>\n<p>A magasan k\u00e9pzett <strong>gy\u00f3gyszer\u00e9szek<\/strong> elengedhetetlen szerepl\u0151i a t\u00e1rsadalomnak, mik\u00f6zben manaps\u00e1g a gy\u00f3gyszer\u00e9sz a hi\u00e1nyszakm\u00e1k k\u00f6z\u00e9 tartozik. Ez\u00e9rt is hi\u00e1nyp\u00f3tl\u00f3 a Debreceni Egyetem v\u00e9gz\u0151s hallgat\u00f3inak projekt\u00f6tlete, melynek keret\u00e9ben vide\u00f3sorozatot k\u00e9sz\u00edten\u00e9nek a gy\u00f3gyszer\u00e9sz hivat\u00e1s sz\u00e9ps\u00e9geir\u0151l, mindennapjair\u00f3l. Szint\u00e9n fontos \u00e9s innovat\u00edv \u00f6tlettel p\u00e1ly\u00e1zott a szegedi E-patikusok csapata is, akik a k\u00f3rh\u00e1z keretein t\u00fal a betegek otthoni ell\u00e1t\u00e1s\u00e1ban is alkalmazn\u00e1k az automatiz\u00e1lt gy\u00f3gyszerel\u00e9st (vagyis a betegek napszakok szerinti csomagol\u00e1sban kapn\u00e1k meg a sz\u00fcks\u00e9ges k\u00e9sz\u00edtm\u00e9nyeket, ak\u00e1rcsak a k\u00f3rh\u00e1zi ell\u00e1t\u00e1s sor\u00e1n), telemedicin\u00e1lis eszk\u00f6z\u00f6kkel k\u00f6vetve a p\u00e1ciensek param\u00e9tereit. A csapat egy klinikai vizsg\u00e1latot szeretne megval\u00f3s\u00edtani, melyben az automat\u00e1val t\u00e1mogatott gy\u00f3gyszerel\u00e9st a hagyom\u00e1nyos megold\u00e1ssal k\u00edv\u00e1nj\u00e1k \u00f6sszehasonl\u00edtani. Gy\u0151zelem eset\u00e9n a projekt eredm\u00e9nyeit hazai \u00e9s k\u00fclf\u00f6ldi konferenci\u00e1kon is bemutatn\u00e1 az innovat\u00edv d\u00f6nt\u0151s csapat. Szint\u00e9n gy\u00f3gyszer\u00e9sz kateg\u00f3ri\u00e1ban a szakm\u00e1ban dolgoz\u00f3k sokoldal\u00fas\u00e1g\u00e1r\u00f3l \u00e9s elhivatotts\u00e1g\u00e1r\u00f3l tan\u00faskodik az a veresegyh\u00e1zi projekt, amely az eg\u00e9sz v\u00e1rost szeretn\u00e9 mozg\u00e1sra, eg\u00e9szs\u00e9gesebb \u00e9letm\u00f3dra biztatni.<\/p>\n<h1>\u00c9letek f\u00e9nyben \u00e9s \u00e1rny\u00e9kban<\/h1>\n<p>Magyarorsz\u00e1gon tavaly j\u00f6tt l\u00e9tre az els\u0151 traumatudatos n\u0151gy\u00f3gy\u00e1szati szakell\u00e1t\u00e1s, amelyben a fizikai k\u00f6rnyezet, a szakemberek szeml\u00e9lete, a szolg\u00e1ltat\u00e1sok m\u0171k\u00f6dtet\u00e9se egyar\u00e1nt a traum\u00e1t elszenvedett, b\u00e1ntalmazott n\u0151k sz\u00fcks\u00e9gleteihez igazodik, \u00e9s els\u0151sorban a hajl\u00e9k n\u00e9lk\u00fcl \u00e9l\u0151k sz\u00e1m\u00e1ra biztos\u00edt megold\u00e1st. A d\u00f6nt\u0151s <strong>eg\u00e9szs\u00e9g\u00fcgyi szakdolgoz\u00f3<\/strong> csapat c\u00e9lja a traumatudatos szeml\u00e9let n\u00e9pszer\u0171s\u00edt\u00e9se sz\u00e9les k\u00f6rben, azt vallj\u00e1k, a kit\u00fcntetett figyelmet nem csak a traum\u00e1n \u00e1tesett p\u00e1ciensek, de minden n\u0151 sz\u00e1m\u00e1ra el\u00e9rhet\u0151v\u00e9 kell tenni.<\/p>\n<p>A sz\u00fcl\u0151k fontos szerepl\u0151i a mindennapoknak, k\u00e9t projekt is \u0151ket c\u00e9lozza meg, egyik a korai szakaszra, a sz\u00fcl\u0151s\u00e9gre val\u00f3 felk\u00e9sz\u00fcl\u00e9sre f\u00f3kusz\u00e1lva, a m\u00e1sik pedig podcast-sorozat form\u00e1j\u00e1ban n\u00e9zne egy-egy sokakat \u00e9rint\u0151 k\u00e9rd\u00e9sk\u00f6r m\u00e9ly\u00e9re. B\u00e1r a sz\u00fcl\u0151s\u00e9g mindk\u00e9t nemet \u00e9rinti, sokan hajlamosak m\u00e9g mindig csak n\u0151i feladatk\u00e9nt tekinteni a babagondoz\u00e1sra. Egy integr\u00e1lt sz\u00fcl\u0151-csecsem\u0151 konzulens csapat c\u00e9lja, hogy az \u00e9desany\u00e1k \u00e9s az \u00e9desap\u00e1k tudatosan k\u00e9sz\u00fcljenek a gyermek \u00e9rkez\u00e9se ut\u00e1ni id\u0151szakra. A prevenci\u00f3s- \u00e9s rendszerszeml\u00e9let seg\u00edti megel\u0151zni a sz\u00fcl\u0151-gyermek kapcsolat megterhel\u0151d\u00e9s\u00e9t \u00e9s elcs\u00fasz\u00e1sait, \u00e9s a sz\u00fcl\u0151i kompetenci\u00e1k er\u0151s\u00edt\u00e9s\u00e9vel t\u00e1mogatja a harmonikus \u00e9letkezdetet. &nbsp;<\/p>\n<p>A nagyobb, pszichi\u00e1triai gondokkal k\u00fczd\u0151 gyermekek \u00e9s fiatalok gondoz\u00e1sa, szoros ut\u00e1nk\u00f6vet\u00e9se int\u00e9zm\u00e9nyi keretek k\u00f6z\u00f6tt nem val\u00f3s\u00edthat\u00f3 meg. A k\u00f3rh\u00e1zb\u00f3l hazat\u00e9rve azonban a gyermek \u00e9s a sz\u00fcl\u0151k sz\u00e1m\u00e1ra is elengedhetetlen lenne a hossz\u00fa t\u00e1v\u00fa t\u00e1mogat\u00e1s, amely az \u00e9lhet\u0151bb h\u00e9tk\u00f6znapok, egy boldogabb j\u00f6v\u0151k\u00e9p fel\u00e9 emeli a csal\u00e1dot. Az Eg\u00e9szs\u00e9ges Lelk\u0171 Ifj\u00fas\u00e1g\u00e9rt \u2013 Pro Juventa Alap\u00edtv\u00e1ny 10 r\u00e9szes sz\u00fcl\u0151klub podcast-sorozatot tervez l\u00e9trehozni a kih\u00edv\u00e1sokkal k\u00fczd\u0151 sz\u00fcl\u0151k sz\u00e1m\u00e1ra. A sorozat t\u00e9m\u00e1i k\u00f6z\u00f6tt megtal\u00e1ljuk t\u00f6bbek k\u00f6z\u00f6tt az ev\u00e9szavarokat, az \u00f6ns\u00e9rt\u00e9st, a f\u00fcgg\u0151s\u00e9geket, az autizmusra \u00e9p\u00fcl\u0151 probl\u00e9m\u00e1kat \u00e9s a trauma hat\u00e1s\u00e1t a szem\u00e9lyis\u00e9gfejl\u0151d\u00e9sre.<\/p>\n<h1>Empatikus, egym\u00e1sra \u00e9s a vil\u00e1gra figyel\u0151 fiatalok<\/h1>\n<p>Mik\u00f6zben konganak a v\u00e9szharangok, hiszen t\u00e9nyleg rossz \u00e1llapotban van a mai fiatal gener\u00e1ci\u00f3, rem\u00e9nyre \u00e9s bizakod\u00e1sra adnak okot a junior kateg\u00f3ria di\u00e1kjai. K\u00e9t csapat, a Budapesti Orvostanhallgat\u00f3k Egyes\u00fclete \u00e9s a G\u00f6llner M\u00e1ria Waldorf Gimn\u00e1zium d\u00f6nt\u0151sei az eg\u00e9szs\u00e9gtudatoss\u00e1got \u00e9s a m\u00e1r sokat eml\u00edtett prevenci\u00f3t teszik projektj\u00fck k\u00f6z\u00e9ppontj\u00e1ba, a harmadik projekt, amit a Toldy Ferenc Gimn\u00e1zium di\u00e1kjai \u00e1lmodtak meg, a kl\u00edmav\u00e1ltoz\u00e1ssal kapcsolatban szervezn\u00e9nek konferenci\u00e1t, megosztva tud\u00e1sukat m\u00e1s iskol\u00e1k di\u00e1kjaival. A lelkes fiatalok \u00fczenetei azt mutatj\u00e1k, igenis sokan vannak, akik figyelnek t\u00e1rsaikra, az \u0151ket k\u00f6r\u00fclvev\u0151 vil\u00e1g kih\u00edv\u00e1saira, \u00e9s k\u00e9szek arra, hogy tegyenek valamit egy szebb, eg\u00e9szs\u00e9gesebb, teljesebb vil\u00e1g\u00e9rt.<\/p>\n<p>A d\u00f6nt\u0151s p\u00e1lyam\u0171vek mindegyik\u00e9r\u0151l elmondhat\u00f3, hogy b\u00e1rmelyik\u00fck lesz a hat szerencs\u00e9s kiv\u00e1lasztott csapat egyike, a projekt megval\u00f3s\u00edt\u00e1sa nem csup\u00e1n az adott k\u00f6z\u00f6ss\u00e9g, de rajtuk t\u00falmutat\u00f3an az eg\u00e9sz t\u00e1rsadalom, mindannyiunk jav\u00e1t szolg\u00e1lja majd.<\/p>\n<p>A pedag\u00f3gus, orvos, eg\u00e9szs\u00e9g\u00fcgyi dolgoz\u00f3, gy\u00f3gyszer\u00e9sz, junior kateg\u00f3ria egy-egy zs\u0171rid\u00edjas\u00e1t a zs\u0171ri tagjai v\u00e1lasztj\u00e1k majd ki, \u0151k d\u00f6ntik el, ki kapja a projekt megval\u00f3s\u00edt\u00e1s\u00e1ra ford\u00edthat\u00f3 n\u00e9gy-n\u00e9gy milli\u00f3 forintot. A k\u00f6z\u00f6ns\u00e9gd\u00edj sorsa m\u00e1rcius 10-ig a szavaz\u00f3k kez\u00e9ben van. A szavazatokat a <a href=\"http:\/\/www.richterannadij.hu\/\" target=\"_blank\" rel=\"noopener\"><span style=\"text-decoration: underline; color: #0000ff;\">www.richterannadij.hu<\/span><\/a> oldalon lehet leadni. \u00c9rdemes k\u00f6vetni a d\u00edj <a href=\"https:\/\/www.facebook.com\/richterannadij\" target=\"_blank\" rel=\"noopener\"><span style=\"text-decoration: underline; color: #0000ff;\">Facebook<\/span><\/a> \u00e9s <a href=\"https:\/\/www.instagram.com\/richterannadij\/\" target=\"_blank\" rel=\"noopener\"><span style=\"text-decoration: underline; color: #0000ff;\">Instagram<\/span><\/a> oldal\u00e1t, ahol folyamatosan \u00e9rdekes inform\u00e1ci\u00f3kat olvashatnak \u00e9s a d\u00f6nt\u0151s projektekhez kapcsol\u00f3d\u00f3 nyerem\u00e9nyj\u00e1t\u00e9kokba is bekapcsol\u00f3dhatnak.<\/p>\n<p>M\u00e1rcius 20-\u00e1n \u00fcnnep\u00e9lyes g\u00e1la keret\u00e9ben der\u00fcl f\u00e9ny a d\u00edjazottakra, \u00e9s vel\u00fck egy\u00fctt \u00f6r\u00fclhet\u00fcnk annak, hogy a Richternek k\u00f6sz\u00f6nhet\u0151en mindenki \u00e9let\u00e9re hat\u00f3 fantasztikus innovat\u00edv \u00f6tletek val\u00f3sulnak meg.<\/p>\n<p>K\u00eds\u00e9rj\u00e9k figyelemmel a d\u00edj \u00e9let\u00e9t, szavazzanak az \u00f6n\u00f6k szerint legfontosabb projektre, hiszen az eg\u00e9szs\u00e9g\u00fcgy \u00e9s az oktat\u00e1s fejl\u0151d\u00e9se nem csup\u00e1n a Richter, hanem mindannyiunk sz\u00edv\u00fcgye!<\/p>\n","protected":false},"excerpt":{"rendered":"<p>Elindult a k\u00f6z\u00f6ns\u00e9gszavaz\u00e1s: huszonn\u00e9gy milli\u00f3 forintb\u00f3l val\u00f3sulnak meg innovat\u00edv \u00f6tletek a Richter Anna D\u00edjnak k\u00f6sz\u00f6nhet\u0151en. A Richter Gedeon Nyrt. hatodszor hirdette meg egyre nagyobb n\u00e9pszer\u0171s\u00e9gnek \u00f6rvend\u0151, hi\u00e1nyp\u00f3tl\u00f3 p\u00e1ly\u00e1zat\u00e1t, melyre tavaly \u00f3ta m\u00e1r k\u00f6z\u00e9piskol\u00e1sok is k\u00fcldhetnek be \u00f6tleteket. Haz\u00e1nk egyik legkiemelked\u0151bb gy\u00f3gyszerc\u00e9ge a Richter Anna D\u00edj p\u00e1ly\u00e1zat ki\u00edr\u00e1s\u00e1val \u0151rzi \u00e9s tov\u00e1bbviszi az alap\u00edt\u00f3csal\u00e1d szellemis\u00e9g\u00e9t, az innov\u00e1ci\u00f3ba,<\/p>\n","protected":false},"author":1,"featured_media":59701,"comment_status":"closed","ping_status":"closed","sticky":false,"template":"","format":"standard","meta":{"ngg_post_thumbnail":0,"footnotes":""},"categories":[6934,3],"tags":[4060,3233,417],"class_list":{"0":"post-59700","1":"post","2":"type-post","3":"status-publish","4":"format-standard","5":"has-post-thumbnail","7":"category-belfold","8":"category-hirek","9":"tag-richter","10":"tag-richter-anna-dij","11":"tag-richter-gedeon"},"yoast_head":"<!-- This site is optimized with the Yoast SEO plugin v27.5 - https:\/\/yoast.com\/product\/yoast-seo-wordpress\/ -->\n<title>Richter Anna D\u00edj: Elindult a k\u00f6z\u00f6ns\u00e9gszavaz\u00e1s<\/title>\n<meta name=\"robots\" content=\"index, follow, max-snippet:-1, max-image-preview:large, max-video-preview:-1\" \/>\n<link rel=\"canonical\" href=\"https:\/\/dorogimedence.hu\/index.php\/2024\/02\/15\/richter-anna-dij-elindult-a-kozonsegszavazas\/\" class=\"yoast-seo-meta-tag\" \/>\n<meta property=\"og:locale\" content=\"hu_HU\" class=\"yoast-seo-meta-tag\" \/>\n<meta property=\"og:type\" content=\"article\" class=\"yoast-seo-meta-tag\" \/>\n<meta property=\"og:title\" content=\"Richter Anna D\u00edj: Elindult a k\u00f6z\u00f6ns\u00e9gszavaz\u00e1s\" class=\"yoast-seo-meta-tag\" \/>\n<meta property=\"og:description\" content=\"Elindult a k\u00f6z\u00f6ns\u00e9gszavaz\u00e1s: huszonn\u00e9gy milli\u00f3 forintb\u00f3l val\u00f3sulnak meg innovat\u00edv \u00f6tletek a Richter Anna D\u00edjnak k\u00f6sz\u00f6nhet\u0151en. A Richter Gedeon Nyrt. hatodszor hirdette meg egyre nagyobb n\u00e9pszer\u0171s\u00e9gnek \u00f6rvend\u0151, hi\u00e1nyp\u00f3tl\u00f3 p\u00e1ly\u00e1zat\u00e1t, melyre tavaly \u00f3ta m\u00e1r k\u00f6z\u00e9piskol\u00e1sok is k\u00fcldhetnek be \u00f6tleteket. Haz\u00e1nk egyik legkiemelked\u0151bb gy\u00f3gyszerc\u00e9ge a Richter Anna D\u00edj p\u00e1ly\u00e1zat ki\u00edr\u00e1s\u00e1val \u0151rzi \u00e9s tov\u00e1bbviszi az alap\u00edt\u00f3csal\u00e1d szellemis\u00e9g\u00e9t, az innov\u00e1ci\u00f3ba,\" class=\"yoast-seo-meta-tag\" \/>\n<meta property=\"og:url\" content=\"https:\/\/dorogimedence.hu\/index.php\/2024\/02\/15\/richter-anna-dij-elindult-a-kozonsegszavazas\/\" class=\"yoast-seo-meta-tag\" \/>\n<meta property=\"og:site_name\" content=\"Dorogi-medence Region\u00e1lis H\u00edrport\u00e1l\" class=\"yoast-seo-meta-tag\" \/>\n<meta property=\"article:publisher\" content=\"https:\/\/www.facebook.com\/dorogimedence\/\" class=\"yoast-seo-meta-tag\" \/>\n<meta property=\"article:published_time\" content=\"2024-02-15T13:09:06+00:00\" class=\"yoast-seo-meta-tag\" \/>\n<meta property=\"og:image\" content=\"https:\/\/dorogimedence.hu\/wp-content\/uploads\/2024\/02\/richter-anna-dij.jpg\" class=\"yoast-seo-meta-tag\" \/>\n\t<meta property=\"og:image:width\" content=\"1920\" class=\"yoast-seo-meta-tag\" \/>\n\t<meta property=\"og:image:height\" content=\"970\" class=\"yoast-seo-meta-tag\" \/>\n\t<meta property=\"og:image:type\" content=\"image\/jpeg\" class=\"yoast-seo-meta-tag\" \/>\n<meta name=\"author\" content=\"dorogimedence.hu\" class=\"yoast-seo-meta-tag\" \/>\n<meta name=\"twitter:card\" content=\"summary_large_image\" class=\"yoast-seo-meta-tag\" \/>\n<meta name=\"twitter:label1\" content=\"Szerz\u0151:\" class=\"yoast-seo-meta-tag\" \/>\n\t<meta name=\"twitter:data1\" content=\"dorogimedence.hu\" class=\"yoast-seo-meta-tag\" \/>\n\t<meta name=\"twitter:label2\" content=\"Becs\u00fclt olvas\u00e1si id\u0151\" class=\"yoast-seo-meta-tag\" \/>\n\t<meta name=\"twitter:data2\" content=\"10 perc\" class=\"yoast-seo-meta-tag\" \/>\n<script type=\"application\/ld+json\" class=\"yoast-schema-graph\">{\"@context\":\"https:\\\/\\\/schema.org\",\"@graph\":[{\"@type\":\"Article\",\"@id\":\"https:\\\/\\\/dorogimedence.hu\\\/index.php\\\/2024\\\/02\\\/15\\\/richter-anna-dij-elindult-a-kozonsegszavazas\\\/#article\",\"isPartOf\":{\"@id\":\"https:\\\/\\\/dorogimedence.hu\\\/index.php\\\/2024\\\/02\\\/15\\\/richter-anna-dij-elindult-a-kozonsegszavazas\\\/\"},\"author\":{\"name\":\"dorogimedence.hu\",\"@id\":\"https:\\\/\\\/dorogimedence.hu\\\/#\\\/schema\\\/person\\\/ce6091eeb7e95ecdc87890d6aa8e0fd4\"},\"headline\":\"Richter Anna D\u00edj: Elindult a k\u00f6z\u00f6ns\u00e9gszavaz\u00e1s\",\"datePublished\":\"2024-02-15T13:09:06+00:00\",\"mainEntityOfPage\":{\"@id\":\"https:\\\/\\\/dorogimedence.hu\\\/index.php\\\/2024\\\/02\\\/15\\\/richter-anna-dij-elindult-a-kozonsegszavazas\\\/\"},\"wordCount\":1938,\"publisher\":{\"@id\":\"https:\\\/\\\/dorogimedence.hu\\\/#organization\"},\"image\":{\"@id\":\"https:\\\/\\\/dorogimedence.hu\\\/index.php\\\/2024\\\/02\\\/15\\\/richter-anna-dij-elindult-a-kozonsegszavazas\\\/#primaryimage\"},\"thumbnailUrl\":\"https:\\\/\\\/dorogimedence.hu\\\/wp-content\\\/uploads\\\/2024\\\/02\\\/richter-anna-dij.jpg\",\"keywords\":[\"richter\",\"Richter Anna-d\u00edj\",\"Richter Gedeon\"],\"articleSection\":[\"Belf\u00f6ld, Gazdas\u00e1g\",\"H\u00edrek\"],\"inLanguage\":\"hu\"},{\"@type\":\"WebPage\",\"@id\":\"https:\\\/\\\/dorogimedence.hu\\\/index.php\\\/2024\\\/02\\\/15\\\/richter-anna-dij-elindult-a-kozonsegszavazas\\\/\",\"url\":\"https:\\\/\\\/dorogimedence.hu\\\/index.php\\\/2024\\\/02\\\/15\\\/richter-anna-dij-elindult-a-kozonsegszavazas\\\/\",\"name\":\"Richter Anna D\u00edj: Elindult a k\u00f6z\u00f6ns\u00e9gszavaz\u00e1s\",\"isPartOf\":{\"@id\":\"https:\\\/\\\/dorogimedence.hu\\\/#website\"},\"primaryImageOfPage\":{\"@id\":\"https:\\\/\\\/dorogimedence.hu\\\/index.php\\\/2024\\\/02\\\/15\\\/richter-anna-dij-elindult-a-kozonsegszavazas\\\/#primaryimage\"},\"image\":{\"@id\":\"https:\\\/\\\/dorogimedence.hu\\\/index.php\\\/2024\\\/02\\\/15\\\/richter-anna-dij-elindult-a-kozonsegszavazas\\\/#primaryimage\"},\"thumbnailUrl\":\"https:\\\/\\\/dorogimedence.hu\\\/wp-content\\\/uploads\\\/2024\\\/02\\\/richter-anna-dij.jpg\",\"datePublished\":\"2024-02-15T13:09:06+00:00\",\"breadcrumb\":{\"@id\":\"https:\\\/\\\/dorogimedence.hu\\\/index.php\\\/2024\\\/02\\\/15\\\/richter-anna-dij-elindult-a-kozonsegszavazas\\\/#breadcrumb\"},\"inLanguage\":\"hu\",\"potentialAction\":[{\"@type\":\"ReadAction\",\"target\":[\"https:\\\/\\\/dorogimedence.hu\\\/index.php\\\/2024\\\/02\\\/15\\\/richter-anna-dij-elindult-a-kozonsegszavazas\\\/\"]}]},{\"@type\":\"ImageObject\",\"inLanguage\":\"hu\",\"@id\":\"https:\\\/\\\/dorogimedence.hu\\\/index.php\\\/2024\\\/02\\\/15\\\/richter-anna-dij-elindult-a-kozonsegszavazas\\\/#primaryimage\",\"url\":\"https:\\\/\\\/dorogimedence.hu\\\/wp-content\\\/uploads\\\/2024\\\/02\\\/richter-anna-dij.jpg\",\"contentUrl\":\"https:\\\/\\\/dorogimedence.hu\\\/wp-content\\\/uploads\\\/2024\\\/02\\\/richter-anna-dij.jpg\",\"width\":1920,\"height\":970},{\"@type\":\"BreadcrumbList\",\"@id\":\"https:\\\/\\\/dorogimedence.hu\\\/index.php\\\/2024\\\/02\\\/15\\\/richter-anna-dij-elindult-a-kozonsegszavazas\\\/#breadcrumb\",\"itemListElement\":[{\"@type\":\"ListItem\",\"position\":1,\"name\":\"Kezd\u0151lap\",\"item\":\"https:\\\/\\\/dorogimedence.hu\\\/\"},{\"@type\":\"ListItem\",\"position\":2,\"name\":\"Richter Anna D\u00edj: Elindult a k\u00f6z\u00f6ns\u00e9gszavaz\u00e1s\"}]},{\"@type\":\"WebSite\",\"@id\":\"https:\\\/\\\/dorogimedence.hu\\\/#website\",\"url\":\"https:\\\/\\\/dorogimedence.hu\\\/\",\"name\":\"Dorogi-medence Region\u00e1lis H\u00edrport\u00e1l\",\"description\":\"Dorog, Keszt\u00f6lc, Le\u00e1nyv\u00e1r, Piliscs\u00e9v, Tokod, Tokodalt\u00e1r\u00f3, Csolnok, Esztergom-kertv\u00e1ros: h\u00edrek, programok\",\"publisher\":{\"@id\":\"https:\\\/\\\/dorogimedence.hu\\\/#organization\"},\"potentialAction\":[{\"@type\":\"SearchAction\",\"target\":{\"@type\":\"EntryPoint\",\"urlTemplate\":\"https:\\\/\\\/dorogimedence.hu\\\/?s={search_term_string}\"},\"query-input\":{\"@type\":\"PropertyValueSpecification\",\"valueRequired\":true,\"valueName\":\"search_term_string\"}}],\"inLanguage\":\"hu\"},{\"@type\":\"Organization\",\"@id\":\"https:\\\/\\\/dorogimedence.hu\\\/#organization\",\"name\":\"Dorogi-medence Region\u00e1lis H\u00edrport\u00e1l\",\"url\":\"https:\\\/\\\/dorogimedence.hu\\\/\",\"logo\":{\"@type\":\"ImageObject\",\"inLanguage\":\"hu\",\"@id\":\"https:\\\/\\\/dorogimedence.hu\\\/#\\\/schema\\\/logo\\\/image\\\/\",\"url\":\"https:\\\/\\\/dorogimedence.hu\\\/wp-content\\\/uploads\\\/2021\\\/04\\\/logo-feher-600.png\",\"contentUrl\":\"https:\\\/\\\/dorogimedence.hu\\\/wp-content\\\/uploads\\\/2021\\\/04\\\/logo-feher-600.png\",\"width\":600,\"height\":100,\"caption\":\"Dorogi-medence Region\u00e1lis H\u00edrport\u00e1l\"},\"image\":{\"@id\":\"https:\\\/\\\/dorogimedence.hu\\\/#\\\/schema\\\/logo\\\/image\\\/\"},\"sameAs\":[\"https:\\\/\\\/www.facebook.com\\\/dorogimedence\\\/\"]},{\"@type\":\"Person\",\"@id\":\"https:\\\/\\\/dorogimedence.hu\\\/#\\\/schema\\\/person\\\/ce6091eeb7e95ecdc87890d6aa8e0fd4\",\"name\":\"dorogimedence.hu\",\"image\":{\"@type\":\"ImageObject\",\"inLanguage\":\"hu\",\"@id\":\"\\\/\\\/www.gravatar.com\\\/avatar\\\/d8d45f8901aadff40a4af72c0b826f1d?s=96&#038;r=g&#038;d=mm\",\"url\":\"\\\/\\\/www.gravatar.com\\\/avatar\\\/d8d45f8901aadff40a4af72c0b826f1d?s=96&#038;r=g&#038;d=mm\",\"contentUrl\":\"\\\/\\\/www.gravatar.com\\\/avatar\\\/d8d45f8901aadff40a4af72c0b826f1d?s=96&#038;r=g&#038;d=mm\",\"caption\":\"dorogimedence.hu\"}}]}<\/script>\n<!-- \/ Yoast SEO plugin. -->","yoast_head_json":{"title":"Richter Anna D\u00edj: Elindult a k\u00f6z\u00f6ns\u00e9gszavaz\u00e1s","robots":{"index":"index","follow":"follow","max-snippet":"max-snippet:-1","max-image-preview":"max-image-preview:large","max-video-preview":"max-video-preview:-1"},"canonical":"https:\/\/dorogimedence.hu\/index.php\/2024\/02\/15\/richter-anna-dij-elindult-a-kozonsegszavazas\/","og_locale":"hu_HU","og_type":"article","og_title":"Richter Anna D\u00edj: Elindult a k\u00f6z\u00f6ns\u00e9gszavaz\u00e1s","og_description":"Elindult a k\u00f6z\u00f6ns\u00e9gszavaz\u00e1s: huszonn\u00e9gy milli\u00f3 forintb\u00f3l val\u00f3sulnak meg innovat\u00edv \u00f6tletek a Richter Anna D\u00edjnak k\u00f6sz\u00f6nhet\u0151en. A Richter Gedeon Nyrt. hatodszor hirdette meg egyre nagyobb n\u00e9pszer\u0171s\u00e9gnek \u00f6rvend\u0151, hi\u00e1nyp\u00f3tl\u00f3 p\u00e1ly\u00e1zat\u00e1t, melyre tavaly \u00f3ta m\u00e1r k\u00f6z\u00e9piskol\u00e1sok is k\u00fcldhetnek be \u00f6tleteket. Haz\u00e1nk egyik legkiemelked\u0151bb gy\u00f3gyszerc\u00e9ge a Richter Anna D\u00edj p\u00e1ly\u00e1zat ki\u00edr\u00e1s\u00e1val \u0151rzi \u00e9s tov\u00e1bbviszi az alap\u00edt\u00f3csal\u00e1d szellemis\u00e9g\u00e9t, az innov\u00e1ci\u00f3ba,","og_url":"https:\/\/dorogimedence.hu\/index.php\/2024\/02\/15\/richter-anna-dij-elindult-a-kozonsegszavazas\/","og_site_name":"Dorogi-medence Region\u00e1lis H\u00edrport\u00e1l","article_publisher":"https:\/\/www.facebook.com\/dorogimedence\/","article_published_time":"2024-02-15T13:09:06+00:00","og_image":[{"width":1920,"height":970,"url":"https:\/\/dorogimedence.hu\/wp-content\/uploads\/2024\/02\/richter-anna-dij.jpg","type":"image\/jpeg"}],"author":"dorogimedence.hu","twitter_card":"summary_large_image","twitter_misc":{"Szerz\u0151:":"dorogimedence.hu","Becs\u00fclt olvas\u00e1si id\u0151":"10 perc"},"schema":{"@context":"https:\/\/schema.org","@graph":[{"@type":"Article","@id":"https:\/\/dorogimedence.hu\/index.php\/2024\/02\/15\/richter-anna-dij-elindult-a-kozonsegszavazas\/#article","isPartOf":{"@id":"https:\/\/dorogimedence.hu\/index.php\/2024\/02\/15\/richter-anna-dij-elindult-a-kozonsegszavazas\/"},"author":{"name":"dorogimedence.hu","@id":"https:\/\/dorogimedence.hu\/#\/schema\/person\/ce6091eeb7e95ecdc87890d6aa8e0fd4"},"headline":"Richter Anna D\u00edj: Elindult a k\u00f6z\u00f6ns\u00e9gszavaz\u00e1s","datePublished":"2024-02-15T13:09:06+00:00","mainEntityOfPage":{"@id":"https:\/\/dorogimedence.hu\/index.php\/2024\/02\/15\/richter-anna-dij-elindult-a-kozonsegszavazas\/"},"wordCount":1938,"publisher":{"@id":"https:\/\/dorogimedence.hu\/#organization"},"image":{"@id":"https:\/\/dorogimedence.hu\/index.php\/2024\/02\/15\/richter-anna-dij-elindult-a-kozonsegszavazas\/#primaryimage"},"thumbnailUrl":"https:\/\/dorogimedence.hu\/wp-content\/uploads\/2024\/02\/richter-anna-dij.jpg","keywords":["richter","Richter Anna-d\u00edj","Richter Gedeon"],"articleSection":["Belf\u00f6ld, Gazdas\u00e1g","H\u00edrek"],"inLanguage":"hu"},{"@type":"WebPage","@id":"https:\/\/dorogimedence.hu\/index.php\/2024\/02\/15\/richter-anna-dij-elindult-a-kozonsegszavazas\/","url":"https:\/\/dorogimedence.hu\/index.php\/2024\/02\/15\/richter-anna-dij-elindult-a-kozonsegszavazas\/","name":"Richter Anna D\u00edj: Elindult a k\u00f6z\u00f6ns\u00e9gszavaz\u00e1s","isPartOf":{"@id":"https:\/\/dorogimedence.hu\/#website"},"primaryImageOfPage":{"@id":"https:\/\/dorogimedence.hu\/index.php\/2024\/02\/15\/richter-anna-dij-elindult-a-kozonsegszavazas\/#primaryimage"},"image":{"@id":"https:\/\/dorogimedence.hu\/index.php\/2024\/02\/15\/richter-anna-dij-elindult-a-kozonsegszavazas\/#primaryimage"},"thumbnailUrl":"https:\/\/dorogimedence.hu\/wp-content\/uploads\/2024\/02\/richter-anna-dij.jpg","datePublished":"2024-02-15T13:09:06+00:00","breadcrumb":{"@id":"https:\/\/dorogimedence.hu\/index.php\/2024\/02\/15\/richter-anna-dij-elindult-a-kozonsegszavazas\/#breadcrumb"},"inLanguage":"hu","potentialAction":[{"@type":"ReadAction","target":["https:\/\/dorogimedence.hu\/index.php\/2024\/02\/15\/richter-anna-dij-elindult-a-kozonsegszavazas\/"]}]},{"@type":"ImageObject","inLanguage":"hu","@id":"https:\/\/dorogimedence.hu\/index.php\/2024\/02\/15\/richter-anna-dij-elindult-a-kozonsegszavazas\/#primaryimage","url":"https:\/\/dorogimedence.hu\/wp-content\/uploads\/2024\/02\/richter-anna-dij.jpg","contentUrl":"https:\/\/dorogimedence.hu\/wp-content\/uploads\/2024\/02\/richter-anna-dij.jpg","width":1920,"height":970},{"@type":"BreadcrumbList","@id":"https:\/\/dorogimedence.hu\/index.php\/2024\/02\/15\/richter-anna-dij-elindult-a-kozonsegszavazas\/#breadcrumb","itemListElement":[{"@type":"ListItem","position":1,"name":"Kezd\u0151lap","item":"https:\/\/dorogimedence.hu\/"},{"@type":"ListItem","position":2,"name":"Richter Anna D\u00edj: Elindult a k\u00f6z\u00f6ns\u00e9gszavaz\u00e1s"}]},{"@type":"WebSite","@id":"https:\/\/dorogimedence.hu\/#website","url":"https:\/\/dorogimedence.hu\/","name":"Dorogi-medence Region\u00e1lis H\u00edrport\u00e1l","description":"Dorog, Keszt\u00f6lc, Le\u00e1nyv\u00e1r, Piliscs\u00e9v, Tokod, Tokodalt\u00e1r\u00f3, Csolnok, Esztergom-kertv\u00e1ros: h\u00edrek, programok","publisher":{"@id":"https:\/\/dorogimedence.hu\/#organization"},"potentialAction":[{"@type":"SearchAction","target":{"@type":"EntryPoint","urlTemplate":"https:\/\/dorogimedence.hu\/?s={search_term_string}"},"query-input":{"@type":"PropertyValueSpecification","valueRequired":true,"valueName":"search_term_string"}}],"inLanguage":"hu"},{"@type":"Organization","@id":"https:\/\/dorogimedence.hu\/#organization","name":"Dorogi-medence Region\u00e1lis H\u00edrport\u00e1l","url":"https:\/\/dorogimedence.hu\/","logo":{"@type":"ImageObject","inLanguage":"hu","@id":"https:\/\/dorogimedence.hu\/#\/schema\/logo\/image\/","url":"https:\/\/dorogimedence.hu\/wp-content\/uploads\/2021\/04\/logo-feher-600.png","contentUrl":"https:\/\/dorogimedence.hu\/wp-content\/uploads\/2021\/04\/logo-feher-600.png","width":600,"height":100,"caption":"Dorogi-medence Region\u00e1lis H\u00edrport\u00e1l"},"image":{"@id":"https:\/\/dorogimedence.hu\/#\/schema\/logo\/image\/"},"sameAs":["https:\/\/www.facebook.com\/dorogimedence\/"]},{"@type":"Person","@id":"https:\/\/dorogimedence.hu\/#\/schema\/person\/ce6091eeb7e95ecdc87890d6aa8e0fd4","name":"dorogimedence.hu","image":{"@type":"ImageObject","inLanguage":"hu","@id":"\/\/www.gravatar.com\/avatar\/d8d45f8901aadff40a4af72c0b826f1d?s=96&#038;r=g&#038;d=mm","url":"\/\/www.gravatar.com\/avatar\/d8d45f8901aadff40a4af72c0b826f1d?s=96&#038;r=g&#038;d=mm","contentUrl":"\/\/www.gravatar.com\/avatar\/d8d45f8901aadff40a4af72c0b826f1d?s=96&#038;r=g&#038;d=mm","caption":"dorogimedence.hu"}}]}},"_links":{"self":[{"href":"https:\/\/dorogimedence.hu\/index.php\/wp-json\/wp\/v2\/posts\/59700","targetHints":{"allow":["GET"]}}],"collection":[{"href":"https:\/\/dorogimedence.hu\/index.php\/wp-json\/wp\/v2\/posts"}],"about":[{"href":"https:\/\/dorogimedence.hu\/index.php\/wp-json\/wp\/v2\/types\/post"}],"author":[{"embeddable":true,"href":"https:\/\/dorogimedence.hu\/index.php\/wp-json\/wp\/v2\/users\/1"}],"replies":[{"embeddable":true,"href":"https:\/\/dorogimedence.hu\/index.php\/wp-json\/wp\/v2\/comments?post=59700"}],"version-history":[{"count":0,"href":"https:\/\/dorogimedence.hu\/index.php\/wp-json\/wp\/v2\/posts\/59700\/revisions"}],"wp:featuredmedia":[{"embeddable":true,"href":"https:\/\/dorogimedence.hu\/index.php\/wp-json\/wp\/v2\/media\/59701"}],"wp:attachment":[{"href":"https:\/\/dorogimedence.hu\/index.php\/wp-json\/wp\/v2\/media?parent=59700"}],"wp:term":[{"taxonomy":"category","embeddable":true,"href":"https:\/\/dorogimedence.hu\/index.php\/wp-json\/wp\/v2\/categories?post=59700"},{"taxonomy":"post_tag","embeddable":true,"href":"https:\/\/dorogimedence.hu\/index.php\/wp-json\/wp\/v2\/tags?post=59700"}],"curies":[{"name":"wp","href":"https:\/\/api.w.org\/{rel}","templated":true}]}}