{"id":5957,"date":"2017-09-29T15:21:36","date_gmt":"2017-09-29T13:21:36","guid":{"rendered":"http:\/\/dorogimedence.hu\/?p=5957"},"modified":"2017-09-29T15:21:36","modified_gmt":"2017-09-29T13:21:36","slug":"dorogi-barangolasok-legter","status":"publish","type":"post","link":"https:\/\/dorogimedence.hu\/index.php\/2017\/09\/29\/dorogi-barangolasok-legter\/","title":{"rendered":"Dorogi Barangol\u00e1sok: L\u00e9gt\u00e9r"},"content":{"rendered":"<p><strong>A Dorogi Barangol\u00e1sok k\u00f6vetkez\u0151 r\u00e9sz\u00e9ben Dorog \u00e9s t\u00e9rs\u00e9ge l\u00e9gter\u00e9t, illetve a hozz\u00e1 tartoz\u00f3 t\u00f6rt\u00e9neteket mutatjuk be.<br \/>\n<\/strong><\/p>\n<p>L\u00e9gifolyos\u00f3k rep\u00fcl\u0151g\u00e9pei h\u00fazz\u00e1k a cs\u00edkot felett\u00fcnk, m\u00e1skor az \u00f6reg masin\u00e1k harciasan kiveszik a r\u00e9sz\u00fcket a sz\u00fanyoggy\u00e9r\u00edt\u00e9sb\u0151l, de k\u00f6r\u00f6znek a dar\u00e1zsz\u00fcmm\u00f6g\u00e9s\u0171 s\u00e1rk\u00e1nyrep\u00fcl\u0151k is Esztergom vagy Csolnok fel\u0151l\u2026<\/p>\n<p>A mi l\u00e9gter\u00fcnknek is megvan a maga t\u00f6rt\u00e9nete. Nyomtatott \u00edr\u00e1sos eml\u00e9kei meghaladj\u00e1k a sz\u00e1z \u00e9vet. Az els\u0151k k\u00f6z\u00f6tt egy \u00f6r\u00f6k v\u00e1ndorr\u00f3l, akire az \u00fajs\u00e1gok 1910-ben ir\u00e1ny\u00edtott\u00e1k a telep\u00fcl\u00e9sek lak\u00f3inak gyakran babon\u00e1s \u00e9rdekl\u0151d\u00e9s\u00e9t. Az \u00fajs\u00e1g dolga volt a min\u00e9l pontosabb tudom\u00e1nyos magyar\u00e1zat terjeszt\u00e9se. <em><strong>\u201eMikor l\u00e1tjuk az \u00fcst\u00f6k\u00f6st? <\/strong>A csillag\u00e1szok sz\u00e1m\u00edt\u00e1sa szerint a Halley \u00fcst\u00f6k\u00f6s feje ma, m\u00e1jus 19-\u00e9n reggel 3 \u00f3ra 22 perckor fog el\u0151sz\u00f6r \u00e9rintkezni a nap korongj\u00e1val. Ez a jelens\u00e9g egy \u00f3ra hossz\u00e1ig fog tartani. A csillag\u00e1szok ezen \u00e1tvonul\u00e1st\u00f3l igen sokat v\u00e1rnak, mert ha els\u00f6t\u00e9t\u00edti a napot, akkor az \u00fcst\u00f6k\u00f6s feje szil\u00e1rd test, ha nem, akkor ritka g\u00e1z. M\u00e1jus 20-t\u00f3l kezdve a Halley-\u00fcst\u00f6k\u00f6s a nyugati \u00e9gbolton lesz l\u00e1that\u00f3 napnyugta ut\u00e1n. M\u00e9gpedig 20-\u00e1n este 8 \u00f3ra 45 percig, m\u00e1jus 25-\u00e9n este 11 \u00f3r\u00e1ig \u00e9s 30-\u00e1n \u00e9jjeli f\u00e9l 12-ig.\u201d<\/em> (E\u00e9sV, 1910. m\u00e1j. 19. 3. old.). Izgalmas napokat \u00e9ltek \u00e1t a k\u00f6rny\u00e9k lak\u00f3i! T\u00edz nappal k\u00e9s\u0151bb pedig m\u00e1r a b\u00facs\u00fa szomor\u00fa hangulata lett \u00farr\u00e1 a Dunakanyar k\u00f6z\u00f6ns\u00e9g\u00e9n. <em><strong>\u201eAz \u00fcst\u00f6k\u00f6s. <\/strong>V\u00e9gre m\u00e1r Esztergomban is l\u00e1tt\u00e1k \u00e9s l\u00e1tj\u00e1k a sokat v\u00e1rt \u00e9s sok f\u00e9lelmet okoz\u00f3, de azut\u00e1n \u00e1rtatlan b\u00e1r\u00e1nny\u00e1 vedlett Halley-\u00fcst\u00f6k\u00f6st. Este kilenc \u00f3ra fel\u00e9 a nyugati \u00e9gen t\u0171nik fel s el\u00e9g gyorsan el is v\u00e9sz a v\u00e9gtelen \u0171rben. F\u00e9nye gy\u00f6nge, s akik valami f\u00e9nyes, k\u00e1pr\u00e1ztat\u00f3 \u00e9gi t\u00fcnem\u00e9nyt v\u00e1rtak, azok ugyancsak \u00e9s alaposan csal\u00f3dtak. Cs\u00fct\u00f6rt\u00f6k\u00f6n f\u00e9l 10 \u00f3rakor v\u00e9gre a b\u00e1mul\u00e1s ut\u00e1n megemberelte mag\u00e1t \u00e9s engedte l\u00e1ttatni mintegy 10 m\u00e9ternek l\u00e1tsz\u00f3, negyed \u00f3r\u00e1ra el\u0151t\u0171n\u0151 f\u00e9nyes cs\u00f3v\u00e1j\u00e1t. A minden 75 \u00e9vben visszat\u00e9r\u0151 \u00e9gi k\u00f3borl\u00f3nak est\u00e9nk\u00e9nt igen sok n\u00e9z\u0151je akad.\u201d<\/em> (E\u00e9sV, 1910. m\u00e1j. 29. 3. old.). Az\u00f3ta m\u00e1r \u00fajabb s\u00e9t\u00e1t tett felett\u00fcnk, mert elm\u00falt az a 75 \u00e9v is, mint ahogy a legfiatalabb mai dorogi lakosoknak megint alkalmuk lesz az \u00fcst\u00f6k\u00f6sb\u00e1mul\u00e1sra\u2026<\/p>\n<p style=\"text-align: center;\"><img fetchpriority=\"high\" decoding=\"async\" class=\"alignnone size-full wp-image-5959\" src=\"https:\/\/dorogimedence.hu\/wp-content\/uploads\/2017\/09\/legter-02.jpg\" alt=\"\" width=\"670\" height=\"402\" srcset=\"https:\/\/dorogimedence.hu\/wp-content\/uploads\/2017\/09\/legter-02.jpg 670w, https:\/\/dorogimedence.hu\/wp-content\/uploads\/2017\/09\/legter-02-300x180.jpg 300w\" sizes=\"(max-width: 670px) 100vw, 670px\" \/><br \/>\n<em>A Halley-\u00fcst\u00f6k\u00f6st 75 \u00e9vente csod\u00e1lhatjuk meg.<\/em><\/p>\n<p>\u00c9gi l\u00e1tv\u00e1nyoss\u00e1gokban nem volt hi\u00e1ny a k\u00f6vetkez\u0151 napokban sem, ezek a rep\u00fcl\u00e9sr\u0151l \u00e1lmodoz\u00f3 emberekb\u0151l v\u00e1lthattak ki komoly izgalmakat. Mert ezek m\u00e1r emberalkotta csod\u00e1k voltak!<\/p>\n<p><em><strong>\u201eMonopl\u00e1nok a v\u00e1ros felett. <\/strong>Ritka \u00e9lvezetes l\u00e1tv\u00e1nyoss\u00e1gban volt r\u00e9sz\u00fck azoknak, akik a budapesti rep\u00fcl\u0151versenyek t\u00e1vversenyz\u0151 csapat\u00e1t figyelemmel kis\u00e9rt\u00e9k. J\u00fanius 7-\u00e9n Dorog \u00e9s L\u00e1batlan k\u00f6z\u00f6tti l\u00e9gvonalban d\u00e9lut\u00e1n f\u00e9l 4 \u00f3rakor felt\u0171nt Pischoff n\u00e9met aviatikus monopl\u00e1nja \u00e9s mintegy 50 m\u00e9ternyi magass\u00e1gban rep\u00fclt el a n\u00e9z\u0151k feje felett. A monopl\u00e1n Gy\u0151r fel\u00e9 rep\u00fclt\u202613-\u00e1n ism\u00e9t 3 aeropl\u00e1n fog a v\u00e1ros felett \u00e1thaladni. A rep\u00fcl\u0151g\u00e9pek ez\u00fattal a Duna felett haladnak \u00e9s d. u. 3 \u00e9s 4 \u00f3ra k\u00f6z\u00f6tt a Dunapartr\u00f3l pontosan megfigyelhet\u0151k lesznek.\u201d<\/em> (E\u00e9sV, 1910. j\u00fanius 9. 2. old.) Ehhez m\u00e1r be kellett ruccanni Esztergomba.<\/p>\n<p>Hamarosan \u00fajabb \u00e9gi jelre akadt l\u00e1tv\u00e1nyos p\u00e9lda a f\u00f6ldi v\u00e1ltoz\u00e1s bek\u00f6vetkez\u00e9se el\u0151tt, imm\u00e1r 1911-et \u00edrtak a napt\u00e1rak. <em><strong>\u201eL\u00e9ghaj\u00f3k megy\u00e9nk felett<\/strong>. A m\u00falt h\u00e9ten a B\u00e9cs\u2014Budapest k\u00f6z\u00f6tt rendezett rep\u00fcl\u0151g\u00e9pverseny r\u00e9sztvev\u0151i megy\u00e9nk felett szelt\u00e9k \u00e1t a leveg\u0151t, hogy a Dunament\u00e9n a verseny hely\u00e9re, Budapestre \u00e9rjenek. A Duna mellett fekv\u0151 k\u00f6zs\u00e9gek: L\u00e1batlan, S\u00fctt\u0151, Dorog \u00e9s Tokod lakosai gy\u00f6ny\u00f6rk\u00f6dhettek a rep\u00fcl\u0151g\u00e9pek biztos sz\u00e1lldos\u00e1s\u00e1ban.\u201d<\/em> (E\u00e9sV, 1911. j\u00fanius 25. 2. old.) L\u00e1tv\u00e1nyos \u00e9vek voltak.<\/p>\n<p>A Nagy H\u00e1bor\u00fa hamarosan bebizony\u00edtotta: a rep\u00fcl\u00e9s nem csak \u00e1lom, de g\u00e9pei imm\u00e1r harci fegyverek a v\u00e9res csatatereken. \u00c9s m\u00e9g v\u00edvta egym\u00e1s elleni csat\u00e1j\u00e1t a rep\u00fcl\u0151g\u00e9p \u00e9s a zeppelin is.<\/p>\n<p><em><strong>\u201e<\/strong>A n\u00e9met Zeppelin balk\u00e1ni \u00fatja alatt k\u00e9tszer \u00e9rintette Budapestet\u201d, \u00e1m els\u0151 \u00fatj\u00e1n a nagy k\u00f6d l\u00e1thatatlann\u00e1 tette Dorog t\u00e9rs\u00e9g\u00e9ben, de \u201evisszafel\u00e9 j\u00f6vet szerd\u00e1n este f\u00e9l 11 \u00e9s 11 \u00f3ra k\u00f6z\u00f6tt felt\u0171nt Dorog f\u00f6l\u00f6tt. A l\u00e9ghaj\u00f3 nem volt kivil\u00e1g\u00edtva, \u00e9s \u00edgy csak a hatalmas szivar alak\u00fa l\u00e9ghaj\u00f3t l\u00e1tt\u00e1k, amint m\u00e9lt\u00f3s\u00e1gteljesen \u00faszott a vil\u00e1gos holds\u00fct\u00e9sben. Sokan voltak, akik csod\u00e1lattal n\u00e9zt\u00e9k a n\u00e9met technika leg\u00fajabb v\u00edvm\u00e1ny\u00e1t.\u201d<\/em> (E\u00e9sV, 1929. okt. 20. 3. old.)<\/p>\n<p style=\"text-align: center;\"><img decoding=\"async\" class=\"alignnone size-full wp-image-5958\" src=\"https:\/\/dorogimedence.hu\/wp-content\/uploads\/2017\/09\/legter-01.jpg\" alt=\"\" width=\"670\" height=\"214\" srcset=\"https:\/\/dorogimedence.hu\/wp-content\/uploads\/2017\/09\/legter-01.jpg 670w, https:\/\/dorogimedence.hu\/wp-content\/uploads\/2017\/09\/legter-01-300x96.jpg 300w\" sizes=\"(max-width: 670px) 100vw, 670px\" \/><br \/>\n<em><strong>Balra:<\/strong> Zeppelin a Duna felett \u2013 \u00edgy l\u00e1tt\u00e1k Dorog felett is \u00e1t\u00faszni a l\u00e9gt\u00e9ren. <strong>Jobbra:<\/strong> Egy monopl\u00e1n a h\u0151skorb\u00f3l.<\/em><\/p>\n<p>Egy \u00e9v m\u00falva a k\u00e9t telep\u00fcl\u00e9s hat\u00e1r\u00e1n kudarcos v\u00e9get \u00e9rt egy magass\u00e1girekord-k\u00eds\u00e9rlet a magyar l\u00e9ghaj\u00f3val, ez v\u00e9get vetett a hazai l\u00e9ghaj\u00f3z\u00e1snak. A k\u00f6vetkez\u0151 \u00e9vekben azonban Esztergom rep\u00fcl\u0151tere ism\u00e9t a l\u00e9gt\u00e9rbe k\u00fcldhette a sikl\u00e1s szerelmeseit. Trianonban ugyan minden magyar rep\u00fcl\u0151g\u00e9p megsemmis\u00edt\u00e9s\u00e9t elrendelt\u00e9k, de a sportrep\u00fcl\u00e9s \u00fcgyesen kital\u00e1lt sportja kib\u00fav\u00f3t jelentett a t\u00f6rv\u00e9ny al\u00f3l. Az 1930-as \u00e9vekben m\u00e1r rendszeres rep\u00fcl\u0151napokat rendeztek, ahol a motor n\u00e9lk\u00fcli sikl\u00f3rep\u00fcl\u0151k nagy n\u00e9pszer\u0171s\u00e9ge oda vezetett, hogy rep\u00fcl\u0151vizsg\u00e1t lehetett tenni, s\u0151t <strong>rep\u00fcl\u0151g\u00e9p-tulajdonoss\u00e1 v\u00e1lhattak a tehet\u0151s telep\u00fcl\u00e9sek<\/strong>. Az esztergomi rep\u00fcl\u0151t\u00e9r \u00e9s a MOVERO ma m\u00e1r a rep\u00fcl\u00e9st\u00f6rt\u00e9net egyik kit\u00f6r\u00f6lhetetlen, nagy fejezete. Ki ne tudn\u00e1, hogy id. Rubik Ern\u0151 (akir\u0151l elnevezt\u00e9k a rep\u00fcl\u0151teret) nemcsak pil\u00f3t\u00e1ja, de tervez\u0151je is volt az ott \u00e9p\u00edtett rep\u00fcl\u0151 csod\u00e1knak (Szittya, V\u00f6cs\u00f6k, G\u00f3b\u00e9, Koma stb.) Azt m\u00e1r kevesebben tudj\u00e1k, kik voltak az els\u0151 dorogiak, akik vizsg\u00e1t tettek az esztergomi rep\u00fcl\u0151t\u00e9ren. A Kis-Str\u00e1zsa-hegy oldal\u00e1ban 1932-ben indult meg a vitorl\u00e1z\u00f3-sportrep\u00fcl\u00e9s, \u00e9s \u00edgy a hegy mell\u00e9 telepedett az esztergomi rep\u00fcl\u0151t\u00e9r. A hegy oldal\u00e1ban rep\u00fcl\u0151g\u00e9pes oktat\u00e1s folyt f\u0151leg a Rubik Ern\u0151 \u00e1ltal tervezett Szittya \u00e9s V\u00f6cs\u00f6k g\u00e9peken. A sikl\u00f3rep\u00fcl\u0151ket a Str\u00e1zsa-hegyr\u0151l cs\u00f6rl\u0151vel ind\u00edtott\u00e1k. Hidassy Vilmos \u00e9s Zentai Gyula \u2019A\u2019 vizsg\u00e1t tett 1936-ban (Esztergom \u00e9s Vid\u00e9ke, 1936. j\u00fan. 14. 3. old.) Egy \u00e9vvel k\u00e9s\u0151bb \u2019B\u2019 vizsg\u00e1t tett Schlett L\u00e1szl\u00f3 (Dorog), Hidasi Vilmos (Dorog), Bartos L\u00e1szl\u00f3 (Dorog) \u00e9s Mur\u00e1nyi Val\u00e9ria (Esztergom). \u2019A\u2019 vizsg\u00e1t tett: Fluch J\u00e1nos (Dorog).\u201d (E\u00e9sV, 1937, j\u00fal. 29. 3. old.). De ez csak a kezdeti n\u00e9vsor.<\/p>\n<p style=\"text-align: center;\"><img decoding=\"async\" class=\"alignnone size-full wp-image-5962\" src=\"https:\/\/dorogimedence.hu\/wp-content\/uploads\/2017\/09\/legter-05.jpg\" alt=\"\" width=\"670\" height=\"332\" srcset=\"https:\/\/dorogimedence.hu\/wp-content\/uploads\/2017\/09\/legter-05.jpg 670w, https:\/\/dorogimedence.hu\/wp-content\/uploads\/2017\/09\/legter-05-300x149.jpg 300w\" sizes=\"(max-width: 670px) 100vw, 670px\" \/><br \/>\n<em>Id\u0151sebb Rubik Ern\u0151 \u00e9s egyik sikeres vitorl\u00e1z\u00f3 rep\u00fcl\u0151je<\/em><\/p>\n<p style=\"text-align: center;\"><img loading=\"lazy\" decoding=\"async\" class=\"alignnone size-full wp-image-5963\" src=\"https:\/\/dorogimedence.hu\/wp-content\/uploads\/2017\/09\/legter-06.jpg\" alt=\"\" width=\"670\" height=\"327\" srcset=\"https:\/\/dorogimedence.hu\/wp-content\/uploads\/2017\/09\/legter-06.jpg 670w, https:\/\/dorogimedence.hu\/wp-content\/uploads\/2017\/09\/legter-06-300x146.jpg 300w\" sizes=\"(max-width: 670px) 100vw, 670px\" \/><br \/>\n<em>Rubik-rep\u00fcl\u0151 egy magyar rep\u00fcl\u0151t\u00e9ren<\/em><\/p>\n<p>A h\u00e1bor\u00fas \u00e9vekben m\u00e1r mindenki tudta, hogy ezek a pil\u00f3t\u00e1k m\u00e9gis csak katonai feladatokra k\u00e9sz\u00fcltek a magyar reptereken. A telep\u00fcl\u00e9sek \u00e1ltal v\u00e1s\u00e1rolt sportrep\u00fcl\u0151kr\u0151l ezt mondta egy rep\u00fcl\u0151napon a megnyit\u00f3 sz\u00f3nok:<em> \u201eAz esztergomi rep\u00fcl\u00e9s \u00fcgye ma m\u00e1r nem esztergomi \u00fcgy, t\u00faln\u0151 a v\u00e1ros, a megye hat\u00e1rain, s azt Dorognak, Csolnoknak, Tokodnak k\u00f6sz\u00f6nheti.\u201d<\/em> A sport azonban m\u00e1r titkos had\u00e1szati, teh\u00e1t politikai c\u00e9lokat szolg\u00e1lt. <em>\u201eHa nem rep\u00fclhet\u00fcnk motorral, rep\u00fcl\u00fcnk an\u00e9lk\u00fcl. Ma az a helyzet, hogy N\u00e9metorsz\u00e1g \u00e9s Amerika m\u00f6g\u00f6tt harmadik e t\u00e9ren Magyarorsz\u00e1g.\u201d<\/em> A rep\u00fcl\u0151terek v\u00e9delm\u00e9ben pedig szemrebben\u00e9s n\u00e9lk\u00fcl \u00edgy nyilatkoztak: <em>\u201eA begyepes\u00edtett rep\u00fcl\u0151t\u00e9r a legeltet\u00e9s szempontj\u00e1b\u00f3l igen el\u0151ny\u00f6s \u00e9s komoly legel\u0151jav\u00edt\u00e1st szolg\u00e1l.\u201d<\/em> (Esztergom \u00e9s Vid\u00e9ke, 1941. \u00e1prilis 26.) L\u00e1m, m\u00e9g a birkatart\u00f3 juh\u00e1szok is j\u00f3l j\u00e1rtak a rep\u00fcl\u0151terekkel!<\/p>\n<p style=\"text-align: center;\"><img loading=\"lazy\" decoding=\"async\" class=\"alignnone size-full wp-image-5960\" src=\"https:\/\/dorogimedence.hu\/wp-content\/uploads\/2017\/09\/legter-03.jpg\" alt=\"\" width=\"670\" height=\"376\" srcset=\"https:\/\/dorogimedence.hu\/wp-content\/uploads\/2017\/09\/legter-03.jpg 670w, https:\/\/dorogimedence.hu\/wp-content\/uploads\/2017\/09\/legter-03-300x168.jpg 300w\" sizes=\"(max-width: 670px) 100vw, 670px\" \/><br \/>\n<em>A Str\u00e1zsa-hegy volt a vitorl\u00e1z\u00f3k felsz\u00e1ll\u00e1si helye.<\/em><\/p>\n<p>Ma ism\u00e9t b\u00e9k\u00e9s c\u00e9lokat szolg\u00e1lnak a hangos \u00e9s hangtalan \u00e9gi madarak. Esztergom mellett Csolnok is kik\u00e9pz\u0151 b\u00e1ziss\u00e1 v\u00e1ltozott a M\u00f3kus-hegyen. A Str\u00e1zsa-hegy m\u00e1r nem r\u00e9sze a sportterepnek. A birk\u00e1k viszont tov\u00e1bbra is j\u00f3l \u00e9rzik magukat a rep\u00fcl\u0151t\u00e9ren.<\/p>\n<p><span style=\"color: #ff0000;\"><em><strong>Kov\u00e1cs Lajos<\/strong><\/em><\/span><\/p>\n<p><em>Forr\u00e1sok: <a href=\"https:\/\/hu.wikipedia.org\/wiki\/Strazsa-hegy_(Esztergom)\" target=\"_blank\" rel=\"noopener\">https:\/\/hu.wikipedia.org\/wiki\/Strazsa-hegy_(Esztergom)<\/a> &#8211; Esztergom \u00e9s Vid\u00e9ke h\u00edrlap &#8211; <a href=\"https:\/\/www.google.hu\/search?q=rep\u00fcl\u00e9s+Esztergom\" target=\"_blank\" rel=\"noopener\">https:\/\/www.google.hu\/search?q=rep\u00fcl\u00e9s+Esztergom<\/a>&#8230; &#8211; <a href=\"http:\/\/www.kirandulasok.com\/2012\/12\/a-mokus-hegy-es-sikloernyosok.html\" target=\"_blank\" rel=\"noopener\">http:\/\/www.kirandulasok.com\/2012\/12\/a-mokus-hegy-es-sikloernyosok.html<\/a><\/em><\/p>\n<p><em>C\u00edmlapfot\u00f3: Sikl\u00f3erny\u0151s a M\u00f3kus-hegyn\u00e9l (Dorogi TDM)<\/em><\/p>\n","protected":false},"excerpt":{"rendered":"<p>A Dorogi Barangol\u00e1sok k\u00f6vetkez\u0151 r\u00e9sz\u00e9ben Dorog \u00e9s t\u00e9rs\u00e9ge l\u00e9gter\u00e9t, illetve a hozz\u00e1 tartoz\u00f3 t\u00f6rt\u00e9neteket mutatjuk be. L\u00e9gifolyos\u00f3k rep\u00fcl\u0151g\u00e9pei h\u00fazz\u00e1k a cs\u00edkot felett\u00fcnk, m\u00e1skor az \u00f6reg masin\u00e1k harciasan kiveszik a r\u00e9sz\u00fcket a sz\u00fanyoggy\u00e9r\u00edt\u00e9sb\u0151l, de k\u00f6r\u00f6znek a dar\u00e1zsz\u00fcmm\u00f6g\u00e9s\u0171 s\u00e1rk\u00e1nyrep\u00fcl\u0151k is Esztergom vagy Csolnok fel\u0151l\u2026 A mi l\u00e9gter\u00fcnknek is megvan a maga t\u00f6rt\u00e9nete. Nyomtatott \u00edr\u00e1sos eml\u00e9kei meghaladj\u00e1k a<\/p>\n","protected":false},"author":1,"featured_media":5961,"comment_status":"closed","ping_status":"closed","sticky":false,"template":"","format":"standard","meta":{"ngg_post_thumbnail":0,"footnotes":""},"categories":[2,341,3],"tags":[15,265,1633,266],"class_list":{"0":"post-5957","1":"post","2":"type-post","3":"status-publish","4":"format-standard","5":"has-post-thumbnail","7":"category-dorog","8":"category-dorogi-barangolasok","9":"category-hirek","10":"tag-dorog","11":"tag-dorogi-barangolasok","12":"tag-legter","13":"tag-tortenelem"},"yoast_head":"<!-- This site is optimized with the Yoast SEO plugin v27.5 - https:\/\/yoast.com\/product\/yoast-seo-wordpress\/ -->\n<title>Dorogi Barangol\u00e1sok: L\u00e9gt\u00e9r<\/title>\n<meta name=\"robots\" content=\"index, follow, max-snippet:-1, max-image-preview:large, max-video-preview:-1\" \/>\n<link rel=\"canonical\" href=\"https:\/\/dorogimedence.hu\/index.php\/2017\/09\/29\/dorogi-barangolasok-legter\/\" class=\"yoast-seo-meta-tag\" \/>\n<meta property=\"og:locale\" content=\"hu_HU\" class=\"yoast-seo-meta-tag\" \/>\n<meta property=\"og:type\" content=\"article\" class=\"yoast-seo-meta-tag\" \/>\n<meta property=\"og:title\" content=\"Dorogi Barangol\u00e1sok: L\u00e9gt\u00e9r\" class=\"yoast-seo-meta-tag\" \/>\n<meta property=\"og:description\" content=\"A Dorogi Barangol\u00e1sok k\u00f6vetkez\u0151 r\u00e9sz\u00e9ben Dorog \u00e9s t\u00e9rs\u00e9ge l\u00e9gter\u00e9t, illetve a hozz\u00e1 tartoz\u00f3 t\u00f6rt\u00e9neteket mutatjuk be. L\u00e9gifolyos\u00f3k rep\u00fcl\u0151g\u00e9pei h\u00fazz\u00e1k a cs\u00edkot felett\u00fcnk, m\u00e1skor az \u00f6reg masin\u00e1k harciasan kiveszik a r\u00e9sz\u00fcket a sz\u00fanyoggy\u00e9r\u00edt\u00e9sb\u0151l, de k\u00f6r\u00f6znek a dar\u00e1zsz\u00fcmm\u00f6g\u00e9s\u0171 s\u00e1rk\u00e1nyrep\u00fcl\u0151k is Esztergom vagy Csolnok fel\u0151l\u2026 A mi l\u00e9gter\u00fcnknek is megvan a maga t\u00f6rt\u00e9nete. Nyomtatott \u00edr\u00e1sos eml\u00e9kei meghaladj\u00e1k a\" class=\"yoast-seo-meta-tag\" \/>\n<meta property=\"og:url\" content=\"https:\/\/dorogimedence.hu\/index.php\/2017\/09\/29\/dorogi-barangolasok-legter\/\" class=\"yoast-seo-meta-tag\" \/>\n<meta property=\"og:site_name\" content=\"Dorogi-medence Region\u00e1lis H\u00edrport\u00e1l\" class=\"yoast-seo-meta-tag\" \/>\n<meta property=\"article:publisher\" content=\"https:\/\/www.facebook.com\/dorogimedence\/\" class=\"yoast-seo-meta-tag\" \/>\n<meta property=\"article:published_time\" content=\"2017-09-29T13:21:36+00:00\" class=\"yoast-seo-meta-tag\" \/>\n<meta property=\"og:image\" content=\"https:\/\/i0.wp.com\/dorogimedence.hu\/wp-content\/uploads\/2017\/09\/legter-04.jpg?fit=670%2C365&ssl=1\" class=\"yoast-seo-meta-tag\" \/>\n\t<meta property=\"og:image:width\" content=\"670\" class=\"yoast-seo-meta-tag\" \/>\n\t<meta property=\"og:image:height\" content=\"365\" class=\"yoast-seo-meta-tag\" \/>\n\t<meta property=\"og:image:type\" content=\"image\/jpeg\" class=\"yoast-seo-meta-tag\" \/>\n<meta name=\"author\" content=\"dorogimedence.hu\" class=\"yoast-seo-meta-tag\" \/>\n<meta name=\"twitter:card\" content=\"summary_large_image\" class=\"yoast-seo-meta-tag\" \/>\n<meta name=\"twitter:label1\" content=\"Szerz\u0151:\" class=\"yoast-seo-meta-tag\" \/>\n\t<meta name=\"twitter:data1\" content=\"dorogimedence.hu\" class=\"yoast-seo-meta-tag\" \/>\n\t<meta name=\"twitter:label2\" content=\"Becs\u00fclt olvas\u00e1si id\u0151\" class=\"yoast-seo-meta-tag\" \/>\n\t<meta name=\"twitter:data2\" content=\"8 perc\" class=\"yoast-seo-meta-tag\" \/>\n<script type=\"application\/ld+json\" class=\"yoast-schema-graph\">{\"@context\":\"https:\\\/\\\/schema.org\",\"@graph\":[{\"@type\":\"Article\",\"@id\":\"https:\\\/\\\/dorogimedence.hu\\\/index.php\\\/2017\\\/09\\\/29\\\/dorogi-barangolasok-legter\\\/#article\",\"isPartOf\":{\"@id\":\"https:\\\/\\\/dorogimedence.hu\\\/index.php\\\/2017\\\/09\\\/29\\\/dorogi-barangolasok-legter\\\/\"},\"author\":{\"name\":\"dorogimedence.hu\",\"@id\":\"https:\\\/\\\/dorogimedence.hu\\\/#\\\/schema\\\/person\\\/ce6091eeb7e95ecdc87890d6aa8e0fd4\"},\"headline\":\"Dorogi Barangol\u00e1sok: L\u00e9gt\u00e9r\",\"datePublished\":\"2017-09-29T13:21:36+00:00\",\"mainEntityOfPage\":{\"@id\":\"https:\\\/\\\/dorogimedence.hu\\\/index.php\\\/2017\\\/09\\\/29\\\/dorogi-barangolasok-legter\\\/\"},\"wordCount\":1635,\"publisher\":{\"@id\":\"https:\\\/\\\/dorogimedence.hu\\\/#organization\"},\"image\":{\"@id\":\"https:\\\/\\\/dorogimedence.hu\\\/index.php\\\/2017\\\/09\\\/29\\\/dorogi-barangolasok-legter\\\/#primaryimage\"},\"thumbnailUrl\":\"https:\\\/\\\/dorogimedence.hu\\\/wp-content\\\/uploads\\\/2017\\\/09\\\/legter-04.jpg\",\"keywords\":[\"Dorog\",\"dorogi barangol\u00e1sok\",\"l\u00e9gt\u00e9r\",\"t\u00f6rt\u00e9nelem\"],\"articleSection\":[\"Dorog\",\"Dorogi Barangol\u00e1sok\",\"H\u00edrek\"],\"inLanguage\":\"hu\"},{\"@type\":\"WebPage\",\"@id\":\"https:\\\/\\\/dorogimedence.hu\\\/index.php\\\/2017\\\/09\\\/29\\\/dorogi-barangolasok-legter\\\/\",\"url\":\"https:\\\/\\\/dorogimedence.hu\\\/index.php\\\/2017\\\/09\\\/29\\\/dorogi-barangolasok-legter\\\/\",\"name\":\"Dorogi Barangol\u00e1sok: L\u00e9gt\u00e9r\",\"isPartOf\":{\"@id\":\"https:\\\/\\\/dorogimedence.hu\\\/#website\"},\"primaryImageOfPage\":{\"@id\":\"https:\\\/\\\/dorogimedence.hu\\\/index.php\\\/2017\\\/09\\\/29\\\/dorogi-barangolasok-legter\\\/#primaryimage\"},\"image\":{\"@id\":\"https:\\\/\\\/dorogimedence.hu\\\/index.php\\\/2017\\\/09\\\/29\\\/dorogi-barangolasok-legter\\\/#primaryimage\"},\"thumbnailUrl\":\"https:\\\/\\\/dorogimedence.hu\\\/wp-content\\\/uploads\\\/2017\\\/09\\\/legter-04.jpg\",\"datePublished\":\"2017-09-29T13:21:36+00:00\",\"breadcrumb\":{\"@id\":\"https:\\\/\\\/dorogimedence.hu\\\/index.php\\\/2017\\\/09\\\/29\\\/dorogi-barangolasok-legter\\\/#breadcrumb\"},\"inLanguage\":\"hu\",\"potentialAction\":[{\"@type\":\"ReadAction\",\"target\":[\"https:\\\/\\\/dorogimedence.hu\\\/index.php\\\/2017\\\/09\\\/29\\\/dorogi-barangolasok-legter\\\/\"]}]},{\"@type\":\"ImageObject\",\"inLanguage\":\"hu\",\"@id\":\"https:\\\/\\\/dorogimedence.hu\\\/index.php\\\/2017\\\/09\\\/29\\\/dorogi-barangolasok-legter\\\/#primaryimage\",\"url\":\"https:\\\/\\\/dorogimedence.hu\\\/wp-content\\\/uploads\\\/2017\\\/09\\\/legter-04.jpg\",\"contentUrl\":\"https:\\\/\\\/dorogimedence.hu\\\/wp-content\\\/uploads\\\/2017\\\/09\\\/legter-04.jpg\",\"width\":670,\"height\":365},{\"@type\":\"BreadcrumbList\",\"@id\":\"https:\\\/\\\/dorogimedence.hu\\\/index.php\\\/2017\\\/09\\\/29\\\/dorogi-barangolasok-legter\\\/#breadcrumb\",\"itemListElement\":[{\"@type\":\"ListItem\",\"position\":1,\"name\":\"Kezd\u0151lap\",\"item\":\"https:\\\/\\\/dorogimedence.hu\\\/\"},{\"@type\":\"ListItem\",\"position\":2,\"name\":\"Dorogi Barangol\u00e1sok: L\u00e9gt\u00e9r\"}]},{\"@type\":\"WebSite\",\"@id\":\"https:\\\/\\\/dorogimedence.hu\\\/#website\",\"url\":\"https:\\\/\\\/dorogimedence.hu\\\/\",\"name\":\"Dorogi-medence Region\u00e1lis H\u00edrport\u00e1l\",\"description\":\"Dorog, Keszt\u00f6lc, Le\u00e1nyv\u00e1r, Piliscs\u00e9v, Tokod, Tokodalt\u00e1r\u00f3, Csolnok, Esztergom-kertv\u00e1ros: h\u00edrek, programok\",\"publisher\":{\"@id\":\"https:\\\/\\\/dorogimedence.hu\\\/#organization\"},\"potentialAction\":[{\"@type\":\"SearchAction\",\"target\":{\"@type\":\"EntryPoint\",\"urlTemplate\":\"https:\\\/\\\/dorogimedence.hu\\\/?s={search_term_string}\"},\"query-input\":{\"@type\":\"PropertyValueSpecification\",\"valueRequired\":true,\"valueName\":\"search_term_string\"}}],\"inLanguage\":\"hu\"},{\"@type\":\"Organization\",\"@id\":\"https:\\\/\\\/dorogimedence.hu\\\/#organization\",\"name\":\"Dorogi-medence Region\u00e1lis H\u00edrport\u00e1l\",\"url\":\"https:\\\/\\\/dorogimedence.hu\\\/\",\"logo\":{\"@type\":\"ImageObject\",\"inLanguage\":\"hu\",\"@id\":\"https:\\\/\\\/dorogimedence.hu\\\/#\\\/schema\\\/logo\\\/image\\\/\",\"url\":\"https:\\\/\\\/dorogimedence.hu\\\/wp-content\\\/uploads\\\/2021\\\/04\\\/logo-feher-600.png\",\"contentUrl\":\"https:\\\/\\\/dorogimedence.hu\\\/wp-content\\\/uploads\\\/2021\\\/04\\\/logo-feher-600.png\",\"width\":600,\"height\":100,\"caption\":\"Dorogi-medence Region\u00e1lis H\u00edrport\u00e1l\"},\"image\":{\"@id\":\"https:\\\/\\\/dorogimedence.hu\\\/#\\\/schema\\\/logo\\\/image\\\/\"},\"sameAs\":[\"https:\\\/\\\/www.facebook.com\\\/dorogimedence\\\/\"]},{\"@type\":\"Person\",\"@id\":\"https:\\\/\\\/dorogimedence.hu\\\/#\\\/schema\\\/person\\\/ce6091eeb7e95ecdc87890d6aa8e0fd4\",\"name\":\"dorogimedence.hu\",\"image\":{\"@type\":\"ImageObject\",\"inLanguage\":\"hu\",\"@id\":\"\\\/\\\/www.gravatar.com\\\/avatar\\\/d8d45f8901aadff40a4af72c0b826f1d?s=96&#038;r=g&#038;d=mm\",\"url\":\"\\\/\\\/www.gravatar.com\\\/avatar\\\/d8d45f8901aadff40a4af72c0b826f1d?s=96&#038;r=g&#038;d=mm\",\"contentUrl\":\"\\\/\\\/www.gravatar.com\\\/avatar\\\/d8d45f8901aadff40a4af72c0b826f1d?s=96&#038;r=g&#038;d=mm\",\"caption\":\"dorogimedence.hu\"}}]}<\/script>\n<!-- \/ Yoast SEO plugin. -->","yoast_head_json":{"title":"Dorogi Barangol\u00e1sok: L\u00e9gt\u00e9r","robots":{"index":"index","follow":"follow","max-snippet":"max-snippet:-1","max-image-preview":"max-image-preview:large","max-video-preview":"max-video-preview:-1"},"canonical":"https:\/\/dorogimedence.hu\/index.php\/2017\/09\/29\/dorogi-barangolasok-legter\/","og_locale":"hu_HU","og_type":"article","og_title":"Dorogi Barangol\u00e1sok: L\u00e9gt\u00e9r","og_description":"A Dorogi Barangol\u00e1sok k\u00f6vetkez\u0151 r\u00e9sz\u00e9ben Dorog \u00e9s t\u00e9rs\u00e9ge l\u00e9gter\u00e9t, illetve a hozz\u00e1 tartoz\u00f3 t\u00f6rt\u00e9neteket mutatjuk be. L\u00e9gifolyos\u00f3k rep\u00fcl\u0151g\u00e9pei h\u00fazz\u00e1k a cs\u00edkot felett\u00fcnk, m\u00e1skor az \u00f6reg masin\u00e1k harciasan kiveszik a r\u00e9sz\u00fcket a sz\u00fanyoggy\u00e9r\u00edt\u00e9sb\u0151l, de k\u00f6r\u00f6znek a dar\u00e1zsz\u00fcmm\u00f6g\u00e9s\u0171 s\u00e1rk\u00e1nyrep\u00fcl\u0151k is Esztergom vagy Csolnok fel\u0151l\u2026 A mi l\u00e9gter\u00fcnknek is megvan a maga t\u00f6rt\u00e9nete. Nyomtatott \u00edr\u00e1sos eml\u00e9kei meghaladj\u00e1k a","og_url":"https:\/\/dorogimedence.hu\/index.php\/2017\/09\/29\/dorogi-barangolasok-legter\/","og_site_name":"Dorogi-medence Region\u00e1lis H\u00edrport\u00e1l","article_publisher":"https:\/\/www.facebook.com\/dorogimedence\/","article_published_time":"2017-09-29T13:21:36+00:00","og_image":[{"width":670,"height":365,"url":"https:\/\/i0.wp.com\/dorogimedence.hu\/wp-content\/uploads\/2017\/09\/legter-04.jpg?fit=670%2C365&ssl=1","type":"image\/jpeg"}],"author":"dorogimedence.hu","twitter_card":"summary_large_image","twitter_misc":{"Szerz\u0151:":"dorogimedence.hu","Becs\u00fclt olvas\u00e1si id\u0151":"8 perc"},"schema":{"@context":"https:\/\/schema.org","@graph":[{"@type":"Article","@id":"https:\/\/dorogimedence.hu\/index.php\/2017\/09\/29\/dorogi-barangolasok-legter\/#article","isPartOf":{"@id":"https:\/\/dorogimedence.hu\/index.php\/2017\/09\/29\/dorogi-barangolasok-legter\/"},"author":{"name":"dorogimedence.hu","@id":"https:\/\/dorogimedence.hu\/#\/schema\/person\/ce6091eeb7e95ecdc87890d6aa8e0fd4"},"headline":"Dorogi Barangol\u00e1sok: L\u00e9gt\u00e9r","datePublished":"2017-09-29T13:21:36+00:00","mainEntityOfPage":{"@id":"https:\/\/dorogimedence.hu\/index.php\/2017\/09\/29\/dorogi-barangolasok-legter\/"},"wordCount":1635,"publisher":{"@id":"https:\/\/dorogimedence.hu\/#organization"},"image":{"@id":"https:\/\/dorogimedence.hu\/index.php\/2017\/09\/29\/dorogi-barangolasok-legter\/#primaryimage"},"thumbnailUrl":"https:\/\/dorogimedence.hu\/wp-content\/uploads\/2017\/09\/legter-04.jpg","keywords":["Dorog","dorogi barangol\u00e1sok","l\u00e9gt\u00e9r","t\u00f6rt\u00e9nelem"],"articleSection":["Dorog","Dorogi Barangol\u00e1sok","H\u00edrek"],"inLanguage":"hu"},{"@type":"WebPage","@id":"https:\/\/dorogimedence.hu\/index.php\/2017\/09\/29\/dorogi-barangolasok-legter\/","url":"https:\/\/dorogimedence.hu\/index.php\/2017\/09\/29\/dorogi-barangolasok-legter\/","name":"Dorogi Barangol\u00e1sok: L\u00e9gt\u00e9r","isPartOf":{"@id":"https:\/\/dorogimedence.hu\/#website"},"primaryImageOfPage":{"@id":"https:\/\/dorogimedence.hu\/index.php\/2017\/09\/29\/dorogi-barangolasok-legter\/#primaryimage"},"image":{"@id":"https:\/\/dorogimedence.hu\/index.php\/2017\/09\/29\/dorogi-barangolasok-legter\/#primaryimage"},"thumbnailUrl":"https:\/\/dorogimedence.hu\/wp-content\/uploads\/2017\/09\/legter-04.jpg","datePublished":"2017-09-29T13:21:36+00:00","breadcrumb":{"@id":"https:\/\/dorogimedence.hu\/index.php\/2017\/09\/29\/dorogi-barangolasok-legter\/#breadcrumb"},"inLanguage":"hu","potentialAction":[{"@type":"ReadAction","target":["https:\/\/dorogimedence.hu\/index.php\/2017\/09\/29\/dorogi-barangolasok-legter\/"]}]},{"@type":"ImageObject","inLanguage":"hu","@id":"https:\/\/dorogimedence.hu\/index.php\/2017\/09\/29\/dorogi-barangolasok-legter\/#primaryimage","url":"https:\/\/dorogimedence.hu\/wp-content\/uploads\/2017\/09\/legter-04.jpg","contentUrl":"https:\/\/dorogimedence.hu\/wp-content\/uploads\/2017\/09\/legter-04.jpg","width":670,"height":365},{"@type":"BreadcrumbList","@id":"https:\/\/dorogimedence.hu\/index.php\/2017\/09\/29\/dorogi-barangolasok-legter\/#breadcrumb","itemListElement":[{"@type":"ListItem","position":1,"name":"Kezd\u0151lap","item":"https:\/\/dorogimedence.hu\/"},{"@type":"ListItem","position":2,"name":"Dorogi Barangol\u00e1sok: L\u00e9gt\u00e9r"}]},{"@type":"WebSite","@id":"https:\/\/dorogimedence.hu\/#website","url":"https:\/\/dorogimedence.hu\/","name":"Dorogi-medence Region\u00e1lis H\u00edrport\u00e1l","description":"Dorog, Keszt\u00f6lc, Le\u00e1nyv\u00e1r, Piliscs\u00e9v, Tokod, Tokodalt\u00e1r\u00f3, Csolnok, Esztergom-kertv\u00e1ros: h\u00edrek, programok","publisher":{"@id":"https:\/\/dorogimedence.hu\/#organization"},"potentialAction":[{"@type":"SearchAction","target":{"@type":"EntryPoint","urlTemplate":"https:\/\/dorogimedence.hu\/?s={search_term_string}"},"query-input":{"@type":"PropertyValueSpecification","valueRequired":true,"valueName":"search_term_string"}}],"inLanguage":"hu"},{"@type":"Organization","@id":"https:\/\/dorogimedence.hu\/#organization","name":"Dorogi-medence Region\u00e1lis H\u00edrport\u00e1l","url":"https:\/\/dorogimedence.hu\/","logo":{"@type":"ImageObject","inLanguage":"hu","@id":"https:\/\/dorogimedence.hu\/#\/schema\/logo\/image\/","url":"https:\/\/dorogimedence.hu\/wp-content\/uploads\/2021\/04\/logo-feher-600.png","contentUrl":"https:\/\/dorogimedence.hu\/wp-content\/uploads\/2021\/04\/logo-feher-600.png","width":600,"height":100,"caption":"Dorogi-medence Region\u00e1lis H\u00edrport\u00e1l"},"image":{"@id":"https:\/\/dorogimedence.hu\/#\/schema\/logo\/image\/"},"sameAs":["https:\/\/www.facebook.com\/dorogimedence\/"]},{"@type":"Person","@id":"https:\/\/dorogimedence.hu\/#\/schema\/person\/ce6091eeb7e95ecdc87890d6aa8e0fd4","name":"dorogimedence.hu","image":{"@type":"ImageObject","inLanguage":"hu","@id":"\/\/www.gravatar.com\/avatar\/d8d45f8901aadff40a4af72c0b826f1d?s=96&#038;r=g&#038;d=mm","url":"\/\/www.gravatar.com\/avatar\/d8d45f8901aadff40a4af72c0b826f1d?s=96&#038;r=g&#038;d=mm","contentUrl":"\/\/www.gravatar.com\/avatar\/d8d45f8901aadff40a4af72c0b826f1d?s=96&#038;r=g&#038;d=mm","caption":"dorogimedence.hu"}}]}},"_links":{"self":[{"href":"https:\/\/dorogimedence.hu\/index.php\/wp-json\/wp\/v2\/posts\/5957","targetHints":{"allow":["GET"]}}],"collection":[{"href":"https:\/\/dorogimedence.hu\/index.php\/wp-json\/wp\/v2\/posts"}],"about":[{"href":"https:\/\/dorogimedence.hu\/index.php\/wp-json\/wp\/v2\/types\/post"}],"author":[{"embeddable":true,"href":"https:\/\/dorogimedence.hu\/index.php\/wp-json\/wp\/v2\/users\/1"}],"replies":[{"embeddable":true,"href":"https:\/\/dorogimedence.hu\/index.php\/wp-json\/wp\/v2\/comments?post=5957"}],"version-history":[{"count":0,"href":"https:\/\/dorogimedence.hu\/index.php\/wp-json\/wp\/v2\/posts\/5957\/revisions"}],"wp:featuredmedia":[{"embeddable":true,"href":"https:\/\/dorogimedence.hu\/index.php\/wp-json\/wp\/v2\/media\/5961"}],"wp:attachment":[{"href":"https:\/\/dorogimedence.hu\/index.php\/wp-json\/wp\/v2\/media?parent=5957"}],"wp:term":[{"taxonomy":"category","embeddable":true,"href":"https:\/\/dorogimedence.hu\/index.php\/wp-json\/wp\/v2\/categories?post=5957"},{"taxonomy":"post_tag","embeddable":true,"href":"https:\/\/dorogimedence.hu\/index.php\/wp-json\/wp\/v2\/tags?post=5957"}],"curies":[{"name":"wp","href":"https:\/\/api.w.org\/{rel}","templated":true}]}}