{"id":59549,"date":"2024-02-07T14:22:53","date_gmt":"2024-02-07T13:22:53","guid":{"rendered":"https:\/\/dorogimedence.hu\/?p=59549"},"modified":"2024-02-07T14:22:53","modified_gmt":"2024-02-07T13:22:53","slug":"dr-dzsotjanne-krajcsir-piroskara-emlekeztek","status":"publish","type":"post","link":"https:\/\/dorogimedence.hu\/index.php\/2024\/02\/07\/dr-dzsotjanne-krajcsir-piroskara-emlekeztek\/","title":{"rendered":"Dr. Dzsotj\u00e1nn\u00e9 Krajcsir Pirosk\u00e1ra eml\u00e9keztek"},"content":{"rendered":"<p><strong>A tragikus hirtelens\u00e9ggel elhunyt, sokak p\u00e9ldak\u00e9pek\u00e9nt tisztelt tan\u00e1rn\u0151re, az \u00f6rm\u00e9ny nemzetis\u00e9g, kult\u00fara, t\u00f6rt\u00e9nelem nagyrabecs\u00fclt k\u00e9pvisel\u0151j\u00e9re dr. Dzsotj\u00e1nn\u00e9 Krajcsir Pirosk\u00e1ra eml\u00e9keztek febru\u00e1r 6-\u00e1n a dorogi m\u0171vel\u0151d\u00e9si h\u00e1zban.<\/strong><\/p>\n<p>A Dorog v\u00e1ros Bar\u00e1tainak Egyes\u00fclete \u00e9s az \u00f6nkorm\u00e1nyzat \u00e1ltal szervezett megeml\u00e9kez\u00e9sen Krajcsir Piroska tisztel\u0151i vettek r\u00e9szt. Megeml\u00e9kezett Dank\u00f3 J\u00f3zsef, a DVBE kor\u00e1bbi eln\u00f6ke, So\u00f3s Tibor \u00edr\u00f3, tan\u00e1r \u00e9s dr. Tittmann J\u00e1nos polg\u00e1rmester.<\/p>\n<p>Dr. Dzsotj\u00e1nn\u00e9 Krajcsir Piroska az ELTE B\u00f6lcs\u00e9szettudom\u00e1nyi Kar\u00e1n szerzett magyar-francia szakos diplom\u00e1t. Az \u00f6rm\u00e9ny nyelvet Budapesten kezdte tanulni. Dolgozott a Vil\u00e1girodalmi Lexikon szerkeszt\u0151s\u00e9g\u00e9ben, a Magyar Nemzeti Gal\u00e9ri\u00e1ban, valamint az MTA Akad\u00e9miai K\u00f6nyvt\u00e1r\u00e1ban dolgozott. A jerev\u00e1ni Akad\u00e9miai T\u00f6rt\u00e9nettudom\u00e1nyi Int\u00e9zet munkat\u00e1rsak\u00e9nt nemcsak \u00f6rm\u00e9ny nyelvtud\u00e1s\u00e1t t\u00f6k\u00e9letes\u00edtette, hanem az \u00f6rm\u00e9ny t\u00f6rt\u00e9nelmet \u00e9s kult\u00far\u00e1t m\u00e9lyebben is megismerte. Az int\u00e9zet diaszp\u00f3ra-oszt\u00e1ly\u00e1n az erd\u00e9lyi \u00f6rm\u00e9ny kol\u00f3nia t\u00f6rt\u00e9net\u00e9vel foglalkozott, majd csal\u00e1dj\u00e1val visszatelep\u00fclt Magyarorsz\u00e1gra, \u00e9s a nemzetis\u00e9gi \u00f6nkorm\u00e1nyzatok megalakul\u00e1sa ut\u00e1n akt\u00edvan bekapcsol\u00f3dott a magyarorsz\u00e1gi \u00f6rm\u00e9nys\u00e9g \u00e9let\u00e9be.<\/p>\n<p>H\u00fasz \u00e9ven kereszt\u00fcl a Zsigmondy-gimn\u00e1zium tan\u00e1ra volt. A magyar nyelv \u00e9s irodalom tan\u00edt\u00e1s\u00e1t el\u0151djeinek (dr. Bodri Ferenc, Lengyel L\u00e1szl\u00f3) munk\u00e1j\u00e1t megismerve kezdte meg; a folyamatoss\u00e1gra t\u00f6rekedve sok \u00faj m\u00f3dszert kipr\u00f3b\u00e1lt \u00e9s bevezetett. Az irodalom \u00e9s a m\u0171v\u00e9szetek ir\u00e1nt fog\u00e9kony tan\u00edtv\u00e1nyait lelkesed\u00e9s\u00e9vel meggy\u0151zve \u00e9veken kereszt\u00fcl di\u00e1ksz\u00ednj\u00e1tsz\u00f3k\u00f6rt m\u0171k\u00f6dtetett. Az \u00e1ltala rendezett n\u00edv\u00f3s el\u0151ad\u00e1sokat nemcsak az int\u00e9zm\u00e9ny tanul\u00f3i \u00e9lvezhett\u00e9k, hanem a v\u00e1ros \u00e9s a megye \u00e9rdekl\u0151d\u0151 k\u00f6z\u00f6ns\u00e9ge is. A tan\u00e9v rangos, di\u00e1kok valamint pedag\u00f3gusok \u00e1ltal is v\u00e1rt esem\u00e9nye volt az \u00f6rm\u00e9ny-nap; melynek sor\u00e1n el\u0151adott, mes\u00e9lt, hagyom\u00e1nyokat \u00e9lesztett fel, az \u00f6rm\u00e9ny konyh\u00e1t \u201ek\u00f3stoltatta meg\u201d.<\/p>\n<p>Di\u00e1kjait nemcsak tan\u00edtotta, hanem l\u00e1t\u00f3k\u00f6r\u00fcket b\u0151v\u00edtette, hogy a mindennapokban is a m\u0171v\u00e9szetekre fog\u00e9kony nyitott feln\u0151ttek legyenek. Ehhez \u0151 adta a k\u00f6vetend\u0151 p\u00e9ld\u00e1t.<\/p>\n<p>A v\u00e1ros kultur\u00e1lis \u00e9let\u00e9ben akt\u00edvan r\u00e9szt v\u00e1llalt, 2002-2004 k\u00f6z\u00f6tt a K\u00f6zh\u00edrr\u00e9 T\u00e9tetik Dorogon f\u0151szerkeszt\u0151je volt.<\/p>\n<p>Tanulm\u00e1nyai \u00e9s f\u00e9rje r\u00e9v\u00e9n szoros kapcsolata volt az \u00f6rm\u00e9nys\u00e9ggel. 1995-ben az \u0151 kezdem\u00e9nyez\u00e9s\u00e9re alakult meg a Dorogi \u00d6rm\u00e9ny Kisebbs\u00e9gi \u00d6nkorm\u00e1nyzat, melynek t\u00f6bb mint k\u00e9t \u00e9vtizedig eln\u00f6ke volt.<\/p>\n<p>Ezalatt hosszabb ideig volt orsz\u00e1gos \u00f6rm\u00e9ny k\u00e9pvisel\u0151, orsz\u00e1gos \u00f6rm\u00e9ny \u00f6nkorm\u00e1nyzati sz\u00f3viv\u0151, \u00e9s a nemzetis\u00e9gi oktat\u00e1si bizotts\u00e1g tagja. Dorogon a nemzetis\u00e9gi \u00f6nkorm\u00e1nyzat t\u00f6bb v\u00e1rosi \u00fcnneps\u00e9g szervez\u00e9s\u00e9t v\u00e1llalta sok \u00e9ven kereszt\u00fcl: az aradi v\u00e9rtan\u00fakra val\u00f3 eml\u00e9kez\u00e9s \u00e9s az \u00f6rm\u00e9ny kar\u00e1csony mindig meghat\u00f3 pillanatokat adott a r\u00e9sztvev\u0151knek.<\/p>\n<p>2004-t\u0151l az ARMENIA \u00f6rm\u00e9ny foly\u00f3irat munkat\u00e1rsa, 2006-t\u00f3l f\u0151szerkeszt\u0151-helyettese. A Magyar N\u00e9prajzi T\u00e1rsas\u00e1g, a Franciatan\u00e1rok Egyes\u00fclete, a DVBE \u00e9s az Arar\u00e1t kultur\u00e1lis egyes\u00fclet tagja. 2003-t\u00f3l az ELTE bels\u0151-\u00e1zsiai tansz\u00e9k\u00e9n \u00f6rm\u00e9ny m\u0171vel\u0151d\u00e9st\u00f6rt\u00e9netet tan\u00edt. A hazai armenisztika jeles k\u00e9pvisel\u0151je. 1994 \u00f3ta sz\u00e1mos kult\u00fart\u00f6rt\u00e9neti, n\u00e9prajzi, ismeretterjeszt\u0151 \u00e9s irodalmi vonatkoz\u00e1s\u00fa cikke jelent meg az ARAR\u00c1T, a BAR\u00c1TS\u00c1G, az ARMENIA \u00f6rm\u00e9ny \u00e9s kisebbs\u00e9gi foly\u00f3iratokban, valamint a Magyar N\u00e9prajzi T\u00e1rsas\u00e1g kiadv\u00e1nyaiban \u00e9s egy\u00e9b periodik\u00e1kban.<\/p>\n<p>Kultur\u00e1lis, oktat\u00f3i \u00e9s m\u0171vel\u0151d\u00e9sszervez\u0151i tev\u00e9kenys\u00e9ge sokir\u00e1ny\u00fa: tan\u00edtott \u00f6rm\u00e9ny nyelvet, az ELTE b\u00f6lcs\u00e9szettudom\u00e1nyi kar\u00e1n \u00f6rm\u00e9ny m\u0171vel\u0151d\u00e9st\u00f6rt\u00e9netet, rendezett m\u0171soros esteket, ki\u00e1ll\u00edt\u00e1sokat, koncerteket, irodalmi sz\u00ednpadi el\u0151ad\u00e1sokat. Ezen k\u00edv\u00fcl az elm\u00falt \u00e9vek sor\u00e1n sz\u00e1mos ismeretterjeszt\u0151 el\u0151ad\u00e1st tartott az \u00f6rm\u00e9ny m\u0171vel\u0151d\u00e9st\u00f6rt\u00e9net t\u00e9mak\u00f6r\u00e9ben. 1997-t\u0151l folyamatosan publik\u00e1l \u00f6rm\u00e9ny m\u0171ford\u00edt\u00e1sokat is. T\u00edz k\u00f6nyv kiad\u00e1s\u00e1ban v\u00e1llat szerepet szerkeszt\u0151k\u00e9nt, lektork\u00e9nt, ford\u00edt\u00f3k\u00e9nt.<\/p>\n<p>Tudom\u00e1nyos tev\u00e9kenys\u00e9g\u00e9t Magyarorsz\u00e1gra telep\u00fcl\u00e9se ut\u00e1n is folytatta: az \u00f6rm\u00e9ny diaszp\u00f3ra \u00e9s a magyarorsz\u00e1gi \u00f6rm\u00e9ny kol\u00f3nia t\u00f6rt\u00e9net\u00e9t az 1915-\u00f6s \u00f6rm\u00e9ny n\u00e9pirt\u00e1st, tov\u00e1bb\u00e1 a magyarorsz\u00e1gi \u00e9s anyaorsz\u00e1gi \u00f6rm\u00e9nyek n\u00e9prajzi hagyom\u00e1nyait kutatta.<\/p>\n<p>T\u00f6bb k\u00f6nyve jelent meg, f\u0151leg az \u00f6rm\u00e9ny hagyom\u00e1nyokr\u00f3l \u00edrt.<\/p>\n<p>Eml\u00e9k\u00e9t tisztelettel meg\u0151rizz\u00fck.<\/p>\n<p><strong><em>Dorog V\u00e1ros K\u00e9pvisel\u0151-test\u00fclete<\/em><\/strong><\/p>\n","protected":false},"excerpt":{"rendered":"<p>A tragikus hirtelens\u00e9ggel elhunyt, sokak p\u00e9ldak\u00e9pek\u00e9nt tisztelt tan\u00e1rn\u0151re, az \u00f6rm\u00e9ny nemzetis\u00e9g, kult\u00fara, t\u00f6rt\u00e9nelem nagyrabecs\u00fclt k\u00e9pvisel\u0151j\u00e9re dr. Dzsotj\u00e1nn\u00e9 Krajcsir Pirosk\u00e1ra eml\u00e9keztek febru\u00e1r 6-\u00e1n a dorogi m\u0171vel\u0151d\u00e9si h\u00e1zban. A Dorog v\u00e1ros Bar\u00e1tainak Egyes\u00fclete \u00e9s az \u00f6nkorm\u00e1nyzat \u00e1ltal szervezett megeml\u00e9kez\u00e9sen Krajcsir Piroska tisztel\u0151i vettek r\u00e9szt. Megeml\u00e9kezett Dank\u00f3 J\u00f3zsef, a DVBE kor\u00e1bbi eln\u00f6ke, So\u00f3s Tibor \u00edr\u00f3, tan\u00e1r \u00e9s dr.<\/p>\n","protected":false},"author":1,"featured_media":59550,"comment_status":"closed","ping_status":"closed","sticky":false,"template":"","format":"standard","meta":{"ngg_post_thumbnail":0,"footnotes":""},"categories":[2,3],"tags":[15,7692,192],"class_list":{"0":"post-59549","1":"post","2":"type-post","3":"status-publish","4":"format-standard","5":"has-post-thumbnail","7":"category-dorog","8":"category-hirek","9":"tag-dorog","10":"tag-dr-dzsotjanne-krajcsir-piroska","11":"tag-megemlekezes"},"yoast_head":"<!-- This site is optimized with the Yoast SEO plugin v27.4 - https:\/\/yoast.com\/product\/yoast-seo-wordpress\/ -->\n<title>Dr. Dzsotj\u00e1nn\u00e9 Krajcsir Pirosk\u00e1ra eml\u00e9keztek<\/title>\n<meta name=\"robots\" content=\"index, follow, max-snippet:-1, max-image-preview:large, max-video-preview:-1\" \/>\n<link rel=\"canonical\" href=\"https:\/\/dorogimedence.hu\/index.php\/2024\/02\/07\/dr-dzsotjanne-krajcsir-piroskara-emlekeztek\/\" class=\"yoast-seo-meta-tag\" \/>\n<meta property=\"og:locale\" content=\"hu_HU\" class=\"yoast-seo-meta-tag\" \/>\n<meta property=\"og:type\" content=\"article\" class=\"yoast-seo-meta-tag\" \/>\n<meta property=\"og:title\" content=\"Dr. Dzsotj\u00e1nn\u00e9 Krajcsir Pirosk\u00e1ra eml\u00e9keztek\" class=\"yoast-seo-meta-tag\" \/>\n<meta property=\"og:description\" content=\"A tragikus hirtelens\u00e9ggel elhunyt, sokak p\u00e9ldak\u00e9pek\u00e9nt tisztelt tan\u00e1rn\u0151re, az \u00f6rm\u00e9ny nemzetis\u00e9g, kult\u00fara, t\u00f6rt\u00e9nelem nagyrabecs\u00fclt k\u00e9pvisel\u0151j\u00e9re dr. Dzsotj\u00e1nn\u00e9 Krajcsir Pirosk\u00e1ra eml\u00e9keztek febru\u00e1r 6-\u00e1n a dorogi m\u0171vel\u0151d\u00e9si h\u00e1zban. A Dorog v\u00e1ros Bar\u00e1tainak Egyes\u00fclete \u00e9s az \u00f6nkorm\u00e1nyzat \u00e1ltal szervezett megeml\u00e9kez\u00e9sen Krajcsir Piroska tisztel\u0151i vettek r\u00e9szt. Megeml\u00e9kezett Dank\u00f3 J\u00f3zsef, a DVBE kor\u00e1bbi eln\u00f6ke, So\u00f3s Tibor \u00edr\u00f3, tan\u00e1r \u00e9s dr.\" class=\"yoast-seo-meta-tag\" \/>\n<meta property=\"og:url\" content=\"https:\/\/dorogimedence.hu\/index.php\/2024\/02\/07\/dr-dzsotjanne-krajcsir-piroskara-emlekeztek\/\" class=\"yoast-seo-meta-tag\" \/>\n<meta property=\"og:site_name\" content=\"Dorogi-medence Region\u00e1lis H\u00edrport\u00e1l\" class=\"yoast-seo-meta-tag\" \/>\n<meta property=\"article:publisher\" content=\"https:\/\/www.facebook.com\/dorogimedence\/\" class=\"yoast-seo-meta-tag\" \/>\n<meta property=\"article:published_time\" content=\"2024-02-07T13:22:53+00:00\" class=\"yoast-seo-meta-tag\" \/>\n<meta property=\"og:image\" content=\"https:\/\/dorogimedence.hu\/wp-content\/uploads\/2024\/02\/megemlekezes-dorog.jpg\" class=\"yoast-seo-meta-tag\" \/>\n\t<meta property=\"og:image:width\" content=\"1920\" class=\"yoast-seo-meta-tag\" \/>\n\t<meta property=\"og:image:height\" content=\"970\" class=\"yoast-seo-meta-tag\" \/>\n\t<meta property=\"og:image:type\" content=\"image\/jpeg\" class=\"yoast-seo-meta-tag\" \/>\n<meta name=\"author\" content=\"dorogimedence.hu\" class=\"yoast-seo-meta-tag\" \/>\n<meta name=\"twitter:card\" content=\"summary_large_image\" class=\"yoast-seo-meta-tag\" \/>\n<meta name=\"twitter:label1\" content=\"Szerz\u0151:\" class=\"yoast-seo-meta-tag\" \/>\n\t<meta name=\"twitter:data1\" content=\"dorogimedence.hu\" class=\"yoast-seo-meta-tag\" \/>\n\t<meta name=\"twitter:label2\" content=\"Becs\u00fclt olvas\u00e1si id\u0151\" class=\"yoast-seo-meta-tag\" \/>\n\t<meta name=\"twitter:data2\" content=\"4 perc\" class=\"yoast-seo-meta-tag\" \/>\n<script type=\"application\/ld+json\" class=\"yoast-schema-graph\">{\"@context\":\"https:\\\/\\\/schema.org\",\"@graph\":[{\"@type\":\"Article\",\"@id\":\"https:\\\/\\\/dorogimedence.hu\\\/index.php\\\/2024\\\/02\\\/07\\\/dr-dzsotjanne-krajcsir-piroskara-emlekeztek\\\/#article\",\"isPartOf\":{\"@id\":\"https:\\\/\\\/dorogimedence.hu\\\/index.php\\\/2024\\\/02\\\/07\\\/dr-dzsotjanne-krajcsir-piroskara-emlekeztek\\\/\"},\"author\":{\"name\":\"dorogimedence.hu\",\"@id\":\"https:\\\/\\\/dorogimedence.hu\\\/#\\\/schema\\\/person\\\/ce6091eeb7e95ecdc87890d6aa8e0fd4\"},\"headline\":\"Dr. Dzsotj\u00e1nn\u00e9 Krajcsir Pirosk\u00e1ra eml\u00e9keztek\",\"datePublished\":\"2024-02-07T13:22:53+00:00\",\"mainEntityOfPage\":{\"@id\":\"https:\\\/\\\/dorogimedence.hu\\\/index.php\\\/2024\\\/02\\\/07\\\/dr-dzsotjanne-krajcsir-piroskara-emlekeztek\\\/\"},\"wordCount\":878,\"publisher\":{\"@id\":\"https:\\\/\\\/dorogimedence.hu\\\/#organization\"},\"image\":{\"@id\":\"https:\\\/\\\/dorogimedence.hu\\\/index.php\\\/2024\\\/02\\\/07\\\/dr-dzsotjanne-krajcsir-piroskara-emlekeztek\\\/#primaryimage\"},\"thumbnailUrl\":\"https:\\\/\\\/dorogimedence.hu\\\/wp-content\\\/uploads\\\/2024\\\/02\\\/megemlekezes-dorog.jpg\",\"keywords\":[\"Dorog\",\"Dr. Dzsotj\u00e1nn\u00e9 Krajcsir Piroska\",\"megeml\u00e9kez\u00e9s\"],\"articleSection\":[\"Dorog\",\"H\u00edrek\"],\"inLanguage\":\"hu\"},{\"@type\":\"WebPage\",\"@id\":\"https:\\\/\\\/dorogimedence.hu\\\/index.php\\\/2024\\\/02\\\/07\\\/dr-dzsotjanne-krajcsir-piroskara-emlekeztek\\\/\",\"url\":\"https:\\\/\\\/dorogimedence.hu\\\/index.php\\\/2024\\\/02\\\/07\\\/dr-dzsotjanne-krajcsir-piroskara-emlekeztek\\\/\",\"name\":\"Dr. Dzsotj\u00e1nn\u00e9 Krajcsir Pirosk\u00e1ra eml\u00e9keztek\",\"isPartOf\":{\"@id\":\"https:\\\/\\\/dorogimedence.hu\\\/#website\"},\"primaryImageOfPage\":{\"@id\":\"https:\\\/\\\/dorogimedence.hu\\\/index.php\\\/2024\\\/02\\\/07\\\/dr-dzsotjanne-krajcsir-piroskara-emlekeztek\\\/#primaryimage\"},\"image\":{\"@id\":\"https:\\\/\\\/dorogimedence.hu\\\/index.php\\\/2024\\\/02\\\/07\\\/dr-dzsotjanne-krajcsir-piroskara-emlekeztek\\\/#primaryimage\"},\"thumbnailUrl\":\"https:\\\/\\\/dorogimedence.hu\\\/wp-content\\\/uploads\\\/2024\\\/02\\\/megemlekezes-dorog.jpg\",\"datePublished\":\"2024-02-07T13:22:53+00:00\",\"breadcrumb\":{\"@id\":\"https:\\\/\\\/dorogimedence.hu\\\/index.php\\\/2024\\\/02\\\/07\\\/dr-dzsotjanne-krajcsir-piroskara-emlekeztek\\\/#breadcrumb\"},\"inLanguage\":\"hu\",\"potentialAction\":[{\"@type\":\"ReadAction\",\"target\":[\"https:\\\/\\\/dorogimedence.hu\\\/index.php\\\/2024\\\/02\\\/07\\\/dr-dzsotjanne-krajcsir-piroskara-emlekeztek\\\/\"]}]},{\"@type\":\"ImageObject\",\"inLanguage\":\"hu\",\"@id\":\"https:\\\/\\\/dorogimedence.hu\\\/index.php\\\/2024\\\/02\\\/07\\\/dr-dzsotjanne-krajcsir-piroskara-emlekeztek\\\/#primaryimage\",\"url\":\"https:\\\/\\\/dorogimedence.hu\\\/wp-content\\\/uploads\\\/2024\\\/02\\\/megemlekezes-dorog.jpg\",\"contentUrl\":\"https:\\\/\\\/dorogimedence.hu\\\/wp-content\\\/uploads\\\/2024\\\/02\\\/megemlekezes-dorog.jpg\",\"width\":1920,\"height\":970},{\"@type\":\"BreadcrumbList\",\"@id\":\"https:\\\/\\\/dorogimedence.hu\\\/index.php\\\/2024\\\/02\\\/07\\\/dr-dzsotjanne-krajcsir-piroskara-emlekeztek\\\/#breadcrumb\",\"itemListElement\":[{\"@type\":\"ListItem\",\"position\":1,\"name\":\"Kezd\u0151lap\",\"item\":\"https:\\\/\\\/dorogimedence.hu\\\/\"},{\"@type\":\"ListItem\",\"position\":2,\"name\":\"Dr. Dzsotj\u00e1nn\u00e9 Krajcsir Pirosk\u00e1ra eml\u00e9keztek\"}]},{\"@type\":\"WebSite\",\"@id\":\"https:\\\/\\\/dorogimedence.hu\\\/#website\",\"url\":\"https:\\\/\\\/dorogimedence.hu\\\/\",\"name\":\"Dorogi-medence Region\u00e1lis H\u00edrport\u00e1l\",\"description\":\"Dorog, Keszt\u00f6lc, Le\u00e1nyv\u00e1r, Piliscs\u00e9v, Tokod, Tokodalt\u00e1r\u00f3, Csolnok, Esztergom-kertv\u00e1ros: h\u00edrek, programok\",\"publisher\":{\"@id\":\"https:\\\/\\\/dorogimedence.hu\\\/#organization\"},\"potentialAction\":[{\"@type\":\"SearchAction\",\"target\":{\"@type\":\"EntryPoint\",\"urlTemplate\":\"https:\\\/\\\/dorogimedence.hu\\\/?s={search_term_string}\"},\"query-input\":{\"@type\":\"PropertyValueSpecification\",\"valueRequired\":true,\"valueName\":\"search_term_string\"}}],\"inLanguage\":\"hu\"},{\"@type\":\"Organization\",\"@id\":\"https:\\\/\\\/dorogimedence.hu\\\/#organization\",\"name\":\"Dorogi-medence Region\u00e1lis H\u00edrport\u00e1l\",\"url\":\"https:\\\/\\\/dorogimedence.hu\\\/\",\"logo\":{\"@type\":\"ImageObject\",\"inLanguage\":\"hu\",\"@id\":\"https:\\\/\\\/dorogimedence.hu\\\/#\\\/schema\\\/logo\\\/image\\\/\",\"url\":\"https:\\\/\\\/dorogimedence.hu\\\/wp-content\\\/uploads\\\/2021\\\/04\\\/logo-feher-600.png\",\"contentUrl\":\"https:\\\/\\\/dorogimedence.hu\\\/wp-content\\\/uploads\\\/2021\\\/04\\\/logo-feher-600.png\",\"width\":600,\"height\":100,\"caption\":\"Dorogi-medence Region\u00e1lis H\u00edrport\u00e1l\"},\"image\":{\"@id\":\"https:\\\/\\\/dorogimedence.hu\\\/#\\\/schema\\\/logo\\\/image\\\/\"},\"sameAs\":[\"https:\\\/\\\/www.facebook.com\\\/dorogimedence\\\/\"]},{\"@type\":\"Person\",\"@id\":\"https:\\\/\\\/dorogimedence.hu\\\/#\\\/schema\\\/person\\\/ce6091eeb7e95ecdc87890d6aa8e0fd4\",\"name\":\"dorogimedence.hu\",\"image\":{\"@type\":\"ImageObject\",\"inLanguage\":\"hu\",\"@id\":\"\\\/\\\/www.gravatar.com\\\/avatar\\\/d8d45f8901aadff40a4af72c0b826f1d?s=96&#038;r=g&#038;d=mm\",\"url\":\"\\\/\\\/www.gravatar.com\\\/avatar\\\/d8d45f8901aadff40a4af72c0b826f1d?s=96&#038;r=g&#038;d=mm\",\"contentUrl\":\"\\\/\\\/www.gravatar.com\\\/avatar\\\/d8d45f8901aadff40a4af72c0b826f1d?s=96&#038;r=g&#038;d=mm\",\"caption\":\"dorogimedence.hu\"}}]}<\/script>\n<!-- \/ Yoast SEO plugin. -->","yoast_head_json":{"title":"Dr. Dzsotj\u00e1nn\u00e9 Krajcsir Pirosk\u00e1ra eml\u00e9keztek","robots":{"index":"index","follow":"follow","max-snippet":"max-snippet:-1","max-image-preview":"max-image-preview:large","max-video-preview":"max-video-preview:-1"},"canonical":"https:\/\/dorogimedence.hu\/index.php\/2024\/02\/07\/dr-dzsotjanne-krajcsir-piroskara-emlekeztek\/","og_locale":"hu_HU","og_type":"article","og_title":"Dr. Dzsotj\u00e1nn\u00e9 Krajcsir Pirosk\u00e1ra eml\u00e9keztek","og_description":"A tragikus hirtelens\u00e9ggel elhunyt, sokak p\u00e9ldak\u00e9pek\u00e9nt tisztelt tan\u00e1rn\u0151re, az \u00f6rm\u00e9ny nemzetis\u00e9g, kult\u00fara, t\u00f6rt\u00e9nelem nagyrabecs\u00fclt k\u00e9pvisel\u0151j\u00e9re dr. Dzsotj\u00e1nn\u00e9 Krajcsir Pirosk\u00e1ra eml\u00e9keztek febru\u00e1r 6-\u00e1n a dorogi m\u0171vel\u0151d\u00e9si h\u00e1zban. A Dorog v\u00e1ros Bar\u00e1tainak Egyes\u00fclete \u00e9s az \u00f6nkorm\u00e1nyzat \u00e1ltal szervezett megeml\u00e9kez\u00e9sen Krajcsir Piroska tisztel\u0151i vettek r\u00e9szt. Megeml\u00e9kezett Dank\u00f3 J\u00f3zsef, a DVBE kor\u00e1bbi eln\u00f6ke, So\u00f3s Tibor \u00edr\u00f3, tan\u00e1r \u00e9s dr.","og_url":"https:\/\/dorogimedence.hu\/index.php\/2024\/02\/07\/dr-dzsotjanne-krajcsir-piroskara-emlekeztek\/","og_site_name":"Dorogi-medence Region\u00e1lis H\u00edrport\u00e1l","article_publisher":"https:\/\/www.facebook.com\/dorogimedence\/","article_published_time":"2024-02-07T13:22:53+00:00","og_image":[{"width":1920,"height":970,"url":"https:\/\/dorogimedence.hu\/wp-content\/uploads\/2024\/02\/megemlekezes-dorog.jpg","type":"image\/jpeg"}],"author":"dorogimedence.hu","twitter_card":"summary_large_image","twitter_misc":{"Szerz\u0151:":"dorogimedence.hu","Becs\u00fclt olvas\u00e1si id\u0151":"4 perc"},"schema":{"@context":"https:\/\/schema.org","@graph":[{"@type":"Article","@id":"https:\/\/dorogimedence.hu\/index.php\/2024\/02\/07\/dr-dzsotjanne-krajcsir-piroskara-emlekeztek\/#article","isPartOf":{"@id":"https:\/\/dorogimedence.hu\/index.php\/2024\/02\/07\/dr-dzsotjanne-krajcsir-piroskara-emlekeztek\/"},"author":{"name":"dorogimedence.hu","@id":"https:\/\/dorogimedence.hu\/#\/schema\/person\/ce6091eeb7e95ecdc87890d6aa8e0fd4"},"headline":"Dr. Dzsotj\u00e1nn\u00e9 Krajcsir Pirosk\u00e1ra eml\u00e9keztek","datePublished":"2024-02-07T13:22:53+00:00","mainEntityOfPage":{"@id":"https:\/\/dorogimedence.hu\/index.php\/2024\/02\/07\/dr-dzsotjanne-krajcsir-piroskara-emlekeztek\/"},"wordCount":878,"publisher":{"@id":"https:\/\/dorogimedence.hu\/#organization"},"image":{"@id":"https:\/\/dorogimedence.hu\/index.php\/2024\/02\/07\/dr-dzsotjanne-krajcsir-piroskara-emlekeztek\/#primaryimage"},"thumbnailUrl":"https:\/\/dorogimedence.hu\/wp-content\/uploads\/2024\/02\/megemlekezes-dorog.jpg","keywords":["Dorog","Dr. Dzsotj\u00e1nn\u00e9 Krajcsir Piroska","megeml\u00e9kez\u00e9s"],"articleSection":["Dorog","H\u00edrek"],"inLanguage":"hu"},{"@type":"WebPage","@id":"https:\/\/dorogimedence.hu\/index.php\/2024\/02\/07\/dr-dzsotjanne-krajcsir-piroskara-emlekeztek\/","url":"https:\/\/dorogimedence.hu\/index.php\/2024\/02\/07\/dr-dzsotjanne-krajcsir-piroskara-emlekeztek\/","name":"Dr. Dzsotj\u00e1nn\u00e9 Krajcsir Pirosk\u00e1ra eml\u00e9keztek","isPartOf":{"@id":"https:\/\/dorogimedence.hu\/#website"},"primaryImageOfPage":{"@id":"https:\/\/dorogimedence.hu\/index.php\/2024\/02\/07\/dr-dzsotjanne-krajcsir-piroskara-emlekeztek\/#primaryimage"},"image":{"@id":"https:\/\/dorogimedence.hu\/index.php\/2024\/02\/07\/dr-dzsotjanne-krajcsir-piroskara-emlekeztek\/#primaryimage"},"thumbnailUrl":"https:\/\/dorogimedence.hu\/wp-content\/uploads\/2024\/02\/megemlekezes-dorog.jpg","datePublished":"2024-02-07T13:22:53+00:00","breadcrumb":{"@id":"https:\/\/dorogimedence.hu\/index.php\/2024\/02\/07\/dr-dzsotjanne-krajcsir-piroskara-emlekeztek\/#breadcrumb"},"inLanguage":"hu","potentialAction":[{"@type":"ReadAction","target":["https:\/\/dorogimedence.hu\/index.php\/2024\/02\/07\/dr-dzsotjanne-krajcsir-piroskara-emlekeztek\/"]}]},{"@type":"ImageObject","inLanguage":"hu","@id":"https:\/\/dorogimedence.hu\/index.php\/2024\/02\/07\/dr-dzsotjanne-krajcsir-piroskara-emlekeztek\/#primaryimage","url":"https:\/\/dorogimedence.hu\/wp-content\/uploads\/2024\/02\/megemlekezes-dorog.jpg","contentUrl":"https:\/\/dorogimedence.hu\/wp-content\/uploads\/2024\/02\/megemlekezes-dorog.jpg","width":1920,"height":970},{"@type":"BreadcrumbList","@id":"https:\/\/dorogimedence.hu\/index.php\/2024\/02\/07\/dr-dzsotjanne-krajcsir-piroskara-emlekeztek\/#breadcrumb","itemListElement":[{"@type":"ListItem","position":1,"name":"Kezd\u0151lap","item":"https:\/\/dorogimedence.hu\/"},{"@type":"ListItem","position":2,"name":"Dr. Dzsotj\u00e1nn\u00e9 Krajcsir Pirosk\u00e1ra eml\u00e9keztek"}]},{"@type":"WebSite","@id":"https:\/\/dorogimedence.hu\/#website","url":"https:\/\/dorogimedence.hu\/","name":"Dorogi-medence Region\u00e1lis H\u00edrport\u00e1l","description":"Dorog, Keszt\u00f6lc, Le\u00e1nyv\u00e1r, Piliscs\u00e9v, Tokod, Tokodalt\u00e1r\u00f3, Csolnok, Esztergom-kertv\u00e1ros: h\u00edrek, programok","publisher":{"@id":"https:\/\/dorogimedence.hu\/#organization"},"potentialAction":[{"@type":"SearchAction","target":{"@type":"EntryPoint","urlTemplate":"https:\/\/dorogimedence.hu\/?s={search_term_string}"},"query-input":{"@type":"PropertyValueSpecification","valueRequired":true,"valueName":"search_term_string"}}],"inLanguage":"hu"},{"@type":"Organization","@id":"https:\/\/dorogimedence.hu\/#organization","name":"Dorogi-medence Region\u00e1lis H\u00edrport\u00e1l","url":"https:\/\/dorogimedence.hu\/","logo":{"@type":"ImageObject","inLanguage":"hu","@id":"https:\/\/dorogimedence.hu\/#\/schema\/logo\/image\/","url":"https:\/\/dorogimedence.hu\/wp-content\/uploads\/2021\/04\/logo-feher-600.png","contentUrl":"https:\/\/dorogimedence.hu\/wp-content\/uploads\/2021\/04\/logo-feher-600.png","width":600,"height":100,"caption":"Dorogi-medence Region\u00e1lis H\u00edrport\u00e1l"},"image":{"@id":"https:\/\/dorogimedence.hu\/#\/schema\/logo\/image\/"},"sameAs":["https:\/\/www.facebook.com\/dorogimedence\/"]},{"@type":"Person","@id":"https:\/\/dorogimedence.hu\/#\/schema\/person\/ce6091eeb7e95ecdc87890d6aa8e0fd4","name":"dorogimedence.hu","image":{"@type":"ImageObject","inLanguage":"hu","@id":"\/\/www.gravatar.com\/avatar\/d8d45f8901aadff40a4af72c0b826f1d?s=96&#038;r=g&#038;d=mm","url":"\/\/www.gravatar.com\/avatar\/d8d45f8901aadff40a4af72c0b826f1d?s=96&#038;r=g&#038;d=mm","contentUrl":"\/\/www.gravatar.com\/avatar\/d8d45f8901aadff40a4af72c0b826f1d?s=96&#038;r=g&#038;d=mm","caption":"dorogimedence.hu"}}]}},"_links":{"self":[{"href":"https:\/\/dorogimedence.hu\/index.php\/wp-json\/wp\/v2\/posts\/59549","targetHints":{"allow":["GET"]}}],"collection":[{"href":"https:\/\/dorogimedence.hu\/index.php\/wp-json\/wp\/v2\/posts"}],"about":[{"href":"https:\/\/dorogimedence.hu\/index.php\/wp-json\/wp\/v2\/types\/post"}],"author":[{"embeddable":true,"href":"https:\/\/dorogimedence.hu\/index.php\/wp-json\/wp\/v2\/users\/1"}],"replies":[{"embeddable":true,"href":"https:\/\/dorogimedence.hu\/index.php\/wp-json\/wp\/v2\/comments?post=59549"}],"version-history":[{"count":0,"href":"https:\/\/dorogimedence.hu\/index.php\/wp-json\/wp\/v2\/posts\/59549\/revisions"}],"wp:featuredmedia":[{"embeddable":true,"href":"https:\/\/dorogimedence.hu\/index.php\/wp-json\/wp\/v2\/media\/59550"}],"wp:attachment":[{"href":"https:\/\/dorogimedence.hu\/index.php\/wp-json\/wp\/v2\/media?parent=59549"}],"wp:term":[{"taxonomy":"category","embeddable":true,"href":"https:\/\/dorogimedence.hu\/index.php\/wp-json\/wp\/v2\/categories?post=59549"},{"taxonomy":"post_tag","embeddable":true,"href":"https:\/\/dorogimedence.hu\/index.php\/wp-json\/wp\/v2\/tags?post=59549"}],"curies":[{"name":"wp","href":"https:\/\/api.w.org\/{rel}","templated":true}]}}