{"id":59428,"date":"2024-02-02T09:42:06","date_gmt":"2024-02-02T08:42:06","guid":{"rendered":"https:\/\/dorogimedence.hu\/?p=59428"},"modified":"2024-02-02T09:43:01","modified_gmt":"2024-02-02T08:43:01","slug":"horgaszok-mentettek-ki-az-arado-dunabol-egy-kajakost","status":"publish","type":"post","link":"https:\/\/dorogimedence.hu\/index.php\/2024\/02\/02\/horgaszok-mentettek-ki-az-arado-dunabol-egy-kajakost\/","title":{"rendered":"Horg\u00e1szok mentettek ki az \u00e1rad\u00f3 Dun\u00e1b\u00f3l egy kajakost"},"content":{"rendered":"<p><strong>A napokban Neszm\u00e9ly k\u00f6zel\u00e9ben az \u00e1rad\u00f3 Dun\u00e1ba borult egy kajakos, a fa\u00e1gakba kapaszkod\u00f3, j\u00e9gg\u00e9 fagyott embert k\u00e9t horg\u00e1sz mentette ki a v\u00edzb\u0151l<\/strong> <em>&#8211; k\u00f6z\u00f6lte a Kom\u00e1rom-Esztergom V\u00e1rmegyei Horg\u00e1szegyes\u00fcletek Sz\u00f6vets\u00e9ge.<\/em><\/p>\n<p>A KEMHESZ t\u00e1j\u00e9koztat\u00e1sa szerint k\u00e9t horg\u00e1szt\u00e1rsuk, Rohodi M\u00e1riusz \u00e9s Nagy Csaba kor\u00e1bban m\u00e1r l\u00e1tt\u00e1k, hogy k\u00e9t kajakos kint van a v\u00edzen. A d\u00e9lut\u00e1ni \u00f3r\u00e1kban, amikor a haj\u00f3k visszafel\u00e9 j\u00f6ttek, az egyik kajakos seg\u00edts\u00e9get k\u00e9rt, mert nem tal\u00e1lta t\u00e1rs\u00e1t, aki beleborult a v\u00edzbe.<\/p>\n<p>A horg\u00e1szok cs\u00f3nakkal a bajba jutott ember keres\u00e9s\u00e9re indultak \u00e9s az \u00e1rt\u00e9ren, egy bed\u0151lt fa \u00e1gaiba kapaszkodva tal\u00e1ltak r\u00e1. A kajakos olyan sok id\u0151t t\u00f6lt\u00f6tt a n\u00e9gy fokos v\u00edzben, hogy saj\u00e1t er\u0151b\u0151l nem tudott volna partra jutni. Az \u00e1tfagyott f\u00e9rfit cs\u00f3nakjukba emelt\u00e9k, pokr\u00f3cokba tekert\u00e9k, majd biztons\u00e1gos helyre vitt\u00e9k.<\/p>\n","protected":false},"excerpt":{"rendered":"<p>A napokban Neszm\u00e9ly k\u00f6zel\u00e9ben az \u00e1rad\u00f3 Dun\u00e1ba borult egy kajakos, a fa\u00e1gakba kapaszkod\u00f3, j\u00e9gg\u00e9 fagyott embert k\u00e9t horg\u00e1sz mentette ki a v\u00edzb\u0151l &#8211; k\u00f6z\u00f6lte a Kom\u00e1rom-Esztergom V\u00e1rmegyei Horg\u00e1szegyes\u00fcletek Sz\u00f6vets\u00e9ge. A KEMHESZ t\u00e1j\u00e9koztat\u00e1sa szerint k\u00e9t horg\u00e1szt\u00e1rsuk, Rohodi M\u00e1riusz \u00e9s Nagy Csaba kor\u00e1bban m\u00e1r l\u00e1tt\u00e1k, hogy k\u00e9t kajakos kint van a v\u00edzen. A d\u00e9lut\u00e1ni \u00f3r\u00e1kban, amikor a<\/p>\n","protected":false},"author":1,"featured_media":59429,"comment_status":"closed","ping_status":"closed","sticky":false,"template":"","format":"standard","meta":{"ngg_post_thumbnail":0,"footnotes":""},"categories":[3],"tags":[229,4398,1344],"class_list":{"0":"post-59428","1":"post","2":"type-post","3":"status-publish","4":"format-standard","5":"has-post-thumbnail","7":"category-hirek","8":"tag-duna","9":"tag-kemhesz","10":"tag-mentes"},"yoast_head":"<!-- This site is optimized with the Yoast SEO plugin v27.5 - https:\/\/yoast.com\/product\/yoast-seo-wordpress\/ -->\n<title>Horg\u00e1szok mentettek ki az \u00e1rad\u00f3 Dun\u00e1b\u00f3l egy kajakost<\/title>\n<meta name=\"robots\" content=\"index, follow, max-snippet:-1, max-image-preview:large, max-video-preview:-1\" \/>\n<link rel=\"canonical\" href=\"https:\/\/dorogimedence.hu\/index.php\/2024\/02\/02\/horgaszok-mentettek-ki-az-arado-dunabol-egy-kajakost\/\" class=\"yoast-seo-meta-tag\" \/>\n<meta property=\"og:locale\" content=\"hu_HU\" class=\"yoast-seo-meta-tag\" \/>\n<meta property=\"og:type\" content=\"article\" class=\"yoast-seo-meta-tag\" \/>\n<meta property=\"og:title\" content=\"Horg\u00e1szok mentettek ki az \u00e1rad\u00f3 Dun\u00e1b\u00f3l egy kajakost\" class=\"yoast-seo-meta-tag\" \/>\n<meta property=\"og:description\" content=\"A napokban Neszm\u00e9ly k\u00f6zel\u00e9ben az \u00e1rad\u00f3 Dun\u00e1ba borult egy kajakos, a fa\u00e1gakba kapaszkod\u00f3, j\u00e9gg\u00e9 fagyott embert k\u00e9t horg\u00e1sz mentette ki a v\u00edzb\u0151l &#8211; k\u00f6z\u00f6lte a Kom\u00e1rom-Esztergom V\u00e1rmegyei Horg\u00e1szegyes\u00fcletek Sz\u00f6vets\u00e9ge. A KEMHESZ t\u00e1j\u00e9koztat\u00e1sa szerint k\u00e9t horg\u00e1szt\u00e1rsuk, Rohodi M\u00e1riusz \u00e9s Nagy Csaba kor\u00e1bban m\u00e1r l\u00e1tt\u00e1k, hogy k\u00e9t kajakos kint van a v\u00edzen. A d\u00e9lut\u00e1ni \u00f3r\u00e1kban, amikor a\" class=\"yoast-seo-meta-tag\" \/>\n<meta property=\"og:url\" content=\"https:\/\/dorogimedence.hu\/index.php\/2024\/02\/02\/horgaszok-mentettek-ki-az-arado-dunabol-egy-kajakost\/\" class=\"yoast-seo-meta-tag\" \/>\n<meta property=\"og:site_name\" content=\"Dorogi-medence Region\u00e1lis H\u00edrport\u00e1l\" class=\"yoast-seo-meta-tag\" \/>\n<meta property=\"article:publisher\" content=\"https:\/\/www.facebook.com\/dorogimedence\/\" class=\"yoast-seo-meta-tag\" \/>\n<meta property=\"article:published_time\" content=\"2024-02-02T08:42:06+00:00\" class=\"yoast-seo-meta-tag\" \/>\n<meta property=\"article:modified_time\" content=\"2024-02-02T08:43:01+00:00\" class=\"yoast-seo-meta-tag\" \/>\n<meta property=\"og:image\" content=\"https:\/\/dorogimedence.hu\/wp-content\/uploads\/2024\/02\/drowning-5654815_1920.jpg\" class=\"yoast-seo-meta-tag\" \/>\n\t<meta property=\"og:image:width\" content=\"1920\" class=\"yoast-seo-meta-tag\" \/>\n\t<meta property=\"og:image:height\" content=\"1280\" class=\"yoast-seo-meta-tag\" \/>\n\t<meta property=\"og:image:type\" content=\"image\/jpeg\" class=\"yoast-seo-meta-tag\" \/>\n<meta name=\"author\" content=\"dorogimedence.hu\" class=\"yoast-seo-meta-tag\" \/>\n<meta name=\"twitter:card\" content=\"summary_large_image\" class=\"yoast-seo-meta-tag\" \/>\n<meta name=\"twitter:label1\" content=\"Szerz\u0151:\" class=\"yoast-seo-meta-tag\" \/>\n\t<meta name=\"twitter:data1\" content=\"dorogimedence.hu\" class=\"yoast-seo-meta-tag\" \/>\n\t<meta name=\"twitter:label2\" content=\"Becs\u00fclt olvas\u00e1si id\u0151\" class=\"yoast-seo-meta-tag\" \/>\n\t<meta name=\"twitter:data2\" content=\"1 perc\" class=\"yoast-seo-meta-tag\" \/>\n<script type=\"application\/ld+json\" class=\"yoast-schema-graph\">{\"@context\":\"https:\\\/\\\/schema.org\",\"@graph\":[{\"@type\":\"Article\",\"@id\":\"https:\\\/\\\/dorogimedence.hu\\\/index.php\\\/2024\\\/02\\\/02\\\/horgaszok-mentettek-ki-az-arado-dunabol-egy-kajakost\\\/#article\",\"isPartOf\":{\"@id\":\"https:\\\/\\\/dorogimedence.hu\\\/index.php\\\/2024\\\/02\\\/02\\\/horgaszok-mentettek-ki-az-arado-dunabol-egy-kajakost\\\/\"},\"author\":{\"name\":\"dorogimedence.hu\",\"@id\":\"https:\\\/\\\/dorogimedence.hu\\\/#\\\/schema\\\/person\\\/ce6091eeb7e95ecdc87890d6aa8e0fd4\"},\"headline\":\"Horg\u00e1szok mentettek ki az \u00e1rad\u00f3 Dun\u00e1b\u00f3l egy kajakost\",\"datePublished\":\"2024-02-02T08:42:06+00:00\",\"dateModified\":\"2024-02-02T08:43:01+00:00\",\"mainEntityOfPage\":{\"@id\":\"https:\\\/\\\/dorogimedence.hu\\\/index.php\\\/2024\\\/02\\\/02\\\/horgaszok-mentettek-ki-az-arado-dunabol-egy-kajakost\\\/\"},\"wordCount\":195,\"publisher\":{\"@id\":\"https:\\\/\\\/dorogimedence.hu\\\/#organization\"},\"image\":{\"@id\":\"https:\\\/\\\/dorogimedence.hu\\\/index.php\\\/2024\\\/02\\\/02\\\/horgaszok-mentettek-ki-az-arado-dunabol-egy-kajakost\\\/#primaryimage\"},\"thumbnailUrl\":\"https:\\\/\\\/dorogimedence.hu\\\/wp-content\\\/uploads\\\/2024\\\/02\\\/drowning-5654815_1920.jpg\",\"keywords\":[\"Duna\",\"KEMHESZ\",\"ment\u00e9s\"],\"articleSection\":[\"H\u00edrek\"],\"inLanguage\":\"hu\"},{\"@type\":\"WebPage\",\"@id\":\"https:\\\/\\\/dorogimedence.hu\\\/index.php\\\/2024\\\/02\\\/02\\\/horgaszok-mentettek-ki-az-arado-dunabol-egy-kajakost\\\/\",\"url\":\"https:\\\/\\\/dorogimedence.hu\\\/index.php\\\/2024\\\/02\\\/02\\\/horgaszok-mentettek-ki-az-arado-dunabol-egy-kajakost\\\/\",\"name\":\"Horg\u00e1szok mentettek ki az \u00e1rad\u00f3 Dun\u00e1b\u00f3l egy kajakost\",\"isPartOf\":{\"@id\":\"https:\\\/\\\/dorogimedence.hu\\\/#website\"},\"primaryImageOfPage\":{\"@id\":\"https:\\\/\\\/dorogimedence.hu\\\/index.php\\\/2024\\\/02\\\/02\\\/horgaszok-mentettek-ki-az-arado-dunabol-egy-kajakost\\\/#primaryimage\"},\"image\":{\"@id\":\"https:\\\/\\\/dorogimedence.hu\\\/index.php\\\/2024\\\/02\\\/02\\\/horgaszok-mentettek-ki-az-arado-dunabol-egy-kajakost\\\/#primaryimage\"},\"thumbnailUrl\":\"https:\\\/\\\/dorogimedence.hu\\\/wp-content\\\/uploads\\\/2024\\\/02\\\/drowning-5654815_1920.jpg\",\"datePublished\":\"2024-02-02T08:42:06+00:00\",\"dateModified\":\"2024-02-02T08:43:01+00:00\",\"breadcrumb\":{\"@id\":\"https:\\\/\\\/dorogimedence.hu\\\/index.php\\\/2024\\\/02\\\/02\\\/horgaszok-mentettek-ki-az-arado-dunabol-egy-kajakost\\\/#breadcrumb\"},\"inLanguage\":\"hu\",\"potentialAction\":[{\"@type\":\"ReadAction\",\"target\":[\"https:\\\/\\\/dorogimedence.hu\\\/index.php\\\/2024\\\/02\\\/02\\\/horgaszok-mentettek-ki-az-arado-dunabol-egy-kajakost\\\/\"]}]},{\"@type\":\"ImageObject\",\"inLanguage\":\"hu\",\"@id\":\"https:\\\/\\\/dorogimedence.hu\\\/index.php\\\/2024\\\/02\\\/02\\\/horgaszok-mentettek-ki-az-arado-dunabol-egy-kajakost\\\/#primaryimage\",\"url\":\"https:\\\/\\\/dorogimedence.hu\\\/wp-content\\\/uploads\\\/2024\\\/02\\\/drowning-5654815_1920.jpg\",\"contentUrl\":\"https:\\\/\\\/dorogimedence.hu\\\/wp-content\\\/uploads\\\/2024\\\/02\\\/drowning-5654815_1920.jpg\",\"width\":1920,\"height\":1280},{\"@type\":\"BreadcrumbList\",\"@id\":\"https:\\\/\\\/dorogimedence.hu\\\/index.php\\\/2024\\\/02\\\/02\\\/horgaszok-mentettek-ki-az-arado-dunabol-egy-kajakost\\\/#breadcrumb\",\"itemListElement\":[{\"@type\":\"ListItem\",\"position\":1,\"name\":\"Kezd\u0151lap\",\"item\":\"https:\\\/\\\/dorogimedence.hu\\\/\"},{\"@type\":\"ListItem\",\"position\":2,\"name\":\"Horg\u00e1szok mentettek ki az \u00e1rad\u00f3 Dun\u00e1b\u00f3l egy kajakost\"}]},{\"@type\":\"WebSite\",\"@id\":\"https:\\\/\\\/dorogimedence.hu\\\/#website\",\"url\":\"https:\\\/\\\/dorogimedence.hu\\\/\",\"name\":\"Dorogi-medence Region\u00e1lis H\u00edrport\u00e1l\",\"description\":\"Dorog, Keszt\u00f6lc, Le\u00e1nyv\u00e1r, Piliscs\u00e9v, Tokod, Tokodalt\u00e1r\u00f3, Csolnok, Esztergom-kertv\u00e1ros: h\u00edrek, programok\",\"publisher\":{\"@id\":\"https:\\\/\\\/dorogimedence.hu\\\/#organization\"},\"potentialAction\":[{\"@type\":\"SearchAction\",\"target\":{\"@type\":\"EntryPoint\",\"urlTemplate\":\"https:\\\/\\\/dorogimedence.hu\\\/?s={search_term_string}\"},\"query-input\":{\"@type\":\"PropertyValueSpecification\",\"valueRequired\":true,\"valueName\":\"search_term_string\"}}],\"inLanguage\":\"hu\"},{\"@type\":\"Organization\",\"@id\":\"https:\\\/\\\/dorogimedence.hu\\\/#organization\",\"name\":\"Dorogi-medence Region\u00e1lis H\u00edrport\u00e1l\",\"url\":\"https:\\\/\\\/dorogimedence.hu\\\/\",\"logo\":{\"@type\":\"ImageObject\",\"inLanguage\":\"hu\",\"@id\":\"https:\\\/\\\/dorogimedence.hu\\\/#\\\/schema\\\/logo\\\/image\\\/\",\"url\":\"https:\\\/\\\/dorogimedence.hu\\\/wp-content\\\/uploads\\\/2021\\\/04\\\/logo-feher-600.png\",\"contentUrl\":\"https:\\\/\\\/dorogimedence.hu\\\/wp-content\\\/uploads\\\/2021\\\/04\\\/logo-feher-600.png\",\"width\":600,\"height\":100,\"caption\":\"Dorogi-medence Region\u00e1lis H\u00edrport\u00e1l\"},\"image\":{\"@id\":\"https:\\\/\\\/dorogimedence.hu\\\/#\\\/schema\\\/logo\\\/image\\\/\"},\"sameAs\":[\"https:\\\/\\\/www.facebook.com\\\/dorogimedence\\\/\"]},{\"@type\":\"Person\",\"@id\":\"https:\\\/\\\/dorogimedence.hu\\\/#\\\/schema\\\/person\\\/ce6091eeb7e95ecdc87890d6aa8e0fd4\",\"name\":\"dorogimedence.hu\",\"image\":{\"@type\":\"ImageObject\",\"inLanguage\":\"hu\",\"@id\":\"\\\/\\\/www.gravatar.com\\\/avatar\\\/d8d45f8901aadff40a4af72c0b826f1d?s=96&#038;r=g&#038;d=mm\",\"url\":\"\\\/\\\/www.gravatar.com\\\/avatar\\\/d8d45f8901aadff40a4af72c0b826f1d?s=96&#038;r=g&#038;d=mm\",\"contentUrl\":\"\\\/\\\/www.gravatar.com\\\/avatar\\\/d8d45f8901aadff40a4af72c0b826f1d?s=96&#038;r=g&#038;d=mm\",\"caption\":\"dorogimedence.hu\"}}]}<\/script>\n<!-- \/ Yoast SEO plugin. -->","yoast_head_json":{"title":"Horg\u00e1szok mentettek ki az \u00e1rad\u00f3 Dun\u00e1b\u00f3l egy kajakost","robots":{"index":"index","follow":"follow","max-snippet":"max-snippet:-1","max-image-preview":"max-image-preview:large","max-video-preview":"max-video-preview:-1"},"canonical":"https:\/\/dorogimedence.hu\/index.php\/2024\/02\/02\/horgaszok-mentettek-ki-az-arado-dunabol-egy-kajakost\/","og_locale":"hu_HU","og_type":"article","og_title":"Horg\u00e1szok mentettek ki az \u00e1rad\u00f3 Dun\u00e1b\u00f3l egy kajakost","og_description":"A napokban Neszm\u00e9ly k\u00f6zel\u00e9ben az \u00e1rad\u00f3 Dun\u00e1ba borult egy kajakos, a fa\u00e1gakba kapaszkod\u00f3, j\u00e9gg\u00e9 fagyott embert k\u00e9t horg\u00e1sz mentette ki a v\u00edzb\u0151l &#8211; k\u00f6z\u00f6lte a Kom\u00e1rom-Esztergom V\u00e1rmegyei Horg\u00e1szegyes\u00fcletek Sz\u00f6vets\u00e9ge. A KEMHESZ t\u00e1j\u00e9koztat\u00e1sa szerint k\u00e9t horg\u00e1szt\u00e1rsuk, Rohodi M\u00e1riusz \u00e9s Nagy Csaba kor\u00e1bban m\u00e1r l\u00e1tt\u00e1k, hogy k\u00e9t kajakos kint van a v\u00edzen. A d\u00e9lut\u00e1ni \u00f3r\u00e1kban, amikor a","og_url":"https:\/\/dorogimedence.hu\/index.php\/2024\/02\/02\/horgaszok-mentettek-ki-az-arado-dunabol-egy-kajakost\/","og_site_name":"Dorogi-medence Region\u00e1lis H\u00edrport\u00e1l","article_publisher":"https:\/\/www.facebook.com\/dorogimedence\/","article_published_time":"2024-02-02T08:42:06+00:00","article_modified_time":"2024-02-02T08:43:01+00:00","og_image":[{"width":1920,"height":1280,"url":"https:\/\/dorogimedence.hu\/wp-content\/uploads\/2024\/02\/drowning-5654815_1920.jpg","type":"image\/jpeg"}],"author":"dorogimedence.hu","twitter_card":"summary_large_image","twitter_misc":{"Szerz\u0151:":"dorogimedence.hu","Becs\u00fclt olvas\u00e1si id\u0151":"1 perc"},"schema":{"@context":"https:\/\/schema.org","@graph":[{"@type":"Article","@id":"https:\/\/dorogimedence.hu\/index.php\/2024\/02\/02\/horgaszok-mentettek-ki-az-arado-dunabol-egy-kajakost\/#article","isPartOf":{"@id":"https:\/\/dorogimedence.hu\/index.php\/2024\/02\/02\/horgaszok-mentettek-ki-az-arado-dunabol-egy-kajakost\/"},"author":{"name":"dorogimedence.hu","@id":"https:\/\/dorogimedence.hu\/#\/schema\/person\/ce6091eeb7e95ecdc87890d6aa8e0fd4"},"headline":"Horg\u00e1szok mentettek ki az \u00e1rad\u00f3 Dun\u00e1b\u00f3l egy kajakost","datePublished":"2024-02-02T08:42:06+00:00","dateModified":"2024-02-02T08:43:01+00:00","mainEntityOfPage":{"@id":"https:\/\/dorogimedence.hu\/index.php\/2024\/02\/02\/horgaszok-mentettek-ki-az-arado-dunabol-egy-kajakost\/"},"wordCount":195,"publisher":{"@id":"https:\/\/dorogimedence.hu\/#organization"},"image":{"@id":"https:\/\/dorogimedence.hu\/index.php\/2024\/02\/02\/horgaszok-mentettek-ki-az-arado-dunabol-egy-kajakost\/#primaryimage"},"thumbnailUrl":"https:\/\/dorogimedence.hu\/wp-content\/uploads\/2024\/02\/drowning-5654815_1920.jpg","keywords":["Duna","KEMHESZ","ment\u00e9s"],"articleSection":["H\u00edrek"],"inLanguage":"hu"},{"@type":"WebPage","@id":"https:\/\/dorogimedence.hu\/index.php\/2024\/02\/02\/horgaszok-mentettek-ki-az-arado-dunabol-egy-kajakost\/","url":"https:\/\/dorogimedence.hu\/index.php\/2024\/02\/02\/horgaszok-mentettek-ki-az-arado-dunabol-egy-kajakost\/","name":"Horg\u00e1szok mentettek ki az \u00e1rad\u00f3 Dun\u00e1b\u00f3l egy kajakost","isPartOf":{"@id":"https:\/\/dorogimedence.hu\/#website"},"primaryImageOfPage":{"@id":"https:\/\/dorogimedence.hu\/index.php\/2024\/02\/02\/horgaszok-mentettek-ki-az-arado-dunabol-egy-kajakost\/#primaryimage"},"image":{"@id":"https:\/\/dorogimedence.hu\/index.php\/2024\/02\/02\/horgaszok-mentettek-ki-az-arado-dunabol-egy-kajakost\/#primaryimage"},"thumbnailUrl":"https:\/\/dorogimedence.hu\/wp-content\/uploads\/2024\/02\/drowning-5654815_1920.jpg","datePublished":"2024-02-02T08:42:06+00:00","dateModified":"2024-02-02T08:43:01+00:00","breadcrumb":{"@id":"https:\/\/dorogimedence.hu\/index.php\/2024\/02\/02\/horgaszok-mentettek-ki-az-arado-dunabol-egy-kajakost\/#breadcrumb"},"inLanguage":"hu","potentialAction":[{"@type":"ReadAction","target":["https:\/\/dorogimedence.hu\/index.php\/2024\/02\/02\/horgaszok-mentettek-ki-az-arado-dunabol-egy-kajakost\/"]}]},{"@type":"ImageObject","inLanguage":"hu","@id":"https:\/\/dorogimedence.hu\/index.php\/2024\/02\/02\/horgaszok-mentettek-ki-az-arado-dunabol-egy-kajakost\/#primaryimage","url":"https:\/\/dorogimedence.hu\/wp-content\/uploads\/2024\/02\/drowning-5654815_1920.jpg","contentUrl":"https:\/\/dorogimedence.hu\/wp-content\/uploads\/2024\/02\/drowning-5654815_1920.jpg","width":1920,"height":1280},{"@type":"BreadcrumbList","@id":"https:\/\/dorogimedence.hu\/index.php\/2024\/02\/02\/horgaszok-mentettek-ki-az-arado-dunabol-egy-kajakost\/#breadcrumb","itemListElement":[{"@type":"ListItem","position":1,"name":"Kezd\u0151lap","item":"https:\/\/dorogimedence.hu\/"},{"@type":"ListItem","position":2,"name":"Horg\u00e1szok mentettek ki az \u00e1rad\u00f3 Dun\u00e1b\u00f3l egy kajakost"}]},{"@type":"WebSite","@id":"https:\/\/dorogimedence.hu\/#website","url":"https:\/\/dorogimedence.hu\/","name":"Dorogi-medence Region\u00e1lis H\u00edrport\u00e1l","description":"Dorog, Keszt\u00f6lc, Le\u00e1nyv\u00e1r, Piliscs\u00e9v, Tokod, Tokodalt\u00e1r\u00f3, Csolnok, Esztergom-kertv\u00e1ros: h\u00edrek, programok","publisher":{"@id":"https:\/\/dorogimedence.hu\/#organization"},"potentialAction":[{"@type":"SearchAction","target":{"@type":"EntryPoint","urlTemplate":"https:\/\/dorogimedence.hu\/?s={search_term_string}"},"query-input":{"@type":"PropertyValueSpecification","valueRequired":true,"valueName":"search_term_string"}}],"inLanguage":"hu"},{"@type":"Organization","@id":"https:\/\/dorogimedence.hu\/#organization","name":"Dorogi-medence Region\u00e1lis H\u00edrport\u00e1l","url":"https:\/\/dorogimedence.hu\/","logo":{"@type":"ImageObject","inLanguage":"hu","@id":"https:\/\/dorogimedence.hu\/#\/schema\/logo\/image\/","url":"https:\/\/dorogimedence.hu\/wp-content\/uploads\/2021\/04\/logo-feher-600.png","contentUrl":"https:\/\/dorogimedence.hu\/wp-content\/uploads\/2021\/04\/logo-feher-600.png","width":600,"height":100,"caption":"Dorogi-medence Region\u00e1lis H\u00edrport\u00e1l"},"image":{"@id":"https:\/\/dorogimedence.hu\/#\/schema\/logo\/image\/"},"sameAs":["https:\/\/www.facebook.com\/dorogimedence\/"]},{"@type":"Person","@id":"https:\/\/dorogimedence.hu\/#\/schema\/person\/ce6091eeb7e95ecdc87890d6aa8e0fd4","name":"dorogimedence.hu","image":{"@type":"ImageObject","inLanguage":"hu","@id":"\/\/www.gravatar.com\/avatar\/d8d45f8901aadff40a4af72c0b826f1d?s=96&#038;r=g&#038;d=mm","url":"\/\/www.gravatar.com\/avatar\/d8d45f8901aadff40a4af72c0b826f1d?s=96&#038;r=g&#038;d=mm","contentUrl":"\/\/www.gravatar.com\/avatar\/d8d45f8901aadff40a4af72c0b826f1d?s=96&#038;r=g&#038;d=mm","caption":"dorogimedence.hu"}}]}},"_links":{"self":[{"href":"https:\/\/dorogimedence.hu\/index.php\/wp-json\/wp\/v2\/posts\/59428","targetHints":{"allow":["GET"]}}],"collection":[{"href":"https:\/\/dorogimedence.hu\/index.php\/wp-json\/wp\/v2\/posts"}],"about":[{"href":"https:\/\/dorogimedence.hu\/index.php\/wp-json\/wp\/v2\/types\/post"}],"author":[{"embeddable":true,"href":"https:\/\/dorogimedence.hu\/index.php\/wp-json\/wp\/v2\/users\/1"}],"replies":[{"embeddable":true,"href":"https:\/\/dorogimedence.hu\/index.php\/wp-json\/wp\/v2\/comments?post=59428"}],"version-history":[{"count":0,"href":"https:\/\/dorogimedence.hu\/index.php\/wp-json\/wp\/v2\/posts\/59428\/revisions"}],"wp:featuredmedia":[{"embeddable":true,"href":"https:\/\/dorogimedence.hu\/index.php\/wp-json\/wp\/v2\/media\/59429"}],"wp:attachment":[{"href":"https:\/\/dorogimedence.hu\/index.php\/wp-json\/wp\/v2\/media?parent=59428"}],"wp:term":[{"taxonomy":"category","embeddable":true,"href":"https:\/\/dorogimedence.hu\/index.php\/wp-json\/wp\/v2\/categories?post=59428"},{"taxonomy":"post_tag","embeddable":true,"href":"https:\/\/dorogimedence.hu\/index.php\/wp-json\/wp\/v2\/tags?post=59428"}],"curies":[{"name":"wp","href":"https:\/\/api.w.org\/{rel}","templated":true}]}}