{"id":59400,"date":"2024-02-01T09:53:15","date_gmt":"2024-02-01T08:53:15","guid":{"rendered":"https:\/\/dorogimedence.hu\/?p=59400"},"modified":"2024-02-01T09:53:15","modified_gmt":"2024-02-01T08:53:15","slug":"tervezett-aramszunetek-februarban-3","status":"publish","type":"post","link":"https:\/\/dorogimedence.hu\/index.php\/2024\/02\/01\/tervezett-aramszunetek-februarban-3\/","title":{"rendered":"Tervezett \u00e1ramsz\u00fcnetek febru\u00e1rban"},"content":{"rendered":"<p><strong>T\u00e9rs\u00e9g\u00fcnkben Esztergomban, Pilismar\u00f3ton, Tokodon, Tokodalt\u00e1r\u00f3n, T\u00e1ton, Nagys\u00e1pon \u00e9s Bajn\u00e1n sz\u00e1m\u00edthatunk tervezett \u00e1ramsz\u00fcnetekre 2024 febru\u00e1rj\u00e1ban.<br \/>\n<\/strong><\/p>\n<p>Az E.ON Hung\u00e1ria folyamatos korszer\u0171s\u00edt\u00e9st hajt v\u00e9gre h\u00e1l\u00f3zat\u00e1n. A tervszer\u0171 beavatkoz\u00e1sok biztons\u00e1gos elv\u00e9gz\u00e9se \u00e9rdek\u00e9ben elengedhetetlen a vezet\u00e9k id\u0151szakos fesz\u00fclts\u00e9gmentes\u00edt\u00e9se.<\/p>\n<p><strong>Az al\u00e1bbi telep\u00fcl\u00e9seken \u00e9s id\u0151pontokban sz\u00e1m\u00edthatunk \u00e1ramkimarad\u00e1sokra:<\/strong><\/p>\n<p>Febru\u00e1r 1. cs\u00fct\u00f6rt\u00f6k<br \/>\n<strong>Tokod (08.00-15.00):<\/strong> Bajnai utca, Bik\u00e1s d\u0171l\u0151, Kisv\u00f6lgy, K\u00f6rtv\u00e9lyes, Nagyv\u00f6lgy, P\u00e9k\u00e1rka d\u0171l\u0151, Sz\u00e9chenyi Istv\u00e1n utca 39,60,62,63,64,65,66,68., S\u00e1nc d\u0171l\u0151, T\u00f6r\u00f6k utca, \u00dcrgev\u00f6lgy.<\/p>\n<p>Febru\u00e1r 5. h\u00e9tf\u0151<br \/>\n<strong>T\u00e1t (09.00-15.00):<\/strong> Leh\u00e1r Ferenc utca.<\/p>\n<p>Febru\u00e1r 6. kedd<br \/>\n<strong>T\u00e1t (09.00-15.00):<\/strong> K\u00e1lm\u00e1n Imre \u00fat, Mad\u00e1ch Imre utca.<\/p>\n<p>Febru\u00e1r 8. cs\u00fct\u00f6rt\u00f6k<br \/>\n<strong>Esztergom (08.00-16.00):<\/strong> Dr. Feichtinger S\u00e1ndor utca, Forr\u00e1s \u00fat, Galagony\u00e1s k\u00f6z, Galagony\u00e1s \u00fat 35-93. p\u00e1ratlan \u00e9s 94-98. p\u00e1ros, M\u00e9ly \u00fat 41-85. p\u00e1ratlan, Szent Orb\u00e1n utca, Szentj\u00e1noskuti D\u0171l\u0151, Vaskapui \u00fat 3. \u00e9s 24-44. p\u00e1ros.<\/p>\n<p>Febru\u00e1r 9. p\u00e9ntek<br \/>\n<strong>Tokod (08.00-15.00):<\/strong> Bajnai utca, Bik\u00e1s d\u0171l\u0151, Kisv\u00f6lgy, K\u00f6rtv\u00e9lyes, Nagyv\u00f6lgy, P\u00e9k\u00e1rka d\u0171l\u0151, Sz\u00e9chenyi Istv\u00e1n utca 39,60,62,63,64,65,66,68., S\u00e1nc d\u0171l\u0151, T\u00f6r\u00f6k utca, \u00dcrgev\u00f6lgy. <strong>T\u00e1t (09.00-15.00):<\/strong> K\u00e1lm\u00e1n Imre \u00fat, Leh\u00e1r Ferenc utca, Mad\u00e1ch Imre utca, T\u00f6r\u00f6kv\u00e9sz utca.<\/p>\n<p>Febru\u00e1r 12. h\u00e9tf\u0151<br \/>\n<strong>Tokodalt\u00e1r\u00f3 (09.00-15.00):<\/strong> Dob\u00f3 Katica utca, Erkel Ferenc utca, J\u00f3zsef Attila utca 1-7. p\u00e1ratlan, Szent Istv\u00e1n utca 17.<\/p>\n<p>Febru\u00e1r 13. kedd<br \/>\n<strong>Tokodalt\u00e1r\u00f3 (09.00-15.00):<\/strong> Balassi B\u00e1lint utca, B\u00e1ny\u00e1sz utca 1., Juh\u00e1sz Gyula utca, K\u00f6lcsey k\u00f6z 1-5., M\u00e1rai S\u00e1ndor utca. <strong>Bajna (08.00-15.00):<\/strong> D\u00f3zsa Gy\u00f6rgy utca 2-16., F\u00e1c\u00e1nkert, Nyergesi utca 10., Szabads\u00e1g utca 11-55. p\u00e1ratlan \u00e9s 2-16. p\u00e1ros, \u00daj utca.<\/p>\n<p>Febru\u00e1r 16. p\u00e9ntek<br \/>\n<strong>Tokodalt\u00e1r\u00f3 (09.00-15.00):<\/strong> Dob\u00f3 Katica utca, Erkel Ferenc utca, J\u00f3zsef Attila utca 1-7. p\u00e1ratlan, Szent Istv\u00e1n utca 17. <strong>Bajna (08.00-15.00):<\/strong> D\u00f3zsa Gy\u00f6rgy utca 2-16., F\u00e1c\u00e1nkert, Nyergesi utca 10., Szabads\u00e1g utca 11-55. p\u00e1ratlan \u00e9s 2-16. p\u00e1ros, \u00daj utca.<\/p>\n<p>Febru\u00e1r 19. h\u00e9tf\u0151<br \/>\n<strong>Pilismar\u00f3t (08.30-14.30):<\/strong> Di\u00f3fa utca 1-15. p\u00e1ratlan \u00e9s 2-18. p\u00e1ros, Nefelejcs utca.<\/p>\n<p>Febru\u00e1r 21. szerda<br \/>\n<strong>Esztergom (08.00-15.00):<\/strong> Csendesv\u00f6lgy utca, K\u00fcls\u0151 B\u00e1nomi \u00fat 11475\/26, 11475\/60, 11475\/75. 11475\/83, 11475\/84 hrsz.<\/p>\n<p>Febru\u00e1r 22. cs\u00fct\u00f6rt\u00f6k<br \/>\n<strong>Pilismar\u00f3t (08.30-14.30):<\/strong> Di\u00f3fa utca 1747, 3114\/2, 3141\/6, 3149\/2, 3153, 3156\/2, 3160, 3161 hrsz, Ny\u00e1rfa utca 3288, 3289, 3290\/1, 3290\/2, 3290\/3, 3291, 3292\/1, 3292\/3 hrsz.<\/p>\n<p>Febru\u00e1r 26. h\u00e9tf\u0151<br \/>\n<strong>Nagys\u00e1p (08.30-15.30):<\/strong> K\u00f6zt\u00e1rsas\u00e1g t\u00e9r, T\u00f3th J\u00e1nos utca.<\/p>\n<p>Febru\u00e1r 29. cs\u00fct\u00f6rt\u00f6k<br \/>\n<strong>Nagys\u00e1p (08.30-15.30):<\/strong> Bajcsy-Zsilinszky Endre utca, D\u00f3zsa k\u00f6z 1-13., K\u00f6zt\u00e1rsas\u00e1g t\u00e9r 1-19., Szabads\u00e1g t\u00e9r 3.<\/p>\n","protected":false},"excerpt":{"rendered":"<p>T\u00e9rs\u00e9g\u00fcnkben Esztergomban, Pilismar\u00f3ton, Tokodon, Tokodalt\u00e1r\u00f3n, T\u00e1ton, Nagys\u00e1pon \u00e9s Bajn\u00e1n sz\u00e1m\u00edthatunk tervezett \u00e1ramsz\u00fcnetekre 2024 febru\u00e1rj\u00e1ban. Az E.ON Hung\u00e1ria folyamatos korszer\u0171s\u00edt\u00e9st hajt v\u00e9gre h\u00e1l\u00f3zat\u00e1n. A tervszer\u0171 beavatkoz\u00e1sok biztons\u00e1gos elv\u00e9gz\u00e9se \u00e9rdek\u00e9ben elengedhetetlen a vezet\u00e9k id\u0151szakos fesz\u00fclts\u00e9gmentes\u00edt\u00e9se. Az al\u00e1bbi telep\u00fcl\u00e9seken \u00e9s id\u0151pontokban sz\u00e1m\u00edthatunk \u00e1ramkimarad\u00e1sokra: Febru\u00e1r 1. cs\u00fct\u00f6rt\u00f6k Tokod (08.00-15.00): Bajnai utca, Bik\u00e1s d\u0171l\u0151, Kisv\u00f6lgy, K\u00f6rtv\u00e9lyes, Nagyv\u00f6lgy, P\u00e9k\u00e1rka d\u0171l\u0151, Sz\u00e9chenyi<\/p>\n","protected":false},"author":1,"featured_media":33070,"comment_status":"closed","ping_status":"closed","sticky":false,"template":"","format":"standard","meta":{"ngg_post_thumbnail":0,"footnotes":""},"categories":[38,3,110,6,10],"tags":[336,1432,665],"class_list":{"0":"post-59400","1":"post","2":"type-post","3":"status-publish","4":"format-standard","5":"has-post-thumbnail","7":"category-esztergom","8":"category-hirek","9":"category-tat","10":"category-tokod","11":"category-tokodaltaro","12":"tag-aramszunet","13":"tag-aramszunetek","14":"tag-e-on"},"yoast_head":"<!-- This site is optimized with the Yoast SEO plugin v27.4 - https:\/\/yoast.com\/product\/yoast-seo-wordpress\/ -->\n<title>Tervezett \u00e1ramsz\u00fcnetek febru\u00e1rban<\/title>\n<meta name=\"robots\" content=\"index, follow, max-snippet:-1, max-image-preview:large, max-video-preview:-1\" \/>\n<link rel=\"canonical\" href=\"https:\/\/dorogimedence.hu\/index.php\/2024\/02\/01\/tervezett-aramszunetek-februarban-3\/\" class=\"yoast-seo-meta-tag\" \/>\n<meta property=\"og:locale\" content=\"hu_HU\" class=\"yoast-seo-meta-tag\" \/>\n<meta property=\"og:type\" content=\"article\" class=\"yoast-seo-meta-tag\" \/>\n<meta property=\"og:title\" content=\"Tervezett \u00e1ramsz\u00fcnetek febru\u00e1rban\" class=\"yoast-seo-meta-tag\" \/>\n<meta property=\"og:description\" content=\"T\u00e9rs\u00e9g\u00fcnkben Esztergomban, Pilismar\u00f3ton, Tokodon, Tokodalt\u00e1r\u00f3n, T\u00e1ton, Nagys\u00e1pon \u00e9s Bajn\u00e1n sz\u00e1m\u00edthatunk tervezett \u00e1ramsz\u00fcnetekre 2024 febru\u00e1rj\u00e1ban. Az E.ON Hung\u00e1ria folyamatos korszer\u0171s\u00edt\u00e9st hajt v\u00e9gre h\u00e1l\u00f3zat\u00e1n. A tervszer\u0171 beavatkoz\u00e1sok biztons\u00e1gos elv\u00e9gz\u00e9se \u00e9rdek\u00e9ben elengedhetetlen a vezet\u00e9k id\u0151szakos fesz\u00fclts\u00e9gmentes\u00edt\u00e9se. Az al\u00e1bbi telep\u00fcl\u00e9seken \u00e9s id\u0151pontokban sz\u00e1m\u00edthatunk \u00e1ramkimarad\u00e1sokra: Febru\u00e1r 1. cs\u00fct\u00f6rt\u00f6k Tokod (08.00-15.00): Bajnai utca, Bik\u00e1s d\u0171l\u0151, Kisv\u00f6lgy, K\u00f6rtv\u00e9lyes, Nagyv\u00f6lgy, P\u00e9k\u00e1rka d\u0171l\u0151, Sz\u00e9chenyi\" class=\"yoast-seo-meta-tag\" \/>\n<meta property=\"og:url\" content=\"https:\/\/dorogimedence.hu\/index.php\/2024\/02\/01\/tervezett-aramszunetek-februarban-3\/\" class=\"yoast-seo-meta-tag\" \/>\n<meta property=\"og:site_name\" content=\"Dorogi-medence Region\u00e1lis H\u00edrport\u00e1l\" class=\"yoast-seo-meta-tag\" \/>\n<meta property=\"article:publisher\" content=\"https:\/\/www.facebook.com\/dorogimedence\/\" class=\"yoast-seo-meta-tag\" \/>\n<meta property=\"article:published_time\" content=\"2024-02-01T08:53:15+00:00\" class=\"yoast-seo-meta-tag\" \/>\n<meta property=\"og:image\" content=\"https:\/\/dorogimedence.hu\/wp-content\/uploads\/2021\/05\/villanyoszlop-06.jpg\" class=\"yoast-seo-meta-tag\" \/>\n\t<meta property=\"og:image:width\" content=\"1920\" class=\"yoast-seo-meta-tag\" \/>\n\t<meta property=\"og:image:height\" content=\"1280\" class=\"yoast-seo-meta-tag\" \/>\n\t<meta property=\"og:image:type\" content=\"image\/jpeg\" class=\"yoast-seo-meta-tag\" \/>\n<meta name=\"author\" content=\"dorogimedence.hu\" class=\"yoast-seo-meta-tag\" \/>\n<meta name=\"twitter:card\" content=\"summary_large_image\" class=\"yoast-seo-meta-tag\" \/>\n<meta name=\"twitter:label1\" content=\"Szerz\u0151:\" class=\"yoast-seo-meta-tag\" \/>\n\t<meta name=\"twitter:data1\" content=\"dorogimedence.hu\" class=\"yoast-seo-meta-tag\" \/>\n\t<meta name=\"twitter:label2\" content=\"Becs\u00fclt olvas\u00e1si id\u0151\" class=\"yoast-seo-meta-tag\" \/>\n\t<meta name=\"twitter:data2\" content=\"2 perc\" class=\"yoast-seo-meta-tag\" \/>\n<script type=\"application\/ld+json\" class=\"yoast-schema-graph\">{\"@context\":\"https:\\\/\\\/schema.org\",\"@graph\":[{\"@type\":\"Article\",\"@id\":\"https:\\\/\\\/dorogimedence.hu\\\/index.php\\\/2024\\\/02\\\/01\\\/tervezett-aramszunetek-februarban-3\\\/#article\",\"isPartOf\":{\"@id\":\"https:\\\/\\\/dorogimedence.hu\\\/index.php\\\/2024\\\/02\\\/01\\\/tervezett-aramszunetek-februarban-3\\\/\"},\"author\":{\"name\":\"dorogimedence.hu\",\"@id\":\"https:\\\/\\\/dorogimedence.hu\\\/#\\\/schema\\\/person\\\/ce6091eeb7e95ecdc87890d6aa8e0fd4\"},\"headline\":\"Tervezett \u00e1ramsz\u00fcnetek febru\u00e1rban\",\"datePublished\":\"2024-02-01T08:53:15+00:00\",\"mainEntityOfPage\":{\"@id\":\"https:\\\/\\\/dorogimedence.hu\\\/index.php\\\/2024\\\/02\\\/01\\\/tervezett-aramszunetek-februarban-3\\\/\"},\"wordCount\":484,\"publisher\":{\"@id\":\"https:\\\/\\\/dorogimedence.hu\\\/#organization\"},\"image\":{\"@id\":\"https:\\\/\\\/dorogimedence.hu\\\/index.php\\\/2024\\\/02\\\/01\\\/tervezett-aramszunetek-februarban-3\\\/#primaryimage\"},\"thumbnailUrl\":\"https:\\\/\\\/dorogimedence.hu\\\/wp-content\\\/uploads\\\/2021\\\/05\\\/villanyoszlop-06.jpg\",\"keywords\":[\"\u00e1ramsz\u00fcnet\",\"\u00e1ramsz\u00fcnetek\",\"e.on\"],\"articleSection\":[\"Esztergom\",\"H\u00edrek\",\"T\u00e1t\",\"Tokod\",\"Tokodalt\u00e1r\u00f3\"],\"inLanguage\":\"hu\"},{\"@type\":\"WebPage\",\"@id\":\"https:\\\/\\\/dorogimedence.hu\\\/index.php\\\/2024\\\/02\\\/01\\\/tervezett-aramszunetek-februarban-3\\\/\",\"url\":\"https:\\\/\\\/dorogimedence.hu\\\/index.php\\\/2024\\\/02\\\/01\\\/tervezett-aramszunetek-februarban-3\\\/\",\"name\":\"Tervezett \u00e1ramsz\u00fcnetek febru\u00e1rban\",\"isPartOf\":{\"@id\":\"https:\\\/\\\/dorogimedence.hu\\\/#website\"},\"primaryImageOfPage\":{\"@id\":\"https:\\\/\\\/dorogimedence.hu\\\/index.php\\\/2024\\\/02\\\/01\\\/tervezett-aramszunetek-februarban-3\\\/#primaryimage\"},\"image\":{\"@id\":\"https:\\\/\\\/dorogimedence.hu\\\/index.php\\\/2024\\\/02\\\/01\\\/tervezett-aramszunetek-februarban-3\\\/#primaryimage\"},\"thumbnailUrl\":\"https:\\\/\\\/dorogimedence.hu\\\/wp-content\\\/uploads\\\/2021\\\/05\\\/villanyoszlop-06.jpg\",\"datePublished\":\"2024-02-01T08:53:15+00:00\",\"breadcrumb\":{\"@id\":\"https:\\\/\\\/dorogimedence.hu\\\/index.php\\\/2024\\\/02\\\/01\\\/tervezett-aramszunetek-februarban-3\\\/#breadcrumb\"},\"inLanguage\":\"hu\",\"potentialAction\":[{\"@type\":\"ReadAction\",\"target\":[\"https:\\\/\\\/dorogimedence.hu\\\/index.php\\\/2024\\\/02\\\/01\\\/tervezett-aramszunetek-februarban-3\\\/\"]}]},{\"@type\":\"ImageObject\",\"inLanguage\":\"hu\",\"@id\":\"https:\\\/\\\/dorogimedence.hu\\\/index.php\\\/2024\\\/02\\\/01\\\/tervezett-aramszunetek-februarban-3\\\/#primaryimage\",\"url\":\"https:\\\/\\\/dorogimedence.hu\\\/wp-content\\\/uploads\\\/2021\\\/05\\\/villanyoszlop-06.jpg\",\"contentUrl\":\"https:\\\/\\\/dorogimedence.hu\\\/wp-content\\\/uploads\\\/2021\\\/05\\\/villanyoszlop-06.jpg\",\"width\":1920,\"height\":1280},{\"@type\":\"BreadcrumbList\",\"@id\":\"https:\\\/\\\/dorogimedence.hu\\\/index.php\\\/2024\\\/02\\\/01\\\/tervezett-aramszunetek-februarban-3\\\/#breadcrumb\",\"itemListElement\":[{\"@type\":\"ListItem\",\"position\":1,\"name\":\"Kezd\u0151lap\",\"item\":\"https:\\\/\\\/dorogimedence.hu\\\/\"},{\"@type\":\"ListItem\",\"position\":2,\"name\":\"Tervezett \u00e1ramsz\u00fcnetek febru\u00e1rban\"}]},{\"@type\":\"WebSite\",\"@id\":\"https:\\\/\\\/dorogimedence.hu\\\/#website\",\"url\":\"https:\\\/\\\/dorogimedence.hu\\\/\",\"name\":\"Dorogi-medence Region\u00e1lis H\u00edrport\u00e1l\",\"description\":\"Dorog, Keszt\u00f6lc, Le\u00e1nyv\u00e1r, Piliscs\u00e9v, Tokod, Tokodalt\u00e1r\u00f3, Csolnok, Esztergom-kertv\u00e1ros: h\u00edrek, programok\",\"publisher\":{\"@id\":\"https:\\\/\\\/dorogimedence.hu\\\/#organization\"},\"potentialAction\":[{\"@type\":\"SearchAction\",\"target\":{\"@type\":\"EntryPoint\",\"urlTemplate\":\"https:\\\/\\\/dorogimedence.hu\\\/?s={search_term_string}\"},\"query-input\":{\"@type\":\"PropertyValueSpecification\",\"valueRequired\":true,\"valueName\":\"search_term_string\"}}],\"inLanguage\":\"hu\"},{\"@type\":\"Organization\",\"@id\":\"https:\\\/\\\/dorogimedence.hu\\\/#organization\",\"name\":\"Dorogi-medence Region\u00e1lis H\u00edrport\u00e1l\",\"url\":\"https:\\\/\\\/dorogimedence.hu\\\/\",\"logo\":{\"@type\":\"ImageObject\",\"inLanguage\":\"hu\",\"@id\":\"https:\\\/\\\/dorogimedence.hu\\\/#\\\/schema\\\/logo\\\/image\\\/\",\"url\":\"https:\\\/\\\/dorogimedence.hu\\\/wp-content\\\/uploads\\\/2021\\\/04\\\/logo-feher-600.png\",\"contentUrl\":\"https:\\\/\\\/dorogimedence.hu\\\/wp-content\\\/uploads\\\/2021\\\/04\\\/logo-feher-600.png\",\"width\":600,\"height\":100,\"caption\":\"Dorogi-medence Region\u00e1lis H\u00edrport\u00e1l\"},\"image\":{\"@id\":\"https:\\\/\\\/dorogimedence.hu\\\/#\\\/schema\\\/logo\\\/image\\\/\"},\"sameAs\":[\"https:\\\/\\\/www.facebook.com\\\/dorogimedence\\\/\"]},{\"@type\":\"Person\",\"@id\":\"https:\\\/\\\/dorogimedence.hu\\\/#\\\/schema\\\/person\\\/ce6091eeb7e95ecdc87890d6aa8e0fd4\",\"name\":\"dorogimedence.hu\",\"image\":{\"@type\":\"ImageObject\",\"inLanguage\":\"hu\",\"@id\":\"\\\/\\\/www.gravatar.com\\\/avatar\\\/d8d45f8901aadff40a4af72c0b826f1d?s=96&#038;r=g&#038;d=mm\",\"url\":\"\\\/\\\/www.gravatar.com\\\/avatar\\\/d8d45f8901aadff40a4af72c0b826f1d?s=96&#038;r=g&#038;d=mm\",\"contentUrl\":\"\\\/\\\/www.gravatar.com\\\/avatar\\\/d8d45f8901aadff40a4af72c0b826f1d?s=96&#038;r=g&#038;d=mm\",\"caption\":\"dorogimedence.hu\"}}]}<\/script>\n<!-- \/ Yoast SEO plugin. -->","yoast_head_json":{"title":"Tervezett \u00e1ramsz\u00fcnetek febru\u00e1rban","robots":{"index":"index","follow":"follow","max-snippet":"max-snippet:-1","max-image-preview":"max-image-preview:large","max-video-preview":"max-video-preview:-1"},"canonical":"https:\/\/dorogimedence.hu\/index.php\/2024\/02\/01\/tervezett-aramszunetek-februarban-3\/","og_locale":"hu_HU","og_type":"article","og_title":"Tervezett \u00e1ramsz\u00fcnetek febru\u00e1rban","og_description":"T\u00e9rs\u00e9g\u00fcnkben Esztergomban, Pilismar\u00f3ton, Tokodon, Tokodalt\u00e1r\u00f3n, T\u00e1ton, Nagys\u00e1pon \u00e9s Bajn\u00e1n sz\u00e1m\u00edthatunk tervezett \u00e1ramsz\u00fcnetekre 2024 febru\u00e1rj\u00e1ban. Az E.ON Hung\u00e1ria folyamatos korszer\u0171s\u00edt\u00e9st hajt v\u00e9gre h\u00e1l\u00f3zat\u00e1n. A tervszer\u0171 beavatkoz\u00e1sok biztons\u00e1gos elv\u00e9gz\u00e9se \u00e9rdek\u00e9ben elengedhetetlen a vezet\u00e9k id\u0151szakos fesz\u00fclts\u00e9gmentes\u00edt\u00e9se. Az al\u00e1bbi telep\u00fcl\u00e9seken \u00e9s id\u0151pontokban sz\u00e1m\u00edthatunk \u00e1ramkimarad\u00e1sokra: Febru\u00e1r 1. cs\u00fct\u00f6rt\u00f6k Tokod (08.00-15.00): Bajnai utca, Bik\u00e1s d\u0171l\u0151, Kisv\u00f6lgy, K\u00f6rtv\u00e9lyes, Nagyv\u00f6lgy, P\u00e9k\u00e1rka d\u0171l\u0151, Sz\u00e9chenyi","og_url":"https:\/\/dorogimedence.hu\/index.php\/2024\/02\/01\/tervezett-aramszunetek-februarban-3\/","og_site_name":"Dorogi-medence Region\u00e1lis H\u00edrport\u00e1l","article_publisher":"https:\/\/www.facebook.com\/dorogimedence\/","article_published_time":"2024-02-01T08:53:15+00:00","og_image":[{"width":1920,"height":1280,"url":"https:\/\/dorogimedence.hu\/wp-content\/uploads\/2021\/05\/villanyoszlop-06.jpg","type":"image\/jpeg"}],"author":"dorogimedence.hu","twitter_card":"summary_large_image","twitter_misc":{"Szerz\u0151:":"dorogimedence.hu","Becs\u00fclt olvas\u00e1si id\u0151":"2 perc"},"schema":{"@context":"https:\/\/schema.org","@graph":[{"@type":"Article","@id":"https:\/\/dorogimedence.hu\/index.php\/2024\/02\/01\/tervezett-aramszunetek-februarban-3\/#article","isPartOf":{"@id":"https:\/\/dorogimedence.hu\/index.php\/2024\/02\/01\/tervezett-aramszunetek-februarban-3\/"},"author":{"name":"dorogimedence.hu","@id":"https:\/\/dorogimedence.hu\/#\/schema\/person\/ce6091eeb7e95ecdc87890d6aa8e0fd4"},"headline":"Tervezett \u00e1ramsz\u00fcnetek febru\u00e1rban","datePublished":"2024-02-01T08:53:15+00:00","mainEntityOfPage":{"@id":"https:\/\/dorogimedence.hu\/index.php\/2024\/02\/01\/tervezett-aramszunetek-februarban-3\/"},"wordCount":484,"publisher":{"@id":"https:\/\/dorogimedence.hu\/#organization"},"image":{"@id":"https:\/\/dorogimedence.hu\/index.php\/2024\/02\/01\/tervezett-aramszunetek-februarban-3\/#primaryimage"},"thumbnailUrl":"https:\/\/dorogimedence.hu\/wp-content\/uploads\/2021\/05\/villanyoszlop-06.jpg","keywords":["\u00e1ramsz\u00fcnet","\u00e1ramsz\u00fcnetek","e.on"],"articleSection":["Esztergom","H\u00edrek","T\u00e1t","Tokod","Tokodalt\u00e1r\u00f3"],"inLanguage":"hu"},{"@type":"WebPage","@id":"https:\/\/dorogimedence.hu\/index.php\/2024\/02\/01\/tervezett-aramszunetek-februarban-3\/","url":"https:\/\/dorogimedence.hu\/index.php\/2024\/02\/01\/tervezett-aramszunetek-februarban-3\/","name":"Tervezett \u00e1ramsz\u00fcnetek febru\u00e1rban","isPartOf":{"@id":"https:\/\/dorogimedence.hu\/#website"},"primaryImageOfPage":{"@id":"https:\/\/dorogimedence.hu\/index.php\/2024\/02\/01\/tervezett-aramszunetek-februarban-3\/#primaryimage"},"image":{"@id":"https:\/\/dorogimedence.hu\/index.php\/2024\/02\/01\/tervezett-aramszunetek-februarban-3\/#primaryimage"},"thumbnailUrl":"https:\/\/dorogimedence.hu\/wp-content\/uploads\/2021\/05\/villanyoszlop-06.jpg","datePublished":"2024-02-01T08:53:15+00:00","breadcrumb":{"@id":"https:\/\/dorogimedence.hu\/index.php\/2024\/02\/01\/tervezett-aramszunetek-februarban-3\/#breadcrumb"},"inLanguage":"hu","potentialAction":[{"@type":"ReadAction","target":["https:\/\/dorogimedence.hu\/index.php\/2024\/02\/01\/tervezett-aramszunetek-februarban-3\/"]}]},{"@type":"ImageObject","inLanguage":"hu","@id":"https:\/\/dorogimedence.hu\/index.php\/2024\/02\/01\/tervezett-aramszunetek-februarban-3\/#primaryimage","url":"https:\/\/dorogimedence.hu\/wp-content\/uploads\/2021\/05\/villanyoszlop-06.jpg","contentUrl":"https:\/\/dorogimedence.hu\/wp-content\/uploads\/2021\/05\/villanyoszlop-06.jpg","width":1920,"height":1280},{"@type":"BreadcrumbList","@id":"https:\/\/dorogimedence.hu\/index.php\/2024\/02\/01\/tervezett-aramszunetek-februarban-3\/#breadcrumb","itemListElement":[{"@type":"ListItem","position":1,"name":"Kezd\u0151lap","item":"https:\/\/dorogimedence.hu\/"},{"@type":"ListItem","position":2,"name":"Tervezett \u00e1ramsz\u00fcnetek febru\u00e1rban"}]},{"@type":"WebSite","@id":"https:\/\/dorogimedence.hu\/#website","url":"https:\/\/dorogimedence.hu\/","name":"Dorogi-medence Region\u00e1lis H\u00edrport\u00e1l","description":"Dorog, Keszt\u00f6lc, Le\u00e1nyv\u00e1r, Piliscs\u00e9v, Tokod, Tokodalt\u00e1r\u00f3, Csolnok, Esztergom-kertv\u00e1ros: h\u00edrek, programok","publisher":{"@id":"https:\/\/dorogimedence.hu\/#organization"},"potentialAction":[{"@type":"SearchAction","target":{"@type":"EntryPoint","urlTemplate":"https:\/\/dorogimedence.hu\/?s={search_term_string}"},"query-input":{"@type":"PropertyValueSpecification","valueRequired":true,"valueName":"search_term_string"}}],"inLanguage":"hu"},{"@type":"Organization","@id":"https:\/\/dorogimedence.hu\/#organization","name":"Dorogi-medence Region\u00e1lis H\u00edrport\u00e1l","url":"https:\/\/dorogimedence.hu\/","logo":{"@type":"ImageObject","inLanguage":"hu","@id":"https:\/\/dorogimedence.hu\/#\/schema\/logo\/image\/","url":"https:\/\/dorogimedence.hu\/wp-content\/uploads\/2021\/04\/logo-feher-600.png","contentUrl":"https:\/\/dorogimedence.hu\/wp-content\/uploads\/2021\/04\/logo-feher-600.png","width":600,"height":100,"caption":"Dorogi-medence Region\u00e1lis H\u00edrport\u00e1l"},"image":{"@id":"https:\/\/dorogimedence.hu\/#\/schema\/logo\/image\/"},"sameAs":["https:\/\/www.facebook.com\/dorogimedence\/"]},{"@type":"Person","@id":"https:\/\/dorogimedence.hu\/#\/schema\/person\/ce6091eeb7e95ecdc87890d6aa8e0fd4","name":"dorogimedence.hu","image":{"@type":"ImageObject","inLanguage":"hu","@id":"\/\/www.gravatar.com\/avatar\/d8d45f8901aadff40a4af72c0b826f1d?s=96&#038;r=g&#038;d=mm","url":"\/\/www.gravatar.com\/avatar\/d8d45f8901aadff40a4af72c0b826f1d?s=96&#038;r=g&#038;d=mm","contentUrl":"\/\/www.gravatar.com\/avatar\/d8d45f8901aadff40a4af72c0b826f1d?s=96&#038;r=g&#038;d=mm","caption":"dorogimedence.hu"}}]}},"_links":{"self":[{"href":"https:\/\/dorogimedence.hu\/index.php\/wp-json\/wp\/v2\/posts\/59400","targetHints":{"allow":["GET"]}}],"collection":[{"href":"https:\/\/dorogimedence.hu\/index.php\/wp-json\/wp\/v2\/posts"}],"about":[{"href":"https:\/\/dorogimedence.hu\/index.php\/wp-json\/wp\/v2\/types\/post"}],"author":[{"embeddable":true,"href":"https:\/\/dorogimedence.hu\/index.php\/wp-json\/wp\/v2\/users\/1"}],"replies":[{"embeddable":true,"href":"https:\/\/dorogimedence.hu\/index.php\/wp-json\/wp\/v2\/comments?post=59400"}],"version-history":[{"count":0,"href":"https:\/\/dorogimedence.hu\/index.php\/wp-json\/wp\/v2\/posts\/59400\/revisions"}],"wp:featuredmedia":[{"embeddable":true,"href":"https:\/\/dorogimedence.hu\/index.php\/wp-json\/wp\/v2\/media\/33070"}],"wp:attachment":[{"href":"https:\/\/dorogimedence.hu\/index.php\/wp-json\/wp\/v2\/media?parent=59400"}],"wp:term":[{"taxonomy":"category","embeddable":true,"href":"https:\/\/dorogimedence.hu\/index.php\/wp-json\/wp\/v2\/categories?post=59400"},{"taxonomy":"post_tag","embeddable":true,"href":"https:\/\/dorogimedence.hu\/index.php\/wp-json\/wp\/v2\/tags?post=59400"}],"curies":[{"name":"wp","href":"https:\/\/api.w.org\/{rel}","templated":true}]}}