{"id":59382,"date":"2024-01-31T16:28:49","date_gmt":"2024-01-31T15:28:49","guid":{"rendered":"https:\/\/dorogimedence.hu\/?p=59382"},"modified":"2024-01-31T16:28:49","modified_gmt":"2024-01-31T15:28:49","slug":"energetikai-es-esztetikai-megujulas-az-uszodaban","status":"publish","type":"post","link":"https:\/\/dorogimedence.hu\/index.php\/2024\/01\/31\/energetikai-es-esztetikai-megujulas-az-uszodaban\/","title":{"rendered":"Energetikai \u00e9s eszt\u00e9tikai meg\u00fajul\u00e1s az uszod\u00e1ban"},"content":{"rendered":"<p><strong>A napelemek mellett ki\u00e9p\u00edtik a h\u0151szivatty\u00fas rendszert is a Nipl Stef\u00e1nia Uszod\u00e1ban<\/strong> <em>&#8211; k\u00f6z\u00f6lte a dorogi \u00f6nkorm\u00e1nyzat a <a href=\"https:\/\/www.dorog.hu\/content\/52227-energetikai-es-esztetikai-megujulas-az-uszodaban\" target=\"_blank\" rel=\"noopener\"><span style=\"text-decoration: underline; color: #0000ff;\">honlapj\u00e1n<\/span><\/a>.<\/em><\/p>\n<p>A Nipl Stef\u00e1nia Uszoda \u00fajranyit\u00e1s\u00e1hoz sz\u00fcks\u00e9ges munk\u00e1latok elv\u00e9gz\u00e9se Dorog V\u00e1ros \u00d6nkorm\u00e1nyzata idei fejleszt\u00e9sei k\u00f6z\u00f6tt kiemelt helyet foglal el. Az \u00e9p\u00fclet energetikai fejleszt\u00e9se mellett az int\u00e9zm\u00e9ny homlokzat\u00e1nak h\u0151szigetel\u00e9se \u00e9s a homlokzat megjelen\u00e9s\u00e9nek eszt\u00e9tikai meg\u00faj\u00edt\u00e1sa szerepel a munk\u00e1latok k\u00f6z\u00f6tt.<\/p>\n<p>&#8222;Az uszoda k\u00fcls\u0151 megjelen\u00e9s\u00e9ben tov\u00e1bbi v\u00e1ltoz\u00e1s lesz az is, hogy kor\u00e1bbi ny\u00e1ri id\u0151szakokban az aljzatburkolat nagym\u00e9rt\u00e9k\u0171 felmeleged\u00e9se miatt haszn\u00e1lhatatlan napoz\u00f3teraszokat kis hajl\u00e1ssz\u00f6g\u0171 tet\u0151vel fedj\u00fck le. A befejez\u00e9s el\u0151tt \u00e1ll\u00f3 tet\u0151 m\u00e1r el\u0151k\u00e9sz\u00edt\u00e9se \u00e9s egyben a fogad\u00f3 szerkezete a felszerel\u00e9sre ker\u00fcl\u0151 napelemeknek.&#8221; \u2013 t\u00e1j\u00e9koztatta a dorog.hu-t Bartl Ildik\u00f3 beruh\u00e1z\u00e1si vezet\u0151 f\u0151tan\u00e1csos, a Polg\u00e1rmesteri Hivatal munkat\u00e1rsa.<\/p>\n<p>Az \u00e9p\u00fcleten k\u00edv\u00fcli munk\u00e1k k\u00f6z\u00f6tt meg kell eml\u00edteni a medenc\u00e9k k\u00f6r\u00fcli t\u00e9rburkolat jav\u00edt\u00e1s\u00e1t, \u00e9s a lel\u00e1t\u00f3 teljes \u00fajraburkol\u00e1s\u00e1t. A bels\u0151 t\u00e9rben, r\u00f6gt\u00f6n a bel\u00e9p\u00e9skor \u00e9szrevehet\u0151 v\u00e1ltoz\u00e1s lesz majd, hogy az aula k\u00e9t szintet mag\u00e1ba foglal\u00f3 l\u00e9gter\u00e9be egy f\u00f6d\u00e9m ker\u00fcl be\u00e9p\u00edt\u00e9sre, \u00edgy kialak\u00edtva egy \u00faj k\u00f6z\u00f6ss\u00e9gi teret az emeleti, a valamikori napoz\u00f3teraszok szintj\u00e9n.<\/p>\n<p><img fetchpriority=\"high\" decoding=\"async\" class=\"alignnone size-full wp-image-59384\" src=\"https:\/\/dorogimedence.hu\/wp-content\/uploads\/2024\/01\/uszoda-felujitas-02.jpg\" alt=\"\" width=\"1920\" height=\"1280\" srcset=\"https:\/\/dorogimedence.hu\/wp-content\/uploads\/2024\/01\/uszoda-felujitas-02.jpg 1920w, https:\/\/dorogimedence.hu\/wp-content\/uploads\/2024\/01\/uszoda-felujitas-02-600x400.jpg 600w, https:\/\/dorogimedence.hu\/wp-content\/uploads\/2024\/01\/uszoda-felujitas-02-768x512.jpg 768w, https:\/\/dorogimedence.hu\/wp-content\/uploads\/2024\/01\/uszoda-felujitas-02-1536x1024.jpg 1536w, https:\/\/dorogimedence.hu\/wp-content\/uploads\/2024\/01\/uszoda-felujitas-02-150x100.jpg 150w, https:\/\/dorogimedence.hu\/wp-content\/uploads\/2024\/01\/uszoda-felujitas-02-450x300.jpg 450w, https:\/\/dorogimedence.hu\/wp-content\/uploads\/2024\/01\/uszoda-felujitas-02-1200x800.jpg 1200w, https:\/\/dorogimedence.hu\/wp-content\/uploads\/2024\/01\/uszoda-felujitas-02-272x182.jpg 272w\" sizes=\"(max-width: 1920px) 100vw, 1920px\" \/><\/p>\n<p>Meg\u00fajul, \u00e9s egyben b\u0151v\u00fcl a szauna ter\u00fclete, valamint az \u00e9p\u00fcleten bel\u00fcli b\u00fcf\u00e9 \u00e1talak\u00edt\u00e1s\u00e1val az \u00fczemeltet\u00e9shez elengedhetetlen\u00fcl sz\u00fcks\u00e9ges helyis\u00e9gek kialak\u00edt\u00e1s\u00e1ra is sor ker\u00fcl majd.<\/p>\n<p>\u00c1tvizsg\u00e1l\u00e1sra \u00e9s a sz\u00fcks\u00e9ges jav\u00edt\u00e1sok \u00e9s fel\u00faj\u00edt\u00e1sok elv\u00e9gz\u00e9s\u00e9re ker\u00fcl sor az elektromos h\u00e1l\u00f3zaton, valamint a g\u00e9p\u00e9szeti rendszeren is. Kicser\u00e9lik a l\u00e1mp\u00e1kat, a csapokat, zuhanyz\u00f3kat.<\/p>\n<p>Az \u00e9p\u00fclet eg\u00e9sz ter\u00fclet\u00e9n a k\u0151m\u0171ves jav\u00edt\u00e1si munk\u00e1k elv\u00e9gz\u00e9s\u00e9t k\u00f6vet\u0151en a helyis\u00e9gek tisztas\u00e1gi meszel\u00e9se is megt\u00f6rt\u00e9nik majd.<\/p>\n<p>A medenc\u00e9k viz\u00e9nek f\u0171t\u00e9s\u00e9re h\u0151szivatty\u00fas rendszer ker\u00fcl ki\u00e9p\u00edt\u00e9sre, valamint a medenc\u00e9k v\u00edzg\u00e9p\u00e9szeti rendszere is teljes eg\u00e9sz\u00e9ben fel\u00faj\u00edt\u00e1sra ker\u00fcl.<\/p>\n<p>Az \u0151szi id\u0151szakra \u00faj s\u00e1tor beszerz\u00e9se, \u00e9s az ahhoz kapcsol\u00f3d\u00f3 g\u00e9p\u00e9szeti rendszer cser\u00e9je is megt\u00f6rt\u00e9nik majd, valamint a g\u00e1zf\u0171t\u00e9s is ki\u00e9p\u00edt\u00e9sre ker\u00fcl kiv\u00e1ltva ezzel az eddigi t\u00e1vf\u0171t\u00e9si rendszert.<\/p>\n<p>Rem\u00e9lj\u00fck, hogy mindezen fel\u00faj\u00edt\u00e1sok \u00e9s fejleszt\u00e9sek az uszodai szolg\u00e1ltat\u00e1st ig\u00e9nybevev\u0151 l\u00e1togatok megel\u00e9ged\u00e9s\u00e9t, komfort\u00e9rzet\u00e9nek n\u00f6vel\u00e9s\u00e9t \u00e9s nem utols\u00f3 sorban \u00f6r\u00f6m\u00e9t szolg\u00e1lj\u00e1k majd.<\/p>\n<p><em>Fot\u00f3k, forr\u00e1s: dorog.hu<\/em><\/p>\n","protected":false},"excerpt":{"rendered":"<p>A napelemek mellett ki\u00e9p\u00edtik a h\u0151szivatty\u00fas rendszert is a Nipl Stef\u00e1nia Uszod\u00e1ban &#8211; k\u00f6z\u00f6lte a dorogi \u00f6nkorm\u00e1nyzat a honlapj\u00e1n. A Nipl Stef\u00e1nia Uszoda \u00fajranyit\u00e1s\u00e1hoz sz\u00fcks\u00e9ges munk\u00e1latok elv\u00e9gz\u00e9se Dorog V\u00e1ros \u00d6nkorm\u00e1nyzata idei fejleszt\u00e9sei k\u00f6z\u00f6tt kiemelt helyet foglal el. Az \u00e9p\u00fclet energetikai fejleszt\u00e9se mellett az int\u00e9zm\u00e9ny homlokzat\u00e1nak h\u0151szigetel\u00e9se \u00e9s a homlokzat megjelen\u00e9s\u00e9nek eszt\u00e9tikai meg\u00faj\u00edt\u00e1sa szerepel a munk\u00e1latok<\/p>\n","protected":false},"author":1,"featured_media":59383,"comment_status":"closed","ping_status":"closed","sticky":false,"template":"","format":"standard","meta":{"ngg_post_thumbnail":0,"footnotes":""},"categories":[2,3],"tags":[15,5624,464,786,89,7698],"class_list":{"0":"post-59382","1":"post","2":"type-post","3":"status-publish","4":"format-standard","5":"has-post-thumbnail","7":"category-dorog","8":"category-hirek","9":"tag-dorog","10":"tag-featured","11":"tag-felujitas","12":"tag-nipl-stefania-uszoda","13":"tag-uszoda","14":"tag-uszodafelujitas"},"yoast_head":"<!-- This site is optimized with the Yoast SEO plugin v27.4 - https:\/\/yoast.com\/product\/yoast-seo-wordpress\/ -->\n<title>Energetikai \u00e9s eszt\u00e9tikai meg\u00fajul\u00e1s az uszod\u00e1ban<\/title>\n<meta name=\"robots\" content=\"index, follow, max-snippet:-1, max-image-preview:large, max-video-preview:-1\" \/>\n<link rel=\"canonical\" href=\"https:\/\/dorogimedence.hu\/index.php\/2024\/01\/31\/energetikai-es-esztetikai-megujulas-az-uszodaban\/\" class=\"yoast-seo-meta-tag\" \/>\n<meta property=\"og:locale\" content=\"hu_HU\" class=\"yoast-seo-meta-tag\" \/>\n<meta property=\"og:type\" content=\"article\" class=\"yoast-seo-meta-tag\" \/>\n<meta property=\"og:title\" content=\"Energetikai \u00e9s eszt\u00e9tikai meg\u00fajul\u00e1s az uszod\u00e1ban\" class=\"yoast-seo-meta-tag\" \/>\n<meta property=\"og:description\" content=\"A napelemek mellett ki\u00e9p\u00edtik a h\u0151szivatty\u00fas rendszert is a Nipl Stef\u00e1nia Uszod\u00e1ban &#8211; k\u00f6z\u00f6lte a dorogi \u00f6nkorm\u00e1nyzat a honlapj\u00e1n. A Nipl Stef\u00e1nia Uszoda \u00fajranyit\u00e1s\u00e1hoz sz\u00fcks\u00e9ges munk\u00e1latok elv\u00e9gz\u00e9se Dorog V\u00e1ros \u00d6nkorm\u00e1nyzata idei fejleszt\u00e9sei k\u00f6z\u00f6tt kiemelt helyet foglal el. Az \u00e9p\u00fclet energetikai fejleszt\u00e9se mellett az int\u00e9zm\u00e9ny homlokzat\u00e1nak h\u0151szigetel\u00e9se \u00e9s a homlokzat megjelen\u00e9s\u00e9nek eszt\u00e9tikai meg\u00faj\u00edt\u00e1sa szerepel a munk\u00e1latok\" class=\"yoast-seo-meta-tag\" \/>\n<meta property=\"og:url\" content=\"https:\/\/dorogimedence.hu\/index.php\/2024\/01\/31\/energetikai-es-esztetikai-megujulas-az-uszodaban\/\" class=\"yoast-seo-meta-tag\" \/>\n<meta property=\"og:site_name\" content=\"Dorogi-medence Region\u00e1lis H\u00edrport\u00e1l\" class=\"yoast-seo-meta-tag\" \/>\n<meta property=\"article:publisher\" content=\"https:\/\/www.facebook.com\/dorogimedence\/\" class=\"yoast-seo-meta-tag\" \/>\n<meta property=\"article:published_time\" content=\"2024-01-31T15:28:49+00:00\" class=\"yoast-seo-meta-tag\" \/>\n<meta property=\"og:image\" content=\"https:\/\/dorogimedence.hu\/wp-content\/uploads\/2024\/01\/uszoda-felujitas-01.jpg\" class=\"yoast-seo-meta-tag\" \/>\n\t<meta property=\"og:image:width\" content=\"1920\" class=\"yoast-seo-meta-tag\" \/>\n\t<meta property=\"og:image:height\" content=\"970\" class=\"yoast-seo-meta-tag\" \/>\n\t<meta property=\"og:image:type\" content=\"image\/jpeg\" class=\"yoast-seo-meta-tag\" \/>\n<meta name=\"author\" content=\"dorogimedence.hu\" class=\"yoast-seo-meta-tag\" \/>\n<meta name=\"twitter:card\" content=\"summary_large_image\" class=\"yoast-seo-meta-tag\" \/>\n<meta name=\"twitter:label1\" content=\"Szerz\u0151:\" class=\"yoast-seo-meta-tag\" \/>\n\t<meta name=\"twitter:data1\" content=\"dorogimedence.hu\" class=\"yoast-seo-meta-tag\" \/>\n\t<meta name=\"twitter:label2\" content=\"Becs\u00fclt olvas\u00e1si id\u0151\" class=\"yoast-seo-meta-tag\" \/>\n\t<meta name=\"twitter:data2\" content=\"3 perc\" class=\"yoast-seo-meta-tag\" \/>\n<script type=\"application\/ld+json\" class=\"yoast-schema-graph\">{\"@context\":\"https:\\\/\\\/schema.org\",\"@graph\":[{\"@type\":\"Article\",\"@id\":\"https:\\\/\\\/dorogimedence.hu\\\/index.php\\\/2024\\\/01\\\/31\\\/energetikai-es-esztetikai-megujulas-az-uszodaban\\\/#article\",\"isPartOf\":{\"@id\":\"https:\\\/\\\/dorogimedence.hu\\\/index.php\\\/2024\\\/01\\\/31\\\/energetikai-es-esztetikai-megujulas-az-uszodaban\\\/\"},\"author\":{\"name\":\"dorogimedence.hu\",\"@id\":\"https:\\\/\\\/dorogimedence.hu\\\/#\\\/schema\\\/person\\\/ce6091eeb7e95ecdc87890d6aa8e0fd4\"},\"headline\":\"Energetikai \u00e9s eszt\u00e9tikai meg\u00fajul\u00e1s az uszod\u00e1ban\",\"datePublished\":\"2024-01-31T15:28:49+00:00\",\"mainEntityOfPage\":{\"@id\":\"https:\\\/\\\/dorogimedence.hu\\\/index.php\\\/2024\\\/01\\\/31\\\/energetikai-es-esztetikai-megujulas-az-uszodaban\\\/\"},\"wordCount\":545,\"publisher\":{\"@id\":\"https:\\\/\\\/dorogimedence.hu\\\/#organization\"},\"image\":{\"@id\":\"https:\\\/\\\/dorogimedence.hu\\\/index.php\\\/2024\\\/01\\\/31\\\/energetikai-es-esztetikai-megujulas-az-uszodaban\\\/#primaryimage\"},\"thumbnailUrl\":\"https:\\\/\\\/dorogimedence.hu\\\/wp-content\\\/uploads\\\/2024\\\/01\\\/uszoda-felujitas-01.jpg\",\"keywords\":[\"Dorog\",\"featured\",\"fel\u00faj\u00edt\u00e1s\",\"Nipl Stef\u00e1nia Uszoda\",\"uszoda\",\"uszodafel\u00faj\u00edt\u00e1s\"],\"articleSection\":[\"Dorog\",\"H\u00edrek\"],\"inLanguage\":\"hu\"},{\"@type\":\"WebPage\",\"@id\":\"https:\\\/\\\/dorogimedence.hu\\\/index.php\\\/2024\\\/01\\\/31\\\/energetikai-es-esztetikai-megujulas-az-uszodaban\\\/\",\"url\":\"https:\\\/\\\/dorogimedence.hu\\\/index.php\\\/2024\\\/01\\\/31\\\/energetikai-es-esztetikai-megujulas-az-uszodaban\\\/\",\"name\":\"Energetikai \u00e9s eszt\u00e9tikai meg\u00fajul\u00e1s az uszod\u00e1ban\",\"isPartOf\":{\"@id\":\"https:\\\/\\\/dorogimedence.hu\\\/#website\"},\"primaryImageOfPage\":{\"@id\":\"https:\\\/\\\/dorogimedence.hu\\\/index.php\\\/2024\\\/01\\\/31\\\/energetikai-es-esztetikai-megujulas-az-uszodaban\\\/#primaryimage\"},\"image\":{\"@id\":\"https:\\\/\\\/dorogimedence.hu\\\/index.php\\\/2024\\\/01\\\/31\\\/energetikai-es-esztetikai-megujulas-az-uszodaban\\\/#primaryimage\"},\"thumbnailUrl\":\"https:\\\/\\\/dorogimedence.hu\\\/wp-content\\\/uploads\\\/2024\\\/01\\\/uszoda-felujitas-01.jpg\",\"datePublished\":\"2024-01-31T15:28:49+00:00\",\"breadcrumb\":{\"@id\":\"https:\\\/\\\/dorogimedence.hu\\\/index.php\\\/2024\\\/01\\\/31\\\/energetikai-es-esztetikai-megujulas-az-uszodaban\\\/#breadcrumb\"},\"inLanguage\":\"hu\",\"potentialAction\":[{\"@type\":\"ReadAction\",\"target\":[\"https:\\\/\\\/dorogimedence.hu\\\/index.php\\\/2024\\\/01\\\/31\\\/energetikai-es-esztetikai-megujulas-az-uszodaban\\\/\"]}]},{\"@type\":\"ImageObject\",\"inLanguage\":\"hu\",\"@id\":\"https:\\\/\\\/dorogimedence.hu\\\/index.php\\\/2024\\\/01\\\/31\\\/energetikai-es-esztetikai-megujulas-az-uszodaban\\\/#primaryimage\",\"url\":\"https:\\\/\\\/dorogimedence.hu\\\/wp-content\\\/uploads\\\/2024\\\/01\\\/uszoda-felujitas-01.jpg\",\"contentUrl\":\"https:\\\/\\\/dorogimedence.hu\\\/wp-content\\\/uploads\\\/2024\\\/01\\\/uszoda-felujitas-01.jpg\",\"width\":1920,\"height\":970},{\"@type\":\"BreadcrumbList\",\"@id\":\"https:\\\/\\\/dorogimedence.hu\\\/index.php\\\/2024\\\/01\\\/31\\\/energetikai-es-esztetikai-megujulas-az-uszodaban\\\/#breadcrumb\",\"itemListElement\":[{\"@type\":\"ListItem\",\"position\":1,\"name\":\"Kezd\u0151lap\",\"item\":\"https:\\\/\\\/dorogimedence.hu\\\/\"},{\"@type\":\"ListItem\",\"position\":2,\"name\":\"Energetikai \u00e9s eszt\u00e9tikai meg\u00fajul\u00e1s az uszod\u00e1ban\"}]},{\"@type\":\"WebSite\",\"@id\":\"https:\\\/\\\/dorogimedence.hu\\\/#website\",\"url\":\"https:\\\/\\\/dorogimedence.hu\\\/\",\"name\":\"Dorogi-medence Region\u00e1lis H\u00edrport\u00e1l\",\"description\":\"Dorog, Keszt\u00f6lc, Le\u00e1nyv\u00e1r, Piliscs\u00e9v, Tokod, Tokodalt\u00e1r\u00f3, Csolnok, Esztergom-kertv\u00e1ros: h\u00edrek, programok\",\"publisher\":{\"@id\":\"https:\\\/\\\/dorogimedence.hu\\\/#organization\"},\"potentialAction\":[{\"@type\":\"SearchAction\",\"target\":{\"@type\":\"EntryPoint\",\"urlTemplate\":\"https:\\\/\\\/dorogimedence.hu\\\/?s={search_term_string}\"},\"query-input\":{\"@type\":\"PropertyValueSpecification\",\"valueRequired\":true,\"valueName\":\"search_term_string\"}}],\"inLanguage\":\"hu\"},{\"@type\":\"Organization\",\"@id\":\"https:\\\/\\\/dorogimedence.hu\\\/#organization\",\"name\":\"Dorogi-medence Region\u00e1lis H\u00edrport\u00e1l\",\"url\":\"https:\\\/\\\/dorogimedence.hu\\\/\",\"logo\":{\"@type\":\"ImageObject\",\"inLanguage\":\"hu\",\"@id\":\"https:\\\/\\\/dorogimedence.hu\\\/#\\\/schema\\\/logo\\\/image\\\/\",\"url\":\"https:\\\/\\\/dorogimedence.hu\\\/wp-content\\\/uploads\\\/2021\\\/04\\\/logo-feher-600.png\",\"contentUrl\":\"https:\\\/\\\/dorogimedence.hu\\\/wp-content\\\/uploads\\\/2021\\\/04\\\/logo-feher-600.png\",\"width\":600,\"height\":100,\"caption\":\"Dorogi-medence Region\u00e1lis H\u00edrport\u00e1l\"},\"image\":{\"@id\":\"https:\\\/\\\/dorogimedence.hu\\\/#\\\/schema\\\/logo\\\/image\\\/\"},\"sameAs\":[\"https:\\\/\\\/www.facebook.com\\\/dorogimedence\\\/\"]},{\"@type\":\"Person\",\"@id\":\"https:\\\/\\\/dorogimedence.hu\\\/#\\\/schema\\\/person\\\/ce6091eeb7e95ecdc87890d6aa8e0fd4\",\"name\":\"dorogimedence.hu\",\"image\":{\"@type\":\"ImageObject\",\"inLanguage\":\"hu\",\"@id\":\"\\\/\\\/www.gravatar.com\\\/avatar\\\/d8d45f8901aadff40a4af72c0b826f1d?s=96&#038;r=g&#038;d=mm\",\"url\":\"\\\/\\\/www.gravatar.com\\\/avatar\\\/d8d45f8901aadff40a4af72c0b826f1d?s=96&#038;r=g&#038;d=mm\",\"contentUrl\":\"\\\/\\\/www.gravatar.com\\\/avatar\\\/d8d45f8901aadff40a4af72c0b826f1d?s=96&#038;r=g&#038;d=mm\",\"caption\":\"dorogimedence.hu\"}}]}<\/script>\n<!-- \/ Yoast SEO plugin. -->","yoast_head_json":{"title":"Energetikai \u00e9s eszt\u00e9tikai meg\u00fajul\u00e1s az uszod\u00e1ban","robots":{"index":"index","follow":"follow","max-snippet":"max-snippet:-1","max-image-preview":"max-image-preview:large","max-video-preview":"max-video-preview:-1"},"canonical":"https:\/\/dorogimedence.hu\/index.php\/2024\/01\/31\/energetikai-es-esztetikai-megujulas-az-uszodaban\/","og_locale":"hu_HU","og_type":"article","og_title":"Energetikai \u00e9s eszt\u00e9tikai meg\u00fajul\u00e1s az uszod\u00e1ban","og_description":"A napelemek mellett ki\u00e9p\u00edtik a h\u0151szivatty\u00fas rendszert is a Nipl Stef\u00e1nia Uszod\u00e1ban &#8211; k\u00f6z\u00f6lte a dorogi \u00f6nkorm\u00e1nyzat a honlapj\u00e1n. A Nipl Stef\u00e1nia Uszoda \u00fajranyit\u00e1s\u00e1hoz sz\u00fcks\u00e9ges munk\u00e1latok elv\u00e9gz\u00e9se Dorog V\u00e1ros \u00d6nkorm\u00e1nyzata idei fejleszt\u00e9sei k\u00f6z\u00f6tt kiemelt helyet foglal el. Az \u00e9p\u00fclet energetikai fejleszt\u00e9se mellett az int\u00e9zm\u00e9ny homlokzat\u00e1nak h\u0151szigetel\u00e9se \u00e9s a homlokzat megjelen\u00e9s\u00e9nek eszt\u00e9tikai meg\u00faj\u00edt\u00e1sa szerepel a munk\u00e1latok","og_url":"https:\/\/dorogimedence.hu\/index.php\/2024\/01\/31\/energetikai-es-esztetikai-megujulas-az-uszodaban\/","og_site_name":"Dorogi-medence Region\u00e1lis H\u00edrport\u00e1l","article_publisher":"https:\/\/www.facebook.com\/dorogimedence\/","article_published_time":"2024-01-31T15:28:49+00:00","og_image":[{"width":1920,"height":970,"url":"https:\/\/dorogimedence.hu\/wp-content\/uploads\/2024\/01\/uszoda-felujitas-01.jpg","type":"image\/jpeg"}],"author":"dorogimedence.hu","twitter_card":"summary_large_image","twitter_misc":{"Szerz\u0151:":"dorogimedence.hu","Becs\u00fclt olvas\u00e1si id\u0151":"3 perc"},"schema":{"@context":"https:\/\/schema.org","@graph":[{"@type":"Article","@id":"https:\/\/dorogimedence.hu\/index.php\/2024\/01\/31\/energetikai-es-esztetikai-megujulas-az-uszodaban\/#article","isPartOf":{"@id":"https:\/\/dorogimedence.hu\/index.php\/2024\/01\/31\/energetikai-es-esztetikai-megujulas-az-uszodaban\/"},"author":{"name":"dorogimedence.hu","@id":"https:\/\/dorogimedence.hu\/#\/schema\/person\/ce6091eeb7e95ecdc87890d6aa8e0fd4"},"headline":"Energetikai \u00e9s eszt\u00e9tikai meg\u00fajul\u00e1s az uszod\u00e1ban","datePublished":"2024-01-31T15:28:49+00:00","mainEntityOfPage":{"@id":"https:\/\/dorogimedence.hu\/index.php\/2024\/01\/31\/energetikai-es-esztetikai-megujulas-az-uszodaban\/"},"wordCount":545,"publisher":{"@id":"https:\/\/dorogimedence.hu\/#organization"},"image":{"@id":"https:\/\/dorogimedence.hu\/index.php\/2024\/01\/31\/energetikai-es-esztetikai-megujulas-az-uszodaban\/#primaryimage"},"thumbnailUrl":"https:\/\/dorogimedence.hu\/wp-content\/uploads\/2024\/01\/uszoda-felujitas-01.jpg","keywords":["Dorog","featured","fel\u00faj\u00edt\u00e1s","Nipl Stef\u00e1nia Uszoda","uszoda","uszodafel\u00faj\u00edt\u00e1s"],"articleSection":["Dorog","H\u00edrek"],"inLanguage":"hu"},{"@type":"WebPage","@id":"https:\/\/dorogimedence.hu\/index.php\/2024\/01\/31\/energetikai-es-esztetikai-megujulas-az-uszodaban\/","url":"https:\/\/dorogimedence.hu\/index.php\/2024\/01\/31\/energetikai-es-esztetikai-megujulas-az-uszodaban\/","name":"Energetikai \u00e9s eszt\u00e9tikai meg\u00fajul\u00e1s az uszod\u00e1ban","isPartOf":{"@id":"https:\/\/dorogimedence.hu\/#website"},"primaryImageOfPage":{"@id":"https:\/\/dorogimedence.hu\/index.php\/2024\/01\/31\/energetikai-es-esztetikai-megujulas-az-uszodaban\/#primaryimage"},"image":{"@id":"https:\/\/dorogimedence.hu\/index.php\/2024\/01\/31\/energetikai-es-esztetikai-megujulas-az-uszodaban\/#primaryimage"},"thumbnailUrl":"https:\/\/dorogimedence.hu\/wp-content\/uploads\/2024\/01\/uszoda-felujitas-01.jpg","datePublished":"2024-01-31T15:28:49+00:00","breadcrumb":{"@id":"https:\/\/dorogimedence.hu\/index.php\/2024\/01\/31\/energetikai-es-esztetikai-megujulas-az-uszodaban\/#breadcrumb"},"inLanguage":"hu","potentialAction":[{"@type":"ReadAction","target":["https:\/\/dorogimedence.hu\/index.php\/2024\/01\/31\/energetikai-es-esztetikai-megujulas-az-uszodaban\/"]}]},{"@type":"ImageObject","inLanguage":"hu","@id":"https:\/\/dorogimedence.hu\/index.php\/2024\/01\/31\/energetikai-es-esztetikai-megujulas-az-uszodaban\/#primaryimage","url":"https:\/\/dorogimedence.hu\/wp-content\/uploads\/2024\/01\/uszoda-felujitas-01.jpg","contentUrl":"https:\/\/dorogimedence.hu\/wp-content\/uploads\/2024\/01\/uszoda-felujitas-01.jpg","width":1920,"height":970},{"@type":"BreadcrumbList","@id":"https:\/\/dorogimedence.hu\/index.php\/2024\/01\/31\/energetikai-es-esztetikai-megujulas-az-uszodaban\/#breadcrumb","itemListElement":[{"@type":"ListItem","position":1,"name":"Kezd\u0151lap","item":"https:\/\/dorogimedence.hu\/"},{"@type":"ListItem","position":2,"name":"Energetikai \u00e9s eszt\u00e9tikai meg\u00fajul\u00e1s az uszod\u00e1ban"}]},{"@type":"WebSite","@id":"https:\/\/dorogimedence.hu\/#website","url":"https:\/\/dorogimedence.hu\/","name":"Dorogi-medence Region\u00e1lis H\u00edrport\u00e1l","description":"Dorog, Keszt\u00f6lc, Le\u00e1nyv\u00e1r, Piliscs\u00e9v, Tokod, Tokodalt\u00e1r\u00f3, Csolnok, Esztergom-kertv\u00e1ros: h\u00edrek, programok","publisher":{"@id":"https:\/\/dorogimedence.hu\/#organization"},"potentialAction":[{"@type":"SearchAction","target":{"@type":"EntryPoint","urlTemplate":"https:\/\/dorogimedence.hu\/?s={search_term_string}"},"query-input":{"@type":"PropertyValueSpecification","valueRequired":true,"valueName":"search_term_string"}}],"inLanguage":"hu"},{"@type":"Organization","@id":"https:\/\/dorogimedence.hu\/#organization","name":"Dorogi-medence Region\u00e1lis H\u00edrport\u00e1l","url":"https:\/\/dorogimedence.hu\/","logo":{"@type":"ImageObject","inLanguage":"hu","@id":"https:\/\/dorogimedence.hu\/#\/schema\/logo\/image\/","url":"https:\/\/dorogimedence.hu\/wp-content\/uploads\/2021\/04\/logo-feher-600.png","contentUrl":"https:\/\/dorogimedence.hu\/wp-content\/uploads\/2021\/04\/logo-feher-600.png","width":600,"height":100,"caption":"Dorogi-medence Region\u00e1lis H\u00edrport\u00e1l"},"image":{"@id":"https:\/\/dorogimedence.hu\/#\/schema\/logo\/image\/"},"sameAs":["https:\/\/www.facebook.com\/dorogimedence\/"]},{"@type":"Person","@id":"https:\/\/dorogimedence.hu\/#\/schema\/person\/ce6091eeb7e95ecdc87890d6aa8e0fd4","name":"dorogimedence.hu","image":{"@type":"ImageObject","inLanguage":"hu","@id":"\/\/www.gravatar.com\/avatar\/d8d45f8901aadff40a4af72c0b826f1d?s=96&#038;r=g&#038;d=mm","url":"\/\/www.gravatar.com\/avatar\/d8d45f8901aadff40a4af72c0b826f1d?s=96&#038;r=g&#038;d=mm","contentUrl":"\/\/www.gravatar.com\/avatar\/d8d45f8901aadff40a4af72c0b826f1d?s=96&#038;r=g&#038;d=mm","caption":"dorogimedence.hu"}}]}},"_links":{"self":[{"href":"https:\/\/dorogimedence.hu\/index.php\/wp-json\/wp\/v2\/posts\/59382","targetHints":{"allow":["GET"]}}],"collection":[{"href":"https:\/\/dorogimedence.hu\/index.php\/wp-json\/wp\/v2\/posts"}],"about":[{"href":"https:\/\/dorogimedence.hu\/index.php\/wp-json\/wp\/v2\/types\/post"}],"author":[{"embeddable":true,"href":"https:\/\/dorogimedence.hu\/index.php\/wp-json\/wp\/v2\/users\/1"}],"replies":[{"embeddable":true,"href":"https:\/\/dorogimedence.hu\/index.php\/wp-json\/wp\/v2\/comments?post=59382"}],"version-history":[{"count":0,"href":"https:\/\/dorogimedence.hu\/index.php\/wp-json\/wp\/v2\/posts\/59382\/revisions"}],"wp:featuredmedia":[{"embeddable":true,"href":"https:\/\/dorogimedence.hu\/index.php\/wp-json\/wp\/v2\/media\/59383"}],"wp:attachment":[{"href":"https:\/\/dorogimedence.hu\/index.php\/wp-json\/wp\/v2\/media?parent=59382"}],"wp:term":[{"taxonomy":"category","embeddable":true,"href":"https:\/\/dorogimedence.hu\/index.php\/wp-json\/wp\/v2\/categories?post=59382"},{"taxonomy":"post_tag","embeddable":true,"href":"https:\/\/dorogimedence.hu\/index.php\/wp-json\/wp\/v2\/tags?post=59382"}],"curies":[{"name":"wp","href":"https:\/\/api.w.org\/{rel}","templated":true}]}}