{"id":59275,"date":"2024-01-26T09:29:22","date_gmt":"2024-01-26T08:29:22","guid":{"rendered":"https:\/\/dorogimedence.hu\/?p=59275"},"modified":"2024-01-29T15:55:37","modified_gmt":"2024-01-29T14:55:37","slug":"ismet-sztrajkolnak-a-buszosok-mintegy-25-000-jarat-maradhat-ki","status":"publish","type":"post","link":"https:\/\/dorogimedence.hu\/index.php\/2024\/01\/26\/ismet-sztrajkolnak-a-buszosok-mintegy-25-000-jarat-maradhat-ki\/","title":{"rendered":"Ism\u00e9t sztr\u00e1jkolnak a buszosok, mintegy 25.000 j\u00e1rat maradhat ki"},"content":{"rendered":"<p><strong>Az adventi sztr\u00e1jk ut\u00e1n 2024. janu\u00e1r 28-\u00e1ra \u00e9s 29-\u00e9re ism\u00e9t k\u00e9tnapos munkabesz\u00fcntet\u00e9st hirdetett a Vol\u00e1nbuszn\u00e1l a Szolidarit\u00e1s Aut\u00f3busz-k\u00f6zleked\u00e9si Szakszervezet. Kom\u00e1rom-Esztergom v\u00e1rmegy\u00e9ben t\u00f6bb mint 1.000 helyi \u00e9s helyk\u00f6zi j\u00e1rat maradhat ki a k\u00e9t nap alatt. A v\u00e1rhat\u00f3an nem k\u00f6zleked\u0151 j\u00e1ratok <a href=\"https:\/\/www.volanbusz.hu\/hu\/hirek\/hir\/42017\" target=\"_blank\" rel=\"noopener\"><span style=\"text-decoration: underline; color: #0000ff;\">ide kattintva<\/span><\/a> tekinthet\u0151k meg, valamint az <a href=\"https:\/\/utas.hu\/\" target=\"_blank\" rel=\"noopener\"><span style=\"text-decoration: underline; color: #0000ff;\">utas.hu<\/span><\/a> utaz\u00e1stervez\u0151 oldalon is l\u00e1that\u00f3 a helyk\u00f6zi j\u00e1ratok esetleges \u00e9rintetts\u00e9ge.<\/strong><\/p>\n<p>A M\u00c1V\u2013Vol\u00e1n-csoport vezet\u00e9se id\u00e9n m\u00e1r k\u00e9t alkalommal, janu\u00e1r 16-\u00e1n \u00e9s janu\u00e1r 23-\u00e1n is t\u00e1rgyal\u00f3asztalhoz \u00fclt az \u00e9rdekk\u00e9pviseletekkel. A tulajdonosi aj\u00e1nlat szerint a 2024-2026-os, h\u00e1rom\u00e9ves b\u00e9rfejleszt\u00e9si ciklus alatt a c\u00e9gcsoport munkav\u00e1llal\u00f3inak alapb\u00e9re \u00e1tlagosan legal\u00e1bb 25%-kal n\u00f6vekedne, m\u00edg az els\u0151 \u00e9vben, 2024-ben egys\u00e9gesen havi 70 ezer forinttal n\u0151ne a v\u00e1llalatcsoport minden munkav\u00e1llal\u00f3j\u00e1nak alapb\u00e9re. Ez \u00e1tlagosan 16,8%-os, a Vol\u00e1nbusz aut\u00f3busz-vezet\u0151i eset\u00e9ben 20,5%-os b\u00e9remel\u00e9st jelentene m\u00e1r az idei esztend\u0151ben.<\/p>\n<p>Az \u00e9rdekk\u00e9pviseletek t\u00f6bbs\u00e9ge \u2013 a re\u00e1lb\u00e9r \u00e9rt\u00e9k\u00e9nek meg\u0151rz\u00e9s\u00e9t biztos\u00edt\u00f3 garanci\u00e1k eset\u00e9n \u2013 elfogadhat\u00f3nak tartja a hosszabb t\u00e1vra sz\u00f3l\u00f3 b\u00e9rmeg\u00e1llapod\u00e1st is. E garanci\u00e1k kidolgoz\u00e1s\u00e1ra a munk\u00e1ltat\u00f3i oldal nyitotts\u00e1got mutatott. A SZAKSZ viszont eredm\u00e9nytelennek min\u0151s\u00edtette a b\u00e9rt\u00e1rgyal\u00e1st, \u00e9s 2024. janu\u00e1r 28-\u00e1ra \u00e9s 29-\u00e9re \u00fajabb, k\u00e9tnapos sztr\u00e1jkot hirdetett.<\/p>\n<p>A c\u00e9gcsoport tov\u00e1bbra is elk\u00f6telezett a b\u00e9rekr\u0151l sz\u00f3l\u00f3 megegyez\u00e9s ir\u00e1nt, miel\u0151bb szeretn\u00e9 lez\u00e1rni a t\u00e1rgyal\u00e1sokat, \u00e9s megk\u00f6tni a b\u00e9rmeg\u00e1llapod\u00e1st. A t\u00e1rgyal\u00e1sok a lehet\u0151 leghamarabb folytat\u00f3dnak.<\/p>\n<p>Az indokolatlan sztr\u00e1jk ellen\u00e9re a Vol\u00e1nbusz halad\u00e9ktalanul megkezdte az arra t\u00f6rt\u00e9n\u0151 felk\u00e9sz\u00fcl\u00e9st. A m\u00e9g el\u00e9gs\u00e9ges szolg\u00e1ltat\u00e1snak megfelel\u0151 menetrendet a szem\u00e9lysz\u00e1ll\u00edt\u00e1si t\u00f6rv\u00e9nyben el\u0151\u00edrt hat\u00e1rid\u0151n bel\u00fcl, k\u00e9t nappal a munkabesz\u00fcntet\u00e9s megkezd\u00e9se el\u0151tt nyilv\u00e1noss\u00e1gra hozta. Az el\u00e9gs\u00e9ges szolg\u00e1ltat\u00e1s keret\u00e9ben az els\u0151 nap a helyi j\u00e1ratok <strong>95<\/strong> a helyk\u00f6zi \u00e1ratok <strong>79,6<\/strong>, a m\u00e1sodik nap pedig a helyi j\u00e1ratok <strong>74<\/strong> a helyk\u00f6zi j\u00e1ratok <strong>54,5<\/strong> sz\u00e1zal\u00e9ka biztosan k\u00f6zlekedni fog, ez azt jelenti, hogy a t\u00e1rsas\u00e1g a k\u00e9t nap sor\u00e1n \u00f6sszesen mintegy <strong>3.619<\/strong> helyi \u00e9s <strong>22.995 <\/strong>helyk\u00f6zi kies\u0151 j\u00e1rattal tervez orsz\u00e1gszerte. Amennyiben az adott j\u00e1ratok k\u00f6z\u00fcl az \u00e9rintett aut\u00f3busz-vezet\u0151k nem csatlakoznak a munkabesz\u00fcntet\u00e9shez \u00e9s felveszik a munk\u00e1t, akkor m\u00e9g t\u00f6bb j\u00e1rat k\u00f6zlekedik majd menetrend szerint. A r\u00e9szletes t\u00e1j\u00e9koztat\u00e1s <a href=\"https:\/\/www.volanbusz.hu\/hu\/hirek\/hir\/42017\" target=\"_blank\" rel=\"noopener\"><strong><span style=\"text-decoration: underline; color: #0000ff;\">itt olvashat\u00f3<\/span><\/strong><\/a><a href=\"https:\/\/www.volanbusz.hu\/hu\/hirek\/hir\/42017\">.<\/a> A helyk\u00f6zi aut\u00f3buszj\u00e1ratok esetleges \u00e9rintetts\u00e9g\u00e9t az <span style=\"text-decoration: underline; color: #0000ff;\"><a style=\"color: #0000ff; text-decoration: underline;\" href=\"https:\/\/utas.hu\/\" target=\"_blank\" rel=\"noopener\"><strong>utas.hu<\/strong><\/a><\/span> utaz\u00e1stervez\u0151 oldal is jelzi.<\/p>\n<p>A munkabesz\u00fcntet\u00e9s alatt v\u00e1rhat\u00f3 fennakad\u00e1sok cs\u00f6kkent\u00e9se \u00e9rdekben a M\u00c1V-START nagyobb kapacit\u00e1ssal biztos\u00edtja a szem\u00e9lysz\u00e1ll\u00edt\u00e1si szolg\u00e1ltat\u00e1st a sztr\u00e1jk mindk\u00e9t napj\u00e1n. A Vol\u00e1nbusz javasolja, hogy aki teheti, janu\u00e1r 28-\u00e1n \u00e9s 29-\u00e9n vonattal induljon \u00fatnak. A M\u00c1V-VOL\u00c1Ncsoport mindent megtesz, hogy az utasok min\u00e9l gyorsabban eljuthassanak \u00fati c\u00e9ljukhoz. A fennakad\u00e1sok miatt a c\u00e9gcsoport ism\u00e9t az utasok t\u00fcrelm\u00e9t \u00e9s meg\u00e9rt\u00e9s\u00e9t k\u00e9ri.<\/p>\n<p><em>Forr\u00e1s: VOL\u00c1NBUSZ Zrt. Kommunik\u00e1ci\u00f3s Igazgat\u00f3s\u00e1g<\/em><\/p>\n","protected":false},"excerpt":{"rendered":"<p>Az adventi sztr\u00e1jk ut\u00e1n 2024. janu\u00e1r 28-\u00e1ra \u00e9s 29-\u00e9re ism\u00e9t k\u00e9tnapos munkabesz\u00fcntet\u00e9st hirdetett a Vol\u00e1nbuszn\u00e1l a Szolidarit\u00e1s Aut\u00f3busz-k\u00f6zleked\u00e9si Szakszervezet. Kom\u00e1rom-Esztergom v\u00e1rmegy\u00e9ben t\u00f6bb mint 1.000 helyi \u00e9s helyk\u00f6zi j\u00e1rat maradhat ki a k\u00e9t nap alatt. A v\u00e1rhat\u00f3an nem k\u00f6zleked\u0151 j\u00e1ratok ide kattintva tekinthet\u0151k meg, valamint az utas.hu utaz\u00e1stervez\u0151 oldalon is l\u00e1that\u00f3 a helyk\u00f6zi j\u00e1ratok esetleges \u00e9rintetts\u00e9ge.<\/p>\n","protected":false},"author":1,"featured_media":33997,"comment_status":"closed","ping_status":"closed","sticky":false,"template":"","format":"standard","meta":{"ngg_post_thumbnail":0,"footnotes":""},"categories":[6934,3,56],"tags":[458,1043,6770,1015],"class_list":{"0":"post-59275","1":"post","2":"type-post","3":"status-publish","4":"format-standard","5":"has-post-thumbnail","7":"category-belfold","8":"category-hirek","9":"category-komarom-esztergom","10":"tag-autobusz","11":"tag-busz","12":"tag-sztrajk","13":"tag-volanbusz"},"yoast_head":"<!-- This site is optimized with the Yoast SEO plugin v27.4 - https:\/\/yoast.com\/product\/yoast-seo-wordpress\/ -->\n<title>Ism\u00e9t sztr\u00e1jkolnak a buszosok, mintegy 25.000 j\u00e1rat maradhat ki<\/title>\n<meta name=\"robots\" content=\"index, follow, max-snippet:-1, max-image-preview:large, max-video-preview:-1\" \/>\n<link rel=\"canonical\" href=\"https:\/\/dorogimedence.hu\/index.php\/2024\/01\/26\/ismet-sztrajkolnak-a-buszosok-mintegy-25-000-jarat-maradhat-ki\/\" class=\"yoast-seo-meta-tag\" \/>\n<meta property=\"og:locale\" content=\"hu_HU\" class=\"yoast-seo-meta-tag\" \/>\n<meta property=\"og:type\" content=\"article\" class=\"yoast-seo-meta-tag\" \/>\n<meta property=\"og:title\" content=\"Ism\u00e9t sztr\u00e1jkolnak a buszosok, mintegy 25.000 j\u00e1rat maradhat ki\" class=\"yoast-seo-meta-tag\" \/>\n<meta property=\"og:description\" content=\"Az adventi sztr\u00e1jk ut\u00e1n 2024. janu\u00e1r 28-\u00e1ra \u00e9s 29-\u00e9re ism\u00e9t k\u00e9tnapos munkabesz\u00fcntet\u00e9st hirdetett a Vol\u00e1nbuszn\u00e1l a Szolidarit\u00e1s Aut\u00f3busz-k\u00f6zleked\u00e9si Szakszervezet. Kom\u00e1rom-Esztergom v\u00e1rmegy\u00e9ben t\u00f6bb mint 1.000 helyi \u00e9s helyk\u00f6zi j\u00e1rat maradhat ki a k\u00e9t nap alatt. A v\u00e1rhat\u00f3an nem k\u00f6zleked\u0151 j\u00e1ratok ide kattintva tekinthet\u0151k meg, valamint az utas.hu utaz\u00e1stervez\u0151 oldalon is l\u00e1that\u00f3 a helyk\u00f6zi j\u00e1ratok esetleges \u00e9rintetts\u00e9ge.\" class=\"yoast-seo-meta-tag\" \/>\n<meta property=\"og:url\" content=\"https:\/\/dorogimedence.hu\/index.php\/2024\/01\/26\/ismet-sztrajkolnak-a-buszosok-mintegy-25-000-jarat-maradhat-ki\/\" class=\"yoast-seo-meta-tag\" \/>\n<meta property=\"og:site_name\" content=\"Dorogi-medence Region\u00e1lis H\u00edrport\u00e1l\" class=\"yoast-seo-meta-tag\" \/>\n<meta property=\"article:publisher\" content=\"https:\/\/www.facebook.com\/dorogimedence\/\" class=\"yoast-seo-meta-tag\" \/>\n<meta property=\"article:published_time\" content=\"2024-01-26T08:29:22+00:00\" class=\"yoast-seo-meta-tag\" \/>\n<meta property=\"article:modified_time\" content=\"2024-01-29T14:55:37+00:00\" class=\"yoast-seo-meta-tag\" \/>\n<meta property=\"og:image\" content=\"https:\/\/dorogimedence.hu\/wp-content\/uploads\/2021\/06\/buszatado.jpg\" class=\"yoast-seo-meta-tag\" \/>\n\t<meta property=\"og:image:width\" content=\"1920\" class=\"yoast-seo-meta-tag\" \/>\n\t<meta property=\"og:image:height\" content=\"1234\" class=\"yoast-seo-meta-tag\" \/>\n\t<meta property=\"og:image:type\" content=\"image\/jpeg\" class=\"yoast-seo-meta-tag\" \/>\n<meta name=\"author\" content=\"dorogimedence.hu\" class=\"yoast-seo-meta-tag\" \/>\n<meta name=\"twitter:card\" content=\"summary_large_image\" class=\"yoast-seo-meta-tag\" \/>\n<meta name=\"twitter:label1\" content=\"Szerz\u0151:\" class=\"yoast-seo-meta-tag\" \/>\n\t<meta name=\"twitter:data1\" content=\"dorogimedence.hu\" class=\"yoast-seo-meta-tag\" \/>\n\t<meta name=\"twitter:label2\" content=\"Becs\u00fclt olvas\u00e1si id\u0151\" class=\"yoast-seo-meta-tag\" \/>\n\t<meta name=\"twitter:data2\" content=\"3 perc\" class=\"yoast-seo-meta-tag\" \/>\n<script type=\"application\/ld+json\" class=\"yoast-schema-graph\">{\"@context\":\"https:\\\/\\\/schema.org\",\"@graph\":[{\"@type\":\"Article\",\"@id\":\"https:\\\/\\\/dorogimedence.hu\\\/index.php\\\/2024\\\/01\\\/26\\\/ismet-sztrajkolnak-a-buszosok-mintegy-25-000-jarat-maradhat-ki\\\/#article\",\"isPartOf\":{\"@id\":\"https:\\\/\\\/dorogimedence.hu\\\/index.php\\\/2024\\\/01\\\/26\\\/ismet-sztrajkolnak-a-buszosok-mintegy-25-000-jarat-maradhat-ki\\\/\"},\"author\":{\"name\":\"dorogimedence.hu\",\"@id\":\"https:\\\/\\\/dorogimedence.hu\\\/#\\\/schema\\\/person\\\/ce6091eeb7e95ecdc87890d6aa8e0fd4\"},\"headline\":\"Ism\u00e9t sztr\u00e1jkolnak a buszosok, mintegy 25.000 j\u00e1rat maradhat ki\",\"datePublished\":\"2024-01-26T08:29:22+00:00\",\"dateModified\":\"2024-01-29T14:55:37+00:00\",\"mainEntityOfPage\":{\"@id\":\"https:\\\/\\\/dorogimedence.hu\\\/index.php\\\/2024\\\/01\\\/26\\\/ismet-sztrajkolnak-a-buszosok-mintegy-25-000-jarat-maradhat-ki\\\/\"},\"wordCount\":620,\"publisher\":{\"@id\":\"https:\\\/\\\/dorogimedence.hu\\\/#organization\"},\"image\":{\"@id\":\"https:\\\/\\\/dorogimedence.hu\\\/index.php\\\/2024\\\/01\\\/26\\\/ismet-sztrajkolnak-a-buszosok-mintegy-25-000-jarat-maradhat-ki\\\/#primaryimage\"},\"thumbnailUrl\":\"https:\\\/\\\/dorogimedence.hu\\\/wp-content\\\/uploads\\\/2021\\\/06\\\/buszatado.jpg\",\"keywords\":[\"aut\u00f3busz\",\"busz\",\"sztr\u00e1jk\",\"vol\u00e1nbusz\"],\"articleSection\":[\"Belf\u00f6ld, Gazdas\u00e1g\",\"H\u00edrek\",\"Kom\u00e1rom-Esztergom\"],\"inLanguage\":\"hu\"},{\"@type\":\"WebPage\",\"@id\":\"https:\\\/\\\/dorogimedence.hu\\\/index.php\\\/2024\\\/01\\\/26\\\/ismet-sztrajkolnak-a-buszosok-mintegy-25-000-jarat-maradhat-ki\\\/\",\"url\":\"https:\\\/\\\/dorogimedence.hu\\\/index.php\\\/2024\\\/01\\\/26\\\/ismet-sztrajkolnak-a-buszosok-mintegy-25-000-jarat-maradhat-ki\\\/\",\"name\":\"Ism\u00e9t sztr\u00e1jkolnak a buszosok, mintegy 25.000 j\u00e1rat maradhat ki\",\"isPartOf\":{\"@id\":\"https:\\\/\\\/dorogimedence.hu\\\/#website\"},\"primaryImageOfPage\":{\"@id\":\"https:\\\/\\\/dorogimedence.hu\\\/index.php\\\/2024\\\/01\\\/26\\\/ismet-sztrajkolnak-a-buszosok-mintegy-25-000-jarat-maradhat-ki\\\/#primaryimage\"},\"image\":{\"@id\":\"https:\\\/\\\/dorogimedence.hu\\\/index.php\\\/2024\\\/01\\\/26\\\/ismet-sztrajkolnak-a-buszosok-mintegy-25-000-jarat-maradhat-ki\\\/#primaryimage\"},\"thumbnailUrl\":\"https:\\\/\\\/dorogimedence.hu\\\/wp-content\\\/uploads\\\/2021\\\/06\\\/buszatado.jpg\",\"datePublished\":\"2024-01-26T08:29:22+00:00\",\"dateModified\":\"2024-01-29T14:55:37+00:00\",\"breadcrumb\":{\"@id\":\"https:\\\/\\\/dorogimedence.hu\\\/index.php\\\/2024\\\/01\\\/26\\\/ismet-sztrajkolnak-a-buszosok-mintegy-25-000-jarat-maradhat-ki\\\/#breadcrumb\"},\"inLanguage\":\"hu\",\"potentialAction\":[{\"@type\":\"ReadAction\",\"target\":[\"https:\\\/\\\/dorogimedence.hu\\\/index.php\\\/2024\\\/01\\\/26\\\/ismet-sztrajkolnak-a-buszosok-mintegy-25-000-jarat-maradhat-ki\\\/\"]}]},{\"@type\":\"ImageObject\",\"inLanguage\":\"hu\",\"@id\":\"https:\\\/\\\/dorogimedence.hu\\\/index.php\\\/2024\\\/01\\\/26\\\/ismet-sztrajkolnak-a-buszosok-mintegy-25-000-jarat-maradhat-ki\\\/#primaryimage\",\"url\":\"https:\\\/\\\/dorogimedence.hu\\\/wp-content\\\/uploads\\\/2021\\\/06\\\/buszatado.jpg\",\"contentUrl\":\"https:\\\/\\\/dorogimedence.hu\\\/wp-content\\\/uploads\\\/2021\\\/06\\\/buszatado.jpg\",\"width\":1920,\"height\":1234},{\"@type\":\"BreadcrumbList\",\"@id\":\"https:\\\/\\\/dorogimedence.hu\\\/index.php\\\/2024\\\/01\\\/26\\\/ismet-sztrajkolnak-a-buszosok-mintegy-25-000-jarat-maradhat-ki\\\/#breadcrumb\",\"itemListElement\":[{\"@type\":\"ListItem\",\"position\":1,\"name\":\"Kezd\u0151lap\",\"item\":\"https:\\\/\\\/dorogimedence.hu\\\/\"},{\"@type\":\"ListItem\",\"position\":2,\"name\":\"Ism\u00e9t sztr\u00e1jkolnak a buszosok, mintegy 25.000 j\u00e1rat maradhat ki\"}]},{\"@type\":\"WebSite\",\"@id\":\"https:\\\/\\\/dorogimedence.hu\\\/#website\",\"url\":\"https:\\\/\\\/dorogimedence.hu\\\/\",\"name\":\"Dorogi-medence Region\u00e1lis H\u00edrport\u00e1l\",\"description\":\"Dorog, Keszt\u00f6lc, Le\u00e1nyv\u00e1r, Piliscs\u00e9v, Tokod, Tokodalt\u00e1r\u00f3, Csolnok, Esztergom-kertv\u00e1ros: h\u00edrek, programok\",\"publisher\":{\"@id\":\"https:\\\/\\\/dorogimedence.hu\\\/#organization\"},\"potentialAction\":[{\"@type\":\"SearchAction\",\"target\":{\"@type\":\"EntryPoint\",\"urlTemplate\":\"https:\\\/\\\/dorogimedence.hu\\\/?s={search_term_string}\"},\"query-input\":{\"@type\":\"PropertyValueSpecification\",\"valueRequired\":true,\"valueName\":\"search_term_string\"}}],\"inLanguage\":\"hu\"},{\"@type\":\"Organization\",\"@id\":\"https:\\\/\\\/dorogimedence.hu\\\/#organization\",\"name\":\"Dorogi-medence Region\u00e1lis H\u00edrport\u00e1l\",\"url\":\"https:\\\/\\\/dorogimedence.hu\\\/\",\"logo\":{\"@type\":\"ImageObject\",\"inLanguage\":\"hu\",\"@id\":\"https:\\\/\\\/dorogimedence.hu\\\/#\\\/schema\\\/logo\\\/image\\\/\",\"url\":\"https:\\\/\\\/dorogimedence.hu\\\/wp-content\\\/uploads\\\/2021\\\/04\\\/logo-feher-600.png\",\"contentUrl\":\"https:\\\/\\\/dorogimedence.hu\\\/wp-content\\\/uploads\\\/2021\\\/04\\\/logo-feher-600.png\",\"width\":600,\"height\":100,\"caption\":\"Dorogi-medence Region\u00e1lis H\u00edrport\u00e1l\"},\"image\":{\"@id\":\"https:\\\/\\\/dorogimedence.hu\\\/#\\\/schema\\\/logo\\\/image\\\/\"},\"sameAs\":[\"https:\\\/\\\/www.facebook.com\\\/dorogimedence\\\/\"]},{\"@type\":\"Person\",\"@id\":\"https:\\\/\\\/dorogimedence.hu\\\/#\\\/schema\\\/person\\\/ce6091eeb7e95ecdc87890d6aa8e0fd4\",\"name\":\"dorogimedence.hu\",\"image\":{\"@type\":\"ImageObject\",\"inLanguage\":\"hu\",\"@id\":\"\\\/\\\/www.gravatar.com\\\/avatar\\\/d8d45f8901aadff40a4af72c0b826f1d?s=96&#038;r=g&#038;d=mm\",\"url\":\"\\\/\\\/www.gravatar.com\\\/avatar\\\/d8d45f8901aadff40a4af72c0b826f1d?s=96&#038;r=g&#038;d=mm\",\"contentUrl\":\"\\\/\\\/www.gravatar.com\\\/avatar\\\/d8d45f8901aadff40a4af72c0b826f1d?s=96&#038;r=g&#038;d=mm\",\"caption\":\"dorogimedence.hu\"}}]}<\/script>\n<!-- \/ Yoast SEO plugin. -->","yoast_head_json":{"title":"Ism\u00e9t sztr\u00e1jkolnak a buszosok, mintegy 25.000 j\u00e1rat maradhat ki","robots":{"index":"index","follow":"follow","max-snippet":"max-snippet:-1","max-image-preview":"max-image-preview:large","max-video-preview":"max-video-preview:-1"},"canonical":"https:\/\/dorogimedence.hu\/index.php\/2024\/01\/26\/ismet-sztrajkolnak-a-buszosok-mintegy-25-000-jarat-maradhat-ki\/","og_locale":"hu_HU","og_type":"article","og_title":"Ism\u00e9t sztr\u00e1jkolnak a buszosok, mintegy 25.000 j\u00e1rat maradhat ki","og_description":"Az adventi sztr\u00e1jk ut\u00e1n 2024. janu\u00e1r 28-\u00e1ra \u00e9s 29-\u00e9re ism\u00e9t k\u00e9tnapos munkabesz\u00fcntet\u00e9st hirdetett a Vol\u00e1nbuszn\u00e1l a Szolidarit\u00e1s Aut\u00f3busz-k\u00f6zleked\u00e9si Szakszervezet. Kom\u00e1rom-Esztergom v\u00e1rmegy\u00e9ben t\u00f6bb mint 1.000 helyi \u00e9s helyk\u00f6zi j\u00e1rat maradhat ki a k\u00e9t nap alatt. A v\u00e1rhat\u00f3an nem k\u00f6zleked\u0151 j\u00e1ratok ide kattintva tekinthet\u0151k meg, valamint az utas.hu utaz\u00e1stervez\u0151 oldalon is l\u00e1that\u00f3 a helyk\u00f6zi j\u00e1ratok esetleges \u00e9rintetts\u00e9ge.","og_url":"https:\/\/dorogimedence.hu\/index.php\/2024\/01\/26\/ismet-sztrajkolnak-a-buszosok-mintegy-25-000-jarat-maradhat-ki\/","og_site_name":"Dorogi-medence Region\u00e1lis H\u00edrport\u00e1l","article_publisher":"https:\/\/www.facebook.com\/dorogimedence\/","article_published_time":"2024-01-26T08:29:22+00:00","article_modified_time":"2024-01-29T14:55:37+00:00","og_image":[{"width":1920,"height":1234,"url":"https:\/\/dorogimedence.hu\/wp-content\/uploads\/2021\/06\/buszatado.jpg","type":"image\/jpeg"}],"author":"dorogimedence.hu","twitter_card":"summary_large_image","twitter_misc":{"Szerz\u0151:":"dorogimedence.hu","Becs\u00fclt olvas\u00e1si id\u0151":"3 perc"},"schema":{"@context":"https:\/\/schema.org","@graph":[{"@type":"Article","@id":"https:\/\/dorogimedence.hu\/index.php\/2024\/01\/26\/ismet-sztrajkolnak-a-buszosok-mintegy-25-000-jarat-maradhat-ki\/#article","isPartOf":{"@id":"https:\/\/dorogimedence.hu\/index.php\/2024\/01\/26\/ismet-sztrajkolnak-a-buszosok-mintegy-25-000-jarat-maradhat-ki\/"},"author":{"name":"dorogimedence.hu","@id":"https:\/\/dorogimedence.hu\/#\/schema\/person\/ce6091eeb7e95ecdc87890d6aa8e0fd4"},"headline":"Ism\u00e9t sztr\u00e1jkolnak a buszosok, mintegy 25.000 j\u00e1rat maradhat ki","datePublished":"2024-01-26T08:29:22+00:00","dateModified":"2024-01-29T14:55:37+00:00","mainEntityOfPage":{"@id":"https:\/\/dorogimedence.hu\/index.php\/2024\/01\/26\/ismet-sztrajkolnak-a-buszosok-mintegy-25-000-jarat-maradhat-ki\/"},"wordCount":620,"publisher":{"@id":"https:\/\/dorogimedence.hu\/#organization"},"image":{"@id":"https:\/\/dorogimedence.hu\/index.php\/2024\/01\/26\/ismet-sztrajkolnak-a-buszosok-mintegy-25-000-jarat-maradhat-ki\/#primaryimage"},"thumbnailUrl":"https:\/\/dorogimedence.hu\/wp-content\/uploads\/2021\/06\/buszatado.jpg","keywords":["aut\u00f3busz","busz","sztr\u00e1jk","vol\u00e1nbusz"],"articleSection":["Belf\u00f6ld, Gazdas\u00e1g","H\u00edrek","Kom\u00e1rom-Esztergom"],"inLanguage":"hu"},{"@type":"WebPage","@id":"https:\/\/dorogimedence.hu\/index.php\/2024\/01\/26\/ismet-sztrajkolnak-a-buszosok-mintegy-25-000-jarat-maradhat-ki\/","url":"https:\/\/dorogimedence.hu\/index.php\/2024\/01\/26\/ismet-sztrajkolnak-a-buszosok-mintegy-25-000-jarat-maradhat-ki\/","name":"Ism\u00e9t sztr\u00e1jkolnak a buszosok, mintegy 25.000 j\u00e1rat maradhat ki","isPartOf":{"@id":"https:\/\/dorogimedence.hu\/#website"},"primaryImageOfPage":{"@id":"https:\/\/dorogimedence.hu\/index.php\/2024\/01\/26\/ismet-sztrajkolnak-a-buszosok-mintegy-25-000-jarat-maradhat-ki\/#primaryimage"},"image":{"@id":"https:\/\/dorogimedence.hu\/index.php\/2024\/01\/26\/ismet-sztrajkolnak-a-buszosok-mintegy-25-000-jarat-maradhat-ki\/#primaryimage"},"thumbnailUrl":"https:\/\/dorogimedence.hu\/wp-content\/uploads\/2021\/06\/buszatado.jpg","datePublished":"2024-01-26T08:29:22+00:00","dateModified":"2024-01-29T14:55:37+00:00","breadcrumb":{"@id":"https:\/\/dorogimedence.hu\/index.php\/2024\/01\/26\/ismet-sztrajkolnak-a-buszosok-mintegy-25-000-jarat-maradhat-ki\/#breadcrumb"},"inLanguage":"hu","potentialAction":[{"@type":"ReadAction","target":["https:\/\/dorogimedence.hu\/index.php\/2024\/01\/26\/ismet-sztrajkolnak-a-buszosok-mintegy-25-000-jarat-maradhat-ki\/"]}]},{"@type":"ImageObject","inLanguage":"hu","@id":"https:\/\/dorogimedence.hu\/index.php\/2024\/01\/26\/ismet-sztrajkolnak-a-buszosok-mintegy-25-000-jarat-maradhat-ki\/#primaryimage","url":"https:\/\/dorogimedence.hu\/wp-content\/uploads\/2021\/06\/buszatado.jpg","contentUrl":"https:\/\/dorogimedence.hu\/wp-content\/uploads\/2021\/06\/buszatado.jpg","width":1920,"height":1234},{"@type":"BreadcrumbList","@id":"https:\/\/dorogimedence.hu\/index.php\/2024\/01\/26\/ismet-sztrajkolnak-a-buszosok-mintegy-25-000-jarat-maradhat-ki\/#breadcrumb","itemListElement":[{"@type":"ListItem","position":1,"name":"Kezd\u0151lap","item":"https:\/\/dorogimedence.hu\/"},{"@type":"ListItem","position":2,"name":"Ism\u00e9t sztr\u00e1jkolnak a buszosok, mintegy 25.000 j\u00e1rat maradhat ki"}]},{"@type":"WebSite","@id":"https:\/\/dorogimedence.hu\/#website","url":"https:\/\/dorogimedence.hu\/","name":"Dorogi-medence Region\u00e1lis H\u00edrport\u00e1l","description":"Dorog, Keszt\u00f6lc, Le\u00e1nyv\u00e1r, Piliscs\u00e9v, Tokod, Tokodalt\u00e1r\u00f3, Csolnok, Esztergom-kertv\u00e1ros: h\u00edrek, programok","publisher":{"@id":"https:\/\/dorogimedence.hu\/#organization"},"potentialAction":[{"@type":"SearchAction","target":{"@type":"EntryPoint","urlTemplate":"https:\/\/dorogimedence.hu\/?s={search_term_string}"},"query-input":{"@type":"PropertyValueSpecification","valueRequired":true,"valueName":"search_term_string"}}],"inLanguage":"hu"},{"@type":"Organization","@id":"https:\/\/dorogimedence.hu\/#organization","name":"Dorogi-medence Region\u00e1lis H\u00edrport\u00e1l","url":"https:\/\/dorogimedence.hu\/","logo":{"@type":"ImageObject","inLanguage":"hu","@id":"https:\/\/dorogimedence.hu\/#\/schema\/logo\/image\/","url":"https:\/\/dorogimedence.hu\/wp-content\/uploads\/2021\/04\/logo-feher-600.png","contentUrl":"https:\/\/dorogimedence.hu\/wp-content\/uploads\/2021\/04\/logo-feher-600.png","width":600,"height":100,"caption":"Dorogi-medence Region\u00e1lis H\u00edrport\u00e1l"},"image":{"@id":"https:\/\/dorogimedence.hu\/#\/schema\/logo\/image\/"},"sameAs":["https:\/\/www.facebook.com\/dorogimedence\/"]},{"@type":"Person","@id":"https:\/\/dorogimedence.hu\/#\/schema\/person\/ce6091eeb7e95ecdc87890d6aa8e0fd4","name":"dorogimedence.hu","image":{"@type":"ImageObject","inLanguage":"hu","@id":"\/\/www.gravatar.com\/avatar\/d8d45f8901aadff40a4af72c0b826f1d?s=96&#038;r=g&#038;d=mm","url":"\/\/www.gravatar.com\/avatar\/d8d45f8901aadff40a4af72c0b826f1d?s=96&#038;r=g&#038;d=mm","contentUrl":"\/\/www.gravatar.com\/avatar\/d8d45f8901aadff40a4af72c0b826f1d?s=96&#038;r=g&#038;d=mm","caption":"dorogimedence.hu"}}]}},"_links":{"self":[{"href":"https:\/\/dorogimedence.hu\/index.php\/wp-json\/wp\/v2\/posts\/59275","targetHints":{"allow":["GET"]}}],"collection":[{"href":"https:\/\/dorogimedence.hu\/index.php\/wp-json\/wp\/v2\/posts"}],"about":[{"href":"https:\/\/dorogimedence.hu\/index.php\/wp-json\/wp\/v2\/types\/post"}],"author":[{"embeddable":true,"href":"https:\/\/dorogimedence.hu\/index.php\/wp-json\/wp\/v2\/users\/1"}],"replies":[{"embeddable":true,"href":"https:\/\/dorogimedence.hu\/index.php\/wp-json\/wp\/v2\/comments?post=59275"}],"version-history":[{"count":0,"href":"https:\/\/dorogimedence.hu\/index.php\/wp-json\/wp\/v2\/posts\/59275\/revisions"}],"wp:featuredmedia":[{"embeddable":true,"href":"https:\/\/dorogimedence.hu\/index.php\/wp-json\/wp\/v2\/media\/33997"}],"wp:attachment":[{"href":"https:\/\/dorogimedence.hu\/index.php\/wp-json\/wp\/v2\/media?parent=59275"}],"wp:term":[{"taxonomy":"category","embeddable":true,"href":"https:\/\/dorogimedence.hu\/index.php\/wp-json\/wp\/v2\/categories?post=59275"},{"taxonomy":"post_tag","embeddable":true,"href":"https:\/\/dorogimedence.hu\/index.php\/wp-json\/wp\/v2\/tags?post=59275"}],"curies":[{"name":"wp","href":"https:\/\/api.w.org\/{rel}","templated":true}]}}