{"id":59192,"date":"2024-01-22T15:42:47","date_gmt":"2024-01-22T14:42:47","guid":{"rendered":"https:\/\/dorogimedence.hu\/?p=59192"},"modified":"2024-01-22T15:42:47","modified_gmt":"2024-01-22T14:42:47","slug":"a-kedd-reggeli-csucsforgalom-ideje-alatt-csaphat-le-az-onos-eso","status":"publish","type":"post","link":"https:\/\/dorogimedence.hu\/index.php\/2024\/01\/22\/a-kedd-reggeli-csucsforgalom-ideje-alatt-csaphat-le-az-onos-eso\/","title":{"rendered":"A kedd reggeli cs\u00facsforgalom ideje alatt csaphat le az \u00f3nos es\u0151"},"content":{"rendered":"<p><strong>A v\u00e1ltoz\u00e9kony t\u00e9li id\u0151j\u00e1r\u00e1s kedden \u00fajra lecsap az orsz\u00e1g t\u00f6bb t\u00e9rs\u00e9g\u00e9ben. A legfrissebb el\u0151rejelz\u00e9sek alapj\u00e1n kedd kora hajnalt\u00f3l a d\u00e9lel\u0151tti \u00f3r\u00e1kig az \u00e9szakkeleti t\u00e1jak kiv\u00e9tel\u00e9vel \u00f3nos es\u0151 vonul v\u00e9gig az orsz\u00e1gon. A legt\u00f6bb \u00f3nos es\u0151 Veszpr\u00e9m, Fej\u00e9r \u00e9s Pest v\u00e1rmegy\u00e9ben v\u00e1rhat\u00f3. A Magyar K\u00f6z\u00fat, ahol lehet, ott megel\u0151z\u0151 s\u00f3sz\u00f3r\u00e1st v\u00e9gez, de \u00f3nos es\u0151 idej\u00e9n, ha folyamatosan hullik ez a csapad\u00e9kforma, akkor k\u00f6nnyen lemoshatja a burkolatra kijuttatott s\u00edkoss\u00e1gmentes\u00edt\u0151 anyagokat, \u00edgy hat\u00e9konyan csak annak el\u00e1llta ut\u00e1n tudnak beavatkozni a szakemberek. Ez\u00e9rt a k\u00f6z\u00fatkezel\u0151 fokozott \u00f3vatoss\u00e1got k\u00e9r a k\u00f6zleked\u0151kt\u0151l.<\/strong><\/p>\n<p>A legfrissebb meteorol\u00f3giai el\u0151rejelz\u00e9sek alapj\u00e1n kedd kora hajnalt\u00f3l \u00e9szaknyugat fel\u0151l olyan csapad\u00e9kz\u00f3na \u00e9rkezik, amely \u00f3nos es\u0151t hoz mag\u00e1val. Jelen \u00e1ll\u00e1s szerint kedd kora d\u00e9lel\u0151ttig az \u00e9szakkeleti v\u00e1rmegy\u00e9k kiv\u00e9tel\u00e9vel nagy ter\u00fcleten v\u00e1rhat\u00f3 majd \u00f3nos es\u0151. A legt\u00f6bb Veszpr\u00e9m, Fej\u00e9r \u00e9s Pest v\u00e1rmegy\u00e9kben v\u00e1rhat\u00f3, itt vastagabb j\u00e9gp\u00e1nc\u00e9l is k\u00e9pz\u0151dhet.<\/p>\n<h4>Mit lehet tud az \u00f3nos es\u0151 kapcs\u00e1n a v\u00e9dekez\u00e9si munk\u00e1kr\u00f3l?<\/h4>\n<ul>\n<li>Ahol van r\u00e1 lehet\u0151s\u00e9g, ott megel\u0151z\u0151, azaz prevent\u00edv s\u00edkoss\u00e1gmentes\u00edt\u00e9si munk\u00e1kat v\u00e9gez a Magyar K\u00f6z\u00fat \u00fatsz\u00f3r\u00f3 s\u00f3 \u00e9s k\u00e1lcium-klorid oldat felhaszn\u00e1l\u00e1s\u00e1val. Sz\u00e1raz id\u0151 eset\u00e9n az el\u0151bbit, csapad\u00e9kos id\u0151ben pedig ut\u00f3bbit haszn\u00e1lj\u00e1k, hogy az aut\u00f3k menetszele ne hordja le a kijuttatott anyagokat.<\/li>\n<li>0-24 \u00f3r\u00e1ban, 12 \u00f3r\u00e1s v\u00e1ltott m\u0171szakokban dolgoznak a szakemberek, 80 m\u00e9rn\u00f6ks\u00e9gr\u0151l, azaz telephelyr\u0151l ind\u00edthatj\u00e1k el a munkag\u00e9peket a 31 ezer kilom\u00e9teres orsz\u00e1gos k\u00f6z\u00fath\u00e1l\u00f3zatra.<\/li>\n<li>Ha az id\u0151j\u00e1r\u00e1s es\u0151z\u00e9sb\u0151l v\u00e1lt \u00f3nos es\u0151re, akkor az el\u0151zetesen kijuttatott anyagokat is lemoshatja a csapad\u00e9k a burkolatr\u00f3l.<\/li>\n<li>Intenz\u00edv \u00f3nos es\u0151 idej\u00e9n a kor\u00e1bban kijuttatott \u00e9s folyamatosan p\u00f3tolt s\u00edkoss\u00e1gmentes\u00edt\u0151 anyagokat szint\u00e9n lemoshatja a csapad\u00e9k. Az \u00f3nos es\u0151 ahogy f\u00f6ldet, burkolatot, t\u00e1rgyat \u00e9r, azonnal lefagy, \u00edgy a s\u00edkoss\u00e1gmentes\u00edt\u00e9s is hosszabb id\u0151t vesz ig\u00e9nybe.<\/li>\n<li>\u00d3nos es\u0151 idej\u00e9n a K\u00f6z\u00fat t\u00f6bb t\u00edztonn\u00e1s munkag\u00e9pei is lassabban k\u00f6zlekedhetnek, \u00edgy egy-egy s\u00edkoss\u00e1gmentes\u00edt\u00e9si fordul\u00f3k\u00f6r 2-4 \u00f3ra is lehet, amely id\u0151 alatt \u00fajabb \u00e9s \u00fajabb s\u00f3sz\u00f3r\u00e1si munk\u00e1k sz\u00fcks\u00e9gesek.<\/li>\n<li>A szakemberek els\u0151 k\u00f6rben a gyorsforgalmi-, majd a f\u0151-, v\u00e9g\u00fcl a mell\u00e9kutakon avatkoznak be. Az aut\u00f3p\u00e1ly\u00e1k koncesszi\u00f3s t\u00e1rsas\u00e1gokhoz, a belter\u00fcleti utak, k\u00f6zter\u00fcletek az \u00f6nkorm\u00e1nyzatokhoz tartoznak.<\/li>\n<\/ul>\n<p><strong>Teh\u00e1t a Magyar K\u00f6z\u00fat folyamatos munkav\u00e9gz\u00e9se mellett is id\u0151szakosan lehetnek olyan id\u0151szakok, amikor intenz\u00edv \u00f3nos es\u0151 idej\u00e9n cs\u00faszhat a burkolat, ez\u00e9rt a szakemberek az al\u00e1bbiakban k\u00e9rik a k\u00f6zleked\u0151k seg\u00edts\u00e9g\u00e9t:<\/strong><\/p>\n<ul>\n<li>\u00d3nos es\u0151vel \u00e9rintett ter\u00fcleten csak akkor induljanak el, ha halaszthatatlan teend\u0151j\u00fck van. Ha tehetik, halassz\u00e1k el ink\u00e1bb utaz\u00e1sukat, f\u0151leg azok, akik ritk\u00e1n haszn\u00e1lj\u00e1k j\u00e1rm\u0171v\u00fcket, bizonytalanok vagy kev\u00e9sb\u00e9 rutinos sof\u0151r\u00f6k.<\/li>\n<li>Ha mindenk\u00e9ppen \u00fatra kell kelni\u00fck, csak olyan j\u00e1rm\u0171vel induljanak el, amely megfelel\u0151 m\u0171szaki \u00e1llapotban van \u00e9s t\u00e9li gumival van felszerelve.<\/li>\n<li>T\u00f6lts\u00e9k fel t\u00e9li ablakmos\u00f3 folyad\u00e9kkal j\u00e1rm\u0171v\u00fcket, mivel sok esetben az \u00f3nos es\u0151 azonnal a sz\u00e9lv\u00e9d\u0151re fagy \u00e9s csak mos\u00f3folyad\u00e9kkal egy\u00fctt lehet j\u00e9gmentes\u00edteni.<\/li>\n<li>Ne t\u00e9vessze meg az aut\u00f3sokat, hogy az \u00f3nos es\u0151vel \u00e9rintett ter\u00fcleteken a burkolat nem felt\u00e9tlen\u00fcl jegesnek, hanem csak nedvesnek t\u0171nhet.<\/li>\n<li>Vezessenek a szok\u00e1sosn\u00e1l is lassabban, \u00f3vatosabban, az \u00fat- \u00e9s l\u00e1t\u00e1si viszonyoknak megfelel\u0151en!<\/li>\n<li>Tartsanak a megszokottn\u00e1l j\u00f3val nagyobb k\u00f6vet\u00e9si t\u00e1vols\u00e1got, hogy az utol\u00e9r\u00e9ses balesetek elker\u00fclhet\u0151ek legyenek.<\/li>\n<li>Vezet\u00e9s k\u00f6zben csak \u00e9s kiz\u00e1r\u00f3lag az \u00fatra, a t\u00f6bbi k\u00f6zleked\u0151re figyeljenek, \u00e9s ne csak a k\u00f6zvetlen el\u0151tt\u00fck halad\u00f3kra!<\/li>\n<li>Utaz\u00e1s el\u0151tt mindenk\u00e9ppen t\u00e1j\u00e9koz\u00f3djanak az aktu\u00e1lis forgalmi helyzetr\u0151l, \u00fatviszonyokr\u00f3l a <a href=\"http:\/\/www.utinform.hu\" target=\"_blank\" rel=\"noopener\"><span style=\"text-decoration: underline; color: #0000ff;\">www.utinform.hu<\/span><\/a> oldalon.<\/li>\n<\/ul>\n<p>Hogy pontosan mi is az az \u00f3nos es\u0151 \u00e9s hogyan lehet ellene v\u00e9dekezni, az megtudhat\u00f3 a Magyar K\u00f6z\u00fat egyik kor\u00e1bbi vide\u00f3j\u00e1b\u00f3l:<\/p>\n<p><iframe title=\"Mi is az \u00f3nos es\u0151? T\u00e9nyleg \u00f3n hullik ilyenkor az \u00e9gb\u0151l?\" width=\"755\" height=\"425\" src=\"https:\/\/www.youtube.com\/embed\/1SunhBMis1E?feature=oembed\" frameborder=\"0\" allow=\"accelerometer; autoplay; clipboard-write; encrypted-media; gyroscope; picture-in-picture; web-share\" referrerpolicy=\"strict-origin-when-cross-origin\" allowfullscreen><\/iframe><\/p>\n<p><strong>Forr\u00e1s: Magyar K\u00f6z\u00fat Nonprofit Zrt. <\/strong><strong>Kommunik\u00e1ci\u00f3s oszt\u00e1ly<\/strong><\/p>\n","protected":false},"excerpt":{"rendered":"<p>A v\u00e1ltoz\u00e9kony t\u00e9li id\u0151j\u00e1r\u00e1s kedden \u00fajra lecsap az orsz\u00e1g t\u00f6bb t\u00e9rs\u00e9g\u00e9ben. A legfrissebb el\u0151rejelz\u00e9sek alapj\u00e1n kedd kora hajnalt\u00f3l a d\u00e9lel\u0151tti \u00f3r\u00e1kig az \u00e9szakkeleti t\u00e1jak kiv\u00e9tel\u00e9vel \u00f3nos es\u0151 vonul v\u00e9gig az orsz\u00e1gon. A legt\u00f6bb \u00f3nos es\u0151 Veszpr\u00e9m, Fej\u00e9r \u00e9s Pest v\u00e1rmegy\u00e9ben v\u00e1rhat\u00f3. A Magyar K\u00f6z\u00fat, ahol lehet, ott megel\u0151z\u0151 s\u00f3sz\u00f3r\u00e1st v\u00e9gez, de \u00f3nos es\u0151 idej\u00e9n, ha<\/p>\n","protected":false},"author":1,"featured_media":57686,"comment_status":"closed","ping_status":"closed","sticky":false,"template":"","format":"standard","meta":{"ngg_post_thumbnail":0,"footnotes":""},"categories":[6934,3],"tags":[1838,256],"class_list":{"0":"post-59192","1":"post","2":"type-post","3":"status-publish","4":"format-standard","5":"has-post-thumbnail","7":"category-belfold","8":"category-hirek","9":"tag-magyar-kozut","10":"tag-onos-eso"},"yoast_head":"<!-- This site is optimized with the Yoast SEO plugin v27.5 - https:\/\/yoast.com\/product\/yoast-seo-wordpress\/ -->\n<title>A kedd reggeli cs\u00facsforgalom ideje alatt csaphat le az \u00f3nos es\u0151<\/title>\n<meta name=\"robots\" content=\"index, follow, max-snippet:-1, max-image-preview:large, max-video-preview:-1\" \/>\n<link rel=\"canonical\" href=\"https:\/\/dorogimedence.hu\/index.php\/2024\/01\/22\/a-kedd-reggeli-csucsforgalom-ideje-alatt-csaphat-le-az-onos-eso\/\" class=\"yoast-seo-meta-tag\" \/>\n<meta property=\"og:locale\" content=\"hu_HU\" class=\"yoast-seo-meta-tag\" \/>\n<meta property=\"og:type\" content=\"article\" class=\"yoast-seo-meta-tag\" \/>\n<meta property=\"og:title\" content=\"A kedd reggeli cs\u00facsforgalom ideje alatt csaphat le az \u00f3nos es\u0151\" class=\"yoast-seo-meta-tag\" \/>\n<meta property=\"og:description\" content=\"A v\u00e1ltoz\u00e9kony t\u00e9li id\u0151j\u00e1r\u00e1s kedden \u00fajra lecsap az orsz\u00e1g t\u00f6bb t\u00e9rs\u00e9g\u00e9ben. A legfrissebb el\u0151rejelz\u00e9sek alapj\u00e1n kedd kora hajnalt\u00f3l a d\u00e9lel\u0151tti \u00f3r\u00e1kig az \u00e9szakkeleti t\u00e1jak kiv\u00e9tel\u00e9vel \u00f3nos es\u0151 vonul v\u00e9gig az orsz\u00e1gon. A legt\u00f6bb \u00f3nos es\u0151 Veszpr\u00e9m, Fej\u00e9r \u00e9s Pest v\u00e1rmegy\u00e9ben v\u00e1rhat\u00f3. A Magyar K\u00f6z\u00fat, ahol lehet, ott megel\u0151z\u0151 s\u00f3sz\u00f3r\u00e1st v\u00e9gez, de \u00f3nos es\u0151 idej\u00e9n, ha\" class=\"yoast-seo-meta-tag\" \/>\n<meta property=\"og:url\" content=\"https:\/\/dorogimedence.hu\/index.php\/2024\/01\/22\/a-kedd-reggeli-csucsforgalom-ideje-alatt-csaphat-le-az-onos-eso\/\" class=\"yoast-seo-meta-tag\" \/>\n<meta property=\"og:site_name\" content=\"Dorogi-medence Region\u00e1lis H\u00edrport\u00e1l\" class=\"yoast-seo-meta-tag\" \/>\n<meta property=\"article:publisher\" content=\"https:\/\/www.facebook.com\/dorogimedence\/\" class=\"yoast-seo-meta-tag\" \/>\n<meta property=\"article:published_time\" content=\"2024-01-22T14:42:47+00:00\" class=\"yoast-seo-meta-tag\" \/>\n<meta property=\"og:image\" content=\"https:\/\/dorogimedence.hu\/wp-content\/uploads\/2023\/11\/hokotro-esztergom-sajatkep-06.jpg\" class=\"yoast-seo-meta-tag\" \/>\n\t<meta property=\"og:image:width\" content=\"1920\" class=\"yoast-seo-meta-tag\" \/>\n\t<meta property=\"og:image:height\" content=\"1280\" class=\"yoast-seo-meta-tag\" \/>\n\t<meta property=\"og:image:type\" content=\"image\/jpeg\" class=\"yoast-seo-meta-tag\" \/>\n<meta name=\"author\" content=\"dorogimedence.hu\" class=\"yoast-seo-meta-tag\" \/>\n<meta name=\"twitter:card\" content=\"summary_large_image\" class=\"yoast-seo-meta-tag\" \/>\n<meta name=\"twitter:label1\" content=\"Szerz\u0151:\" class=\"yoast-seo-meta-tag\" \/>\n\t<meta name=\"twitter:data1\" content=\"dorogimedence.hu\" class=\"yoast-seo-meta-tag\" \/>\n\t<meta name=\"twitter:label2\" content=\"Becs\u00fclt olvas\u00e1si id\u0151\" class=\"yoast-seo-meta-tag\" \/>\n\t<meta name=\"twitter:data2\" content=\"4 perc\" class=\"yoast-seo-meta-tag\" \/>\n<script type=\"application\/ld+json\" class=\"yoast-schema-graph\">{\"@context\":\"https:\\\/\\\/schema.org\",\"@graph\":[{\"@type\":\"Article\",\"@id\":\"https:\\\/\\\/dorogimedence.hu\\\/index.php\\\/2024\\\/01\\\/22\\\/a-kedd-reggeli-csucsforgalom-ideje-alatt-csaphat-le-az-onos-eso\\\/#article\",\"isPartOf\":{\"@id\":\"https:\\\/\\\/dorogimedence.hu\\\/index.php\\\/2024\\\/01\\\/22\\\/a-kedd-reggeli-csucsforgalom-ideje-alatt-csaphat-le-az-onos-eso\\\/\"},\"author\":{\"name\":\"dorogimedence.hu\",\"@id\":\"https:\\\/\\\/dorogimedence.hu\\\/#\\\/schema\\\/person\\\/ce6091eeb7e95ecdc87890d6aa8e0fd4\"},\"headline\":\"A kedd reggeli cs\u00facsforgalom ideje alatt csaphat le az \u00f3nos es\u0151\",\"datePublished\":\"2024-01-22T14:42:47+00:00\",\"mainEntityOfPage\":{\"@id\":\"https:\\\/\\\/dorogimedence.hu\\\/index.php\\\/2024\\\/01\\\/22\\\/a-kedd-reggeli-csucsforgalom-ideje-alatt-csaphat-le-az-onos-eso\\\/\"},\"wordCount\":839,\"publisher\":{\"@id\":\"https:\\\/\\\/dorogimedence.hu\\\/#organization\"},\"image\":{\"@id\":\"https:\\\/\\\/dorogimedence.hu\\\/index.php\\\/2024\\\/01\\\/22\\\/a-kedd-reggeli-csucsforgalom-ideje-alatt-csaphat-le-az-onos-eso\\\/#primaryimage\"},\"thumbnailUrl\":\"https:\\\/\\\/dorogimedence.hu\\\/wp-content\\\/uploads\\\/2023\\\/11\\\/hokotro-esztergom-sajatkep-06.jpg\",\"keywords\":[\"Magyar K\u00f6z\u00fat\",\"\u00f3nos es\u0151\"],\"articleSection\":[\"Belf\u00f6ld, Gazdas\u00e1g\",\"H\u00edrek\"],\"inLanguage\":\"hu\"},{\"@type\":\"WebPage\",\"@id\":\"https:\\\/\\\/dorogimedence.hu\\\/index.php\\\/2024\\\/01\\\/22\\\/a-kedd-reggeli-csucsforgalom-ideje-alatt-csaphat-le-az-onos-eso\\\/\",\"url\":\"https:\\\/\\\/dorogimedence.hu\\\/index.php\\\/2024\\\/01\\\/22\\\/a-kedd-reggeli-csucsforgalom-ideje-alatt-csaphat-le-az-onos-eso\\\/\",\"name\":\"A kedd reggeli cs\u00facsforgalom ideje alatt csaphat le az \u00f3nos es\u0151\",\"isPartOf\":{\"@id\":\"https:\\\/\\\/dorogimedence.hu\\\/#website\"},\"primaryImageOfPage\":{\"@id\":\"https:\\\/\\\/dorogimedence.hu\\\/index.php\\\/2024\\\/01\\\/22\\\/a-kedd-reggeli-csucsforgalom-ideje-alatt-csaphat-le-az-onos-eso\\\/#primaryimage\"},\"image\":{\"@id\":\"https:\\\/\\\/dorogimedence.hu\\\/index.php\\\/2024\\\/01\\\/22\\\/a-kedd-reggeli-csucsforgalom-ideje-alatt-csaphat-le-az-onos-eso\\\/#primaryimage\"},\"thumbnailUrl\":\"https:\\\/\\\/dorogimedence.hu\\\/wp-content\\\/uploads\\\/2023\\\/11\\\/hokotro-esztergom-sajatkep-06.jpg\",\"datePublished\":\"2024-01-22T14:42:47+00:00\",\"breadcrumb\":{\"@id\":\"https:\\\/\\\/dorogimedence.hu\\\/index.php\\\/2024\\\/01\\\/22\\\/a-kedd-reggeli-csucsforgalom-ideje-alatt-csaphat-le-az-onos-eso\\\/#breadcrumb\"},\"inLanguage\":\"hu\",\"potentialAction\":[{\"@type\":\"ReadAction\",\"target\":[\"https:\\\/\\\/dorogimedence.hu\\\/index.php\\\/2024\\\/01\\\/22\\\/a-kedd-reggeli-csucsforgalom-ideje-alatt-csaphat-le-az-onos-eso\\\/\"]}]},{\"@type\":\"ImageObject\",\"inLanguage\":\"hu\",\"@id\":\"https:\\\/\\\/dorogimedence.hu\\\/index.php\\\/2024\\\/01\\\/22\\\/a-kedd-reggeli-csucsforgalom-ideje-alatt-csaphat-le-az-onos-eso\\\/#primaryimage\",\"url\":\"https:\\\/\\\/dorogimedence.hu\\\/wp-content\\\/uploads\\\/2023\\\/11\\\/hokotro-esztergom-sajatkep-06.jpg\",\"contentUrl\":\"https:\\\/\\\/dorogimedence.hu\\\/wp-content\\\/uploads\\\/2023\\\/11\\\/hokotro-esztergom-sajatkep-06.jpg\",\"width\":1920,\"height\":1280},{\"@type\":\"BreadcrumbList\",\"@id\":\"https:\\\/\\\/dorogimedence.hu\\\/index.php\\\/2024\\\/01\\\/22\\\/a-kedd-reggeli-csucsforgalom-ideje-alatt-csaphat-le-az-onos-eso\\\/#breadcrumb\",\"itemListElement\":[{\"@type\":\"ListItem\",\"position\":1,\"name\":\"Kezd\u0151lap\",\"item\":\"https:\\\/\\\/dorogimedence.hu\\\/\"},{\"@type\":\"ListItem\",\"position\":2,\"name\":\"A kedd reggeli cs\u00facsforgalom ideje alatt csaphat le az \u00f3nos es\u0151\"}]},{\"@type\":\"WebSite\",\"@id\":\"https:\\\/\\\/dorogimedence.hu\\\/#website\",\"url\":\"https:\\\/\\\/dorogimedence.hu\\\/\",\"name\":\"Dorogi-medence Region\u00e1lis H\u00edrport\u00e1l\",\"description\":\"Dorog, Keszt\u00f6lc, Le\u00e1nyv\u00e1r, Piliscs\u00e9v, Tokod, Tokodalt\u00e1r\u00f3, Csolnok, Esztergom-kertv\u00e1ros: h\u00edrek, programok\",\"publisher\":{\"@id\":\"https:\\\/\\\/dorogimedence.hu\\\/#organization\"},\"potentialAction\":[{\"@type\":\"SearchAction\",\"target\":{\"@type\":\"EntryPoint\",\"urlTemplate\":\"https:\\\/\\\/dorogimedence.hu\\\/?s={search_term_string}\"},\"query-input\":{\"@type\":\"PropertyValueSpecification\",\"valueRequired\":true,\"valueName\":\"search_term_string\"}}],\"inLanguage\":\"hu\"},{\"@type\":\"Organization\",\"@id\":\"https:\\\/\\\/dorogimedence.hu\\\/#organization\",\"name\":\"Dorogi-medence Region\u00e1lis H\u00edrport\u00e1l\",\"url\":\"https:\\\/\\\/dorogimedence.hu\\\/\",\"logo\":{\"@type\":\"ImageObject\",\"inLanguage\":\"hu\",\"@id\":\"https:\\\/\\\/dorogimedence.hu\\\/#\\\/schema\\\/logo\\\/image\\\/\",\"url\":\"https:\\\/\\\/dorogimedence.hu\\\/wp-content\\\/uploads\\\/2021\\\/04\\\/logo-feher-600.png\",\"contentUrl\":\"https:\\\/\\\/dorogimedence.hu\\\/wp-content\\\/uploads\\\/2021\\\/04\\\/logo-feher-600.png\",\"width\":600,\"height\":100,\"caption\":\"Dorogi-medence Region\u00e1lis H\u00edrport\u00e1l\"},\"image\":{\"@id\":\"https:\\\/\\\/dorogimedence.hu\\\/#\\\/schema\\\/logo\\\/image\\\/\"},\"sameAs\":[\"https:\\\/\\\/www.facebook.com\\\/dorogimedence\\\/\"]},{\"@type\":\"Person\",\"@id\":\"https:\\\/\\\/dorogimedence.hu\\\/#\\\/schema\\\/person\\\/ce6091eeb7e95ecdc87890d6aa8e0fd4\",\"name\":\"dorogimedence.hu\",\"image\":{\"@type\":\"ImageObject\",\"inLanguage\":\"hu\",\"@id\":\"\\\/\\\/www.gravatar.com\\\/avatar\\\/d8d45f8901aadff40a4af72c0b826f1d?s=96&#038;r=g&#038;d=mm\",\"url\":\"\\\/\\\/www.gravatar.com\\\/avatar\\\/d8d45f8901aadff40a4af72c0b826f1d?s=96&#038;r=g&#038;d=mm\",\"contentUrl\":\"\\\/\\\/www.gravatar.com\\\/avatar\\\/d8d45f8901aadff40a4af72c0b826f1d?s=96&#038;r=g&#038;d=mm\",\"caption\":\"dorogimedence.hu\"}}]}<\/script>\n<!-- \/ Yoast SEO plugin. -->","yoast_head_json":{"title":"A kedd reggeli cs\u00facsforgalom ideje alatt csaphat le az \u00f3nos es\u0151","robots":{"index":"index","follow":"follow","max-snippet":"max-snippet:-1","max-image-preview":"max-image-preview:large","max-video-preview":"max-video-preview:-1"},"canonical":"https:\/\/dorogimedence.hu\/index.php\/2024\/01\/22\/a-kedd-reggeli-csucsforgalom-ideje-alatt-csaphat-le-az-onos-eso\/","og_locale":"hu_HU","og_type":"article","og_title":"A kedd reggeli cs\u00facsforgalom ideje alatt csaphat le az \u00f3nos es\u0151","og_description":"A v\u00e1ltoz\u00e9kony t\u00e9li id\u0151j\u00e1r\u00e1s kedden \u00fajra lecsap az orsz\u00e1g t\u00f6bb t\u00e9rs\u00e9g\u00e9ben. A legfrissebb el\u0151rejelz\u00e9sek alapj\u00e1n kedd kora hajnalt\u00f3l a d\u00e9lel\u0151tti \u00f3r\u00e1kig az \u00e9szakkeleti t\u00e1jak kiv\u00e9tel\u00e9vel \u00f3nos es\u0151 vonul v\u00e9gig az orsz\u00e1gon. A legt\u00f6bb \u00f3nos es\u0151 Veszpr\u00e9m, Fej\u00e9r \u00e9s Pest v\u00e1rmegy\u00e9ben v\u00e1rhat\u00f3. A Magyar K\u00f6z\u00fat, ahol lehet, ott megel\u0151z\u0151 s\u00f3sz\u00f3r\u00e1st v\u00e9gez, de \u00f3nos es\u0151 idej\u00e9n, ha","og_url":"https:\/\/dorogimedence.hu\/index.php\/2024\/01\/22\/a-kedd-reggeli-csucsforgalom-ideje-alatt-csaphat-le-az-onos-eso\/","og_site_name":"Dorogi-medence Region\u00e1lis H\u00edrport\u00e1l","article_publisher":"https:\/\/www.facebook.com\/dorogimedence\/","article_published_time":"2024-01-22T14:42:47+00:00","og_image":[{"width":1920,"height":1280,"url":"https:\/\/dorogimedence.hu\/wp-content\/uploads\/2023\/11\/hokotro-esztergom-sajatkep-06.jpg","type":"image\/jpeg"}],"author":"dorogimedence.hu","twitter_card":"summary_large_image","twitter_misc":{"Szerz\u0151:":"dorogimedence.hu","Becs\u00fclt olvas\u00e1si id\u0151":"4 perc"},"schema":{"@context":"https:\/\/schema.org","@graph":[{"@type":"Article","@id":"https:\/\/dorogimedence.hu\/index.php\/2024\/01\/22\/a-kedd-reggeli-csucsforgalom-ideje-alatt-csaphat-le-az-onos-eso\/#article","isPartOf":{"@id":"https:\/\/dorogimedence.hu\/index.php\/2024\/01\/22\/a-kedd-reggeli-csucsforgalom-ideje-alatt-csaphat-le-az-onos-eso\/"},"author":{"name":"dorogimedence.hu","@id":"https:\/\/dorogimedence.hu\/#\/schema\/person\/ce6091eeb7e95ecdc87890d6aa8e0fd4"},"headline":"A kedd reggeli cs\u00facsforgalom ideje alatt csaphat le az \u00f3nos es\u0151","datePublished":"2024-01-22T14:42:47+00:00","mainEntityOfPage":{"@id":"https:\/\/dorogimedence.hu\/index.php\/2024\/01\/22\/a-kedd-reggeli-csucsforgalom-ideje-alatt-csaphat-le-az-onos-eso\/"},"wordCount":839,"publisher":{"@id":"https:\/\/dorogimedence.hu\/#organization"},"image":{"@id":"https:\/\/dorogimedence.hu\/index.php\/2024\/01\/22\/a-kedd-reggeli-csucsforgalom-ideje-alatt-csaphat-le-az-onos-eso\/#primaryimage"},"thumbnailUrl":"https:\/\/dorogimedence.hu\/wp-content\/uploads\/2023\/11\/hokotro-esztergom-sajatkep-06.jpg","keywords":["Magyar K\u00f6z\u00fat","\u00f3nos es\u0151"],"articleSection":["Belf\u00f6ld, Gazdas\u00e1g","H\u00edrek"],"inLanguage":"hu"},{"@type":"WebPage","@id":"https:\/\/dorogimedence.hu\/index.php\/2024\/01\/22\/a-kedd-reggeli-csucsforgalom-ideje-alatt-csaphat-le-az-onos-eso\/","url":"https:\/\/dorogimedence.hu\/index.php\/2024\/01\/22\/a-kedd-reggeli-csucsforgalom-ideje-alatt-csaphat-le-az-onos-eso\/","name":"A kedd reggeli cs\u00facsforgalom ideje alatt csaphat le az \u00f3nos es\u0151","isPartOf":{"@id":"https:\/\/dorogimedence.hu\/#website"},"primaryImageOfPage":{"@id":"https:\/\/dorogimedence.hu\/index.php\/2024\/01\/22\/a-kedd-reggeli-csucsforgalom-ideje-alatt-csaphat-le-az-onos-eso\/#primaryimage"},"image":{"@id":"https:\/\/dorogimedence.hu\/index.php\/2024\/01\/22\/a-kedd-reggeli-csucsforgalom-ideje-alatt-csaphat-le-az-onos-eso\/#primaryimage"},"thumbnailUrl":"https:\/\/dorogimedence.hu\/wp-content\/uploads\/2023\/11\/hokotro-esztergom-sajatkep-06.jpg","datePublished":"2024-01-22T14:42:47+00:00","breadcrumb":{"@id":"https:\/\/dorogimedence.hu\/index.php\/2024\/01\/22\/a-kedd-reggeli-csucsforgalom-ideje-alatt-csaphat-le-az-onos-eso\/#breadcrumb"},"inLanguage":"hu","potentialAction":[{"@type":"ReadAction","target":["https:\/\/dorogimedence.hu\/index.php\/2024\/01\/22\/a-kedd-reggeli-csucsforgalom-ideje-alatt-csaphat-le-az-onos-eso\/"]}]},{"@type":"ImageObject","inLanguage":"hu","@id":"https:\/\/dorogimedence.hu\/index.php\/2024\/01\/22\/a-kedd-reggeli-csucsforgalom-ideje-alatt-csaphat-le-az-onos-eso\/#primaryimage","url":"https:\/\/dorogimedence.hu\/wp-content\/uploads\/2023\/11\/hokotro-esztergom-sajatkep-06.jpg","contentUrl":"https:\/\/dorogimedence.hu\/wp-content\/uploads\/2023\/11\/hokotro-esztergom-sajatkep-06.jpg","width":1920,"height":1280},{"@type":"BreadcrumbList","@id":"https:\/\/dorogimedence.hu\/index.php\/2024\/01\/22\/a-kedd-reggeli-csucsforgalom-ideje-alatt-csaphat-le-az-onos-eso\/#breadcrumb","itemListElement":[{"@type":"ListItem","position":1,"name":"Kezd\u0151lap","item":"https:\/\/dorogimedence.hu\/"},{"@type":"ListItem","position":2,"name":"A kedd reggeli cs\u00facsforgalom ideje alatt csaphat le az \u00f3nos es\u0151"}]},{"@type":"WebSite","@id":"https:\/\/dorogimedence.hu\/#website","url":"https:\/\/dorogimedence.hu\/","name":"Dorogi-medence Region\u00e1lis H\u00edrport\u00e1l","description":"Dorog, Keszt\u00f6lc, Le\u00e1nyv\u00e1r, Piliscs\u00e9v, Tokod, Tokodalt\u00e1r\u00f3, Csolnok, Esztergom-kertv\u00e1ros: h\u00edrek, programok","publisher":{"@id":"https:\/\/dorogimedence.hu\/#organization"},"potentialAction":[{"@type":"SearchAction","target":{"@type":"EntryPoint","urlTemplate":"https:\/\/dorogimedence.hu\/?s={search_term_string}"},"query-input":{"@type":"PropertyValueSpecification","valueRequired":true,"valueName":"search_term_string"}}],"inLanguage":"hu"},{"@type":"Organization","@id":"https:\/\/dorogimedence.hu\/#organization","name":"Dorogi-medence Region\u00e1lis H\u00edrport\u00e1l","url":"https:\/\/dorogimedence.hu\/","logo":{"@type":"ImageObject","inLanguage":"hu","@id":"https:\/\/dorogimedence.hu\/#\/schema\/logo\/image\/","url":"https:\/\/dorogimedence.hu\/wp-content\/uploads\/2021\/04\/logo-feher-600.png","contentUrl":"https:\/\/dorogimedence.hu\/wp-content\/uploads\/2021\/04\/logo-feher-600.png","width":600,"height":100,"caption":"Dorogi-medence Region\u00e1lis H\u00edrport\u00e1l"},"image":{"@id":"https:\/\/dorogimedence.hu\/#\/schema\/logo\/image\/"},"sameAs":["https:\/\/www.facebook.com\/dorogimedence\/"]},{"@type":"Person","@id":"https:\/\/dorogimedence.hu\/#\/schema\/person\/ce6091eeb7e95ecdc87890d6aa8e0fd4","name":"dorogimedence.hu","image":{"@type":"ImageObject","inLanguage":"hu","@id":"\/\/www.gravatar.com\/avatar\/d8d45f8901aadff40a4af72c0b826f1d?s=96&#038;r=g&#038;d=mm","url":"\/\/www.gravatar.com\/avatar\/d8d45f8901aadff40a4af72c0b826f1d?s=96&#038;r=g&#038;d=mm","contentUrl":"\/\/www.gravatar.com\/avatar\/d8d45f8901aadff40a4af72c0b826f1d?s=96&#038;r=g&#038;d=mm","caption":"dorogimedence.hu"}}]}},"_links":{"self":[{"href":"https:\/\/dorogimedence.hu\/index.php\/wp-json\/wp\/v2\/posts\/59192","targetHints":{"allow":["GET"]}}],"collection":[{"href":"https:\/\/dorogimedence.hu\/index.php\/wp-json\/wp\/v2\/posts"}],"about":[{"href":"https:\/\/dorogimedence.hu\/index.php\/wp-json\/wp\/v2\/types\/post"}],"author":[{"embeddable":true,"href":"https:\/\/dorogimedence.hu\/index.php\/wp-json\/wp\/v2\/users\/1"}],"replies":[{"embeddable":true,"href":"https:\/\/dorogimedence.hu\/index.php\/wp-json\/wp\/v2\/comments?post=59192"}],"version-history":[{"count":0,"href":"https:\/\/dorogimedence.hu\/index.php\/wp-json\/wp\/v2\/posts\/59192\/revisions"}],"wp:featuredmedia":[{"embeddable":true,"href":"https:\/\/dorogimedence.hu\/index.php\/wp-json\/wp\/v2\/media\/57686"}],"wp:attachment":[{"href":"https:\/\/dorogimedence.hu\/index.php\/wp-json\/wp\/v2\/media?parent=59192"}],"wp:term":[{"taxonomy":"category","embeddable":true,"href":"https:\/\/dorogimedence.hu\/index.php\/wp-json\/wp\/v2\/categories?post=59192"},{"taxonomy":"post_tag","embeddable":true,"href":"https:\/\/dorogimedence.hu\/index.php\/wp-json\/wp\/v2\/tags?post=59192"}],"curies":[{"name":"wp","href":"https:\/\/api.w.org\/{rel}","templated":true}]}}