{"id":5919,"date":"2017-09-28T15:20:14","date_gmt":"2017-09-28T13:20:14","guid":{"rendered":"http:\/\/dorogimedence.hu\/?p=5919"},"modified":"2017-09-28T15:20:14","modified_gmt":"2017-09-28T13:20:14","slug":"sikeres-volt-a-tarsashazak-napja-esztergomban-is","status":"publish","type":"post","link":"https:\/\/dorogimedence.hu\/index.php\/2017\/09\/28\/sikeres-volt-a-tarsashazak-napja-esztergomban-is\/","title":{"rendered":"Sikeres volt a T\u00e1rsash\u00e1zak napja Esztergomban is"},"content":{"rendered":"<p><strong>Orsz\u00e1gosan csaknem ezer, t\u00f6bbs\u00e9g\u00e9ben t\u00e1rsash\u00e1zi k\u00f6z\u00f6s k\u00e9pvisel\u0151 vett r\u00e9szt meghirdetett \u201eT\u00e1rsash\u00e1zak napja\u201d c\u00edm\u0171 konzult\u00e1ci\u00f3s programsorozaton, amelynek sor\u00e1n valamennyi \u00e9rdekl\u0151d\u0151 el\u0151tt nyitva \u00e1lltak a katasztr\u00f3fav\u00e9delmi kirendelts\u00e9gek, k\u00f6zt\u00fck az esztergomi is.<\/strong><\/p>\n<p>Az esem\u00e9nysorozatra \u00e9rkez\u0151k k\u00f6z\u00fcl a legt\u00f6bben a lak\u00f3\u00e9p\u00fcletek k\u00f6zleked\u0151inek r\u00e1csos lez\u00e1r\u00e1s\u00e1val kapcsolatban k\u00e9rdez\u0151sk\u00f6dtek.<\/p>\n<p>Megy\u00e9nkben k\u00e9t helysz\u00ednen, Tatab\u00e1ny\u00e1n \u00e9s Esztergomban a katasztr\u00f3fav\u00e9delmi kirendelts\u00e9geken v\u00e1rt\u00e1k a t\u00e1rsash\u00e1zak k\u00f6z\u00f6s k\u00e9pvisel\u0151it, illetve az \u00e9rdekl\u0151d\u0151 lak\u00f3kat a felmer\u00fcl\u0151 k\u00e9rd\u00e9seikkel. A legt\u00f6bb esetben a lak\u00f3\u00e9p\u00fcletek k\u00f6zleked\u0151inek r\u00e1csos lez\u00e1r\u00e1s\u00e1r\u00f3l, az ott t\u00e1rolt b\u00fatorokr\u00f3l, ker\u00e9kp\u00e1rokr\u00f3l, motorbiciklikr\u0151l, a folyos\u00f3kon elhelyezhet\u0151 t\u00e1rgyakrol, valamint az \u00e9ghet\u0151 anyagok szab\u00e1lyos t\u00e1rol\u00e1s\u00e1val kapcsolatban k\u00e9rt a lakoss\u00e1g t\u00e1j\u00e9koztat\u00e1st. A f\u0171t\u00e9si szezon k\u00f6zeledt\u00e9vel sok helyen sz\u00f3ba ker\u00fclt a sz\u00e9n-monoxid-m\u00e9rgez\u00e9sek megel\u0151z\u00e9se, illetve a k\u00e9m\u00e9nysepr\u0151ipari szolg\u00e1ltat\u00e1s \u00e1tv\u00e9tele \u00f3ta szerzett tapasztalat.<\/p>\n<p>Az els\u0151 orsz\u00e1gos konzult\u00e1ci\u00f3s napok rendezv\u00e9nysorozat c\u00e9lja az volt, hogy a t\u00e1rsash\u00e1zak \u00e9s a lak\u00f3k\u00f6z\u00f6ss\u00e9gek sz\u00e1m\u00e1ra min\u00e9l sz\u00e9lesebb k\u00f6r\u0171 t\u00e1j\u00e9koztat\u00e1st adjon a katasztr\u00f3fav\u00e9delem a t\u0171zbiztons\u00e1ggal, az el\u0151fordulhat\u00f3 vesz\u00e9lyekkel, a jogszab\u00e1lyi k\u00f6vetelm\u00e9nyekkel, a megel\u0151z\u00e9s lehet\u0151s\u00e9geivel \u00e9s a t\u0171z eset\u00e9n tan\u00fas\u00edtand\u00f3 helyes magatart\u00e1sokkal kapcsolatban. Szempont volt tov\u00e1bb\u00e1, hogy a biztons\u00e1g n\u00f6vel\u00e9s\u00e9t szolg\u00e1l\u00f3 inform\u00e1ci\u00f3kkal, szab\u00e1lyokkal ne csak a hat\u00f3s\u00e1gi elj\u00e1r\u00e1sok sor\u00e1n tal\u00e1lkozzanak az \u00e9rintettek, hanem m\u00e1r azt megel\u0151z\u0151en, a felk\u00e9sz\u00fcl\u00e9si id\u0151szakban is. Ugyanakkor a ny\u00edlt napnak fontos c\u00e9lja volt az is, hogy ezek az inform\u00e1ci\u00f3k min\u00e9l k\u00f6tetlenebb, \u00e9rthet\u0151bb form\u00e1ban jussnak el a lak\u00f3k\u00f6z\u00f6ss\u00e9gek k\u00e9pvisel\u0151ihez, hiszen \u2013 mint az elm\u00falt napokban bebizonyosodott \u2013 igyekeznek tenni a biztons\u00e1g\u00e9rt.<\/p>\n<p>Aki a rendezv\u00e9nysorozatot k\u00f6vet\u0151en is k\u00e9rdezni szeretne, az megteheti ezt, hiszen t\u00e1j\u00e9koztat\u00e1s a norm\u00e1l \u00fcgyf\u00e9lfogad\u00e1si id\u0151ben is k\u00e9rhet\u0151 az illet\u00e9kes katasztr\u00f3fav\u00e9delmi kirendelts\u00e9geken.<\/p>\n<p>Kom\u00e1rom-Esztergom megyei katasztr\u00f3fav\u00e9delmi kirendelts\u00e9geinek \u00fcgyf\u00e9lfogad\u00e1si rendj\u00e9t <a href=\"http:\/\/komarom.katasztrofavedelem.hu\/letoltes\/kozadat\/komarom\/141-ugyfelszolgalat.pdf\" target=\"_blank\" rel=\"noopener\"><span style=\"color: #0000ff;\"><strong><span style=\"text-decoration: underline;\">itt<\/span><\/strong><\/span><\/a> megtekinthetik.<\/p>\n<p><em>Forr\u00e1s: komarom.katasztrofavedelem.hu<\/em><\/p>\n","protected":false},"excerpt":{"rendered":"<p>Orsz\u00e1gosan csaknem ezer, t\u00f6bbs\u00e9g\u00e9ben t\u00e1rsash\u00e1zi k\u00f6z\u00f6s k\u00e9pvisel\u0151 vett r\u00e9szt meghirdetett \u201eT\u00e1rsash\u00e1zak napja\u201d c\u00edm\u0171 konzult\u00e1ci\u00f3s programsorozaton, amelynek sor\u00e1n valamennyi \u00e9rdekl\u0151d\u0151 el\u0151tt nyitva \u00e1lltak a katasztr\u00f3fav\u00e9delmi kirendelts\u00e9gek, k\u00f6zt\u00fck az esztergomi is. Az esem\u00e9nysorozatra \u00e9rkez\u0151k k\u00f6z\u00fcl a legt\u00f6bben a lak\u00f3\u00e9p\u00fcletek k\u00f6zleked\u0151inek r\u00e1csos lez\u00e1r\u00e1s\u00e1val kapcsolatban k\u00e9rdez\u0151sk\u00f6dtek. Megy\u00e9nkben k\u00e9t helysz\u00ednen, Tatab\u00e1ny\u00e1n \u00e9s Esztergomban a katasztr\u00f3fav\u00e9delmi kirendelts\u00e9geken v\u00e1rt\u00e1k a t\u00e1rsash\u00e1zak k\u00f6z\u00f6s<\/p>\n","protected":false},"author":1,"featured_media":5920,"comment_status":"closed","ping_status":"closed","sticky":false,"template":"","format":"standard","meta":{"ngg_post_thumbnail":0,"footnotes":""},"categories":[38,3],"tags":[76,175,1619],"class_list":{"0":"post-5919","1":"post","2":"type-post","3":"status-publish","4":"format-standard","5":"has-post-thumbnail","7":"category-esztergom","8":"category-hirek","9":"tag-balesetmegelozes","10":"tag-katasztrofavedelem","11":"tag-tarsashazak-napja"},"yoast_head":"<!-- This site is optimized with the Yoast SEO plugin v27.4 - https:\/\/yoast.com\/product\/yoast-seo-wordpress\/ -->\n<title>Sikeres volt a T\u00e1rsash\u00e1zak napja Esztergomban is<\/title>\n<meta name=\"robots\" content=\"index, follow, max-snippet:-1, max-image-preview:large, max-video-preview:-1\" \/>\n<link rel=\"canonical\" href=\"https:\/\/dorogimedence.hu\/index.php\/2017\/09\/28\/sikeres-volt-a-tarsashazak-napja-esztergomban-is\/\" class=\"yoast-seo-meta-tag\" \/>\n<meta property=\"og:locale\" content=\"hu_HU\" class=\"yoast-seo-meta-tag\" \/>\n<meta property=\"og:type\" content=\"article\" class=\"yoast-seo-meta-tag\" \/>\n<meta property=\"og:title\" content=\"Sikeres volt a T\u00e1rsash\u00e1zak napja Esztergomban is\" class=\"yoast-seo-meta-tag\" \/>\n<meta property=\"og:description\" content=\"Orsz\u00e1gosan csaknem ezer, t\u00f6bbs\u00e9g\u00e9ben t\u00e1rsash\u00e1zi k\u00f6z\u00f6s k\u00e9pvisel\u0151 vett r\u00e9szt meghirdetett \u201eT\u00e1rsash\u00e1zak napja\u201d c\u00edm\u0171 konzult\u00e1ci\u00f3s programsorozaton, amelynek sor\u00e1n valamennyi \u00e9rdekl\u0151d\u0151 el\u0151tt nyitva \u00e1lltak a katasztr\u00f3fav\u00e9delmi kirendelts\u00e9gek, k\u00f6zt\u00fck az esztergomi is. Az esem\u00e9nysorozatra \u00e9rkez\u0151k k\u00f6z\u00fcl a legt\u00f6bben a lak\u00f3\u00e9p\u00fcletek k\u00f6zleked\u0151inek r\u00e1csos lez\u00e1r\u00e1s\u00e1val kapcsolatban k\u00e9rdez\u0151sk\u00f6dtek. Megy\u00e9nkben k\u00e9t helysz\u00ednen, Tatab\u00e1ny\u00e1n \u00e9s Esztergomban a katasztr\u00f3fav\u00e9delmi kirendelts\u00e9geken v\u00e1rt\u00e1k a t\u00e1rsash\u00e1zak k\u00f6z\u00f6s\" class=\"yoast-seo-meta-tag\" \/>\n<meta property=\"og:url\" content=\"https:\/\/dorogimedence.hu\/index.php\/2017\/09\/28\/sikeres-volt-a-tarsashazak-napja-esztergomban-is\/\" class=\"yoast-seo-meta-tag\" \/>\n<meta property=\"og:site_name\" content=\"Dorogi-medence Region\u00e1lis H\u00edrport\u00e1l\" class=\"yoast-seo-meta-tag\" \/>\n<meta property=\"article:publisher\" content=\"https:\/\/www.facebook.com\/dorogimedence\/\" class=\"yoast-seo-meta-tag\" \/>\n<meta property=\"article:published_time\" content=\"2017-09-28T13:20:14+00:00\" class=\"yoast-seo-meta-tag\" \/>\n<meta property=\"og:image\" content=\"https:\/\/i0.wp.com\/dorogimedence.hu\/wp-content\/uploads\/2017\/09\/tarsashazak-01.jpg?fit=670%2C365&ssl=1\" class=\"yoast-seo-meta-tag\" \/>\n\t<meta property=\"og:image:width\" content=\"670\" class=\"yoast-seo-meta-tag\" \/>\n\t<meta property=\"og:image:height\" content=\"365\" class=\"yoast-seo-meta-tag\" \/>\n\t<meta property=\"og:image:type\" content=\"image\/jpeg\" class=\"yoast-seo-meta-tag\" \/>\n<meta name=\"author\" content=\"dorogimedence.hu\" class=\"yoast-seo-meta-tag\" \/>\n<meta name=\"twitter:card\" content=\"summary_large_image\" class=\"yoast-seo-meta-tag\" \/>\n<meta name=\"twitter:label1\" content=\"Szerz\u0151:\" class=\"yoast-seo-meta-tag\" \/>\n\t<meta name=\"twitter:data1\" content=\"dorogimedence.hu\" class=\"yoast-seo-meta-tag\" \/>\n\t<meta name=\"twitter:label2\" content=\"Becs\u00fclt olvas\u00e1si id\u0151\" class=\"yoast-seo-meta-tag\" \/>\n\t<meta name=\"twitter:data2\" content=\"2 perc\" class=\"yoast-seo-meta-tag\" \/>\n<script type=\"application\/ld+json\" class=\"yoast-schema-graph\">{\"@context\":\"https:\\\/\\\/schema.org\",\"@graph\":[{\"@type\":\"Article\",\"@id\":\"https:\\\/\\\/dorogimedence.hu\\\/index.php\\\/2017\\\/09\\\/28\\\/sikeres-volt-a-tarsashazak-napja-esztergomban-is\\\/#article\",\"isPartOf\":{\"@id\":\"https:\\\/\\\/dorogimedence.hu\\\/index.php\\\/2017\\\/09\\\/28\\\/sikeres-volt-a-tarsashazak-napja-esztergomban-is\\\/\"},\"author\":{\"name\":\"dorogimedence.hu\",\"@id\":\"https:\\\/\\\/dorogimedence.hu\\\/#\\\/schema\\\/person\\\/ce6091eeb7e95ecdc87890d6aa8e0fd4\"},\"headline\":\"Sikeres volt a T\u00e1rsash\u00e1zak napja Esztergomban is\",\"datePublished\":\"2017-09-28T13:20:14+00:00\",\"mainEntityOfPage\":{\"@id\":\"https:\\\/\\\/dorogimedence.hu\\\/index.php\\\/2017\\\/09\\\/28\\\/sikeres-volt-a-tarsashazak-napja-esztergomban-is\\\/\"},\"wordCount\":460,\"publisher\":{\"@id\":\"https:\\\/\\\/dorogimedence.hu\\\/#organization\"},\"image\":{\"@id\":\"https:\\\/\\\/dorogimedence.hu\\\/index.php\\\/2017\\\/09\\\/28\\\/sikeres-volt-a-tarsashazak-napja-esztergomban-is\\\/#primaryimage\"},\"thumbnailUrl\":\"https:\\\/\\\/dorogimedence.hu\\\/wp-content\\\/uploads\\\/2017\\\/09\\\/tarsashazak-01.jpg\",\"keywords\":[\"balesetmegel\u0151z\u00e9s\",\"katasztr\u00f3fav\u00e9delem\",\"t\u00e1rsash\u00e1zak napja\"],\"articleSection\":[\"Esztergom\",\"H\u00edrek\"],\"inLanguage\":\"hu\"},{\"@type\":\"WebPage\",\"@id\":\"https:\\\/\\\/dorogimedence.hu\\\/index.php\\\/2017\\\/09\\\/28\\\/sikeres-volt-a-tarsashazak-napja-esztergomban-is\\\/\",\"url\":\"https:\\\/\\\/dorogimedence.hu\\\/index.php\\\/2017\\\/09\\\/28\\\/sikeres-volt-a-tarsashazak-napja-esztergomban-is\\\/\",\"name\":\"Sikeres volt a T\u00e1rsash\u00e1zak napja Esztergomban is\",\"isPartOf\":{\"@id\":\"https:\\\/\\\/dorogimedence.hu\\\/#website\"},\"primaryImageOfPage\":{\"@id\":\"https:\\\/\\\/dorogimedence.hu\\\/index.php\\\/2017\\\/09\\\/28\\\/sikeres-volt-a-tarsashazak-napja-esztergomban-is\\\/#primaryimage\"},\"image\":{\"@id\":\"https:\\\/\\\/dorogimedence.hu\\\/index.php\\\/2017\\\/09\\\/28\\\/sikeres-volt-a-tarsashazak-napja-esztergomban-is\\\/#primaryimage\"},\"thumbnailUrl\":\"https:\\\/\\\/dorogimedence.hu\\\/wp-content\\\/uploads\\\/2017\\\/09\\\/tarsashazak-01.jpg\",\"datePublished\":\"2017-09-28T13:20:14+00:00\",\"breadcrumb\":{\"@id\":\"https:\\\/\\\/dorogimedence.hu\\\/index.php\\\/2017\\\/09\\\/28\\\/sikeres-volt-a-tarsashazak-napja-esztergomban-is\\\/#breadcrumb\"},\"inLanguage\":\"hu\",\"potentialAction\":[{\"@type\":\"ReadAction\",\"target\":[\"https:\\\/\\\/dorogimedence.hu\\\/index.php\\\/2017\\\/09\\\/28\\\/sikeres-volt-a-tarsashazak-napja-esztergomban-is\\\/\"]}]},{\"@type\":\"ImageObject\",\"inLanguage\":\"hu\",\"@id\":\"https:\\\/\\\/dorogimedence.hu\\\/index.php\\\/2017\\\/09\\\/28\\\/sikeres-volt-a-tarsashazak-napja-esztergomban-is\\\/#primaryimage\",\"url\":\"https:\\\/\\\/dorogimedence.hu\\\/wp-content\\\/uploads\\\/2017\\\/09\\\/tarsashazak-01.jpg\",\"contentUrl\":\"https:\\\/\\\/dorogimedence.hu\\\/wp-content\\\/uploads\\\/2017\\\/09\\\/tarsashazak-01.jpg\",\"width\":670,\"height\":365},{\"@type\":\"BreadcrumbList\",\"@id\":\"https:\\\/\\\/dorogimedence.hu\\\/index.php\\\/2017\\\/09\\\/28\\\/sikeres-volt-a-tarsashazak-napja-esztergomban-is\\\/#breadcrumb\",\"itemListElement\":[{\"@type\":\"ListItem\",\"position\":1,\"name\":\"Kezd\u0151lap\",\"item\":\"https:\\\/\\\/dorogimedence.hu\\\/\"},{\"@type\":\"ListItem\",\"position\":2,\"name\":\"Sikeres volt a T\u00e1rsash\u00e1zak napja Esztergomban is\"}]},{\"@type\":\"WebSite\",\"@id\":\"https:\\\/\\\/dorogimedence.hu\\\/#website\",\"url\":\"https:\\\/\\\/dorogimedence.hu\\\/\",\"name\":\"Dorogi-medence Region\u00e1lis H\u00edrport\u00e1l\",\"description\":\"Dorog, Keszt\u00f6lc, Le\u00e1nyv\u00e1r, Piliscs\u00e9v, Tokod, Tokodalt\u00e1r\u00f3, Csolnok, Esztergom-kertv\u00e1ros: h\u00edrek, programok\",\"publisher\":{\"@id\":\"https:\\\/\\\/dorogimedence.hu\\\/#organization\"},\"potentialAction\":[{\"@type\":\"SearchAction\",\"target\":{\"@type\":\"EntryPoint\",\"urlTemplate\":\"https:\\\/\\\/dorogimedence.hu\\\/?s={search_term_string}\"},\"query-input\":{\"@type\":\"PropertyValueSpecification\",\"valueRequired\":true,\"valueName\":\"search_term_string\"}}],\"inLanguage\":\"hu\"},{\"@type\":\"Organization\",\"@id\":\"https:\\\/\\\/dorogimedence.hu\\\/#organization\",\"name\":\"Dorogi-medence Region\u00e1lis H\u00edrport\u00e1l\",\"url\":\"https:\\\/\\\/dorogimedence.hu\\\/\",\"logo\":{\"@type\":\"ImageObject\",\"inLanguage\":\"hu\",\"@id\":\"https:\\\/\\\/dorogimedence.hu\\\/#\\\/schema\\\/logo\\\/image\\\/\",\"url\":\"https:\\\/\\\/dorogimedence.hu\\\/wp-content\\\/uploads\\\/2021\\\/04\\\/logo-feher-600.png\",\"contentUrl\":\"https:\\\/\\\/dorogimedence.hu\\\/wp-content\\\/uploads\\\/2021\\\/04\\\/logo-feher-600.png\",\"width\":600,\"height\":100,\"caption\":\"Dorogi-medence Region\u00e1lis H\u00edrport\u00e1l\"},\"image\":{\"@id\":\"https:\\\/\\\/dorogimedence.hu\\\/#\\\/schema\\\/logo\\\/image\\\/\"},\"sameAs\":[\"https:\\\/\\\/www.facebook.com\\\/dorogimedence\\\/\"]},{\"@type\":\"Person\",\"@id\":\"https:\\\/\\\/dorogimedence.hu\\\/#\\\/schema\\\/person\\\/ce6091eeb7e95ecdc87890d6aa8e0fd4\",\"name\":\"dorogimedence.hu\",\"image\":{\"@type\":\"ImageObject\",\"inLanguage\":\"hu\",\"@id\":\"\\\/\\\/www.gravatar.com\\\/avatar\\\/d8d45f8901aadff40a4af72c0b826f1d?s=96&#038;r=g&#038;d=mm\",\"url\":\"\\\/\\\/www.gravatar.com\\\/avatar\\\/d8d45f8901aadff40a4af72c0b826f1d?s=96&#038;r=g&#038;d=mm\",\"contentUrl\":\"\\\/\\\/www.gravatar.com\\\/avatar\\\/d8d45f8901aadff40a4af72c0b826f1d?s=96&#038;r=g&#038;d=mm\",\"caption\":\"dorogimedence.hu\"}}]}<\/script>\n<!-- \/ Yoast SEO plugin. -->","yoast_head_json":{"title":"Sikeres volt a T\u00e1rsash\u00e1zak napja Esztergomban is","robots":{"index":"index","follow":"follow","max-snippet":"max-snippet:-1","max-image-preview":"max-image-preview:large","max-video-preview":"max-video-preview:-1"},"canonical":"https:\/\/dorogimedence.hu\/index.php\/2017\/09\/28\/sikeres-volt-a-tarsashazak-napja-esztergomban-is\/","og_locale":"hu_HU","og_type":"article","og_title":"Sikeres volt a T\u00e1rsash\u00e1zak napja Esztergomban is","og_description":"Orsz\u00e1gosan csaknem ezer, t\u00f6bbs\u00e9g\u00e9ben t\u00e1rsash\u00e1zi k\u00f6z\u00f6s k\u00e9pvisel\u0151 vett r\u00e9szt meghirdetett \u201eT\u00e1rsash\u00e1zak napja\u201d c\u00edm\u0171 konzult\u00e1ci\u00f3s programsorozaton, amelynek sor\u00e1n valamennyi \u00e9rdekl\u0151d\u0151 el\u0151tt nyitva \u00e1lltak a katasztr\u00f3fav\u00e9delmi kirendelts\u00e9gek, k\u00f6zt\u00fck az esztergomi is. Az esem\u00e9nysorozatra \u00e9rkez\u0151k k\u00f6z\u00fcl a legt\u00f6bben a lak\u00f3\u00e9p\u00fcletek k\u00f6zleked\u0151inek r\u00e1csos lez\u00e1r\u00e1s\u00e1val kapcsolatban k\u00e9rdez\u0151sk\u00f6dtek. Megy\u00e9nkben k\u00e9t helysz\u00ednen, Tatab\u00e1ny\u00e1n \u00e9s Esztergomban a katasztr\u00f3fav\u00e9delmi kirendelts\u00e9geken v\u00e1rt\u00e1k a t\u00e1rsash\u00e1zak k\u00f6z\u00f6s","og_url":"https:\/\/dorogimedence.hu\/index.php\/2017\/09\/28\/sikeres-volt-a-tarsashazak-napja-esztergomban-is\/","og_site_name":"Dorogi-medence Region\u00e1lis H\u00edrport\u00e1l","article_publisher":"https:\/\/www.facebook.com\/dorogimedence\/","article_published_time":"2017-09-28T13:20:14+00:00","og_image":[{"width":670,"height":365,"url":"https:\/\/i0.wp.com\/dorogimedence.hu\/wp-content\/uploads\/2017\/09\/tarsashazak-01.jpg?fit=670%2C365&ssl=1","type":"image\/jpeg"}],"author":"dorogimedence.hu","twitter_card":"summary_large_image","twitter_misc":{"Szerz\u0151:":"dorogimedence.hu","Becs\u00fclt olvas\u00e1si id\u0151":"2 perc"},"schema":{"@context":"https:\/\/schema.org","@graph":[{"@type":"Article","@id":"https:\/\/dorogimedence.hu\/index.php\/2017\/09\/28\/sikeres-volt-a-tarsashazak-napja-esztergomban-is\/#article","isPartOf":{"@id":"https:\/\/dorogimedence.hu\/index.php\/2017\/09\/28\/sikeres-volt-a-tarsashazak-napja-esztergomban-is\/"},"author":{"name":"dorogimedence.hu","@id":"https:\/\/dorogimedence.hu\/#\/schema\/person\/ce6091eeb7e95ecdc87890d6aa8e0fd4"},"headline":"Sikeres volt a T\u00e1rsash\u00e1zak napja Esztergomban is","datePublished":"2017-09-28T13:20:14+00:00","mainEntityOfPage":{"@id":"https:\/\/dorogimedence.hu\/index.php\/2017\/09\/28\/sikeres-volt-a-tarsashazak-napja-esztergomban-is\/"},"wordCount":460,"publisher":{"@id":"https:\/\/dorogimedence.hu\/#organization"},"image":{"@id":"https:\/\/dorogimedence.hu\/index.php\/2017\/09\/28\/sikeres-volt-a-tarsashazak-napja-esztergomban-is\/#primaryimage"},"thumbnailUrl":"https:\/\/dorogimedence.hu\/wp-content\/uploads\/2017\/09\/tarsashazak-01.jpg","keywords":["balesetmegel\u0151z\u00e9s","katasztr\u00f3fav\u00e9delem","t\u00e1rsash\u00e1zak napja"],"articleSection":["Esztergom","H\u00edrek"],"inLanguage":"hu"},{"@type":"WebPage","@id":"https:\/\/dorogimedence.hu\/index.php\/2017\/09\/28\/sikeres-volt-a-tarsashazak-napja-esztergomban-is\/","url":"https:\/\/dorogimedence.hu\/index.php\/2017\/09\/28\/sikeres-volt-a-tarsashazak-napja-esztergomban-is\/","name":"Sikeres volt a T\u00e1rsash\u00e1zak napja Esztergomban is","isPartOf":{"@id":"https:\/\/dorogimedence.hu\/#website"},"primaryImageOfPage":{"@id":"https:\/\/dorogimedence.hu\/index.php\/2017\/09\/28\/sikeres-volt-a-tarsashazak-napja-esztergomban-is\/#primaryimage"},"image":{"@id":"https:\/\/dorogimedence.hu\/index.php\/2017\/09\/28\/sikeres-volt-a-tarsashazak-napja-esztergomban-is\/#primaryimage"},"thumbnailUrl":"https:\/\/dorogimedence.hu\/wp-content\/uploads\/2017\/09\/tarsashazak-01.jpg","datePublished":"2017-09-28T13:20:14+00:00","breadcrumb":{"@id":"https:\/\/dorogimedence.hu\/index.php\/2017\/09\/28\/sikeres-volt-a-tarsashazak-napja-esztergomban-is\/#breadcrumb"},"inLanguage":"hu","potentialAction":[{"@type":"ReadAction","target":["https:\/\/dorogimedence.hu\/index.php\/2017\/09\/28\/sikeres-volt-a-tarsashazak-napja-esztergomban-is\/"]}]},{"@type":"ImageObject","inLanguage":"hu","@id":"https:\/\/dorogimedence.hu\/index.php\/2017\/09\/28\/sikeres-volt-a-tarsashazak-napja-esztergomban-is\/#primaryimage","url":"https:\/\/dorogimedence.hu\/wp-content\/uploads\/2017\/09\/tarsashazak-01.jpg","contentUrl":"https:\/\/dorogimedence.hu\/wp-content\/uploads\/2017\/09\/tarsashazak-01.jpg","width":670,"height":365},{"@type":"BreadcrumbList","@id":"https:\/\/dorogimedence.hu\/index.php\/2017\/09\/28\/sikeres-volt-a-tarsashazak-napja-esztergomban-is\/#breadcrumb","itemListElement":[{"@type":"ListItem","position":1,"name":"Kezd\u0151lap","item":"https:\/\/dorogimedence.hu\/"},{"@type":"ListItem","position":2,"name":"Sikeres volt a T\u00e1rsash\u00e1zak napja Esztergomban is"}]},{"@type":"WebSite","@id":"https:\/\/dorogimedence.hu\/#website","url":"https:\/\/dorogimedence.hu\/","name":"Dorogi-medence Region\u00e1lis H\u00edrport\u00e1l","description":"Dorog, Keszt\u00f6lc, Le\u00e1nyv\u00e1r, Piliscs\u00e9v, Tokod, Tokodalt\u00e1r\u00f3, Csolnok, Esztergom-kertv\u00e1ros: h\u00edrek, programok","publisher":{"@id":"https:\/\/dorogimedence.hu\/#organization"},"potentialAction":[{"@type":"SearchAction","target":{"@type":"EntryPoint","urlTemplate":"https:\/\/dorogimedence.hu\/?s={search_term_string}"},"query-input":{"@type":"PropertyValueSpecification","valueRequired":true,"valueName":"search_term_string"}}],"inLanguage":"hu"},{"@type":"Organization","@id":"https:\/\/dorogimedence.hu\/#organization","name":"Dorogi-medence Region\u00e1lis H\u00edrport\u00e1l","url":"https:\/\/dorogimedence.hu\/","logo":{"@type":"ImageObject","inLanguage":"hu","@id":"https:\/\/dorogimedence.hu\/#\/schema\/logo\/image\/","url":"https:\/\/dorogimedence.hu\/wp-content\/uploads\/2021\/04\/logo-feher-600.png","contentUrl":"https:\/\/dorogimedence.hu\/wp-content\/uploads\/2021\/04\/logo-feher-600.png","width":600,"height":100,"caption":"Dorogi-medence Region\u00e1lis H\u00edrport\u00e1l"},"image":{"@id":"https:\/\/dorogimedence.hu\/#\/schema\/logo\/image\/"},"sameAs":["https:\/\/www.facebook.com\/dorogimedence\/"]},{"@type":"Person","@id":"https:\/\/dorogimedence.hu\/#\/schema\/person\/ce6091eeb7e95ecdc87890d6aa8e0fd4","name":"dorogimedence.hu","image":{"@type":"ImageObject","inLanguage":"hu","@id":"\/\/www.gravatar.com\/avatar\/d8d45f8901aadff40a4af72c0b826f1d?s=96&#038;r=g&#038;d=mm","url":"\/\/www.gravatar.com\/avatar\/d8d45f8901aadff40a4af72c0b826f1d?s=96&#038;r=g&#038;d=mm","contentUrl":"\/\/www.gravatar.com\/avatar\/d8d45f8901aadff40a4af72c0b826f1d?s=96&#038;r=g&#038;d=mm","caption":"dorogimedence.hu"}}]}},"_links":{"self":[{"href":"https:\/\/dorogimedence.hu\/index.php\/wp-json\/wp\/v2\/posts\/5919","targetHints":{"allow":["GET"]}}],"collection":[{"href":"https:\/\/dorogimedence.hu\/index.php\/wp-json\/wp\/v2\/posts"}],"about":[{"href":"https:\/\/dorogimedence.hu\/index.php\/wp-json\/wp\/v2\/types\/post"}],"author":[{"embeddable":true,"href":"https:\/\/dorogimedence.hu\/index.php\/wp-json\/wp\/v2\/users\/1"}],"replies":[{"embeddable":true,"href":"https:\/\/dorogimedence.hu\/index.php\/wp-json\/wp\/v2\/comments?post=5919"}],"version-history":[{"count":0,"href":"https:\/\/dorogimedence.hu\/index.php\/wp-json\/wp\/v2\/posts\/5919\/revisions"}],"wp:featuredmedia":[{"embeddable":true,"href":"https:\/\/dorogimedence.hu\/index.php\/wp-json\/wp\/v2\/media\/5920"}],"wp:attachment":[{"href":"https:\/\/dorogimedence.hu\/index.php\/wp-json\/wp\/v2\/media?parent=5919"}],"wp:term":[{"taxonomy":"category","embeddable":true,"href":"https:\/\/dorogimedence.hu\/index.php\/wp-json\/wp\/v2\/categories?post=5919"},{"taxonomy":"post_tag","embeddable":true,"href":"https:\/\/dorogimedence.hu\/index.php\/wp-json\/wp\/v2\/tags?post=5919"}],"curies":[{"name":"wp","href":"https:\/\/api.w.org\/{rel}","templated":true}]}}