{"id":59188,"date":"2024-01-22T15:36:25","date_gmt":"2024-01-22T14:36:25","guid":{"rendered":"https:\/\/dorogimedence.hu\/?p=59188"},"modified":"2024-01-22T15:36:25","modified_gmt":"2024-01-22T14:36:25","slug":"eletveszelyes-a-tavak-jegere-lepni","status":"publish","type":"post","link":"https:\/\/dorogimedence.hu\/index.php\/2024\/01\/22\/eletveszelyes-a-tavak-jegere-lepni\/","title":{"rendered":"\u00c9letvesz\u00e9lyes a tavak jeg\u00e9re l\u00e9pni"},"content":{"rendered":"<p><strong>Hivatalosan 10 centim\u00e9teres j\u00e9gvastags\u00e1g el\u00e9r\u00e9se ut\u00e1n enged\u00e9lyezhet\u0151 a tavak jeg\u00e9nek haszn\u00e1lata<\/strong> <em>\u2013 h\u00edvta fel a figyelmet az esztergomi Vasas Horg\u00e1sz Egyes\u00fclet.<\/em><\/p>\n<p>Az egyes\u00fclet a k\u00f6z\u00f6ss\u00e9gi oldal\u00e1n azt \u00edrta, hogy a b\u00fab\u00e1natv\u00f6lgyi Kerek-t\u00f3n\u00e1l szombaton v\u00e9geztek pr\u00f3baf\u00far\u00e1st, amib\u0151l kider\u00fclt, hogy a t\u00f3rendszeren \u00e1tlagosan 4 cm vastags\u00e1g\u00fa a j\u00e9g, \u00edgy megk\u00e9rnek mindenkit, hogy v\u00e9letlen\u00fcl se l\u00e9pjenek a t\u00f3 jeg\u00e9re, mert \u00e9letvesz\u00e9lyes.<\/p>\n<p>\u201eTov\u00e1bbi probl\u00e9ma, hogy a j\u00e9gre a k\u00f6vez\u00e9ses v\u00e9dm\u0171 megbont\u00e1s\u00e1b\u00f3l sz\u00e1rmaz\u00f3 k\u00f6vet dob\u00e1lnak. A v\u00e9dm\u0171 megbont\u00e1sa nem szab\u00e1lys\u00e9rt\u00e9s, hanem b\u0171ncselekm\u00e9ny! Egy\u00e9bk\u00e9nt az olvad\u00e1s ut\u00e1n a t\u00f3 fenek\u00e9re ker\u00fcl\u0151 k\u00f6vek ellehetetlen\u00edtik a lehal\u00e1sz\u00e1st is, mivel a h\u00e1l\u00f3t megakasztj\u00e1k. Nagyon k\u00e9rj\u00fck ezeknek a figyelembev\u00e9tel\u00e9t.\u201d \u2013 tett\u00e9k hozz\u00e1.<\/p>\n<p><img fetchpriority=\"high\" decoding=\"async\" class=\"alignnone size-full wp-image-59189\" src=\"https:\/\/dorogimedence.hu\/wp-content\/uploads\/2024\/01\/420983365_768161702010992_1123747754284585420_n.jpg\" alt=\"\" width=\"1536\" height=\"2048\" srcset=\"https:\/\/dorogimedence.hu\/wp-content\/uploads\/2024\/01\/420983365_768161702010992_1123747754284585420_n.jpg 1536w, https:\/\/dorogimedence.hu\/wp-content\/uploads\/2024\/01\/420983365_768161702010992_1123747754284585420_n-450x600.jpg 450w, https:\/\/dorogimedence.hu\/wp-content\/uploads\/2024\/01\/420983365_768161702010992_1123747754284585420_n-1440x1920.jpg 1440w, https:\/\/dorogimedence.hu\/wp-content\/uploads\/2024\/01\/420983365_768161702010992_1123747754284585420_n-768x1024.jpg 768w, https:\/\/dorogimedence.hu\/wp-content\/uploads\/2024\/01\/420983365_768161702010992_1123747754284585420_n-1152x1536.jpg 1152w, https:\/\/dorogimedence.hu\/wp-content\/uploads\/2024\/01\/420983365_768161702010992_1123747754284585420_n-150x200.jpg 150w, https:\/\/dorogimedence.hu\/wp-content\/uploads\/2024\/01\/420983365_768161702010992_1123747754284585420_n-1200x1600.jpg 1200w\" sizes=\"(max-width: 1536px) 100vw, 1536px\" \/><\/p>\n<p><em>Fot\u00f3k, forr\u00e1s: B\u00fab\u00e1natv\u00f6lgy Kerek-t\u00f3 Facebook oldal<\/em><\/p>\n","protected":false},"excerpt":{"rendered":"<p>Hivatalosan 10 centim\u00e9teres j\u00e9gvastags\u00e1g el\u00e9r\u00e9se ut\u00e1n enged\u00e9lyezhet\u0151 a tavak jeg\u00e9nek haszn\u00e1lata \u2013 h\u00edvta fel a figyelmet az esztergomi Vasas Horg\u00e1sz Egyes\u00fclet. Az egyes\u00fclet a k\u00f6z\u00f6ss\u00e9gi oldal\u00e1n azt \u00edrta, hogy a b\u00fab\u00e1natv\u00f6lgyi Kerek-t\u00f3n\u00e1l szombaton v\u00e9geztek pr\u00f3baf\u00far\u00e1st, amib\u0151l kider\u00fclt, hogy a t\u00f3rendszeren \u00e1tlagosan 4 cm vastags\u00e1g\u00fa a j\u00e9g, \u00edgy megk\u00e9rnek mindenkit, hogy v\u00e9letlen\u00fcl se l\u00e9pjenek a t\u00f3<\/p>\n","protected":false},"author":1,"featured_media":59190,"comment_status":"closed","ping_status":"closed","sticky":false,"template":"","format":"standard","meta":{"ngg_post_thumbnail":0,"footnotes":""},"categories":[38,3],"tags":[600,42,7660,601,4723],"class_list":{"0":"post-59188","1":"post","2":"type-post","3":"status-publish","4":"format-standard","5":"has-post-thumbnail","7":"category-esztergom","8":"category-hirek","9":"tag-bubanatvolgy","10":"tag-esztergom","11":"tag-jeg","12":"tag-kerek-to","13":"tag-vasas-horgasz-egyesulet"},"yoast_head":"<!-- This site is optimized with the Yoast SEO plugin v27.5 - https:\/\/yoast.com\/product\/yoast-seo-wordpress\/ -->\n<title>\u00c9letvesz\u00e9lyes a tavak jeg\u00e9re l\u00e9pni<\/title>\n<meta name=\"robots\" content=\"index, follow, max-snippet:-1, max-image-preview:large, max-video-preview:-1\" \/>\n<link rel=\"canonical\" href=\"https:\/\/dorogimedence.hu\/index.php\/2024\/01\/22\/eletveszelyes-a-tavak-jegere-lepni\/\" class=\"yoast-seo-meta-tag\" \/>\n<meta property=\"og:locale\" content=\"hu_HU\" class=\"yoast-seo-meta-tag\" \/>\n<meta property=\"og:type\" content=\"article\" class=\"yoast-seo-meta-tag\" \/>\n<meta property=\"og:title\" content=\"\u00c9letvesz\u00e9lyes a tavak jeg\u00e9re l\u00e9pni\" class=\"yoast-seo-meta-tag\" \/>\n<meta property=\"og:description\" content=\"Hivatalosan 10 centim\u00e9teres j\u00e9gvastags\u00e1g el\u00e9r\u00e9se ut\u00e1n enged\u00e9lyezhet\u0151 a tavak jeg\u00e9nek haszn\u00e1lata \u2013 h\u00edvta fel a figyelmet az esztergomi Vasas Horg\u00e1sz Egyes\u00fclet. Az egyes\u00fclet a k\u00f6z\u00f6ss\u00e9gi oldal\u00e1n azt \u00edrta, hogy a b\u00fab\u00e1natv\u00f6lgyi Kerek-t\u00f3n\u00e1l szombaton v\u00e9geztek pr\u00f3baf\u00far\u00e1st, amib\u0151l kider\u00fclt, hogy a t\u00f3rendszeren \u00e1tlagosan 4 cm vastags\u00e1g\u00fa a j\u00e9g, \u00edgy megk\u00e9rnek mindenkit, hogy v\u00e9letlen\u00fcl se l\u00e9pjenek a t\u00f3\" class=\"yoast-seo-meta-tag\" \/>\n<meta property=\"og:url\" content=\"https:\/\/dorogimedence.hu\/index.php\/2024\/01\/22\/eletveszelyes-a-tavak-jegere-lepni\/\" class=\"yoast-seo-meta-tag\" \/>\n<meta property=\"og:site_name\" content=\"Dorogi-medence Region\u00e1lis H\u00edrport\u00e1l\" class=\"yoast-seo-meta-tag\" \/>\n<meta property=\"article:publisher\" content=\"https:\/\/www.facebook.com\/dorogimedence\/\" class=\"yoast-seo-meta-tag\" \/>\n<meta property=\"article:published_time\" content=\"2024-01-22T14:36:25+00:00\" class=\"yoast-seo-meta-tag\" \/>\n<meta property=\"og:image\" content=\"https:\/\/dorogimedence.hu\/wp-content\/uploads\/2024\/01\/420894762_768161708677658_4752113343044204581_n.jpg\" class=\"yoast-seo-meta-tag\" \/>\n\t<meta property=\"og:image:width\" content=\"2048\" class=\"yoast-seo-meta-tag\" \/>\n\t<meta property=\"og:image:height\" content=\"1536\" class=\"yoast-seo-meta-tag\" \/>\n\t<meta property=\"og:image:type\" content=\"image\/jpeg\" class=\"yoast-seo-meta-tag\" \/>\n<meta name=\"author\" content=\"dorogimedence.hu\" class=\"yoast-seo-meta-tag\" \/>\n<meta name=\"twitter:card\" content=\"summary_large_image\" class=\"yoast-seo-meta-tag\" \/>\n<meta name=\"twitter:label1\" content=\"Szerz\u0151:\" class=\"yoast-seo-meta-tag\" \/>\n\t<meta name=\"twitter:data1\" content=\"dorogimedence.hu\" class=\"yoast-seo-meta-tag\" \/>\n\t<meta name=\"twitter:label2\" content=\"Becs\u00fclt olvas\u00e1si id\u0151\" class=\"yoast-seo-meta-tag\" \/>\n\t<meta name=\"twitter:data2\" content=\"1 perc\" class=\"yoast-seo-meta-tag\" \/>\n<script type=\"application\/ld+json\" class=\"yoast-schema-graph\">{\"@context\":\"https:\\\/\\\/schema.org\",\"@graph\":[{\"@type\":\"Article\",\"@id\":\"https:\\\/\\\/dorogimedence.hu\\\/index.php\\\/2024\\\/01\\\/22\\\/eletveszelyes-a-tavak-jegere-lepni\\\/#article\",\"isPartOf\":{\"@id\":\"https:\\\/\\\/dorogimedence.hu\\\/index.php\\\/2024\\\/01\\\/22\\\/eletveszelyes-a-tavak-jegere-lepni\\\/\"},\"author\":{\"name\":\"dorogimedence.hu\",\"@id\":\"https:\\\/\\\/dorogimedence.hu\\\/#\\\/schema\\\/person\\\/ce6091eeb7e95ecdc87890d6aa8e0fd4\"},\"headline\":\"\u00c9letvesz\u00e9lyes a tavak jeg\u00e9re l\u00e9pni\",\"datePublished\":\"2024-01-22T14:36:25+00:00\",\"mainEntityOfPage\":{\"@id\":\"https:\\\/\\\/dorogimedence.hu\\\/index.php\\\/2024\\\/01\\\/22\\\/eletveszelyes-a-tavak-jegere-lepni\\\/\"},\"wordCount\":191,\"publisher\":{\"@id\":\"https:\\\/\\\/dorogimedence.hu\\\/#organization\"},\"image\":{\"@id\":\"https:\\\/\\\/dorogimedence.hu\\\/index.php\\\/2024\\\/01\\\/22\\\/eletveszelyes-a-tavak-jegere-lepni\\\/#primaryimage\"},\"thumbnailUrl\":\"https:\\\/\\\/dorogimedence.hu\\\/wp-content\\\/uploads\\\/2024\\\/01\\\/420894762_768161708677658_4752113343044204581_n.jpg\",\"keywords\":[\"B\u00fab\u00e1natv\u00f6lgy\",\"esztergom\",\"j\u00e9g\",\"Kerek-t\u00f3\",\"Vasas Horg\u00e1sz Egyes\u00fclet\"],\"articleSection\":[\"Esztergom\",\"H\u00edrek\"],\"inLanguage\":\"hu\"},{\"@type\":\"WebPage\",\"@id\":\"https:\\\/\\\/dorogimedence.hu\\\/index.php\\\/2024\\\/01\\\/22\\\/eletveszelyes-a-tavak-jegere-lepni\\\/\",\"url\":\"https:\\\/\\\/dorogimedence.hu\\\/index.php\\\/2024\\\/01\\\/22\\\/eletveszelyes-a-tavak-jegere-lepni\\\/\",\"name\":\"\u00c9letvesz\u00e9lyes a tavak jeg\u00e9re l\u00e9pni\",\"isPartOf\":{\"@id\":\"https:\\\/\\\/dorogimedence.hu\\\/#website\"},\"primaryImageOfPage\":{\"@id\":\"https:\\\/\\\/dorogimedence.hu\\\/index.php\\\/2024\\\/01\\\/22\\\/eletveszelyes-a-tavak-jegere-lepni\\\/#primaryimage\"},\"image\":{\"@id\":\"https:\\\/\\\/dorogimedence.hu\\\/index.php\\\/2024\\\/01\\\/22\\\/eletveszelyes-a-tavak-jegere-lepni\\\/#primaryimage\"},\"thumbnailUrl\":\"https:\\\/\\\/dorogimedence.hu\\\/wp-content\\\/uploads\\\/2024\\\/01\\\/420894762_768161708677658_4752113343044204581_n.jpg\",\"datePublished\":\"2024-01-22T14:36:25+00:00\",\"breadcrumb\":{\"@id\":\"https:\\\/\\\/dorogimedence.hu\\\/index.php\\\/2024\\\/01\\\/22\\\/eletveszelyes-a-tavak-jegere-lepni\\\/#breadcrumb\"},\"inLanguage\":\"hu\",\"potentialAction\":[{\"@type\":\"ReadAction\",\"target\":[\"https:\\\/\\\/dorogimedence.hu\\\/index.php\\\/2024\\\/01\\\/22\\\/eletveszelyes-a-tavak-jegere-lepni\\\/\"]}]},{\"@type\":\"ImageObject\",\"inLanguage\":\"hu\",\"@id\":\"https:\\\/\\\/dorogimedence.hu\\\/index.php\\\/2024\\\/01\\\/22\\\/eletveszelyes-a-tavak-jegere-lepni\\\/#primaryimage\",\"url\":\"https:\\\/\\\/dorogimedence.hu\\\/wp-content\\\/uploads\\\/2024\\\/01\\\/420894762_768161708677658_4752113343044204581_n.jpg\",\"contentUrl\":\"https:\\\/\\\/dorogimedence.hu\\\/wp-content\\\/uploads\\\/2024\\\/01\\\/420894762_768161708677658_4752113343044204581_n.jpg\",\"width\":2048,\"height\":1536},{\"@type\":\"BreadcrumbList\",\"@id\":\"https:\\\/\\\/dorogimedence.hu\\\/index.php\\\/2024\\\/01\\\/22\\\/eletveszelyes-a-tavak-jegere-lepni\\\/#breadcrumb\",\"itemListElement\":[{\"@type\":\"ListItem\",\"position\":1,\"name\":\"Kezd\u0151lap\",\"item\":\"https:\\\/\\\/dorogimedence.hu\\\/\"},{\"@type\":\"ListItem\",\"position\":2,\"name\":\"\u00c9letvesz\u00e9lyes a tavak jeg\u00e9re l\u00e9pni\"}]},{\"@type\":\"WebSite\",\"@id\":\"https:\\\/\\\/dorogimedence.hu\\\/#website\",\"url\":\"https:\\\/\\\/dorogimedence.hu\\\/\",\"name\":\"Dorogi-medence Region\u00e1lis H\u00edrport\u00e1l\",\"description\":\"Dorog, Keszt\u00f6lc, Le\u00e1nyv\u00e1r, Piliscs\u00e9v, Tokod, Tokodalt\u00e1r\u00f3, Csolnok, Esztergom-kertv\u00e1ros: h\u00edrek, programok\",\"publisher\":{\"@id\":\"https:\\\/\\\/dorogimedence.hu\\\/#organization\"},\"potentialAction\":[{\"@type\":\"SearchAction\",\"target\":{\"@type\":\"EntryPoint\",\"urlTemplate\":\"https:\\\/\\\/dorogimedence.hu\\\/?s={search_term_string}\"},\"query-input\":{\"@type\":\"PropertyValueSpecification\",\"valueRequired\":true,\"valueName\":\"search_term_string\"}}],\"inLanguage\":\"hu\"},{\"@type\":\"Organization\",\"@id\":\"https:\\\/\\\/dorogimedence.hu\\\/#organization\",\"name\":\"Dorogi-medence Region\u00e1lis H\u00edrport\u00e1l\",\"url\":\"https:\\\/\\\/dorogimedence.hu\\\/\",\"logo\":{\"@type\":\"ImageObject\",\"inLanguage\":\"hu\",\"@id\":\"https:\\\/\\\/dorogimedence.hu\\\/#\\\/schema\\\/logo\\\/image\\\/\",\"url\":\"https:\\\/\\\/dorogimedence.hu\\\/wp-content\\\/uploads\\\/2021\\\/04\\\/logo-feher-600.png\",\"contentUrl\":\"https:\\\/\\\/dorogimedence.hu\\\/wp-content\\\/uploads\\\/2021\\\/04\\\/logo-feher-600.png\",\"width\":600,\"height\":100,\"caption\":\"Dorogi-medence Region\u00e1lis H\u00edrport\u00e1l\"},\"image\":{\"@id\":\"https:\\\/\\\/dorogimedence.hu\\\/#\\\/schema\\\/logo\\\/image\\\/\"},\"sameAs\":[\"https:\\\/\\\/www.facebook.com\\\/dorogimedence\\\/\"]},{\"@type\":\"Person\",\"@id\":\"https:\\\/\\\/dorogimedence.hu\\\/#\\\/schema\\\/person\\\/ce6091eeb7e95ecdc87890d6aa8e0fd4\",\"name\":\"dorogimedence.hu\",\"image\":{\"@type\":\"ImageObject\",\"inLanguage\":\"hu\",\"@id\":\"\\\/\\\/www.gravatar.com\\\/avatar\\\/d8d45f8901aadff40a4af72c0b826f1d?s=96&#038;r=g&#038;d=mm\",\"url\":\"\\\/\\\/www.gravatar.com\\\/avatar\\\/d8d45f8901aadff40a4af72c0b826f1d?s=96&#038;r=g&#038;d=mm\",\"contentUrl\":\"\\\/\\\/www.gravatar.com\\\/avatar\\\/d8d45f8901aadff40a4af72c0b826f1d?s=96&#038;r=g&#038;d=mm\",\"caption\":\"dorogimedence.hu\"}}]}<\/script>\n<!-- \/ Yoast SEO plugin. -->","yoast_head_json":{"title":"\u00c9letvesz\u00e9lyes a tavak jeg\u00e9re l\u00e9pni","robots":{"index":"index","follow":"follow","max-snippet":"max-snippet:-1","max-image-preview":"max-image-preview:large","max-video-preview":"max-video-preview:-1"},"canonical":"https:\/\/dorogimedence.hu\/index.php\/2024\/01\/22\/eletveszelyes-a-tavak-jegere-lepni\/","og_locale":"hu_HU","og_type":"article","og_title":"\u00c9letvesz\u00e9lyes a tavak jeg\u00e9re l\u00e9pni","og_description":"Hivatalosan 10 centim\u00e9teres j\u00e9gvastags\u00e1g el\u00e9r\u00e9se ut\u00e1n enged\u00e9lyezhet\u0151 a tavak jeg\u00e9nek haszn\u00e1lata \u2013 h\u00edvta fel a figyelmet az esztergomi Vasas Horg\u00e1sz Egyes\u00fclet. Az egyes\u00fclet a k\u00f6z\u00f6ss\u00e9gi oldal\u00e1n azt \u00edrta, hogy a b\u00fab\u00e1natv\u00f6lgyi Kerek-t\u00f3n\u00e1l szombaton v\u00e9geztek pr\u00f3baf\u00far\u00e1st, amib\u0151l kider\u00fclt, hogy a t\u00f3rendszeren \u00e1tlagosan 4 cm vastags\u00e1g\u00fa a j\u00e9g, \u00edgy megk\u00e9rnek mindenkit, hogy v\u00e9letlen\u00fcl se l\u00e9pjenek a t\u00f3","og_url":"https:\/\/dorogimedence.hu\/index.php\/2024\/01\/22\/eletveszelyes-a-tavak-jegere-lepni\/","og_site_name":"Dorogi-medence Region\u00e1lis H\u00edrport\u00e1l","article_publisher":"https:\/\/www.facebook.com\/dorogimedence\/","article_published_time":"2024-01-22T14:36:25+00:00","og_image":[{"width":2048,"height":1536,"url":"https:\/\/dorogimedence.hu\/wp-content\/uploads\/2024\/01\/420894762_768161708677658_4752113343044204581_n.jpg","type":"image\/jpeg"}],"author":"dorogimedence.hu","twitter_card":"summary_large_image","twitter_misc":{"Szerz\u0151:":"dorogimedence.hu","Becs\u00fclt olvas\u00e1si id\u0151":"1 perc"},"schema":{"@context":"https:\/\/schema.org","@graph":[{"@type":"Article","@id":"https:\/\/dorogimedence.hu\/index.php\/2024\/01\/22\/eletveszelyes-a-tavak-jegere-lepni\/#article","isPartOf":{"@id":"https:\/\/dorogimedence.hu\/index.php\/2024\/01\/22\/eletveszelyes-a-tavak-jegere-lepni\/"},"author":{"name":"dorogimedence.hu","@id":"https:\/\/dorogimedence.hu\/#\/schema\/person\/ce6091eeb7e95ecdc87890d6aa8e0fd4"},"headline":"\u00c9letvesz\u00e9lyes a tavak jeg\u00e9re l\u00e9pni","datePublished":"2024-01-22T14:36:25+00:00","mainEntityOfPage":{"@id":"https:\/\/dorogimedence.hu\/index.php\/2024\/01\/22\/eletveszelyes-a-tavak-jegere-lepni\/"},"wordCount":191,"publisher":{"@id":"https:\/\/dorogimedence.hu\/#organization"},"image":{"@id":"https:\/\/dorogimedence.hu\/index.php\/2024\/01\/22\/eletveszelyes-a-tavak-jegere-lepni\/#primaryimage"},"thumbnailUrl":"https:\/\/dorogimedence.hu\/wp-content\/uploads\/2024\/01\/420894762_768161708677658_4752113343044204581_n.jpg","keywords":["B\u00fab\u00e1natv\u00f6lgy","esztergom","j\u00e9g","Kerek-t\u00f3","Vasas Horg\u00e1sz Egyes\u00fclet"],"articleSection":["Esztergom","H\u00edrek"],"inLanguage":"hu"},{"@type":"WebPage","@id":"https:\/\/dorogimedence.hu\/index.php\/2024\/01\/22\/eletveszelyes-a-tavak-jegere-lepni\/","url":"https:\/\/dorogimedence.hu\/index.php\/2024\/01\/22\/eletveszelyes-a-tavak-jegere-lepni\/","name":"\u00c9letvesz\u00e9lyes a tavak jeg\u00e9re l\u00e9pni","isPartOf":{"@id":"https:\/\/dorogimedence.hu\/#website"},"primaryImageOfPage":{"@id":"https:\/\/dorogimedence.hu\/index.php\/2024\/01\/22\/eletveszelyes-a-tavak-jegere-lepni\/#primaryimage"},"image":{"@id":"https:\/\/dorogimedence.hu\/index.php\/2024\/01\/22\/eletveszelyes-a-tavak-jegere-lepni\/#primaryimage"},"thumbnailUrl":"https:\/\/dorogimedence.hu\/wp-content\/uploads\/2024\/01\/420894762_768161708677658_4752113343044204581_n.jpg","datePublished":"2024-01-22T14:36:25+00:00","breadcrumb":{"@id":"https:\/\/dorogimedence.hu\/index.php\/2024\/01\/22\/eletveszelyes-a-tavak-jegere-lepni\/#breadcrumb"},"inLanguage":"hu","potentialAction":[{"@type":"ReadAction","target":["https:\/\/dorogimedence.hu\/index.php\/2024\/01\/22\/eletveszelyes-a-tavak-jegere-lepni\/"]}]},{"@type":"ImageObject","inLanguage":"hu","@id":"https:\/\/dorogimedence.hu\/index.php\/2024\/01\/22\/eletveszelyes-a-tavak-jegere-lepni\/#primaryimage","url":"https:\/\/dorogimedence.hu\/wp-content\/uploads\/2024\/01\/420894762_768161708677658_4752113343044204581_n.jpg","contentUrl":"https:\/\/dorogimedence.hu\/wp-content\/uploads\/2024\/01\/420894762_768161708677658_4752113343044204581_n.jpg","width":2048,"height":1536},{"@type":"BreadcrumbList","@id":"https:\/\/dorogimedence.hu\/index.php\/2024\/01\/22\/eletveszelyes-a-tavak-jegere-lepni\/#breadcrumb","itemListElement":[{"@type":"ListItem","position":1,"name":"Kezd\u0151lap","item":"https:\/\/dorogimedence.hu\/"},{"@type":"ListItem","position":2,"name":"\u00c9letvesz\u00e9lyes a tavak jeg\u00e9re l\u00e9pni"}]},{"@type":"WebSite","@id":"https:\/\/dorogimedence.hu\/#website","url":"https:\/\/dorogimedence.hu\/","name":"Dorogi-medence Region\u00e1lis H\u00edrport\u00e1l","description":"Dorog, Keszt\u00f6lc, Le\u00e1nyv\u00e1r, Piliscs\u00e9v, Tokod, Tokodalt\u00e1r\u00f3, Csolnok, Esztergom-kertv\u00e1ros: h\u00edrek, programok","publisher":{"@id":"https:\/\/dorogimedence.hu\/#organization"},"potentialAction":[{"@type":"SearchAction","target":{"@type":"EntryPoint","urlTemplate":"https:\/\/dorogimedence.hu\/?s={search_term_string}"},"query-input":{"@type":"PropertyValueSpecification","valueRequired":true,"valueName":"search_term_string"}}],"inLanguage":"hu"},{"@type":"Organization","@id":"https:\/\/dorogimedence.hu\/#organization","name":"Dorogi-medence Region\u00e1lis H\u00edrport\u00e1l","url":"https:\/\/dorogimedence.hu\/","logo":{"@type":"ImageObject","inLanguage":"hu","@id":"https:\/\/dorogimedence.hu\/#\/schema\/logo\/image\/","url":"https:\/\/dorogimedence.hu\/wp-content\/uploads\/2021\/04\/logo-feher-600.png","contentUrl":"https:\/\/dorogimedence.hu\/wp-content\/uploads\/2021\/04\/logo-feher-600.png","width":600,"height":100,"caption":"Dorogi-medence Region\u00e1lis H\u00edrport\u00e1l"},"image":{"@id":"https:\/\/dorogimedence.hu\/#\/schema\/logo\/image\/"},"sameAs":["https:\/\/www.facebook.com\/dorogimedence\/"]},{"@type":"Person","@id":"https:\/\/dorogimedence.hu\/#\/schema\/person\/ce6091eeb7e95ecdc87890d6aa8e0fd4","name":"dorogimedence.hu","image":{"@type":"ImageObject","inLanguage":"hu","@id":"\/\/www.gravatar.com\/avatar\/d8d45f8901aadff40a4af72c0b826f1d?s=96&#038;r=g&#038;d=mm","url":"\/\/www.gravatar.com\/avatar\/d8d45f8901aadff40a4af72c0b826f1d?s=96&#038;r=g&#038;d=mm","contentUrl":"\/\/www.gravatar.com\/avatar\/d8d45f8901aadff40a4af72c0b826f1d?s=96&#038;r=g&#038;d=mm","caption":"dorogimedence.hu"}}]}},"_links":{"self":[{"href":"https:\/\/dorogimedence.hu\/index.php\/wp-json\/wp\/v2\/posts\/59188","targetHints":{"allow":["GET"]}}],"collection":[{"href":"https:\/\/dorogimedence.hu\/index.php\/wp-json\/wp\/v2\/posts"}],"about":[{"href":"https:\/\/dorogimedence.hu\/index.php\/wp-json\/wp\/v2\/types\/post"}],"author":[{"embeddable":true,"href":"https:\/\/dorogimedence.hu\/index.php\/wp-json\/wp\/v2\/users\/1"}],"replies":[{"embeddable":true,"href":"https:\/\/dorogimedence.hu\/index.php\/wp-json\/wp\/v2\/comments?post=59188"}],"version-history":[{"count":0,"href":"https:\/\/dorogimedence.hu\/index.php\/wp-json\/wp\/v2\/posts\/59188\/revisions"}],"wp:featuredmedia":[{"embeddable":true,"href":"https:\/\/dorogimedence.hu\/index.php\/wp-json\/wp\/v2\/media\/59190"}],"wp:attachment":[{"href":"https:\/\/dorogimedence.hu\/index.php\/wp-json\/wp\/v2\/media?parent=59188"}],"wp:term":[{"taxonomy":"category","embeddable":true,"href":"https:\/\/dorogimedence.hu\/index.php\/wp-json\/wp\/v2\/categories?post=59188"},{"taxonomy":"post_tag","embeddable":true,"href":"https:\/\/dorogimedence.hu\/index.php\/wp-json\/wp\/v2\/tags?post=59188"}],"curies":[{"name":"wp","href":"https:\/\/api.w.org\/{rel}","templated":true}]}}