{"id":59054,"date":"2024-01-19T17:33:45","date_gmt":"2024-01-19T16:33:45","guid":{"rendered":"https:\/\/dorogimedence.hu\/?p=59054"},"modified":"2024-01-19T17:33:45","modified_gmt":"2024-01-19T16:33:45","slug":"120-eve-szuletett-az-egykori-kivalo-valogatott-labdarugo-a-dorogi-ac-sikeres-edzoje-weber-lajos","status":"publish","type":"post","link":"https:\/\/dorogimedence.hu\/index.php\/2024\/01\/19\/120-eve-szuletett-az-egykori-kivalo-valogatott-labdarugo-a-dorogi-ac-sikeres-edzoje-weber-lajos\/","title":{"rendered":"120 \u00e9ve sz\u00fcletett az egykori kiv\u00e1l\u00f3 v\u00e1logatott labdar\u00fag\u00f3, a Dorogi AC sikeres edz\u0151je; W\u00e9ber Lajos"},"content":{"rendered":"<p style=\"text-align: justify;\"><em><strong>Eml\u00e9kcikk\u00fcnkkel az 1904. janu\u00e1r 19-\u00e9n sz\u00fcletett W\u00e9ber Lajos el\u0151tt tisztelg\u00fcnk, aki labdar\u00fag\u00f3k\u00e9nt t\u00f6bb neves honi \u00e9s egy sor ugyancsak jeles k\u00fclf\u00f6ldi csapatban is megfordult \u00e9s az 1920-as \u00e9vek m\u00e1sodik fel\u00e9ben magyar v\u00e1logatott is volt. K\u00e9s\u0151bb edz\u0151sk\u00f6d\u00f6tt is, amely sor\u00e1n \u00e9ppen Dorogon \u00e9rte el a legszebb siker\u00e9t, miut\u00e1n a klub t\u00f6rt\u00e9net\u00e9ben imm\u00e1r m\u00e1sodszor jutottak fel az els\u0151 oszt\u00e1lyba.<\/strong><\/em><\/p>\n<p style=\"text-align: justify;\">Budapesten l\u00e1tta meg a napvil\u00e1got \u00e9s a f\u0151v\u00e1rosban is kezdte p\u00e1lyafut\u00e1s\u00e1t a T\u00f6rekv\u00e9s SE csapat\u00e1ban a kiv\u00e1l\u00f3 k\u00f6z\u00e9pp\u00e1ly\u00e1s, m\u00e9gpedig a fedezet posztj\u00e1n. A tov\u00e1bbiakban volt a Szegedi B\u00e1stya, a Hung\u00e1ria \u00e9s a Ph\u00f6bus FC j\u00e1t\u00e9kosa, s l\u00e9gi\u00f3skodott t\u00f6bb ismert k\u00fclf\u00f6ldi egyes\u00fcletn\u00e9l is. \u00cdgy j\u00e1tszott a csehszlov\u00e1k Makkabi Brno, az olasz Bologna FC, a francia AC Paris \u00e9s a spanyol Deportivo Valladolid g\u00e1rd\u00e1j\u00e1ban. 1925 \u00e9s 1929 k\u00f6z\u00f6tt magyar v\u00e1logatott volt. Hatszor \u00f6lthette mag\u00e1ra a c\u00edmerest mezt \u00e9s p\u00e1ly\u00e1ra l\u00e9pett a nemzeti csapatunkban a legels\u0151 Eur\u00f3pa-kup\u00e1n, amely 1930-ban v\u00e9gz\u0151d\u00f6tt. A magyarok \u00fagy szerezt\u00e9k meg a 4. helyet, hogy mind\u00f6ssze k\u00e9t ponttal maradtak el a kupagy\u0151ztes olasz v\u00e1logatott\u00f3l.<\/p>\n<p><img fetchpriority=\"high\" decoding=\"async\" class=\"aligncenter wp-image-59052 size-full\" src=\"https:\/\/dorogimedence.hu\/wp-content\/uploads\/2024\/01\/Dorogi-AC-1948.jpg\" alt=\"\" width=\"762\" height=\"456\" srcset=\"https:\/\/dorogimedence.hu\/wp-content\/uploads\/2024\/01\/Dorogi-AC-1948.jpg 762w, https:\/\/dorogimedence.hu\/wp-content\/uploads\/2024\/01\/Dorogi-AC-1948-600x359.jpg 600w, https:\/\/dorogimedence.hu\/wp-content\/uploads\/2024\/01\/Dorogi-AC-1948-150x90.jpg 150w, https:\/\/dorogimedence.hu\/wp-content\/uploads\/2024\/01\/Dorogi-AC-1948-450x269.jpg 450w\" sizes=\"(max-width: 762px) 100vw, 762px\" \/><\/p>\n<p style=\"text-align: center;\"><em><span style=\"font-size: 10pt;\">A kit\u0171n\u0151 dorogi csapat 1948 nyar\u00e1n. Ezt a g\u00e1rd\u00e1t vette \u00e1t \u00e9s vezette az NB I-be W\u00e9ber Lajos egy \u00e9vvel k\u00e9s\u0151bb.<\/span><\/em><\/p>\n<p style=\"text-align: justify;\">1942-t\u0151l m\u00e1r edz\u0151k\u00e9nt tev\u00e9kenykedett \u00e9s k\u00f6zvetlen\u00fcl a Debreceni VSC-t\u0151l \u00e9rkezett Dorogra 1948 nyar\u00e1n. Egy kit\u0171n\u0151 csapatot vett \u00e1t Horv\u00e1th Ferenc vezet\u0151edz\u0151t\u0151l, amely \u00e9ppen csak lecs\u00faszott a feljut\u00e1sr\u00f3l, miut\u00e1n 2 ponttal elmaradva a m\u00e1sodik helyen v\u00e9gzett a bajnok Tatab\u00e1nya m\u00f6g\u00f6tt az NB II-ben. Nem sokon m\u00falott, hogy az 1947-es kies\u00e9st k\u00f6vet\u0151en \u00e9lb\u0151l siker\u00fclj\u00f6n a visszajut\u00e1s a legjobbak k\u00f6z\u00e9. W\u00e9berrel egy\u00e9rtelm\u0171 volt a c\u00e9lkit\u0171z\u00e9s: a k\u00f6vetkez\u0151 \u00e9vadban ki kell harcolni a visszajut\u00e1st. Ennek szellem\u00e9ben mindv\u00e9gig meghat\u00e1roz\u00f3ja volt a Dorog a mez\u0151nynek \u00e9s biztosan nyerte a bajnoks\u00e1got az id\u00e9ny v\u00e9g\u00e9n. A csapat nemcsak eredm\u00e9nyes volt, de g\u00f3lrat\u00f6r\u0151, l\u00e1tv\u00e1nyos j\u00e1t\u00e9k is jellemezte.<\/p>\n<p style=\"text-align: justify;\">A bajnoki c\u00edm \u00e9s az NB I-be val\u00f3 jut\u00e1s mellett k\u00e9t tov\u00e1bbi jelent\u0151s sikert is elk\u00f6nyvelhetett. 1949 tavasz\u00e1n a Dorogon vend\u00e9gesked\u0151 magyar v\u00e1logatott ellen vezethette fiait, a ny\u00e1ron pedig, a bajnoks\u00e1g megnyer\u00e9s\u00e9t k\u00f6vet\u0151en elnyert\u00e9k a Bajnokok bajnoka c\u00edmet is, miut\u00e1n a f\u0151v\u00e1rosban megrendez\u00e9sre ker\u00fcl\u0151 torna keret\u00e9n bel\u00fcl a t\u00f6bbi h\u00e1rom NB II-es csoport bajnoka ellen is f\u00f6l\u00e9nyesen diadalmaskodtak. A nagyszer\u0171 eredm\u00e9nyek ellen\u00e9re nem maradt Dorogon \u00e9s hely\u00e9t az NB I-ben indul\u00f3 csapat \u00e9l\u00e9n imm\u00e1r az egykori ugyancsak nagyszer\u0171 v\u00e1logatott j\u00e1t\u00e9kos, M\u00f3r\u00e9 J\u00e1nos vette \u00e1t. W\u00e9ber Lajos t\u00e1voz\u00e1s\u00e1val egy korszak is lez\u00e1rult Dorogon, ugyanis az addig Dorogi AC n\u00e9ven szerepelt dorogi egyes\u00fclet 1949 \u0151sz\u00e9t\u0151l a r\u00e1kosi-f\u00e9le politikai nyom\u00e1sra a Dorogi T\u00e1rna nevet kapta. W\u00e9ber Lajos sajnos igen fiatalon, 1959-ben, 55 esztend\u0151s kor\u00e1ban hunyt el.<\/p>\n<p>Bor\u00edt\u00f3k\u00e9p: W\u00e9ber Lajos portr\u00e9ja &#8211; forr\u00e1s: BD Futbol, Historical Soccer Database<\/p>\n<p><strong><em>Szab\u00f3 Gyula<\/em><\/strong><\/p>\n","protected":false},"excerpt":{"rendered":"<p>Eml\u00e9kcikk\u00fcnkkel az 1904. janu\u00e1r 19-\u00e9n sz\u00fcletett W\u00e9ber Lajos el\u0151tt tisztelg\u00fcnk, aki labdar\u00fag\u00f3k\u00e9nt t\u00f6bb neves honi \u00e9s egy sor ugyancsak jeles k\u00fclf\u00f6ldi csapatban is megfordult \u00e9s az 1920-as \u00e9vek m\u00e1sodik fel\u00e9ben magyar v\u00e1logatott is volt. K\u00e9s\u0151bb edz\u0151sk\u00f6d\u00f6tt is, amely sor\u00e1n \u00e9ppen Dorogon \u00e9rte el a legszebb siker\u00e9t, miut\u00e1n a klub t\u00f6rt\u00e9net\u00e9ben imm\u00e1r m\u00e1sodszor jutottak fel az<\/p>\n","protected":false},"author":4,"featured_media":59056,"comment_status":"closed","ping_status":"closed","sticky":false,"template":"","format":"standard","meta":{"ngg_post_thumbnail":0,"footnotes":""},"categories":[2,3,6031,5],"tags":[],"class_list":{"0":"post-59054","1":"post","2":"type-post","3":"status-publish","4":"format-standard","5":"has-post-thumbnail","7":"category-dorog","8":"category-hirek","9":"category-kerek-evfordulok","10":"category-sport"},"yoast_head":"<!-- This site is optimized with the Yoast SEO plugin v27.5 - https:\/\/yoast.com\/product\/yoast-seo-wordpress\/ -->\n<title>120 \u00e9ve sz\u00fcletett az egykori kiv\u00e1l\u00f3 v\u00e1logatott labdar\u00fag\u00f3, a Dorogi AC sikeres edz\u0151je; W\u00e9ber Lajos<\/title>\n<meta name=\"robots\" content=\"index, follow, max-snippet:-1, max-image-preview:large, max-video-preview:-1\" \/>\n<link rel=\"canonical\" href=\"https:\/\/dorogimedence.hu\/index.php\/2024\/01\/19\/120-eve-szuletett-az-egykori-kivalo-valogatott-labdarugo-a-dorogi-ac-sikeres-edzoje-weber-lajos\/\" class=\"yoast-seo-meta-tag\" \/>\n<meta property=\"og:locale\" content=\"hu_HU\" class=\"yoast-seo-meta-tag\" \/>\n<meta property=\"og:type\" content=\"article\" class=\"yoast-seo-meta-tag\" \/>\n<meta property=\"og:title\" content=\"120 \u00e9ve sz\u00fcletett az egykori kiv\u00e1l\u00f3 v\u00e1logatott labdar\u00fag\u00f3, a Dorogi AC sikeres edz\u0151je; W\u00e9ber Lajos\" class=\"yoast-seo-meta-tag\" \/>\n<meta property=\"og:description\" content=\"Eml\u00e9kcikk\u00fcnkkel az 1904. janu\u00e1r 19-\u00e9n sz\u00fcletett W\u00e9ber Lajos el\u0151tt tisztelg\u00fcnk, aki labdar\u00fag\u00f3k\u00e9nt t\u00f6bb neves honi \u00e9s egy sor ugyancsak jeles k\u00fclf\u00f6ldi csapatban is megfordult \u00e9s az 1920-as \u00e9vek m\u00e1sodik fel\u00e9ben magyar v\u00e1logatott is volt. K\u00e9s\u0151bb edz\u0151sk\u00f6d\u00f6tt is, amely sor\u00e1n \u00e9ppen Dorogon \u00e9rte el a legszebb siker\u00e9t, miut\u00e1n a klub t\u00f6rt\u00e9net\u00e9ben imm\u00e1r m\u00e1sodszor jutottak fel az\" class=\"yoast-seo-meta-tag\" \/>\n<meta property=\"og:url\" content=\"https:\/\/dorogimedence.hu\/index.php\/2024\/01\/19\/120-eve-szuletett-az-egykori-kivalo-valogatott-labdarugo-a-dorogi-ac-sikeres-edzoje-weber-lajos\/\" class=\"yoast-seo-meta-tag\" \/>\n<meta property=\"og:site_name\" content=\"Dorogi-medence Region\u00e1lis H\u00edrport\u00e1l\" class=\"yoast-seo-meta-tag\" \/>\n<meta property=\"article:publisher\" content=\"https:\/\/www.facebook.com\/dorogimedence\/\" class=\"yoast-seo-meta-tag\" \/>\n<meta property=\"article:published_time\" content=\"2024-01-19T16:33:45+00:00\" class=\"yoast-seo-meta-tag\" \/>\n<meta property=\"og:image\" content=\"https:\/\/dorogimedence.hu\/wp-content\/uploads\/2024\/01\/Weber-Lajos-boritokep.jpg\" class=\"yoast-seo-meta-tag\" \/>\n\t<meta property=\"og:image:width\" content=\"900\" class=\"yoast-seo-meta-tag\" \/>\n\t<meta property=\"og:image:height\" content=\"561\" class=\"yoast-seo-meta-tag\" \/>\n\t<meta property=\"og:image:type\" content=\"image\/jpeg\" class=\"yoast-seo-meta-tag\" \/>\n<meta name=\"author\" content=\"Szab\u00f3 Gyula\" class=\"yoast-seo-meta-tag\" \/>\n<meta name=\"twitter:card\" content=\"summary_large_image\" class=\"yoast-seo-meta-tag\" \/>\n<meta name=\"twitter:label1\" content=\"Szerz\u0151:\" class=\"yoast-seo-meta-tag\" \/>\n\t<meta name=\"twitter:data1\" content=\"Szab\u00f3 Gyula\" class=\"yoast-seo-meta-tag\" \/>\n\t<meta name=\"twitter:label2\" content=\"Becs\u00fclt olvas\u00e1si id\u0151\" class=\"yoast-seo-meta-tag\" \/>\n\t<meta name=\"twitter:data2\" content=\"3 perc\" class=\"yoast-seo-meta-tag\" \/>\n<script type=\"application\/ld+json\" class=\"yoast-schema-graph\">{\"@context\":\"https:\\\/\\\/schema.org\",\"@graph\":[{\"@type\":\"Article\",\"@id\":\"https:\\\/\\\/dorogimedence.hu\\\/index.php\\\/2024\\\/01\\\/19\\\/120-eve-szuletett-az-egykori-kivalo-valogatott-labdarugo-a-dorogi-ac-sikeres-edzoje-weber-lajos\\\/#article\",\"isPartOf\":{\"@id\":\"https:\\\/\\\/dorogimedence.hu\\\/index.php\\\/2024\\\/01\\\/19\\\/120-eve-szuletett-az-egykori-kivalo-valogatott-labdarugo-a-dorogi-ac-sikeres-edzoje-weber-lajos\\\/\"},\"author\":{\"name\":\"Szab\u00f3 Gyula\",\"@id\":\"https:\\\/\\\/dorogimedence.hu\\\/#\\\/schema\\\/person\\\/76605e8151ec1b7376385cd184ede973\"},\"headline\":\"120 \u00e9ve sz\u00fcletett az egykori kiv\u00e1l\u00f3 v\u00e1logatott labdar\u00fag\u00f3, a Dorogi AC sikeres edz\u0151je; W\u00e9ber Lajos\",\"datePublished\":\"2024-01-19T16:33:45+00:00\",\"mainEntityOfPage\":{\"@id\":\"https:\\\/\\\/dorogimedence.hu\\\/index.php\\\/2024\\\/01\\\/19\\\/120-eve-szuletett-az-egykori-kivalo-valogatott-labdarugo-a-dorogi-ac-sikeres-edzoje-weber-lajos\\\/\"},\"wordCount\":634,\"publisher\":{\"@id\":\"https:\\\/\\\/dorogimedence.hu\\\/#organization\"},\"image\":{\"@id\":\"https:\\\/\\\/dorogimedence.hu\\\/index.php\\\/2024\\\/01\\\/19\\\/120-eve-szuletett-az-egykori-kivalo-valogatott-labdarugo-a-dorogi-ac-sikeres-edzoje-weber-lajos\\\/#primaryimage\"},\"thumbnailUrl\":\"https:\\\/\\\/dorogimedence.hu\\\/wp-content\\\/uploads\\\/2024\\\/01\\\/Weber-Lajos-boritokep.jpg\",\"articleSection\":[\"Dorog\",\"H\u00edrek\",\"Kerek \u00e9vfordul\u00f3k\",\"Sport\"],\"inLanguage\":\"hu\"},{\"@type\":\"WebPage\",\"@id\":\"https:\\\/\\\/dorogimedence.hu\\\/index.php\\\/2024\\\/01\\\/19\\\/120-eve-szuletett-az-egykori-kivalo-valogatott-labdarugo-a-dorogi-ac-sikeres-edzoje-weber-lajos\\\/\",\"url\":\"https:\\\/\\\/dorogimedence.hu\\\/index.php\\\/2024\\\/01\\\/19\\\/120-eve-szuletett-az-egykori-kivalo-valogatott-labdarugo-a-dorogi-ac-sikeres-edzoje-weber-lajos\\\/\",\"name\":\"120 \u00e9ve sz\u00fcletett az egykori kiv\u00e1l\u00f3 v\u00e1logatott labdar\u00fag\u00f3, a Dorogi AC sikeres edz\u0151je; W\u00e9ber Lajos\",\"isPartOf\":{\"@id\":\"https:\\\/\\\/dorogimedence.hu\\\/#website\"},\"primaryImageOfPage\":{\"@id\":\"https:\\\/\\\/dorogimedence.hu\\\/index.php\\\/2024\\\/01\\\/19\\\/120-eve-szuletett-az-egykori-kivalo-valogatott-labdarugo-a-dorogi-ac-sikeres-edzoje-weber-lajos\\\/#primaryimage\"},\"image\":{\"@id\":\"https:\\\/\\\/dorogimedence.hu\\\/index.php\\\/2024\\\/01\\\/19\\\/120-eve-szuletett-az-egykori-kivalo-valogatott-labdarugo-a-dorogi-ac-sikeres-edzoje-weber-lajos\\\/#primaryimage\"},\"thumbnailUrl\":\"https:\\\/\\\/dorogimedence.hu\\\/wp-content\\\/uploads\\\/2024\\\/01\\\/Weber-Lajos-boritokep.jpg\",\"datePublished\":\"2024-01-19T16:33:45+00:00\",\"breadcrumb\":{\"@id\":\"https:\\\/\\\/dorogimedence.hu\\\/index.php\\\/2024\\\/01\\\/19\\\/120-eve-szuletett-az-egykori-kivalo-valogatott-labdarugo-a-dorogi-ac-sikeres-edzoje-weber-lajos\\\/#breadcrumb\"},\"inLanguage\":\"hu\",\"potentialAction\":[{\"@type\":\"ReadAction\",\"target\":[\"https:\\\/\\\/dorogimedence.hu\\\/index.php\\\/2024\\\/01\\\/19\\\/120-eve-szuletett-az-egykori-kivalo-valogatott-labdarugo-a-dorogi-ac-sikeres-edzoje-weber-lajos\\\/\"]}]},{\"@type\":\"ImageObject\",\"inLanguage\":\"hu\",\"@id\":\"https:\\\/\\\/dorogimedence.hu\\\/index.php\\\/2024\\\/01\\\/19\\\/120-eve-szuletett-az-egykori-kivalo-valogatott-labdarugo-a-dorogi-ac-sikeres-edzoje-weber-lajos\\\/#primaryimage\",\"url\":\"https:\\\/\\\/dorogimedence.hu\\\/wp-content\\\/uploads\\\/2024\\\/01\\\/Weber-Lajos-boritokep.jpg\",\"contentUrl\":\"https:\\\/\\\/dorogimedence.hu\\\/wp-content\\\/uploads\\\/2024\\\/01\\\/Weber-Lajos-boritokep.jpg\",\"width\":900,\"height\":561},{\"@type\":\"BreadcrumbList\",\"@id\":\"https:\\\/\\\/dorogimedence.hu\\\/index.php\\\/2024\\\/01\\\/19\\\/120-eve-szuletett-az-egykori-kivalo-valogatott-labdarugo-a-dorogi-ac-sikeres-edzoje-weber-lajos\\\/#breadcrumb\",\"itemListElement\":[{\"@type\":\"ListItem\",\"position\":1,\"name\":\"Kezd\u0151lap\",\"item\":\"https:\\\/\\\/dorogimedence.hu\\\/\"},{\"@type\":\"ListItem\",\"position\":2,\"name\":\"120 \u00e9ve sz\u00fcletett az egykori kiv\u00e1l\u00f3 v\u00e1logatott labdar\u00fag\u00f3, a Dorogi AC sikeres edz\u0151je; W\u00e9ber Lajos\"}]},{\"@type\":\"WebSite\",\"@id\":\"https:\\\/\\\/dorogimedence.hu\\\/#website\",\"url\":\"https:\\\/\\\/dorogimedence.hu\\\/\",\"name\":\"Dorogi-medence Region\u00e1lis H\u00edrport\u00e1l\",\"description\":\"Dorog, Keszt\u00f6lc, Le\u00e1nyv\u00e1r, Piliscs\u00e9v, Tokod, Tokodalt\u00e1r\u00f3, Csolnok, Esztergom-kertv\u00e1ros: h\u00edrek, programok\",\"publisher\":{\"@id\":\"https:\\\/\\\/dorogimedence.hu\\\/#organization\"},\"potentialAction\":[{\"@type\":\"SearchAction\",\"target\":{\"@type\":\"EntryPoint\",\"urlTemplate\":\"https:\\\/\\\/dorogimedence.hu\\\/?s={search_term_string}\"},\"query-input\":{\"@type\":\"PropertyValueSpecification\",\"valueRequired\":true,\"valueName\":\"search_term_string\"}}],\"inLanguage\":\"hu\"},{\"@type\":\"Organization\",\"@id\":\"https:\\\/\\\/dorogimedence.hu\\\/#organization\",\"name\":\"Dorogi-medence Region\u00e1lis H\u00edrport\u00e1l\",\"url\":\"https:\\\/\\\/dorogimedence.hu\\\/\",\"logo\":{\"@type\":\"ImageObject\",\"inLanguage\":\"hu\",\"@id\":\"https:\\\/\\\/dorogimedence.hu\\\/#\\\/schema\\\/logo\\\/image\\\/\",\"url\":\"https:\\\/\\\/dorogimedence.hu\\\/wp-content\\\/uploads\\\/2021\\\/04\\\/logo-feher-600.png\",\"contentUrl\":\"https:\\\/\\\/dorogimedence.hu\\\/wp-content\\\/uploads\\\/2021\\\/04\\\/logo-feher-600.png\",\"width\":600,\"height\":100,\"caption\":\"Dorogi-medence Region\u00e1lis H\u00edrport\u00e1l\"},\"image\":{\"@id\":\"https:\\\/\\\/dorogimedence.hu\\\/#\\\/schema\\\/logo\\\/image\\\/\"},\"sameAs\":[\"https:\\\/\\\/www.facebook.com\\\/dorogimedence\\\/\"]},{\"@type\":\"Person\",\"@id\":\"https:\\\/\\\/dorogimedence.hu\\\/#\\\/schema\\\/person\\\/76605e8151ec1b7376385cd184ede973\",\"name\":\"Szab\u00f3 Gyula\",\"image\":{\"@type\":\"ImageObject\",\"inLanguage\":\"hu\",\"@id\":\"\\\/\\\/www.gravatar.com\\\/avatar\\\/3e44b6fb2ef9bcea3639958cc2a587cb?s=96&#038;r=g&#038;d=mm\",\"url\":\"\\\/\\\/www.gravatar.com\\\/avatar\\\/3e44b6fb2ef9bcea3639958cc2a587cb?s=96&#038;r=g&#038;d=mm\",\"contentUrl\":\"\\\/\\\/www.gravatar.com\\\/avatar\\\/3e44b6fb2ef9bcea3639958cc2a587cb?s=96&#038;r=g&#038;d=mm\",\"caption\":\"Szab\u00f3 Gyula\"}}]}<\/script>\n<!-- \/ Yoast SEO plugin. -->","yoast_head_json":{"title":"120 \u00e9ve sz\u00fcletett az egykori kiv\u00e1l\u00f3 v\u00e1logatott labdar\u00fag\u00f3, a Dorogi AC sikeres edz\u0151je; W\u00e9ber Lajos","robots":{"index":"index","follow":"follow","max-snippet":"max-snippet:-1","max-image-preview":"max-image-preview:large","max-video-preview":"max-video-preview:-1"},"canonical":"https:\/\/dorogimedence.hu\/index.php\/2024\/01\/19\/120-eve-szuletett-az-egykori-kivalo-valogatott-labdarugo-a-dorogi-ac-sikeres-edzoje-weber-lajos\/","og_locale":"hu_HU","og_type":"article","og_title":"120 \u00e9ve sz\u00fcletett az egykori kiv\u00e1l\u00f3 v\u00e1logatott labdar\u00fag\u00f3, a Dorogi AC sikeres edz\u0151je; W\u00e9ber Lajos","og_description":"Eml\u00e9kcikk\u00fcnkkel az 1904. janu\u00e1r 19-\u00e9n sz\u00fcletett W\u00e9ber Lajos el\u0151tt tisztelg\u00fcnk, aki labdar\u00fag\u00f3k\u00e9nt t\u00f6bb neves honi \u00e9s egy sor ugyancsak jeles k\u00fclf\u00f6ldi csapatban is megfordult \u00e9s az 1920-as \u00e9vek m\u00e1sodik fel\u00e9ben magyar v\u00e1logatott is volt. K\u00e9s\u0151bb edz\u0151sk\u00f6d\u00f6tt is, amely sor\u00e1n \u00e9ppen Dorogon \u00e9rte el a legszebb siker\u00e9t, miut\u00e1n a klub t\u00f6rt\u00e9net\u00e9ben imm\u00e1r m\u00e1sodszor jutottak fel az","og_url":"https:\/\/dorogimedence.hu\/index.php\/2024\/01\/19\/120-eve-szuletett-az-egykori-kivalo-valogatott-labdarugo-a-dorogi-ac-sikeres-edzoje-weber-lajos\/","og_site_name":"Dorogi-medence Region\u00e1lis H\u00edrport\u00e1l","article_publisher":"https:\/\/www.facebook.com\/dorogimedence\/","article_published_time":"2024-01-19T16:33:45+00:00","og_image":[{"width":900,"height":561,"url":"https:\/\/dorogimedence.hu\/wp-content\/uploads\/2024\/01\/Weber-Lajos-boritokep.jpg","type":"image\/jpeg"}],"author":"Szab\u00f3 Gyula","twitter_card":"summary_large_image","twitter_misc":{"Szerz\u0151:":"Szab\u00f3 Gyula","Becs\u00fclt olvas\u00e1si id\u0151":"3 perc"},"schema":{"@context":"https:\/\/schema.org","@graph":[{"@type":"Article","@id":"https:\/\/dorogimedence.hu\/index.php\/2024\/01\/19\/120-eve-szuletett-az-egykori-kivalo-valogatott-labdarugo-a-dorogi-ac-sikeres-edzoje-weber-lajos\/#article","isPartOf":{"@id":"https:\/\/dorogimedence.hu\/index.php\/2024\/01\/19\/120-eve-szuletett-az-egykori-kivalo-valogatott-labdarugo-a-dorogi-ac-sikeres-edzoje-weber-lajos\/"},"author":{"name":"Szab\u00f3 Gyula","@id":"https:\/\/dorogimedence.hu\/#\/schema\/person\/76605e8151ec1b7376385cd184ede973"},"headline":"120 \u00e9ve sz\u00fcletett az egykori kiv\u00e1l\u00f3 v\u00e1logatott labdar\u00fag\u00f3, a Dorogi AC sikeres edz\u0151je; W\u00e9ber Lajos","datePublished":"2024-01-19T16:33:45+00:00","mainEntityOfPage":{"@id":"https:\/\/dorogimedence.hu\/index.php\/2024\/01\/19\/120-eve-szuletett-az-egykori-kivalo-valogatott-labdarugo-a-dorogi-ac-sikeres-edzoje-weber-lajos\/"},"wordCount":634,"publisher":{"@id":"https:\/\/dorogimedence.hu\/#organization"},"image":{"@id":"https:\/\/dorogimedence.hu\/index.php\/2024\/01\/19\/120-eve-szuletett-az-egykori-kivalo-valogatott-labdarugo-a-dorogi-ac-sikeres-edzoje-weber-lajos\/#primaryimage"},"thumbnailUrl":"https:\/\/dorogimedence.hu\/wp-content\/uploads\/2024\/01\/Weber-Lajos-boritokep.jpg","articleSection":["Dorog","H\u00edrek","Kerek \u00e9vfordul\u00f3k","Sport"],"inLanguage":"hu"},{"@type":"WebPage","@id":"https:\/\/dorogimedence.hu\/index.php\/2024\/01\/19\/120-eve-szuletett-az-egykori-kivalo-valogatott-labdarugo-a-dorogi-ac-sikeres-edzoje-weber-lajos\/","url":"https:\/\/dorogimedence.hu\/index.php\/2024\/01\/19\/120-eve-szuletett-az-egykori-kivalo-valogatott-labdarugo-a-dorogi-ac-sikeres-edzoje-weber-lajos\/","name":"120 \u00e9ve sz\u00fcletett az egykori kiv\u00e1l\u00f3 v\u00e1logatott labdar\u00fag\u00f3, a Dorogi AC sikeres edz\u0151je; W\u00e9ber Lajos","isPartOf":{"@id":"https:\/\/dorogimedence.hu\/#website"},"primaryImageOfPage":{"@id":"https:\/\/dorogimedence.hu\/index.php\/2024\/01\/19\/120-eve-szuletett-az-egykori-kivalo-valogatott-labdarugo-a-dorogi-ac-sikeres-edzoje-weber-lajos\/#primaryimage"},"image":{"@id":"https:\/\/dorogimedence.hu\/index.php\/2024\/01\/19\/120-eve-szuletett-az-egykori-kivalo-valogatott-labdarugo-a-dorogi-ac-sikeres-edzoje-weber-lajos\/#primaryimage"},"thumbnailUrl":"https:\/\/dorogimedence.hu\/wp-content\/uploads\/2024\/01\/Weber-Lajos-boritokep.jpg","datePublished":"2024-01-19T16:33:45+00:00","breadcrumb":{"@id":"https:\/\/dorogimedence.hu\/index.php\/2024\/01\/19\/120-eve-szuletett-az-egykori-kivalo-valogatott-labdarugo-a-dorogi-ac-sikeres-edzoje-weber-lajos\/#breadcrumb"},"inLanguage":"hu","potentialAction":[{"@type":"ReadAction","target":["https:\/\/dorogimedence.hu\/index.php\/2024\/01\/19\/120-eve-szuletett-az-egykori-kivalo-valogatott-labdarugo-a-dorogi-ac-sikeres-edzoje-weber-lajos\/"]}]},{"@type":"ImageObject","inLanguage":"hu","@id":"https:\/\/dorogimedence.hu\/index.php\/2024\/01\/19\/120-eve-szuletett-az-egykori-kivalo-valogatott-labdarugo-a-dorogi-ac-sikeres-edzoje-weber-lajos\/#primaryimage","url":"https:\/\/dorogimedence.hu\/wp-content\/uploads\/2024\/01\/Weber-Lajos-boritokep.jpg","contentUrl":"https:\/\/dorogimedence.hu\/wp-content\/uploads\/2024\/01\/Weber-Lajos-boritokep.jpg","width":900,"height":561},{"@type":"BreadcrumbList","@id":"https:\/\/dorogimedence.hu\/index.php\/2024\/01\/19\/120-eve-szuletett-az-egykori-kivalo-valogatott-labdarugo-a-dorogi-ac-sikeres-edzoje-weber-lajos\/#breadcrumb","itemListElement":[{"@type":"ListItem","position":1,"name":"Kezd\u0151lap","item":"https:\/\/dorogimedence.hu\/"},{"@type":"ListItem","position":2,"name":"120 \u00e9ve sz\u00fcletett az egykori kiv\u00e1l\u00f3 v\u00e1logatott labdar\u00fag\u00f3, a Dorogi AC sikeres edz\u0151je; W\u00e9ber Lajos"}]},{"@type":"WebSite","@id":"https:\/\/dorogimedence.hu\/#website","url":"https:\/\/dorogimedence.hu\/","name":"Dorogi-medence Region\u00e1lis H\u00edrport\u00e1l","description":"Dorog, Keszt\u00f6lc, Le\u00e1nyv\u00e1r, Piliscs\u00e9v, Tokod, Tokodalt\u00e1r\u00f3, Csolnok, Esztergom-kertv\u00e1ros: h\u00edrek, programok","publisher":{"@id":"https:\/\/dorogimedence.hu\/#organization"},"potentialAction":[{"@type":"SearchAction","target":{"@type":"EntryPoint","urlTemplate":"https:\/\/dorogimedence.hu\/?s={search_term_string}"},"query-input":{"@type":"PropertyValueSpecification","valueRequired":true,"valueName":"search_term_string"}}],"inLanguage":"hu"},{"@type":"Organization","@id":"https:\/\/dorogimedence.hu\/#organization","name":"Dorogi-medence Region\u00e1lis H\u00edrport\u00e1l","url":"https:\/\/dorogimedence.hu\/","logo":{"@type":"ImageObject","inLanguage":"hu","@id":"https:\/\/dorogimedence.hu\/#\/schema\/logo\/image\/","url":"https:\/\/dorogimedence.hu\/wp-content\/uploads\/2021\/04\/logo-feher-600.png","contentUrl":"https:\/\/dorogimedence.hu\/wp-content\/uploads\/2021\/04\/logo-feher-600.png","width":600,"height":100,"caption":"Dorogi-medence Region\u00e1lis H\u00edrport\u00e1l"},"image":{"@id":"https:\/\/dorogimedence.hu\/#\/schema\/logo\/image\/"},"sameAs":["https:\/\/www.facebook.com\/dorogimedence\/"]},{"@type":"Person","@id":"https:\/\/dorogimedence.hu\/#\/schema\/person\/76605e8151ec1b7376385cd184ede973","name":"Szab\u00f3 Gyula","image":{"@type":"ImageObject","inLanguage":"hu","@id":"\/\/www.gravatar.com\/avatar\/3e44b6fb2ef9bcea3639958cc2a587cb?s=96&#038;r=g&#038;d=mm","url":"\/\/www.gravatar.com\/avatar\/3e44b6fb2ef9bcea3639958cc2a587cb?s=96&#038;r=g&#038;d=mm","contentUrl":"\/\/www.gravatar.com\/avatar\/3e44b6fb2ef9bcea3639958cc2a587cb?s=96&#038;r=g&#038;d=mm","caption":"Szab\u00f3 Gyula"}}]}},"_links":{"self":[{"href":"https:\/\/dorogimedence.hu\/index.php\/wp-json\/wp\/v2\/posts\/59054","targetHints":{"allow":["GET"]}}],"collection":[{"href":"https:\/\/dorogimedence.hu\/index.php\/wp-json\/wp\/v2\/posts"}],"about":[{"href":"https:\/\/dorogimedence.hu\/index.php\/wp-json\/wp\/v2\/types\/post"}],"author":[{"embeddable":true,"href":"https:\/\/dorogimedence.hu\/index.php\/wp-json\/wp\/v2\/users\/4"}],"replies":[{"embeddable":true,"href":"https:\/\/dorogimedence.hu\/index.php\/wp-json\/wp\/v2\/comments?post=59054"}],"version-history":[{"count":0,"href":"https:\/\/dorogimedence.hu\/index.php\/wp-json\/wp\/v2\/posts\/59054\/revisions"}],"wp:featuredmedia":[{"embeddable":true,"href":"https:\/\/dorogimedence.hu\/index.php\/wp-json\/wp\/v2\/media\/59056"}],"wp:attachment":[{"href":"https:\/\/dorogimedence.hu\/index.php\/wp-json\/wp\/v2\/media?parent=59054"}],"wp:term":[{"taxonomy":"category","embeddable":true,"href":"https:\/\/dorogimedence.hu\/index.php\/wp-json\/wp\/v2\/categories?post=59054"},{"taxonomy":"post_tag","embeddable":true,"href":"https:\/\/dorogimedence.hu\/index.php\/wp-json\/wp\/v2\/tags?post=59054"}],"curies":[{"name":"wp","href":"https:\/\/api.w.org\/{rel}","templated":true}]}}