{"id":58986,"date":"2024-01-14T15:31:06","date_gmt":"2024-01-14T14:31:06","guid":{"rendered":"https:\/\/dorogimedence.hu\/?p=58986"},"modified":"2024-01-15T08:03:37","modified_gmt":"2024-01-15T07:03:37","slug":"megaldottak-a-felujitott-esztergomi-belvarosi-kalvaria-kapolnat","status":"publish","type":"post","link":"https:\/\/dorogimedence.hu\/index.php\/2024\/01\/14\/megaldottak-a-felujitott-esztergomi-belvarosi-kalvaria-kapolnat\/","title":{"rendered":"Meg\u00e1ldott\u00e1k a fel\u00faj\u00edtott esztergomi belv\u00e1rosi K\u00e1lv\u00e1ria-k\u00e1poln\u00e1t"},"content":{"rendered":"<p><strong>Janu\u00e1r 14-\u00e9n, vas\u00e1rnap meg\u00e1ldott\u00e1k az esztergomi belv\u00e1rosi K\u00e1lv\u00e1ria-k\u00e1poln\u00e1t, melyet mintegy 49 milli\u00f3 forintb\u00f3l \u00faj\u00edtottak fel.<\/strong><\/p>\n<p>Magyarorsz\u00e1g Korm\u00e1nya 19, m\u00edg az Esztergom-Budapesti F\u0151egyh\u00e1zmegye \u00e9s Esztergom Megyei Jog\u00fa V\u00e1ros \u00d6nkorm\u00e1nyzata 15-15 milli\u00f3 forinttal j\u00e1rult hozz\u00e1 a fel\u00faj\u00edt\u00e1shoz, amely sor\u00e1n meg\u00fajult a k\u00e1polna k\u00fcls\u0151 homlokzata \u00e9s kupol\u00e1ja.<\/p>\n<p><img fetchpriority=\"high\" decoding=\"async\" class=\"alignnone size-full wp-image-58987\" src=\"https:\/\/dorogimedence.hu\/wp-content\/uploads\/2024\/01\/IMG_7447.jpg\" alt=\"\" width=\"1920\" height=\"1280\" srcset=\"https:\/\/dorogimedence.hu\/wp-content\/uploads\/2024\/01\/IMG_7447.jpg 1920w, https:\/\/dorogimedence.hu\/wp-content\/uploads\/2024\/01\/IMG_7447-600x400.jpg 600w, https:\/\/dorogimedence.hu\/wp-content\/uploads\/2024\/01\/IMG_7447-768x512.jpg 768w, https:\/\/dorogimedence.hu\/wp-content\/uploads\/2024\/01\/IMG_7447-1536x1024.jpg 1536w, https:\/\/dorogimedence.hu\/wp-content\/uploads\/2024\/01\/IMG_7447-150x100.jpg 150w, https:\/\/dorogimedence.hu\/wp-content\/uploads\/2024\/01\/IMG_7447-450x300.jpg 450w, https:\/\/dorogimedence.hu\/wp-content\/uploads\/2024\/01\/IMG_7447-1200x800.jpg 1200w, https:\/\/dorogimedence.hu\/wp-content\/uploads\/2024\/01\/IMG_7447-272x182.jpg 272w\" sizes=\"(max-width: 1920px) 100vw, 1920px\" \/><\/p>\n<p>Solt\u00e9sz Mikl\u00f3s, a Minisztereln\u00f6ks\u00e9g egyh\u00e1zi \u00e9s nemzetis\u00e9gi kapcsolatok\u00e9rt felel\u0151s \u00e1llamtitk\u00e1ra az \u00fcnneps\u00e9gen elmondta, hogy Esztergomban tal\u00e1lhat\u00f3 Magyarorsz\u00e1g legnagyobb temploma, az Esztergomi Bazilika, melynek a fel\u00faj\u00edt\u00e1sa jelenleg is zajlik. \u00c9s l\u00e1tjuk ezt a kicsi k\u00e1poln\u00e1t, melynek a k\u00fcls\u0151 fel\u00faj\u00edt\u00e1s\u00e1t most fejezt\u00e9k be. \u201eTeh\u00e1t nem csak a legnagyobb \u00e9s leg\u00f6regebb, hanem a legkisebb vall\u00e1si \u00e9p\u00fcleteink fel\u00faj\u00edt\u00e1s\u00e1val is foglalkozunk. \u00c9s mi\u00e9rt fontos ez? Hogyha templomaink megtelnek l\u00e9lekkel, im\u00e1ds\u00e1ggal \u00e9s szeretettel, akkor azt a szolg\u00e1latot, amelyet a t\u00e1rsadalom \u00e9rdek\u00e9ben folytatunk \u2013 a betegek\u00e9rt, gyermekek\u00e9rt, id\u0151sek\u00e9rt \u00e9s sok mindenki m\u00e1s\u00e9rt \u2013 er\u0151s tud lenni.\u201d \u2013 emelte ki az \u00e1llamtitk\u00e1r, majd hozz\u00e1tette: \u201eHa b\u00e1rki megk\u00e9rdezi, hogy mi\u00e9rt fontos templomaink fel\u00faj\u00edt\u00e1sa a korm\u00e1ny, az egyh\u00e1z \u00e9s az \u00f6nkorm\u00e1nyzatok r\u00e9sz\u00e9r\u0151l, akkor mondjuk el, hogy a lelket \u00e9s a k\u00f6z\u00f6ss\u00e9get ezzel is tudjuk er\u0151s\u00edteni.\u201d<\/p>\n<p><img decoding=\"async\" class=\"alignnone size-full wp-image-58988\" src=\"https:\/\/dorogimedence.hu\/wp-content\/uploads\/2024\/01\/IMG_7465.jpg\" alt=\"\" width=\"1920\" height=\"1280\" srcset=\"https:\/\/dorogimedence.hu\/wp-content\/uploads\/2024\/01\/IMG_7465.jpg 1920w, https:\/\/dorogimedence.hu\/wp-content\/uploads\/2024\/01\/IMG_7465-600x400.jpg 600w, https:\/\/dorogimedence.hu\/wp-content\/uploads\/2024\/01\/IMG_7465-768x512.jpg 768w, https:\/\/dorogimedence.hu\/wp-content\/uploads\/2024\/01\/IMG_7465-1536x1024.jpg 1536w, https:\/\/dorogimedence.hu\/wp-content\/uploads\/2024\/01\/IMG_7465-150x100.jpg 150w, https:\/\/dorogimedence.hu\/wp-content\/uploads\/2024\/01\/IMG_7465-450x300.jpg 450w, https:\/\/dorogimedence.hu\/wp-content\/uploads\/2024\/01\/IMG_7465-1200x800.jpg 1200w, https:\/\/dorogimedence.hu\/wp-content\/uploads\/2024\/01\/IMG_7465-272x182.jpg 272w\" sizes=\"(max-width: 1920px) 100vw, 1920px\" \/><\/p>\n<p>Dr. Alberti P\u00e9ter, Esztergom Megyei Jog\u00fa V\u00e1ros alpolg\u00e1rmestere Hern\u00e1di \u00c1d\u00e1m polg\u00e1rmester \u00fczenet\u00e9t is tolm\u00e1csolta. Megk\u00f6sz\u00f6nte mindazoknak a seg\u00edts\u00e9g\u00e9t, akik komoly er\u0151fesz\u00edt\u00e9sek \u00e1r\u00e1n el\u00e9rt\u00e9k, hogy ez a hely \u00faj \u00e9letet kapjon \u00e9s hittek abban, hogy a k\u00e9r\u00e9s\u00fck, sz\u00e1nd\u00e9kuk \u00e9s a seg\u00e9lyk\u00e9r\u0151 szavak nem csak eljutnak a megfelel\u0151 helyekre, de meghallgat\u00e1sra is tal\u00e1lnak. Kiemelte: \u201eAz esztergomi \u00f6nkorm\u00e1nyzat sz\u00e1m\u00e1ra nem volt k\u00e9rd\u00e9s, hogy t\u00e1mogatja-e a fel\u00faj\u00edt\u00e1st. A test\u00fclet 2022 janu\u00e1rj\u00e1ban d\u00f6nt\u00f6tt arr\u00f3l, hogy 15 milli\u00f3 forintot biztos\u00edt a k\u00e1polna megment\u00e9s\u00e9hez, \u00e9s ez elind\u00edtotta a folyamatot. \u00dajabb forr\u00e1s \u00e9rkezett, megsz\u00fclettek a tervek, a kivitelez\u0151 pedig hozz\u00e1l\u00e1tott a munk\u00e1hoz. Ma pedig itt \u00e1llunk a meg\u00fajult k\u00e1poln\u00e1n\u00e1l\u201d.<\/p>\n<p>A besz\u00e9dek ut\u00e1n dr. F\u00e1bry Korn\u00e9l seg\u00e9dp\u00fcsp\u00f6k meg\u00e1ldotta a fel\u00faj\u00edtott k\u00e1poln\u00e1t, majd a sz\u00e9p sz\u00e1m\u00fa egybegy\u0171ltek a st\u00e1ci\u00f3k ment\u00e9n hagyt\u00e1k el a helysz\u00ednt.<\/p>\n<p><img decoding=\"async\" class=\"alignnone size-full wp-image-58989\" src=\"https:\/\/dorogimedence.hu\/wp-content\/uploads\/2024\/01\/IMG_7480.jpg\" alt=\"\" width=\"1920\" height=\"1280\" srcset=\"https:\/\/dorogimedence.hu\/wp-content\/uploads\/2024\/01\/IMG_7480.jpg 1920w, https:\/\/dorogimedence.hu\/wp-content\/uploads\/2024\/01\/IMG_7480-600x400.jpg 600w, https:\/\/dorogimedence.hu\/wp-content\/uploads\/2024\/01\/IMG_7480-768x512.jpg 768w, https:\/\/dorogimedence.hu\/wp-content\/uploads\/2024\/01\/IMG_7480-1536x1024.jpg 1536w, https:\/\/dorogimedence.hu\/wp-content\/uploads\/2024\/01\/IMG_7480-150x100.jpg 150w, https:\/\/dorogimedence.hu\/wp-content\/uploads\/2024\/01\/IMG_7480-450x300.jpg 450w, https:\/\/dorogimedence.hu\/wp-content\/uploads\/2024\/01\/IMG_7480-1200x800.jpg 1200w, https:\/\/dorogimedence.hu\/wp-content\/uploads\/2024\/01\/IMG_7480-272x182.jpg 272w\" sizes=\"(max-width: 1920px) 100vw, 1920px\" \/><\/p>\n<p><img loading=\"lazy\" decoding=\"async\" class=\"alignnone size-full wp-image-58990\" src=\"https:\/\/dorogimedence.hu\/wp-content\/uploads\/2024\/01\/IMG_7412.jpg\" alt=\"\" width=\"1920\" height=\"1280\" srcset=\"https:\/\/dorogimedence.hu\/wp-content\/uploads\/2024\/01\/IMG_7412.jpg 1920w, https:\/\/dorogimedence.hu\/wp-content\/uploads\/2024\/01\/IMG_7412-600x400.jpg 600w, https:\/\/dorogimedence.hu\/wp-content\/uploads\/2024\/01\/IMG_7412-768x512.jpg 768w, https:\/\/dorogimedence.hu\/wp-content\/uploads\/2024\/01\/IMG_7412-1536x1024.jpg 1536w, https:\/\/dorogimedence.hu\/wp-content\/uploads\/2024\/01\/IMG_7412-150x100.jpg 150w, https:\/\/dorogimedence.hu\/wp-content\/uploads\/2024\/01\/IMG_7412-450x300.jpg 450w, https:\/\/dorogimedence.hu\/wp-content\/uploads\/2024\/01\/IMG_7412-1200x800.jpg 1200w, https:\/\/dorogimedence.hu\/wp-content\/uploads\/2024\/01\/IMG_7412-272x182.jpg 272w\" sizes=\"(max-width: 1920px) 100vw, 1920px\" \/><img loading=\"lazy\" decoding=\"async\" class=\"alignnone size-full wp-image-58992\" src=\"https:\/\/dorogimedence.hu\/wp-content\/uploads\/2024\/01\/IMG_7470.jpg\" alt=\"\" width=\"1920\" height=\"1280\" srcset=\"https:\/\/dorogimedence.hu\/wp-content\/uploads\/2024\/01\/IMG_7470.jpg 1920w, https:\/\/dorogimedence.hu\/wp-content\/uploads\/2024\/01\/IMG_7470-600x400.jpg 600w, https:\/\/dorogimedence.hu\/wp-content\/uploads\/2024\/01\/IMG_7470-768x512.jpg 768w, https:\/\/dorogimedence.hu\/wp-content\/uploads\/2024\/01\/IMG_7470-1536x1024.jpg 1536w, https:\/\/dorogimedence.hu\/wp-content\/uploads\/2024\/01\/IMG_7470-150x100.jpg 150w, https:\/\/dorogimedence.hu\/wp-content\/uploads\/2024\/01\/IMG_7470-450x300.jpg 450w, https:\/\/dorogimedence.hu\/wp-content\/uploads\/2024\/01\/IMG_7470-1200x800.jpg 1200w, https:\/\/dorogimedence.hu\/wp-content\/uploads\/2024\/01\/IMG_7470-272x182.jpg 272w\" sizes=\"(max-width: 1920px) 100vw, 1920px\" \/><\/p>\n","protected":false},"excerpt":{"rendered":"<p>Janu\u00e1r 14-\u00e9n, vas\u00e1rnap meg\u00e1ldott\u00e1k az esztergomi belv\u00e1rosi K\u00e1lv\u00e1ria-k\u00e1poln\u00e1t, melyet mintegy 49 milli\u00f3 forintb\u00f3l \u00faj\u00edtottak fel. Magyarorsz\u00e1g Korm\u00e1nya 19, m\u00edg az Esztergom-Budapesti F\u0151egyh\u00e1zmegye \u00e9s Esztergom Megyei Jog\u00fa V\u00e1ros \u00d6nkorm\u00e1nyzata 15-15 milli\u00f3 forinttal j\u00e1rult hozz\u00e1 a fel\u00faj\u00edt\u00e1shoz, amely sor\u00e1n meg\u00fajult a k\u00e1polna k\u00fcls\u0151 homlokzata \u00e9s kupol\u00e1ja. Solt\u00e9sz Mikl\u00f3s, a Minisztereln\u00f6ks\u00e9g egyh\u00e1zi \u00e9s nemzetis\u00e9gi kapcsolatok\u00e9rt felel\u0151s \u00e1llamtitk\u00e1ra az<\/p>\n","protected":false},"author":1,"featured_media":58991,"comment_status":"closed","ping_status":"closed","sticky":false,"template":"","format":"standard","meta":{"ngg_post_thumbnail":0,"footnotes":""},"categories":[38,3],"tags":[2814,2367,42,5624,7662],"class_list":{"0":"post-58986","1":"post","2":"type-post","3":"status-publish","4":"format-standard","5":"has-post-thumbnail","7":"category-esztergom","8":"category-hirek","9":"tag-atado","10":"tag-atado-unnepseg","11":"tag-esztergom","12":"tag-featured","13":"tag-kalvaria-kapolna"},"yoast_head":"<!-- This site is optimized with the Yoast SEO plugin v27.4 - https:\/\/yoast.com\/product\/yoast-seo-wordpress\/ -->\n<title>Meg\u00e1ldott\u00e1k a fel\u00faj\u00edtott esztergomi belv\u00e1rosi K\u00e1lv\u00e1ria-k\u00e1poln\u00e1t<\/title>\n<meta name=\"robots\" content=\"index, follow, max-snippet:-1, max-image-preview:large, max-video-preview:-1\" \/>\n<link rel=\"canonical\" href=\"https:\/\/dorogimedence.hu\/index.php\/2024\/01\/14\/megaldottak-a-felujitott-esztergomi-belvarosi-kalvaria-kapolnat\/\" class=\"yoast-seo-meta-tag\" \/>\n<meta property=\"og:locale\" content=\"hu_HU\" class=\"yoast-seo-meta-tag\" \/>\n<meta property=\"og:type\" content=\"article\" class=\"yoast-seo-meta-tag\" \/>\n<meta property=\"og:title\" content=\"Meg\u00e1ldott\u00e1k a fel\u00faj\u00edtott esztergomi belv\u00e1rosi K\u00e1lv\u00e1ria-k\u00e1poln\u00e1t\" class=\"yoast-seo-meta-tag\" \/>\n<meta property=\"og:description\" content=\"Janu\u00e1r 14-\u00e9n, vas\u00e1rnap meg\u00e1ldott\u00e1k az esztergomi belv\u00e1rosi K\u00e1lv\u00e1ria-k\u00e1poln\u00e1t, melyet mintegy 49 milli\u00f3 forintb\u00f3l \u00faj\u00edtottak fel. Magyarorsz\u00e1g Korm\u00e1nya 19, m\u00edg az Esztergom-Budapesti F\u0151egyh\u00e1zmegye \u00e9s Esztergom Megyei Jog\u00fa V\u00e1ros \u00d6nkorm\u00e1nyzata 15-15 milli\u00f3 forinttal j\u00e1rult hozz\u00e1 a fel\u00faj\u00edt\u00e1shoz, amely sor\u00e1n meg\u00fajult a k\u00e1polna k\u00fcls\u0151 homlokzata \u00e9s kupol\u00e1ja. Solt\u00e9sz Mikl\u00f3s, a Minisztereln\u00f6ks\u00e9g egyh\u00e1zi \u00e9s nemzetis\u00e9gi kapcsolatok\u00e9rt felel\u0151s \u00e1llamtitk\u00e1ra az\" class=\"yoast-seo-meta-tag\" \/>\n<meta property=\"og:url\" content=\"https:\/\/dorogimedence.hu\/index.php\/2024\/01\/14\/megaldottak-a-felujitott-esztergomi-belvarosi-kalvaria-kapolnat\/\" class=\"yoast-seo-meta-tag\" \/>\n<meta property=\"og:site_name\" content=\"Dorogi-medence Region\u00e1lis H\u00edrport\u00e1l\" class=\"yoast-seo-meta-tag\" \/>\n<meta property=\"article:publisher\" content=\"https:\/\/www.facebook.com\/dorogimedence\/\" class=\"yoast-seo-meta-tag\" \/>\n<meta property=\"article:published_time\" content=\"2024-01-14T14:31:06+00:00\" class=\"yoast-seo-meta-tag\" \/>\n<meta property=\"article:modified_time\" content=\"2024-01-15T07:03:37+00:00\" class=\"yoast-seo-meta-tag\" \/>\n<meta property=\"og:image\" content=\"https:\/\/dorogimedence.hu\/wp-content\/uploads\/2024\/01\/kalvaria-01.jpg\" class=\"yoast-seo-meta-tag\" \/>\n\t<meta property=\"og:image:width\" content=\"1920\" class=\"yoast-seo-meta-tag\" \/>\n\t<meta property=\"og:image:height\" content=\"970\" class=\"yoast-seo-meta-tag\" \/>\n\t<meta property=\"og:image:type\" content=\"image\/jpeg\" class=\"yoast-seo-meta-tag\" \/>\n<meta name=\"author\" content=\"dorogimedence.hu\" class=\"yoast-seo-meta-tag\" \/>\n<meta name=\"twitter:card\" content=\"summary_large_image\" class=\"yoast-seo-meta-tag\" \/>\n<meta name=\"twitter:label1\" content=\"Szerz\u0151:\" class=\"yoast-seo-meta-tag\" \/>\n\t<meta name=\"twitter:data1\" content=\"dorogimedence.hu\" class=\"yoast-seo-meta-tag\" \/>\n\t<meta name=\"twitter:label2\" content=\"Becs\u00fclt olvas\u00e1si id\u0151\" class=\"yoast-seo-meta-tag\" \/>\n\t<meta name=\"twitter:data2\" content=\"2 perc\" class=\"yoast-seo-meta-tag\" \/>\n<script type=\"application\/ld+json\" class=\"yoast-schema-graph\">{\"@context\":\"https:\\\/\\\/schema.org\",\"@graph\":[{\"@type\":\"Article\",\"@id\":\"https:\\\/\\\/dorogimedence.hu\\\/index.php\\\/2024\\\/01\\\/14\\\/megaldottak-a-felujitott-esztergomi-belvarosi-kalvaria-kapolnat\\\/#article\",\"isPartOf\":{\"@id\":\"https:\\\/\\\/dorogimedence.hu\\\/index.php\\\/2024\\\/01\\\/14\\\/megaldottak-a-felujitott-esztergomi-belvarosi-kalvaria-kapolnat\\\/\"},\"author\":{\"name\":\"dorogimedence.hu\",\"@id\":\"https:\\\/\\\/dorogimedence.hu\\\/#\\\/schema\\\/person\\\/ce6091eeb7e95ecdc87890d6aa8e0fd4\"},\"headline\":\"Meg\u00e1ldott\u00e1k a fel\u00faj\u00edtott esztergomi belv\u00e1rosi K\u00e1lv\u00e1ria-k\u00e1poln\u00e1t\",\"datePublished\":\"2024-01-14T14:31:06+00:00\",\"dateModified\":\"2024-01-15T07:03:37+00:00\",\"mainEntityOfPage\":{\"@id\":\"https:\\\/\\\/dorogimedence.hu\\\/index.php\\\/2024\\\/01\\\/14\\\/megaldottak-a-felujitott-esztergomi-belvarosi-kalvaria-kapolnat\\\/\"},\"wordCount\":471,\"publisher\":{\"@id\":\"https:\\\/\\\/dorogimedence.hu\\\/#organization\"},\"image\":{\"@id\":\"https:\\\/\\\/dorogimedence.hu\\\/index.php\\\/2024\\\/01\\\/14\\\/megaldottak-a-felujitott-esztergomi-belvarosi-kalvaria-kapolnat\\\/#primaryimage\"},\"thumbnailUrl\":\"https:\\\/\\\/dorogimedence.hu\\\/wp-content\\\/uploads\\\/2024\\\/01\\\/kalvaria-01.jpg\",\"keywords\":[\"\u00e1tad\u00f3\",\"\u00e1tad\u00f3 \u00fcnneps\u00e9g\",\"esztergom\",\"featured\",\"K\u00e1lv\u00e1ria-k\u00e1polna\"],\"articleSection\":[\"Esztergom\",\"H\u00edrek\"],\"inLanguage\":\"hu\"},{\"@type\":\"WebPage\",\"@id\":\"https:\\\/\\\/dorogimedence.hu\\\/index.php\\\/2024\\\/01\\\/14\\\/megaldottak-a-felujitott-esztergomi-belvarosi-kalvaria-kapolnat\\\/\",\"url\":\"https:\\\/\\\/dorogimedence.hu\\\/index.php\\\/2024\\\/01\\\/14\\\/megaldottak-a-felujitott-esztergomi-belvarosi-kalvaria-kapolnat\\\/\",\"name\":\"Meg\u00e1ldott\u00e1k a fel\u00faj\u00edtott esztergomi belv\u00e1rosi K\u00e1lv\u00e1ria-k\u00e1poln\u00e1t\",\"isPartOf\":{\"@id\":\"https:\\\/\\\/dorogimedence.hu\\\/#website\"},\"primaryImageOfPage\":{\"@id\":\"https:\\\/\\\/dorogimedence.hu\\\/index.php\\\/2024\\\/01\\\/14\\\/megaldottak-a-felujitott-esztergomi-belvarosi-kalvaria-kapolnat\\\/#primaryimage\"},\"image\":{\"@id\":\"https:\\\/\\\/dorogimedence.hu\\\/index.php\\\/2024\\\/01\\\/14\\\/megaldottak-a-felujitott-esztergomi-belvarosi-kalvaria-kapolnat\\\/#primaryimage\"},\"thumbnailUrl\":\"https:\\\/\\\/dorogimedence.hu\\\/wp-content\\\/uploads\\\/2024\\\/01\\\/kalvaria-01.jpg\",\"datePublished\":\"2024-01-14T14:31:06+00:00\",\"dateModified\":\"2024-01-15T07:03:37+00:00\",\"breadcrumb\":{\"@id\":\"https:\\\/\\\/dorogimedence.hu\\\/index.php\\\/2024\\\/01\\\/14\\\/megaldottak-a-felujitott-esztergomi-belvarosi-kalvaria-kapolnat\\\/#breadcrumb\"},\"inLanguage\":\"hu\",\"potentialAction\":[{\"@type\":\"ReadAction\",\"target\":[\"https:\\\/\\\/dorogimedence.hu\\\/index.php\\\/2024\\\/01\\\/14\\\/megaldottak-a-felujitott-esztergomi-belvarosi-kalvaria-kapolnat\\\/\"]}]},{\"@type\":\"ImageObject\",\"inLanguage\":\"hu\",\"@id\":\"https:\\\/\\\/dorogimedence.hu\\\/index.php\\\/2024\\\/01\\\/14\\\/megaldottak-a-felujitott-esztergomi-belvarosi-kalvaria-kapolnat\\\/#primaryimage\",\"url\":\"https:\\\/\\\/dorogimedence.hu\\\/wp-content\\\/uploads\\\/2024\\\/01\\\/kalvaria-01.jpg\",\"contentUrl\":\"https:\\\/\\\/dorogimedence.hu\\\/wp-content\\\/uploads\\\/2024\\\/01\\\/kalvaria-01.jpg\",\"width\":1920,\"height\":970},{\"@type\":\"BreadcrumbList\",\"@id\":\"https:\\\/\\\/dorogimedence.hu\\\/index.php\\\/2024\\\/01\\\/14\\\/megaldottak-a-felujitott-esztergomi-belvarosi-kalvaria-kapolnat\\\/#breadcrumb\",\"itemListElement\":[{\"@type\":\"ListItem\",\"position\":1,\"name\":\"Kezd\u0151lap\",\"item\":\"https:\\\/\\\/dorogimedence.hu\\\/\"},{\"@type\":\"ListItem\",\"position\":2,\"name\":\"Meg\u00e1ldott\u00e1k a fel\u00faj\u00edtott esztergomi belv\u00e1rosi K\u00e1lv\u00e1ria-k\u00e1poln\u00e1t\"}]},{\"@type\":\"WebSite\",\"@id\":\"https:\\\/\\\/dorogimedence.hu\\\/#website\",\"url\":\"https:\\\/\\\/dorogimedence.hu\\\/\",\"name\":\"Dorogi-medence Region\u00e1lis H\u00edrport\u00e1l\",\"description\":\"Dorog, Keszt\u00f6lc, Le\u00e1nyv\u00e1r, Piliscs\u00e9v, Tokod, Tokodalt\u00e1r\u00f3, Csolnok, Esztergom-kertv\u00e1ros: h\u00edrek, programok\",\"publisher\":{\"@id\":\"https:\\\/\\\/dorogimedence.hu\\\/#organization\"},\"potentialAction\":[{\"@type\":\"SearchAction\",\"target\":{\"@type\":\"EntryPoint\",\"urlTemplate\":\"https:\\\/\\\/dorogimedence.hu\\\/?s={search_term_string}\"},\"query-input\":{\"@type\":\"PropertyValueSpecification\",\"valueRequired\":true,\"valueName\":\"search_term_string\"}}],\"inLanguage\":\"hu\"},{\"@type\":\"Organization\",\"@id\":\"https:\\\/\\\/dorogimedence.hu\\\/#organization\",\"name\":\"Dorogi-medence Region\u00e1lis H\u00edrport\u00e1l\",\"url\":\"https:\\\/\\\/dorogimedence.hu\\\/\",\"logo\":{\"@type\":\"ImageObject\",\"inLanguage\":\"hu\",\"@id\":\"https:\\\/\\\/dorogimedence.hu\\\/#\\\/schema\\\/logo\\\/image\\\/\",\"url\":\"https:\\\/\\\/dorogimedence.hu\\\/wp-content\\\/uploads\\\/2021\\\/04\\\/logo-feher-600.png\",\"contentUrl\":\"https:\\\/\\\/dorogimedence.hu\\\/wp-content\\\/uploads\\\/2021\\\/04\\\/logo-feher-600.png\",\"width\":600,\"height\":100,\"caption\":\"Dorogi-medence Region\u00e1lis H\u00edrport\u00e1l\"},\"image\":{\"@id\":\"https:\\\/\\\/dorogimedence.hu\\\/#\\\/schema\\\/logo\\\/image\\\/\"},\"sameAs\":[\"https:\\\/\\\/www.facebook.com\\\/dorogimedence\\\/\"]},{\"@type\":\"Person\",\"@id\":\"https:\\\/\\\/dorogimedence.hu\\\/#\\\/schema\\\/person\\\/ce6091eeb7e95ecdc87890d6aa8e0fd4\",\"name\":\"dorogimedence.hu\",\"image\":{\"@type\":\"ImageObject\",\"inLanguage\":\"hu\",\"@id\":\"\\\/\\\/www.gravatar.com\\\/avatar\\\/d8d45f8901aadff40a4af72c0b826f1d?s=96&#038;r=g&#038;d=mm\",\"url\":\"\\\/\\\/www.gravatar.com\\\/avatar\\\/d8d45f8901aadff40a4af72c0b826f1d?s=96&#038;r=g&#038;d=mm\",\"contentUrl\":\"\\\/\\\/www.gravatar.com\\\/avatar\\\/d8d45f8901aadff40a4af72c0b826f1d?s=96&#038;r=g&#038;d=mm\",\"caption\":\"dorogimedence.hu\"}}]}<\/script>\n<!-- \/ Yoast SEO plugin. -->","yoast_head_json":{"title":"Meg\u00e1ldott\u00e1k a fel\u00faj\u00edtott esztergomi belv\u00e1rosi K\u00e1lv\u00e1ria-k\u00e1poln\u00e1t","robots":{"index":"index","follow":"follow","max-snippet":"max-snippet:-1","max-image-preview":"max-image-preview:large","max-video-preview":"max-video-preview:-1"},"canonical":"https:\/\/dorogimedence.hu\/index.php\/2024\/01\/14\/megaldottak-a-felujitott-esztergomi-belvarosi-kalvaria-kapolnat\/","og_locale":"hu_HU","og_type":"article","og_title":"Meg\u00e1ldott\u00e1k a fel\u00faj\u00edtott esztergomi belv\u00e1rosi K\u00e1lv\u00e1ria-k\u00e1poln\u00e1t","og_description":"Janu\u00e1r 14-\u00e9n, vas\u00e1rnap meg\u00e1ldott\u00e1k az esztergomi belv\u00e1rosi K\u00e1lv\u00e1ria-k\u00e1poln\u00e1t, melyet mintegy 49 milli\u00f3 forintb\u00f3l \u00faj\u00edtottak fel. Magyarorsz\u00e1g Korm\u00e1nya 19, m\u00edg az Esztergom-Budapesti F\u0151egyh\u00e1zmegye \u00e9s Esztergom Megyei Jog\u00fa V\u00e1ros \u00d6nkorm\u00e1nyzata 15-15 milli\u00f3 forinttal j\u00e1rult hozz\u00e1 a fel\u00faj\u00edt\u00e1shoz, amely sor\u00e1n meg\u00fajult a k\u00e1polna k\u00fcls\u0151 homlokzata \u00e9s kupol\u00e1ja. Solt\u00e9sz Mikl\u00f3s, a Minisztereln\u00f6ks\u00e9g egyh\u00e1zi \u00e9s nemzetis\u00e9gi kapcsolatok\u00e9rt felel\u0151s \u00e1llamtitk\u00e1ra az","og_url":"https:\/\/dorogimedence.hu\/index.php\/2024\/01\/14\/megaldottak-a-felujitott-esztergomi-belvarosi-kalvaria-kapolnat\/","og_site_name":"Dorogi-medence Region\u00e1lis H\u00edrport\u00e1l","article_publisher":"https:\/\/www.facebook.com\/dorogimedence\/","article_published_time":"2024-01-14T14:31:06+00:00","article_modified_time":"2024-01-15T07:03:37+00:00","og_image":[{"width":1920,"height":970,"url":"https:\/\/dorogimedence.hu\/wp-content\/uploads\/2024\/01\/kalvaria-01.jpg","type":"image\/jpeg"}],"author":"dorogimedence.hu","twitter_card":"summary_large_image","twitter_misc":{"Szerz\u0151:":"dorogimedence.hu","Becs\u00fclt olvas\u00e1si id\u0151":"2 perc"},"schema":{"@context":"https:\/\/schema.org","@graph":[{"@type":"Article","@id":"https:\/\/dorogimedence.hu\/index.php\/2024\/01\/14\/megaldottak-a-felujitott-esztergomi-belvarosi-kalvaria-kapolnat\/#article","isPartOf":{"@id":"https:\/\/dorogimedence.hu\/index.php\/2024\/01\/14\/megaldottak-a-felujitott-esztergomi-belvarosi-kalvaria-kapolnat\/"},"author":{"name":"dorogimedence.hu","@id":"https:\/\/dorogimedence.hu\/#\/schema\/person\/ce6091eeb7e95ecdc87890d6aa8e0fd4"},"headline":"Meg\u00e1ldott\u00e1k a fel\u00faj\u00edtott esztergomi belv\u00e1rosi K\u00e1lv\u00e1ria-k\u00e1poln\u00e1t","datePublished":"2024-01-14T14:31:06+00:00","dateModified":"2024-01-15T07:03:37+00:00","mainEntityOfPage":{"@id":"https:\/\/dorogimedence.hu\/index.php\/2024\/01\/14\/megaldottak-a-felujitott-esztergomi-belvarosi-kalvaria-kapolnat\/"},"wordCount":471,"publisher":{"@id":"https:\/\/dorogimedence.hu\/#organization"},"image":{"@id":"https:\/\/dorogimedence.hu\/index.php\/2024\/01\/14\/megaldottak-a-felujitott-esztergomi-belvarosi-kalvaria-kapolnat\/#primaryimage"},"thumbnailUrl":"https:\/\/dorogimedence.hu\/wp-content\/uploads\/2024\/01\/kalvaria-01.jpg","keywords":["\u00e1tad\u00f3","\u00e1tad\u00f3 \u00fcnneps\u00e9g","esztergom","featured","K\u00e1lv\u00e1ria-k\u00e1polna"],"articleSection":["Esztergom","H\u00edrek"],"inLanguage":"hu"},{"@type":"WebPage","@id":"https:\/\/dorogimedence.hu\/index.php\/2024\/01\/14\/megaldottak-a-felujitott-esztergomi-belvarosi-kalvaria-kapolnat\/","url":"https:\/\/dorogimedence.hu\/index.php\/2024\/01\/14\/megaldottak-a-felujitott-esztergomi-belvarosi-kalvaria-kapolnat\/","name":"Meg\u00e1ldott\u00e1k a fel\u00faj\u00edtott esztergomi belv\u00e1rosi K\u00e1lv\u00e1ria-k\u00e1poln\u00e1t","isPartOf":{"@id":"https:\/\/dorogimedence.hu\/#website"},"primaryImageOfPage":{"@id":"https:\/\/dorogimedence.hu\/index.php\/2024\/01\/14\/megaldottak-a-felujitott-esztergomi-belvarosi-kalvaria-kapolnat\/#primaryimage"},"image":{"@id":"https:\/\/dorogimedence.hu\/index.php\/2024\/01\/14\/megaldottak-a-felujitott-esztergomi-belvarosi-kalvaria-kapolnat\/#primaryimage"},"thumbnailUrl":"https:\/\/dorogimedence.hu\/wp-content\/uploads\/2024\/01\/kalvaria-01.jpg","datePublished":"2024-01-14T14:31:06+00:00","dateModified":"2024-01-15T07:03:37+00:00","breadcrumb":{"@id":"https:\/\/dorogimedence.hu\/index.php\/2024\/01\/14\/megaldottak-a-felujitott-esztergomi-belvarosi-kalvaria-kapolnat\/#breadcrumb"},"inLanguage":"hu","potentialAction":[{"@type":"ReadAction","target":["https:\/\/dorogimedence.hu\/index.php\/2024\/01\/14\/megaldottak-a-felujitott-esztergomi-belvarosi-kalvaria-kapolnat\/"]}]},{"@type":"ImageObject","inLanguage":"hu","@id":"https:\/\/dorogimedence.hu\/index.php\/2024\/01\/14\/megaldottak-a-felujitott-esztergomi-belvarosi-kalvaria-kapolnat\/#primaryimage","url":"https:\/\/dorogimedence.hu\/wp-content\/uploads\/2024\/01\/kalvaria-01.jpg","contentUrl":"https:\/\/dorogimedence.hu\/wp-content\/uploads\/2024\/01\/kalvaria-01.jpg","width":1920,"height":970},{"@type":"BreadcrumbList","@id":"https:\/\/dorogimedence.hu\/index.php\/2024\/01\/14\/megaldottak-a-felujitott-esztergomi-belvarosi-kalvaria-kapolnat\/#breadcrumb","itemListElement":[{"@type":"ListItem","position":1,"name":"Kezd\u0151lap","item":"https:\/\/dorogimedence.hu\/"},{"@type":"ListItem","position":2,"name":"Meg\u00e1ldott\u00e1k a fel\u00faj\u00edtott esztergomi belv\u00e1rosi K\u00e1lv\u00e1ria-k\u00e1poln\u00e1t"}]},{"@type":"WebSite","@id":"https:\/\/dorogimedence.hu\/#website","url":"https:\/\/dorogimedence.hu\/","name":"Dorogi-medence Region\u00e1lis H\u00edrport\u00e1l","description":"Dorog, Keszt\u00f6lc, Le\u00e1nyv\u00e1r, Piliscs\u00e9v, Tokod, Tokodalt\u00e1r\u00f3, Csolnok, Esztergom-kertv\u00e1ros: h\u00edrek, programok","publisher":{"@id":"https:\/\/dorogimedence.hu\/#organization"},"potentialAction":[{"@type":"SearchAction","target":{"@type":"EntryPoint","urlTemplate":"https:\/\/dorogimedence.hu\/?s={search_term_string}"},"query-input":{"@type":"PropertyValueSpecification","valueRequired":true,"valueName":"search_term_string"}}],"inLanguage":"hu"},{"@type":"Organization","@id":"https:\/\/dorogimedence.hu\/#organization","name":"Dorogi-medence Region\u00e1lis H\u00edrport\u00e1l","url":"https:\/\/dorogimedence.hu\/","logo":{"@type":"ImageObject","inLanguage":"hu","@id":"https:\/\/dorogimedence.hu\/#\/schema\/logo\/image\/","url":"https:\/\/dorogimedence.hu\/wp-content\/uploads\/2021\/04\/logo-feher-600.png","contentUrl":"https:\/\/dorogimedence.hu\/wp-content\/uploads\/2021\/04\/logo-feher-600.png","width":600,"height":100,"caption":"Dorogi-medence Region\u00e1lis H\u00edrport\u00e1l"},"image":{"@id":"https:\/\/dorogimedence.hu\/#\/schema\/logo\/image\/"},"sameAs":["https:\/\/www.facebook.com\/dorogimedence\/"]},{"@type":"Person","@id":"https:\/\/dorogimedence.hu\/#\/schema\/person\/ce6091eeb7e95ecdc87890d6aa8e0fd4","name":"dorogimedence.hu","image":{"@type":"ImageObject","inLanguage":"hu","@id":"\/\/www.gravatar.com\/avatar\/d8d45f8901aadff40a4af72c0b826f1d?s=96&#038;r=g&#038;d=mm","url":"\/\/www.gravatar.com\/avatar\/d8d45f8901aadff40a4af72c0b826f1d?s=96&#038;r=g&#038;d=mm","contentUrl":"\/\/www.gravatar.com\/avatar\/d8d45f8901aadff40a4af72c0b826f1d?s=96&#038;r=g&#038;d=mm","caption":"dorogimedence.hu"}}]}},"_links":{"self":[{"href":"https:\/\/dorogimedence.hu\/index.php\/wp-json\/wp\/v2\/posts\/58986","targetHints":{"allow":["GET"]}}],"collection":[{"href":"https:\/\/dorogimedence.hu\/index.php\/wp-json\/wp\/v2\/posts"}],"about":[{"href":"https:\/\/dorogimedence.hu\/index.php\/wp-json\/wp\/v2\/types\/post"}],"author":[{"embeddable":true,"href":"https:\/\/dorogimedence.hu\/index.php\/wp-json\/wp\/v2\/users\/1"}],"replies":[{"embeddable":true,"href":"https:\/\/dorogimedence.hu\/index.php\/wp-json\/wp\/v2\/comments?post=58986"}],"version-history":[{"count":0,"href":"https:\/\/dorogimedence.hu\/index.php\/wp-json\/wp\/v2\/posts\/58986\/revisions"}],"wp:featuredmedia":[{"embeddable":true,"href":"https:\/\/dorogimedence.hu\/index.php\/wp-json\/wp\/v2\/media\/58991"}],"wp:attachment":[{"href":"https:\/\/dorogimedence.hu\/index.php\/wp-json\/wp\/v2\/media?parent=58986"}],"wp:term":[{"taxonomy":"category","embeddable":true,"href":"https:\/\/dorogimedence.hu\/index.php\/wp-json\/wp\/v2\/categories?post=58986"},{"taxonomy":"post_tag","embeddable":true,"href":"https:\/\/dorogimedence.hu\/index.php\/wp-json\/wp\/v2\/tags?post=58986"}],"curies":[{"name":"wp","href":"https:\/\/api.w.org\/{rel}","templated":true}]}}