{"id":58921,"date":"2024-01-09T16:47:36","date_gmt":"2024-01-09T15:47:36","guid":{"rendered":"https:\/\/dorogimedence.hu\/?p=58921"},"modified":"2024-01-09T16:49:03","modified_gmt":"2024-01-09T15:49:03","slug":"a-mi-megyenk-a-mi-vilagunk-lezarult-a-varmegye-onkormanyzatanak-identitas-erositeset-celzo-masodik-palyazata","status":"publish","type":"post","link":"https:\/\/dorogimedence.hu\/index.php\/2024\/01\/09\/a-mi-megyenk-a-mi-vilagunk-lezarult-a-varmegye-onkormanyzatanak-identitas-erositeset-celzo-masodik-palyazata\/","title":{"rendered":"A Mi Megy\u00e9nk, a Mi Vil\u00e1gunk &#8211; Lez\u00e1rult a v\u00e1rmegye \u00f6nkorm\u00e1nyzat\u00e1nak identit\u00e1s er\u0151s\u00edt\u00e9s\u00e9t c\u00e9lz\u00f3 m\u00e1sodik p\u00e1ly\u00e1zata"},"content":{"rendered":"<p><strong>Kom\u00e1rom-Esztergom V\u00e1rmegye \u00d6nkorm\u00e1nyzata a Ter\u00fclet- \u00e9s Telep\u00fcl\u00e9sfejleszt\u00e9si Operat\u00edv Program (TOP-5.3.2-17-KO1-2021-00002) keret\u00e9ben 315,84 milli\u00f3 forint eur\u00f3pai uni\u00f3s vissza nem t\u00e9r\u00edtend\u0151 t\u00e1mogat\u00e1ssal val\u00f3s\u00edtotta meg \u201eA mi megy\u00e9nk, a mi vil\u00e1gunk\u201d c\u00edm\u0171 megyei identit\u00e1s p\u00e1ly\u00e1zatot. A program a TOP er\u0151forr\u00e1saira \u00e9p\u00edtve, \u00faj eszk\u00f6zrendszerrel a k\u00f6z\u00f6ss\u00e9gfejleszt\u00e9st, a k\u00f6z\u00f6ss\u00e9g kezdem\u00e9nyez\u0151 \u00e9s cselekv\u0151k\u00e9pess\u00e9g\u00e9nek, valamint azonoss\u00e1gtudat\u00e1nak tov\u00e1bbi er\u0151s\u00edt\u00e9s\u00e9t, a v\u00e1rmegyei \u00e9rt\u00e9kek m\u00e9g sz\u00e9lesebb k\u00f6r\u0171 megismertet\u00e9s\u00e9t, n\u00e9pszer\u0171s\u00edt\u00e9s\u00e9t szolg\u00e1lta Kom\u00e1rom-Esztergom v\u00e1rmegye teljes ter\u00fclet\u00e9n. A c\u00e9l az volt, hogy a kett\u0151s t\u00f6rt\u00e9nelmi \u00f6r\u00f6ks\u00e9g\u0171 \u00e9s gazdas\u00e1gi h\u00e1tter\u0171 v\u00e1rmegye, t\u00e1rsadalmi-identit\u00e1sbeli t\u00f6r\u00e9svonalai megsz\u0171njenek, tov\u00e1bb\u00e1 a SARS-COVID19 vil\u00e1gj\u00e1rv\u00e1ny t\u00e1rsadalmi hat\u00e1sai a k\u00f6z\u00f6ss\u00e9gfejleszt\u00e9s r\u00e9v\u00e9n, r\u00e9szben kompenz\u00e1lhat\u00f3ak legyenek, \u00e9s a k\u00f6z\u00f6s kultur\u00e1lis kincsek \u00e9s a t\u00e1rsadalmi er\u0151forr\u00e1sok mindenki sz\u00e1m\u00e1ra \u201ek\u00e9zzel foghat\u00f3v\u00e1\u201d v\u00e1ljanak. <\/strong><\/p>\n<p>A megval\u00f3s\u00edt\u00e1s sor\u00e1n a v\u00e1rmegye \u00f6nkorm\u00e1nyzata nagy hangs\u00falyt fektetett a v\u00e1rmegy\u00e9t bemutat\u00f3 saj\u00e1t k\u00e9sz\u00edt\u00e9s\u0171 m\u00e9diatartalmak el\u0151\u00e1ll\u00edt\u00e1s\u00e1ra. Ennek keret\u00e9ben 76 bemutat\u00f3 film sz\u00fcletett a v\u00e1rmegye mind a 76 telep\u00fcl\u00e9s\u00e9r\u0151l. Tov\u00e1bbi 7 kisfilm leforgat\u00e1s\u00e1ra is lehet\u0151s\u00e9g\u00fcnk volt, valamint vide\u00f3s besz\u00e1mol\u00f3kat k\u00e9sz\u00edtett\u00fcnk a v\u00e1rmegyei esem\u00e9nyekr\u0151l, melyeket helyi telev\u00edzi\u00f3kban \u00e9s a k\u00f6z\u00f6ss\u00e9gi m\u00e9di\u00e1ban egyar\u00e1nt k\u00f6zreadtunk. Programjainkr\u00f3l \u00e9s a v\u00e1rmegye \u00e9rt\u00e9keir\u0151l, h\u00edress\u00e9geir\u0151l 70 darab r\u00e1di\u00f3m\u0171sor b\u0151v\u00edtette a hallgat\u00f3k ismereteit.<\/p>\n<p>Tov\u00e1bb gyarapodott a v\u00e1rmegyei \u00e9rt\u00e9kt\u00e1r fot\u00f3t\u00e1ra, az \u00fajonnan elfogadott \u00e9rt\u00e9kekr\u0151l \u00faj f\u00e9nyk\u00e9pek sz\u00fclettek. A v\u00e1rmegyei \u00e9rt\u00e9kt\u00e1r n\u00e9pszer\u0171s\u00edt\u00e9s\u00e9t szolg\u00e1lt\u00e1k a v\u00e1rmegyei \u00e9rt\u00e9kt\u00e1r bemutat\u00f3k, mely rendezv\u00e9nyeken a megyei \u00e9rt\u00e9kek filmjeinek vet\u00edt\u00e9s\u00e9re \u00e9s el\u0151ad\u00e1sok megtart\u00e1sokra is sor ker\u00fclt. Ezen k\u00edv\u00fcl minden \u00e9vben k\u00e9sz\u00fclt Megyei \u00c9rt\u00e9kt\u00e1r Napt\u00e1r, megt\u00f6rt\u00e9nt a Megyei \u00c9rt\u00e9kt\u00e1r Applik\u00e1ci\u00f3 \u00e9s a megyei identit\u00e1s honlap (mimegyenk.hu) tov\u00e1bbfejleszt\u00e9se. A megy\u00e9ben forgatott filmeket tartalmaz\u00f3 Legend\u00e1s filmek, legend\u00e1s helysz\u00ednek c\u00edm\u0171 k\u00f6nyvet is megjelentett\u00fck. A projekt sor\u00e1n elk\u00e9sz\u00fclt \u00e9s kiad\u00e1sra ker\u00fclt a V\u00e1rmegyek\u00f6nyv, ami 3 nyelven mutatja be telep\u00fcl\u00e9seinket.<\/p>\n<p>A program sor\u00e1n 6 nagy, identit\u00e1st er\u0151s\u00edt\u0151, k\u00f6z\u00f6ss\u00e9g\u00e9p\u00edt\u0151 rendezv\u00e9nyt val\u00f3s\u00edtottunk meg a megyeh\u00e9t sorozat keret\u00e9ben. A kapcsolatok gener\u00e1l\u00e1sa \u00e9rdek\u00e9ben 7 alkalmas j\u00e1t\u00e9kos \u00fcgyess\u00e9gi sportversenysorozatot (\u201eMozdul a megye\u201d) rendezt\u00fcnk. Els\u0151 alkalommal megval\u00f3s\u00edtottuk a Gener\u00e1ci\u00f3k Tal\u00e1lkoz\u00e1s\u00e1t, a c\u00e9l a koroszt\u00e1lyok k\u00f6z\u00f6tti k\u00f6tel\u00e9kek er\u0151s\u00edt\u00e9se volt. \u00c9rt\u00e9keink meg\u0151rz\u00e9se \u00e9s sz\u00e9les k\u00f6r\u0171 megismertet\u00e9se \u00e9rdek\u00e9ben fot\u00f3p\u00e1ly\u00e1zatra h\u00edvtuk meg a megye profi \u00e9s amat\u0151r fot\u00f3sait. A be\u00e9rkezett k\u00e9pekb\u0151l ki\u00e1ll\u00edt\u00e1sokat szervezt\u00fcnk.&nbsp;<\/p>\n<p>A p\u00e1ly\u00e1zat kiemelt c\u00e9lcsoportja a fiatal koroszt\u00e1ly, a gyerekek, sz\u00e1mukra a v\u00e1rmegy\u00e9nk \u201ekincseit\u201d feldolgoz\u00f3 t\u00e1rsasj\u00e1t\u00e9k, valamint matric\u00e1sk\u00f6nyv k\u00e9sz\u00fclt \u201eRipa \u00e9s Bar\u00e1tai a nagy kincsvad\u00e1szat Kom\u00e1romEsztergom v\u00e1rmegy\u00e9ben\u201d c\u00edmmel.<\/p>\n<p>A megyei identit\u00e1s program keret\u00e9ben 2023. november 15. \u00e9s december 15. k\u00f6z\u00f6tt m\u00e9dia hirdet\u00e9si kamp\u00e1nyokra is sor ker\u00fclt. A kamp\u00e1nyok c\u00e9lja az el\u00e9rt eredm\u00e9nyek, a megval\u00f3sult rendezv\u00e9nyek \u00e9s produktumok megismertet\u00e9se volt, valamint az, hogy a p\u00e1ly\u00e1zat keret\u00e9ben l\u00e9trehozott internetes platformjainkat \u00e9s az e-platformokon tal\u00e1lhat\u00f3 tartalmakat n\u00e9pszer\u0171s\u00edts\u00fck, k\u00f6zkinccs\u00e9 tegy\u00fck.<\/p>\n<p><img fetchpriority=\"high\" decoding=\"async\" class=\"alignnone size-full wp-image-58454\" src=\"https:\/\/dorogimedence.hu\/wp-content\/uploads\/2023\/12\/szechenyi-2020.jpg\" alt=\"\" width=\"686\" height=\"153\" srcset=\"https:\/\/dorogimedence.hu\/wp-content\/uploads\/2023\/12\/szechenyi-2020.jpg 686w, https:\/\/dorogimedence.hu\/wp-content\/uploads\/2023\/12\/szechenyi-2020-600x134.jpg 600w, https:\/\/dorogimedence.hu\/wp-content\/uploads\/2023\/12\/szechenyi-2020-150x33.jpg 150w, https:\/\/dorogimedence.hu\/wp-content\/uploads\/2023\/12\/szechenyi-2020-450x100.jpg 450w\" sizes=\"(max-width: 686px) 100vw, 686px\" \/><\/p>\n","protected":false},"excerpt":{"rendered":"<p>Kom\u00e1rom-Esztergom V\u00e1rmegye \u00d6nkorm\u00e1nyzata a Ter\u00fclet- \u00e9s Telep\u00fcl\u00e9sfejleszt\u00e9si Operat\u00edv Program (TOP-5.3.2-17-KO1-2021-00002) keret\u00e9ben 315,84 milli\u00f3 forint eur\u00f3pai uni\u00f3s vissza nem t\u00e9r\u00edtend\u0151 t\u00e1mogat\u00e1ssal val\u00f3s\u00edtotta meg \u201eA mi megy\u00e9nk, a mi vil\u00e1gunk\u201d c\u00edm\u0171 megyei identit\u00e1s p\u00e1ly\u00e1zatot. A program a TOP er\u0151forr\u00e1saira \u00e9p\u00edtve, \u00faj eszk\u00f6zrendszerrel a k\u00f6z\u00f6ss\u00e9gfejleszt\u00e9st, a k\u00f6z\u00f6ss\u00e9g kezdem\u00e9nyez\u0151 \u00e9s cselekv\u0151k\u00e9pess\u00e9g\u00e9nek, valamint azonoss\u00e1gtudat\u00e1nak tov\u00e1bbi er\u0151s\u00edt\u00e9s\u00e9t, a v\u00e1rmegyei \u00e9rt\u00e9kek m\u00e9g<\/p>\n","protected":false},"author":1,"featured_media":58365,"comment_status":"closed","ping_status":"closed","sticky":false,"template":"","format":"standard","meta":{"ngg_post_thumbnail":0,"footnotes":""},"categories":[3,56],"tags":[6890,7004],"class_list":{"0":"post-58921","1":"post","2":"type-post","3":"status-publish","4":"format-standard","5":"has-post-thumbnail","7":"category-hirek","8":"category-komarom-esztergom","9":"tag-komarom-esztergom-varmegye","10":"tag-komarom-esztergom-varmegyei-onkormanyzat"},"yoast_head":"<!-- This site is optimized with the Yoast SEO plugin v27.5 - https:\/\/yoast.com\/product\/yoast-seo-wordpress\/ -->\n<title>A Mi Megy\u00e9nk, a Mi Vil\u00e1gunk - Lez\u00e1rult a v\u00e1rmegye \u00f6nkorm\u00e1nyzat\u00e1nak identit\u00e1s er\u0151s\u00edt\u00e9s\u00e9t c\u00e9lz\u00f3 m\u00e1sodik p\u00e1ly\u00e1zata<\/title>\n<meta name=\"robots\" content=\"index, follow, max-snippet:-1, max-image-preview:large, max-video-preview:-1\" \/>\n<link rel=\"canonical\" href=\"https:\/\/dorogimedence.hu\/index.php\/2024\/01\/09\/a-mi-megyenk-a-mi-vilagunk-lezarult-a-varmegye-onkormanyzatanak-identitas-erositeset-celzo-masodik-palyazata\/\" class=\"yoast-seo-meta-tag\" \/>\n<meta property=\"og:locale\" content=\"hu_HU\" class=\"yoast-seo-meta-tag\" \/>\n<meta property=\"og:type\" content=\"article\" class=\"yoast-seo-meta-tag\" \/>\n<meta property=\"og:title\" content=\"A Mi Megy\u00e9nk, a Mi Vil\u00e1gunk - Lez\u00e1rult a v\u00e1rmegye \u00f6nkorm\u00e1nyzat\u00e1nak identit\u00e1s er\u0151s\u00edt\u00e9s\u00e9t c\u00e9lz\u00f3 m\u00e1sodik p\u00e1ly\u00e1zata\" class=\"yoast-seo-meta-tag\" \/>\n<meta property=\"og:description\" content=\"Kom\u00e1rom-Esztergom V\u00e1rmegye \u00d6nkorm\u00e1nyzata a Ter\u00fclet- \u00e9s Telep\u00fcl\u00e9sfejleszt\u00e9si Operat\u00edv Program (TOP-5.3.2-17-KO1-2021-00002) keret\u00e9ben 315,84 milli\u00f3 forint eur\u00f3pai uni\u00f3s vissza nem t\u00e9r\u00edtend\u0151 t\u00e1mogat\u00e1ssal val\u00f3s\u00edtotta meg \u201eA mi megy\u00e9nk, a mi vil\u00e1gunk\u201d c\u00edm\u0171 megyei identit\u00e1s p\u00e1ly\u00e1zatot. A program a TOP er\u0151forr\u00e1saira \u00e9p\u00edtve, \u00faj eszk\u00f6zrendszerrel a k\u00f6z\u00f6ss\u00e9gfejleszt\u00e9st, a k\u00f6z\u00f6ss\u00e9g kezdem\u00e9nyez\u0151 \u00e9s cselekv\u0151k\u00e9pess\u00e9g\u00e9nek, valamint azonoss\u00e1gtudat\u00e1nak tov\u00e1bbi er\u0151s\u00edt\u00e9s\u00e9t, a v\u00e1rmegyei \u00e9rt\u00e9kek m\u00e9g\" class=\"yoast-seo-meta-tag\" \/>\n<meta property=\"og:url\" content=\"https:\/\/dorogimedence.hu\/index.php\/2024\/01\/09\/a-mi-megyenk-a-mi-vilagunk-lezarult-a-varmegye-onkormanyzatanak-identitas-erositeset-celzo-masodik-palyazata\/\" class=\"yoast-seo-meta-tag\" \/>\n<meta property=\"og:site_name\" content=\"Dorogi-medence Region\u00e1lis H\u00edrport\u00e1l\" class=\"yoast-seo-meta-tag\" \/>\n<meta property=\"article:publisher\" content=\"https:\/\/www.facebook.com\/dorogimedence\/\" class=\"yoast-seo-meta-tag\" \/>\n<meta property=\"article:published_time\" content=\"2024-01-09T15:47:36+00:00\" class=\"yoast-seo-meta-tag\" \/>\n<meta property=\"article:modified_time\" content=\"2024-01-09T15:49:03+00:00\" class=\"yoast-seo-meta-tag\" \/>\n<meta property=\"og:image\" content=\"https:\/\/dorogimedence.hu\/wp-content\/uploads\/2023\/12\/varmegye-konyv.jpg\" class=\"yoast-seo-meta-tag\" \/>\n\t<meta property=\"og:image:width\" content=\"1920\" class=\"yoast-seo-meta-tag\" \/>\n\t<meta property=\"og:image:height\" content=\"1280\" class=\"yoast-seo-meta-tag\" \/>\n\t<meta property=\"og:image:type\" content=\"image\/jpeg\" class=\"yoast-seo-meta-tag\" \/>\n<meta name=\"author\" content=\"dorogimedence.hu\" class=\"yoast-seo-meta-tag\" \/>\n<meta name=\"twitter:card\" content=\"summary_large_image\" class=\"yoast-seo-meta-tag\" \/>\n<meta name=\"twitter:label1\" content=\"Szerz\u0151:\" class=\"yoast-seo-meta-tag\" \/>\n\t<meta name=\"twitter:data1\" content=\"dorogimedence.hu\" class=\"yoast-seo-meta-tag\" \/>\n\t<meta name=\"twitter:label2\" content=\"Becs\u00fclt olvas\u00e1si id\u0151\" class=\"yoast-seo-meta-tag\" \/>\n\t<meta name=\"twitter:data2\" content=\"4 perc\" class=\"yoast-seo-meta-tag\" \/>\n<script type=\"application\/ld+json\" class=\"yoast-schema-graph\">{\"@context\":\"https:\\\/\\\/schema.org\",\"@graph\":[{\"@type\":\"Article\",\"@id\":\"https:\\\/\\\/dorogimedence.hu\\\/index.php\\\/2024\\\/01\\\/09\\\/a-mi-megyenk-a-mi-vilagunk-lezarult-a-varmegye-onkormanyzatanak-identitas-erositeset-celzo-masodik-palyazata\\\/#article\",\"isPartOf\":{\"@id\":\"https:\\\/\\\/dorogimedence.hu\\\/index.php\\\/2024\\\/01\\\/09\\\/a-mi-megyenk-a-mi-vilagunk-lezarult-a-varmegye-onkormanyzatanak-identitas-erositeset-celzo-masodik-palyazata\\\/\"},\"author\":{\"name\":\"dorogimedence.hu\",\"@id\":\"https:\\\/\\\/dorogimedence.hu\\\/#\\\/schema\\\/person\\\/ce6091eeb7e95ecdc87890d6aa8e0fd4\"},\"headline\":\"A Mi Megy\u00e9nk, a Mi Vil\u00e1gunk &#8211; Lez\u00e1rult a v\u00e1rmegye \u00f6nkorm\u00e1nyzat\u00e1nak identit\u00e1s er\u0151s\u00edt\u00e9s\u00e9t c\u00e9lz\u00f3 m\u00e1sodik p\u00e1ly\u00e1zata\",\"datePublished\":\"2024-01-09T15:47:36+00:00\",\"dateModified\":\"2024-01-09T15:49:03+00:00\",\"mainEntityOfPage\":{\"@id\":\"https:\\\/\\\/dorogimedence.hu\\\/index.php\\\/2024\\\/01\\\/09\\\/a-mi-megyenk-a-mi-vilagunk-lezarult-a-varmegye-onkormanyzatanak-identitas-erositeset-celzo-masodik-palyazata\\\/\"},\"wordCount\":750,\"publisher\":{\"@id\":\"https:\\\/\\\/dorogimedence.hu\\\/#organization\"},\"image\":{\"@id\":\"https:\\\/\\\/dorogimedence.hu\\\/index.php\\\/2024\\\/01\\\/09\\\/a-mi-megyenk-a-mi-vilagunk-lezarult-a-varmegye-onkormanyzatanak-identitas-erositeset-celzo-masodik-palyazata\\\/#primaryimage\"},\"thumbnailUrl\":\"https:\\\/\\\/dorogimedence.hu\\\/wp-content\\\/uploads\\\/2023\\\/12\\\/varmegye-konyv.jpg\",\"keywords\":[\"Kom\u00e1rom-Esztergom v\u00e1rmegye\",\"Kom\u00e1rom-Esztergom V\u00e1rmegyei \u00d6nkorm\u00e1nyzat\"],\"articleSection\":[\"H\u00edrek\",\"Kom\u00e1rom-Esztergom\"],\"inLanguage\":\"hu\"},{\"@type\":\"WebPage\",\"@id\":\"https:\\\/\\\/dorogimedence.hu\\\/index.php\\\/2024\\\/01\\\/09\\\/a-mi-megyenk-a-mi-vilagunk-lezarult-a-varmegye-onkormanyzatanak-identitas-erositeset-celzo-masodik-palyazata\\\/\",\"url\":\"https:\\\/\\\/dorogimedence.hu\\\/index.php\\\/2024\\\/01\\\/09\\\/a-mi-megyenk-a-mi-vilagunk-lezarult-a-varmegye-onkormanyzatanak-identitas-erositeset-celzo-masodik-palyazata\\\/\",\"name\":\"A Mi Megy\u00e9nk, a Mi Vil\u00e1gunk - Lez\u00e1rult a v\u00e1rmegye \u00f6nkorm\u00e1nyzat\u00e1nak identit\u00e1s er\u0151s\u00edt\u00e9s\u00e9t c\u00e9lz\u00f3 m\u00e1sodik p\u00e1ly\u00e1zata\",\"isPartOf\":{\"@id\":\"https:\\\/\\\/dorogimedence.hu\\\/#website\"},\"primaryImageOfPage\":{\"@id\":\"https:\\\/\\\/dorogimedence.hu\\\/index.php\\\/2024\\\/01\\\/09\\\/a-mi-megyenk-a-mi-vilagunk-lezarult-a-varmegye-onkormanyzatanak-identitas-erositeset-celzo-masodik-palyazata\\\/#primaryimage\"},\"image\":{\"@id\":\"https:\\\/\\\/dorogimedence.hu\\\/index.php\\\/2024\\\/01\\\/09\\\/a-mi-megyenk-a-mi-vilagunk-lezarult-a-varmegye-onkormanyzatanak-identitas-erositeset-celzo-masodik-palyazata\\\/#primaryimage\"},\"thumbnailUrl\":\"https:\\\/\\\/dorogimedence.hu\\\/wp-content\\\/uploads\\\/2023\\\/12\\\/varmegye-konyv.jpg\",\"datePublished\":\"2024-01-09T15:47:36+00:00\",\"dateModified\":\"2024-01-09T15:49:03+00:00\",\"breadcrumb\":{\"@id\":\"https:\\\/\\\/dorogimedence.hu\\\/index.php\\\/2024\\\/01\\\/09\\\/a-mi-megyenk-a-mi-vilagunk-lezarult-a-varmegye-onkormanyzatanak-identitas-erositeset-celzo-masodik-palyazata\\\/#breadcrumb\"},\"inLanguage\":\"hu\",\"potentialAction\":[{\"@type\":\"ReadAction\",\"target\":[\"https:\\\/\\\/dorogimedence.hu\\\/index.php\\\/2024\\\/01\\\/09\\\/a-mi-megyenk-a-mi-vilagunk-lezarult-a-varmegye-onkormanyzatanak-identitas-erositeset-celzo-masodik-palyazata\\\/\"]}]},{\"@type\":\"ImageObject\",\"inLanguage\":\"hu\",\"@id\":\"https:\\\/\\\/dorogimedence.hu\\\/index.php\\\/2024\\\/01\\\/09\\\/a-mi-megyenk-a-mi-vilagunk-lezarult-a-varmegye-onkormanyzatanak-identitas-erositeset-celzo-masodik-palyazata\\\/#primaryimage\",\"url\":\"https:\\\/\\\/dorogimedence.hu\\\/wp-content\\\/uploads\\\/2023\\\/12\\\/varmegye-konyv.jpg\",\"contentUrl\":\"https:\\\/\\\/dorogimedence.hu\\\/wp-content\\\/uploads\\\/2023\\\/12\\\/varmegye-konyv.jpg\",\"width\":1920,\"height\":1280},{\"@type\":\"BreadcrumbList\",\"@id\":\"https:\\\/\\\/dorogimedence.hu\\\/index.php\\\/2024\\\/01\\\/09\\\/a-mi-megyenk-a-mi-vilagunk-lezarult-a-varmegye-onkormanyzatanak-identitas-erositeset-celzo-masodik-palyazata\\\/#breadcrumb\",\"itemListElement\":[{\"@type\":\"ListItem\",\"position\":1,\"name\":\"Kezd\u0151lap\",\"item\":\"https:\\\/\\\/dorogimedence.hu\\\/\"},{\"@type\":\"ListItem\",\"position\":2,\"name\":\"A Mi Megy\u00e9nk, a Mi Vil\u00e1gunk &#8211; Lez\u00e1rult a v\u00e1rmegye \u00f6nkorm\u00e1nyzat\u00e1nak identit\u00e1s er\u0151s\u00edt\u00e9s\u00e9t c\u00e9lz\u00f3 m\u00e1sodik p\u00e1ly\u00e1zata\"}]},{\"@type\":\"WebSite\",\"@id\":\"https:\\\/\\\/dorogimedence.hu\\\/#website\",\"url\":\"https:\\\/\\\/dorogimedence.hu\\\/\",\"name\":\"Dorogi-medence Region\u00e1lis H\u00edrport\u00e1l\",\"description\":\"Dorog, Keszt\u00f6lc, Le\u00e1nyv\u00e1r, Piliscs\u00e9v, Tokod, Tokodalt\u00e1r\u00f3, Csolnok, Esztergom-kertv\u00e1ros: h\u00edrek, programok\",\"publisher\":{\"@id\":\"https:\\\/\\\/dorogimedence.hu\\\/#organization\"},\"potentialAction\":[{\"@type\":\"SearchAction\",\"target\":{\"@type\":\"EntryPoint\",\"urlTemplate\":\"https:\\\/\\\/dorogimedence.hu\\\/?s={search_term_string}\"},\"query-input\":{\"@type\":\"PropertyValueSpecification\",\"valueRequired\":true,\"valueName\":\"search_term_string\"}}],\"inLanguage\":\"hu\"},{\"@type\":\"Organization\",\"@id\":\"https:\\\/\\\/dorogimedence.hu\\\/#organization\",\"name\":\"Dorogi-medence Region\u00e1lis H\u00edrport\u00e1l\",\"url\":\"https:\\\/\\\/dorogimedence.hu\\\/\",\"logo\":{\"@type\":\"ImageObject\",\"inLanguage\":\"hu\",\"@id\":\"https:\\\/\\\/dorogimedence.hu\\\/#\\\/schema\\\/logo\\\/image\\\/\",\"url\":\"https:\\\/\\\/dorogimedence.hu\\\/wp-content\\\/uploads\\\/2021\\\/04\\\/logo-feher-600.png\",\"contentUrl\":\"https:\\\/\\\/dorogimedence.hu\\\/wp-content\\\/uploads\\\/2021\\\/04\\\/logo-feher-600.png\",\"width\":600,\"height\":100,\"caption\":\"Dorogi-medence Region\u00e1lis H\u00edrport\u00e1l\"},\"image\":{\"@id\":\"https:\\\/\\\/dorogimedence.hu\\\/#\\\/schema\\\/logo\\\/image\\\/\"},\"sameAs\":[\"https:\\\/\\\/www.facebook.com\\\/dorogimedence\\\/\"]},{\"@type\":\"Person\",\"@id\":\"https:\\\/\\\/dorogimedence.hu\\\/#\\\/schema\\\/person\\\/ce6091eeb7e95ecdc87890d6aa8e0fd4\",\"name\":\"dorogimedence.hu\",\"image\":{\"@type\":\"ImageObject\",\"inLanguage\":\"hu\",\"@id\":\"\\\/\\\/www.gravatar.com\\\/avatar\\\/d8d45f8901aadff40a4af72c0b826f1d?s=96&#038;r=g&#038;d=mm\",\"url\":\"\\\/\\\/www.gravatar.com\\\/avatar\\\/d8d45f8901aadff40a4af72c0b826f1d?s=96&#038;r=g&#038;d=mm\",\"contentUrl\":\"\\\/\\\/www.gravatar.com\\\/avatar\\\/d8d45f8901aadff40a4af72c0b826f1d?s=96&#038;r=g&#038;d=mm\",\"caption\":\"dorogimedence.hu\"}}]}<\/script>\n<!-- \/ Yoast SEO plugin. -->","yoast_head_json":{"title":"A Mi Megy\u00e9nk, a Mi Vil\u00e1gunk - Lez\u00e1rult a v\u00e1rmegye \u00f6nkorm\u00e1nyzat\u00e1nak identit\u00e1s er\u0151s\u00edt\u00e9s\u00e9t c\u00e9lz\u00f3 m\u00e1sodik p\u00e1ly\u00e1zata","robots":{"index":"index","follow":"follow","max-snippet":"max-snippet:-1","max-image-preview":"max-image-preview:large","max-video-preview":"max-video-preview:-1"},"canonical":"https:\/\/dorogimedence.hu\/index.php\/2024\/01\/09\/a-mi-megyenk-a-mi-vilagunk-lezarult-a-varmegye-onkormanyzatanak-identitas-erositeset-celzo-masodik-palyazata\/","og_locale":"hu_HU","og_type":"article","og_title":"A Mi Megy\u00e9nk, a Mi Vil\u00e1gunk - Lez\u00e1rult a v\u00e1rmegye \u00f6nkorm\u00e1nyzat\u00e1nak identit\u00e1s er\u0151s\u00edt\u00e9s\u00e9t c\u00e9lz\u00f3 m\u00e1sodik p\u00e1ly\u00e1zata","og_description":"Kom\u00e1rom-Esztergom V\u00e1rmegye \u00d6nkorm\u00e1nyzata a Ter\u00fclet- \u00e9s Telep\u00fcl\u00e9sfejleszt\u00e9si Operat\u00edv Program (TOP-5.3.2-17-KO1-2021-00002) keret\u00e9ben 315,84 milli\u00f3 forint eur\u00f3pai uni\u00f3s vissza nem t\u00e9r\u00edtend\u0151 t\u00e1mogat\u00e1ssal val\u00f3s\u00edtotta meg \u201eA mi megy\u00e9nk, a mi vil\u00e1gunk\u201d c\u00edm\u0171 megyei identit\u00e1s p\u00e1ly\u00e1zatot. A program a TOP er\u0151forr\u00e1saira \u00e9p\u00edtve, \u00faj eszk\u00f6zrendszerrel a k\u00f6z\u00f6ss\u00e9gfejleszt\u00e9st, a k\u00f6z\u00f6ss\u00e9g kezdem\u00e9nyez\u0151 \u00e9s cselekv\u0151k\u00e9pess\u00e9g\u00e9nek, valamint azonoss\u00e1gtudat\u00e1nak tov\u00e1bbi er\u0151s\u00edt\u00e9s\u00e9t, a v\u00e1rmegyei \u00e9rt\u00e9kek m\u00e9g","og_url":"https:\/\/dorogimedence.hu\/index.php\/2024\/01\/09\/a-mi-megyenk-a-mi-vilagunk-lezarult-a-varmegye-onkormanyzatanak-identitas-erositeset-celzo-masodik-palyazata\/","og_site_name":"Dorogi-medence Region\u00e1lis H\u00edrport\u00e1l","article_publisher":"https:\/\/www.facebook.com\/dorogimedence\/","article_published_time":"2024-01-09T15:47:36+00:00","article_modified_time":"2024-01-09T15:49:03+00:00","og_image":[{"width":1920,"height":1280,"url":"https:\/\/dorogimedence.hu\/wp-content\/uploads\/2023\/12\/varmegye-konyv.jpg","type":"image\/jpeg"}],"author":"dorogimedence.hu","twitter_card":"summary_large_image","twitter_misc":{"Szerz\u0151:":"dorogimedence.hu","Becs\u00fclt olvas\u00e1si id\u0151":"4 perc"},"schema":{"@context":"https:\/\/schema.org","@graph":[{"@type":"Article","@id":"https:\/\/dorogimedence.hu\/index.php\/2024\/01\/09\/a-mi-megyenk-a-mi-vilagunk-lezarult-a-varmegye-onkormanyzatanak-identitas-erositeset-celzo-masodik-palyazata\/#article","isPartOf":{"@id":"https:\/\/dorogimedence.hu\/index.php\/2024\/01\/09\/a-mi-megyenk-a-mi-vilagunk-lezarult-a-varmegye-onkormanyzatanak-identitas-erositeset-celzo-masodik-palyazata\/"},"author":{"name":"dorogimedence.hu","@id":"https:\/\/dorogimedence.hu\/#\/schema\/person\/ce6091eeb7e95ecdc87890d6aa8e0fd4"},"headline":"A Mi Megy\u00e9nk, a Mi Vil\u00e1gunk &#8211; Lez\u00e1rult a v\u00e1rmegye \u00f6nkorm\u00e1nyzat\u00e1nak identit\u00e1s er\u0151s\u00edt\u00e9s\u00e9t c\u00e9lz\u00f3 m\u00e1sodik p\u00e1ly\u00e1zata","datePublished":"2024-01-09T15:47:36+00:00","dateModified":"2024-01-09T15:49:03+00:00","mainEntityOfPage":{"@id":"https:\/\/dorogimedence.hu\/index.php\/2024\/01\/09\/a-mi-megyenk-a-mi-vilagunk-lezarult-a-varmegye-onkormanyzatanak-identitas-erositeset-celzo-masodik-palyazata\/"},"wordCount":750,"publisher":{"@id":"https:\/\/dorogimedence.hu\/#organization"},"image":{"@id":"https:\/\/dorogimedence.hu\/index.php\/2024\/01\/09\/a-mi-megyenk-a-mi-vilagunk-lezarult-a-varmegye-onkormanyzatanak-identitas-erositeset-celzo-masodik-palyazata\/#primaryimage"},"thumbnailUrl":"https:\/\/dorogimedence.hu\/wp-content\/uploads\/2023\/12\/varmegye-konyv.jpg","keywords":["Kom\u00e1rom-Esztergom v\u00e1rmegye","Kom\u00e1rom-Esztergom V\u00e1rmegyei \u00d6nkorm\u00e1nyzat"],"articleSection":["H\u00edrek","Kom\u00e1rom-Esztergom"],"inLanguage":"hu"},{"@type":"WebPage","@id":"https:\/\/dorogimedence.hu\/index.php\/2024\/01\/09\/a-mi-megyenk-a-mi-vilagunk-lezarult-a-varmegye-onkormanyzatanak-identitas-erositeset-celzo-masodik-palyazata\/","url":"https:\/\/dorogimedence.hu\/index.php\/2024\/01\/09\/a-mi-megyenk-a-mi-vilagunk-lezarult-a-varmegye-onkormanyzatanak-identitas-erositeset-celzo-masodik-palyazata\/","name":"A Mi Megy\u00e9nk, a Mi Vil\u00e1gunk - Lez\u00e1rult a v\u00e1rmegye \u00f6nkorm\u00e1nyzat\u00e1nak identit\u00e1s er\u0151s\u00edt\u00e9s\u00e9t c\u00e9lz\u00f3 m\u00e1sodik p\u00e1ly\u00e1zata","isPartOf":{"@id":"https:\/\/dorogimedence.hu\/#website"},"primaryImageOfPage":{"@id":"https:\/\/dorogimedence.hu\/index.php\/2024\/01\/09\/a-mi-megyenk-a-mi-vilagunk-lezarult-a-varmegye-onkormanyzatanak-identitas-erositeset-celzo-masodik-palyazata\/#primaryimage"},"image":{"@id":"https:\/\/dorogimedence.hu\/index.php\/2024\/01\/09\/a-mi-megyenk-a-mi-vilagunk-lezarult-a-varmegye-onkormanyzatanak-identitas-erositeset-celzo-masodik-palyazata\/#primaryimage"},"thumbnailUrl":"https:\/\/dorogimedence.hu\/wp-content\/uploads\/2023\/12\/varmegye-konyv.jpg","datePublished":"2024-01-09T15:47:36+00:00","dateModified":"2024-01-09T15:49:03+00:00","breadcrumb":{"@id":"https:\/\/dorogimedence.hu\/index.php\/2024\/01\/09\/a-mi-megyenk-a-mi-vilagunk-lezarult-a-varmegye-onkormanyzatanak-identitas-erositeset-celzo-masodik-palyazata\/#breadcrumb"},"inLanguage":"hu","potentialAction":[{"@type":"ReadAction","target":["https:\/\/dorogimedence.hu\/index.php\/2024\/01\/09\/a-mi-megyenk-a-mi-vilagunk-lezarult-a-varmegye-onkormanyzatanak-identitas-erositeset-celzo-masodik-palyazata\/"]}]},{"@type":"ImageObject","inLanguage":"hu","@id":"https:\/\/dorogimedence.hu\/index.php\/2024\/01\/09\/a-mi-megyenk-a-mi-vilagunk-lezarult-a-varmegye-onkormanyzatanak-identitas-erositeset-celzo-masodik-palyazata\/#primaryimage","url":"https:\/\/dorogimedence.hu\/wp-content\/uploads\/2023\/12\/varmegye-konyv.jpg","contentUrl":"https:\/\/dorogimedence.hu\/wp-content\/uploads\/2023\/12\/varmegye-konyv.jpg","width":1920,"height":1280},{"@type":"BreadcrumbList","@id":"https:\/\/dorogimedence.hu\/index.php\/2024\/01\/09\/a-mi-megyenk-a-mi-vilagunk-lezarult-a-varmegye-onkormanyzatanak-identitas-erositeset-celzo-masodik-palyazata\/#breadcrumb","itemListElement":[{"@type":"ListItem","position":1,"name":"Kezd\u0151lap","item":"https:\/\/dorogimedence.hu\/"},{"@type":"ListItem","position":2,"name":"A Mi Megy\u00e9nk, a Mi Vil\u00e1gunk &#8211; Lez\u00e1rult a v\u00e1rmegye \u00f6nkorm\u00e1nyzat\u00e1nak identit\u00e1s er\u0151s\u00edt\u00e9s\u00e9t c\u00e9lz\u00f3 m\u00e1sodik p\u00e1ly\u00e1zata"}]},{"@type":"WebSite","@id":"https:\/\/dorogimedence.hu\/#website","url":"https:\/\/dorogimedence.hu\/","name":"Dorogi-medence Region\u00e1lis H\u00edrport\u00e1l","description":"Dorog, Keszt\u00f6lc, Le\u00e1nyv\u00e1r, Piliscs\u00e9v, Tokod, Tokodalt\u00e1r\u00f3, Csolnok, Esztergom-kertv\u00e1ros: h\u00edrek, programok","publisher":{"@id":"https:\/\/dorogimedence.hu\/#organization"},"potentialAction":[{"@type":"SearchAction","target":{"@type":"EntryPoint","urlTemplate":"https:\/\/dorogimedence.hu\/?s={search_term_string}"},"query-input":{"@type":"PropertyValueSpecification","valueRequired":true,"valueName":"search_term_string"}}],"inLanguage":"hu"},{"@type":"Organization","@id":"https:\/\/dorogimedence.hu\/#organization","name":"Dorogi-medence Region\u00e1lis H\u00edrport\u00e1l","url":"https:\/\/dorogimedence.hu\/","logo":{"@type":"ImageObject","inLanguage":"hu","@id":"https:\/\/dorogimedence.hu\/#\/schema\/logo\/image\/","url":"https:\/\/dorogimedence.hu\/wp-content\/uploads\/2021\/04\/logo-feher-600.png","contentUrl":"https:\/\/dorogimedence.hu\/wp-content\/uploads\/2021\/04\/logo-feher-600.png","width":600,"height":100,"caption":"Dorogi-medence Region\u00e1lis H\u00edrport\u00e1l"},"image":{"@id":"https:\/\/dorogimedence.hu\/#\/schema\/logo\/image\/"},"sameAs":["https:\/\/www.facebook.com\/dorogimedence\/"]},{"@type":"Person","@id":"https:\/\/dorogimedence.hu\/#\/schema\/person\/ce6091eeb7e95ecdc87890d6aa8e0fd4","name":"dorogimedence.hu","image":{"@type":"ImageObject","inLanguage":"hu","@id":"\/\/www.gravatar.com\/avatar\/d8d45f8901aadff40a4af72c0b826f1d?s=96&#038;r=g&#038;d=mm","url":"\/\/www.gravatar.com\/avatar\/d8d45f8901aadff40a4af72c0b826f1d?s=96&#038;r=g&#038;d=mm","contentUrl":"\/\/www.gravatar.com\/avatar\/d8d45f8901aadff40a4af72c0b826f1d?s=96&#038;r=g&#038;d=mm","caption":"dorogimedence.hu"}}]}},"_links":{"self":[{"href":"https:\/\/dorogimedence.hu\/index.php\/wp-json\/wp\/v2\/posts\/58921","targetHints":{"allow":["GET"]}}],"collection":[{"href":"https:\/\/dorogimedence.hu\/index.php\/wp-json\/wp\/v2\/posts"}],"about":[{"href":"https:\/\/dorogimedence.hu\/index.php\/wp-json\/wp\/v2\/types\/post"}],"author":[{"embeddable":true,"href":"https:\/\/dorogimedence.hu\/index.php\/wp-json\/wp\/v2\/users\/1"}],"replies":[{"embeddable":true,"href":"https:\/\/dorogimedence.hu\/index.php\/wp-json\/wp\/v2\/comments?post=58921"}],"version-history":[{"count":0,"href":"https:\/\/dorogimedence.hu\/index.php\/wp-json\/wp\/v2\/posts\/58921\/revisions"}],"wp:featuredmedia":[{"embeddable":true,"href":"https:\/\/dorogimedence.hu\/index.php\/wp-json\/wp\/v2\/media\/58365"}],"wp:attachment":[{"href":"https:\/\/dorogimedence.hu\/index.php\/wp-json\/wp\/v2\/media?parent=58921"}],"wp:term":[{"taxonomy":"category","embeddable":true,"href":"https:\/\/dorogimedence.hu\/index.php\/wp-json\/wp\/v2\/categories?post=58921"},{"taxonomy":"post_tag","embeddable":true,"href":"https:\/\/dorogimedence.hu\/index.php\/wp-json\/wp\/v2\/tags?post=58921"}],"curies":[{"name":"wp","href":"https:\/\/api.w.org\/{rel}","templated":true}]}}