{"id":58913,"date":"2024-01-09T10:32:14","date_gmt":"2024-01-09T09:32:14","guid":{"rendered":"https:\/\/dorogimedence.hu\/?p=58913"},"modified":"2024-01-09T10:33:40","modified_gmt":"2024-01-09T09:33:40","slug":"mar-megvasarolhatok-az-esztergomi-varakozasi-engedelyek","status":"publish","type":"post","link":"https:\/\/dorogimedence.hu\/index.php\/2024\/01\/09\/mar-megvasarolhatok-az-esztergomi-varakozasi-engedelyek\/","title":{"rendered":"M\u00e1r megv\u00e1s\u00e1rolhat\u00f3k az esztergomi v\u00e1rakoz\u00e1si enged\u00e9lyek"},"content":{"rendered":"<p><strong>M\u00e1r megv\u00e1s\u00e1rolhat\u00f3k a 2024-es esztergomi v\u00e1rakoz\u00e1si enged\u00e9lyek a Gran Parkol\u00f3 Kft. \u00fcgyf\u00e9lszolg\u00e1lat\u00e1n. A tavalyi parkol\u00f3b\u00e9rletek janu\u00e1r 31-ig \u00e9rv\u00e9nyesek<\/strong> <em>&#8211; k\u00f6z\u00f6lte Hern\u00e1di \u00c1d\u00e1m, Esztergom Megyei Jog\u00fa V\u00e1ros polg\u00e1rmestere a <a href=\"https:\/\/www.facebook.com\/hernadiadam.esztergom\/posts\/872032411599166\" target=\"_blank\" rel=\"noopener\"><span style=\"text-decoration: underline; color: #0000ff;\">k\u00f6z\u00f6ss\u00e9gi oldal\u00e1n<\/span><\/a>.<\/em><\/p>\n<p>Gran Parkol\u00f3 Kft. &#8211; P\u00e9nzt\u00e1ri nyitvatart\u00e1s (De\u00e1k Ferenc. utca 4.):<\/p>\n<ul>\n<li>H\u00e9tf\u0151: 8:00 \u2013 12:00, 13:00 \u2013 16:00<\/li>\n<li>Kedd: 7:00 \u2013 12:00, 13:00 \u2013 16:00<\/li>\n<li>Szerda: 8:00 \u2013 12:00, 13:00 \u2013 18:00<\/li>\n<li>Cs\u00fct\u00f6rt\u00f6k: 7:00 \u2013 12:00, 13:00 \u2013 16:00<\/li>\n<li>P\u00e9ntek: 8:00 \u2013 12:00<\/li>\n<\/ul>\n<p>\u00c9ves b\u00e9rlet (Ft\/\u00e9v) \u2013 ki\u00e1ll\u00edt\u00e1s napj\u00e1t\u00f3l \u00e9rv\u00e9nyes k\u00f6vetkez\u0151 \u00e9v janu\u00e1r 31-ig<\/p>\n<ul>\n<li>esztergomi lakc\u00edmmel rendelkez\u0151 lakosok sz\u00e1m\u00e1ra&nbsp; \u2013 35.000 Ft&nbsp;<\/li>\n<li>esztergomi sz\u00e9khely\u0171 v\u00e1llalkoz\u00e1sok sz\u00e1m\u00e1ra \u2013 52.500 Ft&nbsp;<\/li>\n<li>egy\u00e9b esetben \u2013 70.000 Ft&nbsp;<\/li>\n<\/ul>\n<p>F\u00e9l\u00e9ves b\u00e9rlet (Ft\/f\u00e9l\u00e9v) \u2013 ki\u00e1ll\u00edt\u00e1s napj\u00e1t\u00f3l \u00e9rv\u00e9nyes, legk\u00e9s\u0151bb k\u00f6vetkez\u0151 \u00e9v janu\u00e1r 31-ig&nbsp;<\/p>\n<ul>\n<li>esztergomi lakc\u00edmmel rendelkez\u0151 lakosok sz\u00e1m\u00e1ra&nbsp; \u2013 21.000 Ft&nbsp;<\/li>\n<li>esztergomi sz\u00e9khely\u0171 v\u00e1llalkoz\u00e1sok sz\u00e1m\u00e1ra \u2013 31.500 Ft&nbsp;<\/li>\n<li>egy\u00e9b esetben \u2013 42.000 Ft&nbsp;<\/li>\n<\/ul>\n<p>Havi b\u00e9rlet (Ft\/h\u00f3) \u2013 ki\u00e1ll\u00edt\u00e1s napj\u00e1t\u00f3l \u00e9rv\u00e9nyes, legk\u00e9s\u0151bb k\u00f6vetkez\u0151 \u00e9v janu\u00e1r 31-ig<\/p>\n<ul>\n<li>esztergomi lakc\u00edmmel rendelkez\u0151 lakosok sz\u00e1m\u00e1ra \u2013 8.400 Ft&nbsp;<\/li>\n<li>esztergomi sz\u00e9khely\u0171 v\u00e1llalkoz\u00e1sok sz\u00e1m\u00e1ra \u2013 12.600 Ft&nbsp;<\/li>\n<li>egy\u00e9b esetben \u2013 16.800 Ft&nbsp;<\/li>\n<\/ul>\n<p>A b\u00e9rletek nem \u00e9rv\u00e9nyesek az al\u00e1bbi \u00f6vezetekben:&nbsp;<\/p>\n<ul>\n<li>B\u00e1stya b\u00e9rletmentes \u00f6vezet, a K\u00f3rh\u00e1z b\u00e9rletmentes \u00f6vezet \u00e9s az V. \u00f6vezetben a Simor J\u00e1nos utca (Piac)&nbsp;<\/li>\n<li>B\u00e1stya b\u00e9rletmentes \u00f6vezetben maxim\u00e1lis v\u00e1rakoz\u00e1si id\u0151: 3 \u00f3ra<\/li>\n<li>Piac b\u00e9rletmentes \u00f6vezetben az els\u0151 \u00f3ra ingyenes&nbsp;<\/li>\n<\/ul>\n<p><a href=\"https:\/\/www.strigonium.hu\/tagvallalatok\/granparkolo\/gp_parkolas\/gp_zonaterkep\/\" target=\"_blank\" rel=\"noopener\"><span style=\"text-decoration: underline; color: #0000ff;\">Esztergom parkol\u00e1si z\u00f3nat\u00e9rk\u00e9pe&gt;&gt;<\/span><\/a><\/p>\n<p><em>Bor\u00edt\u00f3k\u00e9p, forr\u00e1s: Hern\u00e1di \u00c1d\u00e1m Facebook oldala \/ esztergom.hu<br \/>\n<\/em><\/p>\n","protected":false},"excerpt":{"rendered":"<p>M\u00e1r megv\u00e1s\u00e1rolhat\u00f3k a 2024-es esztergomi v\u00e1rakoz\u00e1si enged\u00e9lyek a Gran Parkol\u00f3 Kft. \u00fcgyf\u00e9lszolg\u00e1lat\u00e1n. A tavalyi parkol\u00f3b\u00e9rletek janu\u00e1r 31-ig \u00e9rv\u00e9nyesek &#8211; k\u00f6z\u00f6lte Hern\u00e1di \u00c1d\u00e1m, Esztergom Megyei Jog\u00fa V\u00e1ros polg\u00e1rmestere a k\u00f6z\u00f6ss\u00e9gi oldal\u00e1n. Gran Parkol\u00f3 Kft. &#8211; P\u00e9nzt\u00e1ri nyitvatart\u00e1s (De\u00e1k Ferenc. utca 4.): H\u00e9tf\u0151: 8:00 \u2013 12:00, 13:00 \u2013 16:00 Kedd: 7:00 \u2013 12:00, 13:00 \u2013 16:00 Szerda:<\/p>\n","protected":false},"author":1,"featured_media":58914,"comment_status":"closed","ping_status":"closed","sticky":false,"template":"","format":"standard","meta":{"ngg_post_thumbnail":0,"footnotes":""},"categories":[38,3],"tags":[42,512],"class_list":{"0":"post-58913","1":"post","2":"type-post","3":"status-publish","4":"format-standard","5":"has-post-thumbnail","7":"category-esztergom","8":"category-hirek","9":"tag-esztergom","10":"tag-parkolas"},"yoast_head":"<!-- This site is optimized with the Yoast SEO plugin v27.5 - https:\/\/yoast.com\/product\/yoast-seo-wordpress\/ -->\n<title>M\u00e1r megv\u00e1s\u00e1rolhat\u00f3k az esztergomi v\u00e1rakoz\u00e1si enged\u00e9lyek<\/title>\n<meta name=\"robots\" content=\"index, follow, max-snippet:-1, max-image-preview:large, max-video-preview:-1\" \/>\n<link rel=\"canonical\" href=\"https:\/\/dorogimedence.hu\/index.php\/2024\/01\/09\/mar-megvasarolhatok-az-esztergomi-varakozasi-engedelyek\/\" class=\"yoast-seo-meta-tag\" \/>\n<meta property=\"og:locale\" content=\"hu_HU\" class=\"yoast-seo-meta-tag\" \/>\n<meta property=\"og:type\" content=\"article\" class=\"yoast-seo-meta-tag\" \/>\n<meta property=\"og:title\" content=\"M\u00e1r megv\u00e1s\u00e1rolhat\u00f3k az esztergomi v\u00e1rakoz\u00e1si enged\u00e9lyek\" class=\"yoast-seo-meta-tag\" \/>\n<meta property=\"og:description\" content=\"M\u00e1r megv\u00e1s\u00e1rolhat\u00f3k a 2024-es esztergomi v\u00e1rakoz\u00e1si enged\u00e9lyek a Gran Parkol\u00f3 Kft. \u00fcgyf\u00e9lszolg\u00e1lat\u00e1n. A tavalyi parkol\u00f3b\u00e9rletek janu\u00e1r 31-ig \u00e9rv\u00e9nyesek &#8211; k\u00f6z\u00f6lte Hern\u00e1di \u00c1d\u00e1m, Esztergom Megyei Jog\u00fa V\u00e1ros polg\u00e1rmestere a k\u00f6z\u00f6ss\u00e9gi oldal\u00e1n. Gran Parkol\u00f3 Kft. &#8211; P\u00e9nzt\u00e1ri nyitvatart\u00e1s (De\u00e1k Ferenc. utca 4.): H\u00e9tf\u0151: 8:00 \u2013 12:00, 13:00 \u2013 16:00 Kedd: 7:00 \u2013 12:00, 13:00 \u2013 16:00 Szerda:\" class=\"yoast-seo-meta-tag\" \/>\n<meta property=\"og:url\" content=\"https:\/\/dorogimedence.hu\/index.php\/2024\/01\/09\/mar-megvasarolhatok-az-esztergomi-varakozasi-engedelyek\/\" class=\"yoast-seo-meta-tag\" \/>\n<meta property=\"og:site_name\" content=\"Dorogi-medence Region\u00e1lis H\u00edrport\u00e1l\" class=\"yoast-seo-meta-tag\" \/>\n<meta property=\"article:publisher\" content=\"https:\/\/www.facebook.com\/dorogimedence\/\" class=\"yoast-seo-meta-tag\" \/>\n<meta property=\"article:published_time\" content=\"2024-01-09T09:32:14+00:00\" class=\"yoast-seo-meta-tag\" \/>\n<meta property=\"article:modified_time\" content=\"2024-01-09T09:33:40+00:00\" class=\"yoast-seo-meta-tag\" \/>\n<meta property=\"og:image\" content=\"https:\/\/dorogimedence.hu\/wp-content\/uploads\/2024\/01\/417882731_872031498265924_3136842131981119725_n.jpg\" class=\"yoast-seo-meta-tag\" \/>\n\t<meta property=\"og:image:width\" content=\"1707\" class=\"yoast-seo-meta-tag\" \/>\n\t<meta property=\"og:image:height\" content=\"960\" class=\"yoast-seo-meta-tag\" \/>\n\t<meta property=\"og:image:type\" content=\"image\/jpeg\" class=\"yoast-seo-meta-tag\" \/>\n<meta name=\"author\" content=\"dorogimedence.hu\" class=\"yoast-seo-meta-tag\" \/>\n<meta name=\"twitter:card\" content=\"summary_large_image\" class=\"yoast-seo-meta-tag\" \/>\n<meta name=\"twitter:label1\" content=\"Szerz\u0151:\" class=\"yoast-seo-meta-tag\" \/>\n\t<meta name=\"twitter:data1\" content=\"dorogimedence.hu\" class=\"yoast-seo-meta-tag\" \/>\n\t<meta name=\"twitter:label2\" content=\"Becs\u00fclt olvas\u00e1si id\u0151\" class=\"yoast-seo-meta-tag\" \/>\n\t<meta name=\"twitter:data2\" content=\"2 perc\" class=\"yoast-seo-meta-tag\" \/>\n<script type=\"application\/ld+json\" class=\"yoast-schema-graph\">{\"@context\":\"https:\\\/\\\/schema.org\",\"@graph\":[{\"@type\":\"Article\",\"@id\":\"https:\\\/\\\/dorogimedence.hu\\\/index.php\\\/2024\\\/01\\\/09\\\/mar-megvasarolhatok-az-esztergomi-varakozasi-engedelyek\\\/#article\",\"isPartOf\":{\"@id\":\"https:\\\/\\\/dorogimedence.hu\\\/index.php\\\/2024\\\/01\\\/09\\\/mar-megvasarolhatok-az-esztergomi-varakozasi-engedelyek\\\/\"},\"author\":{\"name\":\"dorogimedence.hu\",\"@id\":\"https:\\\/\\\/dorogimedence.hu\\\/#\\\/schema\\\/person\\\/ce6091eeb7e95ecdc87890d6aa8e0fd4\"},\"headline\":\"M\u00e1r megv\u00e1s\u00e1rolhat\u00f3k az esztergomi v\u00e1rakoz\u00e1si enged\u00e9lyek\",\"datePublished\":\"2024-01-09T09:32:14+00:00\",\"dateModified\":\"2024-01-09T09:33:40+00:00\",\"mainEntityOfPage\":{\"@id\":\"https:\\\/\\\/dorogimedence.hu\\\/index.php\\\/2024\\\/01\\\/09\\\/mar-megvasarolhatok-az-esztergomi-varakozasi-engedelyek\\\/\"},\"wordCount\":319,\"publisher\":{\"@id\":\"https:\\\/\\\/dorogimedence.hu\\\/#organization\"},\"image\":{\"@id\":\"https:\\\/\\\/dorogimedence.hu\\\/index.php\\\/2024\\\/01\\\/09\\\/mar-megvasarolhatok-az-esztergomi-varakozasi-engedelyek\\\/#primaryimage\"},\"thumbnailUrl\":\"https:\\\/\\\/dorogimedence.hu\\\/wp-content\\\/uploads\\\/2024\\\/01\\\/417882731_872031498265924_3136842131981119725_n.jpg\",\"keywords\":[\"esztergom\",\"parkol\u00e1s\"],\"articleSection\":[\"Esztergom\",\"H\u00edrek\"],\"inLanguage\":\"hu\"},{\"@type\":\"WebPage\",\"@id\":\"https:\\\/\\\/dorogimedence.hu\\\/index.php\\\/2024\\\/01\\\/09\\\/mar-megvasarolhatok-az-esztergomi-varakozasi-engedelyek\\\/\",\"url\":\"https:\\\/\\\/dorogimedence.hu\\\/index.php\\\/2024\\\/01\\\/09\\\/mar-megvasarolhatok-az-esztergomi-varakozasi-engedelyek\\\/\",\"name\":\"M\u00e1r megv\u00e1s\u00e1rolhat\u00f3k az esztergomi v\u00e1rakoz\u00e1si enged\u00e9lyek\",\"isPartOf\":{\"@id\":\"https:\\\/\\\/dorogimedence.hu\\\/#website\"},\"primaryImageOfPage\":{\"@id\":\"https:\\\/\\\/dorogimedence.hu\\\/index.php\\\/2024\\\/01\\\/09\\\/mar-megvasarolhatok-az-esztergomi-varakozasi-engedelyek\\\/#primaryimage\"},\"image\":{\"@id\":\"https:\\\/\\\/dorogimedence.hu\\\/index.php\\\/2024\\\/01\\\/09\\\/mar-megvasarolhatok-az-esztergomi-varakozasi-engedelyek\\\/#primaryimage\"},\"thumbnailUrl\":\"https:\\\/\\\/dorogimedence.hu\\\/wp-content\\\/uploads\\\/2024\\\/01\\\/417882731_872031498265924_3136842131981119725_n.jpg\",\"datePublished\":\"2024-01-09T09:32:14+00:00\",\"dateModified\":\"2024-01-09T09:33:40+00:00\",\"breadcrumb\":{\"@id\":\"https:\\\/\\\/dorogimedence.hu\\\/index.php\\\/2024\\\/01\\\/09\\\/mar-megvasarolhatok-az-esztergomi-varakozasi-engedelyek\\\/#breadcrumb\"},\"inLanguage\":\"hu\",\"potentialAction\":[{\"@type\":\"ReadAction\",\"target\":[\"https:\\\/\\\/dorogimedence.hu\\\/index.php\\\/2024\\\/01\\\/09\\\/mar-megvasarolhatok-az-esztergomi-varakozasi-engedelyek\\\/\"]}]},{\"@type\":\"ImageObject\",\"inLanguage\":\"hu\",\"@id\":\"https:\\\/\\\/dorogimedence.hu\\\/index.php\\\/2024\\\/01\\\/09\\\/mar-megvasarolhatok-az-esztergomi-varakozasi-engedelyek\\\/#primaryimage\",\"url\":\"https:\\\/\\\/dorogimedence.hu\\\/wp-content\\\/uploads\\\/2024\\\/01\\\/417882731_872031498265924_3136842131981119725_n.jpg\",\"contentUrl\":\"https:\\\/\\\/dorogimedence.hu\\\/wp-content\\\/uploads\\\/2024\\\/01\\\/417882731_872031498265924_3136842131981119725_n.jpg\",\"width\":1707,\"height\":960},{\"@type\":\"BreadcrumbList\",\"@id\":\"https:\\\/\\\/dorogimedence.hu\\\/index.php\\\/2024\\\/01\\\/09\\\/mar-megvasarolhatok-az-esztergomi-varakozasi-engedelyek\\\/#breadcrumb\",\"itemListElement\":[{\"@type\":\"ListItem\",\"position\":1,\"name\":\"Kezd\u0151lap\",\"item\":\"https:\\\/\\\/dorogimedence.hu\\\/\"},{\"@type\":\"ListItem\",\"position\":2,\"name\":\"M\u00e1r megv\u00e1s\u00e1rolhat\u00f3k az esztergomi v\u00e1rakoz\u00e1si enged\u00e9lyek\"}]},{\"@type\":\"WebSite\",\"@id\":\"https:\\\/\\\/dorogimedence.hu\\\/#website\",\"url\":\"https:\\\/\\\/dorogimedence.hu\\\/\",\"name\":\"Dorogi-medence Region\u00e1lis H\u00edrport\u00e1l\",\"description\":\"Dorog, Keszt\u00f6lc, Le\u00e1nyv\u00e1r, Piliscs\u00e9v, Tokod, Tokodalt\u00e1r\u00f3, Csolnok, Esztergom-kertv\u00e1ros: h\u00edrek, programok\",\"publisher\":{\"@id\":\"https:\\\/\\\/dorogimedence.hu\\\/#organization\"},\"potentialAction\":[{\"@type\":\"SearchAction\",\"target\":{\"@type\":\"EntryPoint\",\"urlTemplate\":\"https:\\\/\\\/dorogimedence.hu\\\/?s={search_term_string}\"},\"query-input\":{\"@type\":\"PropertyValueSpecification\",\"valueRequired\":true,\"valueName\":\"search_term_string\"}}],\"inLanguage\":\"hu\"},{\"@type\":\"Organization\",\"@id\":\"https:\\\/\\\/dorogimedence.hu\\\/#organization\",\"name\":\"Dorogi-medence Region\u00e1lis H\u00edrport\u00e1l\",\"url\":\"https:\\\/\\\/dorogimedence.hu\\\/\",\"logo\":{\"@type\":\"ImageObject\",\"inLanguage\":\"hu\",\"@id\":\"https:\\\/\\\/dorogimedence.hu\\\/#\\\/schema\\\/logo\\\/image\\\/\",\"url\":\"https:\\\/\\\/dorogimedence.hu\\\/wp-content\\\/uploads\\\/2021\\\/04\\\/logo-feher-600.png\",\"contentUrl\":\"https:\\\/\\\/dorogimedence.hu\\\/wp-content\\\/uploads\\\/2021\\\/04\\\/logo-feher-600.png\",\"width\":600,\"height\":100,\"caption\":\"Dorogi-medence Region\u00e1lis H\u00edrport\u00e1l\"},\"image\":{\"@id\":\"https:\\\/\\\/dorogimedence.hu\\\/#\\\/schema\\\/logo\\\/image\\\/\"},\"sameAs\":[\"https:\\\/\\\/www.facebook.com\\\/dorogimedence\\\/\"]},{\"@type\":\"Person\",\"@id\":\"https:\\\/\\\/dorogimedence.hu\\\/#\\\/schema\\\/person\\\/ce6091eeb7e95ecdc87890d6aa8e0fd4\",\"name\":\"dorogimedence.hu\",\"image\":{\"@type\":\"ImageObject\",\"inLanguage\":\"hu\",\"@id\":\"\\\/\\\/www.gravatar.com\\\/avatar\\\/d8d45f8901aadff40a4af72c0b826f1d?s=96&#038;r=g&#038;d=mm\",\"url\":\"\\\/\\\/www.gravatar.com\\\/avatar\\\/d8d45f8901aadff40a4af72c0b826f1d?s=96&#038;r=g&#038;d=mm\",\"contentUrl\":\"\\\/\\\/www.gravatar.com\\\/avatar\\\/d8d45f8901aadff40a4af72c0b826f1d?s=96&#038;r=g&#038;d=mm\",\"caption\":\"dorogimedence.hu\"}}]}<\/script>\n<!-- \/ Yoast SEO plugin. -->","yoast_head_json":{"title":"M\u00e1r megv\u00e1s\u00e1rolhat\u00f3k az esztergomi v\u00e1rakoz\u00e1si enged\u00e9lyek","robots":{"index":"index","follow":"follow","max-snippet":"max-snippet:-1","max-image-preview":"max-image-preview:large","max-video-preview":"max-video-preview:-1"},"canonical":"https:\/\/dorogimedence.hu\/index.php\/2024\/01\/09\/mar-megvasarolhatok-az-esztergomi-varakozasi-engedelyek\/","og_locale":"hu_HU","og_type":"article","og_title":"M\u00e1r megv\u00e1s\u00e1rolhat\u00f3k az esztergomi v\u00e1rakoz\u00e1si enged\u00e9lyek","og_description":"M\u00e1r megv\u00e1s\u00e1rolhat\u00f3k a 2024-es esztergomi v\u00e1rakoz\u00e1si enged\u00e9lyek a Gran Parkol\u00f3 Kft. \u00fcgyf\u00e9lszolg\u00e1lat\u00e1n. A tavalyi parkol\u00f3b\u00e9rletek janu\u00e1r 31-ig \u00e9rv\u00e9nyesek &#8211; k\u00f6z\u00f6lte Hern\u00e1di \u00c1d\u00e1m, Esztergom Megyei Jog\u00fa V\u00e1ros polg\u00e1rmestere a k\u00f6z\u00f6ss\u00e9gi oldal\u00e1n. Gran Parkol\u00f3 Kft. &#8211; P\u00e9nzt\u00e1ri nyitvatart\u00e1s (De\u00e1k Ferenc. utca 4.): H\u00e9tf\u0151: 8:00 \u2013 12:00, 13:00 \u2013 16:00 Kedd: 7:00 \u2013 12:00, 13:00 \u2013 16:00 Szerda:","og_url":"https:\/\/dorogimedence.hu\/index.php\/2024\/01\/09\/mar-megvasarolhatok-az-esztergomi-varakozasi-engedelyek\/","og_site_name":"Dorogi-medence Region\u00e1lis H\u00edrport\u00e1l","article_publisher":"https:\/\/www.facebook.com\/dorogimedence\/","article_published_time":"2024-01-09T09:32:14+00:00","article_modified_time":"2024-01-09T09:33:40+00:00","og_image":[{"width":1707,"height":960,"url":"https:\/\/dorogimedence.hu\/wp-content\/uploads\/2024\/01\/417882731_872031498265924_3136842131981119725_n.jpg","type":"image\/jpeg"}],"author":"dorogimedence.hu","twitter_card":"summary_large_image","twitter_misc":{"Szerz\u0151:":"dorogimedence.hu","Becs\u00fclt olvas\u00e1si id\u0151":"2 perc"},"schema":{"@context":"https:\/\/schema.org","@graph":[{"@type":"Article","@id":"https:\/\/dorogimedence.hu\/index.php\/2024\/01\/09\/mar-megvasarolhatok-az-esztergomi-varakozasi-engedelyek\/#article","isPartOf":{"@id":"https:\/\/dorogimedence.hu\/index.php\/2024\/01\/09\/mar-megvasarolhatok-az-esztergomi-varakozasi-engedelyek\/"},"author":{"name":"dorogimedence.hu","@id":"https:\/\/dorogimedence.hu\/#\/schema\/person\/ce6091eeb7e95ecdc87890d6aa8e0fd4"},"headline":"M\u00e1r megv\u00e1s\u00e1rolhat\u00f3k az esztergomi v\u00e1rakoz\u00e1si enged\u00e9lyek","datePublished":"2024-01-09T09:32:14+00:00","dateModified":"2024-01-09T09:33:40+00:00","mainEntityOfPage":{"@id":"https:\/\/dorogimedence.hu\/index.php\/2024\/01\/09\/mar-megvasarolhatok-az-esztergomi-varakozasi-engedelyek\/"},"wordCount":319,"publisher":{"@id":"https:\/\/dorogimedence.hu\/#organization"},"image":{"@id":"https:\/\/dorogimedence.hu\/index.php\/2024\/01\/09\/mar-megvasarolhatok-az-esztergomi-varakozasi-engedelyek\/#primaryimage"},"thumbnailUrl":"https:\/\/dorogimedence.hu\/wp-content\/uploads\/2024\/01\/417882731_872031498265924_3136842131981119725_n.jpg","keywords":["esztergom","parkol\u00e1s"],"articleSection":["Esztergom","H\u00edrek"],"inLanguage":"hu"},{"@type":"WebPage","@id":"https:\/\/dorogimedence.hu\/index.php\/2024\/01\/09\/mar-megvasarolhatok-az-esztergomi-varakozasi-engedelyek\/","url":"https:\/\/dorogimedence.hu\/index.php\/2024\/01\/09\/mar-megvasarolhatok-az-esztergomi-varakozasi-engedelyek\/","name":"M\u00e1r megv\u00e1s\u00e1rolhat\u00f3k az esztergomi v\u00e1rakoz\u00e1si enged\u00e9lyek","isPartOf":{"@id":"https:\/\/dorogimedence.hu\/#website"},"primaryImageOfPage":{"@id":"https:\/\/dorogimedence.hu\/index.php\/2024\/01\/09\/mar-megvasarolhatok-az-esztergomi-varakozasi-engedelyek\/#primaryimage"},"image":{"@id":"https:\/\/dorogimedence.hu\/index.php\/2024\/01\/09\/mar-megvasarolhatok-az-esztergomi-varakozasi-engedelyek\/#primaryimage"},"thumbnailUrl":"https:\/\/dorogimedence.hu\/wp-content\/uploads\/2024\/01\/417882731_872031498265924_3136842131981119725_n.jpg","datePublished":"2024-01-09T09:32:14+00:00","dateModified":"2024-01-09T09:33:40+00:00","breadcrumb":{"@id":"https:\/\/dorogimedence.hu\/index.php\/2024\/01\/09\/mar-megvasarolhatok-az-esztergomi-varakozasi-engedelyek\/#breadcrumb"},"inLanguage":"hu","potentialAction":[{"@type":"ReadAction","target":["https:\/\/dorogimedence.hu\/index.php\/2024\/01\/09\/mar-megvasarolhatok-az-esztergomi-varakozasi-engedelyek\/"]}]},{"@type":"ImageObject","inLanguage":"hu","@id":"https:\/\/dorogimedence.hu\/index.php\/2024\/01\/09\/mar-megvasarolhatok-az-esztergomi-varakozasi-engedelyek\/#primaryimage","url":"https:\/\/dorogimedence.hu\/wp-content\/uploads\/2024\/01\/417882731_872031498265924_3136842131981119725_n.jpg","contentUrl":"https:\/\/dorogimedence.hu\/wp-content\/uploads\/2024\/01\/417882731_872031498265924_3136842131981119725_n.jpg","width":1707,"height":960},{"@type":"BreadcrumbList","@id":"https:\/\/dorogimedence.hu\/index.php\/2024\/01\/09\/mar-megvasarolhatok-az-esztergomi-varakozasi-engedelyek\/#breadcrumb","itemListElement":[{"@type":"ListItem","position":1,"name":"Kezd\u0151lap","item":"https:\/\/dorogimedence.hu\/"},{"@type":"ListItem","position":2,"name":"M\u00e1r megv\u00e1s\u00e1rolhat\u00f3k az esztergomi v\u00e1rakoz\u00e1si enged\u00e9lyek"}]},{"@type":"WebSite","@id":"https:\/\/dorogimedence.hu\/#website","url":"https:\/\/dorogimedence.hu\/","name":"Dorogi-medence Region\u00e1lis H\u00edrport\u00e1l","description":"Dorog, Keszt\u00f6lc, Le\u00e1nyv\u00e1r, Piliscs\u00e9v, Tokod, Tokodalt\u00e1r\u00f3, Csolnok, Esztergom-kertv\u00e1ros: h\u00edrek, programok","publisher":{"@id":"https:\/\/dorogimedence.hu\/#organization"},"potentialAction":[{"@type":"SearchAction","target":{"@type":"EntryPoint","urlTemplate":"https:\/\/dorogimedence.hu\/?s={search_term_string}"},"query-input":{"@type":"PropertyValueSpecification","valueRequired":true,"valueName":"search_term_string"}}],"inLanguage":"hu"},{"@type":"Organization","@id":"https:\/\/dorogimedence.hu\/#organization","name":"Dorogi-medence Region\u00e1lis H\u00edrport\u00e1l","url":"https:\/\/dorogimedence.hu\/","logo":{"@type":"ImageObject","inLanguage":"hu","@id":"https:\/\/dorogimedence.hu\/#\/schema\/logo\/image\/","url":"https:\/\/dorogimedence.hu\/wp-content\/uploads\/2021\/04\/logo-feher-600.png","contentUrl":"https:\/\/dorogimedence.hu\/wp-content\/uploads\/2021\/04\/logo-feher-600.png","width":600,"height":100,"caption":"Dorogi-medence Region\u00e1lis H\u00edrport\u00e1l"},"image":{"@id":"https:\/\/dorogimedence.hu\/#\/schema\/logo\/image\/"},"sameAs":["https:\/\/www.facebook.com\/dorogimedence\/"]},{"@type":"Person","@id":"https:\/\/dorogimedence.hu\/#\/schema\/person\/ce6091eeb7e95ecdc87890d6aa8e0fd4","name":"dorogimedence.hu","image":{"@type":"ImageObject","inLanguage":"hu","@id":"\/\/www.gravatar.com\/avatar\/d8d45f8901aadff40a4af72c0b826f1d?s=96&#038;r=g&#038;d=mm","url":"\/\/www.gravatar.com\/avatar\/d8d45f8901aadff40a4af72c0b826f1d?s=96&#038;r=g&#038;d=mm","contentUrl":"\/\/www.gravatar.com\/avatar\/d8d45f8901aadff40a4af72c0b826f1d?s=96&#038;r=g&#038;d=mm","caption":"dorogimedence.hu"}}]}},"_links":{"self":[{"href":"https:\/\/dorogimedence.hu\/index.php\/wp-json\/wp\/v2\/posts\/58913","targetHints":{"allow":["GET"]}}],"collection":[{"href":"https:\/\/dorogimedence.hu\/index.php\/wp-json\/wp\/v2\/posts"}],"about":[{"href":"https:\/\/dorogimedence.hu\/index.php\/wp-json\/wp\/v2\/types\/post"}],"author":[{"embeddable":true,"href":"https:\/\/dorogimedence.hu\/index.php\/wp-json\/wp\/v2\/users\/1"}],"replies":[{"embeddable":true,"href":"https:\/\/dorogimedence.hu\/index.php\/wp-json\/wp\/v2\/comments?post=58913"}],"version-history":[{"count":0,"href":"https:\/\/dorogimedence.hu\/index.php\/wp-json\/wp\/v2\/posts\/58913\/revisions"}],"wp:featuredmedia":[{"embeddable":true,"href":"https:\/\/dorogimedence.hu\/index.php\/wp-json\/wp\/v2\/media\/58914"}],"wp:attachment":[{"href":"https:\/\/dorogimedence.hu\/index.php\/wp-json\/wp\/v2\/media?parent=58913"}],"wp:term":[{"taxonomy":"category","embeddable":true,"href":"https:\/\/dorogimedence.hu\/index.php\/wp-json\/wp\/v2\/categories?post=58913"},{"taxonomy":"post_tag","embeddable":true,"href":"https:\/\/dorogimedence.hu\/index.php\/wp-json\/wp\/v2\/tags?post=58913"}],"curies":[{"name":"wp","href":"https:\/\/api.w.org\/{rel}","templated":true}]}}