{"id":58905,"date":"2024-01-09T10:12:06","date_gmt":"2024-01-09T09:12:06","guid":{"rendered":"https:\/\/dorogimedence.hu\/?p=58905"},"modified":"2024-01-09T10:12:06","modified_gmt":"2024-01-09T09:12:06","slug":"a-szezon-vegen-tegyuk-rendbe-a-fogasi-naplot","status":"publish","type":"post","link":"https:\/\/dorogimedence.hu\/index.php\/2024\/01\/09\/a-szezon-vegen-tegyuk-rendbe-a-fogasi-naplot\/","title":{"rendered":"A szezon v\u00e9g\u00e9n tegy\u00fck rendbe a fog\u00e1si napl\u00f3t"},"content":{"rendered":"<p><strong>A horg\u00e1szoknak a kiv\u00e1ltott horg\u00e1szjegy ut\u00e1n fog\u00e1si napl\u00f3t kell vezetni \u00e9s k\u00f6vetkez\u0151 \u00e9v febru\u00e1r 28-ig helyesen kit\u00f6ltve le kell adni a kiv\u00e1lt\u00e1s hely\u00e9n, \u00edgy v\u00e1lthatnak \u00fajra horg\u00e1szjegyet. Az al\u00e1bbi \u00f6ssze\u00e1ll\u00edt\u00e1sban sz\u00f3 lesz a leggyakoribb hib\u00e1kr\u00f3l \u00e9s a napl\u00f3 helyes kit\u00f6lt\u00e9s\u00e9hez tal\u00e1lhat\u00f3 seg\u00edts\u00e9g.<\/strong><\/p>\n<p>Schmidt-Kov\u00e1cs Bence, a KEMHESZ szakmai igazgat\u00f3ja elmondta, alapszab\u00e1ly, hogy fog\u00e1s ut\u00e1n a botot \u00fajra nem szabad a v\u00edzbe dobni addig, m\u00edg a napl\u00f3ba nem ker\u00fclt be a megfelel\u0151 bejegyz\u00e9s.<\/p>\n<p>A sz\u00f6vets\u00e9g hal\u0151rei gyakran tal\u00e1lkoznak azzal, hogy a horg\u00e1sz a nemes halat nem t\u00fcneti fel a napl\u00f3ban, illetve sajnos gyakori hiba, hogy nem ismerik fel a fogott halat. A napokban p\u00e9ld\u00e1ul t\u00f6bb esetben kellett int\u00e9zkedni le\u00e1nykonc\u00e9r megtart\u00e1sa miatt, mert az \u00e9rintettek nem ismert\u00e9k fel, hogy v\u00e9dett faj tal\u00e1lhat\u00f3 a sz\u00e1kban.<\/p>\n<p>A horg\u00e1szoknak aj\u00e1nlatos arr\u00f3l is t\u00e1j\u00e9koz\u00f3dni, ha egy adott v\u00edzen az orsz\u00e1gos horg\u00e1szrendt\u0151l elt\u00e9r\u0151 szab\u00e1lyoz\u00e1s van-e \u00e9rv\u00e9nyben, p\u00e9ld\u00e1ul a megtarthat\u00f3, elvihet\u0151 halak sz\u00e1m\u00e1ban.<\/p>\n<p>Az \u00e1llami horg\u00e1szjegyhez kiadott fog\u00e1si napl\u00f3t legk\u00e9s\u0151bb a t\u00e1rgy\u00e9vet k\u00f6vet\u0151 \u00e9v febru\u00e1r 28. napj\u00e1ig k\u00f6telesek leadni a horg\u00e1szok ann\u00e1l a szervezetn\u00e9l, amelyn\u00e9l jegy\u00fcket kiv\u00e1ltott\u00e1k, vagy ott, ahol a k\u00f6vetkez\u0151 \u00e9vi \u00e1llami horg\u00e1szjegyet szeretn\u00e9k kiv\u00e1ltani. Postai \u00faton t\u00f6rt\u00e9n\u0151 lead\u00e1s eset\u00e9n a fog\u00e1si napl\u00f3 \u00e1tv\u00e9telr\u0151l aj\u00e1nlatos \u00edr\u00e1sbeli igazol\u00e1st k\u00e9rni.<\/p>\n<p>Az \u00e1llami horg\u00e1szjegy tulajdonosa k\u00f6teles \u00fagy \u00e1tadni a fog\u00e1si napl\u00f3j\u00e1t, hogy \u00e9ves fog\u00e1si adatait nyilv\u00e1ntartott halgazd\u00e1lkod\u00e1si v\u00edzter\u00fcletenk\u00e9nt \u00e9s halfajonk\u00e9nt \u00f6sszes\u00edti, valamint \u00f6sszegzi a horg\u00e1szattal elt\u00f6lt\u00f6tt napok sz\u00e1m\u00e1t.<\/p>\n<p>A hib\u00e1san kit\u00f6lt\u00f6tt vagy le nem adott fog\u00e1si napl\u00f3 eset\u00e9n is v\u00e1lthat\u00f3 \u00e1llami horg\u00e1szjegy, de ebben az esetben az okm\u00e1ny d\u00edja a d\u00edjmentess\u00e9gben nem r\u00e9szes\u00fcl\u0151 szem\u00e9lyek eset\u00e9n 5000 forint.<\/p>\n<p>A jogszab\u00e1ly szerint a turista \u00e1llami horg\u00e1szjegyhez kiadott fog\u00e1si napl\u00f3t a turista \u00e1llami horg\u00e1szjegy \u00e9rv\u00e9nyess\u00e9g\u00e9nek lej\u00e1rt\u00e1t k\u00f6vet\u0151 30 napon bel\u00fcl kell eljuttatni a horg\u00e1szsz\u00f6vets\u00e9gnek. A fog\u00e1si napl\u00f3 k\u00e9p\u00e9t, a fog\u00e1si adatokat \u00e9s a horg\u00e1szattal t\u00f6lt\u00f6tt napok sz\u00e1m\u00e1t az online \u00e9rt\u00e9kes\u00edt\u00e9si rendszer fel\u00fclet\u00e9n kereszt\u00fcl kell felt\u00f6lteni. Ha a horg\u00e1sz a fog\u00e1si napl\u00f3 lead\u00e1si k\u00f6telezetts\u00e9g\u00e9t nem teljes\u00edti, akkor a k\u00f6vetkez\u0151 \u00e9vben nem v\u00e1lthat turista \u00e1llami horg\u00e1szjegyet.<\/p>\n<p><strong>A fog\u00e1si napl\u00f3 helyes kit\u00f6lt\u00e9s\u00e9nek l\u00e9p\u00e9sei<\/strong><\/p>\n<ol>\n<li>A horg\u00e1szattal elt\u00f6lt\u00f6tt napok sz\u00e1m\u00e1nak \u00f6sszes\u00edt\u00e9se \u00e9s az eredm\u00e9ny be\u00edr\u00e1sa a megfelel\u0151 helyre.<\/li>\n<li>A kifogott halak v\u00edzter\u00fcletenk\u00e9nt, halfajonk\u00e9nt, kilogramm \u00e9s darabsz\u00e1m szerinti \u00f6sszes\u00edt\u00e9se.<\/li>\n<li>A v\u00edzter\u00fcletenk\u00e9nt \u00f6sszes\u00edtett eredm\u00e9ny be\u00edr\u00e1sa az \u201e\u00c9ves fog\u00e1s\u00f6sszes\u00edt\u0151 t\u00e1bl\u00e1zat\u201d r\u00e9szbe (v\u00edzter\u00fcletenk\u00e9nt k\u00fcl\u00f6n sort vezetve) halfaj, kilogramm \u00e9s darabsz\u00e1m szerint.<\/li>\n<li>Minden v\u00edzter\u00fcletet egybev\u00e9ve a teljes \u00e9ves \u00f6sszfog\u00e1s be\u00edr\u00e1sa halfajonk\u00e9nt kilogrammban a 42-43. oldal legals\u00f3 sor\u00e1ba.<\/li>\n<li>A fog\u00e1si napl\u00f3 lead\u00e1sa 2022. febru\u00e1r 28-ig.<\/li>\n<\/ol>\n","protected":false},"excerpt":{"rendered":"<p>A horg\u00e1szoknak a kiv\u00e1ltott horg\u00e1szjegy ut\u00e1n fog\u00e1si napl\u00f3t kell vezetni \u00e9s k\u00f6vetkez\u0151 \u00e9v febru\u00e1r 28-ig helyesen kit\u00f6ltve le kell adni a kiv\u00e1lt\u00e1s hely\u00e9n, \u00edgy v\u00e1lthatnak \u00fajra horg\u00e1szjegyet. Az al\u00e1bbi \u00f6ssze\u00e1ll\u00edt\u00e1sban sz\u00f3 lesz a leggyakoribb hib\u00e1kr\u00f3l \u00e9s a napl\u00f3 helyes kit\u00f6lt\u00e9s\u00e9hez tal\u00e1lhat\u00f3 seg\u00edts\u00e9g. Schmidt-Kov\u00e1cs Bence, a KEMHESZ szakmai igazgat\u00f3ja elmondta, alapszab\u00e1ly, hogy fog\u00e1s ut\u00e1n a botot<\/p>\n","protected":false},"author":1,"featured_media":58906,"comment_status":"closed","ping_status":"closed","sticky":false,"template":"","format":"standard","meta":{"ngg_post_thumbnail":0,"footnotes":""},"categories":[3],"tags":[7655,4825,598,4398],"class_list":{"0":"post-58905","1":"post","2":"type-post","3":"status-publish","4":"format-standard","5":"has-post-thumbnail","7":"category-hirek","8":"tag-fogasi-naplo","9":"tag-horgasz","10":"tag-horgaszat","11":"tag-kemhesz"},"yoast_head":"<!-- This site is optimized with the Yoast SEO plugin v27.4 - https:\/\/yoast.com\/product\/yoast-seo-wordpress\/ -->\n<title>A szezon v\u00e9g\u00e9n tegy\u00fck rendbe a fog\u00e1si napl\u00f3t<\/title>\n<meta name=\"robots\" content=\"index, follow, max-snippet:-1, max-image-preview:large, max-video-preview:-1\" \/>\n<link rel=\"canonical\" href=\"https:\/\/dorogimedence.hu\/index.php\/2024\/01\/09\/a-szezon-vegen-tegyuk-rendbe-a-fogasi-naplot\/\" class=\"yoast-seo-meta-tag\" \/>\n<meta property=\"og:locale\" content=\"hu_HU\" class=\"yoast-seo-meta-tag\" \/>\n<meta property=\"og:type\" content=\"article\" class=\"yoast-seo-meta-tag\" \/>\n<meta property=\"og:title\" content=\"A szezon v\u00e9g\u00e9n tegy\u00fck rendbe a fog\u00e1si napl\u00f3t\" class=\"yoast-seo-meta-tag\" \/>\n<meta property=\"og:description\" content=\"A horg\u00e1szoknak a kiv\u00e1ltott horg\u00e1szjegy ut\u00e1n fog\u00e1si napl\u00f3t kell vezetni \u00e9s k\u00f6vetkez\u0151 \u00e9v febru\u00e1r 28-ig helyesen kit\u00f6ltve le kell adni a kiv\u00e1lt\u00e1s hely\u00e9n, \u00edgy v\u00e1lthatnak \u00fajra horg\u00e1szjegyet. Az al\u00e1bbi \u00f6ssze\u00e1ll\u00edt\u00e1sban sz\u00f3 lesz a leggyakoribb hib\u00e1kr\u00f3l \u00e9s a napl\u00f3 helyes kit\u00f6lt\u00e9s\u00e9hez tal\u00e1lhat\u00f3 seg\u00edts\u00e9g. Schmidt-Kov\u00e1cs Bence, a KEMHESZ szakmai igazgat\u00f3ja elmondta, alapszab\u00e1ly, hogy fog\u00e1s ut\u00e1n a botot\" class=\"yoast-seo-meta-tag\" \/>\n<meta property=\"og:url\" content=\"https:\/\/dorogimedence.hu\/index.php\/2024\/01\/09\/a-szezon-vegen-tegyuk-rendbe-a-fogasi-naplot\/\" class=\"yoast-seo-meta-tag\" \/>\n<meta property=\"og:site_name\" content=\"Dorogi-medence Region\u00e1lis H\u00edrport\u00e1l\" class=\"yoast-seo-meta-tag\" \/>\n<meta property=\"article:publisher\" content=\"https:\/\/www.facebook.com\/dorogimedence\/\" class=\"yoast-seo-meta-tag\" \/>\n<meta property=\"article:published_time\" content=\"2024-01-09T09:12:06+00:00\" class=\"yoast-seo-meta-tag\" \/>\n<meta property=\"og:image\" content=\"https:\/\/dorogimedence.hu\/wp-content\/uploads\/2024\/01\/IMG_20201107_103151.jpg\" class=\"yoast-seo-meta-tag\" \/>\n\t<meta property=\"og:image:width\" content=\"2405\" class=\"yoast-seo-meta-tag\" \/>\n\t<meta property=\"og:image:height\" content=\"1833\" class=\"yoast-seo-meta-tag\" \/>\n\t<meta property=\"og:image:type\" content=\"image\/jpeg\" class=\"yoast-seo-meta-tag\" \/>\n<meta name=\"author\" content=\"dorogimedence.hu\" class=\"yoast-seo-meta-tag\" \/>\n<meta name=\"twitter:card\" content=\"summary_large_image\" class=\"yoast-seo-meta-tag\" \/>\n<meta name=\"twitter:label1\" content=\"Szerz\u0151:\" class=\"yoast-seo-meta-tag\" \/>\n\t<meta name=\"twitter:data1\" content=\"dorogimedence.hu\" class=\"yoast-seo-meta-tag\" \/>\n\t<meta name=\"twitter:label2\" content=\"Becs\u00fclt olvas\u00e1si id\u0151\" class=\"yoast-seo-meta-tag\" \/>\n\t<meta name=\"twitter:data2\" content=\"3 perc\" class=\"yoast-seo-meta-tag\" \/>\n<script type=\"application\/ld+json\" class=\"yoast-schema-graph\">{\"@context\":\"https:\\\/\\\/schema.org\",\"@graph\":[{\"@type\":\"Article\",\"@id\":\"https:\\\/\\\/dorogimedence.hu\\\/index.php\\\/2024\\\/01\\\/09\\\/a-szezon-vegen-tegyuk-rendbe-a-fogasi-naplot\\\/#article\",\"isPartOf\":{\"@id\":\"https:\\\/\\\/dorogimedence.hu\\\/index.php\\\/2024\\\/01\\\/09\\\/a-szezon-vegen-tegyuk-rendbe-a-fogasi-naplot\\\/\"},\"author\":{\"name\":\"dorogimedence.hu\",\"@id\":\"https:\\\/\\\/dorogimedence.hu\\\/#\\\/schema\\\/person\\\/ce6091eeb7e95ecdc87890d6aa8e0fd4\"},\"headline\":\"A szezon v\u00e9g\u00e9n tegy\u00fck rendbe a fog\u00e1si napl\u00f3t\",\"datePublished\":\"2024-01-09T09:12:06+00:00\",\"mainEntityOfPage\":{\"@id\":\"https:\\\/\\\/dorogimedence.hu\\\/index.php\\\/2024\\\/01\\\/09\\\/a-szezon-vegen-tegyuk-rendbe-a-fogasi-naplot\\\/\"},\"wordCount\":623,\"publisher\":{\"@id\":\"https:\\\/\\\/dorogimedence.hu\\\/#organization\"},\"image\":{\"@id\":\"https:\\\/\\\/dorogimedence.hu\\\/index.php\\\/2024\\\/01\\\/09\\\/a-szezon-vegen-tegyuk-rendbe-a-fogasi-naplot\\\/#primaryimage\"},\"thumbnailUrl\":\"https:\\\/\\\/dorogimedence.hu\\\/wp-content\\\/uploads\\\/2024\\\/01\\\/IMG_20201107_103151.jpg\",\"keywords\":[\"fog\u00e1si napl\u00f3\",\"horg\u00e1sz\",\"horg\u00e1szat\",\"KEMHESZ\"],\"articleSection\":[\"H\u00edrek\"],\"inLanguage\":\"hu\"},{\"@type\":\"WebPage\",\"@id\":\"https:\\\/\\\/dorogimedence.hu\\\/index.php\\\/2024\\\/01\\\/09\\\/a-szezon-vegen-tegyuk-rendbe-a-fogasi-naplot\\\/\",\"url\":\"https:\\\/\\\/dorogimedence.hu\\\/index.php\\\/2024\\\/01\\\/09\\\/a-szezon-vegen-tegyuk-rendbe-a-fogasi-naplot\\\/\",\"name\":\"A szezon v\u00e9g\u00e9n tegy\u00fck rendbe a fog\u00e1si napl\u00f3t\",\"isPartOf\":{\"@id\":\"https:\\\/\\\/dorogimedence.hu\\\/#website\"},\"primaryImageOfPage\":{\"@id\":\"https:\\\/\\\/dorogimedence.hu\\\/index.php\\\/2024\\\/01\\\/09\\\/a-szezon-vegen-tegyuk-rendbe-a-fogasi-naplot\\\/#primaryimage\"},\"image\":{\"@id\":\"https:\\\/\\\/dorogimedence.hu\\\/index.php\\\/2024\\\/01\\\/09\\\/a-szezon-vegen-tegyuk-rendbe-a-fogasi-naplot\\\/#primaryimage\"},\"thumbnailUrl\":\"https:\\\/\\\/dorogimedence.hu\\\/wp-content\\\/uploads\\\/2024\\\/01\\\/IMG_20201107_103151.jpg\",\"datePublished\":\"2024-01-09T09:12:06+00:00\",\"breadcrumb\":{\"@id\":\"https:\\\/\\\/dorogimedence.hu\\\/index.php\\\/2024\\\/01\\\/09\\\/a-szezon-vegen-tegyuk-rendbe-a-fogasi-naplot\\\/#breadcrumb\"},\"inLanguage\":\"hu\",\"potentialAction\":[{\"@type\":\"ReadAction\",\"target\":[\"https:\\\/\\\/dorogimedence.hu\\\/index.php\\\/2024\\\/01\\\/09\\\/a-szezon-vegen-tegyuk-rendbe-a-fogasi-naplot\\\/\"]}]},{\"@type\":\"ImageObject\",\"inLanguage\":\"hu\",\"@id\":\"https:\\\/\\\/dorogimedence.hu\\\/index.php\\\/2024\\\/01\\\/09\\\/a-szezon-vegen-tegyuk-rendbe-a-fogasi-naplot\\\/#primaryimage\",\"url\":\"https:\\\/\\\/dorogimedence.hu\\\/wp-content\\\/uploads\\\/2024\\\/01\\\/IMG_20201107_103151.jpg\",\"contentUrl\":\"https:\\\/\\\/dorogimedence.hu\\\/wp-content\\\/uploads\\\/2024\\\/01\\\/IMG_20201107_103151.jpg\",\"width\":2405,\"height\":1833},{\"@type\":\"BreadcrumbList\",\"@id\":\"https:\\\/\\\/dorogimedence.hu\\\/index.php\\\/2024\\\/01\\\/09\\\/a-szezon-vegen-tegyuk-rendbe-a-fogasi-naplot\\\/#breadcrumb\",\"itemListElement\":[{\"@type\":\"ListItem\",\"position\":1,\"name\":\"Kezd\u0151lap\",\"item\":\"https:\\\/\\\/dorogimedence.hu\\\/\"},{\"@type\":\"ListItem\",\"position\":2,\"name\":\"A szezon v\u00e9g\u00e9n tegy\u00fck rendbe a fog\u00e1si napl\u00f3t\"}]},{\"@type\":\"WebSite\",\"@id\":\"https:\\\/\\\/dorogimedence.hu\\\/#website\",\"url\":\"https:\\\/\\\/dorogimedence.hu\\\/\",\"name\":\"Dorogi-medence Region\u00e1lis H\u00edrport\u00e1l\",\"description\":\"Dorog, Keszt\u00f6lc, Le\u00e1nyv\u00e1r, Piliscs\u00e9v, Tokod, Tokodalt\u00e1r\u00f3, Csolnok, Esztergom-kertv\u00e1ros: h\u00edrek, programok\",\"publisher\":{\"@id\":\"https:\\\/\\\/dorogimedence.hu\\\/#organization\"},\"potentialAction\":[{\"@type\":\"SearchAction\",\"target\":{\"@type\":\"EntryPoint\",\"urlTemplate\":\"https:\\\/\\\/dorogimedence.hu\\\/?s={search_term_string}\"},\"query-input\":{\"@type\":\"PropertyValueSpecification\",\"valueRequired\":true,\"valueName\":\"search_term_string\"}}],\"inLanguage\":\"hu\"},{\"@type\":\"Organization\",\"@id\":\"https:\\\/\\\/dorogimedence.hu\\\/#organization\",\"name\":\"Dorogi-medence Region\u00e1lis H\u00edrport\u00e1l\",\"url\":\"https:\\\/\\\/dorogimedence.hu\\\/\",\"logo\":{\"@type\":\"ImageObject\",\"inLanguage\":\"hu\",\"@id\":\"https:\\\/\\\/dorogimedence.hu\\\/#\\\/schema\\\/logo\\\/image\\\/\",\"url\":\"https:\\\/\\\/dorogimedence.hu\\\/wp-content\\\/uploads\\\/2021\\\/04\\\/logo-feher-600.png\",\"contentUrl\":\"https:\\\/\\\/dorogimedence.hu\\\/wp-content\\\/uploads\\\/2021\\\/04\\\/logo-feher-600.png\",\"width\":600,\"height\":100,\"caption\":\"Dorogi-medence Region\u00e1lis H\u00edrport\u00e1l\"},\"image\":{\"@id\":\"https:\\\/\\\/dorogimedence.hu\\\/#\\\/schema\\\/logo\\\/image\\\/\"},\"sameAs\":[\"https:\\\/\\\/www.facebook.com\\\/dorogimedence\\\/\"]},{\"@type\":\"Person\",\"@id\":\"https:\\\/\\\/dorogimedence.hu\\\/#\\\/schema\\\/person\\\/ce6091eeb7e95ecdc87890d6aa8e0fd4\",\"name\":\"dorogimedence.hu\",\"image\":{\"@type\":\"ImageObject\",\"inLanguage\":\"hu\",\"@id\":\"\\\/\\\/www.gravatar.com\\\/avatar\\\/d8d45f8901aadff40a4af72c0b826f1d?s=96&#038;r=g&#038;d=mm\",\"url\":\"\\\/\\\/www.gravatar.com\\\/avatar\\\/d8d45f8901aadff40a4af72c0b826f1d?s=96&#038;r=g&#038;d=mm\",\"contentUrl\":\"\\\/\\\/www.gravatar.com\\\/avatar\\\/d8d45f8901aadff40a4af72c0b826f1d?s=96&#038;r=g&#038;d=mm\",\"caption\":\"dorogimedence.hu\"}}]}<\/script>\n<!-- \/ Yoast SEO plugin. -->","yoast_head_json":{"title":"A szezon v\u00e9g\u00e9n tegy\u00fck rendbe a fog\u00e1si napl\u00f3t","robots":{"index":"index","follow":"follow","max-snippet":"max-snippet:-1","max-image-preview":"max-image-preview:large","max-video-preview":"max-video-preview:-1"},"canonical":"https:\/\/dorogimedence.hu\/index.php\/2024\/01\/09\/a-szezon-vegen-tegyuk-rendbe-a-fogasi-naplot\/","og_locale":"hu_HU","og_type":"article","og_title":"A szezon v\u00e9g\u00e9n tegy\u00fck rendbe a fog\u00e1si napl\u00f3t","og_description":"A horg\u00e1szoknak a kiv\u00e1ltott horg\u00e1szjegy ut\u00e1n fog\u00e1si napl\u00f3t kell vezetni \u00e9s k\u00f6vetkez\u0151 \u00e9v febru\u00e1r 28-ig helyesen kit\u00f6ltve le kell adni a kiv\u00e1lt\u00e1s hely\u00e9n, \u00edgy v\u00e1lthatnak \u00fajra horg\u00e1szjegyet. Az al\u00e1bbi \u00f6ssze\u00e1ll\u00edt\u00e1sban sz\u00f3 lesz a leggyakoribb hib\u00e1kr\u00f3l \u00e9s a napl\u00f3 helyes kit\u00f6lt\u00e9s\u00e9hez tal\u00e1lhat\u00f3 seg\u00edts\u00e9g. Schmidt-Kov\u00e1cs Bence, a KEMHESZ szakmai igazgat\u00f3ja elmondta, alapszab\u00e1ly, hogy fog\u00e1s ut\u00e1n a botot","og_url":"https:\/\/dorogimedence.hu\/index.php\/2024\/01\/09\/a-szezon-vegen-tegyuk-rendbe-a-fogasi-naplot\/","og_site_name":"Dorogi-medence Region\u00e1lis H\u00edrport\u00e1l","article_publisher":"https:\/\/www.facebook.com\/dorogimedence\/","article_published_time":"2024-01-09T09:12:06+00:00","og_image":[{"width":2405,"height":1833,"url":"https:\/\/dorogimedence.hu\/wp-content\/uploads\/2024\/01\/IMG_20201107_103151.jpg","type":"image\/jpeg"}],"author":"dorogimedence.hu","twitter_card":"summary_large_image","twitter_misc":{"Szerz\u0151:":"dorogimedence.hu","Becs\u00fclt olvas\u00e1si id\u0151":"3 perc"},"schema":{"@context":"https:\/\/schema.org","@graph":[{"@type":"Article","@id":"https:\/\/dorogimedence.hu\/index.php\/2024\/01\/09\/a-szezon-vegen-tegyuk-rendbe-a-fogasi-naplot\/#article","isPartOf":{"@id":"https:\/\/dorogimedence.hu\/index.php\/2024\/01\/09\/a-szezon-vegen-tegyuk-rendbe-a-fogasi-naplot\/"},"author":{"name":"dorogimedence.hu","@id":"https:\/\/dorogimedence.hu\/#\/schema\/person\/ce6091eeb7e95ecdc87890d6aa8e0fd4"},"headline":"A szezon v\u00e9g\u00e9n tegy\u00fck rendbe a fog\u00e1si napl\u00f3t","datePublished":"2024-01-09T09:12:06+00:00","mainEntityOfPage":{"@id":"https:\/\/dorogimedence.hu\/index.php\/2024\/01\/09\/a-szezon-vegen-tegyuk-rendbe-a-fogasi-naplot\/"},"wordCount":623,"publisher":{"@id":"https:\/\/dorogimedence.hu\/#organization"},"image":{"@id":"https:\/\/dorogimedence.hu\/index.php\/2024\/01\/09\/a-szezon-vegen-tegyuk-rendbe-a-fogasi-naplot\/#primaryimage"},"thumbnailUrl":"https:\/\/dorogimedence.hu\/wp-content\/uploads\/2024\/01\/IMG_20201107_103151.jpg","keywords":["fog\u00e1si napl\u00f3","horg\u00e1sz","horg\u00e1szat","KEMHESZ"],"articleSection":["H\u00edrek"],"inLanguage":"hu"},{"@type":"WebPage","@id":"https:\/\/dorogimedence.hu\/index.php\/2024\/01\/09\/a-szezon-vegen-tegyuk-rendbe-a-fogasi-naplot\/","url":"https:\/\/dorogimedence.hu\/index.php\/2024\/01\/09\/a-szezon-vegen-tegyuk-rendbe-a-fogasi-naplot\/","name":"A szezon v\u00e9g\u00e9n tegy\u00fck rendbe a fog\u00e1si napl\u00f3t","isPartOf":{"@id":"https:\/\/dorogimedence.hu\/#website"},"primaryImageOfPage":{"@id":"https:\/\/dorogimedence.hu\/index.php\/2024\/01\/09\/a-szezon-vegen-tegyuk-rendbe-a-fogasi-naplot\/#primaryimage"},"image":{"@id":"https:\/\/dorogimedence.hu\/index.php\/2024\/01\/09\/a-szezon-vegen-tegyuk-rendbe-a-fogasi-naplot\/#primaryimage"},"thumbnailUrl":"https:\/\/dorogimedence.hu\/wp-content\/uploads\/2024\/01\/IMG_20201107_103151.jpg","datePublished":"2024-01-09T09:12:06+00:00","breadcrumb":{"@id":"https:\/\/dorogimedence.hu\/index.php\/2024\/01\/09\/a-szezon-vegen-tegyuk-rendbe-a-fogasi-naplot\/#breadcrumb"},"inLanguage":"hu","potentialAction":[{"@type":"ReadAction","target":["https:\/\/dorogimedence.hu\/index.php\/2024\/01\/09\/a-szezon-vegen-tegyuk-rendbe-a-fogasi-naplot\/"]}]},{"@type":"ImageObject","inLanguage":"hu","@id":"https:\/\/dorogimedence.hu\/index.php\/2024\/01\/09\/a-szezon-vegen-tegyuk-rendbe-a-fogasi-naplot\/#primaryimage","url":"https:\/\/dorogimedence.hu\/wp-content\/uploads\/2024\/01\/IMG_20201107_103151.jpg","contentUrl":"https:\/\/dorogimedence.hu\/wp-content\/uploads\/2024\/01\/IMG_20201107_103151.jpg","width":2405,"height":1833},{"@type":"BreadcrumbList","@id":"https:\/\/dorogimedence.hu\/index.php\/2024\/01\/09\/a-szezon-vegen-tegyuk-rendbe-a-fogasi-naplot\/#breadcrumb","itemListElement":[{"@type":"ListItem","position":1,"name":"Kezd\u0151lap","item":"https:\/\/dorogimedence.hu\/"},{"@type":"ListItem","position":2,"name":"A szezon v\u00e9g\u00e9n tegy\u00fck rendbe a fog\u00e1si napl\u00f3t"}]},{"@type":"WebSite","@id":"https:\/\/dorogimedence.hu\/#website","url":"https:\/\/dorogimedence.hu\/","name":"Dorogi-medence Region\u00e1lis H\u00edrport\u00e1l","description":"Dorog, Keszt\u00f6lc, Le\u00e1nyv\u00e1r, Piliscs\u00e9v, Tokod, Tokodalt\u00e1r\u00f3, Csolnok, Esztergom-kertv\u00e1ros: h\u00edrek, programok","publisher":{"@id":"https:\/\/dorogimedence.hu\/#organization"},"potentialAction":[{"@type":"SearchAction","target":{"@type":"EntryPoint","urlTemplate":"https:\/\/dorogimedence.hu\/?s={search_term_string}"},"query-input":{"@type":"PropertyValueSpecification","valueRequired":true,"valueName":"search_term_string"}}],"inLanguage":"hu"},{"@type":"Organization","@id":"https:\/\/dorogimedence.hu\/#organization","name":"Dorogi-medence Region\u00e1lis H\u00edrport\u00e1l","url":"https:\/\/dorogimedence.hu\/","logo":{"@type":"ImageObject","inLanguage":"hu","@id":"https:\/\/dorogimedence.hu\/#\/schema\/logo\/image\/","url":"https:\/\/dorogimedence.hu\/wp-content\/uploads\/2021\/04\/logo-feher-600.png","contentUrl":"https:\/\/dorogimedence.hu\/wp-content\/uploads\/2021\/04\/logo-feher-600.png","width":600,"height":100,"caption":"Dorogi-medence Region\u00e1lis H\u00edrport\u00e1l"},"image":{"@id":"https:\/\/dorogimedence.hu\/#\/schema\/logo\/image\/"},"sameAs":["https:\/\/www.facebook.com\/dorogimedence\/"]},{"@type":"Person","@id":"https:\/\/dorogimedence.hu\/#\/schema\/person\/ce6091eeb7e95ecdc87890d6aa8e0fd4","name":"dorogimedence.hu","image":{"@type":"ImageObject","inLanguage":"hu","@id":"\/\/www.gravatar.com\/avatar\/d8d45f8901aadff40a4af72c0b826f1d?s=96&#038;r=g&#038;d=mm","url":"\/\/www.gravatar.com\/avatar\/d8d45f8901aadff40a4af72c0b826f1d?s=96&#038;r=g&#038;d=mm","contentUrl":"\/\/www.gravatar.com\/avatar\/d8d45f8901aadff40a4af72c0b826f1d?s=96&#038;r=g&#038;d=mm","caption":"dorogimedence.hu"}}]}},"_links":{"self":[{"href":"https:\/\/dorogimedence.hu\/index.php\/wp-json\/wp\/v2\/posts\/58905","targetHints":{"allow":["GET"]}}],"collection":[{"href":"https:\/\/dorogimedence.hu\/index.php\/wp-json\/wp\/v2\/posts"}],"about":[{"href":"https:\/\/dorogimedence.hu\/index.php\/wp-json\/wp\/v2\/types\/post"}],"author":[{"embeddable":true,"href":"https:\/\/dorogimedence.hu\/index.php\/wp-json\/wp\/v2\/users\/1"}],"replies":[{"embeddable":true,"href":"https:\/\/dorogimedence.hu\/index.php\/wp-json\/wp\/v2\/comments?post=58905"}],"version-history":[{"count":0,"href":"https:\/\/dorogimedence.hu\/index.php\/wp-json\/wp\/v2\/posts\/58905\/revisions"}],"wp:featuredmedia":[{"embeddable":true,"href":"https:\/\/dorogimedence.hu\/index.php\/wp-json\/wp\/v2\/media\/58906"}],"wp:attachment":[{"href":"https:\/\/dorogimedence.hu\/index.php\/wp-json\/wp\/v2\/media?parent=58905"}],"wp:term":[{"taxonomy":"category","embeddable":true,"href":"https:\/\/dorogimedence.hu\/index.php\/wp-json\/wp\/v2\/categories?post=58905"},{"taxonomy":"post_tag","embeddable":true,"href":"https:\/\/dorogimedence.hu\/index.php\/wp-json\/wp\/v2\/tags?post=58905"}],"curies":[{"name":"wp","href":"https:\/\/api.w.org\/{rel}","templated":true}]}}