{"id":58765,"date":"2023-12-29T11:14:28","date_gmt":"2023-12-29T10:14:28","guid":{"rendered":"https:\/\/dorogimedence.hu\/?p=58765"},"modified":"2023-12-29T11:14:28","modified_gmt":"2023-12-29T10:14:28","slug":"a-mesterseges-intelligencia-alakithatja-at-az-otthoni-energiahasznalatot","status":"publish","type":"post","link":"https:\/\/dorogimedence.hu\/index.php\/2023\/12\/29\/a-mesterseges-intelligencia-alakithatja-at-az-otthoni-energiahasznalatot\/","title":{"rendered":"A mesters\u00e9ges intelligencia alak\u00edthatja \u00e1t az otthoni energiahaszn\u00e1latot"},"content":{"rendered":"<p><strong>A mesters\u00e9ges intelligencia (MI) alap\u00fa Emaldo Power Core a hibrid invertert, az akkumul\u00e1torokat \u00e9s az elektromos j\u00e1rm\u0171vek t\u00f6lt\u00e9si k\u00e9pess\u00e9geit \u00f6tv\u00f6zi, a term\u00e9k 2024 janu\u00e1rj\u00e1ban mutatkozik majd be a vars\u00f3i Solar Energy Expo rendezv\u00e9nyen.<\/strong><\/p>\n<p>A t\u00f6bb mint 15 \u00e9ve a piacon l\u00e9v\u0151, a min\u0151s\u00e9g \u00e9s az innov\u00e1ci\u00f3 ir\u00e1nt elk\u00f6telezett <a href=\"https:\/\/emaldo.com\/\" target=\"_blank\" rel=\"noopener\"><u><b><span style=\"color: #0000ff;\">Emaldo<\/span><\/b><\/u><\/a> olyan \u00e1tfog\u00f3 megold\u00e1sokat k\u00edn\u00e1l, amelyek a legmodernebb technol\u00f3gi\u00e1t integr\u00e1lj\u00e1k a fenntarthat\u00f3s\u00e1gra \u00f6sszpontos\u00edtva. A c\u00e9g \u00fatt\u00f6r\u0151 szerepet t\u00f6lt be a mesters\u00e9ges intelligencia \u00e1ltal vez\u00e9relt otthoni energiamegold\u00e1sok ter\u00e9n, \u00e9s elk\u00f6telezett az otthoni energiagazd\u00e1lkod\u00e1s \u00e1talak\u00edt\u00e1sa mellett. A v\u00e1llalat leg\u00fajabb term\u00e9ke, az Emaldo Power Core a 2024. janu\u00e1r 16-18. k\u00f6z\u00f6tt, Vars\u00f3ban megrendez\u00e9sre ker\u00fcl\u0151 Solar Energy Exp\u00f3n fog bemutatkozni. Az Emaldo Power Core az otthoni energiagazd\u00e1lkod\u00e1s sz\u00e1m\u00e1ra k\u00edn\u00e1l mesters\u00e9ges intelligenci\u00e1s (MI) k\u00e9pess\u00e9geket. A term\u00e9k egy igazi mindent egyben megold\u00e1s, amely egy MI-alap\u00fa egys\u00e9gbe integr\u00e1lja a hibrid invertert, biztos\u00edtja az akkumul\u00e1torokat \u00e9s az elektromos j\u00e1rm\u0171vek t\u00f6lt\u00e9si k\u00e9pess\u00e9geit.<\/p>\n<p><img fetchpriority=\"high\" decoding=\"async\" class=\"alignnone size-full wp-image-58767\" src=\"https:\/\/dorogimedence.hu\/wp-content\/uploads\/2023\/12\/emaldorpowercorebeinginstalled-01.jpg\" alt=\"\" width=\"1985\" height=\"1401\"><\/p>\n<p>Steffen Bjerregaard, az Emaldo vez\u00e9rigazgat\u00f3ja szerint a c\u00e9g azzal a v\u00edzi\u00f3val j\u00f6tt l\u00e9tre, hogy pozit\u00edv hat\u00e1st gyakoroljon a bolyg\u00f3ra. \u201eHisz\u00fcnk abban, hogy a fenntarthat\u00f3 energiamegold\u00e1sok k\u00edn\u00e1l\u00e1s\u00e1val k\u00e9pesek vagyunk z\u00f6ldebb j\u00f6v\u0151t alak\u00edtani mindenki sz\u00e1m\u00e1ra. A karbonl\u00e1bnyom cs\u00f6kkent\u00e9se ir\u00e1nti elk\u00f6telezetts\u00e9g\u00fcnk minden nap arra \u00f6szt\u00f6n\u00f6z benn\u00fcnket, hogy \u00faj\u00edtsunk, k\u00f6rnyezetbar\u00e1t term\u00e9keket \u00e9s szolg\u00e1ltat\u00e1sokat ny\u00fajtsunk. Ragadjuk meg egy\u00fctt a tiszta energia erej\u00e9t, \u00e9s egyengess\u00fck az utat egy fenntarthat\u00f3bb vil\u00e1g fel\u00e9\u201d \u2013 nyilatkozta a szakember.<\/p>\n<p>Az Emald\u00f3nak D\u00e1ni\u00e1ban, Sv\u00e9dorsz\u00e1gban \u00e9s K\u00edn\u00e1ban is m\u0171k\u00f6dik strat\u00e9giai helysz\u00edne, m\u00e9rn\u00f6ki csapata glob\u00e1lis h\u00e1l\u00f3zatot alkot. A v\u00e1llalat nem titkolt c\u00e9lja, hogy els\u0151sz\u00e1m\u00fa szerepl\u0151v\u00e9 v\u00e1ljon az otthoni energiagazd\u00e1lkod\u00e1si megold\u00e1sok ter\u00e9n. A c\u00e9g akt\u00edvan alak\u00edtja az egyszer\u0171 \u00fcgyf\u00e9lkapcsolatokon t\u00falmutat\u00f3 partners\u00e9geket olyan telep\u00edt\u0151kkel, akik osztoznak az Emaldo elk\u00f6telezetts\u00e9g\u00e9ben.<\/p>\n<p>A v\u00e1llalat szerint k\u00f6zelg\u0151 Emaldo Power Core term\u00e9ke forradalmas\u00edtani fogja az otthoni energiagazd\u00e1lkod\u00e1st. A c\u00e9g izgatottan v\u00e1rja a k\u00f6zelg\u0151, vars\u00f3i bemutatkoz\u00e1st.<\/p>\n","protected":false},"excerpt":{"rendered":"<p>A mesters\u00e9ges intelligencia (MI) alap\u00fa Emaldo Power Core a hibrid invertert, az akkumul\u00e1torokat \u00e9s az elektromos j\u00e1rm\u0171vek t\u00f6lt\u00e9si k\u00e9pess\u00e9geit \u00f6tv\u00f6zi, a term\u00e9k 2024 janu\u00e1rj\u00e1ban mutatkozik majd be a vars\u00f3i Solar Energy Expo rendezv\u00e9nyen. A t\u00f6bb mint 15 \u00e9ve a piacon l\u00e9v\u0151, a min\u0151s\u00e9g \u00e9s az innov\u00e1ci\u00f3 ir\u00e1nt elk\u00f6telezett Emaldo olyan \u00e1tfog\u00f3 megold\u00e1sokat k\u00edn\u00e1l, amelyek a<\/p>\n","protected":false},"author":1,"featured_media":0,"comment_status":"closed","ping_status":"closed","sticky":false,"template":"","format":"standard","meta":{"ngg_post_thumbnail":0,"footnotes":""},"categories":[3],"tags":[7631,7632,6256],"class_list":{"0":"post-58765","1":"post","2":"type-post","3":"status-publish","4":"format-standard","6":"category-hirek","7":"tag-mesterseges-intelligencia","8":"tag-okosotthon","9":"tag-otthon"},"yoast_head":"<!-- This site is optimized with the Yoast SEO plugin v27.4 - https:\/\/yoast.com\/product\/yoast-seo-wordpress\/ -->\n<title>A mesters\u00e9ges intelligencia alak\u00edthatja \u00e1t az otthoni energiahaszn\u00e1latot<\/title>\n<meta name=\"robots\" content=\"index, follow, max-snippet:-1, max-image-preview:large, max-video-preview:-1\" \/>\n<link rel=\"canonical\" href=\"https:\/\/dorogimedence.hu\/index.php\/2023\/12\/29\/a-mesterseges-intelligencia-alakithatja-at-az-otthoni-energiahasznalatot\/\" class=\"yoast-seo-meta-tag\" \/>\n<meta property=\"og:locale\" content=\"hu_HU\" class=\"yoast-seo-meta-tag\" \/>\n<meta property=\"og:type\" content=\"article\" class=\"yoast-seo-meta-tag\" \/>\n<meta property=\"og:title\" content=\"A mesters\u00e9ges intelligencia alak\u00edthatja \u00e1t az otthoni energiahaszn\u00e1latot\" class=\"yoast-seo-meta-tag\" \/>\n<meta property=\"og:description\" content=\"A mesters\u00e9ges intelligencia (MI) alap\u00fa Emaldo Power Core a hibrid invertert, az akkumul\u00e1torokat \u00e9s az elektromos j\u00e1rm\u0171vek t\u00f6lt\u00e9si k\u00e9pess\u00e9geit \u00f6tv\u00f6zi, a term\u00e9k 2024 janu\u00e1rj\u00e1ban mutatkozik majd be a vars\u00f3i Solar Energy Expo rendezv\u00e9nyen. A t\u00f6bb mint 15 \u00e9ve a piacon l\u00e9v\u0151, a min\u0151s\u00e9g \u00e9s az innov\u00e1ci\u00f3 ir\u00e1nt elk\u00f6telezett Emaldo olyan \u00e1tfog\u00f3 megold\u00e1sokat k\u00edn\u00e1l, amelyek a\" class=\"yoast-seo-meta-tag\" \/>\n<meta property=\"og:url\" content=\"https:\/\/dorogimedence.hu\/index.php\/2023\/12\/29\/a-mesterseges-intelligencia-alakithatja-at-az-otthoni-energiahasznalatot\/\" class=\"yoast-seo-meta-tag\" \/>\n<meta property=\"og:site_name\" content=\"Dorogi-medence Region\u00e1lis H\u00edrport\u00e1l\" class=\"yoast-seo-meta-tag\" \/>\n<meta property=\"article:publisher\" content=\"https:\/\/www.facebook.com\/dorogimedence\/\" class=\"yoast-seo-meta-tag\" \/>\n<meta property=\"article:published_time\" content=\"2023-12-29T10:14:28+00:00\" class=\"yoast-seo-meta-tag\" \/>\n<meta property=\"og:image\" content=\"https:\/\/dorogimedence.hu\/wp-content\/uploads\/2023\/12\/hero-sample-001-scaled-1.jpg\" class=\"yoast-seo-meta-tag\" \/>\n\t<meta property=\"og:image:width\" content=\"2560\" class=\"yoast-seo-meta-tag\" \/>\n\t<meta property=\"og:image:height\" content=\"1440\" class=\"yoast-seo-meta-tag\" \/>\n\t<meta property=\"og:image:type\" content=\"image\/jpeg\" class=\"yoast-seo-meta-tag\" \/>\n<meta name=\"author\" content=\"dorogimedence.hu\" class=\"yoast-seo-meta-tag\" \/>\n<meta name=\"twitter:card\" content=\"summary_large_image\" class=\"yoast-seo-meta-tag\" \/>\n<meta name=\"twitter:label1\" content=\"Szerz\u0151:\" class=\"yoast-seo-meta-tag\" \/>\n\t<meta name=\"twitter:data1\" content=\"dorogimedence.hu\" class=\"yoast-seo-meta-tag\" \/>\n\t<meta name=\"twitter:label2\" content=\"Becs\u00fclt olvas\u00e1si id\u0151\" class=\"yoast-seo-meta-tag\" \/>\n\t<meta name=\"twitter:data2\" content=\"2 perc\" class=\"yoast-seo-meta-tag\" \/>\n<script type=\"application\/ld+json\" class=\"yoast-schema-graph\">{\"@context\":\"https:\\\/\\\/schema.org\",\"@graph\":[{\"@type\":\"Article\",\"@id\":\"https:\\\/\\\/dorogimedence.hu\\\/index.php\\\/2023\\\/12\\\/29\\\/a-mesterseges-intelligencia-alakithatja-at-az-otthoni-energiahasznalatot\\\/#article\",\"isPartOf\":{\"@id\":\"https:\\\/\\\/dorogimedence.hu\\\/index.php\\\/2023\\\/12\\\/29\\\/a-mesterseges-intelligencia-alakithatja-at-az-otthoni-energiahasznalatot\\\/\"},\"author\":{\"name\":\"dorogimedence.hu\",\"@id\":\"https:\\\/\\\/dorogimedence.hu\\\/#\\\/schema\\\/person\\\/ce6091eeb7e95ecdc87890d6aa8e0fd4\"},\"headline\":\"A mesters\u00e9ges intelligencia alak\u00edthatja \u00e1t az otthoni energiahaszn\u00e1latot\",\"datePublished\":\"2023-12-29T10:14:28+00:00\",\"mainEntityOfPage\":{\"@id\":\"https:\\\/\\\/dorogimedence.hu\\\/index.php\\\/2023\\\/12\\\/29\\\/a-mesterseges-intelligencia-alakithatja-at-az-otthoni-energiahasznalatot\\\/\"},\"wordCount\":450,\"publisher\":{\"@id\":\"https:\\\/\\\/dorogimedence.hu\\\/#organization\"},\"image\":{\"@id\":\"https:\\\/\\\/dorogimedence.hu\\\/index.php\\\/2023\\\/12\\\/29\\\/a-mesterseges-intelligencia-alakithatja-at-az-otthoni-energiahasznalatot\\\/#primaryimage\"},\"thumbnailUrl\":\"https:\\\/\\\/dorogimedence.hu\\\/wp-content\\\/uploads\\\/2023\\\/12\\\/emaldorpowercorebeinginstalled-01.jpg\",\"keywords\":[\"mesters\u00e9ges intelligencia\",\"okosotthon\",\"otthon\"],\"articleSection\":[\"H\u00edrek\"],\"inLanguage\":\"hu\"},{\"@type\":\"WebPage\",\"@id\":\"https:\\\/\\\/dorogimedence.hu\\\/index.php\\\/2023\\\/12\\\/29\\\/a-mesterseges-intelligencia-alakithatja-at-az-otthoni-energiahasznalatot\\\/\",\"url\":\"https:\\\/\\\/dorogimedence.hu\\\/index.php\\\/2023\\\/12\\\/29\\\/a-mesterseges-intelligencia-alakithatja-at-az-otthoni-energiahasznalatot\\\/\",\"name\":\"A mesters\u00e9ges intelligencia alak\u00edthatja \u00e1t az otthoni energiahaszn\u00e1latot\",\"isPartOf\":{\"@id\":\"https:\\\/\\\/dorogimedence.hu\\\/#website\"},\"primaryImageOfPage\":{\"@id\":\"https:\\\/\\\/dorogimedence.hu\\\/index.php\\\/2023\\\/12\\\/29\\\/a-mesterseges-intelligencia-alakithatja-at-az-otthoni-energiahasznalatot\\\/#primaryimage\"},\"image\":{\"@id\":\"https:\\\/\\\/dorogimedence.hu\\\/index.php\\\/2023\\\/12\\\/29\\\/a-mesterseges-intelligencia-alakithatja-at-az-otthoni-energiahasznalatot\\\/#primaryimage\"},\"thumbnailUrl\":\"https:\\\/\\\/dorogimedence.hu\\\/wp-content\\\/uploads\\\/2023\\\/12\\\/emaldorpowercorebeinginstalled-01.jpg\",\"datePublished\":\"2023-12-29T10:14:28+00:00\",\"breadcrumb\":{\"@id\":\"https:\\\/\\\/dorogimedence.hu\\\/index.php\\\/2023\\\/12\\\/29\\\/a-mesterseges-intelligencia-alakithatja-at-az-otthoni-energiahasznalatot\\\/#breadcrumb\"},\"inLanguage\":\"hu\",\"potentialAction\":[{\"@type\":\"ReadAction\",\"target\":[\"https:\\\/\\\/dorogimedence.hu\\\/index.php\\\/2023\\\/12\\\/29\\\/a-mesterseges-intelligencia-alakithatja-at-az-otthoni-energiahasznalatot\\\/\"]}]},{\"@type\":\"ImageObject\",\"inLanguage\":\"hu\",\"@id\":\"https:\\\/\\\/dorogimedence.hu\\\/index.php\\\/2023\\\/12\\\/29\\\/a-mesterseges-intelligencia-alakithatja-at-az-otthoni-energiahasznalatot\\\/#primaryimage\",\"url\":\"https:\\\/\\\/dorogimedence.hu\\\/wp-content\\\/uploads\\\/2023\\\/12\\\/emaldorpowercorebeinginstalled-01.jpg\",\"contentUrl\":\"https:\\\/\\\/dorogimedence.hu\\\/wp-content\\\/uploads\\\/2023\\\/12\\\/emaldorpowercorebeinginstalled-01.jpg\"},{\"@type\":\"BreadcrumbList\",\"@id\":\"https:\\\/\\\/dorogimedence.hu\\\/index.php\\\/2023\\\/12\\\/29\\\/a-mesterseges-intelligencia-alakithatja-at-az-otthoni-energiahasznalatot\\\/#breadcrumb\",\"itemListElement\":[{\"@type\":\"ListItem\",\"position\":1,\"name\":\"Kezd\u0151lap\",\"item\":\"https:\\\/\\\/dorogimedence.hu\\\/\"},{\"@type\":\"ListItem\",\"position\":2,\"name\":\"A mesters\u00e9ges intelligencia alak\u00edthatja \u00e1t az otthoni energiahaszn\u00e1latot\"}]},{\"@type\":\"WebSite\",\"@id\":\"https:\\\/\\\/dorogimedence.hu\\\/#website\",\"url\":\"https:\\\/\\\/dorogimedence.hu\\\/\",\"name\":\"Dorogi-medence Region\u00e1lis H\u00edrport\u00e1l\",\"description\":\"Dorog, Keszt\u00f6lc, Le\u00e1nyv\u00e1r, Piliscs\u00e9v, Tokod, Tokodalt\u00e1r\u00f3, Csolnok, Esztergom-kertv\u00e1ros: h\u00edrek, programok\",\"publisher\":{\"@id\":\"https:\\\/\\\/dorogimedence.hu\\\/#organization\"},\"potentialAction\":[{\"@type\":\"SearchAction\",\"target\":{\"@type\":\"EntryPoint\",\"urlTemplate\":\"https:\\\/\\\/dorogimedence.hu\\\/?s={search_term_string}\"},\"query-input\":{\"@type\":\"PropertyValueSpecification\",\"valueRequired\":true,\"valueName\":\"search_term_string\"}}],\"inLanguage\":\"hu\"},{\"@type\":\"Organization\",\"@id\":\"https:\\\/\\\/dorogimedence.hu\\\/#organization\",\"name\":\"Dorogi-medence Region\u00e1lis H\u00edrport\u00e1l\",\"url\":\"https:\\\/\\\/dorogimedence.hu\\\/\",\"logo\":{\"@type\":\"ImageObject\",\"inLanguage\":\"hu\",\"@id\":\"https:\\\/\\\/dorogimedence.hu\\\/#\\\/schema\\\/logo\\\/image\\\/\",\"url\":\"https:\\\/\\\/dorogimedence.hu\\\/wp-content\\\/uploads\\\/2021\\\/04\\\/logo-feher-600.png\",\"contentUrl\":\"https:\\\/\\\/dorogimedence.hu\\\/wp-content\\\/uploads\\\/2021\\\/04\\\/logo-feher-600.png\",\"width\":600,\"height\":100,\"caption\":\"Dorogi-medence Region\u00e1lis H\u00edrport\u00e1l\"},\"image\":{\"@id\":\"https:\\\/\\\/dorogimedence.hu\\\/#\\\/schema\\\/logo\\\/image\\\/\"},\"sameAs\":[\"https:\\\/\\\/www.facebook.com\\\/dorogimedence\\\/\"]},{\"@type\":\"Person\",\"@id\":\"https:\\\/\\\/dorogimedence.hu\\\/#\\\/schema\\\/person\\\/ce6091eeb7e95ecdc87890d6aa8e0fd4\",\"name\":\"dorogimedence.hu\",\"image\":{\"@type\":\"ImageObject\",\"inLanguage\":\"hu\",\"@id\":\"\\\/\\\/www.gravatar.com\\\/avatar\\\/d8d45f8901aadff40a4af72c0b826f1d?s=96&#038;r=g&#038;d=mm\",\"url\":\"\\\/\\\/www.gravatar.com\\\/avatar\\\/d8d45f8901aadff40a4af72c0b826f1d?s=96&#038;r=g&#038;d=mm\",\"contentUrl\":\"\\\/\\\/www.gravatar.com\\\/avatar\\\/d8d45f8901aadff40a4af72c0b826f1d?s=96&#038;r=g&#038;d=mm\",\"caption\":\"dorogimedence.hu\"}}]}<\/script>\n<!-- \/ Yoast SEO plugin. -->","yoast_head_json":{"title":"A mesters\u00e9ges intelligencia alak\u00edthatja \u00e1t az otthoni energiahaszn\u00e1latot","robots":{"index":"index","follow":"follow","max-snippet":"max-snippet:-1","max-image-preview":"max-image-preview:large","max-video-preview":"max-video-preview:-1"},"canonical":"https:\/\/dorogimedence.hu\/index.php\/2023\/12\/29\/a-mesterseges-intelligencia-alakithatja-at-az-otthoni-energiahasznalatot\/","og_locale":"hu_HU","og_type":"article","og_title":"A mesters\u00e9ges intelligencia alak\u00edthatja \u00e1t az otthoni energiahaszn\u00e1latot","og_description":"A mesters\u00e9ges intelligencia (MI) alap\u00fa Emaldo Power Core a hibrid invertert, az akkumul\u00e1torokat \u00e9s az elektromos j\u00e1rm\u0171vek t\u00f6lt\u00e9si k\u00e9pess\u00e9geit \u00f6tv\u00f6zi, a term\u00e9k 2024 janu\u00e1rj\u00e1ban mutatkozik majd be a vars\u00f3i Solar Energy Expo rendezv\u00e9nyen. A t\u00f6bb mint 15 \u00e9ve a piacon l\u00e9v\u0151, a min\u0151s\u00e9g \u00e9s az innov\u00e1ci\u00f3 ir\u00e1nt elk\u00f6telezett Emaldo olyan \u00e1tfog\u00f3 megold\u00e1sokat k\u00edn\u00e1l, amelyek a","og_url":"https:\/\/dorogimedence.hu\/index.php\/2023\/12\/29\/a-mesterseges-intelligencia-alakithatja-at-az-otthoni-energiahasznalatot\/","og_site_name":"Dorogi-medence Region\u00e1lis H\u00edrport\u00e1l","article_publisher":"https:\/\/www.facebook.com\/dorogimedence\/","article_published_time":"2023-12-29T10:14:28+00:00","og_image":[{"width":2560,"height":1440,"url":"https:\/\/dorogimedence.hu\/wp-content\/uploads\/2023\/12\/hero-sample-001-scaled-1.jpg","type":"image\/jpeg"}],"author":"dorogimedence.hu","twitter_card":"summary_large_image","twitter_misc":{"Szerz\u0151:":"dorogimedence.hu","Becs\u00fclt olvas\u00e1si id\u0151":"2 perc"},"schema":{"@context":"https:\/\/schema.org","@graph":[{"@type":"Article","@id":"https:\/\/dorogimedence.hu\/index.php\/2023\/12\/29\/a-mesterseges-intelligencia-alakithatja-at-az-otthoni-energiahasznalatot\/#article","isPartOf":{"@id":"https:\/\/dorogimedence.hu\/index.php\/2023\/12\/29\/a-mesterseges-intelligencia-alakithatja-at-az-otthoni-energiahasznalatot\/"},"author":{"name":"dorogimedence.hu","@id":"https:\/\/dorogimedence.hu\/#\/schema\/person\/ce6091eeb7e95ecdc87890d6aa8e0fd4"},"headline":"A mesters\u00e9ges intelligencia alak\u00edthatja \u00e1t az otthoni energiahaszn\u00e1latot","datePublished":"2023-12-29T10:14:28+00:00","mainEntityOfPage":{"@id":"https:\/\/dorogimedence.hu\/index.php\/2023\/12\/29\/a-mesterseges-intelligencia-alakithatja-at-az-otthoni-energiahasznalatot\/"},"wordCount":450,"publisher":{"@id":"https:\/\/dorogimedence.hu\/#organization"},"image":{"@id":"https:\/\/dorogimedence.hu\/index.php\/2023\/12\/29\/a-mesterseges-intelligencia-alakithatja-at-az-otthoni-energiahasznalatot\/#primaryimage"},"thumbnailUrl":"https:\/\/dorogimedence.hu\/wp-content\/uploads\/2023\/12\/emaldorpowercorebeinginstalled-01.jpg","keywords":["mesters\u00e9ges intelligencia","okosotthon","otthon"],"articleSection":["H\u00edrek"],"inLanguage":"hu"},{"@type":"WebPage","@id":"https:\/\/dorogimedence.hu\/index.php\/2023\/12\/29\/a-mesterseges-intelligencia-alakithatja-at-az-otthoni-energiahasznalatot\/","url":"https:\/\/dorogimedence.hu\/index.php\/2023\/12\/29\/a-mesterseges-intelligencia-alakithatja-at-az-otthoni-energiahasznalatot\/","name":"A mesters\u00e9ges intelligencia alak\u00edthatja \u00e1t az otthoni energiahaszn\u00e1latot","isPartOf":{"@id":"https:\/\/dorogimedence.hu\/#website"},"primaryImageOfPage":{"@id":"https:\/\/dorogimedence.hu\/index.php\/2023\/12\/29\/a-mesterseges-intelligencia-alakithatja-at-az-otthoni-energiahasznalatot\/#primaryimage"},"image":{"@id":"https:\/\/dorogimedence.hu\/index.php\/2023\/12\/29\/a-mesterseges-intelligencia-alakithatja-at-az-otthoni-energiahasznalatot\/#primaryimage"},"thumbnailUrl":"https:\/\/dorogimedence.hu\/wp-content\/uploads\/2023\/12\/emaldorpowercorebeinginstalled-01.jpg","datePublished":"2023-12-29T10:14:28+00:00","breadcrumb":{"@id":"https:\/\/dorogimedence.hu\/index.php\/2023\/12\/29\/a-mesterseges-intelligencia-alakithatja-at-az-otthoni-energiahasznalatot\/#breadcrumb"},"inLanguage":"hu","potentialAction":[{"@type":"ReadAction","target":["https:\/\/dorogimedence.hu\/index.php\/2023\/12\/29\/a-mesterseges-intelligencia-alakithatja-at-az-otthoni-energiahasznalatot\/"]}]},{"@type":"ImageObject","inLanguage":"hu","@id":"https:\/\/dorogimedence.hu\/index.php\/2023\/12\/29\/a-mesterseges-intelligencia-alakithatja-at-az-otthoni-energiahasznalatot\/#primaryimage","url":"https:\/\/dorogimedence.hu\/wp-content\/uploads\/2023\/12\/emaldorpowercorebeinginstalled-01.jpg","contentUrl":"https:\/\/dorogimedence.hu\/wp-content\/uploads\/2023\/12\/emaldorpowercorebeinginstalled-01.jpg"},{"@type":"BreadcrumbList","@id":"https:\/\/dorogimedence.hu\/index.php\/2023\/12\/29\/a-mesterseges-intelligencia-alakithatja-at-az-otthoni-energiahasznalatot\/#breadcrumb","itemListElement":[{"@type":"ListItem","position":1,"name":"Kezd\u0151lap","item":"https:\/\/dorogimedence.hu\/"},{"@type":"ListItem","position":2,"name":"A mesters\u00e9ges intelligencia alak\u00edthatja \u00e1t az otthoni energiahaszn\u00e1latot"}]},{"@type":"WebSite","@id":"https:\/\/dorogimedence.hu\/#website","url":"https:\/\/dorogimedence.hu\/","name":"Dorogi-medence Region\u00e1lis H\u00edrport\u00e1l","description":"Dorog, Keszt\u00f6lc, Le\u00e1nyv\u00e1r, Piliscs\u00e9v, Tokod, Tokodalt\u00e1r\u00f3, Csolnok, Esztergom-kertv\u00e1ros: h\u00edrek, programok","publisher":{"@id":"https:\/\/dorogimedence.hu\/#organization"},"potentialAction":[{"@type":"SearchAction","target":{"@type":"EntryPoint","urlTemplate":"https:\/\/dorogimedence.hu\/?s={search_term_string}"},"query-input":{"@type":"PropertyValueSpecification","valueRequired":true,"valueName":"search_term_string"}}],"inLanguage":"hu"},{"@type":"Organization","@id":"https:\/\/dorogimedence.hu\/#organization","name":"Dorogi-medence Region\u00e1lis H\u00edrport\u00e1l","url":"https:\/\/dorogimedence.hu\/","logo":{"@type":"ImageObject","inLanguage":"hu","@id":"https:\/\/dorogimedence.hu\/#\/schema\/logo\/image\/","url":"https:\/\/dorogimedence.hu\/wp-content\/uploads\/2021\/04\/logo-feher-600.png","contentUrl":"https:\/\/dorogimedence.hu\/wp-content\/uploads\/2021\/04\/logo-feher-600.png","width":600,"height":100,"caption":"Dorogi-medence Region\u00e1lis H\u00edrport\u00e1l"},"image":{"@id":"https:\/\/dorogimedence.hu\/#\/schema\/logo\/image\/"},"sameAs":["https:\/\/www.facebook.com\/dorogimedence\/"]},{"@type":"Person","@id":"https:\/\/dorogimedence.hu\/#\/schema\/person\/ce6091eeb7e95ecdc87890d6aa8e0fd4","name":"dorogimedence.hu","image":{"@type":"ImageObject","inLanguage":"hu","@id":"\/\/www.gravatar.com\/avatar\/d8d45f8901aadff40a4af72c0b826f1d?s=96&#038;r=g&#038;d=mm","url":"\/\/www.gravatar.com\/avatar\/d8d45f8901aadff40a4af72c0b826f1d?s=96&#038;r=g&#038;d=mm","contentUrl":"\/\/www.gravatar.com\/avatar\/d8d45f8901aadff40a4af72c0b826f1d?s=96&#038;r=g&#038;d=mm","caption":"dorogimedence.hu"}}]}},"_links":{"self":[{"href":"https:\/\/dorogimedence.hu\/index.php\/wp-json\/wp\/v2\/posts\/58765","targetHints":{"allow":["GET"]}}],"collection":[{"href":"https:\/\/dorogimedence.hu\/index.php\/wp-json\/wp\/v2\/posts"}],"about":[{"href":"https:\/\/dorogimedence.hu\/index.php\/wp-json\/wp\/v2\/types\/post"}],"author":[{"embeddable":true,"href":"https:\/\/dorogimedence.hu\/index.php\/wp-json\/wp\/v2\/users\/1"}],"replies":[{"embeddable":true,"href":"https:\/\/dorogimedence.hu\/index.php\/wp-json\/wp\/v2\/comments?post=58765"}],"version-history":[{"count":0,"href":"https:\/\/dorogimedence.hu\/index.php\/wp-json\/wp\/v2\/posts\/58765\/revisions"}],"wp:attachment":[{"href":"https:\/\/dorogimedence.hu\/index.php\/wp-json\/wp\/v2\/media?parent=58765"}],"wp:term":[{"taxonomy":"category","embeddable":true,"href":"https:\/\/dorogimedence.hu\/index.php\/wp-json\/wp\/v2\/categories?post=58765"},{"taxonomy":"post_tag","embeddable":true,"href":"https:\/\/dorogimedence.hu\/index.php\/wp-json\/wp\/v2\/tags?post=58765"}],"curies":[{"name":"wp","href":"https:\/\/api.w.org\/{rel}","templated":true}]}}