{"id":58665,"date":"2023-12-22T15:07:08","date_gmt":"2023-12-22T14:07:08","guid":{"rendered":"https:\/\/dorogimedence.hu\/?p=58665"},"modified":"2023-12-22T15:07:08","modified_gmt":"2023-12-22T14:07:08","slug":"ket-kategoriaban-is-dijaztak-a-buda-pest-regenyt","status":"publish","type":"post","link":"https:\/\/dorogimedence.hu\/index.php\/2023\/12\/22\/ket-kategoriaban-is-dijaztak-a-buda-pest-regenyt\/","title":{"rendered":"K\u00e9t kateg\u00f3ri\u00e1ban is d\u00edjazt\u00e1k a Buda &#038; Pest reg\u00e9nyt"},"content":{"rendered":"<p><strong>Tizenhat \u2013 k\u00f6zt\u00fck h\u00e1rom t\u00e9rs\u00e9gi \u2013 \u00edr\u00f3 alkotta meg a Buda &amp; Pest Egy v\u00e1ros zivataros sz\u00e1zadaib\u00f3l c\u00edm\u0171 m\u0171vet, amely t\u00f6rt\u00e9nelmi reg\u00e9ny kateg\u00f3ri\u00e1ban \u00e9s bor\u00edt\u00f3 kateg\u00f3ri\u00e1ban is az <a href=\"https:\/\/azevkonyve.hu\/\" target=\"_blank\" rel=\"noopener\"><span style=\"text-decoration: underline; color: #0000ff;\">\u00c9v K\u00f6nyve<\/span><\/a> lett 2023-ban. A reg\u00e9nnyel kapcsolatban, Cseleny\u00e1k Imr\u00e9vel, a Dorogon \u00e9l\u0151 \u00edr\u00f3val besz\u00e9lgett\u00fcnk.<\/strong><\/p>\n<p><strong>\u2212 R\u00f6viden bemutatn\u00e1d mir\u0151l sz\u00f3l a k\u00f6nyv?<\/strong><\/p>\n<p>\u2212 F\u0151v\u00e1rosunk k\u00f6zel nyolcsz\u00e1z \u00e9ves hist\u00f3ri\u00e1j\u00e1t igyekezt\u00fcnk k\u00e9t csal\u00e1d kalandos t\u00f6rt\u00e9net\u00e9n kereszt\u00fcl l\u00e1ttatni, felvillantva jelent\u0151s t\u00f6rt\u00e9nelmi fordul\u00f3pontokat, de kor\u00e1ntsem a teljess\u00e9g sz\u00e1nd\u00e9k\u00e1val. A R\u00e9v\u00e9sz \u00e9s a Farkas csal\u00e1d \u00e9vsz\u00e1zadokon \u00e1t\u00edvel\u0151 kalandos \u00e9let\u00e9n kereszt\u00fcl igyekezt\u00fcnk \u00e9l\u0151v\u00e9, hihet\u0151v\u00e9 \u00e9s l\u00fcktet\u0151v\u00e9 tenni a Duna k\u00e9t partj\u00e1n sz\u00fcletett, fejl\u0151d\u00f6tt, s v\u00e9g\u00fcl vil\u00e1gv\u00e1ross\u00e1 n\u0151tt telep\u00fcl\u00e9st. A mi im\u00e1dott Budapest\u00fcnket. Emellett m\u00e9g rendre megjelenik benne egy titokzatos kulcs, amely nyit valamit, \u00e9s a reg\u00e9nyt \u00e1lland\u00f3 forrponton tartja.<\/p>\n<p><strong>\u2212 Milyen neves \u00edr\u00f3k alkott\u00e1k meg a reg\u00e9nyt, illetve k\u00f6z\u00fcl\u00fck kik k\u00f6thet\u0151k t\u00e9rs\u00e9g\u00fcnkh\u00f6z?<\/strong><\/p>\n<p>\u2212 A Buda &amp; Pest reg\u00e9ny alkot\u00f3i a T\u00f6rt\u00e9nelmireg\u00e9ny-\u00edr\u00f3k T\u00e1rsas\u00e1g\u00e1b\u00f3l ker\u00fcltek ki, akik ebben a m\u0171ben abszol\u00fat egyen\u00e9rt\u00e9k\u0171ek, mindny\u00e1jan t\u00f6bb k\u00f6tetes szerz\u0151k, vagyis sok sz\u00e1z k\u00f6nyvet jegyz\u00fcnk \u00edgy tizenhatan. Elismer\u00e9seinket, d\u00edjainkat, a k\u00fcl\u00f6nf\u00e9le \u00edr\u00f3szervezetekhez val\u00f3 tartoz\u00e1sukat hossz\u00fa lenne felsorolni. Helyette \u00e1lljanak itt a nevek: <strong>Bak\u00f3czy S\u00e1ra, B\u00e1nyai D. Ilona, Cseleny\u00e1k Imre, F\u00e1bi\u00e1n Janka, G\u00e1l Vilmos, G\u00e1sp\u00e1r Ferenc, Hacsek Zs\u00f3fia, Izolde Johannsen, Jezs\u00f3 \u00c1kos, Kapa M\u00e1ty\u00e1s, Nemere Istv\u00e1n, Nov\u00e1k Andor, Schm\u00f6ltz Margit, So\u00f3s Tibor, Sz\u00e9lesi S\u00e1ndor, Trux B\u00e9la.<\/strong> Magam dorogi vagyok, azonban tizenh\u00e9t \u00e9vet \u00e9ltem Budapesten, s a k\u00f6zelm\u00faltig lak\u00e1st tartottam fenn. Teh\u00e1t a f\u0151v\u00e1rost j\u00f3l ismerem, most is rengeteg minden odak\u00f6t. Schm\u00f6ltz Margit \u00e9s So\u00f3s Tibor \u00edr\u00f3t\u00e1rsaim pedig Esztergom v\u00e1ros m\u0171v\u00e9szi \u00e9let\u00e9t gazdag\u00edtj\u00e1k.<\/p>\n<figure id=\"attachment_58667\" aria-describedby=\"caption-attachment-58667\" style=\"width: 843px\" class=\"wp-caption alignnone\"><img fetchpriority=\"high\" decoding=\"async\" class=\"size-full wp-image-58667\" src=\"https:\/\/dorogimedence.hu\/wp-content\/uploads\/2023\/12\/412365775_1372059253703015_4611568604773156366_n.jpg\" alt=\"\" width=\"843\" height=\"843\" srcset=\"https:\/\/dorogimedence.hu\/wp-content\/uploads\/2023\/12\/412365775_1372059253703015_4611568604773156366_n.jpg 843w, https:\/\/dorogimedence.hu\/wp-content\/uploads\/2023\/12\/412365775_1372059253703015_4611568604773156366_n-600x600.jpg 600w, https:\/\/dorogimedence.hu\/wp-content\/uploads\/2023\/12\/412365775_1372059253703015_4611568604773156366_n-300x300.jpg 300w, https:\/\/dorogimedence.hu\/wp-content\/uploads\/2023\/12\/412365775_1372059253703015_4611568604773156366_n-768x768.jpg 768w, https:\/\/dorogimedence.hu\/wp-content\/uploads\/2023\/12\/412365775_1372059253703015_4611568604773156366_n-150x150.jpg 150w, https:\/\/dorogimedence.hu\/wp-content\/uploads\/2023\/12\/412365775_1372059253703015_4611568604773156366_n-450x450.jpg 450w\" sizes=\"(max-width: 843px) 100vw, 843px\" \/><figcaption id=\"caption-attachment-58667\" class=\"wp-caption-text\">A reg\u00e9ny \u00edr\u00f3i<\/figcaption><\/figure>\n<p><strong>\u2212 Milyen koncepci\u00f3 alapj\u00e1n v\u00e1lasztott\u00e1k ki a k\u00f6nyvh\u00f6z az \u00edr\u00f3kat? Illetve kinek az \u00f6tlete volt a k\u00f6z\u00f6s munka?<\/strong><\/p>\n<p>\u2212 A sz\u00f3 szoros \u00e9rtelm\u00e9ben &#8222;aki kapja marja&#8221; alapon, nagyj\u00e1b\u00f3l figyelembe v\u00e9ve a kedvenc korszakainkat. Legt\u00f6bb\u00fcnknek siker\u00fclt, n\u00e9h\u00e1nyan kompromisszumra k\u00e9nyszer\u00fcltek. A TRT-nek t\u00f6bb, mint harminc tagja van, \u00e9s hellyel-k\u00f6zzel a fent eml\u00edtett tizenhat \u00edr\u00f3 v\u00e1llalta el a feladatot, amellyel al\u00e1 is vetette mag\u00e1t egy k\u00f6z\u00f6s akaratnak. Az \u00f6tlet Kapa M\u00e1ty\u00e1s eln\u00f6k\u00fcnk fej\u00e9b\u0151l pattant ki, aki ugyancsak kiv\u00e1l\u00f3 \u00edr\u00f3, \u00e9s az els\u0151 r\u00e9sz mindj\u00e1rt az \u0151 kvalit\u00e1s\u00e1t mutatja.<\/p>\n<p><strong>\u2212 Hogyan zajlott a k\u00f6z\u00f6s munka? Kinek milyen feladata volt?<\/strong><\/p>\n<p>\u2212 Legels\u0151 feladatk\u00e9nt valamennyien kifund\u00e1ltuk a tulajdon fejezet\u00fcnket. Azt\u00e1n ennek lejegyezt\u00fck a szinopszis\u00e1t (tartalm\u00e1t), amelyet elk\u00fcldt\u00fck a k\u00f6z\u00fcl\u00fcnk kiv\u00e1lasztott k\u00e9t szerkeszt\u0151 r\u00e9sz\u00e9re, jeles\u00fcl Kapa Matyinak, So\u00f3s Tibinek. \u0150k ezt \u00f6sszeillesztgett\u00e9k, \u00e9sszer\u0171en \u00e1tform\u00e1zt\u00e1k, logikai egys\u00e9gbe \u00f6nt\u00f6tt\u00e9k \u00e9s meg\u00edrt\u00e1k a nagy szinopszist, amelyhez azt\u00e1n mindny\u00e1junknak alkalmazkodni illett. Ez menet k\u00f6zben sok kis apr\u00f3 morg\u00e1ssal j\u00e1rt, s\u00farl\u00f3d\u00e1sokhoz vezetett, de v\u00e9gt\u00e9re is er\u0151sebb volt benn\u00fcnk az egym\u00e1s ir\u00e1nti szeretet, mint az egoizmus. A v\u00e9geredm\u00e9ny \u00f6nmag\u00e1\u00e9rt besz\u00e9l.<\/p>\n<p><strong>\u2212 Nem utols\u00f3 sorban, hogyan fogadt\u00e1tok az \u00c9v K\u00f6nyve d\u00edjat?<\/strong><\/p>\n<p>\u2212 \u0150szint\u00e9n sz\u00f3lva minden nagyon gyorsan t\u00f6rt\u00e9nt, alig b\u00edrtuk k\u00f6vetni az esem\u00e9nyeket. Eleve szeptember v\u00e9ge fel\u00e9 jelent meg a &#8222;kis dagi&#8221;, vagyis a vaskos Buda &amp; Pest reg\u00e9ny, \u00e9s mire f\u00f6leszm\u00e9lt\u00fcnk, a K\u00f6nyvfesztiv\u00e1lon mind egy sz\u00e1lig elfogyott. Gyorsan ut\u00e1n kellett nyomtatni, hogy a k\u00f6nyvek kiker\u00fclhessenek az \u00fczletekbe. De m\u00e1r nyakunkon volt az \u00c9v K\u00f6nyve ki\u00edr\u00e1s, \u00e9s bevallom nem is tudom, ilyen k\u00e9s\u0151n hogyan ker\u00fclt\u00fcnk be a jel\u00f6ltek k\u00f6z\u00e9. Nos, ha m\u00e1r benevezett benn\u00fcnket valaki, legkevesebb, amit tehett\u00fcnk, hogy megk\u00e9rt\u00fck az olvas\u00f3inkat, szavazzanak r\u00e1nk. \u00c9s megtett\u00e9k, \u00e9s megnyert\u00fck! \u00c9n a magam r\u00e9sz\u00e9r\u0151l nem sz\u00e1m\u00edtottam r\u00e1. Eg\u00e9szen meglepett, hogy gy\u0151zt\u00fcnk, r\u00e1ad\u00e1sul k\u00e9t kateg\u00f3ri\u00e1ban is. Tudniillik Nov\u00e1k Andor szerz\u0151t\u00e1rsunk a k\u00f6nyvbor\u00edt\u00f3\u00e9rt \u00e9rdemelte ki a jeles elismer\u00e9st. Ez a k\u00f6nyv a szerelem \u00e9s tolerancia reg\u00e9nye. Eleddig p\u00e9ld\u00e1tlan m\u00f3don tizenhat \u00edr\u00f3 alkotta meg. Az\u00f3ta sem t\u00e9r\u00fcnk magunkhoz, hogy mennyire im\u00e1dj\u00e1k az olvas\u00f3k! A mi dolgunk m\u00e1r csak annyi, hogy \u00f6r\u00fclj\u00fcnk \u00e9s koccintsunk r\u00e1 m\u00e9g nagyon sokszor.<\/p>\n<p><img decoding=\"async\" class=\"alignnone size-full wp-image-58668\" src=\"https:\/\/dorogimedence.hu\/wp-content\/uploads\/2023\/12\/budapest-konyv-02.jpg\" alt=\"\" width=\"1381\" height=\"918\" srcset=\"https:\/\/dorogimedence.hu\/wp-content\/uploads\/2023\/12\/budapest-konyv-02.jpg 1381w, https:\/\/dorogimedence.hu\/wp-content\/uploads\/2023\/12\/budapest-konyv-02-600x399.jpg 600w, https:\/\/dorogimedence.hu\/wp-content\/uploads\/2023\/12\/budapest-konyv-02-768x511.jpg 768w, https:\/\/dorogimedence.hu\/wp-content\/uploads\/2023\/12\/budapest-konyv-02-150x100.jpg 150w, https:\/\/dorogimedence.hu\/wp-content\/uploads\/2023\/12\/budapest-konyv-02-450x299.jpg 450w, https:\/\/dorogimedence.hu\/wp-content\/uploads\/2023\/12\/budapest-konyv-02-1200x798.jpg 1200w, https:\/\/dorogimedence.hu\/wp-content\/uploads\/2023\/12\/budapest-konyv-02-272x182.jpg 272w\" sizes=\"(max-width: 1381px) 100vw, 1381px\" \/><\/p>\n","protected":false},"excerpt":{"rendered":"<p>Tizenhat \u2013 k\u00f6zt\u00fck h\u00e1rom t\u00e9rs\u00e9gi \u2013 \u00edr\u00f3 alkotta meg a Buda &amp; Pest Egy v\u00e1ros zivataros sz\u00e1zadaib\u00f3l c\u00edm\u0171 m\u0171vet, amely t\u00f6rt\u00e9nelmi reg\u00e9ny kateg\u00f3ri\u00e1ban \u00e9s bor\u00edt\u00f3 kateg\u00f3ri\u00e1ban is az \u00c9v K\u00f6nyve lett 2023-ban. A reg\u00e9nnyel kapcsolatban, Cseleny\u00e1k Imr\u00e9vel, a Dorogon \u00e9l\u0151 \u00edr\u00f3val besz\u00e9lgett\u00fcnk. \u2212 R\u00f6viden bemutatn\u00e1d mir\u0151l sz\u00f3l a k\u00f6nyv? \u2212 F\u0151v\u00e1rosunk k\u00f6zel nyolcsz\u00e1z \u00e9ves hist\u00f3ri\u00e1j\u00e1t<\/p>\n","protected":false},"author":1,"featured_media":58666,"comment_status":"closed","ping_status":"closed","sticky":false,"template":"","format":"standard","meta":{"ngg_post_thumbnail":0,"footnotes":""},"categories":[2,38,3],"tags":[7621,1970,7620,1112,4496,7622],"class_list":{"0":"post-58665","1":"post","2":"type-post","3":"status-publish","4":"format-standard","5":"has-post-thumbnail","7":"category-dorog","8":"category-esztergom","9":"category-hirek","10":"tag-buda-pest-egy-varos-zivataros-szazadaibol","11":"tag-cselenyak-imre","12":"tag-ev-konyve","13":"tag-konyv","14":"tag-schmoltz-margit","15":"tag-soos-tibor"},"yoast_head":"<!-- This site is optimized with the Yoast SEO plugin v27.5 - https:\/\/yoast.com\/product\/yoast-seo-wordpress\/ -->\n<title>K\u00e9t kateg\u00f3ri\u00e1ban is d\u00edjazt\u00e1k a Buda &amp; Pest reg\u00e9nyt<\/title>\n<meta name=\"robots\" content=\"index, follow, max-snippet:-1, max-image-preview:large, max-video-preview:-1\" \/>\n<link rel=\"canonical\" href=\"https:\/\/dorogimedence.hu\/index.php\/2023\/12\/22\/ket-kategoriaban-is-dijaztak-a-buda-pest-regenyt\/\" class=\"yoast-seo-meta-tag\" \/>\n<meta property=\"og:locale\" content=\"hu_HU\" class=\"yoast-seo-meta-tag\" \/>\n<meta property=\"og:type\" content=\"article\" class=\"yoast-seo-meta-tag\" \/>\n<meta property=\"og:title\" content=\"K\u00e9t kateg\u00f3ri\u00e1ban is d\u00edjazt\u00e1k a Buda &amp; Pest reg\u00e9nyt\" class=\"yoast-seo-meta-tag\" \/>\n<meta property=\"og:description\" content=\"Tizenhat \u2013 k\u00f6zt\u00fck h\u00e1rom t\u00e9rs\u00e9gi \u2013 \u00edr\u00f3 alkotta meg a Buda &amp; Pest Egy v\u00e1ros zivataros sz\u00e1zadaib\u00f3l c\u00edm\u0171 m\u0171vet, amely t\u00f6rt\u00e9nelmi reg\u00e9ny kateg\u00f3ri\u00e1ban \u00e9s bor\u00edt\u00f3 kateg\u00f3ri\u00e1ban is az \u00c9v K\u00f6nyve lett 2023-ban. A reg\u00e9nnyel kapcsolatban, Cseleny\u00e1k Imr\u00e9vel, a Dorogon \u00e9l\u0151 \u00edr\u00f3val besz\u00e9lgett\u00fcnk. \u2212 R\u00f6viden bemutatn\u00e1d mir\u0151l sz\u00f3l a k\u00f6nyv? \u2212 F\u0151v\u00e1rosunk k\u00f6zel nyolcsz\u00e1z \u00e9ves hist\u00f3ri\u00e1j\u00e1t\" class=\"yoast-seo-meta-tag\" \/>\n<meta property=\"og:url\" content=\"https:\/\/dorogimedence.hu\/index.php\/2023\/12\/22\/ket-kategoriaban-is-dijaztak-a-buda-pest-regenyt\/\" class=\"yoast-seo-meta-tag\" \/>\n<meta property=\"og:site_name\" content=\"Dorogi-medence Region\u00e1lis H\u00edrport\u00e1l\" class=\"yoast-seo-meta-tag\" \/>\n<meta property=\"article:publisher\" content=\"https:\/\/www.facebook.com\/dorogimedence\/\" class=\"yoast-seo-meta-tag\" \/>\n<meta property=\"article:published_time\" content=\"2023-12-22T14:07:08+00:00\" class=\"yoast-seo-meta-tag\" \/>\n<meta property=\"og:image\" content=\"https:\/\/dorogimedence.hu\/wp-content\/uploads\/2023\/12\/budapest-konyv-01.jpg\" class=\"yoast-seo-meta-tag\" \/>\n\t<meta property=\"og:image:width\" content=\"1920\" class=\"yoast-seo-meta-tag\" \/>\n\t<meta property=\"og:image:height\" content=\"970\" class=\"yoast-seo-meta-tag\" \/>\n\t<meta property=\"og:image:type\" content=\"image\/jpeg\" class=\"yoast-seo-meta-tag\" \/>\n<meta name=\"author\" content=\"dorogimedence.hu\" class=\"yoast-seo-meta-tag\" \/>\n<meta name=\"twitter:card\" content=\"summary_large_image\" class=\"yoast-seo-meta-tag\" \/>\n<meta name=\"twitter:label1\" content=\"Szerz\u0151:\" class=\"yoast-seo-meta-tag\" \/>\n\t<meta name=\"twitter:data1\" content=\"dorogimedence.hu\" class=\"yoast-seo-meta-tag\" \/>\n\t<meta name=\"twitter:label2\" content=\"Becs\u00fclt olvas\u00e1si id\u0151\" class=\"yoast-seo-meta-tag\" \/>\n\t<meta name=\"twitter:data2\" content=\"4 perc\" class=\"yoast-seo-meta-tag\" \/>\n<script type=\"application\/ld+json\" class=\"yoast-schema-graph\">{\"@context\":\"https:\\\/\\\/schema.org\",\"@graph\":[{\"@type\":\"Article\",\"@id\":\"https:\\\/\\\/dorogimedence.hu\\\/index.php\\\/2023\\\/12\\\/22\\\/ket-kategoriaban-is-dijaztak-a-buda-pest-regenyt\\\/#article\",\"isPartOf\":{\"@id\":\"https:\\\/\\\/dorogimedence.hu\\\/index.php\\\/2023\\\/12\\\/22\\\/ket-kategoriaban-is-dijaztak-a-buda-pest-regenyt\\\/\"},\"author\":{\"name\":\"dorogimedence.hu\",\"@id\":\"https:\\\/\\\/dorogimedence.hu\\\/#\\\/schema\\\/person\\\/ce6091eeb7e95ecdc87890d6aa8e0fd4\"},\"headline\":\"K\u00e9t kateg\u00f3ri\u00e1ban is d\u00edjazt\u00e1k a Buda &#038; Pest reg\u00e9nyt\",\"datePublished\":\"2023-12-22T14:07:08+00:00\",\"mainEntityOfPage\":{\"@id\":\"https:\\\/\\\/dorogimedence.hu\\\/index.php\\\/2023\\\/12\\\/22\\\/ket-kategoriaban-is-dijaztak-a-buda-pest-regenyt\\\/\"},\"wordCount\":909,\"publisher\":{\"@id\":\"https:\\\/\\\/dorogimedence.hu\\\/#organization\"},\"image\":{\"@id\":\"https:\\\/\\\/dorogimedence.hu\\\/index.php\\\/2023\\\/12\\\/22\\\/ket-kategoriaban-is-dijaztak-a-buda-pest-regenyt\\\/#primaryimage\"},\"thumbnailUrl\":\"https:\\\/\\\/dorogimedence.hu\\\/wp-content\\\/uploads\\\/2023\\\/12\\\/budapest-konyv-01.jpg\",\"keywords\":[\"Buda &amp; Pest Egy v\u00e1ros zivataros sz\u00e1zadaib\u00f3l\",\"Cseleny\u00e1k Imre\",\"\u00c9v k\u00f6nyve\",\"k\u00f6nyv\",\"Schm\u00f6ltz Margit\",\"So\u00f3s Tibor\"],\"articleSection\":[\"Dorog\",\"Esztergom\",\"H\u00edrek\"],\"inLanguage\":\"hu\"},{\"@type\":\"WebPage\",\"@id\":\"https:\\\/\\\/dorogimedence.hu\\\/index.php\\\/2023\\\/12\\\/22\\\/ket-kategoriaban-is-dijaztak-a-buda-pest-regenyt\\\/\",\"url\":\"https:\\\/\\\/dorogimedence.hu\\\/index.php\\\/2023\\\/12\\\/22\\\/ket-kategoriaban-is-dijaztak-a-buda-pest-regenyt\\\/\",\"name\":\"K\u00e9t kateg\u00f3ri\u00e1ban is d\u00edjazt\u00e1k a Buda & Pest reg\u00e9nyt\",\"isPartOf\":{\"@id\":\"https:\\\/\\\/dorogimedence.hu\\\/#website\"},\"primaryImageOfPage\":{\"@id\":\"https:\\\/\\\/dorogimedence.hu\\\/index.php\\\/2023\\\/12\\\/22\\\/ket-kategoriaban-is-dijaztak-a-buda-pest-regenyt\\\/#primaryimage\"},\"image\":{\"@id\":\"https:\\\/\\\/dorogimedence.hu\\\/index.php\\\/2023\\\/12\\\/22\\\/ket-kategoriaban-is-dijaztak-a-buda-pest-regenyt\\\/#primaryimage\"},\"thumbnailUrl\":\"https:\\\/\\\/dorogimedence.hu\\\/wp-content\\\/uploads\\\/2023\\\/12\\\/budapest-konyv-01.jpg\",\"datePublished\":\"2023-12-22T14:07:08+00:00\",\"breadcrumb\":{\"@id\":\"https:\\\/\\\/dorogimedence.hu\\\/index.php\\\/2023\\\/12\\\/22\\\/ket-kategoriaban-is-dijaztak-a-buda-pest-regenyt\\\/#breadcrumb\"},\"inLanguage\":\"hu\",\"potentialAction\":[{\"@type\":\"ReadAction\",\"target\":[\"https:\\\/\\\/dorogimedence.hu\\\/index.php\\\/2023\\\/12\\\/22\\\/ket-kategoriaban-is-dijaztak-a-buda-pest-regenyt\\\/\"]}]},{\"@type\":\"ImageObject\",\"inLanguage\":\"hu\",\"@id\":\"https:\\\/\\\/dorogimedence.hu\\\/index.php\\\/2023\\\/12\\\/22\\\/ket-kategoriaban-is-dijaztak-a-buda-pest-regenyt\\\/#primaryimage\",\"url\":\"https:\\\/\\\/dorogimedence.hu\\\/wp-content\\\/uploads\\\/2023\\\/12\\\/budapest-konyv-01.jpg\",\"contentUrl\":\"https:\\\/\\\/dorogimedence.hu\\\/wp-content\\\/uploads\\\/2023\\\/12\\\/budapest-konyv-01.jpg\",\"width\":1920,\"height\":970},{\"@type\":\"BreadcrumbList\",\"@id\":\"https:\\\/\\\/dorogimedence.hu\\\/index.php\\\/2023\\\/12\\\/22\\\/ket-kategoriaban-is-dijaztak-a-buda-pest-regenyt\\\/#breadcrumb\",\"itemListElement\":[{\"@type\":\"ListItem\",\"position\":1,\"name\":\"Kezd\u0151lap\",\"item\":\"https:\\\/\\\/dorogimedence.hu\\\/\"},{\"@type\":\"ListItem\",\"position\":2,\"name\":\"K\u00e9t kateg\u00f3ri\u00e1ban is d\u00edjazt\u00e1k a Buda &#038; Pest reg\u00e9nyt\"}]},{\"@type\":\"WebSite\",\"@id\":\"https:\\\/\\\/dorogimedence.hu\\\/#website\",\"url\":\"https:\\\/\\\/dorogimedence.hu\\\/\",\"name\":\"Dorogi-medence Region\u00e1lis H\u00edrport\u00e1l\",\"description\":\"Dorog, Keszt\u00f6lc, Le\u00e1nyv\u00e1r, Piliscs\u00e9v, Tokod, Tokodalt\u00e1r\u00f3, Csolnok, Esztergom-kertv\u00e1ros: h\u00edrek, programok\",\"publisher\":{\"@id\":\"https:\\\/\\\/dorogimedence.hu\\\/#organization\"},\"potentialAction\":[{\"@type\":\"SearchAction\",\"target\":{\"@type\":\"EntryPoint\",\"urlTemplate\":\"https:\\\/\\\/dorogimedence.hu\\\/?s={search_term_string}\"},\"query-input\":{\"@type\":\"PropertyValueSpecification\",\"valueRequired\":true,\"valueName\":\"search_term_string\"}}],\"inLanguage\":\"hu\"},{\"@type\":\"Organization\",\"@id\":\"https:\\\/\\\/dorogimedence.hu\\\/#organization\",\"name\":\"Dorogi-medence Region\u00e1lis H\u00edrport\u00e1l\",\"url\":\"https:\\\/\\\/dorogimedence.hu\\\/\",\"logo\":{\"@type\":\"ImageObject\",\"inLanguage\":\"hu\",\"@id\":\"https:\\\/\\\/dorogimedence.hu\\\/#\\\/schema\\\/logo\\\/image\\\/\",\"url\":\"https:\\\/\\\/dorogimedence.hu\\\/wp-content\\\/uploads\\\/2021\\\/04\\\/logo-feher-600.png\",\"contentUrl\":\"https:\\\/\\\/dorogimedence.hu\\\/wp-content\\\/uploads\\\/2021\\\/04\\\/logo-feher-600.png\",\"width\":600,\"height\":100,\"caption\":\"Dorogi-medence Region\u00e1lis H\u00edrport\u00e1l\"},\"image\":{\"@id\":\"https:\\\/\\\/dorogimedence.hu\\\/#\\\/schema\\\/logo\\\/image\\\/\"},\"sameAs\":[\"https:\\\/\\\/www.facebook.com\\\/dorogimedence\\\/\"]},{\"@type\":\"Person\",\"@id\":\"https:\\\/\\\/dorogimedence.hu\\\/#\\\/schema\\\/person\\\/ce6091eeb7e95ecdc87890d6aa8e0fd4\",\"name\":\"dorogimedence.hu\",\"image\":{\"@type\":\"ImageObject\",\"inLanguage\":\"hu\",\"@id\":\"\\\/\\\/www.gravatar.com\\\/avatar\\\/d8d45f8901aadff40a4af72c0b826f1d?s=96&#038;r=g&#038;d=mm\",\"url\":\"\\\/\\\/www.gravatar.com\\\/avatar\\\/d8d45f8901aadff40a4af72c0b826f1d?s=96&#038;r=g&#038;d=mm\",\"contentUrl\":\"\\\/\\\/www.gravatar.com\\\/avatar\\\/d8d45f8901aadff40a4af72c0b826f1d?s=96&#038;r=g&#038;d=mm\",\"caption\":\"dorogimedence.hu\"}}]}<\/script>\n<!-- \/ Yoast SEO plugin. -->","yoast_head_json":{"title":"K\u00e9t kateg\u00f3ri\u00e1ban is d\u00edjazt\u00e1k a Buda & Pest reg\u00e9nyt","robots":{"index":"index","follow":"follow","max-snippet":"max-snippet:-1","max-image-preview":"max-image-preview:large","max-video-preview":"max-video-preview:-1"},"canonical":"https:\/\/dorogimedence.hu\/index.php\/2023\/12\/22\/ket-kategoriaban-is-dijaztak-a-buda-pest-regenyt\/","og_locale":"hu_HU","og_type":"article","og_title":"K\u00e9t kateg\u00f3ri\u00e1ban is d\u00edjazt\u00e1k a Buda & Pest reg\u00e9nyt","og_description":"Tizenhat \u2013 k\u00f6zt\u00fck h\u00e1rom t\u00e9rs\u00e9gi \u2013 \u00edr\u00f3 alkotta meg a Buda &amp; Pest Egy v\u00e1ros zivataros sz\u00e1zadaib\u00f3l c\u00edm\u0171 m\u0171vet, amely t\u00f6rt\u00e9nelmi reg\u00e9ny kateg\u00f3ri\u00e1ban \u00e9s bor\u00edt\u00f3 kateg\u00f3ri\u00e1ban is az \u00c9v K\u00f6nyve lett 2023-ban. A reg\u00e9nnyel kapcsolatban, Cseleny\u00e1k Imr\u00e9vel, a Dorogon \u00e9l\u0151 \u00edr\u00f3val besz\u00e9lgett\u00fcnk. \u2212 R\u00f6viden bemutatn\u00e1d mir\u0151l sz\u00f3l a k\u00f6nyv? \u2212 F\u0151v\u00e1rosunk k\u00f6zel nyolcsz\u00e1z \u00e9ves hist\u00f3ri\u00e1j\u00e1t","og_url":"https:\/\/dorogimedence.hu\/index.php\/2023\/12\/22\/ket-kategoriaban-is-dijaztak-a-buda-pest-regenyt\/","og_site_name":"Dorogi-medence Region\u00e1lis H\u00edrport\u00e1l","article_publisher":"https:\/\/www.facebook.com\/dorogimedence\/","article_published_time":"2023-12-22T14:07:08+00:00","og_image":[{"width":1920,"height":970,"url":"https:\/\/dorogimedence.hu\/wp-content\/uploads\/2023\/12\/budapest-konyv-01.jpg","type":"image\/jpeg"}],"author":"dorogimedence.hu","twitter_card":"summary_large_image","twitter_misc":{"Szerz\u0151:":"dorogimedence.hu","Becs\u00fclt olvas\u00e1si id\u0151":"4 perc"},"schema":{"@context":"https:\/\/schema.org","@graph":[{"@type":"Article","@id":"https:\/\/dorogimedence.hu\/index.php\/2023\/12\/22\/ket-kategoriaban-is-dijaztak-a-buda-pest-regenyt\/#article","isPartOf":{"@id":"https:\/\/dorogimedence.hu\/index.php\/2023\/12\/22\/ket-kategoriaban-is-dijaztak-a-buda-pest-regenyt\/"},"author":{"name":"dorogimedence.hu","@id":"https:\/\/dorogimedence.hu\/#\/schema\/person\/ce6091eeb7e95ecdc87890d6aa8e0fd4"},"headline":"K\u00e9t kateg\u00f3ri\u00e1ban is d\u00edjazt\u00e1k a Buda &#038; Pest reg\u00e9nyt","datePublished":"2023-12-22T14:07:08+00:00","mainEntityOfPage":{"@id":"https:\/\/dorogimedence.hu\/index.php\/2023\/12\/22\/ket-kategoriaban-is-dijaztak-a-buda-pest-regenyt\/"},"wordCount":909,"publisher":{"@id":"https:\/\/dorogimedence.hu\/#organization"},"image":{"@id":"https:\/\/dorogimedence.hu\/index.php\/2023\/12\/22\/ket-kategoriaban-is-dijaztak-a-buda-pest-regenyt\/#primaryimage"},"thumbnailUrl":"https:\/\/dorogimedence.hu\/wp-content\/uploads\/2023\/12\/budapest-konyv-01.jpg","keywords":["Buda &amp; Pest Egy v\u00e1ros zivataros sz\u00e1zadaib\u00f3l","Cseleny\u00e1k Imre","\u00c9v k\u00f6nyve","k\u00f6nyv","Schm\u00f6ltz Margit","So\u00f3s Tibor"],"articleSection":["Dorog","Esztergom","H\u00edrek"],"inLanguage":"hu"},{"@type":"WebPage","@id":"https:\/\/dorogimedence.hu\/index.php\/2023\/12\/22\/ket-kategoriaban-is-dijaztak-a-buda-pest-regenyt\/","url":"https:\/\/dorogimedence.hu\/index.php\/2023\/12\/22\/ket-kategoriaban-is-dijaztak-a-buda-pest-regenyt\/","name":"K\u00e9t kateg\u00f3ri\u00e1ban is d\u00edjazt\u00e1k a Buda & Pest reg\u00e9nyt","isPartOf":{"@id":"https:\/\/dorogimedence.hu\/#website"},"primaryImageOfPage":{"@id":"https:\/\/dorogimedence.hu\/index.php\/2023\/12\/22\/ket-kategoriaban-is-dijaztak-a-buda-pest-regenyt\/#primaryimage"},"image":{"@id":"https:\/\/dorogimedence.hu\/index.php\/2023\/12\/22\/ket-kategoriaban-is-dijaztak-a-buda-pest-regenyt\/#primaryimage"},"thumbnailUrl":"https:\/\/dorogimedence.hu\/wp-content\/uploads\/2023\/12\/budapest-konyv-01.jpg","datePublished":"2023-12-22T14:07:08+00:00","breadcrumb":{"@id":"https:\/\/dorogimedence.hu\/index.php\/2023\/12\/22\/ket-kategoriaban-is-dijaztak-a-buda-pest-regenyt\/#breadcrumb"},"inLanguage":"hu","potentialAction":[{"@type":"ReadAction","target":["https:\/\/dorogimedence.hu\/index.php\/2023\/12\/22\/ket-kategoriaban-is-dijaztak-a-buda-pest-regenyt\/"]}]},{"@type":"ImageObject","inLanguage":"hu","@id":"https:\/\/dorogimedence.hu\/index.php\/2023\/12\/22\/ket-kategoriaban-is-dijaztak-a-buda-pest-regenyt\/#primaryimage","url":"https:\/\/dorogimedence.hu\/wp-content\/uploads\/2023\/12\/budapest-konyv-01.jpg","contentUrl":"https:\/\/dorogimedence.hu\/wp-content\/uploads\/2023\/12\/budapest-konyv-01.jpg","width":1920,"height":970},{"@type":"BreadcrumbList","@id":"https:\/\/dorogimedence.hu\/index.php\/2023\/12\/22\/ket-kategoriaban-is-dijaztak-a-buda-pest-regenyt\/#breadcrumb","itemListElement":[{"@type":"ListItem","position":1,"name":"Kezd\u0151lap","item":"https:\/\/dorogimedence.hu\/"},{"@type":"ListItem","position":2,"name":"K\u00e9t kateg\u00f3ri\u00e1ban is d\u00edjazt\u00e1k a Buda &#038; Pest reg\u00e9nyt"}]},{"@type":"WebSite","@id":"https:\/\/dorogimedence.hu\/#website","url":"https:\/\/dorogimedence.hu\/","name":"Dorogi-medence Region\u00e1lis H\u00edrport\u00e1l","description":"Dorog, Keszt\u00f6lc, Le\u00e1nyv\u00e1r, Piliscs\u00e9v, Tokod, Tokodalt\u00e1r\u00f3, Csolnok, Esztergom-kertv\u00e1ros: h\u00edrek, programok","publisher":{"@id":"https:\/\/dorogimedence.hu\/#organization"},"potentialAction":[{"@type":"SearchAction","target":{"@type":"EntryPoint","urlTemplate":"https:\/\/dorogimedence.hu\/?s={search_term_string}"},"query-input":{"@type":"PropertyValueSpecification","valueRequired":true,"valueName":"search_term_string"}}],"inLanguage":"hu"},{"@type":"Organization","@id":"https:\/\/dorogimedence.hu\/#organization","name":"Dorogi-medence Region\u00e1lis H\u00edrport\u00e1l","url":"https:\/\/dorogimedence.hu\/","logo":{"@type":"ImageObject","inLanguage":"hu","@id":"https:\/\/dorogimedence.hu\/#\/schema\/logo\/image\/","url":"https:\/\/dorogimedence.hu\/wp-content\/uploads\/2021\/04\/logo-feher-600.png","contentUrl":"https:\/\/dorogimedence.hu\/wp-content\/uploads\/2021\/04\/logo-feher-600.png","width":600,"height":100,"caption":"Dorogi-medence Region\u00e1lis H\u00edrport\u00e1l"},"image":{"@id":"https:\/\/dorogimedence.hu\/#\/schema\/logo\/image\/"},"sameAs":["https:\/\/www.facebook.com\/dorogimedence\/"]},{"@type":"Person","@id":"https:\/\/dorogimedence.hu\/#\/schema\/person\/ce6091eeb7e95ecdc87890d6aa8e0fd4","name":"dorogimedence.hu","image":{"@type":"ImageObject","inLanguage":"hu","@id":"\/\/www.gravatar.com\/avatar\/d8d45f8901aadff40a4af72c0b826f1d?s=96&#038;r=g&#038;d=mm","url":"\/\/www.gravatar.com\/avatar\/d8d45f8901aadff40a4af72c0b826f1d?s=96&#038;r=g&#038;d=mm","contentUrl":"\/\/www.gravatar.com\/avatar\/d8d45f8901aadff40a4af72c0b826f1d?s=96&#038;r=g&#038;d=mm","caption":"dorogimedence.hu"}}]}},"_links":{"self":[{"href":"https:\/\/dorogimedence.hu\/index.php\/wp-json\/wp\/v2\/posts\/58665","targetHints":{"allow":["GET"]}}],"collection":[{"href":"https:\/\/dorogimedence.hu\/index.php\/wp-json\/wp\/v2\/posts"}],"about":[{"href":"https:\/\/dorogimedence.hu\/index.php\/wp-json\/wp\/v2\/types\/post"}],"author":[{"embeddable":true,"href":"https:\/\/dorogimedence.hu\/index.php\/wp-json\/wp\/v2\/users\/1"}],"replies":[{"embeddable":true,"href":"https:\/\/dorogimedence.hu\/index.php\/wp-json\/wp\/v2\/comments?post=58665"}],"version-history":[{"count":0,"href":"https:\/\/dorogimedence.hu\/index.php\/wp-json\/wp\/v2\/posts\/58665\/revisions"}],"wp:featuredmedia":[{"embeddable":true,"href":"https:\/\/dorogimedence.hu\/index.php\/wp-json\/wp\/v2\/media\/58666"}],"wp:attachment":[{"href":"https:\/\/dorogimedence.hu\/index.php\/wp-json\/wp\/v2\/media?parent=58665"}],"wp:term":[{"taxonomy":"category","embeddable":true,"href":"https:\/\/dorogimedence.hu\/index.php\/wp-json\/wp\/v2\/categories?post=58665"},{"taxonomy":"post_tag","embeddable":true,"href":"https:\/\/dorogimedence.hu\/index.php\/wp-json\/wp\/v2\/tags?post=58665"}],"curies":[{"name":"wp","href":"https:\/\/api.w.org\/{rel}","templated":true}]}}