{"id":58652,"date":"2023-12-21T16:20:08","date_gmt":"2023-12-21T15:20:08","guid":{"rendered":"https:\/\/dorogimedence.hu\/?p=58652"},"modified":"2023-12-21T16:20:08","modified_gmt":"2023-12-21T15:20:08","slug":"orszagos-fotopalyazaton-lett-ezustermes-kaszas-norbert","status":"publish","type":"post","link":"https:\/\/dorogimedence.hu\/index.php\/2023\/12\/21\/orszagos-fotopalyazaton-lett-ezustermes-kaszas-norbert\/","title":{"rendered":"Orsz\u00e1gos fot\u00f3p\u00e1ly\u00e1zaton lett ez\u00fcst\u00e9rmes Kasz\u00e1s Norbert"},"content":{"rendered":"<p><strong>\u201eA porondmester\u201d c\u00edm\u0171 alkot\u00e1s\u00e1val m\u00e1sodik helyez\u00e9st \u00e9rt el a <a href=\"https:\/\/fotopalyazat.mo365.hu\/\" target=\"_blank\" rel=\"noopener\"><span style=\"text-decoration: underline; color: #0000ff;\">Magyarorsz\u00e1g 365 fot\u00f3p\u00e1ly\u00e1zat<\/span><\/a> Term\u00e9szet kateg\u00f3ri\u00e1j\u00e1ban az esztergomi term\u00e9szetfot\u00f3s, Kasz\u00e1s Norbert.<\/strong><\/p>\n<p>December elej\u00e9n a budapesti Eiffel M\u0171helyh\u00e1zban hirdett\u00e9k ki a Magyarorsz\u00e1g 365 fot\u00f3p\u00e1ly\u00e1zat eredm\u00e9nyeit. A p\u00e1ly\u00e1zatra t\u00f6bb mint 44.000 k\u00e9p \u00e9rkezett, aminek 60%-a, vagyis t\u00f6bb mint 25.000 k\u00e9p volt term\u00e9szetfot\u00f3.<\/p>\n<p><img fetchpriority=\"high\" decoding=\"async\" class=\"alignnone size-full wp-image-58653\" src=\"https:\/\/dorogimedence.hu\/wp-content\/uploads\/2023\/12\/409598029_1058120542191785_4071085468269135338_n.jpg\" alt=\"\" width=\"1280\" height=\"853\" srcset=\"https:\/\/dorogimedence.hu\/wp-content\/uploads\/2023\/12\/409598029_1058120542191785_4071085468269135338_n.jpg 1280w, https:\/\/dorogimedence.hu\/wp-content\/uploads\/2023\/12\/409598029_1058120542191785_4071085468269135338_n-600x400.jpg 600w, https:\/\/dorogimedence.hu\/wp-content\/uploads\/2023\/12\/409598029_1058120542191785_4071085468269135338_n-768x512.jpg 768w, https:\/\/dorogimedence.hu\/wp-content\/uploads\/2023\/12\/409598029_1058120542191785_4071085468269135338_n-150x100.jpg 150w, https:\/\/dorogimedence.hu\/wp-content\/uploads\/2023\/12\/409598029_1058120542191785_4071085468269135338_n-450x300.jpg 450w, https:\/\/dorogimedence.hu\/wp-content\/uploads\/2023\/12\/409598029_1058120542191785_4071085468269135338_n-1200x800.jpg 1200w, https:\/\/dorogimedence.hu\/wp-content\/uploads\/2023\/12\/409598029_1058120542191785_4071085468269135338_n-272x182.jpg 272w\" sizes=\"(max-width: 1280px) 100vw, 1280px\" \/><\/p>\n<p>\u201eA p\u00e1ly\u00e1zaton, amely szerintem haz\u00e1nk legnagyobb fot\u00f3p\u00e1ly\u00e1zata, \u00e9n is r\u00e9szt vettem \u00e9s legnagyobb meglepet\u00e9semre a Term\u00e9szet kateg\u00f3ri\u00e1ban az el\u0151kel\u0151 m\u00e1sodik helyez\u00e9st \u00e9rtem el. Emellett m\u00e9g egy k\u00e9pem beker\u00fclt a legjobb 60 ki\u00e1ll\u00edtott k\u00e9p k\u00f6z\u00e9. K\u00f6sz\u00f6n\u00f6m a zs\u0171ri \u00e9s a szervez\u0151k munk\u00e1j\u00e1t \u00e9s gratul\u00e1lok minden d\u00edjazott \u00e9s a ki\u00e1ll\u00edt\u00e1son r\u00e9szvev\u0151 fot\u00f3snak.\u201d \u2013 \u00edrta <a href=\"https:\/\/www.facebook.com\/profile.php?id=100039815483644\" target=\"_blank\" rel=\"noopener\"><span style=\"text-decoration: underline; color: #0000ff;\">k\u00f6z\u00f6ss\u00e9gi oldal\u00e1n<\/span><\/a> Kasz\u00e1s Norbert.<\/p>\n<figure id=\"attachment_58654\" aria-describedby=\"caption-attachment-58654\" style=\"width: 645px\" class=\"wp-caption alignnone\"><img decoding=\"async\" class=\"size-full wp-image-58654\" src=\"https:\/\/dorogimedence.hu\/wp-content\/uploads\/2023\/12\/3769_0_adbohejyzlxhoozb.jpg\" alt=\"\" width=\"645\" height=\"430\" srcset=\"https:\/\/dorogimedence.hu\/wp-content\/uploads\/2023\/12\/3769_0_adbohejyzlxhoozb.jpg 645w, https:\/\/dorogimedence.hu\/wp-content\/uploads\/2023\/12\/3769_0_adbohejyzlxhoozb-600x400.jpg 600w, https:\/\/dorogimedence.hu\/wp-content\/uploads\/2023\/12\/3769_0_adbohejyzlxhoozb-150x100.jpg 150w, https:\/\/dorogimedence.hu\/wp-content\/uploads\/2023\/12\/3769_0_adbohejyzlxhoozb-450x300.jpg 450w, https:\/\/dorogimedence.hu\/wp-content\/uploads\/2023\/12\/3769_0_adbohejyzlxhoozb-272x182.jpg 272w\" sizes=\"(max-width: 645px) 100vw, 645px\" \/><figcaption id=\"caption-attachment-58654\" class=\"wp-caption-text\">Fot\u00f3: Kasz\u00e1s Norbert &#8211; A porondmester<\/figcaption><\/figure>\n","protected":false},"excerpt":{"rendered":"<p>\u201eA porondmester\u201d c\u00edm\u0171 alkot\u00e1s\u00e1val m\u00e1sodik helyez\u00e9st \u00e9rt el a Magyarorsz\u00e1g 365 fot\u00f3p\u00e1ly\u00e1zat Term\u00e9szet kateg\u00f3ri\u00e1j\u00e1ban az esztergomi term\u00e9szetfot\u00f3s, Kasz\u00e1s Norbert. December elej\u00e9n a budapesti Eiffel M\u0171helyh\u00e1zban hirdett\u00e9k ki a Magyarorsz\u00e1g 365 fot\u00f3p\u00e1ly\u00e1zat eredm\u00e9nyeit. A p\u00e1ly\u00e1zatra t\u00f6bb mint 44.000 k\u00e9p \u00e9rkezett, aminek 60%-a, vagyis t\u00f6bb mint 25.000 k\u00e9p volt term\u00e9szetfot\u00f3. \u201eA p\u00e1ly\u00e1zaton, amely szerintem haz\u00e1nk legnagyobb fot\u00f3p\u00e1ly\u00e1zata,<\/p>\n","protected":false},"author":1,"featured_media":58655,"comment_status":"closed","ping_status":"closed","sticky":false,"template":"","format":"standard","meta":{"ngg_post_thumbnail":0,"footnotes":""},"categories":[38,3,6948],"tags":[42,200,1009,5284],"class_list":{"0":"post-58652","1":"post","2":"type-post","3":"status-publish","4":"format-standard","5":"has-post-thumbnail","7":"category-esztergom","8":"category-hirek","9":"category-szines","10":"tag-esztergom","11":"tag-foto","12":"tag-fotopalyazat","13":"tag-kaszas-norbert"},"yoast_head":"<!-- This site is optimized with the Yoast SEO plugin v27.4 - https:\/\/yoast.com\/product\/yoast-seo-wordpress\/ -->\n<title>Orsz\u00e1gos fot\u00f3p\u00e1ly\u00e1zaton lett ez\u00fcst\u00e9rmes Kasz\u00e1s Norbert<\/title>\n<meta name=\"robots\" content=\"index, follow, max-snippet:-1, max-image-preview:large, max-video-preview:-1\" \/>\n<link rel=\"canonical\" href=\"https:\/\/dorogimedence.hu\/index.php\/2023\/12\/21\/orszagos-fotopalyazaton-lett-ezustermes-kaszas-norbert\/\" class=\"yoast-seo-meta-tag\" \/>\n<meta property=\"og:locale\" content=\"hu_HU\" class=\"yoast-seo-meta-tag\" \/>\n<meta property=\"og:type\" content=\"article\" class=\"yoast-seo-meta-tag\" \/>\n<meta property=\"og:title\" content=\"Orsz\u00e1gos fot\u00f3p\u00e1ly\u00e1zaton lett ez\u00fcst\u00e9rmes Kasz\u00e1s Norbert\" class=\"yoast-seo-meta-tag\" \/>\n<meta property=\"og:description\" content=\"\u201eA porondmester\u201d c\u00edm\u0171 alkot\u00e1s\u00e1val m\u00e1sodik helyez\u00e9st \u00e9rt el a Magyarorsz\u00e1g 365 fot\u00f3p\u00e1ly\u00e1zat Term\u00e9szet kateg\u00f3ri\u00e1j\u00e1ban az esztergomi term\u00e9szetfot\u00f3s, Kasz\u00e1s Norbert. December elej\u00e9n a budapesti Eiffel M\u0171helyh\u00e1zban hirdett\u00e9k ki a Magyarorsz\u00e1g 365 fot\u00f3p\u00e1ly\u00e1zat eredm\u00e9nyeit. A p\u00e1ly\u00e1zatra t\u00f6bb mint 44.000 k\u00e9p \u00e9rkezett, aminek 60%-a, vagyis t\u00f6bb mint 25.000 k\u00e9p volt term\u00e9szetfot\u00f3. \u201eA p\u00e1ly\u00e1zaton, amely szerintem haz\u00e1nk legnagyobb fot\u00f3p\u00e1ly\u00e1zata,\" class=\"yoast-seo-meta-tag\" \/>\n<meta property=\"og:url\" content=\"https:\/\/dorogimedence.hu\/index.php\/2023\/12\/21\/orszagos-fotopalyazaton-lett-ezustermes-kaszas-norbert\/\" class=\"yoast-seo-meta-tag\" \/>\n<meta property=\"og:site_name\" content=\"Dorogi-medence Region\u00e1lis H\u00edrport\u00e1l\" class=\"yoast-seo-meta-tag\" \/>\n<meta property=\"article:publisher\" content=\"https:\/\/www.facebook.com\/dorogimedence\/\" class=\"yoast-seo-meta-tag\" \/>\n<meta property=\"article:published_time\" content=\"2023-12-21T15:20:08+00:00\" class=\"yoast-seo-meta-tag\" \/>\n<meta property=\"og:image\" content=\"https:\/\/dorogimedence.hu\/wp-content\/uploads\/2023\/12\/kaszas-norbert.jpg\" class=\"yoast-seo-meta-tag\" \/>\n\t<meta property=\"og:image:width\" content=\"1920\" class=\"yoast-seo-meta-tag\" \/>\n\t<meta property=\"og:image:height\" content=\"970\" class=\"yoast-seo-meta-tag\" \/>\n\t<meta property=\"og:image:type\" content=\"image\/jpeg\" class=\"yoast-seo-meta-tag\" \/>\n<meta name=\"author\" content=\"dorogimedence.hu\" class=\"yoast-seo-meta-tag\" \/>\n<meta name=\"twitter:card\" content=\"summary_large_image\" class=\"yoast-seo-meta-tag\" \/>\n<meta name=\"twitter:label1\" content=\"Szerz\u0151:\" class=\"yoast-seo-meta-tag\" \/>\n\t<meta name=\"twitter:data1\" content=\"dorogimedence.hu\" class=\"yoast-seo-meta-tag\" \/>\n\t<meta name=\"twitter:label2\" content=\"Becs\u00fclt olvas\u00e1si id\u0151\" class=\"yoast-seo-meta-tag\" \/>\n\t<meta name=\"twitter:data2\" content=\"1 perc\" class=\"yoast-seo-meta-tag\" \/>\n<script type=\"application\/ld+json\" class=\"yoast-schema-graph\">{\"@context\":\"https:\\\/\\\/schema.org\",\"@graph\":[{\"@type\":\"Article\",\"@id\":\"https:\\\/\\\/dorogimedence.hu\\\/index.php\\\/2023\\\/12\\\/21\\\/orszagos-fotopalyazaton-lett-ezustermes-kaszas-norbert\\\/#article\",\"isPartOf\":{\"@id\":\"https:\\\/\\\/dorogimedence.hu\\\/index.php\\\/2023\\\/12\\\/21\\\/orszagos-fotopalyazaton-lett-ezustermes-kaszas-norbert\\\/\"},\"author\":{\"name\":\"dorogimedence.hu\",\"@id\":\"https:\\\/\\\/dorogimedence.hu\\\/#\\\/schema\\\/person\\\/ce6091eeb7e95ecdc87890d6aa8e0fd4\"},\"headline\":\"Orsz\u00e1gos fot\u00f3p\u00e1ly\u00e1zaton lett ez\u00fcst\u00e9rmes Kasz\u00e1s Norbert\",\"datePublished\":\"2023-12-21T15:20:08+00:00\",\"mainEntityOfPage\":{\"@id\":\"https:\\\/\\\/dorogimedence.hu\\\/index.php\\\/2023\\\/12\\\/21\\\/orszagos-fotopalyazaton-lett-ezustermes-kaszas-norbert\\\/\"},\"wordCount\":197,\"publisher\":{\"@id\":\"https:\\\/\\\/dorogimedence.hu\\\/#organization\"},\"image\":{\"@id\":\"https:\\\/\\\/dorogimedence.hu\\\/index.php\\\/2023\\\/12\\\/21\\\/orszagos-fotopalyazaton-lett-ezustermes-kaszas-norbert\\\/#primaryimage\"},\"thumbnailUrl\":\"https:\\\/\\\/dorogimedence.hu\\\/wp-content\\\/uploads\\\/2023\\\/12\\\/kaszas-norbert.jpg\",\"keywords\":[\"esztergom\",\"fot\u00f3\",\"fot\u00f3p\u00e1ly\u00e1zat\",\"Kasz\u00e1s Norbert\"],\"articleSection\":[\"Esztergom\",\"H\u00edrek\",\"Sz\u00ednes\"],\"inLanguage\":\"hu\"},{\"@type\":\"WebPage\",\"@id\":\"https:\\\/\\\/dorogimedence.hu\\\/index.php\\\/2023\\\/12\\\/21\\\/orszagos-fotopalyazaton-lett-ezustermes-kaszas-norbert\\\/\",\"url\":\"https:\\\/\\\/dorogimedence.hu\\\/index.php\\\/2023\\\/12\\\/21\\\/orszagos-fotopalyazaton-lett-ezustermes-kaszas-norbert\\\/\",\"name\":\"Orsz\u00e1gos fot\u00f3p\u00e1ly\u00e1zaton lett ez\u00fcst\u00e9rmes Kasz\u00e1s Norbert\",\"isPartOf\":{\"@id\":\"https:\\\/\\\/dorogimedence.hu\\\/#website\"},\"primaryImageOfPage\":{\"@id\":\"https:\\\/\\\/dorogimedence.hu\\\/index.php\\\/2023\\\/12\\\/21\\\/orszagos-fotopalyazaton-lett-ezustermes-kaszas-norbert\\\/#primaryimage\"},\"image\":{\"@id\":\"https:\\\/\\\/dorogimedence.hu\\\/index.php\\\/2023\\\/12\\\/21\\\/orszagos-fotopalyazaton-lett-ezustermes-kaszas-norbert\\\/#primaryimage\"},\"thumbnailUrl\":\"https:\\\/\\\/dorogimedence.hu\\\/wp-content\\\/uploads\\\/2023\\\/12\\\/kaszas-norbert.jpg\",\"datePublished\":\"2023-12-21T15:20:08+00:00\",\"breadcrumb\":{\"@id\":\"https:\\\/\\\/dorogimedence.hu\\\/index.php\\\/2023\\\/12\\\/21\\\/orszagos-fotopalyazaton-lett-ezustermes-kaszas-norbert\\\/#breadcrumb\"},\"inLanguage\":\"hu\",\"potentialAction\":[{\"@type\":\"ReadAction\",\"target\":[\"https:\\\/\\\/dorogimedence.hu\\\/index.php\\\/2023\\\/12\\\/21\\\/orszagos-fotopalyazaton-lett-ezustermes-kaszas-norbert\\\/\"]}]},{\"@type\":\"ImageObject\",\"inLanguage\":\"hu\",\"@id\":\"https:\\\/\\\/dorogimedence.hu\\\/index.php\\\/2023\\\/12\\\/21\\\/orszagos-fotopalyazaton-lett-ezustermes-kaszas-norbert\\\/#primaryimage\",\"url\":\"https:\\\/\\\/dorogimedence.hu\\\/wp-content\\\/uploads\\\/2023\\\/12\\\/kaszas-norbert.jpg\",\"contentUrl\":\"https:\\\/\\\/dorogimedence.hu\\\/wp-content\\\/uploads\\\/2023\\\/12\\\/kaszas-norbert.jpg\",\"width\":1920,\"height\":970},{\"@type\":\"BreadcrumbList\",\"@id\":\"https:\\\/\\\/dorogimedence.hu\\\/index.php\\\/2023\\\/12\\\/21\\\/orszagos-fotopalyazaton-lett-ezustermes-kaszas-norbert\\\/#breadcrumb\",\"itemListElement\":[{\"@type\":\"ListItem\",\"position\":1,\"name\":\"Kezd\u0151lap\",\"item\":\"https:\\\/\\\/dorogimedence.hu\\\/\"},{\"@type\":\"ListItem\",\"position\":2,\"name\":\"Orsz\u00e1gos fot\u00f3p\u00e1ly\u00e1zaton lett ez\u00fcst\u00e9rmes Kasz\u00e1s Norbert\"}]},{\"@type\":\"WebSite\",\"@id\":\"https:\\\/\\\/dorogimedence.hu\\\/#website\",\"url\":\"https:\\\/\\\/dorogimedence.hu\\\/\",\"name\":\"Dorogi-medence Region\u00e1lis H\u00edrport\u00e1l\",\"description\":\"Dorog, Keszt\u00f6lc, Le\u00e1nyv\u00e1r, Piliscs\u00e9v, Tokod, Tokodalt\u00e1r\u00f3, Csolnok, Esztergom-kertv\u00e1ros: h\u00edrek, programok\",\"publisher\":{\"@id\":\"https:\\\/\\\/dorogimedence.hu\\\/#organization\"},\"potentialAction\":[{\"@type\":\"SearchAction\",\"target\":{\"@type\":\"EntryPoint\",\"urlTemplate\":\"https:\\\/\\\/dorogimedence.hu\\\/?s={search_term_string}\"},\"query-input\":{\"@type\":\"PropertyValueSpecification\",\"valueRequired\":true,\"valueName\":\"search_term_string\"}}],\"inLanguage\":\"hu\"},{\"@type\":\"Organization\",\"@id\":\"https:\\\/\\\/dorogimedence.hu\\\/#organization\",\"name\":\"Dorogi-medence Region\u00e1lis H\u00edrport\u00e1l\",\"url\":\"https:\\\/\\\/dorogimedence.hu\\\/\",\"logo\":{\"@type\":\"ImageObject\",\"inLanguage\":\"hu\",\"@id\":\"https:\\\/\\\/dorogimedence.hu\\\/#\\\/schema\\\/logo\\\/image\\\/\",\"url\":\"https:\\\/\\\/dorogimedence.hu\\\/wp-content\\\/uploads\\\/2021\\\/04\\\/logo-feher-600.png\",\"contentUrl\":\"https:\\\/\\\/dorogimedence.hu\\\/wp-content\\\/uploads\\\/2021\\\/04\\\/logo-feher-600.png\",\"width\":600,\"height\":100,\"caption\":\"Dorogi-medence Region\u00e1lis H\u00edrport\u00e1l\"},\"image\":{\"@id\":\"https:\\\/\\\/dorogimedence.hu\\\/#\\\/schema\\\/logo\\\/image\\\/\"},\"sameAs\":[\"https:\\\/\\\/www.facebook.com\\\/dorogimedence\\\/\"]},{\"@type\":\"Person\",\"@id\":\"https:\\\/\\\/dorogimedence.hu\\\/#\\\/schema\\\/person\\\/ce6091eeb7e95ecdc87890d6aa8e0fd4\",\"name\":\"dorogimedence.hu\",\"image\":{\"@type\":\"ImageObject\",\"inLanguage\":\"hu\",\"@id\":\"\\\/\\\/www.gravatar.com\\\/avatar\\\/d8d45f8901aadff40a4af72c0b826f1d?s=96&#038;r=g&#038;d=mm\",\"url\":\"\\\/\\\/www.gravatar.com\\\/avatar\\\/d8d45f8901aadff40a4af72c0b826f1d?s=96&#038;r=g&#038;d=mm\",\"contentUrl\":\"\\\/\\\/www.gravatar.com\\\/avatar\\\/d8d45f8901aadff40a4af72c0b826f1d?s=96&#038;r=g&#038;d=mm\",\"caption\":\"dorogimedence.hu\"}}]}<\/script>\n<!-- \/ Yoast SEO plugin. -->","yoast_head_json":{"title":"Orsz\u00e1gos fot\u00f3p\u00e1ly\u00e1zaton lett ez\u00fcst\u00e9rmes Kasz\u00e1s Norbert","robots":{"index":"index","follow":"follow","max-snippet":"max-snippet:-1","max-image-preview":"max-image-preview:large","max-video-preview":"max-video-preview:-1"},"canonical":"https:\/\/dorogimedence.hu\/index.php\/2023\/12\/21\/orszagos-fotopalyazaton-lett-ezustermes-kaszas-norbert\/","og_locale":"hu_HU","og_type":"article","og_title":"Orsz\u00e1gos fot\u00f3p\u00e1ly\u00e1zaton lett ez\u00fcst\u00e9rmes Kasz\u00e1s Norbert","og_description":"\u201eA porondmester\u201d c\u00edm\u0171 alkot\u00e1s\u00e1val m\u00e1sodik helyez\u00e9st \u00e9rt el a Magyarorsz\u00e1g 365 fot\u00f3p\u00e1ly\u00e1zat Term\u00e9szet kateg\u00f3ri\u00e1j\u00e1ban az esztergomi term\u00e9szetfot\u00f3s, Kasz\u00e1s Norbert. December elej\u00e9n a budapesti Eiffel M\u0171helyh\u00e1zban hirdett\u00e9k ki a Magyarorsz\u00e1g 365 fot\u00f3p\u00e1ly\u00e1zat eredm\u00e9nyeit. A p\u00e1ly\u00e1zatra t\u00f6bb mint 44.000 k\u00e9p \u00e9rkezett, aminek 60%-a, vagyis t\u00f6bb mint 25.000 k\u00e9p volt term\u00e9szetfot\u00f3. \u201eA p\u00e1ly\u00e1zaton, amely szerintem haz\u00e1nk legnagyobb fot\u00f3p\u00e1ly\u00e1zata,","og_url":"https:\/\/dorogimedence.hu\/index.php\/2023\/12\/21\/orszagos-fotopalyazaton-lett-ezustermes-kaszas-norbert\/","og_site_name":"Dorogi-medence Region\u00e1lis H\u00edrport\u00e1l","article_publisher":"https:\/\/www.facebook.com\/dorogimedence\/","article_published_time":"2023-12-21T15:20:08+00:00","og_image":[{"width":1920,"height":970,"url":"https:\/\/dorogimedence.hu\/wp-content\/uploads\/2023\/12\/kaszas-norbert.jpg","type":"image\/jpeg"}],"author":"dorogimedence.hu","twitter_card":"summary_large_image","twitter_misc":{"Szerz\u0151:":"dorogimedence.hu","Becs\u00fclt olvas\u00e1si id\u0151":"1 perc"},"schema":{"@context":"https:\/\/schema.org","@graph":[{"@type":"Article","@id":"https:\/\/dorogimedence.hu\/index.php\/2023\/12\/21\/orszagos-fotopalyazaton-lett-ezustermes-kaszas-norbert\/#article","isPartOf":{"@id":"https:\/\/dorogimedence.hu\/index.php\/2023\/12\/21\/orszagos-fotopalyazaton-lett-ezustermes-kaszas-norbert\/"},"author":{"name":"dorogimedence.hu","@id":"https:\/\/dorogimedence.hu\/#\/schema\/person\/ce6091eeb7e95ecdc87890d6aa8e0fd4"},"headline":"Orsz\u00e1gos fot\u00f3p\u00e1ly\u00e1zaton lett ez\u00fcst\u00e9rmes Kasz\u00e1s Norbert","datePublished":"2023-12-21T15:20:08+00:00","mainEntityOfPage":{"@id":"https:\/\/dorogimedence.hu\/index.php\/2023\/12\/21\/orszagos-fotopalyazaton-lett-ezustermes-kaszas-norbert\/"},"wordCount":197,"publisher":{"@id":"https:\/\/dorogimedence.hu\/#organization"},"image":{"@id":"https:\/\/dorogimedence.hu\/index.php\/2023\/12\/21\/orszagos-fotopalyazaton-lett-ezustermes-kaszas-norbert\/#primaryimage"},"thumbnailUrl":"https:\/\/dorogimedence.hu\/wp-content\/uploads\/2023\/12\/kaszas-norbert.jpg","keywords":["esztergom","fot\u00f3","fot\u00f3p\u00e1ly\u00e1zat","Kasz\u00e1s Norbert"],"articleSection":["Esztergom","H\u00edrek","Sz\u00ednes"],"inLanguage":"hu"},{"@type":"WebPage","@id":"https:\/\/dorogimedence.hu\/index.php\/2023\/12\/21\/orszagos-fotopalyazaton-lett-ezustermes-kaszas-norbert\/","url":"https:\/\/dorogimedence.hu\/index.php\/2023\/12\/21\/orszagos-fotopalyazaton-lett-ezustermes-kaszas-norbert\/","name":"Orsz\u00e1gos fot\u00f3p\u00e1ly\u00e1zaton lett ez\u00fcst\u00e9rmes Kasz\u00e1s Norbert","isPartOf":{"@id":"https:\/\/dorogimedence.hu\/#website"},"primaryImageOfPage":{"@id":"https:\/\/dorogimedence.hu\/index.php\/2023\/12\/21\/orszagos-fotopalyazaton-lett-ezustermes-kaszas-norbert\/#primaryimage"},"image":{"@id":"https:\/\/dorogimedence.hu\/index.php\/2023\/12\/21\/orszagos-fotopalyazaton-lett-ezustermes-kaszas-norbert\/#primaryimage"},"thumbnailUrl":"https:\/\/dorogimedence.hu\/wp-content\/uploads\/2023\/12\/kaszas-norbert.jpg","datePublished":"2023-12-21T15:20:08+00:00","breadcrumb":{"@id":"https:\/\/dorogimedence.hu\/index.php\/2023\/12\/21\/orszagos-fotopalyazaton-lett-ezustermes-kaszas-norbert\/#breadcrumb"},"inLanguage":"hu","potentialAction":[{"@type":"ReadAction","target":["https:\/\/dorogimedence.hu\/index.php\/2023\/12\/21\/orszagos-fotopalyazaton-lett-ezustermes-kaszas-norbert\/"]}]},{"@type":"ImageObject","inLanguage":"hu","@id":"https:\/\/dorogimedence.hu\/index.php\/2023\/12\/21\/orszagos-fotopalyazaton-lett-ezustermes-kaszas-norbert\/#primaryimage","url":"https:\/\/dorogimedence.hu\/wp-content\/uploads\/2023\/12\/kaszas-norbert.jpg","contentUrl":"https:\/\/dorogimedence.hu\/wp-content\/uploads\/2023\/12\/kaszas-norbert.jpg","width":1920,"height":970},{"@type":"BreadcrumbList","@id":"https:\/\/dorogimedence.hu\/index.php\/2023\/12\/21\/orszagos-fotopalyazaton-lett-ezustermes-kaszas-norbert\/#breadcrumb","itemListElement":[{"@type":"ListItem","position":1,"name":"Kezd\u0151lap","item":"https:\/\/dorogimedence.hu\/"},{"@type":"ListItem","position":2,"name":"Orsz\u00e1gos fot\u00f3p\u00e1ly\u00e1zaton lett ez\u00fcst\u00e9rmes Kasz\u00e1s Norbert"}]},{"@type":"WebSite","@id":"https:\/\/dorogimedence.hu\/#website","url":"https:\/\/dorogimedence.hu\/","name":"Dorogi-medence Region\u00e1lis H\u00edrport\u00e1l","description":"Dorog, Keszt\u00f6lc, Le\u00e1nyv\u00e1r, Piliscs\u00e9v, Tokod, Tokodalt\u00e1r\u00f3, Csolnok, Esztergom-kertv\u00e1ros: h\u00edrek, programok","publisher":{"@id":"https:\/\/dorogimedence.hu\/#organization"},"potentialAction":[{"@type":"SearchAction","target":{"@type":"EntryPoint","urlTemplate":"https:\/\/dorogimedence.hu\/?s={search_term_string}"},"query-input":{"@type":"PropertyValueSpecification","valueRequired":true,"valueName":"search_term_string"}}],"inLanguage":"hu"},{"@type":"Organization","@id":"https:\/\/dorogimedence.hu\/#organization","name":"Dorogi-medence Region\u00e1lis H\u00edrport\u00e1l","url":"https:\/\/dorogimedence.hu\/","logo":{"@type":"ImageObject","inLanguage":"hu","@id":"https:\/\/dorogimedence.hu\/#\/schema\/logo\/image\/","url":"https:\/\/dorogimedence.hu\/wp-content\/uploads\/2021\/04\/logo-feher-600.png","contentUrl":"https:\/\/dorogimedence.hu\/wp-content\/uploads\/2021\/04\/logo-feher-600.png","width":600,"height":100,"caption":"Dorogi-medence Region\u00e1lis H\u00edrport\u00e1l"},"image":{"@id":"https:\/\/dorogimedence.hu\/#\/schema\/logo\/image\/"},"sameAs":["https:\/\/www.facebook.com\/dorogimedence\/"]},{"@type":"Person","@id":"https:\/\/dorogimedence.hu\/#\/schema\/person\/ce6091eeb7e95ecdc87890d6aa8e0fd4","name":"dorogimedence.hu","image":{"@type":"ImageObject","inLanguage":"hu","@id":"\/\/www.gravatar.com\/avatar\/d8d45f8901aadff40a4af72c0b826f1d?s=96&#038;r=g&#038;d=mm","url":"\/\/www.gravatar.com\/avatar\/d8d45f8901aadff40a4af72c0b826f1d?s=96&#038;r=g&#038;d=mm","contentUrl":"\/\/www.gravatar.com\/avatar\/d8d45f8901aadff40a4af72c0b826f1d?s=96&#038;r=g&#038;d=mm","caption":"dorogimedence.hu"}}]}},"_links":{"self":[{"href":"https:\/\/dorogimedence.hu\/index.php\/wp-json\/wp\/v2\/posts\/58652","targetHints":{"allow":["GET"]}}],"collection":[{"href":"https:\/\/dorogimedence.hu\/index.php\/wp-json\/wp\/v2\/posts"}],"about":[{"href":"https:\/\/dorogimedence.hu\/index.php\/wp-json\/wp\/v2\/types\/post"}],"author":[{"embeddable":true,"href":"https:\/\/dorogimedence.hu\/index.php\/wp-json\/wp\/v2\/users\/1"}],"replies":[{"embeddable":true,"href":"https:\/\/dorogimedence.hu\/index.php\/wp-json\/wp\/v2\/comments?post=58652"}],"version-history":[{"count":0,"href":"https:\/\/dorogimedence.hu\/index.php\/wp-json\/wp\/v2\/posts\/58652\/revisions"}],"wp:featuredmedia":[{"embeddable":true,"href":"https:\/\/dorogimedence.hu\/index.php\/wp-json\/wp\/v2\/media\/58655"}],"wp:attachment":[{"href":"https:\/\/dorogimedence.hu\/index.php\/wp-json\/wp\/v2\/media?parent=58652"}],"wp:term":[{"taxonomy":"category","embeddable":true,"href":"https:\/\/dorogimedence.hu\/index.php\/wp-json\/wp\/v2\/categories?post=58652"},{"taxonomy":"post_tag","embeddable":true,"href":"https:\/\/dorogimedence.hu\/index.php\/wp-json\/wp\/v2\/tags?post=58652"}],"curies":[{"name":"wp","href":"https:\/\/api.w.org\/{rel}","templated":true}]}}