{"id":58353,"date":"2023-12-07T16:20:44","date_gmt":"2023-12-07T15:20:44","guid":{"rendered":"https:\/\/dorogimedence.hu\/?p=58353"},"modified":"2023-12-07T16:20:44","modified_gmt":"2023-12-07T15:20:44","slug":"a-suzuki-bemutatja-a-vadonatuj-swiftet","status":"publish","type":"post","link":"https:\/\/dorogimedence.hu\/index.php\/2023\/12\/07\/a-suzuki-bemutatja-a-vadonatuj-swiftet\/","title":{"rendered":"A Suzuki bemutatja a vadonat\u00faj Swiftet"},"content":{"rendered":"<p class=\"lead\"><strong>A Suzuki bemutatja a vadonat\u00faj Swiftet. Az ikonikus modell negyedik gener\u00e1ci\u00f3ja kifinomult, intelligens modell\u00e9 fejl\u0151d\u00f6tt, amely letisztult formaterv\u00e9vel, fejlett biztons\u00e1gi funkci\u00f3ival \u00e9s vid\u00e1m j\u00e1t\u00e9koss\u00e1g\u00e1val \u00fajra \u00e9rtelmezi a mindennapi mobilit\u00e1st.<\/strong><\/p>\n<p>A st\u00edlusos ferdeh\u00e1t\u00fat keres\u0151 v\u00e1s\u00e1rl\u00f3k r\u00e9gi kedvence vil\u00e1gszerte. A Swift 2004-es glob\u00e1lis bevezet\u00e9se \u00f3ta sz\u00e1mos d\u00edjat nyert. A teljesen \u00faj modell el\u0151deinek \u00f6r\u00f6ks\u00e9g\u00e9re \u00e9p\u00edt, \u00e9s olyan vezet\u00e9si \u00e9lm\u00e9nyt k\u00edn\u00e1l, amely nemcsak \u00e9lvezetes, hanem a k\u00e9nyelmet, a hat\u00e9konys\u00e1got \u00e9s a biztons\u00e1got is el\u0151t\u00e9rbe helyezi. A Swiftet 169 orsz\u00e1gban \u00e9s r\u00e9gi\u00f3ban \u00e9rt\u00e9kes\u00edtett\u00e9k, \u00e9s 2023 okt\u00f3ber\u00e9ig t\u00f6bb mint 9 milli\u00f3 darabot adtak el bel\u0151le.<\/p>\n<p><strong>Az \u00faj Swift f\u0151bb jellemz\u0151i<\/strong><br \/>\n\u2022 Hat\u00e1rozottan \u00faj k\u00fcls\u0151 \u00e9s bels\u0151 diz\u00e1jn.<br \/>\n\u2022 Fejlett biztons\u00e1gi funkci\u00f3k<br \/>\n\u2022 \u00daj 1,2 literes motor 12V SHVS l\u00e1gy hibrid rendszerrel.<\/p>\n<p><strong>Felt\u0171n\u0151en \u00faj k\u00fcls\u0151 \u00e9s bels\u0151 diz\u00e1jn<\/strong><\/p>\n<p>Mik\u00f6zben az \u00faj Swift megtartotta az el\u0151d\u00f6kre eml\u00e9keztet\u0151 jellegzetes megjelen\u00e9st, a kor\u00e1bbi modellek param\u00e9tereit meghalad\u00f3 szignifik\u00e1ns \u00fajra tervez\u00e9sen esett \u00e1t.<\/p>\n<p><strong>K\u00fcls\u0151 megjelen\u00e9s <\/strong><\/p>\n<p>Az \u00faj Swift magabiztoss\u00e1got \u00e9s kalandv\u00e1gyat sug\u00e1roz zongorafekete h\u0171t\u0151r\u00e1cs\u00e1val \u00e9s a lekerek\u00edtett v\u00e1llvonalakba torkoll\u00f3, L-alak\u00fa, jellegzetes l\u00e1mp\u00e1ival, amelyeket sz\u00e9les\u00edtett s\u00e1rv\u00e9d\u0151k emelnek ki. Oldalr\u00f3l az \u00faj Swift profilj\u00e1t rajzol\u00f3 er\u0151teljes kont\u00farok \u00e9s a tet\u0151 lebeg\u0151 kialak\u00edt\u00e1sa energikus k\u00f6nnyeds\u00e9g \u00e9rzet\u00e9t kelti. A h\u00e1romdimenzi\u00f3s h\u00e1ts\u00f3 kombin\u00e1lt l\u00e1mp\u00e1k \u00e9s a sz\u00e9les h\u00e1ts\u00f3 l\u00f6kh\u00e1r\u00edt\u00f3 stabil, m\u00e9gis j\u00e1t\u00e9kos megjelen\u00e9st k\u00f6lcs\u00f6n\u00f6z az \u00faj Swiftnek.<\/p>\n<p><img fetchpriority=\"high\" decoding=\"async\" class=\"alignnone size-full wp-image-58356\" src=\"https:\/\/dorogimedence.hu\/wp-content\/uploads\/2023\/12\/4.jpg\" alt=\"\" width=\"620\" height=\"305\" srcset=\"https:\/\/dorogimedence.hu\/wp-content\/uploads\/2023\/12\/4.jpg 620w, https:\/\/dorogimedence.hu\/wp-content\/uploads\/2023\/12\/4-600x295.jpg 600w, https:\/\/dorogimedence.hu\/wp-content\/uploads\/2023\/12\/4-150x74.jpg 150w, https:\/\/dorogimedence.hu\/wp-content\/uploads\/2023\/12\/4-450x221.jpg 450w\" sizes=\"(max-width: 620px) 100vw, 620px\" \/><\/p>\n<p><strong>Karossz\u00e9riasz\u00ednek<\/strong><\/p>\n<p>Az \u00faj Swift sz\u00ednv\u00e1laszt\u00e9ka kilenc egysz\u00edn\u0171 \u00e9s n\u00e9gy k\u00e9tt\u00f3nus\u00fa v\u00e1ltozatb\u00f3l \u00e1ll, k\u00f6zt\u00fck az \u00faj Zaf\u00edrk\u00e9k gy\u00f6ngyh\u00e1z \u00e9s Gy\u00f6ngys\u00e1rga met\u00e1l sz\u00ednekb\u0151l. Az \u00faj Zaf\u00edrk\u00e9k gy\u00f6ngyh\u00e1z a L\u00e1ngv\u00f6r\u00f6s gy\u00f6ngymet\u00e1l f\u00e9nyez\u00e9si s\u00e9m\u00e1hoz csatlakozik, mint m\u00e9ly, \u00e9l\u00e9nk, cukorkaszer\u0171 sz\u00edn\u00e1rnyalat, amely a Suzuki min\u0151s\u00e9gi f\u00e9nyez\u00e9s \u00faj korszak\u00e1nak szimb\u00f3luma. Mindk\u00e9t sz\u00ednv\u00e1ltozat h\u00e1romr\u00e9teg\u0171 bevonatb\u00f3l \u00e1ll, ami gazdag text\u00far\u00e1t \u00e9s rendk\u00edv\u00fcl tel\u00edtett \u00e1rnyalatokat eredm\u00e9nyez.<\/p>\n<p><strong>Bels\u0151 diz\u00e1jn <\/strong><\/p>\n<p>Az \u00faj Swift t\u00e1gas \u00e9s ergonomikus funkci\u00f3kkal felszerelt, k\u00e9nyelmes utasteret k\u00edn\u00e1l, a vezet\u00e9si \u00e9lm\u00e9ny fokoz\u00e1sa \u00e9rdek\u00e9ben.<\/p>\n<p>Az \u00faj Swift utaster\u00e9t a mag\u00e1val ragad\u00f3 \u00e9s ergonomikus vezet\u00e9si \u00e9lm\u00e9ny biztos\u00edt\u00e1s\u00e1hoz tervezt\u00e9k \u00fagy, hogy a k\u00f6zponti kijelz\u0151 \u00e9s kezel\u0151szervei finoman a vezet\u0151 fel\u00e9 d\u00f6ntve garant\u00e1lj\u00e1k a k\u00f6nny\u0171 kezelhet\u0151s\u00e9get. Dinamikus \u00e9s sportos megjelen\u00e9st k\u00f6lcs\u00f6n\u00f6z az utast\u00e9rnek, a k\u00e9tt\u00f3nus\u00fa fekete &#8211; vil\u00e1gossz\u00fcrke lekerek\u00edtett m\u0171szerfal \u00e9s els\u0151 ajt\u00f3k szat\u00e9n bevonat\u00fa d\u00edsz\u00edt\u00e9se a s\u00f6t\u00e9tez\u00fcst hangs\u00falyokkal.<\/p>\n<p><img decoding=\"async\" class=\"alignnone size-full wp-image-58357\" src=\"https:\/\/dorogimedence.hu\/wp-content\/uploads\/2023\/12\/5.jpg\" alt=\"\" width=\"1024\" height=\"437\" srcset=\"https:\/\/dorogimedence.hu\/wp-content\/uploads\/2023\/12\/5.jpg 1024w, https:\/\/dorogimedence.hu\/wp-content\/uploads\/2023\/12\/5-600x256.jpg 600w, https:\/\/dorogimedence.hu\/wp-content\/uploads\/2023\/12\/5-768x328.jpg 768w, https:\/\/dorogimedence.hu\/wp-content\/uploads\/2023\/12\/5-150x64.jpg 150w, https:\/\/dorogimedence.hu\/wp-content\/uploads\/2023\/12\/5-450x192.jpg 450w\" sizes=\"(max-width: 1024px) 100vw, 1024px\" \/><\/p>\n<p><strong>9 colos multim\u00e9dia kijelz\u0151 <\/strong><\/p>\n<p>A 9 h\u00fcvelykes HD-kapacit\u00edv \u00e9rint\u0151k\u00e9perny\u0151 gyors \u00e9s pontos v\u00e1laszt ad. Rendelkezik okostelefon-kapcsolattal mind az Apple CarPlay\u00ae , mind az Android Auto\u2122 sz\u00e1m\u00e1ra Wi-Fi-n \u00e9s USB-n kereszt\u00fcl, hangfelismer\u00e9ssel, Bluetooth\u00ae zenelej\u00e1tsz\u00e1ssal. Ezeken k\u00edv\u00fcl a j\u00e1rm\u0171 \u00e1llapot\u00e1r\u00f3l sz\u00f3l\u00f3 inform\u00e1ci\u00f3kat is megjelen\u00edti.<\/p>\n<p><strong>Fejlett biztons\u00e1gi funkci\u00f3k<\/strong><\/p>\n<p>Kombin\u00e1lt \u00e9rz\u00e9kel\u0151s v\u00e9szf\u00e9kasszisztens II (DSBS II)<br \/>\nA millim\u00e9terhull\u00e1m\u00fa radar \u00e9s a monokul\u00e1ris kamera a j\u00e1rm\u0171 el\u0151tt halad\u00f3 j\u00e1rm\u0171vek, ker\u00e9kp\u00e1rok \u00e9s gyalogosok \u00e9szlel\u00e9s\u00e9re szolg\u00e1l, \u00e9s seg\u00edt a front\u00e1lis, \u00e1tl\u00f3s \u00e9s oldalir\u00e1ny\u00fa \u00fctk\u00f6z\u00e9sek m\u00e9rs\u00e9kl\u00e9s\u00e9ben. Ha fenn\u00e1ll az \u00fctk\u00f6z\u00e9s vesz\u00e9lye, hanggal- \u00e9s vizu\u00e1lisan is jelez a vezet\u0151nek. Ha a vezet\u0151 nem f\u00e9kez el\u00e9gg\u00e9 er\u0151teljesen, a f\u00e9kasszisztens automatikusan bekapcsol, hogy seg\u00edtsen lelass\u00edtani a j\u00e1rm\u0171vet. Ha pedig az \u00fctk\u00f6z\u00e9s val\u00f3sz\u00edn\u0171s\u00e9ge megn\u0151, a rendszer automatikusan f\u00e9kez, hogy cs\u00f6kkentse az \u00fctk\u00f6z\u00e9s erej\u00e9t \u00e9s m\u00e9rs\u00e9kelje a k\u00e1rokat.<\/p>\n<p><strong>S\u00e1vtart\u00f3 asszisztens (LKA)<\/strong><\/p>\n<p>Az adapt\u00edv sebess\u00e9gtart\u00f3 automatika aktiv\u00e1l\u00e1sakor az LKA seg\u00edt a vezet\u0151nek megtartani a j\u00e1rm\u0171 helyzet\u00e9t a s\u00e1v k\u00f6zep\u00e9n. Ezenk\u00edv\u00fcl, ha azt \u00e9rz\u00e9keli, hogy egy szomsz\u00e9dos j\u00e1rm\u0171 vagy \u00e9p\u00edtm\u00e9ny &#8211; p\u00e9ld\u00e1ul egy ideiglenes \u00fat\u00e9p\u00edt\u00e9s- vagy m\u00e1s akad\u00e1ly -t\u00fal k\u00f6zel van az aut\u00f3hoz, korm\u00e1nyz\u00e1sseg\u00edts\u00e9get ny\u00fajt a biztons\u00e1gos t\u00e1vols\u00e1g megtart\u00e1s\u00e1hoz.<\/p>\n<p><strong>Vezet\u0151fel\u00fcgyeleti rendszer (DMS)<\/strong><\/p>\n<p>A m\u0171szerfalba \u00e9p\u00edtett kamera figyeli a vezet\u0151 szem\u00e9t \u00e9s arc\u00e1t. Ha a rendszer azt \u00e9szleli, hogy a vezet\u0151 \u00e1lmos, elalszik, vagy elfordul az \u00fatr\u00f3l, figyelmeztet\u0151 hangjelz\u00e9st ad, \u00e9s figyelmeztet\u0151 \u00fczenetet jelen\u00edt meg az inform\u00e1ci\u00f3s kijelz\u0151n.<\/p>\n<p><strong>Egy\u00e9b technol\u00f3giai jellemz\u0151k:<\/strong><br \/>\n&#8211; S\u00e1velhagy\u00e1s figyelmeztet\u00e9s (LDP)<br \/>\n&#8211; Adapt\u00edv tempomat (ACC)<br \/>\n&#8211; Forgalmi jelz\u00e9sek felismer\u00e9se (TSR) Holtt\u00e9rfigyel\u00e9s (BMS)<br \/>\n&#8211; H\u00e1ts\u00f3 keresztir\u00e1ny\u00fa forgalomra figyelmeztet\u0151 rendszer (RTCA)<br \/>\n&#8211; eCall<\/p>\n<p><img decoding=\"async\" class=\"alignnone size-full wp-image-58358\" src=\"https:\/\/dorogimedence.hu\/wp-content\/uploads\/2023\/12\/1.jpg\" alt=\"\" width=\"1104\" height=\"682\" srcset=\"https:\/\/dorogimedence.hu\/wp-content\/uploads\/2023\/12\/1.jpg 1104w, https:\/\/dorogimedence.hu\/wp-content\/uploads\/2023\/12\/1-600x371.jpg 600w, https:\/\/dorogimedence.hu\/wp-content\/uploads\/2023\/12\/1-768x474.jpg 768w, https:\/\/dorogimedence.hu\/wp-content\/uploads\/2023\/12\/1-150x93.jpg 150w, https:\/\/dorogimedence.hu\/wp-content\/uploads\/2023\/12\/1-450x278.jpg 450w\" sizes=\"(max-width: 1104px) 100vw, 1104px\" \/><\/p>\n<p><strong>\u00daj 1,2 literes motor 12V-os SHVS l\u00e1gy hibrid rendszerrel <\/strong><\/p>\n<p>Az \u00faj Swift \u00faj 1,2 literes 3 hengeres benzinmotorja t\u00f6bb fejleszt\u00e9st is mag\u00e1ban hordoz. Ezeknek k\u00f6sz\u00f6nhet\u0151en jobb \u00fczemanyag-fogyaszt\u00e1st \u00e9s cs\u00f6kkentett k\u00e1rosanyag-kibocs\u00e1t\u00e1st \u00e9rhet\u0151 el nagyobb alacsony fordulatsz\u00e1m\u00fa nyomat\u00e9kkal, amely jobb reakci\u00f3k\u00e9szs\u00e9get \u00e9s \u00e1ltal\u00e1nos teljes\u00edtm\u00e9nyt eredm\u00e9nyez.<br \/>\nAz \u00faj Swiftben a motor az SHVS l\u00e1gy hibrid rendszerrel p\u00e1rosul, amely tov\u00e1bb jav\u00edtja a k\u00f6rnyezetv\u00e9delmi teljes\u00edtm\u00e9nyt. Az SHVS l\u00e1gy hibrid rendszer a lass\u00edt\u00e1s sor\u00e1n keletkez\u0151 mozg\u00e1si energi\u00e1t \u00e1talak\u00edtja \u00e9s a l\u00edtium-ion akkumul\u00e1torban t\u00e1rolja. Gyors\u00edt\u00e1skor pedig a nagyobb \u00fczemanyag-hat\u00e9konys\u00e1g \u00e9rdek\u00e9ben t\u00e1mogatja a motort.<\/p>\n<p><strong>ALLGRIP AUTO<\/strong><\/p>\n<p>Az ALLGRIP AUTO egy automatikus \u00f6sszker\u00e9khajt\u00e1si rendszer, amely akkor kapcsol be, amikor az els\u0151 kerekek tapad\u00e1s\u00e1nak cs\u00f6kken\u00e9s\u00e9t \u00e9rz\u00e9keli. Ha az els\u0151 kerekek megcs\u00fasz\u00e1s\u00e1t \u00e9szleli, a visco \u2013 kuplung seg\u00edts\u00e9g\u00e9vel \u00e1tadja a nyomat\u00e9kot a h\u00e1ts\u00f3 kerekekre, \u00edgy tov\u00e1bbi tapad\u00e1st biztos\u00edt a havas utakon vagy m\u00e1s cs\u00fasz\u00f3s fel\u00fcleteken.<\/p>\n<p><strong>SUZUKI CONNECT<\/strong><\/p>\n<p>A SUZUKI CONNECT a j\u00e1rm\u0171 adatkommunik\u00e1ci\u00f3s modulj\u00e1t (DCM) haszn\u00e1lja, hogy val\u00f3s id\u0151ben \u00f6sszekapcsolja a vezet\u0151ket az aut\u00f3val, lehet\u0151v\u00e9 t\u00e9ve a felhaszn\u00e1l\u00f3knak, hogy a SUZUKI CONNECT okostelefon-alkalmaz\u00e1son kereszt\u00fcl k\u00e9nyelmi funkci\u00f3kat haszn\u00e1ljanak. A tov\u00e1bbi k\u00e9nyelem \u00e9rdek\u00e9ben, egyes SUZUKI CONNECT funkci\u00f3k, m\u00e1r az \u00faj Swift utaster\u00e9ben tal\u00e1lhat\u00f3 9 colos kijelz\u0151n is el\u00e9rhet\u0151k.<\/p>\n<p><strong>F\u0151bb funkci\u00f3k: <\/strong><br \/>\n&#8211; \u00c1llapot\u00e9rtes\u00edt\u00e9s<br \/>\n&#8211; Parkol\u00f3 aut\u00f3 keres\u0151<br \/>\n&#8211; Vezet\u00e9si el\u0151zm\u00e9nyek<br \/>\n&#8211; Geofencing \u00e9s kij\u00e1r\u00e1si tilalom figyelmeztet\u00e9s<br \/>\n&#8211; Biztons\u00e1gi \u00e9rtes\u00edt\u00e9s<br \/>\n&#8211; Figyelmeztet\u0151 f\u00e9nyjelz\u00e9s<br \/>\n&#8211; Id\u0151szakos karbantart\u00e1s\/visszah\u00edv\u00e1s \u00e9rtes\u00edt\u00e9se<\/p>\n<p><a href=\"https:\/\/www.suzuki.hu\/corporate\/hu\/hirek\/a-suzuki-bemutatja-a-vadonatuj-swiftet\" target=\"_blank\" rel=\"noopener\"><span style=\"text-decoration: underline; color: #0000ff;\">Tov\u00e1bbi k\u00e9pek&gt;&gt;<\/span><\/a><\/p>\n<p><em>Fot\u00f3k, forr\u00e1s: Magyar Suzuki Zrt.<\/em><\/p>\n","protected":false},"excerpt":{"rendered":"<p>A Suzuki bemutatja a vadonat\u00faj Swiftet. Az ikonikus modell negyedik gener\u00e1ci\u00f3ja kifinomult, intelligens modell\u00e9 fejl\u0151d\u00f6tt, amely letisztult formaterv\u00e9vel, fejlett biztons\u00e1gi funkci\u00f3ival \u00e9s vid\u00e1m j\u00e1t\u00e9koss\u00e1g\u00e1val \u00fajra \u00e9rtelmezi a mindennapi mobilit\u00e1st. A st\u00edlusos ferdeh\u00e1t\u00fat keres\u0151 v\u00e1s\u00e1rl\u00f3k r\u00e9gi kedvence vil\u00e1gszerte. A Swift 2004-es glob\u00e1lis bevezet\u00e9se \u00f3ta sz\u00e1mos d\u00edjat nyert. A teljesen \u00faj modell el\u0151deinek \u00f6r\u00f6ks\u00e9g\u00e9re \u00e9p\u00edt, \u00e9s olyan<\/p>\n","protected":false},"author":1,"featured_media":58355,"comment_status":"closed","ping_status":"closed","sticky":false,"template":"","format":"standard","meta":{"ngg_post_thumbnail":0,"footnotes":""},"categories":[6934,3],"tags":[4792,261,7598],"class_list":{"0":"post-58353","1":"post","2":"type-post","3":"status-publish","4":"format-standard","5":"has-post-thumbnail","7":"category-belfold","8":"category-hirek","9":"tag-magyar-suzuki","10":"tag-suzuki","11":"tag-suzuki-swift"},"yoast_head":"<!-- This site is optimized with the Yoast SEO plugin v27.4 - https:\/\/yoast.com\/product\/yoast-seo-wordpress\/ -->\n<title>A Suzuki bemutatja a vadonat\u00faj Swiftet<\/title>\n<meta name=\"robots\" content=\"index, follow, max-snippet:-1, max-image-preview:large, max-video-preview:-1\" \/>\n<link rel=\"canonical\" href=\"https:\/\/dorogimedence.hu\/index.php\/2023\/12\/07\/a-suzuki-bemutatja-a-vadonatuj-swiftet\/\" class=\"yoast-seo-meta-tag\" \/>\n<meta property=\"og:locale\" content=\"hu_HU\" class=\"yoast-seo-meta-tag\" \/>\n<meta property=\"og:type\" content=\"article\" class=\"yoast-seo-meta-tag\" \/>\n<meta property=\"og:title\" content=\"A Suzuki bemutatja a vadonat\u00faj Swiftet\" class=\"yoast-seo-meta-tag\" \/>\n<meta property=\"og:description\" content=\"A Suzuki bemutatja a vadonat\u00faj Swiftet. Az ikonikus modell negyedik gener\u00e1ci\u00f3ja kifinomult, intelligens modell\u00e9 fejl\u0151d\u00f6tt, amely letisztult formaterv\u00e9vel, fejlett biztons\u00e1gi funkci\u00f3ival \u00e9s vid\u00e1m j\u00e1t\u00e9koss\u00e1g\u00e1val \u00fajra \u00e9rtelmezi a mindennapi mobilit\u00e1st. A st\u00edlusos ferdeh\u00e1t\u00fat keres\u0151 v\u00e1s\u00e1rl\u00f3k r\u00e9gi kedvence vil\u00e1gszerte. A Swift 2004-es glob\u00e1lis bevezet\u00e9se \u00f3ta sz\u00e1mos d\u00edjat nyert. A teljesen \u00faj modell el\u0151deinek \u00f6r\u00f6ks\u00e9g\u00e9re \u00e9p\u00edt, \u00e9s olyan\" class=\"yoast-seo-meta-tag\" \/>\n<meta property=\"og:url\" content=\"https:\/\/dorogimedence.hu\/index.php\/2023\/12\/07\/a-suzuki-bemutatja-a-vadonatuj-swiftet\/\" class=\"yoast-seo-meta-tag\" \/>\n<meta property=\"og:site_name\" content=\"Dorogi-medence Region\u00e1lis H\u00edrport\u00e1l\" class=\"yoast-seo-meta-tag\" \/>\n<meta property=\"article:publisher\" content=\"https:\/\/www.facebook.com\/dorogimedence\/\" class=\"yoast-seo-meta-tag\" \/>\n<meta property=\"article:published_time\" content=\"2023-12-07T15:20:44+00:00\" class=\"yoast-seo-meta-tag\" \/>\n<meta property=\"og:image\" content=\"https:\/\/dorogimedence.hu\/wp-content\/uploads\/2023\/12\/uj-swift.jpg\" class=\"yoast-seo-meta-tag\" \/>\n\t<meta property=\"og:image:width\" content=\"1920\" class=\"yoast-seo-meta-tag\" \/>\n\t<meta property=\"og:image:height\" content=\"1257\" class=\"yoast-seo-meta-tag\" \/>\n\t<meta property=\"og:image:type\" content=\"image\/jpeg\" class=\"yoast-seo-meta-tag\" \/>\n<meta name=\"author\" content=\"dorogimedence.hu\" class=\"yoast-seo-meta-tag\" \/>\n<meta name=\"twitter:card\" content=\"summary_large_image\" class=\"yoast-seo-meta-tag\" \/>\n<meta name=\"twitter:label1\" content=\"Szerz\u0151:\" class=\"yoast-seo-meta-tag\" \/>\n\t<meta name=\"twitter:data1\" content=\"dorogimedence.hu\" class=\"yoast-seo-meta-tag\" \/>\n\t<meta name=\"twitter:label2\" content=\"Becs\u00fclt olvas\u00e1si id\u0151\" class=\"yoast-seo-meta-tag\" \/>\n\t<meta name=\"twitter:data2\" content=\"6 perc\" class=\"yoast-seo-meta-tag\" \/>\n<script type=\"application\/ld+json\" class=\"yoast-schema-graph\">{\"@context\":\"https:\\\/\\\/schema.org\",\"@graph\":[{\"@type\":\"Article\",\"@id\":\"https:\\\/\\\/dorogimedence.hu\\\/index.php\\\/2023\\\/12\\\/07\\\/a-suzuki-bemutatja-a-vadonatuj-swiftet\\\/#article\",\"isPartOf\":{\"@id\":\"https:\\\/\\\/dorogimedence.hu\\\/index.php\\\/2023\\\/12\\\/07\\\/a-suzuki-bemutatja-a-vadonatuj-swiftet\\\/\"},\"author\":{\"name\":\"dorogimedence.hu\",\"@id\":\"https:\\\/\\\/dorogimedence.hu\\\/#\\\/schema\\\/person\\\/ce6091eeb7e95ecdc87890d6aa8e0fd4\"},\"headline\":\"A Suzuki bemutatja a vadonat\u00faj Swiftet\",\"datePublished\":\"2023-12-07T15:20:44+00:00\",\"mainEntityOfPage\":{\"@id\":\"https:\\\/\\\/dorogimedence.hu\\\/index.php\\\/2023\\\/12\\\/07\\\/a-suzuki-bemutatja-a-vadonatuj-swiftet\\\/\"},\"wordCount\":1264,\"publisher\":{\"@id\":\"https:\\\/\\\/dorogimedence.hu\\\/#organization\"},\"image\":{\"@id\":\"https:\\\/\\\/dorogimedence.hu\\\/index.php\\\/2023\\\/12\\\/07\\\/a-suzuki-bemutatja-a-vadonatuj-swiftet\\\/#primaryimage\"},\"thumbnailUrl\":\"https:\\\/\\\/dorogimedence.hu\\\/wp-content\\\/uploads\\\/2023\\\/12\\\/uj-swift.jpg\",\"keywords\":[\"Magyar Suzuki\",\"Suzuki\",\"Suzuki Swift\"],\"articleSection\":[\"Belf\u00f6ld, Gazdas\u00e1g\",\"H\u00edrek\"],\"inLanguage\":\"hu\"},{\"@type\":\"WebPage\",\"@id\":\"https:\\\/\\\/dorogimedence.hu\\\/index.php\\\/2023\\\/12\\\/07\\\/a-suzuki-bemutatja-a-vadonatuj-swiftet\\\/\",\"url\":\"https:\\\/\\\/dorogimedence.hu\\\/index.php\\\/2023\\\/12\\\/07\\\/a-suzuki-bemutatja-a-vadonatuj-swiftet\\\/\",\"name\":\"A Suzuki bemutatja a vadonat\u00faj Swiftet\",\"isPartOf\":{\"@id\":\"https:\\\/\\\/dorogimedence.hu\\\/#website\"},\"primaryImageOfPage\":{\"@id\":\"https:\\\/\\\/dorogimedence.hu\\\/index.php\\\/2023\\\/12\\\/07\\\/a-suzuki-bemutatja-a-vadonatuj-swiftet\\\/#primaryimage\"},\"image\":{\"@id\":\"https:\\\/\\\/dorogimedence.hu\\\/index.php\\\/2023\\\/12\\\/07\\\/a-suzuki-bemutatja-a-vadonatuj-swiftet\\\/#primaryimage\"},\"thumbnailUrl\":\"https:\\\/\\\/dorogimedence.hu\\\/wp-content\\\/uploads\\\/2023\\\/12\\\/uj-swift.jpg\",\"datePublished\":\"2023-12-07T15:20:44+00:00\",\"breadcrumb\":{\"@id\":\"https:\\\/\\\/dorogimedence.hu\\\/index.php\\\/2023\\\/12\\\/07\\\/a-suzuki-bemutatja-a-vadonatuj-swiftet\\\/#breadcrumb\"},\"inLanguage\":\"hu\",\"potentialAction\":[{\"@type\":\"ReadAction\",\"target\":[\"https:\\\/\\\/dorogimedence.hu\\\/index.php\\\/2023\\\/12\\\/07\\\/a-suzuki-bemutatja-a-vadonatuj-swiftet\\\/\"]}]},{\"@type\":\"ImageObject\",\"inLanguage\":\"hu\",\"@id\":\"https:\\\/\\\/dorogimedence.hu\\\/index.php\\\/2023\\\/12\\\/07\\\/a-suzuki-bemutatja-a-vadonatuj-swiftet\\\/#primaryimage\",\"url\":\"https:\\\/\\\/dorogimedence.hu\\\/wp-content\\\/uploads\\\/2023\\\/12\\\/uj-swift.jpg\",\"contentUrl\":\"https:\\\/\\\/dorogimedence.hu\\\/wp-content\\\/uploads\\\/2023\\\/12\\\/uj-swift.jpg\",\"width\":1920,\"height\":1257},{\"@type\":\"BreadcrumbList\",\"@id\":\"https:\\\/\\\/dorogimedence.hu\\\/index.php\\\/2023\\\/12\\\/07\\\/a-suzuki-bemutatja-a-vadonatuj-swiftet\\\/#breadcrumb\",\"itemListElement\":[{\"@type\":\"ListItem\",\"position\":1,\"name\":\"Kezd\u0151lap\",\"item\":\"https:\\\/\\\/dorogimedence.hu\\\/\"},{\"@type\":\"ListItem\",\"position\":2,\"name\":\"A Suzuki bemutatja a vadonat\u00faj Swiftet\"}]},{\"@type\":\"WebSite\",\"@id\":\"https:\\\/\\\/dorogimedence.hu\\\/#website\",\"url\":\"https:\\\/\\\/dorogimedence.hu\\\/\",\"name\":\"Dorogi-medence Region\u00e1lis H\u00edrport\u00e1l\",\"description\":\"Dorog, Keszt\u00f6lc, Le\u00e1nyv\u00e1r, Piliscs\u00e9v, Tokod, Tokodalt\u00e1r\u00f3, Csolnok, Esztergom-kertv\u00e1ros: h\u00edrek, programok\",\"publisher\":{\"@id\":\"https:\\\/\\\/dorogimedence.hu\\\/#organization\"},\"potentialAction\":[{\"@type\":\"SearchAction\",\"target\":{\"@type\":\"EntryPoint\",\"urlTemplate\":\"https:\\\/\\\/dorogimedence.hu\\\/?s={search_term_string}\"},\"query-input\":{\"@type\":\"PropertyValueSpecification\",\"valueRequired\":true,\"valueName\":\"search_term_string\"}}],\"inLanguage\":\"hu\"},{\"@type\":\"Organization\",\"@id\":\"https:\\\/\\\/dorogimedence.hu\\\/#organization\",\"name\":\"Dorogi-medence Region\u00e1lis H\u00edrport\u00e1l\",\"url\":\"https:\\\/\\\/dorogimedence.hu\\\/\",\"logo\":{\"@type\":\"ImageObject\",\"inLanguage\":\"hu\",\"@id\":\"https:\\\/\\\/dorogimedence.hu\\\/#\\\/schema\\\/logo\\\/image\\\/\",\"url\":\"https:\\\/\\\/dorogimedence.hu\\\/wp-content\\\/uploads\\\/2021\\\/04\\\/logo-feher-600.png\",\"contentUrl\":\"https:\\\/\\\/dorogimedence.hu\\\/wp-content\\\/uploads\\\/2021\\\/04\\\/logo-feher-600.png\",\"width\":600,\"height\":100,\"caption\":\"Dorogi-medence Region\u00e1lis H\u00edrport\u00e1l\"},\"image\":{\"@id\":\"https:\\\/\\\/dorogimedence.hu\\\/#\\\/schema\\\/logo\\\/image\\\/\"},\"sameAs\":[\"https:\\\/\\\/www.facebook.com\\\/dorogimedence\\\/\"]},{\"@type\":\"Person\",\"@id\":\"https:\\\/\\\/dorogimedence.hu\\\/#\\\/schema\\\/person\\\/ce6091eeb7e95ecdc87890d6aa8e0fd4\",\"name\":\"dorogimedence.hu\",\"image\":{\"@type\":\"ImageObject\",\"inLanguage\":\"hu\",\"@id\":\"\\\/\\\/www.gravatar.com\\\/avatar\\\/d8d45f8901aadff40a4af72c0b826f1d?s=96&#038;r=g&#038;d=mm\",\"url\":\"\\\/\\\/www.gravatar.com\\\/avatar\\\/d8d45f8901aadff40a4af72c0b826f1d?s=96&#038;r=g&#038;d=mm\",\"contentUrl\":\"\\\/\\\/www.gravatar.com\\\/avatar\\\/d8d45f8901aadff40a4af72c0b826f1d?s=96&#038;r=g&#038;d=mm\",\"caption\":\"dorogimedence.hu\"}}]}<\/script>\n<!-- \/ Yoast SEO plugin. -->","yoast_head_json":{"title":"A Suzuki bemutatja a vadonat\u00faj Swiftet","robots":{"index":"index","follow":"follow","max-snippet":"max-snippet:-1","max-image-preview":"max-image-preview:large","max-video-preview":"max-video-preview:-1"},"canonical":"https:\/\/dorogimedence.hu\/index.php\/2023\/12\/07\/a-suzuki-bemutatja-a-vadonatuj-swiftet\/","og_locale":"hu_HU","og_type":"article","og_title":"A Suzuki bemutatja a vadonat\u00faj Swiftet","og_description":"A Suzuki bemutatja a vadonat\u00faj Swiftet. Az ikonikus modell negyedik gener\u00e1ci\u00f3ja kifinomult, intelligens modell\u00e9 fejl\u0151d\u00f6tt, amely letisztult formaterv\u00e9vel, fejlett biztons\u00e1gi funkci\u00f3ival \u00e9s vid\u00e1m j\u00e1t\u00e9koss\u00e1g\u00e1val \u00fajra \u00e9rtelmezi a mindennapi mobilit\u00e1st. A st\u00edlusos ferdeh\u00e1t\u00fat keres\u0151 v\u00e1s\u00e1rl\u00f3k r\u00e9gi kedvence vil\u00e1gszerte. A Swift 2004-es glob\u00e1lis bevezet\u00e9se \u00f3ta sz\u00e1mos d\u00edjat nyert. A teljesen \u00faj modell el\u0151deinek \u00f6r\u00f6ks\u00e9g\u00e9re \u00e9p\u00edt, \u00e9s olyan","og_url":"https:\/\/dorogimedence.hu\/index.php\/2023\/12\/07\/a-suzuki-bemutatja-a-vadonatuj-swiftet\/","og_site_name":"Dorogi-medence Region\u00e1lis H\u00edrport\u00e1l","article_publisher":"https:\/\/www.facebook.com\/dorogimedence\/","article_published_time":"2023-12-07T15:20:44+00:00","og_image":[{"width":1920,"height":1257,"url":"https:\/\/dorogimedence.hu\/wp-content\/uploads\/2023\/12\/uj-swift.jpg","type":"image\/jpeg"}],"author":"dorogimedence.hu","twitter_card":"summary_large_image","twitter_misc":{"Szerz\u0151:":"dorogimedence.hu","Becs\u00fclt olvas\u00e1si id\u0151":"6 perc"},"schema":{"@context":"https:\/\/schema.org","@graph":[{"@type":"Article","@id":"https:\/\/dorogimedence.hu\/index.php\/2023\/12\/07\/a-suzuki-bemutatja-a-vadonatuj-swiftet\/#article","isPartOf":{"@id":"https:\/\/dorogimedence.hu\/index.php\/2023\/12\/07\/a-suzuki-bemutatja-a-vadonatuj-swiftet\/"},"author":{"name":"dorogimedence.hu","@id":"https:\/\/dorogimedence.hu\/#\/schema\/person\/ce6091eeb7e95ecdc87890d6aa8e0fd4"},"headline":"A Suzuki bemutatja a vadonat\u00faj Swiftet","datePublished":"2023-12-07T15:20:44+00:00","mainEntityOfPage":{"@id":"https:\/\/dorogimedence.hu\/index.php\/2023\/12\/07\/a-suzuki-bemutatja-a-vadonatuj-swiftet\/"},"wordCount":1264,"publisher":{"@id":"https:\/\/dorogimedence.hu\/#organization"},"image":{"@id":"https:\/\/dorogimedence.hu\/index.php\/2023\/12\/07\/a-suzuki-bemutatja-a-vadonatuj-swiftet\/#primaryimage"},"thumbnailUrl":"https:\/\/dorogimedence.hu\/wp-content\/uploads\/2023\/12\/uj-swift.jpg","keywords":["Magyar Suzuki","Suzuki","Suzuki Swift"],"articleSection":["Belf\u00f6ld, Gazdas\u00e1g","H\u00edrek"],"inLanguage":"hu"},{"@type":"WebPage","@id":"https:\/\/dorogimedence.hu\/index.php\/2023\/12\/07\/a-suzuki-bemutatja-a-vadonatuj-swiftet\/","url":"https:\/\/dorogimedence.hu\/index.php\/2023\/12\/07\/a-suzuki-bemutatja-a-vadonatuj-swiftet\/","name":"A Suzuki bemutatja a vadonat\u00faj Swiftet","isPartOf":{"@id":"https:\/\/dorogimedence.hu\/#website"},"primaryImageOfPage":{"@id":"https:\/\/dorogimedence.hu\/index.php\/2023\/12\/07\/a-suzuki-bemutatja-a-vadonatuj-swiftet\/#primaryimage"},"image":{"@id":"https:\/\/dorogimedence.hu\/index.php\/2023\/12\/07\/a-suzuki-bemutatja-a-vadonatuj-swiftet\/#primaryimage"},"thumbnailUrl":"https:\/\/dorogimedence.hu\/wp-content\/uploads\/2023\/12\/uj-swift.jpg","datePublished":"2023-12-07T15:20:44+00:00","breadcrumb":{"@id":"https:\/\/dorogimedence.hu\/index.php\/2023\/12\/07\/a-suzuki-bemutatja-a-vadonatuj-swiftet\/#breadcrumb"},"inLanguage":"hu","potentialAction":[{"@type":"ReadAction","target":["https:\/\/dorogimedence.hu\/index.php\/2023\/12\/07\/a-suzuki-bemutatja-a-vadonatuj-swiftet\/"]}]},{"@type":"ImageObject","inLanguage":"hu","@id":"https:\/\/dorogimedence.hu\/index.php\/2023\/12\/07\/a-suzuki-bemutatja-a-vadonatuj-swiftet\/#primaryimage","url":"https:\/\/dorogimedence.hu\/wp-content\/uploads\/2023\/12\/uj-swift.jpg","contentUrl":"https:\/\/dorogimedence.hu\/wp-content\/uploads\/2023\/12\/uj-swift.jpg","width":1920,"height":1257},{"@type":"BreadcrumbList","@id":"https:\/\/dorogimedence.hu\/index.php\/2023\/12\/07\/a-suzuki-bemutatja-a-vadonatuj-swiftet\/#breadcrumb","itemListElement":[{"@type":"ListItem","position":1,"name":"Kezd\u0151lap","item":"https:\/\/dorogimedence.hu\/"},{"@type":"ListItem","position":2,"name":"A Suzuki bemutatja a vadonat\u00faj Swiftet"}]},{"@type":"WebSite","@id":"https:\/\/dorogimedence.hu\/#website","url":"https:\/\/dorogimedence.hu\/","name":"Dorogi-medence Region\u00e1lis H\u00edrport\u00e1l","description":"Dorog, Keszt\u00f6lc, Le\u00e1nyv\u00e1r, Piliscs\u00e9v, Tokod, Tokodalt\u00e1r\u00f3, Csolnok, Esztergom-kertv\u00e1ros: h\u00edrek, programok","publisher":{"@id":"https:\/\/dorogimedence.hu\/#organization"},"potentialAction":[{"@type":"SearchAction","target":{"@type":"EntryPoint","urlTemplate":"https:\/\/dorogimedence.hu\/?s={search_term_string}"},"query-input":{"@type":"PropertyValueSpecification","valueRequired":true,"valueName":"search_term_string"}}],"inLanguage":"hu"},{"@type":"Organization","@id":"https:\/\/dorogimedence.hu\/#organization","name":"Dorogi-medence Region\u00e1lis H\u00edrport\u00e1l","url":"https:\/\/dorogimedence.hu\/","logo":{"@type":"ImageObject","inLanguage":"hu","@id":"https:\/\/dorogimedence.hu\/#\/schema\/logo\/image\/","url":"https:\/\/dorogimedence.hu\/wp-content\/uploads\/2021\/04\/logo-feher-600.png","contentUrl":"https:\/\/dorogimedence.hu\/wp-content\/uploads\/2021\/04\/logo-feher-600.png","width":600,"height":100,"caption":"Dorogi-medence Region\u00e1lis H\u00edrport\u00e1l"},"image":{"@id":"https:\/\/dorogimedence.hu\/#\/schema\/logo\/image\/"},"sameAs":["https:\/\/www.facebook.com\/dorogimedence\/"]},{"@type":"Person","@id":"https:\/\/dorogimedence.hu\/#\/schema\/person\/ce6091eeb7e95ecdc87890d6aa8e0fd4","name":"dorogimedence.hu","image":{"@type":"ImageObject","inLanguage":"hu","@id":"\/\/www.gravatar.com\/avatar\/d8d45f8901aadff40a4af72c0b826f1d?s=96&#038;r=g&#038;d=mm","url":"\/\/www.gravatar.com\/avatar\/d8d45f8901aadff40a4af72c0b826f1d?s=96&#038;r=g&#038;d=mm","contentUrl":"\/\/www.gravatar.com\/avatar\/d8d45f8901aadff40a4af72c0b826f1d?s=96&#038;r=g&#038;d=mm","caption":"dorogimedence.hu"}}]}},"_links":{"self":[{"href":"https:\/\/dorogimedence.hu\/index.php\/wp-json\/wp\/v2\/posts\/58353","targetHints":{"allow":["GET"]}}],"collection":[{"href":"https:\/\/dorogimedence.hu\/index.php\/wp-json\/wp\/v2\/posts"}],"about":[{"href":"https:\/\/dorogimedence.hu\/index.php\/wp-json\/wp\/v2\/types\/post"}],"author":[{"embeddable":true,"href":"https:\/\/dorogimedence.hu\/index.php\/wp-json\/wp\/v2\/users\/1"}],"replies":[{"embeddable":true,"href":"https:\/\/dorogimedence.hu\/index.php\/wp-json\/wp\/v2\/comments?post=58353"}],"version-history":[{"count":0,"href":"https:\/\/dorogimedence.hu\/index.php\/wp-json\/wp\/v2\/posts\/58353\/revisions"}],"wp:featuredmedia":[{"embeddable":true,"href":"https:\/\/dorogimedence.hu\/index.php\/wp-json\/wp\/v2\/media\/58355"}],"wp:attachment":[{"href":"https:\/\/dorogimedence.hu\/index.php\/wp-json\/wp\/v2\/media?parent=58353"}],"wp:term":[{"taxonomy":"category","embeddable":true,"href":"https:\/\/dorogimedence.hu\/index.php\/wp-json\/wp\/v2\/categories?post=58353"},{"taxonomy":"post_tag","embeddable":true,"href":"https:\/\/dorogimedence.hu\/index.php\/wp-json\/wp\/v2\/tags?post=58353"}],"curies":[{"name":"wp","href":"https:\/\/api.w.org\/{rel}","templated":true}]}}