{"id":58351,"date":"2023-12-07T15:34:11","date_gmt":"2023-12-07T14:34:11","guid":{"rendered":"https:\/\/dorogimedence.hu\/?p=58351"},"modified":"2023-12-07T15:34:11","modified_gmt":"2023-12-07T14:34:11","slug":"eveken-keresztul-bantalmazta-elettarsat-2","status":"publish","type":"post","link":"https:\/\/dorogimedence.hu\/index.php\/2023\/12\/07\/eveken-keresztul-bantalmazta-elettarsat-2\/","title":{"rendered":"\u00c9veken kereszt\u00fcl b\u00e1ntalmazta \u00e9lett\u00e1rs\u00e1t"},"content":{"rendered":"<p><strong>Nem joger\u0151sen felf\u00fcggesztett b\u00f6rt\u00f6nb\u00fcntet\u00e9sre \u00edt\u00e9lt\u00e9k azt a b\u00fcntetett el\u0151\u00e9let\u0171 f\u00e9rfit, aki \u00e9veken kereszt\u00fcl \u00fct\u00f6tte-verte \u00e9lett\u00e1rs\u00e1t tokodi lak\u00f3hely\u00fck\u00f6n.<\/strong><\/p>\n<p>A meg\u00e1llap\u00edtott t\u00e9ny\u00e1ll\u00e1s szerint a f\u00e9rfi 2019. j\u00fanius 2-\u00e1n az \u00e9lett\u00e1rs\u00e1t t\u00f6bbsz\u00f6r fejen \u00fct\u00f6tte, ezzel neki nyolc napon bel\u00fcl gy\u00f3gyul\u00f3 s\u00e9r\u00fcl\u00e9st okozott, a b\u00e1ntalmaz\u00e1s alkalmas volt enn\u00e9l s\u00falyosabb s\u00e9r\u00fcl\u00e9s okoz\u00e1s\u00e1ra is.<\/p>\n<p>A v\u00e1dlott 2021-ben a tokodi lak\u00f3hely\u00fck\u00f6n a n\u0151t t\u00f6bbsz\u00f6r megpofozta, \u00f6k\u00f6llel meg\u00fct\u00f6tte, emiatt felrepedt a sz\u00e1ja. 2021 \u00e9v v\u00e9g\u00e9t\u0151l 2022 tavasz\u00e1ig szinte minden h\u00e9tv\u00e9g\u00e9n ittas \u00e1llapotban ord\u00edtozott a s\u00e9rtettel, szidalmazta, \u00f6sszet\u00f6rte a berendez\u00e9st.<\/p>\n<p>A f\u00e9rfi 2022. \u00e1prilis 10-\u00e9n poharat, \u00fcveget t\u00f6rt \u00f6ssze, majd a s\u00e9rtettet orron, szemen, sz\u00e1jon \u00fct\u00f6tte, \u00e9s megfogta a nyak\u00e1t, ann\u00e1l fogva r\u00e1ngatta, mik\u00f6zben azt mondta, hogy \u201emegfojtja \u00e9s beleteszi az em\u00e9szt\u0151be\u201d. A s\u00e9rtettnek nyolc napon bel\u00fcl gy\u00f3gyul\u00f3 s\u00e9r\u00fcl\u00e9sei keletkeztek, a b\u00e1ntalmaz\u00e1s alkalmas volt enn\u00e9l s\u00falyosabb s\u00e9r\u00fcl\u00e9s okoz\u00e1s\u00e1ra.<\/p>\n<p>A n\u0151 a l\u00e1ny\u00e1t\u00f3l k\u00e9rt seg\u00edts\u00e9get, akit ezut\u00e1n telefonon azzal fenyegetett meg a f\u00e9rfi, hogy ha odamegy hozz\u00e1juk, akkor meg\u00f6li.<\/p>\n<p>A v\u00e1dlott b\u00fcntetett el\u0151\u00e9let\u0171, \u0151t 2015-ben a b\u00edr\u00f3s\u00e1g ugyancsak az \u00e9lett\u00e1rsa s\u00e9relm\u00e9re elk\u00f6vetett s\u00falyos testi s\u00e9rt\u00e9s b\u0171ntette miatt 1 \u00e9v, v\u00e9grehajt\u00e1s\u00e1ban 3 \u00e9vre felf\u00fcggesztett b\u00f6rt\u00f6nb\u00fcntet\u00e9sre \u00edt\u00e9lte.<\/p>\n<p>Az Esztergomi J\u00e1r\u00e1si \u00dcgy\u00e9szs\u00e9g \u00e1ltal beny\u00fajtott v\u00e1dirat alapj\u00e1n az Esztergomi J\u00e1r\u00e1sb\u00edr\u00f3s\u00e1g a 2023. december 7. napj\u00e1n tartott nyilv\u00e1nos, folytat\u00f3lagos t\u00e1rgyal\u00e1son, kapcsolati er\u0151szak b\u0171ntette, s\u00falyos testi s\u00e9rt\u00e9s b\u0171ntett\u00e9nek k\u00eds\u00e9rlete \u00e9s zaklat\u00e1s v\u00e9ts\u00e9ge miatt indult \u00fcgyben hozott \u00edt\u00e9letet. A b\u00edr\u00f3s\u00e1g a v\u00e1dlottat halmazati b\u00fcntet\u00e9s\u00fcl 2 \u00e9v, v\u00e9grehajt\u00e1s\u00e1ban 5 \u00e9v pr\u00f3baid\u0151re felf\u00fcggesztett b\u00f6rt\u00f6nb\u00fcntet\u00e9sre \u00edt\u00e9lte. Az \u00edt\u00e9lettel szemben az \u00fcgy\u00e9sz a v\u00e1dlott terh\u00e9re, v\u00e9grehajtand\u00f3 szabads\u00e1gveszt\u00e9s \u00e9rdek\u00e9ben jelentett be fellebbez\u00e9st. A v\u00e1dlott az \u00edt\u00e9let kihirdet\u00e9s\u00e9n nem volt jelen, a v\u00e9d\u0151 az \u00edt\u00e9letet tudom\u00e1sul vette.<\/p>\n<p><em>Forr\u00e1s: Kom\u00e1rom-Esztergom V\u00e1rmegyei F\u0151\u00fcgy\u00e9szs\u00e9g \/ Tatab\u00e1nyai T\u00f6rv\u00e9nysz\u00e9k<\/em><\/p>\n","protected":false},"excerpt":{"rendered":"<p>Nem joger\u0151sen felf\u00fcggesztett b\u00f6rt\u00f6nb\u00fcntet\u00e9sre \u00edt\u00e9lt\u00e9k azt a b\u00fcntetett el\u0151\u00e9let\u0171 f\u00e9rfit, aki \u00e9veken kereszt\u00fcl \u00fct\u00f6tte-verte \u00e9lett\u00e1rs\u00e1t tokodi lak\u00f3hely\u00fck\u00f6n. A meg\u00e1llap\u00edtott t\u00e9ny\u00e1ll\u00e1s szerint a f\u00e9rfi 2019. j\u00fanius 2-\u00e1n az \u00e9lett\u00e1rs\u00e1t t\u00f6bbsz\u00f6r fejen \u00fct\u00f6tte, ezzel neki nyolc napon bel\u00fcl gy\u00f3gyul\u00f3 s\u00e9r\u00fcl\u00e9st okozott, a b\u00e1ntalmaz\u00e1s alkalmas volt enn\u00e9l s\u00falyosabb s\u00e9r\u00fcl\u00e9s okoz\u00e1s\u00e1ra is. A v\u00e1dlott 2021-ben a tokodi lak\u00f3hely\u00fck\u00f6n a<\/p>\n","protected":false},"author":1,"featured_media":10184,"comment_status":"closed","ping_status":"closed","sticky":false,"template":"","format":"standard","meta":{"ngg_post_thumbnail":0,"footnotes":""},"categories":[3,39,6],"tags":[712,1042,63,61,12,326],"class_list":{"0":"post-58351","1":"post","2":"type-post","3":"status-publish","4":"format-standard","5":"has-post-thumbnail","7":"category-hirek","8":"category-kek-hirek","9":"category-tokod","10":"tag-bantalmazas","11":"tag-birosag","12":"tag-buncselekmeny","13":"tag-rendorsegi-hirek","14":"tag-tokod","15":"tag-ugyeszseg"},"yoast_head":"<!-- This site is optimized with the Yoast SEO plugin v27.4 - https:\/\/yoast.com\/product\/yoast-seo-wordpress\/ -->\n<title>\u00c9veken kereszt\u00fcl b\u00e1ntalmazta \u00e9lett\u00e1rs\u00e1t<\/title>\n<meta name=\"robots\" content=\"index, follow, max-snippet:-1, max-image-preview:large, max-video-preview:-1\" \/>\n<link rel=\"canonical\" href=\"https:\/\/dorogimedence.hu\/index.php\/2023\/12\/07\/eveken-keresztul-bantalmazta-elettarsat-2\/\" class=\"yoast-seo-meta-tag\" \/>\n<meta property=\"og:locale\" content=\"hu_HU\" class=\"yoast-seo-meta-tag\" \/>\n<meta property=\"og:type\" content=\"article\" class=\"yoast-seo-meta-tag\" \/>\n<meta property=\"og:title\" content=\"\u00c9veken kereszt\u00fcl b\u00e1ntalmazta \u00e9lett\u00e1rs\u00e1t\" class=\"yoast-seo-meta-tag\" \/>\n<meta property=\"og:description\" content=\"Nem joger\u0151sen felf\u00fcggesztett b\u00f6rt\u00f6nb\u00fcntet\u00e9sre \u00edt\u00e9lt\u00e9k azt a b\u00fcntetett el\u0151\u00e9let\u0171 f\u00e9rfit, aki \u00e9veken kereszt\u00fcl \u00fct\u00f6tte-verte \u00e9lett\u00e1rs\u00e1t tokodi lak\u00f3hely\u00fck\u00f6n. A meg\u00e1llap\u00edtott t\u00e9ny\u00e1ll\u00e1s szerint a f\u00e9rfi 2019. j\u00fanius 2-\u00e1n az \u00e9lett\u00e1rs\u00e1t t\u00f6bbsz\u00f6r fejen \u00fct\u00f6tte, ezzel neki nyolc napon bel\u00fcl gy\u00f3gyul\u00f3 s\u00e9r\u00fcl\u00e9st okozott, a b\u00e1ntalmaz\u00e1s alkalmas volt enn\u00e9l s\u00falyosabb s\u00e9r\u00fcl\u00e9s okoz\u00e1s\u00e1ra is. A v\u00e1dlott 2021-ben a tokodi lak\u00f3hely\u00fck\u00f6n a\" class=\"yoast-seo-meta-tag\" \/>\n<meta property=\"og:url\" content=\"https:\/\/dorogimedence.hu\/index.php\/2023\/12\/07\/eveken-keresztul-bantalmazta-elettarsat-2\/\" class=\"yoast-seo-meta-tag\" \/>\n<meta property=\"og:site_name\" content=\"Dorogi-medence Region\u00e1lis H\u00edrport\u00e1l\" class=\"yoast-seo-meta-tag\" \/>\n<meta property=\"article:publisher\" content=\"https:\/\/www.facebook.com\/dorogimedence\/\" class=\"yoast-seo-meta-tag\" \/>\n<meta property=\"article:published_time\" content=\"2023-12-07T14:34:11+00:00\" class=\"yoast-seo-meta-tag\" \/>\n<meta property=\"og:image\" content=\"https:\/\/dorogimedence.hu\/wp-content\/uploads\/2018\/05\/bantalmazas-01.jpg\" class=\"yoast-seo-meta-tag\" \/>\n\t<meta property=\"og:image:width\" content=\"670\" class=\"yoast-seo-meta-tag\" \/>\n\t<meta property=\"og:image:height\" content=\"365\" class=\"yoast-seo-meta-tag\" \/>\n\t<meta property=\"og:image:type\" content=\"image\/jpeg\" class=\"yoast-seo-meta-tag\" \/>\n<meta name=\"author\" content=\"dorogimedence.hu\" class=\"yoast-seo-meta-tag\" \/>\n<meta name=\"twitter:card\" content=\"summary_large_image\" class=\"yoast-seo-meta-tag\" \/>\n<meta name=\"twitter:label1\" content=\"Szerz\u0151:\" class=\"yoast-seo-meta-tag\" \/>\n\t<meta name=\"twitter:data1\" content=\"dorogimedence.hu\" class=\"yoast-seo-meta-tag\" \/>\n\t<meta name=\"twitter:label2\" content=\"Becs\u00fclt olvas\u00e1si id\u0151\" class=\"yoast-seo-meta-tag\" \/>\n\t<meta name=\"twitter:data2\" content=\"2 perc\" class=\"yoast-seo-meta-tag\" \/>\n<script type=\"application\/ld+json\" class=\"yoast-schema-graph\">{\"@context\":\"https:\\\/\\\/schema.org\",\"@graph\":[{\"@type\":\"Article\",\"@id\":\"https:\\\/\\\/dorogimedence.hu\\\/index.php\\\/2023\\\/12\\\/07\\\/eveken-keresztul-bantalmazta-elettarsat-2\\\/#article\",\"isPartOf\":{\"@id\":\"https:\\\/\\\/dorogimedence.hu\\\/index.php\\\/2023\\\/12\\\/07\\\/eveken-keresztul-bantalmazta-elettarsat-2\\\/\"},\"author\":{\"name\":\"dorogimedence.hu\",\"@id\":\"https:\\\/\\\/dorogimedence.hu\\\/#\\\/schema\\\/person\\\/ce6091eeb7e95ecdc87890d6aa8e0fd4\"},\"headline\":\"\u00c9veken kereszt\u00fcl b\u00e1ntalmazta \u00e9lett\u00e1rs\u00e1t\",\"datePublished\":\"2023-12-07T14:34:11+00:00\",\"mainEntityOfPage\":{\"@id\":\"https:\\\/\\\/dorogimedence.hu\\\/index.php\\\/2023\\\/12\\\/07\\\/eveken-keresztul-bantalmazta-elettarsat-2\\\/\"},\"wordCount\":459,\"publisher\":{\"@id\":\"https:\\\/\\\/dorogimedence.hu\\\/#organization\"},\"image\":{\"@id\":\"https:\\\/\\\/dorogimedence.hu\\\/index.php\\\/2023\\\/12\\\/07\\\/eveken-keresztul-bantalmazta-elettarsat-2\\\/#primaryimage\"},\"thumbnailUrl\":\"https:\\\/\\\/dorogimedence.hu\\\/wp-content\\\/uploads\\\/2018\\\/05\\\/bantalmazas-01.jpg\",\"keywords\":[\"b\u00e1ntalmaz\u00e1s\",\"b\u00edr\u00f3s\u00e1g\",\"b\u0171ncselekm\u00e9ny\",\"rend\u0151rs\u00e9gi h\u00edrek\",\"Tokod\",\"\u00fcgy\u00e9szs\u00e9g\"],\"articleSection\":[\"H\u00edrek\",\"K\u00e9k h\u00edrek\",\"Tokod\"],\"inLanguage\":\"hu\"},{\"@type\":\"WebPage\",\"@id\":\"https:\\\/\\\/dorogimedence.hu\\\/index.php\\\/2023\\\/12\\\/07\\\/eveken-keresztul-bantalmazta-elettarsat-2\\\/\",\"url\":\"https:\\\/\\\/dorogimedence.hu\\\/index.php\\\/2023\\\/12\\\/07\\\/eveken-keresztul-bantalmazta-elettarsat-2\\\/\",\"name\":\"\u00c9veken kereszt\u00fcl b\u00e1ntalmazta \u00e9lett\u00e1rs\u00e1t\",\"isPartOf\":{\"@id\":\"https:\\\/\\\/dorogimedence.hu\\\/#website\"},\"primaryImageOfPage\":{\"@id\":\"https:\\\/\\\/dorogimedence.hu\\\/index.php\\\/2023\\\/12\\\/07\\\/eveken-keresztul-bantalmazta-elettarsat-2\\\/#primaryimage\"},\"image\":{\"@id\":\"https:\\\/\\\/dorogimedence.hu\\\/index.php\\\/2023\\\/12\\\/07\\\/eveken-keresztul-bantalmazta-elettarsat-2\\\/#primaryimage\"},\"thumbnailUrl\":\"https:\\\/\\\/dorogimedence.hu\\\/wp-content\\\/uploads\\\/2018\\\/05\\\/bantalmazas-01.jpg\",\"datePublished\":\"2023-12-07T14:34:11+00:00\",\"breadcrumb\":{\"@id\":\"https:\\\/\\\/dorogimedence.hu\\\/index.php\\\/2023\\\/12\\\/07\\\/eveken-keresztul-bantalmazta-elettarsat-2\\\/#breadcrumb\"},\"inLanguage\":\"hu\",\"potentialAction\":[{\"@type\":\"ReadAction\",\"target\":[\"https:\\\/\\\/dorogimedence.hu\\\/index.php\\\/2023\\\/12\\\/07\\\/eveken-keresztul-bantalmazta-elettarsat-2\\\/\"]}]},{\"@type\":\"ImageObject\",\"inLanguage\":\"hu\",\"@id\":\"https:\\\/\\\/dorogimedence.hu\\\/index.php\\\/2023\\\/12\\\/07\\\/eveken-keresztul-bantalmazta-elettarsat-2\\\/#primaryimage\",\"url\":\"https:\\\/\\\/dorogimedence.hu\\\/wp-content\\\/uploads\\\/2018\\\/05\\\/bantalmazas-01.jpg\",\"contentUrl\":\"https:\\\/\\\/dorogimedence.hu\\\/wp-content\\\/uploads\\\/2018\\\/05\\\/bantalmazas-01.jpg\",\"width\":670,\"height\":365},{\"@type\":\"BreadcrumbList\",\"@id\":\"https:\\\/\\\/dorogimedence.hu\\\/index.php\\\/2023\\\/12\\\/07\\\/eveken-keresztul-bantalmazta-elettarsat-2\\\/#breadcrumb\",\"itemListElement\":[{\"@type\":\"ListItem\",\"position\":1,\"name\":\"Kezd\u0151lap\",\"item\":\"https:\\\/\\\/dorogimedence.hu\\\/\"},{\"@type\":\"ListItem\",\"position\":2,\"name\":\"\u00c9veken kereszt\u00fcl b\u00e1ntalmazta \u00e9lett\u00e1rs\u00e1t\"}]},{\"@type\":\"WebSite\",\"@id\":\"https:\\\/\\\/dorogimedence.hu\\\/#website\",\"url\":\"https:\\\/\\\/dorogimedence.hu\\\/\",\"name\":\"Dorogi-medence Region\u00e1lis H\u00edrport\u00e1l\",\"description\":\"Dorog, Keszt\u00f6lc, Le\u00e1nyv\u00e1r, Piliscs\u00e9v, Tokod, Tokodalt\u00e1r\u00f3, Csolnok, Esztergom-kertv\u00e1ros: h\u00edrek, programok\",\"publisher\":{\"@id\":\"https:\\\/\\\/dorogimedence.hu\\\/#organization\"},\"potentialAction\":[{\"@type\":\"SearchAction\",\"target\":{\"@type\":\"EntryPoint\",\"urlTemplate\":\"https:\\\/\\\/dorogimedence.hu\\\/?s={search_term_string}\"},\"query-input\":{\"@type\":\"PropertyValueSpecification\",\"valueRequired\":true,\"valueName\":\"search_term_string\"}}],\"inLanguage\":\"hu\"},{\"@type\":\"Organization\",\"@id\":\"https:\\\/\\\/dorogimedence.hu\\\/#organization\",\"name\":\"Dorogi-medence Region\u00e1lis H\u00edrport\u00e1l\",\"url\":\"https:\\\/\\\/dorogimedence.hu\\\/\",\"logo\":{\"@type\":\"ImageObject\",\"inLanguage\":\"hu\",\"@id\":\"https:\\\/\\\/dorogimedence.hu\\\/#\\\/schema\\\/logo\\\/image\\\/\",\"url\":\"https:\\\/\\\/dorogimedence.hu\\\/wp-content\\\/uploads\\\/2021\\\/04\\\/logo-feher-600.png\",\"contentUrl\":\"https:\\\/\\\/dorogimedence.hu\\\/wp-content\\\/uploads\\\/2021\\\/04\\\/logo-feher-600.png\",\"width\":600,\"height\":100,\"caption\":\"Dorogi-medence Region\u00e1lis H\u00edrport\u00e1l\"},\"image\":{\"@id\":\"https:\\\/\\\/dorogimedence.hu\\\/#\\\/schema\\\/logo\\\/image\\\/\"},\"sameAs\":[\"https:\\\/\\\/www.facebook.com\\\/dorogimedence\\\/\"]},{\"@type\":\"Person\",\"@id\":\"https:\\\/\\\/dorogimedence.hu\\\/#\\\/schema\\\/person\\\/ce6091eeb7e95ecdc87890d6aa8e0fd4\",\"name\":\"dorogimedence.hu\",\"image\":{\"@type\":\"ImageObject\",\"inLanguage\":\"hu\",\"@id\":\"\\\/\\\/www.gravatar.com\\\/avatar\\\/d8d45f8901aadff40a4af72c0b826f1d?s=96&#038;r=g&#038;d=mm\",\"url\":\"\\\/\\\/www.gravatar.com\\\/avatar\\\/d8d45f8901aadff40a4af72c0b826f1d?s=96&#038;r=g&#038;d=mm\",\"contentUrl\":\"\\\/\\\/www.gravatar.com\\\/avatar\\\/d8d45f8901aadff40a4af72c0b826f1d?s=96&#038;r=g&#038;d=mm\",\"caption\":\"dorogimedence.hu\"}}]}<\/script>\n<!-- \/ Yoast SEO plugin. -->","yoast_head_json":{"title":"\u00c9veken kereszt\u00fcl b\u00e1ntalmazta \u00e9lett\u00e1rs\u00e1t","robots":{"index":"index","follow":"follow","max-snippet":"max-snippet:-1","max-image-preview":"max-image-preview:large","max-video-preview":"max-video-preview:-1"},"canonical":"https:\/\/dorogimedence.hu\/index.php\/2023\/12\/07\/eveken-keresztul-bantalmazta-elettarsat-2\/","og_locale":"hu_HU","og_type":"article","og_title":"\u00c9veken kereszt\u00fcl b\u00e1ntalmazta \u00e9lett\u00e1rs\u00e1t","og_description":"Nem joger\u0151sen felf\u00fcggesztett b\u00f6rt\u00f6nb\u00fcntet\u00e9sre \u00edt\u00e9lt\u00e9k azt a b\u00fcntetett el\u0151\u00e9let\u0171 f\u00e9rfit, aki \u00e9veken kereszt\u00fcl \u00fct\u00f6tte-verte \u00e9lett\u00e1rs\u00e1t tokodi lak\u00f3hely\u00fck\u00f6n. A meg\u00e1llap\u00edtott t\u00e9ny\u00e1ll\u00e1s szerint a f\u00e9rfi 2019. j\u00fanius 2-\u00e1n az \u00e9lett\u00e1rs\u00e1t t\u00f6bbsz\u00f6r fejen \u00fct\u00f6tte, ezzel neki nyolc napon bel\u00fcl gy\u00f3gyul\u00f3 s\u00e9r\u00fcl\u00e9st okozott, a b\u00e1ntalmaz\u00e1s alkalmas volt enn\u00e9l s\u00falyosabb s\u00e9r\u00fcl\u00e9s okoz\u00e1s\u00e1ra is. A v\u00e1dlott 2021-ben a tokodi lak\u00f3hely\u00fck\u00f6n a","og_url":"https:\/\/dorogimedence.hu\/index.php\/2023\/12\/07\/eveken-keresztul-bantalmazta-elettarsat-2\/","og_site_name":"Dorogi-medence Region\u00e1lis H\u00edrport\u00e1l","article_publisher":"https:\/\/www.facebook.com\/dorogimedence\/","article_published_time":"2023-12-07T14:34:11+00:00","og_image":[{"width":670,"height":365,"url":"https:\/\/dorogimedence.hu\/wp-content\/uploads\/2018\/05\/bantalmazas-01.jpg","type":"image\/jpeg"}],"author":"dorogimedence.hu","twitter_card":"summary_large_image","twitter_misc":{"Szerz\u0151:":"dorogimedence.hu","Becs\u00fclt olvas\u00e1si id\u0151":"2 perc"},"schema":{"@context":"https:\/\/schema.org","@graph":[{"@type":"Article","@id":"https:\/\/dorogimedence.hu\/index.php\/2023\/12\/07\/eveken-keresztul-bantalmazta-elettarsat-2\/#article","isPartOf":{"@id":"https:\/\/dorogimedence.hu\/index.php\/2023\/12\/07\/eveken-keresztul-bantalmazta-elettarsat-2\/"},"author":{"name":"dorogimedence.hu","@id":"https:\/\/dorogimedence.hu\/#\/schema\/person\/ce6091eeb7e95ecdc87890d6aa8e0fd4"},"headline":"\u00c9veken kereszt\u00fcl b\u00e1ntalmazta \u00e9lett\u00e1rs\u00e1t","datePublished":"2023-12-07T14:34:11+00:00","mainEntityOfPage":{"@id":"https:\/\/dorogimedence.hu\/index.php\/2023\/12\/07\/eveken-keresztul-bantalmazta-elettarsat-2\/"},"wordCount":459,"publisher":{"@id":"https:\/\/dorogimedence.hu\/#organization"},"image":{"@id":"https:\/\/dorogimedence.hu\/index.php\/2023\/12\/07\/eveken-keresztul-bantalmazta-elettarsat-2\/#primaryimage"},"thumbnailUrl":"https:\/\/dorogimedence.hu\/wp-content\/uploads\/2018\/05\/bantalmazas-01.jpg","keywords":["b\u00e1ntalmaz\u00e1s","b\u00edr\u00f3s\u00e1g","b\u0171ncselekm\u00e9ny","rend\u0151rs\u00e9gi h\u00edrek","Tokod","\u00fcgy\u00e9szs\u00e9g"],"articleSection":["H\u00edrek","K\u00e9k h\u00edrek","Tokod"],"inLanguage":"hu"},{"@type":"WebPage","@id":"https:\/\/dorogimedence.hu\/index.php\/2023\/12\/07\/eveken-keresztul-bantalmazta-elettarsat-2\/","url":"https:\/\/dorogimedence.hu\/index.php\/2023\/12\/07\/eveken-keresztul-bantalmazta-elettarsat-2\/","name":"\u00c9veken kereszt\u00fcl b\u00e1ntalmazta \u00e9lett\u00e1rs\u00e1t","isPartOf":{"@id":"https:\/\/dorogimedence.hu\/#website"},"primaryImageOfPage":{"@id":"https:\/\/dorogimedence.hu\/index.php\/2023\/12\/07\/eveken-keresztul-bantalmazta-elettarsat-2\/#primaryimage"},"image":{"@id":"https:\/\/dorogimedence.hu\/index.php\/2023\/12\/07\/eveken-keresztul-bantalmazta-elettarsat-2\/#primaryimage"},"thumbnailUrl":"https:\/\/dorogimedence.hu\/wp-content\/uploads\/2018\/05\/bantalmazas-01.jpg","datePublished":"2023-12-07T14:34:11+00:00","breadcrumb":{"@id":"https:\/\/dorogimedence.hu\/index.php\/2023\/12\/07\/eveken-keresztul-bantalmazta-elettarsat-2\/#breadcrumb"},"inLanguage":"hu","potentialAction":[{"@type":"ReadAction","target":["https:\/\/dorogimedence.hu\/index.php\/2023\/12\/07\/eveken-keresztul-bantalmazta-elettarsat-2\/"]}]},{"@type":"ImageObject","inLanguage":"hu","@id":"https:\/\/dorogimedence.hu\/index.php\/2023\/12\/07\/eveken-keresztul-bantalmazta-elettarsat-2\/#primaryimage","url":"https:\/\/dorogimedence.hu\/wp-content\/uploads\/2018\/05\/bantalmazas-01.jpg","contentUrl":"https:\/\/dorogimedence.hu\/wp-content\/uploads\/2018\/05\/bantalmazas-01.jpg","width":670,"height":365},{"@type":"BreadcrumbList","@id":"https:\/\/dorogimedence.hu\/index.php\/2023\/12\/07\/eveken-keresztul-bantalmazta-elettarsat-2\/#breadcrumb","itemListElement":[{"@type":"ListItem","position":1,"name":"Kezd\u0151lap","item":"https:\/\/dorogimedence.hu\/"},{"@type":"ListItem","position":2,"name":"\u00c9veken kereszt\u00fcl b\u00e1ntalmazta \u00e9lett\u00e1rs\u00e1t"}]},{"@type":"WebSite","@id":"https:\/\/dorogimedence.hu\/#website","url":"https:\/\/dorogimedence.hu\/","name":"Dorogi-medence Region\u00e1lis H\u00edrport\u00e1l","description":"Dorog, Keszt\u00f6lc, Le\u00e1nyv\u00e1r, Piliscs\u00e9v, Tokod, Tokodalt\u00e1r\u00f3, Csolnok, Esztergom-kertv\u00e1ros: h\u00edrek, programok","publisher":{"@id":"https:\/\/dorogimedence.hu\/#organization"},"potentialAction":[{"@type":"SearchAction","target":{"@type":"EntryPoint","urlTemplate":"https:\/\/dorogimedence.hu\/?s={search_term_string}"},"query-input":{"@type":"PropertyValueSpecification","valueRequired":true,"valueName":"search_term_string"}}],"inLanguage":"hu"},{"@type":"Organization","@id":"https:\/\/dorogimedence.hu\/#organization","name":"Dorogi-medence Region\u00e1lis H\u00edrport\u00e1l","url":"https:\/\/dorogimedence.hu\/","logo":{"@type":"ImageObject","inLanguage":"hu","@id":"https:\/\/dorogimedence.hu\/#\/schema\/logo\/image\/","url":"https:\/\/dorogimedence.hu\/wp-content\/uploads\/2021\/04\/logo-feher-600.png","contentUrl":"https:\/\/dorogimedence.hu\/wp-content\/uploads\/2021\/04\/logo-feher-600.png","width":600,"height":100,"caption":"Dorogi-medence Region\u00e1lis H\u00edrport\u00e1l"},"image":{"@id":"https:\/\/dorogimedence.hu\/#\/schema\/logo\/image\/"},"sameAs":["https:\/\/www.facebook.com\/dorogimedence\/"]},{"@type":"Person","@id":"https:\/\/dorogimedence.hu\/#\/schema\/person\/ce6091eeb7e95ecdc87890d6aa8e0fd4","name":"dorogimedence.hu","image":{"@type":"ImageObject","inLanguage":"hu","@id":"\/\/www.gravatar.com\/avatar\/d8d45f8901aadff40a4af72c0b826f1d?s=96&#038;r=g&#038;d=mm","url":"\/\/www.gravatar.com\/avatar\/d8d45f8901aadff40a4af72c0b826f1d?s=96&#038;r=g&#038;d=mm","contentUrl":"\/\/www.gravatar.com\/avatar\/d8d45f8901aadff40a4af72c0b826f1d?s=96&#038;r=g&#038;d=mm","caption":"dorogimedence.hu"}}]}},"_links":{"self":[{"href":"https:\/\/dorogimedence.hu\/index.php\/wp-json\/wp\/v2\/posts\/58351","targetHints":{"allow":["GET"]}}],"collection":[{"href":"https:\/\/dorogimedence.hu\/index.php\/wp-json\/wp\/v2\/posts"}],"about":[{"href":"https:\/\/dorogimedence.hu\/index.php\/wp-json\/wp\/v2\/types\/post"}],"author":[{"embeddable":true,"href":"https:\/\/dorogimedence.hu\/index.php\/wp-json\/wp\/v2\/users\/1"}],"replies":[{"embeddable":true,"href":"https:\/\/dorogimedence.hu\/index.php\/wp-json\/wp\/v2\/comments?post=58351"}],"version-history":[{"count":0,"href":"https:\/\/dorogimedence.hu\/index.php\/wp-json\/wp\/v2\/posts\/58351\/revisions"}],"wp:featuredmedia":[{"embeddable":true,"href":"https:\/\/dorogimedence.hu\/index.php\/wp-json\/wp\/v2\/media\/10184"}],"wp:attachment":[{"href":"https:\/\/dorogimedence.hu\/index.php\/wp-json\/wp\/v2\/media?parent=58351"}],"wp:term":[{"taxonomy":"category","embeddable":true,"href":"https:\/\/dorogimedence.hu\/index.php\/wp-json\/wp\/v2\/categories?post=58351"},{"taxonomy":"post_tag","embeddable":true,"href":"https:\/\/dorogimedence.hu\/index.php\/wp-json\/wp\/v2\/tags?post=58351"}],"curies":[{"name":"wp","href":"https:\/\/api.w.org\/{rel}","templated":true}]}}