{"id":58138,"date":"2023-11-28T16:26:56","date_gmt":"2023-11-28T15:26:56","guid":{"rendered":"https:\/\/dorogimedence.hu\/?p=58138"},"modified":"2023-11-29T09:08:02","modified_gmt":"2023-11-29T08:08:02","slug":"madarinfluenza-tizedeli-a-vonulo-darvakat","status":"publish","type":"post","link":"https:\/\/dorogimedence.hu\/index.php\/2023\/11\/28\/madarinfluenza-tizedeli-a-vonulo-darvakat\/","title":{"rendered":"Mad\u00e1rinfluenza tizedeli a vonul\u00f3 darvakat"},"content":{"rendered":"<p><strong>A mad\u00e1rinfluenza a vadon \u00e9l\u0151 \u00e9s a teny\u00e9sztett madarak v\u00edrusbetegs\u00e9ge. Az ut\u00f3bbi \u00e9vek sor\u00e1n rendszeresen hallhattunk, olvashattunk h\u00edreket esetekr\u0151l. Sajnos az idei \u00e9v sem m\u00falik el e n\u00e9lk\u00fcl. November elej\u00e9n Hajd\u00fa-Bihar, majd Szabolcs-Szatm\u00e1r-Bereg v\u00e1rmegy\u00e9ben, k\u00e9s\u0151bb az Alf\u00f6ld m\u00e1s ter\u00fcletein is megjelent a fert\u0151z\u00e9s, majd a Hortob\u00e1gy \u00e9s a D\u00e9l-Alf\u00f6ld \u0151szi l\u00e1tv\u00e1nyoss\u00e1ga, a daruvonul\u00e1s cs\u00facs\u00e1n a n\u00e1lunk megpihen\u0151 madarakat is elkezdte tizedelni a v\u00edrusbetegs\u00e9g. Becsl\u00e9sek alapj\u00e1n 10-20 ezer k\u00f6z\u00f6tti daru pusztulhatott el az elm\u00falt hetekben. Fontos, hogy nagyar\u00e1ny\u00fa vadmad\u00e1relhull\u00e1s \u00e9szlel\u00e9se eset\u00e9n, vagy gyan\u00fasan viselked\u0151, legyeng\u00fclt v\u00edzimad\u00e1r vagy ragadoz\u00f3mad\u00e1r \u00e9szlel\u00e9se eset\u00e9n \u00e9rtes\u00edts\u00fck a ter\u00fcletileg illet\u00e9kes \u00e1llateg\u00e9szs\u00e9g\u00fcgyi hat\u00f3s\u00e1got \u00e9s v\u00e9dett faj eset\u00e9n a ter\u00fcletileg illet\u00e9ken nemzetipark-igazgat\u00f3s\u00e1g munkat\u00e1rs\u00e1t, a mad\u00e1rhoz pedig ne ny\u00faljunk.<\/strong><\/p>\n<p>A k\u00fcl\u00f6nb\u00f6z\u0151 influenzav\u00edrusok eredetileg v\u00edzimadarak bel\u00e9ben szaporod\u00f3, m\u00e9rs\u00e9kelten patog\u00e9n k\u00f3rokoz\u00f3k voltak. A j\u00e1rv\u00e1nyok\u00e9rt felel\u0151s magas patogenit\u00e1s\u00fa t\u00f6rzsek kifejl\u0151d\u00e9se azonban egy\u00e9rtelm\u0171en a nagy\u00fczemi baromfitart\u00e1shoz k\u00f6thet\u0151. A nagy\u00fczemi baromfitermel\u00e9sben j\u00e1rv\u00e1nyv\u00e9delmi okokb\u00f3l a fert\u0151z\u00f6tt \u00e1llom\u00e1nyokat kiirtj\u00e1k, \u00edgy a gazdaszervezetek immunit\u00e1s\u00e1t n\u00f6vel\u0151 evol\u00faci\u00f3s folyamat elakad. A sok \u00e1zsiai orsz\u00e1gban alkalmazott vakcin\u00e1z\u00e1s pedig olyan evol\u00faci\u00f3s nyom\u00e1st fejt ki a v\u00edrusra, hogy az min\u00e9l fert\u0151z\u0151k\u00e9pesebb legyen \u00e9s \u00e1t tudja t\u00f6rni a vakcin\u00e1s v\u00e9delmet. E k\u00e9t hat\u00e1s egy\u00fctt a mad\u00e1rinfluenza v\u00edrusok evol\u00faci\u00f3j\u00e1t az egyre nagyobb fert\u0151z\u0151k\u00e9pess\u00e9g \u00e9s megbeteg\u00edt\u0151 k\u00e9pess\u00e9g ir\u00e1ny\u00e1ba tolta.<\/p>\n<p>Az ut\u00f3bbi k\u00f6zel h\u00fasz \u00e9vben a v\u00edrus a vonul\u00f3 madarakkal t\u00f6bb \u00e9vben is eljutott Eur\u00f3p\u00e1ba, \u00e9s csup\u00e1n id\u0151 k\u00e9rd\u00e9se volt, hogy az itt \u00e9l\u0151 ludak, r\u00e9c\u00e9k, sir\u00e1lyok popul\u00e1ci\u00f3i tart\u00f3san fenntarts\u00e1k a v\u00edrust. Ezt a pontot neh\u00e9z meghat\u00e1rozni, de valamikor a 2020-as \u00e9vek legelej\u00e9re tehet\u0151, ugyanis az\u00f3ta nem mondhatjuk, hogy eg\u00e9sz Eur\u00f3pa mentes a v\u00edrust\u00f3l, valahol valamilyen form\u00e1ban akt\u00edv a j\u00e1rv\u00e1ny h\u00e1rom \u00e9ve. A v\u00edrus term\u00e9szetv\u00e9delmi jelent\u0151s\u00e9ge is egyre nagyobb. A legut\u00f3bbi j\u00e1rv\u00e1nyhull\u00e1mok sor\u00e1n Ausztr\u00e1lia kiv\u00e9tel\u00e9vel minden f\u00f6ldr\u00e9szre eljutott egy minden kor\u00e1bbin\u00e1l fert\u0151z\u0151k\u00e9pesebb H5N1 t\u00f6rzs, amely a legk\u00fcl\u00f6nf\u00e9l\u00e9bb tengeri madarak, szul\u00e1k, v\u00e9szmadarak, halfarkasok, pelik\u00e1nok, darvak, cs\u00e9rek, l\u00fadalkat\u00faak \u00e9s partimadarak <a href=\"https:\/\/www.birdlife.org\/news\/2022\/08\/08\/an-unprecedented-wave-of-avian-flu-has-been-devastating-bird-populations-across-the-northern-hemisphere\/\">popul\u00e1ci\u00f3it sodorta az \u00f6sszeoml\u00e1s sz\u00e9l\u00e9re<\/a>. Egyre t\u00f6bb esetben fordulnak el\u0151 eml\u0151s esetek, vagyis f\u00f3k\u00e1k, macska- \u00e9s meny\u00e9tf\u00e9l\u00e9k is elkapj\u00e1k a fert\u0151z\u00e9st \u00e9s ak\u00e1r el is hullhatnak.<\/p>\n<p>A jelen hazai helyzetr\u0151l biztosat mondani csak a j\u00e1rv\u00e1nytani nyomoz\u00e1s v\u00e9g\u00e9vel lehet, de az sejthet\u0151, hogy a f\u0151szerepl\u0151v\u00e9 v\u00e1lt darvak a K\u00e1rp\u00e1t-medenc\u00e9be \u00e9rve tal\u00e1lkoztak el\u0151sz\u00f6r a v\u00edrussal, hiszen nincs h\u00edr daruelhull\u00e1sr\u00f3l \u00e9szakra vagy keletre. N\u00e1lunk viszont ny\u00e1ron \u00e9s \u0151sszel is ker\u00fcltek el\u0151 pozit\u00edv (fert\u0151z\u00f6tt) v\u00edzimadarak, k\u00f6sz\u00f6nhet\u0151en a Magyar Mad\u00e1rtani \u00e9s Term\u00e9szetv\u00e9delmi Egyes\u00fclet (MME) \u00e1ltal is v\u00e9gzett akt\u00edv monitoringnak, melynek keret\u00e9ben t\u00f6bb mint hatezer vadmad\u00e1r mintav\u00e9tele t\u00f6rt\u00e9nt meg mad\u00e1rgy\u0171r\u0171z\u00e9sekhez kapcsol\u00f3dva. A ny\u00e1ri \u0151szi id\u0151szakban els\u0151sorban a sir\u00e1ly- \u00e9s cs\u00e9rtelepeken ker\u00fcltek el\u0151 fert\u0151z\u00f6tt madarak \u00e9s tetemeik, m\u00e1s mad\u00e1rfajok eset\u00e9ben csak elv\u00e9tve akadt pozit\u00edv minta. Az asz\u00e1lyos k\u00e9s\u0151 ny\u00e1r \u2013 kora \u0151sz miatt azonban a madarak a megmaradt kev\u00e9s \u00e9jszak\u00e1z\u00f3helyen nagyobb csoportokba t\u00f6m\u00f6r\u00fcltek az elm\u00falt id\u0151szakban, ami kedvezett a v\u00edrus terjed\u00e9s\u00e9nek. A daru kifejezetten \u00e9rz\u00e9keny a fert\u0151z\u00e9sre \u00edgy sz\u00e1zas, s\u0151t, ezres nagys\u00e1grend\u0171 elhull\u00e1sokat okozott a f\u0151bb gy\u00fclekez\u0151helyek ter\u00fclet\u00e9n. A terepi inform\u00e1ci\u00f3k alapj\u00e1n az elhullott darvak egyedsz\u00e1m\u00e1ra jelenleg 10-20 ezer p\u00e9ld\u00e1ny k\u00f6z\u00f6tti becsl\u00e9st lehet adni.<\/p>\n<p>A mad\u00e1rinfluenza alapvet\u0151en nem kimondottan fert\u0151z\u0151 az emberre, de az \u00e1tterjed\u00e9s es\u00e9lye nem nulla. A legt\u00f6bb hum\u00e1n esetben id\u0151s, gyenge immunrendszer\u0171 \u00e1llatgondoz\u00f3k fert\u0151z\u0151dtek, akik valamilyen j\u00e1rv\u00e1nyszitu\u00e1ci\u00f3ban megfelel\u0151 v\u00e9d\u0151felszerel\u00e9s n\u00e9lk\u00fcl hossz\u00fa ideig l\u00e9tes\u00edtettek kontaktust beteg madarakkal. Hogyan seg\u00edthet a madar\u00e1sz, mi vonatkozik ilyenkor a terepen mozg\u00f3 emberre?<\/p>\n<ol>\n<li>A legfontosabb feladat, hogy a magunk \u00e9s k\u00f6rnyezet\u00fcnk eg\u00e9szs\u00e9g\u00e9t meg\u0151rizz\u00fck, vagyis ne mi legy\u00fcnk a j\u00e1rv\u00e1ny terjeszt\u0151i. Gyan\u00fas madarakkal val\u00f3 v\u00e9letlen kontaktus eset\u00e9n ne menj\u00fcnk madarak k\u00f6zel\u00e9be, sem vad, sem h\u00e1zi \u00e1llom\u00e1nyokkal ne \u00e9rintkezz\u00fcnk a k\u00f6vetkez\u0151 napokban, ruh\u00e1inkat mossuk ki \u00e9s fert\u0151tlen\u00edts\u00fck a cip\u0151inket. Ugyanez vonatkozik a fert\u0151z\u00f6tt ter\u00fcleteken v\u00e9gzett terepi munk\u00e1ra. A j\u00e1rv\u00e1ny alakul\u00e1s\u00e1t ezen a honlapon lehet k\u00f6vetni: <a href=\"https:\/\/portal.nebih.gov.hu\/madarinfluenza\" target=\"_blank\" rel=\"noopener\"><span style=\"text-decoration: underline; color: #0000ff;\">https:\/\/portal.nebih.gov.hu\/madarinfluenza<\/span><\/a><\/li>\n<li>Nagyar\u00e1ny\u00fa vadmad\u00e1relhull\u00e1s \u00e9szlel\u00e9se eset\u00e9n, vagy gyan\u00fasan viselked\u0151, legyeng\u00fclt v\u00edzimad\u00e1r vagy ragadoz\u00f3mad\u00e1r \u00e9szlel\u00e9se eset\u00e9n \u00e9rtes\u00edts\u00fck a ter\u00fcletileg illet\u00e9kes \u00e1llateg\u00e9szs\u00e9g\u00fcgyi hat\u00f3s\u00e1got \u00e9s v\u00e9dett faj eset\u00e9n a ter\u00fcletileg illet\u00e9ken nemzetipark-igazgat\u00f3s\u00e1g munkat\u00e1rs\u00e1t, a madarat lehet\u0151s\u00e9g szerint ne fogjuk meg.<\/li>\n<li>Minden kontakt eset\u00e9n viselj\u00fcnk maszkot \u00e9s h\u00fazzunk gumikeszty\u0171t, de ha lehet, ker\u00fclj\u00fck el ezeket a szitu\u00e1ci\u00f3kat. A gyan\u00fas madarakat ment\u0151helyekre sz\u00e1ll\u00edtani, \u00f6sszegy\u0171jteni nem csak jogszab\u00e1lyellenes, de az\u00e9rt sem \u00e9rdemes, mert a megfert\u0151z\u0151d\u00f6tt \u00e9s t\u00fcneteket mutat\u00f3 mad\u00e1r nem gy\u00f3gy\u00edthat\u00f3 \u00e9s az adott ment\u0151helyet is vesz\u00e9lyezteti, ugyanis a fert\u0151z\u00e9s laborat\u00f3riumi meger\u0151s\u00edt\u00e9se ut\u00e1n az adott hely valamennyi madar\u00e1t meg kell semmis\u00edteni.<\/li>\n<\/ol>\n<p><a href=\"https:\/\/mme.hu\/hirek\/2023\/11\/27\/madarinfluenza_tizedeli_vonulo_darvakat\" target=\"_blank\" rel=\"noopener\"><span style=\"text-decoration: underline; color: #0000ff;\">Tov\u00e1bbi r\u00e9szletek&gt;&gt;<\/span><\/a><\/p>\n<p><em>Bor\u00edt\u00f3k\u00e9p: Tokody B\u00e9la<\/em><br \/>\n<em>Forr\u00e1s: Magyar Mad\u00e1rtani \u00e9s Term\u00e9szetv\u00e9delmi Egyes\u00fclet<\/em><\/p>\n","protected":false},"excerpt":{"rendered":"<p>A mad\u00e1rinfluenza a vadon \u00e9l\u0151 \u00e9s a teny\u00e9sztett madarak v\u00edrusbetegs\u00e9ge. Az ut\u00f3bbi \u00e9vek sor\u00e1n rendszeresen hallhattunk, olvashattunk h\u00edreket esetekr\u0151l. Sajnos az idei \u00e9v sem m\u00falik el e n\u00e9lk\u00fcl. November elej\u00e9n Hajd\u00fa-Bihar, majd Szabolcs-Szatm\u00e1r-Bereg v\u00e1rmegy\u00e9ben, k\u00e9s\u0151bb az Alf\u00f6ld m\u00e1s ter\u00fcletein is megjelent a fert\u0151z\u00e9s, majd a Hortob\u00e1gy \u00e9s a D\u00e9l-Alf\u00f6ld \u0151szi l\u00e1tv\u00e1nyoss\u00e1ga, a daruvonul\u00e1s cs\u00facs\u00e1n a<\/p>\n","protected":false},"author":1,"featured_media":0,"comment_status":"closed","ping_status":"closed","sticky":false,"template":"","format":"standard","meta":{"ngg_post_thumbnail":0,"footnotes":""},"categories":[6934,3],"tags":[7583,188],"class_list":{"0":"post-58138","1":"post","2":"type-post","3":"status-publish","4":"format-standard","6":"category-belfold","7":"category-hirek","8":"tag-darvak","9":"tag-madarinfluenza"},"yoast_head":"<!-- This site is optimized with the Yoast SEO plugin v27.4 - https:\/\/yoast.com\/product\/yoast-seo-wordpress\/ -->\n<title>Mad\u00e1rinfluenza tizedeli a vonul\u00f3 darvakat<\/title>\n<meta name=\"robots\" content=\"index, follow, max-snippet:-1, max-image-preview:large, max-video-preview:-1\" \/>\n<link rel=\"canonical\" href=\"https:\/\/dorogimedence.hu\/index.php\/2023\/11\/28\/madarinfluenza-tizedeli-a-vonulo-darvakat\/\" class=\"yoast-seo-meta-tag\" \/>\n<meta property=\"og:locale\" content=\"hu_HU\" class=\"yoast-seo-meta-tag\" \/>\n<meta property=\"og:type\" content=\"article\" class=\"yoast-seo-meta-tag\" \/>\n<meta property=\"og:title\" content=\"Mad\u00e1rinfluenza tizedeli a vonul\u00f3 darvakat\" class=\"yoast-seo-meta-tag\" \/>\n<meta property=\"og:description\" content=\"A mad\u00e1rinfluenza a vadon \u00e9l\u0151 \u00e9s a teny\u00e9sztett madarak v\u00edrusbetegs\u00e9ge. Az ut\u00f3bbi \u00e9vek sor\u00e1n rendszeresen hallhattunk, olvashattunk h\u00edreket esetekr\u0151l. Sajnos az idei \u00e9v sem m\u00falik el e n\u00e9lk\u00fcl. November elej\u00e9n Hajd\u00fa-Bihar, majd Szabolcs-Szatm\u00e1r-Bereg v\u00e1rmegy\u00e9ben, k\u00e9s\u0151bb az Alf\u00f6ld m\u00e1s ter\u00fcletein is megjelent a fert\u0151z\u00e9s, majd a Hortob\u00e1gy \u00e9s a D\u00e9l-Alf\u00f6ld \u0151szi l\u00e1tv\u00e1nyoss\u00e1ga, a daruvonul\u00e1s cs\u00facs\u00e1n a\" class=\"yoast-seo-meta-tag\" \/>\n<meta property=\"og:url\" content=\"https:\/\/dorogimedence.hu\/index.php\/2023\/11\/28\/madarinfluenza-tizedeli-a-vonulo-darvakat\/\" class=\"yoast-seo-meta-tag\" \/>\n<meta property=\"og:site_name\" content=\"Dorogi-medence Region\u00e1lis H\u00edrport\u00e1l\" class=\"yoast-seo-meta-tag\" \/>\n<meta property=\"article:publisher\" content=\"https:\/\/www.facebook.com\/dorogimedence\/\" class=\"yoast-seo-meta-tag\" \/>\n<meta property=\"article:published_time\" content=\"2023-11-28T15:26:56+00:00\" class=\"yoast-seo-meta-tag\" \/>\n<meta property=\"article:modified_time\" content=\"2023-11-29T08:08:02+00:00\" class=\"yoast-seo-meta-tag\" \/>\n<meta property=\"og:image\" content=\"https:\/\/dorogimedence.hu\/wp-content\/uploads\/2023\/11\/darvak.jpg\" class=\"yoast-seo-meta-tag\" \/>\n\t<meta property=\"og:image:width\" content=\"1140\" class=\"yoast-seo-meta-tag\" \/>\n\t<meta property=\"og:image:height\" content=\"604\" class=\"yoast-seo-meta-tag\" \/>\n\t<meta property=\"og:image:type\" content=\"image\/jpeg\" class=\"yoast-seo-meta-tag\" \/>\n<meta name=\"author\" content=\"dorogimedence.hu\" class=\"yoast-seo-meta-tag\" \/>\n<meta name=\"twitter:card\" content=\"summary_large_image\" class=\"yoast-seo-meta-tag\" \/>\n<meta name=\"twitter:label1\" content=\"Szerz\u0151:\" class=\"yoast-seo-meta-tag\" \/>\n\t<meta name=\"twitter:data1\" content=\"dorogimedence.hu\" class=\"yoast-seo-meta-tag\" \/>\n\t<meta name=\"twitter:label2\" content=\"Becs\u00fclt olvas\u00e1si id\u0151\" class=\"yoast-seo-meta-tag\" \/>\n\t<meta name=\"twitter:data2\" content=\"6 perc\" class=\"yoast-seo-meta-tag\" \/>\n<script type=\"application\/ld+json\" class=\"yoast-schema-graph\">{\"@context\":\"https:\\\/\\\/schema.org\",\"@graph\":[{\"@type\":\"Article\",\"@id\":\"https:\\\/\\\/dorogimedence.hu\\\/index.php\\\/2023\\\/11\\\/28\\\/madarinfluenza-tizedeli-a-vonulo-darvakat\\\/#article\",\"isPartOf\":{\"@id\":\"https:\\\/\\\/dorogimedence.hu\\\/index.php\\\/2023\\\/11\\\/28\\\/madarinfluenza-tizedeli-a-vonulo-darvakat\\\/\"},\"author\":{\"name\":\"dorogimedence.hu\",\"@id\":\"https:\\\/\\\/dorogimedence.hu\\\/#\\\/schema\\\/person\\\/ce6091eeb7e95ecdc87890d6aa8e0fd4\"},\"headline\":\"Mad\u00e1rinfluenza tizedeli a vonul\u00f3 darvakat\",\"datePublished\":\"2023-11-28T15:26:56+00:00\",\"dateModified\":\"2023-11-29T08:08:02+00:00\",\"mainEntityOfPage\":{\"@id\":\"https:\\\/\\\/dorogimedence.hu\\\/index.php\\\/2023\\\/11\\\/28\\\/madarinfluenza-tizedeli-a-vonulo-darvakat\\\/\"},\"wordCount\":1143,\"publisher\":{\"@id\":\"https:\\\/\\\/dorogimedence.hu\\\/#organization\"},\"keywords\":[\"darvak\",\"mad\u00e1rinfluenza\"],\"articleSection\":[\"Belf\u00f6ld, Gazdas\u00e1g\",\"H\u00edrek\"],\"inLanguage\":\"hu\"},{\"@type\":\"WebPage\",\"@id\":\"https:\\\/\\\/dorogimedence.hu\\\/index.php\\\/2023\\\/11\\\/28\\\/madarinfluenza-tizedeli-a-vonulo-darvakat\\\/\",\"url\":\"https:\\\/\\\/dorogimedence.hu\\\/index.php\\\/2023\\\/11\\\/28\\\/madarinfluenza-tizedeli-a-vonulo-darvakat\\\/\",\"name\":\"Mad\u00e1rinfluenza tizedeli a vonul\u00f3 darvakat\",\"isPartOf\":{\"@id\":\"https:\\\/\\\/dorogimedence.hu\\\/#website\"},\"datePublished\":\"2023-11-28T15:26:56+00:00\",\"dateModified\":\"2023-11-29T08:08:02+00:00\",\"breadcrumb\":{\"@id\":\"https:\\\/\\\/dorogimedence.hu\\\/index.php\\\/2023\\\/11\\\/28\\\/madarinfluenza-tizedeli-a-vonulo-darvakat\\\/#breadcrumb\"},\"inLanguage\":\"hu\",\"potentialAction\":[{\"@type\":\"ReadAction\",\"target\":[\"https:\\\/\\\/dorogimedence.hu\\\/index.php\\\/2023\\\/11\\\/28\\\/madarinfluenza-tizedeli-a-vonulo-darvakat\\\/\"]}]},{\"@type\":\"BreadcrumbList\",\"@id\":\"https:\\\/\\\/dorogimedence.hu\\\/index.php\\\/2023\\\/11\\\/28\\\/madarinfluenza-tizedeli-a-vonulo-darvakat\\\/#breadcrumb\",\"itemListElement\":[{\"@type\":\"ListItem\",\"position\":1,\"name\":\"Kezd\u0151lap\",\"item\":\"https:\\\/\\\/dorogimedence.hu\\\/\"},{\"@type\":\"ListItem\",\"position\":2,\"name\":\"Mad\u00e1rinfluenza tizedeli a vonul\u00f3 darvakat\"}]},{\"@type\":\"WebSite\",\"@id\":\"https:\\\/\\\/dorogimedence.hu\\\/#website\",\"url\":\"https:\\\/\\\/dorogimedence.hu\\\/\",\"name\":\"Dorogi-medence Region\u00e1lis H\u00edrport\u00e1l\",\"description\":\"Dorog, Keszt\u00f6lc, Le\u00e1nyv\u00e1r, Piliscs\u00e9v, Tokod, Tokodalt\u00e1r\u00f3, Csolnok, Esztergom-kertv\u00e1ros: h\u00edrek, programok\",\"publisher\":{\"@id\":\"https:\\\/\\\/dorogimedence.hu\\\/#organization\"},\"potentialAction\":[{\"@type\":\"SearchAction\",\"target\":{\"@type\":\"EntryPoint\",\"urlTemplate\":\"https:\\\/\\\/dorogimedence.hu\\\/?s={search_term_string}\"},\"query-input\":{\"@type\":\"PropertyValueSpecification\",\"valueRequired\":true,\"valueName\":\"search_term_string\"}}],\"inLanguage\":\"hu\"},{\"@type\":\"Organization\",\"@id\":\"https:\\\/\\\/dorogimedence.hu\\\/#organization\",\"name\":\"Dorogi-medence Region\u00e1lis H\u00edrport\u00e1l\",\"url\":\"https:\\\/\\\/dorogimedence.hu\\\/\",\"logo\":{\"@type\":\"ImageObject\",\"inLanguage\":\"hu\",\"@id\":\"https:\\\/\\\/dorogimedence.hu\\\/#\\\/schema\\\/logo\\\/image\\\/\",\"url\":\"https:\\\/\\\/dorogimedence.hu\\\/wp-content\\\/uploads\\\/2021\\\/04\\\/logo-feher-600.png\",\"contentUrl\":\"https:\\\/\\\/dorogimedence.hu\\\/wp-content\\\/uploads\\\/2021\\\/04\\\/logo-feher-600.png\",\"width\":600,\"height\":100,\"caption\":\"Dorogi-medence Region\u00e1lis H\u00edrport\u00e1l\"},\"image\":{\"@id\":\"https:\\\/\\\/dorogimedence.hu\\\/#\\\/schema\\\/logo\\\/image\\\/\"},\"sameAs\":[\"https:\\\/\\\/www.facebook.com\\\/dorogimedence\\\/\"]},{\"@type\":\"Person\",\"@id\":\"https:\\\/\\\/dorogimedence.hu\\\/#\\\/schema\\\/person\\\/ce6091eeb7e95ecdc87890d6aa8e0fd4\",\"name\":\"dorogimedence.hu\",\"image\":{\"@type\":\"ImageObject\",\"inLanguage\":\"hu\",\"@id\":\"\\\/\\\/www.gravatar.com\\\/avatar\\\/d8d45f8901aadff40a4af72c0b826f1d?s=96&#038;r=g&#038;d=mm\",\"url\":\"\\\/\\\/www.gravatar.com\\\/avatar\\\/d8d45f8901aadff40a4af72c0b826f1d?s=96&#038;r=g&#038;d=mm\",\"contentUrl\":\"\\\/\\\/www.gravatar.com\\\/avatar\\\/d8d45f8901aadff40a4af72c0b826f1d?s=96&#038;r=g&#038;d=mm\",\"caption\":\"dorogimedence.hu\"}}]}<\/script>\n<!-- \/ Yoast SEO plugin. -->","yoast_head_json":{"title":"Mad\u00e1rinfluenza tizedeli a vonul\u00f3 darvakat","robots":{"index":"index","follow":"follow","max-snippet":"max-snippet:-1","max-image-preview":"max-image-preview:large","max-video-preview":"max-video-preview:-1"},"canonical":"https:\/\/dorogimedence.hu\/index.php\/2023\/11\/28\/madarinfluenza-tizedeli-a-vonulo-darvakat\/","og_locale":"hu_HU","og_type":"article","og_title":"Mad\u00e1rinfluenza tizedeli a vonul\u00f3 darvakat","og_description":"A mad\u00e1rinfluenza a vadon \u00e9l\u0151 \u00e9s a teny\u00e9sztett madarak v\u00edrusbetegs\u00e9ge. Az ut\u00f3bbi \u00e9vek sor\u00e1n rendszeresen hallhattunk, olvashattunk h\u00edreket esetekr\u0151l. Sajnos az idei \u00e9v sem m\u00falik el e n\u00e9lk\u00fcl. November elej\u00e9n Hajd\u00fa-Bihar, majd Szabolcs-Szatm\u00e1r-Bereg v\u00e1rmegy\u00e9ben, k\u00e9s\u0151bb az Alf\u00f6ld m\u00e1s ter\u00fcletein is megjelent a fert\u0151z\u00e9s, majd a Hortob\u00e1gy \u00e9s a D\u00e9l-Alf\u00f6ld \u0151szi l\u00e1tv\u00e1nyoss\u00e1ga, a daruvonul\u00e1s cs\u00facs\u00e1n a","og_url":"https:\/\/dorogimedence.hu\/index.php\/2023\/11\/28\/madarinfluenza-tizedeli-a-vonulo-darvakat\/","og_site_name":"Dorogi-medence Region\u00e1lis H\u00edrport\u00e1l","article_publisher":"https:\/\/www.facebook.com\/dorogimedence\/","article_published_time":"2023-11-28T15:26:56+00:00","article_modified_time":"2023-11-29T08:08:02+00:00","og_image":[{"width":1140,"height":604,"url":"https:\/\/dorogimedence.hu\/wp-content\/uploads\/2023\/11\/darvak.jpg","type":"image\/jpeg"}],"author":"dorogimedence.hu","twitter_card":"summary_large_image","twitter_misc":{"Szerz\u0151:":"dorogimedence.hu","Becs\u00fclt olvas\u00e1si id\u0151":"6 perc"},"schema":{"@context":"https:\/\/schema.org","@graph":[{"@type":"Article","@id":"https:\/\/dorogimedence.hu\/index.php\/2023\/11\/28\/madarinfluenza-tizedeli-a-vonulo-darvakat\/#article","isPartOf":{"@id":"https:\/\/dorogimedence.hu\/index.php\/2023\/11\/28\/madarinfluenza-tizedeli-a-vonulo-darvakat\/"},"author":{"name":"dorogimedence.hu","@id":"https:\/\/dorogimedence.hu\/#\/schema\/person\/ce6091eeb7e95ecdc87890d6aa8e0fd4"},"headline":"Mad\u00e1rinfluenza tizedeli a vonul\u00f3 darvakat","datePublished":"2023-11-28T15:26:56+00:00","dateModified":"2023-11-29T08:08:02+00:00","mainEntityOfPage":{"@id":"https:\/\/dorogimedence.hu\/index.php\/2023\/11\/28\/madarinfluenza-tizedeli-a-vonulo-darvakat\/"},"wordCount":1143,"publisher":{"@id":"https:\/\/dorogimedence.hu\/#organization"},"keywords":["darvak","mad\u00e1rinfluenza"],"articleSection":["Belf\u00f6ld, Gazdas\u00e1g","H\u00edrek"],"inLanguage":"hu"},{"@type":"WebPage","@id":"https:\/\/dorogimedence.hu\/index.php\/2023\/11\/28\/madarinfluenza-tizedeli-a-vonulo-darvakat\/","url":"https:\/\/dorogimedence.hu\/index.php\/2023\/11\/28\/madarinfluenza-tizedeli-a-vonulo-darvakat\/","name":"Mad\u00e1rinfluenza tizedeli a vonul\u00f3 darvakat","isPartOf":{"@id":"https:\/\/dorogimedence.hu\/#website"},"datePublished":"2023-11-28T15:26:56+00:00","dateModified":"2023-11-29T08:08:02+00:00","breadcrumb":{"@id":"https:\/\/dorogimedence.hu\/index.php\/2023\/11\/28\/madarinfluenza-tizedeli-a-vonulo-darvakat\/#breadcrumb"},"inLanguage":"hu","potentialAction":[{"@type":"ReadAction","target":["https:\/\/dorogimedence.hu\/index.php\/2023\/11\/28\/madarinfluenza-tizedeli-a-vonulo-darvakat\/"]}]},{"@type":"BreadcrumbList","@id":"https:\/\/dorogimedence.hu\/index.php\/2023\/11\/28\/madarinfluenza-tizedeli-a-vonulo-darvakat\/#breadcrumb","itemListElement":[{"@type":"ListItem","position":1,"name":"Kezd\u0151lap","item":"https:\/\/dorogimedence.hu\/"},{"@type":"ListItem","position":2,"name":"Mad\u00e1rinfluenza tizedeli a vonul\u00f3 darvakat"}]},{"@type":"WebSite","@id":"https:\/\/dorogimedence.hu\/#website","url":"https:\/\/dorogimedence.hu\/","name":"Dorogi-medence Region\u00e1lis H\u00edrport\u00e1l","description":"Dorog, Keszt\u00f6lc, Le\u00e1nyv\u00e1r, Piliscs\u00e9v, Tokod, Tokodalt\u00e1r\u00f3, Csolnok, Esztergom-kertv\u00e1ros: h\u00edrek, programok","publisher":{"@id":"https:\/\/dorogimedence.hu\/#organization"},"potentialAction":[{"@type":"SearchAction","target":{"@type":"EntryPoint","urlTemplate":"https:\/\/dorogimedence.hu\/?s={search_term_string}"},"query-input":{"@type":"PropertyValueSpecification","valueRequired":true,"valueName":"search_term_string"}}],"inLanguage":"hu"},{"@type":"Organization","@id":"https:\/\/dorogimedence.hu\/#organization","name":"Dorogi-medence Region\u00e1lis H\u00edrport\u00e1l","url":"https:\/\/dorogimedence.hu\/","logo":{"@type":"ImageObject","inLanguage":"hu","@id":"https:\/\/dorogimedence.hu\/#\/schema\/logo\/image\/","url":"https:\/\/dorogimedence.hu\/wp-content\/uploads\/2021\/04\/logo-feher-600.png","contentUrl":"https:\/\/dorogimedence.hu\/wp-content\/uploads\/2021\/04\/logo-feher-600.png","width":600,"height":100,"caption":"Dorogi-medence Region\u00e1lis H\u00edrport\u00e1l"},"image":{"@id":"https:\/\/dorogimedence.hu\/#\/schema\/logo\/image\/"},"sameAs":["https:\/\/www.facebook.com\/dorogimedence\/"]},{"@type":"Person","@id":"https:\/\/dorogimedence.hu\/#\/schema\/person\/ce6091eeb7e95ecdc87890d6aa8e0fd4","name":"dorogimedence.hu","image":{"@type":"ImageObject","inLanguage":"hu","@id":"\/\/www.gravatar.com\/avatar\/d8d45f8901aadff40a4af72c0b826f1d?s=96&#038;r=g&#038;d=mm","url":"\/\/www.gravatar.com\/avatar\/d8d45f8901aadff40a4af72c0b826f1d?s=96&#038;r=g&#038;d=mm","contentUrl":"\/\/www.gravatar.com\/avatar\/d8d45f8901aadff40a4af72c0b826f1d?s=96&#038;r=g&#038;d=mm","caption":"dorogimedence.hu"}}]}},"_links":{"self":[{"href":"https:\/\/dorogimedence.hu\/index.php\/wp-json\/wp\/v2\/posts\/58138","targetHints":{"allow":["GET"]}}],"collection":[{"href":"https:\/\/dorogimedence.hu\/index.php\/wp-json\/wp\/v2\/posts"}],"about":[{"href":"https:\/\/dorogimedence.hu\/index.php\/wp-json\/wp\/v2\/types\/post"}],"author":[{"embeddable":true,"href":"https:\/\/dorogimedence.hu\/index.php\/wp-json\/wp\/v2\/users\/1"}],"replies":[{"embeddable":true,"href":"https:\/\/dorogimedence.hu\/index.php\/wp-json\/wp\/v2\/comments?post=58138"}],"version-history":[{"count":0,"href":"https:\/\/dorogimedence.hu\/index.php\/wp-json\/wp\/v2\/posts\/58138\/revisions"}],"wp:attachment":[{"href":"https:\/\/dorogimedence.hu\/index.php\/wp-json\/wp\/v2\/media?parent=58138"}],"wp:term":[{"taxonomy":"category","embeddable":true,"href":"https:\/\/dorogimedence.hu\/index.php\/wp-json\/wp\/v2\/categories?post=58138"},{"taxonomy":"post_tag","embeddable":true,"href":"https:\/\/dorogimedence.hu\/index.php\/wp-json\/wp\/v2\/tags?post=58138"}],"curies":[{"name":"wp","href":"https:\/\/api.w.org\/{rel}","templated":true}]}}