{"id":57948,"date":"2023-11-20T16:09:12","date_gmt":"2023-11-20T15:09:12","guid":{"rendered":"https:\/\/dorogimedence.hu\/?p=57948"},"modified":"2023-11-20T16:09:12","modified_gmt":"2023-11-20T15:09:12","slug":"111-eve-szuletett-habsburg-otto","status":"publish","type":"post","link":"https:\/\/dorogimedence.hu\/index.php\/2023\/11\/20\/111-eve-szuletett-habsburg-otto\/","title":{"rendered":"111 \u00e9ve sz\u00fcletett Habsburg Ott\u00f3"},"content":{"rendered":"<p><strong>A \u201e<em>sz\u0151kef\u00fcrt\u00f6s kis tr\u00f3n\u00f6r\u00f6k\u00f6s<\/em>\u201d els\u0151 \u00e9veibe, a Madeir\u00e1ra sz\u00e1m\u0171z\u00f6tt kir\u00e1lyi csal\u00e1d mindennapjaiba, a m\u00fcncheni magyar menek\u00fcltt\u00e1borb\u00f3l indul\u00f3 szerelem \u00e9s h\u00e1zass\u00e1g \u00e9vtizedeibe, valamint Eur\u00f3pa 20. sz\u00e1zadi t\u00f6rt\u00e9nelm\u00e9nek meghat\u00e1roz\u00f3 pillanataiba is bepillant\u00e1st ad a november 20-i h\u00e9ten megjelen\u0151 <em>99 \u00e9v 99 k\u00e9p \u2013 F\u00e9nyk\u00e9pek Habsburg Ott\u00f3 \u00e9let\u00e9b\u0151l<\/em> c\u00edm\u0171 k\u00f6tet. A k\u00fcl\u00f6nleges fot\u00f3k\u00f6nyvvel Habsburg Ott\u00f3 sz\u00fclet\u00e9s\u00e9nek 111. \u00e9vfordul\u00f3j\u00e1t \u00fcnnepli az egykori tr\u00f3n\u00f6r\u00f6k\u00f6s, parlamenti k\u00e9pvisel\u0151 szellemi \u00e9s t\u00e1rgyi hagyat\u00e9k\u00e1t gondoz\u00f3 Habsburg Ott\u00f3 Alap\u00edtv\u00e1ny. <\/strong><\/p>\n<p>A k\u00f6tetben szerepl\u0151 legkor\u00e1bbi fot\u00f3 1912-ben, az als\u00f3-ausztriai Reichenau an der Raxban k\u00e9sz\u00fclt Habsburg Ott\u00f3r\u00f3l, aki sz\u00fclet\u00e9sekor Ferenc Ferdin\u00e1nd \u00e9s \u00e9desapja, K\u00e1roly ut\u00e1n a harmadik helyen \u00e1llt az osztr\u00e1k-magyar tr\u00f3nut\u00f3dl\u00e1si sorban. Alig n\u00e9gy \u00e9vvel k\u00e9s\u0151bb megkoron\u00e1zt\u00e1k IV. K\u00e1rolyt, ezzel a korabeli lapokban csak \u201e<em>sz\u0151kef\u00fcrt\u00f6s kis tr\u00f3n\u00f6r\u00f6k\u00f6sk\u00e9nt<\/em>\u201d emlegetett n\u00e9gy\u00e9ves kisfi\u00fa a korona v\u00e1rom\u00e1nyosa lett \u2013 \u00e1m akkor m\u00e9g senki nem sejthette, hogy az utols\u00f3 magyar kir\u00e1ly \u00e9s osztr\u00e1k cs\u00e1sz\u00e1r legid\u0151sebb fiak\u00e9nt milyen k\u00fcl\u00f6nleges \u00e9letutat j\u00e1r majd be.<\/p>\n<p>A <em>99 \u00e9v 99 k\u00e9p \u2013 F\u00e9nyk\u00e9pek Habsburg Ott\u00f3 \u00e9let\u00e9b\u0151l <\/em>c\u00edm\u0171 fot\u00f3k\u00f6nyv a k\u00e9pek seg\u00edts\u00e9g\u00e9vel, valamint magyar, angol, n\u00e9met, francia \u00e9s spanyol nyelven olvashat\u00f3 magyar\u00e1zatokkal vezet v\u00e9gig Habsburg Ott\u00f3 \u00e9let\u00e9n, kor\u00e1bban nem ismert helysz\u00ednekre is elkalauzolva az olvas\u00f3t. Az egyik felv\u00e9tel azt a pillanatot \u00f6r\u00f6k\u00edtette meg, amikor a Habsburg gyerekek meg\u00e9rkeztek Madeira sziget\u00e9re, sz\u00e1m\u0171zet\u00e9s\u00fck m\u00e1sodik helysz\u00edn\u00e9re. Egy m\u00e1sik f\u00e9nyk\u00e9p alig n\u00e9h\u00e1ny h\u00f3nappal k\u00e9s\u0151bb, a fiatalon elhunyt IV. K\u00e1roly temet\u00e9s\u00e9n k\u00e9sz\u00fclt az akkor t\u00edz\u00e9ves Habsburg Ott\u00f3r\u00f3l, de arr\u00f3l az utols\u00f3 t\u00e9lr\u0151l is tal\u00e1lhatunk felv\u00e9telt, amelyet a testv\u00e9rek \u00e9desanyjukkal, Zita kir\u00e1lyn\u00e9val egy\u00fctt Belgiumban t\u00f6lt\u00f6ttek, miel\u0151tt 1940-ben menek\u00fclni\u00fck kellett volna a n\u00e1ci megsz\u00e1ll\u00e1s el\u0151l.<\/p>\n<p>A k\u00f6tetben szerepel Habsburg Ott\u00f3 \u00e9s Sz\u00e1sz-Meiningeni Regina 1951-es esk\u00fcv\u0151i fot\u00f3ja, illetve azok a felv\u00e9telek is, amelyek Ausztri\u00e1ban k\u00e9sz\u00fcltek az 1960-as \u00e9vekben \u2013 az egykori tr\u00f3n\u00f6r\u00f6k\u00f6s sz\u00e1m\u00e1ra csak n\u00e9gy \u00e9vtizeddel a csal\u00e1d sz\u00e1m\u0171z\u00e9se ut\u00e1n enged\u00e9lyezt\u00e9k, hogy ism\u00e9t sz\u00fcl\u0151f\u00f6ldj\u00e9re l\u00e9phessen. Szimbolikus jelent\u0151s\u00e9g\u0171 az a fot\u00f3 is, amely a berlini faln\u00e1l k\u00e9sz\u00fclt, Habsburg Ott\u00f3 a p\u00e1neur\u00f3pai gondolat z\u00e1szl\u00f3viv\u0151jek\u00e9nt a hidegh\u00e1bor\u00fa \u00e9vtizedei alatt ugyanis mindv\u00e9gig a vasf\u00fcgg\u00f6ny lebont\u00e1sa \u00e9s a Szovjetuni\u00f3 \u00e1ltal megsz\u00e1llt kelet- \u00e9s k\u00f6z\u00e9p-eur\u00f3pai orsz\u00e1gok t\u00e1mogat\u00e1sa mellett foglalt \u00e1ll\u00e1st.<\/p>\n<p>A k\u00f6tet utols\u00f3 fot\u00f3j\u00e1n Habsburg Ott\u00f3 XVI. Benedek p\u00e1pa t\u00e1rsas\u00e1g\u00e1ban l\u00e1that\u00f3, aki \u00edgy b\u00facs\u00faztatta az egykori tr\u00f3n\u00f6r\u00f6k\u00f6st a 2011. j\u00falius 4-\u00e9n bek\u00f6vetkezett hal\u00e1lakor: \u201e<em>Ott\u00f3 f\u0151herceg hossz\u00fa \u00e9s teljes \u00e9let\u00e9ben tan\u00faja volt Eur\u00f3pa t\u00f6rt\u00e9nelm\u00e9nek \u00e9s viszontags\u00e1gainak. Isten el\u0151tti felel\u0151ss\u00e9ggel \u00e9s fontos \u00f6r\u00f6ks\u00e9g\u00e9nek tudat\u00e1ban, nagy eur\u00f3paik\u00e9nt f\u00e1radhatatlanul dolgozott a b\u00e9k\u00e9\u00e9rt, a n\u00e9pek k\u00f6z\u00f6tti \u00f6sszhang\u00e9rt<\/em>\u201d.<\/p>\n<figure id=\"attachment_57950\" aria-describedby=\"caption-attachment-57950\" style=\"width: 1500px\" class=\"wp-caption alignnone\"><img fetchpriority=\"high\" decoding=\"async\" class=\"size-full wp-image-57950\" src=\"https:\/\/dorogimedence.hu\/wp-content\/uploads\/2023\/11\/Habsburg-Otto-testvereivel-Baszkfoldon-1925-korul.jpg\" alt=\"\" width=\"1500\" height=\"925\" srcset=\"https:\/\/dorogimedence.hu\/wp-content\/uploads\/2023\/11\/Habsburg-Otto-testvereivel-Baszkfoldon-1925-korul.jpg 1500w, https:\/\/dorogimedence.hu\/wp-content\/uploads\/2023\/11\/Habsburg-Otto-testvereivel-Baszkfoldon-1925-korul-600x370.jpg 600w, https:\/\/dorogimedence.hu\/wp-content\/uploads\/2023\/11\/Habsburg-Otto-testvereivel-Baszkfoldon-1925-korul-768x474.jpg 768w, https:\/\/dorogimedence.hu\/wp-content\/uploads\/2023\/11\/Habsburg-Otto-testvereivel-Baszkfoldon-1925-korul-150x93.jpg 150w, https:\/\/dorogimedence.hu\/wp-content\/uploads\/2023\/11\/Habsburg-Otto-testvereivel-Baszkfoldon-1925-korul-450x278.jpg 450w, https:\/\/dorogimedence.hu\/wp-content\/uploads\/2023\/11\/Habsburg-Otto-testvereivel-Baszkfoldon-1925-korul-1200x740.jpg 1200w\" sizes=\"(max-width: 1500px) 100vw, 1500px\" \/><figcaption id=\"caption-attachment-57950\" class=\"wp-caption-text\">Habsburg Ott\u00f3 testv\u00e9reivel Baszkf\u00f6ld\u00f6n (1925 k\u00f6r\u00fcl)<\/figcaption><\/figure>\n<p><strong>N\u00e9gy kontinens 23 orsz\u00e1g\u00e1ban k\u00e9sz\u00fcltek f\u00e9nyk\u00e9pek<\/strong><\/p>\n<p>\u201e<em>E k\u00e9pek tan\u00fas\u00e1got tesznek arr\u00f3l, hogy mik\u00e9nt lett Habsburg Ott\u00f3b\u00f3l, a kir\u00e1lyfib\u00f3l \u201egyalogos\u201d. Egy k\u00fcl\u00f6nleges st\u00e1tusz\u00fa, elrendelt sors\u00fa gyermekb\u0151l \u00f6nmag\u00e1t kital\u00e1l\u00f3 \u00e9s megval\u00f3s\u00edt\u00f3 feln\u0151tt. Egy sz\u00e1mtalan szomor\u00fas\u00e1got \u00e1t\u00e9lt fiatal f\u00e9l\u00e1rv\u00e1b\u00f3l der\u0171s, leny\u0171g\u00f6z\u0151 optimizmussal gondolkod\u00f3 ember. Egy sok t\u00f6rt\u00e9nelmi konfliktusban r\u00e9szt vev\u0151 birodalom tr\u00f3n\u00f6r\u00f6k\u00f6s\u00e9b\u0151l eur\u00f3pai politikus. Uralkod\u00f3sarjb\u00f3l sz\u00edvvel-l\u00e9lekkel polg\u00e1r. A vesztes\u00e9gei ellen\u00e9re el\u00e9gedett \u00e9s boldog<\/em>\u201d \u2013 \u00edrja a k\u00f6tet el\u0151szav\u00e1ban Habsburg Ott\u00f3 fia, Habsburg K\u00e1roly.<\/p>\n<p>A <em>99 \u00e9v 99 k\u00e9p \u2013 F\u00e9nyk\u00e9pek Habsburg Ott\u00f3 \u00e9let\u00e9b\u0151l <\/em>c\u00edm\u0171 fot\u00f3k\u00f6nyv alapja a Habsburg Ott\u00f3 hagyat\u00e9k\u00e1t gondoz\u00f3 Habsburg Ott\u00f3 Alap\u00edtv\u00e1ny kezel\u00e9s\u00e9ben l\u00e9v\u0151, mintegy 30.000 darabot sz\u00e1ml\u00e1l\u00f3 fot\u00f3gy\u0171jtem\u00e9ny. D\u00e9k\u00e1ny Szilveszter gy\u0171jtem\u00e9nyi f\u0151munkat\u00e1rs, a k\u00f6tet k\u00e9peinek v\u00e1logat\u00f3ja \u00e9s szerkeszt\u0151je el\u0151szav\u00e1ban \u00edgy fogalmaz: a 2018-ban Budapestre sz\u00e1ll\u00edtott f\u00e9nyk\u00e9panyag legkor\u00e1bbra dat\u00e1lhat\u00f3 k\u00e9pei a 19. sz\u00e1zad v\u00e9g\u00e9n sz\u00fclettek, els\u0151sorban a Habsburg csal\u00e1d tagjair\u00f3l, a legk\u00e9s\u0151bbiek pedig az ezredfordul\u00f3 idej\u00e9n, Habsburg Ott\u00f3 utols\u00f3 \u00e9veinek t\u00e1rsas\u00e1gi \u00e9s csal\u00e1di esem\u00e9nyeit \u00f6r\u00f6k\u00edtik meg. Kifejezetten b\u0151s\u00e9ges az els\u0151 vil\u00e1gh\u00e1bor\u00fa id\u0151szak\u00e1ban k\u00e9sz\u00fclt, IV. K\u00e1roly k\u00fcl\u00f6nb\u00f6z\u0151 frontl\u00e1togat\u00e1sait bemutat\u00f3 k\u00e9panyag, m\u00edg a m\u00e1sodik vil\u00e1gh\u00e1bor\u00fa \u00e9veib\u0151l, f\u0151leg Habsburg Ott\u00f3 amerikai tart\u00f3zkod\u00e1sa idej\u00e9b\u0151l csak elsz\u00f3rtan tal\u00e1lhat\u00f3k fot\u00f3k. A gy\u0171jtem\u00e9ny legnagyobb r\u00e9sz\u00e9t azok a csal\u00e1di \u00e9s hivatali k\u00e9pek alkotj\u00e1k, amelyek a gyermekkor\u00e1t\u00f3l \u00e9s a sz\u00e1m\u0171zet\u00e9s \u00e9veit\u0151l kezd\u0151d\u0151en eg\u00e9szen \u00e9lete v\u00e9g\u00e9ig mutatj\u00e1k be Habsburg Ott\u00f3 mindennapjait.<\/p>\n<figure id=\"attachment_57951\" aria-describedby=\"caption-attachment-57951\" style=\"width: 2038px\" class=\"wp-caption alignnone\"><img decoding=\"async\" class=\"size-full wp-image-57951\" src=\"https:\/\/dorogimedence.hu\/wp-content\/uploads\/2023\/11\/99-ev-99-kep-Fenykepek-Habsburg-Otto-eletebol-scaled.jpg\" alt=\"\" width=\"2038\" height=\"2560\" srcset=\"https:\/\/dorogimedence.hu\/wp-content\/uploads\/2023\/11\/99-ev-99-kep-Fenykepek-Habsburg-Otto-eletebol-scaled.jpg 2038w, https:\/\/dorogimedence.hu\/wp-content\/uploads\/2023\/11\/99-ev-99-kep-Fenykepek-Habsburg-Otto-eletebol-478x600.jpg 478w, https:\/\/dorogimedence.hu\/wp-content\/uploads\/2023\/11\/99-ev-99-kep-Fenykepek-Habsburg-Otto-eletebol-1529x1920.jpg 1529w, https:\/\/dorogimedence.hu\/wp-content\/uploads\/2023\/11\/99-ev-99-kep-Fenykepek-Habsburg-Otto-eletebol-768x965.jpg 768w, https:\/\/dorogimedence.hu\/wp-content\/uploads\/2023\/11\/99-ev-99-kep-Fenykepek-Habsburg-Otto-eletebol-1223x1536.jpg 1223w, https:\/\/dorogimedence.hu\/wp-content\/uploads\/2023\/11\/99-ev-99-kep-Fenykepek-Habsburg-Otto-eletebol-1631x2048.jpg 1631w, https:\/\/dorogimedence.hu\/wp-content\/uploads\/2023\/11\/99-ev-99-kep-Fenykepek-Habsburg-Otto-eletebol-150x188.jpg 150w, https:\/\/dorogimedence.hu\/wp-content\/uploads\/2023\/11\/99-ev-99-kep-Fenykepek-Habsburg-Otto-eletebol-450x565.jpg 450w, https:\/\/dorogimedence.hu\/wp-content\/uploads\/2023\/11\/99-ev-99-kep-Fenykepek-Habsburg-Otto-eletebol-1200x1507.jpg 1200w\" sizes=\"(max-width: 2038px) 100vw, 2038px\" \/><figcaption id=\"caption-attachment-57951\" class=\"wp-caption-text\">99 \u00e9v 99 k\u00e9p &#8211; F\u00e9nyk\u00e9pek Habsburg Ott\u00f3 \u00e9let\u00e9b\u0151l<\/figcaption><\/figure>\n<p>A gazdag k\u00e9panyagot Martyn Rady, a University College London professzora, <em>A Habsburgok<\/em> c\u00edm\u0171 k\u00f6nyv szerz\u0151j\u00e9nek tanulm\u00e1nya eg\u00e9sz\u00edti ki. \u201e<em>A f\u00e9nyk\u00e9pek el\u00e1rulnak valamit a t\u00f6rt\u00e9netb\u0151l: Ott\u00f3 f\u00e1radhatatlan utaz\u00e1sair\u00f3l, Sz\u00e1sz\u2013Meiningeni Regin\u00e1val k\u00f6z\u00f6s h\u00e1zas\u00e9let\u00e9nek harm\u00f3ni\u00e1j\u00e1r\u00f3l, otthonoss\u00e1g\u00e1r\u00f3l, az aut\u00f3k ir\u00e1nti rajong\u00e1s\u00e1r\u00f3l (ebben a szenved\u00e9ly\u00e9ben osztozott Ferenc J\u00f3zseffel), \u00e9s Magyarorsz\u00e1g ir\u00e1nti kitart\u00f3 szeretet\u00e9r\u0151l. A f\u00e9nyk\u00e9pek mes\u00e9lnek szer\u00e9nys\u00e9g\u00e9r\u0151l, de szem\u00e9lyes b\u00e1tors\u00e1g\u00e1r\u00f3l nem \u2013 \u00edgy arr\u00f3l sem, hogy r\u00e9szt vett 1940-ben, a n\u00e1cik \u00e1ltal megsz\u00e1llt Eur\u00f3p\u00e1b\u00f3l, a Gestapo el\u0151l menek\u00fcl\u0151 10 000 ember Portug\u00e1li\u00e1ba sz\u00f6ktet\u00e9s\u00e9ben; sem arr\u00f3l, hogy 1997-ben a szerb fegyveresek fenyeget\u00e9seivel dacolva Szarajev\u00f3ba l\u00e1togatott<\/em>\u201d \u2013 \u00edrja.<\/p>\n<p>A Helikon Kiad\u00f3 gondoz\u00e1s\u00e1ban megjelen\u0151 k\u00f6tet az \u00e9vfordul\u00f3hoz kapcsol\u00f3d\u00f3an, a november 20-i h\u00e9tt\u0151l megv\u00e1s\u00e1rolhat\u00f3 a k\u00f6nyvesboltokban. Az egykori tr\u00f3n\u00f6r\u00f6k\u00f6s, a dinasztia feje, az elhivatott parlamenti k\u00e9pvisel\u0151 \u00e9let\u00e9t bemutat\u00f3 v\u00e1logat\u00e1s nem csak a t\u00f6rt\u00e9nelem \u00e9s a fotogr\u00e1fia ir\u00e1nt \u00e9rdekl\u0151d\u0151k sz\u00e1m\u00e1ra lehet k\u00fcl\u00f6nleges kar\u00e1csonyi aj\u00e1nd\u00e9k.<\/p>\n<p><em>A Habsburg Ott\u00f3 Alap\u00edtv\u00e1ny els\u0151dleges c\u00e9lja n\u00e9vad\u00f3ja szellemi \u00e9s t\u00e1rgyi \u00f6r\u00f6ks\u00e9g\u00e9nek m\u00e9lt\u00f3 m\u00f3don t\u00f6rt\u00e9n\u0151 meg\u00f3v\u00e1sa, egys\u00e9ges gy\u0171jtem\u00e9nny\u00e9 rendez\u00e9se, feldolgoz\u00e1sa \u00e9s kutathat\u00f3s\u00e1g\u00e1nak biztos\u00edt\u00e1sa. Egy\u00fattal a Habsburg Ott\u00f3 \u00edr\u00e1saira reflekt\u00e1l\u00f3 kiadv\u00e1nyok \u00e9s&nbsp;rendezv\u00e9nyek mellett az Alap\u00edtv\u00e1ny tev\u00e9kenys\u00e9ge a nemzetk\u00f6zi diplom\u00e1cia, az eur\u00f3pai integr\u00e1ci\u00f3, a kereszt\u00e9nydemokrata politiz\u00e1l\u00e1s \u00e9s a k\u00f6z\u00e9p-eur\u00f3pai egy\u00fcttm\u0171k\u00f6d\u00e9s k\u00e9rd\u00e9seire \u00f6sszpontos\u00edt. B\u0151vebb inform\u00e1ci\u00f3 az Alap\u00edtv\u00e1nyr\u00f3l a szervezet <a href=\"https:\/\/habsburgottoalapitvany.hu\" target=\"_blank\" rel=\"noopener\"><span style=\"text-decoration: underline; color: #0000ff;\">honlapj\u00e1n<\/span><\/a>.<\/em><\/p>\n","protected":false},"excerpt":{"rendered":"<p>A \u201esz\u0151kef\u00fcrt\u00f6s kis tr\u00f3n\u00f6r\u00f6k\u00f6s\u201d els\u0151 \u00e9veibe, a Madeir\u00e1ra sz\u00e1m\u0171z\u00f6tt kir\u00e1lyi csal\u00e1d mindennapjaiba, a m\u00fcncheni magyar menek\u00fcltt\u00e1borb\u00f3l indul\u00f3 szerelem \u00e9s h\u00e1zass\u00e1g \u00e9vtizedeibe, valamint Eur\u00f3pa 20. sz\u00e1zadi t\u00f6rt\u00e9nelm\u00e9nek meghat\u00e1roz\u00f3 pillanataiba is bepillant\u00e1st ad a november 20-i h\u00e9ten megjelen\u0151 99 \u00e9v 99 k\u00e9p \u2013 F\u00e9nyk\u00e9pek Habsburg Ott\u00f3 \u00e9let\u00e9b\u0151l c\u00edm\u0171 k\u00f6tet. A k\u00fcl\u00f6nleges fot\u00f3k\u00f6nyvvel Habsburg Ott\u00f3 sz\u00fclet\u00e9s\u00e9nek 111. \u00e9vfordul\u00f3j\u00e1t<\/p>\n","protected":false},"author":1,"featured_media":57949,"comment_status":"closed","ping_status":"closed","sticky":false,"template":"","format":"standard","meta":{"ngg_post_thumbnail":0,"footnotes":""},"categories":[3,6948],"tags":[6929],"class_list":{"0":"post-57948","1":"post","2":"type-post","3":"status-publish","4":"format-standard","5":"has-post-thumbnail","7":"category-hirek","8":"category-szines","9":"tag-habsburg-otto"},"yoast_head":"<!-- This site is optimized with the Yoast SEO plugin v27.5 - https:\/\/yoast.com\/product\/yoast-seo-wordpress\/ -->\n<title>111 \u00e9ve sz\u00fcletett Habsburg Ott\u00f3<\/title>\n<meta name=\"robots\" content=\"index, follow, max-snippet:-1, max-image-preview:large, max-video-preview:-1\" \/>\n<link rel=\"canonical\" href=\"https:\/\/dorogimedence.hu\/index.php\/2023\/11\/20\/111-eve-szuletett-habsburg-otto\/\" class=\"yoast-seo-meta-tag\" \/>\n<meta property=\"og:locale\" content=\"hu_HU\" class=\"yoast-seo-meta-tag\" \/>\n<meta property=\"og:type\" content=\"article\" class=\"yoast-seo-meta-tag\" \/>\n<meta property=\"og:title\" content=\"111 \u00e9ve sz\u00fcletett Habsburg Ott\u00f3\" class=\"yoast-seo-meta-tag\" \/>\n<meta property=\"og:description\" content=\"A \u201esz\u0151kef\u00fcrt\u00f6s kis tr\u00f3n\u00f6r\u00f6k\u00f6s\u201d els\u0151 \u00e9veibe, a Madeir\u00e1ra sz\u00e1m\u0171z\u00f6tt kir\u00e1lyi csal\u00e1d mindennapjaiba, a m\u00fcncheni magyar menek\u00fcltt\u00e1borb\u00f3l indul\u00f3 szerelem \u00e9s h\u00e1zass\u00e1g \u00e9vtizedeibe, valamint Eur\u00f3pa 20. sz\u00e1zadi t\u00f6rt\u00e9nelm\u00e9nek meghat\u00e1roz\u00f3 pillanataiba is bepillant\u00e1st ad a november 20-i h\u00e9ten megjelen\u0151 99 \u00e9v 99 k\u00e9p \u2013 F\u00e9nyk\u00e9pek Habsburg Ott\u00f3 \u00e9let\u00e9b\u0151l c\u00edm\u0171 k\u00f6tet. A k\u00fcl\u00f6nleges fot\u00f3k\u00f6nyvvel Habsburg Ott\u00f3 sz\u00fclet\u00e9s\u00e9nek 111. \u00e9vfordul\u00f3j\u00e1t\" class=\"yoast-seo-meta-tag\" \/>\n<meta property=\"og:url\" content=\"https:\/\/dorogimedence.hu\/index.php\/2023\/11\/20\/111-eve-szuletett-habsburg-otto\/\" class=\"yoast-seo-meta-tag\" \/>\n<meta property=\"og:site_name\" content=\"Dorogi-medence Region\u00e1lis H\u00edrport\u00e1l\" class=\"yoast-seo-meta-tag\" \/>\n<meta property=\"article:publisher\" content=\"https:\/\/www.facebook.com\/dorogimedence\/\" class=\"yoast-seo-meta-tag\" \/>\n<meta property=\"article:published_time\" content=\"2023-11-20T15:09:12+00:00\" class=\"yoast-seo-meta-tag\" \/>\n<meta property=\"og:image\" content=\"https:\/\/dorogimedence.hu\/wp-content\/uploads\/2023\/11\/Habsburg-Otto-es-Szasz-Meiningeni-Regina-Parizsban-1951.jpg\" class=\"yoast-seo-meta-tag\" \/>\n\t<meta property=\"og:image:width\" content=\"1500\" class=\"yoast-seo-meta-tag\" \/>\n\t<meta property=\"og:image:height\" content=\"1042\" class=\"yoast-seo-meta-tag\" \/>\n\t<meta property=\"og:image:type\" content=\"image\/jpeg\" class=\"yoast-seo-meta-tag\" \/>\n<meta name=\"author\" content=\"dorogimedence.hu\" class=\"yoast-seo-meta-tag\" \/>\n<meta name=\"twitter:card\" content=\"summary_large_image\" class=\"yoast-seo-meta-tag\" \/>\n<meta name=\"twitter:label1\" content=\"Szerz\u0151:\" class=\"yoast-seo-meta-tag\" \/>\n\t<meta name=\"twitter:data1\" content=\"dorogimedence.hu\" class=\"yoast-seo-meta-tag\" \/>\n\t<meta name=\"twitter:label2\" content=\"Becs\u00fclt olvas\u00e1si id\u0151\" class=\"yoast-seo-meta-tag\" \/>\n\t<meta name=\"twitter:data2\" content=\"7 perc\" class=\"yoast-seo-meta-tag\" \/>\n<script type=\"application\/ld+json\" class=\"yoast-schema-graph\">{\"@context\":\"https:\\\/\\\/schema.org\",\"@graph\":[{\"@type\":\"Article\",\"@id\":\"https:\\\/\\\/dorogimedence.hu\\\/index.php\\\/2023\\\/11\\\/20\\\/111-eve-szuletett-habsburg-otto\\\/#article\",\"isPartOf\":{\"@id\":\"https:\\\/\\\/dorogimedence.hu\\\/index.php\\\/2023\\\/11\\\/20\\\/111-eve-szuletett-habsburg-otto\\\/\"},\"author\":{\"name\":\"dorogimedence.hu\",\"@id\":\"https:\\\/\\\/dorogimedence.hu\\\/#\\\/schema\\\/person\\\/ce6091eeb7e95ecdc87890d6aa8e0fd4\"},\"headline\":\"111 \u00e9ve sz\u00fcletett Habsburg Ott\u00f3\",\"datePublished\":\"2023-11-20T15:09:12+00:00\",\"mainEntityOfPage\":{\"@id\":\"https:\\\/\\\/dorogimedence.hu\\\/index.php\\\/2023\\\/11\\\/20\\\/111-eve-szuletett-habsburg-otto\\\/\"},\"wordCount\":1371,\"publisher\":{\"@id\":\"https:\\\/\\\/dorogimedence.hu\\\/#organization\"},\"image\":{\"@id\":\"https:\\\/\\\/dorogimedence.hu\\\/index.php\\\/2023\\\/11\\\/20\\\/111-eve-szuletett-habsburg-otto\\\/#primaryimage\"},\"thumbnailUrl\":\"https:\\\/\\\/dorogimedence.hu\\\/wp-content\\\/uploads\\\/2023\\\/11\\\/Habsburg-Otto-es-Szasz-Meiningeni-Regina-Parizsban-1951.jpg\",\"keywords\":[\"Habsburg Ott\u00f3\"],\"articleSection\":[\"H\u00edrek\",\"Sz\u00ednes\"],\"inLanguage\":\"hu\"},{\"@type\":\"WebPage\",\"@id\":\"https:\\\/\\\/dorogimedence.hu\\\/index.php\\\/2023\\\/11\\\/20\\\/111-eve-szuletett-habsburg-otto\\\/\",\"url\":\"https:\\\/\\\/dorogimedence.hu\\\/index.php\\\/2023\\\/11\\\/20\\\/111-eve-szuletett-habsburg-otto\\\/\",\"name\":\"111 \u00e9ve sz\u00fcletett Habsburg Ott\u00f3\",\"isPartOf\":{\"@id\":\"https:\\\/\\\/dorogimedence.hu\\\/#website\"},\"primaryImageOfPage\":{\"@id\":\"https:\\\/\\\/dorogimedence.hu\\\/index.php\\\/2023\\\/11\\\/20\\\/111-eve-szuletett-habsburg-otto\\\/#primaryimage\"},\"image\":{\"@id\":\"https:\\\/\\\/dorogimedence.hu\\\/index.php\\\/2023\\\/11\\\/20\\\/111-eve-szuletett-habsburg-otto\\\/#primaryimage\"},\"thumbnailUrl\":\"https:\\\/\\\/dorogimedence.hu\\\/wp-content\\\/uploads\\\/2023\\\/11\\\/Habsburg-Otto-es-Szasz-Meiningeni-Regina-Parizsban-1951.jpg\",\"datePublished\":\"2023-11-20T15:09:12+00:00\",\"breadcrumb\":{\"@id\":\"https:\\\/\\\/dorogimedence.hu\\\/index.php\\\/2023\\\/11\\\/20\\\/111-eve-szuletett-habsburg-otto\\\/#breadcrumb\"},\"inLanguage\":\"hu\",\"potentialAction\":[{\"@type\":\"ReadAction\",\"target\":[\"https:\\\/\\\/dorogimedence.hu\\\/index.php\\\/2023\\\/11\\\/20\\\/111-eve-szuletett-habsburg-otto\\\/\"]}]},{\"@type\":\"ImageObject\",\"inLanguage\":\"hu\",\"@id\":\"https:\\\/\\\/dorogimedence.hu\\\/index.php\\\/2023\\\/11\\\/20\\\/111-eve-szuletett-habsburg-otto\\\/#primaryimage\",\"url\":\"https:\\\/\\\/dorogimedence.hu\\\/wp-content\\\/uploads\\\/2023\\\/11\\\/Habsburg-Otto-es-Szasz-Meiningeni-Regina-Parizsban-1951.jpg\",\"contentUrl\":\"https:\\\/\\\/dorogimedence.hu\\\/wp-content\\\/uploads\\\/2023\\\/11\\\/Habsburg-Otto-es-Szasz-Meiningeni-Regina-Parizsban-1951.jpg\",\"width\":1500,\"height\":1042,\"caption\":\"Habsburg Ott\u00f3 \u00e9s Sz\u00e1sz-Meiningeni Regina P\u00e1rizsban (1951)\"},{\"@type\":\"BreadcrumbList\",\"@id\":\"https:\\\/\\\/dorogimedence.hu\\\/index.php\\\/2023\\\/11\\\/20\\\/111-eve-szuletett-habsburg-otto\\\/#breadcrumb\",\"itemListElement\":[{\"@type\":\"ListItem\",\"position\":1,\"name\":\"Kezd\u0151lap\",\"item\":\"https:\\\/\\\/dorogimedence.hu\\\/\"},{\"@type\":\"ListItem\",\"position\":2,\"name\":\"111 \u00e9ve sz\u00fcletett Habsburg Ott\u00f3\"}]},{\"@type\":\"WebSite\",\"@id\":\"https:\\\/\\\/dorogimedence.hu\\\/#website\",\"url\":\"https:\\\/\\\/dorogimedence.hu\\\/\",\"name\":\"Dorogi-medence Region\u00e1lis H\u00edrport\u00e1l\",\"description\":\"Dorog, Keszt\u00f6lc, Le\u00e1nyv\u00e1r, Piliscs\u00e9v, Tokod, Tokodalt\u00e1r\u00f3, Csolnok, Esztergom-kertv\u00e1ros: h\u00edrek, programok\",\"publisher\":{\"@id\":\"https:\\\/\\\/dorogimedence.hu\\\/#organization\"},\"potentialAction\":[{\"@type\":\"SearchAction\",\"target\":{\"@type\":\"EntryPoint\",\"urlTemplate\":\"https:\\\/\\\/dorogimedence.hu\\\/?s={search_term_string}\"},\"query-input\":{\"@type\":\"PropertyValueSpecification\",\"valueRequired\":true,\"valueName\":\"search_term_string\"}}],\"inLanguage\":\"hu\"},{\"@type\":\"Organization\",\"@id\":\"https:\\\/\\\/dorogimedence.hu\\\/#organization\",\"name\":\"Dorogi-medence Region\u00e1lis H\u00edrport\u00e1l\",\"url\":\"https:\\\/\\\/dorogimedence.hu\\\/\",\"logo\":{\"@type\":\"ImageObject\",\"inLanguage\":\"hu\",\"@id\":\"https:\\\/\\\/dorogimedence.hu\\\/#\\\/schema\\\/logo\\\/image\\\/\",\"url\":\"https:\\\/\\\/dorogimedence.hu\\\/wp-content\\\/uploads\\\/2021\\\/04\\\/logo-feher-600.png\",\"contentUrl\":\"https:\\\/\\\/dorogimedence.hu\\\/wp-content\\\/uploads\\\/2021\\\/04\\\/logo-feher-600.png\",\"width\":600,\"height\":100,\"caption\":\"Dorogi-medence Region\u00e1lis H\u00edrport\u00e1l\"},\"image\":{\"@id\":\"https:\\\/\\\/dorogimedence.hu\\\/#\\\/schema\\\/logo\\\/image\\\/\"},\"sameAs\":[\"https:\\\/\\\/www.facebook.com\\\/dorogimedence\\\/\"]},{\"@type\":\"Person\",\"@id\":\"https:\\\/\\\/dorogimedence.hu\\\/#\\\/schema\\\/person\\\/ce6091eeb7e95ecdc87890d6aa8e0fd4\",\"name\":\"dorogimedence.hu\",\"image\":{\"@type\":\"ImageObject\",\"inLanguage\":\"hu\",\"@id\":\"\\\/\\\/www.gravatar.com\\\/avatar\\\/d8d45f8901aadff40a4af72c0b826f1d?s=96&#038;r=g&#038;d=mm\",\"url\":\"\\\/\\\/www.gravatar.com\\\/avatar\\\/d8d45f8901aadff40a4af72c0b826f1d?s=96&#038;r=g&#038;d=mm\",\"contentUrl\":\"\\\/\\\/www.gravatar.com\\\/avatar\\\/d8d45f8901aadff40a4af72c0b826f1d?s=96&#038;r=g&#038;d=mm\",\"caption\":\"dorogimedence.hu\"}}]}<\/script>\n<!-- \/ Yoast SEO plugin. -->","yoast_head_json":{"title":"111 \u00e9ve sz\u00fcletett Habsburg Ott\u00f3","robots":{"index":"index","follow":"follow","max-snippet":"max-snippet:-1","max-image-preview":"max-image-preview:large","max-video-preview":"max-video-preview:-1"},"canonical":"https:\/\/dorogimedence.hu\/index.php\/2023\/11\/20\/111-eve-szuletett-habsburg-otto\/","og_locale":"hu_HU","og_type":"article","og_title":"111 \u00e9ve sz\u00fcletett Habsburg Ott\u00f3","og_description":"A \u201esz\u0151kef\u00fcrt\u00f6s kis tr\u00f3n\u00f6r\u00f6k\u00f6s\u201d els\u0151 \u00e9veibe, a Madeir\u00e1ra sz\u00e1m\u0171z\u00f6tt kir\u00e1lyi csal\u00e1d mindennapjaiba, a m\u00fcncheni magyar menek\u00fcltt\u00e1borb\u00f3l indul\u00f3 szerelem \u00e9s h\u00e1zass\u00e1g \u00e9vtizedeibe, valamint Eur\u00f3pa 20. sz\u00e1zadi t\u00f6rt\u00e9nelm\u00e9nek meghat\u00e1roz\u00f3 pillanataiba is bepillant\u00e1st ad a november 20-i h\u00e9ten megjelen\u0151 99 \u00e9v 99 k\u00e9p \u2013 F\u00e9nyk\u00e9pek Habsburg Ott\u00f3 \u00e9let\u00e9b\u0151l c\u00edm\u0171 k\u00f6tet. A k\u00fcl\u00f6nleges fot\u00f3k\u00f6nyvvel Habsburg Ott\u00f3 sz\u00fclet\u00e9s\u00e9nek 111. \u00e9vfordul\u00f3j\u00e1t","og_url":"https:\/\/dorogimedence.hu\/index.php\/2023\/11\/20\/111-eve-szuletett-habsburg-otto\/","og_site_name":"Dorogi-medence Region\u00e1lis H\u00edrport\u00e1l","article_publisher":"https:\/\/www.facebook.com\/dorogimedence\/","article_published_time":"2023-11-20T15:09:12+00:00","og_image":[{"width":1500,"height":1042,"url":"https:\/\/dorogimedence.hu\/wp-content\/uploads\/2023\/11\/Habsburg-Otto-es-Szasz-Meiningeni-Regina-Parizsban-1951.jpg","type":"image\/jpeg"}],"author":"dorogimedence.hu","twitter_card":"summary_large_image","twitter_misc":{"Szerz\u0151:":"dorogimedence.hu","Becs\u00fclt olvas\u00e1si id\u0151":"7 perc"},"schema":{"@context":"https:\/\/schema.org","@graph":[{"@type":"Article","@id":"https:\/\/dorogimedence.hu\/index.php\/2023\/11\/20\/111-eve-szuletett-habsburg-otto\/#article","isPartOf":{"@id":"https:\/\/dorogimedence.hu\/index.php\/2023\/11\/20\/111-eve-szuletett-habsburg-otto\/"},"author":{"name":"dorogimedence.hu","@id":"https:\/\/dorogimedence.hu\/#\/schema\/person\/ce6091eeb7e95ecdc87890d6aa8e0fd4"},"headline":"111 \u00e9ve sz\u00fcletett Habsburg Ott\u00f3","datePublished":"2023-11-20T15:09:12+00:00","mainEntityOfPage":{"@id":"https:\/\/dorogimedence.hu\/index.php\/2023\/11\/20\/111-eve-szuletett-habsburg-otto\/"},"wordCount":1371,"publisher":{"@id":"https:\/\/dorogimedence.hu\/#organization"},"image":{"@id":"https:\/\/dorogimedence.hu\/index.php\/2023\/11\/20\/111-eve-szuletett-habsburg-otto\/#primaryimage"},"thumbnailUrl":"https:\/\/dorogimedence.hu\/wp-content\/uploads\/2023\/11\/Habsburg-Otto-es-Szasz-Meiningeni-Regina-Parizsban-1951.jpg","keywords":["Habsburg Ott\u00f3"],"articleSection":["H\u00edrek","Sz\u00ednes"],"inLanguage":"hu"},{"@type":"WebPage","@id":"https:\/\/dorogimedence.hu\/index.php\/2023\/11\/20\/111-eve-szuletett-habsburg-otto\/","url":"https:\/\/dorogimedence.hu\/index.php\/2023\/11\/20\/111-eve-szuletett-habsburg-otto\/","name":"111 \u00e9ve sz\u00fcletett Habsburg Ott\u00f3","isPartOf":{"@id":"https:\/\/dorogimedence.hu\/#website"},"primaryImageOfPage":{"@id":"https:\/\/dorogimedence.hu\/index.php\/2023\/11\/20\/111-eve-szuletett-habsburg-otto\/#primaryimage"},"image":{"@id":"https:\/\/dorogimedence.hu\/index.php\/2023\/11\/20\/111-eve-szuletett-habsburg-otto\/#primaryimage"},"thumbnailUrl":"https:\/\/dorogimedence.hu\/wp-content\/uploads\/2023\/11\/Habsburg-Otto-es-Szasz-Meiningeni-Regina-Parizsban-1951.jpg","datePublished":"2023-11-20T15:09:12+00:00","breadcrumb":{"@id":"https:\/\/dorogimedence.hu\/index.php\/2023\/11\/20\/111-eve-szuletett-habsburg-otto\/#breadcrumb"},"inLanguage":"hu","potentialAction":[{"@type":"ReadAction","target":["https:\/\/dorogimedence.hu\/index.php\/2023\/11\/20\/111-eve-szuletett-habsburg-otto\/"]}]},{"@type":"ImageObject","inLanguage":"hu","@id":"https:\/\/dorogimedence.hu\/index.php\/2023\/11\/20\/111-eve-szuletett-habsburg-otto\/#primaryimage","url":"https:\/\/dorogimedence.hu\/wp-content\/uploads\/2023\/11\/Habsburg-Otto-es-Szasz-Meiningeni-Regina-Parizsban-1951.jpg","contentUrl":"https:\/\/dorogimedence.hu\/wp-content\/uploads\/2023\/11\/Habsburg-Otto-es-Szasz-Meiningeni-Regina-Parizsban-1951.jpg","width":1500,"height":1042,"caption":"Habsburg Ott\u00f3 \u00e9s Sz\u00e1sz-Meiningeni Regina P\u00e1rizsban (1951)"},{"@type":"BreadcrumbList","@id":"https:\/\/dorogimedence.hu\/index.php\/2023\/11\/20\/111-eve-szuletett-habsburg-otto\/#breadcrumb","itemListElement":[{"@type":"ListItem","position":1,"name":"Kezd\u0151lap","item":"https:\/\/dorogimedence.hu\/"},{"@type":"ListItem","position":2,"name":"111 \u00e9ve sz\u00fcletett Habsburg Ott\u00f3"}]},{"@type":"WebSite","@id":"https:\/\/dorogimedence.hu\/#website","url":"https:\/\/dorogimedence.hu\/","name":"Dorogi-medence Region\u00e1lis H\u00edrport\u00e1l","description":"Dorog, Keszt\u00f6lc, Le\u00e1nyv\u00e1r, Piliscs\u00e9v, Tokod, Tokodalt\u00e1r\u00f3, Csolnok, Esztergom-kertv\u00e1ros: h\u00edrek, programok","publisher":{"@id":"https:\/\/dorogimedence.hu\/#organization"},"potentialAction":[{"@type":"SearchAction","target":{"@type":"EntryPoint","urlTemplate":"https:\/\/dorogimedence.hu\/?s={search_term_string}"},"query-input":{"@type":"PropertyValueSpecification","valueRequired":true,"valueName":"search_term_string"}}],"inLanguage":"hu"},{"@type":"Organization","@id":"https:\/\/dorogimedence.hu\/#organization","name":"Dorogi-medence Region\u00e1lis H\u00edrport\u00e1l","url":"https:\/\/dorogimedence.hu\/","logo":{"@type":"ImageObject","inLanguage":"hu","@id":"https:\/\/dorogimedence.hu\/#\/schema\/logo\/image\/","url":"https:\/\/dorogimedence.hu\/wp-content\/uploads\/2021\/04\/logo-feher-600.png","contentUrl":"https:\/\/dorogimedence.hu\/wp-content\/uploads\/2021\/04\/logo-feher-600.png","width":600,"height":100,"caption":"Dorogi-medence Region\u00e1lis H\u00edrport\u00e1l"},"image":{"@id":"https:\/\/dorogimedence.hu\/#\/schema\/logo\/image\/"},"sameAs":["https:\/\/www.facebook.com\/dorogimedence\/"]},{"@type":"Person","@id":"https:\/\/dorogimedence.hu\/#\/schema\/person\/ce6091eeb7e95ecdc87890d6aa8e0fd4","name":"dorogimedence.hu","image":{"@type":"ImageObject","inLanguage":"hu","@id":"\/\/www.gravatar.com\/avatar\/d8d45f8901aadff40a4af72c0b826f1d?s=96&#038;r=g&#038;d=mm","url":"\/\/www.gravatar.com\/avatar\/d8d45f8901aadff40a4af72c0b826f1d?s=96&#038;r=g&#038;d=mm","contentUrl":"\/\/www.gravatar.com\/avatar\/d8d45f8901aadff40a4af72c0b826f1d?s=96&#038;r=g&#038;d=mm","caption":"dorogimedence.hu"}}]}},"_links":{"self":[{"href":"https:\/\/dorogimedence.hu\/index.php\/wp-json\/wp\/v2\/posts\/57948","targetHints":{"allow":["GET"]}}],"collection":[{"href":"https:\/\/dorogimedence.hu\/index.php\/wp-json\/wp\/v2\/posts"}],"about":[{"href":"https:\/\/dorogimedence.hu\/index.php\/wp-json\/wp\/v2\/types\/post"}],"author":[{"embeddable":true,"href":"https:\/\/dorogimedence.hu\/index.php\/wp-json\/wp\/v2\/users\/1"}],"replies":[{"embeddable":true,"href":"https:\/\/dorogimedence.hu\/index.php\/wp-json\/wp\/v2\/comments?post=57948"}],"version-history":[{"count":0,"href":"https:\/\/dorogimedence.hu\/index.php\/wp-json\/wp\/v2\/posts\/57948\/revisions"}],"wp:featuredmedia":[{"embeddable":true,"href":"https:\/\/dorogimedence.hu\/index.php\/wp-json\/wp\/v2\/media\/57949"}],"wp:attachment":[{"href":"https:\/\/dorogimedence.hu\/index.php\/wp-json\/wp\/v2\/media?parent=57948"}],"wp:term":[{"taxonomy":"category","embeddable":true,"href":"https:\/\/dorogimedence.hu\/index.php\/wp-json\/wp\/v2\/categories?post=57948"},{"taxonomy":"post_tag","embeddable":true,"href":"https:\/\/dorogimedence.hu\/index.php\/wp-json\/wp\/v2\/tags?post=57948"}],"curies":[{"name":"wp","href":"https:\/\/api.w.org\/{rel}","templated":true}]}}