{"id":57794,"date":"2023-11-14T16:36:50","date_gmt":"2023-11-14T15:36:50","guid":{"rendered":"https:\/\/dorogimedence.hu\/?p=57794"},"modified":"2023-11-14T16:36:50","modified_gmt":"2023-11-14T15:36:50","slug":"orszagos-felmeressel-zarult-a-volanbusz-ha-megutod-leulod-figyelemfelhivo-kampanya","status":"publish","type":"post","link":"https:\/\/dorogimedence.hu\/index.php\/2023\/11\/14\/orszagos-felmeressel-zarult-a-volanbusz-ha-megutod-leulod-figyelemfelhivo-kampanya\/","title":{"rendered":"Orsz\u00e1gos felm\u00e9r\u00e9ssel z\u00e1rult a Vol\u00e1nbusz Ha meg\u00fct\u00f6d, le\u00fcl\u00f6d! figyelemfelh\u00edv\u00f3 kamp\u00e1nya"},"content":{"rendered":"<p><strong>\u00c9rz\u00e9kelhet\u0151en n\u0151tt az aut\u00f3busz-vezet\u0151k ellen ir\u00e1nyul\u00f3 er\u0151szakos cselekm\u00e9nyek sz\u00e1ma az elm\u00falt \u00e9vekben \u2013 der\u00fcl ki abb\u00f3l a nem reprezentat\u00edv felm\u00e9r\u00e9sb\u0151l, amelyet a Vol\u00e1nbusz v\u00e9gzett okt\u00f3berben aut\u00f3busz-vezet\u0151i k\u00f6r\u00e9ben. Az \u00f6nk\u00e9ntes v\u00e1laszad\u00f3k t\u00f6bb mint 77 sz\u00e1zal\u00e9ka \u00e9rzi \u00fagy a munk\u00e1ban t\u00f6lt\u00f6tt \u00e9vek tapasztalatai alapj\u00e1n, hogy a helyzet m\u00e1ra l\u00e9nyegesen s\u00falyosabb\u00e1 v\u00e1lt ezen a t\u00e9ren a kor\u00e1bbi id\u0151szakokhoz k\u00e9pest. Az online k\u00e9rd\u0151\u00edvet kit\u00f6lt\u0151k 88 sz\u00e1zal\u00e9k\u00e1t \u00e9rte m\u00e1r sz\u00f3beli agresszi\u00f3, egyharmadukkal szemben pedig fizikai er\u0151szakot is elk\u00f6vettek az utasok. <\/strong><\/p>\n<p>Az \u00f6nk\u00e9ntes v\u00e1laszad\u00e1son alapul\u00f3 k\u00e9rd\u0151\u00edves felm\u00e9r\u00e9st m\u00e9g 2023 okt\u00f3ber\u00e9ben ind\u00edtotta el a Vol\u00e1nbusz aut\u00f3busz-vezet\u0151i k\u00f6r\u00e9ben, a <strong>Ha meg\u00fct\u00f6d, le\u00fcl\u00f6d!<\/strong> elnevez\u00e9s\u0171 figyelemfelh\u00edv\u00f3 kamp\u00e1ny keret\u00e9ben. (A kamp\u00e1nyt a <a href=\"https:\/\/www.volanbusz.hu\/hu\/volanbusz\/sajtokozlemenyek\/hir\/41597\" target=\"_blank\" rel=\"noopener\"><span style=\"text-decoration: underline; color: #0000ff;\">M\u00c1V<\/span><\/a><span style=\"text-decoration: underline; color: #0000ff;\"><a style=\"color: #0000ff; text-decoration: underline;\" href=\"https:\/\/www.volanbusz.hu\/hu\/volanbusz\/sajtokozlemenyek\/hir\/41597\">&#8211;<\/a><a style=\"color: #0000ff; text-decoration: underline;\" href=\"https:\/\/www.volanbusz.hu\/hu\/volanbusz\/sajtokozlemenyek\/hir\/41597\">VOL\u00c1N<\/a><a style=\"color: #0000ff; text-decoration: underline;\" href=\"https:\/\/www.volanbusz.hu\/hu\/volanbusz\/sajtokozlemenyek\/hir\/41597\">&#8211;<\/a><a style=\"color: #0000ff; text-decoration: underline;\" href=\"https:\/\/www.volanbusz.hu\/hu\/volanbusz\/sajtokozlemenyek\/hir\/41597\">csoport hirdette meg<\/a><\/span> a k\u00f6zfeladatot ell\u00e1t\u00f3 munkav\u00e1llal\u00f3k elleni t\u00e1mad\u00e1sok megel\u0151z\u00e9s\u00e9re.) Az online k\u00e9rd\u0151\u00edvet t\u00f6bb sz\u00e1z buszvezet\u0151 t\u00f6lt\u00f6tte ki.<\/p>\n<p>A v\u00e1laszad\u00f3k 41 sz\u00e1zal\u00e9ka szerint a konfliktusos helyzetek els\u0151sorban abb\u00f3l ad\u00f3dnak, hogy az utas nem rendelkezik megfelel\u0151 utaz\u00e1si jogosults\u00e1ggal, magyar\u00e1n nincs \u00e9rv\u00e9nyes jegye, b\u00e9rlete, vagy az ig\u00e9nybe vett kedvezm\u00e9nyre val\u00f3 jogosults\u00e1g\u00e1t nem tudja igazolni az el\u0151\u00edrt dokumentummal, igazolv\u00e1nnyal. A kit\u00f6lt\u0151k 22 sz\u00e1zal\u00e9ka szerint f\u0151k\u00e9nt abb\u00f3l ad\u00f3dnak a probl\u00e9m\u00e1k, hogy az utas nem tartja be az utaz\u00e1si felt\u00e9teleket, szab\u00e1lyokat, m\u00edg 21 sz\u00e1zal\u00e9kuk alkoholos vagy drogos befoly\u00e1solts\u00e1got gyan\u00edt a konfliktusok h\u00e1tter\u00e9ben. A v\u00e1laszol\u00f3k 68 sz\u00e1zal\u00e9ka \u00fagy tapasztalja, hogy az utasok \u00e1ltal elk\u00f6vetett er\u0151szakos cselekm\u00e9nyek t\u00f6bbnyire f\u00fcggetlenek nemcsak a napszakokt\u00f3l, de az \u00e9vszakokt\u00f3l is (91 sz\u00e1zal\u00e9k). A felm\u00e9r\u00e9sbe bekapcsol\u00f3d\u00f3 aut\u00f3busz-vezet\u0151k 86 sz\u00e1zal\u00e9ka szerint az er\u0151szakoskod\u00f3k a leggyakrabban verb\u00e1lisan b\u00e1ntalmazz\u00e1k, s\u00e9rtegetik \u00e9s szidalmazz\u00e1k, 7 sz\u00e1zal\u00e9kuk szerint ink\u00e1bb verekednek \u00e9s t\u00f6bbsz\u00f6r is meg\u00fctik \u00e1ldozatukat, k\u00f6zel 5 sz\u00e1zal\u00e9kuk szerint leggyakrabban megl\u00f6kik \u00e9s r\u00e1ngatj\u00e1k, 2 sz\u00e1zal\u00e9kuk szerint pedig megr\u00fagj\u00e1k a s\u00e9rtetteket. Ami az elk\u00f6vet\u0151k \u00e9letkor\u00e1t illeti, a v\u00e1laszol\u00f3k 53 sz\u00e1zal\u00e9ka szerint legink\u00e1bb a 20 \u00e9s 40 \u00e9v k\u00f6z\u00f6ttiek \u00e9reznek k\u00e9sztet\u00e9st az aut\u00f3buszvezet\u0151k b\u00e1ntalmaz\u00e1s\u00e1ra, s legink\u00e1bb a f\u00e9rfiak (58 sz\u00e1zal\u00e9k). A v\u00e9lem\u00e9nyt nyilv\u00e1n\u00edt\u00f3 buszvezet\u0151k 68 sz\u00e1zal\u00e9ka \u00fagy gondolja, hogy a nagyobb v\u00e1rosokban, megyesz\u00e9khelyeken, 19 sz\u00e1zal\u00e9kuk szerint ink\u00e1bb a kisebb telep\u00fcl\u00e9seken vannak kit\u00e9ve fizikai vagy verb\u00e1lis er\u0151szaknak.<\/p>\n<p>A k\u00e9rd\u0151\u00edvet kit\u00f6lt\u0151k 45 sz\u00e1zal\u00e9k\u00e1nak kellett m\u00e1r legal\u00e1bb egyszer rend\u0151ri int\u00e9zked\u00e9st k\u00e9rnie az utas(ok) nem megfelel\u0151 viselked\u00e9se, egyharmad\u00e1nak (29 sz\u00e1zal\u00e9k) pedig fizikai er\u0151szak miatt. A v\u00e1laszad\u00f3k 88 sz\u00e1zal\u00e9k\u00e1t \u00e9rte m\u00e1r sz\u00f3beli agresszi\u00f3, 31 sz\u00e1zal\u00e9kukkal szemben pedig fizikai er\u0151szakot is elk\u00f6vettek az utasok. A megk\u00e9rdezett aut\u00f3busz-vezet\u0151k egyharmada szerint a sz\u00f3beli agresszi\u00f3 az utasok r\u00e9sz\u00e9r\u0151l ma m\u00e1r szinte mindennapos jelens\u00e9gnek tekinthet\u0151. A nyilatkoz\u00f3k 90 sz\u00e1zal\u00e9ka \u00fagy v\u00e9lekedik, hogy legink\u00e1bb a k\u00f6zleked\u00e9sben dolgoz\u00f3k \u2013 aut\u00f3busz-vezet\u0151k, taxisof\u0151r\u00f6k, jegyellen\u0151r\u00f6k \u2013 vannak kit\u00e9ve atrocit\u00e1soknak, \u0151ket k\u00f6vetik az eg\u00e9szs\u00e9g\u00fcgyi \u00e1pol\u00f3k \u00e9s orvosok (7 sz\u00e1zal\u00e9k), majd az oktat\u00e1sban dolgoz\u00f3 tan\u00e1rok \u00e9s nevel\u0151k (3 sz\u00e1zal\u00e9k). Az aut\u00f3busz-vezet\u0151k elleni er\u0151szakos b\u0171ncselekm\u00e9nyek a v\u00e1laszad\u00f3k 56 sz\u00e1zal\u00e9ka szerint j\u00f3 esetben megel\u0151zhet\u0151k szolg\u00e1ltat\u00f3i szeml\u00e9let\u0171 magatart\u00e1ssal, az arrog\u00e1ns viselked\u00e9s mell\u0151z\u00e9s\u00e9vel, de sokat seg\u00edtene az is, ha a buszsof\u0151r\u00f6knek nagyobb lenne a tekint\u00e9ly\u00fck. Ugyanakkor 44 sz\u00e1zal\u00e9kuk szerint a sz\u00e9p sz\u00f3, a kultur\u00e1lt viselked\u00e9s vagy a tekint\u00e9lytisztelet semmit sem sz\u00e1m\u00edt a tudatm\u00f3dos\u00edt\u00f3 szer befoly\u00e1sa alatt \u00e1ll\u00f3 utasok eset\u00e9ben. A megk\u00e9rdezettek szerint a jogszab\u00e1lyok sem b\u00edrnak megfelel\u0151 visszatart\u00f3 er\u0151vel: mind\u00f6ssze 14 sz\u00e1zal\u00e9kuk v\u00e9lekedett \u00fagy, hogy a t\u00f6rv\u00e9nyek szigor\u00edt\u00e1s\u00e1val \u00e9rz\u00e9kelhet\u0151en cs\u00f6kkent a k\u00f6zfeladatot ell\u00e1t\u00f3 szem\u00e9lyek elleni er\u0151szakos b\u0171ncselekm\u00e9nyek sz\u00e1ma, 86 sz\u00e1zal\u00e9kuk szerint viszont sem a jogszab\u00e1lyok m\u00f3dos\u00edt\u00e1sa, sem a b\u00fcntet\u00e9si t\u00e9telek emel\u00e9se nincs hat\u00e1ssal az ilyen jelleg\u0171 b\u0171ncselekm\u00e9nyek el\u0151fordul\u00e1s\u00e1nak gyakoris\u00e1g\u00e1ra.<\/p>\n<p>Az \u00e1ltal\u00e1nos v\u00e9leked\u00e9st a t\u00e9nyek is al\u00e1t\u00e1masztj\u00e1k: a Vol\u00e1nbuszn\u00e1l 2023 harmadik negyed\u00e9v\u00e9ben t\u00f6bb mint 30 esetben k\u00e9rtek rend\u0151ri int\u00e9zked\u00e9st az aut\u00f3busz-vezet\u0151k, \u00e9s 8 alkalommal k\u00f6vettek el ellen\u00fck t\u00e9nyleges tettlegess\u00e9get, fizikai er\u0151szakot az utasok. Volt olyan h\u00e9t, amikor nem m\u00falt el nap an\u00e9lk\u00fcl, hogy az orsz\u00e1gban ne kellett volna valahol rend\u0151ri int\u00e9zked\u00e9st k\u00e9rni\u00fck az aut\u00f3busz-vezet\u0151knek az utasok viselked\u00e9se miatt. Az orsz\u00e1g 19 v\u00e1rmegy\u00e9j\u00e9b\u0151l 12-ben fordult el\u0151 ilyen eset, a legt\u00f6bbsz\u00f6r Gy\u0151rMoson-Sopron v\u00e1rmegy\u00e9ben k\u00e9rt\u00e9k a rend\u0151rs\u00e9g seg\u00edts\u00e9g\u00e9t a k\u00f6zleked\u00e9si t\u00e1rsas\u00e1g munkat\u00e1rsai.<\/p>\n<p>A hasonl\u00f3 esetek elker\u00fcl\u00e9se c\u00e9lj\u00e1b\u00f3l a Vol\u00e1nbusz kor\u00e1bban <a href=\"https:\/\/www.volanbusz.hu\/hu\/volanbusz\/sajtokozlemenyek\/hir\/41199\" target=\"_blank\" rel=\"noopener\"><span style=\"text-decoration: underline; color: #0000ff;\">kezdem\u00e9nyezte<\/span><\/a> a rend\u0151rs\u00e9g, az \u00f6nkorm\u00e1nyzatok \u00e9s a k\u00f6zter\u00fclet-fel\u00fcgyeletek \u00f6sszefog\u00e1s\u00e1t. A v\u00e1llalat az eml\u00edtett szervekkel, int\u00e9zm\u00e9nyekkel egy\u00fctt igyekszik megold\u00e1st tal\u00e1lni az ilyen helyzetekre, \u00e9s azonnali int\u00e9zked\u00e9seket tesz koll\u00e9g\u00e1i testi \u00e9ps\u00e9g\u00e9nek v\u00e9delme \u00e9rdek\u00e9ben, alap\u00edtv\u00e1nya pedig seg\u00edts\u00e9get ny\u00fajt a megt\u00e1madott munkat\u00e1rsaknak.<\/p>\n<p>A M\u00c1V-VOL\u00c1N-csoport a koll\u00e9g\u00e1it \u00e9r\u0151 valamennyi t\u00e1mad\u00e1s eset\u00e9n feljelent\u00e9st tesz; az utasforgalom \u00e1ltal \u00e9rintett ter\u00fcleteken, k\u00f6zel 420 helysz\u00ednen pedig t\u00f6bb ezer kamer\u00e1t \u00fczemeltet. Az aut\u00f3buszok nagy r\u00e9sz\u00e9n is fed\u00e9lzeti kamerarendszerek m\u0171k\u00f6dnek, amelyek a megel\u0151z\u00e9sben \u00e9s a megt\u00f6rt\u00e9nt esetek felder\u00edt\u00e9s\u00e9ben ny\u00fajtanak seg\u00edts\u00e9get. \u00daj j\u00e1rm\u0171veit m\u00e1r kiz\u00e1r\u00f3lag kamer\u00e1val ell\u00e1tva szerzi be a Vol\u00e1nbusz.<\/p>\n<p><em>Bor\u00edt\u00f3k\u00e9p, forr\u00e1s: VOL\u00c1NBUSZ Zrt. Kommunik\u00e1ci\u00f3s Igazgat\u00f3s\u00e1g<\/em><\/p>\n","protected":false},"excerpt":{"rendered":"<p>\u00c9rz\u00e9kelhet\u0151en n\u0151tt az aut\u00f3busz-vezet\u0151k ellen ir\u00e1nyul\u00f3 er\u0151szakos cselekm\u00e9nyek sz\u00e1ma az elm\u00falt \u00e9vekben \u2013 der\u00fcl ki abb\u00f3l a nem reprezentat\u00edv felm\u00e9r\u00e9sb\u0151l, amelyet a Vol\u00e1nbusz v\u00e9gzett okt\u00f3berben aut\u00f3busz-vezet\u0151i k\u00f6r\u00e9ben. Az \u00f6nk\u00e9ntes v\u00e1laszad\u00f3k t\u00f6bb mint 77 sz\u00e1zal\u00e9ka \u00e9rzi \u00fagy a munk\u00e1ban t\u00f6lt\u00f6tt \u00e9vek tapasztalatai alapj\u00e1n, hogy a helyzet m\u00e1ra l\u00e9nyegesen s\u00falyosabb\u00e1 v\u00e1lt ezen a t\u00e9ren a kor\u00e1bbi id\u0151szakokhoz<\/p>\n","protected":false},"author":1,"featured_media":57795,"comment_status":"closed","ping_status":"closed","sticky":false,"template":"","format":"standard","meta":{"ngg_post_thumbnail":0,"footnotes":""},"categories":[6934,3],"tags":[458,1043,1015],"class_list":{"0":"post-57794","1":"post","2":"type-post","3":"status-publish","4":"format-standard","5":"has-post-thumbnail","7":"category-belfold","8":"category-hirek","9":"tag-autobusz","10":"tag-busz","11":"tag-volanbusz"},"yoast_head":"<!-- This site is optimized with the Yoast SEO plugin v27.4 - https:\/\/yoast.com\/product\/yoast-seo-wordpress\/ -->\n<title>Orsz\u00e1gos felm\u00e9r\u00e9ssel z\u00e1rult a Vol\u00e1nbusz Ha meg\u00fct\u00f6d, le\u00fcl\u00f6d! figyelemfelh\u00edv\u00f3 kamp\u00e1nya<\/title>\n<meta name=\"robots\" content=\"index, follow, max-snippet:-1, max-image-preview:large, max-video-preview:-1\" \/>\n<link rel=\"canonical\" href=\"https:\/\/dorogimedence.hu\/index.php\/2023\/11\/14\/orszagos-felmeressel-zarult-a-volanbusz-ha-megutod-leulod-figyelemfelhivo-kampanya\/\" class=\"yoast-seo-meta-tag\" \/>\n<meta property=\"og:locale\" content=\"hu_HU\" class=\"yoast-seo-meta-tag\" \/>\n<meta property=\"og:type\" content=\"article\" class=\"yoast-seo-meta-tag\" \/>\n<meta property=\"og:title\" content=\"Orsz\u00e1gos felm\u00e9r\u00e9ssel z\u00e1rult a Vol\u00e1nbusz Ha meg\u00fct\u00f6d, le\u00fcl\u00f6d! figyelemfelh\u00edv\u00f3 kamp\u00e1nya\" class=\"yoast-seo-meta-tag\" \/>\n<meta property=\"og:description\" content=\"\u00c9rz\u00e9kelhet\u0151en n\u0151tt az aut\u00f3busz-vezet\u0151k ellen ir\u00e1nyul\u00f3 er\u0151szakos cselekm\u00e9nyek sz\u00e1ma az elm\u00falt \u00e9vekben \u2013 der\u00fcl ki abb\u00f3l a nem reprezentat\u00edv felm\u00e9r\u00e9sb\u0151l, amelyet a Vol\u00e1nbusz v\u00e9gzett okt\u00f3berben aut\u00f3busz-vezet\u0151i k\u00f6r\u00e9ben. Az \u00f6nk\u00e9ntes v\u00e1laszad\u00f3k t\u00f6bb mint 77 sz\u00e1zal\u00e9ka \u00e9rzi \u00fagy a munk\u00e1ban t\u00f6lt\u00f6tt \u00e9vek tapasztalatai alapj\u00e1n, hogy a helyzet m\u00e1ra l\u00e9nyegesen s\u00falyosabb\u00e1 v\u00e1lt ezen a t\u00e9ren a kor\u00e1bbi id\u0151szakokhoz\" class=\"yoast-seo-meta-tag\" \/>\n<meta property=\"og:url\" content=\"https:\/\/dorogimedence.hu\/index.php\/2023\/11\/14\/orszagos-felmeressel-zarult-a-volanbusz-ha-megutod-leulod-figyelemfelhivo-kampanya\/\" class=\"yoast-seo-meta-tag\" \/>\n<meta property=\"og:site_name\" content=\"Dorogi-medence Region\u00e1lis H\u00edrport\u00e1l\" class=\"yoast-seo-meta-tag\" \/>\n<meta property=\"article:publisher\" content=\"https:\/\/www.facebook.com\/dorogimedence\/\" class=\"yoast-seo-meta-tag\" \/>\n<meta property=\"article:published_time\" content=\"2023-11-14T15:36:50+00:00\" class=\"yoast-seo-meta-tag\" \/>\n<meta property=\"og:image\" content=\"https:\/\/dorogimedence.hu\/wp-content\/uploads\/2023\/11\/volanbusz-kampany.jpg\" class=\"yoast-seo-meta-tag\" \/>\n\t<meta property=\"og:image:width\" content=\"1920\" class=\"yoast-seo-meta-tag\" \/>\n\t<meta property=\"og:image:height\" content=\"970\" class=\"yoast-seo-meta-tag\" \/>\n\t<meta property=\"og:image:type\" content=\"image\/jpeg\" class=\"yoast-seo-meta-tag\" \/>\n<meta name=\"author\" content=\"dorogimedence.hu\" class=\"yoast-seo-meta-tag\" \/>\n<meta name=\"twitter:card\" content=\"summary_large_image\" class=\"yoast-seo-meta-tag\" \/>\n<meta name=\"twitter:label1\" content=\"Szerz\u0151:\" class=\"yoast-seo-meta-tag\" \/>\n\t<meta name=\"twitter:data1\" content=\"dorogimedence.hu\" class=\"yoast-seo-meta-tag\" \/>\n\t<meta name=\"twitter:label2\" content=\"Becs\u00fclt olvas\u00e1si id\u0151\" class=\"yoast-seo-meta-tag\" \/>\n\t<meta name=\"twitter:data2\" content=\"6 perc\" class=\"yoast-seo-meta-tag\" \/>\n<script type=\"application\/ld+json\" class=\"yoast-schema-graph\">{\"@context\":\"https:\\\/\\\/schema.org\",\"@graph\":[{\"@type\":\"Article\",\"@id\":\"https:\\\/\\\/dorogimedence.hu\\\/index.php\\\/2023\\\/11\\\/14\\\/orszagos-felmeressel-zarult-a-volanbusz-ha-megutod-leulod-figyelemfelhivo-kampanya\\\/#article\",\"isPartOf\":{\"@id\":\"https:\\\/\\\/dorogimedence.hu\\\/index.php\\\/2023\\\/11\\\/14\\\/orszagos-felmeressel-zarult-a-volanbusz-ha-megutod-leulod-figyelemfelhivo-kampanya\\\/\"},\"author\":{\"name\":\"dorogimedence.hu\",\"@id\":\"https:\\\/\\\/dorogimedence.hu\\\/#\\\/schema\\\/person\\\/ce6091eeb7e95ecdc87890d6aa8e0fd4\"},\"headline\":\"Orsz\u00e1gos felm\u00e9r\u00e9ssel z\u00e1rult a Vol\u00e1nbusz Ha meg\u00fct\u00f6d, le\u00fcl\u00f6d! figyelemfelh\u00edv\u00f3 kamp\u00e1nya\",\"datePublished\":\"2023-11-14T15:36:50+00:00\",\"mainEntityOfPage\":{\"@id\":\"https:\\\/\\\/dorogimedence.hu\\\/index.php\\\/2023\\\/11\\\/14\\\/orszagos-felmeressel-zarult-a-volanbusz-ha-megutod-leulod-figyelemfelhivo-kampanya\\\/\"},\"wordCount\":1181,\"publisher\":{\"@id\":\"https:\\\/\\\/dorogimedence.hu\\\/#organization\"},\"image\":{\"@id\":\"https:\\\/\\\/dorogimedence.hu\\\/index.php\\\/2023\\\/11\\\/14\\\/orszagos-felmeressel-zarult-a-volanbusz-ha-megutod-leulod-figyelemfelhivo-kampanya\\\/#primaryimage\"},\"thumbnailUrl\":\"https:\\\/\\\/dorogimedence.hu\\\/wp-content\\\/uploads\\\/2023\\\/11\\\/volanbusz-kampany.jpg\",\"keywords\":[\"aut\u00f3busz\",\"busz\",\"vol\u00e1nbusz\"],\"articleSection\":[\"Belf\u00f6ld, Gazdas\u00e1g\",\"H\u00edrek\"],\"inLanguage\":\"hu\"},{\"@type\":\"WebPage\",\"@id\":\"https:\\\/\\\/dorogimedence.hu\\\/index.php\\\/2023\\\/11\\\/14\\\/orszagos-felmeressel-zarult-a-volanbusz-ha-megutod-leulod-figyelemfelhivo-kampanya\\\/\",\"url\":\"https:\\\/\\\/dorogimedence.hu\\\/index.php\\\/2023\\\/11\\\/14\\\/orszagos-felmeressel-zarult-a-volanbusz-ha-megutod-leulod-figyelemfelhivo-kampanya\\\/\",\"name\":\"Orsz\u00e1gos felm\u00e9r\u00e9ssel z\u00e1rult a Vol\u00e1nbusz Ha meg\u00fct\u00f6d, le\u00fcl\u00f6d! figyelemfelh\u00edv\u00f3 kamp\u00e1nya\",\"isPartOf\":{\"@id\":\"https:\\\/\\\/dorogimedence.hu\\\/#website\"},\"primaryImageOfPage\":{\"@id\":\"https:\\\/\\\/dorogimedence.hu\\\/index.php\\\/2023\\\/11\\\/14\\\/orszagos-felmeressel-zarult-a-volanbusz-ha-megutod-leulod-figyelemfelhivo-kampanya\\\/#primaryimage\"},\"image\":{\"@id\":\"https:\\\/\\\/dorogimedence.hu\\\/index.php\\\/2023\\\/11\\\/14\\\/orszagos-felmeressel-zarult-a-volanbusz-ha-megutod-leulod-figyelemfelhivo-kampanya\\\/#primaryimage\"},\"thumbnailUrl\":\"https:\\\/\\\/dorogimedence.hu\\\/wp-content\\\/uploads\\\/2023\\\/11\\\/volanbusz-kampany.jpg\",\"datePublished\":\"2023-11-14T15:36:50+00:00\",\"breadcrumb\":{\"@id\":\"https:\\\/\\\/dorogimedence.hu\\\/index.php\\\/2023\\\/11\\\/14\\\/orszagos-felmeressel-zarult-a-volanbusz-ha-megutod-leulod-figyelemfelhivo-kampanya\\\/#breadcrumb\"},\"inLanguage\":\"hu\",\"potentialAction\":[{\"@type\":\"ReadAction\",\"target\":[\"https:\\\/\\\/dorogimedence.hu\\\/index.php\\\/2023\\\/11\\\/14\\\/orszagos-felmeressel-zarult-a-volanbusz-ha-megutod-leulod-figyelemfelhivo-kampanya\\\/\"]}]},{\"@type\":\"ImageObject\",\"inLanguage\":\"hu\",\"@id\":\"https:\\\/\\\/dorogimedence.hu\\\/index.php\\\/2023\\\/11\\\/14\\\/orszagos-felmeressel-zarult-a-volanbusz-ha-megutod-leulod-figyelemfelhivo-kampanya\\\/#primaryimage\",\"url\":\"https:\\\/\\\/dorogimedence.hu\\\/wp-content\\\/uploads\\\/2023\\\/11\\\/volanbusz-kampany.jpg\",\"contentUrl\":\"https:\\\/\\\/dorogimedence.hu\\\/wp-content\\\/uploads\\\/2023\\\/11\\\/volanbusz-kampany.jpg\",\"width\":1920,\"height\":970},{\"@type\":\"BreadcrumbList\",\"@id\":\"https:\\\/\\\/dorogimedence.hu\\\/index.php\\\/2023\\\/11\\\/14\\\/orszagos-felmeressel-zarult-a-volanbusz-ha-megutod-leulod-figyelemfelhivo-kampanya\\\/#breadcrumb\",\"itemListElement\":[{\"@type\":\"ListItem\",\"position\":1,\"name\":\"Kezd\u0151lap\",\"item\":\"https:\\\/\\\/dorogimedence.hu\\\/\"},{\"@type\":\"ListItem\",\"position\":2,\"name\":\"Orsz\u00e1gos felm\u00e9r\u00e9ssel z\u00e1rult a Vol\u00e1nbusz Ha meg\u00fct\u00f6d, le\u00fcl\u00f6d! figyelemfelh\u00edv\u00f3 kamp\u00e1nya\"}]},{\"@type\":\"WebSite\",\"@id\":\"https:\\\/\\\/dorogimedence.hu\\\/#website\",\"url\":\"https:\\\/\\\/dorogimedence.hu\\\/\",\"name\":\"Dorogi-medence Region\u00e1lis H\u00edrport\u00e1l\",\"description\":\"Dorog, Keszt\u00f6lc, Le\u00e1nyv\u00e1r, Piliscs\u00e9v, Tokod, Tokodalt\u00e1r\u00f3, Csolnok, Esztergom-kertv\u00e1ros: h\u00edrek, programok\",\"publisher\":{\"@id\":\"https:\\\/\\\/dorogimedence.hu\\\/#organization\"},\"potentialAction\":[{\"@type\":\"SearchAction\",\"target\":{\"@type\":\"EntryPoint\",\"urlTemplate\":\"https:\\\/\\\/dorogimedence.hu\\\/?s={search_term_string}\"},\"query-input\":{\"@type\":\"PropertyValueSpecification\",\"valueRequired\":true,\"valueName\":\"search_term_string\"}}],\"inLanguage\":\"hu\"},{\"@type\":\"Organization\",\"@id\":\"https:\\\/\\\/dorogimedence.hu\\\/#organization\",\"name\":\"Dorogi-medence Region\u00e1lis H\u00edrport\u00e1l\",\"url\":\"https:\\\/\\\/dorogimedence.hu\\\/\",\"logo\":{\"@type\":\"ImageObject\",\"inLanguage\":\"hu\",\"@id\":\"https:\\\/\\\/dorogimedence.hu\\\/#\\\/schema\\\/logo\\\/image\\\/\",\"url\":\"https:\\\/\\\/dorogimedence.hu\\\/wp-content\\\/uploads\\\/2021\\\/04\\\/logo-feher-600.png\",\"contentUrl\":\"https:\\\/\\\/dorogimedence.hu\\\/wp-content\\\/uploads\\\/2021\\\/04\\\/logo-feher-600.png\",\"width\":600,\"height\":100,\"caption\":\"Dorogi-medence Region\u00e1lis H\u00edrport\u00e1l\"},\"image\":{\"@id\":\"https:\\\/\\\/dorogimedence.hu\\\/#\\\/schema\\\/logo\\\/image\\\/\"},\"sameAs\":[\"https:\\\/\\\/www.facebook.com\\\/dorogimedence\\\/\"]},{\"@type\":\"Person\",\"@id\":\"https:\\\/\\\/dorogimedence.hu\\\/#\\\/schema\\\/person\\\/ce6091eeb7e95ecdc87890d6aa8e0fd4\",\"name\":\"dorogimedence.hu\",\"image\":{\"@type\":\"ImageObject\",\"inLanguage\":\"hu\",\"@id\":\"\\\/\\\/www.gravatar.com\\\/avatar\\\/d8d45f8901aadff40a4af72c0b826f1d?s=96&#038;r=g&#038;d=mm\",\"url\":\"\\\/\\\/www.gravatar.com\\\/avatar\\\/d8d45f8901aadff40a4af72c0b826f1d?s=96&#038;r=g&#038;d=mm\",\"contentUrl\":\"\\\/\\\/www.gravatar.com\\\/avatar\\\/d8d45f8901aadff40a4af72c0b826f1d?s=96&#038;r=g&#038;d=mm\",\"caption\":\"dorogimedence.hu\"}}]}<\/script>\n<!-- \/ Yoast SEO plugin. -->","yoast_head_json":{"title":"Orsz\u00e1gos felm\u00e9r\u00e9ssel z\u00e1rult a Vol\u00e1nbusz Ha meg\u00fct\u00f6d, le\u00fcl\u00f6d! figyelemfelh\u00edv\u00f3 kamp\u00e1nya","robots":{"index":"index","follow":"follow","max-snippet":"max-snippet:-1","max-image-preview":"max-image-preview:large","max-video-preview":"max-video-preview:-1"},"canonical":"https:\/\/dorogimedence.hu\/index.php\/2023\/11\/14\/orszagos-felmeressel-zarult-a-volanbusz-ha-megutod-leulod-figyelemfelhivo-kampanya\/","og_locale":"hu_HU","og_type":"article","og_title":"Orsz\u00e1gos felm\u00e9r\u00e9ssel z\u00e1rult a Vol\u00e1nbusz Ha meg\u00fct\u00f6d, le\u00fcl\u00f6d! figyelemfelh\u00edv\u00f3 kamp\u00e1nya","og_description":"\u00c9rz\u00e9kelhet\u0151en n\u0151tt az aut\u00f3busz-vezet\u0151k ellen ir\u00e1nyul\u00f3 er\u0151szakos cselekm\u00e9nyek sz\u00e1ma az elm\u00falt \u00e9vekben \u2013 der\u00fcl ki abb\u00f3l a nem reprezentat\u00edv felm\u00e9r\u00e9sb\u0151l, amelyet a Vol\u00e1nbusz v\u00e9gzett okt\u00f3berben aut\u00f3busz-vezet\u0151i k\u00f6r\u00e9ben. Az \u00f6nk\u00e9ntes v\u00e1laszad\u00f3k t\u00f6bb mint 77 sz\u00e1zal\u00e9ka \u00e9rzi \u00fagy a munk\u00e1ban t\u00f6lt\u00f6tt \u00e9vek tapasztalatai alapj\u00e1n, hogy a helyzet m\u00e1ra l\u00e9nyegesen s\u00falyosabb\u00e1 v\u00e1lt ezen a t\u00e9ren a kor\u00e1bbi id\u0151szakokhoz","og_url":"https:\/\/dorogimedence.hu\/index.php\/2023\/11\/14\/orszagos-felmeressel-zarult-a-volanbusz-ha-megutod-leulod-figyelemfelhivo-kampanya\/","og_site_name":"Dorogi-medence Region\u00e1lis H\u00edrport\u00e1l","article_publisher":"https:\/\/www.facebook.com\/dorogimedence\/","article_published_time":"2023-11-14T15:36:50+00:00","og_image":[{"width":1920,"height":970,"url":"https:\/\/dorogimedence.hu\/wp-content\/uploads\/2023\/11\/volanbusz-kampany.jpg","type":"image\/jpeg"}],"author":"dorogimedence.hu","twitter_card":"summary_large_image","twitter_misc":{"Szerz\u0151:":"dorogimedence.hu","Becs\u00fclt olvas\u00e1si id\u0151":"6 perc"},"schema":{"@context":"https:\/\/schema.org","@graph":[{"@type":"Article","@id":"https:\/\/dorogimedence.hu\/index.php\/2023\/11\/14\/orszagos-felmeressel-zarult-a-volanbusz-ha-megutod-leulod-figyelemfelhivo-kampanya\/#article","isPartOf":{"@id":"https:\/\/dorogimedence.hu\/index.php\/2023\/11\/14\/orszagos-felmeressel-zarult-a-volanbusz-ha-megutod-leulod-figyelemfelhivo-kampanya\/"},"author":{"name":"dorogimedence.hu","@id":"https:\/\/dorogimedence.hu\/#\/schema\/person\/ce6091eeb7e95ecdc87890d6aa8e0fd4"},"headline":"Orsz\u00e1gos felm\u00e9r\u00e9ssel z\u00e1rult a Vol\u00e1nbusz Ha meg\u00fct\u00f6d, le\u00fcl\u00f6d! figyelemfelh\u00edv\u00f3 kamp\u00e1nya","datePublished":"2023-11-14T15:36:50+00:00","mainEntityOfPage":{"@id":"https:\/\/dorogimedence.hu\/index.php\/2023\/11\/14\/orszagos-felmeressel-zarult-a-volanbusz-ha-megutod-leulod-figyelemfelhivo-kampanya\/"},"wordCount":1181,"publisher":{"@id":"https:\/\/dorogimedence.hu\/#organization"},"image":{"@id":"https:\/\/dorogimedence.hu\/index.php\/2023\/11\/14\/orszagos-felmeressel-zarult-a-volanbusz-ha-megutod-leulod-figyelemfelhivo-kampanya\/#primaryimage"},"thumbnailUrl":"https:\/\/dorogimedence.hu\/wp-content\/uploads\/2023\/11\/volanbusz-kampany.jpg","keywords":["aut\u00f3busz","busz","vol\u00e1nbusz"],"articleSection":["Belf\u00f6ld, Gazdas\u00e1g","H\u00edrek"],"inLanguage":"hu"},{"@type":"WebPage","@id":"https:\/\/dorogimedence.hu\/index.php\/2023\/11\/14\/orszagos-felmeressel-zarult-a-volanbusz-ha-megutod-leulod-figyelemfelhivo-kampanya\/","url":"https:\/\/dorogimedence.hu\/index.php\/2023\/11\/14\/orszagos-felmeressel-zarult-a-volanbusz-ha-megutod-leulod-figyelemfelhivo-kampanya\/","name":"Orsz\u00e1gos felm\u00e9r\u00e9ssel z\u00e1rult a Vol\u00e1nbusz Ha meg\u00fct\u00f6d, le\u00fcl\u00f6d! figyelemfelh\u00edv\u00f3 kamp\u00e1nya","isPartOf":{"@id":"https:\/\/dorogimedence.hu\/#website"},"primaryImageOfPage":{"@id":"https:\/\/dorogimedence.hu\/index.php\/2023\/11\/14\/orszagos-felmeressel-zarult-a-volanbusz-ha-megutod-leulod-figyelemfelhivo-kampanya\/#primaryimage"},"image":{"@id":"https:\/\/dorogimedence.hu\/index.php\/2023\/11\/14\/orszagos-felmeressel-zarult-a-volanbusz-ha-megutod-leulod-figyelemfelhivo-kampanya\/#primaryimage"},"thumbnailUrl":"https:\/\/dorogimedence.hu\/wp-content\/uploads\/2023\/11\/volanbusz-kampany.jpg","datePublished":"2023-11-14T15:36:50+00:00","breadcrumb":{"@id":"https:\/\/dorogimedence.hu\/index.php\/2023\/11\/14\/orszagos-felmeressel-zarult-a-volanbusz-ha-megutod-leulod-figyelemfelhivo-kampanya\/#breadcrumb"},"inLanguage":"hu","potentialAction":[{"@type":"ReadAction","target":["https:\/\/dorogimedence.hu\/index.php\/2023\/11\/14\/orszagos-felmeressel-zarult-a-volanbusz-ha-megutod-leulod-figyelemfelhivo-kampanya\/"]}]},{"@type":"ImageObject","inLanguage":"hu","@id":"https:\/\/dorogimedence.hu\/index.php\/2023\/11\/14\/orszagos-felmeressel-zarult-a-volanbusz-ha-megutod-leulod-figyelemfelhivo-kampanya\/#primaryimage","url":"https:\/\/dorogimedence.hu\/wp-content\/uploads\/2023\/11\/volanbusz-kampany.jpg","contentUrl":"https:\/\/dorogimedence.hu\/wp-content\/uploads\/2023\/11\/volanbusz-kampany.jpg","width":1920,"height":970},{"@type":"BreadcrumbList","@id":"https:\/\/dorogimedence.hu\/index.php\/2023\/11\/14\/orszagos-felmeressel-zarult-a-volanbusz-ha-megutod-leulod-figyelemfelhivo-kampanya\/#breadcrumb","itemListElement":[{"@type":"ListItem","position":1,"name":"Kezd\u0151lap","item":"https:\/\/dorogimedence.hu\/"},{"@type":"ListItem","position":2,"name":"Orsz\u00e1gos felm\u00e9r\u00e9ssel z\u00e1rult a Vol\u00e1nbusz Ha meg\u00fct\u00f6d, le\u00fcl\u00f6d! figyelemfelh\u00edv\u00f3 kamp\u00e1nya"}]},{"@type":"WebSite","@id":"https:\/\/dorogimedence.hu\/#website","url":"https:\/\/dorogimedence.hu\/","name":"Dorogi-medence Region\u00e1lis H\u00edrport\u00e1l","description":"Dorog, Keszt\u00f6lc, Le\u00e1nyv\u00e1r, Piliscs\u00e9v, Tokod, Tokodalt\u00e1r\u00f3, Csolnok, Esztergom-kertv\u00e1ros: h\u00edrek, programok","publisher":{"@id":"https:\/\/dorogimedence.hu\/#organization"},"potentialAction":[{"@type":"SearchAction","target":{"@type":"EntryPoint","urlTemplate":"https:\/\/dorogimedence.hu\/?s={search_term_string}"},"query-input":{"@type":"PropertyValueSpecification","valueRequired":true,"valueName":"search_term_string"}}],"inLanguage":"hu"},{"@type":"Organization","@id":"https:\/\/dorogimedence.hu\/#organization","name":"Dorogi-medence Region\u00e1lis H\u00edrport\u00e1l","url":"https:\/\/dorogimedence.hu\/","logo":{"@type":"ImageObject","inLanguage":"hu","@id":"https:\/\/dorogimedence.hu\/#\/schema\/logo\/image\/","url":"https:\/\/dorogimedence.hu\/wp-content\/uploads\/2021\/04\/logo-feher-600.png","contentUrl":"https:\/\/dorogimedence.hu\/wp-content\/uploads\/2021\/04\/logo-feher-600.png","width":600,"height":100,"caption":"Dorogi-medence Region\u00e1lis H\u00edrport\u00e1l"},"image":{"@id":"https:\/\/dorogimedence.hu\/#\/schema\/logo\/image\/"},"sameAs":["https:\/\/www.facebook.com\/dorogimedence\/"]},{"@type":"Person","@id":"https:\/\/dorogimedence.hu\/#\/schema\/person\/ce6091eeb7e95ecdc87890d6aa8e0fd4","name":"dorogimedence.hu","image":{"@type":"ImageObject","inLanguage":"hu","@id":"\/\/www.gravatar.com\/avatar\/d8d45f8901aadff40a4af72c0b826f1d?s=96&#038;r=g&#038;d=mm","url":"\/\/www.gravatar.com\/avatar\/d8d45f8901aadff40a4af72c0b826f1d?s=96&#038;r=g&#038;d=mm","contentUrl":"\/\/www.gravatar.com\/avatar\/d8d45f8901aadff40a4af72c0b826f1d?s=96&#038;r=g&#038;d=mm","caption":"dorogimedence.hu"}}]}},"_links":{"self":[{"href":"https:\/\/dorogimedence.hu\/index.php\/wp-json\/wp\/v2\/posts\/57794","targetHints":{"allow":["GET"]}}],"collection":[{"href":"https:\/\/dorogimedence.hu\/index.php\/wp-json\/wp\/v2\/posts"}],"about":[{"href":"https:\/\/dorogimedence.hu\/index.php\/wp-json\/wp\/v2\/types\/post"}],"author":[{"embeddable":true,"href":"https:\/\/dorogimedence.hu\/index.php\/wp-json\/wp\/v2\/users\/1"}],"replies":[{"embeddable":true,"href":"https:\/\/dorogimedence.hu\/index.php\/wp-json\/wp\/v2\/comments?post=57794"}],"version-history":[{"count":0,"href":"https:\/\/dorogimedence.hu\/index.php\/wp-json\/wp\/v2\/posts\/57794\/revisions"}],"wp:featuredmedia":[{"embeddable":true,"href":"https:\/\/dorogimedence.hu\/index.php\/wp-json\/wp\/v2\/media\/57795"}],"wp:attachment":[{"href":"https:\/\/dorogimedence.hu\/index.php\/wp-json\/wp\/v2\/media?parent=57794"}],"wp:term":[{"taxonomy":"category","embeddable":true,"href":"https:\/\/dorogimedence.hu\/index.php\/wp-json\/wp\/v2\/categories?post=57794"},{"taxonomy":"post_tag","embeddable":true,"href":"https:\/\/dorogimedence.hu\/index.php\/wp-json\/wp\/v2\/tags?post=57794"}],"curies":[{"name":"wp","href":"https:\/\/api.w.org\/{rel}","templated":true}]}}