{"id":5778,"date":"2017-09-21T15:37:04","date_gmt":"2017-09-21T13:37:04","guid":{"rendered":"http:\/\/dorogimedence.hu\/?p=5778"},"modified":"2017-09-21T15:37:04","modified_gmt":"2017-09-21T13:37:04","slug":"tuzoltok-gyakorlatoztak-a-kesztolci-iskolaban","status":"publish","type":"post","link":"https:\/\/dorogimedence.hu\/index.php\/2017\/09\/21\/tuzoltok-gyakorlatoztak-a-kesztolci-iskolaban\/","title":{"rendered":"T\u0171zolt\u00f3k gyakorlatoztak a keszt\u00f6lci iskol\u00e1ban"},"content":{"rendered":"<p><strong>Szeptember 21-\u00e9n, cs\u00fct\u00f6rt\u00f6k\u00f6n a keszt\u00f6lci iskol\u00e1ban gyakorolt\u00e1k a ki\u00fcr\u00edt\u00e9st a t\u0171zolt\u00f3k. A gyakorlat c\u00e9lja a ki\u00fcr\u00edt\u00e9si id\u0151 felm\u00e9r\u00e9se mellett az, hogy felh\u00edvj\u00e1k a di\u00e1kok figyelm\u00e9t arra, mekkora vesz\u00e9lyt hordozhat mag\u00e1ban, ha p\u00e1nik t\u00f6r ki \u00e9s az ilyen esetben milyen magatart\u00e1si szab\u00e1lyok betart\u00e1s\u00e1val ker\u00fclhet\u0151 el a nagyobb baj.<\/strong><\/p>\n<p>Meglepet\u00e9sk\u00e9nt \u00e9rte a t\u0171zjelz\u0151 hangja mind a pedag\u00f3gusi k\u00f6rt, mind a di\u00e1kokat a keszt\u00f6lci Kincses J\u00f3zsef \u00c1ltal\u00e1nos Iskol\u00e1ban. A gyakorlatr\u00f3l egyed\u00fcl az int\u00e9zm\u00e9ny igazgat\u00f3ja tudott, \u00edgy az \u00e9p\u00fclet ki\u00fcr\u00edt\u00e9se \u00fagy zajlott, ak\u00e1rcsak \u00e9les helyzetben. Nagy meglepet\u00e9sben volt r\u00e9sz\u00fck a di\u00e1koknak \u00e9s a pedag\u00f3gusoknak egyar\u00e1nt, hiszen a ki\u00fcr\u00edt\u00e9si gyakorlaton f\u00fcstg\u00e9pes imit\u00e1ci\u00f3t is bevetettek, \u00edgy a s\u0171r\u0171 \u201ef\u00fcstben\u201d kellett elhagyniuk az \u00e9p\u00fcletet. A pedag\u00f3gusok l\u00e1ncot alkottak a di\u00e1kokkal, egym\u00e1s seg\u00edtve a k\u00f6nnyebb kijut\u00e1s \u00e9rdek\u00e9ben.<\/p>\n<p>A di\u00e1kok kevesebb, mint kett\u0151 perc alatt elhagyt\u00e1k az \u00e9p\u00fcletet \u00e9s az iskola el\u0151tti t\u00e9ren sorakoztak, majd a tan\u00e1ri kar l\u00e9tsz\u00e1m ellen\u0151rz\u00e9st tartott, mely sor\u00e1n kider\u00fclt, hogy a 123 gyermekb\u0151l \u00f6ten hi\u00e1nyoznak. A keszt\u00f6lci \u00f6nk\u00e9ntes t\u0171zolt\u00f3knak a l\u00e1ngok tov\u00e1bbterjed\u00e9s\u00e9nek megakad\u00e1lyoz\u00e1sa mellett a hi\u00e1nyz\u00f3kat is fel kellett kutatniuk. A t\u0171zolt\u00f3k \u00e1tvizsg\u00e1ltak minden termet, a felt\u00e9telezett t\u00fczet eloltott\u00e1k, a s\u00e9r\u00fclteket is megtal\u00e1lt\u00e1k \u00e9s kihozt\u00e1k az \u00e9p\u00fcletb\u0151l.<\/p>\n<p><img fetchpriority=\"high\" decoding=\"async\" class=\"alignnone size-full wp-image-5780\" src=\"https:\/\/dorogimedence.hu\/wp-content\/uploads\/2017\/09\/kesztolc-tuzriado-02.jpg\" alt=\"\" width=\"670\" height=\"384\" srcset=\"https:\/\/dorogimedence.hu\/wp-content\/uploads\/2017\/09\/kesztolc-tuzriado-02.jpg 670w, https:\/\/dorogimedence.hu\/wp-content\/uploads\/2017\/09\/kesztolc-tuzriado-02-300x172.jpg 300w\" sizes=\"(max-width: 670px) 100vw, 670px\" \/><\/p>\n<p><em>Forr\u00e1s: komarom.katasztrofavedelem.hu<\/em><br \/>\n<em>Fot\u00f3: Petr\u00f3 \u00c9va t\u0171zolt\u00f3 alezredes<\/em><\/p>\n","protected":false},"excerpt":{"rendered":"<p>Szeptember 21-\u00e9n, cs\u00fct\u00f6rt\u00f6k\u00f6n a keszt\u00f6lci iskol\u00e1ban gyakorolt\u00e1k a ki\u00fcr\u00edt\u00e9st a t\u0171zolt\u00f3k. A gyakorlat c\u00e9lja a ki\u00fcr\u00edt\u00e9si id\u0151 felm\u00e9r\u00e9se mellett az, hogy felh\u00edvj\u00e1k a di\u00e1kok figyelm\u00e9t arra, mekkora vesz\u00e9lyt hordozhat mag\u00e1ban, ha p\u00e1nik t\u00f6r ki \u00e9s az ilyen esetben milyen magatart\u00e1si szab\u00e1lyok betart\u00e1s\u00e1val ker\u00fclhet\u0151 el a nagyobb baj. Meglepet\u00e9sk\u00e9nt \u00e9rte a t\u0171zjelz\u0151 hangja mind a pedag\u00f3gusi<\/p>\n","protected":false},"author":1,"featured_media":5779,"comment_status":"closed","ping_status":"closed","sticky":false,"template":"","format":"standard","meta":{"ngg_post_thumbnail":0,"footnotes":""},"categories":[3,8],"tags":[909,175,129,65,1498],"class_list":{"0":"post-5778","1":"post","2":"type-post","3":"status-publish","4":"format-standard","5":"has-post-thumbnail","7":"category-hirek","8":"category-kesztolc","9":"tag-gyakorlat","10":"tag-katasztrofavedelem","11":"tag-kesztolc","12":"tag-tuzoltosag","13":"tag-tuzriado"},"yoast_head":"<!-- This site is optimized with the Yoast SEO plugin v27.4 - https:\/\/yoast.com\/product\/yoast-seo-wordpress\/ -->\n<title>T\u0171zolt\u00f3k gyakorlatoztak a keszt\u00f6lci iskol\u00e1ban<\/title>\n<meta name=\"robots\" content=\"index, follow, max-snippet:-1, max-image-preview:large, max-video-preview:-1\" \/>\n<link rel=\"canonical\" href=\"https:\/\/dorogimedence.hu\/index.php\/2017\/09\/21\/tuzoltok-gyakorlatoztak-a-kesztolci-iskolaban\/\" class=\"yoast-seo-meta-tag\" \/>\n<meta property=\"og:locale\" content=\"hu_HU\" class=\"yoast-seo-meta-tag\" \/>\n<meta property=\"og:type\" content=\"article\" class=\"yoast-seo-meta-tag\" \/>\n<meta property=\"og:title\" content=\"T\u0171zolt\u00f3k gyakorlatoztak a keszt\u00f6lci iskol\u00e1ban\" class=\"yoast-seo-meta-tag\" \/>\n<meta property=\"og:description\" content=\"Szeptember 21-\u00e9n, cs\u00fct\u00f6rt\u00f6k\u00f6n a keszt\u00f6lci iskol\u00e1ban gyakorolt\u00e1k a ki\u00fcr\u00edt\u00e9st a t\u0171zolt\u00f3k. A gyakorlat c\u00e9lja a ki\u00fcr\u00edt\u00e9si id\u0151 felm\u00e9r\u00e9se mellett az, hogy felh\u00edvj\u00e1k a di\u00e1kok figyelm\u00e9t arra, mekkora vesz\u00e9lyt hordozhat mag\u00e1ban, ha p\u00e1nik t\u00f6r ki \u00e9s az ilyen esetben milyen magatart\u00e1si szab\u00e1lyok betart\u00e1s\u00e1val ker\u00fclhet\u0151 el a nagyobb baj. Meglepet\u00e9sk\u00e9nt \u00e9rte a t\u0171zjelz\u0151 hangja mind a pedag\u00f3gusi\" class=\"yoast-seo-meta-tag\" \/>\n<meta property=\"og:url\" content=\"https:\/\/dorogimedence.hu\/index.php\/2017\/09\/21\/tuzoltok-gyakorlatoztak-a-kesztolci-iskolaban\/\" class=\"yoast-seo-meta-tag\" \/>\n<meta property=\"og:site_name\" content=\"Dorogi-medence Region\u00e1lis H\u00edrport\u00e1l\" class=\"yoast-seo-meta-tag\" \/>\n<meta property=\"article:publisher\" content=\"https:\/\/www.facebook.com\/dorogimedence\/\" class=\"yoast-seo-meta-tag\" \/>\n<meta property=\"article:published_time\" content=\"2017-09-21T13:37:04+00:00\" class=\"yoast-seo-meta-tag\" \/>\n<meta property=\"og:image\" content=\"https:\/\/i0.wp.com\/dorogimedence.hu\/wp-content\/uploads\/2017\/09\/kesztolc-tuzriado-01.jpg?fit=670%2C365&ssl=1\" class=\"yoast-seo-meta-tag\" \/>\n\t<meta property=\"og:image:width\" content=\"670\" class=\"yoast-seo-meta-tag\" \/>\n\t<meta property=\"og:image:height\" content=\"365\" class=\"yoast-seo-meta-tag\" \/>\n\t<meta property=\"og:image:type\" content=\"image\/jpeg\" class=\"yoast-seo-meta-tag\" \/>\n<meta name=\"author\" content=\"dorogimedence.hu\" class=\"yoast-seo-meta-tag\" \/>\n<meta name=\"twitter:card\" content=\"summary_large_image\" class=\"yoast-seo-meta-tag\" \/>\n<meta name=\"twitter:label1\" content=\"Szerz\u0151:\" class=\"yoast-seo-meta-tag\" \/>\n\t<meta name=\"twitter:data1\" content=\"dorogimedence.hu\" class=\"yoast-seo-meta-tag\" \/>\n\t<meta name=\"twitter:label2\" content=\"Becs\u00fclt olvas\u00e1si id\u0151\" class=\"yoast-seo-meta-tag\" \/>\n\t<meta name=\"twitter:data2\" content=\"2 perc\" class=\"yoast-seo-meta-tag\" \/>\n<script type=\"application\/ld+json\" class=\"yoast-schema-graph\">{\"@context\":\"https:\\\/\\\/schema.org\",\"@graph\":[{\"@type\":\"Article\",\"@id\":\"https:\\\/\\\/dorogimedence.hu\\\/index.php\\\/2017\\\/09\\\/21\\\/tuzoltok-gyakorlatoztak-a-kesztolci-iskolaban\\\/#article\",\"isPartOf\":{\"@id\":\"https:\\\/\\\/dorogimedence.hu\\\/index.php\\\/2017\\\/09\\\/21\\\/tuzoltok-gyakorlatoztak-a-kesztolci-iskolaban\\\/\"},\"author\":{\"name\":\"dorogimedence.hu\",\"@id\":\"https:\\\/\\\/dorogimedence.hu\\\/#\\\/schema\\\/person\\\/ce6091eeb7e95ecdc87890d6aa8e0fd4\"},\"headline\":\"T\u0171zolt\u00f3k gyakorlatoztak a keszt\u00f6lci iskol\u00e1ban\",\"datePublished\":\"2017-09-21T13:37:04+00:00\",\"mainEntityOfPage\":{\"@id\":\"https:\\\/\\\/dorogimedence.hu\\\/index.php\\\/2017\\\/09\\\/21\\\/tuzoltok-gyakorlatoztak-a-kesztolci-iskolaban\\\/\"},\"wordCount\":317,\"publisher\":{\"@id\":\"https:\\\/\\\/dorogimedence.hu\\\/#organization\"},\"image\":{\"@id\":\"https:\\\/\\\/dorogimedence.hu\\\/index.php\\\/2017\\\/09\\\/21\\\/tuzoltok-gyakorlatoztak-a-kesztolci-iskolaban\\\/#primaryimage\"},\"thumbnailUrl\":\"https:\\\/\\\/dorogimedence.hu\\\/wp-content\\\/uploads\\\/2017\\\/09\\\/kesztolc-tuzriado-01.jpg\",\"keywords\":[\"gyakorlat\",\"katasztr\u00f3fav\u00e9delem\",\"Keszt\u00f6lc\",\"t\u0171zolt\u00f3s\u00e1g\",\"t\u0171zriad\u00f3\"],\"articleSection\":[\"H\u00edrek\",\"Keszt\u00f6lc\"],\"inLanguage\":\"hu\"},{\"@type\":\"WebPage\",\"@id\":\"https:\\\/\\\/dorogimedence.hu\\\/index.php\\\/2017\\\/09\\\/21\\\/tuzoltok-gyakorlatoztak-a-kesztolci-iskolaban\\\/\",\"url\":\"https:\\\/\\\/dorogimedence.hu\\\/index.php\\\/2017\\\/09\\\/21\\\/tuzoltok-gyakorlatoztak-a-kesztolci-iskolaban\\\/\",\"name\":\"T\u0171zolt\u00f3k gyakorlatoztak a keszt\u00f6lci iskol\u00e1ban\",\"isPartOf\":{\"@id\":\"https:\\\/\\\/dorogimedence.hu\\\/#website\"},\"primaryImageOfPage\":{\"@id\":\"https:\\\/\\\/dorogimedence.hu\\\/index.php\\\/2017\\\/09\\\/21\\\/tuzoltok-gyakorlatoztak-a-kesztolci-iskolaban\\\/#primaryimage\"},\"image\":{\"@id\":\"https:\\\/\\\/dorogimedence.hu\\\/index.php\\\/2017\\\/09\\\/21\\\/tuzoltok-gyakorlatoztak-a-kesztolci-iskolaban\\\/#primaryimage\"},\"thumbnailUrl\":\"https:\\\/\\\/dorogimedence.hu\\\/wp-content\\\/uploads\\\/2017\\\/09\\\/kesztolc-tuzriado-01.jpg\",\"datePublished\":\"2017-09-21T13:37:04+00:00\",\"breadcrumb\":{\"@id\":\"https:\\\/\\\/dorogimedence.hu\\\/index.php\\\/2017\\\/09\\\/21\\\/tuzoltok-gyakorlatoztak-a-kesztolci-iskolaban\\\/#breadcrumb\"},\"inLanguage\":\"hu\",\"potentialAction\":[{\"@type\":\"ReadAction\",\"target\":[\"https:\\\/\\\/dorogimedence.hu\\\/index.php\\\/2017\\\/09\\\/21\\\/tuzoltok-gyakorlatoztak-a-kesztolci-iskolaban\\\/\"]}]},{\"@type\":\"ImageObject\",\"inLanguage\":\"hu\",\"@id\":\"https:\\\/\\\/dorogimedence.hu\\\/index.php\\\/2017\\\/09\\\/21\\\/tuzoltok-gyakorlatoztak-a-kesztolci-iskolaban\\\/#primaryimage\",\"url\":\"https:\\\/\\\/dorogimedence.hu\\\/wp-content\\\/uploads\\\/2017\\\/09\\\/kesztolc-tuzriado-01.jpg\",\"contentUrl\":\"https:\\\/\\\/dorogimedence.hu\\\/wp-content\\\/uploads\\\/2017\\\/09\\\/kesztolc-tuzriado-01.jpg\",\"width\":670,\"height\":365},{\"@type\":\"BreadcrumbList\",\"@id\":\"https:\\\/\\\/dorogimedence.hu\\\/index.php\\\/2017\\\/09\\\/21\\\/tuzoltok-gyakorlatoztak-a-kesztolci-iskolaban\\\/#breadcrumb\",\"itemListElement\":[{\"@type\":\"ListItem\",\"position\":1,\"name\":\"Kezd\u0151lap\",\"item\":\"https:\\\/\\\/dorogimedence.hu\\\/\"},{\"@type\":\"ListItem\",\"position\":2,\"name\":\"T\u0171zolt\u00f3k gyakorlatoztak a keszt\u00f6lci iskol\u00e1ban\"}]},{\"@type\":\"WebSite\",\"@id\":\"https:\\\/\\\/dorogimedence.hu\\\/#website\",\"url\":\"https:\\\/\\\/dorogimedence.hu\\\/\",\"name\":\"Dorogi-medence Region\u00e1lis H\u00edrport\u00e1l\",\"description\":\"Dorog, Keszt\u00f6lc, Le\u00e1nyv\u00e1r, Piliscs\u00e9v, Tokod, Tokodalt\u00e1r\u00f3, Csolnok, Esztergom-kertv\u00e1ros: h\u00edrek, programok\",\"publisher\":{\"@id\":\"https:\\\/\\\/dorogimedence.hu\\\/#organization\"},\"potentialAction\":[{\"@type\":\"SearchAction\",\"target\":{\"@type\":\"EntryPoint\",\"urlTemplate\":\"https:\\\/\\\/dorogimedence.hu\\\/?s={search_term_string}\"},\"query-input\":{\"@type\":\"PropertyValueSpecification\",\"valueRequired\":true,\"valueName\":\"search_term_string\"}}],\"inLanguage\":\"hu\"},{\"@type\":\"Organization\",\"@id\":\"https:\\\/\\\/dorogimedence.hu\\\/#organization\",\"name\":\"Dorogi-medence Region\u00e1lis H\u00edrport\u00e1l\",\"url\":\"https:\\\/\\\/dorogimedence.hu\\\/\",\"logo\":{\"@type\":\"ImageObject\",\"inLanguage\":\"hu\",\"@id\":\"https:\\\/\\\/dorogimedence.hu\\\/#\\\/schema\\\/logo\\\/image\\\/\",\"url\":\"https:\\\/\\\/dorogimedence.hu\\\/wp-content\\\/uploads\\\/2021\\\/04\\\/logo-feher-600.png\",\"contentUrl\":\"https:\\\/\\\/dorogimedence.hu\\\/wp-content\\\/uploads\\\/2021\\\/04\\\/logo-feher-600.png\",\"width\":600,\"height\":100,\"caption\":\"Dorogi-medence Region\u00e1lis H\u00edrport\u00e1l\"},\"image\":{\"@id\":\"https:\\\/\\\/dorogimedence.hu\\\/#\\\/schema\\\/logo\\\/image\\\/\"},\"sameAs\":[\"https:\\\/\\\/www.facebook.com\\\/dorogimedence\\\/\"]},{\"@type\":\"Person\",\"@id\":\"https:\\\/\\\/dorogimedence.hu\\\/#\\\/schema\\\/person\\\/ce6091eeb7e95ecdc87890d6aa8e0fd4\",\"name\":\"dorogimedence.hu\",\"image\":{\"@type\":\"ImageObject\",\"inLanguage\":\"hu\",\"@id\":\"\\\/\\\/www.gravatar.com\\\/avatar\\\/d8d45f8901aadff40a4af72c0b826f1d?s=96&#038;r=g&#038;d=mm\",\"url\":\"\\\/\\\/www.gravatar.com\\\/avatar\\\/d8d45f8901aadff40a4af72c0b826f1d?s=96&#038;r=g&#038;d=mm\",\"contentUrl\":\"\\\/\\\/www.gravatar.com\\\/avatar\\\/d8d45f8901aadff40a4af72c0b826f1d?s=96&#038;r=g&#038;d=mm\",\"caption\":\"dorogimedence.hu\"}}]}<\/script>\n<!-- \/ Yoast SEO plugin. -->","yoast_head_json":{"title":"T\u0171zolt\u00f3k gyakorlatoztak a keszt\u00f6lci iskol\u00e1ban","robots":{"index":"index","follow":"follow","max-snippet":"max-snippet:-1","max-image-preview":"max-image-preview:large","max-video-preview":"max-video-preview:-1"},"canonical":"https:\/\/dorogimedence.hu\/index.php\/2017\/09\/21\/tuzoltok-gyakorlatoztak-a-kesztolci-iskolaban\/","og_locale":"hu_HU","og_type":"article","og_title":"T\u0171zolt\u00f3k gyakorlatoztak a keszt\u00f6lci iskol\u00e1ban","og_description":"Szeptember 21-\u00e9n, cs\u00fct\u00f6rt\u00f6k\u00f6n a keszt\u00f6lci iskol\u00e1ban gyakorolt\u00e1k a ki\u00fcr\u00edt\u00e9st a t\u0171zolt\u00f3k. A gyakorlat c\u00e9lja a ki\u00fcr\u00edt\u00e9si id\u0151 felm\u00e9r\u00e9se mellett az, hogy felh\u00edvj\u00e1k a di\u00e1kok figyelm\u00e9t arra, mekkora vesz\u00e9lyt hordozhat mag\u00e1ban, ha p\u00e1nik t\u00f6r ki \u00e9s az ilyen esetben milyen magatart\u00e1si szab\u00e1lyok betart\u00e1s\u00e1val ker\u00fclhet\u0151 el a nagyobb baj. Meglepet\u00e9sk\u00e9nt \u00e9rte a t\u0171zjelz\u0151 hangja mind a pedag\u00f3gusi","og_url":"https:\/\/dorogimedence.hu\/index.php\/2017\/09\/21\/tuzoltok-gyakorlatoztak-a-kesztolci-iskolaban\/","og_site_name":"Dorogi-medence Region\u00e1lis H\u00edrport\u00e1l","article_publisher":"https:\/\/www.facebook.com\/dorogimedence\/","article_published_time":"2017-09-21T13:37:04+00:00","og_image":[{"width":670,"height":365,"url":"https:\/\/i0.wp.com\/dorogimedence.hu\/wp-content\/uploads\/2017\/09\/kesztolc-tuzriado-01.jpg?fit=670%2C365&ssl=1","type":"image\/jpeg"}],"author":"dorogimedence.hu","twitter_card":"summary_large_image","twitter_misc":{"Szerz\u0151:":"dorogimedence.hu","Becs\u00fclt olvas\u00e1si id\u0151":"2 perc"},"schema":{"@context":"https:\/\/schema.org","@graph":[{"@type":"Article","@id":"https:\/\/dorogimedence.hu\/index.php\/2017\/09\/21\/tuzoltok-gyakorlatoztak-a-kesztolci-iskolaban\/#article","isPartOf":{"@id":"https:\/\/dorogimedence.hu\/index.php\/2017\/09\/21\/tuzoltok-gyakorlatoztak-a-kesztolci-iskolaban\/"},"author":{"name":"dorogimedence.hu","@id":"https:\/\/dorogimedence.hu\/#\/schema\/person\/ce6091eeb7e95ecdc87890d6aa8e0fd4"},"headline":"T\u0171zolt\u00f3k gyakorlatoztak a keszt\u00f6lci iskol\u00e1ban","datePublished":"2017-09-21T13:37:04+00:00","mainEntityOfPage":{"@id":"https:\/\/dorogimedence.hu\/index.php\/2017\/09\/21\/tuzoltok-gyakorlatoztak-a-kesztolci-iskolaban\/"},"wordCount":317,"publisher":{"@id":"https:\/\/dorogimedence.hu\/#organization"},"image":{"@id":"https:\/\/dorogimedence.hu\/index.php\/2017\/09\/21\/tuzoltok-gyakorlatoztak-a-kesztolci-iskolaban\/#primaryimage"},"thumbnailUrl":"https:\/\/dorogimedence.hu\/wp-content\/uploads\/2017\/09\/kesztolc-tuzriado-01.jpg","keywords":["gyakorlat","katasztr\u00f3fav\u00e9delem","Keszt\u00f6lc","t\u0171zolt\u00f3s\u00e1g","t\u0171zriad\u00f3"],"articleSection":["H\u00edrek","Keszt\u00f6lc"],"inLanguage":"hu"},{"@type":"WebPage","@id":"https:\/\/dorogimedence.hu\/index.php\/2017\/09\/21\/tuzoltok-gyakorlatoztak-a-kesztolci-iskolaban\/","url":"https:\/\/dorogimedence.hu\/index.php\/2017\/09\/21\/tuzoltok-gyakorlatoztak-a-kesztolci-iskolaban\/","name":"T\u0171zolt\u00f3k gyakorlatoztak a keszt\u00f6lci iskol\u00e1ban","isPartOf":{"@id":"https:\/\/dorogimedence.hu\/#website"},"primaryImageOfPage":{"@id":"https:\/\/dorogimedence.hu\/index.php\/2017\/09\/21\/tuzoltok-gyakorlatoztak-a-kesztolci-iskolaban\/#primaryimage"},"image":{"@id":"https:\/\/dorogimedence.hu\/index.php\/2017\/09\/21\/tuzoltok-gyakorlatoztak-a-kesztolci-iskolaban\/#primaryimage"},"thumbnailUrl":"https:\/\/dorogimedence.hu\/wp-content\/uploads\/2017\/09\/kesztolc-tuzriado-01.jpg","datePublished":"2017-09-21T13:37:04+00:00","breadcrumb":{"@id":"https:\/\/dorogimedence.hu\/index.php\/2017\/09\/21\/tuzoltok-gyakorlatoztak-a-kesztolci-iskolaban\/#breadcrumb"},"inLanguage":"hu","potentialAction":[{"@type":"ReadAction","target":["https:\/\/dorogimedence.hu\/index.php\/2017\/09\/21\/tuzoltok-gyakorlatoztak-a-kesztolci-iskolaban\/"]}]},{"@type":"ImageObject","inLanguage":"hu","@id":"https:\/\/dorogimedence.hu\/index.php\/2017\/09\/21\/tuzoltok-gyakorlatoztak-a-kesztolci-iskolaban\/#primaryimage","url":"https:\/\/dorogimedence.hu\/wp-content\/uploads\/2017\/09\/kesztolc-tuzriado-01.jpg","contentUrl":"https:\/\/dorogimedence.hu\/wp-content\/uploads\/2017\/09\/kesztolc-tuzriado-01.jpg","width":670,"height":365},{"@type":"BreadcrumbList","@id":"https:\/\/dorogimedence.hu\/index.php\/2017\/09\/21\/tuzoltok-gyakorlatoztak-a-kesztolci-iskolaban\/#breadcrumb","itemListElement":[{"@type":"ListItem","position":1,"name":"Kezd\u0151lap","item":"https:\/\/dorogimedence.hu\/"},{"@type":"ListItem","position":2,"name":"T\u0171zolt\u00f3k gyakorlatoztak a keszt\u00f6lci iskol\u00e1ban"}]},{"@type":"WebSite","@id":"https:\/\/dorogimedence.hu\/#website","url":"https:\/\/dorogimedence.hu\/","name":"Dorogi-medence Region\u00e1lis H\u00edrport\u00e1l","description":"Dorog, Keszt\u00f6lc, Le\u00e1nyv\u00e1r, Piliscs\u00e9v, Tokod, Tokodalt\u00e1r\u00f3, Csolnok, Esztergom-kertv\u00e1ros: h\u00edrek, programok","publisher":{"@id":"https:\/\/dorogimedence.hu\/#organization"},"potentialAction":[{"@type":"SearchAction","target":{"@type":"EntryPoint","urlTemplate":"https:\/\/dorogimedence.hu\/?s={search_term_string}"},"query-input":{"@type":"PropertyValueSpecification","valueRequired":true,"valueName":"search_term_string"}}],"inLanguage":"hu"},{"@type":"Organization","@id":"https:\/\/dorogimedence.hu\/#organization","name":"Dorogi-medence Region\u00e1lis H\u00edrport\u00e1l","url":"https:\/\/dorogimedence.hu\/","logo":{"@type":"ImageObject","inLanguage":"hu","@id":"https:\/\/dorogimedence.hu\/#\/schema\/logo\/image\/","url":"https:\/\/dorogimedence.hu\/wp-content\/uploads\/2021\/04\/logo-feher-600.png","contentUrl":"https:\/\/dorogimedence.hu\/wp-content\/uploads\/2021\/04\/logo-feher-600.png","width":600,"height":100,"caption":"Dorogi-medence Region\u00e1lis H\u00edrport\u00e1l"},"image":{"@id":"https:\/\/dorogimedence.hu\/#\/schema\/logo\/image\/"},"sameAs":["https:\/\/www.facebook.com\/dorogimedence\/"]},{"@type":"Person","@id":"https:\/\/dorogimedence.hu\/#\/schema\/person\/ce6091eeb7e95ecdc87890d6aa8e0fd4","name":"dorogimedence.hu","image":{"@type":"ImageObject","inLanguage":"hu","@id":"\/\/www.gravatar.com\/avatar\/d8d45f8901aadff40a4af72c0b826f1d?s=96&#038;r=g&#038;d=mm","url":"\/\/www.gravatar.com\/avatar\/d8d45f8901aadff40a4af72c0b826f1d?s=96&#038;r=g&#038;d=mm","contentUrl":"\/\/www.gravatar.com\/avatar\/d8d45f8901aadff40a4af72c0b826f1d?s=96&#038;r=g&#038;d=mm","caption":"dorogimedence.hu"}}]}},"_links":{"self":[{"href":"https:\/\/dorogimedence.hu\/index.php\/wp-json\/wp\/v2\/posts\/5778","targetHints":{"allow":["GET"]}}],"collection":[{"href":"https:\/\/dorogimedence.hu\/index.php\/wp-json\/wp\/v2\/posts"}],"about":[{"href":"https:\/\/dorogimedence.hu\/index.php\/wp-json\/wp\/v2\/types\/post"}],"author":[{"embeddable":true,"href":"https:\/\/dorogimedence.hu\/index.php\/wp-json\/wp\/v2\/users\/1"}],"replies":[{"embeddable":true,"href":"https:\/\/dorogimedence.hu\/index.php\/wp-json\/wp\/v2\/comments?post=5778"}],"version-history":[{"count":0,"href":"https:\/\/dorogimedence.hu\/index.php\/wp-json\/wp\/v2\/posts\/5778\/revisions"}],"wp:featuredmedia":[{"embeddable":true,"href":"https:\/\/dorogimedence.hu\/index.php\/wp-json\/wp\/v2\/media\/5779"}],"wp:attachment":[{"href":"https:\/\/dorogimedence.hu\/index.php\/wp-json\/wp\/v2\/media?parent=5778"}],"wp:term":[{"taxonomy":"category","embeddable":true,"href":"https:\/\/dorogimedence.hu\/index.php\/wp-json\/wp\/v2\/categories?post=5778"},{"taxonomy":"post_tag","embeddable":true,"href":"https:\/\/dorogimedence.hu\/index.php\/wp-json\/wp\/v2\/tags?post=5778"}],"curies":[{"name":"wp","href":"https:\/\/api.w.org\/{rel}","templated":true}]}}