{"id":57752,"date":"2023-11-13T09:24:39","date_gmt":"2023-11-13T08:24:39","guid":{"rendered":"https:\/\/dorogimedence.hu\/?p=57752"},"modified":"2023-11-13T09:26:00","modified_gmt":"2023-11-13T08:26:00","slug":"teli-felkeszitest-tartottak-a-varmegyei-kormanyhivatalban","status":"publish","type":"post","link":"https:\/\/dorogimedence.hu\/index.php\/2023\/11\/13\/teli-felkeszitest-tartottak-a-varmegyei-kormanyhivatalban\/","title":{"rendered":"T\u00e9li felk\u00e9sz\u00edt\u00e9st tartottak a v\u00e1rmegyei korm\u00e1nyhivatalban"},"content":{"rendered":"<div class=\"article-descript\">\n<p><strong>Rendk\u00edv\u00fcli t\u00e9li id\u0151j\u00e1r\u00e1si viszonyok sor\u00e1n jelentkez\u0151 feladatok, helyzetek kezel\u00e9s\u00e9r\u0151l tartott felk\u00e9sz\u00edt\u00e9st a Kom\u00e1rom-Esztergom V\u00e1rmegyei Ter\u00fcleti V\u00e9delmi Bizotts\u00e1g valamint a v\u00e1rmegyei katasztr\u00f3fav\u00e9delmi igazgat\u00f3s\u00e1g a korm\u00e1nyhivatalban november 10-\u00e9n, p\u00e9nteken d\u00e9lel\u0151tt.<\/strong><\/p>\n<\/div>\n<div class=\"text\">\n<p>A r\u00e9sztvev\u0151ket Bakos S\u00e1ndor ezredes, a Kom\u00e1rom-Esztergom V\u00e1rmegyei Ter\u00fcleti V\u00e9delmi Bizotts\u00e1g titk\u00e1ra k\u00f6sz\u00f6nt\u00f6tte \u00e9s nyitotta meg a felk\u00e9sz\u00edt\u00e9st. Az el\u0151ad\u00e1ssorozatot Klemeti G\u00e1bor a MKIF Magyar Koncesszi\u00f3s Infrastrukt\u00fara Fejleszt\u0151 Zrt.&nbsp;Bicskei M\u00e9rn\u00f6ks\u00e9g\u00e9nekvezet\u0151je, majd F\u00e9nyi Istv\u00e1n,&nbsp;a Magyar K\u00f6z\u00fat Nonprofit Zrt. Kom\u00e1rom-Esztergom V\u00e1rmegyei Igazgat\u00f3s\u00e1g k\u00e9pviselet\u00e9ben a kiemelt id\u0151j\u00e1r\u00e1si helyzetekre, \u00e9s a prevent\u00edv tev\u00e9kenys\u00e9g\u00fckre h\u00edvta fel a figyelmet az M1-es aut\u00f3p\u00e1lya \u00e9s a megyei k\u00f6z\u00fath\u00e1l\u00f3zat vonatkoz\u00e1s\u00e1ban. Kadlecsik Tibor&nbsp;rend\u0151r \u0151rnagy&nbsp;el\u0151ad\u00e1st tartott&nbsp;a rend\u0151rs\u00e9gi feladatell\u00e1t\u00e1sr\u00f3l \u00e9s kapcsolattart\u00e1sr\u00f3l a t\u00e9li id\u0151j\u00e1r\u00e1si helyzetek sor\u00e1n. Horv\u00e1th \u00c1kos P\u00e9ter \u0151rnagy, az MH Klapka Gy\u00f6rgy 1. p\u00e1nc\u00e9los dand\u00e1r k\u00e9pviselet\u00e9ben a honv\u00e9ds\u00e9gi er\u0151kr\u0151l, az eszk\u00f6z\u00f6k ig\u00e9nyl\u00e9seinek rendj\u00e9r\u0151l, az alkalmaz\u00e1si \u00e9s egy\u00fcttm\u0171k\u00f6d\u00e9si feladatokr\u00f3l tartott el\u0151ad\u00e1st. &nbsp;<\/p>\n<p>A Kom\u00e1rom-Esztergom V\u00e1rmegyei Korm\u00e1nyhivatal N\u00e9peg\u00e9szs\u00e9g\u00fcgyi F\u0151oszt\u00e1ly\u00e1nak r\u00e9sz\u00e9r\u0151l&nbsp;M\u00e1t\u00e9 Zsuzsanna t\u00e1j\u00e9koztatta a r\u00e9sztvev\u0151ket kih\u0171l\u00e9s eset\u00e9n az emberi szervezetben v\u00e9gbemen\u0151 v\u00e1ltoz\u00e1sokr\u00f3l, illetve a sz\u00fcks\u00e9ges ell\u00e1t\u00e1si tev\u00e9kenys\u00e9gekr\u0151l. A v\u00e1rmegyei katasztr\u00f3fav\u00e9delmi igazgat\u00f3s\u00e1g iparbiztons\u00e1gi szakter\u00fclet\u00e9nek k\u00e9pviselet\u00e9ben Benke Istv\u00e1n&nbsp;t\u0171zolt\u00f3 sz\u00e1zados, a Katasztr\u00f3fav\u00e9delmi Mobil Labor parancsnoka kiemelte a katasztr\u00f3fav\u00e9delem feladat\u00e1t a vesz\u00e9lyes \u00fczemek \u00e9s a nukle\u00e1ris l\u00e9tes\u00edtm\u00e9nyek t\u00e9li felk\u00e9sz\u00edt\u00e9s\u00e9nek ellen\u0151rz\u00e9s\u00e9ben, hangs\u00falyozva az egy\u00fcttm\u0171k\u00f6d\u00e9s fontoss\u00e1g\u00e1t egy esetleges t\u00e9li k\u00e1resem\u00e9ny felsz\u00e1mol\u00e1s\u00e1n\u00e1l vesz\u00e9lyes \u00fczemek kapcs\u00e1n.<\/p>\n<p><img fetchpriority=\"high\" decoding=\"async\" class=\"alignnone size-full wp-image-57755\" src=\"https:\/\/dorogimedence.hu\/wp-content\/uploads\/2023\/11\/teli-felkeszites-02.jpg\" alt=\"\" width=\"1920\" height=\"1277\" srcset=\"https:\/\/dorogimedence.hu\/wp-content\/uploads\/2023\/11\/teli-felkeszites-02.jpg 1920w, https:\/\/dorogimedence.hu\/wp-content\/uploads\/2023\/11\/teli-felkeszites-02-600x399.jpg 600w, https:\/\/dorogimedence.hu\/wp-content\/uploads\/2023\/11\/teli-felkeszites-02-768x511.jpg 768w, https:\/\/dorogimedence.hu\/wp-content\/uploads\/2023\/11\/teli-felkeszites-02-1536x1022.jpg 1536w, https:\/\/dorogimedence.hu\/wp-content\/uploads\/2023\/11\/teli-felkeszites-02-150x100.jpg 150w, https:\/\/dorogimedence.hu\/wp-content\/uploads\/2023\/11\/teli-felkeszites-02-450x299.jpg 450w, https:\/\/dorogimedence.hu\/wp-content\/uploads\/2023\/11\/teli-felkeszites-02-1200x798.jpg 1200w, https:\/\/dorogimedence.hu\/wp-content\/uploads\/2023\/11\/teli-felkeszites-02-272x182.jpg 272w\" sizes=\"(max-width: 1920px) 100vw, 1920px\" \/><\/p>\n<p>A ment\u0151szervezet&nbsp;r\u00e9sz\u00e9r\u0151l Vincze L\u00e1szl\u00f3&nbsp;ment\u0151tiszt, a tatab\u00e1nyai ment\u0151\u00e1llom\u00e1s vezet\u0151je, a Magyar \u00c1llamvasutak Zrt. k\u00e9pviselet\u00e9ben Demeter Lajos, a Forgalmi Csom\u00f3ponti F\u0151n\u00f6ks\u00e9g vezet\u0151je, valamint Szegedi Zsolt a Vol\u00e1nbusz Zrt. Kom\u00e1rom-Esztergom V\u00e1rmegyei Forgalmi \u00dczem \u00fczemvezet\u0151je szervezet\u00fck felk\u00e9sz\u00fcl\u00e9s\u00e9t ismertett\u00e9k a r\u00e9sztvev\u0151kkel a t\u00e9li rendk\u00edv\u00fcli id\u0151j\u00e1r\u00e1sb\u00f3l k\u00f6vetkez\u0151 feladatok ell\u00e1t\u00e1sa kapcs\u00e1n. Az elm\u00e9leti blokk z\u00e1r\u00e1sak\u00e9nt Sikrai Attila t\u0171zolt\u00f3 alezredes, az igazgat\u00f3s\u00e1g polg\u00e1ri v\u00e9delmi f\u0151fel\u00fcgyel\u0151je az operat\u00edv egy\u00fcttm\u0171k\u00f6d\u00e9si feladatok ismertet\u00e9s\u00e9vel z\u00e1rta az el\u0151ad\u00e1ssorozatot.<\/p>\n<p>A felk\u00e9sz\u00edt\u0151 \u00e9rtekezletet utols\u00f3 felsz\u00f3lal\u00f3k\u00e9nt Fodor J\u00e1nos,&nbsp;a v\u00e1rmegyei korm\u00e1nyhivatal f\u0151igazgat\u00f3ja z\u00e1rta, aki esem\u00e9nymentes telet k\u00edv\u00e1nt a r\u00e9sztvev\u0151 szervezetek k\u00e9pvisel\u0151inek.<\/p>\n<p>A felk\u00e9sz\u00edt\u00e9sen a ter\u00fcleti v\u00e9delmi bizotts\u00e1g katasztr\u00f3fav\u00e9delmi munkacsoportba beosztott tagjai, a helyi v\u00e9delmi bizotts\u00e1gok katasztr\u00f3fav\u00e9delmi eln\u00f6khelyettesei valamint a katasztr\u00f3fav\u00e9delmi munkacsoportokba beosztott tagja, valamint az igazgat\u00f3s\u00e1g hivatal munkarendben dolgoz\u00f3 \u00e1llom\u00e1nya vett r\u00e9szt.<\/p>\n<p><img decoding=\"async\" class=\"alignnone size-full wp-image-57754\" src=\"https:\/\/dorogimedence.hu\/wp-content\/uploads\/2023\/11\/teli-felkeszites-03.jpg\" alt=\"\" width=\"1920\" height=\"1277\" srcset=\"https:\/\/dorogimedence.hu\/wp-content\/uploads\/2023\/11\/teli-felkeszites-03.jpg 1920w, https:\/\/dorogimedence.hu\/wp-content\/uploads\/2023\/11\/teli-felkeszites-03-600x399.jpg 600w, https:\/\/dorogimedence.hu\/wp-content\/uploads\/2023\/11\/teli-felkeszites-03-768x511.jpg 768w, https:\/\/dorogimedence.hu\/wp-content\/uploads\/2023\/11\/teli-felkeszites-03-1536x1022.jpg 1536w, https:\/\/dorogimedence.hu\/wp-content\/uploads\/2023\/11\/teli-felkeszites-03-150x100.jpg 150w, https:\/\/dorogimedence.hu\/wp-content\/uploads\/2023\/11\/teli-felkeszites-03-450x299.jpg 450w, https:\/\/dorogimedence.hu\/wp-content\/uploads\/2023\/11\/teli-felkeszites-03-1200x798.jpg 1200w, https:\/\/dorogimedence.hu\/wp-content\/uploads\/2023\/11\/teli-felkeszites-03-272x182.jpg 272w\" sizes=\"(max-width: 1920px) 100vw, 1920px\" \/><\/p>\n<p><em>Fot\u00f3k: Matvan-Kir\u00e1lyfi Kl\u00e1ra r.a.<\/em><br \/>\n<em>Forr\u00e1s: Katasztr\u00f3fav\u00e9delem<\/em><\/p>\n<\/div>\n","protected":false},"excerpt":{"rendered":"<p>Rendk\u00edv\u00fcli t\u00e9li id\u0151j\u00e1r\u00e1si viszonyok sor\u00e1n jelentkez\u0151 feladatok, helyzetek kezel\u00e9s\u00e9r\u0151l tartott felk\u00e9sz\u00edt\u00e9st a Kom\u00e1rom-Esztergom V\u00e1rmegyei Ter\u00fcleti V\u00e9delmi Bizotts\u00e1g valamint a v\u00e1rmegyei katasztr\u00f3fav\u00e9delmi igazgat\u00f3s\u00e1g a korm\u00e1nyhivatalban november 10-\u00e9n, p\u00e9nteken d\u00e9lel\u0151tt. A r\u00e9sztvev\u0151ket Bakos S\u00e1ndor ezredes, a Kom\u00e1rom-Esztergom V\u00e1rmegyei Ter\u00fcleti V\u00e9delmi Bizotts\u00e1g titk\u00e1ra k\u00f6sz\u00f6nt\u00f6tte \u00e9s nyitotta meg a felk\u00e9sz\u00edt\u00e9st. Az el\u0151ad\u00e1ssorozatot Klemeti G\u00e1bor a MKIF Magyar Koncesszi\u00f3s Infrastrukt\u00fara<\/p>\n","protected":false},"author":1,"featured_media":57753,"comment_status":"closed","ping_status":"closed","sticky":false,"template":"","format":"standard","meta":{"ngg_post_thumbnail":0,"footnotes":""},"categories":[3,56],"tags":[175,6890,7558,7559,65],"class_list":{"0":"post-57752","1":"post","2":"type-post","3":"status-publish","4":"format-standard","5":"has-post-thumbnail","7":"category-hirek","8":"category-komarom-esztergom","9":"tag-katasztrofavedelem","10":"tag-komarom-esztergom-varmegye","11":"tag-komarom-esztergom-varmegyei-teruleti-vedelmi-bizottsag","12":"tag-teli-felkeszites","13":"tag-tuzoltosag"},"yoast_head":"<!-- This site is optimized with the Yoast SEO plugin v27.5 - https:\/\/yoast.com\/product\/yoast-seo-wordpress\/ -->\n<title>T\u00e9li felk\u00e9sz\u00edt\u00e9st tartottak a v\u00e1rmegyei korm\u00e1nyhivatalban<\/title>\n<meta name=\"robots\" content=\"index, follow, max-snippet:-1, max-image-preview:large, max-video-preview:-1\" \/>\n<link rel=\"canonical\" href=\"https:\/\/dorogimedence.hu\/index.php\/2023\/11\/13\/teli-felkeszitest-tartottak-a-varmegyei-kormanyhivatalban\/\" class=\"yoast-seo-meta-tag\" \/>\n<meta property=\"og:locale\" content=\"hu_HU\" class=\"yoast-seo-meta-tag\" \/>\n<meta property=\"og:type\" content=\"article\" class=\"yoast-seo-meta-tag\" \/>\n<meta property=\"og:title\" content=\"T\u00e9li felk\u00e9sz\u00edt\u00e9st tartottak a v\u00e1rmegyei korm\u00e1nyhivatalban\" class=\"yoast-seo-meta-tag\" \/>\n<meta property=\"og:description\" content=\"Rendk\u00edv\u00fcli t\u00e9li id\u0151j\u00e1r\u00e1si viszonyok sor\u00e1n jelentkez\u0151 feladatok, helyzetek kezel\u00e9s\u00e9r\u0151l tartott felk\u00e9sz\u00edt\u00e9st a Kom\u00e1rom-Esztergom V\u00e1rmegyei Ter\u00fcleti V\u00e9delmi Bizotts\u00e1g valamint a v\u00e1rmegyei katasztr\u00f3fav\u00e9delmi igazgat\u00f3s\u00e1g a korm\u00e1nyhivatalban november 10-\u00e9n, p\u00e9nteken d\u00e9lel\u0151tt. A r\u00e9sztvev\u0151ket Bakos S\u00e1ndor ezredes, a Kom\u00e1rom-Esztergom V\u00e1rmegyei Ter\u00fcleti V\u00e9delmi Bizotts\u00e1g titk\u00e1ra k\u00f6sz\u00f6nt\u00f6tte \u00e9s nyitotta meg a felk\u00e9sz\u00edt\u00e9st. Az el\u0151ad\u00e1ssorozatot Klemeti G\u00e1bor a MKIF Magyar Koncesszi\u00f3s Infrastrukt\u00fara\" class=\"yoast-seo-meta-tag\" \/>\n<meta property=\"og:url\" content=\"https:\/\/dorogimedence.hu\/index.php\/2023\/11\/13\/teli-felkeszitest-tartottak-a-varmegyei-kormanyhivatalban\/\" class=\"yoast-seo-meta-tag\" \/>\n<meta property=\"og:site_name\" content=\"Dorogi-medence Region\u00e1lis H\u00edrport\u00e1l\" class=\"yoast-seo-meta-tag\" \/>\n<meta property=\"article:publisher\" content=\"https:\/\/www.facebook.com\/dorogimedence\/\" class=\"yoast-seo-meta-tag\" \/>\n<meta property=\"article:published_time\" content=\"2023-11-13T08:24:39+00:00\" class=\"yoast-seo-meta-tag\" \/>\n<meta property=\"article:modified_time\" content=\"2023-11-13T08:26:00+00:00\" class=\"yoast-seo-meta-tag\" \/>\n<meta property=\"og:image\" content=\"https:\/\/dorogimedence.hu\/wp-content\/uploads\/2023\/11\/teli-felkeszites-01.jpg\" class=\"yoast-seo-meta-tag\" \/>\n\t<meta property=\"og:image:width\" content=\"1920\" class=\"yoast-seo-meta-tag\" \/>\n\t<meta property=\"og:image:height\" content=\"970\" class=\"yoast-seo-meta-tag\" \/>\n\t<meta property=\"og:image:type\" content=\"image\/jpeg\" class=\"yoast-seo-meta-tag\" \/>\n<meta name=\"author\" content=\"dorogimedence.hu\" class=\"yoast-seo-meta-tag\" \/>\n<meta name=\"twitter:card\" content=\"summary_large_image\" class=\"yoast-seo-meta-tag\" \/>\n<meta name=\"twitter:label1\" content=\"Szerz\u0151:\" class=\"yoast-seo-meta-tag\" \/>\n\t<meta name=\"twitter:data1\" content=\"dorogimedence.hu\" class=\"yoast-seo-meta-tag\" \/>\n\t<meta name=\"twitter:label2\" content=\"Becs\u00fclt olvas\u00e1si id\u0151\" class=\"yoast-seo-meta-tag\" \/>\n\t<meta name=\"twitter:data2\" content=\"3 perc\" class=\"yoast-seo-meta-tag\" \/>\n<script type=\"application\/ld+json\" class=\"yoast-schema-graph\">{\"@context\":\"https:\\\/\\\/schema.org\",\"@graph\":[{\"@type\":\"Article\",\"@id\":\"https:\\\/\\\/dorogimedence.hu\\\/index.php\\\/2023\\\/11\\\/13\\\/teli-felkeszitest-tartottak-a-varmegyei-kormanyhivatalban\\\/#article\",\"isPartOf\":{\"@id\":\"https:\\\/\\\/dorogimedence.hu\\\/index.php\\\/2023\\\/11\\\/13\\\/teli-felkeszitest-tartottak-a-varmegyei-kormanyhivatalban\\\/\"},\"author\":{\"name\":\"dorogimedence.hu\",\"@id\":\"https:\\\/\\\/dorogimedence.hu\\\/#\\\/schema\\\/person\\\/ce6091eeb7e95ecdc87890d6aa8e0fd4\"},\"headline\":\"T\u00e9li felk\u00e9sz\u00edt\u00e9st tartottak a v\u00e1rmegyei korm\u00e1nyhivatalban\",\"datePublished\":\"2023-11-13T08:24:39+00:00\",\"dateModified\":\"2023-11-13T08:26:00+00:00\",\"mainEntityOfPage\":{\"@id\":\"https:\\\/\\\/dorogimedence.hu\\\/index.php\\\/2023\\\/11\\\/13\\\/teli-felkeszitest-tartottak-a-varmegyei-kormanyhivatalban\\\/\"},\"wordCount\":650,\"publisher\":{\"@id\":\"https:\\\/\\\/dorogimedence.hu\\\/#organization\"},\"image\":{\"@id\":\"https:\\\/\\\/dorogimedence.hu\\\/index.php\\\/2023\\\/11\\\/13\\\/teli-felkeszitest-tartottak-a-varmegyei-kormanyhivatalban\\\/#primaryimage\"},\"thumbnailUrl\":\"https:\\\/\\\/dorogimedence.hu\\\/wp-content\\\/uploads\\\/2023\\\/11\\\/teli-felkeszites-01.jpg\",\"keywords\":[\"katasztr\u00f3fav\u00e9delem\",\"Kom\u00e1rom-Esztergom v\u00e1rmegye\",\"Kom\u00e1rom-Esztergom V\u00e1rmegyei Ter\u00fcleti V\u00e9delmi Bizotts\u00e1g\",\"t\u00e9li felk\u00e9sz\u00edt\u00e9s\",\"t\u0171zolt\u00f3s\u00e1g\"],\"articleSection\":[\"H\u00edrek\",\"Kom\u00e1rom-Esztergom\"],\"inLanguage\":\"hu\"},{\"@type\":\"WebPage\",\"@id\":\"https:\\\/\\\/dorogimedence.hu\\\/index.php\\\/2023\\\/11\\\/13\\\/teli-felkeszitest-tartottak-a-varmegyei-kormanyhivatalban\\\/\",\"url\":\"https:\\\/\\\/dorogimedence.hu\\\/index.php\\\/2023\\\/11\\\/13\\\/teli-felkeszitest-tartottak-a-varmegyei-kormanyhivatalban\\\/\",\"name\":\"T\u00e9li felk\u00e9sz\u00edt\u00e9st tartottak a v\u00e1rmegyei korm\u00e1nyhivatalban\",\"isPartOf\":{\"@id\":\"https:\\\/\\\/dorogimedence.hu\\\/#website\"},\"primaryImageOfPage\":{\"@id\":\"https:\\\/\\\/dorogimedence.hu\\\/index.php\\\/2023\\\/11\\\/13\\\/teli-felkeszitest-tartottak-a-varmegyei-kormanyhivatalban\\\/#primaryimage\"},\"image\":{\"@id\":\"https:\\\/\\\/dorogimedence.hu\\\/index.php\\\/2023\\\/11\\\/13\\\/teli-felkeszitest-tartottak-a-varmegyei-kormanyhivatalban\\\/#primaryimage\"},\"thumbnailUrl\":\"https:\\\/\\\/dorogimedence.hu\\\/wp-content\\\/uploads\\\/2023\\\/11\\\/teli-felkeszites-01.jpg\",\"datePublished\":\"2023-11-13T08:24:39+00:00\",\"dateModified\":\"2023-11-13T08:26:00+00:00\",\"breadcrumb\":{\"@id\":\"https:\\\/\\\/dorogimedence.hu\\\/index.php\\\/2023\\\/11\\\/13\\\/teli-felkeszitest-tartottak-a-varmegyei-kormanyhivatalban\\\/#breadcrumb\"},\"inLanguage\":\"hu\",\"potentialAction\":[{\"@type\":\"ReadAction\",\"target\":[\"https:\\\/\\\/dorogimedence.hu\\\/index.php\\\/2023\\\/11\\\/13\\\/teli-felkeszitest-tartottak-a-varmegyei-kormanyhivatalban\\\/\"]}]},{\"@type\":\"ImageObject\",\"inLanguage\":\"hu\",\"@id\":\"https:\\\/\\\/dorogimedence.hu\\\/index.php\\\/2023\\\/11\\\/13\\\/teli-felkeszitest-tartottak-a-varmegyei-kormanyhivatalban\\\/#primaryimage\",\"url\":\"https:\\\/\\\/dorogimedence.hu\\\/wp-content\\\/uploads\\\/2023\\\/11\\\/teli-felkeszites-01.jpg\",\"contentUrl\":\"https:\\\/\\\/dorogimedence.hu\\\/wp-content\\\/uploads\\\/2023\\\/11\\\/teli-felkeszites-01.jpg\",\"width\":1920,\"height\":970},{\"@type\":\"BreadcrumbList\",\"@id\":\"https:\\\/\\\/dorogimedence.hu\\\/index.php\\\/2023\\\/11\\\/13\\\/teli-felkeszitest-tartottak-a-varmegyei-kormanyhivatalban\\\/#breadcrumb\",\"itemListElement\":[{\"@type\":\"ListItem\",\"position\":1,\"name\":\"Kezd\u0151lap\",\"item\":\"https:\\\/\\\/dorogimedence.hu\\\/\"},{\"@type\":\"ListItem\",\"position\":2,\"name\":\"T\u00e9li felk\u00e9sz\u00edt\u00e9st tartottak a v\u00e1rmegyei korm\u00e1nyhivatalban\"}]},{\"@type\":\"WebSite\",\"@id\":\"https:\\\/\\\/dorogimedence.hu\\\/#website\",\"url\":\"https:\\\/\\\/dorogimedence.hu\\\/\",\"name\":\"Dorogi-medence Region\u00e1lis H\u00edrport\u00e1l\",\"description\":\"Dorog, Keszt\u00f6lc, Le\u00e1nyv\u00e1r, Piliscs\u00e9v, Tokod, Tokodalt\u00e1r\u00f3, Csolnok, Esztergom-kertv\u00e1ros: h\u00edrek, programok\",\"publisher\":{\"@id\":\"https:\\\/\\\/dorogimedence.hu\\\/#organization\"},\"potentialAction\":[{\"@type\":\"SearchAction\",\"target\":{\"@type\":\"EntryPoint\",\"urlTemplate\":\"https:\\\/\\\/dorogimedence.hu\\\/?s={search_term_string}\"},\"query-input\":{\"@type\":\"PropertyValueSpecification\",\"valueRequired\":true,\"valueName\":\"search_term_string\"}}],\"inLanguage\":\"hu\"},{\"@type\":\"Organization\",\"@id\":\"https:\\\/\\\/dorogimedence.hu\\\/#organization\",\"name\":\"Dorogi-medence Region\u00e1lis H\u00edrport\u00e1l\",\"url\":\"https:\\\/\\\/dorogimedence.hu\\\/\",\"logo\":{\"@type\":\"ImageObject\",\"inLanguage\":\"hu\",\"@id\":\"https:\\\/\\\/dorogimedence.hu\\\/#\\\/schema\\\/logo\\\/image\\\/\",\"url\":\"https:\\\/\\\/dorogimedence.hu\\\/wp-content\\\/uploads\\\/2021\\\/04\\\/logo-feher-600.png\",\"contentUrl\":\"https:\\\/\\\/dorogimedence.hu\\\/wp-content\\\/uploads\\\/2021\\\/04\\\/logo-feher-600.png\",\"width\":600,\"height\":100,\"caption\":\"Dorogi-medence Region\u00e1lis H\u00edrport\u00e1l\"},\"image\":{\"@id\":\"https:\\\/\\\/dorogimedence.hu\\\/#\\\/schema\\\/logo\\\/image\\\/\"},\"sameAs\":[\"https:\\\/\\\/www.facebook.com\\\/dorogimedence\\\/\"]},{\"@type\":\"Person\",\"@id\":\"https:\\\/\\\/dorogimedence.hu\\\/#\\\/schema\\\/person\\\/ce6091eeb7e95ecdc87890d6aa8e0fd4\",\"name\":\"dorogimedence.hu\",\"image\":{\"@type\":\"ImageObject\",\"inLanguage\":\"hu\",\"@id\":\"\\\/\\\/www.gravatar.com\\\/avatar\\\/d8d45f8901aadff40a4af72c0b826f1d?s=96&#038;r=g&#038;d=mm\",\"url\":\"\\\/\\\/www.gravatar.com\\\/avatar\\\/d8d45f8901aadff40a4af72c0b826f1d?s=96&#038;r=g&#038;d=mm\",\"contentUrl\":\"\\\/\\\/www.gravatar.com\\\/avatar\\\/d8d45f8901aadff40a4af72c0b826f1d?s=96&#038;r=g&#038;d=mm\",\"caption\":\"dorogimedence.hu\"}}]}<\/script>\n<!-- \/ Yoast SEO plugin. -->","yoast_head_json":{"title":"T\u00e9li felk\u00e9sz\u00edt\u00e9st tartottak a v\u00e1rmegyei korm\u00e1nyhivatalban","robots":{"index":"index","follow":"follow","max-snippet":"max-snippet:-1","max-image-preview":"max-image-preview:large","max-video-preview":"max-video-preview:-1"},"canonical":"https:\/\/dorogimedence.hu\/index.php\/2023\/11\/13\/teli-felkeszitest-tartottak-a-varmegyei-kormanyhivatalban\/","og_locale":"hu_HU","og_type":"article","og_title":"T\u00e9li felk\u00e9sz\u00edt\u00e9st tartottak a v\u00e1rmegyei korm\u00e1nyhivatalban","og_description":"Rendk\u00edv\u00fcli t\u00e9li id\u0151j\u00e1r\u00e1si viszonyok sor\u00e1n jelentkez\u0151 feladatok, helyzetek kezel\u00e9s\u00e9r\u0151l tartott felk\u00e9sz\u00edt\u00e9st a Kom\u00e1rom-Esztergom V\u00e1rmegyei Ter\u00fcleti V\u00e9delmi Bizotts\u00e1g valamint a v\u00e1rmegyei katasztr\u00f3fav\u00e9delmi igazgat\u00f3s\u00e1g a korm\u00e1nyhivatalban november 10-\u00e9n, p\u00e9nteken d\u00e9lel\u0151tt. A r\u00e9sztvev\u0151ket Bakos S\u00e1ndor ezredes, a Kom\u00e1rom-Esztergom V\u00e1rmegyei Ter\u00fcleti V\u00e9delmi Bizotts\u00e1g titk\u00e1ra k\u00f6sz\u00f6nt\u00f6tte \u00e9s nyitotta meg a felk\u00e9sz\u00edt\u00e9st. Az el\u0151ad\u00e1ssorozatot Klemeti G\u00e1bor a MKIF Magyar Koncesszi\u00f3s Infrastrukt\u00fara","og_url":"https:\/\/dorogimedence.hu\/index.php\/2023\/11\/13\/teli-felkeszitest-tartottak-a-varmegyei-kormanyhivatalban\/","og_site_name":"Dorogi-medence Region\u00e1lis H\u00edrport\u00e1l","article_publisher":"https:\/\/www.facebook.com\/dorogimedence\/","article_published_time":"2023-11-13T08:24:39+00:00","article_modified_time":"2023-11-13T08:26:00+00:00","og_image":[{"width":1920,"height":970,"url":"https:\/\/dorogimedence.hu\/wp-content\/uploads\/2023\/11\/teli-felkeszites-01.jpg","type":"image\/jpeg"}],"author":"dorogimedence.hu","twitter_card":"summary_large_image","twitter_misc":{"Szerz\u0151:":"dorogimedence.hu","Becs\u00fclt olvas\u00e1si id\u0151":"3 perc"},"schema":{"@context":"https:\/\/schema.org","@graph":[{"@type":"Article","@id":"https:\/\/dorogimedence.hu\/index.php\/2023\/11\/13\/teli-felkeszitest-tartottak-a-varmegyei-kormanyhivatalban\/#article","isPartOf":{"@id":"https:\/\/dorogimedence.hu\/index.php\/2023\/11\/13\/teli-felkeszitest-tartottak-a-varmegyei-kormanyhivatalban\/"},"author":{"name":"dorogimedence.hu","@id":"https:\/\/dorogimedence.hu\/#\/schema\/person\/ce6091eeb7e95ecdc87890d6aa8e0fd4"},"headline":"T\u00e9li felk\u00e9sz\u00edt\u00e9st tartottak a v\u00e1rmegyei korm\u00e1nyhivatalban","datePublished":"2023-11-13T08:24:39+00:00","dateModified":"2023-11-13T08:26:00+00:00","mainEntityOfPage":{"@id":"https:\/\/dorogimedence.hu\/index.php\/2023\/11\/13\/teli-felkeszitest-tartottak-a-varmegyei-kormanyhivatalban\/"},"wordCount":650,"publisher":{"@id":"https:\/\/dorogimedence.hu\/#organization"},"image":{"@id":"https:\/\/dorogimedence.hu\/index.php\/2023\/11\/13\/teli-felkeszitest-tartottak-a-varmegyei-kormanyhivatalban\/#primaryimage"},"thumbnailUrl":"https:\/\/dorogimedence.hu\/wp-content\/uploads\/2023\/11\/teli-felkeszites-01.jpg","keywords":["katasztr\u00f3fav\u00e9delem","Kom\u00e1rom-Esztergom v\u00e1rmegye","Kom\u00e1rom-Esztergom V\u00e1rmegyei Ter\u00fcleti V\u00e9delmi Bizotts\u00e1g","t\u00e9li felk\u00e9sz\u00edt\u00e9s","t\u0171zolt\u00f3s\u00e1g"],"articleSection":["H\u00edrek","Kom\u00e1rom-Esztergom"],"inLanguage":"hu"},{"@type":"WebPage","@id":"https:\/\/dorogimedence.hu\/index.php\/2023\/11\/13\/teli-felkeszitest-tartottak-a-varmegyei-kormanyhivatalban\/","url":"https:\/\/dorogimedence.hu\/index.php\/2023\/11\/13\/teli-felkeszitest-tartottak-a-varmegyei-kormanyhivatalban\/","name":"T\u00e9li felk\u00e9sz\u00edt\u00e9st tartottak a v\u00e1rmegyei korm\u00e1nyhivatalban","isPartOf":{"@id":"https:\/\/dorogimedence.hu\/#website"},"primaryImageOfPage":{"@id":"https:\/\/dorogimedence.hu\/index.php\/2023\/11\/13\/teli-felkeszitest-tartottak-a-varmegyei-kormanyhivatalban\/#primaryimage"},"image":{"@id":"https:\/\/dorogimedence.hu\/index.php\/2023\/11\/13\/teli-felkeszitest-tartottak-a-varmegyei-kormanyhivatalban\/#primaryimage"},"thumbnailUrl":"https:\/\/dorogimedence.hu\/wp-content\/uploads\/2023\/11\/teli-felkeszites-01.jpg","datePublished":"2023-11-13T08:24:39+00:00","dateModified":"2023-11-13T08:26:00+00:00","breadcrumb":{"@id":"https:\/\/dorogimedence.hu\/index.php\/2023\/11\/13\/teli-felkeszitest-tartottak-a-varmegyei-kormanyhivatalban\/#breadcrumb"},"inLanguage":"hu","potentialAction":[{"@type":"ReadAction","target":["https:\/\/dorogimedence.hu\/index.php\/2023\/11\/13\/teli-felkeszitest-tartottak-a-varmegyei-kormanyhivatalban\/"]}]},{"@type":"ImageObject","inLanguage":"hu","@id":"https:\/\/dorogimedence.hu\/index.php\/2023\/11\/13\/teli-felkeszitest-tartottak-a-varmegyei-kormanyhivatalban\/#primaryimage","url":"https:\/\/dorogimedence.hu\/wp-content\/uploads\/2023\/11\/teli-felkeszites-01.jpg","contentUrl":"https:\/\/dorogimedence.hu\/wp-content\/uploads\/2023\/11\/teli-felkeszites-01.jpg","width":1920,"height":970},{"@type":"BreadcrumbList","@id":"https:\/\/dorogimedence.hu\/index.php\/2023\/11\/13\/teli-felkeszitest-tartottak-a-varmegyei-kormanyhivatalban\/#breadcrumb","itemListElement":[{"@type":"ListItem","position":1,"name":"Kezd\u0151lap","item":"https:\/\/dorogimedence.hu\/"},{"@type":"ListItem","position":2,"name":"T\u00e9li felk\u00e9sz\u00edt\u00e9st tartottak a v\u00e1rmegyei korm\u00e1nyhivatalban"}]},{"@type":"WebSite","@id":"https:\/\/dorogimedence.hu\/#website","url":"https:\/\/dorogimedence.hu\/","name":"Dorogi-medence Region\u00e1lis H\u00edrport\u00e1l","description":"Dorog, Keszt\u00f6lc, Le\u00e1nyv\u00e1r, Piliscs\u00e9v, Tokod, Tokodalt\u00e1r\u00f3, Csolnok, Esztergom-kertv\u00e1ros: h\u00edrek, programok","publisher":{"@id":"https:\/\/dorogimedence.hu\/#organization"},"potentialAction":[{"@type":"SearchAction","target":{"@type":"EntryPoint","urlTemplate":"https:\/\/dorogimedence.hu\/?s={search_term_string}"},"query-input":{"@type":"PropertyValueSpecification","valueRequired":true,"valueName":"search_term_string"}}],"inLanguage":"hu"},{"@type":"Organization","@id":"https:\/\/dorogimedence.hu\/#organization","name":"Dorogi-medence Region\u00e1lis H\u00edrport\u00e1l","url":"https:\/\/dorogimedence.hu\/","logo":{"@type":"ImageObject","inLanguage":"hu","@id":"https:\/\/dorogimedence.hu\/#\/schema\/logo\/image\/","url":"https:\/\/dorogimedence.hu\/wp-content\/uploads\/2021\/04\/logo-feher-600.png","contentUrl":"https:\/\/dorogimedence.hu\/wp-content\/uploads\/2021\/04\/logo-feher-600.png","width":600,"height":100,"caption":"Dorogi-medence Region\u00e1lis H\u00edrport\u00e1l"},"image":{"@id":"https:\/\/dorogimedence.hu\/#\/schema\/logo\/image\/"},"sameAs":["https:\/\/www.facebook.com\/dorogimedence\/"]},{"@type":"Person","@id":"https:\/\/dorogimedence.hu\/#\/schema\/person\/ce6091eeb7e95ecdc87890d6aa8e0fd4","name":"dorogimedence.hu","image":{"@type":"ImageObject","inLanguage":"hu","@id":"\/\/www.gravatar.com\/avatar\/d8d45f8901aadff40a4af72c0b826f1d?s=96&#038;r=g&#038;d=mm","url":"\/\/www.gravatar.com\/avatar\/d8d45f8901aadff40a4af72c0b826f1d?s=96&#038;r=g&#038;d=mm","contentUrl":"\/\/www.gravatar.com\/avatar\/d8d45f8901aadff40a4af72c0b826f1d?s=96&#038;r=g&#038;d=mm","caption":"dorogimedence.hu"}}]}},"_links":{"self":[{"href":"https:\/\/dorogimedence.hu\/index.php\/wp-json\/wp\/v2\/posts\/57752","targetHints":{"allow":["GET"]}}],"collection":[{"href":"https:\/\/dorogimedence.hu\/index.php\/wp-json\/wp\/v2\/posts"}],"about":[{"href":"https:\/\/dorogimedence.hu\/index.php\/wp-json\/wp\/v2\/types\/post"}],"author":[{"embeddable":true,"href":"https:\/\/dorogimedence.hu\/index.php\/wp-json\/wp\/v2\/users\/1"}],"replies":[{"embeddable":true,"href":"https:\/\/dorogimedence.hu\/index.php\/wp-json\/wp\/v2\/comments?post=57752"}],"version-history":[{"count":0,"href":"https:\/\/dorogimedence.hu\/index.php\/wp-json\/wp\/v2\/posts\/57752\/revisions"}],"wp:featuredmedia":[{"embeddable":true,"href":"https:\/\/dorogimedence.hu\/index.php\/wp-json\/wp\/v2\/media\/57753"}],"wp:attachment":[{"href":"https:\/\/dorogimedence.hu\/index.php\/wp-json\/wp\/v2\/media?parent=57752"}],"wp:term":[{"taxonomy":"category","embeddable":true,"href":"https:\/\/dorogimedence.hu\/index.php\/wp-json\/wp\/v2\/categories?post=57752"},{"taxonomy":"post_tag","embeddable":true,"href":"https:\/\/dorogimedence.hu\/index.php\/wp-json\/wp\/v2\/tags?post=57752"}],"curies":[{"name":"wp","href":"https:\/\/api.w.org\/{rel}","templated":true}]}}