{"id":57513,"date":"2023-11-03T13:56:54","date_gmt":"2023-11-03T12:56:54","guid":{"rendered":"https:\/\/dorogimedence.hu\/?p=57513"},"modified":"2023-11-03T13:56:54","modified_gmt":"2023-11-03T12:56:54","slug":"light-friday-komarom-esztergom-varmegyeben","status":"publish","type":"post","link":"https:\/\/dorogimedence.hu\/index.php\/2023\/11\/03\/light-friday-komarom-esztergom-varmegyeben\/","title":{"rendered":"Light Friday Kom\u00e1rom-Esztergom v\u00e1rmegy\u00e9ben"},"content":{"rendered":"<p><strong>Id\u00e9n is nagyszer\u0171 fogadtat\u00e1sa volt a balesetmegel\u0151z\u00e9si programnak v\u00e1rmegy\u00e9nkben. Dorogon \u00e9s Esztergomban is l\u00e1that\u00f3s\u00e1gi eszk\u00f6z\u00f6ket kaptak az \u00e9rdekl\u0151d\u0151k.<br \/>\n<\/strong><\/p>\n<p>Az ORFK \u2013 Orsz\u00e1gos Balesetmegel\u0151z\u00e9si Bizotts\u00e1ga ism\u00e9telten meghirdette a Light Friday elnevez\u00e9s\u0171 akci\u00f3t, amelyhez a Kom\u00e1rom-Esztergom V\u00e1rmegyei Rend\u0151r-f\u0151kapit\u00e1nys\u00e1g is csatlakozott. Az egyenruh\u00e1sok 2023. november 3-\u00e1n v\u00e1rmegye szerte osztottak az \u00e9rdekl\u0151d\u0151k r\u00e9sz\u00e9re l\u00e1that\u00f3s\u00e1gi mell\u00e9nyt, sapk\u00e1t, villog\u00f3t, f\u00e9nyvisszaver\u0151 karp\u00e1ntot \u00e9s egy\u00e9b l\u00e1that\u00f3s\u00e1gi eszk\u00f6z\u00f6ket.<\/p>\n<p>A program c\u00e9lja az volt, hogy felh\u00edvj\u00e1k a k\u00f6zleked\u00e9sben r\u00e9sztvev\u0151k figyelm\u00e9t mind a l\u00e1t\u00e1s, mind a l\u00e1that\u00f3s\u00e1g fontoss\u00e1g\u00e1ra, valamint a k\u00f6zleked\u00e9si szab\u00e1lyok marad\u00e9ktalan betart\u00e1s\u00e1ra.<\/p>\n<p><img fetchpriority=\"high\" decoding=\"async\" class=\"alignnone size-full wp-image-57515\" src=\"https:\/\/dorogimedence.hu\/wp-content\/uploads\/2023\/11\/light-02.jpg\" alt=\"\" width=\"1920\" height=\"1280\" srcset=\"https:\/\/dorogimedence.hu\/wp-content\/uploads\/2023\/11\/light-02.jpg 1920w, https:\/\/dorogimedence.hu\/wp-content\/uploads\/2023\/11\/light-02-600x400.jpg 600w, https:\/\/dorogimedence.hu\/wp-content\/uploads\/2023\/11\/light-02-768x512.jpg 768w, https:\/\/dorogimedence.hu\/wp-content\/uploads\/2023\/11\/light-02-1536x1024.jpg 1536w, https:\/\/dorogimedence.hu\/wp-content\/uploads\/2023\/11\/light-02-150x100.jpg 150w, https:\/\/dorogimedence.hu\/wp-content\/uploads\/2023\/11\/light-02-450x300.jpg 450w, https:\/\/dorogimedence.hu\/wp-content\/uploads\/2023\/11\/light-02-1200x800.jpg 1200w, https:\/\/dorogimedence.hu\/wp-content\/uploads\/2023\/11\/light-02-272x182.jpg 272w\" sizes=\"(max-width: 1920px) 100vw, 1920px\" \/><\/p>\n<p>A balesetek megel\u0151z\u00e9se \u00e9rdek\u00e9ben k\u00e9rj\u00fck, fogadj\u00e1k meg a rend\u0151rs\u00e9g al\u00e1bbi tan\u00e1csait:<\/p>\n<ul>\n<li>K\u00e9sz\u00edts\u00e9k fel j\u00e1rm\u0171v\u00fcket az \u0151szi id\u0151j\u00e1r\u00e1sra! Ellen\u0151riztess\u00e9k a gumiabroncsok \u00e9s a vil\u00e1g\u00edt\u00f3berendez\u00e9sek \u00e1llapot\u00e1t!<\/li>\n<li>Ha k\u00f6d\u00f6s id\u0151ben vezetnek, lass\u00edtsanak \u00e9s tartsanak nagyobb k\u00f6vet\u00e9si t\u00e1vols\u00e1got az \u00d6n\u00f6k el\u0151tt halad\u00f3 j\u00e1rm\u0171 m\u00f6g\u00f6tt!<\/li>\n<li>Id\u0151ben gondoskodjanak a gumiabroncsok cser\u00e9j\u00e9r\u0151l!<\/li>\n<li>A reggelente tapasztalhat\u00f3 hideg, p\u00e1r\u00e1s leveg\u0151 miatt bep\u00e1r\u00e1sodott sz\u00e9lv\u00e9d\u0151t, visszapillant\u00f3 t\u00fckr\u00f6t elindul\u00e1s el\u0151tt tiszt\u00edts\u00e1k meg!<\/li>\n<li>Lakott ter\u00fcleten k\u00edv\u00fcl \u00e9s bel\u00fcl egyar\u00e1nt vigy\u00e1zzanak az \u00fattest mellett halad\u00f3, gyalogos-\u00e1tkel\u0151helyek, iskol\u00e1k, buszmeg\u00e1ll\u00f3k k\u00f6rny\u00e9k\u00e9n k\u00f6zleked\u0151 gyalogosokra!<\/li>\n<li>Ha gyalog vagy ker\u00e9kp\u00e1rral indulnak \u00fatnak, gondoskodjanak saj\u00e1t biztons\u00e1gukr\u00f3l \u00e9s vegyenek fel f\u00e9nyvisszaver\u0151 ruh\u00e1zatot!<\/li>\n<li>Gyalogosk\u00e9nt az \u00fattestre t\u00f6rt\u00e9n\u0151 lel\u00e9p\u00e9s el\u0151tt mindig legyenek k\u00f6r\u00fcltekint\u0151ek! K\u00f6zleked\u00e9s\u00fck sor\u00e1n ne nyomkodj\u00e1k mobiltelefonjukat, mert ez eltereli figyelm\u00fcket a biztons\u00e1gos k\u00f6zleked\u00e9sr\u0151l!<\/li>\n<\/ul>\n<p><img decoding=\"async\" class=\"alignnone size-full wp-image-57516\" src=\"https:\/\/dorogimedence.hu\/wp-content\/uploads\/2023\/11\/light-03.jpg\" alt=\"\" width=\"1920\" height=\"1280\" srcset=\"https:\/\/dorogimedence.hu\/wp-content\/uploads\/2023\/11\/light-03.jpg 1920w, https:\/\/dorogimedence.hu\/wp-content\/uploads\/2023\/11\/light-03-600x400.jpg 600w, https:\/\/dorogimedence.hu\/wp-content\/uploads\/2023\/11\/light-03-768x512.jpg 768w, https:\/\/dorogimedence.hu\/wp-content\/uploads\/2023\/11\/light-03-1536x1024.jpg 1536w, https:\/\/dorogimedence.hu\/wp-content\/uploads\/2023\/11\/light-03-150x100.jpg 150w, https:\/\/dorogimedence.hu\/wp-content\/uploads\/2023\/11\/light-03-450x300.jpg 450w, https:\/\/dorogimedence.hu\/wp-content\/uploads\/2023\/11\/light-03-1200x800.jpg 1200w, https:\/\/dorogimedence.hu\/wp-content\/uploads\/2023\/11\/light-03-272x182.jpg 272w\" sizes=\"(max-width: 1920px) 100vw, 1920px\" \/><\/p>\n<p><em>Fot\u00f3k, forr\u00e1s: Kom\u00e1rom-Esztergom V\u00e1rmegyei Rend\u0151r-f\u0151kapit\u00e1nys\u00e1g<\/em><\/p>\n","protected":false},"excerpt":{"rendered":"<p>Id\u00e9n is nagyszer\u0171 fogadtat\u00e1sa volt a balesetmegel\u0151z\u00e9si programnak v\u00e1rmegy\u00e9nkben. Dorogon \u00e9s Esztergomban is l\u00e1that\u00f3s\u00e1gi eszk\u00f6z\u00f6ket kaptak az \u00e9rdekl\u0151d\u0151k. Az ORFK \u2013 Orsz\u00e1gos Balesetmegel\u0151z\u00e9si Bizotts\u00e1ga ism\u00e9telten meghirdette a Light Friday elnevez\u00e9s\u0171 akci\u00f3t, amelyhez a Kom\u00e1rom-Esztergom V\u00e1rmegyei Rend\u0151r-f\u0151kapit\u00e1nys\u00e1g is csatlakozott. Az egyenruh\u00e1sok 2023. november 3-\u00e1n v\u00e1rmegye szerte osztottak az \u00e9rdekl\u0151d\u0151k r\u00e9sz\u00e9re l\u00e1that\u00f3s\u00e1gi mell\u00e9nyt, sapk\u00e1t, villog\u00f3t, f\u00e9nyvisszaver\u0151 karp\u00e1ntot<\/p>\n","protected":false},"author":1,"featured_media":57514,"comment_status":"closed","ping_status":"closed","sticky":false,"template":"","format":"standard","meta":{"ngg_post_thumbnail":0,"footnotes":""},"categories":[2,38,3,56],"tags":[15,42,6890,61],"class_list":{"0":"post-57513","1":"post","2":"type-post","3":"status-publish","4":"format-standard","5":"has-post-thumbnail","7":"category-dorog","8":"category-esztergom","9":"category-hirek","10":"category-komarom-esztergom","11":"tag-dorog","12":"tag-esztergom","13":"tag-komarom-esztergom-varmegye","14":"tag-rendorsegi-hirek"},"yoast_head":"<!-- This site is optimized with the Yoast SEO plugin v27.5 - https:\/\/yoast.com\/product\/yoast-seo-wordpress\/ -->\n<title>Light Friday Kom\u00e1rom-Esztergom v\u00e1rmegy\u00e9ben<\/title>\n<meta name=\"robots\" content=\"index, follow, max-snippet:-1, max-image-preview:large, max-video-preview:-1\" \/>\n<link rel=\"canonical\" href=\"https:\/\/dorogimedence.hu\/index.php\/2023\/11\/03\/light-friday-komarom-esztergom-varmegyeben\/\" class=\"yoast-seo-meta-tag\" \/>\n<meta property=\"og:locale\" content=\"hu_HU\" class=\"yoast-seo-meta-tag\" \/>\n<meta property=\"og:type\" content=\"article\" class=\"yoast-seo-meta-tag\" \/>\n<meta property=\"og:title\" content=\"Light Friday Kom\u00e1rom-Esztergom v\u00e1rmegy\u00e9ben\" class=\"yoast-seo-meta-tag\" \/>\n<meta property=\"og:description\" content=\"Id\u00e9n is nagyszer\u0171 fogadtat\u00e1sa volt a balesetmegel\u0151z\u00e9si programnak v\u00e1rmegy\u00e9nkben. Dorogon \u00e9s Esztergomban is l\u00e1that\u00f3s\u00e1gi eszk\u00f6z\u00f6ket kaptak az \u00e9rdekl\u0151d\u0151k. Az ORFK \u2013 Orsz\u00e1gos Balesetmegel\u0151z\u00e9si Bizotts\u00e1ga ism\u00e9telten meghirdette a Light Friday elnevez\u00e9s\u0171 akci\u00f3t, amelyhez a Kom\u00e1rom-Esztergom V\u00e1rmegyei Rend\u0151r-f\u0151kapit\u00e1nys\u00e1g is csatlakozott. Az egyenruh\u00e1sok 2023. november 3-\u00e1n v\u00e1rmegye szerte osztottak az \u00e9rdekl\u0151d\u0151k r\u00e9sz\u00e9re l\u00e1that\u00f3s\u00e1gi mell\u00e9nyt, sapk\u00e1t, villog\u00f3t, f\u00e9nyvisszaver\u0151 karp\u00e1ntot\" class=\"yoast-seo-meta-tag\" \/>\n<meta property=\"og:url\" content=\"https:\/\/dorogimedence.hu\/index.php\/2023\/11\/03\/light-friday-komarom-esztergom-varmegyeben\/\" class=\"yoast-seo-meta-tag\" \/>\n<meta property=\"og:site_name\" content=\"Dorogi-medence Region\u00e1lis H\u00edrport\u00e1l\" class=\"yoast-seo-meta-tag\" \/>\n<meta property=\"article:publisher\" content=\"https:\/\/www.facebook.com\/dorogimedence\/\" class=\"yoast-seo-meta-tag\" \/>\n<meta property=\"article:published_time\" content=\"2023-11-03T12:56:54+00:00\" class=\"yoast-seo-meta-tag\" \/>\n<meta property=\"og:image\" content=\"https:\/\/dorogimedence.hu\/wp-content\/uploads\/2023\/11\/light-01.jpg\" class=\"yoast-seo-meta-tag\" \/>\n\t<meta property=\"og:image:width\" content=\"1920\" class=\"yoast-seo-meta-tag\" \/>\n\t<meta property=\"og:image:height\" content=\"970\" class=\"yoast-seo-meta-tag\" \/>\n\t<meta property=\"og:image:type\" content=\"image\/jpeg\" class=\"yoast-seo-meta-tag\" \/>\n<meta name=\"author\" content=\"dorogimedence.hu\" class=\"yoast-seo-meta-tag\" \/>\n<meta name=\"twitter:card\" content=\"summary_large_image\" class=\"yoast-seo-meta-tag\" \/>\n<meta name=\"twitter:label1\" content=\"Szerz\u0151:\" class=\"yoast-seo-meta-tag\" \/>\n\t<meta name=\"twitter:data1\" content=\"dorogimedence.hu\" class=\"yoast-seo-meta-tag\" \/>\n\t<meta name=\"twitter:label2\" content=\"Becs\u00fclt olvas\u00e1si id\u0151\" class=\"yoast-seo-meta-tag\" \/>\n\t<meta name=\"twitter:data2\" content=\"2 perc\" class=\"yoast-seo-meta-tag\" \/>\n<script type=\"application\/ld+json\" class=\"yoast-schema-graph\">{\"@context\":\"https:\\\/\\\/schema.org\",\"@graph\":[{\"@type\":\"Article\",\"@id\":\"https:\\\/\\\/dorogimedence.hu\\\/index.php\\\/2023\\\/11\\\/03\\\/light-friday-komarom-esztergom-varmegyeben\\\/#article\",\"isPartOf\":{\"@id\":\"https:\\\/\\\/dorogimedence.hu\\\/index.php\\\/2023\\\/11\\\/03\\\/light-friday-komarom-esztergom-varmegyeben\\\/\"},\"author\":{\"name\":\"dorogimedence.hu\",\"@id\":\"https:\\\/\\\/dorogimedence.hu\\\/#\\\/schema\\\/person\\\/ce6091eeb7e95ecdc87890d6aa8e0fd4\"},\"headline\":\"Light Friday Kom\u00e1rom-Esztergom v\u00e1rmegy\u00e9ben\",\"datePublished\":\"2023-11-03T12:56:54+00:00\",\"mainEntityOfPage\":{\"@id\":\"https:\\\/\\\/dorogimedence.hu\\\/index.php\\\/2023\\\/11\\\/03\\\/light-friday-komarom-esztergom-varmegyeben\\\/\"},\"wordCount\":378,\"publisher\":{\"@id\":\"https:\\\/\\\/dorogimedence.hu\\\/#organization\"},\"image\":{\"@id\":\"https:\\\/\\\/dorogimedence.hu\\\/index.php\\\/2023\\\/11\\\/03\\\/light-friday-komarom-esztergom-varmegyeben\\\/#primaryimage\"},\"thumbnailUrl\":\"https:\\\/\\\/dorogimedence.hu\\\/wp-content\\\/uploads\\\/2023\\\/11\\\/light-01.jpg\",\"keywords\":[\"Dorog\",\"esztergom\",\"Kom\u00e1rom-Esztergom v\u00e1rmegye\",\"rend\u0151rs\u00e9gi h\u00edrek\"],\"articleSection\":[\"Dorog\",\"Esztergom\",\"H\u00edrek\",\"Kom\u00e1rom-Esztergom\"],\"inLanguage\":\"hu\"},{\"@type\":\"WebPage\",\"@id\":\"https:\\\/\\\/dorogimedence.hu\\\/index.php\\\/2023\\\/11\\\/03\\\/light-friday-komarom-esztergom-varmegyeben\\\/\",\"url\":\"https:\\\/\\\/dorogimedence.hu\\\/index.php\\\/2023\\\/11\\\/03\\\/light-friday-komarom-esztergom-varmegyeben\\\/\",\"name\":\"Light Friday Kom\u00e1rom-Esztergom v\u00e1rmegy\u00e9ben\",\"isPartOf\":{\"@id\":\"https:\\\/\\\/dorogimedence.hu\\\/#website\"},\"primaryImageOfPage\":{\"@id\":\"https:\\\/\\\/dorogimedence.hu\\\/index.php\\\/2023\\\/11\\\/03\\\/light-friday-komarom-esztergom-varmegyeben\\\/#primaryimage\"},\"image\":{\"@id\":\"https:\\\/\\\/dorogimedence.hu\\\/index.php\\\/2023\\\/11\\\/03\\\/light-friday-komarom-esztergom-varmegyeben\\\/#primaryimage\"},\"thumbnailUrl\":\"https:\\\/\\\/dorogimedence.hu\\\/wp-content\\\/uploads\\\/2023\\\/11\\\/light-01.jpg\",\"datePublished\":\"2023-11-03T12:56:54+00:00\",\"breadcrumb\":{\"@id\":\"https:\\\/\\\/dorogimedence.hu\\\/index.php\\\/2023\\\/11\\\/03\\\/light-friday-komarom-esztergom-varmegyeben\\\/#breadcrumb\"},\"inLanguage\":\"hu\",\"potentialAction\":[{\"@type\":\"ReadAction\",\"target\":[\"https:\\\/\\\/dorogimedence.hu\\\/index.php\\\/2023\\\/11\\\/03\\\/light-friday-komarom-esztergom-varmegyeben\\\/\"]}]},{\"@type\":\"ImageObject\",\"inLanguage\":\"hu\",\"@id\":\"https:\\\/\\\/dorogimedence.hu\\\/index.php\\\/2023\\\/11\\\/03\\\/light-friday-komarom-esztergom-varmegyeben\\\/#primaryimage\",\"url\":\"https:\\\/\\\/dorogimedence.hu\\\/wp-content\\\/uploads\\\/2023\\\/11\\\/light-01.jpg\",\"contentUrl\":\"https:\\\/\\\/dorogimedence.hu\\\/wp-content\\\/uploads\\\/2023\\\/11\\\/light-01.jpg\",\"width\":1920,\"height\":970},{\"@type\":\"BreadcrumbList\",\"@id\":\"https:\\\/\\\/dorogimedence.hu\\\/index.php\\\/2023\\\/11\\\/03\\\/light-friday-komarom-esztergom-varmegyeben\\\/#breadcrumb\",\"itemListElement\":[{\"@type\":\"ListItem\",\"position\":1,\"name\":\"Kezd\u0151lap\",\"item\":\"https:\\\/\\\/dorogimedence.hu\\\/\"},{\"@type\":\"ListItem\",\"position\":2,\"name\":\"Light Friday Kom\u00e1rom-Esztergom v\u00e1rmegy\u00e9ben\"}]},{\"@type\":\"WebSite\",\"@id\":\"https:\\\/\\\/dorogimedence.hu\\\/#website\",\"url\":\"https:\\\/\\\/dorogimedence.hu\\\/\",\"name\":\"Dorogi-medence Region\u00e1lis H\u00edrport\u00e1l\",\"description\":\"Dorog, Keszt\u00f6lc, Le\u00e1nyv\u00e1r, Piliscs\u00e9v, Tokod, Tokodalt\u00e1r\u00f3, Csolnok, Esztergom-kertv\u00e1ros: h\u00edrek, programok\",\"publisher\":{\"@id\":\"https:\\\/\\\/dorogimedence.hu\\\/#organization\"},\"potentialAction\":[{\"@type\":\"SearchAction\",\"target\":{\"@type\":\"EntryPoint\",\"urlTemplate\":\"https:\\\/\\\/dorogimedence.hu\\\/?s={search_term_string}\"},\"query-input\":{\"@type\":\"PropertyValueSpecification\",\"valueRequired\":true,\"valueName\":\"search_term_string\"}}],\"inLanguage\":\"hu\"},{\"@type\":\"Organization\",\"@id\":\"https:\\\/\\\/dorogimedence.hu\\\/#organization\",\"name\":\"Dorogi-medence Region\u00e1lis H\u00edrport\u00e1l\",\"url\":\"https:\\\/\\\/dorogimedence.hu\\\/\",\"logo\":{\"@type\":\"ImageObject\",\"inLanguage\":\"hu\",\"@id\":\"https:\\\/\\\/dorogimedence.hu\\\/#\\\/schema\\\/logo\\\/image\\\/\",\"url\":\"https:\\\/\\\/dorogimedence.hu\\\/wp-content\\\/uploads\\\/2021\\\/04\\\/logo-feher-600.png\",\"contentUrl\":\"https:\\\/\\\/dorogimedence.hu\\\/wp-content\\\/uploads\\\/2021\\\/04\\\/logo-feher-600.png\",\"width\":600,\"height\":100,\"caption\":\"Dorogi-medence Region\u00e1lis H\u00edrport\u00e1l\"},\"image\":{\"@id\":\"https:\\\/\\\/dorogimedence.hu\\\/#\\\/schema\\\/logo\\\/image\\\/\"},\"sameAs\":[\"https:\\\/\\\/www.facebook.com\\\/dorogimedence\\\/\"]},{\"@type\":\"Person\",\"@id\":\"https:\\\/\\\/dorogimedence.hu\\\/#\\\/schema\\\/person\\\/ce6091eeb7e95ecdc87890d6aa8e0fd4\",\"name\":\"dorogimedence.hu\",\"image\":{\"@type\":\"ImageObject\",\"inLanguage\":\"hu\",\"@id\":\"\\\/\\\/www.gravatar.com\\\/avatar\\\/d8d45f8901aadff40a4af72c0b826f1d?s=96&#038;r=g&#038;d=mm\",\"url\":\"\\\/\\\/www.gravatar.com\\\/avatar\\\/d8d45f8901aadff40a4af72c0b826f1d?s=96&#038;r=g&#038;d=mm\",\"contentUrl\":\"\\\/\\\/www.gravatar.com\\\/avatar\\\/d8d45f8901aadff40a4af72c0b826f1d?s=96&#038;r=g&#038;d=mm\",\"caption\":\"dorogimedence.hu\"}}]}<\/script>\n<!-- \/ Yoast SEO plugin. -->","yoast_head_json":{"title":"Light Friday Kom\u00e1rom-Esztergom v\u00e1rmegy\u00e9ben","robots":{"index":"index","follow":"follow","max-snippet":"max-snippet:-1","max-image-preview":"max-image-preview:large","max-video-preview":"max-video-preview:-1"},"canonical":"https:\/\/dorogimedence.hu\/index.php\/2023\/11\/03\/light-friday-komarom-esztergom-varmegyeben\/","og_locale":"hu_HU","og_type":"article","og_title":"Light Friday Kom\u00e1rom-Esztergom v\u00e1rmegy\u00e9ben","og_description":"Id\u00e9n is nagyszer\u0171 fogadtat\u00e1sa volt a balesetmegel\u0151z\u00e9si programnak v\u00e1rmegy\u00e9nkben. Dorogon \u00e9s Esztergomban is l\u00e1that\u00f3s\u00e1gi eszk\u00f6z\u00f6ket kaptak az \u00e9rdekl\u0151d\u0151k. Az ORFK \u2013 Orsz\u00e1gos Balesetmegel\u0151z\u00e9si Bizotts\u00e1ga ism\u00e9telten meghirdette a Light Friday elnevez\u00e9s\u0171 akci\u00f3t, amelyhez a Kom\u00e1rom-Esztergom V\u00e1rmegyei Rend\u0151r-f\u0151kapit\u00e1nys\u00e1g is csatlakozott. Az egyenruh\u00e1sok 2023. november 3-\u00e1n v\u00e1rmegye szerte osztottak az \u00e9rdekl\u0151d\u0151k r\u00e9sz\u00e9re l\u00e1that\u00f3s\u00e1gi mell\u00e9nyt, sapk\u00e1t, villog\u00f3t, f\u00e9nyvisszaver\u0151 karp\u00e1ntot","og_url":"https:\/\/dorogimedence.hu\/index.php\/2023\/11\/03\/light-friday-komarom-esztergom-varmegyeben\/","og_site_name":"Dorogi-medence Region\u00e1lis H\u00edrport\u00e1l","article_publisher":"https:\/\/www.facebook.com\/dorogimedence\/","article_published_time":"2023-11-03T12:56:54+00:00","og_image":[{"width":1920,"height":970,"url":"https:\/\/dorogimedence.hu\/wp-content\/uploads\/2023\/11\/light-01.jpg","type":"image\/jpeg"}],"author":"dorogimedence.hu","twitter_card":"summary_large_image","twitter_misc":{"Szerz\u0151:":"dorogimedence.hu","Becs\u00fclt olvas\u00e1si id\u0151":"2 perc"},"schema":{"@context":"https:\/\/schema.org","@graph":[{"@type":"Article","@id":"https:\/\/dorogimedence.hu\/index.php\/2023\/11\/03\/light-friday-komarom-esztergom-varmegyeben\/#article","isPartOf":{"@id":"https:\/\/dorogimedence.hu\/index.php\/2023\/11\/03\/light-friday-komarom-esztergom-varmegyeben\/"},"author":{"name":"dorogimedence.hu","@id":"https:\/\/dorogimedence.hu\/#\/schema\/person\/ce6091eeb7e95ecdc87890d6aa8e0fd4"},"headline":"Light Friday Kom\u00e1rom-Esztergom v\u00e1rmegy\u00e9ben","datePublished":"2023-11-03T12:56:54+00:00","mainEntityOfPage":{"@id":"https:\/\/dorogimedence.hu\/index.php\/2023\/11\/03\/light-friday-komarom-esztergom-varmegyeben\/"},"wordCount":378,"publisher":{"@id":"https:\/\/dorogimedence.hu\/#organization"},"image":{"@id":"https:\/\/dorogimedence.hu\/index.php\/2023\/11\/03\/light-friday-komarom-esztergom-varmegyeben\/#primaryimage"},"thumbnailUrl":"https:\/\/dorogimedence.hu\/wp-content\/uploads\/2023\/11\/light-01.jpg","keywords":["Dorog","esztergom","Kom\u00e1rom-Esztergom v\u00e1rmegye","rend\u0151rs\u00e9gi h\u00edrek"],"articleSection":["Dorog","Esztergom","H\u00edrek","Kom\u00e1rom-Esztergom"],"inLanguage":"hu"},{"@type":"WebPage","@id":"https:\/\/dorogimedence.hu\/index.php\/2023\/11\/03\/light-friday-komarom-esztergom-varmegyeben\/","url":"https:\/\/dorogimedence.hu\/index.php\/2023\/11\/03\/light-friday-komarom-esztergom-varmegyeben\/","name":"Light Friday Kom\u00e1rom-Esztergom v\u00e1rmegy\u00e9ben","isPartOf":{"@id":"https:\/\/dorogimedence.hu\/#website"},"primaryImageOfPage":{"@id":"https:\/\/dorogimedence.hu\/index.php\/2023\/11\/03\/light-friday-komarom-esztergom-varmegyeben\/#primaryimage"},"image":{"@id":"https:\/\/dorogimedence.hu\/index.php\/2023\/11\/03\/light-friday-komarom-esztergom-varmegyeben\/#primaryimage"},"thumbnailUrl":"https:\/\/dorogimedence.hu\/wp-content\/uploads\/2023\/11\/light-01.jpg","datePublished":"2023-11-03T12:56:54+00:00","breadcrumb":{"@id":"https:\/\/dorogimedence.hu\/index.php\/2023\/11\/03\/light-friday-komarom-esztergom-varmegyeben\/#breadcrumb"},"inLanguage":"hu","potentialAction":[{"@type":"ReadAction","target":["https:\/\/dorogimedence.hu\/index.php\/2023\/11\/03\/light-friday-komarom-esztergom-varmegyeben\/"]}]},{"@type":"ImageObject","inLanguage":"hu","@id":"https:\/\/dorogimedence.hu\/index.php\/2023\/11\/03\/light-friday-komarom-esztergom-varmegyeben\/#primaryimage","url":"https:\/\/dorogimedence.hu\/wp-content\/uploads\/2023\/11\/light-01.jpg","contentUrl":"https:\/\/dorogimedence.hu\/wp-content\/uploads\/2023\/11\/light-01.jpg","width":1920,"height":970},{"@type":"BreadcrumbList","@id":"https:\/\/dorogimedence.hu\/index.php\/2023\/11\/03\/light-friday-komarom-esztergom-varmegyeben\/#breadcrumb","itemListElement":[{"@type":"ListItem","position":1,"name":"Kezd\u0151lap","item":"https:\/\/dorogimedence.hu\/"},{"@type":"ListItem","position":2,"name":"Light Friday Kom\u00e1rom-Esztergom v\u00e1rmegy\u00e9ben"}]},{"@type":"WebSite","@id":"https:\/\/dorogimedence.hu\/#website","url":"https:\/\/dorogimedence.hu\/","name":"Dorogi-medence Region\u00e1lis H\u00edrport\u00e1l","description":"Dorog, Keszt\u00f6lc, Le\u00e1nyv\u00e1r, Piliscs\u00e9v, Tokod, Tokodalt\u00e1r\u00f3, Csolnok, Esztergom-kertv\u00e1ros: h\u00edrek, programok","publisher":{"@id":"https:\/\/dorogimedence.hu\/#organization"},"potentialAction":[{"@type":"SearchAction","target":{"@type":"EntryPoint","urlTemplate":"https:\/\/dorogimedence.hu\/?s={search_term_string}"},"query-input":{"@type":"PropertyValueSpecification","valueRequired":true,"valueName":"search_term_string"}}],"inLanguage":"hu"},{"@type":"Organization","@id":"https:\/\/dorogimedence.hu\/#organization","name":"Dorogi-medence Region\u00e1lis H\u00edrport\u00e1l","url":"https:\/\/dorogimedence.hu\/","logo":{"@type":"ImageObject","inLanguage":"hu","@id":"https:\/\/dorogimedence.hu\/#\/schema\/logo\/image\/","url":"https:\/\/dorogimedence.hu\/wp-content\/uploads\/2021\/04\/logo-feher-600.png","contentUrl":"https:\/\/dorogimedence.hu\/wp-content\/uploads\/2021\/04\/logo-feher-600.png","width":600,"height":100,"caption":"Dorogi-medence Region\u00e1lis H\u00edrport\u00e1l"},"image":{"@id":"https:\/\/dorogimedence.hu\/#\/schema\/logo\/image\/"},"sameAs":["https:\/\/www.facebook.com\/dorogimedence\/"]},{"@type":"Person","@id":"https:\/\/dorogimedence.hu\/#\/schema\/person\/ce6091eeb7e95ecdc87890d6aa8e0fd4","name":"dorogimedence.hu","image":{"@type":"ImageObject","inLanguage":"hu","@id":"\/\/www.gravatar.com\/avatar\/d8d45f8901aadff40a4af72c0b826f1d?s=96&#038;r=g&#038;d=mm","url":"\/\/www.gravatar.com\/avatar\/d8d45f8901aadff40a4af72c0b826f1d?s=96&#038;r=g&#038;d=mm","contentUrl":"\/\/www.gravatar.com\/avatar\/d8d45f8901aadff40a4af72c0b826f1d?s=96&#038;r=g&#038;d=mm","caption":"dorogimedence.hu"}}]}},"_links":{"self":[{"href":"https:\/\/dorogimedence.hu\/index.php\/wp-json\/wp\/v2\/posts\/57513","targetHints":{"allow":["GET"]}}],"collection":[{"href":"https:\/\/dorogimedence.hu\/index.php\/wp-json\/wp\/v2\/posts"}],"about":[{"href":"https:\/\/dorogimedence.hu\/index.php\/wp-json\/wp\/v2\/types\/post"}],"author":[{"embeddable":true,"href":"https:\/\/dorogimedence.hu\/index.php\/wp-json\/wp\/v2\/users\/1"}],"replies":[{"embeddable":true,"href":"https:\/\/dorogimedence.hu\/index.php\/wp-json\/wp\/v2\/comments?post=57513"}],"version-history":[{"count":0,"href":"https:\/\/dorogimedence.hu\/index.php\/wp-json\/wp\/v2\/posts\/57513\/revisions"}],"wp:featuredmedia":[{"embeddable":true,"href":"https:\/\/dorogimedence.hu\/index.php\/wp-json\/wp\/v2\/media\/57514"}],"wp:attachment":[{"href":"https:\/\/dorogimedence.hu\/index.php\/wp-json\/wp\/v2\/media?parent=57513"}],"wp:term":[{"taxonomy":"category","embeddable":true,"href":"https:\/\/dorogimedence.hu\/index.php\/wp-json\/wp\/v2\/categories?post=57513"},{"taxonomy":"post_tag","embeddable":true,"href":"https:\/\/dorogimedence.hu\/index.php\/wp-json\/wp\/v2\/tags?post=57513"}],"curies":[{"name":"wp","href":"https:\/\/api.w.org\/{rel}","templated":true}]}}