{"id":57503,"date":"2023-11-03T12:26:49","date_gmt":"2023-11-03T11:26:49","guid":{"rendered":"https:\/\/dorogimedence.hu\/?p=57503"},"modified":"2023-11-03T12:26:49","modified_gmt":"2023-11-03T11:26:49","slug":"atadtak-a-gyermelyi-zrt-uj-gabonataroloit","status":"publish","type":"post","link":"https:\/\/dorogimedence.hu\/index.php\/2023\/11\/03\/atadtak-a-gyermelyi-zrt-uj-gabonataroloit\/","title":{"rendered":"\u00c1tadt\u00e1k a Gyermelyi Zrt. \u00faj gabonat\u00e1rol\u00f3it"},"content":{"rendered":"<p><strong>Az elm\u00falt \u00e9vek v\u00e1ls\u00e1ghelyzeti megmutatt\u00e1k, hogy az \u00e9lelmiszer-ell\u00e1t\u00e1s, az \u00e9lelmez\u00e9si \u00f6nrendelkez\u00e9s nemzetstrat\u00e9giai, s\u0151t m\u00e1ra vil\u00e1gos, hogy biztons\u00e1gpolitikai k\u00e9rd\u00e9s is<\/strong> <em>&#8211; hangs\u00falyozta az agr\u00e1rminiszter cs\u00fct\u00f6rt\u00f6k\u00f6n, a Gyermelyi Zrt. mintegy h\u00e1rommilli\u00e1rd forintb\u00f3l \u00e9p\u00fclt, \u00faj gabonat\u00e1rol\u00f3inak \u00e1tad\u00e1s\u00e1n.<\/em><\/p>\n<p>Nagy Istv\u00e1n szerint a magyar korm\u00e1ny legfontosabb feladata az, hogy min\u00e9l t\u00f6bb eszk\u00f6zt \u00e9s seg\u00edts\u00e9get adjon a gazd\u00e1lkod\u00f3knak, termel\u0151knek, \u00e9s \u00e9lelmiszeripari v\u00e1llalkoz\u00e1soknak, hogy alkalmazkodni tudjanak a gyorsan v\u00e1ltoz\u00f3 k\u00f6rnyezethez. A versenyk\u00e9pes j\u00f6v\u0151 z\u00e1loga a korm\u00e1ny \u00e9s a tenni akar\u00f3 gazd\u00e1lkod\u00f3k egy\u00fcttm\u0171k\u00f6d\u00e9se, ennek eredm\u00e9nye, hogy 2010 \u00f3ta az \u00f6sszes uni\u00f3s tag\u00e1llam k\u00f6z\u00f6tt az 5. legnagyobb hat\u00e9konys\u00e1gjavul\u00e1st tudja felmutatni a magyar agr\u00e1rium &#8211; mondta a miniszter.<\/p>\n<p><img fetchpriority=\"high\" decoding=\"async\" class=\"alignnone size-full wp-image-57505\" src=\"https:\/\/dorogimedence.hu\/wp-content\/uploads\/2023\/11\/gyermelyi-02.jpg\" alt=\"\" width=\"1920\" height=\"1277\"><\/p>\n<p>Nagy Istv\u00e1n r\u00e1mutatott, hogy az elm\u00falt b\u0151 egy \u00e9vtizedben a magyar mez\u0151gazdas\u00e1g \u00e1gazati szint\u0171 j\u00f6vedelmez\u0151s\u00e9ge kiemelked\u0151 m\u00e9rt\u00e9kben n\u0151tt, ennek ellen\u00e9re komoly el\u0151rel\u00e9p\u00e9sre van sz\u00fcks\u00e9g a hozz\u00e1adott \u00e9rt\u00e9k n\u00f6vel\u00e9s\u00e9ben, amely m\u00e9g mindig viszonylag alacsony &#8211; mondta. A t\u00e1rcavezet\u0151 a Gyermelyi Zrt-r\u0151l elmondta, hogy a v\u00e1llalatcsoport term\u00e9kei el\u0151\u00e1ll\u00edt\u00e1s\u00e1ra egy teljesen z\u00e1rt vertik\u00e1lis integr\u00e1ci\u00f3t m\u0171k\u00f6dtet, amely eur\u00f3pai szinten is egyed\u00fcl\u00e1ll\u00f3, \u00e9s jelent\u0151s mennyis\u00e9gi \u00e9s min\u0151s\u00e9gi biztons\u00e1got jelent az el\u0151\u00e1ll\u00edtott term\u00e9kekn\u00e9l. Kiemelte, hogy azokban az \u00e1gazatokban van t\u00f6retlen fejl\u0151d\u00e9s \u00e9s biztons\u00e1g, ahol a legmagasabb szint\u0171 az integr\u00e1ci\u00f3, mert ahol az integr\u00e1ci\u00f3 50 sz\u00e1zal\u00e9k alatti, \u00f3ri\u00e1si probl\u00e9m\u00e1kat okoz a kisz\u00e1m\u00edthat\u00f3s\u00e1g \u00e9s biztons\u00e1g hi\u00e1nya.<\/p>\n<p>Nagy Istv\u00e1n fontosnak nevezte a magyar mez\u0151gazdas\u00e1gi szerepl\u0151k sz\u00e1m\u00e1ra, hogy mindenki megtal\u00e1lja a hely\u00e9t \u00e9s szerep\u00e9t egy sikeres integr\u00e1ci\u00f3ban. Az integr\u00e1ci\u00f3 a magyar mez\u0151gazdas\u00e1g j\u00f6v\u0151j\u00e9nek kulcsa, a legkisebb termel\u0151knek is biztons\u00e1g\u00e9rzetre van sz\u00fcks\u00e9g\u00fck, csak a termel\u0151i egy\u00fcttm\u0171k\u00f6d\u00e9s v\u00e9di meg a magyar termel\u0151ket a piac bizonytalans\u00e1g\u00e1t\u00f3l &#8211; f\u0171zte hozz\u00e1. A miniszter arr\u00f3l is besz\u00e9lt, hogy a malomipari term\u00e9kek \u00e9s a kem\u00e9ny\u00edt\u0151 gy\u00e1rt\u00e1s\u00e1n\u00e1l a Vid\u00e9kfejleszt\u00e9si Programban az \u00e1gazat 64 \u00e9lelmiszeripari projektje nyert el t\u00e1mogat\u00e1st 33 milli\u00e1rd forintot megk\u00f6zel\u00edt\u0151 \u00f6sszegben.<\/p>\n<p><img decoding=\"async\" class=\"alignnone size-full wp-image-57506\" src=\"https:\/\/dorogimedence.hu\/wp-content\/uploads\/2023\/11\/gyermelyi-03.jpg\" alt=\"\" width=\"1920\" height=\"1371\"><\/p>\n<p>T\u00f3th B\u00e9la a Gyermelyi Zrt. igazgat\u00f3s\u00e1g\u00e1nak eln\u00f6ke kiemelte, hogy egy malomipari v\u00e1llalkoz\u00e1s siker\u00e9hez megfelel\u0151 gabonat\u00e1rol\u00f3 kell, ez\u00e9rt is d\u00f6nt\u00f6ttek a beruh\u00e1z\u00e1s mellett; a h\u00e1rommilli\u00e1rd forintb\u00f3l \u00e9p\u00edtett \u00faj sil\u00f3ikhoz 1,5 milli\u00e1rd forint \u00e1llami t\u00e1mogat\u00e1st kaptak. Megjegyezte, hogy a 40 ezer tonn\u00e1s kapacit\u00e1s\u00fa sil\u00f3kban h\u00e1rommilli\u00e1rd forint \u00e9rt\u00e9k\u0171 gabon\u00e1t tudnak t\u00e1rolni.<\/p>\n<p>A sajt\u00f3anyag szerint a gabonat\u00e1rol\u00f3-rendszer a n\u00f6vekv\u0151 \u0151rl\u00e9si kapacit\u00e1st szolg\u00e1lja, az automata ki- \u00e9s bet\u00e1rol\u00e1st, tiszt\u00edt\u00e1st, szell\u0151ztet\u00e9st biztos\u00edt\u00f3 \u00faj rendszer jelent\u0151sen n\u00f6veli a gabonat\u00e1rol\u00f3 kapacit\u00e1st. A beruh\u00e1z\u00e1snak k\u00f6sz\u00f6nhet\u0151en az \u00e9ves \u0151rl\u00e9shez sz\u00fcks\u00e9ges b\u00faza k\u00e9tharmad\u00e1t tudja a v\u00e1llalat a telephely\u00e9n t\u00e1rolni.<\/p>\n<p>A Gyermelyi liszt term\u00e9kp\u00e1ly\u00e1j\u00e1t megalapoz\u00f3 n\u00f6v\u00e9nytermeszt\u00e9si \u00e1gazata 8100 hekt\u00e1ron gazd\u00e1lkodik, m\u00edg a k\u00f6zponti telephelyen m\u0171k\u00f6d\u0151 malmok teljes m\u00e9rt\u00e9kben ell\u00e1tj\u00e1k a t\u00e9sztagy\u00e1rat, mik\u00f6zben egyre b\u0151v\u00fcl a lisztek \u00e9rt\u00e9kes\u00edt\u00e9se a hazai \u00e9s a k\u00f6rnyez\u0151 orsz\u00e1gok piac\u00e1n. A v\u00e1llalatcsoport Magyarorsz\u00e1g egyik legnagyobb toj\u00e1stermel\u0151je is, \u00e9vi 170 milli\u00f3 darab toj\u00e1st termel.<\/p>\n<p>A c\u00e9gcsoport az elm\u00falt \u00f6t \u00e9vben 22 milli\u00e1rd forintot ford\u00edtott beruh\u00e1z\u00e1sokra, ennek \u00e9s a piac b\u0151v\u00fcl\u00e9s\u00e9nek k\u00f6sz\u00f6nhet\u0151en n\u00f6velni tudta dolgoz\u00f3i l\u00e9tsz\u00e1m\u00e1t, amely jelenleg meghaladja az 500-at. A nyilv\u00e1nos c\u00e9gadatok szerint a Gyermelyi \u00c9lelmiszeripari Zrt. 46,6 milli\u00e1rd forintos nett\u00f3 \u00e1rbev\u00e9tel mellett 2,9 milli\u00e1rd forintnyi nyeres\u00e9get realiz\u00e1lt 2022-ben, m\u00edg a megel\u0151z\u0151 \u00e9vben \u00e1rbev\u00e9tele 27,1 milli\u00e1rd, ad\u00f3z\u00e1s ut\u00e1ni profitja t\u00f6bb mint 1,2 milli\u00e1rd forintot tett ki.<\/p>\n<p><em>Forr\u00e1s: MTI<\/em><br \/>\n<em>Fot\u00f3k: <span id=\"ctl05_lbLead4\">MTI\/Bodn\u00e1r Bogl\u00e1rka<\/span><\/em><\/p>\n","protected":false},"excerpt":{"rendered":"<p>Az elm\u00falt \u00e9vek v\u00e1ls\u00e1ghelyzeti megmutatt\u00e1k, hogy az \u00e9lelmiszer-ell\u00e1t\u00e1s, az \u00e9lelmez\u00e9si \u00f6nrendelkez\u00e9s nemzetstrat\u00e9giai, s\u0151t m\u00e1ra vil\u00e1gos, hogy biztons\u00e1gpolitikai k\u00e9rd\u00e9s is &#8211; hangs\u00falyozta az agr\u00e1rminiszter cs\u00fct\u00f6rt\u00f6k\u00f6n, a Gyermelyi Zrt. mintegy h\u00e1rommilli\u00e1rd forintb\u00f3l \u00e9p\u00fclt, \u00faj gabonat\u00e1rol\u00f3inak \u00e1tad\u00e1s\u00e1n. Nagy Istv\u00e1n szerint a magyar korm\u00e1ny legfontosabb feladata az, hogy min\u00e9l t\u00f6bb eszk\u00f6zt \u00e9s seg\u00edts\u00e9get adjon a gazd\u00e1lkod\u00f3knak, termel\u0151knek, \u00e9s \u00e9lelmiszeripari<\/p>\n","protected":false},"author":1,"featured_media":0,"comment_status":"closed","ping_status":"closed","sticky":false,"template":"","format":"standard","meta":{"ngg_post_thumbnail":0,"footnotes":""},"categories":[3],"tags":[5624,3055],"class_list":{"0":"post-57503","1":"post","2":"type-post","3":"status-publish","4":"format-standard","6":"category-hirek","7":"tag-featured","8":"tag-gyermelyi"},"yoast_head":"<!-- This site is optimized with the Yoast SEO plugin v27.4 - https:\/\/yoast.com\/product\/yoast-seo-wordpress\/ -->\n<title>\u00c1tadt\u00e1k a Gyermelyi Zrt. \u00faj gabonat\u00e1rol\u00f3it<\/title>\n<meta name=\"robots\" content=\"index, follow, max-snippet:-1, max-image-preview:large, max-video-preview:-1\" \/>\n<link rel=\"canonical\" href=\"https:\/\/dorogimedence.hu\/index.php\/2023\/11\/03\/atadtak-a-gyermelyi-zrt-uj-gabonataroloit\/\" class=\"yoast-seo-meta-tag\" \/>\n<meta property=\"og:locale\" content=\"hu_HU\" class=\"yoast-seo-meta-tag\" \/>\n<meta property=\"og:type\" content=\"article\" class=\"yoast-seo-meta-tag\" \/>\n<meta property=\"og:title\" content=\"\u00c1tadt\u00e1k a Gyermelyi Zrt. \u00faj gabonat\u00e1rol\u00f3it\" class=\"yoast-seo-meta-tag\" \/>\n<meta property=\"og:description\" content=\"Az elm\u00falt \u00e9vek v\u00e1ls\u00e1ghelyzeti megmutatt\u00e1k, hogy az \u00e9lelmiszer-ell\u00e1t\u00e1s, az \u00e9lelmez\u00e9si \u00f6nrendelkez\u00e9s nemzetstrat\u00e9giai, s\u0151t m\u00e1ra vil\u00e1gos, hogy biztons\u00e1gpolitikai k\u00e9rd\u00e9s is &#8211; hangs\u00falyozta az agr\u00e1rminiszter cs\u00fct\u00f6rt\u00f6k\u00f6n, a Gyermelyi Zrt. mintegy h\u00e1rommilli\u00e1rd forintb\u00f3l \u00e9p\u00fclt, \u00faj gabonat\u00e1rol\u00f3inak \u00e1tad\u00e1s\u00e1n. Nagy Istv\u00e1n szerint a magyar korm\u00e1ny legfontosabb feladata az, hogy min\u00e9l t\u00f6bb eszk\u00f6zt \u00e9s seg\u00edts\u00e9get adjon a gazd\u00e1lkod\u00f3knak, termel\u0151knek, \u00e9s \u00e9lelmiszeripari\" class=\"yoast-seo-meta-tag\" \/>\n<meta property=\"og:url\" content=\"https:\/\/dorogimedence.hu\/index.php\/2023\/11\/03\/atadtak-a-gyermelyi-zrt-uj-gabonataroloit\/\" class=\"yoast-seo-meta-tag\" \/>\n<meta property=\"og:site_name\" content=\"Dorogi-medence Region\u00e1lis H\u00edrport\u00e1l\" class=\"yoast-seo-meta-tag\" \/>\n<meta property=\"article:publisher\" content=\"https:\/\/www.facebook.com\/dorogimedence\/\" class=\"yoast-seo-meta-tag\" \/>\n<meta property=\"article:published_time\" content=\"2023-11-03T11:26:49+00:00\" class=\"yoast-seo-meta-tag\" \/>\n<meta property=\"og:image\" content=\"https:\/\/dorogimedence.hu\/wp-content\/uploads\/2023\/11\/gyermelyi-01.jpg\" class=\"yoast-seo-meta-tag\" \/>\n\t<meta property=\"og:image:width\" content=\"1920\" class=\"yoast-seo-meta-tag\" \/>\n\t<meta property=\"og:image:height\" content=\"970\" class=\"yoast-seo-meta-tag\" \/>\n\t<meta property=\"og:image:type\" content=\"image\/jpeg\" class=\"yoast-seo-meta-tag\" \/>\n<meta name=\"author\" content=\"dorogimedence.hu\" class=\"yoast-seo-meta-tag\" \/>\n<meta name=\"twitter:card\" content=\"summary_large_image\" class=\"yoast-seo-meta-tag\" \/>\n<meta name=\"twitter:label1\" content=\"Szerz\u0151:\" class=\"yoast-seo-meta-tag\" \/>\n\t<meta name=\"twitter:data1\" content=\"dorogimedence.hu\" class=\"yoast-seo-meta-tag\" \/>\n\t<meta name=\"twitter:label2\" content=\"Becs\u00fclt olvas\u00e1si id\u0151\" class=\"yoast-seo-meta-tag\" \/>\n\t<meta name=\"twitter:data2\" content=\"4 perc\" class=\"yoast-seo-meta-tag\" \/>\n<script type=\"application\/ld+json\" class=\"yoast-schema-graph\">{\"@context\":\"https:\\\/\\\/schema.org\",\"@graph\":[{\"@type\":\"Article\",\"@id\":\"https:\\\/\\\/dorogimedence.hu\\\/index.php\\\/2023\\\/11\\\/03\\\/atadtak-a-gyermelyi-zrt-uj-gabonataroloit\\\/#article\",\"isPartOf\":{\"@id\":\"https:\\\/\\\/dorogimedence.hu\\\/index.php\\\/2023\\\/11\\\/03\\\/atadtak-a-gyermelyi-zrt-uj-gabonataroloit\\\/\"},\"author\":{\"name\":\"dorogimedence.hu\",\"@id\":\"https:\\\/\\\/dorogimedence.hu\\\/#\\\/schema\\\/person\\\/ce6091eeb7e95ecdc87890d6aa8e0fd4\"},\"headline\":\"\u00c1tadt\u00e1k a Gyermelyi Zrt. \u00faj gabonat\u00e1rol\u00f3it\",\"datePublished\":\"2023-11-03T11:26:49+00:00\",\"mainEntityOfPage\":{\"@id\":\"https:\\\/\\\/dorogimedence.hu\\\/index.php\\\/2023\\\/11\\\/03\\\/atadtak-a-gyermelyi-zrt-uj-gabonataroloit\\\/\"},\"wordCount\":784,\"publisher\":{\"@id\":\"https:\\\/\\\/dorogimedence.hu\\\/#organization\"},\"image\":{\"@id\":\"https:\\\/\\\/dorogimedence.hu\\\/index.php\\\/2023\\\/11\\\/03\\\/atadtak-a-gyermelyi-zrt-uj-gabonataroloit\\\/#primaryimage\"},\"thumbnailUrl\":\"https:\\\/\\\/dorogimedence.hu\\\/wp-content\\\/uploads\\\/2023\\\/11\\\/gyermelyi-02.jpg\",\"keywords\":[\"featured\",\"Gyermelyi\"],\"articleSection\":[\"H\u00edrek\"],\"inLanguage\":\"hu\"},{\"@type\":\"WebPage\",\"@id\":\"https:\\\/\\\/dorogimedence.hu\\\/index.php\\\/2023\\\/11\\\/03\\\/atadtak-a-gyermelyi-zrt-uj-gabonataroloit\\\/\",\"url\":\"https:\\\/\\\/dorogimedence.hu\\\/index.php\\\/2023\\\/11\\\/03\\\/atadtak-a-gyermelyi-zrt-uj-gabonataroloit\\\/\",\"name\":\"\u00c1tadt\u00e1k a Gyermelyi Zrt. \u00faj gabonat\u00e1rol\u00f3it\",\"isPartOf\":{\"@id\":\"https:\\\/\\\/dorogimedence.hu\\\/#website\"},\"primaryImageOfPage\":{\"@id\":\"https:\\\/\\\/dorogimedence.hu\\\/index.php\\\/2023\\\/11\\\/03\\\/atadtak-a-gyermelyi-zrt-uj-gabonataroloit\\\/#primaryimage\"},\"image\":{\"@id\":\"https:\\\/\\\/dorogimedence.hu\\\/index.php\\\/2023\\\/11\\\/03\\\/atadtak-a-gyermelyi-zrt-uj-gabonataroloit\\\/#primaryimage\"},\"thumbnailUrl\":\"https:\\\/\\\/dorogimedence.hu\\\/wp-content\\\/uploads\\\/2023\\\/11\\\/gyermelyi-02.jpg\",\"datePublished\":\"2023-11-03T11:26:49+00:00\",\"breadcrumb\":{\"@id\":\"https:\\\/\\\/dorogimedence.hu\\\/index.php\\\/2023\\\/11\\\/03\\\/atadtak-a-gyermelyi-zrt-uj-gabonataroloit\\\/#breadcrumb\"},\"inLanguage\":\"hu\",\"potentialAction\":[{\"@type\":\"ReadAction\",\"target\":[\"https:\\\/\\\/dorogimedence.hu\\\/index.php\\\/2023\\\/11\\\/03\\\/atadtak-a-gyermelyi-zrt-uj-gabonataroloit\\\/\"]}]},{\"@type\":\"ImageObject\",\"inLanguage\":\"hu\",\"@id\":\"https:\\\/\\\/dorogimedence.hu\\\/index.php\\\/2023\\\/11\\\/03\\\/atadtak-a-gyermelyi-zrt-uj-gabonataroloit\\\/#primaryimage\",\"url\":\"https:\\\/\\\/dorogimedence.hu\\\/wp-content\\\/uploads\\\/2023\\\/11\\\/gyermelyi-02.jpg\",\"contentUrl\":\"https:\\\/\\\/dorogimedence.hu\\\/wp-content\\\/uploads\\\/2023\\\/11\\\/gyermelyi-02.jpg\"},{\"@type\":\"BreadcrumbList\",\"@id\":\"https:\\\/\\\/dorogimedence.hu\\\/index.php\\\/2023\\\/11\\\/03\\\/atadtak-a-gyermelyi-zrt-uj-gabonataroloit\\\/#breadcrumb\",\"itemListElement\":[{\"@type\":\"ListItem\",\"position\":1,\"name\":\"Kezd\u0151lap\",\"item\":\"https:\\\/\\\/dorogimedence.hu\\\/\"},{\"@type\":\"ListItem\",\"position\":2,\"name\":\"\u00c1tadt\u00e1k a Gyermelyi Zrt. \u00faj gabonat\u00e1rol\u00f3it\"}]},{\"@type\":\"WebSite\",\"@id\":\"https:\\\/\\\/dorogimedence.hu\\\/#website\",\"url\":\"https:\\\/\\\/dorogimedence.hu\\\/\",\"name\":\"Dorogi-medence Region\u00e1lis H\u00edrport\u00e1l\",\"description\":\"Dorog, Keszt\u00f6lc, Le\u00e1nyv\u00e1r, Piliscs\u00e9v, Tokod, Tokodalt\u00e1r\u00f3, Csolnok, Esztergom-kertv\u00e1ros: h\u00edrek, programok\",\"publisher\":{\"@id\":\"https:\\\/\\\/dorogimedence.hu\\\/#organization\"},\"potentialAction\":[{\"@type\":\"SearchAction\",\"target\":{\"@type\":\"EntryPoint\",\"urlTemplate\":\"https:\\\/\\\/dorogimedence.hu\\\/?s={search_term_string}\"},\"query-input\":{\"@type\":\"PropertyValueSpecification\",\"valueRequired\":true,\"valueName\":\"search_term_string\"}}],\"inLanguage\":\"hu\"},{\"@type\":\"Organization\",\"@id\":\"https:\\\/\\\/dorogimedence.hu\\\/#organization\",\"name\":\"Dorogi-medence Region\u00e1lis H\u00edrport\u00e1l\",\"url\":\"https:\\\/\\\/dorogimedence.hu\\\/\",\"logo\":{\"@type\":\"ImageObject\",\"inLanguage\":\"hu\",\"@id\":\"https:\\\/\\\/dorogimedence.hu\\\/#\\\/schema\\\/logo\\\/image\\\/\",\"url\":\"https:\\\/\\\/dorogimedence.hu\\\/wp-content\\\/uploads\\\/2021\\\/04\\\/logo-feher-600.png\",\"contentUrl\":\"https:\\\/\\\/dorogimedence.hu\\\/wp-content\\\/uploads\\\/2021\\\/04\\\/logo-feher-600.png\",\"width\":600,\"height\":100,\"caption\":\"Dorogi-medence Region\u00e1lis H\u00edrport\u00e1l\"},\"image\":{\"@id\":\"https:\\\/\\\/dorogimedence.hu\\\/#\\\/schema\\\/logo\\\/image\\\/\"},\"sameAs\":[\"https:\\\/\\\/www.facebook.com\\\/dorogimedence\\\/\"]},{\"@type\":\"Person\",\"@id\":\"https:\\\/\\\/dorogimedence.hu\\\/#\\\/schema\\\/person\\\/ce6091eeb7e95ecdc87890d6aa8e0fd4\",\"name\":\"dorogimedence.hu\",\"image\":{\"@type\":\"ImageObject\",\"inLanguage\":\"hu\",\"@id\":\"\\\/\\\/www.gravatar.com\\\/avatar\\\/d8d45f8901aadff40a4af72c0b826f1d?s=96&#038;r=g&#038;d=mm\",\"url\":\"\\\/\\\/www.gravatar.com\\\/avatar\\\/d8d45f8901aadff40a4af72c0b826f1d?s=96&#038;r=g&#038;d=mm\",\"contentUrl\":\"\\\/\\\/www.gravatar.com\\\/avatar\\\/d8d45f8901aadff40a4af72c0b826f1d?s=96&#038;r=g&#038;d=mm\",\"caption\":\"dorogimedence.hu\"}}]}<\/script>\n<!-- \/ Yoast SEO plugin. -->","yoast_head_json":{"title":"\u00c1tadt\u00e1k a Gyermelyi Zrt. \u00faj gabonat\u00e1rol\u00f3it","robots":{"index":"index","follow":"follow","max-snippet":"max-snippet:-1","max-image-preview":"max-image-preview:large","max-video-preview":"max-video-preview:-1"},"canonical":"https:\/\/dorogimedence.hu\/index.php\/2023\/11\/03\/atadtak-a-gyermelyi-zrt-uj-gabonataroloit\/","og_locale":"hu_HU","og_type":"article","og_title":"\u00c1tadt\u00e1k a Gyermelyi Zrt. \u00faj gabonat\u00e1rol\u00f3it","og_description":"Az elm\u00falt \u00e9vek v\u00e1ls\u00e1ghelyzeti megmutatt\u00e1k, hogy az \u00e9lelmiszer-ell\u00e1t\u00e1s, az \u00e9lelmez\u00e9si \u00f6nrendelkez\u00e9s nemzetstrat\u00e9giai, s\u0151t m\u00e1ra vil\u00e1gos, hogy biztons\u00e1gpolitikai k\u00e9rd\u00e9s is &#8211; hangs\u00falyozta az agr\u00e1rminiszter cs\u00fct\u00f6rt\u00f6k\u00f6n, a Gyermelyi Zrt. mintegy h\u00e1rommilli\u00e1rd forintb\u00f3l \u00e9p\u00fclt, \u00faj gabonat\u00e1rol\u00f3inak \u00e1tad\u00e1s\u00e1n. Nagy Istv\u00e1n szerint a magyar korm\u00e1ny legfontosabb feladata az, hogy min\u00e9l t\u00f6bb eszk\u00f6zt \u00e9s seg\u00edts\u00e9get adjon a gazd\u00e1lkod\u00f3knak, termel\u0151knek, \u00e9s \u00e9lelmiszeripari","og_url":"https:\/\/dorogimedence.hu\/index.php\/2023\/11\/03\/atadtak-a-gyermelyi-zrt-uj-gabonataroloit\/","og_site_name":"Dorogi-medence Region\u00e1lis H\u00edrport\u00e1l","article_publisher":"https:\/\/www.facebook.com\/dorogimedence\/","article_published_time":"2023-11-03T11:26:49+00:00","og_image":[{"width":1920,"height":970,"url":"https:\/\/dorogimedence.hu\/wp-content\/uploads\/2023\/11\/gyermelyi-01.jpg","type":"image\/jpeg"}],"author":"dorogimedence.hu","twitter_card":"summary_large_image","twitter_misc":{"Szerz\u0151:":"dorogimedence.hu","Becs\u00fclt olvas\u00e1si id\u0151":"4 perc"},"schema":{"@context":"https:\/\/schema.org","@graph":[{"@type":"Article","@id":"https:\/\/dorogimedence.hu\/index.php\/2023\/11\/03\/atadtak-a-gyermelyi-zrt-uj-gabonataroloit\/#article","isPartOf":{"@id":"https:\/\/dorogimedence.hu\/index.php\/2023\/11\/03\/atadtak-a-gyermelyi-zrt-uj-gabonataroloit\/"},"author":{"name":"dorogimedence.hu","@id":"https:\/\/dorogimedence.hu\/#\/schema\/person\/ce6091eeb7e95ecdc87890d6aa8e0fd4"},"headline":"\u00c1tadt\u00e1k a Gyermelyi Zrt. \u00faj gabonat\u00e1rol\u00f3it","datePublished":"2023-11-03T11:26:49+00:00","mainEntityOfPage":{"@id":"https:\/\/dorogimedence.hu\/index.php\/2023\/11\/03\/atadtak-a-gyermelyi-zrt-uj-gabonataroloit\/"},"wordCount":784,"publisher":{"@id":"https:\/\/dorogimedence.hu\/#organization"},"image":{"@id":"https:\/\/dorogimedence.hu\/index.php\/2023\/11\/03\/atadtak-a-gyermelyi-zrt-uj-gabonataroloit\/#primaryimage"},"thumbnailUrl":"https:\/\/dorogimedence.hu\/wp-content\/uploads\/2023\/11\/gyermelyi-02.jpg","keywords":["featured","Gyermelyi"],"articleSection":["H\u00edrek"],"inLanguage":"hu"},{"@type":"WebPage","@id":"https:\/\/dorogimedence.hu\/index.php\/2023\/11\/03\/atadtak-a-gyermelyi-zrt-uj-gabonataroloit\/","url":"https:\/\/dorogimedence.hu\/index.php\/2023\/11\/03\/atadtak-a-gyermelyi-zrt-uj-gabonataroloit\/","name":"\u00c1tadt\u00e1k a Gyermelyi Zrt. \u00faj gabonat\u00e1rol\u00f3it","isPartOf":{"@id":"https:\/\/dorogimedence.hu\/#website"},"primaryImageOfPage":{"@id":"https:\/\/dorogimedence.hu\/index.php\/2023\/11\/03\/atadtak-a-gyermelyi-zrt-uj-gabonataroloit\/#primaryimage"},"image":{"@id":"https:\/\/dorogimedence.hu\/index.php\/2023\/11\/03\/atadtak-a-gyermelyi-zrt-uj-gabonataroloit\/#primaryimage"},"thumbnailUrl":"https:\/\/dorogimedence.hu\/wp-content\/uploads\/2023\/11\/gyermelyi-02.jpg","datePublished":"2023-11-03T11:26:49+00:00","breadcrumb":{"@id":"https:\/\/dorogimedence.hu\/index.php\/2023\/11\/03\/atadtak-a-gyermelyi-zrt-uj-gabonataroloit\/#breadcrumb"},"inLanguage":"hu","potentialAction":[{"@type":"ReadAction","target":["https:\/\/dorogimedence.hu\/index.php\/2023\/11\/03\/atadtak-a-gyermelyi-zrt-uj-gabonataroloit\/"]}]},{"@type":"ImageObject","inLanguage":"hu","@id":"https:\/\/dorogimedence.hu\/index.php\/2023\/11\/03\/atadtak-a-gyermelyi-zrt-uj-gabonataroloit\/#primaryimage","url":"https:\/\/dorogimedence.hu\/wp-content\/uploads\/2023\/11\/gyermelyi-02.jpg","contentUrl":"https:\/\/dorogimedence.hu\/wp-content\/uploads\/2023\/11\/gyermelyi-02.jpg"},{"@type":"BreadcrumbList","@id":"https:\/\/dorogimedence.hu\/index.php\/2023\/11\/03\/atadtak-a-gyermelyi-zrt-uj-gabonataroloit\/#breadcrumb","itemListElement":[{"@type":"ListItem","position":1,"name":"Kezd\u0151lap","item":"https:\/\/dorogimedence.hu\/"},{"@type":"ListItem","position":2,"name":"\u00c1tadt\u00e1k a Gyermelyi Zrt. \u00faj gabonat\u00e1rol\u00f3it"}]},{"@type":"WebSite","@id":"https:\/\/dorogimedence.hu\/#website","url":"https:\/\/dorogimedence.hu\/","name":"Dorogi-medence Region\u00e1lis H\u00edrport\u00e1l","description":"Dorog, Keszt\u00f6lc, Le\u00e1nyv\u00e1r, Piliscs\u00e9v, Tokod, Tokodalt\u00e1r\u00f3, Csolnok, Esztergom-kertv\u00e1ros: h\u00edrek, programok","publisher":{"@id":"https:\/\/dorogimedence.hu\/#organization"},"potentialAction":[{"@type":"SearchAction","target":{"@type":"EntryPoint","urlTemplate":"https:\/\/dorogimedence.hu\/?s={search_term_string}"},"query-input":{"@type":"PropertyValueSpecification","valueRequired":true,"valueName":"search_term_string"}}],"inLanguage":"hu"},{"@type":"Organization","@id":"https:\/\/dorogimedence.hu\/#organization","name":"Dorogi-medence Region\u00e1lis H\u00edrport\u00e1l","url":"https:\/\/dorogimedence.hu\/","logo":{"@type":"ImageObject","inLanguage":"hu","@id":"https:\/\/dorogimedence.hu\/#\/schema\/logo\/image\/","url":"https:\/\/dorogimedence.hu\/wp-content\/uploads\/2021\/04\/logo-feher-600.png","contentUrl":"https:\/\/dorogimedence.hu\/wp-content\/uploads\/2021\/04\/logo-feher-600.png","width":600,"height":100,"caption":"Dorogi-medence Region\u00e1lis H\u00edrport\u00e1l"},"image":{"@id":"https:\/\/dorogimedence.hu\/#\/schema\/logo\/image\/"},"sameAs":["https:\/\/www.facebook.com\/dorogimedence\/"]},{"@type":"Person","@id":"https:\/\/dorogimedence.hu\/#\/schema\/person\/ce6091eeb7e95ecdc87890d6aa8e0fd4","name":"dorogimedence.hu","image":{"@type":"ImageObject","inLanguage":"hu","@id":"\/\/www.gravatar.com\/avatar\/d8d45f8901aadff40a4af72c0b826f1d?s=96&#038;r=g&#038;d=mm","url":"\/\/www.gravatar.com\/avatar\/d8d45f8901aadff40a4af72c0b826f1d?s=96&#038;r=g&#038;d=mm","contentUrl":"\/\/www.gravatar.com\/avatar\/d8d45f8901aadff40a4af72c0b826f1d?s=96&#038;r=g&#038;d=mm","caption":"dorogimedence.hu"}}]}},"_links":{"self":[{"href":"https:\/\/dorogimedence.hu\/index.php\/wp-json\/wp\/v2\/posts\/57503","targetHints":{"allow":["GET"]}}],"collection":[{"href":"https:\/\/dorogimedence.hu\/index.php\/wp-json\/wp\/v2\/posts"}],"about":[{"href":"https:\/\/dorogimedence.hu\/index.php\/wp-json\/wp\/v2\/types\/post"}],"author":[{"embeddable":true,"href":"https:\/\/dorogimedence.hu\/index.php\/wp-json\/wp\/v2\/users\/1"}],"replies":[{"embeddable":true,"href":"https:\/\/dorogimedence.hu\/index.php\/wp-json\/wp\/v2\/comments?post=57503"}],"version-history":[{"count":0,"href":"https:\/\/dorogimedence.hu\/index.php\/wp-json\/wp\/v2\/posts\/57503\/revisions"}],"wp:attachment":[{"href":"https:\/\/dorogimedence.hu\/index.php\/wp-json\/wp\/v2\/media?parent=57503"}],"wp:term":[{"taxonomy":"category","embeddable":true,"href":"https:\/\/dorogimedence.hu\/index.php\/wp-json\/wp\/v2\/categories?post=57503"},{"taxonomy":"post_tag","embeddable":true,"href":"https:\/\/dorogimedence.hu\/index.php\/wp-json\/wp\/v2\/tags?post=57503"}],"curies":[{"name":"wp","href":"https:\/\/api.w.org\/{rel}","templated":true}]}}