{"id":57468,"date":"2023-11-02T12:56:16","date_gmt":"2023-11-02T11:56:16","guid":{"rendered":"https:\/\/dorogimedence.hu\/?p=57468"},"modified":"2023-11-02T12:56:16","modified_gmt":"2023-11-02T11:56:16","slug":"erdo-peter-harom-kivansagot-terjesztunk-isten-es-a-szentek-ele","status":"publish","type":"post","link":"https:\/\/dorogimedence.hu\/index.php\/2023\/11\/02\/erdo-peter-harom-kivansagot-terjesztunk-isten-es-a-szentek-ele\/","title":{"rendered":"Erd\u0151 P\u00e9ter: H\u00e1rom k\u00edv\u00e1ns\u00e1got terjeszt\u00fcnk Isten \u00e9s a szentek el\u00e9"},"content":{"rendered":"<p class=\"lead\"><strong>Erd\u0151 P\u00e9ter b\u00edboros, pr\u00edm\u00e1s mutatott be szentmis\u00e9t mindenszentek f\u0151\u00fcnnep\u00e9n, november 1-j\u00e9n az esztergomi Nagyboldogasszony \u00e9s Szent Adalbert-f\u0151sz\u00e9kesegyh\u00e1zban. Az \u00fcnnepi liturgia v\u00e9g\u00e9n a f\u0151p\u00e1sztor elv\u00e9gezte a lucern\u00e1rium szertart\u00e1s\u00e1t: a felt\u00e1madt J\u00e9zust jelk\u00e9pez\u0151 h\u00fasv\u00e9ti gyertya el\u0151tt eml\u00e9keztek a h\u00edvek a halottakra <\/strong><em>&#8211; \u00edrja a <a href=\"https:\/\/www.magyarkurir.hu\/hirek\/erdo-peter-biboros-mindenszentek-unnepen-harom-kivansagot-terjesztunk-ma-isten-es-szentek-ele\" target=\"_blank\" rel=\"noopener\"><span style=\"text-decoration: underline; color: #0000ff;\">Magyar Kur\u00edr<\/span><\/a>.<\/em><strong><br \/>\n<\/strong><\/p>\n<div class=\"contentsav\">\n<p>Megteltek a padsorok a fel\u00faj\u00edt\u00e1s alatt \u00e1ll\u00f3 bazilik\u00e1ban mindenszentek f\u0151\u00fcnnep\u00e9n. Az \u00fcnnepi liturgi\u00e1n az asszisztenci\u00e1t az esztergomi \u00c9rseki Papnevel\u0151 Int\u00e9zet n\u00f6vend\u00e9kei szolg\u00e1ltatt\u00e1k. Erd\u0151 P\u00e9ter b\u00edboros hom\u00edli\u00e1j\u00e1ban arr\u00f3l besz\u00e9lt, hogy ezen a napon mely h\u00e1rom k\u00edv\u00e1ns\u00e1got terjessz\u00fck Isten \u00e9s a szentek el\u00e9. A f\u0151p\u00e1sztor szerint az els\u0151 nagy k\u00edv\u00e1ns\u00e1gunk, hogy eljussunk a szentek k\u00f6z\u00f6ss\u00e9g\u00e9be. Rem\u00e9ny\u00e9t fejezte ki, hogy tal\u00e1lkozunk majd a Sz\u0171zany\u00e1val, az apostolokkal, a t\u00f6bbi ismert szenttel \u00e9s a saj\u00e1t szeretteinkkel is. A m\u00e1sodik k\u00edv\u00e1ns\u00e1g, hogy megl\u00e1ssuk Isten arc\u00e1t az \u0151 \u00e9let\u00e9nek boldog\u00edt\u00f3 k\u00f6z\u00f6ss\u00e9g\u00e9ben. A harmadik pedig az, hogy a szentek m\u00e1r itt a f\u00f6ld\u00f6n seg\u00edtsenek neh\u00e9z helyzeteinkben, f\u0151leg akkor, amikor a j\u00f3ra t\u00f6reksz\u00fcnk, mikor keress\u00fck a tisztess\u00e9g \u00fatj\u00e1t. A b\u00edboros megjegyezte, amikor a keresztel\u00e9sben nevet kapunk, maga az Egyh\u00e1z ad v\u00e9d\u0151szentet mell\u00e9nk. Sokszor meg is \u00e9rezz\u00fck, hogy egy-egy szenthez foh\u00e1szkodva hirtelen megold\u00e1st tal\u00e1lunk, eligaz\u00edt\u00e1st kapunk, vagy egy k\u00fcls\u0151 gondunk hirtelen elh\u00e1rul. A f\u0151p\u00e1sztor kiemelte: a szentek k\u00f6z\u00f6ss\u00e9ge, amit a hiszekegyben is megvallunk, azt is jelenti, hogy a szentek tudnak seg\u00edteni nek\u00fcnk, figyelemmel k\u00eds\u00e9rik \u00e9let\u00fcnket.<\/p>\n<p><img fetchpriority=\"high\" decoding=\"async\" class=\"alignnone size-full wp-image-57470\" src=\"https:\/\/dorogimedence.hu\/wp-content\/uploads\/2023\/11\/img2.jpg\" alt=\"\" width=\"1600\" height=\"1061\" srcset=\"https:\/\/dorogimedence.hu\/wp-content\/uploads\/2023\/11\/img2.jpg 1600w, https:\/\/dorogimedence.hu\/wp-content\/uploads\/2023\/11\/img2-600x398.jpg 600w, https:\/\/dorogimedence.hu\/wp-content\/uploads\/2023\/11\/img2-768x509.jpg 768w, https:\/\/dorogimedence.hu\/wp-content\/uploads\/2023\/11\/img2-1536x1019.jpg 1536w, https:\/\/dorogimedence.hu\/wp-content\/uploads\/2023\/11\/img2-150x99.jpg 150w, https:\/\/dorogimedence.hu\/wp-content\/uploads\/2023\/11\/img2-450x298.jpg 450w, https:\/\/dorogimedence.hu\/wp-content\/uploads\/2023\/11\/img2-1200x796.jpg 1200w\" sizes=\"(max-width: 1600px) 100vw, 1600px\" \/><\/p>\n<p>A szentmise v\u00e9g\u00e9n Erd\u0151 P\u00e9ter b\u00edboros elv\u00e9gezte a lucern\u00e1rium szertart\u00e1s\u00e1t: lekapcsolt\u00e1k a f\u00e9nyeket bazilik\u00e1ban, csak a pisl\u00e1kol\u00f3 gyerty\u00e1k vil\u00e1g\u00edtottak, \u00edgy eml\u00e9keztek a h\u00edvek elhunyt hozz\u00e1tartoz\u00f3ikra, valamint k\u00e9rt\u00e9k a szenved\u0151 lelkek sz\u00e1m\u00e1ra Isten irgalm\u00e1t. A f\u0151p\u00e1sztor a meggy\u00fajtott a h\u00fasv\u00e9ti gyertya el\u0151tt \u2013 melynek l\u00e1ngja a felt\u00e1madt Krisztust jelk\u00e9pezin \u2013 im\u00e1dkozott, hogy a f\u00f6ldi \u00e9letben az \u0151 f\u00e9ny\u00e9t k\u00f6vetve jussunk el az \u00f6r\u00f6kk\u00e9val\u00f3s\u00e1gba. K\u00f6ny\u00f6rg\u0151 im\u00e1ds\u00e1ggal \u00e9s a felt\u00e1mad\u00e1sba vetett hit megvall\u00e1s\u00e1val z\u00e1rult mindenszentek \u00fcnnepe.<\/p>\n<p><strong>Erd\u0151 P\u00e9ter b\u00edboros hom\u00edli\u00e1j\u00e1t teljes terjedelm\u00e9ben <a href=\"https:\/\/www.magyarkurir.hu\/hirek\/erdo-peter-biboros-mindenszentek-unnepen-harom-kivansagot-terjesztunk-ma-isten-es-szentek-ele\" target=\"_blank\" rel=\"noopener\"><span style=\"text-decoration: underline; color: #0000ff;\">ide kattintva<\/span><\/a> olvashat\u00f3 el!<\/strong><\/p>\n<p><img decoding=\"async\" class=\"alignnone size-full wp-image-57471\" src=\"https:\/\/dorogimedence.hu\/wp-content\/uploads\/2023\/11\/img1.jpg\" alt=\"\" width=\"1599\" height=\"1066\" srcset=\"https:\/\/dorogimedence.hu\/wp-content\/uploads\/2023\/11\/img1.jpg 1599w, https:\/\/dorogimedence.hu\/wp-content\/uploads\/2023\/11\/img1-600x400.jpg 600w, https:\/\/dorogimedence.hu\/wp-content\/uploads\/2023\/11\/img1-768x512.jpg 768w, https:\/\/dorogimedence.hu\/wp-content\/uploads\/2023\/11\/img1-1536x1024.jpg 1536w, https:\/\/dorogimedence.hu\/wp-content\/uploads\/2023\/11\/img1-150x100.jpg 150w, https:\/\/dorogimedence.hu\/wp-content\/uploads\/2023\/11\/img1-450x300.jpg 450w, https:\/\/dorogimedence.hu\/wp-content\/uploads\/2023\/11\/img1-1200x800.jpg 1200w, https:\/\/dorogimedence.hu\/wp-content\/uploads\/2023\/11\/img1-272x182.jpg 272w\" sizes=\"(max-width: 1599px) 100vw, 1599px\" \/><\/p>\n<p><em>Forr\u00e1s: Zsuffa T\u00fcnde\/Esztergom-Budapesti F\u0151egyh\u00e1zmegye\/Magyar Kur\u00edr<\/em><br \/>\n<em>Fot\u00f3k: Mudr\u00e1k Attila<\/em><\/p>\n<\/div>\n","protected":false},"excerpt":{"rendered":"<p>Erd\u0151 P\u00e9ter b\u00edboros, pr\u00edm\u00e1s mutatott be szentmis\u00e9t mindenszentek f\u0151\u00fcnnep\u00e9n, november 1-j\u00e9n az esztergomi Nagyboldogasszony \u00e9s Szent Adalbert-f\u0151sz\u00e9kesegyh\u00e1zban. Az \u00fcnnepi liturgia v\u00e9g\u00e9n a f\u0151p\u00e1sztor elv\u00e9gezte a lucern\u00e1rium szertart\u00e1s\u00e1t: a felt\u00e1madt J\u00e9zust jelk\u00e9pez\u0151 h\u00fasv\u00e9ti gyertya el\u0151tt eml\u00e9keztek a h\u00edvek a halottakra &#8211; \u00edrja a Magyar Kur\u00edr. Megteltek a padsorok a fel\u00faj\u00edt\u00e1s alatt \u00e1ll\u00f3 bazilik\u00e1ban mindenszentek f\u0151\u00fcnnep\u00e9n. Az<\/p>\n","protected":false},"author":1,"featured_media":0,"comment_status":"closed","ping_status":"closed","sticky":false,"template":"","format":"standard","meta":{"ngg_post_thumbnail":0,"footnotes":""},"categories":[38,3],"tags":[1334,764,3163,762,1755,1784],"class_list":{"0":"post-57468","1":"post","2":"type-post","3":"status-publish","4":"format-standard","6":"category-esztergom","7":"category-hirek","8":"tag-egyhaz","9":"tag-erdo-peter","10":"tag-esztergomi-bazilika","11":"tag-katolikus-egyhaz","12":"tag-mindenszentek","13":"tag-szentmise"},"yoast_head":"<!-- This site is optimized with the Yoast SEO plugin v27.5 - https:\/\/yoast.com\/product\/yoast-seo-wordpress\/ -->\n<title>Erd\u0151 P\u00e9ter: H\u00e1rom k\u00edv\u00e1ns\u00e1got terjeszt\u00fcnk Isten \u00e9s a szentek el\u00e9<\/title>\n<meta name=\"robots\" content=\"index, follow, max-snippet:-1, max-image-preview:large, max-video-preview:-1\" \/>\n<link rel=\"canonical\" href=\"https:\/\/dorogimedence.hu\/index.php\/2023\/11\/02\/erdo-peter-harom-kivansagot-terjesztunk-isten-es-a-szentek-ele\/\" class=\"yoast-seo-meta-tag\" \/>\n<meta property=\"og:locale\" content=\"hu_HU\" class=\"yoast-seo-meta-tag\" \/>\n<meta property=\"og:type\" content=\"article\" class=\"yoast-seo-meta-tag\" \/>\n<meta property=\"og:title\" content=\"Erd\u0151 P\u00e9ter: H\u00e1rom k\u00edv\u00e1ns\u00e1got terjeszt\u00fcnk Isten \u00e9s a szentek el\u00e9\" class=\"yoast-seo-meta-tag\" \/>\n<meta property=\"og:description\" content=\"Erd\u0151 P\u00e9ter b\u00edboros, pr\u00edm\u00e1s mutatott be szentmis\u00e9t mindenszentek f\u0151\u00fcnnep\u00e9n, november 1-j\u00e9n az esztergomi Nagyboldogasszony \u00e9s Szent Adalbert-f\u0151sz\u00e9kesegyh\u00e1zban. Az \u00fcnnepi liturgia v\u00e9g\u00e9n a f\u0151p\u00e1sztor elv\u00e9gezte a lucern\u00e1rium szertart\u00e1s\u00e1t: a felt\u00e1madt J\u00e9zust jelk\u00e9pez\u0151 h\u00fasv\u00e9ti gyertya el\u0151tt eml\u00e9keztek a h\u00edvek a halottakra &#8211; \u00edrja a Magyar Kur\u00edr. Megteltek a padsorok a fel\u00faj\u00edt\u00e1s alatt \u00e1ll\u00f3 bazilik\u00e1ban mindenszentek f\u0151\u00fcnnep\u00e9n. Az\" class=\"yoast-seo-meta-tag\" \/>\n<meta property=\"og:url\" content=\"https:\/\/dorogimedence.hu\/index.php\/2023\/11\/02\/erdo-peter-harom-kivansagot-terjesztunk-isten-es-a-szentek-ele\/\" class=\"yoast-seo-meta-tag\" \/>\n<meta property=\"og:site_name\" content=\"Dorogi-medence Region\u00e1lis H\u00edrport\u00e1l\" class=\"yoast-seo-meta-tag\" \/>\n<meta property=\"article:publisher\" content=\"https:\/\/www.facebook.com\/dorogimedence\/\" class=\"yoast-seo-meta-tag\" \/>\n<meta property=\"article:published_time\" content=\"2023-11-02T11:56:16+00:00\" class=\"yoast-seo-meta-tag\" \/>\n<meta property=\"og:image\" content=\"https:\/\/dorogimedence.hu\/wp-content\/uploads\/2023\/11\/mindenszentek-01.jpg\" class=\"yoast-seo-meta-tag\" \/>\n\t<meta property=\"og:image:width\" content=\"1920\" class=\"yoast-seo-meta-tag\" \/>\n\t<meta property=\"og:image:height\" content=\"970\" class=\"yoast-seo-meta-tag\" \/>\n\t<meta property=\"og:image:type\" content=\"image\/jpeg\" class=\"yoast-seo-meta-tag\" \/>\n<meta name=\"author\" content=\"dorogimedence.hu\" class=\"yoast-seo-meta-tag\" \/>\n<meta name=\"twitter:card\" content=\"summary_large_image\" class=\"yoast-seo-meta-tag\" \/>\n<meta name=\"twitter:label1\" content=\"Szerz\u0151:\" class=\"yoast-seo-meta-tag\" \/>\n\t<meta name=\"twitter:data1\" content=\"dorogimedence.hu\" class=\"yoast-seo-meta-tag\" \/>\n\t<meta name=\"twitter:label2\" content=\"Becs\u00fclt olvas\u00e1si id\u0151\" class=\"yoast-seo-meta-tag\" \/>\n\t<meta name=\"twitter:data2\" content=\"2 perc\" class=\"yoast-seo-meta-tag\" \/>\n<script type=\"application\/ld+json\" class=\"yoast-schema-graph\">{\"@context\":\"https:\\\/\\\/schema.org\",\"@graph\":[{\"@type\":\"Article\",\"@id\":\"https:\\\/\\\/dorogimedence.hu\\\/index.php\\\/2023\\\/11\\\/02\\\/erdo-peter-harom-kivansagot-terjesztunk-isten-es-a-szentek-ele\\\/#article\",\"isPartOf\":{\"@id\":\"https:\\\/\\\/dorogimedence.hu\\\/index.php\\\/2023\\\/11\\\/02\\\/erdo-peter-harom-kivansagot-terjesztunk-isten-es-a-szentek-ele\\\/\"},\"author\":{\"name\":\"dorogimedence.hu\",\"@id\":\"https:\\\/\\\/dorogimedence.hu\\\/#\\\/schema\\\/person\\\/ce6091eeb7e95ecdc87890d6aa8e0fd4\"},\"headline\":\"Erd\u0151 P\u00e9ter: H\u00e1rom k\u00edv\u00e1ns\u00e1got terjeszt\u00fcnk Isten \u00e9s a szentek el\u00e9\",\"datePublished\":\"2023-11-02T11:56:16+00:00\",\"mainEntityOfPage\":{\"@id\":\"https:\\\/\\\/dorogimedence.hu\\\/index.php\\\/2023\\\/11\\\/02\\\/erdo-peter-harom-kivansagot-terjesztunk-isten-es-a-szentek-ele\\\/\"},\"wordCount\":495,\"publisher\":{\"@id\":\"https:\\\/\\\/dorogimedence.hu\\\/#organization\"},\"image\":{\"@id\":\"https:\\\/\\\/dorogimedence.hu\\\/index.php\\\/2023\\\/11\\\/02\\\/erdo-peter-harom-kivansagot-terjesztunk-isten-es-a-szentek-ele\\\/#primaryimage\"},\"thumbnailUrl\":\"https:\\\/\\\/dorogimedence.hu\\\/wp-content\\\/uploads\\\/2023\\\/11\\\/img2.jpg\",\"keywords\":[\"egyh\u00e1z\",\"Erd\u0151 P\u00e9ter\",\"esztergomi bazilika\",\"katolikus egyh\u00e1z\",\"mindenszentek\",\"szentmise\"],\"articleSection\":[\"Esztergom\",\"H\u00edrek\"],\"inLanguage\":\"hu\"},{\"@type\":\"WebPage\",\"@id\":\"https:\\\/\\\/dorogimedence.hu\\\/index.php\\\/2023\\\/11\\\/02\\\/erdo-peter-harom-kivansagot-terjesztunk-isten-es-a-szentek-ele\\\/\",\"url\":\"https:\\\/\\\/dorogimedence.hu\\\/index.php\\\/2023\\\/11\\\/02\\\/erdo-peter-harom-kivansagot-terjesztunk-isten-es-a-szentek-ele\\\/\",\"name\":\"Erd\u0151 P\u00e9ter: H\u00e1rom k\u00edv\u00e1ns\u00e1got terjeszt\u00fcnk Isten \u00e9s a szentek el\u00e9\",\"isPartOf\":{\"@id\":\"https:\\\/\\\/dorogimedence.hu\\\/#website\"},\"primaryImageOfPage\":{\"@id\":\"https:\\\/\\\/dorogimedence.hu\\\/index.php\\\/2023\\\/11\\\/02\\\/erdo-peter-harom-kivansagot-terjesztunk-isten-es-a-szentek-ele\\\/#primaryimage\"},\"image\":{\"@id\":\"https:\\\/\\\/dorogimedence.hu\\\/index.php\\\/2023\\\/11\\\/02\\\/erdo-peter-harom-kivansagot-terjesztunk-isten-es-a-szentek-ele\\\/#primaryimage\"},\"thumbnailUrl\":\"https:\\\/\\\/dorogimedence.hu\\\/wp-content\\\/uploads\\\/2023\\\/11\\\/img2.jpg\",\"datePublished\":\"2023-11-02T11:56:16+00:00\",\"breadcrumb\":{\"@id\":\"https:\\\/\\\/dorogimedence.hu\\\/index.php\\\/2023\\\/11\\\/02\\\/erdo-peter-harom-kivansagot-terjesztunk-isten-es-a-szentek-ele\\\/#breadcrumb\"},\"inLanguage\":\"hu\",\"potentialAction\":[{\"@type\":\"ReadAction\",\"target\":[\"https:\\\/\\\/dorogimedence.hu\\\/index.php\\\/2023\\\/11\\\/02\\\/erdo-peter-harom-kivansagot-terjesztunk-isten-es-a-szentek-ele\\\/\"]}]},{\"@type\":\"ImageObject\",\"inLanguage\":\"hu\",\"@id\":\"https:\\\/\\\/dorogimedence.hu\\\/index.php\\\/2023\\\/11\\\/02\\\/erdo-peter-harom-kivansagot-terjesztunk-isten-es-a-szentek-ele\\\/#primaryimage\",\"url\":\"https:\\\/\\\/dorogimedence.hu\\\/wp-content\\\/uploads\\\/2023\\\/11\\\/img2.jpg\",\"contentUrl\":\"https:\\\/\\\/dorogimedence.hu\\\/wp-content\\\/uploads\\\/2023\\\/11\\\/img2.jpg\",\"width\":1600,\"height\":1061},{\"@type\":\"BreadcrumbList\",\"@id\":\"https:\\\/\\\/dorogimedence.hu\\\/index.php\\\/2023\\\/11\\\/02\\\/erdo-peter-harom-kivansagot-terjesztunk-isten-es-a-szentek-ele\\\/#breadcrumb\",\"itemListElement\":[{\"@type\":\"ListItem\",\"position\":1,\"name\":\"Kezd\u0151lap\",\"item\":\"https:\\\/\\\/dorogimedence.hu\\\/\"},{\"@type\":\"ListItem\",\"position\":2,\"name\":\"Erd\u0151 P\u00e9ter: H\u00e1rom k\u00edv\u00e1ns\u00e1got terjeszt\u00fcnk Isten \u00e9s a szentek el\u00e9\"}]},{\"@type\":\"WebSite\",\"@id\":\"https:\\\/\\\/dorogimedence.hu\\\/#website\",\"url\":\"https:\\\/\\\/dorogimedence.hu\\\/\",\"name\":\"Dorogi-medence Region\u00e1lis H\u00edrport\u00e1l\",\"description\":\"Dorog, Keszt\u00f6lc, Le\u00e1nyv\u00e1r, Piliscs\u00e9v, Tokod, Tokodalt\u00e1r\u00f3, Csolnok, Esztergom-kertv\u00e1ros: h\u00edrek, programok\",\"publisher\":{\"@id\":\"https:\\\/\\\/dorogimedence.hu\\\/#organization\"},\"potentialAction\":[{\"@type\":\"SearchAction\",\"target\":{\"@type\":\"EntryPoint\",\"urlTemplate\":\"https:\\\/\\\/dorogimedence.hu\\\/?s={search_term_string}\"},\"query-input\":{\"@type\":\"PropertyValueSpecification\",\"valueRequired\":true,\"valueName\":\"search_term_string\"}}],\"inLanguage\":\"hu\"},{\"@type\":\"Organization\",\"@id\":\"https:\\\/\\\/dorogimedence.hu\\\/#organization\",\"name\":\"Dorogi-medence Region\u00e1lis H\u00edrport\u00e1l\",\"url\":\"https:\\\/\\\/dorogimedence.hu\\\/\",\"logo\":{\"@type\":\"ImageObject\",\"inLanguage\":\"hu\",\"@id\":\"https:\\\/\\\/dorogimedence.hu\\\/#\\\/schema\\\/logo\\\/image\\\/\",\"url\":\"https:\\\/\\\/dorogimedence.hu\\\/wp-content\\\/uploads\\\/2021\\\/04\\\/logo-feher-600.png\",\"contentUrl\":\"https:\\\/\\\/dorogimedence.hu\\\/wp-content\\\/uploads\\\/2021\\\/04\\\/logo-feher-600.png\",\"width\":600,\"height\":100,\"caption\":\"Dorogi-medence Region\u00e1lis H\u00edrport\u00e1l\"},\"image\":{\"@id\":\"https:\\\/\\\/dorogimedence.hu\\\/#\\\/schema\\\/logo\\\/image\\\/\"},\"sameAs\":[\"https:\\\/\\\/www.facebook.com\\\/dorogimedence\\\/\"]},{\"@type\":\"Person\",\"@id\":\"https:\\\/\\\/dorogimedence.hu\\\/#\\\/schema\\\/person\\\/ce6091eeb7e95ecdc87890d6aa8e0fd4\",\"name\":\"dorogimedence.hu\",\"image\":{\"@type\":\"ImageObject\",\"inLanguage\":\"hu\",\"@id\":\"\\\/\\\/www.gravatar.com\\\/avatar\\\/d8d45f8901aadff40a4af72c0b826f1d?s=96&#038;r=g&#038;d=mm\",\"url\":\"\\\/\\\/www.gravatar.com\\\/avatar\\\/d8d45f8901aadff40a4af72c0b826f1d?s=96&#038;r=g&#038;d=mm\",\"contentUrl\":\"\\\/\\\/www.gravatar.com\\\/avatar\\\/d8d45f8901aadff40a4af72c0b826f1d?s=96&#038;r=g&#038;d=mm\",\"caption\":\"dorogimedence.hu\"}}]}<\/script>\n<!-- \/ Yoast SEO plugin. -->","yoast_head_json":{"title":"Erd\u0151 P\u00e9ter: H\u00e1rom k\u00edv\u00e1ns\u00e1got terjeszt\u00fcnk Isten \u00e9s a szentek el\u00e9","robots":{"index":"index","follow":"follow","max-snippet":"max-snippet:-1","max-image-preview":"max-image-preview:large","max-video-preview":"max-video-preview:-1"},"canonical":"https:\/\/dorogimedence.hu\/index.php\/2023\/11\/02\/erdo-peter-harom-kivansagot-terjesztunk-isten-es-a-szentek-ele\/","og_locale":"hu_HU","og_type":"article","og_title":"Erd\u0151 P\u00e9ter: H\u00e1rom k\u00edv\u00e1ns\u00e1got terjeszt\u00fcnk Isten \u00e9s a szentek el\u00e9","og_description":"Erd\u0151 P\u00e9ter b\u00edboros, pr\u00edm\u00e1s mutatott be szentmis\u00e9t mindenszentek f\u0151\u00fcnnep\u00e9n, november 1-j\u00e9n az esztergomi Nagyboldogasszony \u00e9s Szent Adalbert-f\u0151sz\u00e9kesegyh\u00e1zban. Az \u00fcnnepi liturgia v\u00e9g\u00e9n a f\u0151p\u00e1sztor elv\u00e9gezte a lucern\u00e1rium szertart\u00e1s\u00e1t: a felt\u00e1madt J\u00e9zust jelk\u00e9pez\u0151 h\u00fasv\u00e9ti gyertya el\u0151tt eml\u00e9keztek a h\u00edvek a halottakra &#8211; \u00edrja a Magyar Kur\u00edr. Megteltek a padsorok a fel\u00faj\u00edt\u00e1s alatt \u00e1ll\u00f3 bazilik\u00e1ban mindenszentek f\u0151\u00fcnnep\u00e9n. Az","og_url":"https:\/\/dorogimedence.hu\/index.php\/2023\/11\/02\/erdo-peter-harom-kivansagot-terjesztunk-isten-es-a-szentek-ele\/","og_site_name":"Dorogi-medence Region\u00e1lis H\u00edrport\u00e1l","article_publisher":"https:\/\/www.facebook.com\/dorogimedence\/","article_published_time":"2023-11-02T11:56:16+00:00","og_image":[{"width":1920,"height":970,"url":"https:\/\/dorogimedence.hu\/wp-content\/uploads\/2023\/11\/mindenszentek-01.jpg","type":"image\/jpeg"}],"author":"dorogimedence.hu","twitter_card":"summary_large_image","twitter_misc":{"Szerz\u0151:":"dorogimedence.hu","Becs\u00fclt olvas\u00e1si id\u0151":"2 perc"},"schema":{"@context":"https:\/\/schema.org","@graph":[{"@type":"Article","@id":"https:\/\/dorogimedence.hu\/index.php\/2023\/11\/02\/erdo-peter-harom-kivansagot-terjesztunk-isten-es-a-szentek-ele\/#article","isPartOf":{"@id":"https:\/\/dorogimedence.hu\/index.php\/2023\/11\/02\/erdo-peter-harom-kivansagot-terjesztunk-isten-es-a-szentek-ele\/"},"author":{"name":"dorogimedence.hu","@id":"https:\/\/dorogimedence.hu\/#\/schema\/person\/ce6091eeb7e95ecdc87890d6aa8e0fd4"},"headline":"Erd\u0151 P\u00e9ter: H\u00e1rom k\u00edv\u00e1ns\u00e1got terjeszt\u00fcnk Isten \u00e9s a szentek el\u00e9","datePublished":"2023-11-02T11:56:16+00:00","mainEntityOfPage":{"@id":"https:\/\/dorogimedence.hu\/index.php\/2023\/11\/02\/erdo-peter-harom-kivansagot-terjesztunk-isten-es-a-szentek-ele\/"},"wordCount":495,"publisher":{"@id":"https:\/\/dorogimedence.hu\/#organization"},"image":{"@id":"https:\/\/dorogimedence.hu\/index.php\/2023\/11\/02\/erdo-peter-harom-kivansagot-terjesztunk-isten-es-a-szentek-ele\/#primaryimage"},"thumbnailUrl":"https:\/\/dorogimedence.hu\/wp-content\/uploads\/2023\/11\/img2.jpg","keywords":["egyh\u00e1z","Erd\u0151 P\u00e9ter","esztergomi bazilika","katolikus egyh\u00e1z","mindenszentek","szentmise"],"articleSection":["Esztergom","H\u00edrek"],"inLanguage":"hu"},{"@type":"WebPage","@id":"https:\/\/dorogimedence.hu\/index.php\/2023\/11\/02\/erdo-peter-harom-kivansagot-terjesztunk-isten-es-a-szentek-ele\/","url":"https:\/\/dorogimedence.hu\/index.php\/2023\/11\/02\/erdo-peter-harom-kivansagot-terjesztunk-isten-es-a-szentek-ele\/","name":"Erd\u0151 P\u00e9ter: H\u00e1rom k\u00edv\u00e1ns\u00e1got terjeszt\u00fcnk Isten \u00e9s a szentek el\u00e9","isPartOf":{"@id":"https:\/\/dorogimedence.hu\/#website"},"primaryImageOfPage":{"@id":"https:\/\/dorogimedence.hu\/index.php\/2023\/11\/02\/erdo-peter-harom-kivansagot-terjesztunk-isten-es-a-szentek-ele\/#primaryimage"},"image":{"@id":"https:\/\/dorogimedence.hu\/index.php\/2023\/11\/02\/erdo-peter-harom-kivansagot-terjesztunk-isten-es-a-szentek-ele\/#primaryimage"},"thumbnailUrl":"https:\/\/dorogimedence.hu\/wp-content\/uploads\/2023\/11\/img2.jpg","datePublished":"2023-11-02T11:56:16+00:00","breadcrumb":{"@id":"https:\/\/dorogimedence.hu\/index.php\/2023\/11\/02\/erdo-peter-harom-kivansagot-terjesztunk-isten-es-a-szentek-ele\/#breadcrumb"},"inLanguage":"hu","potentialAction":[{"@type":"ReadAction","target":["https:\/\/dorogimedence.hu\/index.php\/2023\/11\/02\/erdo-peter-harom-kivansagot-terjesztunk-isten-es-a-szentek-ele\/"]}]},{"@type":"ImageObject","inLanguage":"hu","@id":"https:\/\/dorogimedence.hu\/index.php\/2023\/11\/02\/erdo-peter-harom-kivansagot-terjesztunk-isten-es-a-szentek-ele\/#primaryimage","url":"https:\/\/dorogimedence.hu\/wp-content\/uploads\/2023\/11\/img2.jpg","contentUrl":"https:\/\/dorogimedence.hu\/wp-content\/uploads\/2023\/11\/img2.jpg","width":1600,"height":1061},{"@type":"BreadcrumbList","@id":"https:\/\/dorogimedence.hu\/index.php\/2023\/11\/02\/erdo-peter-harom-kivansagot-terjesztunk-isten-es-a-szentek-ele\/#breadcrumb","itemListElement":[{"@type":"ListItem","position":1,"name":"Kezd\u0151lap","item":"https:\/\/dorogimedence.hu\/"},{"@type":"ListItem","position":2,"name":"Erd\u0151 P\u00e9ter: H\u00e1rom k\u00edv\u00e1ns\u00e1got terjeszt\u00fcnk Isten \u00e9s a szentek el\u00e9"}]},{"@type":"WebSite","@id":"https:\/\/dorogimedence.hu\/#website","url":"https:\/\/dorogimedence.hu\/","name":"Dorogi-medence Region\u00e1lis H\u00edrport\u00e1l","description":"Dorog, Keszt\u00f6lc, Le\u00e1nyv\u00e1r, Piliscs\u00e9v, Tokod, Tokodalt\u00e1r\u00f3, Csolnok, Esztergom-kertv\u00e1ros: h\u00edrek, programok","publisher":{"@id":"https:\/\/dorogimedence.hu\/#organization"},"potentialAction":[{"@type":"SearchAction","target":{"@type":"EntryPoint","urlTemplate":"https:\/\/dorogimedence.hu\/?s={search_term_string}"},"query-input":{"@type":"PropertyValueSpecification","valueRequired":true,"valueName":"search_term_string"}}],"inLanguage":"hu"},{"@type":"Organization","@id":"https:\/\/dorogimedence.hu\/#organization","name":"Dorogi-medence Region\u00e1lis H\u00edrport\u00e1l","url":"https:\/\/dorogimedence.hu\/","logo":{"@type":"ImageObject","inLanguage":"hu","@id":"https:\/\/dorogimedence.hu\/#\/schema\/logo\/image\/","url":"https:\/\/dorogimedence.hu\/wp-content\/uploads\/2021\/04\/logo-feher-600.png","contentUrl":"https:\/\/dorogimedence.hu\/wp-content\/uploads\/2021\/04\/logo-feher-600.png","width":600,"height":100,"caption":"Dorogi-medence Region\u00e1lis H\u00edrport\u00e1l"},"image":{"@id":"https:\/\/dorogimedence.hu\/#\/schema\/logo\/image\/"},"sameAs":["https:\/\/www.facebook.com\/dorogimedence\/"]},{"@type":"Person","@id":"https:\/\/dorogimedence.hu\/#\/schema\/person\/ce6091eeb7e95ecdc87890d6aa8e0fd4","name":"dorogimedence.hu","image":{"@type":"ImageObject","inLanguage":"hu","@id":"\/\/www.gravatar.com\/avatar\/d8d45f8901aadff40a4af72c0b826f1d?s=96&#038;r=g&#038;d=mm","url":"\/\/www.gravatar.com\/avatar\/d8d45f8901aadff40a4af72c0b826f1d?s=96&#038;r=g&#038;d=mm","contentUrl":"\/\/www.gravatar.com\/avatar\/d8d45f8901aadff40a4af72c0b826f1d?s=96&#038;r=g&#038;d=mm","caption":"dorogimedence.hu"}}]}},"_links":{"self":[{"href":"https:\/\/dorogimedence.hu\/index.php\/wp-json\/wp\/v2\/posts\/57468","targetHints":{"allow":["GET"]}}],"collection":[{"href":"https:\/\/dorogimedence.hu\/index.php\/wp-json\/wp\/v2\/posts"}],"about":[{"href":"https:\/\/dorogimedence.hu\/index.php\/wp-json\/wp\/v2\/types\/post"}],"author":[{"embeddable":true,"href":"https:\/\/dorogimedence.hu\/index.php\/wp-json\/wp\/v2\/users\/1"}],"replies":[{"embeddable":true,"href":"https:\/\/dorogimedence.hu\/index.php\/wp-json\/wp\/v2\/comments?post=57468"}],"version-history":[{"count":0,"href":"https:\/\/dorogimedence.hu\/index.php\/wp-json\/wp\/v2\/posts\/57468\/revisions"}],"wp:attachment":[{"href":"https:\/\/dorogimedence.hu\/index.php\/wp-json\/wp\/v2\/media?parent=57468"}],"wp:term":[{"taxonomy":"category","embeddable":true,"href":"https:\/\/dorogimedence.hu\/index.php\/wp-json\/wp\/v2\/categories?post=57468"},{"taxonomy":"post_tag","embeddable":true,"href":"https:\/\/dorogimedence.hu\/index.php\/wp-json\/wp\/v2\/tags?post=57468"}],"curies":[{"name":"wp","href":"https:\/\/api.w.org\/{rel}","templated":true}]}}