{"id":57465,"date":"2023-11-02T10:00:43","date_gmt":"2023-11-02T09:00:43","guid":{"rendered":"https:\/\/dorogimedence.hu\/?p=57465"},"modified":"2023-11-02T10:00:43","modified_gmt":"2023-11-02T09:00:43","slug":"elhunyt-a-dorogi-es-esztergomi-sportklub-egykori-vizilabda-edzoje","status":"publish","type":"post","link":"https:\/\/dorogimedence.hu\/index.php\/2023\/11\/02\/elhunyt-a-dorogi-es-esztergomi-sportklub-egykori-vizilabda-edzoje\/","title":{"rendered":"Elhunyt a dorogi \u00e9s esztergomi sportklub egykori v\u00edzilabda edz\u0151je"},"content":{"rendered":"<p><b>Elhunyt Hauszler K\u00e1roly v\u00edzilabdakapus, aki az 1980-as moszkvai olimpi\u00e1n bronz\u00e9rmet szerzett a magyar v\u00e1logatott tagjak\u00e9nt.<\/b><\/p>\n<p>Hosszan tart\u00f3 s\u00falyos betegs\u00e9g ut\u00e1n, 71 \u00e9ves kor\u00e1ban okt\u00f3ber 28-\u00e1n elhunyt Hauszler K\u00e1roly \u2013 t\u00e1j\u00e9koztatta a csal\u00e1d a <span style=\"text-decoration: underline; color: #0000ff;\"><a style=\"color: #0000ff; text-decoration: underline;\" href=\"https:\/\/olimpia.hu\/hirek\/elhunyt-hauszler-karoly-vizilabdazo\" target=\"_blank\" rel=\"noopener\">Magyar Olimpiai Bizotts\u00e1got<\/a><\/span>.<\/p>\n<p>Hauszler K\u00e1roly 1952. m\u00e1rcius 19-\u00e9n sz\u00fcletett Budapesten. \u00d3budai gyermek\u00e9vek ut\u00e1n Reg\u0151s Istv\u00e1n testnevel\u0151 ir\u00e1ny\u00edtotta az uszod\u00e1ba, 1964-ben a K\u00f6zponti Sportiskola \u00fasz\u00f3ja, Sz\u00e9chy Tam\u00e1s tan\u00edtv\u00e1nya lett, majd egy \u00e9vvel k\u00e9s\u0151bb m\u00e1r p\u00f3l\u00f3zott Polonyi K\u00e1rolyn\u00e1l. 1970-t\u0151l a Honv\u00e9d, majd 1978 \u00e9s &#8217;88 k\u00f6z\u00f6tt a Tatab\u00e1nyai B\u00e1ny\u00e1sz j\u00e1t\u00e9kosa, kapus poszton. 1974 \u00e9s &#8217;81 k\u00f6z\u00f6tt a v\u00e1logatott tagja.<\/p>\n<p>1971-ben ifj\u00fas\u00e1gi Eur\u00f3pa-bajnok, 1979-ben vil\u00e1gkupagy\u0151ztes, legnagyobb eredm\u00e9nyek\u00e9nt az 1980-as olimpi\u00e1n Moszkv\u00e1ban bronz\u00e9rmes a v\u00e1logatottal.<\/p>\n<p>A Los Angeles-i olimpia \u00e9v\u00e9ben a TF tov\u00e1bbk\u00e9pz\u0151 k\u00f6zpontj\u00e1ban szerzett edz\u0151i oklevelet, majd a sz\u00f6uli olimpia \u00e9v\u00e9t\u0151l a tatab\u00e1nya edz\u0151je. 1995-ben Esztergomba k\u00f6lt\u00f6z\u00f6tt, ahol 2000-t\u0151l az Esztergomi V\u00edzilabda Sport Club, majd 2013-ban a dorogi \u00daj-Hull\u00e1m Sport Egyes\u00fclet v\u00edzilabdaedz\u0151je.<\/p>\n<p><em>Bor\u00edt\u00f3k\u00e9p: infoesztergom.hu<\/em><br \/>\n<em>Forr\u00e1s: Magyar Olimpiai Bizotts\u00e1g<\/em><\/p>\n","protected":false},"excerpt":{"rendered":"<p>Elhunyt Hauszler K\u00e1roly v\u00edzilabdakapus, aki az 1980-as moszkvai olimpi\u00e1n bronz\u00e9rmet szerzett a magyar v\u00e1logatott tagjak\u00e9nt. Hosszan tart\u00f3 s\u00falyos betegs\u00e9g ut\u00e1n, 71 \u00e9ves kor\u00e1ban okt\u00f3ber 28-\u00e1n elhunyt Hauszler K\u00e1roly \u2013 t\u00e1j\u00e9koztatta a csal\u00e1d a Magyar Olimpiai Bizotts\u00e1got. Hauszler K\u00e1roly 1952. m\u00e1rcius 19-\u00e9n sz\u00fcletett Budapesten. \u00d3budai gyermek\u00e9vek ut\u00e1n Reg\u0151s Istv\u00e1n testnevel\u0151 ir\u00e1ny\u00edtotta az uszod\u00e1ba, 1964-ben a K\u00f6zponti<\/p>\n","protected":false},"author":1,"featured_media":57466,"comment_status":"closed","ping_status":"closed","sticky":false,"template":"","format":"standard","meta":{"ngg_post_thumbnail":0,"footnotes":""},"categories":[2,38,3,5],"tags":[15,42,1691,16,202],"class_list":{"0":"post-57465","1":"post","2":"type-post","3":"status-publish","4":"format-standard","5":"has-post-thumbnail","7":"category-dorog","8":"category-esztergom","9":"category-hirek","10":"category-sport","11":"tag-dorog","12":"tag-esztergom","13":"tag-gyaszhir","14":"tag-sport","15":"tag-vizilabda"},"yoast_head":"<!-- This site is optimized with the Yoast SEO plugin v27.5 - https:\/\/yoast.com\/product\/yoast-seo-wordpress\/ -->\n<title>Elhunyt a dorogi \u00e9s esztergomi sportklub egykori v\u00edzilabda edz\u0151je<\/title>\n<meta name=\"robots\" content=\"index, follow, max-snippet:-1, max-image-preview:large, max-video-preview:-1\" \/>\n<link rel=\"canonical\" href=\"https:\/\/dorogimedence.hu\/index.php\/2023\/11\/02\/elhunyt-a-dorogi-es-esztergomi-sportklub-egykori-vizilabda-edzoje\/\" class=\"yoast-seo-meta-tag\" \/>\n<meta property=\"og:locale\" content=\"hu_HU\" class=\"yoast-seo-meta-tag\" \/>\n<meta property=\"og:type\" content=\"article\" class=\"yoast-seo-meta-tag\" \/>\n<meta property=\"og:title\" content=\"Elhunyt a dorogi \u00e9s esztergomi sportklub egykori v\u00edzilabda edz\u0151je\" class=\"yoast-seo-meta-tag\" \/>\n<meta property=\"og:description\" content=\"Elhunyt Hauszler K\u00e1roly v\u00edzilabdakapus, aki az 1980-as moszkvai olimpi\u00e1n bronz\u00e9rmet szerzett a magyar v\u00e1logatott tagjak\u00e9nt. Hosszan tart\u00f3 s\u00falyos betegs\u00e9g ut\u00e1n, 71 \u00e9ves kor\u00e1ban okt\u00f3ber 28-\u00e1n elhunyt Hauszler K\u00e1roly \u2013 t\u00e1j\u00e9koztatta a csal\u00e1d a Magyar Olimpiai Bizotts\u00e1got. Hauszler K\u00e1roly 1952. m\u00e1rcius 19-\u00e9n sz\u00fcletett Budapesten. \u00d3budai gyermek\u00e9vek ut\u00e1n Reg\u0151s Istv\u00e1n testnevel\u0151 ir\u00e1ny\u00edtotta az uszod\u00e1ba, 1964-ben a K\u00f6zponti\" class=\"yoast-seo-meta-tag\" \/>\n<meta property=\"og:url\" content=\"https:\/\/dorogimedence.hu\/index.php\/2023\/11\/02\/elhunyt-a-dorogi-es-esztergomi-sportklub-egykori-vizilabda-edzoje\/\" class=\"yoast-seo-meta-tag\" \/>\n<meta property=\"og:site_name\" content=\"Dorogi-medence Region\u00e1lis H\u00edrport\u00e1l\" class=\"yoast-seo-meta-tag\" \/>\n<meta property=\"article:publisher\" content=\"https:\/\/www.facebook.com\/dorogimedence\/\" class=\"yoast-seo-meta-tag\" \/>\n<meta property=\"article:published_time\" content=\"2023-11-02T09:00:43+00:00\" class=\"yoast-seo-meta-tag\" \/>\n<meta property=\"og:image\" content=\"https:\/\/dorogimedence.hu\/wp-content\/uploads\/2023\/11\/hauszler-karoly.jpg\" class=\"yoast-seo-meta-tag\" \/>\n\t<meta property=\"og:image:width\" content=\"1920\" class=\"yoast-seo-meta-tag\" \/>\n\t<meta property=\"og:image:height\" content=\"970\" class=\"yoast-seo-meta-tag\" \/>\n\t<meta property=\"og:image:type\" content=\"image\/jpeg\" class=\"yoast-seo-meta-tag\" \/>\n<meta name=\"author\" content=\"dorogimedence.hu\" class=\"yoast-seo-meta-tag\" \/>\n<meta name=\"twitter:card\" content=\"summary_large_image\" class=\"yoast-seo-meta-tag\" \/>\n<meta name=\"twitter:label1\" content=\"Szerz\u0151:\" class=\"yoast-seo-meta-tag\" \/>\n\t<meta name=\"twitter:data1\" content=\"dorogimedence.hu\" class=\"yoast-seo-meta-tag\" \/>\n\t<meta name=\"twitter:label2\" content=\"Becs\u00fclt olvas\u00e1si id\u0151\" class=\"yoast-seo-meta-tag\" \/>\n\t<meta name=\"twitter:data2\" content=\"1 perc\" class=\"yoast-seo-meta-tag\" \/>\n<script type=\"application\/ld+json\" class=\"yoast-schema-graph\">{\"@context\":\"https:\\\/\\\/schema.org\",\"@graph\":[{\"@type\":\"Article\",\"@id\":\"https:\\\/\\\/dorogimedence.hu\\\/index.php\\\/2023\\\/11\\\/02\\\/elhunyt-a-dorogi-es-esztergomi-sportklub-egykori-vizilabda-edzoje\\\/#article\",\"isPartOf\":{\"@id\":\"https:\\\/\\\/dorogimedence.hu\\\/index.php\\\/2023\\\/11\\\/02\\\/elhunyt-a-dorogi-es-esztergomi-sportklub-egykori-vizilabda-edzoje\\\/\"},\"author\":{\"name\":\"dorogimedence.hu\",\"@id\":\"https:\\\/\\\/dorogimedence.hu\\\/#\\\/schema\\\/person\\\/ce6091eeb7e95ecdc87890d6aa8e0fd4\"},\"headline\":\"Elhunyt a dorogi \u00e9s esztergomi sportklub egykori v\u00edzilabda edz\u0151je\",\"datePublished\":\"2023-11-02T09:00:43+00:00\",\"mainEntityOfPage\":{\"@id\":\"https:\\\/\\\/dorogimedence.hu\\\/index.php\\\/2023\\\/11\\\/02\\\/elhunyt-a-dorogi-es-esztergomi-sportklub-egykori-vizilabda-edzoje\\\/\"},\"wordCount\":242,\"publisher\":{\"@id\":\"https:\\\/\\\/dorogimedence.hu\\\/#organization\"},\"image\":{\"@id\":\"https:\\\/\\\/dorogimedence.hu\\\/index.php\\\/2023\\\/11\\\/02\\\/elhunyt-a-dorogi-es-esztergomi-sportklub-egykori-vizilabda-edzoje\\\/#primaryimage\"},\"thumbnailUrl\":\"https:\\\/\\\/dorogimedence.hu\\\/wp-content\\\/uploads\\\/2023\\\/11\\\/hauszler-karoly.jpg\",\"keywords\":[\"Dorog\",\"esztergom\",\"gy\u00e1szh\u00edr\",\"sport\",\"v\u00edzilabda\"],\"articleSection\":[\"Dorog\",\"Esztergom\",\"H\u00edrek\",\"Sport\"],\"inLanguage\":\"hu\"},{\"@type\":\"WebPage\",\"@id\":\"https:\\\/\\\/dorogimedence.hu\\\/index.php\\\/2023\\\/11\\\/02\\\/elhunyt-a-dorogi-es-esztergomi-sportklub-egykori-vizilabda-edzoje\\\/\",\"url\":\"https:\\\/\\\/dorogimedence.hu\\\/index.php\\\/2023\\\/11\\\/02\\\/elhunyt-a-dorogi-es-esztergomi-sportklub-egykori-vizilabda-edzoje\\\/\",\"name\":\"Elhunyt a dorogi \u00e9s esztergomi sportklub egykori v\u00edzilabda edz\u0151je\",\"isPartOf\":{\"@id\":\"https:\\\/\\\/dorogimedence.hu\\\/#website\"},\"primaryImageOfPage\":{\"@id\":\"https:\\\/\\\/dorogimedence.hu\\\/index.php\\\/2023\\\/11\\\/02\\\/elhunyt-a-dorogi-es-esztergomi-sportklub-egykori-vizilabda-edzoje\\\/#primaryimage\"},\"image\":{\"@id\":\"https:\\\/\\\/dorogimedence.hu\\\/index.php\\\/2023\\\/11\\\/02\\\/elhunyt-a-dorogi-es-esztergomi-sportklub-egykori-vizilabda-edzoje\\\/#primaryimage\"},\"thumbnailUrl\":\"https:\\\/\\\/dorogimedence.hu\\\/wp-content\\\/uploads\\\/2023\\\/11\\\/hauszler-karoly.jpg\",\"datePublished\":\"2023-11-02T09:00:43+00:00\",\"breadcrumb\":{\"@id\":\"https:\\\/\\\/dorogimedence.hu\\\/index.php\\\/2023\\\/11\\\/02\\\/elhunyt-a-dorogi-es-esztergomi-sportklub-egykori-vizilabda-edzoje\\\/#breadcrumb\"},\"inLanguage\":\"hu\",\"potentialAction\":[{\"@type\":\"ReadAction\",\"target\":[\"https:\\\/\\\/dorogimedence.hu\\\/index.php\\\/2023\\\/11\\\/02\\\/elhunyt-a-dorogi-es-esztergomi-sportklub-egykori-vizilabda-edzoje\\\/\"]}]},{\"@type\":\"ImageObject\",\"inLanguage\":\"hu\",\"@id\":\"https:\\\/\\\/dorogimedence.hu\\\/index.php\\\/2023\\\/11\\\/02\\\/elhunyt-a-dorogi-es-esztergomi-sportklub-egykori-vizilabda-edzoje\\\/#primaryimage\",\"url\":\"https:\\\/\\\/dorogimedence.hu\\\/wp-content\\\/uploads\\\/2023\\\/11\\\/hauszler-karoly.jpg\",\"contentUrl\":\"https:\\\/\\\/dorogimedence.hu\\\/wp-content\\\/uploads\\\/2023\\\/11\\\/hauszler-karoly.jpg\",\"width\":1920,\"height\":970},{\"@type\":\"BreadcrumbList\",\"@id\":\"https:\\\/\\\/dorogimedence.hu\\\/index.php\\\/2023\\\/11\\\/02\\\/elhunyt-a-dorogi-es-esztergomi-sportklub-egykori-vizilabda-edzoje\\\/#breadcrumb\",\"itemListElement\":[{\"@type\":\"ListItem\",\"position\":1,\"name\":\"Kezd\u0151lap\",\"item\":\"https:\\\/\\\/dorogimedence.hu\\\/\"},{\"@type\":\"ListItem\",\"position\":2,\"name\":\"Elhunyt a dorogi \u00e9s esztergomi sportklub egykori v\u00edzilabda edz\u0151je\"}]},{\"@type\":\"WebSite\",\"@id\":\"https:\\\/\\\/dorogimedence.hu\\\/#website\",\"url\":\"https:\\\/\\\/dorogimedence.hu\\\/\",\"name\":\"Dorogi-medence Region\u00e1lis H\u00edrport\u00e1l\",\"description\":\"Dorog, Keszt\u00f6lc, Le\u00e1nyv\u00e1r, Piliscs\u00e9v, Tokod, Tokodalt\u00e1r\u00f3, Csolnok, Esztergom-kertv\u00e1ros: h\u00edrek, programok\",\"publisher\":{\"@id\":\"https:\\\/\\\/dorogimedence.hu\\\/#organization\"},\"potentialAction\":[{\"@type\":\"SearchAction\",\"target\":{\"@type\":\"EntryPoint\",\"urlTemplate\":\"https:\\\/\\\/dorogimedence.hu\\\/?s={search_term_string}\"},\"query-input\":{\"@type\":\"PropertyValueSpecification\",\"valueRequired\":true,\"valueName\":\"search_term_string\"}}],\"inLanguage\":\"hu\"},{\"@type\":\"Organization\",\"@id\":\"https:\\\/\\\/dorogimedence.hu\\\/#organization\",\"name\":\"Dorogi-medence Region\u00e1lis H\u00edrport\u00e1l\",\"url\":\"https:\\\/\\\/dorogimedence.hu\\\/\",\"logo\":{\"@type\":\"ImageObject\",\"inLanguage\":\"hu\",\"@id\":\"https:\\\/\\\/dorogimedence.hu\\\/#\\\/schema\\\/logo\\\/image\\\/\",\"url\":\"https:\\\/\\\/dorogimedence.hu\\\/wp-content\\\/uploads\\\/2021\\\/04\\\/logo-feher-600.png\",\"contentUrl\":\"https:\\\/\\\/dorogimedence.hu\\\/wp-content\\\/uploads\\\/2021\\\/04\\\/logo-feher-600.png\",\"width\":600,\"height\":100,\"caption\":\"Dorogi-medence Region\u00e1lis H\u00edrport\u00e1l\"},\"image\":{\"@id\":\"https:\\\/\\\/dorogimedence.hu\\\/#\\\/schema\\\/logo\\\/image\\\/\"},\"sameAs\":[\"https:\\\/\\\/www.facebook.com\\\/dorogimedence\\\/\"]},{\"@type\":\"Person\",\"@id\":\"https:\\\/\\\/dorogimedence.hu\\\/#\\\/schema\\\/person\\\/ce6091eeb7e95ecdc87890d6aa8e0fd4\",\"name\":\"dorogimedence.hu\",\"image\":{\"@type\":\"ImageObject\",\"inLanguage\":\"hu\",\"@id\":\"\\\/\\\/www.gravatar.com\\\/avatar\\\/d8d45f8901aadff40a4af72c0b826f1d?s=96&#038;r=g&#038;d=mm\",\"url\":\"\\\/\\\/www.gravatar.com\\\/avatar\\\/d8d45f8901aadff40a4af72c0b826f1d?s=96&#038;r=g&#038;d=mm\",\"contentUrl\":\"\\\/\\\/www.gravatar.com\\\/avatar\\\/d8d45f8901aadff40a4af72c0b826f1d?s=96&#038;r=g&#038;d=mm\",\"caption\":\"dorogimedence.hu\"}}]}<\/script>\n<!-- \/ Yoast SEO plugin. -->","yoast_head_json":{"title":"Elhunyt a dorogi \u00e9s esztergomi sportklub egykori v\u00edzilabda edz\u0151je","robots":{"index":"index","follow":"follow","max-snippet":"max-snippet:-1","max-image-preview":"max-image-preview:large","max-video-preview":"max-video-preview:-1"},"canonical":"https:\/\/dorogimedence.hu\/index.php\/2023\/11\/02\/elhunyt-a-dorogi-es-esztergomi-sportklub-egykori-vizilabda-edzoje\/","og_locale":"hu_HU","og_type":"article","og_title":"Elhunyt a dorogi \u00e9s esztergomi sportklub egykori v\u00edzilabda edz\u0151je","og_description":"Elhunyt Hauszler K\u00e1roly v\u00edzilabdakapus, aki az 1980-as moszkvai olimpi\u00e1n bronz\u00e9rmet szerzett a magyar v\u00e1logatott tagjak\u00e9nt. Hosszan tart\u00f3 s\u00falyos betegs\u00e9g ut\u00e1n, 71 \u00e9ves kor\u00e1ban okt\u00f3ber 28-\u00e1n elhunyt Hauszler K\u00e1roly \u2013 t\u00e1j\u00e9koztatta a csal\u00e1d a Magyar Olimpiai Bizotts\u00e1got. Hauszler K\u00e1roly 1952. m\u00e1rcius 19-\u00e9n sz\u00fcletett Budapesten. \u00d3budai gyermek\u00e9vek ut\u00e1n Reg\u0151s Istv\u00e1n testnevel\u0151 ir\u00e1ny\u00edtotta az uszod\u00e1ba, 1964-ben a K\u00f6zponti","og_url":"https:\/\/dorogimedence.hu\/index.php\/2023\/11\/02\/elhunyt-a-dorogi-es-esztergomi-sportklub-egykori-vizilabda-edzoje\/","og_site_name":"Dorogi-medence Region\u00e1lis H\u00edrport\u00e1l","article_publisher":"https:\/\/www.facebook.com\/dorogimedence\/","article_published_time":"2023-11-02T09:00:43+00:00","og_image":[{"width":1920,"height":970,"url":"https:\/\/dorogimedence.hu\/wp-content\/uploads\/2023\/11\/hauszler-karoly.jpg","type":"image\/jpeg"}],"author":"dorogimedence.hu","twitter_card":"summary_large_image","twitter_misc":{"Szerz\u0151:":"dorogimedence.hu","Becs\u00fclt olvas\u00e1si id\u0151":"1 perc"},"schema":{"@context":"https:\/\/schema.org","@graph":[{"@type":"Article","@id":"https:\/\/dorogimedence.hu\/index.php\/2023\/11\/02\/elhunyt-a-dorogi-es-esztergomi-sportklub-egykori-vizilabda-edzoje\/#article","isPartOf":{"@id":"https:\/\/dorogimedence.hu\/index.php\/2023\/11\/02\/elhunyt-a-dorogi-es-esztergomi-sportklub-egykori-vizilabda-edzoje\/"},"author":{"name":"dorogimedence.hu","@id":"https:\/\/dorogimedence.hu\/#\/schema\/person\/ce6091eeb7e95ecdc87890d6aa8e0fd4"},"headline":"Elhunyt a dorogi \u00e9s esztergomi sportklub egykori v\u00edzilabda edz\u0151je","datePublished":"2023-11-02T09:00:43+00:00","mainEntityOfPage":{"@id":"https:\/\/dorogimedence.hu\/index.php\/2023\/11\/02\/elhunyt-a-dorogi-es-esztergomi-sportklub-egykori-vizilabda-edzoje\/"},"wordCount":242,"publisher":{"@id":"https:\/\/dorogimedence.hu\/#organization"},"image":{"@id":"https:\/\/dorogimedence.hu\/index.php\/2023\/11\/02\/elhunyt-a-dorogi-es-esztergomi-sportklub-egykori-vizilabda-edzoje\/#primaryimage"},"thumbnailUrl":"https:\/\/dorogimedence.hu\/wp-content\/uploads\/2023\/11\/hauszler-karoly.jpg","keywords":["Dorog","esztergom","gy\u00e1szh\u00edr","sport","v\u00edzilabda"],"articleSection":["Dorog","Esztergom","H\u00edrek","Sport"],"inLanguage":"hu"},{"@type":"WebPage","@id":"https:\/\/dorogimedence.hu\/index.php\/2023\/11\/02\/elhunyt-a-dorogi-es-esztergomi-sportklub-egykori-vizilabda-edzoje\/","url":"https:\/\/dorogimedence.hu\/index.php\/2023\/11\/02\/elhunyt-a-dorogi-es-esztergomi-sportklub-egykori-vizilabda-edzoje\/","name":"Elhunyt a dorogi \u00e9s esztergomi sportklub egykori v\u00edzilabda edz\u0151je","isPartOf":{"@id":"https:\/\/dorogimedence.hu\/#website"},"primaryImageOfPage":{"@id":"https:\/\/dorogimedence.hu\/index.php\/2023\/11\/02\/elhunyt-a-dorogi-es-esztergomi-sportklub-egykori-vizilabda-edzoje\/#primaryimage"},"image":{"@id":"https:\/\/dorogimedence.hu\/index.php\/2023\/11\/02\/elhunyt-a-dorogi-es-esztergomi-sportklub-egykori-vizilabda-edzoje\/#primaryimage"},"thumbnailUrl":"https:\/\/dorogimedence.hu\/wp-content\/uploads\/2023\/11\/hauszler-karoly.jpg","datePublished":"2023-11-02T09:00:43+00:00","breadcrumb":{"@id":"https:\/\/dorogimedence.hu\/index.php\/2023\/11\/02\/elhunyt-a-dorogi-es-esztergomi-sportklub-egykori-vizilabda-edzoje\/#breadcrumb"},"inLanguage":"hu","potentialAction":[{"@type":"ReadAction","target":["https:\/\/dorogimedence.hu\/index.php\/2023\/11\/02\/elhunyt-a-dorogi-es-esztergomi-sportklub-egykori-vizilabda-edzoje\/"]}]},{"@type":"ImageObject","inLanguage":"hu","@id":"https:\/\/dorogimedence.hu\/index.php\/2023\/11\/02\/elhunyt-a-dorogi-es-esztergomi-sportklub-egykori-vizilabda-edzoje\/#primaryimage","url":"https:\/\/dorogimedence.hu\/wp-content\/uploads\/2023\/11\/hauszler-karoly.jpg","contentUrl":"https:\/\/dorogimedence.hu\/wp-content\/uploads\/2023\/11\/hauszler-karoly.jpg","width":1920,"height":970},{"@type":"BreadcrumbList","@id":"https:\/\/dorogimedence.hu\/index.php\/2023\/11\/02\/elhunyt-a-dorogi-es-esztergomi-sportklub-egykori-vizilabda-edzoje\/#breadcrumb","itemListElement":[{"@type":"ListItem","position":1,"name":"Kezd\u0151lap","item":"https:\/\/dorogimedence.hu\/"},{"@type":"ListItem","position":2,"name":"Elhunyt a dorogi \u00e9s esztergomi sportklub egykori v\u00edzilabda edz\u0151je"}]},{"@type":"WebSite","@id":"https:\/\/dorogimedence.hu\/#website","url":"https:\/\/dorogimedence.hu\/","name":"Dorogi-medence Region\u00e1lis H\u00edrport\u00e1l","description":"Dorog, Keszt\u00f6lc, Le\u00e1nyv\u00e1r, Piliscs\u00e9v, Tokod, Tokodalt\u00e1r\u00f3, Csolnok, Esztergom-kertv\u00e1ros: h\u00edrek, programok","publisher":{"@id":"https:\/\/dorogimedence.hu\/#organization"},"potentialAction":[{"@type":"SearchAction","target":{"@type":"EntryPoint","urlTemplate":"https:\/\/dorogimedence.hu\/?s={search_term_string}"},"query-input":{"@type":"PropertyValueSpecification","valueRequired":true,"valueName":"search_term_string"}}],"inLanguage":"hu"},{"@type":"Organization","@id":"https:\/\/dorogimedence.hu\/#organization","name":"Dorogi-medence Region\u00e1lis H\u00edrport\u00e1l","url":"https:\/\/dorogimedence.hu\/","logo":{"@type":"ImageObject","inLanguage":"hu","@id":"https:\/\/dorogimedence.hu\/#\/schema\/logo\/image\/","url":"https:\/\/dorogimedence.hu\/wp-content\/uploads\/2021\/04\/logo-feher-600.png","contentUrl":"https:\/\/dorogimedence.hu\/wp-content\/uploads\/2021\/04\/logo-feher-600.png","width":600,"height":100,"caption":"Dorogi-medence Region\u00e1lis H\u00edrport\u00e1l"},"image":{"@id":"https:\/\/dorogimedence.hu\/#\/schema\/logo\/image\/"},"sameAs":["https:\/\/www.facebook.com\/dorogimedence\/"]},{"@type":"Person","@id":"https:\/\/dorogimedence.hu\/#\/schema\/person\/ce6091eeb7e95ecdc87890d6aa8e0fd4","name":"dorogimedence.hu","image":{"@type":"ImageObject","inLanguage":"hu","@id":"\/\/www.gravatar.com\/avatar\/d8d45f8901aadff40a4af72c0b826f1d?s=96&#038;r=g&#038;d=mm","url":"\/\/www.gravatar.com\/avatar\/d8d45f8901aadff40a4af72c0b826f1d?s=96&#038;r=g&#038;d=mm","contentUrl":"\/\/www.gravatar.com\/avatar\/d8d45f8901aadff40a4af72c0b826f1d?s=96&#038;r=g&#038;d=mm","caption":"dorogimedence.hu"}}]}},"_links":{"self":[{"href":"https:\/\/dorogimedence.hu\/index.php\/wp-json\/wp\/v2\/posts\/57465","targetHints":{"allow":["GET"]}}],"collection":[{"href":"https:\/\/dorogimedence.hu\/index.php\/wp-json\/wp\/v2\/posts"}],"about":[{"href":"https:\/\/dorogimedence.hu\/index.php\/wp-json\/wp\/v2\/types\/post"}],"author":[{"embeddable":true,"href":"https:\/\/dorogimedence.hu\/index.php\/wp-json\/wp\/v2\/users\/1"}],"replies":[{"embeddable":true,"href":"https:\/\/dorogimedence.hu\/index.php\/wp-json\/wp\/v2\/comments?post=57465"}],"version-history":[{"count":0,"href":"https:\/\/dorogimedence.hu\/index.php\/wp-json\/wp\/v2\/posts\/57465\/revisions"}],"wp:featuredmedia":[{"embeddable":true,"href":"https:\/\/dorogimedence.hu\/index.php\/wp-json\/wp\/v2\/media\/57466"}],"wp:attachment":[{"href":"https:\/\/dorogimedence.hu\/index.php\/wp-json\/wp\/v2\/media?parent=57465"}],"wp:term":[{"taxonomy":"category","embeddable":true,"href":"https:\/\/dorogimedence.hu\/index.php\/wp-json\/wp\/v2\/categories?post=57465"},{"taxonomy":"post_tag","embeddable":true,"href":"https:\/\/dorogimedence.hu\/index.php\/wp-json\/wp\/v2\/tags?post=57465"}],"curies":[{"name":"wp","href":"https:\/\/api.w.org\/{rel}","templated":true}]}}