{"id":57406,"date":"2023-10-30T15:10:15","date_gmt":"2023-10-30T14:10:15","guid":{"rendered":"https:\/\/dorogimedence.hu\/?p=57406"},"modified":"2023-10-30T15:10:15","modified_gmt":"2023-10-30T14:10:15","slug":"mindenszentek-unnepen-valtozik-a-kozlekedesi-rend-a-mav-volan-csoportnal","status":"publish","type":"post","link":"https:\/\/dorogimedence.hu\/index.php\/2023\/10\/30\/mindenszentek-unnepen-valtozik-a-kozlekedesi-rend-a-mav-volan-csoportnal\/","title":{"rendered":"Mindenszentek \u00fcnnep\u00e9n v\u00e1ltozik a k\u00f6zleked\u00e9si rend a M\u00c1V-VOL\u00c1N-csoportn\u00e1l"},"content":{"rendered":"<div class=\"field-lead\">\n<p><strong>A november 1-jei Mindenszentek \u00fcnnep\u00e9hez k\u00f6zeledve a M\u00c1V-START \u00e9s a Vol\u00e1nbusz arra k\u00e9ri utasait, hogy id\u0151ben tervezz\u00e9k meg utaz\u00e1sukat, \u00e9s indul\u00e1s el\u0151tt t\u00e1j\u00e9koz\u00f3djanak a menetrendv\u00e1ltoz\u00e1sr\u00f3l. \u00c9rdemes a menetjegyek megv\u00e1s\u00e1rl\u00e1s\u00e1r\u00f3l is id\u0151ben gondoskodni, biztos\u00edtva a helyet az utaz\u00e1sra. A p\u00e9nzt\u00e1rak el\u0151tti sorban \u00e1ll\u00e1s elker\u00fcl\u00e9se \u00e9rdek\u00e9ben a menetjegy el\u0151v\u00e9telben, online \u00e9s mobilon is k\u00e9nyelmesen megv\u00e1lthat\u00f3. &nbsp;A M\u00c1V-VOL\u00c1N-csoporthoz tartoz\u00f3 k\u00f6zleked\u00e9si t\u00e1rsas\u00e1gok \u2013 M\u00c1V-START, Vol\u00e1nbusz, M\u00c1V-H\u00c9V \u2013 a mindenszentek \u00fcnnep\u00e9hez igaz\u00edtott\u00e1k a j\u00e1ratok k\u00f6zleked\u00e9si rendj\u00e9t. &nbsp; <\/strong><\/p>\n<\/div>\n<div class=\"field-body\">\n<h3>A <strong>M\u00c1V-START<\/strong> vonatai november elsej\u00e9n az \u00fcnnepnapi menetrend szerint k\u00f6zlekednek.<\/h3>\n<p>A gyermekek, csal\u00e1dosok, tanul\u00f3k, di\u00e1k- \u00e9s feln\u0151tt csoportok, nyugd\u00edjasok is \u00e9lhetnek a szok\u00e1sos kedvezm\u00e9nyrendszerrel. A m\u00e1r nem tanul\u00f3 26 \u00e9ven aluliak a 33 sz\u00e1zal\u00e9kos h\u00e9tv\u00e9gi kedvezm\u00e9nyt okt\u00f3ber 31-\u00e9n 10 \u00f3r\u00e1t\u00f3l november 1-j\u00e9n \u00e9jf\u00e9lig vehetik ig\u00e9nybe.<\/p>\n<h3><strong>Vol\u00e1nbusz<\/strong><\/h3>\n<p>A Vol\u00e1nbusz j\u00e1ratai okt\u00f3ber 29-\u00e9n a h\u00e9t els\u0151 tan\u00edt\u00e1si sz\u00fcnetes munkanapj\u00e1t megel\u0151z\u0151 munkasz\u00fcneti napon, okt\u00f3ber 30-\u00e1n, az \u0151szi sz\u00fcnet els\u0151 napj\u00e1n a h\u00e9t els\u0151 tan\u00edt\u00e1si sz\u00fcnetes munkanapj\u00e1n, majd okt\u00f3ber 31-\u00e9n tan\u00edt\u00e1si sz\u00fcnetes munkanapon \u00e9rv\u00e9nyes menetrend szerint k\u00f6zlekednek. Mindenszentek napj\u00e1n, november 1-j\u00e9n munkasz\u00fcneti napra, november 2-\u00e1n tan\u00edt\u00e1si sz\u00fcnetes munkanapra, november 3-\u00e1n a h\u00e9t utols\u00f3 tan\u00edt\u00e1si sz\u00fcnetes munkanapj\u00e1ra vonatkoz\u00f3 menetrend lesz \u00e9rv\u00e9nyben. November 4-\u00e9n m\u00e1r a megszokott k\u00f6zleked\u00e9si rend, szabadnapi menetrend szerint indulnak az aut\u00f3buszok.<\/p>\n<p>Egyes telep\u00fcl\u00e9seken mindenszentek \u00fcnnepe \u00e9s a halottak napi megeml\u00e9kez\u00e9s id\u0151szak\u00e1ban pluszj\u00e1ratok k\u00f6zlekednek a temet\u0151k jobb el\u00e9r\u00e9se \u00e9rdek\u00e9ben. A r\u00e9szletek a t\u00e1rsas\u00e1g <a tabindex=\"0\" href=\"https:\/\/www.volanbusz.hu\/hu\/hirek\/hir\/41667\" target=\"_blank\" rel=\"noopener\"><span style=\"text-decoration: underline; color: #0000ff;\">honlapj\u00e1n<\/span><\/a> \u00e9rhet\u0151k el. A helyi j\u00e1ratok menetrendj\u00e9r\u0151l a&nbsp;<a tabindex=\"0\" href=\"https:\/\/www.volanbusz.hu\/hu\/menetrendek\/helyi-jaratok\" target=\"_blank\" rel=\"noopener\"><span style=\"text-decoration: underline; color: #0000ff;\">telep\u00fcl\u00e9sek<\/span><\/a>&nbsp;aloldalain&nbsp;is el\u00e9rhet\u0151k az inform\u00e1ci\u00f3k (volanbusz.hu\/<em>telepulesnev<\/em>).<\/p>\n<p>Az \u0151szi tan\u00edt\u00e1si sz\u00fcnettel \u00e9s az \u00fcnnepi menetrenddel kapcsolatos tov\u00e1bbi t\u00e1j\u00e9koztat\u00e1s a Vol\u00e1nbusz <a tabindex=\"0\" href=\"https:\/\/www.volanbusz.hu\/hu\/hirek\/hir\/39526\" target=\"_blank\" rel=\"noopener\"><span style=\"text-decoration: underline; color: #0000ff;\">honlapj\u00e1n<\/span><\/a> tal\u00e1lhat\u00f3.<\/p>\n<p>Mivel az \u00fcnnepnapon az \u00e1tlagosn\u00e1l nagyobb forgalom v\u00e1rhat\u00f3, ez\u00e9rt a Vol\u00e1nbusz arra k\u00e9ri utasait, hogy id\u0151ben tervezz\u00e9k meg utaz\u00e1sukat. Indul\u00e1s el\u0151tt t\u00e1j\u00e9koz\u00f3djanak&nbsp;a t\u00e1rsas\u00e1g honlapj\u00e1n \u00e9s a www.menetrendek.hu oldalon, valamint \u00e9rdemes a menetjegyek megv\u00e1s\u00e1rl\u00e1s\u00e1r\u00f3l is id\u0151ben gondoskodni, biztos\u00edtva ezzel a helyet az utaz\u00e1sra. A p\u00e9nzt\u00e1rak el\u0151tti sorban \u00e1ll\u00e1s elker\u00fcl\u00e9se \u00e9rdek\u00e9ben a menetjegy el\u0151v\u00e9telben, online \u00e9s mobilon is k\u00e9nyelmesen megv\u00e1lthat\u00f3.<\/p>\n<h3><strong>Jegyv\u00e1s\u00e1rl\u00e1s<\/strong><\/h3>\n<p>\u00c9rdemes el\u0151v\u00e9telben megv\u00e1s\u00e1rolni a menet- \u00e9s helyjegyeket a sorban \u00e1ll\u00e1sok elker\u00fcl\u00e9se \u00e9rdek\u00e9ben. Vas\u00fati jegyv\u00e1lt\u00e1skor haszn\u00e1lj\u00e1k az online jegyv\u00e1s\u00e1rl\u00e1st az Elvir\u00e1t vagy a M\u00c1V applik\u00e1ci\u00f3t. Az Elvir\u00e1n m\u00e1r figyelhet\u0151 az adott vonat \u00fcl\u0151hely-foglalts\u00e1ga a helyjegy elad\u00e1sok alapj\u00e1n, \u00edgy az utasok v\u00e1laszthatnak elegend\u0151 kapacit\u00e1ssal k\u00f6zleked\u0151 (InterCity, railjet xpress) vonatokat.<\/p>\n<p>A M\u00c1V-VOL\u00c1N-csoport \u00f6sszehangolt, egys\u00e9ges m\u0171k\u00f6d\u00e9s\u00e9nek k\u00f6sz\u00f6nhet\u0151en egyre t\u00f6bb lehet\u0151s\u00e9g \u00e1ll rendelkez\u00e9sre a jegyek \u00e9s b\u00e9rletek sorban \u00e1ll\u00e1s n\u00e9lk\u00fcli, elektronikus \u00faton t\u00f6rt\u00e9n\u0151 megv\u00e1lt\u00e1s\u00e1ra. Az aut\u00f3buszjegyek \u00e9s b\u00e9rletek tov\u00e1bbra is megv\u00e1s\u00e1rolhat\u00f3k a Vol\u00e1nbusz&nbsp;p\u00e9nzt\u00e1raiban, jegykiad\u00f3 automat\u00e1iban,&nbsp;partnereinkn\u00e9l, valamint a&nbsp;K\u00f6zleked\u00e9si Mobiljegy alkalmaz\u00e1sban&nbsp;\u00e9s t\u00e1rsalkalmaz\u00e1saiban, egyes telep\u00fcl\u00e9sek helyi d\u00edjterm\u00e9kei pedig a&nbsp;M\u00c1V mobilalkalmaz\u00e1sban, automat\u00e1iban&nbsp;\u00e9s a vas\u00fat\u00e1llom\u00e1sok jegyp\u00e9nzt\u00e1raiban is el\u00e9rhet\u0151k. A M\u00c1V-START p\u00e9nzt\u00e1raiban, automat\u00e1iban \u00e9s applik\u00e1ci\u00f3j\u00e1b\u00f3l megv\u00e1lthat\u00f3k egyes t\u00e9rs\u00e9gek helyk\u00f6zi vonalaira a viszonylatot el\u0151re nyomtatottan tartalmaz\u00f3 b\u00e9rletek, valamint a helyk\u00f6zi \u00f6vezetes (viszonylat n\u00e9lk\u00fcli) aut\u00f3buszb\u00e9rletek \u00e9s a helyk\u00f6zi \u00f6vezetes jegyek is 120 kilom\u00e9terig, orsz\u00e1gszerte k\u00f6zel 300 helysz\u00ednen. A helyk\u00f6zi \u00f6vezetes, illetve a viszonylatot tartalmaz\u00f3 b\u00e9rleteket a GYSEV Zrt is \u00e9rt\u00e9kes\u00edti.<\/p>\n<p>A m\u00e1jus elsej\u00e9t\u0151l haszn\u00e1lhat\u00f3 orsz\u00e1g- \u00e9s v\u00e1rmegyeb\u00e9rletek k\u00edn\u00e1lat\u00e1val Magyarorsz\u00e1gon megval\u00f3sult a tarifak\u00f6z\u00f6ss\u00e9g: az utasok egyetlen jegyt\u00edpussal a M\u00c1V-VOL\u00c1N-csoport minden j\u00e1rm\u0171v\u00e9n, vonaton, helyk\u00f6zi aut\u00f3buszon \u00e9s a H\u00c9V-en, a GYSEV j\u00e1ratain, valamint Zalaegerszeg \u00e9s Esztergom helyi k\u00f6zleked\u00e9s\u00e9ben is korl\u00e1tlanul, kedvez\u0151 \u00e1ron utazhatnak az orsz\u00e1g, az adott v\u00e1rmegye \u00e9s a k\u00e9t telep\u00fcl\u00e9s teljes ter\u00fclet\u00e9n. Az \u00faj b\u00e9rlett\u00edpusok a M\u00c1V applik\u00e1ci\u00f3ban, a M\u00c1V-START \u00e9s a Vol\u00e1nbusz jegyp\u00e9nzt\u00e1raiban, a jegyautomat\u00e1kb\u00f3l, a Vol\u00e1nbusz helyk\u00f6zi j\u00e1ratainak fed\u00e9lzet\u00e9n \u00e9s \u2013 a Pest v\u00e1rmegyeb\u00e9rlet \u00e9s az orsz\u00e1gb\u00e9rlet \u2013 a BKK p\u00e9nzt\u00e1raiban \u00e9s automat\u00e1ib\u00f3l is megv\u00e1lthat\u00f3k.<\/p>\n<h3><strong>M\u00c1V-H\u00c9V<\/strong><\/h3>\n<p>A H\u00c9V-ek okt\u00f3ber 30-\u00e1n \u00e9s 31-\u00e9n, valamint november 2-\u00e1n \u00e9s 3-\u00e1n a tan\u00edt\u00e1si sz\u00fcnetben \u00e9rv\u00e9nyes menetrend szerint, november 1-j\u00e9n pedig a munkasz\u00fcneti napokon \u00e9rv\u00e9nyes menetrend szerint k\u00f6zlekednek. \u00c9rdemes figyelni a menetrendet vagy haszn\u00e1lja a BudapestGO utaz\u00e1stervez\u0151t.<\/p>\n<p><em>Forr\u00e1s: M\u00c1V Zrt, Kommunik\u00e1ci\u00f3s Igazgat\u00f3s\u00e1g<\/em><\/p>\n<\/div>\n","protected":false},"excerpt":{"rendered":"<p>A november 1-jei Mindenszentek \u00fcnnep\u00e9hez k\u00f6zeledve a M\u00c1V-START \u00e9s a Vol\u00e1nbusz arra k\u00e9ri utasait, hogy id\u0151ben tervezz\u00e9k meg utaz\u00e1sukat, \u00e9s indul\u00e1s el\u0151tt t\u00e1j\u00e9koz\u00f3djanak a menetrendv\u00e1ltoz\u00e1sr\u00f3l. \u00c9rdemes a menetjegyek megv\u00e1s\u00e1rl\u00e1s\u00e1r\u00f3l is id\u0151ben gondoskodni, biztos\u00edtva a helyet az utaz\u00e1sra. A p\u00e9nzt\u00e1rak el\u0151tti sorban \u00e1ll\u00e1s elker\u00fcl\u00e9se \u00e9rdek\u00e9ben a menetjegy el\u0151v\u00e9telben, online \u00e9s mobilon is k\u00e9nyelmesen megv\u00e1lthat\u00f3. &nbsp;A M\u00c1V-VOL\u00c1N-csoporthoz<\/p>\n","protected":false},"author":1,"featured_media":31017,"comment_status":"closed","ping_status":"closed","sticky":false,"template":"","format":"standard","meta":{"ngg_post_thumbnail":0,"footnotes":""},"categories":[6934,3],"tags":[458,1043,292,381,1015,291],"class_list":{"0":"post-57406","1":"post","2":"type-post","3":"status-publish","4":"format-standard","5":"has-post-thumbnail","7":"category-belfold","8":"category-hirek","9":"tag-autobusz","10":"tag-busz","11":"tag-mav","12":"tag-vasut","13":"tag-volanbusz","14":"tag-vonat"},"yoast_head":"<!-- This site is optimized with the Yoast SEO plugin v27.5 - https:\/\/yoast.com\/product\/yoast-seo-wordpress\/ -->\n<title>Mindenszentek \u00fcnnep\u00e9n v\u00e1ltozik a k\u00f6zleked\u00e9si rend a M\u00c1V-VOL\u00c1N-csoportn\u00e1l<\/title>\n<meta name=\"robots\" content=\"index, follow, max-snippet:-1, max-image-preview:large, max-video-preview:-1\" \/>\n<link rel=\"canonical\" href=\"https:\/\/dorogimedence.hu\/index.php\/2023\/10\/30\/mindenszentek-unnepen-valtozik-a-kozlekedesi-rend-a-mav-volan-csoportnal\/\" class=\"yoast-seo-meta-tag\" \/>\n<meta property=\"og:locale\" content=\"hu_HU\" class=\"yoast-seo-meta-tag\" \/>\n<meta property=\"og:type\" content=\"article\" class=\"yoast-seo-meta-tag\" \/>\n<meta property=\"og:title\" content=\"Mindenszentek \u00fcnnep\u00e9n v\u00e1ltozik a k\u00f6zleked\u00e9si rend a M\u00c1V-VOL\u00c1N-csoportn\u00e1l\" class=\"yoast-seo-meta-tag\" \/>\n<meta property=\"og:description\" content=\"A november 1-jei Mindenszentek \u00fcnnep\u00e9hez k\u00f6zeledve a M\u00c1V-START \u00e9s a Vol\u00e1nbusz arra k\u00e9ri utasait, hogy id\u0151ben tervezz\u00e9k meg utaz\u00e1sukat, \u00e9s indul\u00e1s el\u0151tt t\u00e1j\u00e9koz\u00f3djanak a menetrendv\u00e1ltoz\u00e1sr\u00f3l. \u00c9rdemes a menetjegyek megv\u00e1s\u00e1rl\u00e1s\u00e1r\u00f3l is id\u0151ben gondoskodni, biztos\u00edtva a helyet az utaz\u00e1sra. A p\u00e9nzt\u00e1rak el\u0151tti sorban \u00e1ll\u00e1s elker\u00fcl\u00e9se \u00e9rdek\u00e9ben a menetjegy el\u0151v\u00e9telben, online \u00e9s mobilon is k\u00e9nyelmesen megv\u00e1lthat\u00f3. &nbsp;A M\u00c1V-VOL\u00c1N-csoporthoz\" class=\"yoast-seo-meta-tag\" \/>\n<meta property=\"og:url\" content=\"https:\/\/dorogimedence.hu\/index.php\/2023\/10\/30\/mindenszentek-unnepen-valtozik-a-kozlekedesi-rend-a-mav-volan-csoportnal\/\" class=\"yoast-seo-meta-tag\" \/>\n<meta property=\"og:site_name\" content=\"Dorogi-medence Region\u00e1lis H\u00edrport\u00e1l\" class=\"yoast-seo-meta-tag\" \/>\n<meta property=\"article:publisher\" content=\"https:\/\/www.facebook.com\/dorogimedence\/\" class=\"yoast-seo-meta-tag\" \/>\n<meta property=\"article:published_time\" content=\"2023-10-30T14:10:15+00:00\" class=\"yoast-seo-meta-tag\" \/>\n<meta property=\"og:image\" content=\"https:\/\/dorogimedence.hu\/wp-content\/uploads\/2021\/03\/vonat-busz.png\" class=\"yoast-seo-meta-tag\" \/>\n\t<meta property=\"og:image:width\" content=\"830\" class=\"yoast-seo-meta-tag\" \/>\n\t<meta property=\"og:image:height\" content=\"450\" class=\"yoast-seo-meta-tag\" \/>\n\t<meta property=\"og:image:type\" content=\"image\/png\" class=\"yoast-seo-meta-tag\" \/>\n<meta name=\"author\" content=\"dorogimedence.hu\" class=\"yoast-seo-meta-tag\" \/>\n<meta name=\"twitter:card\" content=\"summary_large_image\" class=\"yoast-seo-meta-tag\" \/>\n<meta name=\"twitter:label1\" content=\"Szerz\u0151:\" class=\"yoast-seo-meta-tag\" \/>\n\t<meta name=\"twitter:data1\" content=\"dorogimedence.hu\" class=\"yoast-seo-meta-tag\" \/>\n\t<meta name=\"twitter:label2\" content=\"Becs\u00fclt olvas\u00e1si id\u0151\" class=\"yoast-seo-meta-tag\" \/>\n\t<meta name=\"twitter:data2\" content=\"5 perc\" class=\"yoast-seo-meta-tag\" \/>\n<script type=\"application\/ld+json\" class=\"yoast-schema-graph\">{\"@context\":\"https:\\\/\\\/schema.org\",\"@graph\":[{\"@type\":\"Article\",\"@id\":\"https:\\\/\\\/dorogimedence.hu\\\/index.php\\\/2023\\\/10\\\/30\\\/mindenszentek-unnepen-valtozik-a-kozlekedesi-rend-a-mav-volan-csoportnal\\\/#article\",\"isPartOf\":{\"@id\":\"https:\\\/\\\/dorogimedence.hu\\\/index.php\\\/2023\\\/10\\\/30\\\/mindenszentek-unnepen-valtozik-a-kozlekedesi-rend-a-mav-volan-csoportnal\\\/\"},\"author\":{\"name\":\"dorogimedence.hu\",\"@id\":\"https:\\\/\\\/dorogimedence.hu\\\/#\\\/schema\\\/person\\\/ce6091eeb7e95ecdc87890d6aa8e0fd4\"},\"headline\":\"Mindenszentek \u00fcnnep\u00e9n v\u00e1ltozik a k\u00f6zleked\u00e9si rend a M\u00c1V-VOL\u00c1N-csoportn\u00e1l\",\"datePublished\":\"2023-10-30T14:10:15+00:00\",\"mainEntityOfPage\":{\"@id\":\"https:\\\/\\\/dorogimedence.hu\\\/index.php\\\/2023\\\/10\\\/30\\\/mindenszentek-unnepen-valtozik-a-kozlekedesi-rend-a-mav-volan-csoportnal\\\/\"},\"wordCount\":998,\"publisher\":{\"@id\":\"https:\\\/\\\/dorogimedence.hu\\\/#organization\"},\"image\":{\"@id\":\"https:\\\/\\\/dorogimedence.hu\\\/index.php\\\/2023\\\/10\\\/30\\\/mindenszentek-unnepen-valtozik-a-kozlekedesi-rend-a-mav-volan-csoportnal\\\/#primaryimage\"},\"thumbnailUrl\":\"https:\\\/\\\/dorogimedence.hu\\\/wp-content\\\/uploads\\\/2021\\\/03\\\/vonat-busz.png\",\"keywords\":[\"aut\u00f3busz\",\"busz\",\"m\u00e1v\",\"vas\u00fat\",\"vol\u00e1nbusz\",\"vonat\"],\"articleSection\":[\"Belf\u00f6ld, Gazdas\u00e1g\",\"H\u00edrek\"],\"inLanguage\":\"hu\"},{\"@type\":\"WebPage\",\"@id\":\"https:\\\/\\\/dorogimedence.hu\\\/index.php\\\/2023\\\/10\\\/30\\\/mindenszentek-unnepen-valtozik-a-kozlekedesi-rend-a-mav-volan-csoportnal\\\/\",\"url\":\"https:\\\/\\\/dorogimedence.hu\\\/index.php\\\/2023\\\/10\\\/30\\\/mindenszentek-unnepen-valtozik-a-kozlekedesi-rend-a-mav-volan-csoportnal\\\/\",\"name\":\"Mindenszentek \u00fcnnep\u00e9n v\u00e1ltozik a k\u00f6zleked\u00e9si rend a M\u00c1V-VOL\u00c1N-csoportn\u00e1l\",\"isPartOf\":{\"@id\":\"https:\\\/\\\/dorogimedence.hu\\\/#website\"},\"primaryImageOfPage\":{\"@id\":\"https:\\\/\\\/dorogimedence.hu\\\/index.php\\\/2023\\\/10\\\/30\\\/mindenszentek-unnepen-valtozik-a-kozlekedesi-rend-a-mav-volan-csoportnal\\\/#primaryimage\"},\"image\":{\"@id\":\"https:\\\/\\\/dorogimedence.hu\\\/index.php\\\/2023\\\/10\\\/30\\\/mindenszentek-unnepen-valtozik-a-kozlekedesi-rend-a-mav-volan-csoportnal\\\/#primaryimage\"},\"thumbnailUrl\":\"https:\\\/\\\/dorogimedence.hu\\\/wp-content\\\/uploads\\\/2021\\\/03\\\/vonat-busz.png\",\"datePublished\":\"2023-10-30T14:10:15+00:00\",\"breadcrumb\":{\"@id\":\"https:\\\/\\\/dorogimedence.hu\\\/index.php\\\/2023\\\/10\\\/30\\\/mindenszentek-unnepen-valtozik-a-kozlekedesi-rend-a-mav-volan-csoportnal\\\/#breadcrumb\"},\"inLanguage\":\"hu\",\"potentialAction\":[{\"@type\":\"ReadAction\",\"target\":[\"https:\\\/\\\/dorogimedence.hu\\\/index.php\\\/2023\\\/10\\\/30\\\/mindenszentek-unnepen-valtozik-a-kozlekedesi-rend-a-mav-volan-csoportnal\\\/\"]}]},{\"@type\":\"ImageObject\",\"inLanguage\":\"hu\",\"@id\":\"https:\\\/\\\/dorogimedence.hu\\\/index.php\\\/2023\\\/10\\\/30\\\/mindenszentek-unnepen-valtozik-a-kozlekedesi-rend-a-mav-volan-csoportnal\\\/#primaryimage\",\"url\":\"https:\\\/\\\/dorogimedence.hu\\\/wp-content\\\/uploads\\\/2021\\\/03\\\/vonat-busz.png\",\"contentUrl\":\"https:\\\/\\\/dorogimedence.hu\\\/wp-content\\\/uploads\\\/2021\\\/03\\\/vonat-busz.png\",\"width\":830,\"height\":450},{\"@type\":\"BreadcrumbList\",\"@id\":\"https:\\\/\\\/dorogimedence.hu\\\/index.php\\\/2023\\\/10\\\/30\\\/mindenszentek-unnepen-valtozik-a-kozlekedesi-rend-a-mav-volan-csoportnal\\\/#breadcrumb\",\"itemListElement\":[{\"@type\":\"ListItem\",\"position\":1,\"name\":\"Kezd\u0151lap\",\"item\":\"https:\\\/\\\/dorogimedence.hu\\\/\"},{\"@type\":\"ListItem\",\"position\":2,\"name\":\"Mindenszentek \u00fcnnep\u00e9n v\u00e1ltozik a k\u00f6zleked\u00e9si rend a M\u00c1V-VOL\u00c1N-csoportn\u00e1l\"}]},{\"@type\":\"WebSite\",\"@id\":\"https:\\\/\\\/dorogimedence.hu\\\/#website\",\"url\":\"https:\\\/\\\/dorogimedence.hu\\\/\",\"name\":\"Dorogi-medence Region\u00e1lis H\u00edrport\u00e1l\",\"description\":\"Dorog, Keszt\u00f6lc, Le\u00e1nyv\u00e1r, Piliscs\u00e9v, Tokod, Tokodalt\u00e1r\u00f3, Csolnok, Esztergom-kertv\u00e1ros: h\u00edrek, programok\",\"publisher\":{\"@id\":\"https:\\\/\\\/dorogimedence.hu\\\/#organization\"},\"potentialAction\":[{\"@type\":\"SearchAction\",\"target\":{\"@type\":\"EntryPoint\",\"urlTemplate\":\"https:\\\/\\\/dorogimedence.hu\\\/?s={search_term_string}\"},\"query-input\":{\"@type\":\"PropertyValueSpecification\",\"valueRequired\":true,\"valueName\":\"search_term_string\"}}],\"inLanguage\":\"hu\"},{\"@type\":\"Organization\",\"@id\":\"https:\\\/\\\/dorogimedence.hu\\\/#organization\",\"name\":\"Dorogi-medence Region\u00e1lis H\u00edrport\u00e1l\",\"url\":\"https:\\\/\\\/dorogimedence.hu\\\/\",\"logo\":{\"@type\":\"ImageObject\",\"inLanguage\":\"hu\",\"@id\":\"https:\\\/\\\/dorogimedence.hu\\\/#\\\/schema\\\/logo\\\/image\\\/\",\"url\":\"https:\\\/\\\/dorogimedence.hu\\\/wp-content\\\/uploads\\\/2021\\\/04\\\/logo-feher-600.png\",\"contentUrl\":\"https:\\\/\\\/dorogimedence.hu\\\/wp-content\\\/uploads\\\/2021\\\/04\\\/logo-feher-600.png\",\"width\":600,\"height\":100,\"caption\":\"Dorogi-medence Region\u00e1lis H\u00edrport\u00e1l\"},\"image\":{\"@id\":\"https:\\\/\\\/dorogimedence.hu\\\/#\\\/schema\\\/logo\\\/image\\\/\"},\"sameAs\":[\"https:\\\/\\\/www.facebook.com\\\/dorogimedence\\\/\"]},{\"@type\":\"Person\",\"@id\":\"https:\\\/\\\/dorogimedence.hu\\\/#\\\/schema\\\/person\\\/ce6091eeb7e95ecdc87890d6aa8e0fd4\",\"name\":\"dorogimedence.hu\",\"image\":{\"@type\":\"ImageObject\",\"inLanguage\":\"hu\",\"@id\":\"\\\/\\\/www.gravatar.com\\\/avatar\\\/d8d45f8901aadff40a4af72c0b826f1d?s=96&#038;r=g&#038;d=mm\",\"url\":\"\\\/\\\/www.gravatar.com\\\/avatar\\\/d8d45f8901aadff40a4af72c0b826f1d?s=96&#038;r=g&#038;d=mm\",\"contentUrl\":\"\\\/\\\/www.gravatar.com\\\/avatar\\\/d8d45f8901aadff40a4af72c0b826f1d?s=96&#038;r=g&#038;d=mm\",\"caption\":\"dorogimedence.hu\"}}]}<\/script>\n<!-- \/ Yoast SEO plugin. -->","yoast_head_json":{"title":"Mindenszentek \u00fcnnep\u00e9n v\u00e1ltozik a k\u00f6zleked\u00e9si rend a M\u00c1V-VOL\u00c1N-csoportn\u00e1l","robots":{"index":"index","follow":"follow","max-snippet":"max-snippet:-1","max-image-preview":"max-image-preview:large","max-video-preview":"max-video-preview:-1"},"canonical":"https:\/\/dorogimedence.hu\/index.php\/2023\/10\/30\/mindenszentek-unnepen-valtozik-a-kozlekedesi-rend-a-mav-volan-csoportnal\/","og_locale":"hu_HU","og_type":"article","og_title":"Mindenszentek \u00fcnnep\u00e9n v\u00e1ltozik a k\u00f6zleked\u00e9si rend a M\u00c1V-VOL\u00c1N-csoportn\u00e1l","og_description":"A november 1-jei Mindenszentek \u00fcnnep\u00e9hez k\u00f6zeledve a M\u00c1V-START \u00e9s a Vol\u00e1nbusz arra k\u00e9ri utasait, hogy id\u0151ben tervezz\u00e9k meg utaz\u00e1sukat, \u00e9s indul\u00e1s el\u0151tt t\u00e1j\u00e9koz\u00f3djanak a menetrendv\u00e1ltoz\u00e1sr\u00f3l. \u00c9rdemes a menetjegyek megv\u00e1s\u00e1rl\u00e1s\u00e1r\u00f3l is id\u0151ben gondoskodni, biztos\u00edtva a helyet az utaz\u00e1sra. A p\u00e9nzt\u00e1rak el\u0151tti sorban \u00e1ll\u00e1s elker\u00fcl\u00e9se \u00e9rdek\u00e9ben a menetjegy el\u0151v\u00e9telben, online \u00e9s mobilon is k\u00e9nyelmesen megv\u00e1lthat\u00f3. &nbsp;A M\u00c1V-VOL\u00c1N-csoporthoz","og_url":"https:\/\/dorogimedence.hu\/index.php\/2023\/10\/30\/mindenszentek-unnepen-valtozik-a-kozlekedesi-rend-a-mav-volan-csoportnal\/","og_site_name":"Dorogi-medence Region\u00e1lis H\u00edrport\u00e1l","article_publisher":"https:\/\/www.facebook.com\/dorogimedence\/","article_published_time":"2023-10-30T14:10:15+00:00","og_image":[{"width":830,"height":450,"url":"https:\/\/dorogimedence.hu\/wp-content\/uploads\/2021\/03\/vonat-busz.png","type":"image\/png"}],"author":"dorogimedence.hu","twitter_card":"summary_large_image","twitter_misc":{"Szerz\u0151:":"dorogimedence.hu","Becs\u00fclt olvas\u00e1si id\u0151":"5 perc"},"schema":{"@context":"https:\/\/schema.org","@graph":[{"@type":"Article","@id":"https:\/\/dorogimedence.hu\/index.php\/2023\/10\/30\/mindenszentek-unnepen-valtozik-a-kozlekedesi-rend-a-mav-volan-csoportnal\/#article","isPartOf":{"@id":"https:\/\/dorogimedence.hu\/index.php\/2023\/10\/30\/mindenszentek-unnepen-valtozik-a-kozlekedesi-rend-a-mav-volan-csoportnal\/"},"author":{"name":"dorogimedence.hu","@id":"https:\/\/dorogimedence.hu\/#\/schema\/person\/ce6091eeb7e95ecdc87890d6aa8e0fd4"},"headline":"Mindenszentek \u00fcnnep\u00e9n v\u00e1ltozik a k\u00f6zleked\u00e9si rend a M\u00c1V-VOL\u00c1N-csoportn\u00e1l","datePublished":"2023-10-30T14:10:15+00:00","mainEntityOfPage":{"@id":"https:\/\/dorogimedence.hu\/index.php\/2023\/10\/30\/mindenszentek-unnepen-valtozik-a-kozlekedesi-rend-a-mav-volan-csoportnal\/"},"wordCount":998,"publisher":{"@id":"https:\/\/dorogimedence.hu\/#organization"},"image":{"@id":"https:\/\/dorogimedence.hu\/index.php\/2023\/10\/30\/mindenszentek-unnepen-valtozik-a-kozlekedesi-rend-a-mav-volan-csoportnal\/#primaryimage"},"thumbnailUrl":"https:\/\/dorogimedence.hu\/wp-content\/uploads\/2021\/03\/vonat-busz.png","keywords":["aut\u00f3busz","busz","m\u00e1v","vas\u00fat","vol\u00e1nbusz","vonat"],"articleSection":["Belf\u00f6ld, Gazdas\u00e1g","H\u00edrek"],"inLanguage":"hu"},{"@type":"WebPage","@id":"https:\/\/dorogimedence.hu\/index.php\/2023\/10\/30\/mindenszentek-unnepen-valtozik-a-kozlekedesi-rend-a-mav-volan-csoportnal\/","url":"https:\/\/dorogimedence.hu\/index.php\/2023\/10\/30\/mindenszentek-unnepen-valtozik-a-kozlekedesi-rend-a-mav-volan-csoportnal\/","name":"Mindenszentek \u00fcnnep\u00e9n v\u00e1ltozik a k\u00f6zleked\u00e9si rend a M\u00c1V-VOL\u00c1N-csoportn\u00e1l","isPartOf":{"@id":"https:\/\/dorogimedence.hu\/#website"},"primaryImageOfPage":{"@id":"https:\/\/dorogimedence.hu\/index.php\/2023\/10\/30\/mindenszentek-unnepen-valtozik-a-kozlekedesi-rend-a-mav-volan-csoportnal\/#primaryimage"},"image":{"@id":"https:\/\/dorogimedence.hu\/index.php\/2023\/10\/30\/mindenszentek-unnepen-valtozik-a-kozlekedesi-rend-a-mav-volan-csoportnal\/#primaryimage"},"thumbnailUrl":"https:\/\/dorogimedence.hu\/wp-content\/uploads\/2021\/03\/vonat-busz.png","datePublished":"2023-10-30T14:10:15+00:00","breadcrumb":{"@id":"https:\/\/dorogimedence.hu\/index.php\/2023\/10\/30\/mindenszentek-unnepen-valtozik-a-kozlekedesi-rend-a-mav-volan-csoportnal\/#breadcrumb"},"inLanguage":"hu","potentialAction":[{"@type":"ReadAction","target":["https:\/\/dorogimedence.hu\/index.php\/2023\/10\/30\/mindenszentek-unnepen-valtozik-a-kozlekedesi-rend-a-mav-volan-csoportnal\/"]}]},{"@type":"ImageObject","inLanguage":"hu","@id":"https:\/\/dorogimedence.hu\/index.php\/2023\/10\/30\/mindenszentek-unnepen-valtozik-a-kozlekedesi-rend-a-mav-volan-csoportnal\/#primaryimage","url":"https:\/\/dorogimedence.hu\/wp-content\/uploads\/2021\/03\/vonat-busz.png","contentUrl":"https:\/\/dorogimedence.hu\/wp-content\/uploads\/2021\/03\/vonat-busz.png","width":830,"height":450},{"@type":"BreadcrumbList","@id":"https:\/\/dorogimedence.hu\/index.php\/2023\/10\/30\/mindenszentek-unnepen-valtozik-a-kozlekedesi-rend-a-mav-volan-csoportnal\/#breadcrumb","itemListElement":[{"@type":"ListItem","position":1,"name":"Kezd\u0151lap","item":"https:\/\/dorogimedence.hu\/"},{"@type":"ListItem","position":2,"name":"Mindenszentek \u00fcnnep\u00e9n v\u00e1ltozik a k\u00f6zleked\u00e9si rend a M\u00c1V-VOL\u00c1N-csoportn\u00e1l"}]},{"@type":"WebSite","@id":"https:\/\/dorogimedence.hu\/#website","url":"https:\/\/dorogimedence.hu\/","name":"Dorogi-medence Region\u00e1lis H\u00edrport\u00e1l","description":"Dorog, Keszt\u00f6lc, Le\u00e1nyv\u00e1r, Piliscs\u00e9v, Tokod, Tokodalt\u00e1r\u00f3, Csolnok, Esztergom-kertv\u00e1ros: h\u00edrek, programok","publisher":{"@id":"https:\/\/dorogimedence.hu\/#organization"},"potentialAction":[{"@type":"SearchAction","target":{"@type":"EntryPoint","urlTemplate":"https:\/\/dorogimedence.hu\/?s={search_term_string}"},"query-input":{"@type":"PropertyValueSpecification","valueRequired":true,"valueName":"search_term_string"}}],"inLanguage":"hu"},{"@type":"Organization","@id":"https:\/\/dorogimedence.hu\/#organization","name":"Dorogi-medence Region\u00e1lis H\u00edrport\u00e1l","url":"https:\/\/dorogimedence.hu\/","logo":{"@type":"ImageObject","inLanguage":"hu","@id":"https:\/\/dorogimedence.hu\/#\/schema\/logo\/image\/","url":"https:\/\/dorogimedence.hu\/wp-content\/uploads\/2021\/04\/logo-feher-600.png","contentUrl":"https:\/\/dorogimedence.hu\/wp-content\/uploads\/2021\/04\/logo-feher-600.png","width":600,"height":100,"caption":"Dorogi-medence Region\u00e1lis H\u00edrport\u00e1l"},"image":{"@id":"https:\/\/dorogimedence.hu\/#\/schema\/logo\/image\/"},"sameAs":["https:\/\/www.facebook.com\/dorogimedence\/"]},{"@type":"Person","@id":"https:\/\/dorogimedence.hu\/#\/schema\/person\/ce6091eeb7e95ecdc87890d6aa8e0fd4","name":"dorogimedence.hu","image":{"@type":"ImageObject","inLanguage":"hu","@id":"\/\/www.gravatar.com\/avatar\/d8d45f8901aadff40a4af72c0b826f1d?s=96&#038;r=g&#038;d=mm","url":"\/\/www.gravatar.com\/avatar\/d8d45f8901aadff40a4af72c0b826f1d?s=96&#038;r=g&#038;d=mm","contentUrl":"\/\/www.gravatar.com\/avatar\/d8d45f8901aadff40a4af72c0b826f1d?s=96&#038;r=g&#038;d=mm","caption":"dorogimedence.hu"}}]}},"_links":{"self":[{"href":"https:\/\/dorogimedence.hu\/index.php\/wp-json\/wp\/v2\/posts\/57406","targetHints":{"allow":["GET"]}}],"collection":[{"href":"https:\/\/dorogimedence.hu\/index.php\/wp-json\/wp\/v2\/posts"}],"about":[{"href":"https:\/\/dorogimedence.hu\/index.php\/wp-json\/wp\/v2\/types\/post"}],"author":[{"embeddable":true,"href":"https:\/\/dorogimedence.hu\/index.php\/wp-json\/wp\/v2\/users\/1"}],"replies":[{"embeddable":true,"href":"https:\/\/dorogimedence.hu\/index.php\/wp-json\/wp\/v2\/comments?post=57406"}],"version-history":[{"count":0,"href":"https:\/\/dorogimedence.hu\/index.php\/wp-json\/wp\/v2\/posts\/57406\/revisions"}],"wp:featuredmedia":[{"embeddable":true,"href":"https:\/\/dorogimedence.hu\/index.php\/wp-json\/wp\/v2\/media\/31017"}],"wp:attachment":[{"href":"https:\/\/dorogimedence.hu\/index.php\/wp-json\/wp\/v2\/media?parent=57406"}],"wp:term":[{"taxonomy":"category","embeddable":true,"href":"https:\/\/dorogimedence.hu\/index.php\/wp-json\/wp\/v2\/categories?post=57406"},{"taxonomy":"post_tag","embeddable":true,"href":"https:\/\/dorogimedence.hu\/index.php\/wp-json\/wp\/v2\/tags?post=57406"}],"curies":[{"name":"wp","href":"https:\/\/api.w.org\/{rel}","templated":true}]}}