{"id":57360,"date":"2023-10-27T16:16:29","date_gmt":"2023-10-27T14:16:29","guid":{"rendered":"https:\/\/dorogimedence.hu\/?p=57360"},"modified":"2023-10-27T16:17:30","modified_gmt":"2023-10-27T14:17:30","slug":"tort-zuzott-reszegen-az-esztergomi-munkasszallon","status":"publish","type":"post","link":"https:\/\/dorogimedence.hu\/index.php\/2023\/10\/27\/tort-zuzott-reszegen-az-esztergomi-munkasszallon\/","title":{"rendered":"T\u00f6rt-z\u00fazott r\u00e9szegen az esztergomi munk\u00e1ssz\u00e1ll\u00f3n"},"content":{"rendered":"<p><strong>P\u00e9nzb\u00fcntet\u00e9st szabtak ki azzal a f\u00e9rfival szemben, aki egy esztergomi munk\u00e1ssz\u00e1ll\u00f3n ittasan d\u00fch\u00f6ng\u00f6tt, t\u00f6rt \u00e9s z\u00fazott. A f\u00e9rfi \u00e1mokfut\u00e1s\u00e1t a rend\u0151r\u00f6k f\u00e9kezt\u00e9k meg.<\/strong><\/p>\n<p>A v\u00e1dirat szerint az elk\u00f6vet\u0151 2023. m\u00e1jus 23-\u00e1n ittas \u00e1llapotban volt az esztergomi munk\u00e1ssz\u00e1l\u00f3n, \u0151t a sz\u00e1ll\u00f3 vezet\u0151je felh\u00edvta a sz\u00e1ll\u00f3 elhagy\u00e1s\u00e1ra,&nbsp;mert a h\u00e1zirendet t\u00f6bbsz\u00f6r megszegte.<\/p>\n<p>A f\u00e9rfi d\u00fch\u00f6s lett, hangosan szitkoz\u00f3dott, k\u00e1romkodott, a helysz\u00ednre \u00e9rkez\u0151 rend\u0151r\u00f6ket is szidta,&nbsp;\u00f6k\u00f6llel h\u00e1rom alkalommal bele\u00fct\u00f6tt a sz\u00e1ll\u00f3 szob\u00e1j\u00e1nak fal\u00e1ba, amelynek k\u00f6vetkezt\u00e9ben a gipszkarton fal beszakadt. Ezut\u00e1n a sz\u00e1ll\u00f3 folyos\u00f3j\u00e1n t\u00f6bb szem\u00e9ly jelenl\u00e9t\u00e9ben a telefonj\u00e1t a f\u00f6ldh\u00f6z v\u00e1gta \u00e9s a sz\u00e1ll\u00f3 folyos\u00f3j\u00e1n l\u00e9v\u0151 falik\u00e9pbe \u00fct\u00f6tt \u00f6k\u00f6llel, amely k\u00e9p \u00fcvegbor\u00edt\u00e1sa \u00f6sszet\u00f6rt. A f\u00e9rfit ezt k\u00f6vet\u0151en f\u00e9kezt\u00e9k meg a jelenl\u00e9v\u0151 rend\u0151r\u00f6k. A f\u00e9rfi \u00e1ltal okozott k\u00e1r nem haladja meg az 50.000 Ft-ot.<\/p>\n<p>Az Esztergomi J\u00e1r\u00e1si \u00dcgy\u00e9szs\u00e9g \u00e1ltal beny\u00fajtott v\u00e1dirat alapj\u00e1n az Esztergomi J\u00e1r\u00e1sb\u00edr\u00f3s\u00e1g gar\u00e1zdas\u00e1g v\u00e9ts\u00e9ge miatt indult \u00fcgyben f\u00e9rfival szemben 200.000 Ft p\u00e9nzb\u00fcntet\u00e9st szabott ki. A b\u00fcntet\u0151v\u00e9gz\u00e9s joger\u0151s, azt az \u00fcgy\u00e9sz is tudom\u00e1sul vette.<\/p>\n<p><strong>A cselekm\u00e9nyr\u0151l k\u00e9sz\u00fclt felv\u00e9tel:<\/strong><\/p>\n<div class=\"wp-video\">\n<div style=\"width: 755px;\" class=\"wp-video\"><video class=\"wp-video-shortcode\" id=\"video-57360-1\" width=\"755\" height=\"425\" preload=\"metadata\" controls=\"controls\"><source type=\"video\/mp4\" src=\"https:\/\/dorogimedence.hu\/wp-content\/uploads\/2023\/10\/2023_43_het_1_video_komfou.mp4?_=1\" \/><a href=\"https:\/\/dorogimedence.hu\/wp-content\/uploads\/2023\/10\/2023_43_het_1_video_komfou.mp4\">https:\/\/dorogimedence.hu\/wp-content\/uploads\/2023\/10\/2023_43_het_1_video_komfou.mp4<\/a><\/video><\/div>\n<p>&nbsp;<\/p>\n<div id=\"mep_0\" class=\"mejs-container mejs-container-keyboard-inactive wp-video-shortcode mejs-video\" tabindex=\"0\" role=\"application\" aria-label=\"Vide\u00f3lej\u00e1tsz\u00f3\">\n<div class=\"mejs-inner\">\n<div class=\"mejs-controls\">\n<div class=\"mejs-button mejs-playpause-button mejs-play\"><em>Bor\u00edt\u00f3k\u00e9p, forr\u00e1s: Kom\u00e1rom-Esztergom V\u00e1rmegyei F\u0151\u00fcgy\u00e9szs\u00e9g<\/em><\/div>\n<\/div>\n<\/div>\n<\/div>\n<\/div>\n","protected":false},"excerpt":{"rendered":"<p>P\u00e9nzb\u00fcntet\u00e9st szabtak ki azzal a f\u00e9rfival szemben, aki egy esztergomi munk\u00e1ssz\u00e1ll\u00f3n ittasan d\u00fch\u00f6ng\u00f6tt, t\u00f6rt \u00e9s z\u00fazott. A f\u00e9rfi \u00e1mokfut\u00e1s\u00e1t a rend\u0151r\u00f6k f\u00e9kezt\u00e9k meg. A v\u00e1dirat szerint az elk\u00f6vet\u0151 2023. m\u00e1jus 23-\u00e1n ittas \u00e1llapotban volt az esztergomi munk\u00e1ssz\u00e1l\u00f3n, \u0151t a sz\u00e1ll\u00f3 vezet\u0151je felh\u00edvta a sz\u00e1ll\u00f3 elhagy\u00e1s\u00e1ra,&nbsp;mert a h\u00e1zirendet t\u00f6bbsz\u00f6r megszegte. A f\u00e9rfi d\u00fch\u00f6s lett, hangosan szitkoz\u00f3dott,<\/p>\n","protected":false},"author":1,"featured_media":57259,"comment_status":"closed","ping_status":"closed","sticky":false,"template":"","format":"standard","meta":{"ngg_post_thumbnail":0,"footnotes":""},"categories":[38,3,39],"tags":[1042,63,42,61,326],"class_list":{"0":"post-57360","1":"post","2":"type-post","3":"status-publish","4":"format-standard","5":"has-post-thumbnail","7":"category-esztergom","8":"category-hirek","9":"category-kek-hirek","10":"tag-birosag","11":"tag-buncselekmeny","12":"tag-esztergom","13":"tag-rendorsegi-hirek","14":"tag-ugyeszseg"},"yoast_head":"<!-- This site is optimized with the Yoast SEO plugin v27.4 - https:\/\/yoast.com\/product\/yoast-seo-wordpress\/ -->\n<title>T\u00f6rt-z\u00fazott r\u00e9szegen az esztergomi munk\u00e1ssz\u00e1ll\u00f3n<\/title>\n<meta name=\"robots\" content=\"index, follow, max-snippet:-1, max-image-preview:large, max-video-preview:-1\" \/>\n<link rel=\"canonical\" href=\"https:\/\/dorogimedence.hu\/index.php\/2023\/10\/27\/tort-zuzott-reszegen-az-esztergomi-munkasszallon\/\" class=\"yoast-seo-meta-tag\" \/>\n<meta property=\"og:locale\" content=\"hu_HU\" class=\"yoast-seo-meta-tag\" \/>\n<meta property=\"og:type\" content=\"article\" class=\"yoast-seo-meta-tag\" \/>\n<meta property=\"og:title\" content=\"T\u00f6rt-z\u00fazott r\u00e9szegen az esztergomi munk\u00e1ssz\u00e1ll\u00f3n\" class=\"yoast-seo-meta-tag\" \/>\n<meta property=\"og:description\" content=\"P\u00e9nzb\u00fcntet\u00e9st szabtak ki azzal a f\u00e9rfival szemben, aki egy esztergomi munk\u00e1ssz\u00e1ll\u00f3n ittasan d\u00fch\u00f6ng\u00f6tt, t\u00f6rt \u00e9s z\u00fazott. A f\u00e9rfi \u00e1mokfut\u00e1s\u00e1t a rend\u0151r\u00f6k f\u00e9kezt\u00e9k meg. A v\u00e1dirat szerint az elk\u00f6vet\u0151 2023. m\u00e1jus 23-\u00e1n ittas \u00e1llapotban volt az esztergomi munk\u00e1ssz\u00e1l\u00f3n, \u0151t a sz\u00e1ll\u00f3 vezet\u0151je felh\u00edvta a sz\u00e1ll\u00f3 elhagy\u00e1s\u00e1ra,&nbsp;mert a h\u00e1zirendet t\u00f6bbsz\u00f6r megszegte. A f\u00e9rfi d\u00fch\u00f6s lett, hangosan szitkoz\u00f3dott,\" class=\"yoast-seo-meta-tag\" \/>\n<meta property=\"og:url\" content=\"https:\/\/dorogimedence.hu\/index.php\/2023\/10\/27\/tort-zuzott-reszegen-az-esztergomi-munkasszallon\/\" class=\"yoast-seo-meta-tag\" \/>\n<meta property=\"og:site_name\" content=\"Dorogi-medence Region\u00e1lis H\u00edrport\u00e1l\" class=\"yoast-seo-meta-tag\" \/>\n<meta property=\"article:publisher\" content=\"https:\/\/www.facebook.com\/dorogimedence\/\" class=\"yoast-seo-meta-tag\" \/>\n<meta property=\"article:published_time\" content=\"2023-10-27T14:16:29+00:00\" class=\"yoast-seo-meta-tag\" \/>\n<meta property=\"article:modified_time\" content=\"2023-10-27T14:17:30+00:00\" class=\"yoast-seo-meta-tag\" \/>\n<meta property=\"og:image\" content=\"https:\/\/dorogimedence.hu\/wp-content\/uploads\/2023\/10\/munkasszallo.jpg\" class=\"yoast-seo-meta-tag\" \/>\n\t<meta property=\"og:image:width\" content=\"1920\" class=\"yoast-seo-meta-tag\" \/>\n\t<meta property=\"og:image:height\" content=\"970\" class=\"yoast-seo-meta-tag\" \/>\n\t<meta property=\"og:image:type\" content=\"image\/jpeg\" class=\"yoast-seo-meta-tag\" \/>\n<meta name=\"author\" content=\"dorogimedence.hu\" class=\"yoast-seo-meta-tag\" \/>\n<meta name=\"twitter:card\" content=\"summary_large_image\" class=\"yoast-seo-meta-tag\" \/>\n<meta name=\"twitter:label1\" content=\"Szerz\u0151:\" class=\"yoast-seo-meta-tag\" \/>\n\t<meta name=\"twitter:data1\" content=\"dorogimedence.hu\" class=\"yoast-seo-meta-tag\" \/>\n\t<meta name=\"twitter:label2\" content=\"Becs\u00fclt olvas\u00e1si id\u0151\" class=\"yoast-seo-meta-tag\" \/>\n\t<meta name=\"twitter:data2\" content=\"2 perc\" class=\"yoast-seo-meta-tag\" \/>\n<script type=\"application\/ld+json\" class=\"yoast-schema-graph\">{\"@context\":\"https:\\\/\\\/schema.org\",\"@graph\":[{\"@type\":\"Article\",\"@id\":\"https:\\\/\\\/dorogimedence.hu\\\/index.php\\\/2023\\\/10\\\/27\\\/tort-zuzott-reszegen-az-esztergomi-munkasszallon\\\/#article\",\"isPartOf\":{\"@id\":\"https:\\\/\\\/dorogimedence.hu\\\/index.php\\\/2023\\\/10\\\/27\\\/tort-zuzott-reszegen-az-esztergomi-munkasszallon\\\/\"},\"author\":{\"name\":\"dorogimedence.hu\",\"@id\":\"https:\\\/\\\/dorogimedence.hu\\\/#\\\/schema\\\/person\\\/ce6091eeb7e95ecdc87890d6aa8e0fd4\"},\"headline\":\"T\u00f6rt-z\u00fazott r\u00e9szegen az esztergomi munk\u00e1ssz\u00e1ll\u00f3n\",\"datePublished\":\"2023-10-27T14:16:29+00:00\",\"dateModified\":\"2023-10-27T14:17:30+00:00\",\"mainEntityOfPage\":{\"@id\":\"https:\\\/\\\/dorogimedence.hu\\\/index.php\\\/2023\\\/10\\\/27\\\/tort-zuzott-reszegen-az-esztergomi-munkasszallon\\\/\"},\"wordCount\":314,\"publisher\":{\"@id\":\"https:\\\/\\\/dorogimedence.hu\\\/#organization\"},\"image\":{\"@id\":\"https:\\\/\\\/dorogimedence.hu\\\/index.php\\\/2023\\\/10\\\/27\\\/tort-zuzott-reszegen-az-esztergomi-munkasszallon\\\/#primaryimage\"},\"thumbnailUrl\":\"https:\\\/\\\/dorogimedence.hu\\\/wp-content\\\/uploads\\\/2023\\\/10\\\/munkasszallo.jpg\",\"keywords\":[\"b\u00edr\u00f3s\u00e1g\",\"b\u0171ncselekm\u00e9ny\",\"esztergom\",\"rend\u0151rs\u00e9gi h\u00edrek\",\"\u00fcgy\u00e9szs\u00e9g\"],\"articleSection\":[\"Esztergom\",\"H\u00edrek\",\"K\u00e9k h\u00edrek\"],\"inLanguage\":\"hu\"},{\"@type\":\"WebPage\",\"@id\":\"https:\\\/\\\/dorogimedence.hu\\\/index.php\\\/2023\\\/10\\\/27\\\/tort-zuzott-reszegen-az-esztergomi-munkasszallon\\\/\",\"url\":\"https:\\\/\\\/dorogimedence.hu\\\/index.php\\\/2023\\\/10\\\/27\\\/tort-zuzott-reszegen-az-esztergomi-munkasszallon\\\/\",\"name\":\"T\u00f6rt-z\u00fazott r\u00e9szegen az esztergomi munk\u00e1ssz\u00e1ll\u00f3n\",\"isPartOf\":{\"@id\":\"https:\\\/\\\/dorogimedence.hu\\\/#website\"},\"primaryImageOfPage\":{\"@id\":\"https:\\\/\\\/dorogimedence.hu\\\/index.php\\\/2023\\\/10\\\/27\\\/tort-zuzott-reszegen-az-esztergomi-munkasszallon\\\/#primaryimage\"},\"image\":{\"@id\":\"https:\\\/\\\/dorogimedence.hu\\\/index.php\\\/2023\\\/10\\\/27\\\/tort-zuzott-reszegen-az-esztergomi-munkasszallon\\\/#primaryimage\"},\"thumbnailUrl\":\"https:\\\/\\\/dorogimedence.hu\\\/wp-content\\\/uploads\\\/2023\\\/10\\\/munkasszallo.jpg\",\"datePublished\":\"2023-10-27T14:16:29+00:00\",\"dateModified\":\"2023-10-27T14:17:30+00:00\",\"breadcrumb\":{\"@id\":\"https:\\\/\\\/dorogimedence.hu\\\/index.php\\\/2023\\\/10\\\/27\\\/tort-zuzott-reszegen-az-esztergomi-munkasszallon\\\/#breadcrumb\"},\"inLanguage\":\"hu\",\"potentialAction\":[{\"@type\":\"ReadAction\",\"target\":[\"https:\\\/\\\/dorogimedence.hu\\\/index.php\\\/2023\\\/10\\\/27\\\/tort-zuzott-reszegen-az-esztergomi-munkasszallon\\\/\"]}]},{\"@type\":\"ImageObject\",\"inLanguage\":\"hu\",\"@id\":\"https:\\\/\\\/dorogimedence.hu\\\/index.php\\\/2023\\\/10\\\/27\\\/tort-zuzott-reszegen-az-esztergomi-munkasszallon\\\/#primaryimage\",\"url\":\"https:\\\/\\\/dorogimedence.hu\\\/wp-content\\\/uploads\\\/2023\\\/10\\\/munkasszallo.jpg\",\"contentUrl\":\"https:\\\/\\\/dorogimedence.hu\\\/wp-content\\\/uploads\\\/2023\\\/10\\\/munkasszallo.jpg\",\"width\":1920,\"height\":970},{\"@type\":\"BreadcrumbList\",\"@id\":\"https:\\\/\\\/dorogimedence.hu\\\/index.php\\\/2023\\\/10\\\/27\\\/tort-zuzott-reszegen-az-esztergomi-munkasszallon\\\/#breadcrumb\",\"itemListElement\":[{\"@type\":\"ListItem\",\"position\":1,\"name\":\"Kezd\u0151lap\",\"item\":\"https:\\\/\\\/dorogimedence.hu\\\/\"},{\"@type\":\"ListItem\",\"position\":2,\"name\":\"T\u00f6rt-z\u00fazott r\u00e9szegen az esztergomi munk\u00e1ssz\u00e1ll\u00f3n\"}]},{\"@type\":\"WebSite\",\"@id\":\"https:\\\/\\\/dorogimedence.hu\\\/#website\",\"url\":\"https:\\\/\\\/dorogimedence.hu\\\/\",\"name\":\"Dorogi-medence Region\u00e1lis H\u00edrport\u00e1l\",\"description\":\"Dorog, Keszt\u00f6lc, Le\u00e1nyv\u00e1r, Piliscs\u00e9v, Tokod, Tokodalt\u00e1r\u00f3, Csolnok, Esztergom-kertv\u00e1ros: h\u00edrek, programok\",\"publisher\":{\"@id\":\"https:\\\/\\\/dorogimedence.hu\\\/#organization\"},\"potentialAction\":[{\"@type\":\"SearchAction\",\"target\":{\"@type\":\"EntryPoint\",\"urlTemplate\":\"https:\\\/\\\/dorogimedence.hu\\\/?s={search_term_string}\"},\"query-input\":{\"@type\":\"PropertyValueSpecification\",\"valueRequired\":true,\"valueName\":\"search_term_string\"}}],\"inLanguage\":\"hu\"},{\"@type\":\"Organization\",\"@id\":\"https:\\\/\\\/dorogimedence.hu\\\/#organization\",\"name\":\"Dorogi-medence Region\u00e1lis H\u00edrport\u00e1l\",\"url\":\"https:\\\/\\\/dorogimedence.hu\\\/\",\"logo\":{\"@type\":\"ImageObject\",\"inLanguage\":\"hu\",\"@id\":\"https:\\\/\\\/dorogimedence.hu\\\/#\\\/schema\\\/logo\\\/image\\\/\",\"url\":\"https:\\\/\\\/dorogimedence.hu\\\/wp-content\\\/uploads\\\/2021\\\/04\\\/logo-feher-600.png\",\"contentUrl\":\"https:\\\/\\\/dorogimedence.hu\\\/wp-content\\\/uploads\\\/2021\\\/04\\\/logo-feher-600.png\",\"width\":600,\"height\":100,\"caption\":\"Dorogi-medence Region\u00e1lis H\u00edrport\u00e1l\"},\"image\":{\"@id\":\"https:\\\/\\\/dorogimedence.hu\\\/#\\\/schema\\\/logo\\\/image\\\/\"},\"sameAs\":[\"https:\\\/\\\/www.facebook.com\\\/dorogimedence\\\/\"]},{\"@type\":\"Person\",\"@id\":\"https:\\\/\\\/dorogimedence.hu\\\/#\\\/schema\\\/person\\\/ce6091eeb7e95ecdc87890d6aa8e0fd4\",\"name\":\"dorogimedence.hu\",\"image\":{\"@type\":\"ImageObject\",\"inLanguage\":\"hu\",\"@id\":\"\\\/\\\/www.gravatar.com\\\/avatar\\\/d8d45f8901aadff40a4af72c0b826f1d?s=96&#038;r=g&#038;d=mm\",\"url\":\"\\\/\\\/www.gravatar.com\\\/avatar\\\/d8d45f8901aadff40a4af72c0b826f1d?s=96&#038;r=g&#038;d=mm\",\"contentUrl\":\"\\\/\\\/www.gravatar.com\\\/avatar\\\/d8d45f8901aadff40a4af72c0b826f1d?s=96&#038;r=g&#038;d=mm\",\"caption\":\"dorogimedence.hu\"}}]}<\/script>\n<!-- \/ Yoast SEO plugin. -->","yoast_head_json":{"title":"T\u00f6rt-z\u00fazott r\u00e9szegen az esztergomi munk\u00e1ssz\u00e1ll\u00f3n","robots":{"index":"index","follow":"follow","max-snippet":"max-snippet:-1","max-image-preview":"max-image-preview:large","max-video-preview":"max-video-preview:-1"},"canonical":"https:\/\/dorogimedence.hu\/index.php\/2023\/10\/27\/tort-zuzott-reszegen-az-esztergomi-munkasszallon\/","og_locale":"hu_HU","og_type":"article","og_title":"T\u00f6rt-z\u00fazott r\u00e9szegen az esztergomi munk\u00e1ssz\u00e1ll\u00f3n","og_description":"P\u00e9nzb\u00fcntet\u00e9st szabtak ki azzal a f\u00e9rfival szemben, aki egy esztergomi munk\u00e1ssz\u00e1ll\u00f3n ittasan d\u00fch\u00f6ng\u00f6tt, t\u00f6rt \u00e9s z\u00fazott. A f\u00e9rfi \u00e1mokfut\u00e1s\u00e1t a rend\u0151r\u00f6k f\u00e9kezt\u00e9k meg. A v\u00e1dirat szerint az elk\u00f6vet\u0151 2023. m\u00e1jus 23-\u00e1n ittas \u00e1llapotban volt az esztergomi munk\u00e1ssz\u00e1l\u00f3n, \u0151t a sz\u00e1ll\u00f3 vezet\u0151je felh\u00edvta a sz\u00e1ll\u00f3 elhagy\u00e1s\u00e1ra,&nbsp;mert a h\u00e1zirendet t\u00f6bbsz\u00f6r megszegte. A f\u00e9rfi d\u00fch\u00f6s lett, hangosan szitkoz\u00f3dott,","og_url":"https:\/\/dorogimedence.hu\/index.php\/2023\/10\/27\/tort-zuzott-reszegen-az-esztergomi-munkasszallon\/","og_site_name":"Dorogi-medence Region\u00e1lis H\u00edrport\u00e1l","article_publisher":"https:\/\/www.facebook.com\/dorogimedence\/","article_published_time":"2023-10-27T14:16:29+00:00","article_modified_time":"2023-10-27T14:17:30+00:00","og_image":[{"width":1920,"height":970,"url":"https:\/\/dorogimedence.hu\/wp-content\/uploads\/2023\/10\/munkasszallo.jpg","type":"image\/jpeg"}],"author":"dorogimedence.hu","twitter_card":"summary_large_image","twitter_misc":{"Szerz\u0151:":"dorogimedence.hu","Becs\u00fclt olvas\u00e1si id\u0151":"2 perc"},"schema":{"@context":"https:\/\/schema.org","@graph":[{"@type":"Article","@id":"https:\/\/dorogimedence.hu\/index.php\/2023\/10\/27\/tort-zuzott-reszegen-az-esztergomi-munkasszallon\/#article","isPartOf":{"@id":"https:\/\/dorogimedence.hu\/index.php\/2023\/10\/27\/tort-zuzott-reszegen-az-esztergomi-munkasszallon\/"},"author":{"name":"dorogimedence.hu","@id":"https:\/\/dorogimedence.hu\/#\/schema\/person\/ce6091eeb7e95ecdc87890d6aa8e0fd4"},"headline":"T\u00f6rt-z\u00fazott r\u00e9szegen az esztergomi munk\u00e1ssz\u00e1ll\u00f3n","datePublished":"2023-10-27T14:16:29+00:00","dateModified":"2023-10-27T14:17:30+00:00","mainEntityOfPage":{"@id":"https:\/\/dorogimedence.hu\/index.php\/2023\/10\/27\/tort-zuzott-reszegen-az-esztergomi-munkasszallon\/"},"wordCount":314,"publisher":{"@id":"https:\/\/dorogimedence.hu\/#organization"},"image":{"@id":"https:\/\/dorogimedence.hu\/index.php\/2023\/10\/27\/tort-zuzott-reszegen-az-esztergomi-munkasszallon\/#primaryimage"},"thumbnailUrl":"https:\/\/dorogimedence.hu\/wp-content\/uploads\/2023\/10\/munkasszallo.jpg","keywords":["b\u00edr\u00f3s\u00e1g","b\u0171ncselekm\u00e9ny","esztergom","rend\u0151rs\u00e9gi h\u00edrek","\u00fcgy\u00e9szs\u00e9g"],"articleSection":["Esztergom","H\u00edrek","K\u00e9k h\u00edrek"],"inLanguage":"hu"},{"@type":"WebPage","@id":"https:\/\/dorogimedence.hu\/index.php\/2023\/10\/27\/tort-zuzott-reszegen-az-esztergomi-munkasszallon\/","url":"https:\/\/dorogimedence.hu\/index.php\/2023\/10\/27\/tort-zuzott-reszegen-az-esztergomi-munkasszallon\/","name":"T\u00f6rt-z\u00fazott r\u00e9szegen az esztergomi munk\u00e1ssz\u00e1ll\u00f3n","isPartOf":{"@id":"https:\/\/dorogimedence.hu\/#website"},"primaryImageOfPage":{"@id":"https:\/\/dorogimedence.hu\/index.php\/2023\/10\/27\/tort-zuzott-reszegen-az-esztergomi-munkasszallon\/#primaryimage"},"image":{"@id":"https:\/\/dorogimedence.hu\/index.php\/2023\/10\/27\/tort-zuzott-reszegen-az-esztergomi-munkasszallon\/#primaryimage"},"thumbnailUrl":"https:\/\/dorogimedence.hu\/wp-content\/uploads\/2023\/10\/munkasszallo.jpg","datePublished":"2023-10-27T14:16:29+00:00","dateModified":"2023-10-27T14:17:30+00:00","breadcrumb":{"@id":"https:\/\/dorogimedence.hu\/index.php\/2023\/10\/27\/tort-zuzott-reszegen-az-esztergomi-munkasszallon\/#breadcrumb"},"inLanguage":"hu","potentialAction":[{"@type":"ReadAction","target":["https:\/\/dorogimedence.hu\/index.php\/2023\/10\/27\/tort-zuzott-reszegen-az-esztergomi-munkasszallon\/"]}]},{"@type":"ImageObject","inLanguage":"hu","@id":"https:\/\/dorogimedence.hu\/index.php\/2023\/10\/27\/tort-zuzott-reszegen-az-esztergomi-munkasszallon\/#primaryimage","url":"https:\/\/dorogimedence.hu\/wp-content\/uploads\/2023\/10\/munkasszallo.jpg","contentUrl":"https:\/\/dorogimedence.hu\/wp-content\/uploads\/2023\/10\/munkasszallo.jpg","width":1920,"height":970},{"@type":"BreadcrumbList","@id":"https:\/\/dorogimedence.hu\/index.php\/2023\/10\/27\/tort-zuzott-reszegen-az-esztergomi-munkasszallon\/#breadcrumb","itemListElement":[{"@type":"ListItem","position":1,"name":"Kezd\u0151lap","item":"https:\/\/dorogimedence.hu\/"},{"@type":"ListItem","position":2,"name":"T\u00f6rt-z\u00fazott r\u00e9szegen az esztergomi munk\u00e1ssz\u00e1ll\u00f3n"}]},{"@type":"WebSite","@id":"https:\/\/dorogimedence.hu\/#website","url":"https:\/\/dorogimedence.hu\/","name":"Dorogi-medence Region\u00e1lis H\u00edrport\u00e1l","description":"Dorog, Keszt\u00f6lc, Le\u00e1nyv\u00e1r, Piliscs\u00e9v, Tokod, Tokodalt\u00e1r\u00f3, Csolnok, Esztergom-kertv\u00e1ros: h\u00edrek, programok","publisher":{"@id":"https:\/\/dorogimedence.hu\/#organization"},"potentialAction":[{"@type":"SearchAction","target":{"@type":"EntryPoint","urlTemplate":"https:\/\/dorogimedence.hu\/?s={search_term_string}"},"query-input":{"@type":"PropertyValueSpecification","valueRequired":true,"valueName":"search_term_string"}}],"inLanguage":"hu"},{"@type":"Organization","@id":"https:\/\/dorogimedence.hu\/#organization","name":"Dorogi-medence Region\u00e1lis H\u00edrport\u00e1l","url":"https:\/\/dorogimedence.hu\/","logo":{"@type":"ImageObject","inLanguage":"hu","@id":"https:\/\/dorogimedence.hu\/#\/schema\/logo\/image\/","url":"https:\/\/dorogimedence.hu\/wp-content\/uploads\/2021\/04\/logo-feher-600.png","contentUrl":"https:\/\/dorogimedence.hu\/wp-content\/uploads\/2021\/04\/logo-feher-600.png","width":600,"height":100,"caption":"Dorogi-medence Region\u00e1lis H\u00edrport\u00e1l"},"image":{"@id":"https:\/\/dorogimedence.hu\/#\/schema\/logo\/image\/"},"sameAs":["https:\/\/www.facebook.com\/dorogimedence\/"]},{"@type":"Person","@id":"https:\/\/dorogimedence.hu\/#\/schema\/person\/ce6091eeb7e95ecdc87890d6aa8e0fd4","name":"dorogimedence.hu","image":{"@type":"ImageObject","inLanguage":"hu","@id":"\/\/www.gravatar.com\/avatar\/d8d45f8901aadff40a4af72c0b826f1d?s=96&#038;r=g&#038;d=mm","url":"\/\/www.gravatar.com\/avatar\/d8d45f8901aadff40a4af72c0b826f1d?s=96&#038;r=g&#038;d=mm","contentUrl":"\/\/www.gravatar.com\/avatar\/d8d45f8901aadff40a4af72c0b826f1d?s=96&#038;r=g&#038;d=mm","caption":"dorogimedence.hu"}}]}},"_links":{"self":[{"href":"https:\/\/dorogimedence.hu\/index.php\/wp-json\/wp\/v2\/posts\/57360","targetHints":{"allow":["GET"]}}],"collection":[{"href":"https:\/\/dorogimedence.hu\/index.php\/wp-json\/wp\/v2\/posts"}],"about":[{"href":"https:\/\/dorogimedence.hu\/index.php\/wp-json\/wp\/v2\/types\/post"}],"author":[{"embeddable":true,"href":"https:\/\/dorogimedence.hu\/index.php\/wp-json\/wp\/v2\/users\/1"}],"replies":[{"embeddable":true,"href":"https:\/\/dorogimedence.hu\/index.php\/wp-json\/wp\/v2\/comments?post=57360"}],"version-history":[{"count":0,"href":"https:\/\/dorogimedence.hu\/index.php\/wp-json\/wp\/v2\/posts\/57360\/revisions"}],"wp:featuredmedia":[{"embeddable":true,"href":"https:\/\/dorogimedence.hu\/index.php\/wp-json\/wp\/v2\/media\/57259"}],"wp:attachment":[{"href":"https:\/\/dorogimedence.hu\/index.php\/wp-json\/wp\/v2\/media?parent=57360"}],"wp:term":[{"taxonomy":"category","embeddable":true,"href":"https:\/\/dorogimedence.hu\/index.php\/wp-json\/wp\/v2\/categories?post=57360"},{"taxonomy":"post_tag","embeddable":true,"href":"https:\/\/dorogimedence.hu\/index.php\/wp-json\/wp\/v2\/tags?post=57360"}],"curies":[{"name":"wp","href":"https:\/\/api.w.org\/{rel}","templated":true}]}}