{"id":57301,"date":"2023-10-25T09:21:35","date_gmt":"2023-10-25T07:21:35","guid":{"rendered":"https:\/\/dorogimedence.hu\/?p=57301"},"modified":"2023-10-26T10:26:03","modified_gmt":"2023-10-26T08:26:03","slug":"90-eves-a-sasfeszek-turistahaz","status":"publish","type":"post","link":"https:\/\/dorogimedence.hu\/index.php\/2023\/10\/25\/90-eves-a-sasfeszek-turistahaz\/","title":{"rendered":"90 \u00e9ves a Sasf\u00e9szek Turistah\u00e1z"},"content":{"rendered":"<p><span class=\"x193iq5w xeuugli x13faqbe x1vvkbs x1xmvt09 x1lliihq x1s928wv xhkezso x1gmr53x x1cpjm7i x1fgarty x1943h6x xudqn12 x3x7a5m x6prxxf xvq8zen xo1l8bm xzsf02u x1yc453h\"><strong><span class=\"xt0psk2\">A 90 \u00e9ves Sasf\u00e9szek Turistah\u00e1z \u00e9vfordul\u00f3j\u00e1ra \u00fcnneps\u00e9get szervezett a Dorogi Atl\u00e9tikai Club <\/span>Term\u00e9szetj\u00e1r\u00f3 Szakoszt\u00e1lya okt\u00f3ber 21-\u00e9n, szombaton. A sz\u00e9psz\u00e1m\u00fa sportbar\u00e1t el\u0151tt k\u00f6sz\u00f6nt\u0151t mondott G\u00e1licz G\u00e1bor szakoszt\u00e1lyvezet\u0151 \u00e9s Vig Attila, a DAC eln\u00f6ke<\/strong> <em>&#8211; \u00edrja a dorogi \u00f6nkorm\u00e1nyzat a hivatalos <a href=\"https:\/\/www.dorog.hu\/content\/50968-evfordulos-unnep-90-eves-a-sasfeszek-turistahaz\" target=\"_blank\" rel=\"noopener\"><span style=\"text-decoration: underline; color: #0000ff;\">honlapj\u00e1n<\/span><\/a>.<\/em> <\/span><\/p>\n<p>A h\u00e1z 1933-ban \u00e9p\u00fclt, amelyet a 80. \u00e9vfordul\u00f3ra a Pilisi Parkerd\u0151 (2013-ban) fel\u00faj\u00edtott. Felszerelts\u00e9g\u00e9t, k\u00e9nyelmi fokozat\u00e1t a lehet\u0151s\u00e9gekhez k\u00e9pest a mai ig\u00e9nyekhez igaz\u00edtott\u00e1k: az elektromos \u00e1ramot napkollektorok \u00e9s napenergia, illetve egy aggreg\u00e1tor biztos\u00edtja. A h\u00e1z a &#8222;moderniz\u00e1ci\u00f3&#8221; ellen\u00e9re meg\u0151rizte eredeti, bakancsos mened\u00e9kh\u00e1z jelleg\u00e9t.<\/p>\n<p><img fetchpriority=\"high\" decoding=\"async\" class=\"alignnone size-full wp-image-57303\" src=\"https:\/\/dorogimedence.hu\/wp-content\/uploads\/2023\/10\/sasfeszek-02.jpg\" alt=\"\" width=\"1920\" height=\"1440\" srcset=\"https:\/\/dorogimedence.hu\/wp-content\/uploads\/2023\/10\/sasfeszek-02.jpg 1920w, https:\/\/dorogimedence.hu\/wp-content\/uploads\/2023\/10\/sasfeszek-02-600x450.jpg 600w, https:\/\/dorogimedence.hu\/wp-content\/uploads\/2023\/10\/sasfeszek-02-768x576.jpg 768w, https:\/\/dorogimedence.hu\/wp-content\/uploads\/2023\/10\/sasfeszek-02-1536x1152.jpg 1536w, https:\/\/dorogimedence.hu\/wp-content\/uploads\/2023\/10\/sasfeszek-02-150x113.jpg 150w, https:\/\/dorogimedence.hu\/wp-content\/uploads\/2023\/10\/sasfeszek-02-450x338.jpg 450w, https:\/\/dorogimedence.hu\/wp-content\/uploads\/2023\/10\/sasfeszek-02-1200x900.jpg 1200w\" sizes=\"(max-width: 1920px) 100vw, 1920px\" \/><\/p>\n<p>T\u00f6bbf\u00e9le elnevez\u00e9se is ismert, hivatalos neve Fekete-hegyi Kulcsosh\u00e1z, de J\u00f3zsef Attila-d\u00edjas k\u00f6lt\u0151nk, Berda J\u00f3zsef tisztelet\u00e9re \u2013 akinek ez volt az egyik kedvenc kir\u00e1ndul\u00f3helye \u2013 Berda J\u00f3zsef Kulcsosh\u00e1znak is nevezik. A turistat\u00e9rk\u00e9peken pedig sok helyen a \u201eSasf\u00e9szek\u201d elnevez\u00e9s is olvashat\u00f3, amelyet minden bizonnyal a h\u00e1bor\u00edtatlan k\u00f6rnyezetnek, valamint a terasz\u00e1r\u00f3l ny\u00edl\u00f3 leny\u0171g\u00f6z\u0151 panor\u00e1m\u00e1nak k\u00f6sz\u00f6nhet. A II. vil\u00e1gh\u00e1bor\u00fat k\u00f6vet\u0151en az alaposan megrong\u00e1l\u00f3dott \u00e9p\u00fcletet helyre kellett \u00e1ll\u00edtani \u2013 ekkor az \u00e9p\u00edt\u0151k lovaskocsival, illetve sokszor h\u00e1ton vitt\u00e9k fel a sz\u00fcks\u00e9ges \u00e9p\u00edt\u0151anyagokat a jelenleg 12 f\u00e9r\u0151helyes, felszerelt konyh\u00e1val rendelkez\u0151 h\u00e1zhoz.<\/p>\n<p><em>Fot\u00f3k, forr\u00e1s: dorog.hu<\/em><\/p>\n","protected":false},"excerpt":{"rendered":"<p>A 90 \u00e9ves Sasf\u00e9szek Turistah\u00e1z \u00e9vfordul\u00f3j\u00e1ra \u00fcnneps\u00e9get szervezett a Dorogi Atl\u00e9tikai Club Term\u00e9szetj\u00e1r\u00f3 Szakoszt\u00e1lya okt\u00f3ber 21-\u00e9n, szombaton. A sz\u00e9psz\u00e1m\u00fa sportbar\u00e1t el\u0151tt k\u00f6sz\u00f6nt\u0151t mondott G\u00e1licz G\u00e1bor szakoszt\u00e1lyvezet\u0151 \u00e9s Vig Attila, a DAC eln\u00f6ke &#8211; \u00edrja a dorogi \u00f6nkorm\u00e1nyzat a hivatalos honlapj\u00e1n. A h\u00e1z 1933-ban \u00e9p\u00fclt, amelyet a 80. \u00e9vfordul\u00f3ra a Pilisi Parkerd\u0151 (2013-ban) fel\u00faj\u00edtott. Felszerelts\u00e9g\u00e9t, k\u00e9nyelmi<\/p>\n","protected":false},"author":1,"featured_media":57302,"comment_status":"closed","ping_status":"closed","sticky":false,"template":"","format":"standard","meta":{"ngg_post_thumbnail":0,"footnotes":""},"categories":[2,3],"tags":[15,5624,3348,2566,5160],"class_list":{"0":"post-57301","1":"post","2":"type-post","3":"status-publish","4":"format-standard","5":"has-post-thumbnail","7":"category-dorog","8":"category-hirek","9":"tag-dorog","10":"tag-featured","11":"tag-fekete-hegy","12":"tag-sasfeszek","13":"tag-turistahaz"},"yoast_head":"<!-- This site is optimized with the Yoast SEO plugin v27.4 - https:\/\/yoast.com\/product\/yoast-seo-wordpress\/ -->\n<title>90 \u00e9ves a Sasf\u00e9szek Turistah\u00e1z<\/title>\n<meta name=\"robots\" content=\"index, follow, max-snippet:-1, max-image-preview:large, max-video-preview:-1\" \/>\n<link rel=\"canonical\" href=\"https:\/\/dorogimedence.hu\/index.php\/2023\/10\/25\/90-eves-a-sasfeszek-turistahaz\/\" class=\"yoast-seo-meta-tag\" \/>\n<meta property=\"og:locale\" content=\"hu_HU\" class=\"yoast-seo-meta-tag\" \/>\n<meta property=\"og:type\" content=\"article\" class=\"yoast-seo-meta-tag\" \/>\n<meta property=\"og:title\" content=\"90 \u00e9ves a Sasf\u00e9szek Turistah\u00e1z\" class=\"yoast-seo-meta-tag\" \/>\n<meta property=\"og:description\" content=\"A 90 \u00e9ves Sasf\u00e9szek Turistah\u00e1z \u00e9vfordul\u00f3j\u00e1ra \u00fcnneps\u00e9get szervezett a Dorogi Atl\u00e9tikai Club Term\u00e9szetj\u00e1r\u00f3 Szakoszt\u00e1lya okt\u00f3ber 21-\u00e9n, szombaton. A sz\u00e9psz\u00e1m\u00fa sportbar\u00e1t el\u0151tt k\u00f6sz\u00f6nt\u0151t mondott G\u00e1licz G\u00e1bor szakoszt\u00e1lyvezet\u0151 \u00e9s Vig Attila, a DAC eln\u00f6ke &#8211; \u00edrja a dorogi \u00f6nkorm\u00e1nyzat a hivatalos honlapj\u00e1n. A h\u00e1z 1933-ban \u00e9p\u00fclt, amelyet a 80. \u00e9vfordul\u00f3ra a Pilisi Parkerd\u0151 (2013-ban) fel\u00faj\u00edtott. Felszerelts\u00e9g\u00e9t, k\u00e9nyelmi\" class=\"yoast-seo-meta-tag\" \/>\n<meta property=\"og:url\" content=\"https:\/\/dorogimedence.hu\/index.php\/2023\/10\/25\/90-eves-a-sasfeszek-turistahaz\/\" class=\"yoast-seo-meta-tag\" \/>\n<meta property=\"og:site_name\" content=\"Dorogi-medence Region\u00e1lis H\u00edrport\u00e1l\" class=\"yoast-seo-meta-tag\" \/>\n<meta property=\"article:publisher\" content=\"https:\/\/www.facebook.com\/dorogimedence\/\" class=\"yoast-seo-meta-tag\" \/>\n<meta property=\"article:published_time\" content=\"2023-10-25T07:21:35+00:00\" class=\"yoast-seo-meta-tag\" \/>\n<meta property=\"article:modified_time\" content=\"2023-10-26T08:26:03+00:00\" class=\"yoast-seo-meta-tag\" \/>\n<meta property=\"og:image\" content=\"https:\/\/dorogimedence.hu\/wp-content\/uploads\/2023\/10\/sasfeszek-01.jpg\" class=\"yoast-seo-meta-tag\" \/>\n\t<meta property=\"og:image:width\" content=\"1920\" class=\"yoast-seo-meta-tag\" \/>\n\t<meta property=\"og:image:height\" content=\"970\" class=\"yoast-seo-meta-tag\" \/>\n\t<meta property=\"og:image:type\" content=\"image\/jpeg\" class=\"yoast-seo-meta-tag\" \/>\n<meta name=\"author\" content=\"dorogimedence.hu\" class=\"yoast-seo-meta-tag\" \/>\n<meta name=\"twitter:card\" content=\"summary_large_image\" class=\"yoast-seo-meta-tag\" \/>\n<meta name=\"twitter:label1\" content=\"Szerz\u0151:\" class=\"yoast-seo-meta-tag\" \/>\n\t<meta name=\"twitter:data1\" content=\"dorogimedence.hu\" class=\"yoast-seo-meta-tag\" \/>\n\t<meta name=\"twitter:label2\" content=\"Becs\u00fclt olvas\u00e1si id\u0151\" class=\"yoast-seo-meta-tag\" \/>\n\t<meta name=\"twitter:data2\" content=\"1 perc\" class=\"yoast-seo-meta-tag\" \/>\n<script type=\"application\/ld+json\" class=\"yoast-schema-graph\">{\"@context\":\"https:\\\/\\\/schema.org\",\"@graph\":[{\"@type\":\"Article\",\"@id\":\"https:\\\/\\\/dorogimedence.hu\\\/index.php\\\/2023\\\/10\\\/25\\\/90-eves-a-sasfeszek-turistahaz\\\/#article\",\"isPartOf\":{\"@id\":\"https:\\\/\\\/dorogimedence.hu\\\/index.php\\\/2023\\\/10\\\/25\\\/90-eves-a-sasfeszek-turistahaz\\\/\"},\"author\":{\"name\":\"dorogimedence.hu\",\"@id\":\"https:\\\/\\\/dorogimedence.hu\\\/#\\\/schema\\\/person\\\/ce6091eeb7e95ecdc87890d6aa8e0fd4\"},\"headline\":\"90 \u00e9ves a Sasf\u00e9szek Turistah\u00e1z\",\"datePublished\":\"2023-10-25T07:21:35+00:00\",\"dateModified\":\"2023-10-26T08:26:03+00:00\",\"mainEntityOfPage\":{\"@id\":\"https:\\\/\\\/dorogimedence.hu\\\/index.php\\\/2023\\\/10\\\/25\\\/90-eves-a-sasfeszek-turistahaz\\\/\"},\"wordCount\":272,\"publisher\":{\"@id\":\"https:\\\/\\\/dorogimedence.hu\\\/#organization\"},\"image\":{\"@id\":\"https:\\\/\\\/dorogimedence.hu\\\/index.php\\\/2023\\\/10\\\/25\\\/90-eves-a-sasfeszek-turistahaz\\\/#primaryimage\"},\"thumbnailUrl\":\"https:\\\/\\\/dorogimedence.hu\\\/wp-content\\\/uploads\\\/2023\\\/10\\\/sasfeszek-01.jpg\",\"keywords\":[\"Dorog\",\"featured\",\"Fekete-hegy\",\"sasf\u00e9szek\",\"turistah\u00e1z\"],\"articleSection\":[\"Dorog\",\"H\u00edrek\"],\"inLanguage\":\"hu\"},{\"@type\":\"WebPage\",\"@id\":\"https:\\\/\\\/dorogimedence.hu\\\/index.php\\\/2023\\\/10\\\/25\\\/90-eves-a-sasfeszek-turistahaz\\\/\",\"url\":\"https:\\\/\\\/dorogimedence.hu\\\/index.php\\\/2023\\\/10\\\/25\\\/90-eves-a-sasfeszek-turistahaz\\\/\",\"name\":\"90 \u00e9ves a Sasf\u00e9szek Turistah\u00e1z\",\"isPartOf\":{\"@id\":\"https:\\\/\\\/dorogimedence.hu\\\/#website\"},\"primaryImageOfPage\":{\"@id\":\"https:\\\/\\\/dorogimedence.hu\\\/index.php\\\/2023\\\/10\\\/25\\\/90-eves-a-sasfeszek-turistahaz\\\/#primaryimage\"},\"image\":{\"@id\":\"https:\\\/\\\/dorogimedence.hu\\\/index.php\\\/2023\\\/10\\\/25\\\/90-eves-a-sasfeszek-turistahaz\\\/#primaryimage\"},\"thumbnailUrl\":\"https:\\\/\\\/dorogimedence.hu\\\/wp-content\\\/uploads\\\/2023\\\/10\\\/sasfeszek-01.jpg\",\"datePublished\":\"2023-10-25T07:21:35+00:00\",\"dateModified\":\"2023-10-26T08:26:03+00:00\",\"breadcrumb\":{\"@id\":\"https:\\\/\\\/dorogimedence.hu\\\/index.php\\\/2023\\\/10\\\/25\\\/90-eves-a-sasfeszek-turistahaz\\\/#breadcrumb\"},\"inLanguage\":\"hu\",\"potentialAction\":[{\"@type\":\"ReadAction\",\"target\":[\"https:\\\/\\\/dorogimedence.hu\\\/index.php\\\/2023\\\/10\\\/25\\\/90-eves-a-sasfeszek-turistahaz\\\/\"]}]},{\"@type\":\"ImageObject\",\"inLanguage\":\"hu\",\"@id\":\"https:\\\/\\\/dorogimedence.hu\\\/index.php\\\/2023\\\/10\\\/25\\\/90-eves-a-sasfeszek-turistahaz\\\/#primaryimage\",\"url\":\"https:\\\/\\\/dorogimedence.hu\\\/wp-content\\\/uploads\\\/2023\\\/10\\\/sasfeszek-01.jpg\",\"contentUrl\":\"https:\\\/\\\/dorogimedence.hu\\\/wp-content\\\/uploads\\\/2023\\\/10\\\/sasfeszek-01.jpg\",\"width\":1920,\"height\":970},{\"@type\":\"BreadcrumbList\",\"@id\":\"https:\\\/\\\/dorogimedence.hu\\\/index.php\\\/2023\\\/10\\\/25\\\/90-eves-a-sasfeszek-turistahaz\\\/#breadcrumb\",\"itemListElement\":[{\"@type\":\"ListItem\",\"position\":1,\"name\":\"Kezd\u0151lap\",\"item\":\"https:\\\/\\\/dorogimedence.hu\\\/\"},{\"@type\":\"ListItem\",\"position\":2,\"name\":\"90 \u00e9ves a Sasf\u00e9szek Turistah\u00e1z\"}]},{\"@type\":\"WebSite\",\"@id\":\"https:\\\/\\\/dorogimedence.hu\\\/#website\",\"url\":\"https:\\\/\\\/dorogimedence.hu\\\/\",\"name\":\"Dorogi-medence Region\u00e1lis H\u00edrport\u00e1l\",\"description\":\"Dorog, Keszt\u00f6lc, Le\u00e1nyv\u00e1r, Piliscs\u00e9v, Tokod, Tokodalt\u00e1r\u00f3, Csolnok, Esztergom-kertv\u00e1ros: h\u00edrek, programok\",\"publisher\":{\"@id\":\"https:\\\/\\\/dorogimedence.hu\\\/#organization\"},\"potentialAction\":[{\"@type\":\"SearchAction\",\"target\":{\"@type\":\"EntryPoint\",\"urlTemplate\":\"https:\\\/\\\/dorogimedence.hu\\\/?s={search_term_string}\"},\"query-input\":{\"@type\":\"PropertyValueSpecification\",\"valueRequired\":true,\"valueName\":\"search_term_string\"}}],\"inLanguage\":\"hu\"},{\"@type\":\"Organization\",\"@id\":\"https:\\\/\\\/dorogimedence.hu\\\/#organization\",\"name\":\"Dorogi-medence Region\u00e1lis H\u00edrport\u00e1l\",\"url\":\"https:\\\/\\\/dorogimedence.hu\\\/\",\"logo\":{\"@type\":\"ImageObject\",\"inLanguage\":\"hu\",\"@id\":\"https:\\\/\\\/dorogimedence.hu\\\/#\\\/schema\\\/logo\\\/image\\\/\",\"url\":\"https:\\\/\\\/dorogimedence.hu\\\/wp-content\\\/uploads\\\/2021\\\/04\\\/logo-feher-600.png\",\"contentUrl\":\"https:\\\/\\\/dorogimedence.hu\\\/wp-content\\\/uploads\\\/2021\\\/04\\\/logo-feher-600.png\",\"width\":600,\"height\":100,\"caption\":\"Dorogi-medence Region\u00e1lis H\u00edrport\u00e1l\"},\"image\":{\"@id\":\"https:\\\/\\\/dorogimedence.hu\\\/#\\\/schema\\\/logo\\\/image\\\/\"},\"sameAs\":[\"https:\\\/\\\/www.facebook.com\\\/dorogimedence\\\/\"]},{\"@type\":\"Person\",\"@id\":\"https:\\\/\\\/dorogimedence.hu\\\/#\\\/schema\\\/person\\\/ce6091eeb7e95ecdc87890d6aa8e0fd4\",\"name\":\"dorogimedence.hu\",\"image\":{\"@type\":\"ImageObject\",\"inLanguage\":\"hu\",\"@id\":\"\\\/\\\/www.gravatar.com\\\/avatar\\\/d8d45f8901aadff40a4af72c0b826f1d?s=96&#038;r=g&#038;d=mm\",\"url\":\"\\\/\\\/www.gravatar.com\\\/avatar\\\/d8d45f8901aadff40a4af72c0b826f1d?s=96&#038;r=g&#038;d=mm\",\"contentUrl\":\"\\\/\\\/www.gravatar.com\\\/avatar\\\/d8d45f8901aadff40a4af72c0b826f1d?s=96&#038;r=g&#038;d=mm\",\"caption\":\"dorogimedence.hu\"}}]}<\/script>\n<!-- \/ Yoast SEO plugin. -->","yoast_head_json":{"title":"90 \u00e9ves a Sasf\u00e9szek Turistah\u00e1z","robots":{"index":"index","follow":"follow","max-snippet":"max-snippet:-1","max-image-preview":"max-image-preview:large","max-video-preview":"max-video-preview:-1"},"canonical":"https:\/\/dorogimedence.hu\/index.php\/2023\/10\/25\/90-eves-a-sasfeszek-turistahaz\/","og_locale":"hu_HU","og_type":"article","og_title":"90 \u00e9ves a Sasf\u00e9szek Turistah\u00e1z","og_description":"A 90 \u00e9ves Sasf\u00e9szek Turistah\u00e1z \u00e9vfordul\u00f3j\u00e1ra \u00fcnneps\u00e9get szervezett a Dorogi Atl\u00e9tikai Club Term\u00e9szetj\u00e1r\u00f3 Szakoszt\u00e1lya okt\u00f3ber 21-\u00e9n, szombaton. A sz\u00e9psz\u00e1m\u00fa sportbar\u00e1t el\u0151tt k\u00f6sz\u00f6nt\u0151t mondott G\u00e1licz G\u00e1bor szakoszt\u00e1lyvezet\u0151 \u00e9s Vig Attila, a DAC eln\u00f6ke &#8211; \u00edrja a dorogi \u00f6nkorm\u00e1nyzat a hivatalos honlapj\u00e1n. A h\u00e1z 1933-ban \u00e9p\u00fclt, amelyet a 80. \u00e9vfordul\u00f3ra a Pilisi Parkerd\u0151 (2013-ban) fel\u00faj\u00edtott. Felszerelts\u00e9g\u00e9t, k\u00e9nyelmi","og_url":"https:\/\/dorogimedence.hu\/index.php\/2023\/10\/25\/90-eves-a-sasfeszek-turistahaz\/","og_site_name":"Dorogi-medence Region\u00e1lis H\u00edrport\u00e1l","article_publisher":"https:\/\/www.facebook.com\/dorogimedence\/","article_published_time":"2023-10-25T07:21:35+00:00","article_modified_time":"2023-10-26T08:26:03+00:00","og_image":[{"width":1920,"height":970,"url":"https:\/\/dorogimedence.hu\/wp-content\/uploads\/2023\/10\/sasfeszek-01.jpg","type":"image\/jpeg"}],"author":"dorogimedence.hu","twitter_card":"summary_large_image","twitter_misc":{"Szerz\u0151:":"dorogimedence.hu","Becs\u00fclt olvas\u00e1si id\u0151":"1 perc"},"schema":{"@context":"https:\/\/schema.org","@graph":[{"@type":"Article","@id":"https:\/\/dorogimedence.hu\/index.php\/2023\/10\/25\/90-eves-a-sasfeszek-turistahaz\/#article","isPartOf":{"@id":"https:\/\/dorogimedence.hu\/index.php\/2023\/10\/25\/90-eves-a-sasfeszek-turistahaz\/"},"author":{"name":"dorogimedence.hu","@id":"https:\/\/dorogimedence.hu\/#\/schema\/person\/ce6091eeb7e95ecdc87890d6aa8e0fd4"},"headline":"90 \u00e9ves a Sasf\u00e9szek Turistah\u00e1z","datePublished":"2023-10-25T07:21:35+00:00","dateModified":"2023-10-26T08:26:03+00:00","mainEntityOfPage":{"@id":"https:\/\/dorogimedence.hu\/index.php\/2023\/10\/25\/90-eves-a-sasfeszek-turistahaz\/"},"wordCount":272,"publisher":{"@id":"https:\/\/dorogimedence.hu\/#organization"},"image":{"@id":"https:\/\/dorogimedence.hu\/index.php\/2023\/10\/25\/90-eves-a-sasfeszek-turistahaz\/#primaryimage"},"thumbnailUrl":"https:\/\/dorogimedence.hu\/wp-content\/uploads\/2023\/10\/sasfeszek-01.jpg","keywords":["Dorog","featured","Fekete-hegy","sasf\u00e9szek","turistah\u00e1z"],"articleSection":["Dorog","H\u00edrek"],"inLanguage":"hu"},{"@type":"WebPage","@id":"https:\/\/dorogimedence.hu\/index.php\/2023\/10\/25\/90-eves-a-sasfeszek-turistahaz\/","url":"https:\/\/dorogimedence.hu\/index.php\/2023\/10\/25\/90-eves-a-sasfeszek-turistahaz\/","name":"90 \u00e9ves a Sasf\u00e9szek Turistah\u00e1z","isPartOf":{"@id":"https:\/\/dorogimedence.hu\/#website"},"primaryImageOfPage":{"@id":"https:\/\/dorogimedence.hu\/index.php\/2023\/10\/25\/90-eves-a-sasfeszek-turistahaz\/#primaryimage"},"image":{"@id":"https:\/\/dorogimedence.hu\/index.php\/2023\/10\/25\/90-eves-a-sasfeszek-turistahaz\/#primaryimage"},"thumbnailUrl":"https:\/\/dorogimedence.hu\/wp-content\/uploads\/2023\/10\/sasfeszek-01.jpg","datePublished":"2023-10-25T07:21:35+00:00","dateModified":"2023-10-26T08:26:03+00:00","breadcrumb":{"@id":"https:\/\/dorogimedence.hu\/index.php\/2023\/10\/25\/90-eves-a-sasfeszek-turistahaz\/#breadcrumb"},"inLanguage":"hu","potentialAction":[{"@type":"ReadAction","target":["https:\/\/dorogimedence.hu\/index.php\/2023\/10\/25\/90-eves-a-sasfeszek-turistahaz\/"]}]},{"@type":"ImageObject","inLanguage":"hu","@id":"https:\/\/dorogimedence.hu\/index.php\/2023\/10\/25\/90-eves-a-sasfeszek-turistahaz\/#primaryimage","url":"https:\/\/dorogimedence.hu\/wp-content\/uploads\/2023\/10\/sasfeszek-01.jpg","contentUrl":"https:\/\/dorogimedence.hu\/wp-content\/uploads\/2023\/10\/sasfeszek-01.jpg","width":1920,"height":970},{"@type":"BreadcrumbList","@id":"https:\/\/dorogimedence.hu\/index.php\/2023\/10\/25\/90-eves-a-sasfeszek-turistahaz\/#breadcrumb","itemListElement":[{"@type":"ListItem","position":1,"name":"Kezd\u0151lap","item":"https:\/\/dorogimedence.hu\/"},{"@type":"ListItem","position":2,"name":"90 \u00e9ves a Sasf\u00e9szek Turistah\u00e1z"}]},{"@type":"WebSite","@id":"https:\/\/dorogimedence.hu\/#website","url":"https:\/\/dorogimedence.hu\/","name":"Dorogi-medence Region\u00e1lis H\u00edrport\u00e1l","description":"Dorog, Keszt\u00f6lc, Le\u00e1nyv\u00e1r, Piliscs\u00e9v, Tokod, Tokodalt\u00e1r\u00f3, Csolnok, Esztergom-kertv\u00e1ros: h\u00edrek, programok","publisher":{"@id":"https:\/\/dorogimedence.hu\/#organization"},"potentialAction":[{"@type":"SearchAction","target":{"@type":"EntryPoint","urlTemplate":"https:\/\/dorogimedence.hu\/?s={search_term_string}"},"query-input":{"@type":"PropertyValueSpecification","valueRequired":true,"valueName":"search_term_string"}}],"inLanguage":"hu"},{"@type":"Organization","@id":"https:\/\/dorogimedence.hu\/#organization","name":"Dorogi-medence Region\u00e1lis H\u00edrport\u00e1l","url":"https:\/\/dorogimedence.hu\/","logo":{"@type":"ImageObject","inLanguage":"hu","@id":"https:\/\/dorogimedence.hu\/#\/schema\/logo\/image\/","url":"https:\/\/dorogimedence.hu\/wp-content\/uploads\/2021\/04\/logo-feher-600.png","contentUrl":"https:\/\/dorogimedence.hu\/wp-content\/uploads\/2021\/04\/logo-feher-600.png","width":600,"height":100,"caption":"Dorogi-medence Region\u00e1lis H\u00edrport\u00e1l"},"image":{"@id":"https:\/\/dorogimedence.hu\/#\/schema\/logo\/image\/"},"sameAs":["https:\/\/www.facebook.com\/dorogimedence\/"]},{"@type":"Person","@id":"https:\/\/dorogimedence.hu\/#\/schema\/person\/ce6091eeb7e95ecdc87890d6aa8e0fd4","name":"dorogimedence.hu","image":{"@type":"ImageObject","inLanguage":"hu","@id":"\/\/www.gravatar.com\/avatar\/d8d45f8901aadff40a4af72c0b826f1d?s=96&#038;r=g&#038;d=mm","url":"\/\/www.gravatar.com\/avatar\/d8d45f8901aadff40a4af72c0b826f1d?s=96&#038;r=g&#038;d=mm","contentUrl":"\/\/www.gravatar.com\/avatar\/d8d45f8901aadff40a4af72c0b826f1d?s=96&#038;r=g&#038;d=mm","caption":"dorogimedence.hu"}}]}},"_links":{"self":[{"href":"https:\/\/dorogimedence.hu\/index.php\/wp-json\/wp\/v2\/posts\/57301","targetHints":{"allow":["GET"]}}],"collection":[{"href":"https:\/\/dorogimedence.hu\/index.php\/wp-json\/wp\/v2\/posts"}],"about":[{"href":"https:\/\/dorogimedence.hu\/index.php\/wp-json\/wp\/v2\/types\/post"}],"author":[{"embeddable":true,"href":"https:\/\/dorogimedence.hu\/index.php\/wp-json\/wp\/v2\/users\/1"}],"replies":[{"embeddable":true,"href":"https:\/\/dorogimedence.hu\/index.php\/wp-json\/wp\/v2\/comments?post=57301"}],"version-history":[{"count":0,"href":"https:\/\/dorogimedence.hu\/index.php\/wp-json\/wp\/v2\/posts\/57301\/revisions"}],"wp:featuredmedia":[{"embeddable":true,"href":"https:\/\/dorogimedence.hu\/index.php\/wp-json\/wp\/v2\/media\/57302"}],"wp:attachment":[{"href":"https:\/\/dorogimedence.hu\/index.php\/wp-json\/wp\/v2\/media?parent=57301"}],"wp:term":[{"taxonomy":"category","embeddable":true,"href":"https:\/\/dorogimedence.hu\/index.php\/wp-json\/wp\/v2\/categories?post=57301"},{"taxonomy":"post_tag","embeddable":true,"href":"https:\/\/dorogimedence.hu\/index.php\/wp-json\/wp\/v2\/tags?post=57301"}],"curies":[{"name":"wp","href":"https:\/\/api.w.org\/{rel}","templated":true}]}}