{"id":57269,"date":"2023-10-24T12:05:04","date_gmt":"2023-10-24T10:05:04","guid":{"rendered":"https:\/\/dorogimedence.hu\/?p=57269"},"modified":"2023-10-24T12:33:12","modified_gmt":"2023-10-24T10:33:12","slug":"einczinger-ferenc-dijat-kapott-dr-urban-laszlo","status":"publish","type":"post","link":"https:\/\/dorogimedence.hu\/index.php\/2023\/10\/24\/einczinger-ferenc-dijat-kapott-dr-urban-laszlo\/","title":{"rendered":"Einczinger Ferenc-d\u00edjat kapott dr. Urb\u00e1n L\u00e1szl\u00f3"},"content":{"rendered":"<p><strong>Esztergom Megyei Jog\u00fa V\u00e1ros \u00d6nkorm\u00e1nyzata a v\u00e1ros gazdas\u00e1gi fejleszt\u00e9s\u00e9\u00e9rt \u00e9s a Magyar Suzukin\u00e1l v\u00e9gzett kimagasl\u00f3 munk\u00e1ss\u00e1g\u00e1\u00e9rt Einczinger Ferenc-d\u00edjat adom\u00e1nyozott dr. Urb\u00e1n L\u00e1szl\u00f3nak, a Magyar Suzuki Zrt. igazgat\u00f3s\u00e1gi tan\u00e1csad\u00f3j\u00e1nak. Az elismer\u00e9st okt\u00f3ber 23-\u00e1n Hern\u00e1di \u00c1d\u00e1m polg\u00e1rmester adta \u00e1t a V\u00e1rmegyeh\u00e1za D\u00edszterm\u00e9ben.<br \/>\n<\/strong><\/p>\n<p>Esztergom V\u00e1ros \u00d6nkorm\u00e1nyzat\u00e1nak K\u00e9pvisel\u0151-test\u00fclete Einczinger Ferenc-d\u00edj \u201eEsztergom Gyarapod\u00e1s\u00e1\u00e9rt\u201d kit\u00fcntet\u00e9s adom\u00e1nyoz\u00e1s\u00e1val ismeri el azok tev\u00e9kenys\u00e9g\u00e9t, akik a megyei jog\u00fa v\u00e1ros gazdas\u00e1gi fejleszt\u00e9se ter\u00e9n kiemelked\u0151 munk\u00e1t v\u00e9geztek. Ez a munka pedig kedvez\u0151 hat\u00e1ssal volt a v\u00e1ros \u00e9s t\u00e9rs\u00e9ge gyarapod\u00e1s\u00e1ra. Dr. Urb\u00e1n L\u00e1szl\u00f3 t\u00f6bb mint 15 \u00e9ven \u00e1t volt id\u00e9n j\u00faniusig a Magyar Suzuki vez\u00e9rigazgat\u00f3-helyettese. Az aut\u00f3ipari gy\u00e1rt\u00f3v\u00e1llalat fenn\u00e1ll\u00e1sa 32 \u00e9ve alatt nemcsak a t\u00e9rs\u00e9g, hanem Magyarorsz\u00e1g gazdas\u00e1gi \u00e9let\u00e9nek meghat\u00e1roz\u00f3 szerepl\u0151j\u00e9v\u00e9, \u00e9s jelent\u0151s munk\u00e1ltat\u00f3j\u00e1v\u00e1 v\u00e1lt.<\/p>\n<p>Dr. Urb\u00e1n L\u00e1szl\u00f3 nemzetk\u00f6zi k\u00f6zgazd\u00e1sz karrierj\u00e9t k\u00f6vet\u0151en 2002-ben csatlakozott a Magyar Suzukihoz el\u0151bb k\u00fcls\u0151 \u00fczletviteli tan\u00e1csad\u00f3k\u00e9nt. 2007-t\u0151l 2023-ig igazgat\u00f3s\u00e1gi tagk\u00e9nt, illetve vez\u00e9rigazgat\u00f3-helyettesk\u00e9nt j\u00e1rult hozz\u00e1 a c\u00e9g meghat\u00e1roz\u00f3 eredm\u00e9nyeihez. Feladatai k\u00f6z\u00e9 tartozott a v\u00e1llalat korm\u00e1nyzati \u00e9s ipar\u00e1gi kapcsolatainak fejleszt\u00e9se, az innov\u00e1ci\u00f3s ter\u00fclet \u00e9s a v\u00e1llalati kommunik\u00e1ci\u00f3 ir\u00e1ny\u00edt\u00e1sa is. T\u00f6bb olyan m\u00e9rf\u00f6ldk\u0151 el\u00e9r\u00e9s\u00e9ben v\u00e1llalt megker\u00fclhetetlen szerepet, amelyek a Magyar Suzukit a hazai gazdas\u00e1g egyik meghat\u00e1roz\u00f3 szerepl\u0151j\u00e9v\u00e9, az aut\u00f3ipari szektorban pedig az egyik legn\u00e9pszer\u0171bb m\u00e1rk\u00e1v\u00e1 emelte. A Suzuki Csoporton bel\u00fcl a Magyar Suzuki helyzete stabil: Esztergomban m\u0171k\u00f6dik a jap\u00e1n anyav\u00e1llalat egyetlen eur\u00f3pai gy\u00e1rt\u00f3b\u00e1zisa, illetve p\u00f3talkatr\u00e9sz- \u00e9s kieg\u00e9sz\u00edt\u0151tartoz\u00e9k ell\u00e1t\u00f3k\u00f6zpontja. 2017 \u00f3ta \u0151rzi piacvezet\u0151 poz\u00edci\u00f3j\u00e1t az \u00fajaut\u00f3 elad\u00e1sok list\u00e1j\u00e1n. Dr. Urb\u00e1n L\u00e1szl\u00f3 munk\u00e1ss\u00e1ga alatt a Magyar Suzuki \u00fczem\u00e9ben sz\u00e1mos \u00faj\u00edt\u00e1s \u00e9s fejleszt\u00e9s val\u00f3sult meg \u00e9s t\u00f6bb milli\u00f3 Suzuki modell g\u00f6rd\u00fclt le a gy\u00e1rt\u00f3sorr\u00f3l.<\/p>\n<p><img fetchpriority=\"high\" decoding=\"async\" class=\"alignnone size-full wp-image-57270\" src=\"https:\/\/dorogimedence.hu\/wp-content\/uploads\/2023\/10\/dij-02.jpg\" alt=\"\" width=\"1200\" height=\"1799\" srcset=\"https:\/\/dorogimedence.hu\/wp-content\/uploads\/2023\/10\/dij-02.jpg 1200w, https:\/\/dorogimedence.hu\/wp-content\/uploads\/2023\/10\/dij-02-400x600.jpg 400w, https:\/\/dorogimedence.hu\/wp-content\/uploads\/2023\/10\/dij-02-768x1151.jpg 768w, https:\/\/dorogimedence.hu\/wp-content\/uploads\/2023\/10\/dij-02-1025x1536.jpg 1025w, https:\/\/dorogimedence.hu\/wp-content\/uploads\/2023\/10\/dij-02-150x225.jpg 150w, https:\/\/dorogimedence.hu\/wp-content\/uploads\/2023\/10\/dij-02-450x675.jpg 450w\" sizes=\"(max-width: 1200px) 100vw, 1200px\" \/><\/p>\n<p>Munk\u00e1j\u00e1t t\u00f6bbsz\u00f6r is elismert\u00e9k: 2011 december\u00e9ben a Magyar K\u00f6zt\u00e1rsas\u00e1gi \u00c9rdemrend Lovagkeresztje, majd 2018. m\u00e1rcius 15-e alkalm\u00e1b\u00f3l Magyar \u00c9rdemrend Tisztikeresztje kit\u00fcntet\u00e9sekben r\u00e9szes\u00fclt.<\/p>\n<p>Okt\u00f3ber 23-\u00e1n Hern\u00e1di \u00c1d\u00e1m polg\u00e1rmester \u00fcnnep\u00e9lyes keretek k\u00f6z\u00f6tt a V\u00e1rosh\u00e1z\u00e1n adta \u00e1t dr. Urb\u00e1n L\u00e1szl\u00f3nak az Einczinger Ferenc-d\u00edjat, elismerve a v\u00e1ros gazdas\u00e1gi fejleszt\u00e9s\u00e9\u00e9rt \u00e9s a Magyar Suzukin\u00e1l v\u00e9gzett kimagasl\u00f3 munk\u00e1ss\u00e1g\u00e1t.<\/p>\n<p><em>Az Einczinger Ferenc-d\u00edj<a href=\"#_ftn1\" name=\"_ftnref1\"><\/a> n\u00e9vad\u00f3ja magyar fest\u0151, grafikus, \u00fajs\u00e1g\u00edr\u00f3, k\u00f6z\u00e9leti szem\u00e9lyis\u00e9g, Esztergom nagyra becs\u00fclt polg\u00e1ra volt a XX. sz\u00e1zad els\u0151 fel\u00e9ben. Einczinger Ferenc nyugd\u00edjba vonul\u00e1s\u00e1ig az Esztergomi Takar\u00e9kp\u00e9nzt\u00e1r Rt.-ban dolgozott el\u0151bb tisztvisel\u0151k\u00e9nt, k\u00e9s\u0151bb f\u0151k\u00f6nyvvezet\u0151k\u00e9nt v\u00e9g\u00fcl pedig \u00fcgyvezet\u0151 igazgat\u00f3k\u00e9nt.<\/em><\/p>\n<p><em>Fot\u00f3k, forr\u00e1s: Magyar Suzuki Zrt.<\/em><\/p>\n","protected":false},"excerpt":{"rendered":"<p>Esztergom Megyei Jog\u00fa V\u00e1ros \u00d6nkorm\u00e1nyzata a v\u00e1ros gazdas\u00e1gi fejleszt\u00e9s\u00e9\u00e9rt \u00e9s a Magyar Suzukin\u00e1l v\u00e9gzett kimagasl\u00f3 munk\u00e1ss\u00e1g\u00e1\u00e9rt Einczinger Ferenc-d\u00edjat adom\u00e1nyozott dr. Urb\u00e1n L\u00e1szl\u00f3nak, a Magyar Suzuki Zrt. igazgat\u00f3s\u00e1gi tan\u00e1csad\u00f3j\u00e1nak. Az elismer\u00e9st okt\u00f3ber 23-\u00e1n Hern\u00e1di \u00c1d\u00e1m polg\u00e1rmester adta \u00e1t a V\u00e1rmegyeh\u00e1za D\u00edszterm\u00e9ben. Esztergom V\u00e1ros \u00d6nkorm\u00e1nyzat\u00e1nak K\u00e9pvisel\u0151-test\u00fclete Einczinger Ferenc-d\u00edj \u201eEsztergom Gyarapod\u00e1s\u00e1\u00e9rt\u201d kit\u00fcntet\u00e9s adom\u00e1nyoz\u00e1s\u00e1val ismeri el azok tev\u00e9kenys\u00e9g\u00e9t, akik<\/p>\n","protected":false},"author":1,"featured_media":57271,"comment_status":"closed","ping_status":"closed","sticky":false,"template":"","format":"standard","meta":{"ngg_post_thumbnail":0,"footnotes":""},"categories":[38,3],"tags":[585,594,7534,42,4649],"class_list":{"0":"post-57269","1":"post","2":"type-post","3":"status-publish","4":"format-standard","5":"has-post-thumbnail","7":"category-esztergom","8":"category-hirek","9":"tag-dij","10":"tag-dijatado","11":"tag-einczinger-ferenc-dij","12":"tag-esztergom","13":"tag-magyar-suzuki-zrt"},"yoast_head":"<!-- This site is optimized with the Yoast SEO plugin v27.5 - https:\/\/yoast.com\/product\/yoast-seo-wordpress\/ -->\n<title>Einczinger Ferenc-d\u00edjat kapott dr. Urb\u00e1n L\u00e1szl\u00f3<\/title>\n<meta name=\"robots\" content=\"index, follow, max-snippet:-1, max-image-preview:large, max-video-preview:-1\" \/>\n<link rel=\"canonical\" href=\"https:\/\/dorogimedence.hu\/index.php\/2023\/10\/24\/einczinger-ferenc-dijat-kapott-dr-urban-laszlo\/\" class=\"yoast-seo-meta-tag\" \/>\n<meta property=\"og:locale\" content=\"hu_HU\" class=\"yoast-seo-meta-tag\" \/>\n<meta property=\"og:type\" content=\"article\" class=\"yoast-seo-meta-tag\" \/>\n<meta property=\"og:title\" content=\"Einczinger Ferenc-d\u00edjat kapott dr. Urb\u00e1n L\u00e1szl\u00f3\" class=\"yoast-seo-meta-tag\" \/>\n<meta property=\"og:description\" content=\"Esztergom Megyei Jog\u00fa V\u00e1ros \u00d6nkorm\u00e1nyzata a v\u00e1ros gazdas\u00e1gi fejleszt\u00e9s\u00e9\u00e9rt \u00e9s a Magyar Suzukin\u00e1l v\u00e9gzett kimagasl\u00f3 munk\u00e1ss\u00e1g\u00e1\u00e9rt Einczinger Ferenc-d\u00edjat adom\u00e1nyozott dr. Urb\u00e1n L\u00e1szl\u00f3nak, a Magyar Suzuki Zrt. igazgat\u00f3s\u00e1gi tan\u00e1csad\u00f3j\u00e1nak. Az elismer\u00e9st okt\u00f3ber 23-\u00e1n Hern\u00e1di \u00c1d\u00e1m polg\u00e1rmester adta \u00e1t a V\u00e1rmegyeh\u00e1za D\u00edszterm\u00e9ben. Esztergom V\u00e1ros \u00d6nkorm\u00e1nyzat\u00e1nak K\u00e9pvisel\u0151-test\u00fclete Einczinger Ferenc-d\u00edj \u201eEsztergom Gyarapod\u00e1s\u00e1\u00e9rt\u201d kit\u00fcntet\u00e9s adom\u00e1nyoz\u00e1s\u00e1val ismeri el azok tev\u00e9kenys\u00e9g\u00e9t, akik\" class=\"yoast-seo-meta-tag\" \/>\n<meta property=\"og:url\" content=\"https:\/\/dorogimedence.hu\/index.php\/2023\/10\/24\/einczinger-ferenc-dijat-kapott-dr-urban-laszlo\/\" class=\"yoast-seo-meta-tag\" \/>\n<meta property=\"og:site_name\" content=\"Dorogi-medence Region\u00e1lis H\u00edrport\u00e1l\" class=\"yoast-seo-meta-tag\" \/>\n<meta property=\"article:publisher\" content=\"https:\/\/www.facebook.com\/dorogimedence\/\" class=\"yoast-seo-meta-tag\" \/>\n<meta property=\"article:published_time\" content=\"2023-10-24T10:05:04+00:00\" class=\"yoast-seo-meta-tag\" \/>\n<meta property=\"article:modified_time\" content=\"2023-10-24T10:33:12+00:00\" class=\"yoast-seo-meta-tag\" \/>\n<meta property=\"og:image\" content=\"https:\/\/dorogimedence.hu\/wp-content\/uploads\/2023\/10\/dij-01.jpg\" class=\"yoast-seo-meta-tag\" \/>\n\t<meta property=\"og:image:width\" content=\"1920\" class=\"yoast-seo-meta-tag\" \/>\n\t<meta property=\"og:image:height\" content=\"970\" class=\"yoast-seo-meta-tag\" \/>\n\t<meta property=\"og:image:type\" content=\"image\/jpeg\" class=\"yoast-seo-meta-tag\" \/>\n<meta name=\"author\" content=\"dorogimedence.hu\" class=\"yoast-seo-meta-tag\" \/>\n<meta name=\"twitter:card\" content=\"summary_large_image\" class=\"yoast-seo-meta-tag\" \/>\n<meta name=\"twitter:label1\" content=\"Szerz\u0151:\" class=\"yoast-seo-meta-tag\" \/>\n\t<meta name=\"twitter:data1\" content=\"dorogimedence.hu\" class=\"yoast-seo-meta-tag\" \/>\n\t<meta name=\"twitter:label2\" content=\"Becs\u00fclt olvas\u00e1si id\u0151\" class=\"yoast-seo-meta-tag\" \/>\n\t<meta name=\"twitter:data2\" content=\"3 perc\" class=\"yoast-seo-meta-tag\" \/>\n<script type=\"application\/ld+json\" class=\"yoast-schema-graph\">{\"@context\":\"https:\\\/\\\/schema.org\",\"@graph\":[{\"@type\":\"Article\",\"@id\":\"https:\\\/\\\/dorogimedence.hu\\\/index.php\\\/2023\\\/10\\\/24\\\/einczinger-ferenc-dijat-kapott-dr-urban-laszlo\\\/#article\",\"isPartOf\":{\"@id\":\"https:\\\/\\\/dorogimedence.hu\\\/index.php\\\/2023\\\/10\\\/24\\\/einczinger-ferenc-dijat-kapott-dr-urban-laszlo\\\/\"},\"author\":{\"name\":\"dorogimedence.hu\",\"@id\":\"https:\\\/\\\/dorogimedence.hu\\\/#\\\/schema\\\/person\\\/ce6091eeb7e95ecdc87890d6aa8e0fd4\"},\"headline\":\"Einczinger Ferenc-d\u00edjat kapott dr. Urb\u00e1n L\u00e1szl\u00f3\",\"datePublished\":\"2023-10-24T10:05:04+00:00\",\"dateModified\":\"2023-10-24T10:33:12+00:00\",\"mainEntityOfPage\":{\"@id\":\"https:\\\/\\\/dorogimedence.hu\\\/index.php\\\/2023\\\/10\\\/24\\\/einczinger-ferenc-dijat-kapott-dr-urban-laszlo\\\/\"},\"wordCount\":592,\"publisher\":{\"@id\":\"https:\\\/\\\/dorogimedence.hu\\\/#organization\"},\"image\":{\"@id\":\"https:\\\/\\\/dorogimedence.hu\\\/index.php\\\/2023\\\/10\\\/24\\\/einczinger-ferenc-dijat-kapott-dr-urban-laszlo\\\/#primaryimage\"},\"thumbnailUrl\":\"https:\\\/\\\/dorogimedence.hu\\\/wp-content\\\/uploads\\\/2023\\\/10\\\/dij-01.jpg\",\"keywords\":[\"d\u00edj\",\"d\u00edj\u00e1tad\u00f3\",\"Einczinger Ferenc-d\u00edj\",\"esztergom\",\"Magyar Suzuki Zrt.\"],\"articleSection\":[\"Esztergom\",\"H\u00edrek\"],\"inLanguage\":\"hu\"},{\"@type\":\"WebPage\",\"@id\":\"https:\\\/\\\/dorogimedence.hu\\\/index.php\\\/2023\\\/10\\\/24\\\/einczinger-ferenc-dijat-kapott-dr-urban-laszlo\\\/\",\"url\":\"https:\\\/\\\/dorogimedence.hu\\\/index.php\\\/2023\\\/10\\\/24\\\/einczinger-ferenc-dijat-kapott-dr-urban-laszlo\\\/\",\"name\":\"Einczinger Ferenc-d\u00edjat kapott dr. Urb\u00e1n L\u00e1szl\u00f3\",\"isPartOf\":{\"@id\":\"https:\\\/\\\/dorogimedence.hu\\\/#website\"},\"primaryImageOfPage\":{\"@id\":\"https:\\\/\\\/dorogimedence.hu\\\/index.php\\\/2023\\\/10\\\/24\\\/einczinger-ferenc-dijat-kapott-dr-urban-laszlo\\\/#primaryimage\"},\"image\":{\"@id\":\"https:\\\/\\\/dorogimedence.hu\\\/index.php\\\/2023\\\/10\\\/24\\\/einczinger-ferenc-dijat-kapott-dr-urban-laszlo\\\/#primaryimage\"},\"thumbnailUrl\":\"https:\\\/\\\/dorogimedence.hu\\\/wp-content\\\/uploads\\\/2023\\\/10\\\/dij-01.jpg\",\"datePublished\":\"2023-10-24T10:05:04+00:00\",\"dateModified\":\"2023-10-24T10:33:12+00:00\",\"breadcrumb\":{\"@id\":\"https:\\\/\\\/dorogimedence.hu\\\/index.php\\\/2023\\\/10\\\/24\\\/einczinger-ferenc-dijat-kapott-dr-urban-laszlo\\\/#breadcrumb\"},\"inLanguage\":\"hu\",\"potentialAction\":[{\"@type\":\"ReadAction\",\"target\":[\"https:\\\/\\\/dorogimedence.hu\\\/index.php\\\/2023\\\/10\\\/24\\\/einczinger-ferenc-dijat-kapott-dr-urban-laszlo\\\/\"]}]},{\"@type\":\"ImageObject\",\"inLanguage\":\"hu\",\"@id\":\"https:\\\/\\\/dorogimedence.hu\\\/index.php\\\/2023\\\/10\\\/24\\\/einczinger-ferenc-dijat-kapott-dr-urban-laszlo\\\/#primaryimage\",\"url\":\"https:\\\/\\\/dorogimedence.hu\\\/wp-content\\\/uploads\\\/2023\\\/10\\\/dij-01.jpg\",\"contentUrl\":\"https:\\\/\\\/dorogimedence.hu\\\/wp-content\\\/uploads\\\/2023\\\/10\\\/dij-01.jpg\",\"width\":1920,\"height\":970},{\"@type\":\"BreadcrumbList\",\"@id\":\"https:\\\/\\\/dorogimedence.hu\\\/index.php\\\/2023\\\/10\\\/24\\\/einczinger-ferenc-dijat-kapott-dr-urban-laszlo\\\/#breadcrumb\",\"itemListElement\":[{\"@type\":\"ListItem\",\"position\":1,\"name\":\"Kezd\u0151lap\",\"item\":\"https:\\\/\\\/dorogimedence.hu\\\/\"},{\"@type\":\"ListItem\",\"position\":2,\"name\":\"Einczinger Ferenc-d\u00edjat kapott dr. Urb\u00e1n L\u00e1szl\u00f3\"}]},{\"@type\":\"WebSite\",\"@id\":\"https:\\\/\\\/dorogimedence.hu\\\/#website\",\"url\":\"https:\\\/\\\/dorogimedence.hu\\\/\",\"name\":\"Dorogi-medence Region\u00e1lis H\u00edrport\u00e1l\",\"description\":\"Dorog, Keszt\u00f6lc, Le\u00e1nyv\u00e1r, Piliscs\u00e9v, Tokod, Tokodalt\u00e1r\u00f3, Csolnok, Esztergom-kertv\u00e1ros: h\u00edrek, programok\",\"publisher\":{\"@id\":\"https:\\\/\\\/dorogimedence.hu\\\/#organization\"},\"potentialAction\":[{\"@type\":\"SearchAction\",\"target\":{\"@type\":\"EntryPoint\",\"urlTemplate\":\"https:\\\/\\\/dorogimedence.hu\\\/?s={search_term_string}\"},\"query-input\":{\"@type\":\"PropertyValueSpecification\",\"valueRequired\":true,\"valueName\":\"search_term_string\"}}],\"inLanguage\":\"hu\"},{\"@type\":\"Organization\",\"@id\":\"https:\\\/\\\/dorogimedence.hu\\\/#organization\",\"name\":\"Dorogi-medence Region\u00e1lis H\u00edrport\u00e1l\",\"url\":\"https:\\\/\\\/dorogimedence.hu\\\/\",\"logo\":{\"@type\":\"ImageObject\",\"inLanguage\":\"hu\",\"@id\":\"https:\\\/\\\/dorogimedence.hu\\\/#\\\/schema\\\/logo\\\/image\\\/\",\"url\":\"https:\\\/\\\/dorogimedence.hu\\\/wp-content\\\/uploads\\\/2021\\\/04\\\/logo-feher-600.png\",\"contentUrl\":\"https:\\\/\\\/dorogimedence.hu\\\/wp-content\\\/uploads\\\/2021\\\/04\\\/logo-feher-600.png\",\"width\":600,\"height\":100,\"caption\":\"Dorogi-medence Region\u00e1lis H\u00edrport\u00e1l\"},\"image\":{\"@id\":\"https:\\\/\\\/dorogimedence.hu\\\/#\\\/schema\\\/logo\\\/image\\\/\"},\"sameAs\":[\"https:\\\/\\\/www.facebook.com\\\/dorogimedence\\\/\"]},{\"@type\":\"Person\",\"@id\":\"https:\\\/\\\/dorogimedence.hu\\\/#\\\/schema\\\/person\\\/ce6091eeb7e95ecdc87890d6aa8e0fd4\",\"name\":\"dorogimedence.hu\",\"image\":{\"@type\":\"ImageObject\",\"inLanguage\":\"hu\",\"@id\":\"\\\/\\\/www.gravatar.com\\\/avatar\\\/d8d45f8901aadff40a4af72c0b826f1d?s=96&#038;r=g&#038;d=mm\",\"url\":\"\\\/\\\/www.gravatar.com\\\/avatar\\\/d8d45f8901aadff40a4af72c0b826f1d?s=96&#038;r=g&#038;d=mm\",\"contentUrl\":\"\\\/\\\/www.gravatar.com\\\/avatar\\\/d8d45f8901aadff40a4af72c0b826f1d?s=96&#038;r=g&#038;d=mm\",\"caption\":\"dorogimedence.hu\"}}]}<\/script>\n<!-- \/ Yoast SEO plugin. -->","yoast_head_json":{"title":"Einczinger Ferenc-d\u00edjat kapott dr. Urb\u00e1n L\u00e1szl\u00f3","robots":{"index":"index","follow":"follow","max-snippet":"max-snippet:-1","max-image-preview":"max-image-preview:large","max-video-preview":"max-video-preview:-1"},"canonical":"https:\/\/dorogimedence.hu\/index.php\/2023\/10\/24\/einczinger-ferenc-dijat-kapott-dr-urban-laszlo\/","og_locale":"hu_HU","og_type":"article","og_title":"Einczinger Ferenc-d\u00edjat kapott dr. Urb\u00e1n L\u00e1szl\u00f3","og_description":"Esztergom Megyei Jog\u00fa V\u00e1ros \u00d6nkorm\u00e1nyzata a v\u00e1ros gazdas\u00e1gi fejleszt\u00e9s\u00e9\u00e9rt \u00e9s a Magyar Suzukin\u00e1l v\u00e9gzett kimagasl\u00f3 munk\u00e1ss\u00e1g\u00e1\u00e9rt Einczinger Ferenc-d\u00edjat adom\u00e1nyozott dr. Urb\u00e1n L\u00e1szl\u00f3nak, a Magyar Suzuki Zrt. igazgat\u00f3s\u00e1gi tan\u00e1csad\u00f3j\u00e1nak. Az elismer\u00e9st okt\u00f3ber 23-\u00e1n Hern\u00e1di \u00c1d\u00e1m polg\u00e1rmester adta \u00e1t a V\u00e1rmegyeh\u00e1za D\u00edszterm\u00e9ben. Esztergom V\u00e1ros \u00d6nkorm\u00e1nyzat\u00e1nak K\u00e9pvisel\u0151-test\u00fclete Einczinger Ferenc-d\u00edj \u201eEsztergom Gyarapod\u00e1s\u00e1\u00e9rt\u201d kit\u00fcntet\u00e9s adom\u00e1nyoz\u00e1s\u00e1val ismeri el azok tev\u00e9kenys\u00e9g\u00e9t, akik","og_url":"https:\/\/dorogimedence.hu\/index.php\/2023\/10\/24\/einczinger-ferenc-dijat-kapott-dr-urban-laszlo\/","og_site_name":"Dorogi-medence Region\u00e1lis H\u00edrport\u00e1l","article_publisher":"https:\/\/www.facebook.com\/dorogimedence\/","article_published_time":"2023-10-24T10:05:04+00:00","article_modified_time":"2023-10-24T10:33:12+00:00","og_image":[{"width":1920,"height":970,"url":"https:\/\/dorogimedence.hu\/wp-content\/uploads\/2023\/10\/dij-01.jpg","type":"image\/jpeg"}],"author":"dorogimedence.hu","twitter_card":"summary_large_image","twitter_misc":{"Szerz\u0151:":"dorogimedence.hu","Becs\u00fclt olvas\u00e1si id\u0151":"3 perc"},"schema":{"@context":"https:\/\/schema.org","@graph":[{"@type":"Article","@id":"https:\/\/dorogimedence.hu\/index.php\/2023\/10\/24\/einczinger-ferenc-dijat-kapott-dr-urban-laszlo\/#article","isPartOf":{"@id":"https:\/\/dorogimedence.hu\/index.php\/2023\/10\/24\/einczinger-ferenc-dijat-kapott-dr-urban-laszlo\/"},"author":{"name":"dorogimedence.hu","@id":"https:\/\/dorogimedence.hu\/#\/schema\/person\/ce6091eeb7e95ecdc87890d6aa8e0fd4"},"headline":"Einczinger Ferenc-d\u00edjat kapott dr. Urb\u00e1n L\u00e1szl\u00f3","datePublished":"2023-10-24T10:05:04+00:00","dateModified":"2023-10-24T10:33:12+00:00","mainEntityOfPage":{"@id":"https:\/\/dorogimedence.hu\/index.php\/2023\/10\/24\/einczinger-ferenc-dijat-kapott-dr-urban-laszlo\/"},"wordCount":592,"publisher":{"@id":"https:\/\/dorogimedence.hu\/#organization"},"image":{"@id":"https:\/\/dorogimedence.hu\/index.php\/2023\/10\/24\/einczinger-ferenc-dijat-kapott-dr-urban-laszlo\/#primaryimage"},"thumbnailUrl":"https:\/\/dorogimedence.hu\/wp-content\/uploads\/2023\/10\/dij-01.jpg","keywords":["d\u00edj","d\u00edj\u00e1tad\u00f3","Einczinger Ferenc-d\u00edj","esztergom","Magyar Suzuki Zrt."],"articleSection":["Esztergom","H\u00edrek"],"inLanguage":"hu"},{"@type":"WebPage","@id":"https:\/\/dorogimedence.hu\/index.php\/2023\/10\/24\/einczinger-ferenc-dijat-kapott-dr-urban-laszlo\/","url":"https:\/\/dorogimedence.hu\/index.php\/2023\/10\/24\/einczinger-ferenc-dijat-kapott-dr-urban-laszlo\/","name":"Einczinger Ferenc-d\u00edjat kapott dr. Urb\u00e1n L\u00e1szl\u00f3","isPartOf":{"@id":"https:\/\/dorogimedence.hu\/#website"},"primaryImageOfPage":{"@id":"https:\/\/dorogimedence.hu\/index.php\/2023\/10\/24\/einczinger-ferenc-dijat-kapott-dr-urban-laszlo\/#primaryimage"},"image":{"@id":"https:\/\/dorogimedence.hu\/index.php\/2023\/10\/24\/einczinger-ferenc-dijat-kapott-dr-urban-laszlo\/#primaryimage"},"thumbnailUrl":"https:\/\/dorogimedence.hu\/wp-content\/uploads\/2023\/10\/dij-01.jpg","datePublished":"2023-10-24T10:05:04+00:00","dateModified":"2023-10-24T10:33:12+00:00","breadcrumb":{"@id":"https:\/\/dorogimedence.hu\/index.php\/2023\/10\/24\/einczinger-ferenc-dijat-kapott-dr-urban-laszlo\/#breadcrumb"},"inLanguage":"hu","potentialAction":[{"@type":"ReadAction","target":["https:\/\/dorogimedence.hu\/index.php\/2023\/10\/24\/einczinger-ferenc-dijat-kapott-dr-urban-laszlo\/"]}]},{"@type":"ImageObject","inLanguage":"hu","@id":"https:\/\/dorogimedence.hu\/index.php\/2023\/10\/24\/einczinger-ferenc-dijat-kapott-dr-urban-laszlo\/#primaryimage","url":"https:\/\/dorogimedence.hu\/wp-content\/uploads\/2023\/10\/dij-01.jpg","contentUrl":"https:\/\/dorogimedence.hu\/wp-content\/uploads\/2023\/10\/dij-01.jpg","width":1920,"height":970},{"@type":"BreadcrumbList","@id":"https:\/\/dorogimedence.hu\/index.php\/2023\/10\/24\/einczinger-ferenc-dijat-kapott-dr-urban-laszlo\/#breadcrumb","itemListElement":[{"@type":"ListItem","position":1,"name":"Kezd\u0151lap","item":"https:\/\/dorogimedence.hu\/"},{"@type":"ListItem","position":2,"name":"Einczinger Ferenc-d\u00edjat kapott dr. Urb\u00e1n L\u00e1szl\u00f3"}]},{"@type":"WebSite","@id":"https:\/\/dorogimedence.hu\/#website","url":"https:\/\/dorogimedence.hu\/","name":"Dorogi-medence Region\u00e1lis H\u00edrport\u00e1l","description":"Dorog, Keszt\u00f6lc, Le\u00e1nyv\u00e1r, Piliscs\u00e9v, Tokod, Tokodalt\u00e1r\u00f3, Csolnok, Esztergom-kertv\u00e1ros: h\u00edrek, programok","publisher":{"@id":"https:\/\/dorogimedence.hu\/#organization"},"potentialAction":[{"@type":"SearchAction","target":{"@type":"EntryPoint","urlTemplate":"https:\/\/dorogimedence.hu\/?s={search_term_string}"},"query-input":{"@type":"PropertyValueSpecification","valueRequired":true,"valueName":"search_term_string"}}],"inLanguage":"hu"},{"@type":"Organization","@id":"https:\/\/dorogimedence.hu\/#organization","name":"Dorogi-medence Region\u00e1lis H\u00edrport\u00e1l","url":"https:\/\/dorogimedence.hu\/","logo":{"@type":"ImageObject","inLanguage":"hu","@id":"https:\/\/dorogimedence.hu\/#\/schema\/logo\/image\/","url":"https:\/\/dorogimedence.hu\/wp-content\/uploads\/2021\/04\/logo-feher-600.png","contentUrl":"https:\/\/dorogimedence.hu\/wp-content\/uploads\/2021\/04\/logo-feher-600.png","width":600,"height":100,"caption":"Dorogi-medence Region\u00e1lis H\u00edrport\u00e1l"},"image":{"@id":"https:\/\/dorogimedence.hu\/#\/schema\/logo\/image\/"},"sameAs":["https:\/\/www.facebook.com\/dorogimedence\/"]},{"@type":"Person","@id":"https:\/\/dorogimedence.hu\/#\/schema\/person\/ce6091eeb7e95ecdc87890d6aa8e0fd4","name":"dorogimedence.hu","image":{"@type":"ImageObject","inLanguage":"hu","@id":"\/\/www.gravatar.com\/avatar\/d8d45f8901aadff40a4af72c0b826f1d?s=96&#038;r=g&#038;d=mm","url":"\/\/www.gravatar.com\/avatar\/d8d45f8901aadff40a4af72c0b826f1d?s=96&#038;r=g&#038;d=mm","contentUrl":"\/\/www.gravatar.com\/avatar\/d8d45f8901aadff40a4af72c0b826f1d?s=96&#038;r=g&#038;d=mm","caption":"dorogimedence.hu"}}]}},"_links":{"self":[{"href":"https:\/\/dorogimedence.hu\/index.php\/wp-json\/wp\/v2\/posts\/57269","targetHints":{"allow":["GET"]}}],"collection":[{"href":"https:\/\/dorogimedence.hu\/index.php\/wp-json\/wp\/v2\/posts"}],"about":[{"href":"https:\/\/dorogimedence.hu\/index.php\/wp-json\/wp\/v2\/types\/post"}],"author":[{"embeddable":true,"href":"https:\/\/dorogimedence.hu\/index.php\/wp-json\/wp\/v2\/users\/1"}],"replies":[{"embeddable":true,"href":"https:\/\/dorogimedence.hu\/index.php\/wp-json\/wp\/v2\/comments?post=57269"}],"version-history":[{"count":0,"href":"https:\/\/dorogimedence.hu\/index.php\/wp-json\/wp\/v2\/posts\/57269\/revisions"}],"wp:featuredmedia":[{"embeddable":true,"href":"https:\/\/dorogimedence.hu\/index.php\/wp-json\/wp\/v2\/media\/57271"}],"wp:attachment":[{"href":"https:\/\/dorogimedence.hu\/index.php\/wp-json\/wp\/v2\/media?parent=57269"}],"wp:term":[{"taxonomy":"category","embeddable":true,"href":"https:\/\/dorogimedence.hu\/index.php\/wp-json\/wp\/v2\/categories?post=57269"},{"taxonomy":"post_tag","embeddable":true,"href":"https:\/\/dorogimedence.hu\/index.php\/wp-json\/wp\/v2\/tags?post=57269"}],"curies":[{"name":"wp","href":"https:\/\/api.w.org\/{rel}","templated":true}]}}