{"id":57265,"date":"2023-10-24T11:59:02","date_gmt":"2023-10-24T09:59:02","guid":{"rendered":"https:\/\/dorogimedence.hu\/?p=57265"},"modified":"2023-10-24T11:59:59","modified_gmt":"2023-10-24T09:59:59","slug":"harcsat-es-pontyot-telepittettek-esztergomnal-es-neszmelynel","status":"publish","type":"post","link":"https:\/\/dorogimedence.hu\/index.php\/2023\/10\/24\/harcsat-es-pontyot-telepittettek-esztergomnal-es-neszmelynel\/","title":{"rendered":"Harcs\u00e1t \u00e9s pontyot telep\u00edttettek Esztergomn\u00e1l \u00e9s Neszm\u00e9lyn\u00e9l"},"content":{"rendered":"<p><strong>A KEMHESZ az elm\u00falt napokban 1250 kilogramm harcs\u00e1t \u00e9s 307 kilogramm saj\u00e1t nevel\u00e9s\u0171 pontyot telep\u00edtett a Dun\u00e1ba Neszm\u00e9lyn\u00e9l, illetve az esztergomi sz\u00e9nrakod\u00f3n\u00e1l.<\/strong><\/p>\n<p>Schmidt-Kov\u00e1cs Bence szakmai igazgat\u00f3 elmondta, a h\u00e1romnyaras pontyok a sz\u00f6vets\u00e9g saj\u00e1t nevel\u00e9s\u00e9b\u0151l sz\u00e1rmaznak. A halakat egy \u00e9vig a R\u00e9ti 8-as t\u00f3ban, nevelt\u00e9k, etett\u00e9k, fel\u00fcgyelt\u00e9k a t\u00f3 \u00e1llapot\u00e1t. A mostani alkalom pr\u00f3bahal\u00e1szat volt az \u00e1llom\u00e1ny gyarapod\u00e1s\u00e1nak ellen\u0151rz\u00e9s\u00e9re. A 2,5-3 kilogrammos s\u00faly megfelelt a v\u00e1rakoz\u00e1soknak, a mennyis\u00e9g majd a t\u00e9l el\u0151tti v\u00e9gleges lehal\u00e1sz\u00e1skor der\u00fcl ki.<\/p>\n<p>A v\u00e1rmegyei horg\u00e1szsz\u00f6vets\u00e9g eredm\u00e9nyesen szerepelt a MOHOSZ \u201eStandard \u00e9s prefer\u00e1lt \u0151shonos halfajok telep\u00edt\u00e9se \u00e9s visszatelep\u00edt\u00e9se\u201d elnevez\u00e9s\u0171, \u00c1PFE\/4\/2023 k\u00f3dsz\u00e1m\u00fa p\u00e1ly\u00e1zat\u00e1n \u00edgy egy- \u00e9s k\u00e9tnyaras pontyot, csuk\u00e1t \u00e9s harcs\u00e1t telep\u00edthet a t\u00e1mogat\u00e1s seg\u00edts\u00e9g\u00e9vel.<\/p>\n<p>Az elm\u00falt napokban 1250 kilogramm sz\u00fcrkeharcsa ker\u00fclt a Dun\u00e1ba Neszm\u00e9lyn\u00e9l. Az \u00e1tlagosan 2,7 kilogrammos p\u00e9ld\u00e1nyok egy-k\u00e9t h\u00e9t alatt megismerkednek a k\u00f6rnyezettel \u00e9s belakj\u00e1k a foly\u00f3 k\u00f6zeli helyeit.<\/p>\n<p><img fetchpriority=\"high\" decoding=\"async\" class=\"alignnone size-full wp-image-57266\" src=\"https:\/\/dorogimedence.hu\/wp-content\/uploads\/2023\/10\/haltelepites-02.jpg\" alt=\"\" width=\"1200\" height=\"1238\" srcset=\"https:\/\/dorogimedence.hu\/wp-content\/uploads\/2023\/10\/haltelepites-02.jpg 1200w, https:\/\/dorogimedence.hu\/wp-content\/uploads\/2023\/10\/haltelepites-02-582x600.jpg 582w, https:\/\/dorogimedence.hu\/wp-content\/uploads\/2023\/10\/haltelepites-02-768x792.jpg 768w, https:\/\/dorogimedence.hu\/wp-content\/uploads\/2023\/10\/haltelepites-02-150x155.jpg 150w, https:\/\/dorogimedence.hu\/wp-content\/uploads\/2023\/10\/haltelepites-02-450x464.jpg 450w\" sizes=\"(max-width: 1200px) 100vw, 1200px\" \/><\/p>\n<p>Hern\u00e1di \u00c1d\u00e1m, Esztergom polg\u00e1rmestere kiemelte, hogy a v\u00e1ros mindig sz\u00e1m\u00edthat a horg\u00e1szokra a k\u00f6rnyezetv\u00e9delmi, v\u00e1rossz\u00e9p\u00edt\u00e9si programokban, a sz\u00f6vets\u00e9g rendszeresen r\u00e9szt vesz a szem\u00e9tszed\u00e9si akci\u00f3kban is \u00e9s figyel a v\u00edzpartok tisztas\u00e1g\u00e1ra.<\/p>\n<p>Czunyin\u00e9 Dr. Bertalan Judit orsz\u00e1ggy\u0171l\u00e9si k\u00e9pvisel\u0151 sz\u00f3lt arr\u00f3l, hogy a v\u00e1rmegyei horg\u00e1szsz\u00f6vets\u00e9g a t\u00e9rs\u00e9g legnagyobb civil szervezetek\u00e9nt m\u0171k\u00f6dik, a kedvez\u0151 jogszab\u00e1lyi k\u00f6rnyezet, valamint a horg\u00e1szat t\u00e1rsadalmi elismerts\u00e9ge miatt stabil, n\u00f6vekv\u0151 tagl\u00e9tsz\u00e1mmal.<\/p>\n<p>Zoltai D\u00e1niel, a KEMHESZ eln\u00f6ke elmondta, a sz\u00f6vets\u00e9g nagy energi\u00e1t ford\u00edt a tervszer\u0171 gazd\u00e1lkod\u00e1sra, ennek egyik p\u00e9ld\u00e1ja a saj\u00e1t halnevel\u00e9s, melyre orsz\u00e1gosan is csak kev\u00e9s szervezet k\u00e9pes.<\/p>\n<p>\u00cdgy n\u00f6vekedni fog a telep\u00edthet\u0151 mennyis\u00e9g \u00e9s v\u00e1ltozatosabb lesz a Dun\u00e1ban halfaji \u00f6sszet\u00e9tel, term\u00e9szetesen csak \u0151shonos fajokkal sz\u00e1molva. A sz\u00f6vets\u00e9g c\u00e9lja, hogy az egyre n\u00f6vekv\u0151 l\u00e9tsz\u00e1m\u00fa horg\u00e1szt\u00e1rsadalom sz\u00e1m\u00e1ra biztos\u00edts\u00e1k a fog\u00e1s \u00e9lm\u00e9ny\u00e9t, az akt\u00edv kikapcsol\u00f3d\u00e1s lehet\u0151s\u00e9g\u00e9t.<\/p>\n","protected":false},"excerpt":{"rendered":"<p>A KEMHESZ az elm\u00falt napokban 1250 kilogramm harcs\u00e1t \u00e9s 307 kilogramm saj\u00e1t nevel\u00e9s\u0171 pontyot telep\u00edtett a Dun\u00e1ba Neszm\u00e9lyn\u00e9l, illetve az esztergomi sz\u00e9nrakod\u00f3n\u00e1l. Schmidt-Kov\u00e1cs Bence szakmai igazgat\u00f3 elmondta, a h\u00e1romnyaras pontyok a sz\u00f6vets\u00e9g saj\u00e1t nevel\u00e9s\u00e9b\u0151l sz\u00e1rmaznak. A halakat egy \u00e9vig a R\u00e9ti 8-as t\u00f3ban, nevelt\u00e9k, etett\u00e9k, fel\u00fcgyelt\u00e9k a t\u00f3 \u00e1llapot\u00e1t. A mostani alkalom pr\u00f3bahal\u00e1szat volt az<\/p>\n","protected":false},"author":1,"featured_media":57268,"comment_status":"closed","ping_status":"closed","sticky":false,"template":"","format":"standard","meta":{"ngg_post_thumbnail":0,"footnotes":""},"categories":[38,3,56],"tags":[229,42,4092,4398,2019],"class_list":{"0":"post-57265","1":"post","2":"type-post","3":"status-publish","4":"format-standard","5":"has-post-thumbnail","7":"category-esztergom","8":"category-hirek","9":"category-komarom-esztergom","10":"tag-duna","11":"tag-esztergom","12":"tag-haltelepites","13":"tag-kemhesz","14":"tag-neszmely"},"yoast_head":"<!-- This site is optimized with the Yoast SEO plugin v27.4 - https:\/\/yoast.com\/product\/yoast-seo-wordpress\/ -->\n<title>Harcs\u00e1t \u00e9s pontyot telep\u00edttettek Esztergomn\u00e1l \u00e9s Neszm\u00e9lyn\u00e9l<\/title>\n<meta name=\"robots\" content=\"index, follow, max-snippet:-1, max-image-preview:large, max-video-preview:-1\" \/>\n<link rel=\"canonical\" href=\"https:\/\/dorogimedence.hu\/index.php\/2023\/10\/24\/harcsat-es-pontyot-telepittettek-esztergomnal-es-neszmelynel\/\" class=\"yoast-seo-meta-tag\" \/>\n<meta property=\"og:locale\" content=\"hu_HU\" class=\"yoast-seo-meta-tag\" \/>\n<meta property=\"og:type\" content=\"article\" class=\"yoast-seo-meta-tag\" \/>\n<meta property=\"og:title\" content=\"Harcs\u00e1t \u00e9s pontyot telep\u00edttettek Esztergomn\u00e1l \u00e9s Neszm\u00e9lyn\u00e9l\" class=\"yoast-seo-meta-tag\" \/>\n<meta property=\"og:description\" content=\"A KEMHESZ az elm\u00falt napokban 1250 kilogramm harcs\u00e1t \u00e9s 307 kilogramm saj\u00e1t nevel\u00e9s\u0171 pontyot telep\u00edtett a Dun\u00e1ba Neszm\u00e9lyn\u00e9l, illetve az esztergomi sz\u00e9nrakod\u00f3n\u00e1l. Schmidt-Kov\u00e1cs Bence szakmai igazgat\u00f3 elmondta, a h\u00e1romnyaras pontyok a sz\u00f6vets\u00e9g saj\u00e1t nevel\u00e9s\u00e9b\u0151l sz\u00e1rmaznak. A halakat egy \u00e9vig a R\u00e9ti 8-as t\u00f3ban, nevelt\u00e9k, etett\u00e9k, fel\u00fcgyelt\u00e9k a t\u00f3 \u00e1llapot\u00e1t. A mostani alkalom pr\u00f3bahal\u00e1szat volt az\" class=\"yoast-seo-meta-tag\" \/>\n<meta property=\"og:url\" content=\"https:\/\/dorogimedence.hu\/index.php\/2023\/10\/24\/harcsat-es-pontyot-telepittettek-esztergomnal-es-neszmelynel\/\" class=\"yoast-seo-meta-tag\" \/>\n<meta property=\"og:site_name\" content=\"Dorogi-medence Region\u00e1lis H\u00edrport\u00e1l\" class=\"yoast-seo-meta-tag\" \/>\n<meta property=\"article:publisher\" content=\"https:\/\/www.facebook.com\/dorogimedence\/\" class=\"yoast-seo-meta-tag\" \/>\n<meta property=\"article:published_time\" content=\"2023-10-24T09:59:02+00:00\" class=\"yoast-seo-meta-tag\" \/>\n<meta property=\"article:modified_time\" content=\"2023-10-24T09:59:59+00:00\" class=\"yoast-seo-meta-tag\" \/>\n<meta property=\"og:image\" content=\"https:\/\/dorogimedence.hu\/wp-content\/uploads\/2023\/10\/haltelepites-01.jpg\" class=\"yoast-seo-meta-tag\" \/>\n\t<meta property=\"og:image:width\" content=\"1920\" class=\"yoast-seo-meta-tag\" \/>\n\t<meta property=\"og:image:height\" content=\"970\" class=\"yoast-seo-meta-tag\" \/>\n\t<meta property=\"og:image:type\" content=\"image\/jpeg\" class=\"yoast-seo-meta-tag\" \/>\n<meta name=\"author\" content=\"dorogimedence.hu\" class=\"yoast-seo-meta-tag\" \/>\n<meta name=\"twitter:card\" content=\"summary_large_image\" class=\"yoast-seo-meta-tag\" \/>\n<meta name=\"twitter:label1\" content=\"Szerz\u0151:\" class=\"yoast-seo-meta-tag\" \/>\n\t<meta name=\"twitter:data1\" content=\"dorogimedence.hu\" class=\"yoast-seo-meta-tag\" \/>\n\t<meta name=\"twitter:label2\" content=\"Becs\u00fclt olvas\u00e1si id\u0151\" class=\"yoast-seo-meta-tag\" \/>\n\t<meta name=\"twitter:data2\" content=\"2 perc\" class=\"yoast-seo-meta-tag\" \/>\n<script type=\"application\/ld+json\" class=\"yoast-schema-graph\">{\"@context\":\"https:\\\/\\\/schema.org\",\"@graph\":[{\"@type\":\"Article\",\"@id\":\"https:\\\/\\\/dorogimedence.hu\\\/index.php\\\/2023\\\/10\\\/24\\\/harcsat-es-pontyot-telepittettek-esztergomnal-es-neszmelynel\\\/#article\",\"isPartOf\":{\"@id\":\"https:\\\/\\\/dorogimedence.hu\\\/index.php\\\/2023\\\/10\\\/24\\\/harcsat-es-pontyot-telepittettek-esztergomnal-es-neszmelynel\\\/\"},\"author\":{\"name\":\"dorogimedence.hu\",\"@id\":\"https:\\\/\\\/dorogimedence.hu\\\/#\\\/schema\\\/person\\\/ce6091eeb7e95ecdc87890d6aa8e0fd4\"},\"headline\":\"Harcs\u00e1t \u00e9s pontyot telep\u00edttettek Esztergomn\u00e1l \u00e9s Neszm\u00e9lyn\u00e9l\",\"datePublished\":\"2023-10-24T09:59:02+00:00\",\"dateModified\":\"2023-10-24T09:59:59+00:00\",\"mainEntityOfPage\":{\"@id\":\"https:\\\/\\\/dorogimedence.hu\\\/index.php\\\/2023\\\/10\\\/24\\\/harcsat-es-pontyot-telepittettek-esztergomnal-es-neszmelynel\\\/\"},\"wordCount\":437,\"publisher\":{\"@id\":\"https:\\\/\\\/dorogimedence.hu\\\/#organization\"},\"image\":{\"@id\":\"https:\\\/\\\/dorogimedence.hu\\\/index.php\\\/2023\\\/10\\\/24\\\/harcsat-es-pontyot-telepittettek-esztergomnal-es-neszmelynel\\\/#primaryimage\"},\"thumbnailUrl\":\"https:\\\/\\\/dorogimedence.hu\\\/wp-content\\\/uploads\\\/2023\\\/10\\\/haltelepites-01.jpg\",\"keywords\":[\"Duna\",\"esztergom\",\"haltelep\u00edt\u00e9s\",\"KEMHESZ\",\"Neszm\u00e9ly\"],\"articleSection\":[\"Esztergom\",\"H\u00edrek\",\"Kom\u00e1rom-Esztergom\"],\"inLanguage\":\"hu\"},{\"@type\":\"WebPage\",\"@id\":\"https:\\\/\\\/dorogimedence.hu\\\/index.php\\\/2023\\\/10\\\/24\\\/harcsat-es-pontyot-telepittettek-esztergomnal-es-neszmelynel\\\/\",\"url\":\"https:\\\/\\\/dorogimedence.hu\\\/index.php\\\/2023\\\/10\\\/24\\\/harcsat-es-pontyot-telepittettek-esztergomnal-es-neszmelynel\\\/\",\"name\":\"Harcs\u00e1t \u00e9s pontyot telep\u00edttettek Esztergomn\u00e1l \u00e9s Neszm\u00e9lyn\u00e9l\",\"isPartOf\":{\"@id\":\"https:\\\/\\\/dorogimedence.hu\\\/#website\"},\"primaryImageOfPage\":{\"@id\":\"https:\\\/\\\/dorogimedence.hu\\\/index.php\\\/2023\\\/10\\\/24\\\/harcsat-es-pontyot-telepittettek-esztergomnal-es-neszmelynel\\\/#primaryimage\"},\"image\":{\"@id\":\"https:\\\/\\\/dorogimedence.hu\\\/index.php\\\/2023\\\/10\\\/24\\\/harcsat-es-pontyot-telepittettek-esztergomnal-es-neszmelynel\\\/#primaryimage\"},\"thumbnailUrl\":\"https:\\\/\\\/dorogimedence.hu\\\/wp-content\\\/uploads\\\/2023\\\/10\\\/haltelepites-01.jpg\",\"datePublished\":\"2023-10-24T09:59:02+00:00\",\"dateModified\":\"2023-10-24T09:59:59+00:00\",\"breadcrumb\":{\"@id\":\"https:\\\/\\\/dorogimedence.hu\\\/index.php\\\/2023\\\/10\\\/24\\\/harcsat-es-pontyot-telepittettek-esztergomnal-es-neszmelynel\\\/#breadcrumb\"},\"inLanguage\":\"hu\",\"potentialAction\":[{\"@type\":\"ReadAction\",\"target\":[\"https:\\\/\\\/dorogimedence.hu\\\/index.php\\\/2023\\\/10\\\/24\\\/harcsat-es-pontyot-telepittettek-esztergomnal-es-neszmelynel\\\/\"]}]},{\"@type\":\"ImageObject\",\"inLanguage\":\"hu\",\"@id\":\"https:\\\/\\\/dorogimedence.hu\\\/index.php\\\/2023\\\/10\\\/24\\\/harcsat-es-pontyot-telepittettek-esztergomnal-es-neszmelynel\\\/#primaryimage\",\"url\":\"https:\\\/\\\/dorogimedence.hu\\\/wp-content\\\/uploads\\\/2023\\\/10\\\/haltelepites-01.jpg\",\"contentUrl\":\"https:\\\/\\\/dorogimedence.hu\\\/wp-content\\\/uploads\\\/2023\\\/10\\\/haltelepites-01.jpg\",\"width\":1920,\"height\":970},{\"@type\":\"BreadcrumbList\",\"@id\":\"https:\\\/\\\/dorogimedence.hu\\\/index.php\\\/2023\\\/10\\\/24\\\/harcsat-es-pontyot-telepittettek-esztergomnal-es-neszmelynel\\\/#breadcrumb\",\"itemListElement\":[{\"@type\":\"ListItem\",\"position\":1,\"name\":\"Kezd\u0151lap\",\"item\":\"https:\\\/\\\/dorogimedence.hu\\\/\"},{\"@type\":\"ListItem\",\"position\":2,\"name\":\"Harcs\u00e1t \u00e9s pontyot telep\u00edttettek Esztergomn\u00e1l \u00e9s Neszm\u00e9lyn\u00e9l\"}]},{\"@type\":\"WebSite\",\"@id\":\"https:\\\/\\\/dorogimedence.hu\\\/#website\",\"url\":\"https:\\\/\\\/dorogimedence.hu\\\/\",\"name\":\"Dorogi-medence Region\u00e1lis H\u00edrport\u00e1l\",\"description\":\"Dorog, Keszt\u00f6lc, Le\u00e1nyv\u00e1r, Piliscs\u00e9v, Tokod, Tokodalt\u00e1r\u00f3, Csolnok, Esztergom-kertv\u00e1ros: h\u00edrek, programok\",\"publisher\":{\"@id\":\"https:\\\/\\\/dorogimedence.hu\\\/#organization\"},\"potentialAction\":[{\"@type\":\"SearchAction\",\"target\":{\"@type\":\"EntryPoint\",\"urlTemplate\":\"https:\\\/\\\/dorogimedence.hu\\\/?s={search_term_string}\"},\"query-input\":{\"@type\":\"PropertyValueSpecification\",\"valueRequired\":true,\"valueName\":\"search_term_string\"}}],\"inLanguage\":\"hu\"},{\"@type\":\"Organization\",\"@id\":\"https:\\\/\\\/dorogimedence.hu\\\/#organization\",\"name\":\"Dorogi-medence Region\u00e1lis H\u00edrport\u00e1l\",\"url\":\"https:\\\/\\\/dorogimedence.hu\\\/\",\"logo\":{\"@type\":\"ImageObject\",\"inLanguage\":\"hu\",\"@id\":\"https:\\\/\\\/dorogimedence.hu\\\/#\\\/schema\\\/logo\\\/image\\\/\",\"url\":\"https:\\\/\\\/dorogimedence.hu\\\/wp-content\\\/uploads\\\/2021\\\/04\\\/logo-feher-600.png\",\"contentUrl\":\"https:\\\/\\\/dorogimedence.hu\\\/wp-content\\\/uploads\\\/2021\\\/04\\\/logo-feher-600.png\",\"width\":600,\"height\":100,\"caption\":\"Dorogi-medence Region\u00e1lis H\u00edrport\u00e1l\"},\"image\":{\"@id\":\"https:\\\/\\\/dorogimedence.hu\\\/#\\\/schema\\\/logo\\\/image\\\/\"},\"sameAs\":[\"https:\\\/\\\/www.facebook.com\\\/dorogimedence\\\/\"]},{\"@type\":\"Person\",\"@id\":\"https:\\\/\\\/dorogimedence.hu\\\/#\\\/schema\\\/person\\\/ce6091eeb7e95ecdc87890d6aa8e0fd4\",\"name\":\"dorogimedence.hu\",\"image\":{\"@type\":\"ImageObject\",\"inLanguage\":\"hu\",\"@id\":\"\\\/\\\/www.gravatar.com\\\/avatar\\\/d8d45f8901aadff40a4af72c0b826f1d?s=96&#038;r=g&#038;d=mm\",\"url\":\"\\\/\\\/www.gravatar.com\\\/avatar\\\/d8d45f8901aadff40a4af72c0b826f1d?s=96&#038;r=g&#038;d=mm\",\"contentUrl\":\"\\\/\\\/www.gravatar.com\\\/avatar\\\/d8d45f8901aadff40a4af72c0b826f1d?s=96&#038;r=g&#038;d=mm\",\"caption\":\"dorogimedence.hu\"}}]}<\/script>\n<!-- \/ Yoast SEO plugin. -->","yoast_head_json":{"title":"Harcs\u00e1t \u00e9s pontyot telep\u00edttettek Esztergomn\u00e1l \u00e9s Neszm\u00e9lyn\u00e9l","robots":{"index":"index","follow":"follow","max-snippet":"max-snippet:-1","max-image-preview":"max-image-preview:large","max-video-preview":"max-video-preview:-1"},"canonical":"https:\/\/dorogimedence.hu\/index.php\/2023\/10\/24\/harcsat-es-pontyot-telepittettek-esztergomnal-es-neszmelynel\/","og_locale":"hu_HU","og_type":"article","og_title":"Harcs\u00e1t \u00e9s pontyot telep\u00edttettek Esztergomn\u00e1l \u00e9s Neszm\u00e9lyn\u00e9l","og_description":"A KEMHESZ az elm\u00falt napokban 1250 kilogramm harcs\u00e1t \u00e9s 307 kilogramm saj\u00e1t nevel\u00e9s\u0171 pontyot telep\u00edtett a Dun\u00e1ba Neszm\u00e9lyn\u00e9l, illetve az esztergomi sz\u00e9nrakod\u00f3n\u00e1l. Schmidt-Kov\u00e1cs Bence szakmai igazgat\u00f3 elmondta, a h\u00e1romnyaras pontyok a sz\u00f6vets\u00e9g saj\u00e1t nevel\u00e9s\u00e9b\u0151l sz\u00e1rmaznak. A halakat egy \u00e9vig a R\u00e9ti 8-as t\u00f3ban, nevelt\u00e9k, etett\u00e9k, fel\u00fcgyelt\u00e9k a t\u00f3 \u00e1llapot\u00e1t. A mostani alkalom pr\u00f3bahal\u00e1szat volt az","og_url":"https:\/\/dorogimedence.hu\/index.php\/2023\/10\/24\/harcsat-es-pontyot-telepittettek-esztergomnal-es-neszmelynel\/","og_site_name":"Dorogi-medence Region\u00e1lis H\u00edrport\u00e1l","article_publisher":"https:\/\/www.facebook.com\/dorogimedence\/","article_published_time":"2023-10-24T09:59:02+00:00","article_modified_time":"2023-10-24T09:59:59+00:00","og_image":[{"width":1920,"height":970,"url":"https:\/\/dorogimedence.hu\/wp-content\/uploads\/2023\/10\/haltelepites-01.jpg","type":"image\/jpeg"}],"author":"dorogimedence.hu","twitter_card":"summary_large_image","twitter_misc":{"Szerz\u0151:":"dorogimedence.hu","Becs\u00fclt olvas\u00e1si id\u0151":"2 perc"},"schema":{"@context":"https:\/\/schema.org","@graph":[{"@type":"Article","@id":"https:\/\/dorogimedence.hu\/index.php\/2023\/10\/24\/harcsat-es-pontyot-telepittettek-esztergomnal-es-neszmelynel\/#article","isPartOf":{"@id":"https:\/\/dorogimedence.hu\/index.php\/2023\/10\/24\/harcsat-es-pontyot-telepittettek-esztergomnal-es-neszmelynel\/"},"author":{"name":"dorogimedence.hu","@id":"https:\/\/dorogimedence.hu\/#\/schema\/person\/ce6091eeb7e95ecdc87890d6aa8e0fd4"},"headline":"Harcs\u00e1t \u00e9s pontyot telep\u00edttettek Esztergomn\u00e1l \u00e9s Neszm\u00e9lyn\u00e9l","datePublished":"2023-10-24T09:59:02+00:00","dateModified":"2023-10-24T09:59:59+00:00","mainEntityOfPage":{"@id":"https:\/\/dorogimedence.hu\/index.php\/2023\/10\/24\/harcsat-es-pontyot-telepittettek-esztergomnal-es-neszmelynel\/"},"wordCount":437,"publisher":{"@id":"https:\/\/dorogimedence.hu\/#organization"},"image":{"@id":"https:\/\/dorogimedence.hu\/index.php\/2023\/10\/24\/harcsat-es-pontyot-telepittettek-esztergomnal-es-neszmelynel\/#primaryimage"},"thumbnailUrl":"https:\/\/dorogimedence.hu\/wp-content\/uploads\/2023\/10\/haltelepites-01.jpg","keywords":["Duna","esztergom","haltelep\u00edt\u00e9s","KEMHESZ","Neszm\u00e9ly"],"articleSection":["Esztergom","H\u00edrek","Kom\u00e1rom-Esztergom"],"inLanguage":"hu"},{"@type":"WebPage","@id":"https:\/\/dorogimedence.hu\/index.php\/2023\/10\/24\/harcsat-es-pontyot-telepittettek-esztergomnal-es-neszmelynel\/","url":"https:\/\/dorogimedence.hu\/index.php\/2023\/10\/24\/harcsat-es-pontyot-telepittettek-esztergomnal-es-neszmelynel\/","name":"Harcs\u00e1t \u00e9s pontyot telep\u00edttettek Esztergomn\u00e1l \u00e9s Neszm\u00e9lyn\u00e9l","isPartOf":{"@id":"https:\/\/dorogimedence.hu\/#website"},"primaryImageOfPage":{"@id":"https:\/\/dorogimedence.hu\/index.php\/2023\/10\/24\/harcsat-es-pontyot-telepittettek-esztergomnal-es-neszmelynel\/#primaryimage"},"image":{"@id":"https:\/\/dorogimedence.hu\/index.php\/2023\/10\/24\/harcsat-es-pontyot-telepittettek-esztergomnal-es-neszmelynel\/#primaryimage"},"thumbnailUrl":"https:\/\/dorogimedence.hu\/wp-content\/uploads\/2023\/10\/haltelepites-01.jpg","datePublished":"2023-10-24T09:59:02+00:00","dateModified":"2023-10-24T09:59:59+00:00","breadcrumb":{"@id":"https:\/\/dorogimedence.hu\/index.php\/2023\/10\/24\/harcsat-es-pontyot-telepittettek-esztergomnal-es-neszmelynel\/#breadcrumb"},"inLanguage":"hu","potentialAction":[{"@type":"ReadAction","target":["https:\/\/dorogimedence.hu\/index.php\/2023\/10\/24\/harcsat-es-pontyot-telepittettek-esztergomnal-es-neszmelynel\/"]}]},{"@type":"ImageObject","inLanguage":"hu","@id":"https:\/\/dorogimedence.hu\/index.php\/2023\/10\/24\/harcsat-es-pontyot-telepittettek-esztergomnal-es-neszmelynel\/#primaryimage","url":"https:\/\/dorogimedence.hu\/wp-content\/uploads\/2023\/10\/haltelepites-01.jpg","contentUrl":"https:\/\/dorogimedence.hu\/wp-content\/uploads\/2023\/10\/haltelepites-01.jpg","width":1920,"height":970},{"@type":"BreadcrumbList","@id":"https:\/\/dorogimedence.hu\/index.php\/2023\/10\/24\/harcsat-es-pontyot-telepittettek-esztergomnal-es-neszmelynel\/#breadcrumb","itemListElement":[{"@type":"ListItem","position":1,"name":"Kezd\u0151lap","item":"https:\/\/dorogimedence.hu\/"},{"@type":"ListItem","position":2,"name":"Harcs\u00e1t \u00e9s pontyot telep\u00edttettek Esztergomn\u00e1l \u00e9s Neszm\u00e9lyn\u00e9l"}]},{"@type":"WebSite","@id":"https:\/\/dorogimedence.hu\/#website","url":"https:\/\/dorogimedence.hu\/","name":"Dorogi-medence Region\u00e1lis H\u00edrport\u00e1l","description":"Dorog, Keszt\u00f6lc, Le\u00e1nyv\u00e1r, Piliscs\u00e9v, Tokod, Tokodalt\u00e1r\u00f3, Csolnok, Esztergom-kertv\u00e1ros: h\u00edrek, programok","publisher":{"@id":"https:\/\/dorogimedence.hu\/#organization"},"potentialAction":[{"@type":"SearchAction","target":{"@type":"EntryPoint","urlTemplate":"https:\/\/dorogimedence.hu\/?s={search_term_string}"},"query-input":{"@type":"PropertyValueSpecification","valueRequired":true,"valueName":"search_term_string"}}],"inLanguage":"hu"},{"@type":"Organization","@id":"https:\/\/dorogimedence.hu\/#organization","name":"Dorogi-medence Region\u00e1lis H\u00edrport\u00e1l","url":"https:\/\/dorogimedence.hu\/","logo":{"@type":"ImageObject","inLanguage":"hu","@id":"https:\/\/dorogimedence.hu\/#\/schema\/logo\/image\/","url":"https:\/\/dorogimedence.hu\/wp-content\/uploads\/2021\/04\/logo-feher-600.png","contentUrl":"https:\/\/dorogimedence.hu\/wp-content\/uploads\/2021\/04\/logo-feher-600.png","width":600,"height":100,"caption":"Dorogi-medence Region\u00e1lis H\u00edrport\u00e1l"},"image":{"@id":"https:\/\/dorogimedence.hu\/#\/schema\/logo\/image\/"},"sameAs":["https:\/\/www.facebook.com\/dorogimedence\/"]},{"@type":"Person","@id":"https:\/\/dorogimedence.hu\/#\/schema\/person\/ce6091eeb7e95ecdc87890d6aa8e0fd4","name":"dorogimedence.hu","image":{"@type":"ImageObject","inLanguage":"hu","@id":"\/\/www.gravatar.com\/avatar\/d8d45f8901aadff40a4af72c0b826f1d?s=96&#038;r=g&#038;d=mm","url":"\/\/www.gravatar.com\/avatar\/d8d45f8901aadff40a4af72c0b826f1d?s=96&#038;r=g&#038;d=mm","contentUrl":"\/\/www.gravatar.com\/avatar\/d8d45f8901aadff40a4af72c0b826f1d?s=96&#038;r=g&#038;d=mm","caption":"dorogimedence.hu"}}]}},"_links":{"self":[{"href":"https:\/\/dorogimedence.hu\/index.php\/wp-json\/wp\/v2\/posts\/57265","targetHints":{"allow":["GET"]}}],"collection":[{"href":"https:\/\/dorogimedence.hu\/index.php\/wp-json\/wp\/v2\/posts"}],"about":[{"href":"https:\/\/dorogimedence.hu\/index.php\/wp-json\/wp\/v2\/types\/post"}],"author":[{"embeddable":true,"href":"https:\/\/dorogimedence.hu\/index.php\/wp-json\/wp\/v2\/users\/1"}],"replies":[{"embeddable":true,"href":"https:\/\/dorogimedence.hu\/index.php\/wp-json\/wp\/v2\/comments?post=57265"}],"version-history":[{"count":0,"href":"https:\/\/dorogimedence.hu\/index.php\/wp-json\/wp\/v2\/posts\/57265\/revisions"}],"wp:featuredmedia":[{"embeddable":true,"href":"https:\/\/dorogimedence.hu\/index.php\/wp-json\/wp\/v2\/media\/57268"}],"wp:attachment":[{"href":"https:\/\/dorogimedence.hu\/index.php\/wp-json\/wp\/v2\/media?parent=57265"}],"wp:term":[{"taxonomy":"category","embeddable":true,"href":"https:\/\/dorogimedence.hu\/index.php\/wp-json\/wp\/v2\/categories?post=57265"},{"taxonomy":"post_tag","embeddable":true,"href":"https:\/\/dorogimedence.hu\/index.php\/wp-json\/wp\/v2\/tags?post=57265"}],"curies":[{"name":"wp","href":"https:\/\/api.w.org\/{rel}","templated":true}]}}