{"id":57013,"date":"2023-10-12T09:32:03","date_gmt":"2023-10-12T07:32:03","guid":{"rendered":"https:\/\/dorogimedence.hu\/?p=57013"},"modified":"2023-10-12T09:32:03","modified_gmt":"2023-10-12T07:32:03","slug":"helycseres-tamadas-szekesfehervar-es-esztergom-turisztikai-feluletein","status":"publish","type":"post","link":"https:\/\/dorogimedence.hu\/index.php\/2023\/10\/12\/helycseres-tamadas-szekesfehervar-es-esztergom-turisztikai-feluletein\/","title":{"rendered":"Helycser\u00e9s t\u00e1mad\u00e1s Sz\u00e9kesfeh\u00e9rv\u00e1r \u00e9s Esztergom turisztikai fel\u00fcletein"},"content":{"rendered":"<div class=\"lead\"><strong>A k\u00e9t friss testv\u00e9rv\u00e1ros, Esztergom \u00e9s Sz\u00e9kesfeh\u00e9rv\u00e1r szokatlan \u00e9s figyelemrem\u00e9lt\u00f3 akci\u00f3t tart okt\u00f3ber 12-\u00e9n: a v\u00e1rosok turisztikai csapatai egy napra k\u00f6z\u00f6ss\u00e9gi oldalt cser\u00e9lnek, hogy seg\u00edts\u00e9k egym\u00e1s \u00e9rt\u00e9keinek megismer\u00e9s\u00e9t \u00e9s sz\u00f3lhassanak egym\u00e1s k\u00f6vet\u0151ihez.<\/strong><\/div>\n<div>\n<p>Id\u00e9n augusztus 20-\u00e1n pecs\u00e9telte meg ezer\u00e9ves kapcsolat\u00e1t Sz\u00e9kesfeh\u00e9rv\u00e1r \u00e9s Esztergom azzal, hogy <strong>Nov\u00e1k Katalin<\/strong> k\u00f6zt\u00e1rsas\u00e1gi eln\u00f6k jelenl\u00e9t\u00e9ben, az Esztergomi Bazilika t\u00f6v\u00e9ben al\u00e1\u00edrta a k\u00e9t v\u00e1ros vezet\u0151je a testv\u00e9rv\u00e1rosi szerz\u0151d\u00e9st. A kapcsolat a k\u00e9t megyei jog\u00fa v\u00e1ros k\u00f6z\u00f6tt azt is jelenti, hogy a Szent Istv\u00e1n-i \u00f6r\u00f6ks\u00e9get ezent\u00fal egym\u00e1st is er\u0151s\u00edtve hirdeti Esztergom \u00e9s Sz\u00e9kesfeh\u00e9rv\u00e1r.<\/p>\n<p>E kapcsolat jegy\u00e9ben a k\u00e9t nagy m\u00falt\u00fa, jelent\u0151s turisztikai vonzer\u0151vel \u00e9s pezsg\u0151 kultur\u00e1lis \u00e9lettel rendelkez\u0151 v\u00e1ros turisztikai szervezete meginvit\u00e1lja egym\u00e1s lakoss\u00e1g\u00e1t \u00e9s mindazokat, akik k\u00f6z\u00f6ss\u00e9gi m\u00e9diafel\u00fcleteiket k\u00f6vetik. <span class=\"kiemelt-szoveg\">Az\u00e9rt, hogy az \u00fczenet eljusson a k\u00e9t v\u00e1ros lakoss\u00e1g\u00e1hoz, egy napra a Sz\u00e9kesfeh\u00e9rv\u00e1ri Turisztikai K\u00f6zhaszn\u00fa Nonprofit Kft. \u00e9s az Esztergomi Turisztikai Nonprofit Kft. Facebook-oldalt cser\u00e9lnek egym\u00e1ssal. <\/span>M\u00edg a Tourinform Sz\u00e9kesfeh\u00e9rv\u00e1r oldalon az Esztergomba h\u00edv\u00f3 \u00fczeneteket, posztokat olvashatj\u00e1k az oldal k\u00f6vet\u0151i, addig a Visit Esztergom k\u00f6z\u00f6ss\u00e9gi oldalon a sz\u00e9kesfeh\u00e9rv\u00e1ri turisztikai lehet\u0151s\u00e9gek kapnak helyet okt\u00f3ber 12-\u00e9n.<\/p>\n<p><img fetchpriority=\"high\" decoding=\"async\" class=\"alignnone size-full wp-image-57014\" src=\"https:\/\/dorogimedence.hu\/wp-content\/uploads\/2023\/10\/Esztergom_Szekesfehervar.jpg\" alt=\"\" width=\"1290\" height=\"1290\" srcset=\"https:\/\/dorogimedence.hu\/wp-content\/uploads\/2023\/10\/Esztergom_Szekesfehervar.jpg 1290w, https:\/\/dorogimedence.hu\/wp-content\/uploads\/2023\/10\/Esztergom_Szekesfehervar-600x600.jpg 600w, https:\/\/dorogimedence.hu\/wp-content\/uploads\/2023\/10\/Esztergom_Szekesfehervar-300x300.jpg 300w, https:\/\/dorogimedence.hu\/wp-content\/uploads\/2023\/10\/Esztergom_Szekesfehervar-768x768.jpg 768w, https:\/\/dorogimedence.hu\/wp-content\/uploads\/2023\/10\/Esztergom_Szekesfehervar-150x150.jpg 150w, https:\/\/dorogimedence.hu\/wp-content\/uploads\/2023\/10\/Esztergom_Szekesfehervar-450x450.jpg 450w, https:\/\/dorogimedence.hu\/wp-content\/uploads\/2023\/10\/Esztergom_Szekesfehervar-1200x1200.jpg 1200w\" sizes=\"(max-width: 1290px) 100vw, 1290px\" \/><\/p>\n<p>Az invit\u00e1l\u00e1st olyannyira komolyan gondolja a k\u00e9t szervezet, hogy a cs\u00fct\u00f6rt\u00f6ki \u201eHelycser\u00e9s t\u00e1mad\u00e1s\u201d sor\u00e1n meghirdetett kv\u00edzj\u00e1t\u00e9k szerencs\u00e9s nyertesei egy-egy hossz\u00fa h\u00e9tv\u00e9g\u00e9t nyernek, Sz\u00e9kesfeh\u00e9rv\u00e1ron a n\u00e9gycsillagos Best Western Lakeside Hotel, illetve Esztergomban a Bazilika alatt Panzi\u00f3 vend\u00e9gek\u00e9nt.<\/p>\n<p>\u201e\u00d6r\u00fcl\u00fcnk az inspir\u00e1l\u00f3 \u00e9s innovat\u00edv lehet\u0151s\u00e9gnek, biztos vagyok benne, hogy ez az akci\u00f3 nagyon hat\u00e9kony aktivit\u00e1st eredm\u00e9nyez. A hangs\u00falyt v\u00e1rosunk kultur\u00e1lis k\u00edn\u00e1lat\u00e1ra helyezz\u00fck, az esztergomi oldal kedvel\u0151it els\u0151sorban a Szent Istv\u00e1n Kir\u00e1ly M\u00fazeum ki\u00e1ll\u00edt\u00e1saira, a Munk\u00e1csy Sz\u00e9kesfeh\u00e9rv\u00e1ron \u00e9s a Hadi m\u00faltunk kincsest\u00e1ra t\u00e1rlatokra invit\u00e1ljuk, de egy TOP 10-es bakancslist\u00e1t is \u00f6ssze\u00e1ll\u00edtottunk, nyomat\u00e9kos\u00edtva, hogy egyetlen nap nem lesz el\u00e9g a feh\u00e9rv\u00e1ri l\u00e1togat\u00e1sra\u201d \u2013 mondta el <strong>F. Szeg\u0151 Krisztina<\/strong>, a Sz\u00e9kesfeh\u00e9rv\u00e1ri Turisztikai K\u00f6zhaszn\u00fa Nonprofit Kft. \u00fcgyvezet\u0151je.<\/p>\n<p>\u201eAz\u00e9rt kezdem\u00e9nyezt\u00fck a k\u00f6z\u00f6s megjelen\u00e9st, hogy tov\u00e1bb er\u0151s\u00edthess\u00fck a belf\u00f6ldi piacon a k\u00e9t v\u00e1ros \u00e9rt\u00e9keit, k\u00fcl\u00f6nleges l\u00e1tnival\u00f3it, amelyet az \u0151szi-t\u00e9li id\u0151szakban is egyre t\u00f6bben keresnek fel, ak\u00e1r t\u00f6bbnapos utaz\u00e1si c\u00e9llal. A ford\u00edtott napon hangs\u00falyt fektet\u00fcnk region\u00e1lisan is kiemelked\u0151 gasztron\u00f3miai k\u00edn\u00e1latunkra, egyed\u00fcl\u00e1ll\u00f3 hangulat\u00fa vadonat\u00faj Piacunkra, a V\u00e1rhegy \u00e9s k\u00f6rny\u00e9k\u00e9nek \u0151szi forgatag\u00e1ra, \u00e9s r\u00e1mutatunk, hogy Esztergom \u0151sszel is eg\u00e9sz h\u00e9tv\u00e9g\u00e9re sz\u00f3l\u00f3 \u00e9lm\u00e9nyt k\u00edn\u00e1lhat az \u00e9rkez\u0151knek\u201d \u2013 osztotta meg gondolatait <strong>Szek\u00e9r Zolt\u00e1n<\/strong>, az Esztergomi Turisztikai Nonprofit Kft. \u00fcgyvezet\u0151je.<\/p>\n<\/div>\n","protected":false},"excerpt":{"rendered":"<p>A k\u00e9t friss testv\u00e9rv\u00e1ros, Esztergom \u00e9s Sz\u00e9kesfeh\u00e9rv\u00e1r szokatlan \u00e9s figyelemrem\u00e9lt\u00f3 akci\u00f3t tart okt\u00f3ber 12-\u00e9n: a v\u00e1rosok turisztikai csapatai egy napra k\u00f6z\u00f6ss\u00e9gi oldalt cser\u00e9lnek, hogy seg\u00edts\u00e9k egym\u00e1s \u00e9rt\u00e9keinek megismer\u00e9s\u00e9t \u00e9s sz\u00f3lhassanak egym\u00e1s k\u00f6vet\u0151ihez. Id\u00e9n augusztus 20-\u00e1n pecs\u00e9telte meg ezer\u00e9ves kapcsolat\u00e1t Sz\u00e9kesfeh\u00e9rv\u00e1r \u00e9s Esztergom azzal, hogy Nov\u00e1k Katalin k\u00f6zt\u00e1rsas\u00e1gi eln\u00f6k jelenl\u00e9t\u00e9ben, az Esztergomi Bazilika t\u00f6v\u00e9ben al\u00e1\u00edrta a<\/p>\n","protected":false},"author":1,"featured_media":31720,"comment_status":"closed","ping_status":"closed","sticky":false,"template":"","format":"standard","meta":{"ngg_post_thumbnail":0,"footnotes":""},"categories":[38,3],"tags":[42,3653,313],"class_list":{"0":"post-57013","1":"post","2":"type-post","3":"status-publish","4":"format-standard","5":"has-post-thumbnail","7":"category-esztergom","8":"category-hirek","9":"tag-esztergom","10":"tag-szekesfehervar","11":"tag-turisztika"},"yoast_head":"<!-- This site is optimized with the Yoast SEO plugin v27.4 - https:\/\/yoast.com\/product\/yoast-seo-wordpress\/ -->\n<title>Helycser\u00e9s t\u00e1mad\u00e1s Sz\u00e9kesfeh\u00e9rv\u00e1r \u00e9s Esztergom turisztikai fel\u00fcletein<\/title>\n<meta name=\"robots\" content=\"index, follow, max-snippet:-1, max-image-preview:large, max-video-preview:-1\" \/>\n<link rel=\"canonical\" href=\"https:\/\/dorogimedence.hu\/index.php\/2023\/10\/12\/helycseres-tamadas-szekesfehervar-es-esztergom-turisztikai-feluletein\/\" class=\"yoast-seo-meta-tag\" \/>\n<meta property=\"og:locale\" content=\"hu_HU\" class=\"yoast-seo-meta-tag\" \/>\n<meta property=\"og:type\" content=\"article\" class=\"yoast-seo-meta-tag\" \/>\n<meta property=\"og:title\" content=\"Helycser\u00e9s t\u00e1mad\u00e1s Sz\u00e9kesfeh\u00e9rv\u00e1r \u00e9s Esztergom turisztikai fel\u00fcletein\" class=\"yoast-seo-meta-tag\" \/>\n<meta property=\"og:description\" content=\"A k\u00e9t friss testv\u00e9rv\u00e1ros, Esztergom \u00e9s Sz\u00e9kesfeh\u00e9rv\u00e1r szokatlan \u00e9s figyelemrem\u00e9lt\u00f3 akci\u00f3t tart okt\u00f3ber 12-\u00e9n: a v\u00e1rosok turisztikai csapatai egy napra k\u00f6z\u00f6ss\u00e9gi oldalt cser\u00e9lnek, hogy seg\u00edts\u00e9k egym\u00e1s \u00e9rt\u00e9keinek megismer\u00e9s\u00e9t \u00e9s sz\u00f3lhassanak egym\u00e1s k\u00f6vet\u0151ihez. Id\u00e9n augusztus 20-\u00e1n pecs\u00e9telte meg ezer\u00e9ves kapcsolat\u00e1t Sz\u00e9kesfeh\u00e9rv\u00e1r \u00e9s Esztergom azzal, hogy Nov\u00e1k Katalin k\u00f6zt\u00e1rsas\u00e1gi eln\u00f6k jelenl\u00e9t\u00e9ben, az Esztergomi Bazilika t\u00f6v\u00e9ben al\u00e1\u00edrta a\" class=\"yoast-seo-meta-tag\" \/>\n<meta property=\"og:url\" content=\"https:\/\/dorogimedence.hu\/index.php\/2023\/10\/12\/helycseres-tamadas-szekesfehervar-es-esztergom-turisztikai-feluletein\/\" class=\"yoast-seo-meta-tag\" \/>\n<meta property=\"og:site_name\" content=\"Dorogi-medence Region\u00e1lis H\u00edrport\u00e1l\" class=\"yoast-seo-meta-tag\" \/>\n<meta property=\"article:publisher\" content=\"https:\/\/www.facebook.com\/dorogimedence\/\" class=\"yoast-seo-meta-tag\" \/>\n<meta property=\"article:published_time\" content=\"2023-10-12T07:32:03+00:00\" class=\"yoast-seo-meta-tag\" \/>\n<meta property=\"og:image\" content=\"https:\/\/dorogimedence.hu\/wp-content\/uploads\/2021\/04\/bazilika.jpg\" class=\"yoast-seo-meta-tag\" \/>\n\t<meta property=\"og:image:width\" content=\"830\" class=\"yoast-seo-meta-tag\" \/>\n\t<meta property=\"og:image:height\" content=\"450\" class=\"yoast-seo-meta-tag\" \/>\n\t<meta property=\"og:image:type\" content=\"image\/jpeg\" class=\"yoast-seo-meta-tag\" \/>\n<meta name=\"author\" content=\"dorogimedence.hu\" class=\"yoast-seo-meta-tag\" \/>\n<meta name=\"twitter:card\" content=\"summary_large_image\" class=\"yoast-seo-meta-tag\" \/>\n<meta name=\"twitter:label1\" content=\"Szerz\u0151:\" class=\"yoast-seo-meta-tag\" \/>\n\t<meta name=\"twitter:data1\" content=\"dorogimedence.hu\" class=\"yoast-seo-meta-tag\" \/>\n\t<meta name=\"twitter:label2\" content=\"Becs\u00fclt olvas\u00e1si id\u0151\" class=\"yoast-seo-meta-tag\" \/>\n\t<meta name=\"twitter:data2\" content=\"3 perc\" class=\"yoast-seo-meta-tag\" \/>\n<script type=\"application\/ld+json\" class=\"yoast-schema-graph\">{\"@context\":\"https:\\\/\\\/schema.org\",\"@graph\":[{\"@type\":\"Article\",\"@id\":\"https:\\\/\\\/dorogimedence.hu\\\/index.php\\\/2023\\\/10\\\/12\\\/helycseres-tamadas-szekesfehervar-es-esztergom-turisztikai-feluletein\\\/#article\",\"isPartOf\":{\"@id\":\"https:\\\/\\\/dorogimedence.hu\\\/index.php\\\/2023\\\/10\\\/12\\\/helycseres-tamadas-szekesfehervar-es-esztergom-turisztikai-feluletein\\\/\"},\"author\":{\"name\":\"dorogimedence.hu\",\"@id\":\"https:\\\/\\\/dorogimedence.hu\\\/#\\\/schema\\\/person\\\/ce6091eeb7e95ecdc87890d6aa8e0fd4\"},\"headline\":\"Helycser\u00e9s t\u00e1mad\u00e1s Sz\u00e9kesfeh\u00e9rv\u00e1r \u00e9s Esztergom turisztikai fel\u00fcletein\",\"datePublished\":\"2023-10-12T07:32:03+00:00\",\"mainEntityOfPage\":{\"@id\":\"https:\\\/\\\/dorogimedence.hu\\\/index.php\\\/2023\\\/10\\\/12\\\/helycseres-tamadas-szekesfehervar-es-esztergom-turisztikai-feluletein\\\/\"},\"wordCount\":596,\"publisher\":{\"@id\":\"https:\\\/\\\/dorogimedence.hu\\\/#organization\"},\"image\":{\"@id\":\"https:\\\/\\\/dorogimedence.hu\\\/index.php\\\/2023\\\/10\\\/12\\\/helycseres-tamadas-szekesfehervar-es-esztergom-turisztikai-feluletein\\\/#primaryimage\"},\"thumbnailUrl\":\"https:\\\/\\\/dorogimedence.hu\\\/wp-content\\\/uploads\\\/2021\\\/04\\\/bazilika.jpg\",\"keywords\":[\"esztergom\",\"Sz\u00e9kesfeh\u00e9rv\u00e1r\",\"turisztika\"],\"articleSection\":[\"Esztergom\",\"H\u00edrek\"],\"inLanguage\":\"hu\"},{\"@type\":\"WebPage\",\"@id\":\"https:\\\/\\\/dorogimedence.hu\\\/index.php\\\/2023\\\/10\\\/12\\\/helycseres-tamadas-szekesfehervar-es-esztergom-turisztikai-feluletein\\\/\",\"url\":\"https:\\\/\\\/dorogimedence.hu\\\/index.php\\\/2023\\\/10\\\/12\\\/helycseres-tamadas-szekesfehervar-es-esztergom-turisztikai-feluletein\\\/\",\"name\":\"Helycser\u00e9s t\u00e1mad\u00e1s Sz\u00e9kesfeh\u00e9rv\u00e1r \u00e9s Esztergom turisztikai fel\u00fcletein\",\"isPartOf\":{\"@id\":\"https:\\\/\\\/dorogimedence.hu\\\/#website\"},\"primaryImageOfPage\":{\"@id\":\"https:\\\/\\\/dorogimedence.hu\\\/index.php\\\/2023\\\/10\\\/12\\\/helycseres-tamadas-szekesfehervar-es-esztergom-turisztikai-feluletein\\\/#primaryimage\"},\"image\":{\"@id\":\"https:\\\/\\\/dorogimedence.hu\\\/index.php\\\/2023\\\/10\\\/12\\\/helycseres-tamadas-szekesfehervar-es-esztergom-turisztikai-feluletein\\\/#primaryimage\"},\"thumbnailUrl\":\"https:\\\/\\\/dorogimedence.hu\\\/wp-content\\\/uploads\\\/2021\\\/04\\\/bazilika.jpg\",\"datePublished\":\"2023-10-12T07:32:03+00:00\",\"breadcrumb\":{\"@id\":\"https:\\\/\\\/dorogimedence.hu\\\/index.php\\\/2023\\\/10\\\/12\\\/helycseres-tamadas-szekesfehervar-es-esztergom-turisztikai-feluletein\\\/#breadcrumb\"},\"inLanguage\":\"hu\",\"potentialAction\":[{\"@type\":\"ReadAction\",\"target\":[\"https:\\\/\\\/dorogimedence.hu\\\/index.php\\\/2023\\\/10\\\/12\\\/helycseres-tamadas-szekesfehervar-es-esztergom-turisztikai-feluletein\\\/\"]}]},{\"@type\":\"ImageObject\",\"inLanguage\":\"hu\",\"@id\":\"https:\\\/\\\/dorogimedence.hu\\\/index.php\\\/2023\\\/10\\\/12\\\/helycseres-tamadas-szekesfehervar-es-esztergom-turisztikai-feluletein\\\/#primaryimage\",\"url\":\"https:\\\/\\\/dorogimedence.hu\\\/wp-content\\\/uploads\\\/2021\\\/04\\\/bazilika.jpg\",\"contentUrl\":\"https:\\\/\\\/dorogimedence.hu\\\/wp-content\\\/uploads\\\/2021\\\/04\\\/bazilika.jpg\",\"width\":830,\"height\":450},{\"@type\":\"BreadcrumbList\",\"@id\":\"https:\\\/\\\/dorogimedence.hu\\\/index.php\\\/2023\\\/10\\\/12\\\/helycseres-tamadas-szekesfehervar-es-esztergom-turisztikai-feluletein\\\/#breadcrumb\",\"itemListElement\":[{\"@type\":\"ListItem\",\"position\":1,\"name\":\"Kezd\u0151lap\",\"item\":\"https:\\\/\\\/dorogimedence.hu\\\/\"},{\"@type\":\"ListItem\",\"position\":2,\"name\":\"Helycser\u00e9s t\u00e1mad\u00e1s Sz\u00e9kesfeh\u00e9rv\u00e1r \u00e9s Esztergom turisztikai fel\u00fcletein\"}]},{\"@type\":\"WebSite\",\"@id\":\"https:\\\/\\\/dorogimedence.hu\\\/#website\",\"url\":\"https:\\\/\\\/dorogimedence.hu\\\/\",\"name\":\"Dorogi-medence Region\u00e1lis H\u00edrport\u00e1l\",\"description\":\"Dorog, Keszt\u00f6lc, Le\u00e1nyv\u00e1r, Piliscs\u00e9v, Tokod, Tokodalt\u00e1r\u00f3, Csolnok, Esztergom-kertv\u00e1ros: h\u00edrek, programok\",\"publisher\":{\"@id\":\"https:\\\/\\\/dorogimedence.hu\\\/#organization\"},\"potentialAction\":[{\"@type\":\"SearchAction\",\"target\":{\"@type\":\"EntryPoint\",\"urlTemplate\":\"https:\\\/\\\/dorogimedence.hu\\\/?s={search_term_string}\"},\"query-input\":{\"@type\":\"PropertyValueSpecification\",\"valueRequired\":true,\"valueName\":\"search_term_string\"}}],\"inLanguage\":\"hu\"},{\"@type\":\"Organization\",\"@id\":\"https:\\\/\\\/dorogimedence.hu\\\/#organization\",\"name\":\"Dorogi-medence Region\u00e1lis H\u00edrport\u00e1l\",\"url\":\"https:\\\/\\\/dorogimedence.hu\\\/\",\"logo\":{\"@type\":\"ImageObject\",\"inLanguage\":\"hu\",\"@id\":\"https:\\\/\\\/dorogimedence.hu\\\/#\\\/schema\\\/logo\\\/image\\\/\",\"url\":\"https:\\\/\\\/dorogimedence.hu\\\/wp-content\\\/uploads\\\/2021\\\/04\\\/logo-feher-600.png\",\"contentUrl\":\"https:\\\/\\\/dorogimedence.hu\\\/wp-content\\\/uploads\\\/2021\\\/04\\\/logo-feher-600.png\",\"width\":600,\"height\":100,\"caption\":\"Dorogi-medence Region\u00e1lis H\u00edrport\u00e1l\"},\"image\":{\"@id\":\"https:\\\/\\\/dorogimedence.hu\\\/#\\\/schema\\\/logo\\\/image\\\/\"},\"sameAs\":[\"https:\\\/\\\/www.facebook.com\\\/dorogimedence\\\/\"]},{\"@type\":\"Person\",\"@id\":\"https:\\\/\\\/dorogimedence.hu\\\/#\\\/schema\\\/person\\\/ce6091eeb7e95ecdc87890d6aa8e0fd4\",\"name\":\"dorogimedence.hu\",\"image\":{\"@type\":\"ImageObject\",\"inLanguage\":\"hu\",\"@id\":\"\\\/\\\/www.gravatar.com\\\/avatar\\\/d8d45f8901aadff40a4af72c0b826f1d?s=96&#038;r=g&#038;d=mm\",\"url\":\"\\\/\\\/www.gravatar.com\\\/avatar\\\/d8d45f8901aadff40a4af72c0b826f1d?s=96&#038;r=g&#038;d=mm\",\"contentUrl\":\"\\\/\\\/www.gravatar.com\\\/avatar\\\/d8d45f8901aadff40a4af72c0b826f1d?s=96&#038;r=g&#038;d=mm\",\"caption\":\"dorogimedence.hu\"}}]}<\/script>\n<!-- \/ Yoast SEO plugin. -->","yoast_head_json":{"title":"Helycser\u00e9s t\u00e1mad\u00e1s Sz\u00e9kesfeh\u00e9rv\u00e1r \u00e9s Esztergom turisztikai fel\u00fcletein","robots":{"index":"index","follow":"follow","max-snippet":"max-snippet:-1","max-image-preview":"max-image-preview:large","max-video-preview":"max-video-preview:-1"},"canonical":"https:\/\/dorogimedence.hu\/index.php\/2023\/10\/12\/helycseres-tamadas-szekesfehervar-es-esztergom-turisztikai-feluletein\/","og_locale":"hu_HU","og_type":"article","og_title":"Helycser\u00e9s t\u00e1mad\u00e1s Sz\u00e9kesfeh\u00e9rv\u00e1r \u00e9s Esztergom turisztikai fel\u00fcletein","og_description":"A k\u00e9t friss testv\u00e9rv\u00e1ros, Esztergom \u00e9s Sz\u00e9kesfeh\u00e9rv\u00e1r szokatlan \u00e9s figyelemrem\u00e9lt\u00f3 akci\u00f3t tart okt\u00f3ber 12-\u00e9n: a v\u00e1rosok turisztikai csapatai egy napra k\u00f6z\u00f6ss\u00e9gi oldalt cser\u00e9lnek, hogy seg\u00edts\u00e9k egym\u00e1s \u00e9rt\u00e9keinek megismer\u00e9s\u00e9t \u00e9s sz\u00f3lhassanak egym\u00e1s k\u00f6vet\u0151ihez. Id\u00e9n augusztus 20-\u00e1n pecs\u00e9telte meg ezer\u00e9ves kapcsolat\u00e1t Sz\u00e9kesfeh\u00e9rv\u00e1r \u00e9s Esztergom azzal, hogy Nov\u00e1k Katalin k\u00f6zt\u00e1rsas\u00e1gi eln\u00f6k jelenl\u00e9t\u00e9ben, az Esztergomi Bazilika t\u00f6v\u00e9ben al\u00e1\u00edrta a","og_url":"https:\/\/dorogimedence.hu\/index.php\/2023\/10\/12\/helycseres-tamadas-szekesfehervar-es-esztergom-turisztikai-feluletein\/","og_site_name":"Dorogi-medence Region\u00e1lis H\u00edrport\u00e1l","article_publisher":"https:\/\/www.facebook.com\/dorogimedence\/","article_published_time":"2023-10-12T07:32:03+00:00","og_image":[{"width":830,"height":450,"url":"https:\/\/dorogimedence.hu\/wp-content\/uploads\/2021\/04\/bazilika.jpg","type":"image\/jpeg"}],"author":"dorogimedence.hu","twitter_card":"summary_large_image","twitter_misc":{"Szerz\u0151:":"dorogimedence.hu","Becs\u00fclt olvas\u00e1si id\u0151":"3 perc"},"schema":{"@context":"https:\/\/schema.org","@graph":[{"@type":"Article","@id":"https:\/\/dorogimedence.hu\/index.php\/2023\/10\/12\/helycseres-tamadas-szekesfehervar-es-esztergom-turisztikai-feluletein\/#article","isPartOf":{"@id":"https:\/\/dorogimedence.hu\/index.php\/2023\/10\/12\/helycseres-tamadas-szekesfehervar-es-esztergom-turisztikai-feluletein\/"},"author":{"name":"dorogimedence.hu","@id":"https:\/\/dorogimedence.hu\/#\/schema\/person\/ce6091eeb7e95ecdc87890d6aa8e0fd4"},"headline":"Helycser\u00e9s t\u00e1mad\u00e1s Sz\u00e9kesfeh\u00e9rv\u00e1r \u00e9s Esztergom turisztikai fel\u00fcletein","datePublished":"2023-10-12T07:32:03+00:00","mainEntityOfPage":{"@id":"https:\/\/dorogimedence.hu\/index.php\/2023\/10\/12\/helycseres-tamadas-szekesfehervar-es-esztergom-turisztikai-feluletein\/"},"wordCount":596,"publisher":{"@id":"https:\/\/dorogimedence.hu\/#organization"},"image":{"@id":"https:\/\/dorogimedence.hu\/index.php\/2023\/10\/12\/helycseres-tamadas-szekesfehervar-es-esztergom-turisztikai-feluletein\/#primaryimage"},"thumbnailUrl":"https:\/\/dorogimedence.hu\/wp-content\/uploads\/2021\/04\/bazilika.jpg","keywords":["esztergom","Sz\u00e9kesfeh\u00e9rv\u00e1r","turisztika"],"articleSection":["Esztergom","H\u00edrek"],"inLanguage":"hu"},{"@type":"WebPage","@id":"https:\/\/dorogimedence.hu\/index.php\/2023\/10\/12\/helycseres-tamadas-szekesfehervar-es-esztergom-turisztikai-feluletein\/","url":"https:\/\/dorogimedence.hu\/index.php\/2023\/10\/12\/helycseres-tamadas-szekesfehervar-es-esztergom-turisztikai-feluletein\/","name":"Helycser\u00e9s t\u00e1mad\u00e1s Sz\u00e9kesfeh\u00e9rv\u00e1r \u00e9s Esztergom turisztikai fel\u00fcletein","isPartOf":{"@id":"https:\/\/dorogimedence.hu\/#website"},"primaryImageOfPage":{"@id":"https:\/\/dorogimedence.hu\/index.php\/2023\/10\/12\/helycseres-tamadas-szekesfehervar-es-esztergom-turisztikai-feluletein\/#primaryimage"},"image":{"@id":"https:\/\/dorogimedence.hu\/index.php\/2023\/10\/12\/helycseres-tamadas-szekesfehervar-es-esztergom-turisztikai-feluletein\/#primaryimage"},"thumbnailUrl":"https:\/\/dorogimedence.hu\/wp-content\/uploads\/2021\/04\/bazilika.jpg","datePublished":"2023-10-12T07:32:03+00:00","breadcrumb":{"@id":"https:\/\/dorogimedence.hu\/index.php\/2023\/10\/12\/helycseres-tamadas-szekesfehervar-es-esztergom-turisztikai-feluletein\/#breadcrumb"},"inLanguage":"hu","potentialAction":[{"@type":"ReadAction","target":["https:\/\/dorogimedence.hu\/index.php\/2023\/10\/12\/helycseres-tamadas-szekesfehervar-es-esztergom-turisztikai-feluletein\/"]}]},{"@type":"ImageObject","inLanguage":"hu","@id":"https:\/\/dorogimedence.hu\/index.php\/2023\/10\/12\/helycseres-tamadas-szekesfehervar-es-esztergom-turisztikai-feluletein\/#primaryimage","url":"https:\/\/dorogimedence.hu\/wp-content\/uploads\/2021\/04\/bazilika.jpg","contentUrl":"https:\/\/dorogimedence.hu\/wp-content\/uploads\/2021\/04\/bazilika.jpg","width":830,"height":450},{"@type":"BreadcrumbList","@id":"https:\/\/dorogimedence.hu\/index.php\/2023\/10\/12\/helycseres-tamadas-szekesfehervar-es-esztergom-turisztikai-feluletein\/#breadcrumb","itemListElement":[{"@type":"ListItem","position":1,"name":"Kezd\u0151lap","item":"https:\/\/dorogimedence.hu\/"},{"@type":"ListItem","position":2,"name":"Helycser\u00e9s t\u00e1mad\u00e1s Sz\u00e9kesfeh\u00e9rv\u00e1r \u00e9s Esztergom turisztikai fel\u00fcletein"}]},{"@type":"WebSite","@id":"https:\/\/dorogimedence.hu\/#website","url":"https:\/\/dorogimedence.hu\/","name":"Dorogi-medence Region\u00e1lis H\u00edrport\u00e1l","description":"Dorog, Keszt\u00f6lc, Le\u00e1nyv\u00e1r, Piliscs\u00e9v, Tokod, Tokodalt\u00e1r\u00f3, Csolnok, Esztergom-kertv\u00e1ros: h\u00edrek, programok","publisher":{"@id":"https:\/\/dorogimedence.hu\/#organization"},"potentialAction":[{"@type":"SearchAction","target":{"@type":"EntryPoint","urlTemplate":"https:\/\/dorogimedence.hu\/?s={search_term_string}"},"query-input":{"@type":"PropertyValueSpecification","valueRequired":true,"valueName":"search_term_string"}}],"inLanguage":"hu"},{"@type":"Organization","@id":"https:\/\/dorogimedence.hu\/#organization","name":"Dorogi-medence Region\u00e1lis H\u00edrport\u00e1l","url":"https:\/\/dorogimedence.hu\/","logo":{"@type":"ImageObject","inLanguage":"hu","@id":"https:\/\/dorogimedence.hu\/#\/schema\/logo\/image\/","url":"https:\/\/dorogimedence.hu\/wp-content\/uploads\/2021\/04\/logo-feher-600.png","contentUrl":"https:\/\/dorogimedence.hu\/wp-content\/uploads\/2021\/04\/logo-feher-600.png","width":600,"height":100,"caption":"Dorogi-medence Region\u00e1lis H\u00edrport\u00e1l"},"image":{"@id":"https:\/\/dorogimedence.hu\/#\/schema\/logo\/image\/"},"sameAs":["https:\/\/www.facebook.com\/dorogimedence\/"]},{"@type":"Person","@id":"https:\/\/dorogimedence.hu\/#\/schema\/person\/ce6091eeb7e95ecdc87890d6aa8e0fd4","name":"dorogimedence.hu","image":{"@type":"ImageObject","inLanguage":"hu","@id":"\/\/www.gravatar.com\/avatar\/d8d45f8901aadff40a4af72c0b826f1d?s=96&#038;r=g&#038;d=mm","url":"\/\/www.gravatar.com\/avatar\/d8d45f8901aadff40a4af72c0b826f1d?s=96&#038;r=g&#038;d=mm","contentUrl":"\/\/www.gravatar.com\/avatar\/d8d45f8901aadff40a4af72c0b826f1d?s=96&#038;r=g&#038;d=mm","caption":"dorogimedence.hu"}}]}},"_links":{"self":[{"href":"https:\/\/dorogimedence.hu\/index.php\/wp-json\/wp\/v2\/posts\/57013","targetHints":{"allow":["GET"]}}],"collection":[{"href":"https:\/\/dorogimedence.hu\/index.php\/wp-json\/wp\/v2\/posts"}],"about":[{"href":"https:\/\/dorogimedence.hu\/index.php\/wp-json\/wp\/v2\/types\/post"}],"author":[{"embeddable":true,"href":"https:\/\/dorogimedence.hu\/index.php\/wp-json\/wp\/v2\/users\/1"}],"replies":[{"embeddable":true,"href":"https:\/\/dorogimedence.hu\/index.php\/wp-json\/wp\/v2\/comments?post=57013"}],"version-history":[{"count":0,"href":"https:\/\/dorogimedence.hu\/index.php\/wp-json\/wp\/v2\/posts\/57013\/revisions"}],"wp:featuredmedia":[{"embeddable":true,"href":"https:\/\/dorogimedence.hu\/index.php\/wp-json\/wp\/v2\/media\/31720"}],"wp:attachment":[{"href":"https:\/\/dorogimedence.hu\/index.php\/wp-json\/wp\/v2\/media?parent=57013"}],"wp:term":[{"taxonomy":"category","embeddable":true,"href":"https:\/\/dorogimedence.hu\/index.php\/wp-json\/wp\/v2\/categories?post=57013"},{"taxonomy":"post_tag","embeddable":true,"href":"https:\/\/dorogimedence.hu\/index.php\/wp-json\/wp\/v2\/tags?post=57013"}],"curies":[{"name":"wp","href":"https:\/\/api.w.org\/{rel}","templated":true}]}}