{"id":56995,"date":"2023-10-11T15:00:33","date_gmt":"2023-10-11T13:00:33","guid":{"rendered":"https:\/\/dorogimedence.hu\/?p=56995"},"modified":"2023-11-07T10:58:26","modified_gmt":"2023-11-07T09:58:26","slug":"inkubatorhaz-letesult-esztergomban","status":"publish","type":"post","link":"https:\/\/dorogimedence.hu\/index.php\/2023\/10\/11\/inkubatorhaz-letesult-esztergomban\/","title":{"rendered":"Inkub\u00e1torh\u00e1z l\u00e9tes\u00fclt Esztergomban"},"content":{"rendered":"<p><strong>A Ter\u00fclet- \u00e9s Telep\u00fcl\u00e9sfejleszt\u00e9si Operat\u00edv Program (TOP) keret\u00e9ben mintegy 534 milli\u00f3 forintb\u00f3l Inkub\u00e1torh\u00e1zat l\u00e9tes\u00edtettek Esztergomban, melynek az \u00fcnnep\u00e9lyes \u00e1tad\u00f3j\u00e1t okt\u00f3ber 11-\u00e9n tartott\u00e1k meg.<\/strong><\/p>\n<p>Az \u00e1tad\u00f3 \u00fcnneps\u00e9gen Hern\u00e1di \u00c1d\u00e1m, Esztergom Megyei Jog\u00fa V\u00e1ros polg\u00e1rmestere elmondta, hogy az el\u0151z\u0151 test\u00fclet nem ezt a helysz\u00ednt v\u00e1lasztotta, viszont az\u00e9rt jel\u00f6lt\u00e9k ki \u00faj helysz\u00ednnek az ipari parkot, mert ez a helyi gazdas\u00e1g motorja. A polg\u00e1rmester kiemelte, hogy 2022 m\u00e1jus\u00e1ban adt\u00e1k \u00e1t a munkater\u00fcletet \u00e9s a v\u00e1rosfejleszt\u00e9si oszt\u00e1ly hathat\u00f3s munk\u00e1j\u00e1nak k\u00f6sz\u00f6nhet\u0151en ma \u00e1tad\u00e1sra ker\u00fcl az \u00e9p\u00fclet.<\/p>\n<p><img fetchpriority=\"high\" decoding=\"async\" class=\"alignnone size-full wp-image-56998\" src=\"https:\/\/dorogimedence.hu\/wp-content\/uploads\/2023\/10\/inkubator-02.jpg\" alt=\"\" width=\"1920\" height=\"1280\" srcset=\"https:\/\/dorogimedence.hu\/wp-content\/uploads\/2023\/10\/inkubator-02.jpg 1920w, https:\/\/dorogimedence.hu\/wp-content\/uploads\/2023\/10\/inkubator-02-600x400.jpg 600w, https:\/\/dorogimedence.hu\/wp-content\/uploads\/2023\/10\/inkubator-02-768x512.jpg 768w, https:\/\/dorogimedence.hu\/wp-content\/uploads\/2023\/10\/inkubator-02-1536x1024.jpg 1536w, https:\/\/dorogimedence.hu\/wp-content\/uploads\/2023\/10\/inkubator-02-150x100.jpg 150w, https:\/\/dorogimedence.hu\/wp-content\/uploads\/2023\/10\/inkubator-02-450x300.jpg 450w, https:\/\/dorogimedence.hu\/wp-content\/uploads\/2023\/10\/inkubator-02-1200x800.jpg 1200w, https:\/\/dorogimedence.hu\/wp-content\/uploads\/2023\/10\/inkubator-02-272x182.jpg 272w\" sizes=\"(max-width: 1920px) 100vw, 1920px\" \/><\/p>\n<p>Az Esztergom Megyei Jog\u00fa V\u00e1ros \u00d6nkorm\u00e1nyzata \u00e1ltal beny\u00fajtott TOP \u2013 1.1.2-16-KO1-2017-00003 azonos\u00edt\u00f3 sz\u00e1m\u00fa \u201eA helyi gazdas\u00e1g fejleszt\u00e9s\u00e9\u00e9rt \u2013 inkub\u00e1torh\u00e1z \u00e9p\u00edt\u00e9se Esztergomban\u201d c\u00edm\u0171 p\u00e1ly\u00e1zat keret\u00e9ben mintegy 400 n\u00e9gyzetm\u00e9ter alapter\u00fclet\u0171 k\u00e9tszintes Inkub\u00e1torh\u00e1z \u00e9p\u00fclhetett meg a M\u00e1ty\u00e1s kir\u00e1ly utca 33. sz\u00e1m alatt. A f\u00f6ldszinten recepci\u00f3val \u00e9s b\u00fcf\u00e9vel ell\u00e1tott fogad\u00f3t\u00e9r, valamint 2 m\u0171helynek alkalmas helyis\u00e9g, m\u00edg az emeleten 4 irodahelyis\u00e9gb\u0151l \u00e1ll\u00f3 blokk, egy t\u00e1rgyal\u00f3, egy konferenciaterem, vizesblokk \u00e9s teakonyha tal\u00e1lhat\u00f3.<\/p>\n<p><img decoding=\"async\" class=\"alignnone size-full wp-image-56999\" src=\"https:\/\/dorogimedence.hu\/wp-content\/uploads\/2023\/10\/inkubator-03.jpg\" alt=\"\" width=\"1920\" height=\"1280\" srcset=\"https:\/\/dorogimedence.hu\/wp-content\/uploads\/2023\/10\/inkubator-03.jpg 1920w, https:\/\/dorogimedence.hu\/wp-content\/uploads\/2023\/10\/inkubator-03-600x400.jpg 600w, https:\/\/dorogimedence.hu\/wp-content\/uploads\/2023\/10\/inkubator-03-768x512.jpg 768w, https:\/\/dorogimedence.hu\/wp-content\/uploads\/2023\/10\/inkubator-03-1536x1024.jpg 1536w, https:\/\/dorogimedence.hu\/wp-content\/uploads\/2023\/10\/inkubator-03-150x100.jpg 150w, https:\/\/dorogimedence.hu\/wp-content\/uploads\/2023\/10\/inkubator-03-450x300.jpg 450w, https:\/\/dorogimedence.hu\/wp-content\/uploads\/2023\/10\/inkubator-03-1200x800.jpg 1200w, https:\/\/dorogimedence.hu\/wp-content\/uploads\/2023\/10\/inkubator-03-272x182.jpg 272w\" sizes=\"(max-width: 1920px) 100vw, 1920px\" \/><\/p>\n<p>A Kom\u00e1rom-Esztergom V\u00e1rmegyei \u00d6nkorm\u00e1nyzat koordin\u00e1l\u00e1sban megval\u00f3sult beruh\u00e1z\u00e1s c\u00e9lja, hogy a helyi, innovat\u00edv gazdas\u00e1gi szerepl\u0151knek m\u0171k\u00f6d\u00e9si teret biztos\u00edtson, valamint az esztergomi ipari parkba telep\u00fclt kezd\u0151 mikro-, kis- \u00e9s k\u00f6z\u00e9pv\u00e1llalkoz\u00e1sok sz\u00e1m\u00e1ra az els\u0151 \u00e9vekben megfelel\u0151 h\u00e1tt\u00e9rinfrastrukt\u00far\u00e1t k\u00edn\u00e1ljon.<\/p>\n<p>Az Inkub\u00e1torh\u00e1z olyan indul\u00f3 v\u00e1llalkoz\u00e1soknak ny\u00fajt seg\u00edts\u00e9get, akik tev\u00e9kenys\u00e9g\u00fck v\u00e9gz\u00e9s\u00e9hez nem rendelkeznek megfelel\u0151 helyis\u00e9ggel, irodatechnikai \u00e9s kommunik\u00e1ci\u00f3s berendez\u00e9sekkel. Tov\u00e1bb\u00e1 v\u00e1llalkoz\u00e1suk fejleszt\u00e9s\u00e9hez tan\u00e1csad\u00e1sra, k\u00fcl\u00f6nb\u00f6z\u0151 szolg\u00e1ltat\u00e1sokra \u00e9s egy\u00fcttm\u0171k\u00f6d\u00e9sre van sz\u00fcks\u00e9g\u00fck.<\/p>\n<p><img decoding=\"async\" class=\"alignnone size-full wp-image-57000\" src=\"https:\/\/dorogimedence.hu\/wp-content\/uploads\/2023\/10\/inkubator-04.jpg\" alt=\"\" width=\"1920\" height=\"1280\" srcset=\"https:\/\/dorogimedence.hu\/wp-content\/uploads\/2023\/10\/inkubator-04.jpg 1920w, https:\/\/dorogimedence.hu\/wp-content\/uploads\/2023\/10\/inkubator-04-600x400.jpg 600w, https:\/\/dorogimedence.hu\/wp-content\/uploads\/2023\/10\/inkubator-04-768x512.jpg 768w, https:\/\/dorogimedence.hu\/wp-content\/uploads\/2023\/10\/inkubator-04-1536x1024.jpg 1536w, https:\/\/dorogimedence.hu\/wp-content\/uploads\/2023\/10\/inkubator-04-150x100.jpg 150w, https:\/\/dorogimedence.hu\/wp-content\/uploads\/2023\/10\/inkubator-04-450x300.jpg 450w, https:\/\/dorogimedence.hu\/wp-content\/uploads\/2023\/10\/inkubator-04-1200x800.jpg 1200w, https:\/\/dorogimedence.hu\/wp-content\/uploads\/2023\/10\/inkubator-04-272x182.jpg 272w\" sizes=\"(max-width: 1920px) 100vw, 1920px\" \/><\/p>\n<p>A kezd\u0151 v\u00e1llalkoz\u00e1sok az irod\u00e1k, illetve m\u0171helyek b\u00e9rl\u00e9s\u00e9nek jog\u00e1t, valamint a hozz\u00e1 tartoz\u00f3 inkub\u00e1ci\u00f3s programot p\u00e1ly\u00e1zati \u00faton nyerhetik el. Tov\u00e1bb\u00e1 az inkub\u00e1torh\u00e1zban v\u00e1llalkoz\u00e1soknak, civil szervezeteknek, oktat\u00e1si int\u00e9zm\u00e9nyeknek, mag\u00e1nszem\u00e9lyeknek konferenciatermet, valamint t\u00e1rgyal\u00f3t k\u00edn\u00e1lnak alkalmi b\u00e9rl\u00e9sre.<\/p>\n<p><strong>Az inkub\u00e1torh\u00e1z szolg\u00e1ltat\u00e1sair\u00f3l b\u0151vebben az <span style=\"text-decoration: underline; color: #0000ff;\"><a style=\"color: #0000ff; text-decoration: underline;\" href=\"https:\/\/esztergomiinkubatorhaz.hu\/\" target=\"_blank\" rel=\"noopener\">esztergomiinkubatorhaz.hu<\/a><\/span> honlapon olvashatnak!<\/strong><\/p>\n<p><img loading=\"lazy\" decoding=\"async\" class=\"alignnone size-full wp-image-57001\" src=\"https:\/\/dorogimedence.hu\/wp-content\/uploads\/2023\/10\/inkubator-07.jpg\" alt=\"\" width=\"1920\" height=\"1281\" srcset=\"https:\/\/dorogimedence.hu\/wp-content\/uploads\/2023\/10\/inkubator-07.jpg 1920w, https:\/\/dorogimedence.hu\/wp-content\/uploads\/2023\/10\/inkubator-07-600x400.jpg 600w, https:\/\/dorogimedence.hu\/wp-content\/uploads\/2023\/10\/inkubator-07-768x512.jpg 768w, https:\/\/dorogimedence.hu\/wp-content\/uploads\/2023\/10\/inkubator-07-1536x1025.jpg 1536w, https:\/\/dorogimedence.hu\/wp-content\/uploads\/2023\/10\/inkubator-07-150x100.jpg 150w, https:\/\/dorogimedence.hu\/wp-content\/uploads\/2023\/10\/inkubator-07-450x300.jpg 450w, https:\/\/dorogimedence.hu\/wp-content\/uploads\/2023\/10\/inkubator-07-1200x801.jpg 1200w, https:\/\/dorogimedence.hu\/wp-content\/uploads\/2023\/10\/inkubator-07-272x182.jpg 272w\" sizes=\"(max-width: 1920px) 100vw, 1920px\" \/> <img loading=\"lazy\" decoding=\"async\" class=\"alignnone size-full wp-image-57002\" src=\"https:\/\/dorogimedence.hu\/wp-content\/uploads\/2023\/10\/inkubator-08.jpg\" alt=\"\" width=\"1920\" height=\"1281\" srcset=\"https:\/\/dorogimedence.hu\/wp-content\/uploads\/2023\/10\/inkubator-08.jpg 1920w, https:\/\/dorogimedence.hu\/wp-content\/uploads\/2023\/10\/inkubator-08-600x400.jpg 600w, https:\/\/dorogimedence.hu\/wp-content\/uploads\/2023\/10\/inkubator-08-768x512.jpg 768w, https:\/\/dorogimedence.hu\/wp-content\/uploads\/2023\/10\/inkubator-08-1536x1025.jpg 1536w, https:\/\/dorogimedence.hu\/wp-content\/uploads\/2023\/10\/inkubator-08-150x100.jpg 150w, https:\/\/dorogimedence.hu\/wp-content\/uploads\/2023\/10\/inkubator-08-450x300.jpg 450w, https:\/\/dorogimedence.hu\/wp-content\/uploads\/2023\/10\/inkubator-08-1200x801.jpg 1200w, https:\/\/dorogimedence.hu\/wp-content\/uploads\/2023\/10\/inkubator-08-272x182.jpg 272w\" sizes=\"(max-width: 1920px) 100vw, 1920px\" \/> <img loading=\"lazy\" decoding=\"async\" class=\"alignnone size-full wp-image-57003\" src=\"https:\/\/dorogimedence.hu\/wp-content\/uploads\/2023\/10\/inkubator-09.jpg\" alt=\"\" width=\"1920\" height=\"1281\" srcset=\"https:\/\/dorogimedence.hu\/wp-content\/uploads\/2023\/10\/inkubator-09.jpg 1920w, https:\/\/dorogimedence.hu\/wp-content\/uploads\/2023\/10\/inkubator-09-600x400.jpg 600w, https:\/\/dorogimedence.hu\/wp-content\/uploads\/2023\/10\/inkubator-09-768x512.jpg 768w, https:\/\/dorogimedence.hu\/wp-content\/uploads\/2023\/10\/inkubator-09-1536x1025.jpg 1536w, https:\/\/dorogimedence.hu\/wp-content\/uploads\/2023\/10\/inkubator-09-150x100.jpg 150w, https:\/\/dorogimedence.hu\/wp-content\/uploads\/2023\/10\/inkubator-09-450x300.jpg 450w, https:\/\/dorogimedence.hu\/wp-content\/uploads\/2023\/10\/inkubator-09-1200x801.jpg 1200w, https:\/\/dorogimedence.hu\/wp-content\/uploads\/2023\/10\/inkubator-09-272x182.jpg 272w\" sizes=\"(max-width: 1920px) 100vw, 1920px\" \/> <img loading=\"lazy\" decoding=\"async\" class=\"alignnone size-full wp-image-57004\" src=\"https:\/\/dorogimedence.hu\/wp-content\/uploads\/2023\/10\/inkubator-10.jpg\" alt=\"\" width=\"1920\" height=\"1280\" srcset=\"https:\/\/dorogimedence.hu\/wp-content\/uploads\/2023\/10\/inkubator-10.jpg 1920w, https:\/\/dorogimedence.hu\/wp-content\/uploads\/2023\/10\/inkubator-10-600x400.jpg 600w, https:\/\/dorogimedence.hu\/wp-content\/uploads\/2023\/10\/inkubator-10-768x512.jpg 768w, https:\/\/dorogimedence.hu\/wp-content\/uploads\/2023\/10\/inkubator-10-1536x1024.jpg 1536w, https:\/\/dorogimedence.hu\/wp-content\/uploads\/2023\/10\/inkubator-10-150x100.jpg 150w, https:\/\/dorogimedence.hu\/wp-content\/uploads\/2023\/10\/inkubator-10-450x300.jpg 450w, https:\/\/dorogimedence.hu\/wp-content\/uploads\/2023\/10\/inkubator-10-1200x800.jpg 1200w, https:\/\/dorogimedence.hu\/wp-content\/uploads\/2023\/10\/inkubator-10-272x182.jpg 272w\" sizes=\"(max-width: 1920px) 100vw, 1920px\" \/><\/p>\n<p><em>Fot\u00f3k: esztergomiinkubatorhaz.hu \/ dorogimedence.hu<\/em><\/p>\n","protected":false},"excerpt":{"rendered":"<p>A Ter\u00fclet- \u00e9s Telep\u00fcl\u00e9sfejleszt\u00e9si Operat\u00edv Program (TOP) keret\u00e9ben mintegy 534 milli\u00f3 forintb\u00f3l Inkub\u00e1torh\u00e1zat l\u00e9tes\u00edtettek Esztergomban, melynek az \u00fcnnep\u00e9lyes \u00e1tad\u00f3j\u00e1t okt\u00f3ber 11-\u00e9n tartott\u00e1k meg. Az \u00e1tad\u00f3 \u00fcnneps\u00e9gen Hern\u00e1di \u00c1d\u00e1m, Esztergom Megyei Jog\u00fa V\u00e1ros polg\u00e1rmestere elmondta, hogy az el\u0151z\u0151 test\u00fclet nem ezt a helysz\u00ednt v\u00e1lasztotta, viszont az\u00e9rt jel\u00f6lt\u00e9k ki \u00faj helysz\u00ednnek az ipari parkot, mert ez a<\/p>\n","protected":false},"author":1,"featured_media":57580,"comment_status":"closed","ping_status":"closed","sticky":false,"template":"","format":"standard","meta":{"ngg_post_thumbnail":0,"footnotes":""},"categories":[38,3],"tags":[42,7511,5624,2765,323],"class_list":{"0":"post-56995","1":"post","2":"type-post","3":"status-publish","4":"format-standard","5":"has-post-thumbnail","7":"category-esztergom","8":"category-hirek","9":"tag-esztergom","10":"tag-esztergomi-inkubatorhaz","11":"tag-featured","12":"tag-inkubatorhaz","13":"tag-vallalkozasok"},"yoast_head":"<!-- This site is optimized with the Yoast SEO plugin v27.4 - https:\/\/yoast.com\/product\/yoast-seo-wordpress\/ -->\n<title>Inkub\u00e1torh\u00e1z l\u00e9tes\u00fclt Esztergomban<\/title>\n<meta name=\"robots\" content=\"index, follow, max-snippet:-1, max-image-preview:large, max-video-preview:-1\" \/>\n<link rel=\"canonical\" href=\"https:\/\/dorogimedence.hu\/index.php\/2023\/10\/11\/inkubatorhaz-letesult-esztergomban\/\" class=\"yoast-seo-meta-tag\" \/>\n<meta property=\"og:locale\" content=\"hu_HU\" class=\"yoast-seo-meta-tag\" \/>\n<meta property=\"og:type\" content=\"article\" class=\"yoast-seo-meta-tag\" \/>\n<meta property=\"og:title\" content=\"Inkub\u00e1torh\u00e1z l\u00e9tes\u00fclt Esztergomban\" class=\"yoast-seo-meta-tag\" \/>\n<meta property=\"og:description\" content=\"A Ter\u00fclet- \u00e9s Telep\u00fcl\u00e9sfejleszt\u00e9si Operat\u00edv Program (TOP) keret\u00e9ben mintegy 534 milli\u00f3 forintb\u00f3l Inkub\u00e1torh\u00e1zat l\u00e9tes\u00edtettek Esztergomban, melynek az \u00fcnnep\u00e9lyes \u00e1tad\u00f3j\u00e1t okt\u00f3ber 11-\u00e9n tartott\u00e1k meg. Az \u00e1tad\u00f3 \u00fcnneps\u00e9gen Hern\u00e1di \u00c1d\u00e1m, Esztergom Megyei Jog\u00fa V\u00e1ros polg\u00e1rmestere elmondta, hogy az el\u0151z\u0151 test\u00fclet nem ezt a helysz\u00ednt v\u00e1lasztotta, viszont az\u00e9rt jel\u00f6lt\u00e9k ki \u00faj helysz\u00ednnek az ipari parkot, mert ez a\" class=\"yoast-seo-meta-tag\" \/>\n<meta property=\"og:url\" content=\"https:\/\/dorogimedence.hu\/index.php\/2023\/10\/11\/inkubatorhaz-letesult-esztergomban\/\" class=\"yoast-seo-meta-tag\" \/>\n<meta property=\"og:site_name\" content=\"Dorogi-medence Region\u00e1lis H\u00edrport\u00e1l\" class=\"yoast-seo-meta-tag\" \/>\n<meta property=\"article:publisher\" content=\"https:\/\/www.facebook.com\/dorogimedence\/\" class=\"yoast-seo-meta-tag\" \/>\n<meta property=\"article:published_time\" content=\"2023-10-11T13:00:33+00:00\" class=\"yoast-seo-meta-tag\" \/>\n<meta property=\"article:modified_time\" content=\"2023-11-07T09:58:26+00:00\" class=\"yoast-seo-meta-tag\" \/>\n<meta property=\"og:image\" content=\"https:\/\/dorogimedence.hu\/wp-content\/uploads\/2023\/10\/inkubatorhaz.jpg\" class=\"yoast-seo-meta-tag\" \/>\n\t<meta property=\"og:image:width\" content=\"1920\" class=\"yoast-seo-meta-tag\" \/>\n\t<meta property=\"og:image:height\" content=\"970\" class=\"yoast-seo-meta-tag\" \/>\n\t<meta property=\"og:image:type\" content=\"image\/jpeg\" class=\"yoast-seo-meta-tag\" \/>\n<meta name=\"author\" content=\"dorogimedence.hu\" class=\"yoast-seo-meta-tag\" \/>\n<meta name=\"twitter:card\" content=\"summary_large_image\" class=\"yoast-seo-meta-tag\" \/>\n<meta name=\"twitter:label1\" content=\"Szerz\u0151:\" class=\"yoast-seo-meta-tag\" \/>\n\t<meta name=\"twitter:data1\" content=\"dorogimedence.hu\" class=\"yoast-seo-meta-tag\" \/>\n\t<meta name=\"twitter:label2\" content=\"Becs\u00fclt olvas\u00e1si id\u0151\" class=\"yoast-seo-meta-tag\" \/>\n\t<meta name=\"twitter:data2\" content=\"2 perc\" class=\"yoast-seo-meta-tag\" \/>\n<script type=\"application\/ld+json\" class=\"yoast-schema-graph\">{\"@context\":\"https:\\\/\\\/schema.org\",\"@graph\":[{\"@type\":\"Article\",\"@id\":\"https:\\\/\\\/dorogimedence.hu\\\/index.php\\\/2023\\\/10\\\/11\\\/inkubatorhaz-letesult-esztergomban\\\/#article\",\"isPartOf\":{\"@id\":\"https:\\\/\\\/dorogimedence.hu\\\/index.php\\\/2023\\\/10\\\/11\\\/inkubatorhaz-letesult-esztergomban\\\/\"},\"author\":{\"name\":\"dorogimedence.hu\",\"@id\":\"https:\\\/\\\/dorogimedence.hu\\\/#\\\/schema\\\/person\\\/ce6091eeb7e95ecdc87890d6aa8e0fd4\"},\"headline\":\"Inkub\u00e1torh\u00e1z l\u00e9tes\u00fclt Esztergomban\",\"datePublished\":\"2023-10-11T13:00:33+00:00\",\"dateModified\":\"2023-11-07T09:58:26+00:00\",\"mainEntityOfPage\":{\"@id\":\"https:\\\/\\\/dorogimedence.hu\\\/index.php\\\/2023\\\/10\\\/11\\\/inkubatorhaz-letesult-esztergomban\\\/\"},\"wordCount\":448,\"publisher\":{\"@id\":\"https:\\\/\\\/dorogimedence.hu\\\/#organization\"},\"image\":{\"@id\":\"https:\\\/\\\/dorogimedence.hu\\\/index.php\\\/2023\\\/10\\\/11\\\/inkubatorhaz-letesult-esztergomban\\\/#primaryimage\"},\"thumbnailUrl\":\"https:\\\/\\\/dorogimedence.hu\\\/wp-content\\\/uploads\\\/2023\\\/10\\\/inkubatorhaz.jpg\",\"keywords\":[\"esztergom\",\"Esztergomi Inkub\u00e1torh\u00e1z\",\"featured\",\"inkub\u00e1torh\u00e1z\",\"v\u00e1llalkoz\u00e1sok\"],\"articleSection\":[\"Esztergom\",\"H\u00edrek\"],\"inLanguage\":\"hu\"},{\"@type\":\"WebPage\",\"@id\":\"https:\\\/\\\/dorogimedence.hu\\\/index.php\\\/2023\\\/10\\\/11\\\/inkubatorhaz-letesult-esztergomban\\\/\",\"url\":\"https:\\\/\\\/dorogimedence.hu\\\/index.php\\\/2023\\\/10\\\/11\\\/inkubatorhaz-letesult-esztergomban\\\/\",\"name\":\"Inkub\u00e1torh\u00e1z l\u00e9tes\u00fclt Esztergomban\",\"isPartOf\":{\"@id\":\"https:\\\/\\\/dorogimedence.hu\\\/#website\"},\"primaryImageOfPage\":{\"@id\":\"https:\\\/\\\/dorogimedence.hu\\\/index.php\\\/2023\\\/10\\\/11\\\/inkubatorhaz-letesult-esztergomban\\\/#primaryimage\"},\"image\":{\"@id\":\"https:\\\/\\\/dorogimedence.hu\\\/index.php\\\/2023\\\/10\\\/11\\\/inkubatorhaz-letesult-esztergomban\\\/#primaryimage\"},\"thumbnailUrl\":\"https:\\\/\\\/dorogimedence.hu\\\/wp-content\\\/uploads\\\/2023\\\/10\\\/inkubatorhaz.jpg\",\"datePublished\":\"2023-10-11T13:00:33+00:00\",\"dateModified\":\"2023-11-07T09:58:26+00:00\",\"breadcrumb\":{\"@id\":\"https:\\\/\\\/dorogimedence.hu\\\/index.php\\\/2023\\\/10\\\/11\\\/inkubatorhaz-letesult-esztergomban\\\/#breadcrumb\"},\"inLanguage\":\"hu\",\"potentialAction\":[{\"@type\":\"ReadAction\",\"target\":[\"https:\\\/\\\/dorogimedence.hu\\\/index.php\\\/2023\\\/10\\\/11\\\/inkubatorhaz-letesult-esztergomban\\\/\"]}]},{\"@type\":\"ImageObject\",\"inLanguage\":\"hu\",\"@id\":\"https:\\\/\\\/dorogimedence.hu\\\/index.php\\\/2023\\\/10\\\/11\\\/inkubatorhaz-letesult-esztergomban\\\/#primaryimage\",\"url\":\"https:\\\/\\\/dorogimedence.hu\\\/wp-content\\\/uploads\\\/2023\\\/10\\\/inkubatorhaz.jpg\",\"contentUrl\":\"https:\\\/\\\/dorogimedence.hu\\\/wp-content\\\/uploads\\\/2023\\\/10\\\/inkubatorhaz.jpg\",\"width\":1920,\"height\":970},{\"@type\":\"BreadcrumbList\",\"@id\":\"https:\\\/\\\/dorogimedence.hu\\\/index.php\\\/2023\\\/10\\\/11\\\/inkubatorhaz-letesult-esztergomban\\\/#breadcrumb\",\"itemListElement\":[{\"@type\":\"ListItem\",\"position\":1,\"name\":\"Kezd\u0151lap\",\"item\":\"https:\\\/\\\/dorogimedence.hu\\\/\"},{\"@type\":\"ListItem\",\"position\":2,\"name\":\"Inkub\u00e1torh\u00e1z l\u00e9tes\u00fclt Esztergomban\"}]},{\"@type\":\"WebSite\",\"@id\":\"https:\\\/\\\/dorogimedence.hu\\\/#website\",\"url\":\"https:\\\/\\\/dorogimedence.hu\\\/\",\"name\":\"Dorogi-medence Region\u00e1lis H\u00edrport\u00e1l\",\"description\":\"Dorog, Keszt\u00f6lc, Le\u00e1nyv\u00e1r, Piliscs\u00e9v, Tokod, Tokodalt\u00e1r\u00f3, Csolnok, Esztergom-kertv\u00e1ros: h\u00edrek, programok\",\"publisher\":{\"@id\":\"https:\\\/\\\/dorogimedence.hu\\\/#organization\"},\"potentialAction\":[{\"@type\":\"SearchAction\",\"target\":{\"@type\":\"EntryPoint\",\"urlTemplate\":\"https:\\\/\\\/dorogimedence.hu\\\/?s={search_term_string}\"},\"query-input\":{\"@type\":\"PropertyValueSpecification\",\"valueRequired\":true,\"valueName\":\"search_term_string\"}}],\"inLanguage\":\"hu\"},{\"@type\":\"Organization\",\"@id\":\"https:\\\/\\\/dorogimedence.hu\\\/#organization\",\"name\":\"Dorogi-medence Region\u00e1lis H\u00edrport\u00e1l\",\"url\":\"https:\\\/\\\/dorogimedence.hu\\\/\",\"logo\":{\"@type\":\"ImageObject\",\"inLanguage\":\"hu\",\"@id\":\"https:\\\/\\\/dorogimedence.hu\\\/#\\\/schema\\\/logo\\\/image\\\/\",\"url\":\"https:\\\/\\\/dorogimedence.hu\\\/wp-content\\\/uploads\\\/2021\\\/04\\\/logo-feher-600.png\",\"contentUrl\":\"https:\\\/\\\/dorogimedence.hu\\\/wp-content\\\/uploads\\\/2021\\\/04\\\/logo-feher-600.png\",\"width\":600,\"height\":100,\"caption\":\"Dorogi-medence Region\u00e1lis H\u00edrport\u00e1l\"},\"image\":{\"@id\":\"https:\\\/\\\/dorogimedence.hu\\\/#\\\/schema\\\/logo\\\/image\\\/\"},\"sameAs\":[\"https:\\\/\\\/www.facebook.com\\\/dorogimedence\\\/\"]},{\"@type\":\"Person\",\"@id\":\"https:\\\/\\\/dorogimedence.hu\\\/#\\\/schema\\\/person\\\/ce6091eeb7e95ecdc87890d6aa8e0fd4\",\"name\":\"dorogimedence.hu\",\"image\":{\"@type\":\"ImageObject\",\"inLanguage\":\"hu\",\"@id\":\"\\\/\\\/www.gravatar.com\\\/avatar\\\/d8d45f8901aadff40a4af72c0b826f1d?s=96&#038;r=g&#038;d=mm\",\"url\":\"\\\/\\\/www.gravatar.com\\\/avatar\\\/d8d45f8901aadff40a4af72c0b826f1d?s=96&#038;r=g&#038;d=mm\",\"contentUrl\":\"\\\/\\\/www.gravatar.com\\\/avatar\\\/d8d45f8901aadff40a4af72c0b826f1d?s=96&#038;r=g&#038;d=mm\",\"caption\":\"dorogimedence.hu\"}}]}<\/script>\n<!-- \/ Yoast SEO plugin. -->","yoast_head_json":{"title":"Inkub\u00e1torh\u00e1z l\u00e9tes\u00fclt Esztergomban","robots":{"index":"index","follow":"follow","max-snippet":"max-snippet:-1","max-image-preview":"max-image-preview:large","max-video-preview":"max-video-preview:-1"},"canonical":"https:\/\/dorogimedence.hu\/index.php\/2023\/10\/11\/inkubatorhaz-letesult-esztergomban\/","og_locale":"hu_HU","og_type":"article","og_title":"Inkub\u00e1torh\u00e1z l\u00e9tes\u00fclt Esztergomban","og_description":"A Ter\u00fclet- \u00e9s Telep\u00fcl\u00e9sfejleszt\u00e9si Operat\u00edv Program (TOP) keret\u00e9ben mintegy 534 milli\u00f3 forintb\u00f3l Inkub\u00e1torh\u00e1zat l\u00e9tes\u00edtettek Esztergomban, melynek az \u00fcnnep\u00e9lyes \u00e1tad\u00f3j\u00e1t okt\u00f3ber 11-\u00e9n tartott\u00e1k meg. Az \u00e1tad\u00f3 \u00fcnneps\u00e9gen Hern\u00e1di \u00c1d\u00e1m, Esztergom Megyei Jog\u00fa V\u00e1ros polg\u00e1rmestere elmondta, hogy az el\u0151z\u0151 test\u00fclet nem ezt a helysz\u00ednt v\u00e1lasztotta, viszont az\u00e9rt jel\u00f6lt\u00e9k ki \u00faj helysz\u00ednnek az ipari parkot, mert ez a","og_url":"https:\/\/dorogimedence.hu\/index.php\/2023\/10\/11\/inkubatorhaz-letesult-esztergomban\/","og_site_name":"Dorogi-medence Region\u00e1lis H\u00edrport\u00e1l","article_publisher":"https:\/\/www.facebook.com\/dorogimedence\/","article_published_time":"2023-10-11T13:00:33+00:00","article_modified_time":"2023-11-07T09:58:26+00:00","og_image":[{"width":1920,"height":970,"url":"https:\/\/dorogimedence.hu\/wp-content\/uploads\/2023\/10\/inkubatorhaz.jpg","type":"image\/jpeg"}],"author":"dorogimedence.hu","twitter_card":"summary_large_image","twitter_misc":{"Szerz\u0151:":"dorogimedence.hu","Becs\u00fclt olvas\u00e1si id\u0151":"2 perc"},"schema":{"@context":"https:\/\/schema.org","@graph":[{"@type":"Article","@id":"https:\/\/dorogimedence.hu\/index.php\/2023\/10\/11\/inkubatorhaz-letesult-esztergomban\/#article","isPartOf":{"@id":"https:\/\/dorogimedence.hu\/index.php\/2023\/10\/11\/inkubatorhaz-letesult-esztergomban\/"},"author":{"name":"dorogimedence.hu","@id":"https:\/\/dorogimedence.hu\/#\/schema\/person\/ce6091eeb7e95ecdc87890d6aa8e0fd4"},"headline":"Inkub\u00e1torh\u00e1z l\u00e9tes\u00fclt Esztergomban","datePublished":"2023-10-11T13:00:33+00:00","dateModified":"2023-11-07T09:58:26+00:00","mainEntityOfPage":{"@id":"https:\/\/dorogimedence.hu\/index.php\/2023\/10\/11\/inkubatorhaz-letesult-esztergomban\/"},"wordCount":448,"publisher":{"@id":"https:\/\/dorogimedence.hu\/#organization"},"image":{"@id":"https:\/\/dorogimedence.hu\/index.php\/2023\/10\/11\/inkubatorhaz-letesult-esztergomban\/#primaryimage"},"thumbnailUrl":"https:\/\/dorogimedence.hu\/wp-content\/uploads\/2023\/10\/inkubatorhaz.jpg","keywords":["esztergom","Esztergomi Inkub\u00e1torh\u00e1z","featured","inkub\u00e1torh\u00e1z","v\u00e1llalkoz\u00e1sok"],"articleSection":["Esztergom","H\u00edrek"],"inLanguage":"hu"},{"@type":"WebPage","@id":"https:\/\/dorogimedence.hu\/index.php\/2023\/10\/11\/inkubatorhaz-letesult-esztergomban\/","url":"https:\/\/dorogimedence.hu\/index.php\/2023\/10\/11\/inkubatorhaz-letesult-esztergomban\/","name":"Inkub\u00e1torh\u00e1z l\u00e9tes\u00fclt Esztergomban","isPartOf":{"@id":"https:\/\/dorogimedence.hu\/#website"},"primaryImageOfPage":{"@id":"https:\/\/dorogimedence.hu\/index.php\/2023\/10\/11\/inkubatorhaz-letesult-esztergomban\/#primaryimage"},"image":{"@id":"https:\/\/dorogimedence.hu\/index.php\/2023\/10\/11\/inkubatorhaz-letesult-esztergomban\/#primaryimage"},"thumbnailUrl":"https:\/\/dorogimedence.hu\/wp-content\/uploads\/2023\/10\/inkubatorhaz.jpg","datePublished":"2023-10-11T13:00:33+00:00","dateModified":"2023-11-07T09:58:26+00:00","breadcrumb":{"@id":"https:\/\/dorogimedence.hu\/index.php\/2023\/10\/11\/inkubatorhaz-letesult-esztergomban\/#breadcrumb"},"inLanguage":"hu","potentialAction":[{"@type":"ReadAction","target":["https:\/\/dorogimedence.hu\/index.php\/2023\/10\/11\/inkubatorhaz-letesult-esztergomban\/"]}]},{"@type":"ImageObject","inLanguage":"hu","@id":"https:\/\/dorogimedence.hu\/index.php\/2023\/10\/11\/inkubatorhaz-letesult-esztergomban\/#primaryimage","url":"https:\/\/dorogimedence.hu\/wp-content\/uploads\/2023\/10\/inkubatorhaz.jpg","contentUrl":"https:\/\/dorogimedence.hu\/wp-content\/uploads\/2023\/10\/inkubatorhaz.jpg","width":1920,"height":970},{"@type":"BreadcrumbList","@id":"https:\/\/dorogimedence.hu\/index.php\/2023\/10\/11\/inkubatorhaz-letesult-esztergomban\/#breadcrumb","itemListElement":[{"@type":"ListItem","position":1,"name":"Kezd\u0151lap","item":"https:\/\/dorogimedence.hu\/"},{"@type":"ListItem","position":2,"name":"Inkub\u00e1torh\u00e1z l\u00e9tes\u00fclt Esztergomban"}]},{"@type":"WebSite","@id":"https:\/\/dorogimedence.hu\/#website","url":"https:\/\/dorogimedence.hu\/","name":"Dorogi-medence Region\u00e1lis H\u00edrport\u00e1l","description":"Dorog, Keszt\u00f6lc, Le\u00e1nyv\u00e1r, Piliscs\u00e9v, Tokod, Tokodalt\u00e1r\u00f3, Csolnok, Esztergom-kertv\u00e1ros: h\u00edrek, programok","publisher":{"@id":"https:\/\/dorogimedence.hu\/#organization"},"potentialAction":[{"@type":"SearchAction","target":{"@type":"EntryPoint","urlTemplate":"https:\/\/dorogimedence.hu\/?s={search_term_string}"},"query-input":{"@type":"PropertyValueSpecification","valueRequired":true,"valueName":"search_term_string"}}],"inLanguage":"hu"},{"@type":"Organization","@id":"https:\/\/dorogimedence.hu\/#organization","name":"Dorogi-medence Region\u00e1lis H\u00edrport\u00e1l","url":"https:\/\/dorogimedence.hu\/","logo":{"@type":"ImageObject","inLanguage":"hu","@id":"https:\/\/dorogimedence.hu\/#\/schema\/logo\/image\/","url":"https:\/\/dorogimedence.hu\/wp-content\/uploads\/2021\/04\/logo-feher-600.png","contentUrl":"https:\/\/dorogimedence.hu\/wp-content\/uploads\/2021\/04\/logo-feher-600.png","width":600,"height":100,"caption":"Dorogi-medence Region\u00e1lis H\u00edrport\u00e1l"},"image":{"@id":"https:\/\/dorogimedence.hu\/#\/schema\/logo\/image\/"},"sameAs":["https:\/\/www.facebook.com\/dorogimedence\/"]},{"@type":"Person","@id":"https:\/\/dorogimedence.hu\/#\/schema\/person\/ce6091eeb7e95ecdc87890d6aa8e0fd4","name":"dorogimedence.hu","image":{"@type":"ImageObject","inLanguage":"hu","@id":"\/\/www.gravatar.com\/avatar\/d8d45f8901aadff40a4af72c0b826f1d?s=96&#038;r=g&#038;d=mm","url":"\/\/www.gravatar.com\/avatar\/d8d45f8901aadff40a4af72c0b826f1d?s=96&#038;r=g&#038;d=mm","contentUrl":"\/\/www.gravatar.com\/avatar\/d8d45f8901aadff40a4af72c0b826f1d?s=96&#038;r=g&#038;d=mm","caption":"dorogimedence.hu"}}]}},"_links":{"self":[{"href":"https:\/\/dorogimedence.hu\/index.php\/wp-json\/wp\/v2\/posts\/56995","targetHints":{"allow":["GET"]}}],"collection":[{"href":"https:\/\/dorogimedence.hu\/index.php\/wp-json\/wp\/v2\/posts"}],"about":[{"href":"https:\/\/dorogimedence.hu\/index.php\/wp-json\/wp\/v2\/types\/post"}],"author":[{"embeddable":true,"href":"https:\/\/dorogimedence.hu\/index.php\/wp-json\/wp\/v2\/users\/1"}],"replies":[{"embeddable":true,"href":"https:\/\/dorogimedence.hu\/index.php\/wp-json\/wp\/v2\/comments?post=56995"}],"version-history":[{"count":0,"href":"https:\/\/dorogimedence.hu\/index.php\/wp-json\/wp\/v2\/posts\/56995\/revisions"}],"wp:featuredmedia":[{"embeddable":true,"href":"https:\/\/dorogimedence.hu\/index.php\/wp-json\/wp\/v2\/media\/57580"}],"wp:attachment":[{"href":"https:\/\/dorogimedence.hu\/index.php\/wp-json\/wp\/v2\/media?parent=56995"}],"wp:term":[{"taxonomy":"category","embeddable":true,"href":"https:\/\/dorogimedence.hu\/index.php\/wp-json\/wp\/v2\/categories?post=56995"},{"taxonomy":"post_tag","embeddable":true,"href":"https:\/\/dorogimedence.hu\/index.php\/wp-json\/wp\/v2\/tags?post=56995"}],"curies":[{"name":"wp","href":"https:\/\/api.w.org\/{rel}","templated":true}]}}