{"id":56986,"date":"2023-10-11T12:40:19","date_gmt":"2023-10-11T10:40:19","guid":{"rendered":"https:\/\/dorogimedence.hu\/?p=56986"},"modified":"2023-10-11T12:40:19","modified_gmt":"2023-10-11T10:40:19","slug":"zavarta-a-siras-ezert-utotte-4-honapos-gyermeke-fejet","status":"publish","type":"post","link":"https:\/\/dorogimedence.hu\/index.php\/2023\/10\/11\/zavarta-a-siras-ezert-utotte-4-honapos-gyermeke-fejet\/","title":{"rendered":"Zavarta a s\u00edr\u00e1s, ez\u00e9rt \u00fct\u00f6tte 4 h\u00f3napos gyermeke fej\u00e9t"},"content":{"rendered":"<p><strong>B\u00f6rt\u00f6nb\u00fcntet\u00e9sre \u00edt\u00e9lhetik azt az esztergomi f\u00e9rfit, aki \u00fagy b\u00e1ntalmazta p\u00e1r h\u00f3napos gyermek\u00e9t, hogy a baba \u00e9letvesz\u00e9lyes s\u00e9r\u00fcl\u00e9seket szenvedett.<\/strong><\/p>\n<p>A v\u00e1d szerint az esztergomi f\u00e9rfinak \u00e9s \u00e9lett\u00e1rs\u00e1nak 2021. j\u00fanius 3-\u00e1n gyermeke sz\u00fcletett. A gyermek a sz\u00fclet\u00e9s\u00e9t k\u00f6vet\u0151 egy h\u00f3nap eltelt\u00e9vel hasf\u00e1j\u00f3ss\u00e1, s\u00edr\u00f3ss\u00e1 v\u00e1lt, melyet a v\u00e1dlott a kezdetekt\u0151l fogva nehezen toler\u00e1lt, a babas\u00edr\u00e1s miatt gyakran indulatoss\u00e1, inger\u00fcltt\u00e9 v\u00e1lt. A f\u00e9rfi kezdetben kiab\u00e1l\u00e1ssal vezette le az indulat\u00e1t, azonban k\u00e9t alkalommal a gyermek s\u00edr\u00e1sa miatt kialakult d\u00fch\u00e9ben b\u00e1ntalmazta az alig n\u00e9gyh\u00f3napos s\u00e9rtettet oly m\u00f3don, hogy a fej\u00e9t neki\u00fct\u00f6tte valamely, a lak\u00e1sban tal\u00e1lhat\u00f3 tompa t\u00e1rgynak. A legutols\u00f3 alkalommal a s\u00e9rtett eszm\u00e9let\u00e9t vesztette. A v\u00e1dlott ezt \u00e9szlelve a szomsz\u00e9dok seg\u00edts\u00e9g\u00e9vel ment\u0151t h\u00edvott a kisfi\u00fa r\u00e9sz\u00e9re.<\/p>\n<p>A s\u00e9rtettnek a v\u00e1dlott b\u00e1ntalmaz\u00e1sai k\u00f6vetkezt\u00e9ben \u00e9letvesz\u00e9lyes s\u00e9r\u00fcl\u00e9sei keletkeztek.<\/p>\n<p>A Kom\u00e1rom-Esztergom V\u00e1rmegyei F\u0151\u00fcgy\u00e9szs\u00e9g \u00e9letvesz\u00e9lyt okoz\u00f3 testi s\u00e9rt\u00e9s b\u0171ntette miatt emelt v\u00e1dat a f\u00e9rfival szemben \u00e9s a v\u00e1diratban ind\u00edtv\u00e1nyt tett arra, hogy a Tatab\u00e1nyai T\u00f6rv\u00e9nysz\u00e9k a v\u00e1dlottat v\u00e9grehajtand\u00f3 b\u00f6rt\u00f6nb\u00fcntet\u00e9sre, valamint k\u00f6z\u00fcgyekt\u0151l eltilt\u00e1sra \u00edt\u00e9lje, tov\u00e1bb\u00e1 \u00e1llap\u00edtsa meg, hogy a v\u00e1dlott nem bocs\u00e1that\u00f3 felt\u00e9teles szabads\u00e1gra.<\/p>\n<p>A gy\u00e1mhat\u00f3s\u00e1gi elj\u00e1r\u00e1sban a f\u00e9rfi sz\u00fcl\u0151i fel\u00fcgyeleti joga azonnali hat\u00e1llyal megsz\u00fcntet\u00e9sre ker\u00fclt.<\/p>\n<p><em>Forr\u00e1s: Kom\u00e1rom-Esztergom V\u00e1rmegyei F\u0151\u00fcgy\u00e9szs\u00e9g<br \/>\nBor\u00edt\u00f3k\u00e9p: illusztr\u00e1ci\u00f3<br \/>\n<\/em><\/p>\n","protected":false},"excerpt":{"rendered":"<p>B\u00f6rt\u00f6nb\u00fcntet\u00e9sre \u00edt\u00e9lhetik azt az esztergomi f\u00e9rfit, aki \u00fagy b\u00e1ntalmazta p\u00e1r h\u00f3napos gyermek\u00e9t, hogy a baba \u00e9letvesz\u00e9lyes s\u00e9r\u00fcl\u00e9seket szenvedett. A v\u00e1d szerint az esztergomi f\u00e9rfinak \u00e9s \u00e9lett\u00e1rs\u00e1nak 2021. j\u00fanius 3-\u00e1n gyermeke sz\u00fcletett. A gyermek a sz\u00fclet\u00e9s\u00e9t k\u00f6vet\u0151 egy h\u00f3nap eltelt\u00e9vel hasf\u00e1j\u00f3ss\u00e1, s\u00edr\u00f3ss\u00e1 v\u00e1lt, melyet a v\u00e1dlott a kezdetekt\u0151l fogva nehezen toler\u00e1lt, a babas\u00edr\u00e1s miatt gyakran indulatoss\u00e1,<\/p>\n","protected":false},"author":1,"featured_media":56987,"comment_status":"closed","ping_status":"closed","sticky":false,"template":"","format":"standard","meta":{"ngg_post_thumbnail":0,"footnotes":""},"categories":[38,3,39],"tags":[712,1042,63,42,61,326],"class_list":{"0":"post-56986","1":"post","2":"type-post","3":"status-publish","4":"format-standard","5":"has-post-thumbnail","7":"category-esztergom","8":"category-hirek","9":"category-kek-hirek","10":"tag-bantalmazas","11":"tag-birosag","12":"tag-buncselekmeny","13":"tag-esztergom","14":"tag-rendorsegi-hirek","15":"tag-ugyeszseg"},"yoast_head":"<!-- This site is optimized with the Yoast SEO plugin v27.5 - https:\/\/yoast.com\/product\/yoast-seo-wordpress\/ -->\n<title>Zavarta a s\u00edr\u00e1s, ez\u00e9rt \u00fct\u00f6tte 4 h\u00f3napos gyermeke fej\u00e9t<\/title>\n<meta name=\"robots\" content=\"index, follow, max-snippet:-1, max-image-preview:large, max-video-preview:-1\" \/>\n<link rel=\"canonical\" href=\"https:\/\/dorogimedence.hu\/index.php\/2023\/10\/11\/zavarta-a-siras-ezert-utotte-4-honapos-gyermeke-fejet\/\" class=\"yoast-seo-meta-tag\" \/>\n<meta property=\"og:locale\" content=\"hu_HU\" class=\"yoast-seo-meta-tag\" \/>\n<meta property=\"og:type\" content=\"article\" class=\"yoast-seo-meta-tag\" \/>\n<meta property=\"og:title\" content=\"Zavarta a s\u00edr\u00e1s, ez\u00e9rt \u00fct\u00f6tte 4 h\u00f3napos gyermeke fej\u00e9t\" class=\"yoast-seo-meta-tag\" \/>\n<meta property=\"og:description\" content=\"B\u00f6rt\u00f6nb\u00fcntet\u00e9sre \u00edt\u00e9lhetik azt az esztergomi f\u00e9rfit, aki \u00fagy b\u00e1ntalmazta p\u00e1r h\u00f3napos gyermek\u00e9t, hogy a baba \u00e9letvesz\u00e9lyes s\u00e9r\u00fcl\u00e9seket szenvedett. A v\u00e1d szerint az esztergomi f\u00e9rfinak \u00e9s \u00e9lett\u00e1rs\u00e1nak 2021. j\u00fanius 3-\u00e1n gyermeke sz\u00fcletett. A gyermek a sz\u00fclet\u00e9s\u00e9t k\u00f6vet\u0151 egy h\u00f3nap eltelt\u00e9vel hasf\u00e1j\u00f3ss\u00e1, s\u00edr\u00f3ss\u00e1 v\u00e1lt, melyet a v\u00e1dlott a kezdetekt\u0151l fogva nehezen toler\u00e1lt, a babas\u00edr\u00e1s miatt gyakran indulatoss\u00e1,\" class=\"yoast-seo-meta-tag\" \/>\n<meta property=\"og:url\" content=\"https:\/\/dorogimedence.hu\/index.php\/2023\/10\/11\/zavarta-a-siras-ezert-utotte-4-honapos-gyermeke-fejet\/\" class=\"yoast-seo-meta-tag\" \/>\n<meta property=\"og:site_name\" content=\"Dorogi-medence Region\u00e1lis H\u00edrport\u00e1l\" class=\"yoast-seo-meta-tag\" \/>\n<meta property=\"article:publisher\" content=\"https:\/\/www.facebook.com\/dorogimedence\/\" class=\"yoast-seo-meta-tag\" \/>\n<meta property=\"article:published_time\" content=\"2023-10-11T10:40:19+00:00\" class=\"yoast-seo-meta-tag\" \/>\n<meta property=\"og:image\" content=\"https:\/\/dorogimedence.hu\/wp-content\/uploads\/2023\/10\/crying-baby-2708380_1920.jpg\" class=\"yoast-seo-meta-tag\" \/>\n\t<meta property=\"og:image:width\" content=\"1920\" class=\"yoast-seo-meta-tag\" \/>\n\t<meta property=\"og:image:height\" content=\"1353\" class=\"yoast-seo-meta-tag\" \/>\n\t<meta property=\"og:image:type\" content=\"image\/jpeg\" class=\"yoast-seo-meta-tag\" \/>\n<meta name=\"author\" content=\"dorogimedence.hu\" class=\"yoast-seo-meta-tag\" \/>\n<meta name=\"twitter:card\" content=\"summary_large_image\" class=\"yoast-seo-meta-tag\" \/>\n<meta name=\"twitter:label1\" content=\"Szerz\u0151:\" class=\"yoast-seo-meta-tag\" \/>\n\t<meta name=\"twitter:data1\" content=\"dorogimedence.hu\" class=\"yoast-seo-meta-tag\" \/>\n\t<meta name=\"twitter:label2\" content=\"Becs\u00fclt olvas\u00e1si id\u0151\" class=\"yoast-seo-meta-tag\" \/>\n\t<meta name=\"twitter:data2\" content=\"2 perc\" class=\"yoast-seo-meta-tag\" \/>\n<script type=\"application\/ld+json\" class=\"yoast-schema-graph\">{\"@context\":\"https:\\\/\\\/schema.org\",\"@graph\":[{\"@type\":\"Article\",\"@id\":\"https:\\\/\\\/dorogimedence.hu\\\/index.php\\\/2023\\\/10\\\/11\\\/zavarta-a-siras-ezert-utotte-4-honapos-gyermeke-fejet\\\/#article\",\"isPartOf\":{\"@id\":\"https:\\\/\\\/dorogimedence.hu\\\/index.php\\\/2023\\\/10\\\/11\\\/zavarta-a-siras-ezert-utotte-4-honapos-gyermeke-fejet\\\/\"},\"author\":{\"name\":\"dorogimedence.hu\",\"@id\":\"https:\\\/\\\/dorogimedence.hu\\\/#\\\/schema\\\/person\\\/ce6091eeb7e95ecdc87890d6aa8e0fd4\"},\"headline\":\"Zavarta a s\u00edr\u00e1s, ez\u00e9rt \u00fct\u00f6tte 4 h\u00f3napos gyermeke fej\u00e9t\",\"datePublished\":\"2023-10-11T10:40:19+00:00\",\"mainEntityOfPage\":{\"@id\":\"https:\\\/\\\/dorogimedence.hu\\\/index.php\\\/2023\\\/10\\\/11\\\/zavarta-a-siras-ezert-utotte-4-honapos-gyermeke-fejet\\\/\"},\"wordCount\":332,\"publisher\":{\"@id\":\"https:\\\/\\\/dorogimedence.hu\\\/#organization\"},\"image\":{\"@id\":\"https:\\\/\\\/dorogimedence.hu\\\/index.php\\\/2023\\\/10\\\/11\\\/zavarta-a-siras-ezert-utotte-4-honapos-gyermeke-fejet\\\/#primaryimage\"},\"thumbnailUrl\":\"https:\\\/\\\/dorogimedence.hu\\\/wp-content\\\/uploads\\\/2023\\\/10\\\/crying-baby-2708380_1920.jpg\",\"keywords\":[\"b\u00e1ntalmaz\u00e1s\",\"b\u00edr\u00f3s\u00e1g\",\"b\u0171ncselekm\u00e9ny\",\"esztergom\",\"rend\u0151rs\u00e9gi h\u00edrek\",\"\u00fcgy\u00e9szs\u00e9g\"],\"articleSection\":[\"Esztergom\",\"H\u00edrek\",\"K\u00e9k h\u00edrek\"],\"inLanguage\":\"hu\"},{\"@type\":\"WebPage\",\"@id\":\"https:\\\/\\\/dorogimedence.hu\\\/index.php\\\/2023\\\/10\\\/11\\\/zavarta-a-siras-ezert-utotte-4-honapos-gyermeke-fejet\\\/\",\"url\":\"https:\\\/\\\/dorogimedence.hu\\\/index.php\\\/2023\\\/10\\\/11\\\/zavarta-a-siras-ezert-utotte-4-honapos-gyermeke-fejet\\\/\",\"name\":\"Zavarta a s\u00edr\u00e1s, ez\u00e9rt \u00fct\u00f6tte 4 h\u00f3napos gyermeke fej\u00e9t\",\"isPartOf\":{\"@id\":\"https:\\\/\\\/dorogimedence.hu\\\/#website\"},\"primaryImageOfPage\":{\"@id\":\"https:\\\/\\\/dorogimedence.hu\\\/index.php\\\/2023\\\/10\\\/11\\\/zavarta-a-siras-ezert-utotte-4-honapos-gyermeke-fejet\\\/#primaryimage\"},\"image\":{\"@id\":\"https:\\\/\\\/dorogimedence.hu\\\/index.php\\\/2023\\\/10\\\/11\\\/zavarta-a-siras-ezert-utotte-4-honapos-gyermeke-fejet\\\/#primaryimage\"},\"thumbnailUrl\":\"https:\\\/\\\/dorogimedence.hu\\\/wp-content\\\/uploads\\\/2023\\\/10\\\/crying-baby-2708380_1920.jpg\",\"datePublished\":\"2023-10-11T10:40:19+00:00\",\"breadcrumb\":{\"@id\":\"https:\\\/\\\/dorogimedence.hu\\\/index.php\\\/2023\\\/10\\\/11\\\/zavarta-a-siras-ezert-utotte-4-honapos-gyermeke-fejet\\\/#breadcrumb\"},\"inLanguage\":\"hu\",\"potentialAction\":[{\"@type\":\"ReadAction\",\"target\":[\"https:\\\/\\\/dorogimedence.hu\\\/index.php\\\/2023\\\/10\\\/11\\\/zavarta-a-siras-ezert-utotte-4-honapos-gyermeke-fejet\\\/\"]}]},{\"@type\":\"ImageObject\",\"inLanguage\":\"hu\",\"@id\":\"https:\\\/\\\/dorogimedence.hu\\\/index.php\\\/2023\\\/10\\\/11\\\/zavarta-a-siras-ezert-utotte-4-honapos-gyermeke-fejet\\\/#primaryimage\",\"url\":\"https:\\\/\\\/dorogimedence.hu\\\/wp-content\\\/uploads\\\/2023\\\/10\\\/crying-baby-2708380_1920.jpg\",\"contentUrl\":\"https:\\\/\\\/dorogimedence.hu\\\/wp-content\\\/uploads\\\/2023\\\/10\\\/crying-baby-2708380_1920.jpg\",\"width\":1920,\"height\":1353},{\"@type\":\"BreadcrumbList\",\"@id\":\"https:\\\/\\\/dorogimedence.hu\\\/index.php\\\/2023\\\/10\\\/11\\\/zavarta-a-siras-ezert-utotte-4-honapos-gyermeke-fejet\\\/#breadcrumb\",\"itemListElement\":[{\"@type\":\"ListItem\",\"position\":1,\"name\":\"Kezd\u0151lap\",\"item\":\"https:\\\/\\\/dorogimedence.hu\\\/\"},{\"@type\":\"ListItem\",\"position\":2,\"name\":\"Zavarta a s\u00edr\u00e1s, ez\u00e9rt \u00fct\u00f6tte 4 h\u00f3napos gyermeke fej\u00e9t\"}]},{\"@type\":\"WebSite\",\"@id\":\"https:\\\/\\\/dorogimedence.hu\\\/#website\",\"url\":\"https:\\\/\\\/dorogimedence.hu\\\/\",\"name\":\"Dorogi-medence Region\u00e1lis H\u00edrport\u00e1l\",\"description\":\"Dorog, Keszt\u00f6lc, Le\u00e1nyv\u00e1r, Piliscs\u00e9v, Tokod, Tokodalt\u00e1r\u00f3, Csolnok, Esztergom-kertv\u00e1ros: h\u00edrek, programok\",\"publisher\":{\"@id\":\"https:\\\/\\\/dorogimedence.hu\\\/#organization\"},\"potentialAction\":[{\"@type\":\"SearchAction\",\"target\":{\"@type\":\"EntryPoint\",\"urlTemplate\":\"https:\\\/\\\/dorogimedence.hu\\\/?s={search_term_string}\"},\"query-input\":{\"@type\":\"PropertyValueSpecification\",\"valueRequired\":true,\"valueName\":\"search_term_string\"}}],\"inLanguage\":\"hu\"},{\"@type\":\"Organization\",\"@id\":\"https:\\\/\\\/dorogimedence.hu\\\/#organization\",\"name\":\"Dorogi-medence Region\u00e1lis H\u00edrport\u00e1l\",\"url\":\"https:\\\/\\\/dorogimedence.hu\\\/\",\"logo\":{\"@type\":\"ImageObject\",\"inLanguage\":\"hu\",\"@id\":\"https:\\\/\\\/dorogimedence.hu\\\/#\\\/schema\\\/logo\\\/image\\\/\",\"url\":\"https:\\\/\\\/dorogimedence.hu\\\/wp-content\\\/uploads\\\/2021\\\/04\\\/logo-feher-600.png\",\"contentUrl\":\"https:\\\/\\\/dorogimedence.hu\\\/wp-content\\\/uploads\\\/2021\\\/04\\\/logo-feher-600.png\",\"width\":600,\"height\":100,\"caption\":\"Dorogi-medence Region\u00e1lis H\u00edrport\u00e1l\"},\"image\":{\"@id\":\"https:\\\/\\\/dorogimedence.hu\\\/#\\\/schema\\\/logo\\\/image\\\/\"},\"sameAs\":[\"https:\\\/\\\/www.facebook.com\\\/dorogimedence\\\/\"]},{\"@type\":\"Person\",\"@id\":\"https:\\\/\\\/dorogimedence.hu\\\/#\\\/schema\\\/person\\\/ce6091eeb7e95ecdc87890d6aa8e0fd4\",\"name\":\"dorogimedence.hu\",\"image\":{\"@type\":\"ImageObject\",\"inLanguage\":\"hu\",\"@id\":\"\\\/\\\/www.gravatar.com\\\/avatar\\\/d8d45f8901aadff40a4af72c0b826f1d?s=96&#038;r=g&#038;d=mm\",\"url\":\"\\\/\\\/www.gravatar.com\\\/avatar\\\/d8d45f8901aadff40a4af72c0b826f1d?s=96&#038;r=g&#038;d=mm\",\"contentUrl\":\"\\\/\\\/www.gravatar.com\\\/avatar\\\/d8d45f8901aadff40a4af72c0b826f1d?s=96&#038;r=g&#038;d=mm\",\"caption\":\"dorogimedence.hu\"}}]}<\/script>\n<!-- \/ Yoast SEO plugin. -->","yoast_head_json":{"title":"Zavarta a s\u00edr\u00e1s, ez\u00e9rt \u00fct\u00f6tte 4 h\u00f3napos gyermeke fej\u00e9t","robots":{"index":"index","follow":"follow","max-snippet":"max-snippet:-1","max-image-preview":"max-image-preview:large","max-video-preview":"max-video-preview:-1"},"canonical":"https:\/\/dorogimedence.hu\/index.php\/2023\/10\/11\/zavarta-a-siras-ezert-utotte-4-honapos-gyermeke-fejet\/","og_locale":"hu_HU","og_type":"article","og_title":"Zavarta a s\u00edr\u00e1s, ez\u00e9rt \u00fct\u00f6tte 4 h\u00f3napos gyermeke fej\u00e9t","og_description":"B\u00f6rt\u00f6nb\u00fcntet\u00e9sre \u00edt\u00e9lhetik azt az esztergomi f\u00e9rfit, aki \u00fagy b\u00e1ntalmazta p\u00e1r h\u00f3napos gyermek\u00e9t, hogy a baba \u00e9letvesz\u00e9lyes s\u00e9r\u00fcl\u00e9seket szenvedett. A v\u00e1d szerint az esztergomi f\u00e9rfinak \u00e9s \u00e9lett\u00e1rs\u00e1nak 2021. j\u00fanius 3-\u00e1n gyermeke sz\u00fcletett. A gyermek a sz\u00fclet\u00e9s\u00e9t k\u00f6vet\u0151 egy h\u00f3nap eltelt\u00e9vel hasf\u00e1j\u00f3ss\u00e1, s\u00edr\u00f3ss\u00e1 v\u00e1lt, melyet a v\u00e1dlott a kezdetekt\u0151l fogva nehezen toler\u00e1lt, a babas\u00edr\u00e1s miatt gyakran indulatoss\u00e1,","og_url":"https:\/\/dorogimedence.hu\/index.php\/2023\/10\/11\/zavarta-a-siras-ezert-utotte-4-honapos-gyermeke-fejet\/","og_site_name":"Dorogi-medence Region\u00e1lis H\u00edrport\u00e1l","article_publisher":"https:\/\/www.facebook.com\/dorogimedence\/","article_published_time":"2023-10-11T10:40:19+00:00","og_image":[{"width":1920,"height":1353,"url":"https:\/\/dorogimedence.hu\/wp-content\/uploads\/2023\/10\/crying-baby-2708380_1920.jpg","type":"image\/jpeg"}],"author":"dorogimedence.hu","twitter_card":"summary_large_image","twitter_misc":{"Szerz\u0151:":"dorogimedence.hu","Becs\u00fclt olvas\u00e1si id\u0151":"2 perc"},"schema":{"@context":"https:\/\/schema.org","@graph":[{"@type":"Article","@id":"https:\/\/dorogimedence.hu\/index.php\/2023\/10\/11\/zavarta-a-siras-ezert-utotte-4-honapos-gyermeke-fejet\/#article","isPartOf":{"@id":"https:\/\/dorogimedence.hu\/index.php\/2023\/10\/11\/zavarta-a-siras-ezert-utotte-4-honapos-gyermeke-fejet\/"},"author":{"name":"dorogimedence.hu","@id":"https:\/\/dorogimedence.hu\/#\/schema\/person\/ce6091eeb7e95ecdc87890d6aa8e0fd4"},"headline":"Zavarta a s\u00edr\u00e1s, ez\u00e9rt \u00fct\u00f6tte 4 h\u00f3napos gyermeke fej\u00e9t","datePublished":"2023-10-11T10:40:19+00:00","mainEntityOfPage":{"@id":"https:\/\/dorogimedence.hu\/index.php\/2023\/10\/11\/zavarta-a-siras-ezert-utotte-4-honapos-gyermeke-fejet\/"},"wordCount":332,"publisher":{"@id":"https:\/\/dorogimedence.hu\/#organization"},"image":{"@id":"https:\/\/dorogimedence.hu\/index.php\/2023\/10\/11\/zavarta-a-siras-ezert-utotte-4-honapos-gyermeke-fejet\/#primaryimage"},"thumbnailUrl":"https:\/\/dorogimedence.hu\/wp-content\/uploads\/2023\/10\/crying-baby-2708380_1920.jpg","keywords":["b\u00e1ntalmaz\u00e1s","b\u00edr\u00f3s\u00e1g","b\u0171ncselekm\u00e9ny","esztergom","rend\u0151rs\u00e9gi h\u00edrek","\u00fcgy\u00e9szs\u00e9g"],"articleSection":["Esztergom","H\u00edrek","K\u00e9k h\u00edrek"],"inLanguage":"hu"},{"@type":"WebPage","@id":"https:\/\/dorogimedence.hu\/index.php\/2023\/10\/11\/zavarta-a-siras-ezert-utotte-4-honapos-gyermeke-fejet\/","url":"https:\/\/dorogimedence.hu\/index.php\/2023\/10\/11\/zavarta-a-siras-ezert-utotte-4-honapos-gyermeke-fejet\/","name":"Zavarta a s\u00edr\u00e1s, ez\u00e9rt \u00fct\u00f6tte 4 h\u00f3napos gyermeke fej\u00e9t","isPartOf":{"@id":"https:\/\/dorogimedence.hu\/#website"},"primaryImageOfPage":{"@id":"https:\/\/dorogimedence.hu\/index.php\/2023\/10\/11\/zavarta-a-siras-ezert-utotte-4-honapos-gyermeke-fejet\/#primaryimage"},"image":{"@id":"https:\/\/dorogimedence.hu\/index.php\/2023\/10\/11\/zavarta-a-siras-ezert-utotte-4-honapos-gyermeke-fejet\/#primaryimage"},"thumbnailUrl":"https:\/\/dorogimedence.hu\/wp-content\/uploads\/2023\/10\/crying-baby-2708380_1920.jpg","datePublished":"2023-10-11T10:40:19+00:00","breadcrumb":{"@id":"https:\/\/dorogimedence.hu\/index.php\/2023\/10\/11\/zavarta-a-siras-ezert-utotte-4-honapos-gyermeke-fejet\/#breadcrumb"},"inLanguage":"hu","potentialAction":[{"@type":"ReadAction","target":["https:\/\/dorogimedence.hu\/index.php\/2023\/10\/11\/zavarta-a-siras-ezert-utotte-4-honapos-gyermeke-fejet\/"]}]},{"@type":"ImageObject","inLanguage":"hu","@id":"https:\/\/dorogimedence.hu\/index.php\/2023\/10\/11\/zavarta-a-siras-ezert-utotte-4-honapos-gyermeke-fejet\/#primaryimage","url":"https:\/\/dorogimedence.hu\/wp-content\/uploads\/2023\/10\/crying-baby-2708380_1920.jpg","contentUrl":"https:\/\/dorogimedence.hu\/wp-content\/uploads\/2023\/10\/crying-baby-2708380_1920.jpg","width":1920,"height":1353},{"@type":"BreadcrumbList","@id":"https:\/\/dorogimedence.hu\/index.php\/2023\/10\/11\/zavarta-a-siras-ezert-utotte-4-honapos-gyermeke-fejet\/#breadcrumb","itemListElement":[{"@type":"ListItem","position":1,"name":"Kezd\u0151lap","item":"https:\/\/dorogimedence.hu\/"},{"@type":"ListItem","position":2,"name":"Zavarta a s\u00edr\u00e1s, ez\u00e9rt \u00fct\u00f6tte 4 h\u00f3napos gyermeke fej\u00e9t"}]},{"@type":"WebSite","@id":"https:\/\/dorogimedence.hu\/#website","url":"https:\/\/dorogimedence.hu\/","name":"Dorogi-medence Region\u00e1lis H\u00edrport\u00e1l","description":"Dorog, Keszt\u00f6lc, Le\u00e1nyv\u00e1r, Piliscs\u00e9v, Tokod, Tokodalt\u00e1r\u00f3, Csolnok, Esztergom-kertv\u00e1ros: h\u00edrek, programok","publisher":{"@id":"https:\/\/dorogimedence.hu\/#organization"},"potentialAction":[{"@type":"SearchAction","target":{"@type":"EntryPoint","urlTemplate":"https:\/\/dorogimedence.hu\/?s={search_term_string}"},"query-input":{"@type":"PropertyValueSpecification","valueRequired":true,"valueName":"search_term_string"}}],"inLanguage":"hu"},{"@type":"Organization","@id":"https:\/\/dorogimedence.hu\/#organization","name":"Dorogi-medence Region\u00e1lis H\u00edrport\u00e1l","url":"https:\/\/dorogimedence.hu\/","logo":{"@type":"ImageObject","inLanguage":"hu","@id":"https:\/\/dorogimedence.hu\/#\/schema\/logo\/image\/","url":"https:\/\/dorogimedence.hu\/wp-content\/uploads\/2021\/04\/logo-feher-600.png","contentUrl":"https:\/\/dorogimedence.hu\/wp-content\/uploads\/2021\/04\/logo-feher-600.png","width":600,"height":100,"caption":"Dorogi-medence Region\u00e1lis H\u00edrport\u00e1l"},"image":{"@id":"https:\/\/dorogimedence.hu\/#\/schema\/logo\/image\/"},"sameAs":["https:\/\/www.facebook.com\/dorogimedence\/"]},{"@type":"Person","@id":"https:\/\/dorogimedence.hu\/#\/schema\/person\/ce6091eeb7e95ecdc87890d6aa8e0fd4","name":"dorogimedence.hu","image":{"@type":"ImageObject","inLanguage":"hu","@id":"\/\/www.gravatar.com\/avatar\/d8d45f8901aadff40a4af72c0b826f1d?s=96&#038;r=g&#038;d=mm","url":"\/\/www.gravatar.com\/avatar\/d8d45f8901aadff40a4af72c0b826f1d?s=96&#038;r=g&#038;d=mm","contentUrl":"\/\/www.gravatar.com\/avatar\/d8d45f8901aadff40a4af72c0b826f1d?s=96&#038;r=g&#038;d=mm","caption":"dorogimedence.hu"}}]}},"_links":{"self":[{"href":"https:\/\/dorogimedence.hu\/index.php\/wp-json\/wp\/v2\/posts\/56986","targetHints":{"allow":["GET"]}}],"collection":[{"href":"https:\/\/dorogimedence.hu\/index.php\/wp-json\/wp\/v2\/posts"}],"about":[{"href":"https:\/\/dorogimedence.hu\/index.php\/wp-json\/wp\/v2\/types\/post"}],"author":[{"embeddable":true,"href":"https:\/\/dorogimedence.hu\/index.php\/wp-json\/wp\/v2\/users\/1"}],"replies":[{"embeddable":true,"href":"https:\/\/dorogimedence.hu\/index.php\/wp-json\/wp\/v2\/comments?post=56986"}],"version-history":[{"count":0,"href":"https:\/\/dorogimedence.hu\/index.php\/wp-json\/wp\/v2\/posts\/56986\/revisions"}],"wp:featuredmedia":[{"embeddable":true,"href":"https:\/\/dorogimedence.hu\/index.php\/wp-json\/wp\/v2\/media\/56987"}],"wp:attachment":[{"href":"https:\/\/dorogimedence.hu\/index.php\/wp-json\/wp\/v2\/media?parent=56986"}],"wp:term":[{"taxonomy":"category","embeddable":true,"href":"https:\/\/dorogimedence.hu\/index.php\/wp-json\/wp\/v2\/categories?post=56986"},{"taxonomy":"post_tag","embeddable":true,"href":"https:\/\/dorogimedence.hu\/index.php\/wp-json\/wp\/v2\/tags?post=56986"}],"curies":[{"name":"wp","href":"https:\/\/api.w.org\/{rel}","templated":true}]}}