{"id":56878,"date":"2023-10-08T16:40:45","date_gmt":"2023-10-08T14:40:45","guid":{"rendered":"https:\/\/dorogimedence.hu\/?p=56878"},"modified":"2023-10-09T14:33:03","modified_gmt":"2023-10-09T12:33:03","slug":"ujra-varja-a-vendegeket-a-viverum-bistro","status":"publish","type":"post","link":"https:\/\/dorogimedence.hu\/index.php\/2023\/10\/08\/ujra-varja-a-vendegeket-a-viverum-bistro\/","title":{"rendered":"\u00dajra v\u00e1rja a vend\u00e9geket a Viverum Bistro"},"content":{"rendered":"<p><strong>\u00daj arculattal, ambici\u00f3zus vezet\u0151 ir\u00e1ny\u00edt\u00e1s\u00e1val nyitott \u00fajra a Viverum Bistro, mely \u00fcde sz\u00ednfoltja lehet Esztergom gasztron\u00f3miai \u00e9s kultur\u00e1lis \u00e9let\u00e9nek. A telep\u00fcl\u00e9s \u201esz\u00e9l\u00e9n\u201d tal\u00e1lhat\u00f3 vend\u00e9gl\u00e1t\u00f3hely az \u00ednycsikland\u00f3 \u00e9telek mellett programokkal is k\u00edv\u00e1nja bizony\u00edtani: ha \u00faj \u00e9lm\u00e9nyekre v\u00e1runk, akkor mindenk\u00e9ppen meg\u00e9ri magunk m\u00f6g\u00f6tt hagyni a belv\u00e1rost.<\/strong><\/p>\n<p>Nem is ind\u00edthatn\u00e1nk kellemesebb pillanattal a napunkat ann\u00e1l, minthogy egy aranyhalakkal teli kis t\u00f3 partj\u00e1n fogyasztjuk el reggeli k\u00e1v\u00e9nkat. Minderre lehet\u0151s\u00e9g ny\u00edlik azoknak, akik bet\u00e9rnek a Viverum Bistro-ba, ahol t\u00e9rs\u00e9gi viszonylatban egyed\u00fcl\u00e1ll\u00f3 m\u00f3don a Laurino Rossi nev\u0171 olasz p\u00f6rk\u00f6lt k\u00e1v\u00e9k\u00fcl\u00f6nlegess\u00e9get is megk\u00f3stolhatjuk. Kr\u00e9mes, finom \u00edze r\u00f6gt\u00f6n belopja mag\u00e1t a sz\u00edv\u00fcnkbe \u00e9s pillanatok alatt elt\u00f6lt benn\u00fcnket az it\u00e1liai \u00e9let\u00e9rz\u00e9s.<\/p>\n<p>\u00c1m a k\u00e1v\u00e9 csak az \u201eels\u0151 \u00e1llom\u00e1sa\u201d annak a gasztron\u00f3miai utaz\u00e1snak, melyre a Viverum Bistro elkalauzol benn\u00fcnket. Galsztern\u00e9 V\u00f6r\u00f6s Katalint\u00f3l, az \u00fajranyitott vend\u00e9gl\u00e1t\u00f3hely vezet\u0151j\u00e9t\u0151l megtudtuk, hogy a kisz\u00e1ll\u00edt\u00e1s mellett h\u00e9tf\u0151t\u0151l p\u00e9ntekig reggelizni is lesz lehet\u0151s\u00e9g \u00e9s 8-t\u00f3l 16 \u00f3r\u00e1ig men\u00fc jelleg\u0171 \u00e9tlappal fogadj\u00e1k a vend\u00e9geket. Az italk\u00edn\u00e1lat is tartogat meglepet\u00e9seket, hiszen a v\u00e1rosban egyed\u00fcl\u00e1ll\u00f3k\u00e9nt turmixot \u00e9s smoothie-t is lehet fogyasztani n\u00e1luk melyeket ak\u00e1r magunkkal is vihet\u00fcnk.<\/p>\n<p><img fetchpriority=\"high\" decoding=\"async\" class=\"alignnone size-full wp-image-56881\" src=\"https:\/\/dorogimedence.hu\/wp-content\/uploads\/2023\/10\/viverum-02.jpg\" alt=\"\" width=\"1920\" height=\"1280\" srcset=\"https:\/\/dorogimedence.hu\/wp-content\/uploads\/2023\/10\/viverum-02.jpg 1920w, https:\/\/dorogimedence.hu\/wp-content\/uploads\/2023\/10\/viverum-02-600x400.jpg 600w, https:\/\/dorogimedence.hu\/wp-content\/uploads\/2023\/10\/viverum-02-768x512.jpg 768w, https:\/\/dorogimedence.hu\/wp-content\/uploads\/2023\/10\/viverum-02-1536x1024.jpg 1536w, https:\/\/dorogimedence.hu\/wp-content\/uploads\/2023\/10\/viverum-02-150x100.jpg 150w, https:\/\/dorogimedence.hu\/wp-content\/uploads\/2023\/10\/viverum-02-450x300.jpg 450w, https:\/\/dorogimedence.hu\/wp-content\/uploads\/2023\/10\/viverum-02-1200x800.jpg 1200w, https:\/\/dorogimedence.hu\/wp-content\/uploads\/2023\/10\/viverum-02-272x182.jpg 272w\" sizes=\"(max-width: 1920px) 100vw, 1920px\" \/><\/p>\n<p>J\u00f3 h\u00edr\u00fcnk van a tradicion\u00e1lis magyar konyh\u00e1t kedvel\u0151knek, hiszen egy j\u00f3 guly\u00e1slevesre is bet\u00e9rhet\u00fcnk a Viverum Bistroba, de a kulin\u00e1ris k\u00fcl\u00f6nlegess\u00e9gek t\u00e1rh\u00e1za is sokr\u00e9t\u0171, \u00edgy p\u00e9ld\u00e1ul a men\u00fck\u00edn\u00e1latban a tagliatelle nev\u0171 tradicion\u00e1lis olasz t\u00e9szta, c\u00e9kla rizott\u00f3, vagy \u00e9ppen cs\u0151ben s\u00fclt brokkoli is egyar\u00e1nt megtal\u00e1lhat\u00f3 lehet. Galszter Rich\u00e1rd s\u00e9f igyekszik minden \u00edzvil\u00e1got megjelen\u00edteni \u00e9s gondoskodni fog arr\u00f3l, hogy mindenki megtal\u00e1lja a sz\u00e1m\u00e1ra megfelel\u0151, min\u0151s\u00e9gi \u00e9teleket. A tervek szerint hamarosan lesznek majd bruch-os, azaz b\u00fcf\u00e9asztalos reggelik, eb\u00e9dek \u00e9s vacsor\u00e1k is.<\/p>\n<p>A Viverum Bistro kult\u00fara szempontj\u00e1b\u00f3l is igyekszik maradand\u00f3 \u00e9lm\u00e9nyt ny\u00fajtani, ennek jegy\u00e9ben a tervek szerint havonta fognak tartani tematikus programokat. Els\u0151 k\u00f6rben ismertebb el\u0151ad\u00f3kkal, m\u0171v\u00e9szekkel lesznek besz\u00e9lget\u0151s estek. November 24-\u00e9n Falusi Mariannal, a PA-D\u00d6-D\u0150 \u00e9nekes\u00e9vel tal\u00e1lkozhatnak \u2013 \u00e9s persze dalolhatnak egy\u00fctt \u2013 az \u00e9rdekl\u0151d\u0151k. De lesznek a k\u00e9s\u0151bbiekben borvacsor\u00e1k, gyermekprogramok, workshopok \u00e9s a kar\u00e1csony sem telhet majd el esem\u00e9nytelen\u00fcl. Sz\u00fclet\u00e9snapi \u00f6sszej\u00f6veteleknek, c\u00e9ges rendezv\u00e9nyeknek is szeretn\u00e9nek otthont adni, de sz\u00edvesen v\u00e1rj\u00e1k a csoportokat is.<\/p>\n<p>A trendek szerint nem mindenki szeretne hajnalig tart\u00f3, hatalmas lakodalmat, r\u00e1ad\u00e1sul a kisebb, ak\u00e1r 30-40 f\u0151s esk\u00fcv\u0151k, cerem\u00f3ni\u00e1k is ugyanannyira hangulatosak lehetnek, felt\u00e9ve, ha ehhez megtal\u00e1ljuk a megfelel\u0151 k\u00f6rnyezetet. Katalin szeretn\u00e9, ha a Viverum Bistro a j\u00f6v\u0151ben vacsor\u00e1val egybek\u00f6t\u00f6tt polg\u00e1ri szertart\u00e1soknak is helysz\u00edn\u00fcl szolg\u00e1lna, hiszen a jegyesp\u00e1rok gy\u00f6ny\u00f6r\u0171 helysz\u00ednen fogadhatnak \u00f6r\u00f6k h\u0171s\u00e9get egym\u00e1snak.<\/p>\n<p>A vezet\u0151ja j\u00f6v\u0151beli tervekkel kapcsolatban azt is el\u00e1rulta, hogy tavasszal szeretn\u00e9k egy kis ki\u00fcl\u0151s terasszal b\u0151v\u00edteni a bisztr\u00f3t, \u00edgy ak\u00e1r k\u00f6zvetlen\u00fcl a v\u00edzparton is elfogyaszthatjuk majd az \u00e9teleket.<\/p>\n<p>A saj\u00e1t parkol\u00f3val rendelkez\u0151 Viverum Bistro a Verseghy Ferenc utcai Viverum Medical Centerben tal\u00e1lhat\u00f3, \u00edgy aki a T\u00e1ti \u00faton k\u00f6zlekedik, mindenk\u00e9pp t\u00e9rjen be egy k\u00e1v\u00e9ra, net\u00e1n egy \u00edzletes eb\u00e9dre.<\/p>\n<p><img decoding=\"async\" class=\"alignnone size-full wp-image-56882\" src=\"https:\/\/dorogimedence.hu\/wp-content\/uploads\/2023\/10\/viverum-03.jpg\" alt=\"\" width=\"1920\" height=\"1280\" srcset=\"https:\/\/dorogimedence.hu\/wp-content\/uploads\/2023\/10\/viverum-03.jpg 1920w, https:\/\/dorogimedence.hu\/wp-content\/uploads\/2023\/10\/viverum-03-600x400.jpg 600w, https:\/\/dorogimedence.hu\/wp-content\/uploads\/2023\/10\/viverum-03-768x512.jpg 768w, https:\/\/dorogimedence.hu\/wp-content\/uploads\/2023\/10\/viverum-03-1536x1024.jpg 1536w, https:\/\/dorogimedence.hu\/wp-content\/uploads\/2023\/10\/viverum-03-150x100.jpg 150w, https:\/\/dorogimedence.hu\/wp-content\/uploads\/2023\/10\/viverum-03-450x300.jpg 450w, https:\/\/dorogimedence.hu\/wp-content\/uploads\/2023\/10\/viverum-03-1200x800.jpg 1200w, https:\/\/dorogimedence.hu\/wp-content\/uploads\/2023\/10\/viverum-03-272x182.jpg 272w\" sizes=\"(max-width: 1920px) 100vw, 1920px\" \/><\/p>\n","protected":false},"excerpt":{"rendered":"<p>\u00daj arculattal, ambici\u00f3zus vezet\u0151 ir\u00e1ny\u00edt\u00e1s\u00e1val nyitott \u00fajra a Viverum Bistro, mely \u00fcde sz\u00ednfoltja lehet Esztergom gasztron\u00f3miai \u00e9s kultur\u00e1lis \u00e9let\u00e9nek. A telep\u00fcl\u00e9s \u201esz\u00e9l\u00e9n\u201d tal\u00e1lhat\u00f3 vend\u00e9gl\u00e1t\u00f3hely az \u00ednycsikland\u00f3 \u00e9telek mellett programokkal is k\u00edv\u00e1nja bizony\u00edtani: ha \u00faj \u00e9lm\u00e9nyekre v\u00e1runk, akkor mindenk\u00e9ppen meg\u00e9ri magunk m\u00f6g\u00f6tt hagyni a belv\u00e1rost. Nem is ind\u00edthatn\u00e1nk kellemesebb pillanattal a napunkat ann\u00e1l, minthogy egy aranyhalakkal<\/p>\n","protected":false},"author":1,"featured_media":56880,"comment_status":"closed","ping_status":"closed","sticky":false,"template":"","format":"standard","meta":{"ngg_post_thumbnail":0,"footnotes":""},"categories":[38,3],"tags":[42,5624,160,7504],"class_list":{"0":"post-56878","1":"post","2":"type-post","3":"status-publish","4":"format-standard","5":"has-post-thumbnail","7":"category-esztergom","8":"category-hirek","9":"tag-esztergom","10":"tag-featured","11":"tag-vendeglatas","12":"tag-viverum-bistro"},"yoast_head":"<!-- This site is optimized with the Yoast SEO plugin v27.4 - https:\/\/yoast.com\/product\/yoast-seo-wordpress\/ -->\n<title>\u00dajra v\u00e1rja a vend\u00e9geket a Viverum Bistro<\/title>\n<meta name=\"robots\" content=\"index, follow, max-snippet:-1, max-image-preview:large, max-video-preview:-1\" \/>\n<link rel=\"canonical\" href=\"https:\/\/dorogimedence.hu\/index.php\/2023\/10\/08\/ujra-varja-a-vendegeket-a-viverum-bistro\/\" class=\"yoast-seo-meta-tag\" \/>\n<meta property=\"og:locale\" content=\"hu_HU\" class=\"yoast-seo-meta-tag\" \/>\n<meta property=\"og:type\" content=\"article\" class=\"yoast-seo-meta-tag\" \/>\n<meta property=\"og:title\" content=\"\u00dajra v\u00e1rja a vend\u00e9geket a Viverum Bistro\" class=\"yoast-seo-meta-tag\" \/>\n<meta property=\"og:description\" content=\"\u00daj arculattal, ambici\u00f3zus vezet\u0151 ir\u00e1ny\u00edt\u00e1s\u00e1val nyitott \u00fajra a Viverum Bistro, mely \u00fcde sz\u00ednfoltja lehet Esztergom gasztron\u00f3miai \u00e9s kultur\u00e1lis \u00e9let\u00e9nek. A telep\u00fcl\u00e9s \u201esz\u00e9l\u00e9n\u201d tal\u00e1lhat\u00f3 vend\u00e9gl\u00e1t\u00f3hely az \u00ednycsikland\u00f3 \u00e9telek mellett programokkal is k\u00edv\u00e1nja bizony\u00edtani: ha \u00faj \u00e9lm\u00e9nyekre v\u00e1runk, akkor mindenk\u00e9ppen meg\u00e9ri magunk m\u00f6g\u00f6tt hagyni a belv\u00e1rost. Nem is ind\u00edthatn\u00e1nk kellemesebb pillanattal a napunkat ann\u00e1l, minthogy egy aranyhalakkal\" class=\"yoast-seo-meta-tag\" \/>\n<meta property=\"og:url\" content=\"https:\/\/dorogimedence.hu\/index.php\/2023\/10\/08\/ujra-varja-a-vendegeket-a-viverum-bistro\/\" class=\"yoast-seo-meta-tag\" \/>\n<meta property=\"og:site_name\" content=\"Dorogi-medence Region\u00e1lis H\u00edrport\u00e1l\" class=\"yoast-seo-meta-tag\" \/>\n<meta property=\"article:publisher\" content=\"https:\/\/www.facebook.com\/dorogimedence\/\" class=\"yoast-seo-meta-tag\" \/>\n<meta property=\"article:published_time\" content=\"2023-10-08T14:40:45+00:00\" class=\"yoast-seo-meta-tag\" \/>\n<meta property=\"article:modified_time\" content=\"2023-10-09T12:33:03+00:00\" class=\"yoast-seo-meta-tag\" \/>\n<meta property=\"og:image\" content=\"https:\/\/dorogimedence.hu\/wp-content\/uploads\/2023\/10\/viverum-01.jpg\" class=\"yoast-seo-meta-tag\" \/>\n\t<meta property=\"og:image:width\" content=\"1920\" class=\"yoast-seo-meta-tag\" \/>\n\t<meta property=\"og:image:height\" content=\"970\" class=\"yoast-seo-meta-tag\" \/>\n\t<meta property=\"og:image:type\" content=\"image\/jpeg\" class=\"yoast-seo-meta-tag\" \/>\n<meta name=\"author\" content=\"dorogimedence.hu\" class=\"yoast-seo-meta-tag\" \/>\n<meta name=\"twitter:card\" content=\"summary_large_image\" class=\"yoast-seo-meta-tag\" \/>\n<meta name=\"twitter:label1\" content=\"Szerz\u0151:\" class=\"yoast-seo-meta-tag\" \/>\n\t<meta name=\"twitter:data1\" content=\"dorogimedence.hu\" class=\"yoast-seo-meta-tag\" \/>\n\t<meta name=\"twitter:label2\" content=\"Becs\u00fclt olvas\u00e1si id\u0151\" class=\"yoast-seo-meta-tag\" \/>\n\t<meta name=\"twitter:data2\" content=\"3 perc\" class=\"yoast-seo-meta-tag\" \/>\n<script type=\"application\/ld+json\" class=\"yoast-schema-graph\">{\"@context\":\"https:\\\/\\\/schema.org\",\"@graph\":[{\"@type\":\"Article\",\"@id\":\"https:\\\/\\\/dorogimedence.hu\\\/index.php\\\/2023\\\/10\\\/08\\\/ujra-varja-a-vendegeket-a-viverum-bistro\\\/#article\",\"isPartOf\":{\"@id\":\"https:\\\/\\\/dorogimedence.hu\\\/index.php\\\/2023\\\/10\\\/08\\\/ujra-varja-a-vendegeket-a-viverum-bistro\\\/\"},\"author\":{\"name\":\"dorogimedence.hu\",\"@id\":\"https:\\\/\\\/dorogimedence.hu\\\/#\\\/schema\\\/person\\\/ce6091eeb7e95ecdc87890d6aa8e0fd4\"},\"headline\":\"\u00dajra v\u00e1rja a vend\u00e9geket a Viverum Bistro\",\"datePublished\":\"2023-10-08T14:40:45+00:00\",\"dateModified\":\"2023-10-09T12:33:03+00:00\",\"mainEntityOfPage\":{\"@id\":\"https:\\\/\\\/dorogimedence.hu\\\/index.php\\\/2023\\\/10\\\/08\\\/ujra-varja-a-vendegeket-a-viverum-bistro\\\/\"},\"wordCount\":664,\"publisher\":{\"@id\":\"https:\\\/\\\/dorogimedence.hu\\\/#organization\"},\"image\":{\"@id\":\"https:\\\/\\\/dorogimedence.hu\\\/index.php\\\/2023\\\/10\\\/08\\\/ujra-varja-a-vendegeket-a-viverum-bistro\\\/#primaryimage\"},\"thumbnailUrl\":\"https:\\\/\\\/dorogimedence.hu\\\/wp-content\\\/uploads\\\/2023\\\/10\\\/viverum-01.jpg\",\"keywords\":[\"esztergom\",\"featured\",\"vend\u00e9gl\u00e1t\u00e1s\",\"Viverum Bistro\"],\"articleSection\":[\"Esztergom\",\"H\u00edrek\"],\"inLanguage\":\"hu\"},{\"@type\":\"WebPage\",\"@id\":\"https:\\\/\\\/dorogimedence.hu\\\/index.php\\\/2023\\\/10\\\/08\\\/ujra-varja-a-vendegeket-a-viverum-bistro\\\/\",\"url\":\"https:\\\/\\\/dorogimedence.hu\\\/index.php\\\/2023\\\/10\\\/08\\\/ujra-varja-a-vendegeket-a-viverum-bistro\\\/\",\"name\":\"\u00dajra v\u00e1rja a vend\u00e9geket a Viverum Bistro\",\"isPartOf\":{\"@id\":\"https:\\\/\\\/dorogimedence.hu\\\/#website\"},\"primaryImageOfPage\":{\"@id\":\"https:\\\/\\\/dorogimedence.hu\\\/index.php\\\/2023\\\/10\\\/08\\\/ujra-varja-a-vendegeket-a-viverum-bistro\\\/#primaryimage\"},\"image\":{\"@id\":\"https:\\\/\\\/dorogimedence.hu\\\/index.php\\\/2023\\\/10\\\/08\\\/ujra-varja-a-vendegeket-a-viverum-bistro\\\/#primaryimage\"},\"thumbnailUrl\":\"https:\\\/\\\/dorogimedence.hu\\\/wp-content\\\/uploads\\\/2023\\\/10\\\/viverum-01.jpg\",\"datePublished\":\"2023-10-08T14:40:45+00:00\",\"dateModified\":\"2023-10-09T12:33:03+00:00\",\"breadcrumb\":{\"@id\":\"https:\\\/\\\/dorogimedence.hu\\\/index.php\\\/2023\\\/10\\\/08\\\/ujra-varja-a-vendegeket-a-viverum-bistro\\\/#breadcrumb\"},\"inLanguage\":\"hu\",\"potentialAction\":[{\"@type\":\"ReadAction\",\"target\":[\"https:\\\/\\\/dorogimedence.hu\\\/index.php\\\/2023\\\/10\\\/08\\\/ujra-varja-a-vendegeket-a-viverum-bistro\\\/\"]}]},{\"@type\":\"ImageObject\",\"inLanguage\":\"hu\",\"@id\":\"https:\\\/\\\/dorogimedence.hu\\\/index.php\\\/2023\\\/10\\\/08\\\/ujra-varja-a-vendegeket-a-viverum-bistro\\\/#primaryimage\",\"url\":\"https:\\\/\\\/dorogimedence.hu\\\/wp-content\\\/uploads\\\/2023\\\/10\\\/viverum-01.jpg\",\"contentUrl\":\"https:\\\/\\\/dorogimedence.hu\\\/wp-content\\\/uploads\\\/2023\\\/10\\\/viverum-01.jpg\",\"width\":1920,\"height\":970},{\"@type\":\"BreadcrumbList\",\"@id\":\"https:\\\/\\\/dorogimedence.hu\\\/index.php\\\/2023\\\/10\\\/08\\\/ujra-varja-a-vendegeket-a-viverum-bistro\\\/#breadcrumb\",\"itemListElement\":[{\"@type\":\"ListItem\",\"position\":1,\"name\":\"Kezd\u0151lap\",\"item\":\"https:\\\/\\\/dorogimedence.hu\\\/\"},{\"@type\":\"ListItem\",\"position\":2,\"name\":\"\u00dajra v\u00e1rja a vend\u00e9geket a Viverum Bistro\"}]},{\"@type\":\"WebSite\",\"@id\":\"https:\\\/\\\/dorogimedence.hu\\\/#website\",\"url\":\"https:\\\/\\\/dorogimedence.hu\\\/\",\"name\":\"Dorogi-medence Region\u00e1lis H\u00edrport\u00e1l\",\"description\":\"Dorog, Keszt\u00f6lc, Le\u00e1nyv\u00e1r, Piliscs\u00e9v, Tokod, Tokodalt\u00e1r\u00f3, Csolnok, Esztergom-kertv\u00e1ros: h\u00edrek, programok\",\"publisher\":{\"@id\":\"https:\\\/\\\/dorogimedence.hu\\\/#organization\"},\"potentialAction\":[{\"@type\":\"SearchAction\",\"target\":{\"@type\":\"EntryPoint\",\"urlTemplate\":\"https:\\\/\\\/dorogimedence.hu\\\/?s={search_term_string}\"},\"query-input\":{\"@type\":\"PropertyValueSpecification\",\"valueRequired\":true,\"valueName\":\"search_term_string\"}}],\"inLanguage\":\"hu\"},{\"@type\":\"Organization\",\"@id\":\"https:\\\/\\\/dorogimedence.hu\\\/#organization\",\"name\":\"Dorogi-medence Region\u00e1lis H\u00edrport\u00e1l\",\"url\":\"https:\\\/\\\/dorogimedence.hu\\\/\",\"logo\":{\"@type\":\"ImageObject\",\"inLanguage\":\"hu\",\"@id\":\"https:\\\/\\\/dorogimedence.hu\\\/#\\\/schema\\\/logo\\\/image\\\/\",\"url\":\"https:\\\/\\\/dorogimedence.hu\\\/wp-content\\\/uploads\\\/2021\\\/04\\\/logo-feher-600.png\",\"contentUrl\":\"https:\\\/\\\/dorogimedence.hu\\\/wp-content\\\/uploads\\\/2021\\\/04\\\/logo-feher-600.png\",\"width\":600,\"height\":100,\"caption\":\"Dorogi-medence Region\u00e1lis H\u00edrport\u00e1l\"},\"image\":{\"@id\":\"https:\\\/\\\/dorogimedence.hu\\\/#\\\/schema\\\/logo\\\/image\\\/\"},\"sameAs\":[\"https:\\\/\\\/www.facebook.com\\\/dorogimedence\\\/\"]},{\"@type\":\"Person\",\"@id\":\"https:\\\/\\\/dorogimedence.hu\\\/#\\\/schema\\\/person\\\/ce6091eeb7e95ecdc87890d6aa8e0fd4\",\"name\":\"dorogimedence.hu\",\"image\":{\"@type\":\"ImageObject\",\"inLanguage\":\"hu\",\"@id\":\"\\\/\\\/www.gravatar.com\\\/avatar\\\/d8d45f8901aadff40a4af72c0b826f1d?s=96&#038;r=g&#038;d=mm\",\"url\":\"\\\/\\\/www.gravatar.com\\\/avatar\\\/d8d45f8901aadff40a4af72c0b826f1d?s=96&#038;r=g&#038;d=mm\",\"contentUrl\":\"\\\/\\\/www.gravatar.com\\\/avatar\\\/d8d45f8901aadff40a4af72c0b826f1d?s=96&#038;r=g&#038;d=mm\",\"caption\":\"dorogimedence.hu\"}}]}<\/script>\n<!-- \/ Yoast SEO plugin. -->","yoast_head_json":{"title":"\u00dajra v\u00e1rja a vend\u00e9geket a Viverum Bistro","robots":{"index":"index","follow":"follow","max-snippet":"max-snippet:-1","max-image-preview":"max-image-preview:large","max-video-preview":"max-video-preview:-1"},"canonical":"https:\/\/dorogimedence.hu\/index.php\/2023\/10\/08\/ujra-varja-a-vendegeket-a-viverum-bistro\/","og_locale":"hu_HU","og_type":"article","og_title":"\u00dajra v\u00e1rja a vend\u00e9geket a Viverum Bistro","og_description":"\u00daj arculattal, ambici\u00f3zus vezet\u0151 ir\u00e1ny\u00edt\u00e1s\u00e1val nyitott \u00fajra a Viverum Bistro, mely \u00fcde sz\u00ednfoltja lehet Esztergom gasztron\u00f3miai \u00e9s kultur\u00e1lis \u00e9let\u00e9nek. A telep\u00fcl\u00e9s \u201esz\u00e9l\u00e9n\u201d tal\u00e1lhat\u00f3 vend\u00e9gl\u00e1t\u00f3hely az \u00ednycsikland\u00f3 \u00e9telek mellett programokkal is k\u00edv\u00e1nja bizony\u00edtani: ha \u00faj \u00e9lm\u00e9nyekre v\u00e1runk, akkor mindenk\u00e9ppen meg\u00e9ri magunk m\u00f6g\u00f6tt hagyni a belv\u00e1rost. Nem is ind\u00edthatn\u00e1nk kellemesebb pillanattal a napunkat ann\u00e1l, minthogy egy aranyhalakkal","og_url":"https:\/\/dorogimedence.hu\/index.php\/2023\/10\/08\/ujra-varja-a-vendegeket-a-viverum-bistro\/","og_site_name":"Dorogi-medence Region\u00e1lis H\u00edrport\u00e1l","article_publisher":"https:\/\/www.facebook.com\/dorogimedence\/","article_published_time":"2023-10-08T14:40:45+00:00","article_modified_time":"2023-10-09T12:33:03+00:00","og_image":[{"width":1920,"height":970,"url":"https:\/\/dorogimedence.hu\/wp-content\/uploads\/2023\/10\/viverum-01.jpg","type":"image\/jpeg"}],"author":"dorogimedence.hu","twitter_card":"summary_large_image","twitter_misc":{"Szerz\u0151:":"dorogimedence.hu","Becs\u00fclt olvas\u00e1si id\u0151":"3 perc"},"schema":{"@context":"https:\/\/schema.org","@graph":[{"@type":"Article","@id":"https:\/\/dorogimedence.hu\/index.php\/2023\/10\/08\/ujra-varja-a-vendegeket-a-viverum-bistro\/#article","isPartOf":{"@id":"https:\/\/dorogimedence.hu\/index.php\/2023\/10\/08\/ujra-varja-a-vendegeket-a-viverum-bistro\/"},"author":{"name":"dorogimedence.hu","@id":"https:\/\/dorogimedence.hu\/#\/schema\/person\/ce6091eeb7e95ecdc87890d6aa8e0fd4"},"headline":"\u00dajra v\u00e1rja a vend\u00e9geket a Viverum Bistro","datePublished":"2023-10-08T14:40:45+00:00","dateModified":"2023-10-09T12:33:03+00:00","mainEntityOfPage":{"@id":"https:\/\/dorogimedence.hu\/index.php\/2023\/10\/08\/ujra-varja-a-vendegeket-a-viverum-bistro\/"},"wordCount":664,"publisher":{"@id":"https:\/\/dorogimedence.hu\/#organization"},"image":{"@id":"https:\/\/dorogimedence.hu\/index.php\/2023\/10\/08\/ujra-varja-a-vendegeket-a-viverum-bistro\/#primaryimage"},"thumbnailUrl":"https:\/\/dorogimedence.hu\/wp-content\/uploads\/2023\/10\/viverum-01.jpg","keywords":["esztergom","featured","vend\u00e9gl\u00e1t\u00e1s","Viverum Bistro"],"articleSection":["Esztergom","H\u00edrek"],"inLanguage":"hu"},{"@type":"WebPage","@id":"https:\/\/dorogimedence.hu\/index.php\/2023\/10\/08\/ujra-varja-a-vendegeket-a-viverum-bistro\/","url":"https:\/\/dorogimedence.hu\/index.php\/2023\/10\/08\/ujra-varja-a-vendegeket-a-viverum-bistro\/","name":"\u00dajra v\u00e1rja a vend\u00e9geket a Viverum Bistro","isPartOf":{"@id":"https:\/\/dorogimedence.hu\/#website"},"primaryImageOfPage":{"@id":"https:\/\/dorogimedence.hu\/index.php\/2023\/10\/08\/ujra-varja-a-vendegeket-a-viverum-bistro\/#primaryimage"},"image":{"@id":"https:\/\/dorogimedence.hu\/index.php\/2023\/10\/08\/ujra-varja-a-vendegeket-a-viverum-bistro\/#primaryimage"},"thumbnailUrl":"https:\/\/dorogimedence.hu\/wp-content\/uploads\/2023\/10\/viverum-01.jpg","datePublished":"2023-10-08T14:40:45+00:00","dateModified":"2023-10-09T12:33:03+00:00","breadcrumb":{"@id":"https:\/\/dorogimedence.hu\/index.php\/2023\/10\/08\/ujra-varja-a-vendegeket-a-viverum-bistro\/#breadcrumb"},"inLanguage":"hu","potentialAction":[{"@type":"ReadAction","target":["https:\/\/dorogimedence.hu\/index.php\/2023\/10\/08\/ujra-varja-a-vendegeket-a-viverum-bistro\/"]}]},{"@type":"ImageObject","inLanguage":"hu","@id":"https:\/\/dorogimedence.hu\/index.php\/2023\/10\/08\/ujra-varja-a-vendegeket-a-viverum-bistro\/#primaryimage","url":"https:\/\/dorogimedence.hu\/wp-content\/uploads\/2023\/10\/viverum-01.jpg","contentUrl":"https:\/\/dorogimedence.hu\/wp-content\/uploads\/2023\/10\/viverum-01.jpg","width":1920,"height":970},{"@type":"BreadcrumbList","@id":"https:\/\/dorogimedence.hu\/index.php\/2023\/10\/08\/ujra-varja-a-vendegeket-a-viverum-bistro\/#breadcrumb","itemListElement":[{"@type":"ListItem","position":1,"name":"Kezd\u0151lap","item":"https:\/\/dorogimedence.hu\/"},{"@type":"ListItem","position":2,"name":"\u00dajra v\u00e1rja a vend\u00e9geket a Viverum Bistro"}]},{"@type":"WebSite","@id":"https:\/\/dorogimedence.hu\/#website","url":"https:\/\/dorogimedence.hu\/","name":"Dorogi-medence Region\u00e1lis H\u00edrport\u00e1l","description":"Dorog, Keszt\u00f6lc, Le\u00e1nyv\u00e1r, Piliscs\u00e9v, Tokod, Tokodalt\u00e1r\u00f3, Csolnok, Esztergom-kertv\u00e1ros: h\u00edrek, programok","publisher":{"@id":"https:\/\/dorogimedence.hu\/#organization"},"potentialAction":[{"@type":"SearchAction","target":{"@type":"EntryPoint","urlTemplate":"https:\/\/dorogimedence.hu\/?s={search_term_string}"},"query-input":{"@type":"PropertyValueSpecification","valueRequired":true,"valueName":"search_term_string"}}],"inLanguage":"hu"},{"@type":"Organization","@id":"https:\/\/dorogimedence.hu\/#organization","name":"Dorogi-medence Region\u00e1lis H\u00edrport\u00e1l","url":"https:\/\/dorogimedence.hu\/","logo":{"@type":"ImageObject","inLanguage":"hu","@id":"https:\/\/dorogimedence.hu\/#\/schema\/logo\/image\/","url":"https:\/\/dorogimedence.hu\/wp-content\/uploads\/2021\/04\/logo-feher-600.png","contentUrl":"https:\/\/dorogimedence.hu\/wp-content\/uploads\/2021\/04\/logo-feher-600.png","width":600,"height":100,"caption":"Dorogi-medence Region\u00e1lis H\u00edrport\u00e1l"},"image":{"@id":"https:\/\/dorogimedence.hu\/#\/schema\/logo\/image\/"},"sameAs":["https:\/\/www.facebook.com\/dorogimedence\/"]},{"@type":"Person","@id":"https:\/\/dorogimedence.hu\/#\/schema\/person\/ce6091eeb7e95ecdc87890d6aa8e0fd4","name":"dorogimedence.hu","image":{"@type":"ImageObject","inLanguage":"hu","@id":"\/\/www.gravatar.com\/avatar\/d8d45f8901aadff40a4af72c0b826f1d?s=96&#038;r=g&#038;d=mm","url":"\/\/www.gravatar.com\/avatar\/d8d45f8901aadff40a4af72c0b826f1d?s=96&#038;r=g&#038;d=mm","contentUrl":"\/\/www.gravatar.com\/avatar\/d8d45f8901aadff40a4af72c0b826f1d?s=96&#038;r=g&#038;d=mm","caption":"dorogimedence.hu"}}]}},"_links":{"self":[{"href":"https:\/\/dorogimedence.hu\/index.php\/wp-json\/wp\/v2\/posts\/56878","targetHints":{"allow":["GET"]}}],"collection":[{"href":"https:\/\/dorogimedence.hu\/index.php\/wp-json\/wp\/v2\/posts"}],"about":[{"href":"https:\/\/dorogimedence.hu\/index.php\/wp-json\/wp\/v2\/types\/post"}],"author":[{"embeddable":true,"href":"https:\/\/dorogimedence.hu\/index.php\/wp-json\/wp\/v2\/users\/1"}],"replies":[{"embeddable":true,"href":"https:\/\/dorogimedence.hu\/index.php\/wp-json\/wp\/v2\/comments?post=56878"}],"version-history":[{"count":0,"href":"https:\/\/dorogimedence.hu\/index.php\/wp-json\/wp\/v2\/posts\/56878\/revisions"}],"wp:featuredmedia":[{"embeddable":true,"href":"https:\/\/dorogimedence.hu\/index.php\/wp-json\/wp\/v2\/media\/56880"}],"wp:attachment":[{"href":"https:\/\/dorogimedence.hu\/index.php\/wp-json\/wp\/v2\/media?parent=56878"}],"wp:term":[{"taxonomy":"category","embeddable":true,"href":"https:\/\/dorogimedence.hu\/index.php\/wp-json\/wp\/v2\/categories?post=56878"},{"taxonomy":"post_tag","embeddable":true,"href":"https:\/\/dorogimedence.hu\/index.php\/wp-json\/wp\/v2\/tags?post=56878"}],"curies":[{"name":"wp","href":"https:\/\/api.w.org\/{rel}","templated":true}]}}