{"id":56849,"date":"2023-10-05T11:20:55","date_gmt":"2023-10-05T09:20:55","guid":{"rendered":"https:\/\/dorogimedence.hu\/?p=56849"},"modified":"2023-10-05T11:20:55","modified_gmt":"2023-10-05T09:20:55","slug":"naperomuvet-epit-az-mvm-csoport-dorogon","status":"publish","type":"post","link":"https:\/\/dorogimedence.hu\/index.php\/2023\/10\/05\/naperomuvet-epit-az-mvm-csoport-dorogon\/","title":{"rendered":"Naper\u0151m\u0171vet \u00e9p\u00edt az MVM Csoport Dorogon"},"content":{"rendered":"<p><strong> Eur\u00f3pai uni\u00f3s forr\u00e1sb\u00f3l 28 naper\u0151m\u0171vet \u00e9p\u00edtett orsz\u00e1gosan az MVM Csoporthoz tartoz\u00f3 MVM Z\u00f6ld Gener\u00e1ci\u00f3 Kft. A dorogi naper\u0151m\u0171 is hamarosan \u00fczembe \u00e1ll az ipari park melletti ter\u00fcleten.<\/strong><\/p>\n<p>Az MVM Csoport meg\u00fajul\u00f3 energiatermel\u00e9ssel foglalkoz\u00f3 tagv\u00e1llalata, az MVM Z\u00f6ld Gener\u00e1ci\u00f3 Kft. 28 \u00faj naper\u0151m\u0171vet \u00e9p\u00edtett eur\u00f3pai uni\u00f3s t\u00e1mogat\u00e1ssal. A beruh\u00e1z\u00e1s \u00f6sszk\u00f6lts\u00e9ge 6,704 mrd Ft, melyhez 2,098 mrd Ft vissza nem t\u00e9r\u00edtend\u0151 t\u00e1mogat\u00e1st ny\u00fajtott az Eur\u00f3pai Uni\u00f3 a K\u00f6rnyezeti \u00e9s Energiahat\u00e9konys\u00e1gi Operat\u00edv Program (KEHOP) keret\u00e9ben.<\/p>\n<p>Az MVM Z\u00f6ld Gener\u00e1ci\u00f3 Kft. \u2013 az MVM Csoport meg\u00fajul\u00f3 energiatermel\u00e9ssel foglalkoz\u00f3 tagv\u00e1llalata \u2013 jelenleg 7 sz\u00e9ler\u0151m\u0171vet \u00e9s t\u00f6bb mint 100 naper\u0151m\u0171vet \u00fczemeltet Magyarorsz\u00e1g ter\u00fclet\u00e9n. K\u00f6z\u00e9pt\u00e1v\u00fa strat\u00e9gi\u00e1ja keret\u00e9ben folyamatosan b\u0151v\u00edti k\u00f6rnyezetbar\u00e1t er\u0151m\u0171vi portfoli\u00f3j\u00e1t, jelenleg megval\u00f3s\u00edt\u00e1s alatt \u00e1ll\u00f3 Meg\u00fajul\u00f3 Programja keret\u00e9ben 33 \u00faj naper\u0151m\u0171vet \u00e9p\u00edt az orsz\u00e1gban KEHOP t\u00e1mogat\u00e1ssal.<\/p>\n<p>A KEHOP-5.1.2-17-2021-00007 projekt keret\u00e9ben a T\u00e1rsas\u00e1g 28 db, egyenk\u00e9nt 462-498 kW n\u00e9vleges teljes\u00edtm\u00e9ny\u0171 naper\u0151m\u0171vet \u00e9p\u00edtett orsz\u00e1gosan, ezzel is hozz\u00e1j\u00e1rulva Magyarorsz\u00e1g kl\u00edmapolitikai c\u00e9lkit\u0171z\u00e9seinek el\u00e9r\u00e9s\u00e9hez. A fejleszt\u00e9s c\u00e9lja, hogy a saj\u00e1t er\u0151m\u0171vi portfoli\u00f3ban \u00e9s ez\u00e1ltal a hazai energiatermel\u00e9sen bel\u00fcl n\u00f6vekedjen a k\u00f6rnyezetbar\u00e1t meg\u00fajul\u00f3 energiaforr\u00e1st hasznos\u00edt\u00f3 rendszerek ar\u00e1nya \u00e9s cs\u00f6kkenjen a villamosenergia szektor fajlagos CO<sub>2<\/sub>-kibocs\u00e1t\u00e1sa.<\/p>\n<p><strong>Az er\u0151m\u0171vek az orsz\u00e1g kilenc telep\u00fcl\u00e9s\u00e9n \u00e9p\u00fcltek meg: Beretty\u00f3\u00fajfalu, D\u00e1nszentmikl\u00f3s, Kunsz\u00e1ll\u00e1s, Ny\u00edrcsaholy, Oroszl\u00e1ny (15 er\u0151m\u0171), P\u00e9cs (5 er\u0151m\u0171), Pusztaf\u00f6ldv\u00e1r, S\u00fck\u00f6sd, V\u00e9szt\u0151. Tov\u00e1bb\u00e1 a dorogi er\u0151m\u0171 is hamarosan elk\u00e9sz\u00fcl.<\/strong><\/p>\n<p>A 6,704 milli\u00e1rd Ft-os beruh\u00e1z\u00e1st 31,3%-ban t\u00e1mogat\u00e1sb\u00f3l, 68,7%-ban saj\u00e1t forr\u00e1sb\u00f3l finansz\u00edrozta az MVM Csoport<em>.<\/em><\/p>\n<p>A naper\u0151m\u0171vek \u00fczembe helyez\u00e9s\u00e9vel a magyar villamosenergia-termel\u00e9s CO<sub>2<\/sub>-kibocs\u00e1t\u00e1sa cs\u00f6kken, ezzel az MVM Z\u00f6ld Gener\u00e1ci\u00f3 Kft. hozz\u00e1j\u00e1rul a Nemzeti Energiastrat\u00e9gia 2030, Magyarorsz\u00e1g Nemzeti Energia- \u00e9s Kl\u00edmaterve \u00e9s a Nemzeti Tiszta Fejl\u0151d\u00e9si Strat\u00e9gia 2020-2050 dokumentumokban foglalt kl\u00edmapolitikai c\u00e9lok megval\u00f3sul\u00e1s\u00e1hoz, tov\u00e1bb\u00e1 a villamosenergia-termel\u00e9sben decentraliz\u00e1lt, k\u00f6rnyezetbar\u00e1t meg\u00fajul\u00f3 energiaforr\u00e1sok ar\u00e1ny\u00e1nak n\u00f6vel\u00e9s\u00e9hez.<\/p>\n<p>Az er\u0151m\u0171vek \u00e9ves \u00e1tlagban 69 642 GJ villamos energi\u00e1t tud majd megtermelni, ami t\u00f6bb mint<br \/>\n7 500 h\u00e1ztart\u00e1s \u00e9ves villamosenergia-sz\u00fcks\u00e9gelt\u00e9t fedezheti amellett, hogy \u00e9ves szinten<br \/>\n18 873 tonn\u00e1val cs\u00f6kkenhet az orsz\u00e1g sz\u00e9n-dioxid kibocs\u00e1t\u00e1sa.<\/p>\n<p>A projekt a Sz\u00e9chenyi 2020 program keret\u00e9ben val\u00f3sult meg. A projektr\u0151l b\u0151vebb inform\u00e1ci\u00f3t a&nbsp;<a href=\"https:\/\/zoldgeneracio.mvm.hu\/\" target=\"_blank\" rel=\"noopener\"><span style=\"text-decoration: underline; color: #0000ff;\">https:\/\/zoldgeneracio.mvm.hu\/<\/span><\/a>&nbsp;oldalon olvashatnak.<\/p>\n","protected":false},"excerpt":{"rendered":"<p>Eur\u00f3pai uni\u00f3s forr\u00e1sb\u00f3l 28 naper\u0151m\u0171vet \u00e9p\u00edtett orsz\u00e1gosan az MVM Csoporthoz tartoz\u00f3 MVM Z\u00f6ld Gener\u00e1ci\u00f3 Kft. A dorogi naper\u0151m\u0171 is hamarosan \u00fczembe \u00e1ll az ipari park melletti ter\u00fcleten. Az MVM Csoport meg\u00fajul\u00f3 energiatermel\u00e9ssel foglalkoz\u00f3 tagv\u00e1llalata, az MVM Z\u00f6ld Gener\u00e1ci\u00f3 Kft. 28 \u00faj naper\u0151m\u0171vet \u00e9p\u00edtett eur\u00f3pai uni\u00f3s t\u00e1mogat\u00e1ssal. A beruh\u00e1z\u00e1s \u00f6sszk\u00f6lts\u00e9ge 6,704 mrd Ft, melyhez 2,098 mrd<\/p>\n","protected":false},"author":1,"featured_media":39136,"comment_status":"closed","ping_status":"closed","sticky":false,"template":"","format":"standard","meta":{"ngg_post_thumbnail":0,"footnotes":""},"categories":[2,3],"tags":[15,5624,6603,6068],"class_list":{"0":"post-56849","1":"post","2":"type-post","3":"status-publish","4":"format-standard","5":"has-post-thumbnail","7":"category-dorog","8":"category-hirek","9":"tag-dorog","10":"tag-featured","11":"tag-mvm","12":"tag-naperomu"},"yoast_head":"<!-- This site is optimized with the Yoast SEO plugin v27.4 - https:\/\/yoast.com\/product\/yoast-seo-wordpress\/ -->\n<title>Naper\u0151m\u0171vet \u00e9p\u00edt az MVM Csoport Dorogon<\/title>\n<meta name=\"robots\" content=\"index, follow, max-snippet:-1, max-image-preview:large, max-video-preview:-1\" \/>\n<link rel=\"canonical\" href=\"https:\/\/dorogimedence.hu\/index.php\/2023\/10\/05\/naperomuvet-epit-az-mvm-csoport-dorogon\/\" class=\"yoast-seo-meta-tag\" \/>\n<meta property=\"og:locale\" content=\"hu_HU\" class=\"yoast-seo-meta-tag\" \/>\n<meta property=\"og:type\" content=\"article\" class=\"yoast-seo-meta-tag\" \/>\n<meta property=\"og:title\" content=\"Naper\u0151m\u0171vet \u00e9p\u00edt az MVM Csoport Dorogon\" class=\"yoast-seo-meta-tag\" \/>\n<meta property=\"og:description\" content=\"Eur\u00f3pai uni\u00f3s forr\u00e1sb\u00f3l 28 naper\u0151m\u0171vet \u00e9p\u00edtett orsz\u00e1gosan az MVM Csoporthoz tartoz\u00f3 MVM Z\u00f6ld Gener\u00e1ci\u00f3 Kft. A dorogi naper\u0151m\u0171 is hamarosan \u00fczembe \u00e1ll az ipari park melletti ter\u00fcleten. Az MVM Csoport meg\u00fajul\u00f3 energiatermel\u00e9ssel foglalkoz\u00f3 tagv\u00e1llalata, az MVM Z\u00f6ld Gener\u00e1ci\u00f3 Kft. 28 \u00faj naper\u0151m\u0171vet \u00e9p\u00edtett eur\u00f3pai uni\u00f3s t\u00e1mogat\u00e1ssal. A beruh\u00e1z\u00e1s \u00f6sszk\u00f6lts\u00e9ge 6,704 mrd Ft, melyhez 2,098 mrd\" class=\"yoast-seo-meta-tag\" \/>\n<meta property=\"og:url\" content=\"https:\/\/dorogimedence.hu\/index.php\/2023\/10\/05\/naperomuvet-epit-az-mvm-csoport-dorogon\/\" class=\"yoast-seo-meta-tag\" \/>\n<meta property=\"og:site_name\" content=\"Dorogi-medence Region\u00e1lis H\u00edrport\u00e1l\" class=\"yoast-seo-meta-tag\" \/>\n<meta property=\"article:publisher\" content=\"https:\/\/www.facebook.com\/dorogimedence\/\" class=\"yoast-seo-meta-tag\" \/>\n<meta property=\"article:published_time\" content=\"2023-10-05T09:20:55+00:00\" class=\"yoast-seo-meta-tag\" \/>\n<meta property=\"og:image\" content=\"https:\/\/dorogimedence.hu\/wp-content\/uploads\/2021\/12\/solar-panel-6751998_1920.jpg\" class=\"yoast-seo-meta-tag\" \/>\n\t<meta property=\"og:image:width\" content=\"1920\" class=\"yoast-seo-meta-tag\" \/>\n\t<meta property=\"og:image:height\" content=\"1280\" class=\"yoast-seo-meta-tag\" \/>\n\t<meta property=\"og:image:type\" content=\"image\/jpeg\" class=\"yoast-seo-meta-tag\" \/>\n<meta name=\"author\" content=\"dorogimedence.hu\" class=\"yoast-seo-meta-tag\" \/>\n<meta name=\"twitter:card\" content=\"summary_large_image\" class=\"yoast-seo-meta-tag\" \/>\n<meta name=\"twitter:label1\" content=\"Szerz\u0151:\" class=\"yoast-seo-meta-tag\" \/>\n\t<meta name=\"twitter:data1\" content=\"dorogimedence.hu\" class=\"yoast-seo-meta-tag\" \/>\n\t<meta name=\"twitter:label2\" content=\"Becs\u00fclt olvas\u00e1si id\u0151\" class=\"yoast-seo-meta-tag\" \/>\n\t<meta name=\"twitter:data2\" content=\"3 perc\" class=\"yoast-seo-meta-tag\" \/>\n<script type=\"application\/ld+json\" class=\"yoast-schema-graph\">{\"@context\":\"https:\\\/\\\/schema.org\",\"@graph\":[{\"@type\":\"Article\",\"@id\":\"https:\\\/\\\/dorogimedence.hu\\\/index.php\\\/2023\\\/10\\\/05\\\/naperomuvet-epit-az-mvm-csoport-dorogon\\\/#article\",\"isPartOf\":{\"@id\":\"https:\\\/\\\/dorogimedence.hu\\\/index.php\\\/2023\\\/10\\\/05\\\/naperomuvet-epit-az-mvm-csoport-dorogon\\\/\"},\"author\":{\"name\":\"dorogimedence.hu\",\"@id\":\"https:\\\/\\\/dorogimedence.hu\\\/#\\\/schema\\\/person\\\/ce6091eeb7e95ecdc87890d6aa8e0fd4\"},\"headline\":\"Naper\u0151m\u0171vet \u00e9p\u00edt az MVM Csoport Dorogon\",\"datePublished\":\"2023-10-05T09:20:55+00:00\",\"mainEntityOfPage\":{\"@id\":\"https:\\\/\\\/dorogimedence.hu\\\/index.php\\\/2023\\\/10\\\/05\\\/naperomuvet-epit-az-mvm-csoport-dorogon\\\/\"},\"wordCount\":519,\"publisher\":{\"@id\":\"https:\\\/\\\/dorogimedence.hu\\\/#organization\"},\"image\":{\"@id\":\"https:\\\/\\\/dorogimedence.hu\\\/index.php\\\/2023\\\/10\\\/05\\\/naperomuvet-epit-az-mvm-csoport-dorogon\\\/#primaryimage\"},\"thumbnailUrl\":\"https:\\\/\\\/dorogimedence.hu\\\/wp-content\\\/uploads\\\/2021\\\/12\\\/solar-panel-6751998_1920.jpg\",\"keywords\":[\"Dorog\",\"featured\",\"MVM\",\"naper\u0151m\u0171\"],\"articleSection\":[\"Dorog\",\"H\u00edrek\"],\"inLanguage\":\"hu\"},{\"@type\":\"WebPage\",\"@id\":\"https:\\\/\\\/dorogimedence.hu\\\/index.php\\\/2023\\\/10\\\/05\\\/naperomuvet-epit-az-mvm-csoport-dorogon\\\/\",\"url\":\"https:\\\/\\\/dorogimedence.hu\\\/index.php\\\/2023\\\/10\\\/05\\\/naperomuvet-epit-az-mvm-csoport-dorogon\\\/\",\"name\":\"Naper\u0151m\u0171vet \u00e9p\u00edt az MVM Csoport Dorogon\",\"isPartOf\":{\"@id\":\"https:\\\/\\\/dorogimedence.hu\\\/#website\"},\"primaryImageOfPage\":{\"@id\":\"https:\\\/\\\/dorogimedence.hu\\\/index.php\\\/2023\\\/10\\\/05\\\/naperomuvet-epit-az-mvm-csoport-dorogon\\\/#primaryimage\"},\"image\":{\"@id\":\"https:\\\/\\\/dorogimedence.hu\\\/index.php\\\/2023\\\/10\\\/05\\\/naperomuvet-epit-az-mvm-csoport-dorogon\\\/#primaryimage\"},\"thumbnailUrl\":\"https:\\\/\\\/dorogimedence.hu\\\/wp-content\\\/uploads\\\/2021\\\/12\\\/solar-panel-6751998_1920.jpg\",\"datePublished\":\"2023-10-05T09:20:55+00:00\",\"breadcrumb\":{\"@id\":\"https:\\\/\\\/dorogimedence.hu\\\/index.php\\\/2023\\\/10\\\/05\\\/naperomuvet-epit-az-mvm-csoport-dorogon\\\/#breadcrumb\"},\"inLanguage\":\"hu\",\"potentialAction\":[{\"@type\":\"ReadAction\",\"target\":[\"https:\\\/\\\/dorogimedence.hu\\\/index.php\\\/2023\\\/10\\\/05\\\/naperomuvet-epit-az-mvm-csoport-dorogon\\\/\"]}]},{\"@type\":\"ImageObject\",\"inLanguage\":\"hu\",\"@id\":\"https:\\\/\\\/dorogimedence.hu\\\/index.php\\\/2023\\\/10\\\/05\\\/naperomuvet-epit-az-mvm-csoport-dorogon\\\/#primaryimage\",\"url\":\"https:\\\/\\\/dorogimedence.hu\\\/wp-content\\\/uploads\\\/2021\\\/12\\\/solar-panel-6751998_1920.jpg\",\"contentUrl\":\"https:\\\/\\\/dorogimedence.hu\\\/wp-content\\\/uploads\\\/2021\\\/12\\\/solar-panel-6751998_1920.jpg\",\"width\":1920,\"height\":1280},{\"@type\":\"BreadcrumbList\",\"@id\":\"https:\\\/\\\/dorogimedence.hu\\\/index.php\\\/2023\\\/10\\\/05\\\/naperomuvet-epit-az-mvm-csoport-dorogon\\\/#breadcrumb\",\"itemListElement\":[{\"@type\":\"ListItem\",\"position\":1,\"name\":\"Kezd\u0151lap\",\"item\":\"https:\\\/\\\/dorogimedence.hu\\\/\"},{\"@type\":\"ListItem\",\"position\":2,\"name\":\"Naper\u0151m\u0171vet \u00e9p\u00edt az MVM Csoport Dorogon\"}]},{\"@type\":\"WebSite\",\"@id\":\"https:\\\/\\\/dorogimedence.hu\\\/#website\",\"url\":\"https:\\\/\\\/dorogimedence.hu\\\/\",\"name\":\"Dorogi-medence Region\u00e1lis H\u00edrport\u00e1l\",\"description\":\"Dorog, Keszt\u00f6lc, Le\u00e1nyv\u00e1r, Piliscs\u00e9v, Tokod, Tokodalt\u00e1r\u00f3, Csolnok, Esztergom-kertv\u00e1ros: h\u00edrek, programok\",\"publisher\":{\"@id\":\"https:\\\/\\\/dorogimedence.hu\\\/#organization\"},\"potentialAction\":[{\"@type\":\"SearchAction\",\"target\":{\"@type\":\"EntryPoint\",\"urlTemplate\":\"https:\\\/\\\/dorogimedence.hu\\\/?s={search_term_string}\"},\"query-input\":{\"@type\":\"PropertyValueSpecification\",\"valueRequired\":true,\"valueName\":\"search_term_string\"}}],\"inLanguage\":\"hu\"},{\"@type\":\"Organization\",\"@id\":\"https:\\\/\\\/dorogimedence.hu\\\/#organization\",\"name\":\"Dorogi-medence Region\u00e1lis H\u00edrport\u00e1l\",\"url\":\"https:\\\/\\\/dorogimedence.hu\\\/\",\"logo\":{\"@type\":\"ImageObject\",\"inLanguage\":\"hu\",\"@id\":\"https:\\\/\\\/dorogimedence.hu\\\/#\\\/schema\\\/logo\\\/image\\\/\",\"url\":\"https:\\\/\\\/dorogimedence.hu\\\/wp-content\\\/uploads\\\/2021\\\/04\\\/logo-feher-600.png\",\"contentUrl\":\"https:\\\/\\\/dorogimedence.hu\\\/wp-content\\\/uploads\\\/2021\\\/04\\\/logo-feher-600.png\",\"width\":600,\"height\":100,\"caption\":\"Dorogi-medence Region\u00e1lis H\u00edrport\u00e1l\"},\"image\":{\"@id\":\"https:\\\/\\\/dorogimedence.hu\\\/#\\\/schema\\\/logo\\\/image\\\/\"},\"sameAs\":[\"https:\\\/\\\/www.facebook.com\\\/dorogimedence\\\/\"]},{\"@type\":\"Person\",\"@id\":\"https:\\\/\\\/dorogimedence.hu\\\/#\\\/schema\\\/person\\\/ce6091eeb7e95ecdc87890d6aa8e0fd4\",\"name\":\"dorogimedence.hu\",\"image\":{\"@type\":\"ImageObject\",\"inLanguage\":\"hu\",\"@id\":\"\\\/\\\/www.gravatar.com\\\/avatar\\\/d8d45f8901aadff40a4af72c0b826f1d?s=96&#038;r=g&#038;d=mm\",\"url\":\"\\\/\\\/www.gravatar.com\\\/avatar\\\/d8d45f8901aadff40a4af72c0b826f1d?s=96&#038;r=g&#038;d=mm\",\"contentUrl\":\"\\\/\\\/www.gravatar.com\\\/avatar\\\/d8d45f8901aadff40a4af72c0b826f1d?s=96&#038;r=g&#038;d=mm\",\"caption\":\"dorogimedence.hu\"}}]}<\/script>\n<!-- \/ Yoast SEO plugin. -->","yoast_head_json":{"title":"Naper\u0151m\u0171vet \u00e9p\u00edt az MVM Csoport Dorogon","robots":{"index":"index","follow":"follow","max-snippet":"max-snippet:-1","max-image-preview":"max-image-preview:large","max-video-preview":"max-video-preview:-1"},"canonical":"https:\/\/dorogimedence.hu\/index.php\/2023\/10\/05\/naperomuvet-epit-az-mvm-csoport-dorogon\/","og_locale":"hu_HU","og_type":"article","og_title":"Naper\u0151m\u0171vet \u00e9p\u00edt az MVM Csoport Dorogon","og_description":"Eur\u00f3pai uni\u00f3s forr\u00e1sb\u00f3l 28 naper\u0151m\u0171vet \u00e9p\u00edtett orsz\u00e1gosan az MVM Csoporthoz tartoz\u00f3 MVM Z\u00f6ld Gener\u00e1ci\u00f3 Kft. A dorogi naper\u0151m\u0171 is hamarosan \u00fczembe \u00e1ll az ipari park melletti ter\u00fcleten. Az MVM Csoport meg\u00fajul\u00f3 energiatermel\u00e9ssel foglalkoz\u00f3 tagv\u00e1llalata, az MVM Z\u00f6ld Gener\u00e1ci\u00f3 Kft. 28 \u00faj naper\u0151m\u0171vet \u00e9p\u00edtett eur\u00f3pai uni\u00f3s t\u00e1mogat\u00e1ssal. A beruh\u00e1z\u00e1s \u00f6sszk\u00f6lts\u00e9ge 6,704 mrd Ft, melyhez 2,098 mrd","og_url":"https:\/\/dorogimedence.hu\/index.php\/2023\/10\/05\/naperomuvet-epit-az-mvm-csoport-dorogon\/","og_site_name":"Dorogi-medence Region\u00e1lis H\u00edrport\u00e1l","article_publisher":"https:\/\/www.facebook.com\/dorogimedence\/","article_published_time":"2023-10-05T09:20:55+00:00","og_image":[{"width":1920,"height":1280,"url":"https:\/\/dorogimedence.hu\/wp-content\/uploads\/2021\/12\/solar-panel-6751998_1920.jpg","type":"image\/jpeg"}],"author":"dorogimedence.hu","twitter_card":"summary_large_image","twitter_misc":{"Szerz\u0151:":"dorogimedence.hu","Becs\u00fclt olvas\u00e1si id\u0151":"3 perc"},"schema":{"@context":"https:\/\/schema.org","@graph":[{"@type":"Article","@id":"https:\/\/dorogimedence.hu\/index.php\/2023\/10\/05\/naperomuvet-epit-az-mvm-csoport-dorogon\/#article","isPartOf":{"@id":"https:\/\/dorogimedence.hu\/index.php\/2023\/10\/05\/naperomuvet-epit-az-mvm-csoport-dorogon\/"},"author":{"name":"dorogimedence.hu","@id":"https:\/\/dorogimedence.hu\/#\/schema\/person\/ce6091eeb7e95ecdc87890d6aa8e0fd4"},"headline":"Naper\u0151m\u0171vet \u00e9p\u00edt az MVM Csoport Dorogon","datePublished":"2023-10-05T09:20:55+00:00","mainEntityOfPage":{"@id":"https:\/\/dorogimedence.hu\/index.php\/2023\/10\/05\/naperomuvet-epit-az-mvm-csoport-dorogon\/"},"wordCount":519,"publisher":{"@id":"https:\/\/dorogimedence.hu\/#organization"},"image":{"@id":"https:\/\/dorogimedence.hu\/index.php\/2023\/10\/05\/naperomuvet-epit-az-mvm-csoport-dorogon\/#primaryimage"},"thumbnailUrl":"https:\/\/dorogimedence.hu\/wp-content\/uploads\/2021\/12\/solar-panel-6751998_1920.jpg","keywords":["Dorog","featured","MVM","naper\u0151m\u0171"],"articleSection":["Dorog","H\u00edrek"],"inLanguage":"hu"},{"@type":"WebPage","@id":"https:\/\/dorogimedence.hu\/index.php\/2023\/10\/05\/naperomuvet-epit-az-mvm-csoport-dorogon\/","url":"https:\/\/dorogimedence.hu\/index.php\/2023\/10\/05\/naperomuvet-epit-az-mvm-csoport-dorogon\/","name":"Naper\u0151m\u0171vet \u00e9p\u00edt az MVM Csoport Dorogon","isPartOf":{"@id":"https:\/\/dorogimedence.hu\/#website"},"primaryImageOfPage":{"@id":"https:\/\/dorogimedence.hu\/index.php\/2023\/10\/05\/naperomuvet-epit-az-mvm-csoport-dorogon\/#primaryimage"},"image":{"@id":"https:\/\/dorogimedence.hu\/index.php\/2023\/10\/05\/naperomuvet-epit-az-mvm-csoport-dorogon\/#primaryimage"},"thumbnailUrl":"https:\/\/dorogimedence.hu\/wp-content\/uploads\/2021\/12\/solar-panel-6751998_1920.jpg","datePublished":"2023-10-05T09:20:55+00:00","breadcrumb":{"@id":"https:\/\/dorogimedence.hu\/index.php\/2023\/10\/05\/naperomuvet-epit-az-mvm-csoport-dorogon\/#breadcrumb"},"inLanguage":"hu","potentialAction":[{"@type":"ReadAction","target":["https:\/\/dorogimedence.hu\/index.php\/2023\/10\/05\/naperomuvet-epit-az-mvm-csoport-dorogon\/"]}]},{"@type":"ImageObject","inLanguage":"hu","@id":"https:\/\/dorogimedence.hu\/index.php\/2023\/10\/05\/naperomuvet-epit-az-mvm-csoport-dorogon\/#primaryimage","url":"https:\/\/dorogimedence.hu\/wp-content\/uploads\/2021\/12\/solar-panel-6751998_1920.jpg","contentUrl":"https:\/\/dorogimedence.hu\/wp-content\/uploads\/2021\/12\/solar-panel-6751998_1920.jpg","width":1920,"height":1280},{"@type":"BreadcrumbList","@id":"https:\/\/dorogimedence.hu\/index.php\/2023\/10\/05\/naperomuvet-epit-az-mvm-csoport-dorogon\/#breadcrumb","itemListElement":[{"@type":"ListItem","position":1,"name":"Kezd\u0151lap","item":"https:\/\/dorogimedence.hu\/"},{"@type":"ListItem","position":2,"name":"Naper\u0151m\u0171vet \u00e9p\u00edt az MVM Csoport Dorogon"}]},{"@type":"WebSite","@id":"https:\/\/dorogimedence.hu\/#website","url":"https:\/\/dorogimedence.hu\/","name":"Dorogi-medence Region\u00e1lis H\u00edrport\u00e1l","description":"Dorog, Keszt\u00f6lc, Le\u00e1nyv\u00e1r, Piliscs\u00e9v, Tokod, Tokodalt\u00e1r\u00f3, Csolnok, Esztergom-kertv\u00e1ros: h\u00edrek, programok","publisher":{"@id":"https:\/\/dorogimedence.hu\/#organization"},"potentialAction":[{"@type":"SearchAction","target":{"@type":"EntryPoint","urlTemplate":"https:\/\/dorogimedence.hu\/?s={search_term_string}"},"query-input":{"@type":"PropertyValueSpecification","valueRequired":true,"valueName":"search_term_string"}}],"inLanguage":"hu"},{"@type":"Organization","@id":"https:\/\/dorogimedence.hu\/#organization","name":"Dorogi-medence Region\u00e1lis H\u00edrport\u00e1l","url":"https:\/\/dorogimedence.hu\/","logo":{"@type":"ImageObject","inLanguage":"hu","@id":"https:\/\/dorogimedence.hu\/#\/schema\/logo\/image\/","url":"https:\/\/dorogimedence.hu\/wp-content\/uploads\/2021\/04\/logo-feher-600.png","contentUrl":"https:\/\/dorogimedence.hu\/wp-content\/uploads\/2021\/04\/logo-feher-600.png","width":600,"height":100,"caption":"Dorogi-medence Region\u00e1lis H\u00edrport\u00e1l"},"image":{"@id":"https:\/\/dorogimedence.hu\/#\/schema\/logo\/image\/"},"sameAs":["https:\/\/www.facebook.com\/dorogimedence\/"]},{"@type":"Person","@id":"https:\/\/dorogimedence.hu\/#\/schema\/person\/ce6091eeb7e95ecdc87890d6aa8e0fd4","name":"dorogimedence.hu","image":{"@type":"ImageObject","inLanguage":"hu","@id":"\/\/www.gravatar.com\/avatar\/d8d45f8901aadff40a4af72c0b826f1d?s=96&#038;r=g&#038;d=mm","url":"\/\/www.gravatar.com\/avatar\/d8d45f8901aadff40a4af72c0b826f1d?s=96&#038;r=g&#038;d=mm","contentUrl":"\/\/www.gravatar.com\/avatar\/d8d45f8901aadff40a4af72c0b826f1d?s=96&#038;r=g&#038;d=mm","caption":"dorogimedence.hu"}}]}},"_links":{"self":[{"href":"https:\/\/dorogimedence.hu\/index.php\/wp-json\/wp\/v2\/posts\/56849","targetHints":{"allow":["GET"]}}],"collection":[{"href":"https:\/\/dorogimedence.hu\/index.php\/wp-json\/wp\/v2\/posts"}],"about":[{"href":"https:\/\/dorogimedence.hu\/index.php\/wp-json\/wp\/v2\/types\/post"}],"author":[{"embeddable":true,"href":"https:\/\/dorogimedence.hu\/index.php\/wp-json\/wp\/v2\/users\/1"}],"replies":[{"embeddable":true,"href":"https:\/\/dorogimedence.hu\/index.php\/wp-json\/wp\/v2\/comments?post=56849"}],"version-history":[{"count":0,"href":"https:\/\/dorogimedence.hu\/index.php\/wp-json\/wp\/v2\/posts\/56849\/revisions"}],"wp:featuredmedia":[{"embeddable":true,"href":"https:\/\/dorogimedence.hu\/index.php\/wp-json\/wp\/v2\/media\/39136"}],"wp:attachment":[{"href":"https:\/\/dorogimedence.hu\/index.php\/wp-json\/wp\/v2\/media?parent=56849"}],"wp:term":[{"taxonomy":"category","embeddable":true,"href":"https:\/\/dorogimedence.hu\/index.php\/wp-json\/wp\/v2\/categories?post=56849"},{"taxonomy":"post_tag","embeddable":true,"href":"https:\/\/dorogimedence.hu\/index.php\/wp-json\/wp\/v2\/tags?post=56849"}],"curies":[{"name":"wp","href":"https:\/\/api.w.org\/{rel}","templated":true}]}}