{"id":56845,"date":"2023-10-05T09:24:07","date_gmt":"2023-10-05T07:24:07","guid":{"rendered":"https:\/\/dorogimedence.hu\/?p=56845"},"modified":"2023-10-05T09:24:07","modified_gmt":"2023-10-05T07:24:07","slug":"hatarellenorzes-varhato-parkanynal","status":"publish","type":"post","link":"https:\/\/dorogimedence.hu\/index.php\/2023\/10\/05\/hatarellenorzes-varhato-parkanynal\/","title":{"rendered":"Hat\u00e1rellen\u0151rz\u00e9s v\u00e1rhat\u00f3 P\u00e1rk\u00e1nyn\u00e1l"},"content":{"rendered":"<p><strong>Szlov\u00e1kia okt\u00f3ber 5-t\u0151l ideiglenesen vissza\u00e1ll\u00edtja a hat\u00e1rellen\u0151rz\u00e9seket a magyar hat\u00e1ron, az int\u00e9zked\u00e9s egyel\u0151re okt\u00f3ber 14-ig lesz hat\u00e1lyos<\/strong> <em>&#8211; err\u0151l szerdai \u00fcl\u00e9s\u00e9n d\u00f6nt\u00f6tt a pozsonyi korm\u00e1ny.<\/em><\/p>\n<p>Pozsony az int\u00e9zked\u00e9st az illeg\u00e1lis migr\u00e1ci\u00f3 megf\u00e9kez\u00e9s\u00e9nek sz\u00fcks\u00e9gess\u00e9g\u00e9vel indokolta. A magyar hat\u00e1ron t\u00f6rt\u00e9n\u0151 ellen\u0151rz\u00e9sek \u00fajb\u00f3li bevezet\u00e9s\u00e9re egy nappal azt k\u00f6vet\u0151en ker\u00fcl sor, hogy szerd\u00e1t\u00f3l Csehorsz\u00e1g \u00e9s Lengyelorsz\u00e1g vezetett be hasonl\u00f3 int\u00e9zked\u00e9st szlov\u00e1k hat\u00e1r\u00e1n.<\/p>\n<p>A hat\u00e1rellen\u0151rz\u00e9sek vissza\u00e1ll\u00edt\u00e1sa a szlov\u00e1k-magyar hat\u00e1r teljes hossz\u00e1ban \u00e9rv\u00e9nyes, az ellen\u0151rz\u00e9sek rugalmasak lesznek, azaz alkalmazkodnak az aktu\u00e1lis fenyegetetts\u00e9ghez &#8211; \u00edrt\u00e1k a szerdai korm\u00e1ny\u00fcl\u00e9sen j\u00f3v\u00e1hagyott, a bel\u00fcgyminiszt\u00e9rium \u00e1ltal beterjesztett dokumentumban.<\/p>\n<p>A t\u00e1rca indokl\u00e1s\u00e1ban az illeg\u00e1lis migr\u00e1ci\u00f3 megf\u00e9kez\u00e9s\u00e9re ir\u00e1nyul\u00f3 kulcsfontoss\u00e1g\u00fa int\u00e9zked\u00e9sk\u00e9nt jel\u00f6lte meg a hat\u00e1rellen\u0151rz\u00e9sek ideiglenes bevezet\u00e9s\u00e9t. Kifejtett\u00e9k: mivel a Szlov\u00e1ki\u00e1t f\u0151k\u00e9nt tranzitorsz\u00e1gk\u00e9nt haszn\u00e1l\u00f3 illeg\u00e1lis migr\u00e1nsok eset\u00e9ben nagyr\u00e9szt olyan k\u00fclf\u00f6ldiekr\u0151l van sz\u00f3, akiket az adminisztrat\u00edv k\u00f6t\u00f6tts\u00e9gek miatt nem lehet kitoloncolni, \u00e9s \u0151rizetbe v\u00e9tel\u00fck sem c\u00e9lir\u00e1nyos, az \u00e9rintettek az orsz\u00e1g ter\u00fclet\u00e9n maradnak, ha nem tudnak tov\u00e1bbmenni.<\/p>\n<p>A bel\u00fcgyminiszt\u00e9rium adatai szerint a nyugat-balk\u00e1ni \u00fatvonalon Szlov\u00e1ki\u00e1ba \u00e9rkez\u0151 illeg\u00e1lis migr\u00e1nsok sz\u00e1ma tavaly augusztusban kezdett \u00e9rz\u00e9kelhet\u0151en n\u00f6vekedni. Az idei \u00e9v elej\u00e9t\u0151l mostan\u00e1ig k\u00f6zel 40 ezer illeg\u00e1lis bev\u00e1ndorl\u00f3 \u00e9rkezett az orsz\u00e1gba, 11-szer t\u00f6bb, mint a tavalyi \u00e9v hasonl\u00f3 id\u0151szak\u00e1ban.<br \/>\nAz \u00d3dor Lajos vezette, lek\u00f6sz\u00f6n\u0151 szlov\u00e1k korm\u00e1ny \u00e1ltal szerd\u00e1n j\u00f3v\u00e1hagyott hat\u00e1rellen\u0151rz\u00e9si int\u00e9zked\u00e9s egyel\u0151re 10 napra sz\u00f3l, de meghosszabb\u00edthat\u00f3.<\/p>\n<p><em>Forr\u00e1s: MTI<\/em><\/p>\n","protected":false},"excerpt":{"rendered":"<p>Szlov\u00e1kia okt\u00f3ber 5-t\u0151l ideiglenesen vissza\u00e1ll\u00edtja a hat\u00e1rellen\u0151rz\u00e9seket a magyar hat\u00e1ron, az int\u00e9zked\u00e9s egyel\u0151re okt\u00f3ber 14-ig lesz hat\u00e1lyos &#8211; err\u0151l szerdai \u00fcl\u00e9s\u00e9n d\u00f6nt\u00f6tt a pozsonyi korm\u00e1ny. Pozsony az int\u00e9zked\u00e9st az illeg\u00e1lis migr\u00e1ci\u00f3 megf\u00e9kez\u00e9s\u00e9nek sz\u00fcks\u00e9gess\u00e9g\u00e9vel indokolta. A magyar hat\u00e1ron t\u00f6rt\u00e9n\u0151 ellen\u0151rz\u00e9sek \u00fajb\u00f3li bevezet\u00e9s\u00e9re egy nappal azt k\u00f6vet\u0151en ker\u00fcl sor, hogy szerd\u00e1t\u00f3l Csehorsz\u00e1g \u00e9s Lengyelorsz\u00e1g vezetett be hasonl\u00f3<\/p>\n","protected":false},"author":1,"featured_media":52476,"comment_status":"closed","ping_status":"closed","sticky":false,"template":"","format":"standard","meta":{"ngg_post_thumbnail":0,"footnotes":""},"categories":[6934,3],"tags":[4907,212,241],"class_list":{"0":"post-56845","1":"post","2":"type-post","3":"status-publish","4":"format-standard","5":"has-post-thumbnail","7":"category-belfold","8":"category-hirek","9":"tag-hatarellenorzes","10":"tag-parkany","11":"tag-szlovakia"},"yoast_head":"<!-- This site is optimized with the Yoast SEO plugin v27.4 - https:\/\/yoast.com\/product\/yoast-seo-wordpress\/ -->\n<title>Hat\u00e1rellen\u0151rz\u00e9s v\u00e1rhat\u00f3 P\u00e1rk\u00e1nyn\u00e1l<\/title>\n<meta name=\"robots\" content=\"index, follow, max-snippet:-1, max-image-preview:large, max-video-preview:-1\" \/>\n<link rel=\"canonical\" href=\"https:\/\/dorogimedence.hu\/index.php\/2023\/10\/05\/hatarellenorzes-varhato-parkanynal\/\" class=\"yoast-seo-meta-tag\" \/>\n<meta property=\"og:locale\" content=\"hu_HU\" class=\"yoast-seo-meta-tag\" \/>\n<meta property=\"og:type\" content=\"article\" class=\"yoast-seo-meta-tag\" \/>\n<meta property=\"og:title\" content=\"Hat\u00e1rellen\u0151rz\u00e9s v\u00e1rhat\u00f3 P\u00e1rk\u00e1nyn\u00e1l\" class=\"yoast-seo-meta-tag\" \/>\n<meta property=\"og:description\" content=\"Szlov\u00e1kia okt\u00f3ber 5-t\u0151l ideiglenesen vissza\u00e1ll\u00edtja a hat\u00e1rellen\u0151rz\u00e9seket a magyar hat\u00e1ron, az int\u00e9zked\u00e9s egyel\u0151re okt\u00f3ber 14-ig lesz hat\u00e1lyos &#8211; err\u0151l szerdai \u00fcl\u00e9s\u00e9n d\u00f6nt\u00f6tt a pozsonyi korm\u00e1ny. Pozsony az int\u00e9zked\u00e9st az illeg\u00e1lis migr\u00e1ci\u00f3 megf\u00e9kez\u00e9s\u00e9nek sz\u00fcks\u00e9gess\u00e9g\u00e9vel indokolta. A magyar hat\u00e1ron t\u00f6rt\u00e9n\u0151 ellen\u0151rz\u00e9sek \u00fajb\u00f3li bevezet\u00e9s\u00e9re egy nappal azt k\u00f6vet\u0151en ker\u00fcl sor, hogy szerd\u00e1t\u00f3l Csehorsz\u00e1g \u00e9s Lengyelorsz\u00e1g vezetett be hasonl\u00f3\" class=\"yoast-seo-meta-tag\" \/>\n<meta property=\"og:url\" content=\"https:\/\/dorogimedence.hu\/index.php\/2023\/10\/05\/hatarellenorzes-varhato-parkanynal\/\" class=\"yoast-seo-meta-tag\" \/>\n<meta property=\"og:site_name\" content=\"Dorogi-medence Region\u00e1lis H\u00edrport\u00e1l\" class=\"yoast-seo-meta-tag\" \/>\n<meta property=\"article:publisher\" content=\"https:\/\/www.facebook.com\/dorogimedence\/\" class=\"yoast-seo-meta-tag\" \/>\n<meta property=\"article:published_time\" content=\"2023-10-05T07:24:07+00:00\" class=\"yoast-seo-meta-tag\" \/>\n<meta property=\"og:image\" content=\"https:\/\/dorogimedence.hu\/wp-content\/uploads\/2023\/04\/hatar-01.jpg\" class=\"yoast-seo-meta-tag\" \/>\n\t<meta property=\"og:image:width\" content=\"1920\" class=\"yoast-seo-meta-tag\" \/>\n\t<meta property=\"og:image:height\" content=\"1080\" class=\"yoast-seo-meta-tag\" \/>\n\t<meta property=\"og:image:type\" content=\"image\/jpeg\" class=\"yoast-seo-meta-tag\" \/>\n<meta name=\"author\" content=\"dorogimedence.hu\" class=\"yoast-seo-meta-tag\" \/>\n<meta name=\"twitter:card\" content=\"summary_large_image\" class=\"yoast-seo-meta-tag\" \/>\n<meta name=\"twitter:label1\" content=\"Szerz\u0151:\" class=\"yoast-seo-meta-tag\" \/>\n\t<meta name=\"twitter:data1\" content=\"dorogimedence.hu\" class=\"yoast-seo-meta-tag\" \/>\n\t<meta name=\"twitter:label2\" content=\"Becs\u00fclt olvas\u00e1si id\u0151\" class=\"yoast-seo-meta-tag\" \/>\n\t<meta name=\"twitter:data2\" content=\"2 perc\" class=\"yoast-seo-meta-tag\" \/>\n<script type=\"application\/ld+json\" class=\"yoast-schema-graph\">{\"@context\":\"https:\\\/\\\/schema.org\",\"@graph\":[{\"@type\":\"Article\",\"@id\":\"https:\\\/\\\/dorogimedence.hu\\\/index.php\\\/2023\\\/10\\\/05\\\/hatarellenorzes-varhato-parkanynal\\\/#article\",\"isPartOf\":{\"@id\":\"https:\\\/\\\/dorogimedence.hu\\\/index.php\\\/2023\\\/10\\\/05\\\/hatarellenorzes-varhato-parkanynal\\\/\"},\"author\":{\"name\":\"dorogimedence.hu\",\"@id\":\"https:\\\/\\\/dorogimedence.hu\\\/#\\\/schema\\\/person\\\/ce6091eeb7e95ecdc87890d6aa8e0fd4\"},\"headline\":\"Hat\u00e1rellen\u0151rz\u00e9s v\u00e1rhat\u00f3 P\u00e1rk\u00e1nyn\u00e1l\",\"datePublished\":\"2023-10-05T07:24:07+00:00\",\"mainEntityOfPage\":{\"@id\":\"https:\\\/\\\/dorogimedence.hu\\\/index.php\\\/2023\\\/10\\\/05\\\/hatarellenorzes-varhato-parkanynal\\\/\"},\"wordCount\":363,\"publisher\":{\"@id\":\"https:\\\/\\\/dorogimedence.hu\\\/#organization\"},\"image\":{\"@id\":\"https:\\\/\\\/dorogimedence.hu\\\/index.php\\\/2023\\\/10\\\/05\\\/hatarellenorzes-varhato-parkanynal\\\/#primaryimage\"},\"thumbnailUrl\":\"https:\\\/\\\/dorogimedence.hu\\\/wp-content\\\/uploads\\\/2023\\\/04\\\/hatar-01.jpg\",\"keywords\":[\"hat\u00e1rellen\u0151rz\u00e9s\",\"P\u00e1rk\u00e1ny\",\"szlov\u00e1kia\"],\"articleSection\":[\"Belf\u00f6ld, Gazdas\u00e1g\",\"H\u00edrek\"],\"inLanguage\":\"hu\"},{\"@type\":\"WebPage\",\"@id\":\"https:\\\/\\\/dorogimedence.hu\\\/index.php\\\/2023\\\/10\\\/05\\\/hatarellenorzes-varhato-parkanynal\\\/\",\"url\":\"https:\\\/\\\/dorogimedence.hu\\\/index.php\\\/2023\\\/10\\\/05\\\/hatarellenorzes-varhato-parkanynal\\\/\",\"name\":\"Hat\u00e1rellen\u0151rz\u00e9s v\u00e1rhat\u00f3 P\u00e1rk\u00e1nyn\u00e1l\",\"isPartOf\":{\"@id\":\"https:\\\/\\\/dorogimedence.hu\\\/#website\"},\"primaryImageOfPage\":{\"@id\":\"https:\\\/\\\/dorogimedence.hu\\\/index.php\\\/2023\\\/10\\\/05\\\/hatarellenorzes-varhato-parkanynal\\\/#primaryimage\"},\"image\":{\"@id\":\"https:\\\/\\\/dorogimedence.hu\\\/index.php\\\/2023\\\/10\\\/05\\\/hatarellenorzes-varhato-parkanynal\\\/#primaryimage\"},\"thumbnailUrl\":\"https:\\\/\\\/dorogimedence.hu\\\/wp-content\\\/uploads\\\/2023\\\/04\\\/hatar-01.jpg\",\"datePublished\":\"2023-10-05T07:24:07+00:00\",\"breadcrumb\":{\"@id\":\"https:\\\/\\\/dorogimedence.hu\\\/index.php\\\/2023\\\/10\\\/05\\\/hatarellenorzes-varhato-parkanynal\\\/#breadcrumb\"},\"inLanguage\":\"hu\",\"potentialAction\":[{\"@type\":\"ReadAction\",\"target\":[\"https:\\\/\\\/dorogimedence.hu\\\/index.php\\\/2023\\\/10\\\/05\\\/hatarellenorzes-varhato-parkanynal\\\/\"]}]},{\"@type\":\"ImageObject\",\"inLanguage\":\"hu\",\"@id\":\"https:\\\/\\\/dorogimedence.hu\\\/index.php\\\/2023\\\/10\\\/05\\\/hatarellenorzes-varhato-parkanynal\\\/#primaryimage\",\"url\":\"https:\\\/\\\/dorogimedence.hu\\\/wp-content\\\/uploads\\\/2023\\\/04\\\/hatar-01.jpg\",\"contentUrl\":\"https:\\\/\\\/dorogimedence.hu\\\/wp-content\\\/uploads\\\/2023\\\/04\\\/hatar-01.jpg\",\"width\":1920,\"height\":1080},{\"@type\":\"BreadcrumbList\",\"@id\":\"https:\\\/\\\/dorogimedence.hu\\\/index.php\\\/2023\\\/10\\\/05\\\/hatarellenorzes-varhato-parkanynal\\\/#breadcrumb\",\"itemListElement\":[{\"@type\":\"ListItem\",\"position\":1,\"name\":\"Kezd\u0151lap\",\"item\":\"https:\\\/\\\/dorogimedence.hu\\\/\"},{\"@type\":\"ListItem\",\"position\":2,\"name\":\"Hat\u00e1rellen\u0151rz\u00e9s v\u00e1rhat\u00f3 P\u00e1rk\u00e1nyn\u00e1l\"}]},{\"@type\":\"WebSite\",\"@id\":\"https:\\\/\\\/dorogimedence.hu\\\/#website\",\"url\":\"https:\\\/\\\/dorogimedence.hu\\\/\",\"name\":\"Dorogi-medence Region\u00e1lis H\u00edrport\u00e1l\",\"description\":\"Dorog, Keszt\u00f6lc, Le\u00e1nyv\u00e1r, Piliscs\u00e9v, Tokod, Tokodalt\u00e1r\u00f3, Csolnok, Esztergom-kertv\u00e1ros: h\u00edrek, programok\",\"publisher\":{\"@id\":\"https:\\\/\\\/dorogimedence.hu\\\/#organization\"},\"potentialAction\":[{\"@type\":\"SearchAction\",\"target\":{\"@type\":\"EntryPoint\",\"urlTemplate\":\"https:\\\/\\\/dorogimedence.hu\\\/?s={search_term_string}\"},\"query-input\":{\"@type\":\"PropertyValueSpecification\",\"valueRequired\":true,\"valueName\":\"search_term_string\"}}],\"inLanguage\":\"hu\"},{\"@type\":\"Organization\",\"@id\":\"https:\\\/\\\/dorogimedence.hu\\\/#organization\",\"name\":\"Dorogi-medence Region\u00e1lis H\u00edrport\u00e1l\",\"url\":\"https:\\\/\\\/dorogimedence.hu\\\/\",\"logo\":{\"@type\":\"ImageObject\",\"inLanguage\":\"hu\",\"@id\":\"https:\\\/\\\/dorogimedence.hu\\\/#\\\/schema\\\/logo\\\/image\\\/\",\"url\":\"https:\\\/\\\/dorogimedence.hu\\\/wp-content\\\/uploads\\\/2021\\\/04\\\/logo-feher-600.png\",\"contentUrl\":\"https:\\\/\\\/dorogimedence.hu\\\/wp-content\\\/uploads\\\/2021\\\/04\\\/logo-feher-600.png\",\"width\":600,\"height\":100,\"caption\":\"Dorogi-medence Region\u00e1lis H\u00edrport\u00e1l\"},\"image\":{\"@id\":\"https:\\\/\\\/dorogimedence.hu\\\/#\\\/schema\\\/logo\\\/image\\\/\"},\"sameAs\":[\"https:\\\/\\\/www.facebook.com\\\/dorogimedence\\\/\"]},{\"@type\":\"Person\",\"@id\":\"https:\\\/\\\/dorogimedence.hu\\\/#\\\/schema\\\/person\\\/ce6091eeb7e95ecdc87890d6aa8e0fd4\",\"name\":\"dorogimedence.hu\",\"image\":{\"@type\":\"ImageObject\",\"inLanguage\":\"hu\",\"@id\":\"\\\/\\\/www.gravatar.com\\\/avatar\\\/d8d45f8901aadff40a4af72c0b826f1d?s=96&#038;r=g&#038;d=mm\",\"url\":\"\\\/\\\/www.gravatar.com\\\/avatar\\\/d8d45f8901aadff40a4af72c0b826f1d?s=96&#038;r=g&#038;d=mm\",\"contentUrl\":\"\\\/\\\/www.gravatar.com\\\/avatar\\\/d8d45f8901aadff40a4af72c0b826f1d?s=96&#038;r=g&#038;d=mm\",\"caption\":\"dorogimedence.hu\"}}]}<\/script>\n<!-- \/ Yoast SEO plugin. -->","yoast_head_json":{"title":"Hat\u00e1rellen\u0151rz\u00e9s v\u00e1rhat\u00f3 P\u00e1rk\u00e1nyn\u00e1l","robots":{"index":"index","follow":"follow","max-snippet":"max-snippet:-1","max-image-preview":"max-image-preview:large","max-video-preview":"max-video-preview:-1"},"canonical":"https:\/\/dorogimedence.hu\/index.php\/2023\/10\/05\/hatarellenorzes-varhato-parkanynal\/","og_locale":"hu_HU","og_type":"article","og_title":"Hat\u00e1rellen\u0151rz\u00e9s v\u00e1rhat\u00f3 P\u00e1rk\u00e1nyn\u00e1l","og_description":"Szlov\u00e1kia okt\u00f3ber 5-t\u0151l ideiglenesen vissza\u00e1ll\u00edtja a hat\u00e1rellen\u0151rz\u00e9seket a magyar hat\u00e1ron, az int\u00e9zked\u00e9s egyel\u0151re okt\u00f3ber 14-ig lesz hat\u00e1lyos &#8211; err\u0151l szerdai \u00fcl\u00e9s\u00e9n d\u00f6nt\u00f6tt a pozsonyi korm\u00e1ny. Pozsony az int\u00e9zked\u00e9st az illeg\u00e1lis migr\u00e1ci\u00f3 megf\u00e9kez\u00e9s\u00e9nek sz\u00fcks\u00e9gess\u00e9g\u00e9vel indokolta. A magyar hat\u00e1ron t\u00f6rt\u00e9n\u0151 ellen\u0151rz\u00e9sek \u00fajb\u00f3li bevezet\u00e9s\u00e9re egy nappal azt k\u00f6vet\u0151en ker\u00fcl sor, hogy szerd\u00e1t\u00f3l Csehorsz\u00e1g \u00e9s Lengyelorsz\u00e1g vezetett be hasonl\u00f3","og_url":"https:\/\/dorogimedence.hu\/index.php\/2023\/10\/05\/hatarellenorzes-varhato-parkanynal\/","og_site_name":"Dorogi-medence Region\u00e1lis H\u00edrport\u00e1l","article_publisher":"https:\/\/www.facebook.com\/dorogimedence\/","article_published_time":"2023-10-05T07:24:07+00:00","og_image":[{"width":1920,"height":1080,"url":"https:\/\/dorogimedence.hu\/wp-content\/uploads\/2023\/04\/hatar-01.jpg","type":"image\/jpeg"}],"author":"dorogimedence.hu","twitter_card":"summary_large_image","twitter_misc":{"Szerz\u0151:":"dorogimedence.hu","Becs\u00fclt olvas\u00e1si id\u0151":"2 perc"},"schema":{"@context":"https:\/\/schema.org","@graph":[{"@type":"Article","@id":"https:\/\/dorogimedence.hu\/index.php\/2023\/10\/05\/hatarellenorzes-varhato-parkanynal\/#article","isPartOf":{"@id":"https:\/\/dorogimedence.hu\/index.php\/2023\/10\/05\/hatarellenorzes-varhato-parkanynal\/"},"author":{"name":"dorogimedence.hu","@id":"https:\/\/dorogimedence.hu\/#\/schema\/person\/ce6091eeb7e95ecdc87890d6aa8e0fd4"},"headline":"Hat\u00e1rellen\u0151rz\u00e9s v\u00e1rhat\u00f3 P\u00e1rk\u00e1nyn\u00e1l","datePublished":"2023-10-05T07:24:07+00:00","mainEntityOfPage":{"@id":"https:\/\/dorogimedence.hu\/index.php\/2023\/10\/05\/hatarellenorzes-varhato-parkanynal\/"},"wordCount":363,"publisher":{"@id":"https:\/\/dorogimedence.hu\/#organization"},"image":{"@id":"https:\/\/dorogimedence.hu\/index.php\/2023\/10\/05\/hatarellenorzes-varhato-parkanynal\/#primaryimage"},"thumbnailUrl":"https:\/\/dorogimedence.hu\/wp-content\/uploads\/2023\/04\/hatar-01.jpg","keywords":["hat\u00e1rellen\u0151rz\u00e9s","P\u00e1rk\u00e1ny","szlov\u00e1kia"],"articleSection":["Belf\u00f6ld, Gazdas\u00e1g","H\u00edrek"],"inLanguage":"hu"},{"@type":"WebPage","@id":"https:\/\/dorogimedence.hu\/index.php\/2023\/10\/05\/hatarellenorzes-varhato-parkanynal\/","url":"https:\/\/dorogimedence.hu\/index.php\/2023\/10\/05\/hatarellenorzes-varhato-parkanynal\/","name":"Hat\u00e1rellen\u0151rz\u00e9s v\u00e1rhat\u00f3 P\u00e1rk\u00e1nyn\u00e1l","isPartOf":{"@id":"https:\/\/dorogimedence.hu\/#website"},"primaryImageOfPage":{"@id":"https:\/\/dorogimedence.hu\/index.php\/2023\/10\/05\/hatarellenorzes-varhato-parkanynal\/#primaryimage"},"image":{"@id":"https:\/\/dorogimedence.hu\/index.php\/2023\/10\/05\/hatarellenorzes-varhato-parkanynal\/#primaryimage"},"thumbnailUrl":"https:\/\/dorogimedence.hu\/wp-content\/uploads\/2023\/04\/hatar-01.jpg","datePublished":"2023-10-05T07:24:07+00:00","breadcrumb":{"@id":"https:\/\/dorogimedence.hu\/index.php\/2023\/10\/05\/hatarellenorzes-varhato-parkanynal\/#breadcrumb"},"inLanguage":"hu","potentialAction":[{"@type":"ReadAction","target":["https:\/\/dorogimedence.hu\/index.php\/2023\/10\/05\/hatarellenorzes-varhato-parkanynal\/"]}]},{"@type":"ImageObject","inLanguage":"hu","@id":"https:\/\/dorogimedence.hu\/index.php\/2023\/10\/05\/hatarellenorzes-varhato-parkanynal\/#primaryimage","url":"https:\/\/dorogimedence.hu\/wp-content\/uploads\/2023\/04\/hatar-01.jpg","contentUrl":"https:\/\/dorogimedence.hu\/wp-content\/uploads\/2023\/04\/hatar-01.jpg","width":1920,"height":1080},{"@type":"BreadcrumbList","@id":"https:\/\/dorogimedence.hu\/index.php\/2023\/10\/05\/hatarellenorzes-varhato-parkanynal\/#breadcrumb","itemListElement":[{"@type":"ListItem","position":1,"name":"Kezd\u0151lap","item":"https:\/\/dorogimedence.hu\/"},{"@type":"ListItem","position":2,"name":"Hat\u00e1rellen\u0151rz\u00e9s v\u00e1rhat\u00f3 P\u00e1rk\u00e1nyn\u00e1l"}]},{"@type":"WebSite","@id":"https:\/\/dorogimedence.hu\/#website","url":"https:\/\/dorogimedence.hu\/","name":"Dorogi-medence Region\u00e1lis H\u00edrport\u00e1l","description":"Dorog, Keszt\u00f6lc, Le\u00e1nyv\u00e1r, Piliscs\u00e9v, Tokod, Tokodalt\u00e1r\u00f3, Csolnok, Esztergom-kertv\u00e1ros: h\u00edrek, programok","publisher":{"@id":"https:\/\/dorogimedence.hu\/#organization"},"potentialAction":[{"@type":"SearchAction","target":{"@type":"EntryPoint","urlTemplate":"https:\/\/dorogimedence.hu\/?s={search_term_string}"},"query-input":{"@type":"PropertyValueSpecification","valueRequired":true,"valueName":"search_term_string"}}],"inLanguage":"hu"},{"@type":"Organization","@id":"https:\/\/dorogimedence.hu\/#organization","name":"Dorogi-medence Region\u00e1lis H\u00edrport\u00e1l","url":"https:\/\/dorogimedence.hu\/","logo":{"@type":"ImageObject","inLanguage":"hu","@id":"https:\/\/dorogimedence.hu\/#\/schema\/logo\/image\/","url":"https:\/\/dorogimedence.hu\/wp-content\/uploads\/2021\/04\/logo-feher-600.png","contentUrl":"https:\/\/dorogimedence.hu\/wp-content\/uploads\/2021\/04\/logo-feher-600.png","width":600,"height":100,"caption":"Dorogi-medence Region\u00e1lis H\u00edrport\u00e1l"},"image":{"@id":"https:\/\/dorogimedence.hu\/#\/schema\/logo\/image\/"},"sameAs":["https:\/\/www.facebook.com\/dorogimedence\/"]},{"@type":"Person","@id":"https:\/\/dorogimedence.hu\/#\/schema\/person\/ce6091eeb7e95ecdc87890d6aa8e0fd4","name":"dorogimedence.hu","image":{"@type":"ImageObject","inLanguage":"hu","@id":"\/\/www.gravatar.com\/avatar\/d8d45f8901aadff40a4af72c0b826f1d?s=96&#038;r=g&#038;d=mm","url":"\/\/www.gravatar.com\/avatar\/d8d45f8901aadff40a4af72c0b826f1d?s=96&#038;r=g&#038;d=mm","contentUrl":"\/\/www.gravatar.com\/avatar\/d8d45f8901aadff40a4af72c0b826f1d?s=96&#038;r=g&#038;d=mm","caption":"dorogimedence.hu"}}]}},"_links":{"self":[{"href":"https:\/\/dorogimedence.hu\/index.php\/wp-json\/wp\/v2\/posts\/56845","targetHints":{"allow":["GET"]}}],"collection":[{"href":"https:\/\/dorogimedence.hu\/index.php\/wp-json\/wp\/v2\/posts"}],"about":[{"href":"https:\/\/dorogimedence.hu\/index.php\/wp-json\/wp\/v2\/types\/post"}],"author":[{"embeddable":true,"href":"https:\/\/dorogimedence.hu\/index.php\/wp-json\/wp\/v2\/users\/1"}],"replies":[{"embeddable":true,"href":"https:\/\/dorogimedence.hu\/index.php\/wp-json\/wp\/v2\/comments?post=56845"}],"version-history":[{"count":0,"href":"https:\/\/dorogimedence.hu\/index.php\/wp-json\/wp\/v2\/posts\/56845\/revisions"}],"wp:featuredmedia":[{"embeddable":true,"href":"https:\/\/dorogimedence.hu\/index.php\/wp-json\/wp\/v2\/media\/52476"}],"wp:attachment":[{"href":"https:\/\/dorogimedence.hu\/index.php\/wp-json\/wp\/v2\/media?parent=56845"}],"wp:term":[{"taxonomy":"category","embeddable":true,"href":"https:\/\/dorogimedence.hu\/index.php\/wp-json\/wp\/v2\/categories?post=56845"},{"taxonomy":"post_tag","embeddable":true,"href":"https:\/\/dorogimedence.hu\/index.php\/wp-json\/wp\/v2\/tags?post=56845"}],"curies":[{"name":"wp","href":"https:\/\/api.w.org\/{rel}","templated":true}]}}