{"id":56819,"date":"2023-10-04T09:15:22","date_gmt":"2023-10-04T07:15:22","guid":{"rendered":"https:\/\/dorogimedence.hu\/?p=56819"},"modified":"2023-10-04T09:16:43","modified_gmt":"2023-10-04T07:16:43","slug":"dunakanyar-napijegy-az-oszi-teli-idoszakban-is","status":"publish","type":"post","link":"https:\/\/dorogimedence.hu\/index.php\/2023\/10\/04\/dunakanyar-napijegy-az-oszi-teli-idoszakban-is\/","title":{"rendered":"Dunakanyar napijegy az \u0151szi-t\u00e9li id\u0151szakban is"},"content":{"rendered":"<div class=\"field-lead\">\n<p><strong>\u00c9rdemes kihaszn\u00e1lni a k\u00f6z\u00f6ss\u00e9gi k\u00f6zleked\u00e9s adta lehet\u0151s\u00e9geket, ha a h\u0171v\u00f6sebb h\u00f3napokban is sz\u00edvesen kir\u00e1ndulunk. B\u00e1r a haj\u00f3z\u00e1si szezon idei \u00e9vre v\u00e9get \u00e9rt, a Dunakanyar napijegy az \u0151szi-t\u00e9li id\u0151szakban is el\u00e9rhet\u0151 marad az utasoknak a M\u00c1V-START, a M\u00c1V-H\u00c9V \u00e9s a Vol\u00e1nbusz kijel\u00f6lt j\u00e1ratain a Dunakanyar, a B\u00f6rzs\u00f6ny \u00e9s a Pilis t\u00e9rs\u00e9g\u00e9ben. Okt\u00f3ber 2-t\u00f3l m\u00e9g kedvez\u0151bb \u00e1ron v\u00e1lthat\u00f3 meg.<br \/>\n<\/strong><\/p>\n<\/div>\n<div class=\"field-body\">\n<p>A M\u00c1V-VOL\u00c1N-csoport \u00e9s a MAHART t\u00e9rs\u00e9gi j\u00e1rataira is \u00e9rv\u00e9nyes Dunakanyar napijegy volt az els\u0151 az elm\u00falt \u00e9vekben bevezetett integr\u00e1lt jegyek k\u00f6z\u00fcl, id\u00e9n m\u00e1r negyedik \u00e9ve ny\u00fajt kedvezm\u00e9nyes utaz\u00e1si lehet\u0151s\u00e9get. Ebben az \u00e9vben is n\u00e9pszer\u0171 volt a k\u00f6z\u00f6ss\u00e9gi k\u00f6zleked\u00e9st v\u00e1laszt\u00f3 utasok k\u00f6r\u00e9ben, okt\u00f3ber 1-j\u00e9ig \u00f6sszesen 2512 darabot \u00e9rt\u00e9kes\u00edtettek bel\u0151le.<\/p>\n<p>Az id\u0151j\u00e1r\u00e1s tov\u00e1bbra is kedvez a szabadt\u00e9ri programoknak, \u00e9rdemes kihaszn\u00e1lni a naps\u00fct\u00e9ses \u0151szi, k\u00e9s\u0151bb a tavaszi h\u00e9tv\u00e9g\u00e9ket, hogy bebarangoljuk az orsz\u00e1got. A t\u00e9li id\u0151szakban is felfedezhet\u00fcnk sz\u00e1mos l\u00e1tnival\u00f3t, t\u00f6bbek k\u00f6z\u00f6tt az esztergomi bazilika, sz\u00e1mos m\u00fazeum v\u00e1rja eg\u00e9sz \u00e9vben a Dunakanyar, a B\u00f6rzs\u00f6ny \u00e9s a Pilis t\u00e9rs\u00e9g\u00e9be l\u00e1togat\u00f3kat. B\u00e1r okt\u00f3ber elsej\u00e9n v\u00e9get \u00e9rt a haj\u00f3z\u00e1si szezon, de a Dunakanyar napijegy nem sz\u0171nt meg, s\u0151t 2024 tavasz\u00e1ig kedvez\u0151bb \u00e1ron el\u00e9rhet\u0151 az utasok sz\u00e1m\u00e1ra. A napijegy t\u00e9li v\u00e1ltozata okt\u00f3ber 2-t\u00f3l a M\u00c1V-VOL\u00c1N-csoport kijel\u00f6lt vonat, busz \u00e9s H\u00c9V j\u00e1ratain \u00e9rv\u00e9nyes. H\u00e9tv\u00e9g\u00e9n \u00e9s \u00fcnnepnapokon, illetve az \u0151szi, t\u00e9li \u00e9s tavaszi iskolasz\u00fcneti id\u0151szak teljes tartama alatt b\u00e1rmely napra megv\u00e1s\u00e1rolhat\u00f3.<\/p>\n<p>A Dunakanyar napijegy megv\u00e1s\u00e1rolhat\u00f3 a M\u00c1V-START p\u00e9nzt\u00e1raiban, jegy\u00e9rt\u00e9kes\u00edt\u0151 automat\u00e1iban, illetve online a M\u00c1V applik\u00e1ci\u00f3ban, feln\u0151ttek sz\u00e1m\u00e1ra 1990 forint\u00e9rt, 26 \u00e9ven aluliaknak 1490 forint\u00e9rt. A napijegyr\u0151l tov\u00e1bbi inform\u00e1ci\u00f3kat <a tabindex=\"0\" href=\"https:\/\/www.mavcsoport.hu\/mav-start\/belfoldi-utazas\/dunakanyar-napijegy-korlatlan-szamu-utazas-dunakanyarban\" target=\"_blank\" rel=\"noopener\"><span style=\"text-decoration: underline; color: #0000ff;\">a vas\u00fatt\u00e1rsas\u00e1g honlapj\u00e1n<\/span><\/a> olvashatnak az utasok.<\/p>\n<p>Az elm\u00falt \u00e9vekben folyamatosan b\u0151v\u00fclt a helyk\u00f6zi busz- \u00e9s vonatj\u00e1ratokra \u00e9rv\u00e9nyes k\u00f6z\u00f6s jegyterm\u00e9kek k\u00f6re is, egyre t\u00f6bb, a belf\u00f6ldi turizmust \u00f6szt\u00f6nz\u0151 napijegyet vezettek be a legkedveltebb r\u00e9gi\u00f3kban. A M\u00c1V-VOL\u00c1N-csoport k\u00f6z\u00f6s szolg\u00e1ltat\u00e1s fejleszt\u00e9seinek kiemelt c\u00e9lja, hogy egyre t\u00f6bben v\u00e1lassz\u00e1k a j\u00f6v\u0151ben a fenntarthat\u00f3bb k\u00f6z\u00f6ss\u00e9gi k\u00f6zleked\u00e9st az egy\u00e9ni utaz\u00e1s helyett, ezzel is hozz\u00e1j\u00e1rulva a k\u00e1rosanyag-kibocs\u00e1t\u00e1s jelent\u0151s m\u00e9rt\u00e9k\u0171 cs\u00f6kkent\u00e9s\u00e9hez, az \u00e9lhet\u0151bb, z\u00f6ldebb j\u00f6v\u0151 kialak\u00edt\u00e1s\u00e1hoz.<\/p>\n<p><img fetchpriority=\"high\" decoding=\"async\" class=\"alignnone size-full wp-image-56820\" src=\"https:\/\/dorogimedence.hu\/wp-content\/uploads\/2023\/10\/terkep_dunakanyar_napijegy_tel_2023-10-02.png\" alt=\"\" width=\"1260\" height=\"1260\" srcset=\"https:\/\/dorogimedence.hu\/wp-content\/uploads\/2023\/10\/terkep_dunakanyar_napijegy_tel_2023-10-02.png 1260w, https:\/\/dorogimedence.hu\/wp-content\/uploads\/2023\/10\/terkep_dunakanyar_napijegy_tel_2023-10-02-600x600.png 600w, https:\/\/dorogimedence.hu\/wp-content\/uploads\/2023\/10\/terkep_dunakanyar_napijegy_tel_2023-10-02-300x300.png 300w, https:\/\/dorogimedence.hu\/wp-content\/uploads\/2023\/10\/terkep_dunakanyar_napijegy_tel_2023-10-02-768x768.png 768w, https:\/\/dorogimedence.hu\/wp-content\/uploads\/2023\/10\/terkep_dunakanyar_napijegy_tel_2023-10-02-150x150.png 150w, https:\/\/dorogimedence.hu\/wp-content\/uploads\/2023\/10\/terkep_dunakanyar_napijegy_tel_2023-10-02-450x450.png 450w, https:\/\/dorogimedence.hu\/wp-content\/uploads\/2023\/10\/terkep_dunakanyar_napijegy_tel_2023-10-02-1200x1200.png 1200w\" sizes=\"(max-width: 1260px) 100vw, 1260px\" \/><\/p>\n<p><em>Forr\u00e1s: M\u00c1V Zrt. Kommunik\u00e1ci\u00f3s Igazgat\u00f3s\u00e1g<\/em><\/p>\n<\/div>\n","protected":false},"excerpt":{"rendered":"<p>\u00c9rdemes kihaszn\u00e1lni a k\u00f6z\u00f6ss\u00e9gi k\u00f6zleked\u00e9s adta lehet\u0151s\u00e9geket, ha a h\u0171v\u00f6sebb h\u00f3napokban is sz\u00edvesen kir\u00e1ndulunk. B\u00e1r a haj\u00f3z\u00e1si szezon idei \u00e9vre v\u00e9get \u00e9rt, a Dunakanyar napijegy az \u0151szi-t\u00e9li id\u0151szakban is el\u00e9rhet\u0151 marad az utasoknak a M\u00c1V-START, a M\u00c1V-H\u00c9V \u00e9s a Vol\u00e1nbusz kijel\u00f6lt j\u00e1ratain a Dunakanyar, a B\u00f6rzs\u00f6ny \u00e9s a Pilis t\u00e9rs\u00e9g\u00e9ben. Okt\u00f3ber 2-t\u00f3l m\u00e9g kedvez\u0151bb \u00e1ron<\/p>\n","protected":false},"author":1,"featured_media":0,"comment_status":"closed","ping_status":"closed","sticky":false,"template":"","format":"standard","meta":{"ngg_post_thumbnail":0,"footnotes":""},"categories":[3],"tags":[458,1043,5141,292,381,1015,291],"class_list":{"0":"post-56819","1":"post","2":"type-post","3":"status-publish","4":"format-standard","6":"category-hirek","7":"tag-autobusz","8":"tag-busz","9":"tag-dunakanyar-napijegy","10":"tag-mav","11":"tag-vasut","12":"tag-volanbusz","13":"tag-vonat"},"yoast_head":"<!-- This site is optimized with the Yoast SEO plugin v27.4 - https:\/\/yoast.com\/product\/yoast-seo-wordpress\/ -->\n<title>Dunakanyar napijegy az \u0151szi-t\u00e9li id\u0151szakban is<\/title>\n<meta name=\"robots\" content=\"index, follow, max-snippet:-1, max-image-preview:large, max-video-preview:-1\" \/>\n<link rel=\"canonical\" href=\"https:\/\/dorogimedence.hu\/index.php\/2023\/10\/04\/dunakanyar-napijegy-az-oszi-teli-idoszakban-is\/\" class=\"yoast-seo-meta-tag\" \/>\n<meta property=\"og:locale\" content=\"hu_HU\" class=\"yoast-seo-meta-tag\" \/>\n<meta property=\"og:type\" content=\"article\" class=\"yoast-seo-meta-tag\" \/>\n<meta property=\"og:title\" content=\"Dunakanyar napijegy az \u0151szi-t\u00e9li id\u0151szakban is\" class=\"yoast-seo-meta-tag\" \/>\n<meta property=\"og:description\" content=\"\u00c9rdemes kihaszn\u00e1lni a k\u00f6z\u00f6ss\u00e9gi k\u00f6zleked\u00e9s adta lehet\u0151s\u00e9geket, ha a h\u0171v\u00f6sebb h\u00f3napokban is sz\u00edvesen kir\u00e1ndulunk. B\u00e1r a haj\u00f3z\u00e1si szezon idei \u00e9vre v\u00e9get \u00e9rt, a Dunakanyar napijegy az \u0151szi-t\u00e9li id\u0151szakban is el\u00e9rhet\u0151 marad az utasoknak a M\u00c1V-START, a M\u00c1V-H\u00c9V \u00e9s a Vol\u00e1nbusz kijel\u00f6lt j\u00e1ratain a Dunakanyar, a B\u00f6rzs\u00f6ny \u00e9s a Pilis t\u00e9rs\u00e9g\u00e9ben. Okt\u00f3ber 2-t\u00f3l m\u00e9g kedvez\u0151bb \u00e1ron\" class=\"yoast-seo-meta-tag\" \/>\n<meta property=\"og:url\" content=\"https:\/\/dorogimedence.hu\/index.php\/2023\/10\/04\/dunakanyar-napijegy-az-oszi-teli-idoszakban-is\/\" class=\"yoast-seo-meta-tag\" \/>\n<meta property=\"og:site_name\" content=\"Dorogi-medence Region\u00e1lis H\u00edrport\u00e1l\" class=\"yoast-seo-meta-tag\" \/>\n<meta property=\"article:publisher\" content=\"https:\/\/www.facebook.com\/dorogimedence\/\" class=\"yoast-seo-meta-tag\" \/>\n<meta property=\"article:published_time\" content=\"2023-10-04T07:15:22+00:00\" class=\"yoast-seo-meta-tag\" \/>\n<meta property=\"article:modified_time\" content=\"2023-10-04T07:16:43+00:00\" class=\"yoast-seo-meta-tag\" \/>\n<meta property=\"og:image\" content=\"https:\/\/dorogimedence.hu\/wp-content\/uploads\/2023\/04\/dunakanyar-vonat.jpg\" class=\"yoast-seo-meta-tag\" \/>\n\t<meta property=\"og:image:width\" content=\"1260\" class=\"yoast-seo-meta-tag\" \/>\n\t<meta property=\"og:image:height\" content=\"677\" class=\"yoast-seo-meta-tag\" \/>\n\t<meta property=\"og:image:type\" content=\"image\/jpeg\" class=\"yoast-seo-meta-tag\" \/>\n<meta name=\"author\" content=\"dorogimedence.hu\" class=\"yoast-seo-meta-tag\" \/>\n<meta name=\"twitter:card\" content=\"summary_large_image\" class=\"yoast-seo-meta-tag\" \/>\n<meta name=\"twitter:label1\" content=\"Szerz\u0151:\" class=\"yoast-seo-meta-tag\" \/>\n\t<meta name=\"twitter:data1\" content=\"dorogimedence.hu\" class=\"yoast-seo-meta-tag\" \/>\n\t<meta name=\"twitter:label2\" content=\"Becs\u00fclt olvas\u00e1si id\u0151\" class=\"yoast-seo-meta-tag\" \/>\n\t<meta name=\"twitter:data2\" content=\"3 perc\" class=\"yoast-seo-meta-tag\" \/>\n<script type=\"application\/ld+json\" class=\"yoast-schema-graph\">{\"@context\":\"https:\\\/\\\/schema.org\",\"@graph\":[{\"@type\":\"Article\",\"@id\":\"https:\\\/\\\/dorogimedence.hu\\\/index.php\\\/2023\\\/10\\\/04\\\/dunakanyar-napijegy-az-oszi-teli-idoszakban-is\\\/#article\",\"isPartOf\":{\"@id\":\"https:\\\/\\\/dorogimedence.hu\\\/index.php\\\/2023\\\/10\\\/04\\\/dunakanyar-napijegy-az-oszi-teli-idoszakban-is\\\/\"},\"author\":{\"name\":\"dorogimedence.hu\",\"@id\":\"https:\\\/\\\/dorogimedence.hu\\\/#\\\/schema\\\/person\\\/ce6091eeb7e95ecdc87890d6aa8e0fd4\"},\"headline\":\"Dunakanyar napijegy az \u0151szi-t\u00e9li id\u0151szakban is\",\"datePublished\":\"2023-10-04T07:15:22+00:00\",\"dateModified\":\"2023-10-04T07:16:43+00:00\",\"mainEntityOfPage\":{\"@id\":\"https:\\\/\\\/dorogimedence.hu\\\/index.php\\\/2023\\\/10\\\/04\\\/dunakanyar-napijegy-az-oszi-teli-idoszakban-is\\\/\"},\"wordCount\":527,\"publisher\":{\"@id\":\"https:\\\/\\\/dorogimedence.hu\\\/#organization\"},\"image\":{\"@id\":\"https:\\\/\\\/dorogimedence.hu\\\/index.php\\\/2023\\\/10\\\/04\\\/dunakanyar-napijegy-az-oszi-teli-idoszakban-is\\\/#primaryimage\"},\"thumbnailUrl\":\"https:\\\/\\\/dorogimedence.hu\\\/wp-content\\\/uploads\\\/2023\\\/10\\\/terkep_dunakanyar_napijegy_tel_2023-10-02.png\",\"keywords\":[\"aut\u00f3busz\",\"busz\",\"Dunakanyar napijegy\",\"m\u00e1v\",\"vas\u00fat\",\"vol\u00e1nbusz\",\"vonat\"],\"articleSection\":[\"H\u00edrek\"],\"inLanguage\":\"hu\"},{\"@type\":\"WebPage\",\"@id\":\"https:\\\/\\\/dorogimedence.hu\\\/index.php\\\/2023\\\/10\\\/04\\\/dunakanyar-napijegy-az-oszi-teli-idoszakban-is\\\/\",\"url\":\"https:\\\/\\\/dorogimedence.hu\\\/index.php\\\/2023\\\/10\\\/04\\\/dunakanyar-napijegy-az-oszi-teli-idoszakban-is\\\/\",\"name\":\"Dunakanyar napijegy az \u0151szi-t\u00e9li id\u0151szakban is\",\"isPartOf\":{\"@id\":\"https:\\\/\\\/dorogimedence.hu\\\/#website\"},\"primaryImageOfPage\":{\"@id\":\"https:\\\/\\\/dorogimedence.hu\\\/index.php\\\/2023\\\/10\\\/04\\\/dunakanyar-napijegy-az-oszi-teli-idoszakban-is\\\/#primaryimage\"},\"image\":{\"@id\":\"https:\\\/\\\/dorogimedence.hu\\\/index.php\\\/2023\\\/10\\\/04\\\/dunakanyar-napijegy-az-oszi-teli-idoszakban-is\\\/#primaryimage\"},\"thumbnailUrl\":\"https:\\\/\\\/dorogimedence.hu\\\/wp-content\\\/uploads\\\/2023\\\/10\\\/terkep_dunakanyar_napijegy_tel_2023-10-02.png\",\"datePublished\":\"2023-10-04T07:15:22+00:00\",\"dateModified\":\"2023-10-04T07:16:43+00:00\",\"breadcrumb\":{\"@id\":\"https:\\\/\\\/dorogimedence.hu\\\/index.php\\\/2023\\\/10\\\/04\\\/dunakanyar-napijegy-az-oszi-teli-idoszakban-is\\\/#breadcrumb\"},\"inLanguage\":\"hu\",\"potentialAction\":[{\"@type\":\"ReadAction\",\"target\":[\"https:\\\/\\\/dorogimedence.hu\\\/index.php\\\/2023\\\/10\\\/04\\\/dunakanyar-napijegy-az-oszi-teli-idoszakban-is\\\/\"]}]},{\"@type\":\"ImageObject\",\"inLanguage\":\"hu\",\"@id\":\"https:\\\/\\\/dorogimedence.hu\\\/index.php\\\/2023\\\/10\\\/04\\\/dunakanyar-napijegy-az-oszi-teli-idoszakban-is\\\/#primaryimage\",\"url\":\"https:\\\/\\\/dorogimedence.hu\\\/wp-content\\\/uploads\\\/2023\\\/10\\\/terkep_dunakanyar_napijegy_tel_2023-10-02.png\",\"contentUrl\":\"https:\\\/\\\/dorogimedence.hu\\\/wp-content\\\/uploads\\\/2023\\\/10\\\/terkep_dunakanyar_napijegy_tel_2023-10-02.png\",\"width\":1260,\"height\":1260},{\"@type\":\"BreadcrumbList\",\"@id\":\"https:\\\/\\\/dorogimedence.hu\\\/index.php\\\/2023\\\/10\\\/04\\\/dunakanyar-napijegy-az-oszi-teli-idoszakban-is\\\/#breadcrumb\",\"itemListElement\":[{\"@type\":\"ListItem\",\"position\":1,\"name\":\"Kezd\u0151lap\",\"item\":\"https:\\\/\\\/dorogimedence.hu\\\/\"},{\"@type\":\"ListItem\",\"position\":2,\"name\":\"Dunakanyar napijegy az \u0151szi-t\u00e9li id\u0151szakban is\"}]},{\"@type\":\"WebSite\",\"@id\":\"https:\\\/\\\/dorogimedence.hu\\\/#website\",\"url\":\"https:\\\/\\\/dorogimedence.hu\\\/\",\"name\":\"Dorogi-medence Region\u00e1lis H\u00edrport\u00e1l\",\"description\":\"Dorog, Keszt\u00f6lc, Le\u00e1nyv\u00e1r, Piliscs\u00e9v, Tokod, Tokodalt\u00e1r\u00f3, Csolnok, Esztergom-kertv\u00e1ros: h\u00edrek, programok\",\"publisher\":{\"@id\":\"https:\\\/\\\/dorogimedence.hu\\\/#organization\"},\"potentialAction\":[{\"@type\":\"SearchAction\",\"target\":{\"@type\":\"EntryPoint\",\"urlTemplate\":\"https:\\\/\\\/dorogimedence.hu\\\/?s={search_term_string}\"},\"query-input\":{\"@type\":\"PropertyValueSpecification\",\"valueRequired\":true,\"valueName\":\"search_term_string\"}}],\"inLanguage\":\"hu\"},{\"@type\":\"Organization\",\"@id\":\"https:\\\/\\\/dorogimedence.hu\\\/#organization\",\"name\":\"Dorogi-medence Region\u00e1lis H\u00edrport\u00e1l\",\"url\":\"https:\\\/\\\/dorogimedence.hu\\\/\",\"logo\":{\"@type\":\"ImageObject\",\"inLanguage\":\"hu\",\"@id\":\"https:\\\/\\\/dorogimedence.hu\\\/#\\\/schema\\\/logo\\\/image\\\/\",\"url\":\"https:\\\/\\\/dorogimedence.hu\\\/wp-content\\\/uploads\\\/2021\\\/04\\\/logo-feher-600.png\",\"contentUrl\":\"https:\\\/\\\/dorogimedence.hu\\\/wp-content\\\/uploads\\\/2021\\\/04\\\/logo-feher-600.png\",\"width\":600,\"height\":100,\"caption\":\"Dorogi-medence Region\u00e1lis H\u00edrport\u00e1l\"},\"image\":{\"@id\":\"https:\\\/\\\/dorogimedence.hu\\\/#\\\/schema\\\/logo\\\/image\\\/\"},\"sameAs\":[\"https:\\\/\\\/www.facebook.com\\\/dorogimedence\\\/\"]},{\"@type\":\"Person\",\"@id\":\"https:\\\/\\\/dorogimedence.hu\\\/#\\\/schema\\\/person\\\/ce6091eeb7e95ecdc87890d6aa8e0fd4\",\"name\":\"dorogimedence.hu\",\"image\":{\"@type\":\"ImageObject\",\"inLanguage\":\"hu\",\"@id\":\"\\\/\\\/www.gravatar.com\\\/avatar\\\/d8d45f8901aadff40a4af72c0b826f1d?s=96&#038;r=g&#038;d=mm\",\"url\":\"\\\/\\\/www.gravatar.com\\\/avatar\\\/d8d45f8901aadff40a4af72c0b826f1d?s=96&#038;r=g&#038;d=mm\",\"contentUrl\":\"\\\/\\\/www.gravatar.com\\\/avatar\\\/d8d45f8901aadff40a4af72c0b826f1d?s=96&#038;r=g&#038;d=mm\",\"caption\":\"dorogimedence.hu\"}}]}<\/script>\n<!-- \/ Yoast SEO plugin. -->","yoast_head_json":{"title":"Dunakanyar napijegy az \u0151szi-t\u00e9li id\u0151szakban is","robots":{"index":"index","follow":"follow","max-snippet":"max-snippet:-1","max-image-preview":"max-image-preview:large","max-video-preview":"max-video-preview:-1"},"canonical":"https:\/\/dorogimedence.hu\/index.php\/2023\/10\/04\/dunakanyar-napijegy-az-oszi-teli-idoszakban-is\/","og_locale":"hu_HU","og_type":"article","og_title":"Dunakanyar napijegy az \u0151szi-t\u00e9li id\u0151szakban is","og_description":"\u00c9rdemes kihaszn\u00e1lni a k\u00f6z\u00f6ss\u00e9gi k\u00f6zleked\u00e9s adta lehet\u0151s\u00e9geket, ha a h\u0171v\u00f6sebb h\u00f3napokban is sz\u00edvesen kir\u00e1ndulunk. B\u00e1r a haj\u00f3z\u00e1si szezon idei \u00e9vre v\u00e9get \u00e9rt, a Dunakanyar napijegy az \u0151szi-t\u00e9li id\u0151szakban is el\u00e9rhet\u0151 marad az utasoknak a M\u00c1V-START, a M\u00c1V-H\u00c9V \u00e9s a Vol\u00e1nbusz kijel\u00f6lt j\u00e1ratain a Dunakanyar, a B\u00f6rzs\u00f6ny \u00e9s a Pilis t\u00e9rs\u00e9g\u00e9ben. Okt\u00f3ber 2-t\u00f3l m\u00e9g kedvez\u0151bb \u00e1ron","og_url":"https:\/\/dorogimedence.hu\/index.php\/2023\/10\/04\/dunakanyar-napijegy-az-oszi-teli-idoszakban-is\/","og_site_name":"Dorogi-medence Region\u00e1lis H\u00edrport\u00e1l","article_publisher":"https:\/\/www.facebook.com\/dorogimedence\/","article_published_time":"2023-10-04T07:15:22+00:00","article_modified_time":"2023-10-04T07:16:43+00:00","og_image":[{"width":1260,"height":677,"url":"https:\/\/dorogimedence.hu\/wp-content\/uploads\/2023\/04\/dunakanyar-vonat.jpg","type":"image\/jpeg"}],"author":"dorogimedence.hu","twitter_card":"summary_large_image","twitter_misc":{"Szerz\u0151:":"dorogimedence.hu","Becs\u00fclt olvas\u00e1si id\u0151":"3 perc"},"schema":{"@context":"https:\/\/schema.org","@graph":[{"@type":"Article","@id":"https:\/\/dorogimedence.hu\/index.php\/2023\/10\/04\/dunakanyar-napijegy-az-oszi-teli-idoszakban-is\/#article","isPartOf":{"@id":"https:\/\/dorogimedence.hu\/index.php\/2023\/10\/04\/dunakanyar-napijegy-az-oszi-teli-idoszakban-is\/"},"author":{"name":"dorogimedence.hu","@id":"https:\/\/dorogimedence.hu\/#\/schema\/person\/ce6091eeb7e95ecdc87890d6aa8e0fd4"},"headline":"Dunakanyar napijegy az \u0151szi-t\u00e9li id\u0151szakban is","datePublished":"2023-10-04T07:15:22+00:00","dateModified":"2023-10-04T07:16:43+00:00","mainEntityOfPage":{"@id":"https:\/\/dorogimedence.hu\/index.php\/2023\/10\/04\/dunakanyar-napijegy-az-oszi-teli-idoszakban-is\/"},"wordCount":527,"publisher":{"@id":"https:\/\/dorogimedence.hu\/#organization"},"image":{"@id":"https:\/\/dorogimedence.hu\/index.php\/2023\/10\/04\/dunakanyar-napijegy-az-oszi-teli-idoszakban-is\/#primaryimage"},"thumbnailUrl":"https:\/\/dorogimedence.hu\/wp-content\/uploads\/2023\/10\/terkep_dunakanyar_napijegy_tel_2023-10-02.png","keywords":["aut\u00f3busz","busz","Dunakanyar napijegy","m\u00e1v","vas\u00fat","vol\u00e1nbusz","vonat"],"articleSection":["H\u00edrek"],"inLanguage":"hu"},{"@type":"WebPage","@id":"https:\/\/dorogimedence.hu\/index.php\/2023\/10\/04\/dunakanyar-napijegy-az-oszi-teli-idoszakban-is\/","url":"https:\/\/dorogimedence.hu\/index.php\/2023\/10\/04\/dunakanyar-napijegy-az-oszi-teli-idoszakban-is\/","name":"Dunakanyar napijegy az \u0151szi-t\u00e9li id\u0151szakban is","isPartOf":{"@id":"https:\/\/dorogimedence.hu\/#website"},"primaryImageOfPage":{"@id":"https:\/\/dorogimedence.hu\/index.php\/2023\/10\/04\/dunakanyar-napijegy-az-oszi-teli-idoszakban-is\/#primaryimage"},"image":{"@id":"https:\/\/dorogimedence.hu\/index.php\/2023\/10\/04\/dunakanyar-napijegy-az-oszi-teli-idoszakban-is\/#primaryimage"},"thumbnailUrl":"https:\/\/dorogimedence.hu\/wp-content\/uploads\/2023\/10\/terkep_dunakanyar_napijegy_tel_2023-10-02.png","datePublished":"2023-10-04T07:15:22+00:00","dateModified":"2023-10-04T07:16:43+00:00","breadcrumb":{"@id":"https:\/\/dorogimedence.hu\/index.php\/2023\/10\/04\/dunakanyar-napijegy-az-oszi-teli-idoszakban-is\/#breadcrumb"},"inLanguage":"hu","potentialAction":[{"@type":"ReadAction","target":["https:\/\/dorogimedence.hu\/index.php\/2023\/10\/04\/dunakanyar-napijegy-az-oszi-teli-idoszakban-is\/"]}]},{"@type":"ImageObject","inLanguage":"hu","@id":"https:\/\/dorogimedence.hu\/index.php\/2023\/10\/04\/dunakanyar-napijegy-az-oszi-teli-idoszakban-is\/#primaryimage","url":"https:\/\/dorogimedence.hu\/wp-content\/uploads\/2023\/10\/terkep_dunakanyar_napijegy_tel_2023-10-02.png","contentUrl":"https:\/\/dorogimedence.hu\/wp-content\/uploads\/2023\/10\/terkep_dunakanyar_napijegy_tel_2023-10-02.png","width":1260,"height":1260},{"@type":"BreadcrumbList","@id":"https:\/\/dorogimedence.hu\/index.php\/2023\/10\/04\/dunakanyar-napijegy-az-oszi-teli-idoszakban-is\/#breadcrumb","itemListElement":[{"@type":"ListItem","position":1,"name":"Kezd\u0151lap","item":"https:\/\/dorogimedence.hu\/"},{"@type":"ListItem","position":2,"name":"Dunakanyar napijegy az \u0151szi-t\u00e9li id\u0151szakban is"}]},{"@type":"WebSite","@id":"https:\/\/dorogimedence.hu\/#website","url":"https:\/\/dorogimedence.hu\/","name":"Dorogi-medence Region\u00e1lis H\u00edrport\u00e1l","description":"Dorog, Keszt\u00f6lc, Le\u00e1nyv\u00e1r, Piliscs\u00e9v, Tokod, Tokodalt\u00e1r\u00f3, Csolnok, Esztergom-kertv\u00e1ros: h\u00edrek, programok","publisher":{"@id":"https:\/\/dorogimedence.hu\/#organization"},"potentialAction":[{"@type":"SearchAction","target":{"@type":"EntryPoint","urlTemplate":"https:\/\/dorogimedence.hu\/?s={search_term_string}"},"query-input":{"@type":"PropertyValueSpecification","valueRequired":true,"valueName":"search_term_string"}}],"inLanguage":"hu"},{"@type":"Organization","@id":"https:\/\/dorogimedence.hu\/#organization","name":"Dorogi-medence Region\u00e1lis H\u00edrport\u00e1l","url":"https:\/\/dorogimedence.hu\/","logo":{"@type":"ImageObject","inLanguage":"hu","@id":"https:\/\/dorogimedence.hu\/#\/schema\/logo\/image\/","url":"https:\/\/dorogimedence.hu\/wp-content\/uploads\/2021\/04\/logo-feher-600.png","contentUrl":"https:\/\/dorogimedence.hu\/wp-content\/uploads\/2021\/04\/logo-feher-600.png","width":600,"height":100,"caption":"Dorogi-medence Region\u00e1lis H\u00edrport\u00e1l"},"image":{"@id":"https:\/\/dorogimedence.hu\/#\/schema\/logo\/image\/"},"sameAs":["https:\/\/www.facebook.com\/dorogimedence\/"]},{"@type":"Person","@id":"https:\/\/dorogimedence.hu\/#\/schema\/person\/ce6091eeb7e95ecdc87890d6aa8e0fd4","name":"dorogimedence.hu","image":{"@type":"ImageObject","inLanguage":"hu","@id":"\/\/www.gravatar.com\/avatar\/d8d45f8901aadff40a4af72c0b826f1d?s=96&#038;r=g&#038;d=mm","url":"\/\/www.gravatar.com\/avatar\/d8d45f8901aadff40a4af72c0b826f1d?s=96&#038;r=g&#038;d=mm","contentUrl":"\/\/www.gravatar.com\/avatar\/d8d45f8901aadff40a4af72c0b826f1d?s=96&#038;r=g&#038;d=mm","caption":"dorogimedence.hu"}}]}},"_links":{"self":[{"href":"https:\/\/dorogimedence.hu\/index.php\/wp-json\/wp\/v2\/posts\/56819","targetHints":{"allow":["GET"]}}],"collection":[{"href":"https:\/\/dorogimedence.hu\/index.php\/wp-json\/wp\/v2\/posts"}],"about":[{"href":"https:\/\/dorogimedence.hu\/index.php\/wp-json\/wp\/v2\/types\/post"}],"author":[{"embeddable":true,"href":"https:\/\/dorogimedence.hu\/index.php\/wp-json\/wp\/v2\/users\/1"}],"replies":[{"embeddable":true,"href":"https:\/\/dorogimedence.hu\/index.php\/wp-json\/wp\/v2\/comments?post=56819"}],"version-history":[{"count":0,"href":"https:\/\/dorogimedence.hu\/index.php\/wp-json\/wp\/v2\/posts\/56819\/revisions"}],"wp:attachment":[{"href":"https:\/\/dorogimedence.hu\/index.php\/wp-json\/wp\/v2\/media?parent=56819"}],"wp:term":[{"taxonomy":"category","embeddable":true,"href":"https:\/\/dorogimedence.hu\/index.php\/wp-json\/wp\/v2\/categories?post=56819"},{"taxonomy":"post_tag","embeddable":true,"href":"https:\/\/dorogimedence.hu\/index.php\/wp-json\/wp\/v2\/tags?post=56819"}],"curies":[{"name":"wp","href":"https:\/\/api.w.org\/{rel}","templated":true}]}}