{"id":56816,"date":"2023-10-03T16:02:20","date_gmt":"2023-10-03T14:02:20","guid":{"rendered":"https:\/\/dorogimedence.hu\/?p=56816"},"modified":"2023-10-03T16:03:10","modified_gmt":"2023-10-03T14:03:10","slug":"harom-ferfit-vert-meg-az-esztergomi-vasutallomason-2","status":"publish","type":"post","link":"https:\/\/dorogimedence.hu\/index.php\/2023\/10\/03\/harom-ferfit-vert-meg-az-esztergomi-vasutallomason-2\/","title":{"rendered":"H\u00e1rom f\u00e9rfit vert meg az esztergomi vas\u00fat\u00e1llom\u00e1son"},"content":{"rendered":"<p><strong>Nem joger\u0151sen n\u00e9gy \u00e9v fegyh\u00e1zb\u00fcntet\u00e9sre \u00edt\u00e9lt\u00e9k azt a f\u00e9rfit, aki az esztergomi vas\u00fat\u00e1llom\u00e1son h\u00e1rom f\u00e9rfit b\u00e1ntalmazott.<\/strong><\/p>\n<p>A meg\u00e1llap\u00edtott t\u00e9ny\u00e1ll\u00e1s szerint a v\u00e1dlott 2023. janu\u00e1r 10-\u00e9n az esztergomi vas\u00fat\u00e1llom\u00e1s v\u00e1r\u00f3term\u00e9ben tart\u00f3zkod\u00f3 f\u00e9rfit el\u0151zm\u00e9ny n\u00e9lk\u00fcl b\u00e1ntalmazta, v\u00e1llon l\u00f6kte, majd \u00f6k\u00f6llel arcon \u00fct\u00f6tte. A f\u00e9rfi a b\u00e1ntalmaz\u00e1s sor\u00e1n s\u00e9r\u00fcl\u00e9st nem szenvedett.<\/p>\n<p>A m\u00e1sik s\u00e9rtett zseb\u00e9ben l\u00e9v\u0151 mobiltelefon, valamint bankk\u00e1rtya ismeretlen k\u00f6r\u00fclm\u00e9nyek k\u00f6z\u00f6tt kiker\u00fclt a s\u00e9rtett birtok\u00e1b\u00f3l, amit egy n\u0151 tal\u00e1lt meg, melyet a jegyp\u00e9nzt\u00e1rban k\u00edv\u00e1nt leadni, azonban azt a v\u00e1dlott elk\u00e9rte. A s\u00e9rtett \u00e9szlelte telefonja elt\u0171n\u00e9s\u00e9t, azt sz\u00f3v\u00e1 tette a v\u00e1r\u00f3teremben tart\u00f3zkod\u00f3 v\u00e1dlottnak, aki ekkor a vas\u00fat\u00e1llom\u00e1s peronj\u00e1ra ment. A s\u00e9rtett ezut\u00e1n szint\u00e9n a peronon v\u00e1rakozott, amikor a v\u00e1dlott \u0151t b\u00e1ntalmazta oly m\u00f3don, hogy k\u00f6ny\u00f6kkel arcon \u00fct\u00f6tte. A f\u00e9rfi&nbsp;a b\u00e1ntalmaz\u00e1s k\u00f6vetkezt\u00e9ben a f\u00f6ldre esett, \u00e9s 8 napon bel\u00fcl gy\u00f3gyul\u00f3 s\u00e9r\u00fcl\u00e9seket szenvedett, de a cselekm\u00e9ny alkalmas volt s\u00falyosabb s\u00e9r\u00fcl\u00e9s okoz\u00e1s\u00e1ra is. <em>A felv\u00e9telen ez a cselekm\u00e9ny l\u00e1that\u00f3!<\/em><\/p>\n<div style=\"width: 755px;\" class=\"wp-video\"><video class=\"wp-video-shortcode\" id=\"video-56816-1\" width=\"755\" height=\"425\" preload=\"metadata\" controls=\"controls\"><source type=\"video\/mp4\" src=\"https:\/\/dorogimedence.hu\/wp-content\/uploads\/2023\/09\/2023_36_het_2_-video_komfou_jav.mp4?_=1\" \/><a href=\"https:\/\/dorogimedence.hu\/wp-content\/uploads\/2023\/09\/2023_36_het_2_-video_komfou_jav.mp4\">https:\/\/dorogimedence.hu\/wp-content\/uploads\/2023\/09\/2023_36_het_2_-video_komfou_jav.mp4<\/a><\/video><\/div>\n<p>A v\u00e1dlott ezut\u00e1n a vas\u00fat\u00e1llom\u00e1s parkol\u00f3j\u00e1ba ment, ahol a g\u00e9pj\u00e1rm\u0171v\u00e9be \u00e9ppen besz\u00e1ll\u00f3 m\u00e1sik s\u00e9rtettet arra k\u00e9rte, vigye \u0151t el valahov\u00e1. A s\u00e9rtett ezt megtagadta, ez\u00e9rt a v\u00e1dlott a g\u00e9pj\u00e1rm\u0171re r\u00e1\u00fct\u00f6tt. A f\u00e9rfi a g\u00e9pj\u00e1rm\u0171v\u00e9b\u0151l kisz\u00e1llt, hogy sz\u00e1mon k\u00e9rje a v\u00e1dlottat, aki ekkor \u0151t t\u00f6bb alkalommal \u00f6k\u00f6llel arcon \u00fct\u00f6tte. Dulakod\u00e1s kezd\u0151d\u00f6tt, melynek sor\u00e1n a v\u00e1dlott t\u00f6bb alkalommal t\u00e9rddel megr\u00fagta, majd arcon \u00e9s fels\u0151testen \u00fct\u00f6tte a s\u00e9rtettet, mellyel 8 napon t\u00fal gy\u00f3gyul\u00f3 s\u00e9r\u00fcl\u00e9seket okozott.<\/p>\n<p>Az Esztergomi J\u00e1r\u00e1si \u00dcgy\u00e9szs\u00e9g \u00e1ltal beny\u00fajtott v\u00e1dirat alapj\u00e1n az Esztergomi J\u00e1r\u00e1sb\u00edr\u00f3s\u00e1g a 2023. okt\u00f3ber 3. napj\u00e1n tartott el\u0151k\u00e9sz\u00edt\u0151 \u00fcl\u00e9sen, s\u00falyos testi s\u00e9rt\u00e9s b\u0171ntette \u00e9s gar\u00e1zdas\u00e1g v\u00e9ts\u00e9ge miatt indult \u00fcgyben a v\u00e1dlottat halmazati b\u00fcntet\u00e9s\u00fcl 4 \u00e9v fegyh\u00e1zb\u00fcntet\u00e9sre, valamint 5 \u00e9v k\u00f6z\u00fcgyekt\u0151l eltilt\u00e1sra \u00edt\u00e9lte. Az \u00edt\u00e9let nem joger\u0151s, a v\u00e1dlott \u00e9s v\u00e9d\u0151je fellebbez\u00e9st jelentett be, az \u00fcgy\u00e9sz 3 munkanapot tartott fenn a jogorvoslati nyilatkozat megt\u00e9tel\u00e9re.<\/p>\n<p><em>Bor\u00edt\u00f3k\u00e9p, forr\u00e1s: Kom\u00e1rom-Esztergom V\u00e1rmegyei F\u0151\u00fcgy\u00e9szs\u00e9g \/ Tatab\u00e1nyai t\u00f6rv\u00e9nysz\u00e9k<\/em><\/p>\n","protected":false},"excerpt":{"rendered":"<p>Nem joger\u0151sen n\u00e9gy \u00e9v fegyh\u00e1zb\u00fcntet\u00e9sre \u00edt\u00e9lt\u00e9k azt a f\u00e9rfit, aki az esztergomi vas\u00fat\u00e1llom\u00e1son h\u00e1rom f\u00e9rfit b\u00e1ntalmazott. A meg\u00e1llap\u00edtott t\u00e9ny\u00e1ll\u00e1s szerint a v\u00e1dlott 2023. janu\u00e1r 10-\u00e9n az esztergomi vas\u00fat\u00e1llom\u00e1s v\u00e1r\u00f3term\u00e9ben tart\u00f3zkod\u00f3 f\u00e9rfit el\u0151zm\u00e9ny n\u00e9lk\u00fcl b\u00e1ntalmazta, v\u00e1llon l\u00f6kte, majd \u00f6k\u00f6llel arcon \u00fct\u00f6tte. A f\u00e9rfi a b\u00e1ntalmaz\u00e1s sor\u00e1n s\u00e9r\u00fcl\u00e9st nem szenvedett. A m\u00e1sik s\u00e9rtett zseb\u00e9ben l\u00e9v\u0151 mobiltelefon, valamint<\/p>\n","protected":false},"author":1,"featured_media":55993,"comment_status":"closed","ping_status":"closed","sticky":false,"template":"","format":"standard","meta":{"ngg_post_thumbnail":0,"footnotes":""},"categories":[38,3,39],"tags":[712,1042,63,42,61,326],"class_list":{"0":"post-56816","1":"post","2":"type-post","3":"status-publish","4":"format-standard","5":"has-post-thumbnail","7":"category-esztergom","8":"category-hirek","9":"category-kek-hirek","10":"tag-bantalmazas","11":"tag-birosag","12":"tag-buncselekmeny","13":"tag-esztergom","14":"tag-rendorsegi-hirek","15":"tag-ugyeszseg"},"yoast_head":"<!-- This site is optimized with the Yoast SEO plugin v27.5 - https:\/\/yoast.com\/product\/yoast-seo-wordpress\/ -->\n<title>H\u00e1rom f\u00e9rfit vert meg az esztergomi vas\u00fat\u00e1llom\u00e1son<\/title>\n<meta name=\"robots\" content=\"index, follow, max-snippet:-1, max-image-preview:large, max-video-preview:-1\" \/>\n<link rel=\"canonical\" href=\"https:\/\/dorogimedence.hu\/index.php\/2023\/10\/03\/harom-ferfit-vert-meg-az-esztergomi-vasutallomason-2\/\" class=\"yoast-seo-meta-tag\" \/>\n<meta property=\"og:locale\" content=\"hu_HU\" class=\"yoast-seo-meta-tag\" \/>\n<meta property=\"og:type\" content=\"article\" class=\"yoast-seo-meta-tag\" \/>\n<meta property=\"og:title\" content=\"H\u00e1rom f\u00e9rfit vert meg az esztergomi vas\u00fat\u00e1llom\u00e1son\" class=\"yoast-seo-meta-tag\" \/>\n<meta property=\"og:description\" content=\"Nem joger\u0151sen n\u00e9gy \u00e9v fegyh\u00e1zb\u00fcntet\u00e9sre \u00edt\u00e9lt\u00e9k azt a f\u00e9rfit, aki az esztergomi vas\u00fat\u00e1llom\u00e1son h\u00e1rom f\u00e9rfit b\u00e1ntalmazott. A meg\u00e1llap\u00edtott t\u00e9ny\u00e1ll\u00e1s szerint a v\u00e1dlott 2023. janu\u00e1r 10-\u00e9n az esztergomi vas\u00fat\u00e1llom\u00e1s v\u00e1r\u00f3term\u00e9ben tart\u00f3zkod\u00f3 f\u00e9rfit el\u0151zm\u00e9ny n\u00e9lk\u00fcl b\u00e1ntalmazta, v\u00e1llon l\u00f6kte, majd \u00f6k\u00f6llel arcon \u00fct\u00f6tte. A f\u00e9rfi a b\u00e1ntalmaz\u00e1s sor\u00e1n s\u00e9r\u00fcl\u00e9st nem szenvedett. A m\u00e1sik s\u00e9rtett zseb\u00e9ben l\u00e9v\u0151 mobiltelefon, valamint\" class=\"yoast-seo-meta-tag\" \/>\n<meta property=\"og:url\" content=\"https:\/\/dorogimedence.hu\/index.php\/2023\/10\/03\/harom-ferfit-vert-meg-az-esztergomi-vasutallomason-2\/\" class=\"yoast-seo-meta-tag\" \/>\n<meta property=\"og:site_name\" content=\"Dorogi-medence Region\u00e1lis H\u00edrport\u00e1l\" class=\"yoast-seo-meta-tag\" \/>\n<meta property=\"article:publisher\" content=\"https:\/\/www.facebook.com\/dorogimedence\/\" class=\"yoast-seo-meta-tag\" \/>\n<meta property=\"article:published_time\" content=\"2023-10-03T14:02:20+00:00\" class=\"yoast-seo-meta-tag\" \/>\n<meta property=\"article:modified_time\" content=\"2023-10-03T14:03:10+00:00\" class=\"yoast-seo-meta-tag\" \/>\n<meta property=\"og:image\" content=\"https:\/\/dorogimedence.hu\/wp-content\/uploads\/2023\/09\/esztergom-vasutallomas.jpg\" class=\"yoast-seo-meta-tag\" \/>\n\t<meta property=\"og:image:width\" content=\"1920\" class=\"yoast-seo-meta-tag\" \/>\n\t<meta property=\"og:image:height\" content=\"970\" class=\"yoast-seo-meta-tag\" \/>\n\t<meta property=\"og:image:type\" content=\"image\/jpeg\" class=\"yoast-seo-meta-tag\" \/>\n<meta name=\"author\" content=\"dorogimedence.hu\" class=\"yoast-seo-meta-tag\" \/>\n<meta name=\"twitter:card\" content=\"summary_large_image\" class=\"yoast-seo-meta-tag\" \/>\n<meta name=\"twitter:label1\" content=\"Szerz\u0151:\" class=\"yoast-seo-meta-tag\" \/>\n\t<meta name=\"twitter:data1\" content=\"dorogimedence.hu\" class=\"yoast-seo-meta-tag\" \/>\n\t<meta name=\"twitter:label2\" content=\"Becs\u00fclt olvas\u00e1si id\u0151\" class=\"yoast-seo-meta-tag\" \/>\n\t<meta name=\"twitter:data2\" content=\"3 perc\" class=\"yoast-seo-meta-tag\" \/>\n<script type=\"application\/ld+json\" class=\"yoast-schema-graph\">{\"@context\":\"https:\\\/\\\/schema.org\",\"@graph\":[{\"@type\":\"Article\",\"@id\":\"https:\\\/\\\/dorogimedence.hu\\\/index.php\\\/2023\\\/10\\\/03\\\/harom-ferfit-vert-meg-az-esztergomi-vasutallomason-2\\\/#article\",\"isPartOf\":{\"@id\":\"https:\\\/\\\/dorogimedence.hu\\\/index.php\\\/2023\\\/10\\\/03\\\/harom-ferfit-vert-meg-az-esztergomi-vasutallomason-2\\\/\"},\"author\":{\"name\":\"dorogimedence.hu\",\"@id\":\"https:\\\/\\\/dorogimedence.hu\\\/#\\\/schema\\\/person\\\/ce6091eeb7e95ecdc87890d6aa8e0fd4\"},\"headline\":\"H\u00e1rom f\u00e9rfit vert meg az esztergomi vas\u00fat\u00e1llom\u00e1son\",\"datePublished\":\"2023-10-03T14:02:20+00:00\",\"dateModified\":\"2023-10-03T14:03:10+00:00\",\"mainEntityOfPage\":{\"@id\":\"https:\\\/\\\/dorogimedence.hu\\\/index.php\\\/2023\\\/10\\\/03\\\/harom-ferfit-vert-meg-az-esztergomi-vasutallomason-2\\\/\"},\"wordCount\":529,\"publisher\":{\"@id\":\"https:\\\/\\\/dorogimedence.hu\\\/#organization\"},\"image\":{\"@id\":\"https:\\\/\\\/dorogimedence.hu\\\/index.php\\\/2023\\\/10\\\/03\\\/harom-ferfit-vert-meg-az-esztergomi-vasutallomason-2\\\/#primaryimage\"},\"thumbnailUrl\":\"https:\\\/\\\/dorogimedence.hu\\\/wp-content\\\/uploads\\\/2023\\\/09\\\/esztergom-vasutallomas.jpg\",\"keywords\":[\"b\u00e1ntalmaz\u00e1s\",\"b\u00edr\u00f3s\u00e1g\",\"b\u0171ncselekm\u00e9ny\",\"esztergom\",\"rend\u0151rs\u00e9gi h\u00edrek\",\"\u00fcgy\u00e9szs\u00e9g\"],\"articleSection\":[\"Esztergom\",\"H\u00edrek\",\"K\u00e9k h\u00edrek\"],\"inLanguage\":\"hu\"},{\"@type\":\"WebPage\",\"@id\":\"https:\\\/\\\/dorogimedence.hu\\\/index.php\\\/2023\\\/10\\\/03\\\/harom-ferfit-vert-meg-az-esztergomi-vasutallomason-2\\\/\",\"url\":\"https:\\\/\\\/dorogimedence.hu\\\/index.php\\\/2023\\\/10\\\/03\\\/harom-ferfit-vert-meg-az-esztergomi-vasutallomason-2\\\/\",\"name\":\"H\u00e1rom f\u00e9rfit vert meg az esztergomi vas\u00fat\u00e1llom\u00e1son\",\"isPartOf\":{\"@id\":\"https:\\\/\\\/dorogimedence.hu\\\/#website\"},\"primaryImageOfPage\":{\"@id\":\"https:\\\/\\\/dorogimedence.hu\\\/index.php\\\/2023\\\/10\\\/03\\\/harom-ferfit-vert-meg-az-esztergomi-vasutallomason-2\\\/#primaryimage\"},\"image\":{\"@id\":\"https:\\\/\\\/dorogimedence.hu\\\/index.php\\\/2023\\\/10\\\/03\\\/harom-ferfit-vert-meg-az-esztergomi-vasutallomason-2\\\/#primaryimage\"},\"thumbnailUrl\":\"https:\\\/\\\/dorogimedence.hu\\\/wp-content\\\/uploads\\\/2023\\\/09\\\/esztergom-vasutallomas.jpg\",\"datePublished\":\"2023-10-03T14:02:20+00:00\",\"dateModified\":\"2023-10-03T14:03:10+00:00\",\"breadcrumb\":{\"@id\":\"https:\\\/\\\/dorogimedence.hu\\\/index.php\\\/2023\\\/10\\\/03\\\/harom-ferfit-vert-meg-az-esztergomi-vasutallomason-2\\\/#breadcrumb\"},\"inLanguage\":\"hu\",\"potentialAction\":[{\"@type\":\"ReadAction\",\"target\":[\"https:\\\/\\\/dorogimedence.hu\\\/index.php\\\/2023\\\/10\\\/03\\\/harom-ferfit-vert-meg-az-esztergomi-vasutallomason-2\\\/\"]}]},{\"@type\":\"ImageObject\",\"inLanguage\":\"hu\",\"@id\":\"https:\\\/\\\/dorogimedence.hu\\\/index.php\\\/2023\\\/10\\\/03\\\/harom-ferfit-vert-meg-az-esztergomi-vasutallomason-2\\\/#primaryimage\",\"url\":\"https:\\\/\\\/dorogimedence.hu\\\/wp-content\\\/uploads\\\/2023\\\/09\\\/esztergom-vasutallomas.jpg\",\"contentUrl\":\"https:\\\/\\\/dorogimedence.hu\\\/wp-content\\\/uploads\\\/2023\\\/09\\\/esztergom-vasutallomas.jpg\",\"width\":1920,\"height\":970},{\"@type\":\"BreadcrumbList\",\"@id\":\"https:\\\/\\\/dorogimedence.hu\\\/index.php\\\/2023\\\/10\\\/03\\\/harom-ferfit-vert-meg-az-esztergomi-vasutallomason-2\\\/#breadcrumb\",\"itemListElement\":[{\"@type\":\"ListItem\",\"position\":1,\"name\":\"Kezd\u0151lap\",\"item\":\"https:\\\/\\\/dorogimedence.hu\\\/\"},{\"@type\":\"ListItem\",\"position\":2,\"name\":\"H\u00e1rom f\u00e9rfit vert meg az esztergomi vas\u00fat\u00e1llom\u00e1son\"}]},{\"@type\":\"WebSite\",\"@id\":\"https:\\\/\\\/dorogimedence.hu\\\/#website\",\"url\":\"https:\\\/\\\/dorogimedence.hu\\\/\",\"name\":\"Dorogi-medence Region\u00e1lis H\u00edrport\u00e1l\",\"description\":\"Dorog, Keszt\u00f6lc, Le\u00e1nyv\u00e1r, Piliscs\u00e9v, Tokod, Tokodalt\u00e1r\u00f3, Csolnok, Esztergom-kertv\u00e1ros: h\u00edrek, programok\",\"publisher\":{\"@id\":\"https:\\\/\\\/dorogimedence.hu\\\/#organization\"},\"potentialAction\":[{\"@type\":\"SearchAction\",\"target\":{\"@type\":\"EntryPoint\",\"urlTemplate\":\"https:\\\/\\\/dorogimedence.hu\\\/?s={search_term_string}\"},\"query-input\":{\"@type\":\"PropertyValueSpecification\",\"valueRequired\":true,\"valueName\":\"search_term_string\"}}],\"inLanguage\":\"hu\"},{\"@type\":\"Organization\",\"@id\":\"https:\\\/\\\/dorogimedence.hu\\\/#organization\",\"name\":\"Dorogi-medence Region\u00e1lis H\u00edrport\u00e1l\",\"url\":\"https:\\\/\\\/dorogimedence.hu\\\/\",\"logo\":{\"@type\":\"ImageObject\",\"inLanguage\":\"hu\",\"@id\":\"https:\\\/\\\/dorogimedence.hu\\\/#\\\/schema\\\/logo\\\/image\\\/\",\"url\":\"https:\\\/\\\/dorogimedence.hu\\\/wp-content\\\/uploads\\\/2021\\\/04\\\/logo-feher-600.png\",\"contentUrl\":\"https:\\\/\\\/dorogimedence.hu\\\/wp-content\\\/uploads\\\/2021\\\/04\\\/logo-feher-600.png\",\"width\":600,\"height\":100,\"caption\":\"Dorogi-medence Region\u00e1lis H\u00edrport\u00e1l\"},\"image\":{\"@id\":\"https:\\\/\\\/dorogimedence.hu\\\/#\\\/schema\\\/logo\\\/image\\\/\"},\"sameAs\":[\"https:\\\/\\\/www.facebook.com\\\/dorogimedence\\\/\"]},{\"@type\":\"Person\",\"@id\":\"https:\\\/\\\/dorogimedence.hu\\\/#\\\/schema\\\/person\\\/ce6091eeb7e95ecdc87890d6aa8e0fd4\",\"name\":\"dorogimedence.hu\",\"image\":{\"@type\":\"ImageObject\",\"inLanguage\":\"hu\",\"@id\":\"\\\/\\\/www.gravatar.com\\\/avatar\\\/d8d45f8901aadff40a4af72c0b826f1d?s=96&#038;r=g&#038;d=mm\",\"url\":\"\\\/\\\/www.gravatar.com\\\/avatar\\\/d8d45f8901aadff40a4af72c0b826f1d?s=96&#038;r=g&#038;d=mm\",\"contentUrl\":\"\\\/\\\/www.gravatar.com\\\/avatar\\\/d8d45f8901aadff40a4af72c0b826f1d?s=96&#038;r=g&#038;d=mm\",\"caption\":\"dorogimedence.hu\"}}]}<\/script>\n<!-- \/ Yoast SEO plugin. -->","yoast_head_json":{"title":"H\u00e1rom f\u00e9rfit vert meg az esztergomi vas\u00fat\u00e1llom\u00e1son","robots":{"index":"index","follow":"follow","max-snippet":"max-snippet:-1","max-image-preview":"max-image-preview:large","max-video-preview":"max-video-preview:-1"},"canonical":"https:\/\/dorogimedence.hu\/index.php\/2023\/10\/03\/harom-ferfit-vert-meg-az-esztergomi-vasutallomason-2\/","og_locale":"hu_HU","og_type":"article","og_title":"H\u00e1rom f\u00e9rfit vert meg az esztergomi vas\u00fat\u00e1llom\u00e1son","og_description":"Nem joger\u0151sen n\u00e9gy \u00e9v fegyh\u00e1zb\u00fcntet\u00e9sre \u00edt\u00e9lt\u00e9k azt a f\u00e9rfit, aki az esztergomi vas\u00fat\u00e1llom\u00e1son h\u00e1rom f\u00e9rfit b\u00e1ntalmazott. A meg\u00e1llap\u00edtott t\u00e9ny\u00e1ll\u00e1s szerint a v\u00e1dlott 2023. janu\u00e1r 10-\u00e9n az esztergomi vas\u00fat\u00e1llom\u00e1s v\u00e1r\u00f3term\u00e9ben tart\u00f3zkod\u00f3 f\u00e9rfit el\u0151zm\u00e9ny n\u00e9lk\u00fcl b\u00e1ntalmazta, v\u00e1llon l\u00f6kte, majd \u00f6k\u00f6llel arcon \u00fct\u00f6tte. A f\u00e9rfi a b\u00e1ntalmaz\u00e1s sor\u00e1n s\u00e9r\u00fcl\u00e9st nem szenvedett. A m\u00e1sik s\u00e9rtett zseb\u00e9ben l\u00e9v\u0151 mobiltelefon, valamint","og_url":"https:\/\/dorogimedence.hu\/index.php\/2023\/10\/03\/harom-ferfit-vert-meg-az-esztergomi-vasutallomason-2\/","og_site_name":"Dorogi-medence Region\u00e1lis H\u00edrport\u00e1l","article_publisher":"https:\/\/www.facebook.com\/dorogimedence\/","article_published_time":"2023-10-03T14:02:20+00:00","article_modified_time":"2023-10-03T14:03:10+00:00","og_image":[{"width":1920,"height":970,"url":"https:\/\/dorogimedence.hu\/wp-content\/uploads\/2023\/09\/esztergom-vasutallomas.jpg","type":"image\/jpeg"}],"author":"dorogimedence.hu","twitter_card":"summary_large_image","twitter_misc":{"Szerz\u0151:":"dorogimedence.hu","Becs\u00fclt olvas\u00e1si id\u0151":"3 perc"},"schema":{"@context":"https:\/\/schema.org","@graph":[{"@type":"Article","@id":"https:\/\/dorogimedence.hu\/index.php\/2023\/10\/03\/harom-ferfit-vert-meg-az-esztergomi-vasutallomason-2\/#article","isPartOf":{"@id":"https:\/\/dorogimedence.hu\/index.php\/2023\/10\/03\/harom-ferfit-vert-meg-az-esztergomi-vasutallomason-2\/"},"author":{"name":"dorogimedence.hu","@id":"https:\/\/dorogimedence.hu\/#\/schema\/person\/ce6091eeb7e95ecdc87890d6aa8e0fd4"},"headline":"H\u00e1rom f\u00e9rfit vert meg az esztergomi vas\u00fat\u00e1llom\u00e1son","datePublished":"2023-10-03T14:02:20+00:00","dateModified":"2023-10-03T14:03:10+00:00","mainEntityOfPage":{"@id":"https:\/\/dorogimedence.hu\/index.php\/2023\/10\/03\/harom-ferfit-vert-meg-az-esztergomi-vasutallomason-2\/"},"wordCount":529,"publisher":{"@id":"https:\/\/dorogimedence.hu\/#organization"},"image":{"@id":"https:\/\/dorogimedence.hu\/index.php\/2023\/10\/03\/harom-ferfit-vert-meg-az-esztergomi-vasutallomason-2\/#primaryimage"},"thumbnailUrl":"https:\/\/dorogimedence.hu\/wp-content\/uploads\/2023\/09\/esztergom-vasutallomas.jpg","keywords":["b\u00e1ntalmaz\u00e1s","b\u00edr\u00f3s\u00e1g","b\u0171ncselekm\u00e9ny","esztergom","rend\u0151rs\u00e9gi h\u00edrek","\u00fcgy\u00e9szs\u00e9g"],"articleSection":["Esztergom","H\u00edrek","K\u00e9k h\u00edrek"],"inLanguage":"hu"},{"@type":"WebPage","@id":"https:\/\/dorogimedence.hu\/index.php\/2023\/10\/03\/harom-ferfit-vert-meg-az-esztergomi-vasutallomason-2\/","url":"https:\/\/dorogimedence.hu\/index.php\/2023\/10\/03\/harom-ferfit-vert-meg-az-esztergomi-vasutallomason-2\/","name":"H\u00e1rom f\u00e9rfit vert meg az esztergomi vas\u00fat\u00e1llom\u00e1son","isPartOf":{"@id":"https:\/\/dorogimedence.hu\/#website"},"primaryImageOfPage":{"@id":"https:\/\/dorogimedence.hu\/index.php\/2023\/10\/03\/harom-ferfit-vert-meg-az-esztergomi-vasutallomason-2\/#primaryimage"},"image":{"@id":"https:\/\/dorogimedence.hu\/index.php\/2023\/10\/03\/harom-ferfit-vert-meg-az-esztergomi-vasutallomason-2\/#primaryimage"},"thumbnailUrl":"https:\/\/dorogimedence.hu\/wp-content\/uploads\/2023\/09\/esztergom-vasutallomas.jpg","datePublished":"2023-10-03T14:02:20+00:00","dateModified":"2023-10-03T14:03:10+00:00","breadcrumb":{"@id":"https:\/\/dorogimedence.hu\/index.php\/2023\/10\/03\/harom-ferfit-vert-meg-az-esztergomi-vasutallomason-2\/#breadcrumb"},"inLanguage":"hu","potentialAction":[{"@type":"ReadAction","target":["https:\/\/dorogimedence.hu\/index.php\/2023\/10\/03\/harom-ferfit-vert-meg-az-esztergomi-vasutallomason-2\/"]}]},{"@type":"ImageObject","inLanguage":"hu","@id":"https:\/\/dorogimedence.hu\/index.php\/2023\/10\/03\/harom-ferfit-vert-meg-az-esztergomi-vasutallomason-2\/#primaryimage","url":"https:\/\/dorogimedence.hu\/wp-content\/uploads\/2023\/09\/esztergom-vasutallomas.jpg","contentUrl":"https:\/\/dorogimedence.hu\/wp-content\/uploads\/2023\/09\/esztergom-vasutallomas.jpg","width":1920,"height":970},{"@type":"BreadcrumbList","@id":"https:\/\/dorogimedence.hu\/index.php\/2023\/10\/03\/harom-ferfit-vert-meg-az-esztergomi-vasutallomason-2\/#breadcrumb","itemListElement":[{"@type":"ListItem","position":1,"name":"Kezd\u0151lap","item":"https:\/\/dorogimedence.hu\/"},{"@type":"ListItem","position":2,"name":"H\u00e1rom f\u00e9rfit vert meg az esztergomi vas\u00fat\u00e1llom\u00e1son"}]},{"@type":"WebSite","@id":"https:\/\/dorogimedence.hu\/#website","url":"https:\/\/dorogimedence.hu\/","name":"Dorogi-medence Region\u00e1lis H\u00edrport\u00e1l","description":"Dorog, Keszt\u00f6lc, Le\u00e1nyv\u00e1r, Piliscs\u00e9v, Tokod, Tokodalt\u00e1r\u00f3, Csolnok, Esztergom-kertv\u00e1ros: h\u00edrek, programok","publisher":{"@id":"https:\/\/dorogimedence.hu\/#organization"},"potentialAction":[{"@type":"SearchAction","target":{"@type":"EntryPoint","urlTemplate":"https:\/\/dorogimedence.hu\/?s={search_term_string}"},"query-input":{"@type":"PropertyValueSpecification","valueRequired":true,"valueName":"search_term_string"}}],"inLanguage":"hu"},{"@type":"Organization","@id":"https:\/\/dorogimedence.hu\/#organization","name":"Dorogi-medence Region\u00e1lis H\u00edrport\u00e1l","url":"https:\/\/dorogimedence.hu\/","logo":{"@type":"ImageObject","inLanguage":"hu","@id":"https:\/\/dorogimedence.hu\/#\/schema\/logo\/image\/","url":"https:\/\/dorogimedence.hu\/wp-content\/uploads\/2021\/04\/logo-feher-600.png","contentUrl":"https:\/\/dorogimedence.hu\/wp-content\/uploads\/2021\/04\/logo-feher-600.png","width":600,"height":100,"caption":"Dorogi-medence Region\u00e1lis H\u00edrport\u00e1l"},"image":{"@id":"https:\/\/dorogimedence.hu\/#\/schema\/logo\/image\/"},"sameAs":["https:\/\/www.facebook.com\/dorogimedence\/"]},{"@type":"Person","@id":"https:\/\/dorogimedence.hu\/#\/schema\/person\/ce6091eeb7e95ecdc87890d6aa8e0fd4","name":"dorogimedence.hu","image":{"@type":"ImageObject","inLanguage":"hu","@id":"\/\/www.gravatar.com\/avatar\/d8d45f8901aadff40a4af72c0b826f1d?s=96&#038;r=g&#038;d=mm","url":"\/\/www.gravatar.com\/avatar\/d8d45f8901aadff40a4af72c0b826f1d?s=96&#038;r=g&#038;d=mm","contentUrl":"\/\/www.gravatar.com\/avatar\/d8d45f8901aadff40a4af72c0b826f1d?s=96&#038;r=g&#038;d=mm","caption":"dorogimedence.hu"}}]}},"_links":{"self":[{"href":"https:\/\/dorogimedence.hu\/index.php\/wp-json\/wp\/v2\/posts\/56816","targetHints":{"allow":["GET"]}}],"collection":[{"href":"https:\/\/dorogimedence.hu\/index.php\/wp-json\/wp\/v2\/posts"}],"about":[{"href":"https:\/\/dorogimedence.hu\/index.php\/wp-json\/wp\/v2\/types\/post"}],"author":[{"embeddable":true,"href":"https:\/\/dorogimedence.hu\/index.php\/wp-json\/wp\/v2\/users\/1"}],"replies":[{"embeddable":true,"href":"https:\/\/dorogimedence.hu\/index.php\/wp-json\/wp\/v2\/comments?post=56816"}],"version-history":[{"count":0,"href":"https:\/\/dorogimedence.hu\/index.php\/wp-json\/wp\/v2\/posts\/56816\/revisions"}],"wp:featuredmedia":[{"embeddable":true,"href":"https:\/\/dorogimedence.hu\/index.php\/wp-json\/wp\/v2\/media\/55993"}],"wp:attachment":[{"href":"https:\/\/dorogimedence.hu\/index.php\/wp-json\/wp\/v2\/media?parent=56816"}],"wp:term":[{"taxonomy":"category","embeddable":true,"href":"https:\/\/dorogimedence.hu\/index.php\/wp-json\/wp\/v2\/categories?post=56816"},{"taxonomy":"post_tag","embeddable":true,"href":"https:\/\/dorogimedence.hu\/index.php\/wp-json\/wp\/v2\/tags?post=56816"}],"curies":[{"name":"wp","href":"https:\/\/api.w.org\/{rel}","templated":true}]}}