{"id":56809,"date":"2023-10-03T15:16:39","date_gmt":"2023-10-03T13:16:39","guid":{"rendered":"https:\/\/dorogimedence.hu\/?p=56809"},"modified":"2023-10-03T15:19:39","modified_gmt":"2023-10-03T13:19:39","slug":"ismet-jarhato-a-kesztolci-also-bekotout","status":"publish","type":"post","link":"https:\/\/dorogimedence.hu\/index.php\/2023\/10\/03\/ismet-jarhato-a-kesztolci-also-bekotout\/","title":{"rendered":"Ism\u00e9t j\u00e1rhat\u00f3 a keszt\u00f6lci als\u00f3 bek\u00f6t\u0151\u00fat"},"content":{"rendered":"<p><strong>Okt\u00f3ber 2-\u00e1n ism\u00e9t \u00e1tadt\u00e1k a forgalomnak a 11126-os utat Keszt\u00f6lc\u00f6n &#8211; k\u00f6z\u00f6lte a kivitelez\u0151 t\u00e1j\u00e9koztat\u00e1sa alapj\u00e1n Farkas Krisztina polg\u00e1rmester asszony a telep\u00fcl\u00e9s k\u00f6z\u00f6ss\u00e9gi oldal\u00e1n. Az aut\u00f3buszj\u00e1ratok is a menetrend szerinti \u00fatvonalok k\u00f6zlekednek.<\/strong><\/p>\n<p>Farkas Krisztina a bejegyz\u00e9sben kiemelte, hogy a sebess\u00e9gkorl\u00e1toz\u00e1s tov\u00e1bbra is \u00e9rv\u00e9nyben van, mert a padkarendez\u00e9s, az \u00fatburkolati jelek felfest\u00e9se \u00e9s kisebb munk\u00e1latok m\u00e9g folyamatban vannak.<\/p>\n<p>Kor\u00e1bban \u00edrtuk, hogy a 11126-os \u00fat TSZ major el\u0151tti h\u00eddt\u00f3l a Szabads\u00e1g t\u00e9rig terjed\u0151 szakasz\u00e1t k\u00e9t kilom\u00e9ter hosszan 0+800 \u2013 2+800 km szelv\u00e9nyek k\u00f6z\u00f6tt \u00faj\u00edtja fel sikeres k\u00f6zbeszerz\u00e9si p\u00e1ly\u00e1zat alapj\u00e1n a Swietelsky Magyarorsz\u00e1g Kft. Az \u00faton lok\u00e1lis jav\u00edt\u00e1sok k\u00e9sz\u00fcltek, majd egy kiegyenl\u00edt\u0151, v\u00e9g\u00fcl egy kop\u00f3r\u00e9teget kapott a teljes szakasz. Mindemellett k\u00e9t hidat is fel\u00faj\u00edtottak. A projekt v\u00e9g\u00e9n az \u00e1rokok \u00e9s a padk\u00e1k is meg\u00fajulnak.<\/p>\n","protected":false},"excerpt":{"rendered":"<p>Okt\u00f3ber 2-\u00e1n ism\u00e9t \u00e1tadt\u00e1k a forgalomnak a 11126-os utat Keszt\u00f6lc\u00f6n &#8211; k\u00f6z\u00f6lte a kivitelez\u0151 t\u00e1j\u00e9koztat\u00e1sa alapj\u00e1n Farkas Krisztina polg\u00e1rmester asszony a telep\u00fcl\u00e9s k\u00f6z\u00f6ss\u00e9gi oldal\u00e1n. Az aut\u00f3buszj\u00e1ratok is a menetrend szerinti \u00fatvonalok k\u00f6zlekednek. Farkas Krisztina a bejegyz\u00e9sben kiemelte, hogy a sebess\u00e9gkorl\u00e1toz\u00e1s tov\u00e1bbra is \u00e9rv\u00e9nyben van, mert a padkarendez\u00e9s, az \u00fatburkolati jelek felfest\u00e9se \u00e9s kisebb munk\u00e1latok m\u00e9g<\/p>\n","protected":false},"author":1,"featured_media":56810,"comment_status":"closed","ping_status":"closed","sticky":false,"template":"","format":"standard","meta":{"ngg_post_thumbnail":0,"footnotes":""},"categories":[3,8],"tags":[5624,129,697],"class_list":{"0":"post-56809","1":"post","2":"type-post","3":"status-publish","4":"format-standard","5":"has-post-thumbnail","7":"category-hirek","8":"category-kesztolc","9":"tag-featured","10":"tag-kesztolc","11":"tag-utfelujitas"},"yoast_head":"<!-- This site is optimized with the Yoast SEO plugin v27.5 - https:\/\/yoast.com\/product\/yoast-seo-wordpress\/ -->\n<title>Ism\u00e9t j\u00e1rhat\u00f3 a keszt\u00f6lci als\u00f3 bek\u00f6t\u0151\u00fat<\/title>\n<meta name=\"robots\" content=\"index, follow, max-snippet:-1, max-image-preview:large, max-video-preview:-1\" \/>\n<link rel=\"canonical\" href=\"https:\/\/dorogimedence.hu\/index.php\/2023\/10\/03\/ismet-jarhato-a-kesztolci-also-bekotout\/\" class=\"yoast-seo-meta-tag\" \/>\n<meta property=\"og:locale\" content=\"hu_HU\" class=\"yoast-seo-meta-tag\" \/>\n<meta property=\"og:type\" content=\"article\" class=\"yoast-seo-meta-tag\" \/>\n<meta property=\"og:title\" content=\"Ism\u00e9t j\u00e1rhat\u00f3 a keszt\u00f6lci als\u00f3 bek\u00f6t\u0151\u00fat\" class=\"yoast-seo-meta-tag\" \/>\n<meta property=\"og:description\" content=\"Okt\u00f3ber 2-\u00e1n ism\u00e9t \u00e1tadt\u00e1k a forgalomnak a 11126-os utat Keszt\u00f6lc\u00f6n &#8211; k\u00f6z\u00f6lte a kivitelez\u0151 t\u00e1j\u00e9koztat\u00e1sa alapj\u00e1n Farkas Krisztina polg\u00e1rmester asszony a telep\u00fcl\u00e9s k\u00f6z\u00f6ss\u00e9gi oldal\u00e1n. Az aut\u00f3buszj\u00e1ratok is a menetrend szerinti \u00fatvonalok k\u00f6zlekednek. Farkas Krisztina a bejegyz\u00e9sben kiemelte, hogy a sebess\u00e9gkorl\u00e1toz\u00e1s tov\u00e1bbra is \u00e9rv\u00e9nyben van, mert a padkarendez\u00e9s, az \u00fatburkolati jelek felfest\u00e9se \u00e9s kisebb munk\u00e1latok m\u00e9g\" class=\"yoast-seo-meta-tag\" \/>\n<meta property=\"og:url\" content=\"https:\/\/dorogimedence.hu\/index.php\/2023\/10\/03\/ismet-jarhato-a-kesztolci-also-bekotout\/\" class=\"yoast-seo-meta-tag\" \/>\n<meta property=\"og:site_name\" content=\"Dorogi-medence Region\u00e1lis H\u00edrport\u00e1l\" class=\"yoast-seo-meta-tag\" \/>\n<meta property=\"article:publisher\" content=\"https:\/\/www.facebook.com\/dorogimedence\/\" class=\"yoast-seo-meta-tag\" \/>\n<meta property=\"article:published_time\" content=\"2023-10-03T13:16:39+00:00\" class=\"yoast-seo-meta-tag\" \/>\n<meta property=\"article:modified_time\" content=\"2023-10-03T13:19:39+00:00\" class=\"yoast-seo-meta-tag\" \/>\n<meta property=\"og:image\" content=\"https:\/\/dorogimedence.hu\/wp-content\/uploads\/2023\/10\/kesztolc-ut.jpg\" class=\"yoast-seo-meta-tag\" \/>\n\t<meta property=\"og:image:width\" content=\"1920\" class=\"yoast-seo-meta-tag\" \/>\n\t<meta property=\"og:image:height\" content=\"970\" class=\"yoast-seo-meta-tag\" \/>\n\t<meta property=\"og:image:type\" content=\"image\/jpeg\" class=\"yoast-seo-meta-tag\" \/>\n<meta name=\"author\" content=\"dorogimedence.hu\" class=\"yoast-seo-meta-tag\" \/>\n<meta name=\"twitter:card\" content=\"summary_large_image\" class=\"yoast-seo-meta-tag\" \/>\n<meta name=\"twitter:label1\" content=\"Szerz\u0151:\" class=\"yoast-seo-meta-tag\" \/>\n\t<meta name=\"twitter:data1\" content=\"dorogimedence.hu\" class=\"yoast-seo-meta-tag\" \/>\n\t<meta name=\"twitter:label2\" content=\"Becs\u00fclt olvas\u00e1si id\u0151\" class=\"yoast-seo-meta-tag\" \/>\n\t<meta name=\"twitter:data2\" content=\"1 perc\" class=\"yoast-seo-meta-tag\" \/>\n<script type=\"application\/ld+json\" class=\"yoast-schema-graph\">{\"@context\":\"https:\\\/\\\/schema.org\",\"@graph\":[{\"@type\":\"Article\",\"@id\":\"https:\\\/\\\/dorogimedence.hu\\\/index.php\\\/2023\\\/10\\\/03\\\/ismet-jarhato-a-kesztolci-also-bekotout\\\/#article\",\"isPartOf\":{\"@id\":\"https:\\\/\\\/dorogimedence.hu\\\/index.php\\\/2023\\\/10\\\/03\\\/ismet-jarhato-a-kesztolci-also-bekotout\\\/\"},\"author\":{\"name\":\"dorogimedence.hu\",\"@id\":\"https:\\\/\\\/dorogimedence.hu\\\/#\\\/schema\\\/person\\\/ce6091eeb7e95ecdc87890d6aa8e0fd4\"},\"headline\":\"Ism\u00e9t j\u00e1rhat\u00f3 a keszt\u00f6lci als\u00f3 bek\u00f6t\u0151\u00fat\",\"datePublished\":\"2023-10-03T13:16:39+00:00\",\"dateModified\":\"2023-10-03T13:19:39+00:00\",\"mainEntityOfPage\":{\"@id\":\"https:\\\/\\\/dorogimedence.hu\\\/index.php\\\/2023\\\/10\\\/03\\\/ismet-jarhato-a-kesztolci-also-bekotout\\\/\"},\"wordCount\":197,\"publisher\":{\"@id\":\"https:\\\/\\\/dorogimedence.hu\\\/#organization\"},\"image\":{\"@id\":\"https:\\\/\\\/dorogimedence.hu\\\/index.php\\\/2023\\\/10\\\/03\\\/ismet-jarhato-a-kesztolci-also-bekotout\\\/#primaryimage\"},\"thumbnailUrl\":\"https:\\\/\\\/dorogimedence.hu\\\/wp-content\\\/uploads\\\/2023\\\/10\\\/kesztolc-ut.jpg\",\"keywords\":[\"featured\",\"Keszt\u00f6lc\",\"\u00fatfel\u00faj\u00edt\u00e1s\"],\"articleSection\":[\"H\u00edrek\",\"Keszt\u00f6lc\"],\"inLanguage\":\"hu\"},{\"@type\":\"WebPage\",\"@id\":\"https:\\\/\\\/dorogimedence.hu\\\/index.php\\\/2023\\\/10\\\/03\\\/ismet-jarhato-a-kesztolci-also-bekotout\\\/\",\"url\":\"https:\\\/\\\/dorogimedence.hu\\\/index.php\\\/2023\\\/10\\\/03\\\/ismet-jarhato-a-kesztolci-also-bekotout\\\/\",\"name\":\"Ism\u00e9t j\u00e1rhat\u00f3 a keszt\u00f6lci als\u00f3 bek\u00f6t\u0151\u00fat\",\"isPartOf\":{\"@id\":\"https:\\\/\\\/dorogimedence.hu\\\/#website\"},\"primaryImageOfPage\":{\"@id\":\"https:\\\/\\\/dorogimedence.hu\\\/index.php\\\/2023\\\/10\\\/03\\\/ismet-jarhato-a-kesztolci-also-bekotout\\\/#primaryimage\"},\"image\":{\"@id\":\"https:\\\/\\\/dorogimedence.hu\\\/index.php\\\/2023\\\/10\\\/03\\\/ismet-jarhato-a-kesztolci-also-bekotout\\\/#primaryimage\"},\"thumbnailUrl\":\"https:\\\/\\\/dorogimedence.hu\\\/wp-content\\\/uploads\\\/2023\\\/10\\\/kesztolc-ut.jpg\",\"datePublished\":\"2023-10-03T13:16:39+00:00\",\"dateModified\":\"2023-10-03T13:19:39+00:00\",\"breadcrumb\":{\"@id\":\"https:\\\/\\\/dorogimedence.hu\\\/index.php\\\/2023\\\/10\\\/03\\\/ismet-jarhato-a-kesztolci-also-bekotout\\\/#breadcrumb\"},\"inLanguage\":\"hu\",\"potentialAction\":[{\"@type\":\"ReadAction\",\"target\":[\"https:\\\/\\\/dorogimedence.hu\\\/index.php\\\/2023\\\/10\\\/03\\\/ismet-jarhato-a-kesztolci-also-bekotout\\\/\"]}]},{\"@type\":\"ImageObject\",\"inLanguage\":\"hu\",\"@id\":\"https:\\\/\\\/dorogimedence.hu\\\/index.php\\\/2023\\\/10\\\/03\\\/ismet-jarhato-a-kesztolci-also-bekotout\\\/#primaryimage\",\"url\":\"https:\\\/\\\/dorogimedence.hu\\\/wp-content\\\/uploads\\\/2023\\\/10\\\/kesztolc-ut.jpg\",\"contentUrl\":\"https:\\\/\\\/dorogimedence.hu\\\/wp-content\\\/uploads\\\/2023\\\/10\\\/kesztolc-ut.jpg\",\"width\":1920,\"height\":970},{\"@type\":\"BreadcrumbList\",\"@id\":\"https:\\\/\\\/dorogimedence.hu\\\/index.php\\\/2023\\\/10\\\/03\\\/ismet-jarhato-a-kesztolci-also-bekotout\\\/#breadcrumb\",\"itemListElement\":[{\"@type\":\"ListItem\",\"position\":1,\"name\":\"Kezd\u0151lap\",\"item\":\"https:\\\/\\\/dorogimedence.hu\\\/\"},{\"@type\":\"ListItem\",\"position\":2,\"name\":\"Ism\u00e9t j\u00e1rhat\u00f3 a keszt\u00f6lci als\u00f3 bek\u00f6t\u0151\u00fat\"}]},{\"@type\":\"WebSite\",\"@id\":\"https:\\\/\\\/dorogimedence.hu\\\/#website\",\"url\":\"https:\\\/\\\/dorogimedence.hu\\\/\",\"name\":\"Dorogi-medence Region\u00e1lis H\u00edrport\u00e1l\",\"description\":\"Dorog, Keszt\u00f6lc, Le\u00e1nyv\u00e1r, Piliscs\u00e9v, Tokod, Tokodalt\u00e1r\u00f3, Csolnok, Esztergom-kertv\u00e1ros: h\u00edrek, programok\",\"publisher\":{\"@id\":\"https:\\\/\\\/dorogimedence.hu\\\/#organization\"},\"potentialAction\":[{\"@type\":\"SearchAction\",\"target\":{\"@type\":\"EntryPoint\",\"urlTemplate\":\"https:\\\/\\\/dorogimedence.hu\\\/?s={search_term_string}\"},\"query-input\":{\"@type\":\"PropertyValueSpecification\",\"valueRequired\":true,\"valueName\":\"search_term_string\"}}],\"inLanguage\":\"hu\"},{\"@type\":\"Organization\",\"@id\":\"https:\\\/\\\/dorogimedence.hu\\\/#organization\",\"name\":\"Dorogi-medence Region\u00e1lis H\u00edrport\u00e1l\",\"url\":\"https:\\\/\\\/dorogimedence.hu\\\/\",\"logo\":{\"@type\":\"ImageObject\",\"inLanguage\":\"hu\",\"@id\":\"https:\\\/\\\/dorogimedence.hu\\\/#\\\/schema\\\/logo\\\/image\\\/\",\"url\":\"https:\\\/\\\/dorogimedence.hu\\\/wp-content\\\/uploads\\\/2021\\\/04\\\/logo-feher-600.png\",\"contentUrl\":\"https:\\\/\\\/dorogimedence.hu\\\/wp-content\\\/uploads\\\/2021\\\/04\\\/logo-feher-600.png\",\"width\":600,\"height\":100,\"caption\":\"Dorogi-medence Region\u00e1lis H\u00edrport\u00e1l\"},\"image\":{\"@id\":\"https:\\\/\\\/dorogimedence.hu\\\/#\\\/schema\\\/logo\\\/image\\\/\"},\"sameAs\":[\"https:\\\/\\\/www.facebook.com\\\/dorogimedence\\\/\"]},{\"@type\":\"Person\",\"@id\":\"https:\\\/\\\/dorogimedence.hu\\\/#\\\/schema\\\/person\\\/ce6091eeb7e95ecdc87890d6aa8e0fd4\",\"name\":\"dorogimedence.hu\",\"image\":{\"@type\":\"ImageObject\",\"inLanguage\":\"hu\",\"@id\":\"\\\/\\\/www.gravatar.com\\\/avatar\\\/d8d45f8901aadff40a4af72c0b826f1d?s=96&#038;r=g&#038;d=mm\",\"url\":\"\\\/\\\/www.gravatar.com\\\/avatar\\\/d8d45f8901aadff40a4af72c0b826f1d?s=96&#038;r=g&#038;d=mm\",\"contentUrl\":\"\\\/\\\/www.gravatar.com\\\/avatar\\\/d8d45f8901aadff40a4af72c0b826f1d?s=96&#038;r=g&#038;d=mm\",\"caption\":\"dorogimedence.hu\"}}]}<\/script>\n<!-- \/ Yoast SEO plugin. -->","yoast_head_json":{"title":"Ism\u00e9t j\u00e1rhat\u00f3 a keszt\u00f6lci als\u00f3 bek\u00f6t\u0151\u00fat","robots":{"index":"index","follow":"follow","max-snippet":"max-snippet:-1","max-image-preview":"max-image-preview:large","max-video-preview":"max-video-preview:-1"},"canonical":"https:\/\/dorogimedence.hu\/index.php\/2023\/10\/03\/ismet-jarhato-a-kesztolci-also-bekotout\/","og_locale":"hu_HU","og_type":"article","og_title":"Ism\u00e9t j\u00e1rhat\u00f3 a keszt\u00f6lci als\u00f3 bek\u00f6t\u0151\u00fat","og_description":"Okt\u00f3ber 2-\u00e1n ism\u00e9t \u00e1tadt\u00e1k a forgalomnak a 11126-os utat Keszt\u00f6lc\u00f6n &#8211; k\u00f6z\u00f6lte a kivitelez\u0151 t\u00e1j\u00e9koztat\u00e1sa alapj\u00e1n Farkas Krisztina polg\u00e1rmester asszony a telep\u00fcl\u00e9s k\u00f6z\u00f6ss\u00e9gi oldal\u00e1n. Az aut\u00f3buszj\u00e1ratok is a menetrend szerinti \u00fatvonalok k\u00f6zlekednek. Farkas Krisztina a bejegyz\u00e9sben kiemelte, hogy a sebess\u00e9gkorl\u00e1toz\u00e1s tov\u00e1bbra is \u00e9rv\u00e9nyben van, mert a padkarendez\u00e9s, az \u00fatburkolati jelek felfest\u00e9se \u00e9s kisebb munk\u00e1latok m\u00e9g","og_url":"https:\/\/dorogimedence.hu\/index.php\/2023\/10\/03\/ismet-jarhato-a-kesztolci-also-bekotout\/","og_site_name":"Dorogi-medence Region\u00e1lis H\u00edrport\u00e1l","article_publisher":"https:\/\/www.facebook.com\/dorogimedence\/","article_published_time":"2023-10-03T13:16:39+00:00","article_modified_time":"2023-10-03T13:19:39+00:00","og_image":[{"width":1920,"height":970,"url":"https:\/\/dorogimedence.hu\/wp-content\/uploads\/2023\/10\/kesztolc-ut.jpg","type":"image\/jpeg"}],"author":"dorogimedence.hu","twitter_card":"summary_large_image","twitter_misc":{"Szerz\u0151:":"dorogimedence.hu","Becs\u00fclt olvas\u00e1si id\u0151":"1 perc"},"schema":{"@context":"https:\/\/schema.org","@graph":[{"@type":"Article","@id":"https:\/\/dorogimedence.hu\/index.php\/2023\/10\/03\/ismet-jarhato-a-kesztolci-also-bekotout\/#article","isPartOf":{"@id":"https:\/\/dorogimedence.hu\/index.php\/2023\/10\/03\/ismet-jarhato-a-kesztolci-also-bekotout\/"},"author":{"name":"dorogimedence.hu","@id":"https:\/\/dorogimedence.hu\/#\/schema\/person\/ce6091eeb7e95ecdc87890d6aa8e0fd4"},"headline":"Ism\u00e9t j\u00e1rhat\u00f3 a keszt\u00f6lci als\u00f3 bek\u00f6t\u0151\u00fat","datePublished":"2023-10-03T13:16:39+00:00","dateModified":"2023-10-03T13:19:39+00:00","mainEntityOfPage":{"@id":"https:\/\/dorogimedence.hu\/index.php\/2023\/10\/03\/ismet-jarhato-a-kesztolci-also-bekotout\/"},"wordCount":197,"publisher":{"@id":"https:\/\/dorogimedence.hu\/#organization"},"image":{"@id":"https:\/\/dorogimedence.hu\/index.php\/2023\/10\/03\/ismet-jarhato-a-kesztolci-also-bekotout\/#primaryimage"},"thumbnailUrl":"https:\/\/dorogimedence.hu\/wp-content\/uploads\/2023\/10\/kesztolc-ut.jpg","keywords":["featured","Keszt\u00f6lc","\u00fatfel\u00faj\u00edt\u00e1s"],"articleSection":["H\u00edrek","Keszt\u00f6lc"],"inLanguage":"hu"},{"@type":"WebPage","@id":"https:\/\/dorogimedence.hu\/index.php\/2023\/10\/03\/ismet-jarhato-a-kesztolci-also-bekotout\/","url":"https:\/\/dorogimedence.hu\/index.php\/2023\/10\/03\/ismet-jarhato-a-kesztolci-also-bekotout\/","name":"Ism\u00e9t j\u00e1rhat\u00f3 a keszt\u00f6lci als\u00f3 bek\u00f6t\u0151\u00fat","isPartOf":{"@id":"https:\/\/dorogimedence.hu\/#website"},"primaryImageOfPage":{"@id":"https:\/\/dorogimedence.hu\/index.php\/2023\/10\/03\/ismet-jarhato-a-kesztolci-also-bekotout\/#primaryimage"},"image":{"@id":"https:\/\/dorogimedence.hu\/index.php\/2023\/10\/03\/ismet-jarhato-a-kesztolci-also-bekotout\/#primaryimage"},"thumbnailUrl":"https:\/\/dorogimedence.hu\/wp-content\/uploads\/2023\/10\/kesztolc-ut.jpg","datePublished":"2023-10-03T13:16:39+00:00","dateModified":"2023-10-03T13:19:39+00:00","breadcrumb":{"@id":"https:\/\/dorogimedence.hu\/index.php\/2023\/10\/03\/ismet-jarhato-a-kesztolci-also-bekotout\/#breadcrumb"},"inLanguage":"hu","potentialAction":[{"@type":"ReadAction","target":["https:\/\/dorogimedence.hu\/index.php\/2023\/10\/03\/ismet-jarhato-a-kesztolci-also-bekotout\/"]}]},{"@type":"ImageObject","inLanguage":"hu","@id":"https:\/\/dorogimedence.hu\/index.php\/2023\/10\/03\/ismet-jarhato-a-kesztolci-also-bekotout\/#primaryimage","url":"https:\/\/dorogimedence.hu\/wp-content\/uploads\/2023\/10\/kesztolc-ut.jpg","contentUrl":"https:\/\/dorogimedence.hu\/wp-content\/uploads\/2023\/10\/kesztolc-ut.jpg","width":1920,"height":970},{"@type":"BreadcrumbList","@id":"https:\/\/dorogimedence.hu\/index.php\/2023\/10\/03\/ismet-jarhato-a-kesztolci-also-bekotout\/#breadcrumb","itemListElement":[{"@type":"ListItem","position":1,"name":"Kezd\u0151lap","item":"https:\/\/dorogimedence.hu\/"},{"@type":"ListItem","position":2,"name":"Ism\u00e9t j\u00e1rhat\u00f3 a keszt\u00f6lci als\u00f3 bek\u00f6t\u0151\u00fat"}]},{"@type":"WebSite","@id":"https:\/\/dorogimedence.hu\/#website","url":"https:\/\/dorogimedence.hu\/","name":"Dorogi-medence Region\u00e1lis H\u00edrport\u00e1l","description":"Dorog, Keszt\u00f6lc, Le\u00e1nyv\u00e1r, Piliscs\u00e9v, Tokod, Tokodalt\u00e1r\u00f3, Csolnok, Esztergom-kertv\u00e1ros: h\u00edrek, programok","publisher":{"@id":"https:\/\/dorogimedence.hu\/#organization"},"potentialAction":[{"@type":"SearchAction","target":{"@type":"EntryPoint","urlTemplate":"https:\/\/dorogimedence.hu\/?s={search_term_string}"},"query-input":{"@type":"PropertyValueSpecification","valueRequired":true,"valueName":"search_term_string"}}],"inLanguage":"hu"},{"@type":"Organization","@id":"https:\/\/dorogimedence.hu\/#organization","name":"Dorogi-medence Region\u00e1lis H\u00edrport\u00e1l","url":"https:\/\/dorogimedence.hu\/","logo":{"@type":"ImageObject","inLanguage":"hu","@id":"https:\/\/dorogimedence.hu\/#\/schema\/logo\/image\/","url":"https:\/\/dorogimedence.hu\/wp-content\/uploads\/2021\/04\/logo-feher-600.png","contentUrl":"https:\/\/dorogimedence.hu\/wp-content\/uploads\/2021\/04\/logo-feher-600.png","width":600,"height":100,"caption":"Dorogi-medence Region\u00e1lis H\u00edrport\u00e1l"},"image":{"@id":"https:\/\/dorogimedence.hu\/#\/schema\/logo\/image\/"},"sameAs":["https:\/\/www.facebook.com\/dorogimedence\/"]},{"@type":"Person","@id":"https:\/\/dorogimedence.hu\/#\/schema\/person\/ce6091eeb7e95ecdc87890d6aa8e0fd4","name":"dorogimedence.hu","image":{"@type":"ImageObject","inLanguage":"hu","@id":"\/\/www.gravatar.com\/avatar\/d8d45f8901aadff40a4af72c0b826f1d?s=96&#038;r=g&#038;d=mm","url":"\/\/www.gravatar.com\/avatar\/d8d45f8901aadff40a4af72c0b826f1d?s=96&#038;r=g&#038;d=mm","contentUrl":"\/\/www.gravatar.com\/avatar\/d8d45f8901aadff40a4af72c0b826f1d?s=96&#038;r=g&#038;d=mm","caption":"dorogimedence.hu"}}]}},"_links":{"self":[{"href":"https:\/\/dorogimedence.hu\/index.php\/wp-json\/wp\/v2\/posts\/56809","targetHints":{"allow":["GET"]}}],"collection":[{"href":"https:\/\/dorogimedence.hu\/index.php\/wp-json\/wp\/v2\/posts"}],"about":[{"href":"https:\/\/dorogimedence.hu\/index.php\/wp-json\/wp\/v2\/types\/post"}],"author":[{"embeddable":true,"href":"https:\/\/dorogimedence.hu\/index.php\/wp-json\/wp\/v2\/users\/1"}],"replies":[{"embeddable":true,"href":"https:\/\/dorogimedence.hu\/index.php\/wp-json\/wp\/v2\/comments?post=56809"}],"version-history":[{"count":0,"href":"https:\/\/dorogimedence.hu\/index.php\/wp-json\/wp\/v2\/posts\/56809\/revisions"}],"wp:featuredmedia":[{"embeddable":true,"href":"https:\/\/dorogimedence.hu\/index.php\/wp-json\/wp\/v2\/media\/56810"}],"wp:attachment":[{"href":"https:\/\/dorogimedence.hu\/index.php\/wp-json\/wp\/v2\/media?parent=56809"}],"wp:term":[{"taxonomy":"category","embeddable":true,"href":"https:\/\/dorogimedence.hu\/index.php\/wp-json\/wp\/v2\/categories?post=56809"},{"taxonomy":"post_tag","embeddable":true,"href":"https:\/\/dorogimedence.hu\/index.php\/wp-json\/wp\/v2\/tags?post=56809"}],"curies":[{"name":"wp","href":"https:\/\/api.w.org\/{rel}","templated":true}]}}