{"id":56768,"date":"2023-10-02T10:17:38","date_gmt":"2023-10-02T08:17:38","guid":{"rendered":"https:\/\/dorogimedence.hu\/?p=56768"},"modified":"2023-10-02T10:17:38","modified_gmt":"2023-10-02T08:17:38","slug":"a-legfenntarthatobb-haza-uticelok-kozott-esztergom","status":"publish","type":"post","link":"https:\/\/dorogimedence.hu\/index.php\/2023\/10\/02\/a-legfenntarthatobb-haza-uticelok-kozott-esztergom\/","title":{"rendered":"A legfenntarthat\u00f3bb haza \u00fatic\u00e9lok k\u00f6z\u00f6tt Esztergom!"},"content":{"rendered":"<p><strong>Tokaj-Hegyalja lett a legfenntarthat\u00f3bb hazai \u00fatic\u00e9l egy kutat\u00e1s szerint; az Innotime Hungary online felm\u00e9r\u00e9s\u00e9ben a m\u00e1sodik helyen H\u00e9v\u00edz, a harmadikon Esztergom \u00e9s a Dunakanyar, a negyediken Balaton v\u00e9gzett, az \u00f6t\u00f6dik pedig Eger lett.<\/strong><\/p>\n<p>A turisztikai \u00e9s gazdas\u00e1gfejleszt\u00e9si strat\u00e9gi\u00e1k k\u00e9sz\u00edt\u00e9s\u00e9vel, piackutat\u00e1ssal is foglalkoz\u00f3 c\u00e9g elemz\u00e9se szerint az 1007 f\u0151s primer felm\u00e9r\u00e9s az egy\u00e9ni \u00e9s k\u00f6z\u00f6ss\u00e9gi felel\u0151ss\u00e9g k\u00e9rd\u00e9sk\u00f6r\u00e9t j\u00e1rta k\u00f6rbe, azt is vizsg\u00e1lva, hogy jelenleg mi\u00e9rt tartanak fenntarthat\u00f3nak egy-egy t\u00e9rs\u00e9get ma Magyarorsz\u00e1gon, \u00e9s mely t\u00e9rs\u00e9gekre tekintenek fenntarthat\u00f3 \u00fatic\u00e9lk\u00e9nt a v\u00e1laszad\u00f3k.<\/p>\n<p>A v\u00e1laszad\u00f3k csaknem 40 sz\u00e1zal\u00e9ka sz\u00e1m\u00e1ra fontos a turisztikai t\u00e9rs\u00e9gek fenntarthat\u00f3bb\u00e1 t\u00e9tele, negyed\u00fcknek ugyanakkor nincs el\u00e9g inform\u00e1ci\u00f3ja ahhoz, hogy a k\u00e9rd\u00e9sben nyilatkozzon, ami azt mutatja, hogy sokkal intenz\u00edvebb kommunik\u00e1ci\u00f3ra lenne sz\u00fcks\u00e9g a t\u00e9m\u00e1ban. A v\u00e1laszad\u00f3k szerint a fenntarthat\u00f3 turizmus fejleszt\u00e9se els\u0151sorban a turisztikai szolg\u00e1ltat\u00f3k egy\u00e9ni, valamint a helyi k\u00f6z\u00f6ss\u00e9gek felel\u0151ss\u00e9ge.<\/p>\n<p>A v\u00e1laszad\u00f3k 54 sz\u00e1zal\u00e9ka csak akkor nyitott arra, hogy fenntarthat\u00f3 \u00fatic\u00e9lokat v\u00e1lasszon, ha az adott t\u00e9rs\u00e9g ugyanazt ny\u00fajtja, mint amit eddig megszokott az utaz\u00e1sok sor\u00e1n, \u00e9s csak a 15 sz\u00e1zal\u00e9kuk lenne hajland\u00f3 v\u00e1ltoztatni az utaz\u00e1si szok\u00e1sain a fenntarthat\u00f3s\u00e1g \u00e9rdek\u00e9ben. A v\u00e1laszad\u00f3k 45 sz\u00e1zal\u00e9ka sz\u00e1m\u00e1ra nem meghat\u00e1roz\u00f3 a nyaral\u00e1s, pihen\u00e9s megtervez\u00e9sekor, hogy az adott \u00fatic\u00e9l k\u00f6zvet\u00edt-e fenntarthat\u00f3s\u00e1gi \u00e9rt\u00e9keket, p\u00e9ld\u00e1ul f\u00f3kuszba helyezi-e a helyi k\u00f6z\u00f6ss\u00e9g er\u0151s\u00edt\u00e9s\u00e9t vagy \u00e9ppen a negat\u00edv k\u00f6rnyezeti hat\u00e1sok cs\u00f6kkent\u00e9s\u00e9t, b\u00e1r rem\u00e9nyt kelt\u0151 a kutat\u00e1s alapj\u00e1n, hogy tov\u00e1bbi 29 sz\u00e1zal\u00e9kuk az ilyen \u00fatic\u00e9lokat prefer\u00e1lja, ha \u00e1rban el\u00e9rhet\u0151.<\/p>\n<p>A v\u00e1laszad\u00f3k els\u0151sorban a term\u00e9szetj\u00e1r\u00e1shoz (67 sz\u00e1zal\u00e9k), illetve a falusi t\u00e9rs\u00e9gekhez k\u00f6t\u0151d\u0151 (54 sz\u00e1zal\u00e9k), anyagilag el\u00e9rhet\u0151 (34 sz\u00e1zal\u00e9k) t\u00e9rs\u00e9gekre tekintenek fenntarthat\u00f3 \u00fatic\u00e9lk\u00e9nt. A fenntarthat\u00f3 \u00fati c\u00e9lok rangsor\u00e1nak kialak\u00edt\u00e1sakor egyenk\u00e9nt lehetett voksolni Magyarorsz\u00e1g kiemelt turisztikai ter\u00fcleteire.<\/p>\n<p><strong>Ez alapj\u00e1n a top 5 fenntarthat\u00f3 desztin\u00e1ci\u00f3 a v\u00e1laszad\u00f3k szerint:<\/strong><\/p>\n<ol>\n<li>Tokaj-Hegyalja (51%)<\/li>\n<li>H\u00e9v\u00edz (44%)<\/li>\n<li>Esztergom \u00e9s a Dunakanyar (43%)<\/li>\n<li>Balaton (38%)<\/li>\n<li>Eger (30%).<\/li>\n<\/ol>\n<p><em>Forr\u00e1s: MTI \/ turizmus.com \/ Innotime Hungary Kft.<br \/>\n<\/em><\/p>\n","protected":false},"excerpt":{"rendered":"<p>Tokaj-Hegyalja lett a legfenntarthat\u00f3bb hazai \u00fatic\u00e9l egy kutat\u00e1s szerint; az Innotime Hungary online felm\u00e9r\u00e9s\u00e9ben a m\u00e1sodik helyen H\u00e9v\u00edz, a harmadikon Esztergom \u00e9s a Dunakanyar, a negyediken Balaton v\u00e9gzett, az \u00f6t\u00f6dik pedig Eger lett. A turisztikai \u00e9s gazdas\u00e1gfejleszt\u00e9si strat\u00e9gi\u00e1k k\u00e9sz\u00edt\u00e9s\u00e9vel, piackutat\u00e1ssal is foglalkoz\u00f3 c\u00e9g elemz\u00e9se szerint az 1007 f\u0151s primer felm\u00e9r\u00e9s az egy\u00e9ni \u00e9s k\u00f6z\u00f6ss\u00e9gi felel\u0151ss\u00e9g<\/p>\n","protected":false},"author":1,"featured_media":56769,"comment_status":"closed","ping_status":"closed","sticky":false,"template":"","format":"standard","meta":{"ngg_post_thumbnail":0,"footnotes":""},"categories":[38,3],"tags":[42,274],"class_list":{"0":"post-56768","1":"post","2":"type-post","3":"status-publish","4":"format-standard","5":"has-post-thumbnail","7":"category-esztergom","8":"category-hirek","9":"tag-esztergom","10":"tag-turizmus"},"yoast_head":"<!-- This site is optimized with the Yoast SEO plugin v27.5 - https:\/\/yoast.com\/product\/yoast-seo-wordpress\/ -->\n<title>A legfenntarthat\u00f3bb haza \u00fatic\u00e9lok k\u00f6z\u00f6tt Esztergom!<\/title>\n<meta name=\"robots\" content=\"index, follow, max-snippet:-1, max-image-preview:large, max-video-preview:-1\" \/>\n<link rel=\"canonical\" href=\"https:\/\/dorogimedence.hu\/index.php\/2023\/10\/02\/a-legfenntarthatobb-haza-uticelok-kozott-esztergom\/\" class=\"yoast-seo-meta-tag\" \/>\n<meta property=\"og:locale\" content=\"hu_HU\" class=\"yoast-seo-meta-tag\" \/>\n<meta property=\"og:type\" content=\"article\" class=\"yoast-seo-meta-tag\" \/>\n<meta property=\"og:title\" content=\"A legfenntarthat\u00f3bb haza \u00fatic\u00e9lok k\u00f6z\u00f6tt Esztergom!\" class=\"yoast-seo-meta-tag\" \/>\n<meta property=\"og:description\" content=\"Tokaj-Hegyalja lett a legfenntarthat\u00f3bb hazai \u00fatic\u00e9l egy kutat\u00e1s szerint; az Innotime Hungary online felm\u00e9r\u00e9s\u00e9ben a m\u00e1sodik helyen H\u00e9v\u00edz, a harmadikon Esztergom \u00e9s a Dunakanyar, a negyediken Balaton v\u00e9gzett, az \u00f6t\u00f6dik pedig Eger lett. A turisztikai \u00e9s gazdas\u00e1gfejleszt\u00e9si strat\u00e9gi\u00e1k k\u00e9sz\u00edt\u00e9s\u00e9vel, piackutat\u00e1ssal is foglalkoz\u00f3 c\u00e9g elemz\u00e9se szerint az 1007 f\u0151s primer felm\u00e9r\u00e9s az egy\u00e9ni \u00e9s k\u00f6z\u00f6ss\u00e9gi felel\u0151ss\u00e9g\" class=\"yoast-seo-meta-tag\" \/>\n<meta property=\"og:url\" content=\"https:\/\/dorogimedence.hu\/index.php\/2023\/10\/02\/a-legfenntarthatobb-haza-uticelok-kozott-esztergom\/\" class=\"yoast-seo-meta-tag\" \/>\n<meta property=\"og:site_name\" content=\"Dorogi-medence Region\u00e1lis H\u00edrport\u00e1l\" class=\"yoast-seo-meta-tag\" \/>\n<meta property=\"article:publisher\" content=\"https:\/\/www.facebook.com\/dorogimedence\/\" class=\"yoast-seo-meta-tag\" \/>\n<meta property=\"article:published_time\" content=\"2023-10-02T08:17:38+00:00\" class=\"yoast-seo-meta-tag\" \/>\n<meta property=\"og:image\" content=\"https:\/\/dorogimedence.hu\/wp-content\/uploads\/2023\/10\/esztergom-1054543_1920.jpg\" class=\"yoast-seo-meta-tag\" \/>\n\t<meta property=\"og:image:width\" content=\"1920\" class=\"yoast-seo-meta-tag\" \/>\n\t<meta property=\"og:image:height\" content=\"1280\" class=\"yoast-seo-meta-tag\" \/>\n\t<meta property=\"og:image:type\" content=\"image\/jpeg\" class=\"yoast-seo-meta-tag\" \/>\n<meta name=\"author\" content=\"dorogimedence.hu\" class=\"yoast-seo-meta-tag\" \/>\n<meta name=\"twitter:card\" content=\"summary_large_image\" class=\"yoast-seo-meta-tag\" \/>\n<meta name=\"twitter:label1\" content=\"Szerz\u0151:\" class=\"yoast-seo-meta-tag\" \/>\n\t<meta name=\"twitter:data1\" content=\"dorogimedence.hu\" class=\"yoast-seo-meta-tag\" \/>\n\t<meta name=\"twitter:label2\" content=\"Becs\u00fclt olvas\u00e1si id\u0151\" class=\"yoast-seo-meta-tag\" \/>\n\t<meta name=\"twitter:data2\" content=\"2 perc\" class=\"yoast-seo-meta-tag\" \/>\n<script type=\"application\/ld+json\" class=\"yoast-schema-graph\">{\"@context\":\"https:\\\/\\\/schema.org\",\"@graph\":[{\"@type\":\"Article\",\"@id\":\"https:\\\/\\\/dorogimedence.hu\\\/index.php\\\/2023\\\/10\\\/02\\\/a-legfenntarthatobb-haza-uticelok-kozott-esztergom\\\/#article\",\"isPartOf\":{\"@id\":\"https:\\\/\\\/dorogimedence.hu\\\/index.php\\\/2023\\\/10\\\/02\\\/a-legfenntarthatobb-haza-uticelok-kozott-esztergom\\\/\"},\"author\":{\"name\":\"dorogimedence.hu\",\"@id\":\"https:\\\/\\\/dorogimedence.hu\\\/#\\\/schema\\\/person\\\/ce6091eeb7e95ecdc87890d6aa8e0fd4\"},\"headline\":\"A legfenntarthat\u00f3bb haza \u00fatic\u00e9lok k\u00f6z\u00f6tt Esztergom!\",\"datePublished\":\"2023-10-02T08:17:38+00:00\",\"mainEntityOfPage\":{\"@id\":\"https:\\\/\\\/dorogimedence.hu\\\/index.php\\\/2023\\\/10\\\/02\\\/a-legfenntarthatobb-haza-uticelok-kozott-esztergom\\\/\"},\"wordCount\":456,\"publisher\":{\"@id\":\"https:\\\/\\\/dorogimedence.hu\\\/#organization\"},\"image\":{\"@id\":\"https:\\\/\\\/dorogimedence.hu\\\/index.php\\\/2023\\\/10\\\/02\\\/a-legfenntarthatobb-haza-uticelok-kozott-esztergom\\\/#primaryimage\"},\"thumbnailUrl\":\"https:\\\/\\\/dorogimedence.hu\\\/wp-content\\\/uploads\\\/2023\\\/10\\\/esztergom-1054543_1920.jpg\",\"keywords\":[\"esztergom\",\"turizmus\"],\"articleSection\":[\"Esztergom\",\"H\u00edrek\"],\"inLanguage\":\"hu\"},{\"@type\":\"WebPage\",\"@id\":\"https:\\\/\\\/dorogimedence.hu\\\/index.php\\\/2023\\\/10\\\/02\\\/a-legfenntarthatobb-haza-uticelok-kozott-esztergom\\\/\",\"url\":\"https:\\\/\\\/dorogimedence.hu\\\/index.php\\\/2023\\\/10\\\/02\\\/a-legfenntarthatobb-haza-uticelok-kozott-esztergom\\\/\",\"name\":\"A legfenntarthat\u00f3bb haza \u00fatic\u00e9lok k\u00f6z\u00f6tt Esztergom!\",\"isPartOf\":{\"@id\":\"https:\\\/\\\/dorogimedence.hu\\\/#website\"},\"primaryImageOfPage\":{\"@id\":\"https:\\\/\\\/dorogimedence.hu\\\/index.php\\\/2023\\\/10\\\/02\\\/a-legfenntarthatobb-haza-uticelok-kozott-esztergom\\\/#primaryimage\"},\"image\":{\"@id\":\"https:\\\/\\\/dorogimedence.hu\\\/index.php\\\/2023\\\/10\\\/02\\\/a-legfenntarthatobb-haza-uticelok-kozott-esztergom\\\/#primaryimage\"},\"thumbnailUrl\":\"https:\\\/\\\/dorogimedence.hu\\\/wp-content\\\/uploads\\\/2023\\\/10\\\/esztergom-1054543_1920.jpg\",\"datePublished\":\"2023-10-02T08:17:38+00:00\",\"breadcrumb\":{\"@id\":\"https:\\\/\\\/dorogimedence.hu\\\/index.php\\\/2023\\\/10\\\/02\\\/a-legfenntarthatobb-haza-uticelok-kozott-esztergom\\\/#breadcrumb\"},\"inLanguage\":\"hu\",\"potentialAction\":[{\"@type\":\"ReadAction\",\"target\":[\"https:\\\/\\\/dorogimedence.hu\\\/index.php\\\/2023\\\/10\\\/02\\\/a-legfenntarthatobb-haza-uticelok-kozott-esztergom\\\/\"]}]},{\"@type\":\"ImageObject\",\"inLanguage\":\"hu\",\"@id\":\"https:\\\/\\\/dorogimedence.hu\\\/index.php\\\/2023\\\/10\\\/02\\\/a-legfenntarthatobb-haza-uticelok-kozott-esztergom\\\/#primaryimage\",\"url\":\"https:\\\/\\\/dorogimedence.hu\\\/wp-content\\\/uploads\\\/2023\\\/10\\\/esztergom-1054543_1920.jpg\",\"contentUrl\":\"https:\\\/\\\/dorogimedence.hu\\\/wp-content\\\/uploads\\\/2023\\\/10\\\/esztergom-1054543_1920.jpg\",\"width\":1920,\"height\":1280},{\"@type\":\"BreadcrumbList\",\"@id\":\"https:\\\/\\\/dorogimedence.hu\\\/index.php\\\/2023\\\/10\\\/02\\\/a-legfenntarthatobb-haza-uticelok-kozott-esztergom\\\/#breadcrumb\",\"itemListElement\":[{\"@type\":\"ListItem\",\"position\":1,\"name\":\"Kezd\u0151lap\",\"item\":\"https:\\\/\\\/dorogimedence.hu\\\/\"},{\"@type\":\"ListItem\",\"position\":2,\"name\":\"A legfenntarthat\u00f3bb haza \u00fatic\u00e9lok k\u00f6z\u00f6tt Esztergom!\"}]},{\"@type\":\"WebSite\",\"@id\":\"https:\\\/\\\/dorogimedence.hu\\\/#website\",\"url\":\"https:\\\/\\\/dorogimedence.hu\\\/\",\"name\":\"Dorogi-medence Region\u00e1lis H\u00edrport\u00e1l\",\"description\":\"Dorog, Keszt\u00f6lc, Le\u00e1nyv\u00e1r, Piliscs\u00e9v, Tokod, Tokodalt\u00e1r\u00f3, Csolnok, Esztergom-kertv\u00e1ros: h\u00edrek, programok\",\"publisher\":{\"@id\":\"https:\\\/\\\/dorogimedence.hu\\\/#organization\"},\"potentialAction\":[{\"@type\":\"SearchAction\",\"target\":{\"@type\":\"EntryPoint\",\"urlTemplate\":\"https:\\\/\\\/dorogimedence.hu\\\/?s={search_term_string}\"},\"query-input\":{\"@type\":\"PropertyValueSpecification\",\"valueRequired\":true,\"valueName\":\"search_term_string\"}}],\"inLanguage\":\"hu\"},{\"@type\":\"Organization\",\"@id\":\"https:\\\/\\\/dorogimedence.hu\\\/#organization\",\"name\":\"Dorogi-medence Region\u00e1lis H\u00edrport\u00e1l\",\"url\":\"https:\\\/\\\/dorogimedence.hu\\\/\",\"logo\":{\"@type\":\"ImageObject\",\"inLanguage\":\"hu\",\"@id\":\"https:\\\/\\\/dorogimedence.hu\\\/#\\\/schema\\\/logo\\\/image\\\/\",\"url\":\"https:\\\/\\\/dorogimedence.hu\\\/wp-content\\\/uploads\\\/2021\\\/04\\\/logo-feher-600.png\",\"contentUrl\":\"https:\\\/\\\/dorogimedence.hu\\\/wp-content\\\/uploads\\\/2021\\\/04\\\/logo-feher-600.png\",\"width\":600,\"height\":100,\"caption\":\"Dorogi-medence Region\u00e1lis H\u00edrport\u00e1l\"},\"image\":{\"@id\":\"https:\\\/\\\/dorogimedence.hu\\\/#\\\/schema\\\/logo\\\/image\\\/\"},\"sameAs\":[\"https:\\\/\\\/www.facebook.com\\\/dorogimedence\\\/\"]},{\"@type\":\"Person\",\"@id\":\"https:\\\/\\\/dorogimedence.hu\\\/#\\\/schema\\\/person\\\/ce6091eeb7e95ecdc87890d6aa8e0fd4\",\"name\":\"dorogimedence.hu\",\"image\":{\"@type\":\"ImageObject\",\"inLanguage\":\"hu\",\"@id\":\"\\\/\\\/www.gravatar.com\\\/avatar\\\/d8d45f8901aadff40a4af72c0b826f1d?s=96&#038;r=g&#038;d=mm\",\"url\":\"\\\/\\\/www.gravatar.com\\\/avatar\\\/d8d45f8901aadff40a4af72c0b826f1d?s=96&#038;r=g&#038;d=mm\",\"contentUrl\":\"\\\/\\\/www.gravatar.com\\\/avatar\\\/d8d45f8901aadff40a4af72c0b826f1d?s=96&#038;r=g&#038;d=mm\",\"caption\":\"dorogimedence.hu\"}}]}<\/script>\n<!-- \/ Yoast SEO plugin. -->","yoast_head_json":{"title":"A legfenntarthat\u00f3bb haza \u00fatic\u00e9lok k\u00f6z\u00f6tt Esztergom!","robots":{"index":"index","follow":"follow","max-snippet":"max-snippet:-1","max-image-preview":"max-image-preview:large","max-video-preview":"max-video-preview:-1"},"canonical":"https:\/\/dorogimedence.hu\/index.php\/2023\/10\/02\/a-legfenntarthatobb-haza-uticelok-kozott-esztergom\/","og_locale":"hu_HU","og_type":"article","og_title":"A legfenntarthat\u00f3bb haza \u00fatic\u00e9lok k\u00f6z\u00f6tt Esztergom!","og_description":"Tokaj-Hegyalja lett a legfenntarthat\u00f3bb hazai \u00fatic\u00e9l egy kutat\u00e1s szerint; az Innotime Hungary online felm\u00e9r\u00e9s\u00e9ben a m\u00e1sodik helyen H\u00e9v\u00edz, a harmadikon Esztergom \u00e9s a Dunakanyar, a negyediken Balaton v\u00e9gzett, az \u00f6t\u00f6dik pedig Eger lett. A turisztikai \u00e9s gazdas\u00e1gfejleszt\u00e9si strat\u00e9gi\u00e1k k\u00e9sz\u00edt\u00e9s\u00e9vel, piackutat\u00e1ssal is foglalkoz\u00f3 c\u00e9g elemz\u00e9se szerint az 1007 f\u0151s primer felm\u00e9r\u00e9s az egy\u00e9ni \u00e9s k\u00f6z\u00f6ss\u00e9gi felel\u0151ss\u00e9g","og_url":"https:\/\/dorogimedence.hu\/index.php\/2023\/10\/02\/a-legfenntarthatobb-haza-uticelok-kozott-esztergom\/","og_site_name":"Dorogi-medence Region\u00e1lis H\u00edrport\u00e1l","article_publisher":"https:\/\/www.facebook.com\/dorogimedence\/","article_published_time":"2023-10-02T08:17:38+00:00","og_image":[{"width":1920,"height":1280,"url":"https:\/\/dorogimedence.hu\/wp-content\/uploads\/2023\/10\/esztergom-1054543_1920.jpg","type":"image\/jpeg"}],"author":"dorogimedence.hu","twitter_card":"summary_large_image","twitter_misc":{"Szerz\u0151:":"dorogimedence.hu","Becs\u00fclt olvas\u00e1si id\u0151":"2 perc"},"schema":{"@context":"https:\/\/schema.org","@graph":[{"@type":"Article","@id":"https:\/\/dorogimedence.hu\/index.php\/2023\/10\/02\/a-legfenntarthatobb-haza-uticelok-kozott-esztergom\/#article","isPartOf":{"@id":"https:\/\/dorogimedence.hu\/index.php\/2023\/10\/02\/a-legfenntarthatobb-haza-uticelok-kozott-esztergom\/"},"author":{"name":"dorogimedence.hu","@id":"https:\/\/dorogimedence.hu\/#\/schema\/person\/ce6091eeb7e95ecdc87890d6aa8e0fd4"},"headline":"A legfenntarthat\u00f3bb haza \u00fatic\u00e9lok k\u00f6z\u00f6tt Esztergom!","datePublished":"2023-10-02T08:17:38+00:00","mainEntityOfPage":{"@id":"https:\/\/dorogimedence.hu\/index.php\/2023\/10\/02\/a-legfenntarthatobb-haza-uticelok-kozott-esztergom\/"},"wordCount":456,"publisher":{"@id":"https:\/\/dorogimedence.hu\/#organization"},"image":{"@id":"https:\/\/dorogimedence.hu\/index.php\/2023\/10\/02\/a-legfenntarthatobb-haza-uticelok-kozott-esztergom\/#primaryimage"},"thumbnailUrl":"https:\/\/dorogimedence.hu\/wp-content\/uploads\/2023\/10\/esztergom-1054543_1920.jpg","keywords":["esztergom","turizmus"],"articleSection":["Esztergom","H\u00edrek"],"inLanguage":"hu"},{"@type":"WebPage","@id":"https:\/\/dorogimedence.hu\/index.php\/2023\/10\/02\/a-legfenntarthatobb-haza-uticelok-kozott-esztergom\/","url":"https:\/\/dorogimedence.hu\/index.php\/2023\/10\/02\/a-legfenntarthatobb-haza-uticelok-kozott-esztergom\/","name":"A legfenntarthat\u00f3bb haza \u00fatic\u00e9lok k\u00f6z\u00f6tt Esztergom!","isPartOf":{"@id":"https:\/\/dorogimedence.hu\/#website"},"primaryImageOfPage":{"@id":"https:\/\/dorogimedence.hu\/index.php\/2023\/10\/02\/a-legfenntarthatobb-haza-uticelok-kozott-esztergom\/#primaryimage"},"image":{"@id":"https:\/\/dorogimedence.hu\/index.php\/2023\/10\/02\/a-legfenntarthatobb-haza-uticelok-kozott-esztergom\/#primaryimage"},"thumbnailUrl":"https:\/\/dorogimedence.hu\/wp-content\/uploads\/2023\/10\/esztergom-1054543_1920.jpg","datePublished":"2023-10-02T08:17:38+00:00","breadcrumb":{"@id":"https:\/\/dorogimedence.hu\/index.php\/2023\/10\/02\/a-legfenntarthatobb-haza-uticelok-kozott-esztergom\/#breadcrumb"},"inLanguage":"hu","potentialAction":[{"@type":"ReadAction","target":["https:\/\/dorogimedence.hu\/index.php\/2023\/10\/02\/a-legfenntarthatobb-haza-uticelok-kozott-esztergom\/"]}]},{"@type":"ImageObject","inLanguage":"hu","@id":"https:\/\/dorogimedence.hu\/index.php\/2023\/10\/02\/a-legfenntarthatobb-haza-uticelok-kozott-esztergom\/#primaryimage","url":"https:\/\/dorogimedence.hu\/wp-content\/uploads\/2023\/10\/esztergom-1054543_1920.jpg","contentUrl":"https:\/\/dorogimedence.hu\/wp-content\/uploads\/2023\/10\/esztergom-1054543_1920.jpg","width":1920,"height":1280},{"@type":"BreadcrumbList","@id":"https:\/\/dorogimedence.hu\/index.php\/2023\/10\/02\/a-legfenntarthatobb-haza-uticelok-kozott-esztergom\/#breadcrumb","itemListElement":[{"@type":"ListItem","position":1,"name":"Kezd\u0151lap","item":"https:\/\/dorogimedence.hu\/"},{"@type":"ListItem","position":2,"name":"A legfenntarthat\u00f3bb haza \u00fatic\u00e9lok k\u00f6z\u00f6tt Esztergom!"}]},{"@type":"WebSite","@id":"https:\/\/dorogimedence.hu\/#website","url":"https:\/\/dorogimedence.hu\/","name":"Dorogi-medence Region\u00e1lis H\u00edrport\u00e1l","description":"Dorog, Keszt\u00f6lc, Le\u00e1nyv\u00e1r, Piliscs\u00e9v, Tokod, Tokodalt\u00e1r\u00f3, Csolnok, Esztergom-kertv\u00e1ros: h\u00edrek, programok","publisher":{"@id":"https:\/\/dorogimedence.hu\/#organization"},"potentialAction":[{"@type":"SearchAction","target":{"@type":"EntryPoint","urlTemplate":"https:\/\/dorogimedence.hu\/?s={search_term_string}"},"query-input":{"@type":"PropertyValueSpecification","valueRequired":true,"valueName":"search_term_string"}}],"inLanguage":"hu"},{"@type":"Organization","@id":"https:\/\/dorogimedence.hu\/#organization","name":"Dorogi-medence Region\u00e1lis H\u00edrport\u00e1l","url":"https:\/\/dorogimedence.hu\/","logo":{"@type":"ImageObject","inLanguage":"hu","@id":"https:\/\/dorogimedence.hu\/#\/schema\/logo\/image\/","url":"https:\/\/dorogimedence.hu\/wp-content\/uploads\/2021\/04\/logo-feher-600.png","contentUrl":"https:\/\/dorogimedence.hu\/wp-content\/uploads\/2021\/04\/logo-feher-600.png","width":600,"height":100,"caption":"Dorogi-medence Region\u00e1lis H\u00edrport\u00e1l"},"image":{"@id":"https:\/\/dorogimedence.hu\/#\/schema\/logo\/image\/"},"sameAs":["https:\/\/www.facebook.com\/dorogimedence\/"]},{"@type":"Person","@id":"https:\/\/dorogimedence.hu\/#\/schema\/person\/ce6091eeb7e95ecdc87890d6aa8e0fd4","name":"dorogimedence.hu","image":{"@type":"ImageObject","inLanguage":"hu","@id":"\/\/www.gravatar.com\/avatar\/d8d45f8901aadff40a4af72c0b826f1d?s=96&#038;r=g&#038;d=mm","url":"\/\/www.gravatar.com\/avatar\/d8d45f8901aadff40a4af72c0b826f1d?s=96&#038;r=g&#038;d=mm","contentUrl":"\/\/www.gravatar.com\/avatar\/d8d45f8901aadff40a4af72c0b826f1d?s=96&#038;r=g&#038;d=mm","caption":"dorogimedence.hu"}}]}},"_links":{"self":[{"href":"https:\/\/dorogimedence.hu\/index.php\/wp-json\/wp\/v2\/posts\/56768","targetHints":{"allow":["GET"]}}],"collection":[{"href":"https:\/\/dorogimedence.hu\/index.php\/wp-json\/wp\/v2\/posts"}],"about":[{"href":"https:\/\/dorogimedence.hu\/index.php\/wp-json\/wp\/v2\/types\/post"}],"author":[{"embeddable":true,"href":"https:\/\/dorogimedence.hu\/index.php\/wp-json\/wp\/v2\/users\/1"}],"replies":[{"embeddable":true,"href":"https:\/\/dorogimedence.hu\/index.php\/wp-json\/wp\/v2\/comments?post=56768"}],"version-history":[{"count":0,"href":"https:\/\/dorogimedence.hu\/index.php\/wp-json\/wp\/v2\/posts\/56768\/revisions"}],"wp:featuredmedia":[{"embeddable":true,"href":"https:\/\/dorogimedence.hu\/index.php\/wp-json\/wp\/v2\/media\/56769"}],"wp:attachment":[{"href":"https:\/\/dorogimedence.hu\/index.php\/wp-json\/wp\/v2\/media?parent=56768"}],"wp:term":[{"taxonomy":"category","embeddable":true,"href":"https:\/\/dorogimedence.hu\/index.php\/wp-json\/wp\/v2\/categories?post=56768"},{"taxonomy":"post_tag","embeddable":true,"href":"https:\/\/dorogimedence.hu\/index.php\/wp-json\/wp\/v2\/tags?post=56768"}],"curies":[{"name":"wp","href":"https:\/\/api.w.org\/{rel}","templated":true}]}}